{"id":121379,"date":"2019-04-24T18:12:01","date_gmt":"2019-04-24T18:12:01","guid":{"rendered":"http:\/\/candas365.es\/noticias\/?p=121379"},"modified":"2019-04-24T18:12:01","modified_gmt":"2019-04-24T18:12:01","slug":"inscripcion-para-el-xiv-encuentro-de-encajeras-villa-de-candas","status":"publish","type":"post","link":"https:\/\/candas365.es\/noticias\/inscripcion-para-el-xiv-encuentro-de-encajeras-villa-de-candas\/","title":{"rendered":"Inscripci\u00f3n para el XIV Encuentro de Encajeras \u201cVilla de Cand\u00e1s\u201d"},"content":{"rendered":"<p><img fetchpriority=\"high\" decoding=\"async\" class=\"alignleft size-medium wp-image-6453\" src=\"https:\/\/candas365.es\/noticias\/wp-content\/uploads\/2015\/01\/ayuntamiento-360x270.jpg\" alt=\"\" width=\"360\" height=\"270\" srcset=\"https:\/\/candas365.es\/noticias\/wp-content\/uploads\/2015\/01\/ayuntamiento-360x270.jpg 360w, https:\/\/candas365.es\/noticias\/wp-content\/uploads\/2015\/01\/ayuntamiento-640x480.jpg 640w, https:\/\/candas365.es\/noticias\/wp-content\/uploads\/2015\/01\/ayuntamiento-768x576.jpg 768w, https:\/\/candas365.es\/noticias\/wp-content\/uploads\/2015\/01\/ayuntamiento-150x113.jpg 150w, https:\/\/candas365.es\/noticias\/wp-content\/uploads\/2015\/01\/ayuntamiento-450x338.jpg 450w, https:\/\/candas365.es\/noticias\/wp-content\/uploads\/2015\/01\/ayuntamiento-80x60.jpg 80w, https:\/\/candas365.es\/noticias\/wp-content\/uploads\/2015\/01\/ayuntamiento-265x198.jpg 265w, https:\/\/candas365.es\/noticias\/wp-content\/uploads\/2015\/01\/ayuntamiento-696x522.jpg 696w, https:\/\/candas365.es\/noticias\/wp-content\/uploads\/2015\/01\/ayuntamiento-560x420.jpg 560w, https:\/\/candas365.es\/noticias\/wp-content\/uploads\/2015\/01\/ayuntamiento-90x67.jpg 90w, https:\/\/candas365.es\/noticias\/wp-content\/uploads\/2015\/01\/ayuntamiento.jpg 800w\" sizes=\"(max-width: 360px) 100vw, 360px\" \/>El Ayuntamiento de Carre\u00f1o organiza. junto a la Asociaci\u00f3n Aula de Personas Adultas de Cand\u00e1s \u2013 Encaje de Bolillos, la <strong>catorceava edici\u00f3n de los Encuentros de Encajeras de Bolillos \u201cVilla de Cand\u00e1s\u201d<\/strong>.<\/p>\n<p>Esta nueva edici\u00f3n del encuentro se desarrollar\u00e1 en la antigua F\u00e1brica de Ortiz el s\u00e1bado 15 de junio y podr\u00e1n participar un total de 250 encajeras.<\/p>\n<p>Adem\u00e1s como en a\u00f1os anteriores se reservar\u00e1 en el recinto un espacio destinado a tiendas con productos especiales de la labor del encaje de bolillo.<\/p>\n<p>Se trata de un encuentro en la villa marinera de Cand\u00e1s, en el que compartir experiencias y t\u00e9cnicas sobre este ancestral oficio.<\/p>\n<p>&#8211; Las asociaciones o grupos de personas que est\u00e9n interesados en participar en el encuentro deber\u00e1n formalizar la inscripci\u00f3n en la Oficina de Turismo de Carre\u00f1o en horario de lunes a domingo de 10 a 14 horas y de 17 a 20 horas, a trav\u00e9s de correo electr\u00f3nico (turismo@ayto-carreno.es) o a trav\u00e9s de correo postal Ayuntamiento de Carre\u00f1o (Ref. Encuentro de Encajeras)Oficina Turismo Carre\u00f1o Telf.985884888 C\/ Santolaya, 1 y 3 \u2013 Cand\u00e1s \u2013 33430 \u2013 CARRE\u00d1O (ASTURIAS). El plazo de inscripci\u00f3n finaliza el 23 de Mayo.<\/p>\n<p>&#8211; Las personas interesadas en vender sus productos artesanales, con motivo de la celebraci\u00f3n de este encuentro, tendr\u00e1n a su disposici\u00f3n sitio para la colocaci\u00f3n del puesto, previa solicitud del mismo. El precio para la colocaci\u00f3n del puesto ser\u00e1 de 10 \u20ac metro. El plazo de inscripci\u00f3n finaliza el 23 de Mayo.<\/p>\n","protected":false},"excerpt":{"rendered":"<p>El Ayuntamiento de Carre\u00f1o organiza. junto a la Asociaci\u00f3n Aula de Personas Adultas de Cand\u00e1s \u2013 Encaje de Bolillos, la catorceava edici\u00f3n de los Encuentros de Encajeras de Bolillos \u201cVilla de Cand\u00e1s\u201d. Esta nueva edici\u00f3n del encuentro se desarrollar\u00e1 en la antigua F\u00e1brica de Ortiz el s\u00e1bado 15 de junio y podr\u00e1n participar un total<\/p>\n","protected":false},"author":1,"featured_media":30104,"comment_status":"closed","ping_status":"closed","sticky":false,"template":"","format":"standard","meta":{"footnotes":""},"categories":[2],"tags":[],"class_list":{"0":"post-121379","1":"post","2":"type-post","3":"status-publish","4":"format-standard","5":"has-post-thumbnail","7":"category-noticias-carreno"},"aioseo_notices":[],"aioseo_head":"\n\t\t<!-- All in One SEO Pro 4.9.6.2 - aioseo.com -->\n\t<meta name=\"description\" content=\"El Ayuntamiento de Carre\u00f1o organiza. junto a la Asociaci\u00f3n Aula de Personas Adultas de Cand\u00e1s \u2013 Encaje de Bolillos, la catorceava edici\u00f3n de los Encuentros de Encajeras de Bolillos \u201cVilla de Cand\u00e1s\u201d. Esta nueva edici\u00f3n del encuentro se desarrollar\u00e1 en la antigua F\u00e1brica de Ortiz el s\u00e1bado 15 de junio y podr\u00e1n participar un total\" \/>\n\t<meta name=\"robots\" content=\"max-image-preview:large\" \/>\n\t<meta name=\"author\" content=\"Cand\u00e1s 365\"\/>\n\t<meta name=\"google-site-verification\" content=\"UA-32230408-1\" \/>\n\t<meta name=\"msvalidate.01\" content=\"354F3CDFB2DA171B47FBE9ABF1F88D5\" \/>\n\t<meta name=\"keywords\" content=\"noticias carre\u00f1o\" \/>\n\t<link rel=\"canonical\" href=\"https:\/\/candas365.es\/noticias\/inscripcion-para-el-xiv-encuentro-de-encajeras-villa-de-candas\/\" \/>\n\t<meta name=\"generator\" content=\"All in One SEO Pro (AIOSEO) 4.9.6.2\" \/>\n\t\t<meta property=\"og:locale\" content=\"es_ES\" \/>\n\t\t<meta property=\"og:site_name\" content=\"Cand\u00e1s 365\" \/>\n\t\t<meta property=\"og:type\" content=\"article\" \/>\n\t\t<meta property=\"og:title\" content=\"Inscripci\u00f3n para el XIV Encuentro de Encajeras \u201cVilla de Cand\u00e1s\u201d | Cand\u00e1s 365\" \/>\n\t\t<meta property=\"og:description\" content=\"El Ayuntamiento de Carre\u00f1o organiza. junto a la Asociaci\u00f3n Aula de Personas Adultas de Cand\u00e1s \u2013 Encaje de Bolillos, la catorceava edici\u00f3n de los Encuentros de Encajeras de Bolillos \u201cVilla de Cand\u00e1s\u201d. Esta nueva edici\u00f3n del encuentro se desarrollar\u00e1 en la antigua F\u00e1brica de Ortiz el s\u00e1bado 15 de junio y podr\u00e1n participar un total\" \/>\n\t\t<meta property=\"og:url\" content=\"https:\/\/candas365.es\/noticias\/inscripcion-para-el-xiv-encuentro-de-encajeras-villa-de-candas\/\" \/>\n\t\t<meta property=\"og:image\" content=\"https:\/\/candas365.es\/noticias\/wp-content\/uploads\/2016\/06\/puerto-de-cand\u00e1s.jpg\" \/>\n\t\t<meta property=\"og:image:secure_url\" content=\"https:\/\/candas365.es\/noticias\/wp-content\/uploads\/2016\/06\/puerto-de-cand\u00e1s.jpg\" \/>\n\t\t<meta property=\"og:image:width\" content=\"911\" \/>\n\t\t<meta property=\"og:image:height\" content=\"479\" \/>\n\t\t<meta property=\"article:published_time\" content=\"2019-04-24T18:12:01+00:00\" \/>\n\t\t<meta property=\"article:modified_time\" content=\"2019-04-24T18:12:01+00:00\" \/>\n\t\t<meta property=\"article:publisher\" content=\"https:\/\/www.facebook.com\/Nachofdezber\" \/>\n\t\t<meta property=\"article:author\" content=\"https:\/\/www.facebook.com\/carrenoactualidad\" \/>\n\t\t<meta name=\"twitter:card\" content=\"summary_large_image\" \/>\n\t\t<meta name=\"twitter:site\" content=\"@NabercoDigital\" \/>\n\t\t<meta name=\"twitter:title\" content=\"Inscripci\u00f3n para el XIV Encuentro de Encajeras \u201cVilla de Cand\u00e1s\u201d | Cand\u00e1s 365\" \/>\n\t\t<meta name=\"twitter:description\" content=\"El Ayuntamiento de Carre\u00f1o organiza. junto a la Asociaci\u00f3n Aula de Personas Adultas de Cand\u00e1s \u2013 Encaje de Bolillos, la catorceava edici\u00f3n de los Encuentros de Encajeras de Bolillos \u201cVilla de Cand\u00e1s\u201d. Esta nueva edici\u00f3n del encuentro se desarrollar\u00e1 en la antigua F\u00e1brica de Ortiz el s\u00e1bado 15 de junio y podr\u00e1n participar un total\" \/>\n\t\t<meta name=\"twitter:creator\" content=\"@nbasturias\" \/>\n\t\t<meta name=\"twitter:image\" content=\"https:\/\/candas365.es\/noticias\/wp-content\/uploads\/2016\/06\/puerto-de-cand\u00e1s.jpg\" \/>\n\t\t<meta name=\"twitter:label1\" content=\"Escrito por\" \/>\n\t\t<meta name=\"twitter:data1\" content=\"Cand\u00e1s 365\" \/>\n\t\t<meta name=\"twitter:label2\" content=\"Tiempo de lectura estimado\" \/>\n\t\t<meta name=\"twitter:data2\" content=\"1 minuto\" \/>\n\t\t<script type=\"application\/ld+json\" class=\"aioseo-schema\">\n\t\t\t{\"@context\":\"https:\\\/\\\/schema.org\",\"@graph\":[{\"@type\":\"BreadcrumbList\",\"@id\":\"https:\\\/\\\/candas365.es\\\/noticias\\\/inscripcion-para-el-xiv-encuentro-de-encajeras-villa-de-candas\\\/#breadcrumblist\",\"itemListElement\":[{\"@type\":\"ListItem\",\"@id\":\"https:\\\/\\\/candas365.es\\\/noticias#listItem\",\"position\":1,\"name\":\"Home\",\"item\":\"https:\\\/\\\/candas365.es\\\/noticias\",\"nextItem\":{\"@type\":\"ListItem\",\"@id\":\"https:\\\/\\\/candas365.es\\\/noticias\\\/category\\\/noticias-carreno\\\/#listItem\",\"name\":\"Noticias Carre\\u00f1o\"}},{\"@type\":\"ListItem\",\"@id\":\"https:\\\/\\\/candas365.es\\\/noticias\\\/category\\\/noticias-carreno\\\/#listItem\",\"position\":2,\"name\":\"Noticias Carre\\u00f1o\",\"item\":\"https:\\\/\\\/candas365.es\\\/noticias\\\/category\\\/noticias-carreno\\\/\",\"nextItem\":{\"@type\":\"ListItem\",\"@id\":\"https:\\\/\\\/candas365.es\\\/noticias\\\/inscripcion-para-el-xiv-encuentro-de-encajeras-villa-de-candas\\\/#listItem\",\"name\":\"Inscripci\\u00f3n para el XIV Encuentro de Encajeras \\u201cVilla de Cand\\u00e1s\\u201d\"},\"previousItem\":{\"@type\":\"ListItem\",\"@id\":\"https:\\\/\\\/candas365.es\\\/noticias#listItem\",\"name\":\"Home\"}},{\"@type\":\"ListItem\",\"@id\":\"https:\\\/\\\/candas365.es\\\/noticias\\\/inscripcion-para-el-xiv-encuentro-de-encajeras-villa-de-candas\\\/#listItem\",\"position\":3,\"name\":\"Inscripci\\u00f3n para el XIV Encuentro de Encajeras \\u201cVilla de Cand\\u00e1s\\u201d\",\"previousItem\":{\"@type\":\"ListItem\",\"@id\":\"https:\\\/\\\/candas365.es\\\/noticias\\\/category\\\/noticias-carreno\\\/#listItem\",\"name\":\"Noticias Carre\\u00f1o\"}}]},{\"@type\":\"NewsArticle\",\"@id\":\"https:\\\/\\\/candas365.es\\\/noticias\\\/inscripcion-para-el-xiv-encuentro-de-encajeras-villa-de-candas\\\/#newsarticle\",\"name\":\"Inscripci\\u00f3n para el XIV Encuentro de Encajeras \\u201cVilla de Cand\\u00e1s\\u201d | Cand\\u00e1s 365\",\"headline\":\"Inscripci\\u00f3n para el XIV Encuentro de Encajeras \\u201cVilla de Cand\\u00e1s\\u201d\",\"author\":{\"@id\":\"https:\\\/\\\/candas365.es\\\/noticias\\\/author\\\/admin\\\/#author\"},\"publisher\":{\"@id\":\"https:\\\/\\\/candas365.es\\\/noticias\\\/#organization\"},\"image\":{\"@type\":\"ImageObject\",\"url\":\"https:\\\/\\\/candas365.es\\\/noticias\\\/wp-content\\\/uploads\\\/2016\\\/06\\\/puerto-de-cand\\u00e1s.jpg\",\"width\":911,\"height\":479},\"datePublished\":\"2019-04-24T18:12:01+02:00\",\"dateModified\":\"2019-04-24T18:12:01+02:00\",\"inLanguage\":\"es-ES\",\"mainEntityOfPage\":{\"@id\":\"https:\\\/\\\/candas365.es\\\/noticias\\\/inscripcion-para-el-xiv-encuentro-de-encajeras-villa-de-candas\\\/#webpage\"},\"isPartOf\":{\"@id\":\"https:\\\/\\\/candas365.es\\\/noticias\\\/inscripcion-para-el-xiv-encuentro-de-encajeras-villa-de-candas\\\/#webpage\"},\"articleSection\":\"Noticias Carre\\u00f1o\",\"dateline\":\"Publicado el abril 24, 2019.\"},{\"@type\":\"Organization\",\"@id\":\"https:\\\/\\\/candas365.es\\\/noticias\\\/#organization\",\"name\":\"Cand\\u00e1s 365\",\"description\":\"Cand\\u00e1s 365 es un diario digital independiente, fundado en 2012, con base en Asturias. Informamos con rigor sobre actualidad, sociedad, cultura y ocio, con una mirada local y global.\",\"url\":\"https:\\\/\\\/candas365.es\\\/noticias\\\/\",\"email\":\"info@candas365.es\",\"telephone\":\"+34652131393\",\"foundingDate\":\"2012-06-10\",\"logo\":{\"@type\":\"ImageObject\",\"url\":\"https:\\\/\\\/candas365.es\\\/noticias\\\/wp-content\\\/uploads\\\/2024\\\/09\\\/Candas-365-Redes.jpg\",\"@id\":\"https:\\\/\\\/candas365.es\\\/noticias\\\/inscripcion-para-el-xiv-encuentro-de-encajeras-villa-de-candas\\\/#organizationLogo\",\"width\":1152,\"height\":864,\"caption\":\"Cand\\u00e1s 365 Redes\"},\"image\":{\"@id\":\"https:\\\/\\\/candas365.es\\\/noticias\\\/inscripcion-para-el-xiv-encuentro-de-encajeras-villa-de-candas\\\/#organizationLogo\"},\"sameAs\":[\"https:\\\/\\\/www.facebook.com\\\/Nachofdezber\",\"https:\\\/\\\/x.com\\\/NabercoDigital\",\"https:\\\/\\\/www.instagram.com\\\/nachofdezber\\\/\",\"https:\\\/\\\/www.youtube.com\\\/channel\\\/UCZP-2wLEB9Rv6erhFmqVnvg\"],\"address\":{\"@id\":\"https:\\\/\\\/candas365.es\\\/noticias\\\/#postaladdress\",\"@type\":\"PostalAddress\",\"streetAddress\":\"san antonio 4, san antonio 4\",\"postalCode\":\"33430\",\"addressLocality\":\"Cand\\u00e1s\",\"addressRegion\":\"Asturias\",\"addressCountry\":\"ES\"}},{\"@type\":\"Person\",\"@id\":\"https:\\\/\\\/candas365.es\\\/noticias\\\/author\\\/admin\\\/#author\",\"url\":\"https:\\\/\\\/candas365.es\\\/noticias\\\/author\\\/admin\\\/\",\"name\":\"Cand\\u00e1s 365\",\"image\":{\"@type\":\"ImageObject\",\"@id\":\"https:\\\/\\\/candas365.es\\\/noticias\\\/inscripcion-para-el-xiv-encuentro-de-encajeras-villa-de-candas\\\/#authorImage\",\"url\":\"https:\\\/\\\/secure.gravatar.com\\\/avatar\\\/496a8e03d0c493ede1718b7934145dbdf8d89be1036b0eec9544e1094c9de390?s=96&d=mm&r=g\",\"width\":96,\"height\":96,\"caption\":\"Cand\\u00e1s 365\"},\"sameAs\":[\"https:\\\/\\\/www.facebook.com\\\/carrenoactualidad\",\"https:\\\/\\\/twitter.com\\\/nbasturias\",\"https:\\\/\\\/www.instagram.com\\\/nachofdezber\\\/\",\"https:\\\/\\\/www.youtube.com\\\/channel\\\/UCZP-2wLEB9Rv6erhFmqVnvg\"]},{\"@type\":\"WebPage\",\"@id\":\"https:\\\/\\\/candas365.es\\\/noticias\\\/inscripcion-para-el-xiv-encuentro-de-encajeras-villa-de-candas\\\/#webpage\",\"url\":\"https:\\\/\\\/candas365.es\\\/noticias\\\/inscripcion-para-el-xiv-encuentro-de-encajeras-villa-de-candas\\\/\",\"name\":\"Inscripci\\u00f3n para el XIV Encuentro de Encajeras \\u201cVilla de Cand\\u00e1s\\u201d | Cand\\u00e1s 365\",\"description\":\"El Ayuntamiento de Carre\\u00f1o organiza. junto a la Asociaci\\u00f3n Aula de Personas Adultas de Cand\\u00e1s \\u2013 Encaje de Bolillos, la catorceava edici\\u00f3n de los Encuentros de Encajeras de Bolillos \\u201cVilla de Cand\\u00e1s\\u201d. Esta nueva edici\\u00f3n del encuentro se desarrollar\\u00e1 en la antigua F\\u00e1brica de Ortiz el s\\u00e1bado 15 de junio y podr\\u00e1n participar un total\",\"inLanguage\":\"es-ES\",\"isPartOf\":{\"@id\":\"https:\\\/\\\/candas365.es\\\/noticias\\\/#website\"},\"breadcrumb\":{\"@id\":\"https:\\\/\\\/candas365.es\\\/noticias\\\/inscripcion-para-el-xiv-encuentro-de-encajeras-villa-de-candas\\\/#breadcrumblist\"},\"author\":{\"@id\":\"https:\\\/\\\/candas365.es\\\/noticias\\\/author\\\/admin\\\/#author\"},\"creator\":{\"@id\":\"https:\\\/\\\/candas365.es\\\/noticias\\\/author\\\/admin\\\/#author\"},\"image\":{\"@type\":\"ImageObject\",\"url\":\"https:\\\/\\\/candas365.es\\\/noticias\\\/wp-content\\\/uploads\\\/2016\\\/06\\\/puerto-de-cand\\u00e1s.jpg\",\"@id\":\"https:\\\/\\\/candas365.es\\\/noticias\\\/inscripcion-para-el-xiv-encuentro-de-encajeras-villa-de-candas\\\/#mainImage\",\"width\":911,\"height\":479},\"primaryImageOfPage\":{\"@id\":\"https:\\\/\\\/candas365.es\\\/noticias\\\/inscripcion-para-el-xiv-encuentro-de-encajeras-villa-de-candas\\\/#mainImage\"},\"datePublished\":\"2019-04-24T18:12:01+02:00\",\"dateModified\":\"2019-04-24T18:12:01+02:00\"},{\"@type\":\"WebSite\",\"@id\":\"https:\\\/\\\/candas365.es\\\/noticias\\\/#website\",\"url\":\"https:\\\/\\\/candas365.es\\\/noticias\\\/\",\"name\":\"Cand\\u00e1s 365\",\"alternateName\":\"Cand\\u00e1s 365 Noticias\",\"description\":\"Actualidad desde Carre\\u00f1o para el mundo\",\"inLanguage\":\"es-ES\",\"publisher\":{\"@id\":\"https:\\\/\\\/candas365.es\\\/noticias\\\/#organization\"}}]}\n\t\t<\/script>\n\t\t<!-- All in One SEO Pro -->\r\n\t\t<title>Inscripci\u00f3n para el XIV Encuentro de Encajeras \u201cVilla de Cand\u00e1s\u201d | Cand\u00e1s 365<\/title>\n\n","aioseo_head_json":{"title":"Inscripci\u00f3n para el XIV Encuentro de Encajeras \u201cVilla de Cand\u00e1s\u201d | Cand\u00e1s 365","description":"El Ayuntamiento de Carre\u00f1o organiza. junto a la Asociaci\u00f3n Aula de Personas Adultas de Cand\u00e1s \u2013 Encaje de Bolillos, la catorceava edici\u00f3n de los Encuentros de Encajeras de Bolillos \u201cVilla de Cand\u00e1s\u201d. Esta nueva edici\u00f3n del encuentro se desarrollar\u00e1 en la antigua F\u00e1brica de Ortiz el s\u00e1bado 15 de junio y podr\u00e1n participar un total","canonical_url":"https:\/\/candas365.es\/noticias\/inscripcion-para-el-xiv-encuentro-de-encajeras-villa-de-candas\/","robots":"max-image-preview:large","keywords":"noticias carre\u00f1o","webmasterTools":{"google-site-verification":"UA-32230408-1","msvalidate.01":"354F3CDFB2DA171B47FBE9ABF1F88D5","miscellaneous":""},"schema":{"@context":"https:\/\/schema.org","@graph":[{"@type":"BreadcrumbList","@id":"https:\/\/candas365.es\/noticias\/inscripcion-para-el-xiv-encuentro-de-encajeras-villa-de-candas\/#breadcrumblist","itemListElement":[{"@type":"ListItem","@id":"https:\/\/candas365.es\/noticias#listItem","position":1,"name":"Home","item":"https:\/\/candas365.es\/noticias","nextItem":{"@type":"ListItem","@id":"https:\/\/candas365.es\/noticias\/category\/noticias-carreno\/#listItem","name":"Noticias Carre\u00f1o"}},{"@type":"ListItem","@id":"https:\/\/candas365.es\/noticias\/category\/noticias-carreno\/#listItem","position":2,"name":"Noticias Carre\u00f1o","item":"https:\/\/candas365.es\/noticias\/category\/noticias-carreno\/","nextItem":{"@type":"ListItem","@id":"https:\/\/candas365.es\/noticias\/inscripcion-para-el-xiv-encuentro-de-encajeras-villa-de-candas\/#listItem","name":"Inscripci\u00f3n para el XIV Encuentro de Encajeras \u201cVilla de Cand\u00e1s\u201d"},"previousItem":{"@type":"ListItem","@id":"https:\/\/candas365.es\/noticias#listItem","name":"Home"}},{"@type":"ListItem","@id":"https:\/\/candas365.es\/noticias\/inscripcion-para-el-xiv-encuentro-de-encajeras-villa-de-candas\/#listItem","position":3,"name":"Inscripci\u00f3n para el XIV Encuentro de Encajeras \u201cVilla de Cand\u00e1s\u201d","previousItem":{"@type":"ListItem","@id":"https:\/\/candas365.es\/noticias\/category\/noticias-carreno\/#listItem","name":"Noticias Carre\u00f1o"}}]},{"@type":"NewsArticle","@id":"https:\/\/candas365.es\/noticias\/inscripcion-para-el-xiv-encuentro-de-encajeras-villa-de-candas\/#newsarticle","name":"Inscripci\u00f3n para el XIV Encuentro de Encajeras \u201cVilla de Cand\u00e1s\u201d | Cand\u00e1s 365","headline":"Inscripci\u00f3n para el XIV Encuentro de Encajeras \u201cVilla de Cand\u00e1s\u201d","author":{"@id":"https:\/\/candas365.es\/noticias\/author\/admin\/#author"},"publisher":{"@id":"https:\/\/candas365.es\/noticias\/#organization"},"image":{"@type":"ImageObject","url":"https:\/\/candas365.es\/noticias\/wp-content\/uploads\/2016\/06\/puerto-de-cand\u00e1s.jpg","width":911,"height":479},"datePublished":"2019-04-24T18:12:01+02:00","dateModified":"2019-04-24T18:12:01+02:00","inLanguage":"es-ES","mainEntityOfPage":{"@id":"https:\/\/candas365.es\/noticias\/inscripcion-para-el-xiv-encuentro-de-encajeras-villa-de-candas\/#webpage"},"isPartOf":{"@id":"https:\/\/candas365.es\/noticias\/inscripcion-para-el-xiv-encuentro-de-encajeras-villa-de-candas\/#webpage"},"articleSection":"Noticias Carre\u00f1o","dateline":"Publicado el abril 24, 2019."},{"@type":"Organization","@id":"https:\/\/candas365.es\/noticias\/#organization","name":"Cand\u00e1s 365","description":"Cand\u00e1s 365 es un diario digital independiente, fundado en 2012, con base en Asturias. Informamos con rigor sobre actualidad, sociedad, cultura y ocio, con una mirada local y global.","url":"https:\/\/candas365.es\/noticias\/","email":"info@candas365.es","telephone":"+34652131393","foundingDate":"2012-06-10","logo":{"@type":"ImageObject","url":"https:\/\/candas365.es\/noticias\/wp-content\/uploads\/2024\/09\/Candas-365-Redes.jpg","@id":"https:\/\/candas365.es\/noticias\/inscripcion-para-el-xiv-encuentro-de-encajeras-villa-de-candas\/#organizationLogo","width":1152,"height":864,"caption":"Cand\u00e1s 365 Redes"},"image":{"@id":"https:\/\/candas365.es\/noticias\/inscripcion-para-el-xiv-encuentro-de-encajeras-villa-de-candas\/#organizationLogo"},"sameAs":["https:\/\/www.facebook.com\/Nachofdezber","https:\/\/x.com\/NabercoDigital","https:\/\/www.instagram.com\/nachofdezber\/","https:\/\/www.youtube.com\/channel\/UCZP-2wLEB9Rv6erhFmqVnvg"],"address":{"@id":"https:\/\/candas365.es\/noticias\/#postaladdress","@type":"PostalAddress","streetAddress":"san antonio 4, san antonio 4","postalCode":"33430","addressLocality":"Cand\u00e1s","addressRegion":"Asturias","addressCountry":"ES"}},{"@type":"Person","@id":"https:\/\/candas365.es\/noticias\/author\/admin\/#author","url":"https:\/\/candas365.es\/noticias\/author\/admin\/","name":"Cand\u00e1s 365","image":{"@type":"ImageObject","@id":"https:\/\/candas365.es\/noticias\/inscripcion-para-el-xiv-encuentro-de-encajeras-villa-de-candas\/#authorImage","url":"https:\/\/secure.gravatar.com\/avatar\/496a8e03d0c493ede1718b7934145dbdf8d89be1036b0eec9544e1094c9de390?s=96&d=mm&r=g","width":96,"height":96,"caption":"Cand\u00e1s 365"},"sameAs":["https:\/\/www.facebook.com\/carrenoactualidad","https:\/\/twitter.com\/nbasturias","https:\/\/www.instagram.com\/nachofdezber\/","https:\/\/www.youtube.com\/channel\/UCZP-2wLEB9Rv6erhFmqVnvg"]},{"@type":"WebPage","@id":"https:\/\/candas365.es\/noticias\/inscripcion-para-el-xiv-encuentro-de-encajeras-villa-de-candas\/#webpage","url":"https:\/\/candas365.es\/noticias\/inscripcion-para-el-xiv-encuentro-de-encajeras-villa-de-candas\/","name":"Inscripci\u00f3n para el XIV Encuentro de Encajeras \u201cVilla de Cand\u00e1s\u201d | Cand\u00e1s 365","description":"El Ayuntamiento de Carre\u00f1o organiza. junto a la Asociaci\u00f3n Aula de Personas Adultas de Cand\u00e1s \u2013 Encaje de Bolillos, la catorceava edici\u00f3n de los Encuentros de Encajeras de Bolillos \u201cVilla de Cand\u00e1s\u201d. Esta nueva edici\u00f3n del encuentro se desarrollar\u00e1 en la antigua F\u00e1brica de Ortiz el s\u00e1bado 15 de junio y podr\u00e1n participar un total","inLanguage":"es-ES","isPartOf":{"@id":"https:\/\/candas365.es\/noticias\/#website"},"breadcrumb":{"@id":"https:\/\/candas365.es\/noticias\/inscripcion-para-el-xiv-encuentro-de-encajeras-villa-de-candas\/#breadcrumblist"},"author":{"@id":"https:\/\/candas365.es\/noticias\/author\/admin\/#author"},"creator":{"@id":"https:\/\/candas365.es\/noticias\/author\/admin\/#author"},"image":{"@type":"ImageObject","url":"https:\/\/candas365.es\/noticias\/wp-content\/uploads\/2016\/06\/puerto-de-cand\u00e1s.jpg","@id":"https:\/\/candas365.es\/noticias\/inscripcion-para-el-xiv-encuentro-de-encajeras-villa-de-candas\/#mainImage","width":911,"height":479},"primaryImageOfPage":{"@id":"https:\/\/candas365.es\/noticias\/inscripcion-para-el-xiv-encuentro-de-encajeras-villa-de-candas\/#mainImage"},"datePublished":"2019-04-24T18:12:01+02:00","dateModified":"2019-04-24T18:12:01+02:00"},{"@type":"WebSite","@id":"https:\/\/candas365.es\/noticias\/#website","url":"https:\/\/candas365.es\/noticias\/","name":"Cand\u00e1s 365","alternateName":"Cand\u00e1s 365 Noticias","description":"Actualidad desde Carre\u00f1o para el mundo","inLanguage":"es-ES","publisher":{"@id":"https:\/\/candas365.es\/noticias\/#organization"}}]},"og:locale":"es_ES","og:site_name":"Cand\u00e1s 365","og:type":"article","og:title":"Inscripci\u00f3n para el XIV Encuentro de Encajeras \u201cVilla de Cand\u00e1s\u201d | Cand\u00e1s 365","og:description":"El Ayuntamiento de Carre\u00f1o organiza. junto a la Asociaci\u00f3n Aula de Personas Adultas de Cand\u00e1s \u2013 Encaje de Bolillos, la catorceava edici\u00f3n de los Encuentros de Encajeras de Bolillos \u201cVilla de Cand\u00e1s\u201d. Esta nueva edici\u00f3n del encuentro se desarrollar\u00e1 en la antigua F\u00e1brica de Ortiz el s\u00e1bado 15 de junio y podr\u00e1n participar un total","og:url":"https:\/\/candas365.es\/noticias\/inscripcion-para-el-xiv-encuentro-de-encajeras-villa-de-candas\/","og:image":"https:\/\/candas365.es\/noticias\/wp-content\/uploads\/2016\/06\/puerto-de-cand\u00e1s.jpg","og:image:secure_url":"https:\/\/candas365.es\/noticias\/wp-content\/uploads\/2016\/06\/puerto-de-cand\u00e1s.jpg","og:image:width":911,"og:image:height":479,"article:published_time":"2019-04-24T18:12:01+00:00","article:modified_time":"2019-04-24T18:12:01+00:00","article:publisher":"https:\/\/www.facebook.com\/Nachofdezber","article:author":"https:\/\/www.facebook.com\/carrenoactualidad","twitter:card":"summary_large_image","twitter:site":"@NabercoDigital","twitter:title":"Inscripci\u00f3n para el XIV Encuentro de Encajeras \u201cVilla de Cand\u00e1s\u201d | Cand\u00e1s 365","twitter:description":"El Ayuntamiento de Carre\u00f1o organiza. junto a la Asociaci\u00f3n Aula de Personas Adultas de Cand\u00e1s \u2013 Encaje de Bolillos, la catorceava edici\u00f3n de los Encuentros de Encajeras de Bolillos \u201cVilla de Cand\u00e1s\u201d. Esta nueva edici\u00f3n del encuentro se desarrollar\u00e1 en la antigua F\u00e1brica de Ortiz el s\u00e1bado 15 de junio y podr\u00e1n participar un total","twitter:creator":"@nbasturias","twitter:image":"https:\/\/candas365.es\/noticias\/wp-content\/uploads\/2016\/06\/puerto-de-cand\u00e1s.jpg","twitter:label1":"Escrito por","twitter:data1":"Cand\u00e1s 365","twitter:label2":"Tiempo de lectura estimado","twitter:data2":"1 minuto"},"aioseo_meta_data":{"post_id":"121379","title":null,"description":null,"keywords":null,"keyphrases":null,"primary_term":null,"canonical_url":null,"og_title":null,"og_description":null,"og_object_type":"default","og_image_type":"default","og_image_url":null,"og_image_width":null,"og_image_height":null,"og_image_custom_url":null,"og_image_custom_fields":null,"og_video":null,"og_custom_url":null,"og_article_section":null,"og_article_tags":null,"twitter_use_og":false,"twitter_card":"default","twitter_image_type":"default","twitter_image_url":null,"twitter_image_custom_url":null,"twitter_image_custom_fields":null,"twitter_title":null,"twitter_description":null,"schema":{"blockGraphs":[],"customGraphs":[],"default":{"data":{"Article":[],"Course":[],"Dataset":[],"FAQPage":[],"Movie":[],"Person":[],"Product":[],"ProductReview":[],"Car":[],"Recipe":[],"Service":[],"SoftwareApplication":[],"WebPage":[]},"graphName":"","isEnabled":true},"graphs":[],"defaultGraph":"","defaultPostTypeGraph":""},"schema_type":null,"schema_type_options":null,"pillar_content":false,"robots_default":true,"robots_noindex":false,"robots_noarchive":false,"robots_nosnippet":false,"robots_nofollow":false,"robots_noimageindex":false,"robots_noodp":false,"robots_notranslate":false,"robots_max_snippet":null,"robots_max_videopreview":null,"robots_max_imagepreview":"large","priority":null,"frequency":null,"location":null,"local_seo":null,"seo_analyzer_scan_date":"2025-08-29 19:54:29","breadcrumb_settings":null,"limit_modified_date":false,"reviewed_by":null,"open_ai":null,"ai":null,"created":"2020-12-21 10:58:19","updated":"2025-08-29 19:54:29"},"aioseo_breadcrumb":"<div class=\"aioseo-breadcrumbs\"><span class=\"aioseo-breadcrumb\">\n\t<a href=\"https:\/\/candas365.es\/noticias\" title=\"Home\">Home<\/a>\n<\/span><span class=\"aioseo-breadcrumb-separator\">&ndash;<\/span><span class=\"aioseo-breadcrumb\">\n\t<a href=\"https:\/\/candas365.es\/noticias\/category\/noticias-carreno\/\" title=\"Noticias Carre\u00f1o\">Noticias Carre\u00f1o<\/a>\n<\/span><span class=\"aioseo-breadcrumb-separator\">&ndash;<\/span><span class=\"aioseo-breadcrumb\">\n\tInscripci\u00f3n para el XIV Encuentro de Encajeras \u201cVilla de Cand\u00e1s\u201d\n<\/span><\/div>","aioseo_breadcrumb_json":[{"label":"Home","link":"https:\/\/candas365.es\/noticias"},{"label":"Noticias Carre\u00f1o","link":"https:\/\/candas365.es\/noticias\/category\/noticias-carreno\/"},{"label":"Inscripci\u00f3n para el XIV Encuentro de Encajeras \u201cVilla de Cand\u00e1s\u201d","link":"https:\/\/candas365.es\/noticias\/inscripcion-para-el-xiv-encuentro-de-encajeras-villa-de-candas\/"}],"_links":{"self":[{"href":"https:\/\/candas365.es\/noticias\/wp-json\/wp\/v2\/posts\/121379","targetHints":{"allow":["GET"]}}],"collection":[{"href":"https:\/\/candas365.es\/noticias\/wp-json\/wp\/v2\/posts"}],"about":[{"href":"https:\/\/candas365.es\/noticias\/wp-json\/wp\/v2\/types\/post"}],"author":[{"embeddable":true,"href":"https:\/\/candas365.es\/noticias\/wp-json\/wp\/v2\/users\/1"}],"replies":[{"embeddable":true,"href":"https:\/\/candas365.es\/noticias\/wp-json\/wp\/v2\/comments?post=121379"}],"version-history":[{"count":0,"href":"https:\/\/candas365.es\/noticias\/wp-json\/wp\/v2\/posts\/121379\/revisions"}],"wp:featuredmedia":[{"embeddable":true,"href":"https:\/\/candas365.es\/noticias\/wp-json\/wp\/v2\/media\/30104"}],"wp:attachment":[{"href":"https:\/\/candas365.es\/noticias\/wp-json\/wp\/v2\/media?parent=121379"}],"wp:term":[{"taxonomy":"category","embeddable":true,"href":"https:\/\/candas365.es\/noticias\/wp-json\/wp\/v2\/categories?post=121379"},{"taxonomy":"post_tag","embeddable":true,"href":"https:\/\/candas365.es\/noticias\/wp-json\/wp\/v2\/tags?post=121379"}],"curies":[{"name":"wp","href":"https:\/\/api.w.org\/{rel}","templated":true}]}}