{"id":121363,"date":"2019-04-24T02:42:05","date_gmt":"2019-04-24T02:42:05","guid":{"rendered":"http:\/\/candas365.es\/noticias\/?p=121363"},"modified":"2019-04-24T02:42:05","modified_gmt":"2019-04-24T02:42:05","slug":"la-40-selmana-de-les-lletres-tambien-en-carreno","status":"publish","type":"post","link":"https:\/\/candas365.es\/noticias\/la-40-selmana-de-les-lletres-tambien-en-carreno\/","title":{"rendered":"La 40 Selmana de les Lletres, tambi\u00e9n en Carre\u00f1o"},"content":{"rendered":"<p><img fetchpriority=\"high\" decoding=\"async\" class=\"alignleft size-medium wp-image-121364\" src=\"https:\/\/candas365.es\/noticias\/wp-content\/uploads\/2019\/04\/Presentacion-Selmana-de-les-Lletres-360x270.jpg\" alt=\"\" width=\"360\" height=\"270\" srcset=\"https:\/\/candas365.es\/noticias\/wp-content\/uploads\/2019\/04\/Presentacion-Selmana-de-les-Lletres-360x270.jpg 360w, https:\/\/candas365.es\/noticias\/wp-content\/uploads\/2019\/04\/Presentacion-Selmana-de-les-Lletres-768x576.jpg 768w, https:\/\/candas365.es\/noticias\/wp-content\/uploads\/2019\/04\/Presentacion-Selmana-de-les-Lletres-640x480.jpg 640w, https:\/\/candas365.es\/noticias\/wp-content\/uploads\/2019\/04\/Presentacion-Selmana-de-les-Lletres-80x60.jpg 80w, https:\/\/candas365.es\/noticias\/wp-content\/uploads\/2019\/04\/Presentacion-Selmana-de-les-Lletres-265x198.jpg 265w, https:\/\/candas365.es\/noticias\/wp-content\/uploads\/2019\/04\/Presentacion-Selmana-de-les-Lletres-696x522.jpg 696w, https:\/\/candas365.es\/noticias\/wp-content\/uploads\/2019\/04\/Presentacion-Selmana-de-les-Lletres-1068x801.jpg 1068w, https:\/\/candas365.es\/noticias\/wp-content\/uploads\/2019\/04\/Presentacion-Selmana-de-les-Lletres-560x420.jpg 560w, https:\/\/candas365.es\/noticias\/wp-content\/uploads\/2019\/04\/Presentacion-Selmana-de-les-Lletres.jpg 1280w\" sizes=\"(max-width: 360px) 100vw, 360px\" \/>La 40\u00ba edici\u00f3n de la Selmana de les Lletres Asturianes destacar\u00e1 el papel que la m\u00fasica cantada en asturiano y en gallego-asturiano desempe\u00f1a en la normalizaci\u00f3n de ambas lenguas. Desde el viernes y hasta el 9 de mayo se desarrollar\u00e1n actividades de todo tipo repartidas por diez concejos. Habr\u00e1 talleres, exposiciones, homenajes, presentaciones de libros, lecturas p\u00fablicas, cert\u00e1menes literarios, encuentros escolares, entregas de premios, conciertos y representaciones teatrales, entre otros eventos.<\/p>\n<p><strong>La Selmana comienza el viernes, a las siete de la ma\u00f1ana, con la celebraci\u00f3n del Alba de les Lletres Asturianes en la escuela de Llorgozana<\/strong> (Carre\u00f1o). Ese mismo d\u00eda, a las 20 horas, el Teatro Nuevo de La Felguera (Langreo) acoger\u00e1 la gala del XI Premiu al Meyor Cantar, con la interpretaci\u00f3n en directo de las cuatro canciones finalistas a cargo de la Banda de Gaitas El Trasno, Lafu y Rebeca, Los Berrones y Xaime Mart\u00ednez. En el acto actuar\u00e1 tambi\u00e9n de Luis N\u00fa\u00f1ez y los Folganzanes, ganadores de la edici\u00f3n anterior.<\/p>\n<p>El s\u00e1bado, a las 20 horas, una carpa instalada en la plaza Nueva de Ribadesella acoger\u00e1 el concierto del grupo folk Corqui\u00e9u. Las actividades centradas en la m\u00fasica seguir\u00e1 el lunes 29, a las 18:00 horas en el teatro auditorio de La Pola Siero, con la presentaci\u00f3n del CD El mio cantar y un concierto con las canciones ganadoras del premio escolar del mismo nombre. Las bandas Corqui\u00e9u, Guaja D, Libre, L-R y Skontra ser\u00e1n las encargados de interpretarlas en directo.<\/p>\n<p>El martes 30, la Junta General del Principado acoger\u00e1 la ya tradicional lectura p\u00fablica institucional de textos en asturiano y gallego-asturiano. Esa misma tarde, a las 19:30 horas, se celebrar\u00e1, en colaboraci\u00f3n con la Fundaci\u00f3n Aula de las Met\u00e1foras de Grado, la entrega de los diplomas del VI Premio de Poes\u00eda que se convoca para el alumnado de ese concejo, adem\u00e1s de la actuaci\u00f3n musical de Toli Morilla.<\/p>\n<p>El jueves 2 de mayo, se presentar\u00e1 en el Museo de Bellas Artes de Oviedo\/Uvi\u00e9u el disco conmemorativo 40 a\u00f1os al son de la nuestra m\u00fasica\/40 anos al son da nosa m\u00fasica, que se regalar\u00e1 el viernes 3 de mayo, D\u00eda del Llibru Asturianu, en 56 puntos de Asturias al comprar libros y discos en asturiano o en gallego-asturiano. Se trata de una selecci\u00f3n de 40 canciones que recorren la historia de la m\u00fasica cantada en estas lenguas.<\/p>\n<p>Las actividades prosiguen el s\u00e1bado 4 de mayo con la inauguraci\u00f3n de la VII Feria del Llibru y Discu n\u2019asturianu, organizada con el Ayuntamiento de Oviedo y la Asociaci\u00f3n de Librer\u00edas del Principado de Asturias. La feria, instalada en la plaza de Trascorrales, estar\u00e1 abierta tambi\u00e9n el domingo y contar\u00e1 con presentaciones de libros, sesiones de cuentacuentos, conciertos y encuentros literarios.<\/p>\n<p>La \u00faltima actividad dedicada a la m\u00fasica ser\u00e1 el concierto de \u00f3pera en asturiano que el claustro del Museo Arqueol\u00f3gico de Asturias acoger\u00e1 el domingo 5 de mayo a las 12:30 horas. El tenor Pedro Jos\u00e9 Gonz\u00e1lez, el bar\u00edtono Juan Salvador Trupia, el pianista Mario Bernardo Fern\u00e1ndez y el Coro de la Universidad de Oviedo interpretar\u00e1n una selecci\u00f3n de piezas adaptadas al asturiano por el m\u00fasico y escritor Carlos Rubiera.<\/p>\n<p>En el programa de la Selmana hay tambi\u00e9n actividades teatrales para los m\u00e1s peque\u00f1os, como el martes 30 de abril en Corvera, donde la compa\u00f1\u00eda Higi\u00e9nico Papel representar\u00e1 la obra Hansel y Gretel, ganadora del II Premiu Nel Amaro de Teatru profesional en llingua asturiana y gallego-asturianu. Adem\u00e1s, el teatro de Laboral Ciudad de la Cultura de Gij\u00f3n acoger\u00e1 la representaci\u00f3n de las obras De qu\u00e9 color ye\u2019l sol, de Kamante Teatro (mi\u00e9rcoles 8), y Nunca nun se sabe, de Higi\u00e9nico Papel (jueves 9). Por otra parte, en el teatro Palacio Vald\u00e9s de Avil\u00e9s se entregar\u00e1n los premios del VI Certame de Teatru Escolar y se representar\u00e1n algunas de las obras ganadoras.<\/p>\n<p>El viernes 3 de mayo, el colegio p\u00fablico Lorenzo Novo Mier de Oviedo ser\u00e1 el escenario del acto escolar institucional de la Selmana de les Lletres con la entrega de los premios de los cert\u00e1menes art\u00edsticos y literarios.<\/p>\n<p>El gallego-asturiano estar\u00e1 presente en el Auditorio de Tapia, el s\u00e1bado 4 de mayo, a las 19.00 horas, con el Homenaxe \u00e1s nosas lletras, que en esta ocasi\u00f3n protagonizar\u00e1 el grupo de rock Bacotexo, con la presentaci\u00f3n en concierto de su \u00faltimo disco, Mar.<\/p>\n<p>Otra actividad tradicional de la Selmana es la que se celebrar\u00e1 el martes 7 de mayo en la Sala Borr\u00f3n de Oviedo: la cuarta edici\u00f3n de Enta\u00edna a escribir, concurso de microrrelatos improvisados en asturiano para j\u00f3venes que se convoca en colaboraci\u00f3n con el Instituto Asturiano de la Mujer y Pol\u00edticas de Juventud.<\/p>\n","protected":false},"excerpt":{"rendered":"<p>La 40\u00ba edici\u00f3n de la Selmana de les Lletres Asturianes destacar\u00e1 el papel que la m\u00fasica cantada en asturiano y en gallego-asturiano desempe\u00f1a en la normalizaci\u00f3n de ambas lenguas. Desde el viernes y hasta el 9 de mayo se desarrollar\u00e1n actividades de todo tipo repartidas por diez concejos. Habr\u00e1 talleres, exposiciones, homenajes, presentaciones de libros,<\/p>\n","protected":false},"author":1,"featured_media":121364,"comment_status":"closed","ping_status":"closed","sticky":false,"template":"","format":"standard","meta":{"footnotes":""},"categories":[2],"tags":[],"class_list":{"0":"post-121363","1":"post","2":"type-post","3":"status-publish","4":"format-standard","5":"has-post-thumbnail","7":"category-noticias-carreno"},"aioseo_notices":[],"aioseo_head":"\n\t\t<!-- All in One SEO Pro 4.9.6.2 - aioseo.com -->\n\t<meta name=\"description\" content=\"La 40\u00ba edici\u00f3n de la Selmana de les Lletres Asturianes destacar\u00e1 el papel que la m\u00fasica cantada en asturiano y en gallego-asturiano desempe\u00f1a en la normalizaci\u00f3n de ambas lenguas. Desde el viernes y hasta el 9 de mayo se desarrollar\u00e1n actividades de todo tipo repartidas por diez concejos. Habr\u00e1 talleres, exposiciones, homenajes, presentaciones de libros,\" \/>\n\t<meta name=\"robots\" content=\"max-image-preview:large\" \/>\n\t<meta name=\"author\" content=\"Cand\u00e1s 365\"\/>\n\t<meta name=\"google-site-verification\" content=\"UA-32230408-1\" \/>\n\t<meta name=\"msvalidate.01\" content=\"354F3CDFB2DA171B47FBE9ABF1F88D5\" \/>\n\t<meta name=\"keywords\" content=\"noticias carre\u00f1o\" \/>\n\t<link rel=\"canonical\" href=\"https:\/\/candas365.es\/noticias\/la-40-selmana-de-les-lletres-tambien-en-carreno\/\" \/>\n\t<meta name=\"generator\" content=\"All in One SEO Pro (AIOSEO) 4.9.6.2\" \/>\n\t\t<meta property=\"og:locale\" content=\"es_ES\" \/>\n\t\t<meta property=\"og:site_name\" content=\"Cand\u00e1s 365\" \/>\n\t\t<meta property=\"og:type\" content=\"article\" \/>\n\t\t<meta property=\"og:title\" content=\"La 40 Selmana de les Lletres, tambi\u00e9n en Carre\u00f1o | Cand\u00e1s 365\" \/>\n\t\t<meta property=\"og:description\" content=\"La 40\u00ba edici\u00f3n de la Selmana de les Lletres Asturianes destacar\u00e1 el papel que la m\u00fasica cantada en asturiano y en gallego-asturiano desempe\u00f1a en la normalizaci\u00f3n de ambas lenguas. Desde el viernes y hasta el 9 de mayo se desarrollar\u00e1n actividades de todo tipo repartidas por diez concejos. Habr\u00e1 talleres, exposiciones, homenajes, presentaciones de libros,\" \/>\n\t\t<meta property=\"og:url\" content=\"https:\/\/candas365.es\/noticias\/la-40-selmana-de-les-lletres-tambien-en-carreno\/\" \/>\n\t\t<meta property=\"og:image\" content=\"https:\/\/candas365.es\/noticias\/wp-content\/uploads\/2019\/04\/Presentacion-Selmana-de-les-Lletres.jpg\" \/>\n\t\t<meta property=\"og:image:secure_url\" content=\"https:\/\/candas365.es\/noticias\/wp-content\/uploads\/2019\/04\/Presentacion-Selmana-de-les-Lletres.jpg\" \/>\n\t\t<meta property=\"og:image:width\" content=\"1280\" \/>\n\t\t<meta property=\"og:image:height\" content=\"960\" \/>\n\t\t<meta property=\"article:published_time\" content=\"2019-04-24T02:42:05+00:00\" \/>\n\t\t<meta property=\"article:modified_time\" content=\"2019-04-24T02:42:05+00:00\" \/>\n\t\t<meta property=\"article:publisher\" content=\"https:\/\/www.facebook.com\/Nachofdezber\" \/>\n\t\t<meta property=\"article:author\" content=\"https:\/\/www.facebook.com\/carrenoactualidad\" \/>\n\t\t<meta name=\"twitter:card\" content=\"summary_large_image\" \/>\n\t\t<meta name=\"twitter:site\" content=\"@NabercoDigital\" \/>\n\t\t<meta name=\"twitter:title\" content=\"La 40 Selmana de les Lletres, tambi\u00e9n en Carre\u00f1o | Cand\u00e1s 365\" \/>\n\t\t<meta name=\"twitter:description\" content=\"La 40\u00ba edici\u00f3n de la Selmana de les Lletres Asturianes destacar\u00e1 el papel que la m\u00fasica cantada en asturiano y en gallego-asturiano desempe\u00f1a en la normalizaci\u00f3n de ambas lenguas. Desde el viernes y hasta el 9 de mayo se desarrollar\u00e1n actividades de todo tipo repartidas por diez concejos. Habr\u00e1 talleres, exposiciones, homenajes, presentaciones de libros,\" \/>\n\t\t<meta name=\"twitter:creator\" content=\"@nbasturias\" \/>\n\t\t<meta name=\"twitter:image\" content=\"https:\/\/candas365.es\/noticias\/wp-content\/uploads\/2019\/04\/Presentacion-Selmana-de-les-Lletres.jpg\" \/>\n\t\t<meta name=\"twitter:label1\" content=\"Escrito por\" \/>\n\t\t<meta name=\"twitter:data1\" content=\"Cand\u00e1s 365\" \/>\n\t\t<meta name=\"twitter:label2\" content=\"Tiempo de lectura estimado\" \/>\n\t\t<meta name=\"twitter:data2\" content=\"4 minutos\" \/>\n\t\t<script type=\"application\/ld+json\" class=\"aioseo-schema\">\n\t\t\t{\"@context\":\"https:\\\/\\\/schema.org\",\"@graph\":[{\"@type\":\"BreadcrumbList\",\"@id\":\"https:\\\/\\\/candas365.es\\\/noticias\\\/la-40-selmana-de-les-lletres-tambien-en-carreno\\\/#breadcrumblist\",\"itemListElement\":[{\"@type\":\"ListItem\",\"@id\":\"https:\\\/\\\/candas365.es\\\/noticias#listItem\",\"position\":1,\"name\":\"Home\",\"item\":\"https:\\\/\\\/candas365.es\\\/noticias\",\"nextItem\":{\"@type\":\"ListItem\",\"@id\":\"https:\\\/\\\/candas365.es\\\/noticias\\\/category\\\/noticias-carreno\\\/#listItem\",\"name\":\"Noticias Carre\\u00f1o\"}},{\"@type\":\"ListItem\",\"@id\":\"https:\\\/\\\/candas365.es\\\/noticias\\\/category\\\/noticias-carreno\\\/#listItem\",\"position\":2,\"name\":\"Noticias Carre\\u00f1o\",\"item\":\"https:\\\/\\\/candas365.es\\\/noticias\\\/category\\\/noticias-carreno\\\/\",\"nextItem\":{\"@type\":\"ListItem\",\"@id\":\"https:\\\/\\\/candas365.es\\\/noticias\\\/la-40-selmana-de-les-lletres-tambien-en-carreno\\\/#listItem\",\"name\":\"La 40 Selmana de les Lletres, tambi\\u00e9n en Carre\\u00f1o\"},\"previousItem\":{\"@type\":\"ListItem\",\"@id\":\"https:\\\/\\\/candas365.es\\\/noticias#listItem\",\"name\":\"Home\"}},{\"@type\":\"ListItem\",\"@id\":\"https:\\\/\\\/candas365.es\\\/noticias\\\/la-40-selmana-de-les-lletres-tambien-en-carreno\\\/#listItem\",\"position\":3,\"name\":\"La 40 Selmana de les Lletres, tambi\\u00e9n en Carre\\u00f1o\",\"previousItem\":{\"@type\":\"ListItem\",\"@id\":\"https:\\\/\\\/candas365.es\\\/noticias\\\/category\\\/noticias-carreno\\\/#listItem\",\"name\":\"Noticias Carre\\u00f1o\"}}]},{\"@type\":\"NewsArticle\",\"@id\":\"https:\\\/\\\/candas365.es\\\/noticias\\\/la-40-selmana-de-les-lletres-tambien-en-carreno\\\/#newsarticle\",\"name\":\"La 40 Selmana de les Lletres, tambi\\u00e9n en Carre\\u00f1o | Cand\\u00e1s 365\",\"headline\":\"La 40 Selmana de les Lletres, tambi\\u00e9n en Carre\\u00f1o\",\"author\":{\"@id\":\"https:\\\/\\\/candas365.es\\\/noticias\\\/author\\\/admin\\\/#author\"},\"publisher\":{\"@id\":\"https:\\\/\\\/candas365.es\\\/noticias\\\/#organization\"},\"image\":{\"@type\":\"ImageObject\",\"url\":\"https:\\\/\\\/candas365.es\\\/noticias\\\/wp-content\\\/uploads\\\/2019\\\/04\\\/Presentacion-Selmana-de-les-Lletres.jpg\",\"width\":1280,\"height\":960},\"datePublished\":\"2019-04-24T02:42:05+02:00\",\"dateModified\":\"2019-04-24T02:42:05+02:00\",\"inLanguage\":\"es-ES\",\"mainEntityOfPage\":{\"@id\":\"https:\\\/\\\/candas365.es\\\/noticias\\\/la-40-selmana-de-les-lletres-tambien-en-carreno\\\/#webpage\"},\"isPartOf\":{\"@id\":\"https:\\\/\\\/candas365.es\\\/noticias\\\/la-40-selmana-de-les-lletres-tambien-en-carreno\\\/#webpage\"},\"articleSection\":\"Noticias Carre\\u00f1o\",\"dateline\":\"Publicado el abril 24, 2019.\"},{\"@type\":\"Organization\",\"@id\":\"https:\\\/\\\/candas365.es\\\/noticias\\\/#organization\",\"name\":\"Cand\\u00e1s 365\",\"description\":\"Cand\\u00e1s 365 es un diario digital independiente, fundado en 2012, con base en Asturias. Informamos con rigor sobre actualidad, sociedad, cultura y ocio, con una mirada local y global.\",\"url\":\"https:\\\/\\\/candas365.es\\\/noticias\\\/\",\"email\":\"info@candas365.es\",\"telephone\":\"+34652131393\",\"foundingDate\":\"2012-06-10\",\"logo\":{\"@type\":\"ImageObject\",\"url\":\"https:\\\/\\\/candas365.es\\\/noticias\\\/wp-content\\\/uploads\\\/2024\\\/09\\\/Candas-365-Redes.jpg\",\"@id\":\"https:\\\/\\\/candas365.es\\\/noticias\\\/la-40-selmana-de-les-lletres-tambien-en-carreno\\\/#organizationLogo\",\"width\":1152,\"height\":864,\"caption\":\"Cand\\u00e1s 365 Redes\"},\"image\":{\"@id\":\"https:\\\/\\\/candas365.es\\\/noticias\\\/la-40-selmana-de-les-lletres-tambien-en-carreno\\\/#organizationLogo\"},\"sameAs\":[\"https:\\\/\\\/www.facebook.com\\\/Nachofdezber\",\"https:\\\/\\\/x.com\\\/NabercoDigital\",\"https:\\\/\\\/www.instagram.com\\\/nachofdezber\\\/\",\"https:\\\/\\\/www.youtube.com\\\/channel\\\/UCZP-2wLEB9Rv6erhFmqVnvg\"],\"address\":{\"@id\":\"https:\\\/\\\/candas365.es\\\/noticias\\\/#postaladdress\",\"@type\":\"PostalAddress\",\"streetAddress\":\"san antonio 4, san antonio 4\",\"postalCode\":\"33430\",\"addressLocality\":\"Cand\\u00e1s\",\"addressRegion\":\"Asturias\",\"addressCountry\":\"ES\"}},{\"@type\":\"Person\",\"@id\":\"https:\\\/\\\/candas365.es\\\/noticias\\\/author\\\/admin\\\/#author\",\"url\":\"https:\\\/\\\/candas365.es\\\/noticias\\\/author\\\/admin\\\/\",\"name\":\"Cand\\u00e1s 365\",\"image\":{\"@type\":\"ImageObject\",\"@id\":\"https:\\\/\\\/candas365.es\\\/noticias\\\/la-40-selmana-de-les-lletres-tambien-en-carreno\\\/#authorImage\",\"url\":\"https:\\\/\\\/secure.gravatar.com\\\/avatar\\\/496a8e03d0c493ede1718b7934145dbdf8d89be1036b0eec9544e1094c9de390?s=96&d=mm&r=g\",\"width\":96,\"height\":96,\"caption\":\"Cand\\u00e1s 365\"},\"sameAs\":[\"https:\\\/\\\/www.facebook.com\\\/carrenoactualidad\",\"https:\\\/\\\/twitter.com\\\/nbasturias\",\"https:\\\/\\\/www.instagram.com\\\/nachofdezber\\\/\",\"https:\\\/\\\/www.youtube.com\\\/channel\\\/UCZP-2wLEB9Rv6erhFmqVnvg\"]},{\"@type\":\"WebPage\",\"@id\":\"https:\\\/\\\/candas365.es\\\/noticias\\\/la-40-selmana-de-les-lletres-tambien-en-carreno\\\/#webpage\",\"url\":\"https:\\\/\\\/candas365.es\\\/noticias\\\/la-40-selmana-de-les-lletres-tambien-en-carreno\\\/\",\"name\":\"La 40 Selmana de les Lletres, tambi\\u00e9n en Carre\\u00f1o | Cand\\u00e1s 365\",\"description\":\"La 40\\u00ba edici\\u00f3n de la Selmana de les Lletres Asturianes destacar\\u00e1 el papel que la m\\u00fasica cantada en asturiano y en gallego-asturiano desempe\\u00f1a en la normalizaci\\u00f3n de ambas lenguas. Desde el viernes y hasta el 9 de mayo se desarrollar\\u00e1n actividades de todo tipo repartidas por diez concejos. Habr\\u00e1 talleres, exposiciones, homenajes, presentaciones de libros,\",\"inLanguage\":\"es-ES\",\"isPartOf\":{\"@id\":\"https:\\\/\\\/candas365.es\\\/noticias\\\/#website\"},\"breadcrumb\":{\"@id\":\"https:\\\/\\\/candas365.es\\\/noticias\\\/la-40-selmana-de-les-lletres-tambien-en-carreno\\\/#breadcrumblist\"},\"author\":{\"@id\":\"https:\\\/\\\/candas365.es\\\/noticias\\\/author\\\/admin\\\/#author\"},\"creator\":{\"@id\":\"https:\\\/\\\/candas365.es\\\/noticias\\\/author\\\/admin\\\/#author\"},\"image\":{\"@type\":\"ImageObject\",\"url\":\"https:\\\/\\\/candas365.es\\\/noticias\\\/wp-content\\\/uploads\\\/2019\\\/04\\\/Presentacion-Selmana-de-les-Lletres.jpg\",\"@id\":\"https:\\\/\\\/candas365.es\\\/noticias\\\/la-40-selmana-de-les-lletres-tambien-en-carreno\\\/#mainImage\",\"width\":1280,\"height\":960},\"primaryImageOfPage\":{\"@id\":\"https:\\\/\\\/candas365.es\\\/noticias\\\/la-40-selmana-de-les-lletres-tambien-en-carreno\\\/#mainImage\"},\"datePublished\":\"2019-04-24T02:42:05+02:00\",\"dateModified\":\"2019-04-24T02:42:05+02:00\"},{\"@type\":\"WebSite\",\"@id\":\"https:\\\/\\\/candas365.es\\\/noticias\\\/#website\",\"url\":\"https:\\\/\\\/candas365.es\\\/noticias\\\/\",\"name\":\"Cand\\u00e1s 365\",\"alternateName\":\"Cand\\u00e1s 365 Noticias\",\"description\":\"Actualidad desde Carre\\u00f1o para el mundo\",\"inLanguage\":\"es-ES\",\"publisher\":{\"@id\":\"https:\\\/\\\/candas365.es\\\/noticias\\\/#organization\"}}]}\n\t\t<\/script>\n\t\t<!-- All in One SEO Pro -->\r\n\t\t<title>La 40 Selmana de les Lletres, tambi\u00e9n en Carre\u00f1o | Cand\u00e1s 365<\/title>\n\n","aioseo_head_json":{"title":"La 40 Selmana de les Lletres, tambi\u00e9n en Carre\u00f1o | Cand\u00e1s 365","description":"La 40\u00ba edici\u00f3n de la Selmana de les Lletres Asturianes destacar\u00e1 el papel que la m\u00fasica cantada en asturiano y en gallego-asturiano desempe\u00f1a en la normalizaci\u00f3n de ambas lenguas. Desde el viernes y hasta el 9 de mayo se desarrollar\u00e1n actividades de todo tipo repartidas por diez concejos. Habr\u00e1 talleres, exposiciones, homenajes, presentaciones de libros,","canonical_url":"https:\/\/candas365.es\/noticias\/la-40-selmana-de-les-lletres-tambien-en-carreno\/","robots":"max-image-preview:large","keywords":"noticias carre\u00f1o","webmasterTools":{"google-site-verification":"UA-32230408-1","msvalidate.01":"354F3CDFB2DA171B47FBE9ABF1F88D5","miscellaneous":""},"schema":{"@context":"https:\/\/schema.org","@graph":[{"@type":"BreadcrumbList","@id":"https:\/\/candas365.es\/noticias\/la-40-selmana-de-les-lletres-tambien-en-carreno\/#breadcrumblist","itemListElement":[{"@type":"ListItem","@id":"https:\/\/candas365.es\/noticias#listItem","position":1,"name":"Home","item":"https:\/\/candas365.es\/noticias","nextItem":{"@type":"ListItem","@id":"https:\/\/candas365.es\/noticias\/category\/noticias-carreno\/#listItem","name":"Noticias Carre\u00f1o"}},{"@type":"ListItem","@id":"https:\/\/candas365.es\/noticias\/category\/noticias-carreno\/#listItem","position":2,"name":"Noticias Carre\u00f1o","item":"https:\/\/candas365.es\/noticias\/category\/noticias-carreno\/","nextItem":{"@type":"ListItem","@id":"https:\/\/candas365.es\/noticias\/la-40-selmana-de-les-lletres-tambien-en-carreno\/#listItem","name":"La 40 Selmana de les Lletres, tambi\u00e9n en Carre\u00f1o"},"previousItem":{"@type":"ListItem","@id":"https:\/\/candas365.es\/noticias#listItem","name":"Home"}},{"@type":"ListItem","@id":"https:\/\/candas365.es\/noticias\/la-40-selmana-de-les-lletres-tambien-en-carreno\/#listItem","position":3,"name":"La 40 Selmana de les Lletres, tambi\u00e9n en Carre\u00f1o","previousItem":{"@type":"ListItem","@id":"https:\/\/candas365.es\/noticias\/category\/noticias-carreno\/#listItem","name":"Noticias Carre\u00f1o"}}]},{"@type":"NewsArticle","@id":"https:\/\/candas365.es\/noticias\/la-40-selmana-de-les-lletres-tambien-en-carreno\/#newsarticle","name":"La 40 Selmana de les Lletres, tambi\u00e9n en Carre\u00f1o | Cand\u00e1s 365","headline":"La 40 Selmana de les Lletres, tambi\u00e9n en Carre\u00f1o","author":{"@id":"https:\/\/candas365.es\/noticias\/author\/admin\/#author"},"publisher":{"@id":"https:\/\/candas365.es\/noticias\/#organization"},"image":{"@type":"ImageObject","url":"https:\/\/candas365.es\/noticias\/wp-content\/uploads\/2019\/04\/Presentacion-Selmana-de-les-Lletres.jpg","width":1280,"height":960},"datePublished":"2019-04-24T02:42:05+02:00","dateModified":"2019-04-24T02:42:05+02:00","inLanguage":"es-ES","mainEntityOfPage":{"@id":"https:\/\/candas365.es\/noticias\/la-40-selmana-de-les-lletres-tambien-en-carreno\/#webpage"},"isPartOf":{"@id":"https:\/\/candas365.es\/noticias\/la-40-selmana-de-les-lletres-tambien-en-carreno\/#webpage"},"articleSection":"Noticias Carre\u00f1o","dateline":"Publicado el abril 24, 2019."},{"@type":"Organization","@id":"https:\/\/candas365.es\/noticias\/#organization","name":"Cand\u00e1s 365","description":"Cand\u00e1s 365 es un diario digital independiente, fundado en 2012, con base en Asturias. Informamos con rigor sobre actualidad, sociedad, cultura y ocio, con una mirada local y global.","url":"https:\/\/candas365.es\/noticias\/","email":"info@candas365.es","telephone":"+34652131393","foundingDate":"2012-06-10","logo":{"@type":"ImageObject","url":"https:\/\/candas365.es\/noticias\/wp-content\/uploads\/2024\/09\/Candas-365-Redes.jpg","@id":"https:\/\/candas365.es\/noticias\/la-40-selmana-de-les-lletres-tambien-en-carreno\/#organizationLogo","width":1152,"height":864,"caption":"Cand\u00e1s 365 Redes"},"image":{"@id":"https:\/\/candas365.es\/noticias\/la-40-selmana-de-les-lletres-tambien-en-carreno\/#organizationLogo"},"sameAs":["https:\/\/www.facebook.com\/Nachofdezber","https:\/\/x.com\/NabercoDigital","https:\/\/www.instagram.com\/nachofdezber\/","https:\/\/www.youtube.com\/channel\/UCZP-2wLEB9Rv6erhFmqVnvg"],"address":{"@id":"https:\/\/candas365.es\/noticias\/#postaladdress","@type":"PostalAddress","streetAddress":"san antonio 4, san antonio 4","postalCode":"33430","addressLocality":"Cand\u00e1s","addressRegion":"Asturias","addressCountry":"ES"}},{"@type":"Person","@id":"https:\/\/candas365.es\/noticias\/author\/admin\/#author","url":"https:\/\/candas365.es\/noticias\/author\/admin\/","name":"Cand\u00e1s 365","image":{"@type":"ImageObject","@id":"https:\/\/candas365.es\/noticias\/la-40-selmana-de-les-lletres-tambien-en-carreno\/#authorImage","url":"https:\/\/secure.gravatar.com\/avatar\/496a8e03d0c493ede1718b7934145dbdf8d89be1036b0eec9544e1094c9de390?s=96&d=mm&r=g","width":96,"height":96,"caption":"Cand\u00e1s 365"},"sameAs":["https:\/\/www.facebook.com\/carrenoactualidad","https:\/\/twitter.com\/nbasturias","https:\/\/www.instagram.com\/nachofdezber\/","https:\/\/www.youtube.com\/channel\/UCZP-2wLEB9Rv6erhFmqVnvg"]},{"@type":"WebPage","@id":"https:\/\/candas365.es\/noticias\/la-40-selmana-de-les-lletres-tambien-en-carreno\/#webpage","url":"https:\/\/candas365.es\/noticias\/la-40-selmana-de-les-lletres-tambien-en-carreno\/","name":"La 40 Selmana de les Lletres, tambi\u00e9n en Carre\u00f1o | Cand\u00e1s 365","description":"La 40\u00ba edici\u00f3n de la Selmana de les Lletres Asturianes destacar\u00e1 el papel que la m\u00fasica cantada en asturiano y en gallego-asturiano desempe\u00f1a en la normalizaci\u00f3n de ambas lenguas. Desde el viernes y hasta el 9 de mayo se desarrollar\u00e1n actividades de todo tipo repartidas por diez concejos. Habr\u00e1 talleres, exposiciones, homenajes, presentaciones de libros,","inLanguage":"es-ES","isPartOf":{"@id":"https:\/\/candas365.es\/noticias\/#website"},"breadcrumb":{"@id":"https:\/\/candas365.es\/noticias\/la-40-selmana-de-les-lletres-tambien-en-carreno\/#breadcrumblist"},"author":{"@id":"https:\/\/candas365.es\/noticias\/author\/admin\/#author"},"creator":{"@id":"https:\/\/candas365.es\/noticias\/author\/admin\/#author"},"image":{"@type":"ImageObject","url":"https:\/\/candas365.es\/noticias\/wp-content\/uploads\/2019\/04\/Presentacion-Selmana-de-les-Lletres.jpg","@id":"https:\/\/candas365.es\/noticias\/la-40-selmana-de-les-lletres-tambien-en-carreno\/#mainImage","width":1280,"height":960},"primaryImageOfPage":{"@id":"https:\/\/candas365.es\/noticias\/la-40-selmana-de-les-lletres-tambien-en-carreno\/#mainImage"},"datePublished":"2019-04-24T02:42:05+02:00","dateModified":"2019-04-24T02:42:05+02:00"},{"@type":"WebSite","@id":"https:\/\/candas365.es\/noticias\/#website","url":"https:\/\/candas365.es\/noticias\/","name":"Cand\u00e1s 365","alternateName":"Cand\u00e1s 365 Noticias","description":"Actualidad desde Carre\u00f1o para el mundo","inLanguage":"es-ES","publisher":{"@id":"https:\/\/candas365.es\/noticias\/#organization"}}]},"og:locale":"es_ES","og:site_name":"Cand\u00e1s 365","og:type":"article","og:title":"La 40 Selmana de les Lletres, tambi\u00e9n en Carre\u00f1o | Cand\u00e1s 365","og:description":"La 40\u00ba edici\u00f3n de la Selmana de les Lletres Asturianes destacar\u00e1 el papel que la m\u00fasica cantada en asturiano y en gallego-asturiano desempe\u00f1a en la normalizaci\u00f3n de ambas lenguas. Desde el viernes y hasta el 9 de mayo se desarrollar\u00e1n actividades de todo tipo repartidas por diez concejos. Habr\u00e1 talleres, exposiciones, homenajes, presentaciones de libros,","og:url":"https:\/\/candas365.es\/noticias\/la-40-selmana-de-les-lletres-tambien-en-carreno\/","og:image":"https:\/\/candas365.es\/noticias\/wp-content\/uploads\/2019\/04\/Presentacion-Selmana-de-les-Lletres.jpg","og:image:secure_url":"https:\/\/candas365.es\/noticias\/wp-content\/uploads\/2019\/04\/Presentacion-Selmana-de-les-Lletres.jpg","og:image:width":1280,"og:image:height":960,"article:published_time":"2019-04-24T02:42:05+00:00","article:modified_time":"2019-04-24T02:42:05+00:00","article:publisher":"https:\/\/www.facebook.com\/Nachofdezber","article:author":"https:\/\/www.facebook.com\/carrenoactualidad","twitter:card":"summary_large_image","twitter:site":"@NabercoDigital","twitter:title":"La 40 Selmana de les Lletres, tambi\u00e9n en Carre\u00f1o | Cand\u00e1s 365","twitter:description":"La 40\u00ba edici\u00f3n de la Selmana de les Lletres Asturianes destacar\u00e1 el papel que la m\u00fasica cantada en asturiano y en gallego-asturiano desempe\u00f1a en la normalizaci\u00f3n de ambas lenguas. Desde el viernes y hasta el 9 de mayo se desarrollar\u00e1n actividades de todo tipo repartidas por diez concejos. Habr\u00e1 talleres, exposiciones, homenajes, presentaciones de libros,","twitter:creator":"@nbasturias","twitter:image":"https:\/\/candas365.es\/noticias\/wp-content\/uploads\/2019\/04\/Presentacion-Selmana-de-les-Lletres.jpg","twitter:label1":"Escrito por","twitter:data1":"Cand\u00e1s 365","twitter:label2":"Tiempo de lectura estimado","twitter:data2":"4 minutos"},"aioseo_meta_data":{"post_id":"121363","title":null,"description":null,"keywords":null,"keyphrases":null,"primary_term":null,"canonical_url":null,"og_title":null,"og_description":null,"og_object_type":"default","og_image_type":"default","og_image_url":null,"og_image_width":null,"og_image_height":null,"og_image_custom_url":null,"og_image_custom_fields":null,"og_video":null,"og_custom_url":null,"og_article_section":null,"og_article_tags":null,"twitter_use_og":false,"twitter_card":"default","twitter_image_type":"default","twitter_image_url":null,"twitter_image_custom_url":null,"twitter_image_custom_fields":null,"twitter_title":null,"twitter_description":null,"schema":{"blockGraphs":[],"customGraphs":[],"default":{"data":{"Article":[],"Course":[],"Dataset":[],"FAQPage":[],"Movie":[],"Person":[],"Product":[],"ProductReview":[],"Car":[],"Recipe":[],"Service":[],"SoftwareApplication":[],"WebPage":[]},"graphName":"","isEnabled":true},"graphs":[],"defaultGraph":"","defaultPostTypeGraph":""},"schema_type":null,"schema_type_options":null,"pillar_content":false,"robots_default":true,"robots_noindex":false,"robots_noarchive":false,"robots_nosnippet":false,"robots_nofollow":false,"robots_noimageindex":false,"robots_noodp":false,"robots_notranslate":false,"robots_max_snippet":null,"robots_max_videopreview":null,"robots_max_imagepreview":"large","priority":null,"frequency":null,"location":null,"local_seo":null,"seo_analyzer_scan_date":"2025-08-29 19:52:19","breadcrumb_settings":null,"limit_modified_date":false,"reviewed_by":null,"open_ai":null,"ai":null,"created":"2020-12-21 10:58:19","updated":"2025-08-29 19:52:20"},"aioseo_breadcrumb":"<div class=\"aioseo-breadcrumbs\"><span class=\"aioseo-breadcrumb\">\n\t<a href=\"https:\/\/candas365.es\/noticias\" title=\"Home\">Home<\/a>\n<\/span><span class=\"aioseo-breadcrumb-separator\">&ndash;<\/span><span class=\"aioseo-breadcrumb\">\n\t<a href=\"https:\/\/candas365.es\/noticias\/category\/noticias-carreno\/\" title=\"Noticias Carre\u00f1o\">Noticias Carre\u00f1o<\/a>\n<\/span><span class=\"aioseo-breadcrumb-separator\">&ndash;<\/span><span class=\"aioseo-breadcrumb\">\n\tLa 40 Selmana de les Lletres, tambi\u00e9n en Carre\u00f1o\n<\/span><\/div>","aioseo_breadcrumb_json":[{"label":"Home","link":"https:\/\/candas365.es\/noticias"},{"label":"Noticias Carre\u00f1o","link":"https:\/\/candas365.es\/noticias\/category\/noticias-carreno\/"},{"label":"La 40 Selmana de les Lletres, tambi\u00e9n en Carre\u00f1o","link":"https:\/\/candas365.es\/noticias\/la-40-selmana-de-les-lletres-tambien-en-carreno\/"}],"_links":{"self":[{"href":"https:\/\/candas365.es\/noticias\/wp-json\/wp\/v2\/posts\/121363","targetHints":{"allow":["GET"]}}],"collection":[{"href":"https:\/\/candas365.es\/noticias\/wp-json\/wp\/v2\/posts"}],"about":[{"href":"https:\/\/candas365.es\/noticias\/wp-json\/wp\/v2\/types\/post"}],"author":[{"embeddable":true,"href":"https:\/\/candas365.es\/noticias\/wp-json\/wp\/v2\/users\/1"}],"replies":[{"embeddable":true,"href":"https:\/\/candas365.es\/noticias\/wp-json\/wp\/v2\/comments?post=121363"}],"version-history":[{"count":0,"href":"https:\/\/candas365.es\/noticias\/wp-json\/wp\/v2\/posts\/121363\/revisions"}],"wp:featuredmedia":[{"embeddable":true,"href":"https:\/\/candas365.es\/noticias\/wp-json\/wp\/v2\/media\/121364"}],"wp:attachment":[{"href":"https:\/\/candas365.es\/noticias\/wp-json\/wp\/v2\/media?parent=121363"}],"wp:term":[{"taxonomy":"category","embeddable":true,"href":"https:\/\/candas365.es\/noticias\/wp-json\/wp\/v2\/categories?post=121363"},{"taxonomy":"post_tag","embeddable":true,"href":"https:\/\/candas365.es\/noticias\/wp-json\/wp\/v2\/tags?post=121363"}],"curies":[{"name":"wp","href":"https:\/\/api.w.org\/{rel}","templated":true}]}}