{"id":121281,"date":"2019-04-22T16:14:15","date_gmt":"2019-04-22T16:14:15","guid":{"rendered":"http:\/\/candas365.es\/noticias\/?p=121281"},"modified":"2019-04-22T16:14:15","modified_gmt":"2019-04-22T16:14:15","slug":"encuentro-anual-de-mujeres-con-tiempo-propio-en-carreno","status":"publish","type":"post","link":"https:\/\/candas365.es\/noticias\/encuentro-anual-de-mujeres-con-tiempo-propio-en-carreno\/","title":{"rendered":"Encuentro anual de \u201cMujeres con Tiempo Propio\u201d en Carre\u00f1o"},"content":{"rendered":"<p><img fetchpriority=\"high\" decoding=\"async\" class=\"alignleft size-medium wp-image-6453\" src=\"https:\/\/candas365.es\/noticias\/wp-content\/uploads\/2015\/01\/ayuntamiento-360x270.jpg\" alt=\"\" width=\"360\" height=\"270\" srcset=\"https:\/\/candas365.es\/noticias\/wp-content\/uploads\/2015\/01\/ayuntamiento-360x270.jpg 360w, https:\/\/candas365.es\/noticias\/wp-content\/uploads\/2015\/01\/ayuntamiento-640x480.jpg 640w, https:\/\/candas365.es\/noticias\/wp-content\/uploads\/2015\/01\/ayuntamiento-768x576.jpg 768w, https:\/\/candas365.es\/noticias\/wp-content\/uploads\/2015\/01\/ayuntamiento-150x113.jpg 150w, https:\/\/candas365.es\/noticias\/wp-content\/uploads\/2015\/01\/ayuntamiento-450x338.jpg 450w, https:\/\/candas365.es\/noticias\/wp-content\/uploads\/2015\/01\/ayuntamiento-80x60.jpg 80w, https:\/\/candas365.es\/noticias\/wp-content\/uploads\/2015\/01\/ayuntamiento-265x198.jpg 265w, https:\/\/candas365.es\/noticias\/wp-content\/uploads\/2015\/01\/ayuntamiento-696x522.jpg 696w, https:\/\/candas365.es\/noticias\/wp-content\/uploads\/2015\/01\/ayuntamiento-560x420.jpg 560w, https:\/\/candas365.es\/noticias\/wp-content\/uploads\/2015\/01\/ayuntamiento-90x67.jpg 90w, https:\/\/candas365.es\/noticias\/wp-content\/uploads\/2015\/01\/ayuntamiento.jpg 800w\" sizes=\"(max-width: 360px) 100vw, 360px\" \/>El Viernes, 3 de Mayo, la asociaci\u00f3n regional \u201cMujeres con Tiempo Propio\u201d que preside la sierense Mar\u00eda Camporro celebrar\u00e1 en Carre\u00f1o la XIII Jornada de encuentro anual de las socias de la entidad. Carre\u00f1o coge, de este modo, el testigo de San Mart\u00edn del Rey Aurelio, al haberse celebrado en El Entrego el \u00faltimo encuentro auton\u00f3mico.<\/p>\n<p>La asociaci\u00f3n \u201cMujeres con Tiempo Propio\u201d tiene presencia en doce concejos de Asturias. El colectivo naci\u00f3 a ra\u00edz del programa del mismo nombre, que fue pionero y que impuls\u00f3 muchos talleres y actividades para las mujeres mayores de 50 a\u00f1os. La asociaci\u00f3n cogi\u00f3 el relevo de este programa, y organiza cursos de todo tipo, principalmente culturales y relacionados con la actividad f\u00edsica y la salud, durante todo el a\u00f1o. A lo largo del a\u00f1o organizan todo tipo de actividades en los doce concejos en los que est\u00e1 arraigada. Hacen talleres culturales, de salud, de igualdad&#8230; En Carre\u00f1o la asociaci\u00f3n regional cuenta con una Vocal\u00eda que lidera una vecina de Piedeloro, Mariv\u00ed Alonso.<\/p>\n<p>\u00abEl programa Tiempo Propio en Asturias fue, en su momento pionero, y actividades como las que vienen impulsando para las mujeres que ya concluyeron el mismo siguen siendo necesario. Reivindican la cultura y sobre todo, la igualdad. Agradecer a la Vocal\u00eda de Carre\u00f1o el esfuerzo que, a\u00f1o tras a\u00f1o, asumen para llevar a cabo los talleres que desarrollan aqu\u00ed y a la directiva regional por confiar en nuestro concejo como destino y anfitri\u00f3n de este encuentro regional\u201d \u2013 se\u00f1al\u00f3 Amelia Fern\u00e1ndez, Alcaldesa de Carre\u00f1o.<\/p>\n<p>Est\u00e1 previsto que a las 10,50 horas de dicho d\u00eda comiencen a llegar los 6 autocares a Cand\u00e1s. A tal fin, la polic\u00eda local de Carre\u00f1o trabaja coordinadamente con la entidad para organizar la llegada, carga y descarga en aras de facilitar la movilidad de las participantes.<\/p>\n<p>A las 11 horas se realizar\u00e1 en el Teatro Prendes el acto de recepci\u00f3n y bienvenida en el que participar\u00e1n la Directora del Instituto Asturiano de la Mujer, la Presidenta de la Asociaci\u00f3n, la Alcaldesa de Carre\u00f1o y representantes del resto de municipios que participan en el Encuentro Regional. En el transcurso del acto se proyectar\u00e1 el v\u00eddeo editado por el consistorio carre\u00f1ense sobre los oficios tradicionales de la mar con motivo del D\u00eda Internacional de la Mujer.<\/p>\n<p>De 12 a 14 horas realizar\u00e1 visitas simult\u00e1neas se dividir\u00e1 el grupo a la mitad y rotar\u00e1n por las visitas. Tres autocares ir\u00e1n primero a COGERSA de 12 a 13 horas. Participar\u00e1n en una visita guiada a las instalaciones para conocer el proceso de gesti\u00f3n de los residuos en Asturias. Los otros tres ir\u00e1n al Centro de Iniciativa Rural en Tam\u00f3n y realizar\u00e1n una visita guiada la Casa de acogida de la familia ferroviaria. Terminada \u00e9sta ir\u00e1n a COGERSA mientras que el grupo que estuvo en COGERSA pasar\u00e1 al centro de Tam\u00f3n. En el aula did\u00e1ctica sobre el Ferrocarril de Carre\u00f1o, Bego\u00f1a Gonz\u00e1lez, arrendataria y gestora de las instalaciones municipales, les recibir\u00e1 para conocer las instalaciones y mostrarles la fuerte huella del ferrocarril en la historia y territorio carre\u00f1ense. La Casa de Acogida de la familia ferroviaria cuenta con una Superficie \u00fatil de 102,09 m2 y es un aula did\u00e1ctica, sobre la historia del ferrocarril en Carre\u00f1o y la sociedad ferroviaria. Lo regenta, en el marco de una concesi\u00f3n municipal una emprendedora carre\u00f1ense. Desde \u00e9l, y en colaboraci\u00f3n municipal, se impulsan peri\u00f3dicamente actividades vinculadas a la Puesta en Valor del PHCF (Patrimonio Hist\u00f3rico y Cultural Ferroviario ) asociados al Programa de la Fundaci\u00f3n Estatal en pro de la preservaci\u00f3n del patrimonio hist\u00f3rico y cultural del ferrocarril. La Casa de Acogida de la familia ferroviaria y la Cantina anexa est\u00e1n adheridas al Sistema de centros asociados al programa estatal de puesta en valor del Patrimonio Hist\u00f3rico cultural ferroviario. Estos dos equipamientos municipales se integran dentro de un complejo p\u00fablico m\u00e1s amplio el Centro de Iniciativa Rural de Tam\u00f3n ( CIR de Tam\u00f3n), que incluye los locales de las antiguas escuelas ( hoy en desuso como centro escolar) y un edificio anexo construido con fondos europeos.<\/p>\n<p>Desde el consistorio local se ha contactado con obradores de mara\u00f1uelas y artesanos\/as locales al objeto de valorar fijar una zona de exposici\u00f3n y venta de productos durante el encuentro.<\/p>\n<p>A las 14,30 horas todas las participantes se congregar\u00e1n en un establecimiento hostelero de Perlora. En el que podr\u00e1n visitar, previo a la comida de confraternizaci\u00f3n, la exposici\u00f3n \u201cUn paso atr\u00e1s para coger impulso\u201d del Instituto Asturiano de la Mujer.<\/p>\n<p>Tras la comida, tendr\u00e1n de 17 a 19 horas actividades socioculturales, entre las que destaca la actuaci\u00f3n teatral del grupo amateur local \u201c Les Ayalgues de Carre\u00f1o\u201d. Dicho grupo, bajo la direcci\u00f3n de Gemma de Luis representar\u00e1n varios mon\u00f3logos y escenas c\u00f3micas de su espect\u00e1culo \u00abMujeres a contracorriente\u00bb con el denominador com\u00fan de interpretar personajes disparatados en situaciones a\u00fan m\u00e1s disparatadas y lograr as\u00ed la diversi\u00f3n de todas las asistentes. Participar\u00e1n en total 15 actrices y la representaci\u00f3n teatral tendr\u00e1 una duraci\u00f3n aproximada de 25 minutos.<\/p>\n<p>A las 19 horas partir\u00e1n de Carre\u00f1o a sus hogares las 250 participantes.<\/p>\n","protected":false},"excerpt":{"rendered":"<p>El Viernes, 3 de Mayo, la asociaci\u00f3n regional \u201cMujeres con Tiempo Propio\u201d que preside la sierense Mar\u00eda Camporro celebrar\u00e1 en Carre\u00f1o la XIII Jornada de encuentro anual de las socias de la entidad. Carre\u00f1o coge, de este modo, el testigo de San Mart\u00edn del Rey Aurelio, al haberse celebrado en El Entrego el \u00faltimo encuentro<\/p>\n","protected":false},"author":1,"featured_media":6453,"comment_status":"closed","ping_status":"closed","sticky":false,"template":"","format":"standard","meta":{"footnotes":""},"categories":[2],"tags":[],"class_list":{"0":"post-121281","1":"post","2":"type-post","3":"status-publish","4":"format-standard","5":"has-post-thumbnail","7":"category-noticias-carreno"},"aioseo_notices":[],"aioseo_head":"\n\t\t<!-- All in One SEO Pro 4.9.6.2 - aioseo.com -->\n\t<meta name=\"description\" content=\"El Viernes, 3 de Mayo, la asociaci\u00f3n regional \u201cMujeres con Tiempo Propio\u201d que preside la sierense Mar\u00eda Camporro celebrar\u00e1 en Carre\u00f1o la XIII Jornada de encuentro anual de las socias de la entidad. Carre\u00f1o coge, de este modo, el testigo de San Mart\u00edn del Rey Aurelio, al haberse celebrado en El Entrego el \u00faltimo encuentro\" \/>\n\t<meta name=\"robots\" content=\"max-image-preview:large\" \/>\n\t<meta name=\"author\" content=\"Cand\u00e1s 365\"\/>\n\t<meta name=\"google-site-verification\" content=\"UA-32230408-1\" \/>\n\t<meta name=\"msvalidate.01\" content=\"354F3CDFB2DA171B47FBE9ABF1F88D5\" \/>\n\t<meta name=\"keywords\" content=\"noticias carre\u00f1o\" \/>\n\t<link rel=\"canonical\" href=\"https:\/\/candas365.es\/noticias\/encuentro-anual-de-mujeres-con-tiempo-propio-en-carreno\/\" \/>\n\t<meta name=\"generator\" content=\"All in One SEO Pro (AIOSEO) 4.9.6.2\" \/>\n\t\t<meta property=\"og:locale\" content=\"es_ES\" \/>\n\t\t<meta property=\"og:site_name\" content=\"Cand\u00e1s 365\" \/>\n\t\t<meta property=\"og:type\" content=\"article\" \/>\n\t\t<meta property=\"og:title\" content=\"Encuentro anual de \u201cMujeres con Tiempo Propio\u201d en Carre\u00f1o | Cand\u00e1s 365\" \/>\n\t\t<meta property=\"og:description\" content=\"El Viernes, 3 de Mayo, la asociaci\u00f3n regional \u201cMujeres con Tiempo Propio\u201d que preside la sierense Mar\u00eda Camporro celebrar\u00e1 en Carre\u00f1o la XIII Jornada de encuentro anual de las socias de la entidad. Carre\u00f1o coge, de este modo, el testigo de San Mart\u00edn del Rey Aurelio, al haberse celebrado en El Entrego el \u00faltimo encuentro\" \/>\n\t\t<meta property=\"og:url\" content=\"https:\/\/candas365.es\/noticias\/encuentro-anual-de-mujeres-con-tiempo-propio-en-carreno\/\" \/>\n\t\t<meta property=\"og:image\" content=\"https:\/\/candas365.es\/noticias\/wp-content\/uploads\/2015\/01\/ayuntamiento.jpg\" \/>\n\t\t<meta property=\"og:image:secure_url\" content=\"https:\/\/candas365.es\/noticias\/wp-content\/uploads\/2015\/01\/ayuntamiento.jpg\" \/>\n\t\t<meta property=\"og:image:width\" content=\"800\" \/>\n\t\t<meta property=\"og:image:height\" content=\"600\" \/>\n\t\t<meta property=\"article:published_time\" content=\"2019-04-22T16:14:15+00:00\" \/>\n\t\t<meta property=\"article:modified_time\" content=\"2019-04-22T16:14:15+00:00\" \/>\n\t\t<meta property=\"article:publisher\" content=\"https:\/\/www.facebook.com\/Nachofdezber\" \/>\n\t\t<meta property=\"article:author\" content=\"https:\/\/www.facebook.com\/carrenoactualidad\" \/>\n\t\t<meta name=\"twitter:card\" content=\"summary_large_image\" \/>\n\t\t<meta name=\"twitter:site\" content=\"@NabercoDigital\" \/>\n\t\t<meta name=\"twitter:title\" content=\"Encuentro anual de \u201cMujeres con Tiempo Propio\u201d en Carre\u00f1o | Cand\u00e1s 365\" \/>\n\t\t<meta name=\"twitter:description\" content=\"El Viernes, 3 de Mayo, la asociaci\u00f3n regional \u201cMujeres con Tiempo Propio\u201d que preside la sierense Mar\u00eda Camporro celebrar\u00e1 en Carre\u00f1o la XIII Jornada de encuentro anual de las socias de la entidad. Carre\u00f1o coge, de este modo, el testigo de San Mart\u00edn del Rey Aurelio, al haberse celebrado en El Entrego el \u00faltimo encuentro\" \/>\n\t\t<meta name=\"twitter:creator\" content=\"@nbasturias\" \/>\n\t\t<meta name=\"twitter:image\" content=\"https:\/\/candas365.es\/noticias\/wp-content\/uploads\/2015\/01\/ayuntamiento.jpg\" \/>\n\t\t<meta name=\"twitter:label1\" content=\"Escrito por\" \/>\n\t\t<meta name=\"twitter:data1\" content=\"Cand\u00e1s 365\" \/>\n\t\t<meta name=\"twitter:label2\" content=\"Tiempo de lectura estimado\" \/>\n\t\t<meta name=\"twitter:data2\" content=\"5 minutos\" \/>\n\t\t<script type=\"application\/ld+json\" class=\"aioseo-schema\">\n\t\t\t{\"@context\":\"https:\\\/\\\/schema.org\",\"@graph\":[{\"@type\":\"BreadcrumbList\",\"@id\":\"https:\\\/\\\/candas365.es\\\/noticias\\\/encuentro-anual-de-mujeres-con-tiempo-propio-en-carreno\\\/#breadcrumblist\",\"itemListElement\":[{\"@type\":\"ListItem\",\"@id\":\"https:\\\/\\\/candas365.es\\\/noticias#listItem\",\"position\":1,\"name\":\"Home\",\"item\":\"https:\\\/\\\/candas365.es\\\/noticias\",\"nextItem\":{\"@type\":\"ListItem\",\"@id\":\"https:\\\/\\\/candas365.es\\\/noticias\\\/category\\\/noticias-carreno\\\/#listItem\",\"name\":\"Noticias Carre\\u00f1o\"}},{\"@type\":\"ListItem\",\"@id\":\"https:\\\/\\\/candas365.es\\\/noticias\\\/category\\\/noticias-carreno\\\/#listItem\",\"position\":2,\"name\":\"Noticias Carre\\u00f1o\",\"item\":\"https:\\\/\\\/candas365.es\\\/noticias\\\/category\\\/noticias-carreno\\\/\",\"nextItem\":{\"@type\":\"ListItem\",\"@id\":\"https:\\\/\\\/candas365.es\\\/noticias\\\/encuentro-anual-de-mujeres-con-tiempo-propio-en-carreno\\\/#listItem\",\"name\":\"Encuentro anual de \\u201cMujeres con Tiempo Propio\\u201d en Carre\\u00f1o\"},\"previousItem\":{\"@type\":\"ListItem\",\"@id\":\"https:\\\/\\\/candas365.es\\\/noticias#listItem\",\"name\":\"Home\"}},{\"@type\":\"ListItem\",\"@id\":\"https:\\\/\\\/candas365.es\\\/noticias\\\/encuentro-anual-de-mujeres-con-tiempo-propio-en-carreno\\\/#listItem\",\"position\":3,\"name\":\"Encuentro anual de \\u201cMujeres con Tiempo Propio\\u201d en Carre\\u00f1o\",\"previousItem\":{\"@type\":\"ListItem\",\"@id\":\"https:\\\/\\\/candas365.es\\\/noticias\\\/category\\\/noticias-carreno\\\/#listItem\",\"name\":\"Noticias Carre\\u00f1o\"}}]},{\"@type\":\"NewsArticle\",\"@id\":\"https:\\\/\\\/candas365.es\\\/noticias\\\/encuentro-anual-de-mujeres-con-tiempo-propio-en-carreno\\\/#newsarticle\",\"name\":\"Encuentro anual de \\u201cMujeres con Tiempo Propio\\u201d en Carre\\u00f1o | Cand\\u00e1s 365\",\"headline\":\"Encuentro anual de \\u201cMujeres con Tiempo Propio\\u201d en Carre\\u00f1o\",\"author\":{\"@id\":\"https:\\\/\\\/candas365.es\\\/noticias\\\/author\\\/admin\\\/#author\"},\"publisher\":{\"@id\":\"https:\\\/\\\/candas365.es\\\/noticias\\\/#organization\"},\"image\":{\"@type\":\"ImageObject\",\"url\":\"https:\\\/\\\/candas365.es\\\/noticias\\\/wp-content\\\/uploads\\\/2015\\\/01\\\/ayuntamiento.jpg\",\"width\":800,\"height\":600,\"caption\":\"Carre\\u00f1o\"},\"datePublished\":\"2019-04-22T16:14:15+02:00\",\"dateModified\":\"2019-04-22T16:14:15+02:00\",\"inLanguage\":\"es-ES\",\"mainEntityOfPage\":{\"@id\":\"https:\\\/\\\/candas365.es\\\/noticias\\\/encuentro-anual-de-mujeres-con-tiempo-propio-en-carreno\\\/#webpage\"},\"isPartOf\":{\"@id\":\"https:\\\/\\\/candas365.es\\\/noticias\\\/encuentro-anual-de-mujeres-con-tiempo-propio-en-carreno\\\/#webpage\"},\"articleSection\":\"Noticias Carre\\u00f1o\",\"dateline\":\"Publicado el abril 22, 2019.\"},{\"@type\":\"Organization\",\"@id\":\"https:\\\/\\\/candas365.es\\\/noticias\\\/#organization\",\"name\":\"Cand\\u00e1s 365\",\"description\":\"Cand\\u00e1s 365 es un diario digital independiente, fundado en 2012, con base en Asturias. Informamos con rigor sobre actualidad, sociedad, cultura y ocio, con una mirada local y global.\",\"url\":\"https:\\\/\\\/candas365.es\\\/noticias\\\/\",\"email\":\"info@candas365.es\",\"telephone\":\"+34652131393\",\"foundingDate\":\"2012-06-10\",\"logo\":{\"@type\":\"ImageObject\",\"url\":\"https:\\\/\\\/candas365.es\\\/noticias\\\/wp-content\\\/uploads\\\/2024\\\/09\\\/Candas-365-Redes.jpg\",\"@id\":\"https:\\\/\\\/candas365.es\\\/noticias\\\/encuentro-anual-de-mujeres-con-tiempo-propio-en-carreno\\\/#organizationLogo\",\"width\":1152,\"height\":864,\"caption\":\"Cand\\u00e1s 365 Redes\"},\"image\":{\"@id\":\"https:\\\/\\\/candas365.es\\\/noticias\\\/encuentro-anual-de-mujeres-con-tiempo-propio-en-carreno\\\/#organizationLogo\"},\"sameAs\":[\"https:\\\/\\\/www.facebook.com\\\/Nachofdezber\",\"https:\\\/\\\/x.com\\\/NabercoDigital\",\"https:\\\/\\\/www.instagram.com\\\/nachofdezber\\\/\",\"https:\\\/\\\/www.youtube.com\\\/channel\\\/UCZP-2wLEB9Rv6erhFmqVnvg\"],\"address\":{\"@id\":\"https:\\\/\\\/candas365.es\\\/noticias\\\/#postaladdress\",\"@type\":\"PostalAddress\",\"streetAddress\":\"san antonio 4, san antonio 4\",\"postalCode\":\"33430\",\"addressLocality\":\"Cand\\u00e1s\",\"addressRegion\":\"Asturias\",\"addressCountry\":\"ES\"}},{\"@type\":\"Person\",\"@id\":\"https:\\\/\\\/candas365.es\\\/noticias\\\/author\\\/admin\\\/#author\",\"url\":\"https:\\\/\\\/candas365.es\\\/noticias\\\/author\\\/admin\\\/\",\"name\":\"Cand\\u00e1s 365\",\"image\":{\"@type\":\"ImageObject\",\"@id\":\"https:\\\/\\\/candas365.es\\\/noticias\\\/encuentro-anual-de-mujeres-con-tiempo-propio-en-carreno\\\/#authorImage\",\"url\":\"https:\\\/\\\/secure.gravatar.com\\\/avatar\\\/496a8e03d0c493ede1718b7934145dbdf8d89be1036b0eec9544e1094c9de390?s=96&d=mm&r=g\",\"width\":96,\"height\":96,\"caption\":\"Cand\\u00e1s 365\"},\"sameAs\":[\"https:\\\/\\\/www.facebook.com\\\/carrenoactualidad\",\"https:\\\/\\\/twitter.com\\\/nbasturias\",\"https:\\\/\\\/www.instagram.com\\\/nachofdezber\\\/\",\"https:\\\/\\\/www.youtube.com\\\/channel\\\/UCZP-2wLEB9Rv6erhFmqVnvg\"]},{\"@type\":\"WebPage\",\"@id\":\"https:\\\/\\\/candas365.es\\\/noticias\\\/encuentro-anual-de-mujeres-con-tiempo-propio-en-carreno\\\/#webpage\",\"url\":\"https:\\\/\\\/candas365.es\\\/noticias\\\/encuentro-anual-de-mujeres-con-tiempo-propio-en-carreno\\\/\",\"name\":\"Encuentro anual de \\u201cMujeres con Tiempo Propio\\u201d en Carre\\u00f1o | Cand\\u00e1s 365\",\"description\":\"El Viernes, 3 de Mayo, la asociaci\\u00f3n regional \\u201cMujeres con Tiempo Propio\\u201d que preside la sierense Mar\\u00eda Camporro celebrar\\u00e1 en Carre\\u00f1o la XIII Jornada de encuentro anual de las socias de la entidad. Carre\\u00f1o coge, de este modo, el testigo de San Mart\\u00edn del Rey Aurelio, al haberse celebrado en El Entrego el \\u00faltimo encuentro\",\"inLanguage\":\"es-ES\",\"isPartOf\":{\"@id\":\"https:\\\/\\\/candas365.es\\\/noticias\\\/#website\"},\"breadcrumb\":{\"@id\":\"https:\\\/\\\/candas365.es\\\/noticias\\\/encuentro-anual-de-mujeres-con-tiempo-propio-en-carreno\\\/#breadcrumblist\"},\"author\":{\"@id\":\"https:\\\/\\\/candas365.es\\\/noticias\\\/author\\\/admin\\\/#author\"},\"creator\":{\"@id\":\"https:\\\/\\\/candas365.es\\\/noticias\\\/author\\\/admin\\\/#author\"},\"image\":{\"@type\":\"ImageObject\",\"url\":\"https:\\\/\\\/candas365.es\\\/noticias\\\/wp-content\\\/uploads\\\/2015\\\/01\\\/ayuntamiento.jpg\",\"@id\":\"https:\\\/\\\/candas365.es\\\/noticias\\\/encuentro-anual-de-mujeres-con-tiempo-propio-en-carreno\\\/#mainImage\",\"width\":800,\"height\":600,\"caption\":\"Carre\\u00f1o\"},\"primaryImageOfPage\":{\"@id\":\"https:\\\/\\\/candas365.es\\\/noticias\\\/encuentro-anual-de-mujeres-con-tiempo-propio-en-carreno\\\/#mainImage\"},\"datePublished\":\"2019-04-22T16:14:15+02:00\",\"dateModified\":\"2019-04-22T16:14:15+02:00\"},{\"@type\":\"WebSite\",\"@id\":\"https:\\\/\\\/candas365.es\\\/noticias\\\/#website\",\"url\":\"https:\\\/\\\/candas365.es\\\/noticias\\\/\",\"name\":\"Cand\\u00e1s 365\",\"alternateName\":\"Cand\\u00e1s 365 Noticias\",\"description\":\"Actualidad desde Carre\\u00f1o para el mundo\",\"inLanguage\":\"es-ES\",\"publisher\":{\"@id\":\"https:\\\/\\\/candas365.es\\\/noticias\\\/#organization\"}}]}\n\t\t<\/script>\n\t\t<!-- All in One SEO Pro -->\r\n\t\t<title>Encuentro anual de \u201cMujeres con Tiempo Propio\u201d en Carre\u00f1o | Cand\u00e1s 365<\/title>\n\n","aioseo_head_json":{"title":"Encuentro anual de \u201cMujeres con Tiempo Propio\u201d en Carre\u00f1o | Cand\u00e1s 365","description":"El Viernes, 3 de Mayo, la asociaci\u00f3n regional \u201cMujeres con Tiempo Propio\u201d que preside la sierense Mar\u00eda Camporro celebrar\u00e1 en Carre\u00f1o la XIII Jornada de encuentro anual de las socias de la entidad. Carre\u00f1o coge, de este modo, el testigo de San Mart\u00edn del Rey Aurelio, al haberse celebrado en El Entrego el \u00faltimo encuentro","canonical_url":"https:\/\/candas365.es\/noticias\/encuentro-anual-de-mujeres-con-tiempo-propio-en-carreno\/","robots":"max-image-preview:large","keywords":"noticias carre\u00f1o","webmasterTools":{"google-site-verification":"UA-32230408-1","msvalidate.01":"354F3CDFB2DA171B47FBE9ABF1F88D5","miscellaneous":""},"schema":{"@context":"https:\/\/schema.org","@graph":[{"@type":"BreadcrumbList","@id":"https:\/\/candas365.es\/noticias\/encuentro-anual-de-mujeres-con-tiempo-propio-en-carreno\/#breadcrumblist","itemListElement":[{"@type":"ListItem","@id":"https:\/\/candas365.es\/noticias#listItem","position":1,"name":"Home","item":"https:\/\/candas365.es\/noticias","nextItem":{"@type":"ListItem","@id":"https:\/\/candas365.es\/noticias\/category\/noticias-carreno\/#listItem","name":"Noticias Carre\u00f1o"}},{"@type":"ListItem","@id":"https:\/\/candas365.es\/noticias\/category\/noticias-carreno\/#listItem","position":2,"name":"Noticias Carre\u00f1o","item":"https:\/\/candas365.es\/noticias\/category\/noticias-carreno\/","nextItem":{"@type":"ListItem","@id":"https:\/\/candas365.es\/noticias\/encuentro-anual-de-mujeres-con-tiempo-propio-en-carreno\/#listItem","name":"Encuentro anual de \u201cMujeres con Tiempo Propio\u201d en Carre\u00f1o"},"previousItem":{"@type":"ListItem","@id":"https:\/\/candas365.es\/noticias#listItem","name":"Home"}},{"@type":"ListItem","@id":"https:\/\/candas365.es\/noticias\/encuentro-anual-de-mujeres-con-tiempo-propio-en-carreno\/#listItem","position":3,"name":"Encuentro anual de \u201cMujeres con Tiempo Propio\u201d en Carre\u00f1o","previousItem":{"@type":"ListItem","@id":"https:\/\/candas365.es\/noticias\/category\/noticias-carreno\/#listItem","name":"Noticias Carre\u00f1o"}}]},{"@type":"NewsArticle","@id":"https:\/\/candas365.es\/noticias\/encuentro-anual-de-mujeres-con-tiempo-propio-en-carreno\/#newsarticle","name":"Encuentro anual de \u201cMujeres con Tiempo Propio\u201d en Carre\u00f1o | Cand\u00e1s 365","headline":"Encuentro anual de \u201cMujeres con Tiempo Propio\u201d en Carre\u00f1o","author":{"@id":"https:\/\/candas365.es\/noticias\/author\/admin\/#author"},"publisher":{"@id":"https:\/\/candas365.es\/noticias\/#organization"},"image":{"@type":"ImageObject","url":"https:\/\/candas365.es\/noticias\/wp-content\/uploads\/2015\/01\/ayuntamiento.jpg","width":800,"height":600,"caption":"Carre\u00f1o"},"datePublished":"2019-04-22T16:14:15+02:00","dateModified":"2019-04-22T16:14:15+02:00","inLanguage":"es-ES","mainEntityOfPage":{"@id":"https:\/\/candas365.es\/noticias\/encuentro-anual-de-mujeres-con-tiempo-propio-en-carreno\/#webpage"},"isPartOf":{"@id":"https:\/\/candas365.es\/noticias\/encuentro-anual-de-mujeres-con-tiempo-propio-en-carreno\/#webpage"},"articleSection":"Noticias Carre\u00f1o","dateline":"Publicado el abril 22, 2019."},{"@type":"Organization","@id":"https:\/\/candas365.es\/noticias\/#organization","name":"Cand\u00e1s 365","description":"Cand\u00e1s 365 es un diario digital independiente, fundado en 2012, con base en Asturias. Informamos con rigor sobre actualidad, sociedad, cultura y ocio, con una mirada local y global.","url":"https:\/\/candas365.es\/noticias\/","email":"info@candas365.es","telephone":"+34652131393","foundingDate":"2012-06-10","logo":{"@type":"ImageObject","url":"https:\/\/candas365.es\/noticias\/wp-content\/uploads\/2024\/09\/Candas-365-Redes.jpg","@id":"https:\/\/candas365.es\/noticias\/encuentro-anual-de-mujeres-con-tiempo-propio-en-carreno\/#organizationLogo","width":1152,"height":864,"caption":"Cand\u00e1s 365 Redes"},"image":{"@id":"https:\/\/candas365.es\/noticias\/encuentro-anual-de-mujeres-con-tiempo-propio-en-carreno\/#organizationLogo"},"sameAs":["https:\/\/www.facebook.com\/Nachofdezber","https:\/\/x.com\/NabercoDigital","https:\/\/www.instagram.com\/nachofdezber\/","https:\/\/www.youtube.com\/channel\/UCZP-2wLEB9Rv6erhFmqVnvg"],"address":{"@id":"https:\/\/candas365.es\/noticias\/#postaladdress","@type":"PostalAddress","streetAddress":"san antonio 4, san antonio 4","postalCode":"33430","addressLocality":"Cand\u00e1s","addressRegion":"Asturias","addressCountry":"ES"}},{"@type":"Person","@id":"https:\/\/candas365.es\/noticias\/author\/admin\/#author","url":"https:\/\/candas365.es\/noticias\/author\/admin\/","name":"Cand\u00e1s 365","image":{"@type":"ImageObject","@id":"https:\/\/candas365.es\/noticias\/encuentro-anual-de-mujeres-con-tiempo-propio-en-carreno\/#authorImage","url":"https:\/\/secure.gravatar.com\/avatar\/496a8e03d0c493ede1718b7934145dbdf8d89be1036b0eec9544e1094c9de390?s=96&d=mm&r=g","width":96,"height":96,"caption":"Cand\u00e1s 365"},"sameAs":["https:\/\/www.facebook.com\/carrenoactualidad","https:\/\/twitter.com\/nbasturias","https:\/\/www.instagram.com\/nachofdezber\/","https:\/\/www.youtube.com\/channel\/UCZP-2wLEB9Rv6erhFmqVnvg"]},{"@type":"WebPage","@id":"https:\/\/candas365.es\/noticias\/encuentro-anual-de-mujeres-con-tiempo-propio-en-carreno\/#webpage","url":"https:\/\/candas365.es\/noticias\/encuentro-anual-de-mujeres-con-tiempo-propio-en-carreno\/","name":"Encuentro anual de \u201cMujeres con Tiempo Propio\u201d en Carre\u00f1o | Cand\u00e1s 365","description":"El Viernes, 3 de Mayo, la asociaci\u00f3n regional \u201cMujeres con Tiempo Propio\u201d que preside la sierense Mar\u00eda Camporro celebrar\u00e1 en Carre\u00f1o la XIII Jornada de encuentro anual de las socias de la entidad. Carre\u00f1o coge, de este modo, el testigo de San Mart\u00edn del Rey Aurelio, al haberse celebrado en El Entrego el \u00faltimo encuentro","inLanguage":"es-ES","isPartOf":{"@id":"https:\/\/candas365.es\/noticias\/#website"},"breadcrumb":{"@id":"https:\/\/candas365.es\/noticias\/encuentro-anual-de-mujeres-con-tiempo-propio-en-carreno\/#breadcrumblist"},"author":{"@id":"https:\/\/candas365.es\/noticias\/author\/admin\/#author"},"creator":{"@id":"https:\/\/candas365.es\/noticias\/author\/admin\/#author"},"image":{"@type":"ImageObject","url":"https:\/\/candas365.es\/noticias\/wp-content\/uploads\/2015\/01\/ayuntamiento.jpg","@id":"https:\/\/candas365.es\/noticias\/encuentro-anual-de-mujeres-con-tiempo-propio-en-carreno\/#mainImage","width":800,"height":600,"caption":"Carre\u00f1o"},"primaryImageOfPage":{"@id":"https:\/\/candas365.es\/noticias\/encuentro-anual-de-mujeres-con-tiempo-propio-en-carreno\/#mainImage"},"datePublished":"2019-04-22T16:14:15+02:00","dateModified":"2019-04-22T16:14:15+02:00"},{"@type":"WebSite","@id":"https:\/\/candas365.es\/noticias\/#website","url":"https:\/\/candas365.es\/noticias\/","name":"Cand\u00e1s 365","alternateName":"Cand\u00e1s 365 Noticias","description":"Actualidad desde Carre\u00f1o para el mundo","inLanguage":"es-ES","publisher":{"@id":"https:\/\/candas365.es\/noticias\/#organization"}}]},"og:locale":"es_ES","og:site_name":"Cand\u00e1s 365","og:type":"article","og:title":"Encuentro anual de \u201cMujeres con Tiempo Propio\u201d en Carre\u00f1o | Cand\u00e1s 365","og:description":"El Viernes, 3 de Mayo, la asociaci\u00f3n regional \u201cMujeres con Tiempo Propio\u201d que preside la sierense Mar\u00eda Camporro celebrar\u00e1 en Carre\u00f1o la XIII Jornada de encuentro anual de las socias de la entidad. Carre\u00f1o coge, de este modo, el testigo de San Mart\u00edn del Rey Aurelio, al haberse celebrado en El Entrego el \u00faltimo encuentro","og:url":"https:\/\/candas365.es\/noticias\/encuentro-anual-de-mujeres-con-tiempo-propio-en-carreno\/","og:image":"https:\/\/candas365.es\/noticias\/wp-content\/uploads\/2015\/01\/ayuntamiento.jpg","og:image:secure_url":"https:\/\/candas365.es\/noticias\/wp-content\/uploads\/2015\/01\/ayuntamiento.jpg","og:image:width":800,"og:image:height":600,"article:published_time":"2019-04-22T16:14:15+00:00","article:modified_time":"2019-04-22T16:14:15+00:00","article:publisher":"https:\/\/www.facebook.com\/Nachofdezber","article:author":"https:\/\/www.facebook.com\/carrenoactualidad","twitter:card":"summary_large_image","twitter:site":"@NabercoDigital","twitter:title":"Encuentro anual de \u201cMujeres con Tiempo Propio\u201d en Carre\u00f1o | Cand\u00e1s 365","twitter:description":"El Viernes, 3 de Mayo, la asociaci\u00f3n regional \u201cMujeres con Tiempo Propio\u201d que preside la sierense Mar\u00eda Camporro celebrar\u00e1 en Carre\u00f1o la XIII Jornada de encuentro anual de las socias de la entidad. Carre\u00f1o coge, de este modo, el testigo de San Mart\u00edn del Rey Aurelio, al haberse celebrado en El Entrego el \u00faltimo encuentro","twitter:creator":"@nbasturias","twitter:image":"https:\/\/candas365.es\/noticias\/wp-content\/uploads\/2015\/01\/ayuntamiento.jpg","twitter:label1":"Escrito por","twitter:data1":"Cand\u00e1s 365","twitter:label2":"Tiempo de lectura estimado","twitter:data2":"5 minutos"},"aioseo_meta_data":{"post_id":"121281","title":null,"description":null,"keywords":null,"keyphrases":null,"primary_term":null,"canonical_url":null,"og_title":null,"og_description":null,"og_object_type":"default","og_image_type":"default","og_image_url":null,"og_image_width":null,"og_image_height":null,"og_image_custom_url":null,"og_image_custom_fields":null,"og_video":null,"og_custom_url":null,"og_article_section":null,"og_article_tags":null,"twitter_use_og":false,"twitter_card":"default","twitter_image_type":"default","twitter_image_url":null,"twitter_image_custom_url":null,"twitter_image_custom_fields":null,"twitter_title":null,"twitter_description":null,"schema":{"blockGraphs":[],"customGraphs":[],"default":{"data":{"Article":[],"Course":[],"Dataset":[],"FAQPage":[],"Movie":[],"Person":[],"Product":[],"ProductReview":[],"Car":[],"Recipe":[],"Service":[],"SoftwareApplication":[],"WebPage":[]},"graphName":"","isEnabled":true},"graphs":[],"defaultGraph":"","defaultPostTypeGraph":""},"schema_type":null,"schema_type_options":null,"pillar_content":false,"robots_default":true,"robots_noindex":false,"robots_noarchive":false,"robots_nosnippet":false,"robots_nofollow":false,"robots_noimageindex":false,"robots_noodp":false,"robots_notranslate":false,"robots_max_snippet":null,"robots_max_videopreview":null,"robots_max_imagepreview":"large","priority":null,"frequency":null,"location":null,"local_seo":null,"seo_analyzer_scan_date":"2025-08-29 19:35:35","breadcrumb_settings":null,"limit_modified_date":false,"reviewed_by":null,"open_ai":null,"ai":null,"created":"2020-12-21 10:58:19","updated":"2025-08-29 19:35:35"},"aioseo_breadcrumb":"<div class=\"aioseo-breadcrumbs\"><span class=\"aioseo-breadcrumb\">\n\t<a href=\"https:\/\/candas365.es\/noticias\" title=\"Home\">Home<\/a>\n<\/span><span class=\"aioseo-breadcrumb-separator\">&ndash;<\/span><span class=\"aioseo-breadcrumb\">\n\t<a href=\"https:\/\/candas365.es\/noticias\/category\/noticias-carreno\/\" title=\"Noticias Carre\u00f1o\">Noticias Carre\u00f1o<\/a>\n<\/span><span class=\"aioseo-breadcrumb-separator\">&ndash;<\/span><span class=\"aioseo-breadcrumb\">\n\tEncuentro anual de \u201cMujeres con Tiempo Propio\u201d en Carre\u00f1o\n<\/span><\/div>","aioseo_breadcrumb_json":[{"label":"Home","link":"https:\/\/candas365.es\/noticias"},{"label":"Noticias Carre\u00f1o","link":"https:\/\/candas365.es\/noticias\/category\/noticias-carreno\/"},{"label":"Encuentro anual de \u201cMujeres con Tiempo Propio\u201d en Carre\u00f1o","link":"https:\/\/candas365.es\/noticias\/encuentro-anual-de-mujeres-con-tiempo-propio-en-carreno\/"}],"_links":{"self":[{"href":"https:\/\/candas365.es\/noticias\/wp-json\/wp\/v2\/posts\/121281","targetHints":{"allow":["GET"]}}],"collection":[{"href":"https:\/\/candas365.es\/noticias\/wp-json\/wp\/v2\/posts"}],"about":[{"href":"https:\/\/candas365.es\/noticias\/wp-json\/wp\/v2\/types\/post"}],"author":[{"embeddable":true,"href":"https:\/\/candas365.es\/noticias\/wp-json\/wp\/v2\/users\/1"}],"replies":[{"embeddable":true,"href":"https:\/\/candas365.es\/noticias\/wp-json\/wp\/v2\/comments?post=121281"}],"version-history":[{"count":0,"href":"https:\/\/candas365.es\/noticias\/wp-json\/wp\/v2\/posts\/121281\/revisions"}],"wp:featuredmedia":[{"embeddable":true,"href":"https:\/\/candas365.es\/noticias\/wp-json\/wp\/v2\/media\/6453"}],"wp:attachment":[{"href":"https:\/\/candas365.es\/noticias\/wp-json\/wp\/v2\/media?parent=121281"}],"wp:term":[{"taxonomy":"category","embeddable":true,"href":"https:\/\/candas365.es\/noticias\/wp-json\/wp\/v2\/categories?post=121281"},{"taxonomy":"post_tag","embeddable":true,"href":"https:\/\/candas365.es\/noticias\/wp-json\/wp\/v2\/tags?post=121281"}],"curies":[{"name":"wp","href":"https:\/\/api.w.org\/{rel}","templated":true}]}}