{"id":121275,"date":"2019-04-22T14:25:52","date_gmt":"2019-04-22T14:25:52","guid":{"rendered":"http:\/\/candas365.es\/noticias\/?p=121275"},"modified":"2019-04-22T14:25:52","modified_gmt":"2019-04-22T14:25:52","slug":"la-maquine-preestrena-acrobata-y-arlequin-en-la-laboral","status":"publish","type":"post","link":"https:\/\/candas365.es\/noticias\/la-maquine-preestrena-acrobata-y-arlequin-en-la-laboral\/","title":{"rendered":"La Maquin\u00e9 preestrena \u00abAcr\u00f3bata y Arlequ\u00edn\u00bb en la Laboral"},"content":{"rendered":"<p><img fetchpriority=\"high\" decoding=\"async\" class=\"alignleft size-medium wp-image-121276\" src=\"https:\/\/candas365.es\/noticias\/wp-content\/uploads\/2019\/04\/Acr\u00f3bata-y-Arlequ\u00edn-de-La-Maquin\u00e9-360x253.jpg\" alt=\"\" width=\"360\" height=\"253\" srcset=\"https:\/\/candas365.es\/noticias\/wp-content\/uploads\/2019\/04\/Acr\u00f3bata-y-Arlequ\u00edn-de-La-Maquin\u00e9-360x253.jpg 360w, https:\/\/candas365.es\/noticias\/wp-content\/uploads\/2019\/04\/Acr\u00f3bata-y-Arlequ\u00edn-de-La-Maquin\u00e9-768x540.jpg 768w, https:\/\/candas365.es\/noticias\/wp-content\/uploads\/2019\/04\/Acr\u00f3bata-y-Arlequ\u00edn-de-La-Maquin\u00e9-655x461.jpg 655w, https:\/\/candas365.es\/noticias\/wp-content\/uploads\/2019\/04\/Acr\u00f3bata-y-Arlequ\u00edn-de-La-Maquin\u00e9-100x70.jpg 100w, https:\/\/candas365.es\/noticias\/wp-content\/uploads\/2019\/04\/Acr\u00f3bata-y-Arlequ\u00edn-de-La-Maquin\u00e9-696x489.jpg 696w, https:\/\/candas365.es\/noticias\/wp-content\/uploads\/2019\/04\/Acr\u00f3bata-y-Arlequ\u00edn-de-La-Maquin\u00e9-597x420.jpg 597w, https:\/\/candas365.es\/noticias\/wp-content\/uploads\/2019\/04\/Acr\u00f3bata-y-Arlequ\u00edn-de-La-Maquin\u00e9.jpg 1024w\" sizes=\"(max-width: 360px) 100vw, 360px\" \/>La compa\u00f1\u00eda La Maquin\u00e9 preestrenar\u00e1 este <strong>s\u00e1bado 27 de abril, a las 17:30 horas<\/strong>, Acr\u00f3bata y Arlequ\u00edn en el Teatro de la Laboral, antes de su exhibici\u00f3n en el Liceu de Barcelona.<\/p>\n<p>La compa\u00f1\u00eda se encuentra ya en Laboral Ciudad de la Cultura preparando este espect\u00e1culo familiar con m\u00fasica en directo, canto l\u00edrico, teatro gestual y t\u00edteres de gran formato. En esta obra el p\u00fablico disfrutar\u00e1 de las peripecias de un ni\u00f1o que sue\u00f1a con convertirse en artista circense, en una obra inspirada en el circo de Picasso.<\/p>\n<p>Pablo es un joven sin hogar que vive solo en la calle, pasando hambre y fr\u00edo, y que queda fascinado por el mundo de encantamiento, magia y emoci\u00f3n del circo. Pablo logra entrar como ayudante en el circo, con la esperanza de salir de la calle y ser parte de la familia de saltimbanquis, pero antes tendr\u00e1 que aprender a respetar y cuidar a los animales del circo. As\u00ed Pablo descubrir\u00e1 valiosas lecciones como el respeto a los animales y la honestidad y la solidaridad como normas fundamentales para convivir.<\/p>\n<p>La Maquin\u00e9 es una productora de artes esc\u00e9nicas y visuales creada en el a\u00f1o 2008 por Joaqu\u00edn Casanova y Elisa Ramos, licenciados en Bellas Artes y con una gran trayectoria en las artes pl\u00e1sticas y esc\u00e9nicas. Considerada una de las principales compa\u00f1\u00edas de artes esc\u00e9nicas para la infancia y juventud, en sus obras destaca el lenguaje pl\u00e1stico, gestual y musical como principal motor, ofreciendo espect\u00e1culos de mirada contempor\u00e1nea e inconfundible sello personal. Sus obras han pasado por los mejores teatros y festivales de Espa\u00f1a y han realizado giras internacionales en Francia, Holanda, Marruecos, Irlanda, Chile, Taiw\u00e1n, Hong Kong, China, Macao, Turqu\u00eda, Portugal y Noruega.<\/p>\n<p>Las localidades se pueden adquirir a un precio general de 8 euros y reducido de 6 euros para socios del Club Cultura Principado de Asturias y Pasaporte Cultural. Las entradas se pueden comprar en la Recepci\u00f3n de la Laboral, en el Centro Niemeyer en Avil\u00e9s, en la Oficina de Informaci\u00f3n Tur\u00edstica de Asturias en Oviedo, en la web entradas.liberbank.es, en el tel\u00e9fono 902 106 601 y en la red de cajeros Liberbank.<\/p>\n","protected":false},"excerpt":{"rendered":"<p>La compa\u00f1\u00eda La Maquin\u00e9 preestrenar\u00e1 este s\u00e1bado 27 de abril, a las 17:30 horas, Acr\u00f3bata y Arlequ\u00edn en el Teatro de la Laboral, antes de su exhibici\u00f3n en el Liceu de Barcelona. La compa\u00f1\u00eda se encuentra ya en Laboral Ciudad de la Cultura preparando este espect\u00e1culo familiar con m\u00fasica en directo, canto l\u00edrico, teatro gestual<\/p>\n","protected":false},"author":1,"featured_media":121276,"comment_status":"closed","ping_status":"closed","sticky":false,"template":"","format":"standard","meta":{"footnotes":""},"categories":[1],"tags":[],"class_list":{"0":"post-121275","1":"post","2":"type-post","3":"status-publish","4":"format-standard","5":"has-post-thumbnail","7":"category-agenda"},"aioseo_notices":[],"aioseo_head":"\n\t\t<!-- All in One SEO Pro 4.9.6.2 - aioseo.com -->\n\t<meta name=\"description\" content=\"La compa\u00f1\u00eda La Maquin\u00e9 preestrenar\u00e1 este s\u00e1bado 27 de abril, a las 17:30 horas, Acr\u00f3bata y Arlequ\u00edn en el Teatro de la Laboral, antes de su exhibici\u00f3n en el Liceu de Barcelona. La compa\u00f1\u00eda se encuentra ya en Laboral Ciudad de la Cultura preparando este espect\u00e1culo familiar con m\u00fasica en directo, canto l\u00edrico, teatro gestual\" \/>\n\t<meta name=\"robots\" content=\"max-image-preview:large\" \/>\n\t<meta name=\"author\" content=\"Cand\u00e1s 365\"\/>\n\t<meta name=\"google-site-verification\" content=\"UA-32230408-1\" \/>\n\t<meta name=\"msvalidate.01\" content=\"354F3CDFB2DA171B47FBE9ABF1F88D5\" \/>\n\t<meta name=\"keywords\" content=\"agenda\" \/>\n\t<link rel=\"canonical\" href=\"https:\/\/candas365.es\/noticias\/la-maquine-preestrena-acrobata-y-arlequin-en-la-laboral\/\" \/>\n\t<meta name=\"generator\" content=\"All in One SEO Pro (AIOSEO) 4.9.6.2\" \/>\n\t\t<meta property=\"og:locale\" content=\"es_ES\" \/>\n\t\t<meta property=\"og:site_name\" content=\"Cand\u00e1s 365\" \/>\n\t\t<meta property=\"og:type\" content=\"article\" \/>\n\t\t<meta property=\"og:title\" content=\"La Maquin\u00e9 preestrena \u00abAcr\u00f3bata y Arlequ\u00edn\u00bb en la Laboral | Cand\u00e1s 365\" \/>\n\t\t<meta property=\"og:description\" content=\"La compa\u00f1\u00eda La Maquin\u00e9 preestrenar\u00e1 este s\u00e1bado 27 de abril, a las 17:30 horas, Acr\u00f3bata y Arlequ\u00edn en el Teatro de la Laboral, antes de su exhibici\u00f3n en el Liceu de Barcelona. La compa\u00f1\u00eda se encuentra ya en Laboral Ciudad de la Cultura preparando este espect\u00e1culo familiar con m\u00fasica en directo, canto l\u00edrico, teatro gestual\" \/>\n\t\t<meta property=\"og:url\" content=\"https:\/\/candas365.es\/noticias\/la-maquine-preestrena-acrobata-y-arlequin-en-la-laboral\/\" \/>\n\t\t<meta property=\"og:image\" content=\"https:\/\/candas365.es\/noticias\/wp-content\/uploads\/2019\/04\/Acr\u00f3bata-y-Arlequ\u00edn-de-La-Maquin\u00e9.jpg\" \/>\n\t\t<meta property=\"og:image:secure_url\" content=\"https:\/\/candas365.es\/noticias\/wp-content\/uploads\/2019\/04\/Acr\u00f3bata-y-Arlequ\u00edn-de-La-Maquin\u00e9.jpg\" \/>\n\t\t<meta property=\"og:image:width\" content=\"1024\" \/>\n\t\t<meta property=\"og:image:height\" content=\"720\" \/>\n\t\t<meta property=\"article:published_time\" content=\"2019-04-22T14:25:52+00:00\" \/>\n\t\t<meta property=\"article:modified_time\" content=\"2019-04-22T14:25:52+00:00\" \/>\n\t\t<meta property=\"article:publisher\" content=\"https:\/\/www.facebook.com\/Nachofdezber\" \/>\n\t\t<meta property=\"article:author\" content=\"https:\/\/www.facebook.com\/carrenoactualidad\" \/>\n\t\t<meta name=\"twitter:card\" content=\"summary_large_image\" \/>\n\t\t<meta name=\"twitter:site\" content=\"@NabercoDigital\" \/>\n\t\t<meta name=\"twitter:title\" content=\"La Maquin\u00e9 preestrena \u00abAcr\u00f3bata y Arlequ\u00edn\u00bb en la Laboral | Cand\u00e1s 365\" \/>\n\t\t<meta name=\"twitter:description\" content=\"La compa\u00f1\u00eda La Maquin\u00e9 preestrenar\u00e1 este s\u00e1bado 27 de abril, a las 17:30 horas, Acr\u00f3bata y Arlequ\u00edn en el Teatro de la Laboral, antes de su exhibici\u00f3n en el Liceu de Barcelona. La compa\u00f1\u00eda se encuentra ya en Laboral Ciudad de la Cultura preparando este espect\u00e1culo familiar con m\u00fasica en directo, canto l\u00edrico, teatro gestual\" \/>\n\t\t<meta name=\"twitter:creator\" content=\"@nbasturias\" \/>\n\t\t<meta name=\"twitter:image\" content=\"https:\/\/candas365.es\/noticias\/wp-content\/uploads\/2019\/04\/Acr\u00f3bata-y-Arlequ\u00edn-de-La-Maquin\u00e9.jpg\" \/>\n\t\t<meta name=\"twitter:label1\" content=\"Escrito por\" \/>\n\t\t<meta name=\"twitter:data1\" content=\"Cand\u00e1s 365\" \/>\n\t\t<meta name=\"twitter:label2\" content=\"Tiempo de lectura estimado\" \/>\n\t\t<meta name=\"twitter:data2\" content=\"2 minutos\" \/>\n\t\t<script type=\"application\/ld+json\" class=\"aioseo-schema\">\n\t\t\t{\"@context\":\"https:\\\/\\\/schema.org\",\"@graph\":[{\"@type\":\"BreadcrumbList\",\"@id\":\"https:\\\/\\\/candas365.es\\\/noticias\\\/la-maquine-preestrena-acrobata-y-arlequin-en-la-laboral\\\/#breadcrumblist\",\"itemListElement\":[{\"@type\":\"ListItem\",\"@id\":\"https:\\\/\\\/candas365.es\\\/noticias#listItem\",\"position\":1,\"name\":\"Home\",\"item\":\"https:\\\/\\\/candas365.es\\\/noticias\",\"nextItem\":{\"@type\":\"ListItem\",\"@id\":\"https:\\\/\\\/candas365.es\\\/noticias\\\/category\\\/agenda\\\/#listItem\",\"name\":\"Agenda\"}},{\"@type\":\"ListItem\",\"@id\":\"https:\\\/\\\/candas365.es\\\/noticias\\\/category\\\/agenda\\\/#listItem\",\"position\":2,\"name\":\"Agenda\",\"item\":\"https:\\\/\\\/candas365.es\\\/noticias\\\/category\\\/agenda\\\/\",\"nextItem\":{\"@type\":\"ListItem\",\"@id\":\"https:\\\/\\\/candas365.es\\\/noticias\\\/la-maquine-preestrena-acrobata-y-arlequin-en-la-laboral\\\/#listItem\",\"name\":\"La Maquin\\u00e9 preestrena \\u00abAcr\\u00f3bata y Arlequ\\u00edn\\u00bb en la Laboral\"},\"previousItem\":{\"@type\":\"ListItem\",\"@id\":\"https:\\\/\\\/candas365.es\\\/noticias#listItem\",\"name\":\"Home\"}},{\"@type\":\"ListItem\",\"@id\":\"https:\\\/\\\/candas365.es\\\/noticias\\\/la-maquine-preestrena-acrobata-y-arlequin-en-la-laboral\\\/#listItem\",\"position\":3,\"name\":\"La Maquin\\u00e9 preestrena \\u00abAcr\\u00f3bata y Arlequ\\u00edn\\u00bb en la Laboral\",\"previousItem\":{\"@type\":\"ListItem\",\"@id\":\"https:\\\/\\\/candas365.es\\\/noticias\\\/category\\\/agenda\\\/#listItem\",\"name\":\"Agenda\"}}]},{\"@type\":\"NewsArticle\",\"@id\":\"https:\\\/\\\/candas365.es\\\/noticias\\\/la-maquine-preestrena-acrobata-y-arlequin-en-la-laboral\\\/#newsarticle\",\"name\":\"La Maquin\\u00e9 preestrena \\u00abAcr\\u00f3bata y Arlequ\\u00edn\\u00bb en la Laboral | Cand\\u00e1s 365\",\"headline\":\"La Maquin\\u00e9 preestrena \\u00abAcr\\u00f3bata y Arlequ\\u00edn\\u00bb en la Laboral\",\"author\":{\"@id\":\"https:\\\/\\\/candas365.es\\\/noticias\\\/author\\\/admin\\\/#author\"},\"publisher\":{\"@id\":\"https:\\\/\\\/candas365.es\\\/noticias\\\/#organization\"},\"image\":{\"@type\":\"ImageObject\",\"url\":\"https:\\\/\\\/candas365.es\\\/noticias\\\/wp-content\\\/uploads\\\/2019\\\/04\\\/Acr\\u00f3bata-y-Arlequ\\u00edn-de-La-Maquin\\u00e9.jpg\",\"width\":1024,\"height\":720},\"datePublished\":\"2019-04-22T14:25:52+02:00\",\"dateModified\":\"2019-04-22T14:25:52+02:00\",\"inLanguage\":\"es-ES\",\"mainEntityOfPage\":{\"@id\":\"https:\\\/\\\/candas365.es\\\/noticias\\\/la-maquine-preestrena-acrobata-y-arlequin-en-la-laboral\\\/#webpage\"},\"isPartOf\":{\"@id\":\"https:\\\/\\\/candas365.es\\\/noticias\\\/la-maquine-preestrena-acrobata-y-arlequin-en-la-laboral\\\/#webpage\"},\"articleSection\":\"Agenda\",\"dateline\":\"Publicado el abril 22, 2019.\"},{\"@type\":\"Organization\",\"@id\":\"https:\\\/\\\/candas365.es\\\/noticias\\\/#organization\",\"name\":\"Cand\\u00e1s 365\",\"description\":\"Cand\\u00e1s 365 es un diario digital independiente, fundado en 2012, con base en Asturias. Informamos con rigor sobre actualidad, sociedad, cultura y ocio, con una mirada local y global.\",\"url\":\"https:\\\/\\\/candas365.es\\\/noticias\\\/\",\"email\":\"info@candas365.es\",\"telephone\":\"+34652131393\",\"foundingDate\":\"2012-06-10\",\"logo\":{\"@type\":\"ImageObject\",\"url\":\"https:\\\/\\\/candas365.es\\\/noticias\\\/wp-content\\\/uploads\\\/2024\\\/09\\\/Candas-365-Redes.jpg\",\"@id\":\"https:\\\/\\\/candas365.es\\\/noticias\\\/la-maquine-preestrena-acrobata-y-arlequin-en-la-laboral\\\/#organizationLogo\",\"width\":1152,\"height\":864,\"caption\":\"Cand\\u00e1s 365 Redes\"},\"image\":{\"@id\":\"https:\\\/\\\/candas365.es\\\/noticias\\\/la-maquine-preestrena-acrobata-y-arlequin-en-la-laboral\\\/#organizationLogo\"},\"sameAs\":[\"https:\\\/\\\/www.facebook.com\\\/Nachofdezber\",\"https:\\\/\\\/x.com\\\/NabercoDigital\",\"https:\\\/\\\/www.instagram.com\\\/nachofdezber\\\/\",\"https:\\\/\\\/www.youtube.com\\\/channel\\\/UCZP-2wLEB9Rv6erhFmqVnvg\"],\"address\":{\"@id\":\"https:\\\/\\\/candas365.es\\\/noticias\\\/#postaladdress\",\"@type\":\"PostalAddress\",\"streetAddress\":\"san antonio 4, san antonio 4\",\"postalCode\":\"33430\",\"addressLocality\":\"Cand\\u00e1s\",\"addressRegion\":\"Asturias\",\"addressCountry\":\"ES\"}},{\"@type\":\"Person\",\"@id\":\"https:\\\/\\\/candas365.es\\\/noticias\\\/author\\\/admin\\\/#author\",\"url\":\"https:\\\/\\\/candas365.es\\\/noticias\\\/author\\\/admin\\\/\",\"name\":\"Cand\\u00e1s 365\",\"image\":{\"@type\":\"ImageObject\",\"@id\":\"https:\\\/\\\/candas365.es\\\/noticias\\\/la-maquine-preestrena-acrobata-y-arlequin-en-la-laboral\\\/#authorImage\",\"url\":\"https:\\\/\\\/secure.gravatar.com\\\/avatar\\\/496a8e03d0c493ede1718b7934145dbdf8d89be1036b0eec9544e1094c9de390?s=96&d=mm&r=g\",\"width\":96,\"height\":96,\"caption\":\"Cand\\u00e1s 365\"},\"sameAs\":[\"https:\\\/\\\/www.facebook.com\\\/carrenoactualidad\",\"https:\\\/\\\/twitter.com\\\/nbasturias\",\"https:\\\/\\\/www.instagram.com\\\/nachofdezber\\\/\",\"https:\\\/\\\/www.youtube.com\\\/channel\\\/UCZP-2wLEB9Rv6erhFmqVnvg\"]},{\"@type\":\"WebPage\",\"@id\":\"https:\\\/\\\/candas365.es\\\/noticias\\\/la-maquine-preestrena-acrobata-y-arlequin-en-la-laboral\\\/#webpage\",\"url\":\"https:\\\/\\\/candas365.es\\\/noticias\\\/la-maquine-preestrena-acrobata-y-arlequin-en-la-laboral\\\/\",\"name\":\"La Maquin\\u00e9 preestrena \\u00abAcr\\u00f3bata y Arlequ\\u00edn\\u00bb en la Laboral | Cand\\u00e1s 365\",\"description\":\"La compa\\u00f1\\u00eda La Maquin\\u00e9 preestrenar\\u00e1 este s\\u00e1bado 27 de abril, a las 17:30 horas, Acr\\u00f3bata y Arlequ\\u00edn en el Teatro de la Laboral, antes de su exhibici\\u00f3n en el Liceu de Barcelona. La compa\\u00f1\\u00eda se encuentra ya en Laboral Ciudad de la Cultura preparando este espect\\u00e1culo familiar con m\\u00fasica en directo, canto l\\u00edrico, teatro gestual\",\"inLanguage\":\"es-ES\",\"isPartOf\":{\"@id\":\"https:\\\/\\\/candas365.es\\\/noticias\\\/#website\"},\"breadcrumb\":{\"@id\":\"https:\\\/\\\/candas365.es\\\/noticias\\\/la-maquine-preestrena-acrobata-y-arlequin-en-la-laboral\\\/#breadcrumblist\"},\"author\":{\"@id\":\"https:\\\/\\\/candas365.es\\\/noticias\\\/author\\\/admin\\\/#author\"},\"creator\":{\"@id\":\"https:\\\/\\\/candas365.es\\\/noticias\\\/author\\\/admin\\\/#author\"},\"image\":{\"@type\":\"ImageObject\",\"url\":\"https:\\\/\\\/candas365.es\\\/noticias\\\/wp-content\\\/uploads\\\/2019\\\/04\\\/Acr\\u00f3bata-y-Arlequ\\u00edn-de-La-Maquin\\u00e9.jpg\",\"@id\":\"https:\\\/\\\/candas365.es\\\/noticias\\\/la-maquine-preestrena-acrobata-y-arlequin-en-la-laboral\\\/#mainImage\",\"width\":1024,\"height\":720},\"primaryImageOfPage\":{\"@id\":\"https:\\\/\\\/candas365.es\\\/noticias\\\/la-maquine-preestrena-acrobata-y-arlequin-en-la-laboral\\\/#mainImage\"},\"datePublished\":\"2019-04-22T14:25:52+02:00\",\"dateModified\":\"2019-04-22T14:25:52+02:00\"},{\"@type\":\"WebSite\",\"@id\":\"https:\\\/\\\/candas365.es\\\/noticias\\\/#website\",\"url\":\"https:\\\/\\\/candas365.es\\\/noticias\\\/\",\"name\":\"Cand\\u00e1s 365\",\"alternateName\":\"Cand\\u00e1s 365 Noticias\",\"description\":\"Actualidad desde Carre\\u00f1o para el mundo\",\"inLanguage\":\"es-ES\",\"publisher\":{\"@id\":\"https:\\\/\\\/candas365.es\\\/noticias\\\/#organization\"}}]}\n\t\t<\/script>\n\t\t<!-- All in One SEO Pro -->\r\n\t\t<title>La Maquin\u00e9 preestrena \u00abAcr\u00f3bata y Arlequ\u00edn\u00bb en la Laboral | Cand\u00e1s 365<\/title>\n\n","aioseo_head_json":{"title":"La Maquin\u00e9 preestrena \u00abAcr\u00f3bata y Arlequ\u00edn\u00bb en la Laboral | Cand\u00e1s 365","description":"La compa\u00f1\u00eda La Maquin\u00e9 preestrenar\u00e1 este s\u00e1bado 27 de abril, a las 17:30 horas, Acr\u00f3bata y Arlequ\u00edn en el Teatro de la Laboral, antes de su exhibici\u00f3n en el Liceu de Barcelona. La compa\u00f1\u00eda se encuentra ya en Laboral Ciudad de la Cultura preparando este espect\u00e1culo familiar con m\u00fasica en directo, canto l\u00edrico, teatro gestual","canonical_url":"https:\/\/candas365.es\/noticias\/la-maquine-preestrena-acrobata-y-arlequin-en-la-laboral\/","robots":"max-image-preview:large","keywords":"agenda","webmasterTools":{"google-site-verification":"UA-32230408-1","msvalidate.01":"354F3CDFB2DA171B47FBE9ABF1F88D5","miscellaneous":""},"schema":{"@context":"https:\/\/schema.org","@graph":[{"@type":"BreadcrumbList","@id":"https:\/\/candas365.es\/noticias\/la-maquine-preestrena-acrobata-y-arlequin-en-la-laboral\/#breadcrumblist","itemListElement":[{"@type":"ListItem","@id":"https:\/\/candas365.es\/noticias#listItem","position":1,"name":"Home","item":"https:\/\/candas365.es\/noticias","nextItem":{"@type":"ListItem","@id":"https:\/\/candas365.es\/noticias\/category\/agenda\/#listItem","name":"Agenda"}},{"@type":"ListItem","@id":"https:\/\/candas365.es\/noticias\/category\/agenda\/#listItem","position":2,"name":"Agenda","item":"https:\/\/candas365.es\/noticias\/category\/agenda\/","nextItem":{"@type":"ListItem","@id":"https:\/\/candas365.es\/noticias\/la-maquine-preestrena-acrobata-y-arlequin-en-la-laboral\/#listItem","name":"La Maquin\u00e9 preestrena \u00abAcr\u00f3bata y Arlequ\u00edn\u00bb en la Laboral"},"previousItem":{"@type":"ListItem","@id":"https:\/\/candas365.es\/noticias#listItem","name":"Home"}},{"@type":"ListItem","@id":"https:\/\/candas365.es\/noticias\/la-maquine-preestrena-acrobata-y-arlequin-en-la-laboral\/#listItem","position":3,"name":"La Maquin\u00e9 preestrena \u00abAcr\u00f3bata y Arlequ\u00edn\u00bb en la Laboral","previousItem":{"@type":"ListItem","@id":"https:\/\/candas365.es\/noticias\/category\/agenda\/#listItem","name":"Agenda"}}]},{"@type":"NewsArticle","@id":"https:\/\/candas365.es\/noticias\/la-maquine-preestrena-acrobata-y-arlequin-en-la-laboral\/#newsarticle","name":"La Maquin\u00e9 preestrena \u00abAcr\u00f3bata y Arlequ\u00edn\u00bb en la Laboral | Cand\u00e1s 365","headline":"La Maquin\u00e9 preestrena \u00abAcr\u00f3bata y Arlequ\u00edn\u00bb en la Laboral","author":{"@id":"https:\/\/candas365.es\/noticias\/author\/admin\/#author"},"publisher":{"@id":"https:\/\/candas365.es\/noticias\/#organization"},"image":{"@type":"ImageObject","url":"https:\/\/candas365.es\/noticias\/wp-content\/uploads\/2019\/04\/Acr\u00f3bata-y-Arlequ\u00edn-de-La-Maquin\u00e9.jpg","width":1024,"height":720},"datePublished":"2019-04-22T14:25:52+02:00","dateModified":"2019-04-22T14:25:52+02:00","inLanguage":"es-ES","mainEntityOfPage":{"@id":"https:\/\/candas365.es\/noticias\/la-maquine-preestrena-acrobata-y-arlequin-en-la-laboral\/#webpage"},"isPartOf":{"@id":"https:\/\/candas365.es\/noticias\/la-maquine-preestrena-acrobata-y-arlequin-en-la-laboral\/#webpage"},"articleSection":"Agenda","dateline":"Publicado el abril 22, 2019."},{"@type":"Organization","@id":"https:\/\/candas365.es\/noticias\/#organization","name":"Cand\u00e1s 365","description":"Cand\u00e1s 365 es un diario digital independiente, fundado en 2012, con base en Asturias. Informamos con rigor sobre actualidad, sociedad, cultura y ocio, con una mirada local y global.","url":"https:\/\/candas365.es\/noticias\/","email":"info@candas365.es","telephone":"+34652131393","foundingDate":"2012-06-10","logo":{"@type":"ImageObject","url":"https:\/\/candas365.es\/noticias\/wp-content\/uploads\/2024\/09\/Candas-365-Redes.jpg","@id":"https:\/\/candas365.es\/noticias\/la-maquine-preestrena-acrobata-y-arlequin-en-la-laboral\/#organizationLogo","width":1152,"height":864,"caption":"Cand\u00e1s 365 Redes"},"image":{"@id":"https:\/\/candas365.es\/noticias\/la-maquine-preestrena-acrobata-y-arlequin-en-la-laboral\/#organizationLogo"},"sameAs":["https:\/\/www.facebook.com\/Nachofdezber","https:\/\/x.com\/NabercoDigital","https:\/\/www.instagram.com\/nachofdezber\/","https:\/\/www.youtube.com\/channel\/UCZP-2wLEB9Rv6erhFmqVnvg"],"address":{"@id":"https:\/\/candas365.es\/noticias\/#postaladdress","@type":"PostalAddress","streetAddress":"san antonio 4, san antonio 4","postalCode":"33430","addressLocality":"Cand\u00e1s","addressRegion":"Asturias","addressCountry":"ES"}},{"@type":"Person","@id":"https:\/\/candas365.es\/noticias\/author\/admin\/#author","url":"https:\/\/candas365.es\/noticias\/author\/admin\/","name":"Cand\u00e1s 365","image":{"@type":"ImageObject","@id":"https:\/\/candas365.es\/noticias\/la-maquine-preestrena-acrobata-y-arlequin-en-la-laboral\/#authorImage","url":"https:\/\/secure.gravatar.com\/avatar\/496a8e03d0c493ede1718b7934145dbdf8d89be1036b0eec9544e1094c9de390?s=96&d=mm&r=g","width":96,"height":96,"caption":"Cand\u00e1s 365"},"sameAs":["https:\/\/www.facebook.com\/carrenoactualidad","https:\/\/twitter.com\/nbasturias","https:\/\/www.instagram.com\/nachofdezber\/","https:\/\/www.youtube.com\/channel\/UCZP-2wLEB9Rv6erhFmqVnvg"]},{"@type":"WebPage","@id":"https:\/\/candas365.es\/noticias\/la-maquine-preestrena-acrobata-y-arlequin-en-la-laboral\/#webpage","url":"https:\/\/candas365.es\/noticias\/la-maquine-preestrena-acrobata-y-arlequin-en-la-laboral\/","name":"La Maquin\u00e9 preestrena \u00abAcr\u00f3bata y Arlequ\u00edn\u00bb en la Laboral | Cand\u00e1s 365","description":"La compa\u00f1\u00eda La Maquin\u00e9 preestrenar\u00e1 este s\u00e1bado 27 de abril, a las 17:30 horas, Acr\u00f3bata y Arlequ\u00edn en el Teatro de la Laboral, antes de su exhibici\u00f3n en el Liceu de Barcelona. La compa\u00f1\u00eda se encuentra ya en Laboral Ciudad de la Cultura preparando este espect\u00e1culo familiar con m\u00fasica en directo, canto l\u00edrico, teatro gestual","inLanguage":"es-ES","isPartOf":{"@id":"https:\/\/candas365.es\/noticias\/#website"},"breadcrumb":{"@id":"https:\/\/candas365.es\/noticias\/la-maquine-preestrena-acrobata-y-arlequin-en-la-laboral\/#breadcrumblist"},"author":{"@id":"https:\/\/candas365.es\/noticias\/author\/admin\/#author"},"creator":{"@id":"https:\/\/candas365.es\/noticias\/author\/admin\/#author"},"image":{"@type":"ImageObject","url":"https:\/\/candas365.es\/noticias\/wp-content\/uploads\/2019\/04\/Acr\u00f3bata-y-Arlequ\u00edn-de-La-Maquin\u00e9.jpg","@id":"https:\/\/candas365.es\/noticias\/la-maquine-preestrena-acrobata-y-arlequin-en-la-laboral\/#mainImage","width":1024,"height":720},"primaryImageOfPage":{"@id":"https:\/\/candas365.es\/noticias\/la-maquine-preestrena-acrobata-y-arlequin-en-la-laboral\/#mainImage"},"datePublished":"2019-04-22T14:25:52+02:00","dateModified":"2019-04-22T14:25:52+02:00"},{"@type":"WebSite","@id":"https:\/\/candas365.es\/noticias\/#website","url":"https:\/\/candas365.es\/noticias\/","name":"Cand\u00e1s 365","alternateName":"Cand\u00e1s 365 Noticias","description":"Actualidad desde Carre\u00f1o para el mundo","inLanguage":"es-ES","publisher":{"@id":"https:\/\/candas365.es\/noticias\/#organization"}}]},"og:locale":"es_ES","og:site_name":"Cand\u00e1s 365","og:type":"article","og:title":"La Maquin\u00e9 preestrena \u00abAcr\u00f3bata y Arlequ\u00edn\u00bb en la Laboral | Cand\u00e1s 365","og:description":"La compa\u00f1\u00eda La Maquin\u00e9 preestrenar\u00e1 este s\u00e1bado 27 de abril, a las 17:30 horas, Acr\u00f3bata y Arlequ\u00edn en el Teatro de la Laboral, antes de su exhibici\u00f3n en el Liceu de Barcelona. La compa\u00f1\u00eda se encuentra ya en Laboral Ciudad de la Cultura preparando este espect\u00e1culo familiar con m\u00fasica en directo, canto l\u00edrico, teatro gestual","og:url":"https:\/\/candas365.es\/noticias\/la-maquine-preestrena-acrobata-y-arlequin-en-la-laboral\/","og:image":"https:\/\/candas365.es\/noticias\/wp-content\/uploads\/2019\/04\/Acr\u00f3bata-y-Arlequ\u00edn-de-La-Maquin\u00e9.jpg","og:image:secure_url":"https:\/\/candas365.es\/noticias\/wp-content\/uploads\/2019\/04\/Acr\u00f3bata-y-Arlequ\u00edn-de-La-Maquin\u00e9.jpg","og:image:width":1024,"og:image:height":720,"article:published_time":"2019-04-22T14:25:52+00:00","article:modified_time":"2019-04-22T14:25:52+00:00","article:publisher":"https:\/\/www.facebook.com\/Nachofdezber","article:author":"https:\/\/www.facebook.com\/carrenoactualidad","twitter:card":"summary_large_image","twitter:site":"@NabercoDigital","twitter:title":"La Maquin\u00e9 preestrena \u00abAcr\u00f3bata y Arlequ\u00edn\u00bb en la Laboral | Cand\u00e1s 365","twitter:description":"La compa\u00f1\u00eda La Maquin\u00e9 preestrenar\u00e1 este s\u00e1bado 27 de abril, a las 17:30 horas, Acr\u00f3bata y Arlequ\u00edn en el Teatro de la Laboral, antes de su exhibici\u00f3n en el Liceu de Barcelona. La compa\u00f1\u00eda se encuentra ya en Laboral Ciudad de la Cultura preparando este espect\u00e1culo familiar con m\u00fasica en directo, canto l\u00edrico, teatro gestual","twitter:creator":"@nbasturias","twitter:image":"https:\/\/candas365.es\/noticias\/wp-content\/uploads\/2019\/04\/Acr\u00f3bata-y-Arlequ\u00edn-de-La-Maquin\u00e9.jpg","twitter:label1":"Escrito por","twitter:data1":"Cand\u00e1s 365","twitter:label2":"Tiempo de lectura estimado","twitter:data2":"2 minutos"},"aioseo_meta_data":{"post_id":"121275","title":null,"description":null,"keywords":null,"keyphrases":null,"primary_term":null,"canonical_url":null,"og_title":null,"og_description":null,"og_object_type":"default","og_image_type":"default","og_image_url":null,"og_image_width":null,"og_image_height":null,"og_image_custom_url":null,"og_image_custom_fields":null,"og_video":null,"og_custom_url":null,"og_article_section":null,"og_article_tags":null,"twitter_use_og":false,"twitter_card":"default","twitter_image_type":"default","twitter_image_url":null,"twitter_image_custom_url":null,"twitter_image_custom_fields":null,"twitter_title":null,"twitter_description":null,"schema":{"blockGraphs":[],"customGraphs":[],"default":{"data":{"Article":[],"Course":[],"Dataset":[],"FAQPage":[],"Movie":[],"Person":[],"Product":[],"ProductReview":[],"Car":[],"Recipe":[],"Service":[],"SoftwareApplication":[],"WebPage":[]},"graphName":"","isEnabled":true},"graphs":[]},"schema_type":null,"schema_type_options":null,"pillar_content":false,"robots_default":true,"robots_noindex":false,"robots_noarchive":false,"robots_nosnippet":false,"robots_nofollow":false,"robots_noimageindex":false,"robots_noodp":false,"robots_notranslate":false,"robots_max_snippet":null,"robots_max_videopreview":null,"robots_max_imagepreview":"large","priority":null,"frequency":null,"location":null,"local_seo":null,"seo_analyzer_scan_date":"2025-08-29 19:35:32","breadcrumb_settings":null,"limit_modified_date":false,"reviewed_by":null,"open_ai":null,"ai":null,"created":"2020-12-21 10:58:19","updated":"2025-08-29 19:35:32"},"aioseo_breadcrumb":"<div class=\"aioseo-breadcrumbs\"><span class=\"aioseo-breadcrumb\">\n\t<a href=\"https:\/\/candas365.es\/noticias\" title=\"Home\">Home<\/a>\n<\/span><span class=\"aioseo-breadcrumb-separator\">&ndash;<\/span><span class=\"aioseo-breadcrumb\">\n\t<a href=\"https:\/\/candas365.es\/noticias\/category\/agenda\/\" title=\"Agenda\">Agenda<\/a>\n<\/span><span class=\"aioseo-breadcrumb-separator\">&ndash;<\/span><span class=\"aioseo-breadcrumb\">\n\tLa Maquin\u00e9 preestrena \u00abAcr\u00f3bata y Arlequ\u00edn\u00bb en la Laboral\n<\/span><\/div>","aioseo_breadcrumb_json":[{"label":"Home","link":"https:\/\/candas365.es\/noticias"},{"label":"Agenda","link":"https:\/\/candas365.es\/noticias\/category\/agenda\/"},{"label":"La Maquin\u00e9 preestrena \u00abAcr\u00f3bata y Arlequ\u00edn\u00bb en la Laboral","link":"https:\/\/candas365.es\/noticias\/la-maquine-preestrena-acrobata-y-arlequin-en-la-laboral\/"}],"_links":{"self":[{"href":"https:\/\/candas365.es\/noticias\/wp-json\/wp\/v2\/posts\/121275","targetHints":{"allow":["GET"]}}],"collection":[{"href":"https:\/\/candas365.es\/noticias\/wp-json\/wp\/v2\/posts"}],"about":[{"href":"https:\/\/candas365.es\/noticias\/wp-json\/wp\/v2\/types\/post"}],"author":[{"embeddable":true,"href":"https:\/\/candas365.es\/noticias\/wp-json\/wp\/v2\/users\/1"}],"replies":[{"embeddable":true,"href":"https:\/\/candas365.es\/noticias\/wp-json\/wp\/v2\/comments?post=121275"}],"version-history":[{"count":0,"href":"https:\/\/candas365.es\/noticias\/wp-json\/wp\/v2\/posts\/121275\/revisions"}],"wp:featuredmedia":[{"embeddable":true,"href":"https:\/\/candas365.es\/noticias\/wp-json\/wp\/v2\/media\/121276"}],"wp:attachment":[{"href":"https:\/\/candas365.es\/noticias\/wp-json\/wp\/v2\/media?parent=121275"}],"wp:term":[{"taxonomy":"category","embeddable":true,"href":"https:\/\/candas365.es\/noticias\/wp-json\/wp\/v2\/categories?post=121275"},{"taxonomy":"post_tag","embeddable":true,"href":"https:\/\/candas365.es\/noticias\/wp-json\/wp\/v2\/tags?post=121275"}],"curies":[{"name":"wp","href":"https:\/\/api.w.org\/{rel}","templated":true}]}}