{"id":121130,"date":"2019-04-18T21:01:46","date_gmt":"2019-04-18T21:01:46","guid":{"rendered":"http:\/\/candas365.es\/noticias\/?p=121130"},"modified":"2019-04-18T21:01:46","modified_gmt":"2019-04-18T21:01:46","slug":"sala-de-estudio-en-el-centro-polivalente-la-baragana","status":"publish","type":"post","link":"https:\/\/candas365.es\/noticias\/sala-de-estudio-en-el-centro-polivalente-la-baragana\/","title":{"rendered":"Sala de Estudio en el Centro Polivalente \u201cLa Baraga\u00f1a\u201d"},"content":{"rendered":"<p><img fetchpriority=\"high\" decoding=\"async\" class=\"alignleft size-medium wp-image-2364\" src=\"https:\/\/candas365.es\/noticias\/wp-content\/uploads\/2014\/10\/Polivalente-360x270.jpg\" alt=\"\" width=\"360\" height=\"270\" srcset=\"https:\/\/candas365.es\/noticias\/wp-content\/uploads\/2014\/10\/Polivalente-360x270.jpg 360w, https:\/\/candas365.es\/noticias\/wp-content\/uploads\/2014\/10\/Polivalente-640x480.jpg 640w, https:\/\/candas365.es\/noticias\/wp-content\/uploads\/2014\/10\/Polivalente-768x576.jpg 768w, https:\/\/candas365.es\/noticias\/wp-content\/uploads\/2014\/10\/Polivalente-150x113.jpg 150w, https:\/\/candas365.es\/noticias\/wp-content\/uploads\/2014\/10\/Polivalente-450x338.jpg 450w, https:\/\/candas365.es\/noticias\/wp-content\/uploads\/2014\/10\/Polivalente-80x60.jpg 80w, https:\/\/candas365.es\/noticias\/wp-content\/uploads\/2014\/10\/Polivalente-265x198.jpg 265w, https:\/\/candas365.es\/noticias\/wp-content\/uploads\/2014\/10\/Polivalente-696x522.jpg 696w, https:\/\/candas365.es\/noticias\/wp-content\/uploads\/2014\/10\/Polivalente-560x420.jpg 560w, https:\/\/candas365.es\/noticias\/wp-content\/uploads\/2014\/10\/Polivalente-90x67.jpg 90w, https:\/\/candas365.es\/noticias\/wp-content\/uploads\/2014\/10\/Polivalente.jpg 1024w\" sizes=\"(max-width: 360px) 100vw, 360px\" \/>El Ayuntamiento de Carre\u00f1o, a trav\u00e9s de la Concejal\u00eda de Participaci\u00f3n Ciudadana, pone a disposici\u00f3n de la ciudan\u00eda una Sala de Estudio en el Centro Polivalente \u201cLa Baraga\u00f1a\u201d de Cand\u00e1s durante los d\u00edas de Semana Santa.<\/p>\n<p>\u201cCon esta iniciativa se atiende la demanda estudiantil, se cuenta con el espacio de la biblioteca municipal al que habitualmente acuden a diario a estudiar, ya sea para la convocatoria de ex\u00e1menes de oposiciones, ex\u00e1menes universitarios,\u2026 y, dado que estos d\u00edas, por festividad la instalaci\u00f3n municipal cierra sus puertas, ofrecemos un segundo espacio municipal. Para favorecer que dispongan de un espacio para estudio que no repercute en los h\u00e1bitos, rendimiento y en la concentraci\u00f3n de las personas que lo necesiten\u201d se\u00f1al\u00f3 Paula Cuervo-Concejala de Participaci\u00f3n Ciudadana.<\/p>\n<p>Esta Sala se la puede considerar como un equipamiento complementario a las instalaciones cercanas de la Biblioteca Municipal por lo que se regir\u00e1 por las mismas normas de comportamiento y uso, es decir, los tel\u00e9fonos m\u00f3viles deber\u00e1n estar en silencio o no se podr\u00e1 conversar de forma que se moleste al resto de personas usuarias, por ejemplo.<\/p>\n<p>La Sala de Estudio del Centro Polivalente \u201cLa Baraga\u00f1a\u201d estar\u00e1 abierta desde hoy jueves 18 de abril hasta el domingo 21 del mismo mes. En el horario del Centro:<\/p>\n<ul>\n<li>Ma\u00f1anas de 10:00 a 13:00 horas.<\/li>\n<li>Tardes de 16:30 a 21:00 horas.<\/li>\n<\/ul>\n<p>Para acceder a la Sala, aquellas personas que est\u00e9n interesadas, deber\u00e1n acudir a la conserjer\u00eda del Centro y desde all\u00ed les indicar\u00e1n el lugar donde se ubica el espacio asignado.<\/p>\n","protected":false},"excerpt":{"rendered":"<p>El Ayuntamiento de Carre\u00f1o, a trav\u00e9s de la Concejal\u00eda de Participaci\u00f3n Ciudadana, pone a disposici\u00f3n de la ciudan\u00eda una Sala de Estudio en el Centro Polivalente \u201cLa Baraga\u00f1a\u201d de Cand\u00e1s durante los d\u00edas de Semana Santa. \u201cCon esta iniciativa se atiende la demanda estudiantil, se cuenta con el espacio de la biblioteca municipal al que<\/p>\n","protected":false},"author":1,"featured_media":2364,"comment_status":"closed","ping_status":"closed","sticky":false,"template":"","format":"standard","meta":{"footnotes":""},"categories":[2],"tags":[],"class_list":{"0":"post-121130","1":"post","2":"type-post","3":"status-publish","4":"format-standard","5":"has-post-thumbnail","7":"category-noticias-carreno"},"aioseo_notices":[],"aioseo_head":"\n\t\t<!-- All in One SEO Pro 4.9.6.2 - aioseo.com -->\n\t<meta name=\"description\" content=\"El Ayuntamiento de Carre\u00f1o, a trav\u00e9s de la Concejal\u00eda de Participaci\u00f3n Ciudadana, pone a disposici\u00f3n de la ciudan\u00eda una Sala de Estudio en el Centro Polivalente \u201cLa Baraga\u00f1a\u201d de Cand\u00e1s durante los d\u00edas de Semana Santa. \u201cCon esta iniciativa se atiende la demanda estudiantil, se cuenta con el espacio de la biblioteca municipal al que\" \/>\n\t<meta name=\"robots\" content=\"max-image-preview:large\" \/>\n\t<meta name=\"author\" content=\"Cand\u00e1s 365\"\/>\n\t<meta name=\"google-site-verification\" content=\"UA-32230408-1\" \/>\n\t<meta name=\"msvalidate.01\" content=\"354F3CDFB2DA171B47FBE9ABF1F88D5\" \/>\n\t<meta name=\"keywords\" content=\"noticias carre\u00f1o\" \/>\n\t<link rel=\"canonical\" href=\"https:\/\/candas365.es\/noticias\/sala-de-estudio-en-el-centro-polivalente-la-baragana\/\" \/>\n\t<meta name=\"generator\" content=\"All in One SEO Pro (AIOSEO) 4.9.6.2\" \/>\n\t\t<meta property=\"og:locale\" content=\"es_ES\" \/>\n\t\t<meta property=\"og:site_name\" content=\"Cand\u00e1s 365\" \/>\n\t\t<meta property=\"og:type\" content=\"article\" \/>\n\t\t<meta property=\"og:title\" content=\"Sala de Estudio en el Centro Polivalente \u201cLa Baraga\u00f1a\u201d | Cand\u00e1s 365\" \/>\n\t\t<meta property=\"og:description\" content=\"El Ayuntamiento de Carre\u00f1o, a trav\u00e9s de la Concejal\u00eda de Participaci\u00f3n Ciudadana, pone a disposici\u00f3n de la ciudan\u00eda una Sala de Estudio en el Centro Polivalente \u201cLa Baraga\u00f1a\u201d de Cand\u00e1s durante los d\u00edas de Semana Santa. \u201cCon esta iniciativa se atiende la demanda estudiantil, se cuenta con el espacio de la biblioteca municipal al que\" \/>\n\t\t<meta property=\"og:url\" content=\"https:\/\/candas365.es\/noticias\/sala-de-estudio-en-el-centro-polivalente-la-baragana\/\" \/>\n\t\t<meta property=\"og:image\" content=\"https:\/\/candas365.es\/noticias\/wp-content\/uploads\/2014\/10\/Polivalente.jpg\" \/>\n\t\t<meta property=\"og:image:secure_url\" content=\"https:\/\/candas365.es\/noticias\/wp-content\/uploads\/2014\/10\/Polivalente.jpg\" \/>\n\t\t<meta property=\"og:image:width\" content=\"1024\" \/>\n\t\t<meta property=\"og:image:height\" content=\"768\" \/>\n\t\t<meta property=\"article:published_time\" content=\"2019-04-18T21:01:46+00:00\" \/>\n\t\t<meta property=\"article:modified_time\" content=\"2019-04-18T21:01:46+00:00\" \/>\n\t\t<meta property=\"article:publisher\" content=\"https:\/\/www.facebook.com\/Nachofdezber\" \/>\n\t\t<meta property=\"article:author\" content=\"https:\/\/www.facebook.com\/carrenoactualidad\" \/>\n\t\t<meta name=\"twitter:card\" content=\"summary_large_image\" \/>\n\t\t<meta name=\"twitter:site\" content=\"@NabercoDigital\" \/>\n\t\t<meta name=\"twitter:title\" content=\"Sala de Estudio en el Centro Polivalente \u201cLa Baraga\u00f1a\u201d | Cand\u00e1s 365\" \/>\n\t\t<meta name=\"twitter:description\" content=\"El Ayuntamiento de Carre\u00f1o, a trav\u00e9s de la Concejal\u00eda de Participaci\u00f3n Ciudadana, pone a disposici\u00f3n de la ciudan\u00eda una Sala de Estudio en el Centro Polivalente \u201cLa Baraga\u00f1a\u201d de Cand\u00e1s durante los d\u00edas de Semana Santa. \u201cCon esta iniciativa se atiende la demanda estudiantil, se cuenta con el espacio de la biblioteca municipal al que\" \/>\n\t\t<meta name=\"twitter:creator\" content=\"@nbasturias\" \/>\n\t\t<meta name=\"twitter:image\" content=\"https:\/\/candas365.es\/noticias\/wp-content\/uploads\/2014\/10\/Polivalente.jpg\" \/>\n\t\t<meta name=\"twitter:label1\" content=\"Escrito por\" \/>\n\t\t<meta name=\"twitter:data1\" content=\"Cand\u00e1s 365\" \/>\n\t\t<meta name=\"twitter:label2\" content=\"Tiempo de lectura estimado\" \/>\n\t\t<meta name=\"twitter:data2\" content=\"1 minuto\" \/>\n\t\t<script type=\"application\/ld+json\" class=\"aioseo-schema\">\n\t\t\t{\"@context\":\"https:\\\/\\\/schema.org\",\"@graph\":[{\"@type\":\"BreadcrumbList\",\"@id\":\"https:\\\/\\\/candas365.es\\\/noticias\\\/sala-de-estudio-en-el-centro-polivalente-la-baragana\\\/#breadcrumblist\",\"itemListElement\":[{\"@type\":\"ListItem\",\"@id\":\"https:\\\/\\\/candas365.es\\\/noticias#listItem\",\"position\":1,\"name\":\"Home\",\"item\":\"https:\\\/\\\/candas365.es\\\/noticias\",\"nextItem\":{\"@type\":\"ListItem\",\"@id\":\"https:\\\/\\\/candas365.es\\\/noticias\\\/category\\\/noticias-carreno\\\/#listItem\",\"name\":\"Noticias Carre\\u00f1o\"}},{\"@type\":\"ListItem\",\"@id\":\"https:\\\/\\\/candas365.es\\\/noticias\\\/category\\\/noticias-carreno\\\/#listItem\",\"position\":2,\"name\":\"Noticias Carre\\u00f1o\",\"item\":\"https:\\\/\\\/candas365.es\\\/noticias\\\/category\\\/noticias-carreno\\\/\",\"nextItem\":{\"@type\":\"ListItem\",\"@id\":\"https:\\\/\\\/candas365.es\\\/noticias\\\/sala-de-estudio-en-el-centro-polivalente-la-baragana\\\/#listItem\",\"name\":\"Sala de Estudio en el Centro Polivalente \\u201cLa Baraga\\u00f1a\\u201d\"},\"previousItem\":{\"@type\":\"ListItem\",\"@id\":\"https:\\\/\\\/candas365.es\\\/noticias#listItem\",\"name\":\"Home\"}},{\"@type\":\"ListItem\",\"@id\":\"https:\\\/\\\/candas365.es\\\/noticias\\\/sala-de-estudio-en-el-centro-polivalente-la-baragana\\\/#listItem\",\"position\":3,\"name\":\"Sala de Estudio en el Centro Polivalente \\u201cLa Baraga\\u00f1a\\u201d\",\"previousItem\":{\"@type\":\"ListItem\",\"@id\":\"https:\\\/\\\/candas365.es\\\/noticias\\\/category\\\/noticias-carreno\\\/#listItem\",\"name\":\"Noticias Carre\\u00f1o\"}}]},{\"@type\":\"NewsArticle\",\"@id\":\"https:\\\/\\\/candas365.es\\\/noticias\\\/sala-de-estudio-en-el-centro-polivalente-la-baragana\\\/#newsarticle\",\"name\":\"Sala de Estudio en el Centro Polivalente \\u201cLa Baraga\\u00f1a\\u201d | Cand\\u00e1s 365\",\"headline\":\"Sala de Estudio en el Centro Polivalente \\u201cLa Baraga\\u00f1a\\u201d\",\"author\":{\"@id\":\"https:\\\/\\\/candas365.es\\\/noticias\\\/author\\\/admin\\\/#author\"},\"publisher\":{\"@id\":\"https:\\\/\\\/candas365.es\\\/noticias\\\/#organization\"},\"image\":{\"@type\":\"ImageObject\",\"url\":\"https:\\\/\\\/candas365.es\\\/noticias\\\/wp-content\\\/uploads\\\/2014\\\/10\\\/Polivalente.jpg\",\"width\":1024,\"height\":768},\"datePublished\":\"2019-04-18T21:01:46+02:00\",\"dateModified\":\"2019-04-18T21:01:46+02:00\",\"inLanguage\":\"es-ES\",\"mainEntityOfPage\":{\"@id\":\"https:\\\/\\\/candas365.es\\\/noticias\\\/sala-de-estudio-en-el-centro-polivalente-la-baragana\\\/#webpage\"},\"isPartOf\":{\"@id\":\"https:\\\/\\\/candas365.es\\\/noticias\\\/sala-de-estudio-en-el-centro-polivalente-la-baragana\\\/#webpage\"},\"articleSection\":\"Noticias Carre\\u00f1o\",\"dateline\":\"Publicado el abril 18, 2019.\"},{\"@type\":\"Organization\",\"@id\":\"https:\\\/\\\/candas365.es\\\/noticias\\\/#organization\",\"name\":\"Cand\\u00e1s 365\",\"description\":\"Cand\\u00e1s 365 es un diario digital independiente, fundado en 2012, con base en Asturias. Informamos con rigor sobre actualidad, sociedad, cultura y ocio, con una mirada local y global.\",\"url\":\"https:\\\/\\\/candas365.es\\\/noticias\\\/\",\"email\":\"info@candas365.es\",\"telephone\":\"+34652131393\",\"foundingDate\":\"2012-06-10\",\"logo\":{\"@type\":\"ImageObject\",\"url\":\"https:\\\/\\\/candas365.es\\\/noticias\\\/wp-content\\\/uploads\\\/2024\\\/09\\\/Candas-365-Redes.jpg\",\"@id\":\"https:\\\/\\\/candas365.es\\\/noticias\\\/sala-de-estudio-en-el-centro-polivalente-la-baragana\\\/#organizationLogo\",\"width\":1152,\"height\":864,\"caption\":\"Cand\\u00e1s 365 Redes\"},\"image\":{\"@id\":\"https:\\\/\\\/candas365.es\\\/noticias\\\/sala-de-estudio-en-el-centro-polivalente-la-baragana\\\/#organizationLogo\"},\"sameAs\":[\"https:\\\/\\\/www.facebook.com\\\/Nachofdezber\",\"https:\\\/\\\/x.com\\\/NabercoDigital\",\"https:\\\/\\\/www.instagram.com\\\/nachofdezber\\\/\",\"https:\\\/\\\/www.youtube.com\\\/channel\\\/UCZP-2wLEB9Rv6erhFmqVnvg\"],\"address\":{\"@id\":\"https:\\\/\\\/candas365.es\\\/noticias\\\/#postaladdress\",\"@type\":\"PostalAddress\",\"streetAddress\":\"san antonio 4, san antonio 4\",\"postalCode\":\"33430\",\"addressLocality\":\"Cand\\u00e1s\",\"addressRegion\":\"Asturias\",\"addressCountry\":\"ES\"}},{\"@type\":\"Person\",\"@id\":\"https:\\\/\\\/candas365.es\\\/noticias\\\/author\\\/admin\\\/#author\",\"url\":\"https:\\\/\\\/candas365.es\\\/noticias\\\/author\\\/admin\\\/\",\"name\":\"Cand\\u00e1s 365\",\"image\":{\"@type\":\"ImageObject\",\"@id\":\"https:\\\/\\\/candas365.es\\\/noticias\\\/sala-de-estudio-en-el-centro-polivalente-la-baragana\\\/#authorImage\",\"url\":\"https:\\\/\\\/secure.gravatar.com\\\/avatar\\\/496a8e03d0c493ede1718b7934145dbdf8d89be1036b0eec9544e1094c9de390?s=96&d=mm&r=g\",\"width\":96,\"height\":96,\"caption\":\"Cand\\u00e1s 365\"},\"sameAs\":[\"https:\\\/\\\/www.facebook.com\\\/carrenoactualidad\",\"https:\\\/\\\/twitter.com\\\/nbasturias\",\"https:\\\/\\\/www.instagram.com\\\/nachofdezber\\\/\",\"https:\\\/\\\/www.youtube.com\\\/channel\\\/UCZP-2wLEB9Rv6erhFmqVnvg\"]},{\"@type\":\"WebPage\",\"@id\":\"https:\\\/\\\/candas365.es\\\/noticias\\\/sala-de-estudio-en-el-centro-polivalente-la-baragana\\\/#webpage\",\"url\":\"https:\\\/\\\/candas365.es\\\/noticias\\\/sala-de-estudio-en-el-centro-polivalente-la-baragana\\\/\",\"name\":\"Sala de Estudio en el Centro Polivalente \\u201cLa Baraga\\u00f1a\\u201d | Cand\\u00e1s 365\",\"description\":\"El Ayuntamiento de Carre\\u00f1o, a trav\\u00e9s de la Concejal\\u00eda de Participaci\\u00f3n Ciudadana, pone a disposici\\u00f3n de la ciudan\\u00eda una Sala de Estudio en el Centro Polivalente \\u201cLa Baraga\\u00f1a\\u201d de Cand\\u00e1s durante los d\\u00edas de Semana Santa. \\u201cCon esta iniciativa se atiende la demanda estudiantil, se cuenta con el espacio de la biblioteca municipal al que\",\"inLanguage\":\"es-ES\",\"isPartOf\":{\"@id\":\"https:\\\/\\\/candas365.es\\\/noticias\\\/#website\"},\"breadcrumb\":{\"@id\":\"https:\\\/\\\/candas365.es\\\/noticias\\\/sala-de-estudio-en-el-centro-polivalente-la-baragana\\\/#breadcrumblist\"},\"author\":{\"@id\":\"https:\\\/\\\/candas365.es\\\/noticias\\\/author\\\/admin\\\/#author\"},\"creator\":{\"@id\":\"https:\\\/\\\/candas365.es\\\/noticias\\\/author\\\/admin\\\/#author\"},\"image\":{\"@type\":\"ImageObject\",\"url\":\"https:\\\/\\\/candas365.es\\\/noticias\\\/wp-content\\\/uploads\\\/2014\\\/10\\\/Polivalente.jpg\",\"@id\":\"https:\\\/\\\/candas365.es\\\/noticias\\\/sala-de-estudio-en-el-centro-polivalente-la-baragana\\\/#mainImage\",\"width\":1024,\"height\":768},\"primaryImageOfPage\":{\"@id\":\"https:\\\/\\\/candas365.es\\\/noticias\\\/sala-de-estudio-en-el-centro-polivalente-la-baragana\\\/#mainImage\"},\"datePublished\":\"2019-04-18T21:01:46+02:00\",\"dateModified\":\"2019-04-18T21:01:46+02:00\"},{\"@type\":\"WebSite\",\"@id\":\"https:\\\/\\\/candas365.es\\\/noticias\\\/#website\",\"url\":\"https:\\\/\\\/candas365.es\\\/noticias\\\/\",\"name\":\"Cand\\u00e1s 365\",\"alternateName\":\"Cand\\u00e1s 365 Noticias\",\"description\":\"Actualidad desde Carre\\u00f1o para el mundo\",\"inLanguage\":\"es-ES\",\"publisher\":{\"@id\":\"https:\\\/\\\/candas365.es\\\/noticias\\\/#organization\"}}]}\n\t\t<\/script>\n\t\t<!-- All in One SEO Pro -->\r\n\t\t<title>Sala de Estudio en el Centro Polivalente \u201cLa Baraga\u00f1a\u201d | Cand\u00e1s 365<\/title>\n\n","aioseo_head_json":{"title":"Sala de Estudio en el Centro Polivalente \u201cLa Baraga\u00f1a\u201d | Cand\u00e1s 365","description":"El Ayuntamiento de Carre\u00f1o, a trav\u00e9s de la Concejal\u00eda de Participaci\u00f3n Ciudadana, pone a disposici\u00f3n de la ciudan\u00eda una Sala de Estudio en el Centro Polivalente \u201cLa Baraga\u00f1a\u201d de Cand\u00e1s durante los d\u00edas de Semana Santa. \u201cCon esta iniciativa se atiende la demanda estudiantil, se cuenta con el espacio de la biblioteca municipal al que","canonical_url":"https:\/\/candas365.es\/noticias\/sala-de-estudio-en-el-centro-polivalente-la-baragana\/","robots":"max-image-preview:large","keywords":"noticias carre\u00f1o","webmasterTools":{"google-site-verification":"UA-32230408-1","msvalidate.01":"354F3CDFB2DA171B47FBE9ABF1F88D5","miscellaneous":""},"schema":{"@context":"https:\/\/schema.org","@graph":[{"@type":"BreadcrumbList","@id":"https:\/\/candas365.es\/noticias\/sala-de-estudio-en-el-centro-polivalente-la-baragana\/#breadcrumblist","itemListElement":[{"@type":"ListItem","@id":"https:\/\/candas365.es\/noticias#listItem","position":1,"name":"Home","item":"https:\/\/candas365.es\/noticias","nextItem":{"@type":"ListItem","@id":"https:\/\/candas365.es\/noticias\/category\/noticias-carreno\/#listItem","name":"Noticias Carre\u00f1o"}},{"@type":"ListItem","@id":"https:\/\/candas365.es\/noticias\/category\/noticias-carreno\/#listItem","position":2,"name":"Noticias Carre\u00f1o","item":"https:\/\/candas365.es\/noticias\/category\/noticias-carreno\/","nextItem":{"@type":"ListItem","@id":"https:\/\/candas365.es\/noticias\/sala-de-estudio-en-el-centro-polivalente-la-baragana\/#listItem","name":"Sala de Estudio en el Centro Polivalente \u201cLa Baraga\u00f1a\u201d"},"previousItem":{"@type":"ListItem","@id":"https:\/\/candas365.es\/noticias#listItem","name":"Home"}},{"@type":"ListItem","@id":"https:\/\/candas365.es\/noticias\/sala-de-estudio-en-el-centro-polivalente-la-baragana\/#listItem","position":3,"name":"Sala de Estudio en el Centro Polivalente \u201cLa Baraga\u00f1a\u201d","previousItem":{"@type":"ListItem","@id":"https:\/\/candas365.es\/noticias\/category\/noticias-carreno\/#listItem","name":"Noticias Carre\u00f1o"}}]},{"@type":"NewsArticle","@id":"https:\/\/candas365.es\/noticias\/sala-de-estudio-en-el-centro-polivalente-la-baragana\/#newsarticle","name":"Sala de Estudio en el Centro Polivalente \u201cLa Baraga\u00f1a\u201d | Cand\u00e1s 365","headline":"Sala de Estudio en el Centro Polivalente \u201cLa Baraga\u00f1a\u201d","author":{"@id":"https:\/\/candas365.es\/noticias\/author\/admin\/#author"},"publisher":{"@id":"https:\/\/candas365.es\/noticias\/#organization"},"image":{"@type":"ImageObject","url":"https:\/\/candas365.es\/noticias\/wp-content\/uploads\/2014\/10\/Polivalente.jpg","width":1024,"height":768},"datePublished":"2019-04-18T21:01:46+02:00","dateModified":"2019-04-18T21:01:46+02:00","inLanguage":"es-ES","mainEntityOfPage":{"@id":"https:\/\/candas365.es\/noticias\/sala-de-estudio-en-el-centro-polivalente-la-baragana\/#webpage"},"isPartOf":{"@id":"https:\/\/candas365.es\/noticias\/sala-de-estudio-en-el-centro-polivalente-la-baragana\/#webpage"},"articleSection":"Noticias Carre\u00f1o","dateline":"Publicado el abril 18, 2019."},{"@type":"Organization","@id":"https:\/\/candas365.es\/noticias\/#organization","name":"Cand\u00e1s 365","description":"Cand\u00e1s 365 es un diario digital independiente, fundado en 2012, con base en Asturias. Informamos con rigor sobre actualidad, sociedad, cultura y ocio, con una mirada local y global.","url":"https:\/\/candas365.es\/noticias\/","email":"info@candas365.es","telephone":"+34652131393","foundingDate":"2012-06-10","logo":{"@type":"ImageObject","url":"https:\/\/candas365.es\/noticias\/wp-content\/uploads\/2024\/09\/Candas-365-Redes.jpg","@id":"https:\/\/candas365.es\/noticias\/sala-de-estudio-en-el-centro-polivalente-la-baragana\/#organizationLogo","width":1152,"height":864,"caption":"Cand\u00e1s 365 Redes"},"image":{"@id":"https:\/\/candas365.es\/noticias\/sala-de-estudio-en-el-centro-polivalente-la-baragana\/#organizationLogo"},"sameAs":["https:\/\/www.facebook.com\/Nachofdezber","https:\/\/x.com\/NabercoDigital","https:\/\/www.instagram.com\/nachofdezber\/","https:\/\/www.youtube.com\/channel\/UCZP-2wLEB9Rv6erhFmqVnvg"],"address":{"@id":"https:\/\/candas365.es\/noticias\/#postaladdress","@type":"PostalAddress","streetAddress":"san antonio 4, san antonio 4","postalCode":"33430","addressLocality":"Cand\u00e1s","addressRegion":"Asturias","addressCountry":"ES"}},{"@type":"Person","@id":"https:\/\/candas365.es\/noticias\/author\/admin\/#author","url":"https:\/\/candas365.es\/noticias\/author\/admin\/","name":"Cand\u00e1s 365","image":{"@type":"ImageObject","@id":"https:\/\/candas365.es\/noticias\/sala-de-estudio-en-el-centro-polivalente-la-baragana\/#authorImage","url":"https:\/\/secure.gravatar.com\/avatar\/496a8e03d0c493ede1718b7934145dbdf8d89be1036b0eec9544e1094c9de390?s=96&d=mm&r=g","width":96,"height":96,"caption":"Cand\u00e1s 365"},"sameAs":["https:\/\/www.facebook.com\/carrenoactualidad","https:\/\/twitter.com\/nbasturias","https:\/\/www.instagram.com\/nachofdezber\/","https:\/\/www.youtube.com\/channel\/UCZP-2wLEB9Rv6erhFmqVnvg"]},{"@type":"WebPage","@id":"https:\/\/candas365.es\/noticias\/sala-de-estudio-en-el-centro-polivalente-la-baragana\/#webpage","url":"https:\/\/candas365.es\/noticias\/sala-de-estudio-en-el-centro-polivalente-la-baragana\/","name":"Sala de Estudio en el Centro Polivalente \u201cLa Baraga\u00f1a\u201d | Cand\u00e1s 365","description":"El Ayuntamiento de Carre\u00f1o, a trav\u00e9s de la Concejal\u00eda de Participaci\u00f3n Ciudadana, pone a disposici\u00f3n de la ciudan\u00eda una Sala de Estudio en el Centro Polivalente \u201cLa Baraga\u00f1a\u201d de Cand\u00e1s durante los d\u00edas de Semana Santa. \u201cCon esta iniciativa se atiende la demanda estudiantil, se cuenta con el espacio de la biblioteca municipal al que","inLanguage":"es-ES","isPartOf":{"@id":"https:\/\/candas365.es\/noticias\/#website"},"breadcrumb":{"@id":"https:\/\/candas365.es\/noticias\/sala-de-estudio-en-el-centro-polivalente-la-baragana\/#breadcrumblist"},"author":{"@id":"https:\/\/candas365.es\/noticias\/author\/admin\/#author"},"creator":{"@id":"https:\/\/candas365.es\/noticias\/author\/admin\/#author"},"image":{"@type":"ImageObject","url":"https:\/\/candas365.es\/noticias\/wp-content\/uploads\/2014\/10\/Polivalente.jpg","@id":"https:\/\/candas365.es\/noticias\/sala-de-estudio-en-el-centro-polivalente-la-baragana\/#mainImage","width":1024,"height":768},"primaryImageOfPage":{"@id":"https:\/\/candas365.es\/noticias\/sala-de-estudio-en-el-centro-polivalente-la-baragana\/#mainImage"},"datePublished":"2019-04-18T21:01:46+02:00","dateModified":"2019-04-18T21:01:46+02:00"},{"@type":"WebSite","@id":"https:\/\/candas365.es\/noticias\/#website","url":"https:\/\/candas365.es\/noticias\/","name":"Cand\u00e1s 365","alternateName":"Cand\u00e1s 365 Noticias","description":"Actualidad desde Carre\u00f1o para el mundo","inLanguage":"es-ES","publisher":{"@id":"https:\/\/candas365.es\/noticias\/#organization"}}]},"og:locale":"es_ES","og:site_name":"Cand\u00e1s 365","og:type":"article","og:title":"Sala de Estudio en el Centro Polivalente \u201cLa Baraga\u00f1a\u201d | Cand\u00e1s 365","og:description":"El Ayuntamiento de Carre\u00f1o, a trav\u00e9s de la Concejal\u00eda de Participaci\u00f3n Ciudadana, pone a disposici\u00f3n de la ciudan\u00eda una Sala de Estudio en el Centro Polivalente \u201cLa Baraga\u00f1a\u201d de Cand\u00e1s durante los d\u00edas de Semana Santa. \u201cCon esta iniciativa se atiende la demanda estudiantil, se cuenta con el espacio de la biblioteca municipal al que","og:url":"https:\/\/candas365.es\/noticias\/sala-de-estudio-en-el-centro-polivalente-la-baragana\/","og:image":"https:\/\/candas365.es\/noticias\/wp-content\/uploads\/2014\/10\/Polivalente.jpg","og:image:secure_url":"https:\/\/candas365.es\/noticias\/wp-content\/uploads\/2014\/10\/Polivalente.jpg","og:image:width":1024,"og:image:height":768,"article:published_time":"2019-04-18T21:01:46+00:00","article:modified_time":"2019-04-18T21:01:46+00:00","article:publisher":"https:\/\/www.facebook.com\/Nachofdezber","article:author":"https:\/\/www.facebook.com\/carrenoactualidad","twitter:card":"summary_large_image","twitter:site":"@NabercoDigital","twitter:title":"Sala de Estudio en el Centro Polivalente \u201cLa Baraga\u00f1a\u201d | Cand\u00e1s 365","twitter:description":"El Ayuntamiento de Carre\u00f1o, a trav\u00e9s de la Concejal\u00eda de Participaci\u00f3n Ciudadana, pone a disposici\u00f3n de la ciudan\u00eda una Sala de Estudio en el Centro Polivalente \u201cLa Baraga\u00f1a\u201d de Cand\u00e1s durante los d\u00edas de Semana Santa. \u201cCon esta iniciativa se atiende la demanda estudiantil, se cuenta con el espacio de la biblioteca municipal al que","twitter:creator":"@nbasturias","twitter:image":"https:\/\/candas365.es\/noticias\/wp-content\/uploads\/2014\/10\/Polivalente.jpg","twitter:label1":"Escrito por","twitter:data1":"Cand\u00e1s 365","twitter:label2":"Tiempo de lectura estimado","twitter:data2":"1 minuto"},"aioseo_meta_data":{"post_id":"121130","title":null,"description":null,"keywords":null,"keyphrases":null,"primary_term":null,"canonical_url":null,"og_title":null,"og_description":null,"og_object_type":"default","og_image_type":"default","og_image_url":null,"og_image_width":null,"og_image_height":null,"og_image_custom_url":null,"og_image_custom_fields":null,"og_video":null,"og_custom_url":null,"og_article_section":null,"og_article_tags":null,"twitter_use_og":false,"twitter_card":"default","twitter_image_type":"default","twitter_image_url":null,"twitter_image_custom_url":null,"twitter_image_custom_fields":null,"twitter_title":null,"twitter_description":null,"schema":{"blockGraphs":[],"customGraphs":[],"default":{"data":{"Article":[],"Course":[],"Dataset":[],"FAQPage":[],"Movie":[],"Person":[],"Product":[],"ProductReview":[],"Car":[],"Recipe":[],"Service":[],"SoftwareApplication":[],"WebPage":[]},"graphName":"","isEnabled":true},"graphs":[]},"schema_type":null,"schema_type_options":null,"pillar_content":false,"robots_default":true,"robots_noindex":false,"robots_noarchive":false,"robots_nosnippet":false,"robots_nofollow":false,"robots_noimageindex":false,"robots_noodp":false,"robots_notranslate":false,"robots_max_snippet":null,"robots_max_videopreview":null,"robots_max_imagepreview":"large","priority":null,"frequency":null,"location":null,"local_seo":null,"seo_analyzer_scan_date":"2025-08-29 19:09:40","breadcrumb_settings":null,"limit_modified_date":false,"reviewed_by":null,"open_ai":null,"ai":null,"created":"2020-12-21 10:58:26","updated":"2025-08-29 19:09:40"},"aioseo_breadcrumb":"<div class=\"aioseo-breadcrumbs\"><span class=\"aioseo-breadcrumb\">\n\t<a href=\"https:\/\/candas365.es\/noticias\" title=\"Home\">Home<\/a>\n<\/span><span class=\"aioseo-breadcrumb-separator\">&ndash;<\/span><span class=\"aioseo-breadcrumb\">\n\t<a href=\"https:\/\/candas365.es\/noticias\/category\/noticias-carreno\/\" title=\"Noticias Carre\u00f1o\">Noticias Carre\u00f1o<\/a>\n<\/span><span class=\"aioseo-breadcrumb-separator\">&ndash;<\/span><span class=\"aioseo-breadcrumb\">\n\tSala de Estudio en el Centro Polivalente \u201cLa Baraga\u00f1a\u201d\n<\/span><\/div>","aioseo_breadcrumb_json":[{"label":"Home","link":"https:\/\/candas365.es\/noticias"},{"label":"Noticias Carre\u00f1o","link":"https:\/\/candas365.es\/noticias\/category\/noticias-carreno\/"},{"label":"Sala de Estudio en el Centro Polivalente \u201cLa Baraga\u00f1a\u201d","link":"https:\/\/candas365.es\/noticias\/sala-de-estudio-en-el-centro-polivalente-la-baragana\/"}],"_links":{"self":[{"href":"https:\/\/candas365.es\/noticias\/wp-json\/wp\/v2\/posts\/121130","targetHints":{"allow":["GET"]}}],"collection":[{"href":"https:\/\/candas365.es\/noticias\/wp-json\/wp\/v2\/posts"}],"about":[{"href":"https:\/\/candas365.es\/noticias\/wp-json\/wp\/v2\/types\/post"}],"author":[{"embeddable":true,"href":"https:\/\/candas365.es\/noticias\/wp-json\/wp\/v2\/users\/1"}],"replies":[{"embeddable":true,"href":"https:\/\/candas365.es\/noticias\/wp-json\/wp\/v2\/comments?post=121130"}],"version-history":[{"count":0,"href":"https:\/\/candas365.es\/noticias\/wp-json\/wp\/v2\/posts\/121130\/revisions"}],"wp:featuredmedia":[{"embeddable":true,"href":"https:\/\/candas365.es\/noticias\/wp-json\/wp\/v2\/media\/2364"}],"wp:attachment":[{"href":"https:\/\/candas365.es\/noticias\/wp-json\/wp\/v2\/media?parent=121130"}],"wp:term":[{"taxonomy":"category","embeddable":true,"href":"https:\/\/candas365.es\/noticias\/wp-json\/wp\/v2\/categories?post=121130"},{"taxonomy":"post_tag","embeddable":true,"href":"https:\/\/candas365.es\/noticias\/wp-json\/wp\/v2\/tags?post=121130"}],"curies":[{"name":"wp","href":"https:\/\/api.w.org\/{rel}","templated":true}]}}