{"id":121124,"date":"2019-04-18T20:19:56","date_gmt":"2019-04-18T20:19:56","guid":{"rendered":"http:\/\/candas365.es\/noticias\/?p=121124"},"modified":"2019-04-18T20:19:56","modified_gmt":"2019-04-18T20:19:56","slug":"el-ayuntamiento-firma-un-convenio-con-la-banda-de-gaites-candas","status":"publish","type":"post","link":"https:\/\/candas365.es\/noticias\/el-ayuntamiento-firma-un-convenio-con-la-banda-de-gaites-candas\/","title":{"rendered":"El Ayuntamiento firma un convenio con la \u201cBanda de Gaites Cand\u00e1s\u201d"},"content":{"rendered":"<p><img fetchpriority=\"high\" decoding=\"async\" class=\"alignleft size-medium wp-image-121125\" src=\"https:\/\/candas365.es\/noticias\/wp-content\/uploads\/2019\/04\/convenio-banda-gaites-360x205.jpg\" alt=\"\" width=\"360\" height=\"205\" srcset=\"https:\/\/candas365.es\/noticias\/wp-content\/uploads\/2019\/04\/convenio-banda-gaites-360x205.jpg 360w, https:\/\/candas365.es\/noticias\/wp-content\/uploads\/2019\/04\/convenio-banda-gaites-768x438.jpg 768w, https:\/\/candas365.es\/noticias\/wp-content\/uploads\/2019\/04\/convenio-banda-gaites-655x373.jpg 655w, https:\/\/candas365.es\/noticias\/wp-content\/uploads\/2019\/04\/convenio-banda-gaites-696x397.jpg 696w, https:\/\/candas365.es\/noticias\/wp-content\/uploads\/2019\/04\/convenio-banda-gaites-737x420.jpg 737w, https:\/\/candas365.es\/noticias\/wp-content\/uploads\/2019\/04\/convenio-banda-gaites.jpg 1016w\" sizes=\"(max-width: 360px) 100vw, 360px\" \/>En el Sal\u00f3n de Plenos del Ayuntamiento de Carre\u00f1o se renov\u00f3 recientemente al acuerdo colaborativo entre el Consistorio local y la \u201cBanda de Gaites Cand\u00e1s\u201d. Este compromiso cultural, por parte de ambas entidades, se plasm\u00f3 con la r\u00fabrica digital del Presidente de la Banda de Gaitas Cand\u00e1s, Daniel Garc\u00eda Vega y Amelia Fern\u00e1ndez, Alcaldesa del Ayuntamiento de Carre\u00f1o. Ambos firmaron digitalmente el nuevo convenio de colaboraci\u00f3n.<\/p>\n<p>Dicho acuerdo tiene por objeto impulsar el estudio y promoci\u00f3n de la m\u00fasica y cultura asturiana, el apoyo a la labor educativa que la entidad cultural hace de la m\u00fasica tradicional, y a la celebraci\u00f3n anual del festival de gaites \u201cVilla de Cand\u00e1s\u201d, mediante el otorgamiento de una ayuda econ\u00f3mica para colaborar en la realizaci\u00f3n de sus actividades.<\/p>\n<p>Por ello, el Ayuntamiento de Carre\u00f1o har\u00e1 una aportaci\u00f3n de 28. 235 \u20ac para el ejercicio 2019. Y a cambio, la Banda de Gaitas Cand\u00e1s se compromete a la organizaci\u00f3n del Festival de Banda de Gaites \u201cVilla Cand\u00e1s\u201d y a la realizaci\u00f3n de un total de 14 actuaciones gratuitas durante el presente a\u00f1o en diferentes eventos y parroquias del Concejo. La Banda de Gaitas ofrecer\u00e1 8 actuaciones, mientras que para la Bandina el n\u00famero de actuaciones ser\u00e1 de 6.<\/p>\n<p>As\u00ed mismo, la entidad ofrece un descuento especial del 30%, para el resto de sus actuaciones que el consistorio de Carre\u00f1o le contrate, en todos aquellos eventos celebrados en el Concejo o fuera de \u00e9l para su promoci\u00f3n o intercambio cultural.<\/p>\n<p>\u201cUna vez m\u00e1s desde el Consistorio apoya a las entidades culturales del Concejo, entidad que promociona algo tan nuestro como es la cultura, la m\u00fasica, las tradiciones asturianas, llevando el nombre de Carre\u00f1o all\u00e1 por donde quieran que van. De esta forma la vecindad podr\u00e1 disfrutar a lo largo de todo el a\u00f1o de los conciertos, pasacalles, y por supuesto de una nueva edici\u00f3n del Festival de Banda de Gaites Villa Cand\u00e1s que organiza la asociaci\u00f3n\u201d se\u00f1al\u00f3 Amelia Fern\u00e1ndez<\/p>\n<p>La Banda de Gaites Cand\u00e1s naci\u00f3 en 1989 con el objetivo de impulsar el estudio y promoci\u00f3n de la m\u00fasica y cultura asturianas. En la actualidad cuenta con m\u00e1s de treinta componentes, y escolinos que se preparan, para formar parte de ella, en su escuela de m\u00fasica tradicional situada en el faro de Cand\u00e1s.<\/p>\n<p>Su repertorio se compone b\u00e1sicamente de adaptaciones armonizadas de temas tradicionales asturianos, incorporando tambi\u00e9n algunos de otras culturas del Arco Atl\u00e1ntico, solos de percusi\u00f3n y composiciones originales.<\/p>\n<p>Su director es Velu Mu\u00f1iz y en su curr\u00edculo consta el haber sido Campeones de Asturies en el III Campeonatu Nacional de Bandes de Gaites Asturianes, Campeones en la 1\u00aa Fase de la XIV Liga de Gallega de Bandes de Gaites en su 1\u00b0 Grado, Campeones en el 1\u00ba Grado del Campeonatu de Bandes de Gaites de la XXIV Edici\u00f3n del Festival del Gaiteru de Sotuelo (Pontevedra 2003) y ser la primera banda asturiana en haber competido en el 1\u00b0 Grado de la Liga Gallega de Bandes de Gaites.<\/p>\n<p>En el 2015 consiguieron el \u201cPREMIO AMAS 2015\u201d (Anuario de la M\u00fasica de Asturias) en el apartado de Gaita. Los \u201cPremio Amas\u201d son los premios oficiales a la m\u00fasica asturiana que se entregan cada a\u00f1o desde el 2005.<\/p>\n<p>Cada verano, desde 1997, organizan el Festival de Bandes de Gaites Villa de Cand\u00e1s. Festival que ha sido declarado a instancias del Ayuntamiento de Carre\u00f1o por el Gobierno del Principado como Fiesta de Inter\u00e9s tur\u00edstico regional. Este Festival es el \u00fanico en Asturias que se celebra dedicado exclusivamente a Bandas de Gaitas. El festival tiene una ampl\u00edsima repercusi\u00f3n a nivel nacional e internacional, en \u00e9l han participado agrupaciones de Asturias, Galicia, Le\u00f3n, Mallorca, Breta\u00f1a, Irlanda y Escocia.<\/p>\n<p>\u201cAdem\u00e1s de la renovaci\u00f3n del convenio, en esta primera reuni\u00f3n con la nueva directiva de la \u201cBanda\u201d hemos abordado otros temas de inter\u00e9s para el colectivo. Repasamos los resultados de las obras recientes en el edificio de El Faro, cuyo uso hemos cedido como sede para la asociaci\u00f3n cultural y lugar de ensayo. La Autoridad Portuaria de Gij\u00f3n, como propietaria del inmueble, ha realizado arreglos pero a\u00fan quedan cuestiones por concluir que volveremos a retomar con la propiedad del inmueble. Tambi\u00e9n nos plantearon la realizaci\u00f3n de una serie de actividades con motivo del XXX Aniversario de la fundaci\u00f3n de \u201cla Banda\u201d como pueden ser la organizaci\u00f3n del D\u00eda del Socio o un posible concierto a finales de a\u00f1o para festejar la onom\u00e1stica. Treinta a\u00f1os formando musicalmente a generaciones de carre\u00f1enses merece conmemorarlo con actividades abiertas al disfrute vecinal\u201d relat\u00f3 La Alcaldesa.<\/p>\n<p>\u201cA estas propuestas hay que a\u00f1adir que desde la nueva directiva de la Asociaci\u00f3n, est\u00e1 trabajando en un posible intercambio cultural entre Carre\u00f1o y el Centro Asturiano de M\u00e1laga, el cual podr\u00eda tener lugar en la ciudad andaluza a finales del mes de septiembre. Este tema junto con la organizaci\u00f3n del Festival de Banda de Gaites se abordar\u00e1 m\u00e1s detenidamente en una nueva reuni\u00f3n en pr\u00f3ximas fechas. Ser\u00e1 en el mes de Mayo cuando visite nuestro concejo el presidente de dicho centro\u201d finaliz\u00f3 la primera edil.<\/p>\n","protected":false},"excerpt":{"rendered":"<p>En el Sal\u00f3n de Plenos del Ayuntamiento de Carre\u00f1o se renov\u00f3 recientemente al acuerdo colaborativo entre el Consistorio local y la \u201cBanda de Gaites Cand\u00e1s\u201d. Este compromiso cultural, por parte de ambas entidades, se plasm\u00f3 con la r\u00fabrica digital del Presidente de la Banda de Gaitas Cand\u00e1s, Daniel Garc\u00eda Vega y Amelia Fern\u00e1ndez, Alcaldesa del<\/p>\n","protected":false},"author":1,"featured_media":121125,"comment_status":"closed","ping_status":"closed","sticky":false,"template":"","format":"standard","meta":{"footnotes":""},"categories":[2],"tags":[],"class_list":{"0":"post-121124","1":"post","2":"type-post","3":"status-publish","4":"format-standard","5":"has-post-thumbnail","7":"category-noticias-carreno"},"aioseo_notices":[],"aioseo_head":"\n\t\t<!-- All in One SEO Pro 4.9.6.2 - aioseo.com -->\n\t<meta name=\"description\" content=\"En el Sal\u00f3n de Plenos del Ayuntamiento de Carre\u00f1o se renov\u00f3 recientemente al acuerdo colaborativo entre el Consistorio local y la \u201cBanda de Gaites Cand\u00e1s\u201d. Este compromiso cultural, por parte de ambas entidades, se plasm\u00f3 con la r\u00fabrica digital del Presidente de la Banda de Gaitas Cand\u00e1s, Daniel Garc\u00eda Vega y Amelia Fern\u00e1ndez, Alcaldesa del\" \/>\n\t<meta name=\"robots\" content=\"max-image-preview:large\" \/>\n\t<meta name=\"author\" content=\"Cand\u00e1s 365\"\/>\n\t<meta name=\"google-site-verification\" content=\"UA-32230408-1\" \/>\n\t<meta name=\"msvalidate.01\" content=\"354F3CDFB2DA171B47FBE9ABF1F88D5\" \/>\n\t<meta name=\"keywords\" content=\"noticias carre\u00f1o\" \/>\n\t<link rel=\"canonical\" href=\"https:\/\/candas365.es\/noticias\/el-ayuntamiento-firma-un-convenio-con-la-banda-de-gaites-candas\/\" \/>\n\t<meta name=\"generator\" content=\"All in One SEO Pro (AIOSEO) 4.9.6.2\" \/>\n\t\t<meta property=\"og:locale\" content=\"es_ES\" \/>\n\t\t<meta property=\"og:site_name\" content=\"Cand\u00e1s 365\" \/>\n\t\t<meta property=\"og:type\" content=\"article\" \/>\n\t\t<meta property=\"og:title\" content=\"El Ayuntamiento firma un convenio con la \u201cBanda de Gaites Cand\u00e1s\u201d | Cand\u00e1s 365\" \/>\n\t\t<meta property=\"og:description\" content=\"En el Sal\u00f3n de Plenos del Ayuntamiento de Carre\u00f1o se renov\u00f3 recientemente al acuerdo colaborativo entre el Consistorio local y la \u201cBanda de Gaites Cand\u00e1s\u201d. Este compromiso cultural, por parte de ambas entidades, se plasm\u00f3 con la r\u00fabrica digital del Presidente de la Banda de Gaitas Cand\u00e1s, Daniel Garc\u00eda Vega y Amelia Fern\u00e1ndez, Alcaldesa del\" \/>\n\t\t<meta property=\"og:url\" content=\"https:\/\/candas365.es\/noticias\/el-ayuntamiento-firma-un-convenio-con-la-banda-de-gaites-candas\/\" \/>\n\t\t<meta property=\"og:image\" content=\"https:\/\/candas365.es\/noticias\/wp-content\/uploads\/2019\/04\/convenio-banda-gaites.jpg\" \/>\n\t\t<meta property=\"og:image:secure_url\" content=\"https:\/\/candas365.es\/noticias\/wp-content\/uploads\/2019\/04\/convenio-banda-gaites.jpg\" \/>\n\t\t<meta property=\"og:image:width\" content=\"1016\" \/>\n\t\t<meta property=\"og:image:height\" content=\"579\" \/>\n\t\t<meta property=\"article:published_time\" content=\"2019-04-18T20:19:56+00:00\" \/>\n\t\t<meta property=\"article:modified_time\" content=\"2019-04-18T20:19:56+00:00\" \/>\n\t\t<meta property=\"article:publisher\" content=\"https:\/\/www.facebook.com\/Nachofdezber\" \/>\n\t\t<meta property=\"article:author\" content=\"https:\/\/www.facebook.com\/carrenoactualidad\" \/>\n\t\t<meta name=\"twitter:card\" content=\"summary_large_image\" \/>\n\t\t<meta name=\"twitter:site\" content=\"@NabercoDigital\" \/>\n\t\t<meta name=\"twitter:title\" content=\"El Ayuntamiento firma un convenio con la \u201cBanda de Gaites Cand\u00e1s\u201d | Cand\u00e1s 365\" \/>\n\t\t<meta name=\"twitter:description\" content=\"En el Sal\u00f3n de Plenos del Ayuntamiento de Carre\u00f1o se renov\u00f3 recientemente al acuerdo colaborativo entre el Consistorio local y la \u201cBanda de Gaites Cand\u00e1s\u201d. Este compromiso cultural, por parte de ambas entidades, se plasm\u00f3 con la r\u00fabrica digital del Presidente de la Banda de Gaitas Cand\u00e1s, Daniel Garc\u00eda Vega y Amelia Fern\u00e1ndez, Alcaldesa del\" \/>\n\t\t<meta name=\"twitter:creator\" content=\"@nbasturias\" \/>\n\t\t<meta name=\"twitter:image\" content=\"https:\/\/candas365.es\/noticias\/wp-content\/uploads\/2019\/04\/convenio-banda-gaites.jpg\" \/>\n\t\t<meta name=\"twitter:label1\" content=\"Escrito por\" \/>\n\t\t<meta name=\"twitter:data1\" content=\"Cand\u00e1s 365\" \/>\n\t\t<meta name=\"twitter:label2\" content=\"Tiempo de lectura estimado\" \/>\n\t\t<meta name=\"twitter:data2\" content=\"5 minutos\" \/>\n\t\t<script type=\"application\/ld+json\" class=\"aioseo-schema\">\n\t\t\t{\"@context\":\"https:\\\/\\\/schema.org\",\"@graph\":[{\"@type\":\"BreadcrumbList\",\"@id\":\"https:\\\/\\\/candas365.es\\\/noticias\\\/el-ayuntamiento-firma-un-convenio-con-la-banda-de-gaites-candas\\\/#breadcrumblist\",\"itemListElement\":[{\"@type\":\"ListItem\",\"@id\":\"https:\\\/\\\/candas365.es\\\/noticias#listItem\",\"position\":1,\"name\":\"Home\",\"item\":\"https:\\\/\\\/candas365.es\\\/noticias\",\"nextItem\":{\"@type\":\"ListItem\",\"@id\":\"https:\\\/\\\/candas365.es\\\/noticias\\\/category\\\/noticias-carreno\\\/#listItem\",\"name\":\"Noticias Carre\\u00f1o\"}},{\"@type\":\"ListItem\",\"@id\":\"https:\\\/\\\/candas365.es\\\/noticias\\\/category\\\/noticias-carreno\\\/#listItem\",\"position\":2,\"name\":\"Noticias Carre\\u00f1o\",\"item\":\"https:\\\/\\\/candas365.es\\\/noticias\\\/category\\\/noticias-carreno\\\/\",\"nextItem\":{\"@type\":\"ListItem\",\"@id\":\"https:\\\/\\\/candas365.es\\\/noticias\\\/el-ayuntamiento-firma-un-convenio-con-la-banda-de-gaites-candas\\\/#listItem\",\"name\":\"El Ayuntamiento firma un convenio con la \\u201cBanda de Gaites Cand\\u00e1s\\u201d\"},\"previousItem\":{\"@type\":\"ListItem\",\"@id\":\"https:\\\/\\\/candas365.es\\\/noticias#listItem\",\"name\":\"Home\"}},{\"@type\":\"ListItem\",\"@id\":\"https:\\\/\\\/candas365.es\\\/noticias\\\/el-ayuntamiento-firma-un-convenio-con-la-banda-de-gaites-candas\\\/#listItem\",\"position\":3,\"name\":\"El Ayuntamiento firma un convenio con la \\u201cBanda de Gaites Cand\\u00e1s\\u201d\",\"previousItem\":{\"@type\":\"ListItem\",\"@id\":\"https:\\\/\\\/candas365.es\\\/noticias\\\/category\\\/noticias-carreno\\\/#listItem\",\"name\":\"Noticias Carre\\u00f1o\"}}]},{\"@type\":\"NewsArticle\",\"@id\":\"https:\\\/\\\/candas365.es\\\/noticias\\\/el-ayuntamiento-firma-un-convenio-con-la-banda-de-gaites-candas\\\/#newsarticle\",\"name\":\"El Ayuntamiento firma un convenio con la \\u201cBanda de Gaites Cand\\u00e1s\\u201d | Cand\\u00e1s 365\",\"headline\":\"El Ayuntamiento firma un convenio con la \\u201cBanda de Gaites Cand\\u00e1s\\u201d\",\"author\":{\"@id\":\"https:\\\/\\\/candas365.es\\\/noticias\\\/author\\\/admin\\\/#author\"},\"publisher\":{\"@id\":\"https:\\\/\\\/candas365.es\\\/noticias\\\/#organization\"},\"image\":{\"@type\":\"ImageObject\",\"url\":\"https:\\\/\\\/candas365.es\\\/noticias\\\/wp-content\\\/uploads\\\/2019\\\/04\\\/convenio-banda-gaites.jpg\",\"width\":1016,\"height\":579},\"datePublished\":\"2019-04-18T20:19:56+02:00\",\"dateModified\":\"2019-04-18T20:19:56+02:00\",\"inLanguage\":\"es-ES\",\"mainEntityOfPage\":{\"@id\":\"https:\\\/\\\/candas365.es\\\/noticias\\\/el-ayuntamiento-firma-un-convenio-con-la-banda-de-gaites-candas\\\/#webpage\"},\"isPartOf\":{\"@id\":\"https:\\\/\\\/candas365.es\\\/noticias\\\/el-ayuntamiento-firma-un-convenio-con-la-banda-de-gaites-candas\\\/#webpage\"},\"articleSection\":\"Noticias Carre\\u00f1o\",\"dateline\":\"Publicado el abril 18, 2019.\"},{\"@type\":\"Organization\",\"@id\":\"https:\\\/\\\/candas365.es\\\/noticias\\\/#organization\",\"name\":\"Cand\\u00e1s 365\",\"description\":\"Cand\\u00e1s 365 es un diario digital independiente, fundado en 2012, con base en Asturias. Informamos con rigor sobre actualidad, sociedad, cultura y ocio, con una mirada local y global.\",\"url\":\"https:\\\/\\\/candas365.es\\\/noticias\\\/\",\"email\":\"info@candas365.es\",\"telephone\":\"+34652131393\",\"foundingDate\":\"2012-06-10\",\"logo\":{\"@type\":\"ImageObject\",\"url\":\"https:\\\/\\\/candas365.es\\\/noticias\\\/wp-content\\\/uploads\\\/2024\\\/09\\\/Candas-365-Redes.jpg\",\"@id\":\"https:\\\/\\\/candas365.es\\\/noticias\\\/el-ayuntamiento-firma-un-convenio-con-la-banda-de-gaites-candas\\\/#organizationLogo\",\"width\":1152,\"height\":864,\"caption\":\"Cand\\u00e1s 365 Redes\"},\"image\":{\"@id\":\"https:\\\/\\\/candas365.es\\\/noticias\\\/el-ayuntamiento-firma-un-convenio-con-la-banda-de-gaites-candas\\\/#organizationLogo\"},\"sameAs\":[\"https:\\\/\\\/www.facebook.com\\\/Nachofdezber\",\"https:\\\/\\\/x.com\\\/NabercoDigital\",\"https:\\\/\\\/www.instagram.com\\\/nachofdezber\\\/\",\"https:\\\/\\\/www.youtube.com\\\/channel\\\/UCZP-2wLEB9Rv6erhFmqVnvg\"],\"address\":{\"@id\":\"https:\\\/\\\/candas365.es\\\/noticias\\\/#postaladdress\",\"@type\":\"PostalAddress\",\"streetAddress\":\"san antonio 4, san antonio 4\",\"postalCode\":\"33430\",\"addressLocality\":\"Cand\\u00e1s\",\"addressRegion\":\"Asturias\",\"addressCountry\":\"ES\"}},{\"@type\":\"Person\",\"@id\":\"https:\\\/\\\/candas365.es\\\/noticias\\\/author\\\/admin\\\/#author\",\"url\":\"https:\\\/\\\/candas365.es\\\/noticias\\\/author\\\/admin\\\/\",\"name\":\"Cand\\u00e1s 365\",\"image\":{\"@type\":\"ImageObject\",\"@id\":\"https:\\\/\\\/candas365.es\\\/noticias\\\/el-ayuntamiento-firma-un-convenio-con-la-banda-de-gaites-candas\\\/#authorImage\",\"url\":\"https:\\\/\\\/secure.gravatar.com\\\/avatar\\\/496a8e03d0c493ede1718b7934145dbdf8d89be1036b0eec9544e1094c9de390?s=96&d=mm&r=g\",\"width\":96,\"height\":96,\"caption\":\"Cand\\u00e1s 365\"},\"sameAs\":[\"https:\\\/\\\/www.facebook.com\\\/carrenoactualidad\",\"https:\\\/\\\/twitter.com\\\/nbasturias\",\"https:\\\/\\\/www.instagram.com\\\/nachofdezber\\\/\",\"https:\\\/\\\/www.youtube.com\\\/channel\\\/UCZP-2wLEB9Rv6erhFmqVnvg\"]},{\"@type\":\"WebPage\",\"@id\":\"https:\\\/\\\/candas365.es\\\/noticias\\\/el-ayuntamiento-firma-un-convenio-con-la-banda-de-gaites-candas\\\/#webpage\",\"url\":\"https:\\\/\\\/candas365.es\\\/noticias\\\/el-ayuntamiento-firma-un-convenio-con-la-banda-de-gaites-candas\\\/\",\"name\":\"El Ayuntamiento firma un convenio con la \\u201cBanda de Gaites Cand\\u00e1s\\u201d | Cand\\u00e1s 365\",\"description\":\"En el Sal\\u00f3n de Plenos del Ayuntamiento de Carre\\u00f1o se renov\\u00f3 recientemente al acuerdo colaborativo entre el Consistorio local y la \\u201cBanda de Gaites Cand\\u00e1s\\u201d. Este compromiso cultural, por parte de ambas entidades, se plasm\\u00f3 con la r\\u00fabrica digital del Presidente de la Banda de Gaitas Cand\\u00e1s, Daniel Garc\\u00eda Vega y Amelia Fern\\u00e1ndez, Alcaldesa del\",\"inLanguage\":\"es-ES\",\"isPartOf\":{\"@id\":\"https:\\\/\\\/candas365.es\\\/noticias\\\/#website\"},\"breadcrumb\":{\"@id\":\"https:\\\/\\\/candas365.es\\\/noticias\\\/el-ayuntamiento-firma-un-convenio-con-la-banda-de-gaites-candas\\\/#breadcrumblist\"},\"author\":{\"@id\":\"https:\\\/\\\/candas365.es\\\/noticias\\\/author\\\/admin\\\/#author\"},\"creator\":{\"@id\":\"https:\\\/\\\/candas365.es\\\/noticias\\\/author\\\/admin\\\/#author\"},\"image\":{\"@type\":\"ImageObject\",\"url\":\"https:\\\/\\\/candas365.es\\\/noticias\\\/wp-content\\\/uploads\\\/2019\\\/04\\\/convenio-banda-gaites.jpg\",\"@id\":\"https:\\\/\\\/candas365.es\\\/noticias\\\/el-ayuntamiento-firma-un-convenio-con-la-banda-de-gaites-candas\\\/#mainImage\",\"width\":1016,\"height\":579},\"primaryImageOfPage\":{\"@id\":\"https:\\\/\\\/candas365.es\\\/noticias\\\/el-ayuntamiento-firma-un-convenio-con-la-banda-de-gaites-candas\\\/#mainImage\"},\"datePublished\":\"2019-04-18T20:19:56+02:00\",\"dateModified\":\"2019-04-18T20:19:56+02:00\"},{\"@type\":\"WebSite\",\"@id\":\"https:\\\/\\\/candas365.es\\\/noticias\\\/#website\",\"url\":\"https:\\\/\\\/candas365.es\\\/noticias\\\/\",\"name\":\"Cand\\u00e1s 365\",\"alternateName\":\"Cand\\u00e1s 365 Noticias\",\"description\":\"Actualidad desde Carre\\u00f1o para el mundo\",\"inLanguage\":\"es-ES\",\"publisher\":{\"@id\":\"https:\\\/\\\/candas365.es\\\/noticias\\\/#organization\"}}]}\n\t\t<\/script>\n\t\t<!-- All in One SEO Pro -->\r\n\t\t<title>El Ayuntamiento firma un convenio con la \u201cBanda de Gaites Cand\u00e1s\u201d | Cand\u00e1s 365<\/title>\n\n","aioseo_head_json":{"title":"El Ayuntamiento firma un convenio con la \u201cBanda de Gaites Cand\u00e1s\u201d | Cand\u00e1s 365","description":"En el Sal\u00f3n de Plenos del Ayuntamiento de Carre\u00f1o se renov\u00f3 recientemente al acuerdo colaborativo entre el Consistorio local y la \u201cBanda de Gaites Cand\u00e1s\u201d. Este compromiso cultural, por parte de ambas entidades, se plasm\u00f3 con la r\u00fabrica digital del Presidente de la Banda de Gaitas Cand\u00e1s, Daniel Garc\u00eda Vega y Amelia Fern\u00e1ndez, Alcaldesa del","canonical_url":"https:\/\/candas365.es\/noticias\/el-ayuntamiento-firma-un-convenio-con-la-banda-de-gaites-candas\/","robots":"max-image-preview:large","keywords":"noticias carre\u00f1o","webmasterTools":{"google-site-verification":"UA-32230408-1","msvalidate.01":"354F3CDFB2DA171B47FBE9ABF1F88D5","miscellaneous":""},"schema":{"@context":"https:\/\/schema.org","@graph":[{"@type":"BreadcrumbList","@id":"https:\/\/candas365.es\/noticias\/el-ayuntamiento-firma-un-convenio-con-la-banda-de-gaites-candas\/#breadcrumblist","itemListElement":[{"@type":"ListItem","@id":"https:\/\/candas365.es\/noticias#listItem","position":1,"name":"Home","item":"https:\/\/candas365.es\/noticias","nextItem":{"@type":"ListItem","@id":"https:\/\/candas365.es\/noticias\/category\/noticias-carreno\/#listItem","name":"Noticias Carre\u00f1o"}},{"@type":"ListItem","@id":"https:\/\/candas365.es\/noticias\/category\/noticias-carreno\/#listItem","position":2,"name":"Noticias Carre\u00f1o","item":"https:\/\/candas365.es\/noticias\/category\/noticias-carreno\/","nextItem":{"@type":"ListItem","@id":"https:\/\/candas365.es\/noticias\/el-ayuntamiento-firma-un-convenio-con-la-banda-de-gaites-candas\/#listItem","name":"El Ayuntamiento firma un convenio con la \u201cBanda de Gaites Cand\u00e1s\u201d"},"previousItem":{"@type":"ListItem","@id":"https:\/\/candas365.es\/noticias#listItem","name":"Home"}},{"@type":"ListItem","@id":"https:\/\/candas365.es\/noticias\/el-ayuntamiento-firma-un-convenio-con-la-banda-de-gaites-candas\/#listItem","position":3,"name":"El Ayuntamiento firma un convenio con la \u201cBanda de Gaites Cand\u00e1s\u201d","previousItem":{"@type":"ListItem","@id":"https:\/\/candas365.es\/noticias\/category\/noticias-carreno\/#listItem","name":"Noticias Carre\u00f1o"}}]},{"@type":"NewsArticle","@id":"https:\/\/candas365.es\/noticias\/el-ayuntamiento-firma-un-convenio-con-la-banda-de-gaites-candas\/#newsarticle","name":"El Ayuntamiento firma un convenio con la \u201cBanda de Gaites Cand\u00e1s\u201d | Cand\u00e1s 365","headline":"El Ayuntamiento firma un convenio con la \u201cBanda de Gaites Cand\u00e1s\u201d","author":{"@id":"https:\/\/candas365.es\/noticias\/author\/admin\/#author"},"publisher":{"@id":"https:\/\/candas365.es\/noticias\/#organization"},"image":{"@type":"ImageObject","url":"https:\/\/candas365.es\/noticias\/wp-content\/uploads\/2019\/04\/convenio-banda-gaites.jpg","width":1016,"height":579},"datePublished":"2019-04-18T20:19:56+02:00","dateModified":"2019-04-18T20:19:56+02:00","inLanguage":"es-ES","mainEntityOfPage":{"@id":"https:\/\/candas365.es\/noticias\/el-ayuntamiento-firma-un-convenio-con-la-banda-de-gaites-candas\/#webpage"},"isPartOf":{"@id":"https:\/\/candas365.es\/noticias\/el-ayuntamiento-firma-un-convenio-con-la-banda-de-gaites-candas\/#webpage"},"articleSection":"Noticias Carre\u00f1o","dateline":"Publicado el abril 18, 2019."},{"@type":"Organization","@id":"https:\/\/candas365.es\/noticias\/#organization","name":"Cand\u00e1s 365","description":"Cand\u00e1s 365 es un diario digital independiente, fundado en 2012, con base en Asturias. Informamos con rigor sobre actualidad, sociedad, cultura y ocio, con una mirada local y global.","url":"https:\/\/candas365.es\/noticias\/","email":"info@candas365.es","telephone":"+34652131393","foundingDate":"2012-06-10","logo":{"@type":"ImageObject","url":"https:\/\/candas365.es\/noticias\/wp-content\/uploads\/2024\/09\/Candas-365-Redes.jpg","@id":"https:\/\/candas365.es\/noticias\/el-ayuntamiento-firma-un-convenio-con-la-banda-de-gaites-candas\/#organizationLogo","width":1152,"height":864,"caption":"Cand\u00e1s 365 Redes"},"image":{"@id":"https:\/\/candas365.es\/noticias\/el-ayuntamiento-firma-un-convenio-con-la-banda-de-gaites-candas\/#organizationLogo"},"sameAs":["https:\/\/www.facebook.com\/Nachofdezber","https:\/\/x.com\/NabercoDigital","https:\/\/www.instagram.com\/nachofdezber\/","https:\/\/www.youtube.com\/channel\/UCZP-2wLEB9Rv6erhFmqVnvg"],"address":{"@id":"https:\/\/candas365.es\/noticias\/#postaladdress","@type":"PostalAddress","streetAddress":"san antonio 4, san antonio 4","postalCode":"33430","addressLocality":"Cand\u00e1s","addressRegion":"Asturias","addressCountry":"ES"}},{"@type":"Person","@id":"https:\/\/candas365.es\/noticias\/author\/admin\/#author","url":"https:\/\/candas365.es\/noticias\/author\/admin\/","name":"Cand\u00e1s 365","image":{"@type":"ImageObject","@id":"https:\/\/candas365.es\/noticias\/el-ayuntamiento-firma-un-convenio-con-la-banda-de-gaites-candas\/#authorImage","url":"https:\/\/secure.gravatar.com\/avatar\/496a8e03d0c493ede1718b7934145dbdf8d89be1036b0eec9544e1094c9de390?s=96&d=mm&r=g","width":96,"height":96,"caption":"Cand\u00e1s 365"},"sameAs":["https:\/\/www.facebook.com\/carrenoactualidad","https:\/\/twitter.com\/nbasturias","https:\/\/www.instagram.com\/nachofdezber\/","https:\/\/www.youtube.com\/channel\/UCZP-2wLEB9Rv6erhFmqVnvg"]},{"@type":"WebPage","@id":"https:\/\/candas365.es\/noticias\/el-ayuntamiento-firma-un-convenio-con-la-banda-de-gaites-candas\/#webpage","url":"https:\/\/candas365.es\/noticias\/el-ayuntamiento-firma-un-convenio-con-la-banda-de-gaites-candas\/","name":"El Ayuntamiento firma un convenio con la \u201cBanda de Gaites Cand\u00e1s\u201d | Cand\u00e1s 365","description":"En el Sal\u00f3n de Plenos del Ayuntamiento de Carre\u00f1o se renov\u00f3 recientemente al acuerdo colaborativo entre el Consistorio local y la \u201cBanda de Gaites Cand\u00e1s\u201d. Este compromiso cultural, por parte de ambas entidades, se plasm\u00f3 con la r\u00fabrica digital del Presidente de la Banda de Gaitas Cand\u00e1s, Daniel Garc\u00eda Vega y Amelia Fern\u00e1ndez, Alcaldesa del","inLanguage":"es-ES","isPartOf":{"@id":"https:\/\/candas365.es\/noticias\/#website"},"breadcrumb":{"@id":"https:\/\/candas365.es\/noticias\/el-ayuntamiento-firma-un-convenio-con-la-banda-de-gaites-candas\/#breadcrumblist"},"author":{"@id":"https:\/\/candas365.es\/noticias\/author\/admin\/#author"},"creator":{"@id":"https:\/\/candas365.es\/noticias\/author\/admin\/#author"},"image":{"@type":"ImageObject","url":"https:\/\/candas365.es\/noticias\/wp-content\/uploads\/2019\/04\/convenio-banda-gaites.jpg","@id":"https:\/\/candas365.es\/noticias\/el-ayuntamiento-firma-un-convenio-con-la-banda-de-gaites-candas\/#mainImage","width":1016,"height":579},"primaryImageOfPage":{"@id":"https:\/\/candas365.es\/noticias\/el-ayuntamiento-firma-un-convenio-con-la-banda-de-gaites-candas\/#mainImage"},"datePublished":"2019-04-18T20:19:56+02:00","dateModified":"2019-04-18T20:19:56+02:00"},{"@type":"WebSite","@id":"https:\/\/candas365.es\/noticias\/#website","url":"https:\/\/candas365.es\/noticias\/","name":"Cand\u00e1s 365","alternateName":"Cand\u00e1s 365 Noticias","description":"Actualidad desde Carre\u00f1o para el mundo","inLanguage":"es-ES","publisher":{"@id":"https:\/\/candas365.es\/noticias\/#organization"}}]},"og:locale":"es_ES","og:site_name":"Cand\u00e1s 365","og:type":"article","og:title":"El Ayuntamiento firma un convenio con la \u201cBanda de Gaites Cand\u00e1s\u201d | Cand\u00e1s 365","og:description":"En el Sal\u00f3n de Plenos del Ayuntamiento de Carre\u00f1o se renov\u00f3 recientemente al acuerdo colaborativo entre el Consistorio local y la \u201cBanda de Gaites Cand\u00e1s\u201d. Este compromiso cultural, por parte de ambas entidades, se plasm\u00f3 con la r\u00fabrica digital del Presidente de la Banda de Gaitas Cand\u00e1s, Daniel Garc\u00eda Vega y Amelia Fern\u00e1ndez, Alcaldesa del","og:url":"https:\/\/candas365.es\/noticias\/el-ayuntamiento-firma-un-convenio-con-la-banda-de-gaites-candas\/","og:image":"https:\/\/candas365.es\/noticias\/wp-content\/uploads\/2019\/04\/convenio-banda-gaites.jpg","og:image:secure_url":"https:\/\/candas365.es\/noticias\/wp-content\/uploads\/2019\/04\/convenio-banda-gaites.jpg","og:image:width":1016,"og:image:height":579,"article:published_time":"2019-04-18T20:19:56+00:00","article:modified_time":"2019-04-18T20:19:56+00:00","article:publisher":"https:\/\/www.facebook.com\/Nachofdezber","article:author":"https:\/\/www.facebook.com\/carrenoactualidad","twitter:card":"summary_large_image","twitter:site":"@NabercoDigital","twitter:title":"El Ayuntamiento firma un convenio con la \u201cBanda de Gaites Cand\u00e1s\u201d | Cand\u00e1s 365","twitter:description":"En el Sal\u00f3n de Plenos del Ayuntamiento de Carre\u00f1o se renov\u00f3 recientemente al acuerdo colaborativo entre el Consistorio local y la \u201cBanda de Gaites Cand\u00e1s\u201d. Este compromiso cultural, por parte de ambas entidades, se plasm\u00f3 con la r\u00fabrica digital del Presidente de la Banda de Gaitas Cand\u00e1s, Daniel Garc\u00eda Vega y Amelia Fern\u00e1ndez, Alcaldesa del","twitter:creator":"@nbasturias","twitter:image":"https:\/\/candas365.es\/noticias\/wp-content\/uploads\/2019\/04\/convenio-banda-gaites.jpg","twitter:label1":"Escrito por","twitter:data1":"Cand\u00e1s 365","twitter:label2":"Tiempo de lectura estimado","twitter:data2":"5 minutos"},"aioseo_meta_data":{"post_id":"121124","title":null,"description":null,"keywords":null,"keyphrases":null,"primary_term":null,"canonical_url":null,"og_title":null,"og_description":null,"og_object_type":"default","og_image_type":"default","og_image_url":null,"og_image_width":null,"og_image_height":null,"og_image_custom_url":null,"og_image_custom_fields":null,"og_video":null,"og_custom_url":null,"og_article_section":null,"og_article_tags":null,"twitter_use_og":false,"twitter_card":"default","twitter_image_type":"default","twitter_image_url":null,"twitter_image_custom_url":null,"twitter_image_custom_fields":null,"twitter_title":null,"twitter_description":null,"schema":{"blockGraphs":[],"customGraphs":[],"default":{"data":{"Article":[],"Course":[],"Dataset":[],"FAQPage":[],"Movie":[],"Person":[],"Product":[],"ProductReview":[],"Car":[],"Recipe":[],"Service":[],"SoftwareApplication":[],"WebPage":[]},"graphName":"","isEnabled":true},"graphs":[]},"schema_type":null,"schema_type_options":null,"pillar_content":false,"robots_default":true,"robots_noindex":false,"robots_noarchive":false,"robots_nosnippet":false,"robots_nofollow":false,"robots_noimageindex":false,"robots_noodp":false,"robots_notranslate":false,"robots_max_snippet":null,"robots_max_videopreview":null,"robots_max_imagepreview":"large","priority":null,"frequency":null,"location":null,"local_seo":null,"seo_analyzer_scan_date":"2025-08-29 19:09:33","breadcrumb_settings":null,"limit_modified_date":false,"reviewed_by":null,"open_ai":null,"ai":null,"created":"2020-12-21 10:58:26","updated":"2025-08-29 19:09:33"},"aioseo_breadcrumb":"<div class=\"aioseo-breadcrumbs\"><span class=\"aioseo-breadcrumb\">\n\t<a href=\"https:\/\/candas365.es\/noticias\" title=\"Home\">Home<\/a>\n<\/span><span class=\"aioseo-breadcrumb-separator\">&ndash;<\/span><span class=\"aioseo-breadcrumb\">\n\t<a href=\"https:\/\/candas365.es\/noticias\/category\/noticias-carreno\/\" title=\"Noticias Carre\u00f1o\">Noticias Carre\u00f1o<\/a>\n<\/span><span class=\"aioseo-breadcrumb-separator\">&ndash;<\/span><span class=\"aioseo-breadcrumb\">\n\tEl Ayuntamiento firma un convenio con la \u201cBanda de Gaites Cand\u00e1s\u201d\n<\/span><\/div>","aioseo_breadcrumb_json":[{"label":"Home","link":"https:\/\/candas365.es\/noticias"},{"label":"Noticias Carre\u00f1o","link":"https:\/\/candas365.es\/noticias\/category\/noticias-carreno\/"},{"label":"El Ayuntamiento firma un convenio con la \u201cBanda de Gaites Cand\u00e1s\u201d","link":"https:\/\/candas365.es\/noticias\/el-ayuntamiento-firma-un-convenio-con-la-banda-de-gaites-candas\/"}],"_links":{"self":[{"href":"https:\/\/candas365.es\/noticias\/wp-json\/wp\/v2\/posts\/121124","targetHints":{"allow":["GET"]}}],"collection":[{"href":"https:\/\/candas365.es\/noticias\/wp-json\/wp\/v2\/posts"}],"about":[{"href":"https:\/\/candas365.es\/noticias\/wp-json\/wp\/v2\/types\/post"}],"author":[{"embeddable":true,"href":"https:\/\/candas365.es\/noticias\/wp-json\/wp\/v2\/users\/1"}],"replies":[{"embeddable":true,"href":"https:\/\/candas365.es\/noticias\/wp-json\/wp\/v2\/comments?post=121124"}],"version-history":[{"count":0,"href":"https:\/\/candas365.es\/noticias\/wp-json\/wp\/v2\/posts\/121124\/revisions"}],"wp:featuredmedia":[{"embeddable":true,"href":"https:\/\/candas365.es\/noticias\/wp-json\/wp\/v2\/media\/121125"}],"wp:attachment":[{"href":"https:\/\/candas365.es\/noticias\/wp-json\/wp\/v2\/media?parent=121124"}],"wp:term":[{"taxonomy":"category","embeddable":true,"href":"https:\/\/candas365.es\/noticias\/wp-json\/wp\/v2\/categories?post=121124"},{"taxonomy":"post_tag","embeddable":true,"href":"https:\/\/candas365.es\/noticias\/wp-json\/wp\/v2\/tags?post=121124"}],"curies":[{"name":"wp","href":"https:\/\/api.w.org\/{rel}","templated":true}]}}