{"id":120970,"date":"2019-04-17T04:32:37","date_gmt":"2019-04-17T04:32:37","guid":{"rendered":"http:\/\/candas365.es\/noticias\/?p=120970"},"modified":"2019-04-17T04:32:37","modified_gmt":"2019-04-17T04:32:37","slug":"dia-internacional-de-los-monumentos-y-sitios-2019","status":"publish","type":"post","link":"https:\/\/candas365.es\/noticias\/dia-internacional-de-los-monumentos-y-sitios-2019\/","title":{"rendered":"D\u00eda Internacional de los Monumentos y Sitios 2019"},"content":{"rendered":"<p><img fetchpriority=\"high\" decoding=\"async\" class=\"alignleft size-medium wp-image-120971\" src=\"https:\/\/candas365.es\/noticias\/wp-content\/uploads\/2019\/04\/060814_MANInterior-360x240.jpg\" alt=\"\" width=\"360\" height=\"240\" srcset=\"https:\/\/candas365.es\/noticias\/wp-content\/uploads\/2019\/04\/060814_MANInterior-360x240.jpg 360w, https:\/\/candas365.es\/noticias\/wp-content\/uploads\/2019\/04\/060814_MANInterior.jpg 496w\" sizes=\"(max-width: 360px) 100vw, 360px\" \/>Los diecis\u00e9is museos del Ministerio de Cultura y Deporte abrir\u00e1n gratuitamente este Jueves Santo con motivo del D\u00eda Internacional de los Monumentos y Sitios, una jornada respaldada por la UNESCO que se celebra cada 18 de abril para promover el conocimiento y la preservaci\u00f3n del patrimonio cultural.<\/p>\n<p>Diez de los museos ampliar\u00e1n tambi\u00e9n entre tres y seis horas su apertura para facilitar la visita coincidiendo con el inicio de las festividades de la Semana Santa. Todos los horarios pueden consultarse en la p\u00e1gina web del Ministerio de Cultura y Deporte: Semana Santa en Nuestros Museos.<br \/>\nLa medida afecta a los museos gestionados por Cultura, ubicados en siete localidades espa\u00f1olas:<\/p>\n<p>En Madrid: Museo Arqueol\u00f3gico Nacional, Museo Cerralbo, Museo de Am\u00e9rica, Museo del Traje, Museo Nacional de Antropolog\u00eda, Museo Nacional de Artes Decorativas, Museo Nacional del Romanticismo y Museo Sorolla.<\/p>\n<p>En Valladolid: Museo Nacional de Escultura y Museo Casa de Cervantes.<\/p>\n<p>En Toledo: Museo del Greco y Museo Sefard\u00ed.<\/p>\n<p>En Santillana del Mar: Museo Nacional de Altamira.<\/p>\n<p>En Cartagena: Museo Nacional de Arqueolog\u00eda Subacu\u00e1tica.<\/p>\n<p>En M\u00e9rida: Museo Nacional de Arte Romano.<\/p>\n<p>En Valencia: Museo Nacional de Cer\u00e1mica y de Artes Suntuarias \u00abGonz\u00e1lez Mart\u00ed\u00bb.<\/p>\n<h4>Actividades especiales para familias<\/h4>\n<p>Los museos han programado tambi\u00e9n actividades especiales para esta semana, que se suman a las 19 exposiciones temporales que est\u00e1n abiertas en la actualidad.<\/p>\n<p>Como cada a\u00f1o, el Museo Nacional de Escultura participar\u00e1 en la Semana Santa vallisoletana con sus pasos procesionales tallados en madera policromada, obra de Gregorio Fern\u00e1ndez, Francisco de Rinc\u00f3n y Andr\u00e9s Solanes.<\/p>\n<p>El Museo Nacional y Centro de Investigaci\u00f3n de Altamira organiza \u00abBa\u00f1o de bosque\u00bb, un paseo por el entorno natural de la cueva de Altamira, de acuerdo con el tema \u00abPaisajes Rurales\u00bb al que se dedica este a\u00f1o la celebraci\u00f3n del D\u00eda Internacional de los Monumentos y Sitios para concienciar sobre la importancia de estos espacios. De viernes a domingo, se oferta tambi\u00e9n un taller de arte para familias y un taller de Prehistoria dirigido a adultos en el que se mostrar\u00e1n las t\u00e9cnicas y los materiales empleados para la obtenci\u00f3n del fuego en el Paleol\u00edtico Superior.<\/p>\n<p>El Museo Nacional de Arqueolog\u00eda Subacu\u00e1tica (ARQVA) ha preparado para los d\u00edas 18 y 20 de abril visitas teatralizadas para conocer la historia de Mar\u00eda Pita, la joven que contribuy\u00f3 a rechazar el ataque de la Contra Armada inglesa a la ciudad de A Coru\u00f1a en 1589. La actividad est\u00e1 relacionada con el Congreso Internacional sobre la Gran Armada y la Contra Armada que ARQVA acoger\u00e1 entre el 23 y el 26 de abril.<\/p>\n<p>El Museo Nacional de Cer\u00e1mica y Artes Suntuarias \u00abGonz\u00e1lez Mart\u00ed\u00bb iniciar\u00e1 esta semana las visitas tem\u00e1ticas \u00abUna cuesti\u00f3n de g\u00e9nero\u00bb, que mostrar\u00e1 a sus participantes las pautas de comportamiento asociadas al g\u00e9nero a trav\u00e9s del uso de los carn\u00e9s de baile.<\/p>\n<p>Por \u00faltimo, el Museo Nacional de Artes Decorativas ha programado para el 21 de abril el cuentacuentos \u00abMartina y su mu\u00f1eca\u00bb, dirigido a ni\u00f1os de entre 3 y 7 a\u00f1os.<\/p>\n","protected":false},"excerpt":{"rendered":"<p>Los diecis\u00e9is museos del Ministerio de Cultura y Deporte abrir\u00e1n gratuitamente este Jueves Santo con motivo del D\u00eda Internacional de los Monumentos y Sitios, una jornada respaldada por la UNESCO que se celebra cada 18 de abril para promover el conocimiento y la preservaci\u00f3n del patrimonio cultural. Diez de los museos ampliar\u00e1n tambi\u00e9n entre tres<\/p>\n","protected":false},"author":1,"featured_media":120971,"comment_status":"closed","ping_status":"closed","sticky":false,"template":"","format":"standard","meta":{"footnotes":""},"categories":[1],"tags":[],"class_list":{"0":"post-120970","1":"post","2":"type-post","3":"status-publish","4":"format-standard","5":"has-post-thumbnail","7":"category-agenda"},"aioseo_notices":[],"aioseo_head":"\n\t\t<!-- All in One SEO Pro 4.9.6.2 - aioseo.com -->\n\t<meta name=\"description\" content=\"Los diecis\u00e9is museos del Ministerio de Cultura y Deporte abrir\u00e1n gratuitamente este Jueves Santo con motivo del D\u00eda Internacional de los Monumentos y Sitios, una jornada respaldada por la UNESCO que se celebra cada 18 de abril para promover el conocimiento y la preservaci\u00f3n del patrimonio cultural. Diez de los museos ampliar\u00e1n tambi\u00e9n entre tres\" \/>\n\t<meta name=\"robots\" content=\"max-image-preview:large\" \/>\n\t<meta name=\"author\" content=\"Cand\u00e1s 365\"\/>\n\t<meta name=\"google-site-verification\" content=\"UA-32230408-1\" \/>\n\t<meta name=\"msvalidate.01\" content=\"354F3CDFB2DA171B47FBE9ABF1F88D5\" \/>\n\t<meta name=\"keywords\" content=\"agenda\" \/>\n\t<link rel=\"canonical\" href=\"https:\/\/candas365.es\/noticias\/dia-internacional-de-los-monumentos-y-sitios-2019\/\" \/>\n\t<meta name=\"generator\" content=\"All in One SEO Pro (AIOSEO) 4.9.6.2\" \/>\n\t\t<meta property=\"og:locale\" content=\"es_ES\" \/>\n\t\t<meta property=\"og:site_name\" content=\"Cand\u00e1s 365\" \/>\n\t\t<meta property=\"og:type\" content=\"article\" \/>\n\t\t<meta property=\"og:title\" content=\"D\u00eda Internacional de los Monumentos y Sitios 2019 | Cand\u00e1s 365\" \/>\n\t\t<meta property=\"og:description\" content=\"Los diecis\u00e9is museos del Ministerio de Cultura y Deporte abrir\u00e1n gratuitamente este Jueves Santo con motivo del D\u00eda Internacional de los Monumentos y Sitios, una jornada respaldada por la UNESCO que se celebra cada 18 de abril para promover el conocimiento y la preservaci\u00f3n del patrimonio cultural. Diez de los museos ampliar\u00e1n tambi\u00e9n entre tres\" \/>\n\t\t<meta property=\"og:url\" content=\"https:\/\/candas365.es\/noticias\/dia-internacional-de-los-monumentos-y-sitios-2019\/\" \/>\n\t\t<meta property=\"og:image\" content=\"https:\/\/candas365.es\/noticias\/wp-content\/uploads\/2019\/04\/060814_MANInterior.jpg\" \/>\n\t\t<meta property=\"og:image:secure_url\" content=\"https:\/\/candas365.es\/noticias\/wp-content\/uploads\/2019\/04\/060814_MANInterior.jpg\" \/>\n\t\t<meta property=\"og:image:width\" content=\"496\" \/>\n\t\t<meta property=\"og:image:height\" content=\"330\" \/>\n\t\t<meta property=\"article:published_time\" content=\"2019-04-17T04:32:37+00:00\" \/>\n\t\t<meta property=\"article:modified_time\" content=\"2019-04-17T04:32:37+00:00\" \/>\n\t\t<meta property=\"article:publisher\" content=\"https:\/\/www.facebook.com\/Nachofdezber\" \/>\n\t\t<meta property=\"article:author\" content=\"https:\/\/www.facebook.com\/carrenoactualidad\" \/>\n\t\t<meta name=\"twitter:card\" content=\"summary_large_image\" \/>\n\t\t<meta name=\"twitter:site\" content=\"@NabercoDigital\" \/>\n\t\t<meta name=\"twitter:title\" content=\"D\u00eda Internacional de los Monumentos y Sitios 2019 | Cand\u00e1s 365\" \/>\n\t\t<meta name=\"twitter:description\" content=\"Los diecis\u00e9is museos del Ministerio de Cultura y Deporte abrir\u00e1n gratuitamente este Jueves Santo con motivo del D\u00eda Internacional de los Monumentos y Sitios, una jornada respaldada por la UNESCO que se celebra cada 18 de abril para promover el conocimiento y la preservaci\u00f3n del patrimonio cultural. Diez de los museos ampliar\u00e1n tambi\u00e9n entre tres\" \/>\n\t\t<meta name=\"twitter:creator\" content=\"@nbasturias\" \/>\n\t\t<meta name=\"twitter:image\" content=\"https:\/\/candas365.es\/noticias\/wp-content\/uploads\/2019\/04\/060814_MANInterior.jpg\" \/>\n\t\t<meta name=\"twitter:label1\" content=\"Escrito por\" \/>\n\t\t<meta name=\"twitter:data1\" content=\"Cand\u00e1s 365\" \/>\n\t\t<meta name=\"twitter:label2\" content=\"Tiempo de lectura estimado\" \/>\n\t\t<meta name=\"twitter:data2\" content=\"3 minutos\" \/>\n\t\t<script type=\"application\/ld+json\" class=\"aioseo-schema\">\n\t\t\t{\"@context\":\"https:\\\/\\\/schema.org\",\"@graph\":[{\"@type\":\"BreadcrumbList\",\"@id\":\"https:\\\/\\\/candas365.es\\\/noticias\\\/dia-internacional-de-los-monumentos-y-sitios-2019\\\/#breadcrumblist\",\"itemListElement\":[{\"@type\":\"ListItem\",\"@id\":\"https:\\\/\\\/candas365.es\\\/noticias#listItem\",\"position\":1,\"name\":\"Home\",\"item\":\"https:\\\/\\\/candas365.es\\\/noticias\",\"nextItem\":{\"@type\":\"ListItem\",\"@id\":\"https:\\\/\\\/candas365.es\\\/noticias\\\/category\\\/agenda\\\/#listItem\",\"name\":\"Agenda\"}},{\"@type\":\"ListItem\",\"@id\":\"https:\\\/\\\/candas365.es\\\/noticias\\\/category\\\/agenda\\\/#listItem\",\"position\":2,\"name\":\"Agenda\",\"item\":\"https:\\\/\\\/candas365.es\\\/noticias\\\/category\\\/agenda\\\/\",\"nextItem\":{\"@type\":\"ListItem\",\"@id\":\"https:\\\/\\\/candas365.es\\\/noticias\\\/dia-internacional-de-los-monumentos-y-sitios-2019\\\/#listItem\",\"name\":\"D\\u00eda Internacional de los Monumentos y Sitios 2019\"},\"previousItem\":{\"@type\":\"ListItem\",\"@id\":\"https:\\\/\\\/candas365.es\\\/noticias#listItem\",\"name\":\"Home\"}},{\"@type\":\"ListItem\",\"@id\":\"https:\\\/\\\/candas365.es\\\/noticias\\\/dia-internacional-de-los-monumentos-y-sitios-2019\\\/#listItem\",\"position\":3,\"name\":\"D\\u00eda Internacional de los Monumentos y Sitios 2019\",\"previousItem\":{\"@type\":\"ListItem\",\"@id\":\"https:\\\/\\\/candas365.es\\\/noticias\\\/category\\\/agenda\\\/#listItem\",\"name\":\"Agenda\"}}]},{\"@type\":\"NewsArticle\",\"@id\":\"https:\\\/\\\/candas365.es\\\/noticias\\\/dia-internacional-de-los-monumentos-y-sitios-2019\\\/#newsarticle\",\"name\":\"D\\u00eda Internacional de los Monumentos y Sitios 2019 | Cand\\u00e1s 365\",\"headline\":\"D\\u00eda Internacional de los Monumentos y Sitios 2019\",\"author\":{\"@id\":\"https:\\\/\\\/candas365.es\\\/noticias\\\/author\\\/admin\\\/#author\"},\"publisher\":{\"@id\":\"https:\\\/\\\/candas365.es\\\/noticias\\\/#organization\"},\"image\":{\"@type\":\"ImageObject\",\"url\":\"https:\\\/\\\/candas365.es\\\/noticias\\\/wp-content\\\/uploads\\\/2019\\\/04\\\/060814_MANInterior.jpg\",\"width\":496,\"height\":330},\"datePublished\":\"2019-04-17T04:32:37+02:00\",\"dateModified\":\"2019-04-17T04:32:37+02:00\",\"inLanguage\":\"es-ES\",\"mainEntityOfPage\":{\"@id\":\"https:\\\/\\\/candas365.es\\\/noticias\\\/dia-internacional-de-los-monumentos-y-sitios-2019\\\/#webpage\"},\"isPartOf\":{\"@id\":\"https:\\\/\\\/candas365.es\\\/noticias\\\/dia-internacional-de-los-monumentos-y-sitios-2019\\\/#webpage\"},\"articleSection\":\"Agenda\",\"dateline\":\"Publicado el abril 17, 2019.\"},{\"@type\":\"Organization\",\"@id\":\"https:\\\/\\\/candas365.es\\\/noticias\\\/#organization\",\"name\":\"Cand\\u00e1s 365\",\"description\":\"Cand\\u00e1s 365 es un diario digital independiente, fundado en 2012, con base en Asturias. Informamos con rigor sobre actualidad, sociedad, cultura y ocio, con una mirada local y global.\",\"url\":\"https:\\\/\\\/candas365.es\\\/noticias\\\/\",\"email\":\"info@candas365.es\",\"telephone\":\"+34652131393\",\"foundingDate\":\"2012-06-10\",\"logo\":{\"@type\":\"ImageObject\",\"url\":\"https:\\\/\\\/candas365.es\\\/noticias\\\/wp-content\\\/uploads\\\/2024\\\/09\\\/Candas-365-Redes.jpg\",\"@id\":\"https:\\\/\\\/candas365.es\\\/noticias\\\/dia-internacional-de-los-monumentos-y-sitios-2019\\\/#organizationLogo\",\"width\":1152,\"height\":864,\"caption\":\"Cand\\u00e1s 365 Redes\"},\"image\":{\"@id\":\"https:\\\/\\\/candas365.es\\\/noticias\\\/dia-internacional-de-los-monumentos-y-sitios-2019\\\/#organizationLogo\"},\"sameAs\":[\"https:\\\/\\\/www.facebook.com\\\/Nachofdezber\",\"https:\\\/\\\/x.com\\\/NabercoDigital\",\"https:\\\/\\\/www.instagram.com\\\/nachofdezber\\\/\",\"https:\\\/\\\/www.youtube.com\\\/channel\\\/UCZP-2wLEB9Rv6erhFmqVnvg\"],\"address\":{\"@id\":\"https:\\\/\\\/candas365.es\\\/noticias\\\/#postaladdress\",\"@type\":\"PostalAddress\",\"streetAddress\":\"san antonio 4, san antonio 4\",\"postalCode\":\"33430\",\"addressLocality\":\"Cand\\u00e1s\",\"addressRegion\":\"Asturias\",\"addressCountry\":\"ES\"}},{\"@type\":\"Person\",\"@id\":\"https:\\\/\\\/candas365.es\\\/noticias\\\/author\\\/admin\\\/#author\",\"url\":\"https:\\\/\\\/candas365.es\\\/noticias\\\/author\\\/admin\\\/\",\"name\":\"Cand\\u00e1s 365\",\"image\":{\"@type\":\"ImageObject\",\"@id\":\"https:\\\/\\\/candas365.es\\\/noticias\\\/dia-internacional-de-los-monumentos-y-sitios-2019\\\/#authorImage\",\"url\":\"https:\\\/\\\/secure.gravatar.com\\\/avatar\\\/496a8e03d0c493ede1718b7934145dbdf8d89be1036b0eec9544e1094c9de390?s=96&d=mm&r=g\",\"width\":96,\"height\":96,\"caption\":\"Cand\\u00e1s 365\"},\"sameAs\":[\"https:\\\/\\\/www.facebook.com\\\/carrenoactualidad\",\"https:\\\/\\\/twitter.com\\\/nbasturias\",\"https:\\\/\\\/www.instagram.com\\\/nachofdezber\\\/\",\"https:\\\/\\\/www.youtube.com\\\/channel\\\/UCZP-2wLEB9Rv6erhFmqVnvg\"]},{\"@type\":\"WebPage\",\"@id\":\"https:\\\/\\\/candas365.es\\\/noticias\\\/dia-internacional-de-los-monumentos-y-sitios-2019\\\/#webpage\",\"url\":\"https:\\\/\\\/candas365.es\\\/noticias\\\/dia-internacional-de-los-monumentos-y-sitios-2019\\\/\",\"name\":\"D\\u00eda Internacional de los Monumentos y Sitios 2019 | Cand\\u00e1s 365\",\"description\":\"Los diecis\\u00e9is museos del Ministerio de Cultura y Deporte abrir\\u00e1n gratuitamente este Jueves Santo con motivo del D\\u00eda Internacional de los Monumentos y Sitios, una jornada respaldada por la UNESCO que se celebra cada 18 de abril para promover el conocimiento y la preservaci\\u00f3n del patrimonio cultural. Diez de los museos ampliar\\u00e1n tambi\\u00e9n entre tres\",\"inLanguage\":\"es-ES\",\"isPartOf\":{\"@id\":\"https:\\\/\\\/candas365.es\\\/noticias\\\/#website\"},\"breadcrumb\":{\"@id\":\"https:\\\/\\\/candas365.es\\\/noticias\\\/dia-internacional-de-los-monumentos-y-sitios-2019\\\/#breadcrumblist\"},\"author\":{\"@id\":\"https:\\\/\\\/candas365.es\\\/noticias\\\/author\\\/admin\\\/#author\"},\"creator\":{\"@id\":\"https:\\\/\\\/candas365.es\\\/noticias\\\/author\\\/admin\\\/#author\"},\"image\":{\"@type\":\"ImageObject\",\"url\":\"https:\\\/\\\/candas365.es\\\/noticias\\\/wp-content\\\/uploads\\\/2019\\\/04\\\/060814_MANInterior.jpg\",\"@id\":\"https:\\\/\\\/candas365.es\\\/noticias\\\/dia-internacional-de-los-monumentos-y-sitios-2019\\\/#mainImage\",\"width\":496,\"height\":330},\"primaryImageOfPage\":{\"@id\":\"https:\\\/\\\/candas365.es\\\/noticias\\\/dia-internacional-de-los-monumentos-y-sitios-2019\\\/#mainImage\"},\"datePublished\":\"2019-04-17T04:32:37+02:00\",\"dateModified\":\"2019-04-17T04:32:37+02:00\"},{\"@type\":\"WebSite\",\"@id\":\"https:\\\/\\\/candas365.es\\\/noticias\\\/#website\",\"url\":\"https:\\\/\\\/candas365.es\\\/noticias\\\/\",\"name\":\"Cand\\u00e1s 365\",\"alternateName\":\"Cand\\u00e1s 365 Noticias\",\"description\":\"Actualidad desde Carre\\u00f1o para el mundo\",\"inLanguage\":\"es-ES\",\"publisher\":{\"@id\":\"https:\\\/\\\/candas365.es\\\/noticias\\\/#organization\"}}]}\n\t\t<\/script>\n\t\t<!-- All in One SEO Pro -->\r\n\t\t<title>D\u00eda Internacional de los Monumentos y Sitios 2019 | Cand\u00e1s 365<\/title>\n\n","aioseo_head_json":{"title":"D\u00eda Internacional de los Monumentos y Sitios 2019 | Cand\u00e1s 365","description":"Los diecis\u00e9is museos del Ministerio de Cultura y Deporte abrir\u00e1n gratuitamente este Jueves Santo con motivo del D\u00eda Internacional de los Monumentos y Sitios, una jornada respaldada por la UNESCO que se celebra cada 18 de abril para promover el conocimiento y la preservaci\u00f3n del patrimonio cultural. Diez de los museos ampliar\u00e1n tambi\u00e9n entre tres","canonical_url":"https:\/\/candas365.es\/noticias\/dia-internacional-de-los-monumentos-y-sitios-2019\/","robots":"max-image-preview:large","keywords":"agenda","webmasterTools":{"google-site-verification":"UA-32230408-1","msvalidate.01":"354F3CDFB2DA171B47FBE9ABF1F88D5","miscellaneous":""},"schema":{"@context":"https:\/\/schema.org","@graph":[{"@type":"BreadcrumbList","@id":"https:\/\/candas365.es\/noticias\/dia-internacional-de-los-monumentos-y-sitios-2019\/#breadcrumblist","itemListElement":[{"@type":"ListItem","@id":"https:\/\/candas365.es\/noticias#listItem","position":1,"name":"Home","item":"https:\/\/candas365.es\/noticias","nextItem":{"@type":"ListItem","@id":"https:\/\/candas365.es\/noticias\/category\/agenda\/#listItem","name":"Agenda"}},{"@type":"ListItem","@id":"https:\/\/candas365.es\/noticias\/category\/agenda\/#listItem","position":2,"name":"Agenda","item":"https:\/\/candas365.es\/noticias\/category\/agenda\/","nextItem":{"@type":"ListItem","@id":"https:\/\/candas365.es\/noticias\/dia-internacional-de-los-monumentos-y-sitios-2019\/#listItem","name":"D\u00eda Internacional de los Monumentos y Sitios 2019"},"previousItem":{"@type":"ListItem","@id":"https:\/\/candas365.es\/noticias#listItem","name":"Home"}},{"@type":"ListItem","@id":"https:\/\/candas365.es\/noticias\/dia-internacional-de-los-monumentos-y-sitios-2019\/#listItem","position":3,"name":"D\u00eda Internacional de los Monumentos y Sitios 2019","previousItem":{"@type":"ListItem","@id":"https:\/\/candas365.es\/noticias\/category\/agenda\/#listItem","name":"Agenda"}}]},{"@type":"NewsArticle","@id":"https:\/\/candas365.es\/noticias\/dia-internacional-de-los-monumentos-y-sitios-2019\/#newsarticle","name":"D\u00eda Internacional de los Monumentos y Sitios 2019 | Cand\u00e1s 365","headline":"D\u00eda Internacional de los Monumentos y Sitios 2019","author":{"@id":"https:\/\/candas365.es\/noticias\/author\/admin\/#author"},"publisher":{"@id":"https:\/\/candas365.es\/noticias\/#organization"},"image":{"@type":"ImageObject","url":"https:\/\/candas365.es\/noticias\/wp-content\/uploads\/2019\/04\/060814_MANInterior.jpg","width":496,"height":330},"datePublished":"2019-04-17T04:32:37+02:00","dateModified":"2019-04-17T04:32:37+02:00","inLanguage":"es-ES","mainEntityOfPage":{"@id":"https:\/\/candas365.es\/noticias\/dia-internacional-de-los-monumentos-y-sitios-2019\/#webpage"},"isPartOf":{"@id":"https:\/\/candas365.es\/noticias\/dia-internacional-de-los-monumentos-y-sitios-2019\/#webpage"},"articleSection":"Agenda","dateline":"Publicado el abril 17, 2019."},{"@type":"Organization","@id":"https:\/\/candas365.es\/noticias\/#organization","name":"Cand\u00e1s 365","description":"Cand\u00e1s 365 es un diario digital independiente, fundado en 2012, con base en Asturias. Informamos con rigor sobre actualidad, sociedad, cultura y ocio, con una mirada local y global.","url":"https:\/\/candas365.es\/noticias\/","email":"info@candas365.es","telephone":"+34652131393","foundingDate":"2012-06-10","logo":{"@type":"ImageObject","url":"https:\/\/candas365.es\/noticias\/wp-content\/uploads\/2024\/09\/Candas-365-Redes.jpg","@id":"https:\/\/candas365.es\/noticias\/dia-internacional-de-los-monumentos-y-sitios-2019\/#organizationLogo","width":1152,"height":864,"caption":"Cand\u00e1s 365 Redes"},"image":{"@id":"https:\/\/candas365.es\/noticias\/dia-internacional-de-los-monumentos-y-sitios-2019\/#organizationLogo"},"sameAs":["https:\/\/www.facebook.com\/Nachofdezber","https:\/\/x.com\/NabercoDigital","https:\/\/www.instagram.com\/nachofdezber\/","https:\/\/www.youtube.com\/channel\/UCZP-2wLEB9Rv6erhFmqVnvg"],"address":{"@id":"https:\/\/candas365.es\/noticias\/#postaladdress","@type":"PostalAddress","streetAddress":"san antonio 4, san antonio 4","postalCode":"33430","addressLocality":"Cand\u00e1s","addressRegion":"Asturias","addressCountry":"ES"}},{"@type":"Person","@id":"https:\/\/candas365.es\/noticias\/author\/admin\/#author","url":"https:\/\/candas365.es\/noticias\/author\/admin\/","name":"Cand\u00e1s 365","image":{"@type":"ImageObject","@id":"https:\/\/candas365.es\/noticias\/dia-internacional-de-los-monumentos-y-sitios-2019\/#authorImage","url":"https:\/\/secure.gravatar.com\/avatar\/496a8e03d0c493ede1718b7934145dbdf8d89be1036b0eec9544e1094c9de390?s=96&d=mm&r=g","width":96,"height":96,"caption":"Cand\u00e1s 365"},"sameAs":["https:\/\/www.facebook.com\/carrenoactualidad","https:\/\/twitter.com\/nbasturias","https:\/\/www.instagram.com\/nachofdezber\/","https:\/\/www.youtube.com\/channel\/UCZP-2wLEB9Rv6erhFmqVnvg"]},{"@type":"WebPage","@id":"https:\/\/candas365.es\/noticias\/dia-internacional-de-los-monumentos-y-sitios-2019\/#webpage","url":"https:\/\/candas365.es\/noticias\/dia-internacional-de-los-monumentos-y-sitios-2019\/","name":"D\u00eda Internacional de los Monumentos y Sitios 2019 | Cand\u00e1s 365","description":"Los diecis\u00e9is museos del Ministerio de Cultura y Deporte abrir\u00e1n gratuitamente este Jueves Santo con motivo del D\u00eda Internacional de los Monumentos y Sitios, una jornada respaldada por la UNESCO que se celebra cada 18 de abril para promover el conocimiento y la preservaci\u00f3n del patrimonio cultural. Diez de los museos ampliar\u00e1n tambi\u00e9n entre tres","inLanguage":"es-ES","isPartOf":{"@id":"https:\/\/candas365.es\/noticias\/#website"},"breadcrumb":{"@id":"https:\/\/candas365.es\/noticias\/dia-internacional-de-los-monumentos-y-sitios-2019\/#breadcrumblist"},"author":{"@id":"https:\/\/candas365.es\/noticias\/author\/admin\/#author"},"creator":{"@id":"https:\/\/candas365.es\/noticias\/author\/admin\/#author"},"image":{"@type":"ImageObject","url":"https:\/\/candas365.es\/noticias\/wp-content\/uploads\/2019\/04\/060814_MANInterior.jpg","@id":"https:\/\/candas365.es\/noticias\/dia-internacional-de-los-monumentos-y-sitios-2019\/#mainImage","width":496,"height":330},"primaryImageOfPage":{"@id":"https:\/\/candas365.es\/noticias\/dia-internacional-de-los-monumentos-y-sitios-2019\/#mainImage"},"datePublished":"2019-04-17T04:32:37+02:00","dateModified":"2019-04-17T04:32:37+02:00"},{"@type":"WebSite","@id":"https:\/\/candas365.es\/noticias\/#website","url":"https:\/\/candas365.es\/noticias\/","name":"Cand\u00e1s 365","alternateName":"Cand\u00e1s 365 Noticias","description":"Actualidad desde Carre\u00f1o para el mundo","inLanguage":"es-ES","publisher":{"@id":"https:\/\/candas365.es\/noticias\/#organization"}}]},"og:locale":"es_ES","og:site_name":"Cand\u00e1s 365","og:type":"article","og:title":"D\u00eda Internacional de los Monumentos y Sitios 2019 | Cand\u00e1s 365","og:description":"Los diecis\u00e9is museos del Ministerio de Cultura y Deporte abrir\u00e1n gratuitamente este Jueves Santo con motivo del D\u00eda Internacional de los Monumentos y Sitios, una jornada respaldada por la UNESCO que se celebra cada 18 de abril para promover el conocimiento y la preservaci\u00f3n del patrimonio cultural. Diez de los museos ampliar\u00e1n tambi\u00e9n entre tres","og:url":"https:\/\/candas365.es\/noticias\/dia-internacional-de-los-monumentos-y-sitios-2019\/","og:image":"https:\/\/candas365.es\/noticias\/wp-content\/uploads\/2019\/04\/060814_MANInterior.jpg","og:image:secure_url":"https:\/\/candas365.es\/noticias\/wp-content\/uploads\/2019\/04\/060814_MANInterior.jpg","og:image:width":496,"og:image:height":330,"article:published_time":"2019-04-17T04:32:37+00:00","article:modified_time":"2019-04-17T04:32:37+00:00","article:publisher":"https:\/\/www.facebook.com\/Nachofdezber","article:author":"https:\/\/www.facebook.com\/carrenoactualidad","twitter:card":"summary_large_image","twitter:site":"@NabercoDigital","twitter:title":"D\u00eda Internacional de los Monumentos y Sitios 2019 | Cand\u00e1s 365","twitter:description":"Los diecis\u00e9is museos del Ministerio de Cultura y Deporte abrir\u00e1n gratuitamente este Jueves Santo con motivo del D\u00eda Internacional de los Monumentos y Sitios, una jornada respaldada por la UNESCO que se celebra cada 18 de abril para promover el conocimiento y la preservaci\u00f3n del patrimonio cultural. Diez de los museos ampliar\u00e1n tambi\u00e9n entre tres","twitter:creator":"@nbasturias","twitter:image":"https:\/\/candas365.es\/noticias\/wp-content\/uploads\/2019\/04\/060814_MANInterior.jpg","twitter:label1":"Escrito por","twitter:data1":"Cand\u00e1s 365","twitter:label2":"Tiempo de lectura estimado","twitter:data2":"3 minutos"},"aioseo_meta_data":{"post_id":"120970","title":null,"description":null,"keywords":null,"keyphrases":null,"primary_term":null,"canonical_url":null,"og_title":null,"og_description":null,"og_object_type":"default","og_image_type":"default","og_image_url":null,"og_image_width":null,"og_image_height":null,"og_image_custom_url":null,"og_image_custom_fields":null,"og_video":null,"og_custom_url":null,"og_article_section":null,"og_article_tags":null,"twitter_use_og":false,"twitter_card":"default","twitter_image_type":"default","twitter_image_url":null,"twitter_image_custom_url":null,"twitter_image_custom_fields":null,"twitter_title":null,"twitter_description":null,"schema":{"blockGraphs":[],"customGraphs":[],"default":{"data":{"Article":[],"Course":[],"Dataset":[],"FAQPage":[],"Movie":[],"Person":[],"Product":[],"ProductReview":[],"Car":[],"Recipe":[],"Service":[],"SoftwareApplication":[],"WebPage":[]},"graphName":"","isEnabled":true},"graphs":[]},"schema_type":null,"schema_type_options":null,"pillar_content":false,"robots_default":true,"robots_noindex":false,"robots_noarchive":false,"robots_nosnippet":false,"robots_nofollow":false,"robots_noimageindex":false,"robots_noodp":false,"robots_notranslate":false,"robots_max_snippet":null,"robots_max_videopreview":null,"robots_max_imagepreview":"large","priority":null,"frequency":null,"location":null,"local_seo":null,"seo_analyzer_scan_date":"2025-08-29 18:44:14","breadcrumb_settings":null,"limit_modified_date":false,"reviewed_by":null,"open_ai":null,"ai":null,"created":"2020-12-21 10:58:35","updated":"2025-08-29 18:44:14"},"aioseo_breadcrumb":"<div class=\"aioseo-breadcrumbs\"><span class=\"aioseo-breadcrumb\">\n\t<a href=\"https:\/\/candas365.es\/noticias\" title=\"Home\">Home<\/a>\n<\/span><span class=\"aioseo-breadcrumb-separator\">&ndash;<\/span><span class=\"aioseo-breadcrumb\">\n\t<a href=\"https:\/\/candas365.es\/noticias\/category\/agenda\/\" title=\"Agenda\">Agenda<\/a>\n<\/span><span class=\"aioseo-breadcrumb-separator\">&ndash;<\/span><span class=\"aioseo-breadcrumb\">\n\tD\u00eda Internacional de los Monumentos y Sitios 2019\n<\/span><\/div>","aioseo_breadcrumb_json":[{"label":"Home","link":"https:\/\/candas365.es\/noticias"},{"label":"Agenda","link":"https:\/\/candas365.es\/noticias\/category\/agenda\/"},{"label":"D\u00eda Internacional de los Monumentos y Sitios 2019","link":"https:\/\/candas365.es\/noticias\/dia-internacional-de-los-monumentos-y-sitios-2019\/"}],"_links":{"self":[{"href":"https:\/\/candas365.es\/noticias\/wp-json\/wp\/v2\/posts\/120970","targetHints":{"allow":["GET"]}}],"collection":[{"href":"https:\/\/candas365.es\/noticias\/wp-json\/wp\/v2\/posts"}],"about":[{"href":"https:\/\/candas365.es\/noticias\/wp-json\/wp\/v2\/types\/post"}],"author":[{"embeddable":true,"href":"https:\/\/candas365.es\/noticias\/wp-json\/wp\/v2\/users\/1"}],"replies":[{"embeddable":true,"href":"https:\/\/candas365.es\/noticias\/wp-json\/wp\/v2\/comments?post=120970"}],"version-history":[{"count":0,"href":"https:\/\/candas365.es\/noticias\/wp-json\/wp\/v2\/posts\/120970\/revisions"}],"wp:featuredmedia":[{"embeddable":true,"href":"https:\/\/candas365.es\/noticias\/wp-json\/wp\/v2\/media\/120971"}],"wp:attachment":[{"href":"https:\/\/candas365.es\/noticias\/wp-json\/wp\/v2\/media?parent=120970"}],"wp:term":[{"taxonomy":"category","embeddable":true,"href":"https:\/\/candas365.es\/noticias\/wp-json\/wp\/v2\/categories?post=120970"},{"taxonomy":"post_tag","embeddable":true,"href":"https:\/\/candas365.es\/noticias\/wp-json\/wp\/v2\/tags?post=120970"}],"curies":[{"name":"wp","href":"https:\/\/api.w.org\/{rel}","templated":true}]}}