{"id":120879,"date":"2019-04-16T02:58:14","date_gmt":"2019-04-16T02:58:14","guid":{"rendered":"http:\/\/candas365.es\/noticias\/?p=120879"},"modified":"2019-04-16T02:58:14","modified_gmt":"2019-04-16T02:58:14","slug":"semana-santa-2019-en-el-parque-de-la-prehistoria-de-teverga","status":"publish","type":"post","link":"https:\/\/candas365.es\/noticias\/semana-santa-2019-en-el-parque-de-la-prehistoria-de-teverga\/","title":{"rendered":"Semana Santa 2019 en el Parque de la Prehistoria de Teverga"},"content":{"rendered":"<p><img fetchpriority=\"high\" decoding=\"async\" class=\"alignleft size-medium wp-image-120880\" src=\"https:\/\/candas365.es\/noticias\/wp-content\/uploads\/2019\/04\/Parque-Prehistoria-Teverga-360x240.jpg\" alt=\"\" width=\"360\" height=\"240\" srcset=\"https:\/\/candas365.es\/noticias\/wp-content\/uploads\/2019\/04\/Parque-Prehistoria-Teverga-360x240.jpg 360w, https:\/\/candas365.es\/noticias\/wp-content\/uploads\/2019\/04\/Parque-Prehistoria-Teverga-768x512.jpg 768w, https:\/\/candas365.es\/noticias\/wp-content\/uploads\/2019\/04\/Parque-Prehistoria-Teverga-655x436.jpg 655w, https:\/\/candas365.es\/noticias\/wp-content\/uploads\/2019\/04\/Parque-Prehistoria-Teverga-696x464.jpg 696w, https:\/\/candas365.es\/noticias\/wp-content\/uploads\/2019\/04\/Parque-Prehistoria-Teverga-1068x712.jpg 1068w, https:\/\/candas365.es\/noticias\/wp-content\/uploads\/2019\/04\/Parque-Prehistoria-Teverga-630x420.jpg 630w, https:\/\/candas365.es\/noticias\/wp-content\/uploads\/2019\/04\/Parque-Prehistoria-Teverga.jpg 1280w\" sizes=\"(max-width: 360px) 100vw, 360px\" \/>Talleres para descubrir c\u00f3mo hac\u00edan fuego en la Prehistoria o un recorrido para observar el arte del Paleol\u00edtico Superior en Europa y ver en vivo algunos de los animales que ya pintaban nuestros antepasados son las propuestas del Parque de la Prehistoria de Teverga del 17 al 21 de abril.<\/p>\n<p>De mi\u00e9rcoles a domingo se realizar\u00e1 una demostraci\u00f3n participativa para obtener fuego al estilo prehist\u00f3rico a las 13:00 y 17:00 horas. En \u201c\u00a1Fuego, fuego! La magia del Paleol\u00edtico\u201d el p\u00fablico pondr\u00e1 a prueba su ma\u00f1a para producir este elemento que hizo habitables los asentamientos, pues permite cocinar los alimentos, da calor para combatir los fr\u00edos d\u00edas paleol\u00edticos y sirve como elemento cohesionador del grupo alrededor del cual se desarrollaba la vida social.<\/p>\n<p>Esta Semana Santa tambi\u00e9n habr\u00e1 visitas guiadas a la Cueva de Cuevas a las 12:30, 13:45, 17:00 y 18:00 horas, un espacio con reproducciones a escala real de tres significativos conjuntos del arte rupestre paleol\u00edtico europeo en el que se recrea fielmente el ambiente del interior de las cavernas. Para conocer las t\u00e9cnicas que utilizan nuestros antepasados y los motivos que representaban en las pinturas rupestres, el p\u00fablico podr\u00e1 recorrer la Galer\u00eda de forma libre o participar en la visita guiada de las 11:00 horas.<\/p>\n<p>Adem\u00e1s, se puede pasear por los exteriores del Parque para ver a los bisontes de origen europeo, caballos Przewalski, Uros de Heck, gamos, ciervos y a los nuevos animales que se acaban de incorporar al cercado, los caballos tarpanes.<\/p>\n<p>El Parque de la Prehistoria de Teverga permanecer\u00e1 abierto del 17 al 21 de abril, de mi\u00e9rcoles a domingo, de 10:30 a 14:30 y de 16:00 a 19:00 horas. Se puede adquirir online la entrada para el Parque y para los talleres a trav\u00e9s de la web www.parquedelaprehistoria.es.<\/p>\n","protected":false},"excerpt":{"rendered":"<p>Talleres para descubrir c\u00f3mo hac\u00edan fuego en la Prehistoria o un recorrido para observar el arte del Paleol\u00edtico Superior en Europa y ver en vivo algunos de los animales que ya pintaban nuestros antepasados son las propuestas del Parque de la Prehistoria de Teverga del 17 al 21 de abril. De mi\u00e9rcoles a domingo se<\/p>\n","protected":false},"author":1,"featured_media":120880,"comment_status":"closed","ping_status":"closed","sticky":false,"template":"","format":"standard","meta":{"footnotes":""},"categories":[1],"tags":[],"class_list":{"0":"post-120879","1":"post","2":"type-post","3":"status-publish","4":"format-standard","5":"has-post-thumbnail","7":"category-agenda"},"aioseo_notices":[],"aioseo_head":"\n\t\t<!-- All in One SEO Pro 4.9.6.2 - aioseo.com -->\n\t<meta name=\"description\" content=\"Talleres para descubrir c\u00f3mo hac\u00edan fuego en la Prehistoria o un recorrido para observar el arte del Paleol\u00edtico Superior en Europa y ver en vivo algunos de los animales que ya pintaban nuestros antepasados son las propuestas del Parque de la Prehistoria de Teverga del 17 al 21 de abril. De mi\u00e9rcoles a domingo se\" \/>\n\t<meta name=\"robots\" content=\"max-image-preview:large\" \/>\n\t<meta name=\"author\" content=\"Cand\u00e1s 365\"\/>\n\t<meta name=\"google-site-verification\" content=\"UA-32230408-1\" \/>\n\t<meta name=\"msvalidate.01\" content=\"354F3CDFB2DA171B47FBE9ABF1F88D5\" \/>\n\t<meta name=\"keywords\" content=\"agenda\" \/>\n\t<link rel=\"canonical\" href=\"https:\/\/candas365.es\/noticias\/semana-santa-2019-en-el-parque-de-la-prehistoria-de-teverga\/\" \/>\n\t<meta name=\"generator\" content=\"All in One SEO Pro (AIOSEO) 4.9.6.2\" \/>\n\t\t<meta property=\"og:locale\" content=\"es_ES\" \/>\n\t\t<meta property=\"og:site_name\" content=\"Cand\u00e1s 365\" \/>\n\t\t<meta property=\"og:type\" content=\"article\" \/>\n\t\t<meta property=\"og:title\" content=\"Semana Santa 2019 en el Parque de la Prehistoria de Teverga | Cand\u00e1s 365\" \/>\n\t\t<meta property=\"og:description\" content=\"Talleres para descubrir c\u00f3mo hac\u00edan fuego en la Prehistoria o un recorrido para observar el arte del Paleol\u00edtico Superior en Europa y ver en vivo algunos de los animales que ya pintaban nuestros antepasados son las propuestas del Parque de la Prehistoria de Teverga del 17 al 21 de abril. De mi\u00e9rcoles a domingo se\" \/>\n\t\t<meta property=\"og:url\" content=\"https:\/\/candas365.es\/noticias\/semana-santa-2019-en-el-parque-de-la-prehistoria-de-teverga\/\" \/>\n\t\t<meta property=\"og:image\" content=\"https:\/\/candas365.es\/noticias\/wp-content\/uploads\/2019\/04\/Parque-Prehistoria-Teverga.jpg\" \/>\n\t\t<meta property=\"og:image:secure_url\" content=\"https:\/\/candas365.es\/noticias\/wp-content\/uploads\/2019\/04\/Parque-Prehistoria-Teverga.jpg\" \/>\n\t\t<meta property=\"og:image:width\" content=\"1280\" \/>\n\t\t<meta property=\"og:image:height\" content=\"853\" \/>\n\t\t<meta property=\"article:published_time\" content=\"2019-04-16T02:58:14+00:00\" \/>\n\t\t<meta property=\"article:modified_time\" content=\"2019-04-16T02:58:14+00:00\" \/>\n\t\t<meta property=\"article:publisher\" content=\"https:\/\/www.facebook.com\/Nachofdezber\" \/>\n\t\t<meta property=\"article:author\" content=\"https:\/\/www.facebook.com\/carrenoactualidad\" \/>\n\t\t<meta name=\"twitter:card\" content=\"summary_large_image\" \/>\n\t\t<meta name=\"twitter:site\" content=\"@NabercoDigital\" \/>\n\t\t<meta name=\"twitter:title\" content=\"Semana Santa 2019 en el Parque de la Prehistoria de Teverga | Cand\u00e1s 365\" \/>\n\t\t<meta name=\"twitter:description\" content=\"Talleres para descubrir c\u00f3mo hac\u00edan fuego en la Prehistoria o un recorrido para observar el arte del Paleol\u00edtico Superior en Europa y ver en vivo algunos de los animales que ya pintaban nuestros antepasados son las propuestas del Parque de la Prehistoria de Teverga del 17 al 21 de abril. De mi\u00e9rcoles a domingo se\" \/>\n\t\t<meta name=\"twitter:creator\" content=\"@nbasturias\" \/>\n\t\t<meta name=\"twitter:image\" content=\"https:\/\/candas365.es\/noticias\/wp-content\/uploads\/2019\/04\/Parque-Prehistoria-Teverga.jpg\" \/>\n\t\t<meta name=\"twitter:label1\" content=\"Escrito por\" \/>\n\t\t<meta name=\"twitter:data1\" content=\"Cand\u00e1s 365\" \/>\n\t\t<meta name=\"twitter:label2\" content=\"Tiempo de lectura estimado\" \/>\n\t\t<meta name=\"twitter:data2\" content=\"2 minutos\" \/>\n\t\t<script type=\"application\/ld+json\" class=\"aioseo-schema\">\n\t\t\t{\"@context\":\"https:\\\/\\\/schema.org\",\"@graph\":[{\"@type\":\"BreadcrumbList\",\"@id\":\"https:\\\/\\\/candas365.es\\\/noticias\\\/semana-santa-2019-en-el-parque-de-la-prehistoria-de-teverga\\\/#breadcrumblist\",\"itemListElement\":[{\"@type\":\"ListItem\",\"@id\":\"https:\\\/\\\/candas365.es\\\/noticias#listItem\",\"position\":1,\"name\":\"Home\",\"item\":\"https:\\\/\\\/candas365.es\\\/noticias\",\"nextItem\":{\"@type\":\"ListItem\",\"@id\":\"https:\\\/\\\/candas365.es\\\/noticias\\\/category\\\/agenda\\\/#listItem\",\"name\":\"Agenda\"}},{\"@type\":\"ListItem\",\"@id\":\"https:\\\/\\\/candas365.es\\\/noticias\\\/category\\\/agenda\\\/#listItem\",\"position\":2,\"name\":\"Agenda\",\"item\":\"https:\\\/\\\/candas365.es\\\/noticias\\\/category\\\/agenda\\\/\",\"nextItem\":{\"@type\":\"ListItem\",\"@id\":\"https:\\\/\\\/candas365.es\\\/noticias\\\/semana-santa-2019-en-el-parque-de-la-prehistoria-de-teverga\\\/#listItem\",\"name\":\"Semana Santa 2019 en el Parque de la Prehistoria de Teverga\"},\"previousItem\":{\"@type\":\"ListItem\",\"@id\":\"https:\\\/\\\/candas365.es\\\/noticias#listItem\",\"name\":\"Home\"}},{\"@type\":\"ListItem\",\"@id\":\"https:\\\/\\\/candas365.es\\\/noticias\\\/semana-santa-2019-en-el-parque-de-la-prehistoria-de-teverga\\\/#listItem\",\"position\":3,\"name\":\"Semana Santa 2019 en el Parque de la Prehistoria de Teverga\",\"previousItem\":{\"@type\":\"ListItem\",\"@id\":\"https:\\\/\\\/candas365.es\\\/noticias\\\/category\\\/agenda\\\/#listItem\",\"name\":\"Agenda\"}}]},{\"@type\":\"NewsArticle\",\"@id\":\"https:\\\/\\\/candas365.es\\\/noticias\\\/semana-santa-2019-en-el-parque-de-la-prehistoria-de-teverga\\\/#newsarticle\",\"name\":\"Semana Santa 2019 en el Parque de la Prehistoria de Teverga | Cand\\u00e1s 365\",\"headline\":\"Semana Santa 2019 en el Parque de la Prehistoria de Teverga\",\"author\":{\"@id\":\"https:\\\/\\\/candas365.es\\\/noticias\\\/author\\\/admin\\\/#author\"},\"publisher\":{\"@id\":\"https:\\\/\\\/candas365.es\\\/noticias\\\/#organization\"},\"image\":{\"@type\":\"ImageObject\",\"url\":\"https:\\\/\\\/candas365.es\\\/noticias\\\/wp-content\\\/uploads\\\/2019\\\/04\\\/Parque-Prehistoria-Teverga.jpg\",\"width\":1280,\"height\":853},\"datePublished\":\"2019-04-16T02:58:14+02:00\",\"dateModified\":\"2019-04-16T02:58:14+02:00\",\"inLanguage\":\"es-ES\",\"mainEntityOfPage\":{\"@id\":\"https:\\\/\\\/candas365.es\\\/noticias\\\/semana-santa-2019-en-el-parque-de-la-prehistoria-de-teverga\\\/#webpage\"},\"isPartOf\":{\"@id\":\"https:\\\/\\\/candas365.es\\\/noticias\\\/semana-santa-2019-en-el-parque-de-la-prehistoria-de-teverga\\\/#webpage\"},\"articleSection\":\"Agenda\",\"dateline\":\"Publicado el abril 16, 2019.\"},{\"@type\":\"Organization\",\"@id\":\"https:\\\/\\\/candas365.es\\\/noticias\\\/#organization\",\"name\":\"Cand\\u00e1s 365\",\"description\":\"Cand\\u00e1s 365 es un diario digital independiente, fundado en 2012, con base en Asturias. Informamos con rigor sobre actualidad, sociedad, cultura y ocio, con una mirada local y global.\",\"url\":\"https:\\\/\\\/candas365.es\\\/noticias\\\/\",\"email\":\"info@candas365.es\",\"telephone\":\"+34652131393\",\"foundingDate\":\"2012-06-10\",\"logo\":{\"@type\":\"ImageObject\",\"url\":\"https:\\\/\\\/candas365.es\\\/noticias\\\/wp-content\\\/uploads\\\/2024\\\/09\\\/Candas-365-Redes.jpg\",\"@id\":\"https:\\\/\\\/candas365.es\\\/noticias\\\/semana-santa-2019-en-el-parque-de-la-prehistoria-de-teverga\\\/#organizationLogo\",\"width\":1152,\"height\":864,\"caption\":\"Cand\\u00e1s 365 Redes\"},\"image\":{\"@id\":\"https:\\\/\\\/candas365.es\\\/noticias\\\/semana-santa-2019-en-el-parque-de-la-prehistoria-de-teverga\\\/#organizationLogo\"},\"sameAs\":[\"https:\\\/\\\/www.facebook.com\\\/Nachofdezber\",\"https:\\\/\\\/x.com\\\/NabercoDigital\",\"https:\\\/\\\/www.instagram.com\\\/nachofdezber\\\/\",\"https:\\\/\\\/www.youtube.com\\\/channel\\\/UCZP-2wLEB9Rv6erhFmqVnvg\"],\"address\":{\"@id\":\"https:\\\/\\\/candas365.es\\\/noticias\\\/#postaladdress\",\"@type\":\"PostalAddress\",\"streetAddress\":\"san antonio 4, san antonio 4\",\"postalCode\":\"33430\",\"addressLocality\":\"Cand\\u00e1s\",\"addressRegion\":\"Asturias\",\"addressCountry\":\"ES\"}},{\"@type\":\"Person\",\"@id\":\"https:\\\/\\\/candas365.es\\\/noticias\\\/author\\\/admin\\\/#author\",\"url\":\"https:\\\/\\\/candas365.es\\\/noticias\\\/author\\\/admin\\\/\",\"name\":\"Cand\\u00e1s 365\",\"image\":{\"@type\":\"ImageObject\",\"@id\":\"https:\\\/\\\/candas365.es\\\/noticias\\\/semana-santa-2019-en-el-parque-de-la-prehistoria-de-teverga\\\/#authorImage\",\"url\":\"https:\\\/\\\/secure.gravatar.com\\\/avatar\\\/496a8e03d0c493ede1718b7934145dbdf8d89be1036b0eec9544e1094c9de390?s=96&d=mm&r=g\",\"width\":96,\"height\":96,\"caption\":\"Cand\\u00e1s 365\"},\"sameAs\":[\"https:\\\/\\\/www.facebook.com\\\/carrenoactualidad\",\"https:\\\/\\\/twitter.com\\\/nbasturias\",\"https:\\\/\\\/www.instagram.com\\\/nachofdezber\\\/\",\"https:\\\/\\\/www.youtube.com\\\/channel\\\/UCZP-2wLEB9Rv6erhFmqVnvg\"]},{\"@type\":\"WebPage\",\"@id\":\"https:\\\/\\\/candas365.es\\\/noticias\\\/semana-santa-2019-en-el-parque-de-la-prehistoria-de-teverga\\\/#webpage\",\"url\":\"https:\\\/\\\/candas365.es\\\/noticias\\\/semana-santa-2019-en-el-parque-de-la-prehistoria-de-teverga\\\/\",\"name\":\"Semana Santa 2019 en el Parque de la Prehistoria de Teverga | Cand\\u00e1s 365\",\"description\":\"Talleres para descubrir c\\u00f3mo hac\\u00edan fuego en la Prehistoria o un recorrido para observar el arte del Paleol\\u00edtico Superior en Europa y ver en vivo algunos de los animales que ya pintaban nuestros antepasados son las propuestas del Parque de la Prehistoria de Teverga del 17 al 21 de abril. De mi\\u00e9rcoles a domingo se\",\"inLanguage\":\"es-ES\",\"isPartOf\":{\"@id\":\"https:\\\/\\\/candas365.es\\\/noticias\\\/#website\"},\"breadcrumb\":{\"@id\":\"https:\\\/\\\/candas365.es\\\/noticias\\\/semana-santa-2019-en-el-parque-de-la-prehistoria-de-teverga\\\/#breadcrumblist\"},\"author\":{\"@id\":\"https:\\\/\\\/candas365.es\\\/noticias\\\/author\\\/admin\\\/#author\"},\"creator\":{\"@id\":\"https:\\\/\\\/candas365.es\\\/noticias\\\/author\\\/admin\\\/#author\"},\"image\":{\"@type\":\"ImageObject\",\"url\":\"https:\\\/\\\/candas365.es\\\/noticias\\\/wp-content\\\/uploads\\\/2019\\\/04\\\/Parque-Prehistoria-Teverga.jpg\",\"@id\":\"https:\\\/\\\/candas365.es\\\/noticias\\\/semana-santa-2019-en-el-parque-de-la-prehistoria-de-teverga\\\/#mainImage\",\"width\":1280,\"height\":853},\"primaryImageOfPage\":{\"@id\":\"https:\\\/\\\/candas365.es\\\/noticias\\\/semana-santa-2019-en-el-parque-de-la-prehistoria-de-teverga\\\/#mainImage\"},\"datePublished\":\"2019-04-16T02:58:14+02:00\",\"dateModified\":\"2019-04-16T02:58:14+02:00\"},{\"@type\":\"WebSite\",\"@id\":\"https:\\\/\\\/candas365.es\\\/noticias\\\/#website\",\"url\":\"https:\\\/\\\/candas365.es\\\/noticias\\\/\",\"name\":\"Cand\\u00e1s 365\",\"alternateName\":\"Cand\\u00e1s 365 Noticias\",\"description\":\"Actualidad desde Carre\\u00f1o para el mundo\",\"inLanguage\":\"es-ES\",\"publisher\":{\"@id\":\"https:\\\/\\\/candas365.es\\\/noticias\\\/#organization\"}}]}\n\t\t<\/script>\n\t\t<!-- All in One SEO Pro -->\r\n\t\t<title>Semana Santa 2019 en el Parque de la Prehistoria de Teverga | Cand\u00e1s 365<\/title>\n\n","aioseo_head_json":{"title":"Semana Santa 2019 en el Parque de la Prehistoria de Teverga | Cand\u00e1s 365","description":"Talleres para descubrir c\u00f3mo hac\u00edan fuego en la Prehistoria o un recorrido para observar el arte del Paleol\u00edtico Superior en Europa y ver en vivo algunos de los animales que ya pintaban nuestros antepasados son las propuestas del Parque de la Prehistoria de Teverga del 17 al 21 de abril. De mi\u00e9rcoles a domingo se","canonical_url":"https:\/\/candas365.es\/noticias\/semana-santa-2019-en-el-parque-de-la-prehistoria-de-teverga\/","robots":"max-image-preview:large","keywords":"agenda","webmasterTools":{"google-site-verification":"UA-32230408-1","msvalidate.01":"354F3CDFB2DA171B47FBE9ABF1F88D5","miscellaneous":""},"schema":{"@context":"https:\/\/schema.org","@graph":[{"@type":"BreadcrumbList","@id":"https:\/\/candas365.es\/noticias\/semana-santa-2019-en-el-parque-de-la-prehistoria-de-teverga\/#breadcrumblist","itemListElement":[{"@type":"ListItem","@id":"https:\/\/candas365.es\/noticias#listItem","position":1,"name":"Home","item":"https:\/\/candas365.es\/noticias","nextItem":{"@type":"ListItem","@id":"https:\/\/candas365.es\/noticias\/category\/agenda\/#listItem","name":"Agenda"}},{"@type":"ListItem","@id":"https:\/\/candas365.es\/noticias\/category\/agenda\/#listItem","position":2,"name":"Agenda","item":"https:\/\/candas365.es\/noticias\/category\/agenda\/","nextItem":{"@type":"ListItem","@id":"https:\/\/candas365.es\/noticias\/semana-santa-2019-en-el-parque-de-la-prehistoria-de-teverga\/#listItem","name":"Semana Santa 2019 en el Parque de la Prehistoria de Teverga"},"previousItem":{"@type":"ListItem","@id":"https:\/\/candas365.es\/noticias#listItem","name":"Home"}},{"@type":"ListItem","@id":"https:\/\/candas365.es\/noticias\/semana-santa-2019-en-el-parque-de-la-prehistoria-de-teverga\/#listItem","position":3,"name":"Semana Santa 2019 en el Parque de la Prehistoria de Teverga","previousItem":{"@type":"ListItem","@id":"https:\/\/candas365.es\/noticias\/category\/agenda\/#listItem","name":"Agenda"}}]},{"@type":"NewsArticle","@id":"https:\/\/candas365.es\/noticias\/semana-santa-2019-en-el-parque-de-la-prehistoria-de-teverga\/#newsarticle","name":"Semana Santa 2019 en el Parque de la Prehistoria de Teverga | Cand\u00e1s 365","headline":"Semana Santa 2019 en el Parque de la Prehistoria de Teverga","author":{"@id":"https:\/\/candas365.es\/noticias\/author\/admin\/#author"},"publisher":{"@id":"https:\/\/candas365.es\/noticias\/#organization"},"image":{"@type":"ImageObject","url":"https:\/\/candas365.es\/noticias\/wp-content\/uploads\/2019\/04\/Parque-Prehistoria-Teverga.jpg","width":1280,"height":853},"datePublished":"2019-04-16T02:58:14+02:00","dateModified":"2019-04-16T02:58:14+02:00","inLanguage":"es-ES","mainEntityOfPage":{"@id":"https:\/\/candas365.es\/noticias\/semana-santa-2019-en-el-parque-de-la-prehistoria-de-teverga\/#webpage"},"isPartOf":{"@id":"https:\/\/candas365.es\/noticias\/semana-santa-2019-en-el-parque-de-la-prehistoria-de-teverga\/#webpage"},"articleSection":"Agenda","dateline":"Publicado el abril 16, 2019."},{"@type":"Organization","@id":"https:\/\/candas365.es\/noticias\/#organization","name":"Cand\u00e1s 365","description":"Cand\u00e1s 365 es un diario digital independiente, fundado en 2012, con base en Asturias. Informamos con rigor sobre actualidad, sociedad, cultura y ocio, con una mirada local y global.","url":"https:\/\/candas365.es\/noticias\/","email":"info@candas365.es","telephone":"+34652131393","foundingDate":"2012-06-10","logo":{"@type":"ImageObject","url":"https:\/\/candas365.es\/noticias\/wp-content\/uploads\/2024\/09\/Candas-365-Redes.jpg","@id":"https:\/\/candas365.es\/noticias\/semana-santa-2019-en-el-parque-de-la-prehistoria-de-teverga\/#organizationLogo","width":1152,"height":864,"caption":"Cand\u00e1s 365 Redes"},"image":{"@id":"https:\/\/candas365.es\/noticias\/semana-santa-2019-en-el-parque-de-la-prehistoria-de-teverga\/#organizationLogo"},"sameAs":["https:\/\/www.facebook.com\/Nachofdezber","https:\/\/x.com\/NabercoDigital","https:\/\/www.instagram.com\/nachofdezber\/","https:\/\/www.youtube.com\/channel\/UCZP-2wLEB9Rv6erhFmqVnvg"],"address":{"@id":"https:\/\/candas365.es\/noticias\/#postaladdress","@type":"PostalAddress","streetAddress":"san antonio 4, san antonio 4","postalCode":"33430","addressLocality":"Cand\u00e1s","addressRegion":"Asturias","addressCountry":"ES"}},{"@type":"Person","@id":"https:\/\/candas365.es\/noticias\/author\/admin\/#author","url":"https:\/\/candas365.es\/noticias\/author\/admin\/","name":"Cand\u00e1s 365","image":{"@type":"ImageObject","@id":"https:\/\/candas365.es\/noticias\/semana-santa-2019-en-el-parque-de-la-prehistoria-de-teverga\/#authorImage","url":"https:\/\/secure.gravatar.com\/avatar\/496a8e03d0c493ede1718b7934145dbdf8d89be1036b0eec9544e1094c9de390?s=96&d=mm&r=g","width":96,"height":96,"caption":"Cand\u00e1s 365"},"sameAs":["https:\/\/www.facebook.com\/carrenoactualidad","https:\/\/twitter.com\/nbasturias","https:\/\/www.instagram.com\/nachofdezber\/","https:\/\/www.youtube.com\/channel\/UCZP-2wLEB9Rv6erhFmqVnvg"]},{"@type":"WebPage","@id":"https:\/\/candas365.es\/noticias\/semana-santa-2019-en-el-parque-de-la-prehistoria-de-teverga\/#webpage","url":"https:\/\/candas365.es\/noticias\/semana-santa-2019-en-el-parque-de-la-prehistoria-de-teverga\/","name":"Semana Santa 2019 en el Parque de la Prehistoria de Teverga | Cand\u00e1s 365","description":"Talleres para descubrir c\u00f3mo hac\u00edan fuego en la Prehistoria o un recorrido para observar el arte del Paleol\u00edtico Superior en Europa y ver en vivo algunos de los animales que ya pintaban nuestros antepasados son las propuestas del Parque de la Prehistoria de Teverga del 17 al 21 de abril. De mi\u00e9rcoles a domingo se","inLanguage":"es-ES","isPartOf":{"@id":"https:\/\/candas365.es\/noticias\/#website"},"breadcrumb":{"@id":"https:\/\/candas365.es\/noticias\/semana-santa-2019-en-el-parque-de-la-prehistoria-de-teverga\/#breadcrumblist"},"author":{"@id":"https:\/\/candas365.es\/noticias\/author\/admin\/#author"},"creator":{"@id":"https:\/\/candas365.es\/noticias\/author\/admin\/#author"},"image":{"@type":"ImageObject","url":"https:\/\/candas365.es\/noticias\/wp-content\/uploads\/2019\/04\/Parque-Prehistoria-Teverga.jpg","@id":"https:\/\/candas365.es\/noticias\/semana-santa-2019-en-el-parque-de-la-prehistoria-de-teverga\/#mainImage","width":1280,"height":853},"primaryImageOfPage":{"@id":"https:\/\/candas365.es\/noticias\/semana-santa-2019-en-el-parque-de-la-prehistoria-de-teverga\/#mainImage"},"datePublished":"2019-04-16T02:58:14+02:00","dateModified":"2019-04-16T02:58:14+02:00"},{"@type":"WebSite","@id":"https:\/\/candas365.es\/noticias\/#website","url":"https:\/\/candas365.es\/noticias\/","name":"Cand\u00e1s 365","alternateName":"Cand\u00e1s 365 Noticias","description":"Actualidad desde Carre\u00f1o para el mundo","inLanguage":"es-ES","publisher":{"@id":"https:\/\/candas365.es\/noticias\/#organization"}}]},"og:locale":"es_ES","og:site_name":"Cand\u00e1s 365","og:type":"article","og:title":"Semana Santa 2019 en el Parque de la Prehistoria de Teverga | Cand\u00e1s 365","og:description":"Talleres para descubrir c\u00f3mo hac\u00edan fuego en la Prehistoria o un recorrido para observar el arte del Paleol\u00edtico Superior en Europa y ver en vivo algunos de los animales que ya pintaban nuestros antepasados son las propuestas del Parque de la Prehistoria de Teverga del 17 al 21 de abril. De mi\u00e9rcoles a domingo se","og:url":"https:\/\/candas365.es\/noticias\/semana-santa-2019-en-el-parque-de-la-prehistoria-de-teverga\/","og:image":"https:\/\/candas365.es\/noticias\/wp-content\/uploads\/2019\/04\/Parque-Prehistoria-Teverga.jpg","og:image:secure_url":"https:\/\/candas365.es\/noticias\/wp-content\/uploads\/2019\/04\/Parque-Prehistoria-Teverga.jpg","og:image:width":1280,"og:image:height":853,"article:published_time":"2019-04-16T02:58:14+00:00","article:modified_time":"2019-04-16T02:58:14+00:00","article:publisher":"https:\/\/www.facebook.com\/Nachofdezber","article:author":"https:\/\/www.facebook.com\/carrenoactualidad","twitter:card":"summary_large_image","twitter:site":"@NabercoDigital","twitter:title":"Semana Santa 2019 en el Parque de la Prehistoria de Teverga | Cand\u00e1s 365","twitter:description":"Talleres para descubrir c\u00f3mo hac\u00edan fuego en la Prehistoria o un recorrido para observar el arte del Paleol\u00edtico Superior en Europa y ver en vivo algunos de los animales que ya pintaban nuestros antepasados son las propuestas del Parque de la Prehistoria de Teverga del 17 al 21 de abril. De mi\u00e9rcoles a domingo se","twitter:creator":"@nbasturias","twitter:image":"https:\/\/candas365.es\/noticias\/wp-content\/uploads\/2019\/04\/Parque-Prehistoria-Teverga.jpg","twitter:label1":"Escrito por","twitter:data1":"Cand\u00e1s 365","twitter:label2":"Tiempo de lectura estimado","twitter:data2":"2 minutos"},"aioseo_meta_data":{"post_id":"120879","title":null,"description":null,"keywords":null,"keyphrases":null,"primary_term":null,"canonical_url":null,"og_title":null,"og_description":null,"og_object_type":"default","og_image_type":"default","og_image_url":null,"og_image_width":null,"og_image_height":null,"og_image_custom_url":null,"og_image_custom_fields":null,"og_video":null,"og_custom_url":null,"og_article_section":null,"og_article_tags":null,"twitter_use_og":false,"twitter_card":"default","twitter_image_type":"default","twitter_image_url":null,"twitter_image_custom_url":null,"twitter_image_custom_fields":null,"twitter_title":null,"twitter_description":null,"schema":{"blockGraphs":[],"customGraphs":[],"default":{"data":{"Article":[],"Course":[],"Dataset":[],"FAQPage":[],"Movie":[],"Person":[],"Product":[],"ProductReview":[],"Car":[],"Recipe":[],"Service":[],"SoftwareApplication":[],"WebPage":[]},"graphName":"","isEnabled":true},"graphs":[],"defaultGraph":"","defaultPostTypeGraph":""},"schema_type":null,"schema_type_options":null,"pillar_content":false,"robots_default":true,"robots_noindex":false,"robots_noarchive":false,"robots_nosnippet":false,"robots_nofollow":false,"robots_noimageindex":false,"robots_noodp":false,"robots_notranslate":false,"robots_max_snippet":null,"robots_max_videopreview":null,"robots_max_imagepreview":"large","priority":null,"frequency":null,"location":null,"local_seo":null,"seo_analyzer_scan_date":"2025-08-29 18:29:23","breadcrumb_settings":null,"limit_modified_date":false,"reviewed_by":null,"open_ai":null,"ai":null,"created":"2020-12-21 10:58:35","updated":"2025-08-29 18:29:23"},"aioseo_breadcrumb":"<div class=\"aioseo-breadcrumbs\"><span class=\"aioseo-breadcrumb\">\n\t<a href=\"https:\/\/candas365.es\/noticias\" title=\"Home\">Home<\/a>\n<\/span><span class=\"aioseo-breadcrumb-separator\">&ndash;<\/span><span class=\"aioseo-breadcrumb\">\n\t<a href=\"https:\/\/candas365.es\/noticias\/category\/agenda\/\" title=\"Agenda\">Agenda<\/a>\n<\/span><span class=\"aioseo-breadcrumb-separator\">&ndash;<\/span><span class=\"aioseo-breadcrumb\">\n\tSemana Santa 2019 en el Parque de la Prehistoria de Teverga\n<\/span><\/div>","aioseo_breadcrumb_json":[{"label":"Home","link":"https:\/\/candas365.es\/noticias"},{"label":"Agenda","link":"https:\/\/candas365.es\/noticias\/category\/agenda\/"},{"label":"Semana Santa 2019 en el Parque de la Prehistoria de Teverga","link":"https:\/\/candas365.es\/noticias\/semana-santa-2019-en-el-parque-de-la-prehistoria-de-teverga\/"}],"_links":{"self":[{"href":"https:\/\/candas365.es\/noticias\/wp-json\/wp\/v2\/posts\/120879","targetHints":{"allow":["GET"]}}],"collection":[{"href":"https:\/\/candas365.es\/noticias\/wp-json\/wp\/v2\/posts"}],"about":[{"href":"https:\/\/candas365.es\/noticias\/wp-json\/wp\/v2\/types\/post"}],"author":[{"embeddable":true,"href":"https:\/\/candas365.es\/noticias\/wp-json\/wp\/v2\/users\/1"}],"replies":[{"embeddable":true,"href":"https:\/\/candas365.es\/noticias\/wp-json\/wp\/v2\/comments?post=120879"}],"version-history":[{"count":0,"href":"https:\/\/candas365.es\/noticias\/wp-json\/wp\/v2\/posts\/120879\/revisions"}],"wp:featuredmedia":[{"embeddable":true,"href":"https:\/\/candas365.es\/noticias\/wp-json\/wp\/v2\/media\/120880"}],"wp:attachment":[{"href":"https:\/\/candas365.es\/noticias\/wp-json\/wp\/v2\/media?parent=120879"}],"wp:term":[{"taxonomy":"category","embeddable":true,"href":"https:\/\/candas365.es\/noticias\/wp-json\/wp\/v2\/categories?post=120879"},{"taxonomy":"post_tag","embeddable":true,"href":"https:\/\/candas365.es\/noticias\/wp-json\/wp\/v2\/tags?post=120879"}],"curies":[{"name":"wp","href":"https:\/\/api.w.org\/{rel}","templated":true}]}}