{"id":120856,"date":"2019-04-16T01:30:19","date_gmt":"2019-04-16T01:30:19","guid":{"rendered":"http:\/\/candas365.es\/noticias\/?p=120856"},"modified":"2019-04-16T01:30:19","modified_gmt":"2019-04-16T01:30:19","slug":"el-museo-anton-continuara-colaborando-con-la-universidad-de-oviedo","status":"publish","type":"post","link":"https:\/\/candas365.es\/noticias\/el-museo-anton-continuara-colaborando-con-la-universidad-de-oviedo\/","title":{"rendered":"El Museo Ant\u00f3n continuar\u00e1 colaborando con la Universidad de Oviedo"},"content":{"rendered":"<p><img fetchpriority=\"high\" decoding=\"async\" class=\"alignleft size-medium wp-image-120857\" src=\"https:\/\/candas365.es\/noticias\/wp-content\/uploads\/2019\/04\/Vista-de-una-parte-de-la-sala-expositiva-de-Ant\u00f3n-360x270.jpg\" alt=\"\" width=\"360\" height=\"270\" srcset=\"https:\/\/candas365.es\/noticias\/wp-content\/uploads\/2019\/04\/Vista-de-una-parte-de-la-sala-expositiva-de-Ant\u00f3n-360x270.jpg 360w, https:\/\/candas365.es\/noticias\/wp-content\/uploads\/2019\/04\/Vista-de-una-parte-de-la-sala-expositiva-de-Ant\u00f3n.jpg 640w, https:\/\/candas365.es\/noticias\/wp-content\/uploads\/2019\/04\/Vista-de-una-parte-de-la-sala-expositiva-de-Ant\u00f3n-80x60.jpg 80w, https:\/\/candas365.es\/noticias\/wp-content\/uploads\/2019\/04\/Vista-de-una-parte-de-la-sala-expositiva-de-Ant\u00f3n-265x198.jpg 265w, https:\/\/candas365.es\/noticias\/wp-content\/uploads\/2019\/04\/Vista-de-una-parte-de-la-sala-expositiva-de-Ant\u00f3n-560x420.jpg 560w\" sizes=\"(max-width: 360px) 100vw, 360px\" \/>El Ayuntamiento de Carre\u00f1o, a trav\u00e9s del Patronato Municipal <strong>Centro de Escultura de Cand\u00e1s<\/strong>, Museo Ant\u00f3n, ha renovado su compromiso con la Universidad de Oviedo con la firma de un Convenio de Cooperaci\u00f3n Educativa entre las dos entidades para la realizaci\u00f3n de pr\u00e1cticas externas del alumnado universitario.<\/p>\n<p>La realizaci\u00f3n de estas pr\u00e1cticas universitarias en empresas, instituciones o entidades p\u00fablica o privadas, aunque est\u00e1n reguladas por el Real Decreto 592\/2014, de 11 de julio, y por el Reglamento de Buenas Pr\u00e1cticas Externas de la Universidad de Oviedo, requieren de la suscripci\u00f3n previa de un convenio de cooperaci\u00f3n educativa por ambas instituciones. Este nuevo acuerdo de cooperaci\u00f3n entre el Museo Ant\u00f3n y la Universidad Oviedo tendr\u00e1 un vigencia de cuatro desde la firma del mismo, aunque podr\u00e1 prorrogarse expresamente y por escrito hasta otros cuatro a\u00f1os m\u00e1s adicionales.<\/p>\n<p>A trav\u00e9s de estas pr\u00e1cticas acad\u00e9micas externas, el alumnado universitario podr\u00e1 aplicar los conocimientos adquiridos en su formaci\u00f3n acad\u00e9mica, prepar\u00e1ndose para el ejercicio de actividades profesionales y facilitando su incorporaci\u00f3n al mercado de trabajo. Por lo que el Convenio de Cooperaci\u00f3n tendr\u00e1 por objeto fomentar la formaci\u00f3n pr\u00e1ctica de estudiantes universitarios\/as.<\/p>\n<p>\u201cCon esta colaboraci\u00f3n pretendemos proporcionar un conocimiento m\u00e1s profundo y cercano de las competencias que el alumnado necesitar\u00e1 en el futuro, acercar a este a las realidades del \u00e1mbito profesional. Con esta iniciativa reforzamos nuestro compromiso con la empleabilidad de las personas graduadas. Contribuir a mejorar la formaci\u00f3n pr\u00e1ctica y la empleabilidad de los\/as titulados\/as requiere tambi\u00e9n del compromiso, la colaboraci\u00f3n y el trabajo de instituciones municipales que acojan este alumnado en pr\u00e1cticas . Y este esfuerzo es posible gracias a la colaboraci\u00f3n del personal municipal que ejerce las labores de tutor\u00eda con el alumnado que recibimos\u201d \u2013se\u00f1al\u00f3 Amelia Fern\u00e1ndez, Alcaldesa de Carre\u00f1o y Presidenta del Patronato Municipal Museo Ant\u00f3n-<\/p>\n<p>Para cada una de las personas en pr\u00e1cticas se elaborar\u00e1 un proyecto formativo independiente, que contar\u00e1 con el visto bueno del centro al que pertenezca la persona en pr\u00e1cticas. En el mismo se indicar\u00e1, entre otros, adem\u00e1s de los datos personales del alumno\/a, las fechas de comienzo y finalizaci\u00f3n de la formaci\u00f3n pr\u00e1ctica o el horario; el contenido espec\u00edfico de las pr\u00e1cticas y las competencias a adquirir por el estudiante. Para el seguimiento de la formaci\u00f3n pr\u00e1ctica, ser\u00e1n nombrados dos tutores\/as. El Centro de Escultura de Cand\u00e1s designar\u00e1 un tutor\/a responsable mientras que la Universidad de Oviedo har\u00e1 la propio.<\/p>\n<p>La Universidad de Oviedo es una universidad de car\u00e1cter p\u00fablica ubicada en la ciudad del mismo nombre. Siendo la \u00fanica Universidad del Principado de Asturias, donde no existen universidades privadas. Fue ideada en el siglo XVI por el arzobispo cat\u00f3lico Fernando Vald\u00e9s Salas. Iniciando sus actividades en Oviedo el 21 de septiembre de 1608 con la facultad menor de Artes y las tres mayores de C\u00e1nones, Leyes y Teolog\u00eda. Se cumpl\u00eda as\u00ed con la voluntad expresada en el testamento del cl\u00e9rigo, fallecido en 1568.<\/p>\n<p>A lo largo de todo el siglo XIX fue una de las 10 Universidades existentes en Espa\u00f1a. Y desde 1997 forma parte, como miembro fundador, del Grupo 9 de Universidades (G9). Este grupo fue creado con el objetivo de promover la colaboraci\u00f3n entre las instituciones universitarias que los integran, tanto en lo que respecta a las actividades docentes e investigadoras como a las de gesti\u00f3n y servicio. En la actualidad cuanta con m\u00e1s 25.600 estudiantes y con tres campus universitarios, Oviedo-Gij\u00f3n-Mieres. Su presupuesto anual ronda los cerca de 200 millones de euros.<\/p>\n<p>Esta renovaci\u00f3n del acuerdo de cooperaci\u00f3n del Patronato Municipal Centro de Escultura de Cand\u00e1s, Museo Ant\u00f3n con la Universidad de Oviedo se suma a los acuerdos firmados, a lo largo de esta legislatura con la Universidad Juan Carlos de Madrid o con la UNED ampliando el compromiso del Ayuntamiento de Carre\u00f1o junto con sus Organismos Aut\u00f3nomos con la formaci\u00f3n de la juventud universitaria<\/p>\n","protected":false},"excerpt":{"rendered":"<p>El Ayuntamiento de Carre\u00f1o, a trav\u00e9s del Patronato Municipal Centro de Escultura de Cand\u00e1s, Museo Ant\u00f3n, ha renovado su compromiso con la Universidad de Oviedo con la firma de un Convenio de Cooperaci\u00f3n Educativa entre las dos entidades para la realizaci\u00f3n de pr\u00e1cticas externas del alumnado universitario. La realizaci\u00f3n de estas pr\u00e1cticas universitarias en empresas,<\/p>\n","protected":false},"author":1,"featured_media":120857,"comment_status":"closed","ping_status":"closed","sticky":false,"template":"","format":"standard","meta":{"footnotes":""},"categories":[2],"tags":[],"class_list":{"0":"post-120856","1":"post","2":"type-post","3":"status-publish","4":"format-standard","5":"has-post-thumbnail","7":"category-noticias-carreno"},"aioseo_notices":[],"aioseo_head":"\n\t\t<!-- All in One SEO Pro 4.9.6.2 - aioseo.com -->\n\t<meta name=\"description\" content=\"El Ayuntamiento de Carre\u00f1o, a trav\u00e9s del Patronato Municipal Centro de Escultura de Cand\u00e1s, Museo Ant\u00f3n, ha renovado su compromiso con la Universidad de Oviedo con la firma de un Convenio de Cooperaci\u00f3n Educativa entre las dos entidades para la realizaci\u00f3n de pr\u00e1cticas externas del alumnado universitario. La realizaci\u00f3n de estas pr\u00e1cticas universitarias en empresas,\" \/>\n\t<meta name=\"robots\" content=\"max-image-preview:large\" \/>\n\t<meta name=\"author\" content=\"Cand\u00e1s 365\"\/>\n\t<meta name=\"google-site-verification\" content=\"UA-32230408-1\" \/>\n\t<meta name=\"msvalidate.01\" content=\"354F3CDFB2DA171B47FBE9ABF1F88D5\" \/>\n\t<meta name=\"keywords\" content=\"noticias carre\u00f1o\" \/>\n\t<link rel=\"canonical\" href=\"https:\/\/candas365.es\/noticias\/el-museo-anton-continuara-colaborando-con-la-universidad-de-oviedo\/\" \/>\n\t<meta name=\"generator\" content=\"All in One SEO Pro (AIOSEO) 4.9.6.2\" \/>\n\t\t<meta property=\"og:locale\" content=\"es_ES\" \/>\n\t\t<meta property=\"og:site_name\" content=\"Cand\u00e1s 365\" \/>\n\t\t<meta property=\"og:type\" content=\"article\" \/>\n\t\t<meta property=\"og:title\" content=\"El Museo Ant\u00f3n continuar\u00e1 colaborando con la Universidad de Oviedo | Cand\u00e1s 365\" \/>\n\t\t<meta property=\"og:description\" content=\"El Ayuntamiento de Carre\u00f1o, a trav\u00e9s del Patronato Municipal Centro de Escultura de Cand\u00e1s, Museo Ant\u00f3n, ha renovado su compromiso con la Universidad de Oviedo con la firma de un Convenio de Cooperaci\u00f3n Educativa entre las dos entidades para la realizaci\u00f3n de pr\u00e1cticas externas del alumnado universitario. La realizaci\u00f3n de estas pr\u00e1cticas universitarias en empresas,\" \/>\n\t\t<meta property=\"og:url\" content=\"https:\/\/candas365.es\/noticias\/el-museo-anton-continuara-colaborando-con-la-universidad-de-oviedo\/\" \/>\n\t\t<meta property=\"og:image\" content=\"https:\/\/candas365.es\/noticias\/wp-content\/uploads\/2019\/04\/Vista-de-una-parte-de-la-sala-expositiva-de-Ant\u00f3n.jpg\" \/>\n\t\t<meta property=\"og:image:secure_url\" content=\"https:\/\/candas365.es\/noticias\/wp-content\/uploads\/2019\/04\/Vista-de-una-parte-de-la-sala-expositiva-de-Ant\u00f3n.jpg\" \/>\n\t\t<meta property=\"og:image:width\" content=\"640\" \/>\n\t\t<meta property=\"og:image:height\" content=\"480\" \/>\n\t\t<meta property=\"article:published_time\" content=\"2019-04-16T01:30:19+00:00\" \/>\n\t\t<meta property=\"article:modified_time\" content=\"2019-04-16T01:30:19+00:00\" \/>\n\t\t<meta property=\"article:publisher\" content=\"https:\/\/www.facebook.com\/Nachofdezber\" \/>\n\t\t<meta property=\"article:author\" content=\"https:\/\/www.facebook.com\/carrenoactualidad\" \/>\n\t\t<meta name=\"twitter:card\" content=\"summary_large_image\" \/>\n\t\t<meta name=\"twitter:site\" content=\"@NabercoDigital\" \/>\n\t\t<meta name=\"twitter:title\" content=\"El Museo Ant\u00f3n continuar\u00e1 colaborando con la Universidad de Oviedo | Cand\u00e1s 365\" \/>\n\t\t<meta name=\"twitter:description\" content=\"El Ayuntamiento de Carre\u00f1o, a trav\u00e9s del Patronato Municipal Centro de Escultura de Cand\u00e1s, Museo Ant\u00f3n, ha renovado su compromiso con la Universidad de Oviedo con la firma de un Convenio de Cooperaci\u00f3n Educativa entre las dos entidades para la realizaci\u00f3n de pr\u00e1cticas externas del alumnado universitario. La realizaci\u00f3n de estas pr\u00e1cticas universitarias en empresas,\" \/>\n\t\t<meta name=\"twitter:creator\" content=\"@nbasturias\" \/>\n\t\t<meta name=\"twitter:image\" content=\"https:\/\/candas365.es\/noticias\/wp-content\/uploads\/2019\/04\/Vista-de-una-parte-de-la-sala-expositiva-de-Ant\u00f3n.jpg\" \/>\n\t\t<meta name=\"twitter:label1\" content=\"Escrito por\" \/>\n\t\t<meta name=\"twitter:data1\" content=\"Cand\u00e1s 365\" \/>\n\t\t<meta name=\"twitter:label2\" content=\"Tiempo de lectura estimado\" \/>\n\t\t<meta name=\"twitter:data2\" content=\"4 minutos\" \/>\n\t\t<script type=\"application\/ld+json\" class=\"aioseo-schema\">\n\t\t\t{\"@context\":\"https:\\\/\\\/schema.org\",\"@graph\":[{\"@type\":\"BreadcrumbList\",\"@id\":\"https:\\\/\\\/candas365.es\\\/noticias\\\/el-museo-anton-continuara-colaborando-con-la-universidad-de-oviedo\\\/#breadcrumblist\",\"itemListElement\":[{\"@type\":\"ListItem\",\"@id\":\"https:\\\/\\\/candas365.es\\\/noticias#listItem\",\"position\":1,\"name\":\"Home\",\"item\":\"https:\\\/\\\/candas365.es\\\/noticias\",\"nextItem\":{\"@type\":\"ListItem\",\"@id\":\"https:\\\/\\\/candas365.es\\\/noticias\\\/category\\\/noticias-carreno\\\/#listItem\",\"name\":\"Noticias Carre\\u00f1o\"}},{\"@type\":\"ListItem\",\"@id\":\"https:\\\/\\\/candas365.es\\\/noticias\\\/category\\\/noticias-carreno\\\/#listItem\",\"position\":2,\"name\":\"Noticias Carre\\u00f1o\",\"item\":\"https:\\\/\\\/candas365.es\\\/noticias\\\/category\\\/noticias-carreno\\\/\",\"nextItem\":{\"@type\":\"ListItem\",\"@id\":\"https:\\\/\\\/candas365.es\\\/noticias\\\/el-museo-anton-continuara-colaborando-con-la-universidad-de-oviedo\\\/#listItem\",\"name\":\"El Museo Ant\\u00f3n continuar\\u00e1 colaborando con la Universidad de Oviedo\"},\"previousItem\":{\"@type\":\"ListItem\",\"@id\":\"https:\\\/\\\/candas365.es\\\/noticias#listItem\",\"name\":\"Home\"}},{\"@type\":\"ListItem\",\"@id\":\"https:\\\/\\\/candas365.es\\\/noticias\\\/el-museo-anton-continuara-colaborando-con-la-universidad-de-oviedo\\\/#listItem\",\"position\":3,\"name\":\"El Museo Ant\\u00f3n continuar\\u00e1 colaborando con la Universidad de Oviedo\",\"previousItem\":{\"@type\":\"ListItem\",\"@id\":\"https:\\\/\\\/candas365.es\\\/noticias\\\/category\\\/noticias-carreno\\\/#listItem\",\"name\":\"Noticias Carre\\u00f1o\"}}]},{\"@type\":\"NewsArticle\",\"@id\":\"https:\\\/\\\/candas365.es\\\/noticias\\\/el-museo-anton-continuara-colaborando-con-la-universidad-de-oviedo\\\/#newsarticle\",\"name\":\"El Museo Ant\\u00f3n continuar\\u00e1 colaborando con la Universidad de Oviedo | Cand\\u00e1s 365\",\"headline\":\"El Museo Ant\\u00f3n continuar\\u00e1 colaborando con la Universidad de Oviedo\",\"author\":{\"@id\":\"https:\\\/\\\/candas365.es\\\/noticias\\\/author\\\/admin\\\/#author\"},\"publisher\":{\"@id\":\"https:\\\/\\\/candas365.es\\\/noticias\\\/#organization\"},\"image\":{\"@type\":\"ImageObject\",\"url\":\"https:\\\/\\\/candas365.es\\\/noticias\\\/wp-content\\\/uploads\\\/2019\\\/04\\\/Vista-de-una-parte-de-la-sala-expositiva-de-Ant\\u00f3n.jpg\",\"width\":640,\"height\":480},\"datePublished\":\"2019-04-16T01:30:19+02:00\",\"dateModified\":\"2019-04-16T01:30:19+02:00\",\"inLanguage\":\"es-ES\",\"mainEntityOfPage\":{\"@id\":\"https:\\\/\\\/candas365.es\\\/noticias\\\/el-museo-anton-continuara-colaborando-con-la-universidad-de-oviedo\\\/#webpage\"},\"isPartOf\":{\"@id\":\"https:\\\/\\\/candas365.es\\\/noticias\\\/el-museo-anton-continuara-colaborando-con-la-universidad-de-oviedo\\\/#webpage\"},\"articleSection\":\"Noticias Carre\\u00f1o\",\"dateline\":\"Publicado el abril 16, 2019.\"},{\"@type\":\"Organization\",\"@id\":\"https:\\\/\\\/candas365.es\\\/noticias\\\/#organization\",\"name\":\"Cand\\u00e1s 365\",\"description\":\"Cand\\u00e1s 365 es un diario digital independiente, fundado en 2012, con base en Asturias. Informamos con rigor sobre actualidad, sociedad, cultura y ocio, con una mirada local y global.\",\"url\":\"https:\\\/\\\/candas365.es\\\/noticias\\\/\",\"email\":\"info@candas365.es\",\"telephone\":\"+34652131393\",\"foundingDate\":\"2012-06-10\",\"logo\":{\"@type\":\"ImageObject\",\"url\":\"https:\\\/\\\/candas365.es\\\/noticias\\\/wp-content\\\/uploads\\\/2024\\\/09\\\/Candas-365-Redes.jpg\",\"@id\":\"https:\\\/\\\/candas365.es\\\/noticias\\\/el-museo-anton-continuara-colaborando-con-la-universidad-de-oviedo\\\/#organizationLogo\",\"width\":1152,\"height\":864,\"caption\":\"Cand\\u00e1s 365 Redes\"},\"image\":{\"@id\":\"https:\\\/\\\/candas365.es\\\/noticias\\\/el-museo-anton-continuara-colaborando-con-la-universidad-de-oviedo\\\/#organizationLogo\"},\"sameAs\":[\"https:\\\/\\\/www.facebook.com\\\/Nachofdezber\",\"https:\\\/\\\/x.com\\\/NabercoDigital\",\"https:\\\/\\\/www.instagram.com\\\/nachofdezber\\\/\",\"https:\\\/\\\/www.youtube.com\\\/channel\\\/UCZP-2wLEB9Rv6erhFmqVnvg\"],\"address\":{\"@id\":\"https:\\\/\\\/candas365.es\\\/noticias\\\/#postaladdress\",\"@type\":\"PostalAddress\",\"streetAddress\":\"san antonio 4, san antonio 4\",\"postalCode\":\"33430\",\"addressLocality\":\"Cand\\u00e1s\",\"addressRegion\":\"Asturias\",\"addressCountry\":\"ES\"}},{\"@type\":\"Person\",\"@id\":\"https:\\\/\\\/candas365.es\\\/noticias\\\/author\\\/admin\\\/#author\",\"url\":\"https:\\\/\\\/candas365.es\\\/noticias\\\/author\\\/admin\\\/\",\"name\":\"Cand\\u00e1s 365\",\"image\":{\"@type\":\"ImageObject\",\"@id\":\"https:\\\/\\\/candas365.es\\\/noticias\\\/el-museo-anton-continuara-colaborando-con-la-universidad-de-oviedo\\\/#authorImage\",\"url\":\"https:\\\/\\\/secure.gravatar.com\\\/avatar\\\/496a8e03d0c493ede1718b7934145dbdf8d89be1036b0eec9544e1094c9de390?s=96&d=mm&r=g\",\"width\":96,\"height\":96,\"caption\":\"Cand\\u00e1s 365\"},\"sameAs\":[\"https:\\\/\\\/www.facebook.com\\\/carrenoactualidad\",\"https:\\\/\\\/twitter.com\\\/nbasturias\",\"https:\\\/\\\/www.instagram.com\\\/nachofdezber\\\/\",\"https:\\\/\\\/www.youtube.com\\\/channel\\\/UCZP-2wLEB9Rv6erhFmqVnvg\"]},{\"@type\":\"WebPage\",\"@id\":\"https:\\\/\\\/candas365.es\\\/noticias\\\/el-museo-anton-continuara-colaborando-con-la-universidad-de-oviedo\\\/#webpage\",\"url\":\"https:\\\/\\\/candas365.es\\\/noticias\\\/el-museo-anton-continuara-colaborando-con-la-universidad-de-oviedo\\\/\",\"name\":\"El Museo Ant\\u00f3n continuar\\u00e1 colaborando con la Universidad de Oviedo | Cand\\u00e1s 365\",\"description\":\"El Ayuntamiento de Carre\\u00f1o, a trav\\u00e9s del Patronato Municipal Centro de Escultura de Cand\\u00e1s, Museo Ant\\u00f3n, ha renovado su compromiso con la Universidad de Oviedo con la firma de un Convenio de Cooperaci\\u00f3n Educativa entre las dos entidades para la realizaci\\u00f3n de pr\\u00e1cticas externas del alumnado universitario. La realizaci\\u00f3n de estas pr\\u00e1cticas universitarias en empresas,\",\"inLanguage\":\"es-ES\",\"isPartOf\":{\"@id\":\"https:\\\/\\\/candas365.es\\\/noticias\\\/#website\"},\"breadcrumb\":{\"@id\":\"https:\\\/\\\/candas365.es\\\/noticias\\\/el-museo-anton-continuara-colaborando-con-la-universidad-de-oviedo\\\/#breadcrumblist\"},\"author\":{\"@id\":\"https:\\\/\\\/candas365.es\\\/noticias\\\/author\\\/admin\\\/#author\"},\"creator\":{\"@id\":\"https:\\\/\\\/candas365.es\\\/noticias\\\/author\\\/admin\\\/#author\"},\"image\":{\"@type\":\"ImageObject\",\"url\":\"https:\\\/\\\/candas365.es\\\/noticias\\\/wp-content\\\/uploads\\\/2019\\\/04\\\/Vista-de-una-parte-de-la-sala-expositiva-de-Ant\\u00f3n.jpg\",\"@id\":\"https:\\\/\\\/candas365.es\\\/noticias\\\/el-museo-anton-continuara-colaborando-con-la-universidad-de-oviedo\\\/#mainImage\",\"width\":640,\"height\":480},\"primaryImageOfPage\":{\"@id\":\"https:\\\/\\\/candas365.es\\\/noticias\\\/el-museo-anton-continuara-colaborando-con-la-universidad-de-oviedo\\\/#mainImage\"},\"datePublished\":\"2019-04-16T01:30:19+02:00\",\"dateModified\":\"2019-04-16T01:30:19+02:00\"},{\"@type\":\"WebSite\",\"@id\":\"https:\\\/\\\/candas365.es\\\/noticias\\\/#website\",\"url\":\"https:\\\/\\\/candas365.es\\\/noticias\\\/\",\"name\":\"Cand\\u00e1s 365\",\"alternateName\":\"Cand\\u00e1s 365 Noticias\",\"description\":\"Actualidad desde Carre\\u00f1o para el mundo\",\"inLanguage\":\"es-ES\",\"publisher\":{\"@id\":\"https:\\\/\\\/candas365.es\\\/noticias\\\/#organization\"}}]}\n\t\t<\/script>\n\t\t<!-- All in One SEO Pro -->\r\n\t\t<title>El Museo Ant\u00f3n continuar\u00e1 colaborando con la Universidad de Oviedo | Cand\u00e1s 365<\/title>\n\n","aioseo_head_json":{"title":"El Museo Ant\u00f3n continuar\u00e1 colaborando con la Universidad de Oviedo | Cand\u00e1s 365","description":"El Ayuntamiento de Carre\u00f1o, a trav\u00e9s del Patronato Municipal Centro de Escultura de Cand\u00e1s, Museo Ant\u00f3n, ha renovado su compromiso con la Universidad de Oviedo con la firma de un Convenio de Cooperaci\u00f3n Educativa entre las dos entidades para la realizaci\u00f3n de pr\u00e1cticas externas del alumnado universitario. La realizaci\u00f3n de estas pr\u00e1cticas universitarias en empresas,","canonical_url":"https:\/\/candas365.es\/noticias\/el-museo-anton-continuara-colaborando-con-la-universidad-de-oviedo\/","robots":"max-image-preview:large","keywords":"noticias carre\u00f1o","webmasterTools":{"google-site-verification":"UA-32230408-1","msvalidate.01":"354F3CDFB2DA171B47FBE9ABF1F88D5","miscellaneous":""},"schema":{"@context":"https:\/\/schema.org","@graph":[{"@type":"BreadcrumbList","@id":"https:\/\/candas365.es\/noticias\/el-museo-anton-continuara-colaborando-con-la-universidad-de-oviedo\/#breadcrumblist","itemListElement":[{"@type":"ListItem","@id":"https:\/\/candas365.es\/noticias#listItem","position":1,"name":"Home","item":"https:\/\/candas365.es\/noticias","nextItem":{"@type":"ListItem","@id":"https:\/\/candas365.es\/noticias\/category\/noticias-carreno\/#listItem","name":"Noticias Carre\u00f1o"}},{"@type":"ListItem","@id":"https:\/\/candas365.es\/noticias\/category\/noticias-carreno\/#listItem","position":2,"name":"Noticias Carre\u00f1o","item":"https:\/\/candas365.es\/noticias\/category\/noticias-carreno\/","nextItem":{"@type":"ListItem","@id":"https:\/\/candas365.es\/noticias\/el-museo-anton-continuara-colaborando-con-la-universidad-de-oviedo\/#listItem","name":"El Museo Ant\u00f3n continuar\u00e1 colaborando con la Universidad de Oviedo"},"previousItem":{"@type":"ListItem","@id":"https:\/\/candas365.es\/noticias#listItem","name":"Home"}},{"@type":"ListItem","@id":"https:\/\/candas365.es\/noticias\/el-museo-anton-continuara-colaborando-con-la-universidad-de-oviedo\/#listItem","position":3,"name":"El Museo Ant\u00f3n continuar\u00e1 colaborando con la Universidad de Oviedo","previousItem":{"@type":"ListItem","@id":"https:\/\/candas365.es\/noticias\/category\/noticias-carreno\/#listItem","name":"Noticias Carre\u00f1o"}}]},{"@type":"NewsArticle","@id":"https:\/\/candas365.es\/noticias\/el-museo-anton-continuara-colaborando-con-la-universidad-de-oviedo\/#newsarticle","name":"El Museo Ant\u00f3n continuar\u00e1 colaborando con la Universidad de Oviedo | Cand\u00e1s 365","headline":"El Museo Ant\u00f3n continuar\u00e1 colaborando con la Universidad de Oviedo","author":{"@id":"https:\/\/candas365.es\/noticias\/author\/admin\/#author"},"publisher":{"@id":"https:\/\/candas365.es\/noticias\/#organization"},"image":{"@type":"ImageObject","url":"https:\/\/candas365.es\/noticias\/wp-content\/uploads\/2019\/04\/Vista-de-una-parte-de-la-sala-expositiva-de-Ant\u00f3n.jpg","width":640,"height":480},"datePublished":"2019-04-16T01:30:19+02:00","dateModified":"2019-04-16T01:30:19+02:00","inLanguage":"es-ES","mainEntityOfPage":{"@id":"https:\/\/candas365.es\/noticias\/el-museo-anton-continuara-colaborando-con-la-universidad-de-oviedo\/#webpage"},"isPartOf":{"@id":"https:\/\/candas365.es\/noticias\/el-museo-anton-continuara-colaborando-con-la-universidad-de-oviedo\/#webpage"},"articleSection":"Noticias Carre\u00f1o","dateline":"Publicado el abril 16, 2019."},{"@type":"Organization","@id":"https:\/\/candas365.es\/noticias\/#organization","name":"Cand\u00e1s 365","description":"Cand\u00e1s 365 es un diario digital independiente, fundado en 2012, con base en Asturias. Informamos con rigor sobre actualidad, sociedad, cultura y ocio, con una mirada local y global.","url":"https:\/\/candas365.es\/noticias\/","email":"info@candas365.es","telephone":"+34652131393","foundingDate":"2012-06-10","logo":{"@type":"ImageObject","url":"https:\/\/candas365.es\/noticias\/wp-content\/uploads\/2024\/09\/Candas-365-Redes.jpg","@id":"https:\/\/candas365.es\/noticias\/el-museo-anton-continuara-colaborando-con-la-universidad-de-oviedo\/#organizationLogo","width":1152,"height":864,"caption":"Cand\u00e1s 365 Redes"},"image":{"@id":"https:\/\/candas365.es\/noticias\/el-museo-anton-continuara-colaborando-con-la-universidad-de-oviedo\/#organizationLogo"},"sameAs":["https:\/\/www.facebook.com\/Nachofdezber","https:\/\/x.com\/NabercoDigital","https:\/\/www.instagram.com\/nachofdezber\/","https:\/\/www.youtube.com\/channel\/UCZP-2wLEB9Rv6erhFmqVnvg"],"address":{"@id":"https:\/\/candas365.es\/noticias\/#postaladdress","@type":"PostalAddress","streetAddress":"san antonio 4, san antonio 4","postalCode":"33430","addressLocality":"Cand\u00e1s","addressRegion":"Asturias","addressCountry":"ES"}},{"@type":"Person","@id":"https:\/\/candas365.es\/noticias\/author\/admin\/#author","url":"https:\/\/candas365.es\/noticias\/author\/admin\/","name":"Cand\u00e1s 365","image":{"@type":"ImageObject","@id":"https:\/\/candas365.es\/noticias\/el-museo-anton-continuara-colaborando-con-la-universidad-de-oviedo\/#authorImage","url":"https:\/\/secure.gravatar.com\/avatar\/496a8e03d0c493ede1718b7934145dbdf8d89be1036b0eec9544e1094c9de390?s=96&d=mm&r=g","width":96,"height":96,"caption":"Cand\u00e1s 365"},"sameAs":["https:\/\/www.facebook.com\/carrenoactualidad","https:\/\/twitter.com\/nbasturias","https:\/\/www.instagram.com\/nachofdezber\/","https:\/\/www.youtube.com\/channel\/UCZP-2wLEB9Rv6erhFmqVnvg"]},{"@type":"WebPage","@id":"https:\/\/candas365.es\/noticias\/el-museo-anton-continuara-colaborando-con-la-universidad-de-oviedo\/#webpage","url":"https:\/\/candas365.es\/noticias\/el-museo-anton-continuara-colaborando-con-la-universidad-de-oviedo\/","name":"El Museo Ant\u00f3n continuar\u00e1 colaborando con la Universidad de Oviedo | Cand\u00e1s 365","description":"El Ayuntamiento de Carre\u00f1o, a trav\u00e9s del Patronato Municipal Centro de Escultura de Cand\u00e1s, Museo Ant\u00f3n, ha renovado su compromiso con la Universidad de Oviedo con la firma de un Convenio de Cooperaci\u00f3n Educativa entre las dos entidades para la realizaci\u00f3n de pr\u00e1cticas externas del alumnado universitario. La realizaci\u00f3n de estas pr\u00e1cticas universitarias en empresas,","inLanguage":"es-ES","isPartOf":{"@id":"https:\/\/candas365.es\/noticias\/#website"},"breadcrumb":{"@id":"https:\/\/candas365.es\/noticias\/el-museo-anton-continuara-colaborando-con-la-universidad-de-oviedo\/#breadcrumblist"},"author":{"@id":"https:\/\/candas365.es\/noticias\/author\/admin\/#author"},"creator":{"@id":"https:\/\/candas365.es\/noticias\/author\/admin\/#author"},"image":{"@type":"ImageObject","url":"https:\/\/candas365.es\/noticias\/wp-content\/uploads\/2019\/04\/Vista-de-una-parte-de-la-sala-expositiva-de-Ant\u00f3n.jpg","@id":"https:\/\/candas365.es\/noticias\/el-museo-anton-continuara-colaborando-con-la-universidad-de-oviedo\/#mainImage","width":640,"height":480},"primaryImageOfPage":{"@id":"https:\/\/candas365.es\/noticias\/el-museo-anton-continuara-colaborando-con-la-universidad-de-oviedo\/#mainImage"},"datePublished":"2019-04-16T01:30:19+02:00","dateModified":"2019-04-16T01:30:19+02:00"},{"@type":"WebSite","@id":"https:\/\/candas365.es\/noticias\/#website","url":"https:\/\/candas365.es\/noticias\/","name":"Cand\u00e1s 365","alternateName":"Cand\u00e1s 365 Noticias","description":"Actualidad desde Carre\u00f1o para el mundo","inLanguage":"es-ES","publisher":{"@id":"https:\/\/candas365.es\/noticias\/#organization"}}]},"og:locale":"es_ES","og:site_name":"Cand\u00e1s 365","og:type":"article","og:title":"El Museo Ant\u00f3n continuar\u00e1 colaborando con la Universidad de Oviedo | Cand\u00e1s 365","og:description":"El Ayuntamiento de Carre\u00f1o, a trav\u00e9s del Patronato Municipal Centro de Escultura de Cand\u00e1s, Museo Ant\u00f3n, ha renovado su compromiso con la Universidad de Oviedo con la firma de un Convenio de Cooperaci\u00f3n Educativa entre las dos entidades para la realizaci\u00f3n de pr\u00e1cticas externas del alumnado universitario. La realizaci\u00f3n de estas pr\u00e1cticas universitarias en empresas,","og:url":"https:\/\/candas365.es\/noticias\/el-museo-anton-continuara-colaborando-con-la-universidad-de-oviedo\/","og:image":"https:\/\/candas365.es\/noticias\/wp-content\/uploads\/2019\/04\/Vista-de-una-parte-de-la-sala-expositiva-de-Ant\u00f3n.jpg","og:image:secure_url":"https:\/\/candas365.es\/noticias\/wp-content\/uploads\/2019\/04\/Vista-de-una-parte-de-la-sala-expositiva-de-Ant\u00f3n.jpg","og:image:width":640,"og:image:height":480,"article:published_time":"2019-04-16T01:30:19+00:00","article:modified_time":"2019-04-16T01:30:19+00:00","article:publisher":"https:\/\/www.facebook.com\/Nachofdezber","article:author":"https:\/\/www.facebook.com\/carrenoactualidad","twitter:card":"summary_large_image","twitter:site":"@NabercoDigital","twitter:title":"El Museo Ant\u00f3n continuar\u00e1 colaborando con la Universidad de Oviedo | Cand\u00e1s 365","twitter:description":"El Ayuntamiento de Carre\u00f1o, a trav\u00e9s del Patronato Municipal Centro de Escultura de Cand\u00e1s, Museo Ant\u00f3n, ha renovado su compromiso con la Universidad de Oviedo con la firma de un Convenio de Cooperaci\u00f3n Educativa entre las dos entidades para la realizaci\u00f3n de pr\u00e1cticas externas del alumnado universitario. La realizaci\u00f3n de estas pr\u00e1cticas universitarias en empresas,","twitter:creator":"@nbasturias","twitter:image":"https:\/\/candas365.es\/noticias\/wp-content\/uploads\/2019\/04\/Vista-de-una-parte-de-la-sala-expositiva-de-Ant\u00f3n.jpg","twitter:label1":"Escrito por","twitter:data1":"Cand\u00e1s 365","twitter:label2":"Tiempo de lectura estimado","twitter:data2":"4 minutos"},"aioseo_meta_data":{"post_id":"120856","title":null,"description":null,"keywords":null,"keyphrases":null,"primary_term":null,"canonical_url":null,"og_title":null,"og_description":null,"og_object_type":"default","og_image_type":"default","og_image_url":null,"og_image_width":null,"og_image_height":null,"og_image_custom_url":null,"og_image_custom_fields":null,"og_video":null,"og_custom_url":null,"og_article_section":null,"og_article_tags":null,"twitter_use_og":false,"twitter_card":"default","twitter_image_type":"default","twitter_image_url":null,"twitter_image_custom_url":null,"twitter_image_custom_fields":null,"twitter_title":null,"twitter_description":null,"schema":{"blockGraphs":[],"customGraphs":[],"default":{"data":{"Article":[],"Course":[],"Dataset":[],"FAQPage":[],"Movie":[],"Person":[],"Product":[],"ProductReview":[],"Car":[],"Recipe":[],"Service":[],"SoftwareApplication":[],"WebPage":[]},"graphName":"","isEnabled":true},"graphs":[],"defaultGraph":"","defaultPostTypeGraph":""},"schema_type":null,"schema_type_options":null,"pillar_content":false,"robots_default":true,"robots_noindex":false,"robots_noarchive":false,"robots_nosnippet":false,"robots_nofollow":false,"robots_noimageindex":false,"robots_noodp":false,"robots_notranslate":false,"robots_max_snippet":null,"robots_max_videopreview":null,"robots_max_imagepreview":"large","priority":null,"frequency":null,"location":null,"local_seo":null,"seo_analyzer_scan_date":"2025-08-29 18:26:23","breadcrumb_settings":null,"limit_modified_date":false,"reviewed_by":null,"open_ai":null,"ai":null,"created":"2020-12-21 10:58:41","updated":"2025-08-29 18:26:23"},"aioseo_breadcrumb":"<div class=\"aioseo-breadcrumbs\"><span class=\"aioseo-breadcrumb\">\n\t<a href=\"https:\/\/candas365.es\/noticias\" title=\"Home\">Home<\/a>\n<\/span><span class=\"aioseo-breadcrumb-separator\">&ndash;<\/span><span class=\"aioseo-breadcrumb\">\n\t<a href=\"https:\/\/candas365.es\/noticias\/category\/noticias-carreno\/\" title=\"Noticias Carre\u00f1o\">Noticias Carre\u00f1o<\/a>\n<\/span><span class=\"aioseo-breadcrumb-separator\">&ndash;<\/span><span class=\"aioseo-breadcrumb\">\n\tEl Museo Ant\u00f3n continuar\u00e1 colaborando con la Universidad de Oviedo\n<\/span><\/div>","aioseo_breadcrumb_json":[{"label":"Home","link":"https:\/\/candas365.es\/noticias"},{"label":"Noticias Carre\u00f1o","link":"https:\/\/candas365.es\/noticias\/category\/noticias-carreno\/"},{"label":"El Museo Ant\u00f3n continuar\u00e1 colaborando con la Universidad de Oviedo","link":"https:\/\/candas365.es\/noticias\/el-museo-anton-continuara-colaborando-con-la-universidad-de-oviedo\/"}],"_links":{"self":[{"href":"https:\/\/candas365.es\/noticias\/wp-json\/wp\/v2\/posts\/120856","targetHints":{"allow":["GET"]}}],"collection":[{"href":"https:\/\/candas365.es\/noticias\/wp-json\/wp\/v2\/posts"}],"about":[{"href":"https:\/\/candas365.es\/noticias\/wp-json\/wp\/v2\/types\/post"}],"author":[{"embeddable":true,"href":"https:\/\/candas365.es\/noticias\/wp-json\/wp\/v2\/users\/1"}],"replies":[{"embeddable":true,"href":"https:\/\/candas365.es\/noticias\/wp-json\/wp\/v2\/comments?post=120856"}],"version-history":[{"count":0,"href":"https:\/\/candas365.es\/noticias\/wp-json\/wp\/v2\/posts\/120856\/revisions"}],"wp:featuredmedia":[{"embeddable":true,"href":"https:\/\/candas365.es\/noticias\/wp-json\/wp\/v2\/media\/120857"}],"wp:attachment":[{"href":"https:\/\/candas365.es\/noticias\/wp-json\/wp\/v2\/media?parent=120856"}],"wp:term":[{"taxonomy":"category","embeddable":true,"href":"https:\/\/candas365.es\/noticias\/wp-json\/wp\/v2\/categories?post=120856"},{"taxonomy":"post_tag","embeddable":true,"href":"https:\/\/candas365.es\/noticias\/wp-json\/wp\/v2\/tags?post=120856"}],"curies":[{"name":"wp","href":"https:\/\/api.w.org\/{rel}","templated":true}]}}