{"id":120854,"date":"2019-04-16T01:28:02","date_gmt":"2019-04-16T01:28:02","guid":{"rendered":"http:\/\/candas365.es\/noticias\/?p=120854"},"modified":"2019-04-16T01:28:02","modified_gmt":"2019-04-16T01:28:02","slug":"exposicion-fotografica-nacer-nina-en-candas","status":"publish","type":"post","link":"https:\/\/candas365.es\/noticias\/exposicion-fotografica-nacer-nina-en-candas\/","title":{"rendered":"Exposici\u00f3n fotogr\u00e1fica \u201cNacer ni\u00f1a\u201d, en Cand\u00e1s"},"content":{"rendered":"<p><img fetchpriority=\"high\" decoding=\"async\" class=\"alignleft size-medium wp-image-2364\" src=\"https:\/\/candas365.es\/noticias\/wp-content\/uploads\/2014\/10\/Polivalente-360x270.jpg\" alt=\"\" width=\"360\" height=\"270\" srcset=\"https:\/\/candas365.es\/noticias\/wp-content\/uploads\/2014\/10\/Polivalente-360x270.jpg 360w, https:\/\/candas365.es\/noticias\/wp-content\/uploads\/2014\/10\/Polivalente-640x480.jpg 640w, https:\/\/candas365.es\/noticias\/wp-content\/uploads\/2014\/10\/Polivalente-768x576.jpg 768w, https:\/\/candas365.es\/noticias\/wp-content\/uploads\/2014\/10\/Polivalente-150x113.jpg 150w, https:\/\/candas365.es\/noticias\/wp-content\/uploads\/2014\/10\/Polivalente-450x338.jpg 450w, https:\/\/candas365.es\/noticias\/wp-content\/uploads\/2014\/10\/Polivalente-80x60.jpg 80w, https:\/\/candas365.es\/noticias\/wp-content\/uploads\/2014\/10\/Polivalente-265x198.jpg 265w, https:\/\/candas365.es\/noticias\/wp-content\/uploads\/2014\/10\/Polivalente-696x522.jpg 696w, https:\/\/candas365.es\/noticias\/wp-content\/uploads\/2014\/10\/Polivalente-560x420.jpg 560w, https:\/\/candas365.es\/noticias\/wp-content\/uploads\/2014\/10\/Polivalente-90x67.jpg 90w, https:\/\/candas365.es\/noticias\/wp-content\/uploads\/2014\/10\/Polivalente.jpg 1024w\" sizes=\"(max-width: 360px) 100vw, 360px\" \/>El <strong>Centro Polivalente La Baraga\u00f1a de Cand\u00e1s<\/strong>, acoge la exposici\u00f3n fotogr\u00e1fica <strong>\u2018Nacer ni\u00f1a\u2019<\/strong>, una muestra de 33 fotograf\u00edas, que muestra las injusticias que sufre la mujer en India durante todas las etapas de su vida, desde su nacimiento hasta su vejez. <strong>La exposici\u00f3n podr\u00e1 verse del 16 hasta el 26 de abril.<\/strong><\/p>\n<h4>Nacer ni\u00f1a<\/h4>\n<p>Ser ni\u00f1a en India no es f\u00e1cil. La exposici\u00f3n \u2018Nacer ni\u00f1a\u2019 elaborada por Global Humanitaria y financiada por La Agencia Asturiana de Cooperaci\u00f3n, nos acerca a las experiencias e historias de mujeres y ni\u00f1as indias, que son discriminadas y maltratadas cada d\u00eda por el simple hecho de serlo.<\/p>\n<p>Incluso desde antes de nacer, las ni\u00f1as son indeseadas por considerarse una carga. En India hay muchos casos de ni\u00f1as esclavizadas, u obligadas a contraer matrimonio a una edad muy temprana, con hombres que ni siquiera conocen. Al ser casadas, dejar\u00e1n la escuela, y su \u00fanica misi\u00f3n ser\u00e1 trabajar en el hogar y tener hijos. Muchas ser\u00e1n repudiadas por no gestar un var\u00f3n, o por el hecho de sobrevivir a su marido.<\/p>\n<p>Las im\u00e1genes de \u2018Nacer ni\u00f1a\u2019 nos acercan al testimonio de ni\u00f1as y mujeres indias, v\u00edctimas de abusos, marginadas y rechazadas socialmente. Personas a las que se les ha negado ser due\u00f1as de su propia vida, y quienes han visto sus derechos violados tan solo por haber nacido mujer en una sociedad patriarcal en la que son frecuentes situaciones de machismo y violencia.<\/p>\n<p>La exposici\u00f3n, tras su paso por Cand\u00e1s, ser\u00e1 trasladada a diferentes centros del Principado de Asturias, el siguiente destino ser\u00e1 Navia donde permanecer\u00e1 del 1 al 15 de mayo, ambos inclusive.<\/p>\n<h4>Global Humanitaria<\/h4>\n<p>Global humanitaria es una organizaci\u00f3n independiente que, mediante la cooperaci\u00f3n internacional, trabaja para favorecer procesos de desarrollo que garanticen la igualdad de oportunidades de las personas y los pueblos. Prestamos especial atenci\u00f3n a la infancia, trabajando para garantizar los derechos de los ni\u00f1os y para que \u00e9stos conozcan y aprendan a defender sus derechos.<\/p>\n<p>La organizaci\u00f3n est\u00e1 presente en 8 pa\u00edses mediante programas de Educaci\u00f3n, Salud, Seguridad Alimentaria, Gobierno y Sociedad Civil, Defensa de los Derechos Humanos y Protecci\u00f3n de la Infancia, Mujer y Desarrollo y Construcci\u00f3n de la Paz.<\/p>\n","protected":false},"excerpt":{"rendered":"<p>El Centro Polivalente La Baraga\u00f1a de Cand\u00e1s, acoge la exposici\u00f3n fotogr\u00e1fica \u2018Nacer ni\u00f1a\u2019, una muestra de 33 fotograf\u00edas, que muestra las injusticias que sufre la mujer en India durante todas las etapas de su vida, desde su nacimiento hasta su vejez. La exposici\u00f3n podr\u00e1 verse del 16 hasta el 26 de abril. Nacer ni\u00f1a Ser<\/p>\n","protected":false},"author":1,"featured_media":2364,"comment_status":"closed","ping_status":"closed","sticky":false,"template":"","format":"standard","meta":{"footnotes":""},"categories":[2],"tags":[],"class_list":{"0":"post-120854","1":"post","2":"type-post","3":"status-publish","4":"format-standard","5":"has-post-thumbnail","7":"category-noticias-carreno"},"aioseo_notices":[],"aioseo_head":"\n\t\t<!-- All in One SEO Pro 4.9.6.2 - aioseo.com -->\n\t<meta name=\"description\" content=\"El Centro Polivalente La Baraga\u00f1a de Cand\u00e1s, acoge la exposici\u00f3n fotogr\u00e1fica \u2018Nacer ni\u00f1a\u2019, una muestra de 33 fotograf\u00edas, que muestra las injusticias que sufre la mujer en India durante todas las etapas de su vida, desde su nacimiento hasta su vejez. La exposici\u00f3n podr\u00e1 verse del 16 hasta el 26 de abril. Nacer ni\u00f1a Ser\" \/>\n\t<meta name=\"robots\" content=\"max-image-preview:large\" \/>\n\t<meta name=\"author\" content=\"Cand\u00e1s 365\"\/>\n\t<meta name=\"google-site-verification\" content=\"UA-32230408-1\" \/>\n\t<meta name=\"msvalidate.01\" content=\"354F3CDFB2DA171B47FBE9ABF1F88D5\" \/>\n\t<meta name=\"keywords\" content=\"noticias carre\u00f1o\" \/>\n\t<link rel=\"canonical\" href=\"https:\/\/candas365.es\/noticias\/exposicion-fotografica-nacer-nina-en-candas\/\" \/>\n\t<meta name=\"generator\" content=\"All in One SEO Pro (AIOSEO) 4.9.6.2\" \/>\n\t\t<meta property=\"og:locale\" content=\"es_ES\" \/>\n\t\t<meta property=\"og:site_name\" content=\"Cand\u00e1s 365\" \/>\n\t\t<meta property=\"og:type\" content=\"article\" \/>\n\t\t<meta property=\"og:title\" content=\"Exposici\u00f3n fotogr\u00e1fica \u201cNacer ni\u00f1a\u201d, en Cand\u00e1s | Cand\u00e1s 365\" \/>\n\t\t<meta property=\"og:description\" content=\"El Centro Polivalente La Baraga\u00f1a de Cand\u00e1s, acoge la exposici\u00f3n fotogr\u00e1fica \u2018Nacer ni\u00f1a\u2019, una muestra de 33 fotograf\u00edas, que muestra las injusticias que sufre la mujer en India durante todas las etapas de su vida, desde su nacimiento hasta su vejez. La exposici\u00f3n podr\u00e1 verse del 16 hasta el 26 de abril. Nacer ni\u00f1a Ser\" \/>\n\t\t<meta property=\"og:url\" content=\"https:\/\/candas365.es\/noticias\/exposicion-fotografica-nacer-nina-en-candas\/\" \/>\n\t\t<meta property=\"og:image\" content=\"https:\/\/candas365.es\/noticias\/wp-content\/uploads\/2014\/10\/Polivalente.jpg\" \/>\n\t\t<meta property=\"og:image:secure_url\" content=\"https:\/\/candas365.es\/noticias\/wp-content\/uploads\/2014\/10\/Polivalente.jpg\" \/>\n\t\t<meta property=\"og:image:width\" content=\"1024\" \/>\n\t\t<meta property=\"og:image:height\" content=\"768\" \/>\n\t\t<meta property=\"article:published_time\" content=\"2019-04-16T01:28:02+00:00\" \/>\n\t\t<meta property=\"article:modified_time\" content=\"2019-04-16T01:28:02+00:00\" \/>\n\t\t<meta property=\"article:publisher\" content=\"https:\/\/www.facebook.com\/Nachofdezber\" \/>\n\t\t<meta property=\"article:author\" content=\"https:\/\/www.facebook.com\/carrenoactualidad\" \/>\n\t\t<meta name=\"twitter:card\" content=\"summary_large_image\" \/>\n\t\t<meta name=\"twitter:site\" content=\"@NabercoDigital\" \/>\n\t\t<meta name=\"twitter:title\" content=\"Exposici\u00f3n fotogr\u00e1fica \u201cNacer ni\u00f1a\u201d, en Cand\u00e1s | Cand\u00e1s 365\" \/>\n\t\t<meta name=\"twitter:description\" content=\"El Centro Polivalente La Baraga\u00f1a de Cand\u00e1s, acoge la exposici\u00f3n fotogr\u00e1fica \u2018Nacer ni\u00f1a\u2019, una muestra de 33 fotograf\u00edas, que muestra las injusticias que sufre la mujer en India durante todas las etapas de su vida, desde su nacimiento hasta su vejez. La exposici\u00f3n podr\u00e1 verse del 16 hasta el 26 de abril. Nacer ni\u00f1a Ser\" \/>\n\t\t<meta name=\"twitter:creator\" content=\"@nbasturias\" \/>\n\t\t<meta name=\"twitter:image\" content=\"https:\/\/candas365.es\/noticias\/wp-content\/uploads\/2014\/10\/Polivalente.jpg\" \/>\n\t\t<meta name=\"twitter:label1\" content=\"Escrito por\" \/>\n\t\t<meta name=\"twitter:data1\" content=\"Cand\u00e1s 365\" \/>\n\t\t<meta name=\"twitter:label2\" content=\"Tiempo de lectura estimado\" \/>\n\t\t<meta name=\"twitter:data2\" content=\"2 minutos\" \/>\n\t\t<script type=\"application\/ld+json\" class=\"aioseo-schema\">\n\t\t\t{\"@context\":\"https:\\\/\\\/schema.org\",\"@graph\":[{\"@type\":\"BreadcrumbList\",\"@id\":\"https:\\\/\\\/candas365.es\\\/noticias\\\/exposicion-fotografica-nacer-nina-en-candas\\\/#breadcrumblist\",\"itemListElement\":[{\"@type\":\"ListItem\",\"@id\":\"https:\\\/\\\/candas365.es\\\/noticias#listItem\",\"position\":1,\"name\":\"Home\",\"item\":\"https:\\\/\\\/candas365.es\\\/noticias\",\"nextItem\":{\"@type\":\"ListItem\",\"@id\":\"https:\\\/\\\/candas365.es\\\/noticias\\\/category\\\/noticias-carreno\\\/#listItem\",\"name\":\"Noticias Carre\\u00f1o\"}},{\"@type\":\"ListItem\",\"@id\":\"https:\\\/\\\/candas365.es\\\/noticias\\\/category\\\/noticias-carreno\\\/#listItem\",\"position\":2,\"name\":\"Noticias Carre\\u00f1o\",\"item\":\"https:\\\/\\\/candas365.es\\\/noticias\\\/category\\\/noticias-carreno\\\/\",\"nextItem\":{\"@type\":\"ListItem\",\"@id\":\"https:\\\/\\\/candas365.es\\\/noticias\\\/exposicion-fotografica-nacer-nina-en-candas\\\/#listItem\",\"name\":\"Exposici\\u00f3n fotogr\\u00e1fica \\u201cNacer ni\\u00f1a\\u201d, en Cand\\u00e1s\"},\"previousItem\":{\"@type\":\"ListItem\",\"@id\":\"https:\\\/\\\/candas365.es\\\/noticias#listItem\",\"name\":\"Home\"}},{\"@type\":\"ListItem\",\"@id\":\"https:\\\/\\\/candas365.es\\\/noticias\\\/exposicion-fotografica-nacer-nina-en-candas\\\/#listItem\",\"position\":3,\"name\":\"Exposici\\u00f3n fotogr\\u00e1fica \\u201cNacer ni\\u00f1a\\u201d, en Cand\\u00e1s\",\"previousItem\":{\"@type\":\"ListItem\",\"@id\":\"https:\\\/\\\/candas365.es\\\/noticias\\\/category\\\/noticias-carreno\\\/#listItem\",\"name\":\"Noticias Carre\\u00f1o\"}}]},{\"@type\":\"NewsArticle\",\"@id\":\"https:\\\/\\\/candas365.es\\\/noticias\\\/exposicion-fotografica-nacer-nina-en-candas\\\/#newsarticle\",\"name\":\"Exposici\\u00f3n fotogr\\u00e1fica \\u201cNacer ni\\u00f1a\\u201d, en Cand\\u00e1s | Cand\\u00e1s 365\",\"headline\":\"Exposici\\u00f3n fotogr\\u00e1fica \\u201cNacer ni\\u00f1a\\u201d, en Cand\\u00e1s\",\"author\":{\"@id\":\"https:\\\/\\\/candas365.es\\\/noticias\\\/author\\\/admin\\\/#author\"},\"publisher\":{\"@id\":\"https:\\\/\\\/candas365.es\\\/noticias\\\/#organization\"},\"image\":{\"@type\":\"ImageObject\",\"url\":\"https:\\\/\\\/candas365.es\\\/noticias\\\/wp-content\\\/uploads\\\/2014\\\/10\\\/Polivalente.jpg\",\"width\":1024,\"height\":768},\"datePublished\":\"2019-04-16T01:28:02+02:00\",\"dateModified\":\"2019-04-16T01:28:02+02:00\",\"inLanguage\":\"es-ES\",\"mainEntityOfPage\":{\"@id\":\"https:\\\/\\\/candas365.es\\\/noticias\\\/exposicion-fotografica-nacer-nina-en-candas\\\/#webpage\"},\"isPartOf\":{\"@id\":\"https:\\\/\\\/candas365.es\\\/noticias\\\/exposicion-fotografica-nacer-nina-en-candas\\\/#webpage\"},\"articleSection\":\"Noticias Carre\\u00f1o\",\"dateline\":\"Publicado el abril 16, 2019.\"},{\"@type\":\"Organization\",\"@id\":\"https:\\\/\\\/candas365.es\\\/noticias\\\/#organization\",\"name\":\"Cand\\u00e1s 365\",\"description\":\"Cand\\u00e1s 365 es un diario digital independiente, fundado en 2012, con base en Asturias. Informamos con rigor sobre actualidad, sociedad, cultura y ocio, con una mirada local y global.\",\"url\":\"https:\\\/\\\/candas365.es\\\/noticias\\\/\",\"email\":\"info@candas365.es\",\"telephone\":\"+34652131393\",\"foundingDate\":\"2012-06-10\",\"logo\":{\"@type\":\"ImageObject\",\"url\":\"https:\\\/\\\/candas365.es\\\/noticias\\\/wp-content\\\/uploads\\\/2024\\\/09\\\/Candas-365-Redes.jpg\",\"@id\":\"https:\\\/\\\/candas365.es\\\/noticias\\\/exposicion-fotografica-nacer-nina-en-candas\\\/#organizationLogo\",\"width\":1152,\"height\":864,\"caption\":\"Cand\\u00e1s 365 Redes\"},\"image\":{\"@id\":\"https:\\\/\\\/candas365.es\\\/noticias\\\/exposicion-fotografica-nacer-nina-en-candas\\\/#organizationLogo\"},\"sameAs\":[\"https:\\\/\\\/www.facebook.com\\\/Nachofdezber\",\"https:\\\/\\\/x.com\\\/NabercoDigital\",\"https:\\\/\\\/www.instagram.com\\\/nachofdezber\\\/\",\"https:\\\/\\\/www.youtube.com\\\/channel\\\/UCZP-2wLEB9Rv6erhFmqVnvg\"],\"address\":{\"@id\":\"https:\\\/\\\/candas365.es\\\/noticias\\\/#postaladdress\",\"@type\":\"PostalAddress\",\"streetAddress\":\"san antonio 4, san antonio 4\",\"postalCode\":\"33430\",\"addressLocality\":\"Cand\\u00e1s\",\"addressRegion\":\"Asturias\",\"addressCountry\":\"ES\"}},{\"@type\":\"Person\",\"@id\":\"https:\\\/\\\/candas365.es\\\/noticias\\\/author\\\/admin\\\/#author\",\"url\":\"https:\\\/\\\/candas365.es\\\/noticias\\\/author\\\/admin\\\/\",\"name\":\"Cand\\u00e1s 365\",\"image\":{\"@type\":\"ImageObject\",\"@id\":\"https:\\\/\\\/candas365.es\\\/noticias\\\/exposicion-fotografica-nacer-nina-en-candas\\\/#authorImage\",\"url\":\"https:\\\/\\\/secure.gravatar.com\\\/avatar\\\/496a8e03d0c493ede1718b7934145dbdf8d89be1036b0eec9544e1094c9de390?s=96&d=mm&r=g\",\"width\":96,\"height\":96,\"caption\":\"Cand\\u00e1s 365\"},\"sameAs\":[\"https:\\\/\\\/www.facebook.com\\\/carrenoactualidad\",\"https:\\\/\\\/twitter.com\\\/nbasturias\",\"https:\\\/\\\/www.instagram.com\\\/nachofdezber\\\/\",\"https:\\\/\\\/www.youtube.com\\\/channel\\\/UCZP-2wLEB9Rv6erhFmqVnvg\"]},{\"@type\":\"WebPage\",\"@id\":\"https:\\\/\\\/candas365.es\\\/noticias\\\/exposicion-fotografica-nacer-nina-en-candas\\\/#webpage\",\"url\":\"https:\\\/\\\/candas365.es\\\/noticias\\\/exposicion-fotografica-nacer-nina-en-candas\\\/\",\"name\":\"Exposici\\u00f3n fotogr\\u00e1fica \\u201cNacer ni\\u00f1a\\u201d, en Cand\\u00e1s | Cand\\u00e1s 365\",\"description\":\"El Centro Polivalente La Baraga\\u00f1a de Cand\\u00e1s, acoge la exposici\\u00f3n fotogr\\u00e1fica \\u2018Nacer ni\\u00f1a\\u2019, una muestra de 33 fotograf\\u00edas, que muestra las injusticias que sufre la mujer en India durante todas las etapas de su vida, desde su nacimiento hasta su vejez. La exposici\\u00f3n podr\\u00e1 verse del 16 hasta el 26 de abril. Nacer ni\\u00f1a Ser\",\"inLanguage\":\"es-ES\",\"isPartOf\":{\"@id\":\"https:\\\/\\\/candas365.es\\\/noticias\\\/#website\"},\"breadcrumb\":{\"@id\":\"https:\\\/\\\/candas365.es\\\/noticias\\\/exposicion-fotografica-nacer-nina-en-candas\\\/#breadcrumblist\"},\"author\":{\"@id\":\"https:\\\/\\\/candas365.es\\\/noticias\\\/author\\\/admin\\\/#author\"},\"creator\":{\"@id\":\"https:\\\/\\\/candas365.es\\\/noticias\\\/author\\\/admin\\\/#author\"},\"image\":{\"@type\":\"ImageObject\",\"url\":\"https:\\\/\\\/candas365.es\\\/noticias\\\/wp-content\\\/uploads\\\/2014\\\/10\\\/Polivalente.jpg\",\"@id\":\"https:\\\/\\\/candas365.es\\\/noticias\\\/exposicion-fotografica-nacer-nina-en-candas\\\/#mainImage\",\"width\":1024,\"height\":768},\"primaryImageOfPage\":{\"@id\":\"https:\\\/\\\/candas365.es\\\/noticias\\\/exposicion-fotografica-nacer-nina-en-candas\\\/#mainImage\"},\"datePublished\":\"2019-04-16T01:28:02+02:00\",\"dateModified\":\"2019-04-16T01:28:02+02:00\"},{\"@type\":\"WebSite\",\"@id\":\"https:\\\/\\\/candas365.es\\\/noticias\\\/#website\",\"url\":\"https:\\\/\\\/candas365.es\\\/noticias\\\/\",\"name\":\"Cand\\u00e1s 365\",\"alternateName\":\"Cand\\u00e1s 365 Noticias\",\"description\":\"Actualidad desde Carre\\u00f1o para el mundo\",\"inLanguage\":\"es-ES\",\"publisher\":{\"@id\":\"https:\\\/\\\/candas365.es\\\/noticias\\\/#organization\"}}]}\n\t\t<\/script>\n\t\t<!-- All in One SEO Pro -->\r\n\t\t<title>Exposici\u00f3n fotogr\u00e1fica \u201cNacer ni\u00f1a\u201d, en Cand\u00e1s | Cand\u00e1s 365<\/title>\n\n","aioseo_head_json":{"title":"Exposici\u00f3n fotogr\u00e1fica \u201cNacer ni\u00f1a\u201d, en Cand\u00e1s | Cand\u00e1s 365","description":"El Centro Polivalente La Baraga\u00f1a de Cand\u00e1s, acoge la exposici\u00f3n fotogr\u00e1fica \u2018Nacer ni\u00f1a\u2019, una muestra de 33 fotograf\u00edas, que muestra las injusticias que sufre la mujer en India durante todas las etapas de su vida, desde su nacimiento hasta su vejez. La exposici\u00f3n podr\u00e1 verse del 16 hasta el 26 de abril. Nacer ni\u00f1a Ser","canonical_url":"https:\/\/candas365.es\/noticias\/exposicion-fotografica-nacer-nina-en-candas\/","robots":"max-image-preview:large","keywords":"noticias carre\u00f1o","webmasterTools":{"google-site-verification":"UA-32230408-1","msvalidate.01":"354F3CDFB2DA171B47FBE9ABF1F88D5","miscellaneous":""},"schema":{"@context":"https:\/\/schema.org","@graph":[{"@type":"BreadcrumbList","@id":"https:\/\/candas365.es\/noticias\/exposicion-fotografica-nacer-nina-en-candas\/#breadcrumblist","itemListElement":[{"@type":"ListItem","@id":"https:\/\/candas365.es\/noticias#listItem","position":1,"name":"Home","item":"https:\/\/candas365.es\/noticias","nextItem":{"@type":"ListItem","@id":"https:\/\/candas365.es\/noticias\/category\/noticias-carreno\/#listItem","name":"Noticias Carre\u00f1o"}},{"@type":"ListItem","@id":"https:\/\/candas365.es\/noticias\/category\/noticias-carreno\/#listItem","position":2,"name":"Noticias Carre\u00f1o","item":"https:\/\/candas365.es\/noticias\/category\/noticias-carreno\/","nextItem":{"@type":"ListItem","@id":"https:\/\/candas365.es\/noticias\/exposicion-fotografica-nacer-nina-en-candas\/#listItem","name":"Exposici\u00f3n fotogr\u00e1fica \u201cNacer ni\u00f1a\u201d, en Cand\u00e1s"},"previousItem":{"@type":"ListItem","@id":"https:\/\/candas365.es\/noticias#listItem","name":"Home"}},{"@type":"ListItem","@id":"https:\/\/candas365.es\/noticias\/exposicion-fotografica-nacer-nina-en-candas\/#listItem","position":3,"name":"Exposici\u00f3n fotogr\u00e1fica \u201cNacer ni\u00f1a\u201d, en Cand\u00e1s","previousItem":{"@type":"ListItem","@id":"https:\/\/candas365.es\/noticias\/category\/noticias-carreno\/#listItem","name":"Noticias Carre\u00f1o"}}]},{"@type":"NewsArticle","@id":"https:\/\/candas365.es\/noticias\/exposicion-fotografica-nacer-nina-en-candas\/#newsarticle","name":"Exposici\u00f3n fotogr\u00e1fica \u201cNacer ni\u00f1a\u201d, en Cand\u00e1s | Cand\u00e1s 365","headline":"Exposici\u00f3n fotogr\u00e1fica \u201cNacer ni\u00f1a\u201d, en Cand\u00e1s","author":{"@id":"https:\/\/candas365.es\/noticias\/author\/admin\/#author"},"publisher":{"@id":"https:\/\/candas365.es\/noticias\/#organization"},"image":{"@type":"ImageObject","url":"https:\/\/candas365.es\/noticias\/wp-content\/uploads\/2014\/10\/Polivalente.jpg","width":1024,"height":768},"datePublished":"2019-04-16T01:28:02+02:00","dateModified":"2019-04-16T01:28:02+02:00","inLanguage":"es-ES","mainEntityOfPage":{"@id":"https:\/\/candas365.es\/noticias\/exposicion-fotografica-nacer-nina-en-candas\/#webpage"},"isPartOf":{"@id":"https:\/\/candas365.es\/noticias\/exposicion-fotografica-nacer-nina-en-candas\/#webpage"},"articleSection":"Noticias Carre\u00f1o","dateline":"Publicado el abril 16, 2019."},{"@type":"Organization","@id":"https:\/\/candas365.es\/noticias\/#organization","name":"Cand\u00e1s 365","description":"Cand\u00e1s 365 es un diario digital independiente, fundado en 2012, con base en Asturias. Informamos con rigor sobre actualidad, sociedad, cultura y ocio, con una mirada local y global.","url":"https:\/\/candas365.es\/noticias\/","email":"info@candas365.es","telephone":"+34652131393","foundingDate":"2012-06-10","logo":{"@type":"ImageObject","url":"https:\/\/candas365.es\/noticias\/wp-content\/uploads\/2024\/09\/Candas-365-Redes.jpg","@id":"https:\/\/candas365.es\/noticias\/exposicion-fotografica-nacer-nina-en-candas\/#organizationLogo","width":1152,"height":864,"caption":"Cand\u00e1s 365 Redes"},"image":{"@id":"https:\/\/candas365.es\/noticias\/exposicion-fotografica-nacer-nina-en-candas\/#organizationLogo"},"sameAs":["https:\/\/www.facebook.com\/Nachofdezber","https:\/\/x.com\/NabercoDigital","https:\/\/www.instagram.com\/nachofdezber\/","https:\/\/www.youtube.com\/channel\/UCZP-2wLEB9Rv6erhFmqVnvg"],"address":{"@id":"https:\/\/candas365.es\/noticias\/#postaladdress","@type":"PostalAddress","streetAddress":"san antonio 4, san antonio 4","postalCode":"33430","addressLocality":"Cand\u00e1s","addressRegion":"Asturias","addressCountry":"ES"}},{"@type":"Person","@id":"https:\/\/candas365.es\/noticias\/author\/admin\/#author","url":"https:\/\/candas365.es\/noticias\/author\/admin\/","name":"Cand\u00e1s 365","image":{"@type":"ImageObject","@id":"https:\/\/candas365.es\/noticias\/exposicion-fotografica-nacer-nina-en-candas\/#authorImage","url":"https:\/\/secure.gravatar.com\/avatar\/496a8e03d0c493ede1718b7934145dbdf8d89be1036b0eec9544e1094c9de390?s=96&d=mm&r=g","width":96,"height":96,"caption":"Cand\u00e1s 365"},"sameAs":["https:\/\/www.facebook.com\/carrenoactualidad","https:\/\/twitter.com\/nbasturias","https:\/\/www.instagram.com\/nachofdezber\/","https:\/\/www.youtube.com\/channel\/UCZP-2wLEB9Rv6erhFmqVnvg"]},{"@type":"WebPage","@id":"https:\/\/candas365.es\/noticias\/exposicion-fotografica-nacer-nina-en-candas\/#webpage","url":"https:\/\/candas365.es\/noticias\/exposicion-fotografica-nacer-nina-en-candas\/","name":"Exposici\u00f3n fotogr\u00e1fica \u201cNacer ni\u00f1a\u201d, en Cand\u00e1s | Cand\u00e1s 365","description":"El Centro Polivalente La Baraga\u00f1a de Cand\u00e1s, acoge la exposici\u00f3n fotogr\u00e1fica \u2018Nacer ni\u00f1a\u2019, una muestra de 33 fotograf\u00edas, que muestra las injusticias que sufre la mujer en India durante todas las etapas de su vida, desde su nacimiento hasta su vejez. La exposici\u00f3n podr\u00e1 verse del 16 hasta el 26 de abril. Nacer ni\u00f1a Ser","inLanguage":"es-ES","isPartOf":{"@id":"https:\/\/candas365.es\/noticias\/#website"},"breadcrumb":{"@id":"https:\/\/candas365.es\/noticias\/exposicion-fotografica-nacer-nina-en-candas\/#breadcrumblist"},"author":{"@id":"https:\/\/candas365.es\/noticias\/author\/admin\/#author"},"creator":{"@id":"https:\/\/candas365.es\/noticias\/author\/admin\/#author"},"image":{"@type":"ImageObject","url":"https:\/\/candas365.es\/noticias\/wp-content\/uploads\/2014\/10\/Polivalente.jpg","@id":"https:\/\/candas365.es\/noticias\/exposicion-fotografica-nacer-nina-en-candas\/#mainImage","width":1024,"height":768},"primaryImageOfPage":{"@id":"https:\/\/candas365.es\/noticias\/exposicion-fotografica-nacer-nina-en-candas\/#mainImage"},"datePublished":"2019-04-16T01:28:02+02:00","dateModified":"2019-04-16T01:28:02+02:00"},{"@type":"WebSite","@id":"https:\/\/candas365.es\/noticias\/#website","url":"https:\/\/candas365.es\/noticias\/","name":"Cand\u00e1s 365","alternateName":"Cand\u00e1s 365 Noticias","description":"Actualidad desde Carre\u00f1o para el mundo","inLanguage":"es-ES","publisher":{"@id":"https:\/\/candas365.es\/noticias\/#organization"}}]},"og:locale":"es_ES","og:site_name":"Cand\u00e1s 365","og:type":"article","og:title":"Exposici\u00f3n fotogr\u00e1fica \u201cNacer ni\u00f1a\u201d, en Cand\u00e1s | Cand\u00e1s 365","og:description":"El Centro Polivalente La Baraga\u00f1a de Cand\u00e1s, acoge la exposici\u00f3n fotogr\u00e1fica \u2018Nacer ni\u00f1a\u2019, una muestra de 33 fotograf\u00edas, que muestra las injusticias que sufre la mujer en India durante todas las etapas de su vida, desde su nacimiento hasta su vejez. La exposici\u00f3n podr\u00e1 verse del 16 hasta el 26 de abril. Nacer ni\u00f1a Ser","og:url":"https:\/\/candas365.es\/noticias\/exposicion-fotografica-nacer-nina-en-candas\/","og:image":"https:\/\/candas365.es\/noticias\/wp-content\/uploads\/2014\/10\/Polivalente.jpg","og:image:secure_url":"https:\/\/candas365.es\/noticias\/wp-content\/uploads\/2014\/10\/Polivalente.jpg","og:image:width":1024,"og:image:height":768,"article:published_time":"2019-04-16T01:28:02+00:00","article:modified_time":"2019-04-16T01:28:02+00:00","article:publisher":"https:\/\/www.facebook.com\/Nachofdezber","article:author":"https:\/\/www.facebook.com\/carrenoactualidad","twitter:card":"summary_large_image","twitter:site":"@NabercoDigital","twitter:title":"Exposici\u00f3n fotogr\u00e1fica \u201cNacer ni\u00f1a\u201d, en Cand\u00e1s | Cand\u00e1s 365","twitter:description":"El Centro Polivalente La Baraga\u00f1a de Cand\u00e1s, acoge la exposici\u00f3n fotogr\u00e1fica \u2018Nacer ni\u00f1a\u2019, una muestra de 33 fotograf\u00edas, que muestra las injusticias que sufre la mujer en India durante todas las etapas de su vida, desde su nacimiento hasta su vejez. La exposici\u00f3n podr\u00e1 verse del 16 hasta el 26 de abril. Nacer ni\u00f1a Ser","twitter:creator":"@nbasturias","twitter:image":"https:\/\/candas365.es\/noticias\/wp-content\/uploads\/2014\/10\/Polivalente.jpg","twitter:label1":"Escrito por","twitter:data1":"Cand\u00e1s 365","twitter:label2":"Tiempo de lectura estimado","twitter:data2":"2 minutos"},"aioseo_meta_data":{"post_id":"120854","title":null,"description":null,"keywords":null,"keyphrases":null,"primary_term":null,"canonical_url":null,"og_title":null,"og_description":null,"og_object_type":"default","og_image_type":"default","og_image_url":null,"og_image_width":null,"og_image_height":null,"og_image_custom_url":null,"og_image_custom_fields":null,"og_video":null,"og_custom_url":null,"og_article_section":null,"og_article_tags":null,"twitter_use_og":false,"twitter_card":"default","twitter_image_type":"default","twitter_image_url":null,"twitter_image_custom_url":null,"twitter_image_custom_fields":null,"twitter_title":null,"twitter_description":null,"schema":{"blockGraphs":[],"customGraphs":[],"default":{"data":{"Article":[],"Course":[],"Dataset":[],"FAQPage":[],"Movie":[],"Person":[],"Product":[],"ProductReview":[],"Car":[],"Recipe":[],"Service":[],"SoftwareApplication":[],"WebPage":[]},"graphName":"","isEnabled":true},"graphs":[],"defaultGraph":"","defaultPostTypeGraph":""},"schema_type":null,"schema_type_options":null,"pillar_content":false,"robots_default":true,"robots_noindex":false,"robots_noarchive":false,"robots_nosnippet":false,"robots_nofollow":false,"robots_noimageindex":false,"robots_noodp":false,"robots_notranslate":false,"robots_max_snippet":null,"robots_max_videopreview":null,"robots_max_imagepreview":"large","priority":null,"frequency":null,"location":null,"local_seo":null,"seo_analyzer_scan_date":"2025-08-29 18:26:22","breadcrumb_settings":null,"limit_modified_date":false,"reviewed_by":null,"open_ai":null,"ai":null,"created":"2020-12-21 10:58:41","updated":"2025-08-29 18:26:22"},"aioseo_breadcrumb":"<div class=\"aioseo-breadcrumbs\"><span class=\"aioseo-breadcrumb\">\n\t<a href=\"https:\/\/candas365.es\/noticias\" title=\"Home\">Home<\/a>\n<\/span><span class=\"aioseo-breadcrumb-separator\">&ndash;<\/span><span class=\"aioseo-breadcrumb\">\n\t<a href=\"https:\/\/candas365.es\/noticias\/category\/noticias-carreno\/\" title=\"Noticias Carre\u00f1o\">Noticias Carre\u00f1o<\/a>\n<\/span><span class=\"aioseo-breadcrumb-separator\">&ndash;<\/span><span class=\"aioseo-breadcrumb\">\n\tExposici\u00f3n fotogr\u00e1fica \u201cNacer ni\u00f1a\u201d, en Cand\u00e1s\n<\/span><\/div>","aioseo_breadcrumb_json":[{"label":"Home","link":"https:\/\/candas365.es\/noticias"},{"label":"Noticias Carre\u00f1o","link":"https:\/\/candas365.es\/noticias\/category\/noticias-carreno\/"},{"label":"Exposici\u00f3n fotogr\u00e1fica \u201cNacer ni\u00f1a\u201d, en Cand\u00e1s","link":"https:\/\/candas365.es\/noticias\/exposicion-fotografica-nacer-nina-en-candas\/"}],"_links":{"self":[{"href":"https:\/\/candas365.es\/noticias\/wp-json\/wp\/v2\/posts\/120854","targetHints":{"allow":["GET"]}}],"collection":[{"href":"https:\/\/candas365.es\/noticias\/wp-json\/wp\/v2\/posts"}],"about":[{"href":"https:\/\/candas365.es\/noticias\/wp-json\/wp\/v2\/types\/post"}],"author":[{"embeddable":true,"href":"https:\/\/candas365.es\/noticias\/wp-json\/wp\/v2\/users\/1"}],"replies":[{"embeddable":true,"href":"https:\/\/candas365.es\/noticias\/wp-json\/wp\/v2\/comments?post=120854"}],"version-history":[{"count":0,"href":"https:\/\/candas365.es\/noticias\/wp-json\/wp\/v2\/posts\/120854\/revisions"}],"wp:featuredmedia":[{"embeddable":true,"href":"https:\/\/candas365.es\/noticias\/wp-json\/wp\/v2\/media\/2364"}],"wp:attachment":[{"href":"https:\/\/candas365.es\/noticias\/wp-json\/wp\/v2\/media?parent=120854"}],"wp:term":[{"taxonomy":"category","embeddable":true,"href":"https:\/\/candas365.es\/noticias\/wp-json\/wp\/v2\/categories?post=120854"},{"taxonomy":"post_tag","embeddable":true,"href":"https:\/\/candas365.es\/noticias\/wp-json\/wp\/v2\/tags?post=120854"}],"curies":[{"name":"wp","href":"https:\/\/api.w.org\/{rel}","templated":true}]}}