{"id":120762,"date":"2019-04-13T19:41:46","date_gmt":"2019-04-13T19:41:46","guid":{"rendered":"http:\/\/candas365.es\/noticias\/?p=120762"},"modified":"2019-04-13T19:41:46","modified_gmt":"2019-04-13T19:41:46","slug":"una-muyer-darmes-tomar-en-el-valle","status":"publish","type":"post","link":"https:\/\/candas365.es\/noticias\/una-muyer-darmes-tomar-en-el-valle\/","title":{"rendered":"\u201cUna Muyer d\u2019armes Tomar\u201d en El Valle"},"content":{"rendered":"<p><img fetchpriority=\"high\" decoding=\"async\" class=\"alignleft size-medium wp-image-120763\" src=\"https:\/\/candas365.es\/noticias\/wp-content\/uploads\/2019\/04\/1f5d56828e40-360x270.jpg\" alt=\"\" width=\"360\" height=\"270\" srcset=\"https:\/\/candas365.es\/noticias\/wp-content\/uploads\/2019\/04\/1f5d56828e40-360x270.jpg 360w, https:\/\/candas365.es\/noticias\/wp-content\/uploads\/2019\/04\/1f5d56828e40-768x576.jpg 768w, https:\/\/candas365.es\/noticias\/wp-content\/uploads\/2019\/04\/1f5d56828e40-640x480.jpg 640w, https:\/\/candas365.es\/noticias\/wp-content\/uploads\/2019\/04\/1f5d56828e40-80x60.jpg 80w, https:\/\/candas365.es\/noticias\/wp-content\/uploads\/2019\/04\/1f5d56828e40-265x198.jpg 265w, https:\/\/candas365.es\/noticias\/wp-content\/uploads\/2019\/04\/1f5d56828e40-696x522.jpg 696w, https:\/\/candas365.es\/noticias\/wp-content\/uploads\/2019\/04\/1f5d56828e40-560x420.jpg 560w, https:\/\/candas365.es\/noticias\/wp-content\/uploads\/2019\/04\/1f5d56828e40.jpg 1024w\" sizes=\"(max-width: 360px) 100vw, 360px\" \/>La octava sesi\u00f3n de la XIV Ronda de Teatro por Carre\u00f1o recal\u00f3 esta tarde en el CIR Monte Areo.<\/p>\n<p>Esta actividad se encuadrada dentro de la programaci\u00f3n que desde las diferentes Concejal\u00edas se desarrolla con el objetivo de acercar la cultura a todo el territorio del concejo.<\/p>\n<p>Un concurrido p\u00fabico llen\u00f3 el escenario escogido para la representaci\u00f3n teatral, el aula did\u00e1ctica del neol\u00edtico. Divertidos mon\u00f3logos que arrancaron risas y carcajadas del p\u00fablico asistente, pero tambi\u00e9n tiempo para la reflexi\u00f3n sobre uno de los temas que actualmente m\u00e1s preocupa y padece una parte de la sociedad: el maltrato a la mujer.<\/p>\n<p>Cellero comenz\u00f3 con sus mon\u00f3logos para continuar seguidamente con la representaci\u00f3n de Grupo de Teatro \u201cChanclos Asgaya\u201d, con la obra \u00abUna Muyer d\u2019armes Tomar\u201d.<\/p>\n<p>Carlos Alba \u201cCellero\u201d es un actor, monologuista y narrador oral asturiano. A trav\u00e9s de sus personajes cuenta historias de humor con una expresividad cercana a la del juglar, usando diversos recursos expresivos como el verso o el canto, mezclando historias antiguas con otras actuales. Tiene en su haber el Premio Fet\u00e9n del a\u00f1o 2015 a la mejor adaptaci\u00f3n del texto por \u201cJuan Soldado\u201d. En la \u00faltima edici\u00f3n de los \u201cPremios OH\u201dde las artes esc\u00e9nicas de Asturias obtuvo dos nominaciones, como autor y actor, por \u201cL\u00e1zaro de Tormes\u201d. En su haber se le han concedido adem\u00e1s dos premios en reconocimiento a su trayectoria dentro del mon\u00f3logo y el teatro asturiano. \u201cEl Anxelu\u201d que concede el Sal\u00f3n de Teatro Costumbrista de Candas y el \u201cSocorro Lin\u201d que concede el Grupo de Teatro \u201cCarbay\u00edn\u201d de Siero.<\/p>\n<p>Bajo la direcci\u00f3n de Segis Meana, la \u201cChanclos asgaya\u201d interpret\u00f3 la obra \u201cUna Muyer d\u2019 armes Tomar\u201d, con autor\u00eda del propio director. Un tres en uno, un padre, un hijo y una nuera. Tres maneras de ver el mismo problema: el maltrato a la mujer. Una obra llena de humor iron\u00eda, di\u00e1logos de sordos para un final\u2026 Divertido y liberador. El grupo naci\u00f3 en el a\u00f1o 2006 por iniciativa de \u201cSegis\u201d, hasta ese momento director del Teatro del Centro Asturiano de Oviedo. Aunque es un grupo joven tiene en su haber, entre otros, el premio al mejor actor en el Certamen de Teatro de Vegadeo. Adem\u00e1s de dos \u201cPremios Aurora\u201d que anualmente concede el Sal\u00f3n de Teatro Costumbrista de Candas. En la edici\u00f3n del a\u00f1o 2015, se alzan con la estatuilla al Mejor Actor y en la del 2013 al Mejor Texto Teatral. Durante estos a\u00f1os han actuado en distintos puntos de la geograf\u00eda asturiana, tales como Oviedo, Carbay\u00edn, Lugones, Vegadeo, Cangas de On\u00eds, Parres, Carre\u00f1o,..<\/p>\n<p>La pr\u00f3xima funci\u00f3n de la XIV Ronda Teatral s\u00e1bado 27 de abril en Albandi en el CIR a las 19:00 horas. En la que elGT \u201cRosario Trabanco\u201d de Gij\u00f3n \u201d representar\u00e1 la obra \u201cTarde de sainetes\u201d pero primero \u201cLes Ayalgues de Carre\u00f1o\u201d interpretar\u00e1n una parte de sus mon\u00f3logos m\u00e1s conocidos.<\/p>\n","protected":false},"excerpt":{"rendered":"<p>La octava sesi\u00f3n de la XIV Ronda de Teatro por Carre\u00f1o recal\u00f3 esta tarde en el CIR Monte Areo. Esta actividad se encuadrada dentro de la programaci\u00f3n que desde las diferentes Concejal\u00edas se desarrolla con el objetivo de acercar la cultura a todo el territorio del concejo. Un concurrido p\u00fabico llen\u00f3 el escenario escogido para<\/p>\n","protected":false},"author":1,"featured_media":120763,"comment_status":"closed","ping_status":"closed","sticky":false,"template":"","format":"standard","meta":{"footnotes":""},"categories":[2],"tags":[],"class_list":{"0":"post-120762","1":"post","2":"type-post","3":"status-publish","4":"format-standard","5":"has-post-thumbnail","7":"category-noticias-carreno"},"aioseo_notices":[],"aioseo_head":"\n\t\t<!-- All in One SEO Pro 4.9.6.2 - aioseo.com -->\n\t<meta name=\"description\" content=\"La octava sesi\u00f3n de la XIV Ronda de Teatro por Carre\u00f1o recal\u00f3 esta tarde en el CIR Monte Areo. Esta actividad se encuadrada dentro de la programaci\u00f3n que desde las diferentes Concejal\u00edas se desarrolla con el objetivo de acercar la cultura a todo el territorio del concejo. Un concurrido p\u00fabico llen\u00f3 el escenario escogido para\" \/>\n\t<meta name=\"robots\" content=\"max-image-preview:large\" \/>\n\t<meta name=\"author\" content=\"Cand\u00e1s 365\"\/>\n\t<meta name=\"google-site-verification\" content=\"UA-32230408-1\" \/>\n\t<meta name=\"msvalidate.01\" content=\"354F3CDFB2DA171B47FBE9ABF1F88D5\" \/>\n\t<meta name=\"keywords\" content=\"noticias carre\u00f1o\" \/>\n\t<link rel=\"canonical\" href=\"https:\/\/candas365.es\/noticias\/una-muyer-darmes-tomar-en-el-valle\/\" \/>\n\t<meta name=\"generator\" content=\"All in One SEO Pro (AIOSEO) 4.9.6.2\" \/>\n\t\t<meta property=\"og:locale\" content=\"es_ES\" \/>\n\t\t<meta property=\"og:site_name\" content=\"Cand\u00e1s 365\" \/>\n\t\t<meta property=\"og:type\" content=\"article\" \/>\n\t\t<meta property=\"og:title\" content=\"\u201cUna Muyer d\u2019armes Tomar\u201d en El Valle | Cand\u00e1s 365\" \/>\n\t\t<meta property=\"og:description\" content=\"La octava sesi\u00f3n de la XIV Ronda de Teatro por Carre\u00f1o recal\u00f3 esta tarde en el CIR Monte Areo. Esta actividad se encuadrada dentro de la programaci\u00f3n que desde las diferentes Concejal\u00edas se desarrolla con el objetivo de acercar la cultura a todo el territorio del concejo. Un concurrido p\u00fabico llen\u00f3 el escenario escogido para\" \/>\n\t\t<meta property=\"og:url\" content=\"https:\/\/candas365.es\/noticias\/una-muyer-darmes-tomar-en-el-valle\/\" \/>\n\t\t<meta property=\"og:image\" content=\"https:\/\/candas365.es\/noticias\/wp-content\/uploads\/2019\/04\/1f5d56828e40.jpg\" \/>\n\t\t<meta property=\"og:image:secure_url\" content=\"https:\/\/candas365.es\/noticias\/wp-content\/uploads\/2019\/04\/1f5d56828e40.jpg\" \/>\n\t\t<meta property=\"og:image:width\" content=\"1024\" \/>\n\t\t<meta property=\"og:image:height\" content=\"768\" \/>\n\t\t<meta property=\"article:published_time\" content=\"2019-04-13T19:41:46+00:00\" \/>\n\t\t<meta property=\"article:modified_time\" content=\"2019-04-13T19:41:46+00:00\" \/>\n\t\t<meta property=\"article:publisher\" content=\"https:\/\/www.facebook.com\/Nachofdezber\" \/>\n\t\t<meta property=\"article:author\" content=\"https:\/\/www.facebook.com\/carrenoactualidad\" \/>\n\t\t<meta name=\"twitter:card\" content=\"summary_large_image\" \/>\n\t\t<meta name=\"twitter:site\" content=\"@NabercoDigital\" \/>\n\t\t<meta name=\"twitter:title\" content=\"\u201cUna Muyer d\u2019armes Tomar\u201d en El Valle | Cand\u00e1s 365\" \/>\n\t\t<meta name=\"twitter:description\" content=\"La octava sesi\u00f3n de la XIV Ronda de Teatro por Carre\u00f1o recal\u00f3 esta tarde en el CIR Monte Areo. Esta actividad se encuadrada dentro de la programaci\u00f3n que desde las diferentes Concejal\u00edas se desarrolla con el objetivo de acercar la cultura a todo el territorio del concejo. Un concurrido p\u00fabico llen\u00f3 el escenario escogido para\" \/>\n\t\t<meta name=\"twitter:creator\" content=\"@nbasturias\" \/>\n\t\t<meta name=\"twitter:image\" content=\"https:\/\/candas365.es\/noticias\/wp-content\/uploads\/2019\/04\/1f5d56828e40.jpg\" \/>\n\t\t<meta name=\"twitter:label1\" content=\"Escrito por\" \/>\n\t\t<meta name=\"twitter:data1\" content=\"Cand\u00e1s 365\" \/>\n\t\t<meta name=\"twitter:label2\" content=\"Tiempo de lectura estimado\" \/>\n\t\t<meta name=\"twitter:data2\" content=\"3 minutos\" \/>\n\t\t<script type=\"application\/ld+json\" class=\"aioseo-schema\">\n\t\t\t{\"@context\":\"https:\\\/\\\/schema.org\",\"@graph\":[{\"@type\":\"BreadcrumbList\",\"@id\":\"https:\\\/\\\/candas365.es\\\/noticias\\\/una-muyer-darmes-tomar-en-el-valle\\\/#breadcrumblist\",\"itemListElement\":[{\"@type\":\"ListItem\",\"@id\":\"https:\\\/\\\/candas365.es\\\/noticias#listItem\",\"position\":1,\"name\":\"Home\",\"item\":\"https:\\\/\\\/candas365.es\\\/noticias\",\"nextItem\":{\"@type\":\"ListItem\",\"@id\":\"https:\\\/\\\/candas365.es\\\/noticias\\\/category\\\/noticias-carreno\\\/#listItem\",\"name\":\"Noticias Carre\\u00f1o\"}},{\"@type\":\"ListItem\",\"@id\":\"https:\\\/\\\/candas365.es\\\/noticias\\\/category\\\/noticias-carreno\\\/#listItem\",\"position\":2,\"name\":\"Noticias Carre\\u00f1o\",\"item\":\"https:\\\/\\\/candas365.es\\\/noticias\\\/category\\\/noticias-carreno\\\/\",\"nextItem\":{\"@type\":\"ListItem\",\"@id\":\"https:\\\/\\\/candas365.es\\\/noticias\\\/una-muyer-darmes-tomar-en-el-valle\\\/#listItem\",\"name\":\"\\u201cUna Muyer d\\u2019armes Tomar\\u201d en El Valle\"},\"previousItem\":{\"@type\":\"ListItem\",\"@id\":\"https:\\\/\\\/candas365.es\\\/noticias#listItem\",\"name\":\"Home\"}},{\"@type\":\"ListItem\",\"@id\":\"https:\\\/\\\/candas365.es\\\/noticias\\\/una-muyer-darmes-tomar-en-el-valle\\\/#listItem\",\"position\":3,\"name\":\"\\u201cUna Muyer d\\u2019armes Tomar\\u201d en El Valle\",\"previousItem\":{\"@type\":\"ListItem\",\"@id\":\"https:\\\/\\\/candas365.es\\\/noticias\\\/category\\\/noticias-carreno\\\/#listItem\",\"name\":\"Noticias Carre\\u00f1o\"}}]},{\"@type\":\"NewsArticle\",\"@id\":\"https:\\\/\\\/candas365.es\\\/noticias\\\/una-muyer-darmes-tomar-en-el-valle\\\/#newsarticle\",\"name\":\"\\u201cUna Muyer d\\u2019armes Tomar\\u201d en El Valle | Cand\\u00e1s 365\",\"headline\":\"\\u201cUna Muyer d\\u2019armes Tomar\\u201d en El Valle\",\"author\":{\"@id\":\"https:\\\/\\\/candas365.es\\\/noticias\\\/author\\\/admin\\\/#author\"},\"publisher\":{\"@id\":\"https:\\\/\\\/candas365.es\\\/noticias\\\/#organization\"},\"image\":{\"@type\":\"ImageObject\",\"url\":\"https:\\\/\\\/candas365.es\\\/noticias\\\/wp-content\\\/uploads\\\/2019\\\/04\\\/1f5d56828e40.jpg\",\"width\":1024,\"height\":768},\"datePublished\":\"2019-04-13T19:41:46+02:00\",\"dateModified\":\"2019-04-13T19:41:46+02:00\",\"inLanguage\":\"es-ES\",\"mainEntityOfPage\":{\"@id\":\"https:\\\/\\\/candas365.es\\\/noticias\\\/una-muyer-darmes-tomar-en-el-valle\\\/#webpage\"},\"isPartOf\":{\"@id\":\"https:\\\/\\\/candas365.es\\\/noticias\\\/una-muyer-darmes-tomar-en-el-valle\\\/#webpage\"},\"articleSection\":\"Noticias Carre\\u00f1o\",\"dateline\":\"Publicado el abril 13, 2019.\"},{\"@type\":\"Organization\",\"@id\":\"https:\\\/\\\/candas365.es\\\/noticias\\\/#organization\",\"name\":\"Cand\\u00e1s 365\",\"description\":\"Cand\\u00e1s 365 es un diario digital independiente, fundado en 2012, con base en Asturias. Informamos con rigor sobre actualidad, sociedad, cultura y ocio, con una mirada local y global.\",\"url\":\"https:\\\/\\\/candas365.es\\\/noticias\\\/\",\"email\":\"info@candas365.es\",\"telephone\":\"+34652131393\",\"foundingDate\":\"2012-06-10\",\"logo\":{\"@type\":\"ImageObject\",\"url\":\"https:\\\/\\\/candas365.es\\\/noticias\\\/wp-content\\\/uploads\\\/2024\\\/09\\\/Candas-365-Redes.jpg\",\"@id\":\"https:\\\/\\\/candas365.es\\\/noticias\\\/una-muyer-darmes-tomar-en-el-valle\\\/#organizationLogo\",\"width\":1152,\"height\":864,\"caption\":\"Cand\\u00e1s 365 Redes\"},\"image\":{\"@id\":\"https:\\\/\\\/candas365.es\\\/noticias\\\/una-muyer-darmes-tomar-en-el-valle\\\/#organizationLogo\"},\"sameAs\":[\"https:\\\/\\\/www.facebook.com\\\/Nachofdezber\",\"https:\\\/\\\/x.com\\\/NabercoDigital\",\"https:\\\/\\\/www.instagram.com\\\/nachofdezber\\\/\",\"https:\\\/\\\/www.youtube.com\\\/channel\\\/UCZP-2wLEB9Rv6erhFmqVnvg\"],\"address\":{\"@id\":\"https:\\\/\\\/candas365.es\\\/noticias\\\/#postaladdress\",\"@type\":\"PostalAddress\",\"streetAddress\":\"san antonio 4, san antonio 4\",\"postalCode\":\"33430\",\"addressLocality\":\"Cand\\u00e1s\",\"addressRegion\":\"Asturias\",\"addressCountry\":\"ES\"}},{\"@type\":\"Person\",\"@id\":\"https:\\\/\\\/candas365.es\\\/noticias\\\/author\\\/admin\\\/#author\",\"url\":\"https:\\\/\\\/candas365.es\\\/noticias\\\/author\\\/admin\\\/\",\"name\":\"Cand\\u00e1s 365\",\"image\":{\"@type\":\"ImageObject\",\"@id\":\"https:\\\/\\\/candas365.es\\\/noticias\\\/una-muyer-darmes-tomar-en-el-valle\\\/#authorImage\",\"url\":\"https:\\\/\\\/secure.gravatar.com\\\/avatar\\\/496a8e03d0c493ede1718b7934145dbdf8d89be1036b0eec9544e1094c9de390?s=96&d=mm&r=g\",\"width\":96,\"height\":96,\"caption\":\"Cand\\u00e1s 365\"},\"sameAs\":[\"https:\\\/\\\/www.facebook.com\\\/carrenoactualidad\",\"https:\\\/\\\/twitter.com\\\/nbasturias\",\"https:\\\/\\\/www.instagram.com\\\/nachofdezber\\\/\",\"https:\\\/\\\/www.youtube.com\\\/channel\\\/UCZP-2wLEB9Rv6erhFmqVnvg\"]},{\"@type\":\"WebPage\",\"@id\":\"https:\\\/\\\/candas365.es\\\/noticias\\\/una-muyer-darmes-tomar-en-el-valle\\\/#webpage\",\"url\":\"https:\\\/\\\/candas365.es\\\/noticias\\\/una-muyer-darmes-tomar-en-el-valle\\\/\",\"name\":\"\\u201cUna Muyer d\\u2019armes Tomar\\u201d en El Valle | Cand\\u00e1s 365\",\"description\":\"La octava sesi\\u00f3n de la XIV Ronda de Teatro por Carre\\u00f1o recal\\u00f3 esta tarde en el CIR Monte Areo. Esta actividad se encuadrada dentro de la programaci\\u00f3n que desde las diferentes Concejal\\u00edas se desarrolla con el objetivo de acercar la cultura a todo el territorio del concejo. Un concurrido p\\u00fabico llen\\u00f3 el escenario escogido para\",\"inLanguage\":\"es-ES\",\"isPartOf\":{\"@id\":\"https:\\\/\\\/candas365.es\\\/noticias\\\/#website\"},\"breadcrumb\":{\"@id\":\"https:\\\/\\\/candas365.es\\\/noticias\\\/una-muyer-darmes-tomar-en-el-valle\\\/#breadcrumblist\"},\"author\":{\"@id\":\"https:\\\/\\\/candas365.es\\\/noticias\\\/author\\\/admin\\\/#author\"},\"creator\":{\"@id\":\"https:\\\/\\\/candas365.es\\\/noticias\\\/author\\\/admin\\\/#author\"},\"image\":{\"@type\":\"ImageObject\",\"url\":\"https:\\\/\\\/candas365.es\\\/noticias\\\/wp-content\\\/uploads\\\/2019\\\/04\\\/1f5d56828e40.jpg\",\"@id\":\"https:\\\/\\\/candas365.es\\\/noticias\\\/una-muyer-darmes-tomar-en-el-valle\\\/#mainImage\",\"width\":1024,\"height\":768},\"primaryImageOfPage\":{\"@id\":\"https:\\\/\\\/candas365.es\\\/noticias\\\/una-muyer-darmes-tomar-en-el-valle\\\/#mainImage\"},\"datePublished\":\"2019-04-13T19:41:46+02:00\",\"dateModified\":\"2019-04-13T19:41:46+02:00\"},{\"@type\":\"WebSite\",\"@id\":\"https:\\\/\\\/candas365.es\\\/noticias\\\/#website\",\"url\":\"https:\\\/\\\/candas365.es\\\/noticias\\\/\",\"name\":\"Cand\\u00e1s 365\",\"alternateName\":\"Cand\\u00e1s 365 Noticias\",\"description\":\"Actualidad desde Carre\\u00f1o para el mundo\",\"inLanguage\":\"es-ES\",\"publisher\":{\"@id\":\"https:\\\/\\\/candas365.es\\\/noticias\\\/#organization\"}}]}\n\t\t<\/script>\n\t\t<!-- All in One SEO Pro -->\r\n\t\t<title>\u201cUna Muyer d\u2019armes Tomar\u201d en El Valle | Cand\u00e1s 365<\/title>\n\n","aioseo_head_json":{"title":"\u201cUna Muyer d\u2019armes Tomar\u201d en El Valle | Cand\u00e1s 365","description":"La octava sesi\u00f3n de la XIV Ronda de Teatro por Carre\u00f1o recal\u00f3 esta tarde en el CIR Monte Areo. Esta actividad se encuadrada dentro de la programaci\u00f3n que desde las diferentes Concejal\u00edas se desarrolla con el objetivo de acercar la cultura a todo el territorio del concejo. Un concurrido p\u00fabico llen\u00f3 el escenario escogido para","canonical_url":"https:\/\/candas365.es\/noticias\/una-muyer-darmes-tomar-en-el-valle\/","robots":"max-image-preview:large","keywords":"noticias carre\u00f1o","webmasterTools":{"google-site-verification":"UA-32230408-1","msvalidate.01":"354F3CDFB2DA171B47FBE9ABF1F88D5","miscellaneous":""},"schema":{"@context":"https:\/\/schema.org","@graph":[{"@type":"BreadcrumbList","@id":"https:\/\/candas365.es\/noticias\/una-muyer-darmes-tomar-en-el-valle\/#breadcrumblist","itemListElement":[{"@type":"ListItem","@id":"https:\/\/candas365.es\/noticias#listItem","position":1,"name":"Home","item":"https:\/\/candas365.es\/noticias","nextItem":{"@type":"ListItem","@id":"https:\/\/candas365.es\/noticias\/category\/noticias-carreno\/#listItem","name":"Noticias Carre\u00f1o"}},{"@type":"ListItem","@id":"https:\/\/candas365.es\/noticias\/category\/noticias-carreno\/#listItem","position":2,"name":"Noticias Carre\u00f1o","item":"https:\/\/candas365.es\/noticias\/category\/noticias-carreno\/","nextItem":{"@type":"ListItem","@id":"https:\/\/candas365.es\/noticias\/una-muyer-darmes-tomar-en-el-valle\/#listItem","name":"\u201cUna Muyer d\u2019armes Tomar\u201d en El Valle"},"previousItem":{"@type":"ListItem","@id":"https:\/\/candas365.es\/noticias#listItem","name":"Home"}},{"@type":"ListItem","@id":"https:\/\/candas365.es\/noticias\/una-muyer-darmes-tomar-en-el-valle\/#listItem","position":3,"name":"\u201cUna Muyer d\u2019armes Tomar\u201d en El Valle","previousItem":{"@type":"ListItem","@id":"https:\/\/candas365.es\/noticias\/category\/noticias-carreno\/#listItem","name":"Noticias Carre\u00f1o"}}]},{"@type":"NewsArticle","@id":"https:\/\/candas365.es\/noticias\/una-muyer-darmes-tomar-en-el-valle\/#newsarticle","name":"\u201cUna Muyer d\u2019armes Tomar\u201d en El Valle | Cand\u00e1s 365","headline":"\u201cUna Muyer d\u2019armes Tomar\u201d en El Valle","author":{"@id":"https:\/\/candas365.es\/noticias\/author\/admin\/#author"},"publisher":{"@id":"https:\/\/candas365.es\/noticias\/#organization"},"image":{"@type":"ImageObject","url":"https:\/\/candas365.es\/noticias\/wp-content\/uploads\/2019\/04\/1f5d56828e40.jpg","width":1024,"height":768},"datePublished":"2019-04-13T19:41:46+02:00","dateModified":"2019-04-13T19:41:46+02:00","inLanguage":"es-ES","mainEntityOfPage":{"@id":"https:\/\/candas365.es\/noticias\/una-muyer-darmes-tomar-en-el-valle\/#webpage"},"isPartOf":{"@id":"https:\/\/candas365.es\/noticias\/una-muyer-darmes-tomar-en-el-valle\/#webpage"},"articleSection":"Noticias Carre\u00f1o","dateline":"Publicado el abril 13, 2019."},{"@type":"Organization","@id":"https:\/\/candas365.es\/noticias\/#organization","name":"Cand\u00e1s 365","description":"Cand\u00e1s 365 es un diario digital independiente, fundado en 2012, con base en Asturias. Informamos con rigor sobre actualidad, sociedad, cultura y ocio, con una mirada local y global.","url":"https:\/\/candas365.es\/noticias\/","email":"info@candas365.es","telephone":"+34652131393","foundingDate":"2012-06-10","logo":{"@type":"ImageObject","url":"https:\/\/candas365.es\/noticias\/wp-content\/uploads\/2024\/09\/Candas-365-Redes.jpg","@id":"https:\/\/candas365.es\/noticias\/una-muyer-darmes-tomar-en-el-valle\/#organizationLogo","width":1152,"height":864,"caption":"Cand\u00e1s 365 Redes"},"image":{"@id":"https:\/\/candas365.es\/noticias\/una-muyer-darmes-tomar-en-el-valle\/#organizationLogo"},"sameAs":["https:\/\/www.facebook.com\/Nachofdezber","https:\/\/x.com\/NabercoDigital","https:\/\/www.instagram.com\/nachofdezber\/","https:\/\/www.youtube.com\/channel\/UCZP-2wLEB9Rv6erhFmqVnvg"],"address":{"@id":"https:\/\/candas365.es\/noticias\/#postaladdress","@type":"PostalAddress","streetAddress":"san antonio 4, san antonio 4","postalCode":"33430","addressLocality":"Cand\u00e1s","addressRegion":"Asturias","addressCountry":"ES"}},{"@type":"Person","@id":"https:\/\/candas365.es\/noticias\/author\/admin\/#author","url":"https:\/\/candas365.es\/noticias\/author\/admin\/","name":"Cand\u00e1s 365","image":{"@type":"ImageObject","@id":"https:\/\/candas365.es\/noticias\/una-muyer-darmes-tomar-en-el-valle\/#authorImage","url":"https:\/\/secure.gravatar.com\/avatar\/496a8e03d0c493ede1718b7934145dbdf8d89be1036b0eec9544e1094c9de390?s=96&d=mm&r=g","width":96,"height":96,"caption":"Cand\u00e1s 365"},"sameAs":["https:\/\/www.facebook.com\/carrenoactualidad","https:\/\/twitter.com\/nbasturias","https:\/\/www.instagram.com\/nachofdezber\/","https:\/\/www.youtube.com\/channel\/UCZP-2wLEB9Rv6erhFmqVnvg"]},{"@type":"WebPage","@id":"https:\/\/candas365.es\/noticias\/una-muyer-darmes-tomar-en-el-valle\/#webpage","url":"https:\/\/candas365.es\/noticias\/una-muyer-darmes-tomar-en-el-valle\/","name":"\u201cUna Muyer d\u2019armes Tomar\u201d en El Valle | Cand\u00e1s 365","description":"La octava sesi\u00f3n de la XIV Ronda de Teatro por Carre\u00f1o recal\u00f3 esta tarde en el CIR Monte Areo. Esta actividad se encuadrada dentro de la programaci\u00f3n que desde las diferentes Concejal\u00edas se desarrolla con el objetivo de acercar la cultura a todo el territorio del concejo. Un concurrido p\u00fabico llen\u00f3 el escenario escogido para","inLanguage":"es-ES","isPartOf":{"@id":"https:\/\/candas365.es\/noticias\/#website"},"breadcrumb":{"@id":"https:\/\/candas365.es\/noticias\/una-muyer-darmes-tomar-en-el-valle\/#breadcrumblist"},"author":{"@id":"https:\/\/candas365.es\/noticias\/author\/admin\/#author"},"creator":{"@id":"https:\/\/candas365.es\/noticias\/author\/admin\/#author"},"image":{"@type":"ImageObject","url":"https:\/\/candas365.es\/noticias\/wp-content\/uploads\/2019\/04\/1f5d56828e40.jpg","@id":"https:\/\/candas365.es\/noticias\/una-muyer-darmes-tomar-en-el-valle\/#mainImage","width":1024,"height":768},"primaryImageOfPage":{"@id":"https:\/\/candas365.es\/noticias\/una-muyer-darmes-tomar-en-el-valle\/#mainImage"},"datePublished":"2019-04-13T19:41:46+02:00","dateModified":"2019-04-13T19:41:46+02:00"},{"@type":"WebSite","@id":"https:\/\/candas365.es\/noticias\/#website","url":"https:\/\/candas365.es\/noticias\/","name":"Cand\u00e1s 365","alternateName":"Cand\u00e1s 365 Noticias","description":"Actualidad desde Carre\u00f1o para el mundo","inLanguage":"es-ES","publisher":{"@id":"https:\/\/candas365.es\/noticias\/#organization"}}]},"og:locale":"es_ES","og:site_name":"Cand\u00e1s 365","og:type":"article","og:title":"\u201cUna Muyer d\u2019armes Tomar\u201d en El Valle | Cand\u00e1s 365","og:description":"La octava sesi\u00f3n de la XIV Ronda de Teatro por Carre\u00f1o recal\u00f3 esta tarde en el CIR Monte Areo. Esta actividad se encuadrada dentro de la programaci\u00f3n que desde las diferentes Concejal\u00edas se desarrolla con el objetivo de acercar la cultura a todo el territorio del concejo. Un concurrido p\u00fabico llen\u00f3 el escenario escogido para","og:url":"https:\/\/candas365.es\/noticias\/una-muyer-darmes-tomar-en-el-valle\/","og:image":"https:\/\/candas365.es\/noticias\/wp-content\/uploads\/2019\/04\/1f5d56828e40.jpg","og:image:secure_url":"https:\/\/candas365.es\/noticias\/wp-content\/uploads\/2019\/04\/1f5d56828e40.jpg","og:image:width":1024,"og:image:height":768,"article:published_time":"2019-04-13T19:41:46+00:00","article:modified_time":"2019-04-13T19:41:46+00:00","article:publisher":"https:\/\/www.facebook.com\/Nachofdezber","article:author":"https:\/\/www.facebook.com\/carrenoactualidad","twitter:card":"summary_large_image","twitter:site":"@NabercoDigital","twitter:title":"\u201cUna Muyer d\u2019armes Tomar\u201d en El Valle | Cand\u00e1s 365","twitter:description":"La octava sesi\u00f3n de la XIV Ronda de Teatro por Carre\u00f1o recal\u00f3 esta tarde en el CIR Monte Areo. Esta actividad se encuadrada dentro de la programaci\u00f3n que desde las diferentes Concejal\u00edas se desarrolla con el objetivo de acercar la cultura a todo el territorio del concejo. Un concurrido p\u00fabico llen\u00f3 el escenario escogido para","twitter:creator":"@nbasturias","twitter:image":"https:\/\/candas365.es\/noticias\/wp-content\/uploads\/2019\/04\/1f5d56828e40.jpg","twitter:label1":"Escrito por","twitter:data1":"Cand\u00e1s 365","twitter:label2":"Tiempo de lectura estimado","twitter:data2":"3 minutos"},"aioseo_meta_data":{"post_id":"120762","title":null,"description":null,"keywords":null,"keyphrases":null,"primary_term":null,"canonical_url":null,"og_title":null,"og_description":null,"og_object_type":"default","og_image_type":"default","og_image_url":null,"og_image_width":null,"og_image_height":null,"og_image_custom_url":null,"og_image_custom_fields":null,"og_video":null,"og_custom_url":null,"og_article_section":null,"og_article_tags":null,"twitter_use_og":false,"twitter_card":"default","twitter_image_type":"default","twitter_image_url":null,"twitter_image_custom_url":null,"twitter_image_custom_fields":null,"twitter_title":null,"twitter_description":null,"schema":{"blockGraphs":[],"customGraphs":[],"default":{"data":{"Article":[],"Course":[],"Dataset":[],"FAQPage":[],"Movie":[],"Person":[],"Product":[],"ProductReview":[],"Car":[],"Recipe":[],"Service":[],"SoftwareApplication":[],"WebPage":[]},"graphName":"","isEnabled":true},"graphs":[],"defaultGraph":"","defaultPostTypeGraph":""},"schema_type":null,"schema_type_options":null,"pillar_content":false,"robots_default":true,"robots_noindex":false,"robots_noarchive":false,"robots_nosnippet":false,"robots_nofollow":false,"robots_noimageindex":false,"robots_noodp":false,"robots_notranslate":false,"robots_max_snippet":null,"robots_max_videopreview":null,"robots_max_imagepreview":"large","priority":null,"frequency":null,"location":null,"local_seo":null,"seo_analyzer_scan_date":"2025-08-29 18:10:31","breadcrumb_settings":null,"limit_modified_date":false,"reviewed_by":null,"open_ai":null,"ai":null,"created":"2020-12-21 10:58:41","updated":"2025-08-29 18:10:31"},"aioseo_breadcrumb":"<div class=\"aioseo-breadcrumbs\"><span class=\"aioseo-breadcrumb\">\n\t<a href=\"https:\/\/candas365.es\/noticias\" title=\"Home\">Home<\/a>\n<\/span><span class=\"aioseo-breadcrumb-separator\">&ndash;<\/span><span class=\"aioseo-breadcrumb\">\n\t<a href=\"https:\/\/candas365.es\/noticias\/category\/noticias-carreno\/\" title=\"Noticias Carre\u00f1o\">Noticias Carre\u00f1o<\/a>\n<\/span><span class=\"aioseo-breadcrumb-separator\">&ndash;<\/span><span class=\"aioseo-breadcrumb\">\n\t\u201cUna Muyer d\u2019armes Tomar\u201d en El Valle\n<\/span><\/div>","aioseo_breadcrumb_json":[{"label":"Home","link":"https:\/\/candas365.es\/noticias"},{"label":"Noticias Carre\u00f1o","link":"https:\/\/candas365.es\/noticias\/category\/noticias-carreno\/"},{"label":"\u201cUna Muyer d\u2019armes Tomar\u201d en El Valle","link":"https:\/\/candas365.es\/noticias\/una-muyer-darmes-tomar-en-el-valle\/"}],"_links":{"self":[{"href":"https:\/\/candas365.es\/noticias\/wp-json\/wp\/v2\/posts\/120762","targetHints":{"allow":["GET"]}}],"collection":[{"href":"https:\/\/candas365.es\/noticias\/wp-json\/wp\/v2\/posts"}],"about":[{"href":"https:\/\/candas365.es\/noticias\/wp-json\/wp\/v2\/types\/post"}],"author":[{"embeddable":true,"href":"https:\/\/candas365.es\/noticias\/wp-json\/wp\/v2\/users\/1"}],"replies":[{"embeddable":true,"href":"https:\/\/candas365.es\/noticias\/wp-json\/wp\/v2\/comments?post=120762"}],"version-history":[{"count":0,"href":"https:\/\/candas365.es\/noticias\/wp-json\/wp\/v2\/posts\/120762\/revisions"}],"wp:featuredmedia":[{"embeddable":true,"href":"https:\/\/candas365.es\/noticias\/wp-json\/wp\/v2\/media\/120763"}],"wp:attachment":[{"href":"https:\/\/candas365.es\/noticias\/wp-json\/wp\/v2\/media?parent=120762"}],"wp:term":[{"taxonomy":"category","embeddable":true,"href":"https:\/\/candas365.es\/noticias\/wp-json\/wp\/v2\/categories?post=120762"},{"taxonomy":"post_tag","embeddable":true,"href":"https:\/\/candas365.es\/noticias\/wp-json\/wp\/v2\/tags?post=120762"}],"curies":[{"name":"wp","href":"https:\/\/api.w.org\/{rel}","templated":true}]}}