{"id":120759,"date":"2019-04-13T19:37:54","date_gmt":"2019-04-13T19:37:54","guid":{"rendered":"http:\/\/candas365.es\/noticias\/?p=120759"},"modified":"2019-04-13T19:37:54","modified_gmt":"2019-04-13T19:37:54","slug":"a-correr-el-lunes-en-orbita-laika","status":"publish","type":"post","link":"https:\/\/candas365.es\/noticias\/a-correr-el-lunes-en-orbita-laika\/","title":{"rendered":"\u00ab\u00a1A correr\u2019!\u00bb el lunes en \u00d3rbita Laika"},"content":{"rendered":"<p><img fetchpriority=\"high\" decoding=\"async\" class=\"alignleft size-medium wp-image-120760\" src=\"https:\/\/candas365.es\/noticias\/wp-content\/uploads\/2019\/04\/ndp-tele-1304201901-360x203.jpg\" alt=\"\" width=\"360\" height=\"203\" srcset=\"https:\/\/candas365.es\/noticias\/wp-content\/uploads\/2019\/04\/ndp-tele-1304201901-360x203.jpg 360w, https:\/\/candas365.es\/noticias\/wp-content\/uploads\/2019\/04\/ndp-tele-1304201901-768x432.jpg 768w, https:\/\/candas365.es\/noticias\/wp-content\/uploads\/2019\/04\/ndp-tele-1304201901-655x368.jpg 655w, https:\/\/candas365.es\/noticias\/wp-content\/uploads\/2019\/04\/ndp-tele-1304201901-696x392.jpg 696w, https:\/\/candas365.es\/noticias\/wp-content\/uploads\/2019\/04\/ndp-tele-1304201901-1068x601.jpg 1068w, https:\/\/candas365.es\/noticias\/wp-content\/uploads\/2019\/04\/ndp-tele-1304201901-747x420.jpg 747w, https:\/\/candas365.es\/noticias\/wp-content\/uploads\/2019\/04\/ndp-tele-1304201901.jpg 1600w\" sizes=\"(max-width: 360px) 100vw, 360px\" \/>\u2018Orbita Laika\u2019, se adentra esta semana en el mundo del deporte en \u2018\u00a1A correr\u2019!\u2019. Junto a los expertos del programa, Eduardo S\u00e1enz de Cabez\u00f3n descubrir\u00e1 las innovaciones m\u00e1s punteras de la medicina deportiva, analizar\u00e1 las claves de una buena estrategia y explicar\u00e1 la verdad sobre los alimentos para deportistas.<\/p>\n<p>El deporte mueve al individuo. Su componente social hace vivir los campeonatos donde participa un equipo como si nosotros mismos estuvi\u00e9ramos compitiendo. Pero el deporte tambi\u00e9n nos cambia, afecta a los genes, reorganiza el cerebro, reduce el volumen de grasas y el riesgo de padecer enfermedades cardiovasculares.<\/p>\n<p>El f\u00edsico de \u2018\u00d3rbita Laika\u2019, Javier Santaolalla, acompa\u00f1ado de dos jugadoras profesionales de tenis de mesa, explicar\u00e1 la f\u00edsica que hay detr\u00e1s de los tiros con efecto m\u00e1s espectaculares. El programa tambi\u00e9n hablar\u00e1 con el doctor Alfonso del Corral de las innovaciones m\u00e1s punteras en el mundo de la medicina deportiva.<\/p>\n<p>Deborah Garc\u00eda, experta en qu\u00edmica, analizar\u00e1 la tecnolog\u00eda que hay detr\u00e1s de los tejidos que visten los deportistas de \u00e9lite, y Eduardo S\u00e1enz de Cabez\u00f3n ense\u00f1ar\u00e1 a utilizar las matem\u00e1ticas para crear una estrategia deportiva perfecta. El experto en biolog\u00eda, Ricardo Moure, descubrir\u00e1 el sue\u00f1o de los \u201cfofisanos\u201d: un tipo de grasa que sirve para \u201cquemar grasa\u201d. Se activa con el fr\u00edo y se llama \u201cgrasa parda\u201d.<\/p>\n<p>Para terminar, la nutricionista Mari\u00e1n Garc\u00eda contar\u00e1 toda la verdad sobre la alimentaci\u00f3n para deportistas: bebidas energ\u00e9ticas, isot\u00f3nicas, suplementos de prote\u00ednas y el col\u00e1geno.<\/p>\n","protected":false},"excerpt":{"rendered":"<p>\u2018Orbita Laika\u2019, se adentra esta semana en el mundo del deporte en \u2018\u00a1A correr\u2019!\u2019. Junto a los expertos del programa, Eduardo S\u00e1enz de Cabez\u00f3n descubrir\u00e1 las innovaciones m\u00e1s punteras de la medicina deportiva, analizar\u00e1 las claves de una buena estrategia y explicar\u00e1 la verdad sobre los alimentos para deportistas. El deporte mueve al individuo. Su<\/p>\n","protected":false},"author":1,"featured_media":120760,"comment_status":"closed","ping_status":"closed","sticky":false,"template":"","format":"standard","meta":{"footnotes":""},"categories":[1],"tags":[],"class_list":{"0":"post-120759","1":"post","2":"type-post","3":"status-publish","4":"format-standard","5":"has-post-thumbnail","7":"category-agenda"},"aioseo_notices":[],"aioseo_head":"\n\t\t<!-- All in One SEO Pro 4.9.6.2 - aioseo.com -->\n\t<meta name=\"description\" content=\"\u2018Orbita Laika\u2019, se adentra esta semana en el mundo del deporte en \u2018\u00a1A correr\u2019!\u2019. Junto a los expertos del programa, Eduardo S\u00e1enz de Cabez\u00f3n descubrir\u00e1 las innovaciones m\u00e1s punteras de la medicina deportiva, analizar\u00e1 las claves de una buena estrategia y explicar\u00e1 la verdad sobre los alimentos para deportistas. El deporte mueve al individuo. Su\" \/>\n\t<meta name=\"robots\" content=\"max-image-preview:large\" \/>\n\t<meta name=\"author\" content=\"Cand\u00e1s 365\"\/>\n\t<meta name=\"google-site-verification\" content=\"UA-32230408-1\" \/>\n\t<meta name=\"msvalidate.01\" content=\"354F3CDFB2DA171B47FBE9ABF1F88D5\" \/>\n\t<meta name=\"keywords\" content=\"agenda\" \/>\n\t<link rel=\"canonical\" href=\"https:\/\/candas365.es\/noticias\/a-correr-el-lunes-en-orbita-laika\/\" \/>\n\t<meta name=\"generator\" content=\"All in One SEO Pro (AIOSEO) 4.9.6.2\" \/>\n\t\t<meta property=\"og:locale\" content=\"es_ES\" \/>\n\t\t<meta property=\"og:site_name\" content=\"Cand\u00e1s 365\" \/>\n\t\t<meta property=\"og:type\" content=\"article\" \/>\n\t\t<meta property=\"og:title\" content=\"\u00ab\u00a1A correr\u2019!\u00bb el lunes en \u00d3rbita Laika | Cand\u00e1s 365\" \/>\n\t\t<meta property=\"og:description\" content=\"\u2018Orbita Laika\u2019, se adentra esta semana en el mundo del deporte en \u2018\u00a1A correr\u2019!\u2019. Junto a los expertos del programa, Eduardo S\u00e1enz de Cabez\u00f3n descubrir\u00e1 las innovaciones m\u00e1s punteras de la medicina deportiva, analizar\u00e1 las claves de una buena estrategia y explicar\u00e1 la verdad sobre los alimentos para deportistas. El deporte mueve al individuo. Su\" \/>\n\t\t<meta property=\"og:url\" content=\"https:\/\/candas365.es\/noticias\/a-correr-el-lunes-en-orbita-laika\/\" \/>\n\t\t<meta property=\"og:image\" content=\"https:\/\/candas365.es\/noticias\/wp-content\/uploads\/2019\/04\/ndp-tele-1304201901.jpg\" \/>\n\t\t<meta property=\"og:image:secure_url\" content=\"https:\/\/candas365.es\/noticias\/wp-content\/uploads\/2019\/04\/ndp-tele-1304201901.jpg\" \/>\n\t\t<meta property=\"og:image:width\" content=\"1600\" \/>\n\t\t<meta property=\"og:image:height\" content=\"900\" \/>\n\t\t<meta property=\"article:published_time\" content=\"2019-04-13T19:37:54+00:00\" \/>\n\t\t<meta property=\"article:modified_time\" content=\"2019-04-13T19:37:54+00:00\" \/>\n\t\t<meta property=\"article:publisher\" content=\"https:\/\/www.facebook.com\/Nachofdezber\" \/>\n\t\t<meta property=\"article:author\" content=\"https:\/\/www.facebook.com\/carrenoactualidad\" \/>\n\t\t<meta name=\"twitter:card\" content=\"summary_large_image\" \/>\n\t\t<meta name=\"twitter:site\" content=\"@NabercoDigital\" \/>\n\t\t<meta name=\"twitter:title\" content=\"\u00ab\u00a1A correr\u2019!\u00bb el lunes en \u00d3rbita Laika | Cand\u00e1s 365\" \/>\n\t\t<meta name=\"twitter:description\" content=\"\u2018Orbita Laika\u2019, se adentra esta semana en el mundo del deporte en \u2018\u00a1A correr\u2019!\u2019. Junto a los expertos del programa, Eduardo S\u00e1enz de Cabez\u00f3n descubrir\u00e1 las innovaciones m\u00e1s punteras de la medicina deportiva, analizar\u00e1 las claves de una buena estrategia y explicar\u00e1 la verdad sobre los alimentos para deportistas. El deporte mueve al individuo. Su\" \/>\n\t\t<meta name=\"twitter:creator\" content=\"@nbasturias\" \/>\n\t\t<meta name=\"twitter:image\" content=\"https:\/\/candas365.es\/noticias\/wp-content\/uploads\/2019\/04\/ndp-tele-1304201901.jpg\" \/>\n\t\t<meta name=\"twitter:label1\" content=\"Escrito por\" \/>\n\t\t<meta name=\"twitter:data1\" content=\"Cand\u00e1s 365\" \/>\n\t\t<meta name=\"twitter:label2\" content=\"Tiempo de lectura estimado\" \/>\n\t\t<meta name=\"twitter:data2\" content=\"1 minuto\" \/>\n\t\t<script type=\"application\/ld+json\" class=\"aioseo-schema\">\n\t\t\t{\"@context\":\"https:\\\/\\\/schema.org\",\"@graph\":[{\"@type\":\"BreadcrumbList\",\"@id\":\"https:\\\/\\\/candas365.es\\\/noticias\\\/a-correr-el-lunes-en-orbita-laika\\\/#breadcrumblist\",\"itemListElement\":[{\"@type\":\"ListItem\",\"@id\":\"https:\\\/\\\/candas365.es\\\/noticias#listItem\",\"position\":1,\"name\":\"Home\",\"item\":\"https:\\\/\\\/candas365.es\\\/noticias\",\"nextItem\":{\"@type\":\"ListItem\",\"@id\":\"https:\\\/\\\/candas365.es\\\/noticias\\\/category\\\/agenda\\\/#listItem\",\"name\":\"Agenda\"}},{\"@type\":\"ListItem\",\"@id\":\"https:\\\/\\\/candas365.es\\\/noticias\\\/category\\\/agenda\\\/#listItem\",\"position\":2,\"name\":\"Agenda\",\"item\":\"https:\\\/\\\/candas365.es\\\/noticias\\\/category\\\/agenda\\\/\",\"nextItem\":{\"@type\":\"ListItem\",\"@id\":\"https:\\\/\\\/candas365.es\\\/noticias\\\/a-correr-el-lunes-en-orbita-laika\\\/#listItem\",\"name\":\"\\u00ab\\u00a1A correr\\u2019!\\u00bb el lunes en \\u00d3rbita Laika\"},\"previousItem\":{\"@type\":\"ListItem\",\"@id\":\"https:\\\/\\\/candas365.es\\\/noticias#listItem\",\"name\":\"Home\"}},{\"@type\":\"ListItem\",\"@id\":\"https:\\\/\\\/candas365.es\\\/noticias\\\/a-correr-el-lunes-en-orbita-laika\\\/#listItem\",\"position\":3,\"name\":\"\\u00ab\\u00a1A correr\\u2019!\\u00bb el lunes en \\u00d3rbita Laika\",\"previousItem\":{\"@type\":\"ListItem\",\"@id\":\"https:\\\/\\\/candas365.es\\\/noticias\\\/category\\\/agenda\\\/#listItem\",\"name\":\"Agenda\"}}]},{\"@type\":\"NewsArticle\",\"@id\":\"https:\\\/\\\/candas365.es\\\/noticias\\\/a-correr-el-lunes-en-orbita-laika\\\/#newsarticle\",\"name\":\"\\u00ab\\u00a1A correr\\u2019!\\u00bb el lunes en \\u00d3rbita Laika | Cand\\u00e1s 365\",\"headline\":\"\\u00ab\\u00a1A correr\\u2019!\\u00bb el lunes en \\u00d3rbita Laika\",\"author\":{\"@id\":\"https:\\\/\\\/candas365.es\\\/noticias\\\/author\\\/admin\\\/#author\"},\"publisher\":{\"@id\":\"https:\\\/\\\/candas365.es\\\/noticias\\\/#organization\"},\"image\":{\"@type\":\"ImageObject\",\"url\":\"https:\\\/\\\/candas365.es\\\/noticias\\\/wp-content\\\/uploads\\\/2019\\\/04\\\/ndp-tele-1304201901.jpg\",\"width\":1600,\"height\":900},\"datePublished\":\"2019-04-13T19:37:54+02:00\",\"dateModified\":\"2019-04-13T19:37:54+02:00\",\"inLanguage\":\"es-ES\",\"mainEntityOfPage\":{\"@id\":\"https:\\\/\\\/candas365.es\\\/noticias\\\/a-correr-el-lunes-en-orbita-laika\\\/#webpage\"},\"isPartOf\":{\"@id\":\"https:\\\/\\\/candas365.es\\\/noticias\\\/a-correr-el-lunes-en-orbita-laika\\\/#webpage\"},\"articleSection\":\"Agenda\",\"dateline\":\"Publicado el abril 13, 2019.\"},{\"@type\":\"Organization\",\"@id\":\"https:\\\/\\\/candas365.es\\\/noticias\\\/#organization\",\"name\":\"Cand\\u00e1s 365\",\"description\":\"Cand\\u00e1s 365 es un diario digital independiente, fundado en 2012, con base en Asturias. Informamos con rigor sobre actualidad, sociedad, cultura y ocio, con una mirada local y global.\",\"url\":\"https:\\\/\\\/candas365.es\\\/noticias\\\/\",\"email\":\"info@candas365.es\",\"telephone\":\"+34652131393\",\"foundingDate\":\"2012-06-10\",\"logo\":{\"@type\":\"ImageObject\",\"url\":\"https:\\\/\\\/candas365.es\\\/noticias\\\/wp-content\\\/uploads\\\/2024\\\/09\\\/Candas-365-Redes.jpg\",\"@id\":\"https:\\\/\\\/candas365.es\\\/noticias\\\/a-correr-el-lunes-en-orbita-laika\\\/#organizationLogo\",\"width\":1152,\"height\":864,\"caption\":\"Cand\\u00e1s 365 Redes\"},\"image\":{\"@id\":\"https:\\\/\\\/candas365.es\\\/noticias\\\/a-correr-el-lunes-en-orbita-laika\\\/#organizationLogo\"},\"sameAs\":[\"https:\\\/\\\/www.facebook.com\\\/Nachofdezber\",\"https:\\\/\\\/x.com\\\/NabercoDigital\",\"https:\\\/\\\/www.instagram.com\\\/nachofdezber\\\/\",\"https:\\\/\\\/www.youtube.com\\\/channel\\\/UCZP-2wLEB9Rv6erhFmqVnvg\"],\"address\":{\"@id\":\"https:\\\/\\\/candas365.es\\\/noticias\\\/#postaladdress\",\"@type\":\"PostalAddress\",\"streetAddress\":\"san antonio 4, san antonio 4\",\"postalCode\":\"33430\",\"addressLocality\":\"Cand\\u00e1s\",\"addressRegion\":\"Asturias\",\"addressCountry\":\"ES\"}},{\"@type\":\"Person\",\"@id\":\"https:\\\/\\\/candas365.es\\\/noticias\\\/author\\\/admin\\\/#author\",\"url\":\"https:\\\/\\\/candas365.es\\\/noticias\\\/author\\\/admin\\\/\",\"name\":\"Cand\\u00e1s 365\",\"image\":{\"@type\":\"ImageObject\",\"@id\":\"https:\\\/\\\/candas365.es\\\/noticias\\\/a-correr-el-lunes-en-orbita-laika\\\/#authorImage\",\"url\":\"https:\\\/\\\/secure.gravatar.com\\\/avatar\\\/496a8e03d0c493ede1718b7934145dbdf8d89be1036b0eec9544e1094c9de390?s=96&d=mm&r=g\",\"width\":96,\"height\":96,\"caption\":\"Cand\\u00e1s 365\"},\"sameAs\":[\"https:\\\/\\\/www.facebook.com\\\/carrenoactualidad\",\"https:\\\/\\\/twitter.com\\\/nbasturias\",\"https:\\\/\\\/www.instagram.com\\\/nachofdezber\\\/\",\"https:\\\/\\\/www.youtube.com\\\/channel\\\/UCZP-2wLEB9Rv6erhFmqVnvg\"]},{\"@type\":\"WebPage\",\"@id\":\"https:\\\/\\\/candas365.es\\\/noticias\\\/a-correr-el-lunes-en-orbita-laika\\\/#webpage\",\"url\":\"https:\\\/\\\/candas365.es\\\/noticias\\\/a-correr-el-lunes-en-orbita-laika\\\/\",\"name\":\"\\u00ab\\u00a1A correr\\u2019!\\u00bb el lunes en \\u00d3rbita Laika | Cand\\u00e1s 365\",\"description\":\"\\u2018Orbita Laika\\u2019, se adentra esta semana en el mundo del deporte en \\u2018\\u00a1A correr\\u2019!\\u2019. Junto a los expertos del programa, Eduardo S\\u00e1enz de Cabez\\u00f3n descubrir\\u00e1 las innovaciones m\\u00e1s punteras de la medicina deportiva, analizar\\u00e1 las claves de una buena estrategia y explicar\\u00e1 la verdad sobre los alimentos para deportistas. El deporte mueve al individuo. Su\",\"inLanguage\":\"es-ES\",\"isPartOf\":{\"@id\":\"https:\\\/\\\/candas365.es\\\/noticias\\\/#website\"},\"breadcrumb\":{\"@id\":\"https:\\\/\\\/candas365.es\\\/noticias\\\/a-correr-el-lunes-en-orbita-laika\\\/#breadcrumblist\"},\"author\":{\"@id\":\"https:\\\/\\\/candas365.es\\\/noticias\\\/author\\\/admin\\\/#author\"},\"creator\":{\"@id\":\"https:\\\/\\\/candas365.es\\\/noticias\\\/author\\\/admin\\\/#author\"},\"image\":{\"@type\":\"ImageObject\",\"url\":\"https:\\\/\\\/candas365.es\\\/noticias\\\/wp-content\\\/uploads\\\/2019\\\/04\\\/ndp-tele-1304201901.jpg\",\"@id\":\"https:\\\/\\\/candas365.es\\\/noticias\\\/a-correr-el-lunes-en-orbita-laika\\\/#mainImage\",\"width\":1600,\"height\":900},\"primaryImageOfPage\":{\"@id\":\"https:\\\/\\\/candas365.es\\\/noticias\\\/a-correr-el-lunes-en-orbita-laika\\\/#mainImage\"},\"datePublished\":\"2019-04-13T19:37:54+02:00\",\"dateModified\":\"2019-04-13T19:37:54+02:00\"},{\"@type\":\"WebSite\",\"@id\":\"https:\\\/\\\/candas365.es\\\/noticias\\\/#website\",\"url\":\"https:\\\/\\\/candas365.es\\\/noticias\\\/\",\"name\":\"Cand\\u00e1s 365\",\"alternateName\":\"Cand\\u00e1s 365 Noticias\",\"description\":\"Actualidad desde Carre\\u00f1o para el mundo\",\"inLanguage\":\"es-ES\",\"publisher\":{\"@id\":\"https:\\\/\\\/candas365.es\\\/noticias\\\/#organization\"}}]}\n\t\t<\/script>\n\t\t<!-- All in One SEO Pro -->\r\n\t\t<title>\u00ab\u00a1A correr\u2019!\u00bb el lunes en \u00d3rbita Laika | Cand\u00e1s 365<\/title>\n\n","aioseo_head_json":{"title":"\u00ab\u00a1A correr\u2019!\u00bb el lunes en \u00d3rbita Laika | Cand\u00e1s 365","description":"\u2018Orbita Laika\u2019, se adentra esta semana en el mundo del deporte en \u2018\u00a1A correr\u2019!\u2019. Junto a los expertos del programa, Eduardo S\u00e1enz de Cabez\u00f3n descubrir\u00e1 las innovaciones m\u00e1s punteras de la medicina deportiva, analizar\u00e1 las claves de una buena estrategia y explicar\u00e1 la verdad sobre los alimentos para deportistas. El deporte mueve al individuo. Su","canonical_url":"https:\/\/candas365.es\/noticias\/a-correr-el-lunes-en-orbita-laika\/","robots":"max-image-preview:large","keywords":"agenda","webmasterTools":{"google-site-verification":"UA-32230408-1","msvalidate.01":"354F3CDFB2DA171B47FBE9ABF1F88D5","miscellaneous":""},"schema":{"@context":"https:\/\/schema.org","@graph":[{"@type":"BreadcrumbList","@id":"https:\/\/candas365.es\/noticias\/a-correr-el-lunes-en-orbita-laika\/#breadcrumblist","itemListElement":[{"@type":"ListItem","@id":"https:\/\/candas365.es\/noticias#listItem","position":1,"name":"Home","item":"https:\/\/candas365.es\/noticias","nextItem":{"@type":"ListItem","@id":"https:\/\/candas365.es\/noticias\/category\/agenda\/#listItem","name":"Agenda"}},{"@type":"ListItem","@id":"https:\/\/candas365.es\/noticias\/category\/agenda\/#listItem","position":2,"name":"Agenda","item":"https:\/\/candas365.es\/noticias\/category\/agenda\/","nextItem":{"@type":"ListItem","@id":"https:\/\/candas365.es\/noticias\/a-correr-el-lunes-en-orbita-laika\/#listItem","name":"\u00ab\u00a1A correr\u2019!\u00bb el lunes en \u00d3rbita Laika"},"previousItem":{"@type":"ListItem","@id":"https:\/\/candas365.es\/noticias#listItem","name":"Home"}},{"@type":"ListItem","@id":"https:\/\/candas365.es\/noticias\/a-correr-el-lunes-en-orbita-laika\/#listItem","position":3,"name":"\u00ab\u00a1A correr\u2019!\u00bb el lunes en \u00d3rbita Laika","previousItem":{"@type":"ListItem","@id":"https:\/\/candas365.es\/noticias\/category\/agenda\/#listItem","name":"Agenda"}}]},{"@type":"NewsArticle","@id":"https:\/\/candas365.es\/noticias\/a-correr-el-lunes-en-orbita-laika\/#newsarticle","name":"\u00ab\u00a1A correr\u2019!\u00bb el lunes en \u00d3rbita Laika | Cand\u00e1s 365","headline":"\u00ab\u00a1A correr\u2019!\u00bb el lunes en \u00d3rbita Laika","author":{"@id":"https:\/\/candas365.es\/noticias\/author\/admin\/#author"},"publisher":{"@id":"https:\/\/candas365.es\/noticias\/#organization"},"image":{"@type":"ImageObject","url":"https:\/\/candas365.es\/noticias\/wp-content\/uploads\/2019\/04\/ndp-tele-1304201901.jpg","width":1600,"height":900},"datePublished":"2019-04-13T19:37:54+02:00","dateModified":"2019-04-13T19:37:54+02:00","inLanguage":"es-ES","mainEntityOfPage":{"@id":"https:\/\/candas365.es\/noticias\/a-correr-el-lunes-en-orbita-laika\/#webpage"},"isPartOf":{"@id":"https:\/\/candas365.es\/noticias\/a-correr-el-lunes-en-orbita-laika\/#webpage"},"articleSection":"Agenda","dateline":"Publicado el abril 13, 2019."},{"@type":"Organization","@id":"https:\/\/candas365.es\/noticias\/#organization","name":"Cand\u00e1s 365","description":"Cand\u00e1s 365 es un diario digital independiente, fundado en 2012, con base en Asturias. Informamos con rigor sobre actualidad, sociedad, cultura y ocio, con una mirada local y global.","url":"https:\/\/candas365.es\/noticias\/","email":"info@candas365.es","telephone":"+34652131393","foundingDate":"2012-06-10","logo":{"@type":"ImageObject","url":"https:\/\/candas365.es\/noticias\/wp-content\/uploads\/2024\/09\/Candas-365-Redes.jpg","@id":"https:\/\/candas365.es\/noticias\/a-correr-el-lunes-en-orbita-laika\/#organizationLogo","width":1152,"height":864,"caption":"Cand\u00e1s 365 Redes"},"image":{"@id":"https:\/\/candas365.es\/noticias\/a-correr-el-lunes-en-orbita-laika\/#organizationLogo"},"sameAs":["https:\/\/www.facebook.com\/Nachofdezber","https:\/\/x.com\/NabercoDigital","https:\/\/www.instagram.com\/nachofdezber\/","https:\/\/www.youtube.com\/channel\/UCZP-2wLEB9Rv6erhFmqVnvg"],"address":{"@id":"https:\/\/candas365.es\/noticias\/#postaladdress","@type":"PostalAddress","streetAddress":"san antonio 4, san antonio 4","postalCode":"33430","addressLocality":"Cand\u00e1s","addressRegion":"Asturias","addressCountry":"ES"}},{"@type":"Person","@id":"https:\/\/candas365.es\/noticias\/author\/admin\/#author","url":"https:\/\/candas365.es\/noticias\/author\/admin\/","name":"Cand\u00e1s 365","image":{"@type":"ImageObject","@id":"https:\/\/candas365.es\/noticias\/a-correr-el-lunes-en-orbita-laika\/#authorImage","url":"https:\/\/secure.gravatar.com\/avatar\/496a8e03d0c493ede1718b7934145dbdf8d89be1036b0eec9544e1094c9de390?s=96&d=mm&r=g","width":96,"height":96,"caption":"Cand\u00e1s 365"},"sameAs":["https:\/\/www.facebook.com\/carrenoactualidad","https:\/\/twitter.com\/nbasturias","https:\/\/www.instagram.com\/nachofdezber\/","https:\/\/www.youtube.com\/channel\/UCZP-2wLEB9Rv6erhFmqVnvg"]},{"@type":"WebPage","@id":"https:\/\/candas365.es\/noticias\/a-correr-el-lunes-en-orbita-laika\/#webpage","url":"https:\/\/candas365.es\/noticias\/a-correr-el-lunes-en-orbita-laika\/","name":"\u00ab\u00a1A correr\u2019!\u00bb el lunes en \u00d3rbita Laika | Cand\u00e1s 365","description":"\u2018Orbita Laika\u2019, se adentra esta semana en el mundo del deporte en \u2018\u00a1A correr\u2019!\u2019. Junto a los expertos del programa, Eduardo S\u00e1enz de Cabez\u00f3n descubrir\u00e1 las innovaciones m\u00e1s punteras de la medicina deportiva, analizar\u00e1 las claves de una buena estrategia y explicar\u00e1 la verdad sobre los alimentos para deportistas. El deporte mueve al individuo. Su","inLanguage":"es-ES","isPartOf":{"@id":"https:\/\/candas365.es\/noticias\/#website"},"breadcrumb":{"@id":"https:\/\/candas365.es\/noticias\/a-correr-el-lunes-en-orbita-laika\/#breadcrumblist"},"author":{"@id":"https:\/\/candas365.es\/noticias\/author\/admin\/#author"},"creator":{"@id":"https:\/\/candas365.es\/noticias\/author\/admin\/#author"},"image":{"@type":"ImageObject","url":"https:\/\/candas365.es\/noticias\/wp-content\/uploads\/2019\/04\/ndp-tele-1304201901.jpg","@id":"https:\/\/candas365.es\/noticias\/a-correr-el-lunes-en-orbita-laika\/#mainImage","width":1600,"height":900},"primaryImageOfPage":{"@id":"https:\/\/candas365.es\/noticias\/a-correr-el-lunes-en-orbita-laika\/#mainImage"},"datePublished":"2019-04-13T19:37:54+02:00","dateModified":"2019-04-13T19:37:54+02:00"},{"@type":"WebSite","@id":"https:\/\/candas365.es\/noticias\/#website","url":"https:\/\/candas365.es\/noticias\/","name":"Cand\u00e1s 365","alternateName":"Cand\u00e1s 365 Noticias","description":"Actualidad desde Carre\u00f1o para el mundo","inLanguage":"es-ES","publisher":{"@id":"https:\/\/candas365.es\/noticias\/#organization"}}]},"og:locale":"es_ES","og:site_name":"Cand\u00e1s 365","og:type":"article","og:title":"\u00ab\u00a1A correr\u2019!\u00bb el lunes en \u00d3rbita Laika | Cand\u00e1s 365","og:description":"\u2018Orbita Laika\u2019, se adentra esta semana en el mundo del deporte en \u2018\u00a1A correr\u2019!\u2019. Junto a los expertos del programa, Eduardo S\u00e1enz de Cabez\u00f3n descubrir\u00e1 las innovaciones m\u00e1s punteras de la medicina deportiva, analizar\u00e1 las claves de una buena estrategia y explicar\u00e1 la verdad sobre los alimentos para deportistas. El deporte mueve al individuo. Su","og:url":"https:\/\/candas365.es\/noticias\/a-correr-el-lunes-en-orbita-laika\/","og:image":"https:\/\/candas365.es\/noticias\/wp-content\/uploads\/2019\/04\/ndp-tele-1304201901.jpg","og:image:secure_url":"https:\/\/candas365.es\/noticias\/wp-content\/uploads\/2019\/04\/ndp-tele-1304201901.jpg","og:image:width":1600,"og:image:height":900,"article:published_time":"2019-04-13T19:37:54+00:00","article:modified_time":"2019-04-13T19:37:54+00:00","article:publisher":"https:\/\/www.facebook.com\/Nachofdezber","article:author":"https:\/\/www.facebook.com\/carrenoactualidad","twitter:card":"summary_large_image","twitter:site":"@NabercoDigital","twitter:title":"\u00ab\u00a1A correr\u2019!\u00bb el lunes en \u00d3rbita Laika | Cand\u00e1s 365","twitter:description":"\u2018Orbita Laika\u2019, se adentra esta semana en el mundo del deporte en \u2018\u00a1A correr\u2019!\u2019. Junto a los expertos del programa, Eduardo S\u00e1enz de Cabez\u00f3n descubrir\u00e1 las innovaciones m\u00e1s punteras de la medicina deportiva, analizar\u00e1 las claves de una buena estrategia y explicar\u00e1 la verdad sobre los alimentos para deportistas. El deporte mueve al individuo. Su","twitter:creator":"@nbasturias","twitter:image":"https:\/\/candas365.es\/noticias\/wp-content\/uploads\/2019\/04\/ndp-tele-1304201901.jpg","twitter:label1":"Escrito por","twitter:data1":"Cand\u00e1s 365","twitter:label2":"Tiempo de lectura estimado","twitter:data2":"1 minuto"},"aioseo_meta_data":{"post_id":"120759","title":null,"description":null,"keywords":null,"keyphrases":null,"primary_term":null,"canonical_url":null,"og_title":null,"og_description":null,"og_object_type":"default","og_image_type":"default","og_image_url":null,"og_image_width":null,"og_image_height":null,"og_image_custom_url":null,"og_image_custom_fields":null,"og_video":null,"og_custom_url":null,"og_article_section":null,"og_article_tags":null,"twitter_use_og":false,"twitter_card":"default","twitter_image_type":"default","twitter_image_url":null,"twitter_image_custom_url":null,"twitter_image_custom_fields":null,"twitter_title":null,"twitter_description":null,"schema":{"blockGraphs":[],"customGraphs":[],"default":{"data":{"Article":[],"Course":[],"Dataset":[],"FAQPage":[],"Movie":[],"Person":[],"Product":[],"ProductReview":[],"Car":[],"Recipe":[],"Service":[],"SoftwareApplication":[],"WebPage":[]},"graphName":"","isEnabled":true},"graphs":[],"defaultGraph":"","defaultPostTypeGraph":""},"schema_type":null,"schema_type_options":null,"pillar_content":false,"robots_default":true,"robots_noindex":false,"robots_noarchive":false,"robots_nosnippet":false,"robots_nofollow":false,"robots_noimageindex":false,"robots_noodp":false,"robots_notranslate":false,"robots_max_snippet":null,"robots_max_videopreview":null,"robots_max_imagepreview":"large","priority":null,"frequency":null,"location":null,"local_seo":null,"seo_analyzer_scan_date":"2025-08-29 18:10:27","breadcrumb_settings":null,"limit_modified_date":false,"reviewed_by":null,"open_ai":null,"ai":null,"created":"2020-12-21 10:58:41","updated":"2025-08-29 18:10:27"},"aioseo_breadcrumb":"<div class=\"aioseo-breadcrumbs\"><span class=\"aioseo-breadcrumb\">\n\t<a href=\"https:\/\/candas365.es\/noticias\" title=\"Home\">Home<\/a>\n<\/span><span class=\"aioseo-breadcrumb-separator\">&ndash;<\/span><span class=\"aioseo-breadcrumb\">\n\t<a href=\"https:\/\/candas365.es\/noticias\/category\/agenda\/\" title=\"Agenda\">Agenda<\/a>\n<\/span><span class=\"aioseo-breadcrumb-separator\">&ndash;<\/span><span class=\"aioseo-breadcrumb\">\n\t\u00ab\u00a1A correr\u2019!\u00bb el lunes en \u00d3rbita Laika\n<\/span><\/div>","aioseo_breadcrumb_json":[{"label":"Home","link":"https:\/\/candas365.es\/noticias"},{"label":"Agenda","link":"https:\/\/candas365.es\/noticias\/category\/agenda\/"},{"label":"\u00ab\u00a1A correr\u2019!\u00bb el lunes en \u00d3rbita Laika","link":"https:\/\/candas365.es\/noticias\/a-correr-el-lunes-en-orbita-laika\/"}],"_links":{"self":[{"href":"https:\/\/candas365.es\/noticias\/wp-json\/wp\/v2\/posts\/120759","targetHints":{"allow":["GET"]}}],"collection":[{"href":"https:\/\/candas365.es\/noticias\/wp-json\/wp\/v2\/posts"}],"about":[{"href":"https:\/\/candas365.es\/noticias\/wp-json\/wp\/v2\/types\/post"}],"author":[{"embeddable":true,"href":"https:\/\/candas365.es\/noticias\/wp-json\/wp\/v2\/users\/1"}],"replies":[{"embeddable":true,"href":"https:\/\/candas365.es\/noticias\/wp-json\/wp\/v2\/comments?post=120759"}],"version-history":[{"count":0,"href":"https:\/\/candas365.es\/noticias\/wp-json\/wp\/v2\/posts\/120759\/revisions"}],"wp:featuredmedia":[{"embeddable":true,"href":"https:\/\/candas365.es\/noticias\/wp-json\/wp\/v2\/media\/120760"}],"wp:attachment":[{"href":"https:\/\/candas365.es\/noticias\/wp-json\/wp\/v2\/media?parent=120759"}],"wp:term":[{"taxonomy":"category","embeddable":true,"href":"https:\/\/candas365.es\/noticias\/wp-json\/wp\/v2\/categories?post=120759"},{"taxonomy":"post_tag","embeddable":true,"href":"https:\/\/candas365.es\/noticias\/wp-json\/wp\/v2\/tags?post=120759"}],"curies":[{"name":"wp","href":"https:\/\/api.w.org\/{rel}","templated":true}]}}