{"id":120726,"date":"2019-04-13T16:45:34","date_gmt":"2019-04-13T16:45:34","guid":{"rendered":"http:\/\/candas365.es\/noticias\/?p=120726"},"modified":"2019-04-13T16:45:34","modified_gmt":"2019-04-13T16:45:34","slug":"proyecto-arkano-hablara-esta-semana-sobre-la-imagen","status":"publish","type":"post","link":"https:\/\/candas365.es\/noticias\/proyecto-arkano-hablara-esta-semana-sobre-la-imagen\/","title":{"rendered":"\u00abProyecto Arkano\u00bb hablar\u00e1 esta semana sobre la imagen"},"content":{"rendered":"<p><img fetchpriority=\"high\" decoding=\"async\" class=\"alignleft size-medium wp-image-117745\" src=\"https:\/\/candas365.es\/noticias\/wp-content\/uploads\/2019\/03\/pedestrians-400811_960_720-360x238.jpg\" alt=\"\" width=\"360\" height=\"238\" srcset=\"https:\/\/candas365.es\/noticias\/wp-content\/uploads\/2019\/03\/pedestrians-400811_960_720-360x238.jpg 360w, https:\/\/candas365.es\/noticias\/wp-content\/uploads\/2019\/03\/pedestrians-400811_960_720-768x508.jpg 768w, https:\/\/candas365.es\/noticias\/wp-content\/uploads\/2019\/03\/pedestrians-400811_960_720-655x433.jpg 655w, https:\/\/candas365.es\/noticias\/wp-content\/uploads\/2019\/03\/pedestrians-400811_960_720-696x460.jpg 696w, https:\/\/candas365.es\/noticias\/wp-content\/uploads\/2019\/03\/pedestrians-400811_960_720-635x420.jpg 635w, https:\/\/candas365.es\/noticias\/wp-content\/uploads\/2019\/03\/pedestrians-400811_960_720.jpg 960w\" sizes=\"(max-width: 360px) 100vw, 360px\" \/>\u2018Proyecto Arkano\u2019 hablar\u00e1 esta semana sobre la imagen. Rakso, Bruno, Cristina, Laia, Judit y \u00d3scar, j\u00f3venes de entre 18 y 20 que participan en el programa, debatir\u00e1n sobre el tema y contar\u00e1n sus impresiones sobre la importancia de la imagen en la sociedad y lo que implica para ellos el culto a la imagen.<\/p>\n<p>\u2018Proyecto Arkano\u2019 dedica su s\u00e9ptima entrega al culto a la imagen f\u00edsica en existente en la sociedad actual, con especial incidencia en los adolescentes. Tatuajes, operaciones de est\u00e9tica, maquillaje o deporte destinado a moldear el cuerpo, son algunos de los \u00edtems sobre el que los protagonistas hablar\u00e1n con Arkano.<\/p>\n<p>El programa hablar\u00e1 sobre la importancia de la imagen para los j\u00f3venes. C\u00f3mo se proyectan ellos y la importancia de lo que opinan los dem\u00e1s. Ir\u00e1 de compras con Rakso y Bruno, y acompa\u00f1ar\u00e1 a Laia y a su abuela a un sal\u00f3n de manicura.<\/p>\n<p>Los chavales de \u2018Proyecto Arkano\u2019 tambi\u00e9n hablar\u00e1n de c\u00f3mo los c\u00e1nones de belleza establecidos por el cine, la televisi\u00f3n y la publicidad, les influyen de manera decisiva en la visi\u00f3n de sus propios cuerpos. De hecho, la mayor\u00eda de participantes del programa se muestra dispuesta a someterse a operaciones de cirug\u00eda est\u00e9tica. \u2018Proyecto Arkano\u2019 ser\u00e1 testigo, adem\u00e1s, de c\u00f3mo una de las participantes, Cristina, se somete a una sesi\u00f3n de moldeado de labios.<\/p>\n<p>El reverso de la moneda son los trastornos alimentarios que padecen los j\u00f3venes, especialmente las mujeres, por intentar encajar en los c\u00e1nones de belleza actuales basados en la delgadez. En este programa, Arkano escuchar\u00e1 el testimonio de alguna de las participantes que sufri\u00f3 estos trastornos.<\/p>\n","protected":false},"excerpt":{"rendered":"<p>\u2018Proyecto Arkano\u2019 hablar\u00e1 esta semana sobre la imagen. Rakso, Bruno, Cristina, Laia, Judit y \u00d3scar, j\u00f3venes de entre 18 y 20 que participan en el programa, debatir\u00e1n sobre el tema y contar\u00e1n sus impresiones sobre la importancia de la imagen en la sociedad y lo que implica para ellos el culto a la imagen. \u2018Proyecto<\/p>\n","protected":false},"author":1,"featured_media":117745,"comment_status":"closed","ping_status":"closed","sticky":false,"template":"","format":"standard","meta":{"footnotes":""},"categories":[1],"tags":[],"class_list":{"0":"post-120726","1":"post","2":"type-post","3":"status-publish","4":"format-standard","5":"has-post-thumbnail","7":"category-agenda"},"aioseo_notices":[],"aioseo_head":"\n\t\t<!-- All in One SEO Pro 4.9.6.2 - aioseo.com -->\n\t<meta name=\"description\" content=\"\u2018Proyecto Arkano\u2019 hablar\u00e1 esta semana sobre la imagen. Rakso, Bruno, Cristina, Laia, Judit y \u00d3scar, j\u00f3venes de entre 18 y 20 que participan en el programa, debatir\u00e1n sobre el tema y contar\u00e1n sus impresiones sobre la importancia de la imagen en la sociedad y lo que implica para ellos el culto a la imagen. \u2018Proyecto\" \/>\n\t<meta name=\"robots\" content=\"max-image-preview:large\" \/>\n\t<meta name=\"author\" content=\"Cand\u00e1s 365\"\/>\n\t<meta name=\"google-site-verification\" content=\"UA-32230408-1\" \/>\n\t<meta name=\"msvalidate.01\" content=\"354F3CDFB2DA171B47FBE9ABF1F88D5\" \/>\n\t<meta name=\"keywords\" content=\"agenda\" \/>\n\t<link rel=\"canonical\" href=\"https:\/\/candas365.es\/noticias\/proyecto-arkano-hablara-esta-semana-sobre-la-imagen\/\" \/>\n\t<meta name=\"generator\" content=\"All in One SEO Pro (AIOSEO) 4.9.6.2\" \/>\n\t\t<meta property=\"og:locale\" content=\"es_ES\" \/>\n\t\t<meta property=\"og:site_name\" content=\"Cand\u00e1s 365\" \/>\n\t\t<meta property=\"og:type\" content=\"article\" \/>\n\t\t<meta property=\"og:title\" content=\"\u00abProyecto Arkano\u00bb hablar\u00e1 esta semana sobre la imagen | Cand\u00e1s 365\" \/>\n\t\t<meta property=\"og:description\" content=\"\u2018Proyecto Arkano\u2019 hablar\u00e1 esta semana sobre la imagen. Rakso, Bruno, Cristina, Laia, Judit y \u00d3scar, j\u00f3venes de entre 18 y 20 que participan en el programa, debatir\u00e1n sobre el tema y contar\u00e1n sus impresiones sobre la importancia de la imagen en la sociedad y lo que implica para ellos el culto a la imagen. \u2018Proyecto\" \/>\n\t\t<meta property=\"og:url\" content=\"https:\/\/candas365.es\/noticias\/proyecto-arkano-hablara-esta-semana-sobre-la-imagen\/\" \/>\n\t\t<meta property=\"og:image\" content=\"https:\/\/candas365.es\/noticias\/wp-content\/uploads\/2019\/03\/pedestrians-400811_960_720.jpg\" \/>\n\t\t<meta property=\"og:image:secure_url\" content=\"https:\/\/candas365.es\/noticias\/wp-content\/uploads\/2019\/03\/pedestrians-400811_960_720.jpg\" \/>\n\t\t<meta property=\"og:image:width\" content=\"960\" \/>\n\t\t<meta property=\"og:image:height\" content=\"635\" \/>\n\t\t<meta property=\"article:published_time\" content=\"2019-04-13T16:45:34+00:00\" \/>\n\t\t<meta property=\"article:modified_time\" content=\"2019-04-13T16:45:34+00:00\" \/>\n\t\t<meta property=\"article:publisher\" content=\"https:\/\/www.facebook.com\/Nachofdezber\" \/>\n\t\t<meta property=\"article:author\" content=\"https:\/\/www.facebook.com\/carrenoactualidad\" \/>\n\t\t<meta name=\"twitter:card\" content=\"summary_large_image\" \/>\n\t\t<meta name=\"twitter:site\" content=\"@NabercoDigital\" \/>\n\t\t<meta name=\"twitter:title\" content=\"\u00abProyecto Arkano\u00bb hablar\u00e1 esta semana sobre la imagen | Cand\u00e1s 365\" \/>\n\t\t<meta name=\"twitter:description\" content=\"\u2018Proyecto Arkano\u2019 hablar\u00e1 esta semana sobre la imagen. Rakso, Bruno, Cristina, Laia, Judit y \u00d3scar, j\u00f3venes de entre 18 y 20 que participan en el programa, debatir\u00e1n sobre el tema y contar\u00e1n sus impresiones sobre la importancia de la imagen en la sociedad y lo que implica para ellos el culto a la imagen. \u2018Proyecto\" \/>\n\t\t<meta name=\"twitter:creator\" content=\"@nbasturias\" \/>\n\t\t<meta name=\"twitter:image\" content=\"https:\/\/candas365.es\/noticias\/wp-content\/uploads\/2019\/03\/pedestrians-400811_960_720.jpg\" \/>\n\t\t<meta name=\"twitter:label1\" content=\"Escrito por\" \/>\n\t\t<meta name=\"twitter:data1\" content=\"Cand\u00e1s 365\" \/>\n\t\t<meta name=\"twitter:label2\" content=\"Tiempo de lectura estimado\" \/>\n\t\t<meta name=\"twitter:data2\" content=\"1 minuto\" \/>\n\t\t<script type=\"application\/ld+json\" class=\"aioseo-schema\">\n\t\t\t{\"@context\":\"https:\\\/\\\/schema.org\",\"@graph\":[{\"@type\":\"BreadcrumbList\",\"@id\":\"https:\\\/\\\/candas365.es\\\/noticias\\\/proyecto-arkano-hablara-esta-semana-sobre-la-imagen\\\/#breadcrumblist\",\"itemListElement\":[{\"@type\":\"ListItem\",\"@id\":\"https:\\\/\\\/candas365.es\\\/noticias#listItem\",\"position\":1,\"name\":\"Home\",\"item\":\"https:\\\/\\\/candas365.es\\\/noticias\",\"nextItem\":{\"@type\":\"ListItem\",\"@id\":\"https:\\\/\\\/candas365.es\\\/noticias\\\/category\\\/agenda\\\/#listItem\",\"name\":\"Agenda\"}},{\"@type\":\"ListItem\",\"@id\":\"https:\\\/\\\/candas365.es\\\/noticias\\\/category\\\/agenda\\\/#listItem\",\"position\":2,\"name\":\"Agenda\",\"item\":\"https:\\\/\\\/candas365.es\\\/noticias\\\/category\\\/agenda\\\/\",\"nextItem\":{\"@type\":\"ListItem\",\"@id\":\"https:\\\/\\\/candas365.es\\\/noticias\\\/proyecto-arkano-hablara-esta-semana-sobre-la-imagen\\\/#listItem\",\"name\":\"\\u00abProyecto Arkano\\u00bb hablar\\u00e1 esta semana sobre la imagen\"},\"previousItem\":{\"@type\":\"ListItem\",\"@id\":\"https:\\\/\\\/candas365.es\\\/noticias#listItem\",\"name\":\"Home\"}},{\"@type\":\"ListItem\",\"@id\":\"https:\\\/\\\/candas365.es\\\/noticias\\\/proyecto-arkano-hablara-esta-semana-sobre-la-imagen\\\/#listItem\",\"position\":3,\"name\":\"\\u00abProyecto Arkano\\u00bb hablar\\u00e1 esta semana sobre la imagen\",\"previousItem\":{\"@type\":\"ListItem\",\"@id\":\"https:\\\/\\\/candas365.es\\\/noticias\\\/category\\\/agenda\\\/#listItem\",\"name\":\"Agenda\"}}]},{\"@type\":\"NewsArticle\",\"@id\":\"https:\\\/\\\/candas365.es\\\/noticias\\\/proyecto-arkano-hablara-esta-semana-sobre-la-imagen\\\/#newsarticle\",\"name\":\"\\u00abProyecto Arkano\\u00bb hablar\\u00e1 esta semana sobre la imagen | Cand\\u00e1s 365\",\"headline\":\"\\u00abProyecto Arkano\\u00bb hablar\\u00e1 esta semana sobre la imagen\",\"author\":{\"@id\":\"https:\\\/\\\/candas365.es\\\/noticias\\\/author\\\/admin\\\/#author\"},\"publisher\":{\"@id\":\"https:\\\/\\\/candas365.es\\\/noticias\\\/#organization\"},\"image\":{\"@type\":\"ImageObject\",\"url\":\"https:\\\/\\\/candas365.es\\\/noticias\\\/wp-content\\\/uploads\\\/2019\\\/03\\\/pedestrians-400811_960_720.jpg\",\"width\":960,\"height\":635},\"datePublished\":\"2019-04-13T16:45:34+02:00\",\"dateModified\":\"2019-04-13T16:45:34+02:00\",\"inLanguage\":\"es-ES\",\"mainEntityOfPage\":{\"@id\":\"https:\\\/\\\/candas365.es\\\/noticias\\\/proyecto-arkano-hablara-esta-semana-sobre-la-imagen\\\/#webpage\"},\"isPartOf\":{\"@id\":\"https:\\\/\\\/candas365.es\\\/noticias\\\/proyecto-arkano-hablara-esta-semana-sobre-la-imagen\\\/#webpage\"},\"articleSection\":\"Agenda\",\"dateline\":\"Publicado el abril 13, 2019.\"},{\"@type\":\"Organization\",\"@id\":\"https:\\\/\\\/candas365.es\\\/noticias\\\/#organization\",\"name\":\"Cand\\u00e1s 365\",\"description\":\"Cand\\u00e1s 365 es un diario digital independiente, fundado en 2012, con base en Asturias. Informamos con rigor sobre actualidad, sociedad, cultura y ocio, con una mirada local y global.\",\"url\":\"https:\\\/\\\/candas365.es\\\/noticias\\\/\",\"email\":\"info@candas365.es\",\"telephone\":\"+34652131393\",\"foundingDate\":\"2012-06-10\",\"logo\":{\"@type\":\"ImageObject\",\"url\":\"https:\\\/\\\/candas365.es\\\/noticias\\\/wp-content\\\/uploads\\\/2024\\\/09\\\/Candas-365-Redes.jpg\",\"@id\":\"https:\\\/\\\/candas365.es\\\/noticias\\\/proyecto-arkano-hablara-esta-semana-sobre-la-imagen\\\/#organizationLogo\",\"width\":1152,\"height\":864,\"caption\":\"Cand\\u00e1s 365 Redes\"},\"image\":{\"@id\":\"https:\\\/\\\/candas365.es\\\/noticias\\\/proyecto-arkano-hablara-esta-semana-sobre-la-imagen\\\/#organizationLogo\"},\"sameAs\":[\"https:\\\/\\\/www.facebook.com\\\/Nachofdezber\",\"https:\\\/\\\/x.com\\\/NabercoDigital\",\"https:\\\/\\\/www.instagram.com\\\/nachofdezber\\\/\",\"https:\\\/\\\/www.youtube.com\\\/channel\\\/UCZP-2wLEB9Rv6erhFmqVnvg\"],\"address\":{\"@id\":\"https:\\\/\\\/candas365.es\\\/noticias\\\/#postaladdress\",\"@type\":\"PostalAddress\",\"streetAddress\":\"san antonio 4, san antonio 4\",\"postalCode\":\"33430\",\"addressLocality\":\"Cand\\u00e1s\",\"addressRegion\":\"Asturias\",\"addressCountry\":\"ES\"}},{\"@type\":\"Person\",\"@id\":\"https:\\\/\\\/candas365.es\\\/noticias\\\/author\\\/admin\\\/#author\",\"url\":\"https:\\\/\\\/candas365.es\\\/noticias\\\/author\\\/admin\\\/\",\"name\":\"Cand\\u00e1s 365\",\"image\":{\"@type\":\"ImageObject\",\"@id\":\"https:\\\/\\\/candas365.es\\\/noticias\\\/proyecto-arkano-hablara-esta-semana-sobre-la-imagen\\\/#authorImage\",\"url\":\"https:\\\/\\\/secure.gravatar.com\\\/avatar\\\/496a8e03d0c493ede1718b7934145dbdf8d89be1036b0eec9544e1094c9de390?s=96&d=mm&r=g\",\"width\":96,\"height\":96,\"caption\":\"Cand\\u00e1s 365\"},\"sameAs\":[\"https:\\\/\\\/www.facebook.com\\\/carrenoactualidad\",\"https:\\\/\\\/twitter.com\\\/nbasturias\",\"https:\\\/\\\/www.instagram.com\\\/nachofdezber\\\/\",\"https:\\\/\\\/www.youtube.com\\\/channel\\\/UCZP-2wLEB9Rv6erhFmqVnvg\"]},{\"@type\":\"WebPage\",\"@id\":\"https:\\\/\\\/candas365.es\\\/noticias\\\/proyecto-arkano-hablara-esta-semana-sobre-la-imagen\\\/#webpage\",\"url\":\"https:\\\/\\\/candas365.es\\\/noticias\\\/proyecto-arkano-hablara-esta-semana-sobre-la-imagen\\\/\",\"name\":\"\\u00abProyecto Arkano\\u00bb hablar\\u00e1 esta semana sobre la imagen | Cand\\u00e1s 365\",\"description\":\"\\u2018Proyecto Arkano\\u2019 hablar\\u00e1 esta semana sobre la imagen. Rakso, Bruno, Cristina, Laia, Judit y \\u00d3scar, j\\u00f3venes de entre 18 y 20 que participan en el programa, debatir\\u00e1n sobre el tema y contar\\u00e1n sus impresiones sobre la importancia de la imagen en la sociedad y lo que implica para ellos el culto a la imagen. \\u2018Proyecto\",\"inLanguage\":\"es-ES\",\"isPartOf\":{\"@id\":\"https:\\\/\\\/candas365.es\\\/noticias\\\/#website\"},\"breadcrumb\":{\"@id\":\"https:\\\/\\\/candas365.es\\\/noticias\\\/proyecto-arkano-hablara-esta-semana-sobre-la-imagen\\\/#breadcrumblist\"},\"author\":{\"@id\":\"https:\\\/\\\/candas365.es\\\/noticias\\\/author\\\/admin\\\/#author\"},\"creator\":{\"@id\":\"https:\\\/\\\/candas365.es\\\/noticias\\\/author\\\/admin\\\/#author\"},\"image\":{\"@type\":\"ImageObject\",\"url\":\"https:\\\/\\\/candas365.es\\\/noticias\\\/wp-content\\\/uploads\\\/2019\\\/03\\\/pedestrians-400811_960_720.jpg\",\"@id\":\"https:\\\/\\\/candas365.es\\\/noticias\\\/proyecto-arkano-hablara-esta-semana-sobre-la-imagen\\\/#mainImage\",\"width\":960,\"height\":635},\"primaryImageOfPage\":{\"@id\":\"https:\\\/\\\/candas365.es\\\/noticias\\\/proyecto-arkano-hablara-esta-semana-sobre-la-imagen\\\/#mainImage\"},\"datePublished\":\"2019-04-13T16:45:34+02:00\",\"dateModified\":\"2019-04-13T16:45:34+02:00\"},{\"@type\":\"WebSite\",\"@id\":\"https:\\\/\\\/candas365.es\\\/noticias\\\/#website\",\"url\":\"https:\\\/\\\/candas365.es\\\/noticias\\\/\",\"name\":\"Cand\\u00e1s 365\",\"alternateName\":\"Cand\\u00e1s 365 Noticias\",\"description\":\"Actualidad desde Carre\\u00f1o para el mundo\",\"inLanguage\":\"es-ES\",\"publisher\":{\"@id\":\"https:\\\/\\\/candas365.es\\\/noticias\\\/#organization\"}}]}\n\t\t<\/script>\n\t\t<!-- All in One SEO Pro -->\r\n\t\t<title>\u00abProyecto Arkano\u00bb hablar\u00e1 esta semana sobre la imagen | Cand\u00e1s 365<\/title>\n\n","aioseo_head_json":{"title":"\u00abProyecto Arkano\u00bb hablar\u00e1 esta semana sobre la imagen | Cand\u00e1s 365","description":"\u2018Proyecto Arkano\u2019 hablar\u00e1 esta semana sobre la imagen. Rakso, Bruno, Cristina, Laia, Judit y \u00d3scar, j\u00f3venes de entre 18 y 20 que participan en el programa, debatir\u00e1n sobre el tema y contar\u00e1n sus impresiones sobre la importancia de la imagen en la sociedad y lo que implica para ellos el culto a la imagen. \u2018Proyecto","canonical_url":"https:\/\/candas365.es\/noticias\/proyecto-arkano-hablara-esta-semana-sobre-la-imagen\/","robots":"max-image-preview:large","keywords":"agenda","webmasterTools":{"google-site-verification":"UA-32230408-1","msvalidate.01":"354F3CDFB2DA171B47FBE9ABF1F88D5","miscellaneous":""},"schema":{"@context":"https:\/\/schema.org","@graph":[{"@type":"BreadcrumbList","@id":"https:\/\/candas365.es\/noticias\/proyecto-arkano-hablara-esta-semana-sobre-la-imagen\/#breadcrumblist","itemListElement":[{"@type":"ListItem","@id":"https:\/\/candas365.es\/noticias#listItem","position":1,"name":"Home","item":"https:\/\/candas365.es\/noticias","nextItem":{"@type":"ListItem","@id":"https:\/\/candas365.es\/noticias\/category\/agenda\/#listItem","name":"Agenda"}},{"@type":"ListItem","@id":"https:\/\/candas365.es\/noticias\/category\/agenda\/#listItem","position":2,"name":"Agenda","item":"https:\/\/candas365.es\/noticias\/category\/agenda\/","nextItem":{"@type":"ListItem","@id":"https:\/\/candas365.es\/noticias\/proyecto-arkano-hablara-esta-semana-sobre-la-imagen\/#listItem","name":"\u00abProyecto Arkano\u00bb hablar\u00e1 esta semana sobre la imagen"},"previousItem":{"@type":"ListItem","@id":"https:\/\/candas365.es\/noticias#listItem","name":"Home"}},{"@type":"ListItem","@id":"https:\/\/candas365.es\/noticias\/proyecto-arkano-hablara-esta-semana-sobre-la-imagen\/#listItem","position":3,"name":"\u00abProyecto Arkano\u00bb hablar\u00e1 esta semana sobre la imagen","previousItem":{"@type":"ListItem","@id":"https:\/\/candas365.es\/noticias\/category\/agenda\/#listItem","name":"Agenda"}}]},{"@type":"NewsArticle","@id":"https:\/\/candas365.es\/noticias\/proyecto-arkano-hablara-esta-semana-sobre-la-imagen\/#newsarticle","name":"\u00abProyecto Arkano\u00bb hablar\u00e1 esta semana sobre la imagen | Cand\u00e1s 365","headline":"\u00abProyecto Arkano\u00bb hablar\u00e1 esta semana sobre la imagen","author":{"@id":"https:\/\/candas365.es\/noticias\/author\/admin\/#author"},"publisher":{"@id":"https:\/\/candas365.es\/noticias\/#organization"},"image":{"@type":"ImageObject","url":"https:\/\/candas365.es\/noticias\/wp-content\/uploads\/2019\/03\/pedestrians-400811_960_720.jpg","width":960,"height":635},"datePublished":"2019-04-13T16:45:34+02:00","dateModified":"2019-04-13T16:45:34+02:00","inLanguage":"es-ES","mainEntityOfPage":{"@id":"https:\/\/candas365.es\/noticias\/proyecto-arkano-hablara-esta-semana-sobre-la-imagen\/#webpage"},"isPartOf":{"@id":"https:\/\/candas365.es\/noticias\/proyecto-arkano-hablara-esta-semana-sobre-la-imagen\/#webpage"},"articleSection":"Agenda","dateline":"Publicado el abril 13, 2019."},{"@type":"Organization","@id":"https:\/\/candas365.es\/noticias\/#organization","name":"Cand\u00e1s 365","description":"Cand\u00e1s 365 es un diario digital independiente, fundado en 2012, con base en Asturias. Informamos con rigor sobre actualidad, sociedad, cultura y ocio, con una mirada local y global.","url":"https:\/\/candas365.es\/noticias\/","email":"info@candas365.es","telephone":"+34652131393","foundingDate":"2012-06-10","logo":{"@type":"ImageObject","url":"https:\/\/candas365.es\/noticias\/wp-content\/uploads\/2024\/09\/Candas-365-Redes.jpg","@id":"https:\/\/candas365.es\/noticias\/proyecto-arkano-hablara-esta-semana-sobre-la-imagen\/#organizationLogo","width":1152,"height":864,"caption":"Cand\u00e1s 365 Redes"},"image":{"@id":"https:\/\/candas365.es\/noticias\/proyecto-arkano-hablara-esta-semana-sobre-la-imagen\/#organizationLogo"},"sameAs":["https:\/\/www.facebook.com\/Nachofdezber","https:\/\/x.com\/NabercoDigital","https:\/\/www.instagram.com\/nachofdezber\/","https:\/\/www.youtube.com\/channel\/UCZP-2wLEB9Rv6erhFmqVnvg"],"address":{"@id":"https:\/\/candas365.es\/noticias\/#postaladdress","@type":"PostalAddress","streetAddress":"san antonio 4, san antonio 4","postalCode":"33430","addressLocality":"Cand\u00e1s","addressRegion":"Asturias","addressCountry":"ES"}},{"@type":"Person","@id":"https:\/\/candas365.es\/noticias\/author\/admin\/#author","url":"https:\/\/candas365.es\/noticias\/author\/admin\/","name":"Cand\u00e1s 365","image":{"@type":"ImageObject","@id":"https:\/\/candas365.es\/noticias\/proyecto-arkano-hablara-esta-semana-sobre-la-imagen\/#authorImage","url":"https:\/\/secure.gravatar.com\/avatar\/496a8e03d0c493ede1718b7934145dbdf8d89be1036b0eec9544e1094c9de390?s=96&d=mm&r=g","width":96,"height":96,"caption":"Cand\u00e1s 365"},"sameAs":["https:\/\/www.facebook.com\/carrenoactualidad","https:\/\/twitter.com\/nbasturias","https:\/\/www.instagram.com\/nachofdezber\/","https:\/\/www.youtube.com\/channel\/UCZP-2wLEB9Rv6erhFmqVnvg"]},{"@type":"WebPage","@id":"https:\/\/candas365.es\/noticias\/proyecto-arkano-hablara-esta-semana-sobre-la-imagen\/#webpage","url":"https:\/\/candas365.es\/noticias\/proyecto-arkano-hablara-esta-semana-sobre-la-imagen\/","name":"\u00abProyecto Arkano\u00bb hablar\u00e1 esta semana sobre la imagen | Cand\u00e1s 365","description":"\u2018Proyecto Arkano\u2019 hablar\u00e1 esta semana sobre la imagen. Rakso, Bruno, Cristina, Laia, Judit y \u00d3scar, j\u00f3venes de entre 18 y 20 que participan en el programa, debatir\u00e1n sobre el tema y contar\u00e1n sus impresiones sobre la importancia de la imagen en la sociedad y lo que implica para ellos el culto a la imagen. \u2018Proyecto","inLanguage":"es-ES","isPartOf":{"@id":"https:\/\/candas365.es\/noticias\/#website"},"breadcrumb":{"@id":"https:\/\/candas365.es\/noticias\/proyecto-arkano-hablara-esta-semana-sobre-la-imagen\/#breadcrumblist"},"author":{"@id":"https:\/\/candas365.es\/noticias\/author\/admin\/#author"},"creator":{"@id":"https:\/\/candas365.es\/noticias\/author\/admin\/#author"},"image":{"@type":"ImageObject","url":"https:\/\/candas365.es\/noticias\/wp-content\/uploads\/2019\/03\/pedestrians-400811_960_720.jpg","@id":"https:\/\/candas365.es\/noticias\/proyecto-arkano-hablara-esta-semana-sobre-la-imagen\/#mainImage","width":960,"height":635},"primaryImageOfPage":{"@id":"https:\/\/candas365.es\/noticias\/proyecto-arkano-hablara-esta-semana-sobre-la-imagen\/#mainImage"},"datePublished":"2019-04-13T16:45:34+02:00","dateModified":"2019-04-13T16:45:34+02:00"},{"@type":"WebSite","@id":"https:\/\/candas365.es\/noticias\/#website","url":"https:\/\/candas365.es\/noticias\/","name":"Cand\u00e1s 365","alternateName":"Cand\u00e1s 365 Noticias","description":"Actualidad desde Carre\u00f1o para el mundo","inLanguage":"es-ES","publisher":{"@id":"https:\/\/candas365.es\/noticias\/#organization"}}]},"og:locale":"es_ES","og:site_name":"Cand\u00e1s 365","og:type":"article","og:title":"\u00abProyecto Arkano\u00bb hablar\u00e1 esta semana sobre la imagen | Cand\u00e1s 365","og:description":"\u2018Proyecto Arkano\u2019 hablar\u00e1 esta semana sobre la imagen. Rakso, Bruno, Cristina, Laia, Judit y \u00d3scar, j\u00f3venes de entre 18 y 20 que participan en el programa, debatir\u00e1n sobre el tema y contar\u00e1n sus impresiones sobre la importancia de la imagen en la sociedad y lo que implica para ellos el culto a la imagen. \u2018Proyecto","og:url":"https:\/\/candas365.es\/noticias\/proyecto-arkano-hablara-esta-semana-sobre-la-imagen\/","og:image":"https:\/\/candas365.es\/noticias\/wp-content\/uploads\/2019\/03\/pedestrians-400811_960_720.jpg","og:image:secure_url":"https:\/\/candas365.es\/noticias\/wp-content\/uploads\/2019\/03\/pedestrians-400811_960_720.jpg","og:image:width":960,"og:image:height":635,"article:published_time":"2019-04-13T16:45:34+00:00","article:modified_time":"2019-04-13T16:45:34+00:00","article:publisher":"https:\/\/www.facebook.com\/Nachofdezber","article:author":"https:\/\/www.facebook.com\/carrenoactualidad","twitter:card":"summary_large_image","twitter:site":"@NabercoDigital","twitter:title":"\u00abProyecto Arkano\u00bb hablar\u00e1 esta semana sobre la imagen | Cand\u00e1s 365","twitter:description":"\u2018Proyecto Arkano\u2019 hablar\u00e1 esta semana sobre la imagen. Rakso, Bruno, Cristina, Laia, Judit y \u00d3scar, j\u00f3venes de entre 18 y 20 que participan en el programa, debatir\u00e1n sobre el tema y contar\u00e1n sus impresiones sobre la importancia de la imagen en la sociedad y lo que implica para ellos el culto a la imagen. \u2018Proyecto","twitter:creator":"@nbasturias","twitter:image":"https:\/\/candas365.es\/noticias\/wp-content\/uploads\/2019\/03\/pedestrians-400811_960_720.jpg","twitter:label1":"Escrito por","twitter:data1":"Cand\u00e1s 365","twitter:label2":"Tiempo de lectura estimado","twitter:data2":"1 minuto"},"aioseo_meta_data":{"post_id":"120726","title":null,"description":null,"keywords":null,"keyphrases":null,"primary_term":null,"canonical_url":null,"og_title":null,"og_description":null,"og_object_type":"default","og_image_type":"default","og_image_url":null,"og_image_width":null,"og_image_height":null,"og_image_custom_url":null,"og_image_custom_fields":null,"og_video":null,"og_custom_url":null,"og_article_section":null,"og_article_tags":null,"twitter_use_og":false,"twitter_card":"default","twitter_image_type":"default","twitter_image_url":null,"twitter_image_custom_url":null,"twitter_image_custom_fields":null,"twitter_title":null,"twitter_description":null,"schema":{"blockGraphs":[],"customGraphs":[],"default":{"data":{"Article":[],"Course":[],"Dataset":[],"FAQPage":[],"Movie":[],"Person":[],"Product":[],"ProductReview":[],"Car":[],"Recipe":[],"Service":[],"SoftwareApplication":[],"WebPage":[]},"graphName":"","isEnabled":true},"graphs":[],"defaultGraph":"","defaultPostTypeGraph":""},"schema_type":null,"schema_type_options":null,"pillar_content":false,"robots_default":true,"robots_noindex":false,"robots_noarchive":false,"robots_nosnippet":false,"robots_nofollow":false,"robots_noimageindex":false,"robots_noodp":false,"robots_notranslate":false,"robots_max_snippet":null,"robots_max_videopreview":null,"robots_max_imagepreview":"large","priority":null,"frequency":null,"location":null,"local_seo":null,"seo_analyzer_scan_date":"2025-08-29 18:04:27","breadcrumb_settings":null,"limit_modified_date":false,"reviewed_by":null,"open_ai":null,"ai":null,"created":"2020-12-21 10:58:41","updated":"2025-08-29 18:04:27"},"aioseo_breadcrumb":"<div class=\"aioseo-breadcrumbs\"><span class=\"aioseo-breadcrumb\">\n\t<a href=\"https:\/\/candas365.es\/noticias\" title=\"Home\">Home<\/a>\n<\/span><span class=\"aioseo-breadcrumb-separator\">&ndash;<\/span><span class=\"aioseo-breadcrumb\">\n\t<a href=\"https:\/\/candas365.es\/noticias\/category\/agenda\/\" title=\"Agenda\">Agenda<\/a>\n<\/span><span class=\"aioseo-breadcrumb-separator\">&ndash;<\/span><span class=\"aioseo-breadcrumb\">\n\t\u00abProyecto Arkano\u00bb hablar\u00e1 esta semana sobre la imagen\n<\/span><\/div>","aioseo_breadcrumb_json":[{"label":"Home","link":"https:\/\/candas365.es\/noticias"},{"label":"Agenda","link":"https:\/\/candas365.es\/noticias\/category\/agenda\/"},{"label":"\u00abProyecto Arkano\u00bb hablar\u00e1 esta semana sobre la imagen","link":"https:\/\/candas365.es\/noticias\/proyecto-arkano-hablara-esta-semana-sobre-la-imagen\/"}],"_links":{"self":[{"href":"https:\/\/candas365.es\/noticias\/wp-json\/wp\/v2\/posts\/120726","targetHints":{"allow":["GET"]}}],"collection":[{"href":"https:\/\/candas365.es\/noticias\/wp-json\/wp\/v2\/posts"}],"about":[{"href":"https:\/\/candas365.es\/noticias\/wp-json\/wp\/v2\/types\/post"}],"author":[{"embeddable":true,"href":"https:\/\/candas365.es\/noticias\/wp-json\/wp\/v2\/users\/1"}],"replies":[{"embeddable":true,"href":"https:\/\/candas365.es\/noticias\/wp-json\/wp\/v2\/comments?post=120726"}],"version-history":[{"count":0,"href":"https:\/\/candas365.es\/noticias\/wp-json\/wp\/v2\/posts\/120726\/revisions"}],"wp:featuredmedia":[{"embeddable":true,"href":"https:\/\/candas365.es\/noticias\/wp-json\/wp\/v2\/media\/117745"}],"wp:attachment":[{"href":"https:\/\/candas365.es\/noticias\/wp-json\/wp\/v2\/media?parent=120726"}],"wp:term":[{"taxonomy":"category","embeddable":true,"href":"https:\/\/candas365.es\/noticias\/wp-json\/wp\/v2\/categories?post=120726"},{"taxonomy":"post_tag","embeddable":true,"href":"https:\/\/candas365.es\/noticias\/wp-json\/wp\/v2\/tags?post=120726"}],"curies":[{"name":"wp","href":"https:\/\/api.w.org\/{rel}","templated":true}]}}