{"id":120657,"date":"2019-04-12T15:09:28","date_gmt":"2019-04-12T15:09:28","guid":{"rendered":"http:\/\/candas365.es\/noticias\/?p=120657"},"modified":"2019-04-12T15:09:28","modified_gmt":"2019-04-12T15:09:28","slug":"la-residencia-empresarial-de-prendes-vuelve-a-alojar-a-9-empresas","status":"publish","type":"post","link":"https:\/\/candas365.es\/noticias\/la-residencia-empresarial-de-prendes-vuelve-a-alojar-a-9-empresas\/","title":{"rendered":"La Residencia Empresarial de Prendes vuelve a alojar a 9 empresas"},"content":{"rendered":"<p><img fetchpriority=\"high\" decoding=\"async\" class=\"alignleft size-medium wp-image-120658\" src=\"https:\/\/candas365.es\/noticias\/wp-content\/uploads\/2019\/04\/Residencia-empresas-360x265.jpg\" alt=\"\" width=\"360\" height=\"265\" srcset=\"https:\/\/candas365.es\/noticias\/wp-content\/uploads\/2019\/04\/Residencia-empresas-360x265.jpg 360w, https:\/\/candas365.es\/noticias\/wp-content\/uploads\/2019\/04\/Residencia-empresas-80x60.jpg 80w, https:\/\/candas365.es\/noticias\/wp-content\/uploads\/2019\/04\/Residencia-empresas-571x420.jpg 571w, https:\/\/candas365.es\/noticias\/wp-content\/uploads\/2019\/04\/Residencia-empresas.jpg 627w\" sizes=\"(max-width: 360px) 100vw, 360px\" \/>Nuevamente, la Residencia municipal de empresas del Ayuntamiento de Carre\u00f1o vuelve a alojar a 9 empresas, tras la llegada del taller cer\u00e1mico \u201cCaricoxes\u201d a la oficina n\u00famero 8 (que recientemente hab\u00eda quedado vacante tras el traslado de la empresa \u201cSamaniego, gabinete t\u00e9cnico alimentario\u201d), empresa que de este modo se ha sumado a las otras 8 empresas ya instaladas en la Residencia: \u201cOPCO, S.L.\u201d (sistemas de refrigeraci\u00f3n y optimizaci\u00f3n energ\u00e9tica), \u201cConstrucciones Bah\u00eda de Per\u00e1n, S.L.\u201d (construcci\u00f3n y obras de reforma), \u201cCloqu\u00e9\u201d (comercio online de prendas de vestir y complementos), \u201cLa Gata Bohemia\u201d (elaboraci\u00f3n y venta de productos artesanales de marroquiner\u00eda), \u201cMenganos Producciones S.L.\u201d (producciones audiovisuales), \u201cEl Valle Alvamar, S.L.\u201d (construcci\u00f3n y obras de reforma), \u201cASECOR, S.L.\u201d (comercializaci\u00f3n de energ\u00eda el\u00e9ctrica), y \u201cArtemisa Alonso, florista\u201d (preparaci\u00f3n y venta de arreglos florales, y organizaci\u00f3n de cursos de arte floral).<\/p>\n<p>A estas empresas se deben sumar otras cinco, que tambi\u00e9n han pasado anteriormente por las instalaciones de la Residencia ubicada en la parroquia rural de Priendes, algunas de las cuales han precisado abandonarla para ampliar sus instalaciones y poder as\u00ed responder mejor a las demandas de su clientela, una vez consolidada.<\/p>\n<p>Este instrumento de promoci\u00f3n econ\u00f3mica municipal naci\u00f3 en 2013 con vocaci\u00f3n de facilitar la puesta en marcha y consolidaci\u00f3n de nuevas empresas, y para ello la Residencia Empresarial pone a su disposici\u00f3n un total de 9 oficinas (con una superficie de entre 9,70 y 21,30 m2), debidamente dotadas para su inmediata ocupaci\u00f3n por empresas, por un per\u00edodo m\u00e1ximo de 5 a\u00f1os. Para facilitar la instalaci\u00f3n de nuevas empresas, durante el primer a\u00f1o \u00e9stas pueden abonar en concepto de alquiler una cifra que ronda entre los 19,43 \u20ac y los 40,47 \u20ac al mes, seg\u00fan la superficie de la oficina.<\/p>\n<p>Las condiciones econ\u00f3micas especialmente ventajosas de la Residencia han contribuido a que, seis a\u00f1os despu\u00e9s de su apertura, se haya completado la plena ocupaci\u00f3n de los 9 locales ofertados en la Residencia.<\/p>\n<p>De este modo, la Residencia Empresarial de Prendes se ha convertido en una de las piezas m\u00e1s destacadas de la promoci\u00f3n econ\u00f3mica y de empleo del Ayuntamiento de Carre\u00f1o<\/p>\n","protected":false},"excerpt":{"rendered":"<p>Nuevamente, la Residencia municipal de empresas del Ayuntamiento de Carre\u00f1o vuelve a alojar a 9 empresas, tras la llegada del taller cer\u00e1mico \u201cCaricoxes\u201d a la oficina n\u00famero 8 (que recientemente hab\u00eda quedado vacante tras el traslado de la empresa \u201cSamaniego, gabinete t\u00e9cnico alimentario\u201d), empresa que de este modo se ha sumado a las otras 8<\/p>\n","protected":false},"author":1,"featured_media":120658,"comment_status":"closed","ping_status":"closed","sticky":false,"template":"","format":"standard","meta":{"footnotes":""},"categories":[2],"tags":[],"class_list":{"0":"post-120657","1":"post","2":"type-post","3":"status-publish","4":"format-standard","5":"has-post-thumbnail","7":"category-noticias-carreno"},"aioseo_notices":[],"aioseo_head":"\n\t\t<!-- All in One SEO Pro 4.9.6.2 - aioseo.com -->\n\t<meta name=\"description\" content=\"Nuevamente, la Residencia municipal de empresas del Ayuntamiento de Carre\u00f1o vuelve a alojar a 9 empresas, tras la llegada del taller cer\u00e1mico \u201cCaricoxes\u201d a la oficina n\u00famero 8 (que recientemente hab\u00eda quedado vacante tras el traslado de la empresa \u201cSamaniego, gabinete t\u00e9cnico alimentario\u201d), empresa que de este modo se ha sumado a las otras 8\" \/>\n\t<meta name=\"robots\" content=\"max-image-preview:large\" \/>\n\t<meta name=\"author\" content=\"Cand\u00e1s 365\"\/>\n\t<meta name=\"google-site-verification\" content=\"UA-32230408-1\" \/>\n\t<meta name=\"msvalidate.01\" content=\"354F3CDFB2DA171B47FBE9ABF1F88D5\" \/>\n\t<meta name=\"keywords\" content=\"noticias carre\u00f1o\" \/>\n\t<link rel=\"canonical\" href=\"https:\/\/candas365.es\/noticias\/la-residencia-empresarial-de-prendes-vuelve-a-alojar-a-9-empresas\/\" \/>\n\t<meta name=\"generator\" content=\"All in One SEO Pro (AIOSEO) 4.9.6.2\" \/>\n\t\t<meta property=\"og:locale\" content=\"es_ES\" \/>\n\t\t<meta property=\"og:site_name\" content=\"Cand\u00e1s 365\" \/>\n\t\t<meta property=\"og:type\" content=\"article\" \/>\n\t\t<meta property=\"og:title\" content=\"La Residencia Empresarial de Prendes vuelve a alojar a 9 empresas | Cand\u00e1s 365\" \/>\n\t\t<meta property=\"og:description\" content=\"Nuevamente, la Residencia municipal de empresas del Ayuntamiento de Carre\u00f1o vuelve a alojar a 9 empresas, tras la llegada del taller cer\u00e1mico \u201cCaricoxes\u201d a la oficina n\u00famero 8 (que recientemente hab\u00eda quedado vacante tras el traslado de la empresa \u201cSamaniego, gabinete t\u00e9cnico alimentario\u201d), empresa que de este modo se ha sumado a las otras 8\" \/>\n\t\t<meta property=\"og:url\" content=\"https:\/\/candas365.es\/noticias\/la-residencia-empresarial-de-prendes-vuelve-a-alojar-a-9-empresas\/\" \/>\n\t\t<meta property=\"og:image\" content=\"https:\/\/candas365.es\/noticias\/wp-content\/uploads\/2019\/04\/Residencia-empresas.jpg\" \/>\n\t\t<meta property=\"og:image:secure_url\" content=\"https:\/\/candas365.es\/noticias\/wp-content\/uploads\/2019\/04\/Residencia-empresas.jpg\" \/>\n\t\t<meta property=\"og:image:width\" content=\"627\" \/>\n\t\t<meta property=\"og:image:height\" content=\"461\" \/>\n\t\t<meta property=\"article:published_time\" content=\"2019-04-12T15:09:28+00:00\" \/>\n\t\t<meta property=\"article:modified_time\" content=\"2019-04-12T15:09:28+00:00\" \/>\n\t\t<meta property=\"article:publisher\" content=\"https:\/\/www.facebook.com\/Nachofdezber\" \/>\n\t\t<meta property=\"article:author\" content=\"https:\/\/www.facebook.com\/carrenoactualidad\" \/>\n\t\t<meta name=\"twitter:card\" content=\"summary_large_image\" \/>\n\t\t<meta name=\"twitter:site\" content=\"@NabercoDigital\" \/>\n\t\t<meta name=\"twitter:title\" content=\"La Residencia Empresarial de Prendes vuelve a alojar a 9 empresas | Cand\u00e1s 365\" \/>\n\t\t<meta name=\"twitter:description\" content=\"Nuevamente, la Residencia municipal de empresas del Ayuntamiento de Carre\u00f1o vuelve a alojar a 9 empresas, tras la llegada del taller cer\u00e1mico \u201cCaricoxes\u201d a la oficina n\u00famero 8 (que recientemente hab\u00eda quedado vacante tras el traslado de la empresa \u201cSamaniego, gabinete t\u00e9cnico alimentario\u201d), empresa que de este modo se ha sumado a las otras 8\" \/>\n\t\t<meta name=\"twitter:creator\" content=\"@nbasturias\" \/>\n\t\t<meta name=\"twitter:image\" content=\"https:\/\/candas365.es\/noticias\/wp-content\/uploads\/2019\/04\/Residencia-empresas.jpg\" \/>\n\t\t<meta name=\"twitter:label1\" content=\"Escrito por\" \/>\n\t\t<meta name=\"twitter:data1\" content=\"Cand\u00e1s 365\" \/>\n\t\t<meta name=\"twitter:label2\" content=\"Tiempo de lectura estimado\" \/>\n\t\t<meta name=\"twitter:data2\" content=\"2 minutos\" \/>\n\t\t<script type=\"application\/ld+json\" class=\"aioseo-schema\">\n\t\t\t{\"@context\":\"https:\\\/\\\/schema.org\",\"@graph\":[{\"@type\":\"BreadcrumbList\",\"@id\":\"https:\\\/\\\/candas365.es\\\/noticias\\\/la-residencia-empresarial-de-prendes-vuelve-a-alojar-a-9-empresas\\\/#breadcrumblist\",\"itemListElement\":[{\"@type\":\"ListItem\",\"@id\":\"https:\\\/\\\/candas365.es\\\/noticias#listItem\",\"position\":1,\"name\":\"Home\",\"item\":\"https:\\\/\\\/candas365.es\\\/noticias\",\"nextItem\":{\"@type\":\"ListItem\",\"@id\":\"https:\\\/\\\/candas365.es\\\/noticias\\\/category\\\/noticias-carreno\\\/#listItem\",\"name\":\"Noticias Carre\\u00f1o\"}},{\"@type\":\"ListItem\",\"@id\":\"https:\\\/\\\/candas365.es\\\/noticias\\\/category\\\/noticias-carreno\\\/#listItem\",\"position\":2,\"name\":\"Noticias Carre\\u00f1o\",\"item\":\"https:\\\/\\\/candas365.es\\\/noticias\\\/category\\\/noticias-carreno\\\/\",\"nextItem\":{\"@type\":\"ListItem\",\"@id\":\"https:\\\/\\\/candas365.es\\\/noticias\\\/la-residencia-empresarial-de-prendes-vuelve-a-alojar-a-9-empresas\\\/#listItem\",\"name\":\"La Residencia Empresarial de Prendes vuelve a alojar a 9 empresas\"},\"previousItem\":{\"@type\":\"ListItem\",\"@id\":\"https:\\\/\\\/candas365.es\\\/noticias#listItem\",\"name\":\"Home\"}},{\"@type\":\"ListItem\",\"@id\":\"https:\\\/\\\/candas365.es\\\/noticias\\\/la-residencia-empresarial-de-prendes-vuelve-a-alojar-a-9-empresas\\\/#listItem\",\"position\":3,\"name\":\"La Residencia Empresarial de Prendes vuelve a alojar a 9 empresas\",\"previousItem\":{\"@type\":\"ListItem\",\"@id\":\"https:\\\/\\\/candas365.es\\\/noticias\\\/category\\\/noticias-carreno\\\/#listItem\",\"name\":\"Noticias Carre\\u00f1o\"}}]},{\"@type\":\"NewsArticle\",\"@id\":\"https:\\\/\\\/candas365.es\\\/noticias\\\/la-residencia-empresarial-de-prendes-vuelve-a-alojar-a-9-empresas\\\/#newsarticle\",\"name\":\"La Residencia Empresarial de Prendes vuelve a alojar a 9 empresas | Cand\\u00e1s 365\",\"headline\":\"La Residencia Empresarial de Prendes vuelve a alojar a 9 empresas\",\"author\":{\"@id\":\"https:\\\/\\\/candas365.es\\\/noticias\\\/author\\\/admin\\\/#author\"},\"publisher\":{\"@id\":\"https:\\\/\\\/candas365.es\\\/noticias\\\/#organization\"},\"image\":{\"@type\":\"ImageObject\",\"url\":\"https:\\\/\\\/candas365.es\\\/noticias\\\/wp-content\\\/uploads\\\/2019\\\/04\\\/Residencia-empresas.jpg\",\"width\":627,\"height\":461},\"datePublished\":\"2019-04-12T15:09:28+02:00\",\"dateModified\":\"2019-04-12T15:09:28+02:00\",\"inLanguage\":\"es-ES\",\"mainEntityOfPage\":{\"@id\":\"https:\\\/\\\/candas365.es\\\/noticias\\\/la-residencia-empresarial-de-prendes-vuelve-a-alojar-a-9-empresas\\\/#webpage\"},\"isPartOf\":{\"@id\":\"https:\\\/\\\/candas365.es\\\/noticias\\\/la-residencia-empresarial-de-prendes-vuelve-a-alojar-a-9-empresas\\\/#webpage\"},\"articleSection\":\"Noticias Carre\\u00f1o\",\"dateline\":\"Publicado el abril 12, 2019.\"},{\"@type\":\"Organization\",\"@id\":\"https:\\\/\\\/candas365.es\\\/noticias\\\/#organization\",\"name\":\"Cand\\u00e1s 365\",\"description\":\"Cand\\u00e1s 365 es un diario digital independiente, fundado en 2012, con base en Asturias. Informamos con rigor sobre actualidad, sociedad, cultura y ocio, con una mirada local y global.\",\"url\":\"https:\\\/\\\/candas365.es\\\/noticias\\\/\",\"email\":\"info@candas365.es\",\"telephone\":\"+34652131393\",\"foundingDate\":\"2012-06-10\",\"logo\":{\"@type\":\"ImageObject\",\"url\":\"https:\\\/\\\/candas365.es\\\/noticias\\\/wp-content\\\/uploads\\\/2024\\\/09\\\/Candas-365-Redes.jpg\",\"@id\":\"https:\\\/\\\/candas365.es\\\/noticias\\\/la-residencia-empresarial-de-prendes-vuelve-a-alojar-a-9-empresas\\\/#organizationLogo\",\"width\":1152,\"height\":864,\"caption\":\"Cand\\u00e1s 365 Redes\"},\"image\":{\"@id\":\"https:\\\/\\\/candas365.es\\\/noticias\\\/la-residencia-empresarial-de-prendes-vuelve-a-alojar-a-9-empresas\\\/#organizationLogo\"},\"sameAs\":[\"https:\\\/\\\/www.facebook.com\\\/Nachofdezber\",\"https:\\\/\\\/x.com\\\/NabercoDigital\",\"https:\\\/\\\/www.instagram.com\\\/nachofdezber\\\/\",\"https:\\\/\\\/www.youtube.com\\\/channel\\\/UCZP-2wLEB9Rv6erhFmqVnvg\"],\"address\":{\"@id\":\"https:\\\/\\\/candas365.es\\\/noticias\\\/#postaladdress\",\"@type\":\"PostalAddress\",\"streetAddress\":\"san antonio 4, san antonio 4\",\"postalCode\":\"33430\",\"addressLocality\":\"Cand\\u00e1s\",\"addressRegion\":\"Asturias\",\"addressCountry\":\"ES\"}},{\"@type\":\"Person\",\"@id\":\"https:\\\/\\\/candas365.es\\\/noticias\\\/author\\\/admin\\\/#author\",\"url\":\"https:\\\/\\\/candas365.es\\\/noticias\\\/author\\\/admin\\\/\",\"name\":\"Cand\\u00e1s 365\",\"image\":{\"@type\":\"ImageObject\",\"@id\":\"https:\\\/\\\/candas365.es\\\/noticias\\\/la-residencia-empresarial-de-prendes-vuelve-a-alojar-a-9-empresas\\\/#authorImage\",\"url\":\"https:\\\/\\\/secure.gravatar.com\\\/avatar\\\/496a8e03d0c493ede1718b7934145dbdf8d89be1036b0eec9544e1094c9de390?s=96&d=mm&r=g\",\"width\":96,\"height\":96,\"caption\":\"Cand\\u00e1s 365\"},\"sameAs\":[\"https:\\\/\\\/www.facebook.com\\\/carrenoactualidad\",\"https:\\\/\\\/twitter.com\\\/nbasturias\",\"https:\\\/\\\/www.instagram.com\\\/nachofdezber\\\/\",\"https:\\\/\\\/www.youtube.com\\\/channel\\\/UCZP-2wLEB9Rv6erhFmqVnvg\"]},{\"@type\":\"WebPage\",\"@id\":\"https:\\\/\\\/candas365.es\\\/noticias\\\/la-residencia-empresarial-de-prendes-vuelve-a-alojar-a-9-empresas\\\/#webpage\",\"url\":\"https:\\\/\\\/candas365.es\\\/noticias\\\/la-residencia-empresarial-de-prendes-vuelve-a-alojar-a-9-empresas\\\/\",\"name\":\"La Residencia Empresarial de Prendes vuelve a alojar a 9 empresas | Cand\\u00e1s 365\",\"description\":\"Nuevamente, la Residencia municipal de empresas del Ayuntamiento de Carre\\u00f1o vuelve a alojar a 9 empresas, tras la llegada del taller cer\\u00e1mico \\u201cCaricoxes\\u201d a la oficina n\\u00famero 8 (que recientemente hab\\u00eda quedado vacante tras el traslado de la empresa \\u201cSamaniego, gabinete t\\u00e9cnico alimentario\\u201d), empresa que de este modo se ha sumado a las otras 8\",\"inLanguage\":\"es-ES\",\"isPartOf\":{\"@id\":\"https:\\\/\\\/candas365.es\\\/noticias\\\/#website\"},\"breadcrumb\":{\"@id\":\"https:\\\/\\\/candas365.es\\\/noticias\\\/la-residencia-empresarial-de-prendes-vuelve-a-alojar-a-9-empresas\\\/#breadcrumblist\"},\"author\":{\"@id\":\"https:\\\/\\\/candas365.es\\\/noticias\\\/author\\\/admin\\\/#author\"},\"creator\":{\"@id\":\"https:\\\/\\\/candas365.es\\\/noticias\\\/author\\\/admin\\\/#author\"},\"image\":{\"@type\":\"ImageObject\",\"url\":\"https:\\\/\\\/candas365.es\\\/noticias\\\/wp-content\\\/uploads\\\/2019\\\/04\\\/Residencia-empresas.jpg\",\"@id\":\"https:\\\/\\\/candas365.es\\\/noticias\\\/la-residencia-empresarial-de-prendes-vuelve-a-alojar-a-9-empresas\\\/#mainImage\",\"width\":627,\"height\":461},\"primaryImageOfPage\":{\"@id\":\"https:\\\/\\\/candas365.es\\\/noticias\\\/la-residencia-empresarial-de-prendes-vuelve-a-alojar-a-9-empresas\\\/#mainImage\"},\"datePublished\":\"2019-04-12T15:09:28+02:00\",\"dateModified\":\"2019-04-12T15:09:28+02:00\"},{\"@type\":\"WebSite\",\"@id\":\"https:\\\/\\\/candas365.es\\\/noticias\\\/#website\",\"url\":\"https:\\\/\\\/candas365.es\\\/noticias\\\/\",\"name\":\"Cand\\u00e1s 365\",\"alternateName\":\"Cand\\u00e1s 365 Noticias\",\"description\":\"Actualidad desde Carre\\u00f1o para el mundo\",\"inLanguage\":\"es-ES\",\"publisher\":{\"@id\":\"https:\\\/\\\/candas365.es\\\/noticias\\\/#organization\"}}]}\n\t\t<\/script>\n\t\t<!-- All in One SEO Pro -->\r\n\t\t<title>La Residencia Empresarial de Prendes vuelve a alojar a 9 empresas | Cand\u00e1s 365<\/title>\n\n","aioseo_head_json":{"title":"La Residencia Empresarial de Prendes vuelve a alojar a 9 empresas | Cand\u00e1s 365","description":"Nuevamente, la Residencia municipal de empresas del Ayuntamiento de Carre\u00f1o vuelve a alojar a 9 empresas, tras la llegada del taller cer\u00e1mico \u201cCaricoxes\u201d a la oficina n\u00famero 8 (que recientemente hab\u00eda quedado vacante tras el traslado de la empresa \u201cSamaniego, gabinete t\u00e9cnico alimentario\u201d), empresa que de este modo se ha sumado a las otras 8","canonical_url":"https:\/\/candas365.es\/noticias\/la-residencia-empresarial-de-prendes-vuelve-a-alojar-a-9-empresas\/","robots":"max-image-preview:large","keywords":"noticias carre\u00f1o","webmasterTools":{"google-site-verification":"UA-32230408-1","msvalidate.01":"354F3CDFB2DA171B47FBE9ABF1F88D5","miscellaneous":""},"schema":{"@context":"https:\/\/schema.org","@graph":[{"@type":"BreadcrumbList","@id":"https:\/\/candas365.es\/noticias\/la-residencia-empresarial-de-prendes-vuelve-a-alojar-a-9-empresas\/#breadcrumblist","itemListElement":[{"@type":"ListItem","@id":"https:\/\/candas365.es\/noticias#listItem","position":1,"name":"Home","item":"https:\/\/candas365.es\/noticias","nextItem":{"@type":"ListItem","@id":"https:\/\/candas365.es\/noticias\/category\/noticias-carreno\/#listItem","name":"Noticias Carre\u00f1o"}},{"@type":"ListItem","@id":"https:\/\/candas365.es\/noticias\/category\/noticias-carreno\/#listItem","position":2,"name":"Noticias Carre\u00f1o","item":"https:\/\/candas365.es\/noticias\/category\/noticias-carreno\/","nextItem":{"@type":"ListItem","@id":"https:\/\/candas365.es\/noticias\/la-residencia-empresarial-de-prendes-vuelve-a-alojar-a-9-empresas\/#listItem","name":"La Residencia Empresarial de Prendes vuelve a alojar a 9 empresas"},"previousItem":{"@type":"ListItem","@id":"https:\/\/candas365.es\/noticias#listItem","name":"Home"}},{"@type":"ListItem","@id":"https:\/\/candas365.es\/noticias\/la-residencia-empresarial-de-prendes-vuelve-a-alojar-a-9-empresas\/#listItem","position":3,"name":"La Residencia Empresarial de Prendes vuelve a alojar a 9 empresas","previousItem":{"@type":"ListItem","@id":"https:\/\/candas365.es\/noticias\/category\/noticias-carreno\/#listItem","name":"Noticias Carre\u00f1o"}}]},{"@type":"NewsArticle","@id":"https:\/\/candas365.es\/noticias\/la-residencia-empresarial-de-prendes-vuelve-a-alojar-a-9-empresas\/#newsarticle","name":"La Residencia Empresarial de Prendes vuelve a alojar a 9 empresas | Cand\u00e1s 365","headline":"La Residencia Empresarial de Prendes vuelve a alojar a 9 empresas","author":{"@id":"https:\/\/candas365.es\/noticias\/author\/admin\/#author"},"publisher":{"@id":"https:\/\/candas365.es\/noticias\/#organization"},"image":{"@type":"ImageObject","url":"https:\/\/candas365.es\/noticias\/wp-content\/uploads\/2019\/04\/Residencia-empresas.jpg","width":627,"height":461},"datePublished":"2019-04-12T15:09:28+02:00","dateModified":"2019-04-12T15:09:28+02:00","inLanguage":"es-ES","mainEntityOfPage":{"@id":"https:\/\/candas365.es\/noticias\/la-residencia-empresarial-de-prendes-vuelve-a-alojar-a-9-empresas\/#webpage"},"isPartOf":{"@id":"https:\/\/candas365.es\/noticias\/la-residencia-empresarial-de-prendes-vuelve-a-alojar-a-9-empresas\/#webpage"},"articleSection":"Noticias Carre\u00f1o","dateline":"Publicado el abril 12, 2019."},{"@type":"Organization","@id":"https:\/\/candas365.es\/noticias\/#organization","name":"Cand\u00e1s 365","description":"Cand\u00e1s 365 es un diario digital independiente, fundado en 2012, con base en Asturias. Informamos con rigor sobre actualidad, sociedad, cultura y ocio, con una mirada local y global.","url":"https:\/\/candas365.es\/noticias\/","email":"info@candas365.es","telephone":"+34652131393","foundingDate":"2012-06-10","logo":{"@type":"ImageObject","url":"https:\/\/candas365.es\/noticias\/wp-content\/uploads\/2024\/09\/Candas-365-Redes.jpg","@id":"https:\/\/candas365.es\/noticias\/la-residencia-empresarial-de-prendes-vuelve-a-alojar-a-9-empresas\/#organizationLogo","width":1152,"height":864,"caption":"Cand\u00e1s 365 Redes"},"image":{"@id":"https:\/\/candas365.es\/noticias\/la-residencia-empresarial-de-prendes-vuelve-a-alojar-a-9-empresas\/#organizationLogo"},"sameAs":["https:\/\/www.facebook.com\/Nachofdezber","https:\/\/x.com\/NabercoDigital","https:\/\/www.instagram.com\/nachofdezber\/","https:\/\/www.youtube.com\/channel\/UCZP-2wLEB9Rv6erhFmqVnvg"],"address":{"@id":"https:\/\/candas365.es\/noticias\/#postaladdress","@type":"PostalAddress","streetAddress":"san antonio 4, san antonio 4","postalCode":"33430","addressLocality":"Cand\u00e1s","addressRegion":"Asturias","addressCountry":"ES"}},{"@type":"Person","@id":"https:\/\/candas365.es\/noticias\/author\/admin\/#author","url":"https:\/\/candas365.es\/noticias\/author\/admin\/","name":"Cand\u00e1s 365","image":{"@type":"ImageObject","@id":"https:\/\/candas365.es\/noticias\/la-residencia-empresarial-de-prendes-vuelve-a-alojar-a-9-empresas\/#authorImage","url":"https:\/\/secure.gravatar.com\/avatar\/496a8e03d0c493ede1718b7934145dbdf8d89be1036b0eec9544e1094c9de390?s=96&d=mm&r=g","width":96,"height":96,"caption":"Cand\u00e1s 365"},"sameAs":["https:\/\/www.facebook.com\/carrenoactualidad","https:\/\/twitter.com\/nbasturias","https:\/\/www.instagram.com\/nachofdezber\/","https:\/\/www.youtube.com\/channel\/UCZP-2wLEB9Rv6erhFmqVnvg"]},{"@type":"WebPage","@id":"https:\/\/candas365.es\/noticias\/la-residencia-empresarial-de-prendes-vuelve-a-alojar-a-9-empresas\/#webpage","url":"https:\/\/candas365.es\/noticias\/la-residencia-empresarial-de-prendes-vuelve-a-alojar-a-9-empresas\/","name":"La Residencia Empresarial de Prendes vuelve a alojar a 9 empresas | Cand\u00e1s 365","description":"Nuevamente, la Residencia municipal de empresas del Ayuntamiento de Carre\u00f1o vuelve a alojar a 9 empresas, tras la llegada del taller cer\u00e1mico \u201cCaricoxes\u201d a la oficina n\u00famero 8 (que recientemente hab\u00eda quedado vacante tras el traslado de la empresa \u201cSamaniego, gabinete t\u00e9cnico alimentario\u201d), empresa que de este modo se ha sumado a las otras 8","inLanguage":"es-ES","isPartOf":{"@id":"https:\/\/candas365.es\/noticias\/#website"},"breadcrumb":{"@id":"https:\/\/candas365.es\/noticias\/la-residencia-empresarial-de-prendes-vuelve-a-alojar-a-9-empresas\/#breadcrumblist"},"author":{"@id":"https:\/\/candas365.es\/noticias\/author\/admin\/#author"},"creator":{"@id":"https:\/\/candas365.es\/noticias\/author\/admin\/#author"},"image":{"@type":"ImageObject","url":"https:\/\/candas365.es\/noticias\/wp-content\/uploads\/2019\/04\/Residencia-empresas.jpg","@id":"https:\/\/candas365.es\/noticias\/la-residencia-empresarial-de-prendes-vuelve-a-alojar-a-9-empresas\/#mainImage","width":627,"height":461},"primaryImageOfPage":{"@id":"https:\/\/candas365.es\/noticias\/la-residencia-empresarial-de-prendes-vuelve-a-alojar-a-9-empresas\/#mainImage"},"datePublished":"2019-04-12T15:09:28+02:00","dateModified":"2019-04-12T15:09:28+02:00"},{"@type":"WebSite","@id":"https:\/\/candas365.es\/noticias\/#website","url":"https:\/\/candas365.es\/noticias\/","name":"Cand\u00e1s 365","alternateName":"Cand\u00e1s 365 Noticias","description":"Actualidad desde Carre\u00f1o para el mundo","inLanguage":"es-ES","publisher":{"@id":"https:\/\/candas365.es\/noticias\/#organization"}}]},"og:locale":"es_ES","og:site_name":"Cand\u00e1s 365","og:type":"article","og:title":"La Residencia Empresarial de Prendes vuelve a alojar a 9 empresas | Cand\u00e1s 365","og:description":"Nuevamente, la Residencia municipal de empresas del Ayuntamiento de Carre\u00f1o vuelve a alojar a 9 empresas, tras la llegada del taller cer\u00e1mico \u201cCaricoxes\u201d a la oficina n\u00famero 8 (que recientemente hab\u00eda quedado vacante tras el traslado de la empresa \u201cSamaniego, gabinete t\u00e9cnico alimentario\u201d), empresa que de este modo se ha sumado a las otras 8","og:url":"https:\/\/candas365.es\/noticias\/la-residencia-empresarial-de-prendes-vuelve-a-alojar-a-9-empresas\/","og:image":"https:\/\/candas365.es\/noticias\/wp-content\/uploads\/2019\/04\/Residencia-empresas.jpg","og:image:secure_url":"https:\/\/candas365.es\/noticias\/wp-content\/uploads\/2019\/04\/Residencia-empresas.jpg","og:image:width":627,"og:image:height":461,"article:published_time":"2019-04-12T15:09:28+00:00","article:modified_time":"2019-04-12T15:09:28+00:00","article:publisher":"https:\/\/www.facebook.com\/Nachofdezber","article:author":"https:\/\/www.facebook.com\/carrenoactualidad","twitter:card":"summary_large_image","twitter:site":"@NabercoDigital","twitter:title":"La Residencia Empresarial de Prendes vuelve a alojar a 9 empresas | Cand\u00e1s 365","twitter:description":"Nuevamente, la Residencia municipal de empresas del Ayuntamiento de Carre\u00f1o vuelve a alojar a 9 empresas, tras la llegada del taller cer\u00e1mico \u201cCaricoxes\u201d a la oficina n\u00famero 8 (que recientemente hab\u00eda quedado vacante tras el traslado de la empresa \u201cSamaniego, gabinete t\u00e9cnico alimentario\u201d), empresa que de este modo se ha sumado a las otras 8","twitter:creator":"@nbasturias","twitter:image":"https:\/\/candas365.es\/noticias\/wp-content\/uploads\/2019\/04\/Residencia-empresas.jpg","twitter:label1":"Escrito por","twitter:data1":"Cand\u00e1s 365","twitter:label2":"Tiempo de lectura estimado","twitter:data2":"2 minutos"},"aioseo_meta_data":{"post_id":"120657","title":null,"description":null,"keywords":null,"keyphrases":null,"primary_term":null,"canonical_url":null,"og_title":null,"og_description":null,"og_object_type":"default","og_image_type":"default","og_image_url":null,"og_image_width":null,"og_image_height":null,"og_image_custom_url":null,"og_image_custom_fields":null,"og_video":null,"og_custom_url":null,"og_article_section":null,"og_article_tags":null,"twitter_use_og":false,"twitter_card":"default","twitter_image_type":"default","twitter_image_url":null,"twitter_image_custom_url":null,"twitter_image_custom_fields":null,"twitter_title":null,"twitter_description":null,"schema":{"blockGraphs":[],"customGraphs":[],"default":{"data":{"Article":[],"Course":[],"Dataset":[],"FAQPage":[],"Movie":[],"Person":[],"Product":[],"ProductReview":[],"Car":[],"Recipe":[],"Service":[],"SoftwareApplication":[],"WebPage":[]},"graphName":"","isEnabled":true},"graphs":[]},"schema_type":null,"schema_type_options":null,"pillar_content":false,"robots_default":true,"robots_noindex":false,"robots_noarchive":false,"robots_nosnippet":false,"robots_nofollow":false,"robots_noimageindex":false,"robots_noodp":false,"robots_notranslate":false,"robots_max_snippet":null,"robots_max_videopreview":null,"robots_max_imagepreview":"large","priority":null,"frequency":null,"location":null,"local_seo":null,"seo_analyzer_scan_date":"2025-08-29 17:53:18","breadcrumb_settings":null,"limit_modified_date":false,"reviewed_by":null,"open_ai":null,"ai":null,"created":"2020-12-21 10:58:49","updated":"2025-08-29 17:53:18"},"aioseo_breadcrumb":"<div class=\"aioseo-breadcrumbs\"><span class=\"aioseo-breadcrumb\">\n\t<a href=\"https:\/\/candas365.es\/noticias\" title=\"Home\">Home<\/a>\n<\/span><span class=\"aioseo-breadcrumb-separator\">&ndash;<\/span><span class=\"aioseo-breadcrumb\">\n\t<a href=\"https:\/\/candas365.es\/noticias\/category\/noticias-carreno\/\" title=\"Noticias Carre\u00f1o\">Noticias Carre\u00f1o<\/a>\n<\/span><span class=\"aioseo-breadcrumb-separator\">&ndash;<\/span><span class=\"aioseo-breadcrumb\">\n\tLa Residencia Empresarial de Prendes vuelve a alojar a 9 empresas\n<\/span><\/div>","aioseo_breadcrumb_json":[{"label":"Home","link":"https:\/\/candas365.es\/noticias"},{"label":"Noticias Carre\u00f1o","link":"https:\/\/candas365.es\/noticias\/category\/noticias-carreno\/"},{"label":"La Residencia Empresarial de Prendes vuelve a alojar a 9 empresas","link":"https:\/\/candas365.es\/noticias\/la-residencia-empresarial-de-prendes-vuelve-a-alojar-a-9-empresas\/"}],"_links":{"self":[{"href":"https:\/\/candas365.es\/noticias\/wp-json\/wp\/v2\/posts\/120657","targetHints":{"allow":["GET"]}}],"collection":[{"href":"https:\/\/candas365.es\/noticias\/wp-json\/wp\/v2\/posts"}],"about":[{"href":"https:\/\/candas365.es\/noticias\/wp-json\/wp\/v2\/types\/post"}],"author":[{"embeddable":true,"href":"https:\/\/candas365.es\/noticias\/wp-json\/wp\/v2\/users\/1"}],"replies":[{"embeddable":true,"href":"https:\/\/candas365.es\/noticias\/wp-json\/wp\/v2\/comments?post=120657"}],"version-history":[{"count":0,"href":"https:\/\/candas365.es\/noticias\/wp-json\/wp\/v2\/posts\/120657\/revisions"}],"wp:featuredmedia":[{"embeddable":true,"href":"https:\/\/candas365.es\/noticias\/wp-json\/wp\/v2\/media\/120658"}],"wp:attachment":[{"href":"https:\/\/candas365.es\/noticias\/wp-json\/wp\/v2\/media?parent=120657"}],"wp:term":[{"taxonomy":"category","embeddable":true,"href":"https:\/\/candas365.es\/noticias\/wp-json\/wp\/v2\/categories?post=120657"},{"taxonomy":"post_tag","embeddable":true,"href":"https:\/\/candas365.es\/noticias\/wp-json\/wp\/v2\/tags?post=120657"}],"curies":[{"name":"wp","href":"https:\/\/api.w.org\/{rel}","templated":true}]}}