{"id":120654,"date":"2019-04-12T15:00:49","date_gmt":"2019-04-12T15:00:49","guid":{"rendered":"http:\/\/candas365.es\/noticias\/?p=120654"},"modified":"2019-04-12T15:00:49","modified_gmt":"2019-04-12T15:00:49","slug":"ganadores-del-xvi-concurso-de-marca-paginas-2019","status":"publish","type":"post","link":"https:\/\/candas365.es\/noticias\/ganadores-del-xvi-concurso-de-marca-paginas-2019\/","title":{"rendered":"Ganadores del \u201cXVI Concurso de Marca-p\u00e1ginas 2019\u201d"},"content":{"rendered":"<p><img fetchpriority=\"high\" decoding=\"async\" class=\"alignleft size-medium wp-image-120655\" src=\"https:\/\/candas365.es\/noticias\/wp-content\/uploads\/2019\/04\/ganador-0-7-a\u00f1os-y-accesit-360x270.jpg\" alt=\"\" width=\"360\" height=\"270\" srcset=\"https:\/\/candas365.es\/noticias\/wp-content\/uploads\/2019\/04\/ganador-0-7-a\u00f1os-y-accesit-360x270.jpg 360w, https:\/\/candas365.es\/noticias\/wp-content\/uploads\/2019\/04\/ganador-0-7-a\u00f1os-y-accesit-768x576.jpg 768w, https:\/\/candas365.es\/noticias\/wp-content\/uploads\/2019\/04\/ganador-0-7-a\u00f1os-y-accesit-640x480.jpg 640w, https:\/\/candas365.es\/noticias\/wp-content\/uploads\/2019\/04\/ganador-0-7-a\u00f1os-y-accesit-80x60.jpg 80w, https:\/\/candas365.es\/noticias\/wp-content\/uploads\/2019\/04\/ganador-0-7-a\u00f1os-y-accesit-265x198.jpg 265w, https:\/\/candas365.es\/noticias\/wp-content\/uploads\/2019\/04\/ganador-0-7-a\u00f1os-y-accesit-696x522.jpg 696w, https:\/\/candas365.es\/noticias\/wp-content\/uploads\/2019\/04\/ganador-0-7-a\u00f1os-y-accesit-1068x801.jpg 1068w, https:\/\/candas365.es\/noticias\/wp-content\/uploads\/2019\/04\/ganador-0-7-a\u00f1os-y-accesit-560x420.jpg 560w, https:\/\/candas365.es\/noticias\/wp-content\/uploads\/2019\/04\/ganador-0-7-a\u00f1os-y-accesit.jpg 1280w\" sizes=\"(max-width: 360px) 100vw, 360px\" \/>Desde hace diecis\u00e9is a\u00f1os el Ayuntamiento de Carre\u00f1o a trav\u00e9s de la Biblioteca P\u00fablica Municipal \u201cCarlos Gonz\u00e1lez Posada\u201d de Cand\u00e1s organiza el \u201cConcurso de Marca-p\u00e1ginas\u201d.<\/p>\n<p>El jurado que se ha reunido en la ma\u00f1ana de ayer jueves 11 de abril ha tenido una tarea ardua. Dado que hasta el 6 de abril, fecha l\u00edmite para presentar los trabajos, es decir, los marca-p\u00e1ginas originales se han presentado un total de 758 marca-p\u00e1ginas.<\/p>\n<p>Este a\u00f1o el tema elegido para este a\u00f1o 2019, que ha servido de fuente de inspiraci\u00f3n, ha sido \u201cObjetivo: La Luna!\u201d, coincidiendo con el cincuenta aniversario de la llegada por primera vez del hombre a la luna<\/p>\n<p>Como inspiraci\u00f3n se han podido utilizar cualquiera de las m\u00faltiples obras en las que la luna o el espacio son los protagonistas, o bien las personas participantes han podido dejar volar la imaginaci\u00f3n y crear sus propios cohetes, marcianos. Para ello en unos de los espacios de la biblioteca los m\u00e1s peque\u00f1os y peque\u00f1as de la casa han podido disfrutar de una selecci\u00f3n de libros y cuentos sobre la tem\u00e1tica de esta edici\u00f3n.<\/p>\n<p>As\u00ed las actividades de la Biblioteca Municipal para el p\u00fablico infantil, durante este mes de abril se han sumado a la tem\u00e1tica del concurso, han estado y estar\u00e1n dedicadas al \u00fanico sat\u00e9lite de la tierra que nos alumbra cuando aparece la noche. Los ni\u00f1os y ni\u00f1as que han asistido a \u201cLa Hora de Cuento\u201d, por ejemplo, ten\u00edan un objetivo claro, llegar a la luna. Para ello han contado con un poco de ayuda como ha sido la decoraci\u00f3n de la sala o so\u00f1ar que han pisado la luna con el photocall de astronauta.<\/p>\n<p>En esta edici\u00f3n del \u201cXVI Concurso de Marc\u00e1p\u00e1ginas 2019\u201d se han establecido dos categor\u00edas:<\/p>\n<p>\u00b7 ni\u00f1os y ni\u00f1as de 0 a 7 a\u00f1os<\/p>\n<p>\u00b7 ni\u00f1os y ni\u00f1as de 8 a 12 a\u00f1os.<\/p>\n<p>En la bases se establec\u00eda un primer premio y dos acc\u00e9sit para cada una de las categor\u00edas. Consistiendo los premios en un diploma y un lote de libros. Adem\u00e1s los marca-p\u00e1ginas ganadores ser\u00e1n la imagen de la Biblioteca Municipal para el a\u00f1o 2019.<\/p>\n<p>El Jurado formado por personas vinculadas al mundo de la cultura y el arte ha estado compuesto por Alain Fernandez, Gerente del Centro Cultural Teatro Prendes; Dolores Villameriel, Directora del Patronato Museo Ant\u00f3n; Goyo Rodriguez, Dise\u00f1ador Gr\u00e1fico e Ilustrador y actuando como Presidenta del mismo Cecilia Tasc\u00f3n, Concejala de Cultura; haciendo las funciones de secretaria Carmen Dint\u00e9n, Bibliotecaria Municipal, ha decido premiar los siguientes trabajos:<\/p>\n<h3><strong>1. Categor\u00eda de 0 a 7 a\u00f1os:<\/strong><\/h3>\n<p>\u00b7 Primer Premio: Bea Men\u00e9ndez Campa, de 6 a\u00f1os<\/p>\n<h3>\u00b7 Acc\u00e9sit:<\/h3>\n<p>&#8211; Nora Men\u00e9ndez L\u00f3pez-Leiton, de 4 a\u00f1os<\/p>\n<p>&#8211; Aula Delfines (2-3 a\u00f1os) Escuela de Educaci\u00f3n Infantil \u201cLa Marinera\u201d de Cand\u00e1s<\/p>\n<h3><strong>2. Categor\u00eda de 8 a 12 a\u00f1os:<\/strong><\/h3>\n<p>\u00b7 Primer Premio: Hugo Garc\u00eda Ru\u00edz, de 10 a\u00f1os.<\/p>\n<h3>\u00b7 Acc\u00e9sit:<\/h3>\n<p>&#8211; Leo Rodr\u00edguez Barr\u00e9, de 8 a\u00f1os.<\/p>\n<p>&#8211; \u00c1ngela Mu\u00f1iz Pe\u00f1alba, de 10 a\u00f1os.<\/p>\n<p>Tras la deliberaci\u00f3n del Jurado los 758 Marca-p\u00e1ginas ser\u00e1n expuestos en una exposici\u00f3n conjunta en la Biblioteca Municipal. La exposici\u00f3n se podr\u00e1 visitar en el horario habitual del Centro Municipal.<\/p>\n<p>Encuadrada dentro de los actos de celebraci\u00f3n del D\u00eda del Libro, la entrega de los premios tendr\u00e1 lugar en la Sala Infantil de la Biblioteca Municipal \u201cCarlos Gonz\u00e1lez Posada\u201d el jueves 25 de abril a las 18:00 horas. En el transcurso Olga Cuervo deleitar\u00e1 a los m\u00e1s peque\u00f1os y peque\u00f1as con un Cuentacuentos.<\/p>\n","protected":false},"excerpt":{"rendered":"<p>Desde hace diecis\u00e9is a\u00f1os el Ayuntamiento de Carre\u00f1o a trav\u00e9s de la Biblioteca P\u00fablica Municipal \u201cCarlos Gonz\u00e1lez Posada\u201d de Cand\u00e1s organiza el \u201cConcurso de Marca-p\u00e1ginas\u201d. El jurado que se ha reunido en la ma\u00f1ana de ayer jueves 11 de abril ha tenido una tarea ardua. Dado que hasta el 6 de abril, fecha l\u00edmite para<\/p>\n","protected":false},"author":1,"featured_media":120655,"comment_status":"closed","ping_status":"closed","sticky":false,"template":"","format":"standard","meta":{"footnotes":""},"categories":[2],"tags":[],"class_list":{"0":"post-120654","1":"post","2":"type-post","3":"status-publish","4":"format-standard","5":"has-post-thumbnail","7":"category-noticias-carreno"},"aioseo_notices":[],"aioseo_head":"\n\t\t<!-- All in One SEO Pro 4.9.6.2 - aioseo.com -->\n\t<meta name=\"description\" content=\"Desde hace diecis\u00e9is a\u00f1os el Ayuntamiento de Carre\u00f1o a trav\u00e9s de la Biblioteca P\u00fablica Municipal \u201cCarlos Gonz\u00e1lez Posada\u201d de Cand\u00e1s organiza el \u201cConcurso de Marca-p\u00e1ginas\u201d. El jurado que se ha reunido en la ma\u00f1ana de ayer jueves 11 de abril ha tenido una tarea ardua. Dado que hasta el 6 de abril, fecha l\u00edmite para\" \/>\n\t<meta name=\"robots\" content=\"max-image-preview:large\" \/>\n\t<meta name=\"author\" content=\"Cand\u00e1s 365\"\/>\n\t<meta name=\"google-site-verification\" content=\"UA-32230408-1\" \/>\n\t<meta name=\"msvalidate.01\" content=\"354F3CDFB2DA171B47FBE9ABF1F88D5\" \/>\n\t<meta name=\"keywords\" content=\"noticias carre\u00f1o\" \/>\n\t<link rel=\"canonical\" href=\"https:\/\/candas365.es\/noticias\/ganadores-del-xvi-concurso-de-marca-paginas-2019\/\" \/>\n\t<meta name=\"generator\" content=\"All in One SEO Pro (AIOSEO) 4.9.6.2\" \/>\n\t\t<meta property=\"og:locale\" content=\"es_ES\" \/>\n\t\t<meta property=\"og:site_name\" content=\"Cand\u00e1s 365\" \/>\n\t\t<meta property=\"og:type\" content=\"article\" \/>\n\t\t<meta property=\"og:title\" content=\"Ganadores del \u201cXVI Concurso de Marca-p\u00e1ginas 2019\u201d | Cand\u00e1s 365\" \/>\n\t\t<meta property=\"og:description\" content=\"Desde hace diecis\u00e9is a\u00f1os el Ayuntamiento de Carre\u00f1o a trav\u00e9s de la Biblioteca P\u00fablica Municipal \u201cCarlos Gonz\u00e1lez Posada\u201d de Cand\u00e1s organiza el \u201cConcurso de Marca-p\u00e1ginas\u201d. El jurado que se ha reunido en la ma\u00f1ana de ayer jueves 11 de abril ha tenido una tarea ardua. Dado que hasta el 6 de abril, fecha l\u00edmite para\" \/>\n\t\t<meta property=\"og:url\" content=\"https:\/\/candas365.es\/noticias\/ganadores-del-xvi-concurso-de-marca-paginas-2019\/\" \/>\n\t\t<meta property=\"og:image\" content=\"https:\/\/candas365.es\/noticias\/wp-content\/uploads\/2019\/04\/ganador-0-7-a\u00f1os-y-accesit.jpg\" \/>\n\t\t<meta property=\"og:image:secure_url\" content=\"https:\/\/candas365.es\/noticias\/wp-content\/uploads\/2019\/04\/ganador-0-7-a\u00f1os-y-accesit.jpg\" \/>\n\t\t<meta property=\"og:image:width\" content=\"1280\" \/>\n\t\t<meta property=\"og:image:height\" content=\"960\" \/>\n\t\t<meta property=\"article:published_time\" content=\"2019-04-12T15:00:49+00:00\" \/>\n\t\t<meta property=\"article:modified_time\" content=\"2019-04-12T15:00:49+00:00\" \/>\n\t\t<meta property=\"article:publisher\" content=\"https:\/\/www.facebook.com\/Nachofdezber\" \/>\n\t\t<meta property=\"article:author\" content=\"https:\/\/www.facebook.com\/carrenoactualidad\" \/>\n\t\t<meta name=\"twitter:card\" content=\"summary_large_image\" \/>\n\t\t<meta name=\"twitter:site\" content=\"@NabercoDigital\" \/>\n\t\t<meta name=\"twitter:title\" content=\"Ganadores del \u201cXVI Concurso de Marca-p\u00e1ginas 2019\u201d | Cand\u00e1s 365\" \/>\n\t\t<meta name=\"twitter:description\" content=\"Desde hace diecis\u00e9is a\u00f1os el Ayuntamiento de Carre\u00f1o a trav\u00e9s de la Biblioteca P\u00fablica Municipal \u201cCarlos Gonz\u00e1lez Posada\u201d de Cand\u00e1s organiza el \u201cConcurso de Marca-p\u00e1ginas\u201d. El jurado que se ha reunido en la ma\u00f1ana de ayer jueves 11 de abril ha tenido una tarea ardua. Dado que hasta el 6 de abril, fecha l\u00edmite para\" \/>\n\t\t<meta name=\"twitter:creator\" content=\"@nbasturias\" \/>\n\t\t<meta name=\"twitter:image\" content=\"https:\/\/candas365.es\/noticias\/wp-content\/uploads\/2019\/04\/ganador-0-7-a\u00f1os-y-accesit.jpg\" \/>\n\t\t<meta name=\"twitter:label1\" content=\"Escrito por\" \/>\n\t\t<meta name=\"twitter:data1\" content=\"Cand\u00e1s 365\" \/>\n\t\t<meta name=\"twitter:label2\" content=\"Tiempo de lectura estimado\" \/>\n\t\t<meta name=\"twitter:data2\" content=\"3 minutos\" \/>\n\t\t<script type=\"application\/ld+json\" class=\"aioseo-schema\">\n\t\t\t{\"@context\":\"https:\\\/\\\/schema.org\",\"@graph\":[{\"@type\":\"BreadcrumbList\",\"@id\":\"https:\\\/\\\/candas365.es\\\/noticias\\\/ganadores-del-xvi-concurso-de-marca-paginas-2019\\\/#breadcrumblist\",\"itemListElement\":[{\"@type\":\"ListItem\",\"@id\":\"https:\\\/\\\/candas365.es\\\/noticias#listItem\",\"position\":1,\"name\":\"Home\",\"item\":\"https:\\\/\\\/candas365.es\\\/noticias\",\"nextItem\":{\"@type\":\"ListItem\",\"@id\":\"https:\\\/\\\/candas365.es\\\/noticias\\\/category\\\/noticias-carreno\\\/#listItem\",\"name\":\"Noticias Carre\\u00f1o\"}},{\"@type\":\"ListItem\",\"@id\":\"https:\\\/\\\/candas365.es\\\/noticias\\\/category\\\/noticias-carreno\\\/#listItem\",\"position\":2,\"name\":\"Noticias Carre\\u00f1o\",\"item\":\"https:\\\/\\\/candas365.es\\\/noticias\\\/category\\\/noticias-carreno\\\/\",\"nextItem\":{\"@type\":\"ListItem\",\"@id\":\"https:\\\/\\\/candas365.es\\\/noticias\\\/ganadores-del-xvi-concurso-de-marca-paginas-2019\\\/#listItem\",\"name\":\"Ganadores del \\u201cXVI Concurso de Marca-p\\u00e1ginas 2019\\u201d\"},\"previousItem\":{\"@type\":\"ListItem\",\"@id\":\"https:\\\/\\\/candas365.es\\\/noticias#listItem\",\"name\":\"Home\"}},{\"@type\":\"ListItem\",\"@id\":\"https:\\\/\\\/candas365.es\\\/noticias\\\/ganadores-del-xvi-concurso-de-marca-paginas-2019\\\/#listItem\",\"position\":3,\"name\":\"Ganadores del \\u201cXVI Concurso de Marca-p\\u00e1ginas 2019\\u201d\",\"previousItem\":{\"@type\":\"ListItem\",\"@id\":\"https:\\\/\\\/candas365.es\\\/noticias\\\/category\\\/noticias-carreno\\\/#listItem\",\"name\":\"Noticias Carre\\u00f1o\"}}]},{\"@type\":\"NewsArticle\",\"@id\":\"https:\\\/\\\/candas365.es\\\/noticias\\\/ganadores-del-xvi-concurso-de-marca-paginas-2019\\\/#newsarticle\",\"name\":\"Ganadores del \\u201cXVI Concurso de Marca-p\\u00e1ginas 2019\\u201d | Cand\\u00e1s 365\",\"headline\":\"Ganadores del \\u201cXVI Concurso de Marca-p\\u00e1ginas 2019\\u201d\",\"author\":{\"@id\":\"https:\\\/\\\/candas365.es\\\/noticias\\\/author\\\/admin\\\/#author\"},\"publisher\":{\"@id\":\"https:\\\/\\\/candas365.es\\\/noticias\\\/#organization\"},\"image\":{\"@type\":\"ImageObject\",\"url\":\"https:\\\/\\\/candas365.es\\\/noticias\\\/wp-content\\\/uploads\\\/2019\\\/04\\\/ganador-0-7-a\\u00f1os-y-accesit.jpg\",\"width\":1280,\"height\":960},\"datePublished\":\"2019-04-12T15:00:49+02:00\",\"dateModified\":\"2019-04-12T15:00:49+02:00\",\"inLanguage\":\"es-ES\",\"mainEntityOfPage\":{\"@id\":\"https:\\\/\\\/candas365.es\\\/noticias\\\/ganadores-del-xvi-concurso-de-marca-paginas-2019\\\/#webpage\"},\"isPartOf\":{\"@id\":\"https:\\\/\\\/candas365.es\\\/noticias\\\/ganadores-del-xvi-concurso-de-marca-paginas-2019\\\/#webpage\"},\"articleSection\":\"Noticias Carre\\u00f1o\",\"dateline\":\"Publicado el abril 12, 2019.\"},{\"@type\":\"Organization\",\"@id\":\"https:\\\/\\\/candas365.es\\\/noticias\\\/#organization\",\"name\":\"Cand\\u00e1s 365\",\"description\":\"Cand\\u00e1s 365 es un diario digital independiente, fundado en 2012, con base en Asturias. Informamos con rigor sobre actualidad, sociedad, cultura y ocio, con una mirada local y global.\",\"url\":\"https:\\\/\\\/candas365.es\\\/noticias\\\/\",\"email\":\"info@candas365.es\",\"telephone\":\"+34652131393\",\"foundingDate\":\"2012-06-10\",\"logo\":{\"@type\":\"ImageObject\",\"url\":\"https:\\\/\\\/candas365.es\\\/noticias\\\/wp-content\\\/uploads\\\/2024\\\/09\\\/Candas-365-Redes.jpg\",\"@id\":\"https:\\\/\\\/candas365.es\\\/noticias\\\/ganadores-del-xvi-concurso-de-marca-paginas-2019\\\/#organizationLogo\",\"width\":1152,\"height\":864,\"caption\":\"Cand\\u00e1s 365 Redes\"},\"image\":{\"@id\":\"https:\\\/\\\/candas365.es\\\/noticias\\\/ganadores-del-xvi-concurso-de-marca-paginas-2019\\\/#organizationLogo\"},\"sameAs\":[\"https:\\\/\\\/www.facebook.com\\\/Nachofdezber\",\"https:\\\/\\\/x.com\\\/NabercoDigital\",\"https:\\\/\\\/www.instagram.com\\\/nachofdezber\\\/\",\"https:\\\/\\\/www.youtube.com\\\/channel\\\/UCZP-2wLEB9Rv6erhFmqVnvg\"],\"address\":{\"@id\":\"https:\\\/\\\/candas365.es\\\/noticias\\\/#postaladdress\",\"@type\":\"PostalAddress\",\"streetAddress\":\"san antonio 4, san antonio 4\",\"postalCode\":\"33430\",\"addressLocality\":\"Cand\\u00e1s\",\"addressRegion\":\"Asturias\",\"addressCountry\":\"ES\"}},{\"@type\":\"Person\",\"@id\":\"https:\\\/\\\/candas365.es\\\/noticias\\\/author\\\/admin\\\/#author\",\"url\":\"https:\\\/\\\/candas365.es\\\/noticias\\\/author\\\/admin\\\/\",\"name\":\"Cand\\u00e1s 365\",\"image\":{\"@type\":\"ImageObject\",\"@id\":\"https:\\\/\\\/candas365.es\\\/noticias\\\/ganadores-del-xvi-concurso-de-marca-paginas-2019\\\/#authorImage\",\"url\":\"https:\\\/\\\/secure.gravatar.com\\\/avatar\\\/496a8e03d0c493ede1718b7934145dbdf8d89be1036b0eec9544e1094c9de390?s=96&d=mm&r=g\",\"width\":96,\"height\":96,\"caption\":\"Cand\\u00e1s 365\"},\"sameAs\":[\"https:\\\/\\\/www.facebook.com\\\/carrenoactualidad\",\"https:\\\/\\\/twitter.com\\\/nbasturias\",\"https:\\\/\\\/www.instagram.com\\\/nachofdezber\\\/\",\"https:\\\/\\\/www.youtube.com\\\/channel\\\/UCZP-2wLEB9Rv6erhFmqVnvg\"]},{\"@type\":\"WebPage\",\"@id\":\"https:\\\/\\\/candas365.es\\\/noticias\\\/ganadores-del-xvi-concurso-de-marca-paginas-2019\\\/#webpage\",\"url\":\"https:\\\/\\\/candas365.es\\\/noticias\\\/ganadores-del-xvi-concurso-de-marca-paginas-2019\\\/\",\"name\":\"Ganadores del \\u201cXVI Concurso de Marca-p\\u00e1ginas 2019\\u201d | Cand\\u00e1s 365\",\"description\":\"Desde hace diecis\\u00e9is a\\u00f1os el Ayuntamiento de Carre\\u00f1o a trav\\u00e9s de la Biblioteca P\\u00fablica Municipal \\u201cCarlos Gonz\\u00e1lez Posada\\u201d de Cand\\u00e1s organiza el \\u201cConcurso de Marca-p\\u00e1ginas\\u201d. El jurado que se ha reunido en la ma\\u00f1ana de ayer jueves 11 de abril ha tenido una tarea ardua. Dado que hasta el 6 de abril, fecha l\\u00edmite para\",\"inLanguage\":\"es-ES\",\"isPartOf\":{\"@id\":\"https:\\\/\\\/candas365.es\\\/noticias\\\/#website\"},\"breadcrumb\":{\"@id\":\"https:\\\/\\\/candas365.es\\\/noticias\\\/ganadores-del-xvi-concurso-de-marca-paginas-2019\\\/#breadcrumblist\"},\"author\":{\"@id\":\"https:\\\/\\\/candas365.es\\\/noticias\\\/author\\\/admin\\\/#author\"},\"creator\":{\"@id\":\"https:\\\/\\\/candas365.es\\\/noticias\\\/author\\\/admin\\\/#author\"},\"image\":{\"@type\":\"ImageObject\",\"url\":\"https:\\\/\\\/candas365.es\\\/noticias\\\/wp-content\\\/uploads\\\/2019\\\/04\\\/ganador-0-7-a\\u00f1os-y-accesit.jpg\",\"@id\":\"https:\\\/\\\/candas365.es\\\/noticias\\\/ganadores-del-xvi-concurso-de-marca-paginas-2019\\\/#mainImage\",\"width\":1280,\"height\":960},\"primaryImageOfPage\":{\"@id\":\"https:\\\/\\\/candas365.es\\\/noticias\\\/ganadores-del-xvi-concurso-de-marca-paginas-2019\\\/#mainImage\"},\"datePublished\":\"2019-04-12T15:00:49+02:00\",\"dateModified\":\"2019-04-12T15:00:49+02:00\"},{\"@type\":\"WebSite\",\"@id\":\"https:\\\/\\\/candas365.es\\\/noticias\\\/#website\",\"url\":\"https:\\\/\\\/candas365.es\\\/noticias\\\/\",\"name\":\"Cand\\u00e1s 365\",\"alternateName\":\"Cand\\u00e1s 365 Noticias\",\"description\":\"Actualidad desde Carre\\u00f1o para el mundo\",\"inLanguage\":\"es-ES\",\"publisher\":{\"@id\":\"https:\\\/\\\/candas365.es\\\/noticias\\\/#organization\"}}]}\n\t\t<\/script>\n\t\t<!-- All in One SEO Pro -->\r\n\t\t<title>Ganadores del \u201cXVI Concurso de Marca-p\u00e1ginas 2019\u201d | Cand\u00e1s 365<\/title>\n\n","aioseo_head_json":{"title":"Ganadores del \u201cXVI Concurso de Marca-p\u00e1ginas 2019\u201d | Cand\u00e1s 365","description":"Desde hace diecis\u00e9is a\u00f1os el Ayuntamiento de Carre\u00f1o a trav\u00e9s de la Biblioteca P\u00fablica Municipal \u201cCarlos Gonz\u00e1lez Posada\u201d de Cand\u00e1s organiza el \u201cConcurso de Marca-p\u00e1ginas\u201d. El jurado que se ha reunido en la ma\u00f1ana de ayer jueves 11 de abril ha tenido una tarea ardua. Dado que hasta el 6 de abril, fecha l\u00edmite para","canonical_url":"https:\/\/candas365.es\/noticias\/ganadores-del-xvi-concurso-de-marca-paginas-2019\/","robots":"max-image-preview:large","keywords":"noticias carre\u00f1o","webmasterTools":{"google-site-verification":"UA-32230408-1","msvalidate.01":"354F3CDFB2DA171B47FBE9ABF1F88D5","miscellaneous":""},"schema":{"@context":"https:\/\/schema.org","@graph":[{"@type":"BreadcrumbList","@id":"https:\/\/candas365.es\/noticias\/ganadores-del-xvi-concurso-de-marca-paginas-2019\/#breadcrumblist","itemListElement":[{"@type":"ListItem","@id":"https:\/\/candas365.es\/noticias#listItem","position":1,"name":"Home","item":"https:\/\/candas365.es\/noticias","nextItem":{"@type":"ListItem","@id":"https:\/\/candas365.es\/noticias\/category\/noticias-carreno\/#listItem","name":"Noticias Carre\u00f1o"}},{"@type":"ListItem","@id":"https:\/\/candas365.es\/noticias\/category\/noticias-carreno\/#listItem","position":2,"name":"Noticias Carre\u00f1o","item":"https:\/\/candas365.es\/noticias\/category\/noticias-carreno\/","nextItem":{"@type":"ListItem","@id":"https:\/\/candas365.es\/noticias\/ganadores-del-xvi-concurso-de-marca-paginas-2019\/#listItem","name":"Ganadores del \u201cXVI Concurso de Marca-p\u00e1ginas 2019\u201d"},"previousItem":{"@type":"ListItem","@id":"https:\/\/candas365.es\/noticias#listItem","name":"Home"}},{"@type":"ListItem","@id":"https:\/\/candas365.es\/noticias\/ganadores-del-xvi-concurso-de-marca-paginas-2019\/#listItem","position":3,"name":"Ganadores del \u201cXVI Concurso de Marca-p\u00e1ginas 2019\u201d","previousItem":{"@type":"ListItem","@id":"https:\/\/candas365.es\/noticias\/category\/noticias-carreno\/#listItem","name":"Noticias Carre\u00f1o"}}]},{"@type":"NewsArticle","@id":"https:\/\/candas365.es\/noticias\/ganadores-del-xvi-concurso-de-marca-paginas-2019\/#newsarticle","name":"Ganadores del \u201cXVI Concurso de Marca-p\u00e1ginas 2019\u201d | Cand\u00e1s 365","headline":"Ganadores del \u201cXVI Concurso de Marca-p\u00e1ginas 2019\u201d","author":{"@id":"https:\/\/candas365.es\/noticias\/author\/admin\/#author"},"publisher":{"@id":"https:\/\/candas365.es\/noticias\/#organization"},"image":{"@type":"ImageObject","url":"https:\/\/candas365.es\/noticias\/wp-content\/uploads\/2019\/04\/ganador-0-7-a\u00f1os-y-accesit.jpg","width":1280,"height":960},"datePublished":"2019-04-12T15:00:49+02:00","dateModified":"2019-04-12T15:00:49+02:00","inLanguage":"es-ES","mainEntityOfPage":{"@id":"https:\/\/candas365.es\/noticias\/ganadores-del-xvi-concurso-de-marca-paginas-2019\/#webpage"},"isPartOf":{"@id":"https:\/\/candas365.es\/noticias\/ganadores-del-xvi-concurso-de-marca-paginas-2019\/#webpage"},"articleSection":"Noticias Carre\u00f1o","dateline":"Publicado el abril 12, 2019."},{"@type":"Organization","@id":"https:\/\/candas365.es\/noticias\/#organization","name":"Cand\u00e1s 365","description":"Cand\u00e1s 365 es un diario digital independiente, fundado en 2012, con base en Asturias. Informamos con rigor sobre actualidad, sociedad, cultura y ocio, con una mirada local y global.","url":"https:\/\/candas365.es\/noticias\/","email":"info@candas365.es","telephone":"+34652131393","foundingDate":"2012-06-10","logo":{"@type":"ImageObject","url":"https:\/\/candas365.es\/noticias\/wp-content\/uploads\/2024\/09\/Candas-365-Redes.jpg","@id":"https:\/\/candas365.es\/noticias\/ganadores-del-xvi-concurso-de-marca-paginas-2019\/#organizationLogo","width":1152,"height":864,"caption":"Cand\u00e1s 365 Redes"},"image":{"@id":"https:\/\/candas365.es\/noticias\/ganadores-del-xvi-concurso-de-marca-paginas-2019\/#organizationLogo"},"sameAs":["https:\/\/www.facebook.com\/Nachofdezber","https:\/\/x.com\/NabercoDigital","https:\/\/www.instagram.com\/nachofdezber\/","https:\/\/www.youtube.com\/channel\/UCZP-2wLEB9Rv6erhFmqVnvg"],"address":{"@id":"https:\/\/candas365.es\/noticias\/#postaladdress","@type":"PostalAddress","streetAddress":"san antonio 4, san antonio 4","postalCode":"33430","addressLocality":"Cand\u00e1s","addressRegion":"Asturias","addressCountry":"ES"}},{"@type":"Person","@id":"https:\/\/candas365.es\/noticias\/author\/admin\/#author","url":"https:\/\/candas365.es\/noticias\/author\/admin\/","name":"Cand\u00e1s 365","image":{"@type":"ImageObject","@id":"https:\/\/candas365.es\/noticias\/ganadores-del-xvi-concurso-de-marca-paginas-2019\/#authorImage","url":"https:\/\/secure.gravatar.com\/avatar\/496a8e03d0c493ede1718b7934145dbdf8d89be1036b0eec9544e1094c9de390?s=96&d=mm&r=g","width":96,"height":96,"caption":"Cand\u00e1s 365"},"sameAs":["https:\/\/www.facebook.com\/carrenoactualidad","https:\/\/twitter.com\/nbasturias","https:\/\/www.instagram.com\/nachofdezber\/","https:\/\/www.youtube.com\/channel\/UCZP-2wLEB9Rv6erhFmqVnvg"]},{"@type":"WebPage","@id":"https:\/\/candas365.es\/noticias\/ganadores-del-xvi-concurso-de-marca-paginas-2019\/#webpage","url":"https:\/\/candas365.es\/noticias\/ganadores-del-xvi-concurso-de-marca-paginas-2019\/","name":"Ganadores del \u201cXVI Concurso de Marca-p\u00e1ginas 2019\u201d | Cand\u00e1s 365","description":"Desde hace diecis\u00e9is a\u00f1os el Ayuntamiento de Carre\u00f1o a trav\u00e9s de la Biblioteca P\u00fablica Municipal \u201cCarlos Gonz\u00e1lez Posada\u201d de Cand\u00e1s organiza el \u201cConcurso de Marca-p\u00e1ginas\u201d. El jurado que se ha reunido en la ma\u00f1ana de ayer jueves 11 de abril ha tenido una tarea ardua. Dado que hasta el 6 de abril, fecha l\u00edmite para","inLanguage":"es-ES","isPartOf":{"@id":"https:\/\/candas365.es\/noticias\/#website"},"breadcrumb":{"@id":"https:\/\/candas365.es\/noticias\/ganadores-del-xvi-concurso-de-marca-paginas-2019\/#breadcrumblist"},"author":{"@id":"https:\/\/candas365.es\/noticias\/author\/admin\/#author"},"creator":{"@id":"https:\/\/candas365.es\/noticias\/author\/admin\/#author"},"image":{"@type":"ImageObject","url":"https:\/\/candas365.es\/noticias\/wp-content\/uploads\/2019\/04\/ganador-0-7-a\u00f1os-y-accesit.jpg","@id":"https:\/\/candas365.es\/noticias\/ganadores-del-xvi-concurso-de-marca-paginas-2019\/#mainImage","width":1280,"height":960},"primaryImageOfPage":{"@id":"https:\/\/candas365.es\/noticias\/ganadores-del-xvi-concurso-de-marca-paginas-2019\/#mainImage"},"datePublished":"2019-04-12T15:00:49+02:00","dateModified":"2019-04-12T15:00:49+02:00"},{"@type":"WebSite","@id":"https:\/\/candas365.es\/noticias\/#website","url":"https:\/\/candas365.es\/noticias\/","name":"Cand\u00e1s 365","alternateName":"Cand\u00e1s 365 Noticias","description":"Actualidad desde Carre\u00f1o para el mundo","inLanguage":"es-ES","publisher":{"@id":"https:\/\/candas365.es\/noticias\/#organization"}}]},"og:locale":"es_ES","og:site_name":"Cand\u00e1s 365","og:type":"article","og:title":"Ganadores del \u201cXVI Concurso de Marca-p\u00e1ginas 2019\u201d | Cand\u00e1s 365","og:description":"Desde hace diecis\u00e9is a\u00f1os el Ayuntamiento de Carre\u00f1o a trav\u00e9s de la Biblioteca P\u00fablica Municipal \u201cCarlos Gonz\u00e1lez Posada\u201d de Cand\u00e1s organiza el \u201cConcurso de Marca-p\u00e1ginas\u201d. El jurado que se ha reunido en la ma\u00f1ana de ayer jueves 11 de abril ha tenido una tarea ardua. Dado que hasta el 6 de abril, fecha l\u00edmite para","og:url":"https:\/\/candas365.es\/noticias\/ganadores-del-xvi-concurso-de-marca-paginas-2019\/","og:image":"https:\/\/candas365.es\/noticias\/wp-content\/uploads\/2019\/04\/ganador-0-7-a\u00f1os-y-accesit.jpg","og:image:secure_url":"https:\/\/candas365.es\/noticias\/wp-content\/uploads\/2019\/04\/ganador-0-7-a\u00f1os-y-accesit.jpg","og:image:width":1280,"og:image:height":960,"article:published_time":"2019-04-12T15:00:49+00:00","article:modified_time":"2019-04-12T15:00:49+00:00","article:publisher":"https:\/\/www.facebook.com\/Nachofdezber","article:author":"https:\/\/www.facebook.com\/carrenoactualidad","twitter:card":"summary_large_image","twitter:site":"@NabercoDigital","twitter:title":"Ganadores del \u201cXVI Concurso de Marca-p\u00e1ginas 2019\u201d | Cand\u00e1s 365","twitter:description":"Desde hace diecis\u00e9is a\u00f1os el Ayuntamiento de Carre\u00f1o a trav\u00e9s de la Biblioteca P\u00fablica Municipal \u201cCarlos Gonz\u00e1lez Posada\u201d de Cand\u00e1s organiza el \u201cConcurso de Marca-p\u00e1ginas\u201d. El jurado que se ha reunido en la ma\u00f1ana de ayer jueves 11 de abril ha tenido una tarea ardua. Dado que hasta el 6 de abril, fecha l\u00edmite para","twitter:creator":"@nbasturias","twitter:image":"https:\/\/candas365.es\/noticias\/wp-content\/uploads\/2019\/04\/ganador-0-7-a\u00f1os-y-accesit.jpg","twitter:label1":"Escrito por","twitter:data1":"Cand\u00e1s 365","twitter:label2":"Tiempo de lectura estimado","twitter:data2":"3 minutos"},"aioseo_meta_data":{"post_id":"120654","title":null,"description":null,"keywords":null,"keyphrases":null,"primary_term":null,"canonical_url":null,"og_title":null,"og_description":null,"og_object_type":"default","og_image_type":"default","og_image_url":null,"og_image_width":null,"og_image_height":null,"og_image_custom_url":null,"og_image_custom_fields":null,"og_video":null,"og_custom_url":null,"og_article_section":null,"og_article_tags":null,"twitter_use_og":false,"twitter_card":"default","twitter_image_type":"default","twitter_image_url":null,"twitter_image_custom_url":null,"twitter_image_custom_fields":null,"twitter_title":null,"twitter_description":null,"schema":{"blockGraphs":[],"customGraphs":[],"default":{"data":{"Article":[],"Course":[],"Dataset":[],"FAQPage":[],"Movie":[],"Person":[],"Product":[],"ProductReview":[],"Car":[],"Recipe":[],"Service":[],"SoftwareApplication":[],"WebPage":[]},"graphName":"","isEnabled":true},"graphs":[],"defaultGraph":"","defaultPostTypeGraph":""},"schema_type":null,"schema_type_options":null,"pillar_content":false,"robots_default":true,"robots_noindex":false,"robots_noarchive":false,"robots_nosnippet":false,"robots_nofollow":false,"robots_noimageindex":false,"robots_noodp":false,"robots_notranslate":false,"robots_max_snippet":null,"robots_max_videopreview":null,"robots_max_imagepreview":"large","priority":null,"frequency":null,"location":null,"local_seo":null,"seo_analyzer_scan_date":"2025-08-29 17:53:17","breadcrumb_settings":null,"limit_modified_date":false,"reviewed_by":null,"open_ai":null,"ai":null,"created":"2020-12-21 10:58:49","updated":"2025-08-29 17:53:17"},"aioseo_breadcrumb":"<div class=\"aioseo-breadcrumbs\"><span class=\"aioseo-breadcrumb\">\n\t<a href=\"https:\/\/candas365.es\/noticias\" title=\"Home\">Home<\/a>\n<\/span><span class=\"aioseo-breadcrumb-separator\">&ndash;<\/span><span class=\"aioseo-breadcrumb\">\n\t<a href=\"https:\/\/candas365.es\/noticias\/category\/noticias-carreno\/\" title=\"Noticias Carre\u00f1o\">Noticias Carre\u00f1o<\/a>\n<\/span><span class=\"aioseo-breadcrumb-separator\">&ndash;<\/span><span class=\"aioseo-breadcrumb\">\n\tGanadores del \u201cXVI Concurso de Marca-p\u00e1ginas 2019\u201d\n<\/span><\/div>","aioseo_breadcrumb_json":[{"label":"Home","link":"https:\/\/candas365.es\/noticias"},{"label":"Noticias Carre\u00f1o","link":"https:\/\/candas365.es\/noticias\/category\/noticias-carreno\/"},{"label":"Ganadores del \u201cXVI Concurso de Marca-p\u00e1ginas 2019\u201d","link":"https:\/\/candas365.es\/noticias\/ganadores-del-xvi-concurso-de-marca-paginas-2019\/"}],"_links":{"self":[{"href":"https:\/\/candas365.es\/noticias\/wp-json\/wp\/v2\/posts\/120654","targetHints":{"allow":["GET"]}}],"collection":[{"href":"https:\/\/candas365.es\/noticias\/wp-json\/wp\/v2\/posts"}],"about":[{"href":"https:\/\/candas365.es\/noticias\/wp-json\/wp\/v2\/types\/post"}],"author":[{"embeddable":true,"href":"https:\/\/candas365.es\/noticias\/wp-json\/wp\/v2\/users\/1"}],"replies":[{"embeddable":true,"href":"https:\/\/candas365.es\/noticias\/wp-json\/wp\/v2\/comments?post=120654"}],"version-history":[{"count":0,"href":"https:\/\/candas365.es\/noticias\/wp-json\/wp\/v2\/posts\/120654\/revisions"}],"wp:featuredmedia":[{"embeddable":true,"href":"https:\/\/candas365.es\/noticias\/wp-json\/wp\/v2\/media\/120655"}],"wp:attachment":[{"href":"https:\/\/candas365.es\/noticias\/wp-json\/wp\/v2\/media?parent=120654"}],"wp:term":[{"taxonomy":"category","embeddable":true,"href":"https:\/\/candas365.es\/noticias\/wp-json\/wp\/v2\/categories?post=120654"},{"taxonomy":"post_tag","embeddable":true,"href":"https:\/\/candas365.es\/noticias\/wp-json\/wp\/v2\/tags?post=120654"}],"curies":[{"name":"wp","href":"https:\/\/api.w.org\/{rel}","templated":true}]}}