{"id":120595,"date":"2019-04-12T03:54:26","date_gmt":"2019-04-12T03:54:26","guid":{"rendered":"http:\/\/candas365.es\/noticias\/?p=120595"},"modified":"2019-04-12T03:54:26","modified_gmt":"2019-04-12T03:54:26","slug":"smartick-vuelve-a-premiar-la-mejor-historia-docente","status":"publish","type":"post","link":"https:\/\/candas365.es\/noticias\/smartick-vuelve-a-premiar-la-mejor-historia-docente\/","title":{"rendered":"Smartick vuelve a premiar la Mejor Historia Docente"},"content":{"rendered":"<p><a href=\"https:\/\/www.smartick.es\/\" target=\"_blank\" rel=\"nofollow noopener noreferrer\"><span style=\"color: #ff6600;\"><strong><img fetchpriority=\"high\" decoding=\"async\" class=\"alignleft size-medium wp-image-120596\" src=\"https:\/\/candas365.es\/noticias\/wp-content\/uploads\/2019\/04\/1554991319_Cartel_Premio_a_la_Mejor_Historia_Docente_Smartick-212x300.jpg\" alt=\"\" width=\"212\" height=\"300\" srcset=\"https:\/\/candas365.es\/noticias\/wp-content\/uploads\/2019\/04\/1554991319_Cartel_Premio_a_la_Mejor_Historia_Docente_Smartick-212x300.jpg 212w, https:\/\/candas365.es\/noticias\/wp-content\/uploads\/2019\/04\/1554991319_Cartel_Premio_a_la_Mejor_Historia_Docente_Smartick-339x480.jpg 339w, https:\/\/candas365.es\/noticias\/wp-content\/uploads\/2019\/04\/1554991319_Cartel_Premio_a_la_Mejor_Historia_Docente_Smartick-696x984.jpg 696w, https:\/\/candas365.es\/noticias\/wp-content\/uploads\/2019\/04\/1554991319_Cartel_Premio_a_la_Mejor_Historia_Docente_Smartick-297x420.jpg 297w, https:\/\/candas365.es\/noticias\/wp-content\/uploads\/2019\/04\/1554991319_Cartel_Premio_a_la_Mejor_Historia_Docente_Smartick.jpg 707w\" sizes=\"(max-width: 212px) 100vw, 212px\" \/>Smartick<\/strong><\/span><\/a>\u00a0abre una nueva convocatoria del\u00a0<strong>Premio a la Mejor Historia Docente<\/strong>, un galard\u00f3n que pretende\u00a0<strong>reconocer la labor de los profesores espa\u00f1oles<\/strong>, el trabajo de aquellos docentes que han logrado sacar lo mejor de cada alumno y que han conseguido, gracias a su entrega y dedicaci\u00f3n, potenciar el talento de sus pupilos.<\/p>\n<p>Se trata de la segunda edici\u00f3n de un premio con el que\u00a0<strong>Smartick<\/strong>\u00a0quiere rendir homenaje a los\u00a0<strong>profesores que hayan conseguido motivar y reforzar la autoestima de sus alumnos<\/strong>\u00a0y cuya labor docente haya llevado a estos j\u00f3venes a conseguir excelentes calificaciones, ganar concursos u optar a becas en las mejores universidades.<\/p>\n<p>En su primera convocatoria, el pasado a\u00f1o, el galard\u00f3n se le otorg\u00f3 a Joaqu\u00edn Hern\u00e1ndez (\u2020),\u00a0<strong><span style=\"color: #ff6600;\"><a style=\"color: #ff6600;\" href=\"https:\/\/www.smartick.es\/blog\/noticias-smartick\/smartick-en-los-medios\/premio-a-la-mejor-historia-docente\/\" target=\"_blank\" rel=\"nofollow noopener noreferrer\">profesor de campeones matem\u00e1ticos, por su labor docente durante cuatro d\u00e9cadas<\/a><\/span><\/strong>.<\/p>\n<p><strong>El perfil que se busca reconocer no es el de profesor famoso medi\u00e1ticamente<\/strong>, sino el de educador que desempe\u00f1e un papel fundamental a la hora de fijar los cimientos educativos de sus alumnos, en la disciplina de las matem\u00e1ticas, sea cual sea la etapa educativa.<\/p>\n<p>\u201cCada vez menos j\u00f3venes se deciden por esta materia para realizar sus estudios superiores con el objetivo de impartir clases en su etapa laboral. Nos preocupa que nos lleguemos a quedar sin profesores de matem\u00e1ticas. Por eso\u00a0<strong>reeditamos este<\/strong>\u00a0<strong>Premio a la Mejor Historia Docente<\/strong>\u00a0por segundo a\u00f1o, para poner en alza y visibilizar la labor de los educadores espa\u00f1oles y para que sirvan como ejemplo a los estudiantes de lo gratificante que es dedicarse a la docencia\u201d, han se\u00f1alado\u00a0<strong>Javier Arroyo y Daniel Gonz\u00e1lez, fundadores de Smartick.<\/strong><\/p>\n<p>Otro de los aspectos que se valorar\u00e1n de las candidaturas es que los profesores propuestos desarrollen m\u00e9todos innovadores y potencien el talento de los alumnos, as\u00ed como que fomenten el refuerzo positivo y el esfuerzo y la constancia en el aprendizaje.<\/p>\n<p><strong>Un jurado de prestigio ser\u00e1 el encargado de valorar las historias<\/strong>\u00a0merecedoras de ser premiadas. Estar\u00e1 formado por cinco expertos en educaci\u00f3n y ciencias que colaborar\u00e1n con\u00a0<strong>Smartick<\/strong>\u00a0en la dif\u00edcil tarea de elegir la mejor trayectoria docente de entre los grandes profesores que, de manera an\u00f3nima, realizan una encomiable labor en las aulas de este pa\u00eds.<\/p>\n<p>La fecha l\u00edmite para la recepci\u00f3n de las historias docentes es el\u00a0<strong>30 de abril<\/strong>\u00a0y todas las propuestas podr\u00e1n ser enviadas al correo electr\u00f3nico\u00a0info@smartickmethod.com.<\/p>\n<p>Tras el estudio de todas las candidaturas recibidas se seleccionar\u00e1n 5 finalistas. El fallo del jurado, as\u00ed como la entrega del premio, tendr\u00e1n lugar a comienzos del mes de junio.<\/p>\n","protected":false},"excerpt":{"rendered":"<p>Smartick\u00a0abre una nueva convocatoria del\u00a0Premio a la Mejor Historia Docente, un galard\u00f3n que pretende\u00a0reconocer la labor de los profesores espa\u00f1oles, el trabajo de aquellos docentes que han logrado sacar lo mejor de cada alumno y que han conseguido, gracias a su entrega y dedicaci\u00f3n, potenciar el talento de sus pupilos. Se trata de la segunda<\/p>\n","protected":false},"author":1,"featured_media":120596,"comment_status":"closed","ping_status":"closed","sticky":false,"template":"","format":"standard","meta":{"footnotes":""},"categories":[143],"tags":[],"class_list":{"0":"post-120595","1":"post","2":"type-post","3":"status-publish","4":"format-standard","5":"has-post-thumbnail","7":"category-sociedad"},"aioseo_notices":[],"aioseo_head":"\n\t\t<!-- All in One SEO Pro 4.9.6.2 - aioseo.com -->\n\t<meta name=\"description\" content=\"Smartick abre una nueva convocatoria del Premio a la Mejor Historia Docente, un galard\u00f3n que pretende reconocer la labor de los profesores espa\u00f1oles, el trabajo de aquellos docentes que han logrado sacar lo mejor de cada alumno y que han conseguido, gracias a su entrega y dedicaci\u00f3n, potenciar el talento de sus pupilos. Se trata de la segunda\" \/>\n\t<meta name=\"robots\" content=\"max-image-preview:large\" \/>\n\t<meta name=\"author\" content=\"Cand\u00e1s 365\"\/>\n\t<meta name=\"google-site-verification\" content=\"UA-32230408-1\" \/>\n\t<meta name=\"msvalidate.01\" content=\"354F3CDFB2DA171B47FBE9ABF1F88D5\" \/>\n\t<meta name=\"keywords\" content=\"sociedad\" \/>\n\t<link rel=\"canonical\" href=\"https:\/\/candas365.es\/noticias\/smartick-vuelve-a-premiar-la-mejor-historia-docente\/\" \/>\n\t<meta name=\"generator\" content=\"All in One SEO Pro (AIOSEO) 4.9.6.2\" \/>\n\t\t<meta property=\"og:locale\" content=\"es_ES\" \/>\n\t\t<meta property=\"og:site_name\" content=\"Cand\u00e1s 365\" \/>\n\t\t<meta property=\"og:type\" content=\"article\" \/>\n\t\t<meta property=\"og:title\" content=\"Smartick vuelve a premiar la Mejor Historia Docente | Cand\u00e1s 365\" \/>\n\t\t<meta property=\"og:description\" content=\"Smartick abre una nueva convocatoria del Premio a la Mejor Historia Docente, un galard\u00f3n que pretende reconocer la labor de los profesores espa\u00f1oles, el trabajo de aquellos docentes que han logrado sacar lo mejor de cada alumno y que han conseguido, gracias a su entrega y dedicaci\u00f3n, potenciar el talento de sus pupilos. Se trata de la segunda\" \/>\n\t\t<meta property=\"og:url\" content=\"https:\/\/candas365.es\/noticias\/smartick-vuelve-a-premiar-la-mejor-historia-docente\/\" \/>\n\t\t<meta property=\"og:image\" content=\"https:\/\/candas365.es\/noticias\/wp-content\/uploads\/2019\/04\/1554991319_Cartel_Premio_a_la_Mejor_Historia_Docente_Smartick.jpg\" \/>\n\t\t<meta property=\"og:image:secure_url\" content=\"https:\/\/candas365.es\/noticias\/wp-content\/uploads\/2019\/04\/1554991319_Cartel_Premio_a_la_Mejor_Historia_Docente_Smartick.jpg\" \/>\n\t\t<meta property=\"og:image:width\" content=\"707\" \/>\n\t\t<meta property=\"og:image:height\" content=\"1000\" \/>\n\t\t<meta property=\"article:published_time\" content=\"2019-04-12T03:54:26+00:00\" \/>\n\t\t<meta property=\"article:modified_time\" content=\"2019-04-12T03:54:26+00:00\" \/>\n\t\t<meta property=\"article:publisher\" content=\"https:\/\/www.facebook.com\/Nachofdezber\" \/>\n\t\t<meta property=\"article:author\" content=\"https:\/\/www.facebook.com\/carrenoactualidad\" \/>\n\t\t<meta name=\"twitter:card\" content=\"summary_large_image\" \/>\n\t\t<meta name=\"twitter:site\" content=\"@NabercoDigital\" \/>\n\t\t<meta name=\"twitter:title\" content=\"Smartick vuelve a premiar la Mejor Historia Docente | Cand\u00e1s 365\" \/>\n\t\t<meta name=\"twitter:description\" content=\"Smartick abre una nueva convocatoria del Premio a la Mejor Historia Docente, un galard\u00f3n que pretende reconocer la labor de los profesores espa\u00f1oles, el trabajo de aquellos docentes que han logrado sacar lo mejor de cada alumno y que han conseguido, gracias a su entrega y dedicaci\u00f3n, potenciar el talento de sus pupilos. Se trata de la segunda\" \/>\n\t\t<meta name=\"twitter:creator\" content=\"@nbasturias\" \/>\n\t\t<meta name=\"twitter:image\" content=\"https:\/\/candas365.es\/noticias\/wp-content\/uploads\/2019\/04\/1554991319_Cartel_Premio_a_la_Mejor_Historia_Docente_Smartick.jpg\" \/>\n\t\t<meta name=\"twitter:label1\" content=\"Escrito por\" \/>\n\t\t<meta name=\"twitter:data1\" content=\"Cand\u00e1s 365\" \/>\n\t\t<meta name=\"twitter:label2\" content=\"Tiempo de lectura estimado\" \/>\n\t\t<meta name=\"twitter:data2\" content=\"2 minutos\" \/>\n\t\t<script type=\"application\/ld+json\" class=\"aioseo-schema\">\n\t\t\t{\"@context\":\"https:\\\/\\\/schema.org\",\"@graph\":[{\"@type\":\"BreadcrumbList\",\"@id\":\"https:\\\/\\\/candas365.es\\\/noticias\\\/smartick-vuelve-a-premiar-la-mejor-historia-docente\\\/#breadcrumblist\",\"itemListElement\":[{\"@type\":\"ListItem\",\"@id\":\"https:\\\/\\\/candas365.es\\\/noticias#listItem\",\"position\":1,\"name\":\"Home\",\"item\":\"https:\\\/\\\/candas365.es\\\/noticias\",\"nextItem\":{\"@type\":\"ListItem\",\"@id\":\"https:\\\/\\\/candas365.es\\\/noticias\\\/category\\\/sociedad\\\/#listItem\",\"name\":\"Sociedad\"}},{\"@type\":\"ListItem\",\"@id\":\"https:\\\/\\\/candas365.es\\\/noticias\\\/category\\\/sociedad\\\/#listItem\",\"position\":2,\"name\":\"Sociedad\",\"item\":\"https:\\\/\\\/candas365.es\\\/noticias\\\/category\\\/sociedad\\\/\",\"nextItem\":{\"@type\":\"ListItem\",\"@id\":\"https:\\\/\\\/candas365.es\\\/noticias\\\/smartick-vuelve-a-premiar-la-mejor-historia-docente\\\/#listItem\",\"name\":\"Smartick vuelve a premiar la Mejor Historia Docente\"},\"previousItem\":{\"@type\":\"ListItem\",\"@id\":\"https:\\\/\\\/candas365.es\\\/noticias#listItem\",\"name\":\"Home\"}},{\"@type\":\"ListItem\",\"@id\":\"https:\\\/\\\/candas365.es\\\/noticias\\\/smartick-vuelve-a-premiar-la-mejor-historia-docente\\\/#listItem\",\"position\":3,\"name\":\"Smartick vuelve a premiar la Mejor Historia Docente\",\"previousItem\":{\"@type\":\"ListItem\",\"@id\":\"https:\\\/\\\/candas365.es\\\/noticias\\\/category\\\/sociedad\\\/#listItem\",\"name\":\"Sociedad\"}}]},{\"@type\":\"NewsArticle\",\"@id\":\"https:\\\/\\\/candas365.es\\\/noticias\\\/smartick-vuelve-a-premiar-la-mejor-historia-docente\\\/#newsarticle\",\"name\":\"Smartick vuelve a premiar la Mejor Historia Docente | Cand\\u00e1s 365\",\"headline\":\"Smartick vuelve a premiar la Mejor Historia Docente\",\"author\":{\"@id\":\"https:\\\/\\\/candas365.es\\\/noticias\\\/author\\\/admin\\\/#author\"},\"publisher\":{\"@id\":\"https:\\\/\\\/candas365.es\\\/noticias\\\/#organization\"},\"image\":{\"@type\":\"ImageObject\",\"url\":\"https:\\\/\\\/candas365.es\\\/noticias\\\/wp-content\\\/uploads\\\/2019\\\/04\\\/1554991319_Cartel_Premio_a_la_Mejor_Historia_Docente_Smartick.jpg\",\"width\":707,\"height\":1000},\"datePublished\":\"2019-04-12T03:54:26+02:00\",\"dateModified\":\"2019-04-12T03:54:26+02:00\",\"inLanguage\":\"es-ES\",\"mainEntityOfPage\":{\"@id\":\"https:\\\/\\\/candas365.es\\\/noticias\\\/smartick-vuelve-a-premiar-la-mejor-historia-docente\\\/#webpage\"},\"isPartOf\":{\"@id\":\"https:\\\/\\\/candas365.es\\\/noticias\\\/smartick-vuelve-a-premiar-la-mejor-historia-docente\\\/#webpage\"},\"articleSection\":\"Sociedad\",\"dateline\":\"Publicado el abril 12, 2019.\"},{\"@type\":\"Organization\",\"@id\":\"https:\\\/\\\/candas365.es\\\/noticias\\\/#organization\",\"name\":\"Cand\\u00e1s 365\",\"description\":\"Cand\\u00e1s 365 es un diario digital independiente, fundado en 2012, con base en Asturias. Informamos con rigor sobre actualidad, sociedad, cultura y ocio, con una mirada local y global.\",\"url\":\"https:\\\/\\\/candas365.es\\\/noticias\\\/\",\"email\":\"info@candas365.es\",\"telephone\":\"+34652131393\",\"foundingDate\":\"2012-06-10\",\"logo\":{\"@type\":\"ImageObject\",\"url\":\"https:\\\/\\\/candas365.es\\\/noticias\\\/wp-content\\\/uploads\\\/2024\\\/09\\\/Candas-365-Redes.jpg\",\"@id\":\"https:\\\/\\\/candas365.es\\\/noticias\\\/smartick-vuelve-a-premiar-la-mejor-historia-docente\\\/#organizationLogo\",\"width\":1152,\"height\":864,\"caption\":\"Cand\\u00e1s 365 Redes\"},\"image\":{\"@id\":\"https:\\\/\\\/candas365.es\\\/noticias\\\/smartick-vuelve-a-premiar-la-mejor-historia-docente\\\/#organizationLogo\"},\"sameAs\":[\"https:\\\/\\\/www.facebook.com\\\/Nachofdezber\",\"https:\\\/\\\/x.com\\\/NabercoDigital\",\"https:\\\/\\\/www.instagram.com\\\/nachofdezber\\\/\",\"https:\\\/\\\/www.youtube.com\\\/channel\\\/UCZP-2wLEB9Rv6erhFmqVnvg\"],\"address\":{\"@id\":\"https:\\\/\\\/candas365.es\\\/noticias\\\/#postaladdress\",\"@type\":\"PostalAddress\",\"streetAddress\":\"san antonio 4, san antonio 4\",\"postalCode\":\"33430\",\"addressLocality\":\"Cand\\u00e1s\",\"addressRegion\":\"Asturias\",\"addressCountry\":\"ES\"}},{\"@type\":\"Person\",\"@id\":\"https:\\\/\\\/candas365.es\\\/noticias\\\/author\\\/admin\\\/#author\",\"url\":\"https:\\\/\\\/candas365.es\\\/noticias\\\/author\\\/admin\\\/\",\"name\":\"Cand\\u00e1s 365\",\"image\":{\"@type\":\"ImageObject\",\"@id\":\"https:\\\/\\\/candas365.es\\\/noticias\\\/smartick-vuelve-a-premiar-la-mejor-historia-docente\\\/#authorImage\",\"url\":\"https:\\\/\\\/secure.gravatar.com\\\/avatar\\\/496a8e03d0c493ede1718b7934145dbdf8d89be1036b0eec9544e1094c9de390?s=96&d=mm&r=g\",\"width\":96,\"height\":96,\"caption\":\"Cand\\u00e1s 365\"},\"sameAs\":[\"https:\\\/\\\/www.facebook.com\\\/carrenoactualidad\",\"https:\\\/\\\/twitter.com\\\/nbasturias\",\"https:\\\/\\\/www.instagram.com\\\/nachofdezber\\\/\",\"https:\\\/\\\/www.youtube.com\\\/channel\\\/UCZP-2wLEB9Rv6erhFmqVnvg\"]},{\"@type\":\"WebPage\",\"@id\":\"https:\\\/\\\/candas365.es\\\/noticias\\\/smartick-vuelve-a-premiar-la-mejor-historia-docente\\\/#webpage\",\"url\":\"https:\\\/\\\/candas365.es\\\/noticias\\\/smartick-vuelve-a-premiar-la-mejor-historia-docente\\\/\",\"name\":\"Smartick vuelve a premiar la Mejor Historia Docente | Cand\\u00e1s 365\",\"description\":\"Smartick abre una nueva convocatoria del Premio a la Mejor Historia Docente, un galard\\u00f3n que pretende reconocer la labor de los profesores espa\\u00f1oles, el trabajo de aquellos docentes que han logrado sacar lo mejor de cada alumno y que han conseguido, gracias a su entrega y dedicaci\\u00f3n, potenciar el talento de sus pupilos. Se trata de la segunda\",\"inLanguage\":\"es-ES\",\"isPartOf\":{\"@id\":\"https:\\\/\\\/candas365.es\\\/noticias\\\/#website\"},\"breadcrumb\":{\"@id\":\"https:\\\/\\\/candas365.es\\\/noticias\\\/smartick-vuelve-a-premiar-la-mejor-historia-docente\\\/#breadcrumblist\"},\"author\":{\"@id\":\"https:\\\/\\\/candas365.es\\\/noticias\\\/author\\\/admin\\\/#author\"},\"creator\":{\"@id\":\"https:\\\/\\\/candas365.es\\\/noticias\\\/author\\\/admin\\\/#author\"},\"image\":{\"@type\":\"ImageObject\",\"url\":\"https:\\\/\\\/candas365.es\\\/noticias\\\/wp-content\\\/uploads\\\/2019\\\/04\\\/1554991319_Cartel_Premio_a_la_Mejor_Historia_Docente_Smartick.jpg\",\"@id\":\"https:\\\/\\\/candas365.es\\\/noticias\\\/smartick-vuelve-a-premiar-la-mejor-historia-docente\\\/#mainImage\",\"width\":707,\"height\":1000},\"primaryImageOfPage\":{\"@id\":\"https:\\\/\\\/candas365.es\\\/noticias\\\/smartick-vuelve-a-premiar-la-mejor-historia-docente\\\/#mainImage\"},\"datePublished\":\"2019-04-12T03:54:26+02:00\",\"dateModified\":\"2019-04-12T03:54:26+02:00\"},{\"@type\":\"WebSite\",\"@id\":\"https:\\\/\\\/candas365.es\\\/noticias\\\/#website\",\"url\":\"https:\\\/\\\/candas365.es\\\/noticias\\\/\",\"name\":\"Cand\\u00e1s 365\",\"alternateName\":\"Cand\\u00e1s 365 Noticias\",\"description\":\"Actualidad desde Carre\\u00f1o para el mundo\",\"inLanguage\":\"es-ES\",\"publisher\":{\"@id\":\"https:\\\/\\\/candas365.es\\\/noticias\\\/#organization\"}}]}\n\t\t<\/script>\n\t\t<!-- All in One SEO Pro -->\r\n\t\t<title>Smartick vuelve a premiar la Mejor Historia Docente | Cand\u00e1s 365<\/title>\n\n","aioseo_head_json":{"title":"Smartick vuelve a premiar la Mejor Historia Docente | Cand\u00e1s 365","description":"Smartick abre una nueva convocatoria del Premio a la Mejor Historia Docente, un galard\u00f3n que pretende reconocer la labor de los profesores espa\u00f1oles, el trabajo de aquellos docentes que han logrado sacar lo mejor de cada alumno y que han conseguido, gracias a su entrega y dedicaci\u00f3n, potenciar el talento de sus pupilos. Se trata de la segunda","canonical_url":"https:\/\/candas365.es\/noticias\/smartick-vuelve-a-premiar-la-mejor-historia-docente\/","robots":"max-image-preview:large","keywords":"sociedad","webmasterTools":{"google-site-verification":"UA-32230408-1","msvalidate.01":"354F3CDFB2DA171B47FBE9ABF1F88D5","miscellaneous":""},"schema":{"@context":"https:\/\/schema.org","@graph":[{"@type":"BreadcrumbList","@id":"https:\/\/candas365.es\/noticias\/smartick-vuelve-a-premiar-la-mejor-historia-docente\/#breadcrumblist","itemListElement":[{"@type":"ListItem","@id":"https:\/\/candas365.es\/noticias#listItem","position":1,"name":"Home","item":"https:\/\/candas365.es\/noticias","nextItem":{"@type":"ListItem","@id":"https:\/\/candas365.es\/noticias\/category\/sociedad\/#listItem","name":"Sociedad"}},{"@type":"ListItem","@id":"https:\/\/candas365.es\/noticias\/category\/sociedad\/#listItem","position":2,"name":"Sociedad","item":"https:\/\/candas365.es\/noticias\/category\/sociedad\/","nextItem":{"@type":"ListItem","@id":"https:\/\/candas365.es\/noticias\/smartick-vuelve-a-premiar-la-mejor-historia-docente\/#listItem","name":"Smartick vuelve a premiar la Mejor Historia Docente"},"previousItem":{"@type":"ListItem","@id":"https:\/\/candas365.es\/noticias#listItem","name":"Home"}},{"@type":"ListItem","@id":"https:\/\/candas365.es\/noticias\/smartick-vuelve-a-premiar-la-mejor-historia-docente\/#listItem","position":3,"name":"Smartick vuelve a premiar la Mejor Historia Docente","previousItem":{"@type":"ListItem","@id":"https:\/\/candas365.es\/noticias\/category\/sociedad\/#listItem","name":"Sociedad"}}]},{"@type":"NewsArticle","@id":"https:\/\/candas365.es\/noticias\/smartick-vuelve-a-premiar-la-mejor-historia-docente\/#newsarticle","name":"Smartick vuelve a premiar la Mejor Historia Docente | Cand\u00e1s 365","headline":"Smartick vuelve a premiar la Mejor Historia Docente","author":{"@id":"https:\/\/candas365.es\/noticias\/author\/admin\/#author"},"publisher":{"@id":"https:\/\/candas365.es\/noticias\/#organization"},"image":{"@type":"ImageObject","url":"https:\/\/candas365.es\/noticias\/wp-content\/uploads\/2019\/04\/1554991319_Cartel_Premio_a_la_Mejor_Historia_Docente_Smartick.jpg","width":707,"height":1000},"datePublished":"2019-04-12T03:54:26+02:00","dateModified":"2019-04-12T03:54:26+02:00","inLanguage":"es-ES","mainEntityOfPage":{"@id":"https:\/\/candas365.es\/noticias\/smartick-vuelve-a-premiar-la-mejor-historia-docente\/#webpage"},"isPartOf":{"@id":"https:\/\/candas365.es\/noticias\/smartick-vuelve-a-premiar-la-mejor-historia-docente\/#webpage"},"articleSection":"Sociedad","dateline":"Publicado el abril 12, 2019."},{"@type":"Organization","@id":"https:\/\/candas365.es\/noticias\/#organization","name":"Cand\u00e1s 365","description":"Cand\u00e1s 365 es un diario digital independiente, fundado en 2012, con base en Asturias. Informamos con rigor sobre actualidad, sociedad, cultura y ocio, con una mirada local y global.","url":"https:\/\/candas365.es\/noticias\/","email":"info@candas365.es","telephone":"+34652131393","foundingDate":"2012-06-10","logo":{"@type":"ImageObject","url":"https:\/\/candas365.es\/noticias\/wp-content\/uploads\/2024\/09\/Candas-365-Redes.jpg","@id":"https:\/\/candas365.es\/noticias\/smartick-vuelve-a-premiar-la-mejor-historia-docente\/#organizationLogo","width":1152,"height":864,"caption":"Cand\u00e1s 365 Redes"},"image":{"@id":"https:\/\/candas365.es\/noticias\/smartick-vuelve-a-premiar-la-mejor-historia-docente\/#organizationLogo"},"sameAs":["https:\/\/www.facebook.com\/Nachofdezber","https:\/\/x.com\/NabercoDigital","https:\/\/www.instagram.com\/nachofdezber\/","https:\/\/www.youtube.com\/channel\/UCZP-2wLEB9Rv6erhFmqVnvg"],"address":{"@id":"https:\/\/candas365.es\/noticias\/#postaladdress","@type":"PostalAddress","streetAddress":"san antonio 4, san antonio 4","postalCode":"33430","addressLocality":"Cand\u00e1s","addressRegion":"Asturias","addressCountry":"ES"}},{"@type":"Person","@id":"https:\/\/candas365.es\/noticias\/author\/admin\/#author","url":"https:\/\/candas365.es\/noticias\/author\/admin\/","name":"Cand\u00e1s 365","image":{"@type":"ImageObject","@id":"https:\/\/candas365.es\/noticias\/smartick-vuelve-a-premiar-la-mejor-historia-docente\/#authorImage","url":"https:\/\/secure.gravatar.com\/avatar\/496a8e03d0c493ede1718b7934145dbdf8d89be1036b0eec9544e1094c9de390?s=96&d=mm&r=g","width":96,"height":96,"caption":"Cand\u00e1s 365"},"sameAs":["https:\/\/www.facebook.com\/carrenoactualidad","https:\/\/twitter.com\/nbasturias","https:\/\/www.instagram.com\/nachofdezber\/","https:\/\/www.youtube.com\/channel\/UCZP-2wLEB9Rv6erhFmqVnvg"]},{"@type":"WebPage","@id":"https:\/\/candas365.es\/noticias\/smartick-vuelve-a-premiar-la-mejor-historia-docente\/#webpage","url":"https:\/\/candas365.es\/noticias\/smartick-vuelve-a-premiar-la-mejor-historia-docente\/","name":"Smartick vuelve a premiar la Mejor Historia Docente | Cand\u00e1s 365","description":"Smartick abre una nueva convocatoria del Premio a la Mejor Historia Docente, un galard\u00f3n que pretende reconocer la labor de los profesores espa\u00f1oles, el trabajo de aquellos docentes que han logrado sacar lo mejor de cada alumno y que han conseguido, gracias a su entrega y dedicaci\u00f3n, potenciar el talento de sus pupilos. Se trata de la segunda","inLanguage":"es-ES","isPartOf":{"@id":"https:\/\/candas365.es\/noticias\/#website"},"breadcrumb":{"@id":"https:\/\/candas365.es\/noticias\/smartick-vuelve-a-premiar-la-mejor-historia-docente\/#breadcrumblist"},"author":{"@id":"https:\/\/candas365.es\/noticias\/author\/admin\/#author"},"creator":{"@id":"https:\/\/candas365.es\/noticias\/author\/admin\/#author"},"image":{"@type":"ImageObject","url":"https:\/\/candas365.es\/noticias\/wp-content\/uploads\/2019\/04\/1554991319_Cartel_Premio_a_la_Mejor_Historia_Docente_Smartick.jpg","@id":"https:\/\/candas365.es\/noticias\/smartick-vuelve-a-premiar-la-mejor-historia-docente\/#mainImage","width":707,"height":1000},"primaryImageOfPage":{"@id":"https:\/\/candas365.es\/noticias\/smartick-vuelve-a-premiar-la-mejor-historia-docente\/#mainImage"},"datePublished":"2019-04-12T03:54:26+02:00","dateModified":"2019-04-12T03:54:26+02:00"},{"@type":"WebSite","@id":"https:\/\/candas365.es\/noticias\/#website","url":"https:\/\/candas365.es\/noticias\/","name":"Cand\u00e1s 365","alternateName":"Cand\u00e1s 365 Noticias","description":"Actualidad desde Carre\u00f1o para el mundo","inLanguage":"es-ES","publisher":{"@id":"https:\/\/candas365.es\/noticias\/#organization"}}]},"og:locale":"es_ES","og:site_name":"Cand\u00e1s 365","og:type":"article","og:title":"Smartick vuelve a premiar la Mejor Historia Docente | Cand\u00e1s 365","og:description":"Smartick abre una nueva convocatoria del Premio a la Mejor Historia Docente, un galard\u00f3n que pretende reconocer la labor de los profesores espa\u00f1oles, el trabajo de aquellos docentes que han logrado sacar lo mejor de cada alumno y que han conseguido, gracias a su entrega y dedicaci\u00f3n, potenciar el talento de sus pupilos. Se trata de la segunda","og:url":"https:\/\/candas365.es\/noticias\/smartick-vuelve-a-premiar-la-mejor-historia-docente\/","og:image":"https:\/\/candas365.es\/noticias\/wp-content\/uploads\/2019\/04\/1554991319_Cartel_Premio_a_la_Mejor_Historia_Docente_Smartick.jpg","og:image:secure_url":"https:\/\/candas365.es\/noticias\/wp-content\/uploads\/2019\/04\/1554991319_Cartel_Premio_a_la_Mejor_Historia_Docente_Smartick.jpg","og:image:width":707,"og:image:height":1000,"article:published_time":"2019-04-12T03:54:26+00:00","article:modified_time":"2019-04-12T03:54:26+00:00","article:publisher":"https:\/\/www.facebook.com\/Nachofdezber","article:author":"https:\/\/www.facebook.com\/carrenoactualidad","twitter:card":"summary_large_image","twitter:site":"@NabercoDigital","twitter:title":"Smartick vuelve a premiar la Mejor Historia Docente | Cand\u00e1s 365","twitter:description":"Smartick abre una nueva convocatoria del Premio a la Mejor Historia Docente, un galard\u00f3n que pretende reconocer la labor de los profesores espa\u00f1oles, el trabajo de aquellos docentes que han logrado sacar lo mejor de cada alumno y que han conseguido, gracias a su entrega y dedicaci\u00f3n, potenciar el talento de sus pupilos. Se trata de la segunda","twitter:creator":"@nbasturias","twitter:image":"https:\/\/candas365.es\/noticias\/wp-content\/uploads\/2019\/04\/1554991319_Cartel_Premio_a_la_Mejor_Historia_Docente_Smartick.jpg","twitter:label1":"Escrito por","twitter:data1":"Cand\u00e1s 365","twitter:label2":"Tiempo de lectura estimado","twitter:data2":"2 minutos"},"aioseo_meta_data":{"post_id":"120595","title":null,"description":null,"keywords":null,"keyphrases":null,"primary_term":null,"canonical_url":null,"og_title":null,"og_description":null,"og_object_type":"default","og_image_type":"default","og_image_url":null,"og_image_width":null,"og_image_height":null,"og_image_custom_url":null,"og_image_custom_fields":null,"og_video":null,"og_custom_url":null,"og_article_section":null,"og_article_tags":null,"twitter_use_og":false,"twitter_card":"default","twitter_image_type":"default","twitter_image_url":null,"twitter_image_custom_url":null,"twitter_image_custom_fields":null,"twitter_title":null,"twitter_description":null,"schema":{"blockGraphs":[],"customGraphs":[],"default":{"data":{"Article":[],"Course":[],"Dataset":[],"FAQPage":[],"Movie":[],"Person":[],"Product":[],"ProductReview":[],"Car":[],"Recipe":[],"Service":[],"SoftwareApplication":[],"WebPage":[]},"graphName":"","isEnabled":true},"graphs":[],"defaultGraph":"","defaultPostTypeGraph":""},"schema_type":null,"schema_type_options":null,"pillar_content":false,"robots_default":true,"robots_noindex":false,"robots_noarchive":false,"robots_nosnippet":false,"robots_nofollow":false,"robots_noimageindex":false,"robots_noodp":false,"robots_notranslate":false,"robots_max_snippet":null,"robots_max_videopreview":null,"robots_max_imagepreview":"large","priority":null,"frequency":null,"location":null,"local_seo":null,"seo_analyzer_scan_date":"2025-08-29 17:45:18","breadcrumb_settings":null,"limit_modified_date":false,"reviewed_by":null,"open_ai":null,"ai":null,"created":"2020-12-21 10:58:49","updated":"2025-08-29 17:45:18"},"aioseo_breadcrumb":"<div class=\"aioseo-breadcrumbs\"><span class=\"aioseo-breadcrumb\">\n\t<a href=\"https:\/\/candas365.es\/noticias\" title=\"Home\">Home<\/a>\n<\/span><span class=\"aioseo-breadcrumb-separator\">&ndash;<\/span><span class=\"aioseo-breadcrumb\">\n\t<a href=\"https:\/\/candas365.es\/noticias\/category\/sociedad\/\" title=\"Sociedad\">Sociedad<\/a>\n<\/span><span class=\"aioseo-breadcrumb-separator\">&ndash;<\/span><span class=\"aioseo-breadcrumb\">\n\tSmartick vuelve a premiar la Mejor Historia Docente\n<\/span><\/div>","aioseo_breadcrumb_json":[{"label":"Home","link":"https:\/\/candas365.es\/noticias"},{"label":"Sociedad","link":"https:\/\/candas365.es\/noticias\/category\/sociedad\/"},{"label":"Smartick vuelve a premiar la Mejor Historia Docente","link":"https:\/\/candas365.es\/noticias\/smartick-vuelve-a-premiar-la-mejor-historia-docente\/"}],"_links":{"self":[{"href":"https:\/\/candas365.es\/noticias\/wp-json\/wp\/v2\/posts\/120595","targetHints":{"allow":["GET"]}}],"collection":[{"href":"https:\/\/candas365.es\/noticias\/wp-json\/wp\/v2\/posts"}],"about":[{"href":"https:\/\/candas365.es\/noticias\/wp-json\/wp\/v2\/types\/post"}],"author":[{"embeddable":true,"href":"https:\/\/candas365.es\/noticias\/wp-json\/wp\/v2\/users\/1"}],"replies":[{"embeddable":true,"href":"https:\/\/candas365.es\/noticias\/wp-json\/wp\/v2\/comments?post=120595"}],"version-history":[{"count":0,"href":"https:\/\/candas365.es\/noticias\/wp-json\/wp\/v2\/posts\/120595\/revisions"}],"wp:featuredmedia":[{"embeddable":true,"href":"https:\/\/candas365.es\/noticias\/wp-json\/wp\/v2\/media\/120596"}],"wp:attachment":[{"href":"https:\/\/candas365.es\/noticias\/wp-json\/wp\/v2\/media?parent=120595"}],"wp:term":[{"taxonomy":"category","embeddable":true,"href":"https:\/\/candas365.es\/noticias\/wp-json\/wp\/v2\/categories?post=120595"},{"taxonomy":"post_tag","embeddable":true,"href":"https:\/\/candas365.es\/noticias\/wp-json\/wp\/v2\/tags?post=120595"}],"curies":[{"name":"wp","href":"https:\/\/api.w.org\/{rel}","templated":true}]}}