{"id":120576,"date":"2019-04-11T20:55:10","date_gmt":"2019-04-11T20:55:10","guid":{"rendered":"http:\/\/candas365.es\/noticias\/?p=120576"},"modified":"2019-04-11T20:56:48","modified_gmt":"2019-04-11T20:56:48","slug":"el-parlamento-aleman-debate-sobre-un-test-sanguineo-para-detectar-el-sindrome-de-down","status":"publish","type":"post","link":"https:\/\/candas365.es\/noticias\/el-parlamento-aleman-debate-sobre-un-test-sanguineo-para-detectar-el-sindrome-de-down\/","title":{"rendered":"El Parlamento alem\u00e1n debate sobre un test sangu\u00edneo para detectar el s\u00edndrome de Down"},"content":{"rendered":"<figure id=\"attachment_120577\" aria-describedby=\"caption-attachment-120577\" style=\"width: 360px\" class=\"wp-caption alignleft\"><img fetchpriority=\"high\" decoding=\"async\" class=\"wp-image-120577 size-medium\" src=\"https:\/\/candas365.es\/noticias\/wp-content\/uploads\/2019\/04\/test-sanguineo-dpa-360x233.jpg\" alt=\"\" width=\"360\" height=\"233\" srcset=\"https:\/\/candas365.es\/noticias\/wp-content\/uploads\/2019\/04\/test-sanguineo-dpa-360x233.jpg 360w, https:\/\/candas365.es\/noticias\/wp-content\/uploads\/2019\/04\/test-sanguineo-dpa-768x498.jpg 768w, https:\/\/candas365.es\/noticias\/wp-content\/uploads\/2019\/04\/test-sanguineo-dpa-655x424.jpg 655w, https:\/\/candas365.es\/noticias\/wp-content\/uploads\/2019\/04\/test-sanguineo-dpa-696x451.jpg 696w, https:\/\/candas365.es\/noticias\/wp-content\/uploads\/2019\/04\/test-sanguineo-dpa-648x420.jpg 648w, https:\/\/candas365.es\/noticias\/wp-content\/uploads\/2019\/04\/test-sanguineo-dpa.jpg 1031w\" sizes=\"(max-width: 360px) 100vw, 360px\" \/><figcaption id=\"caption-attachment-120577\" class=\"wp-caption-text\">Foto: Bernd Thissen\/dpa<\/figcaption><\/figure>\n<p>(dpa) &#8211; Berl\u00edn, 11 abr (dpa) &#8211; Una mayor\u00eda de los diputados alemanes se pronunciaron hoy a favor de que las compa\u00f1\u00edas de seguros de salud paguen los an\u00e1lisis de sangre para la detecci\u00f3n prenatal del s\u00edndrome de Down, pero limitado a los embarazos de riesgo.<\/p>\n<p>En un debate de cerca de dos horas, numerosos legisladores se mostraron partidarios de que se financie este m\u00e9todo mucho menos arriesgado que el an\u00e1lisis del l\u00edquido amni\u00f3tico, que tambi\u00e9n es costeado por las aseguradoras.<\/p>\n<p>Varios parlamentarios advirtieron, sin embargo, que esto podr\u00eda aumentar la creciente presi\u00f3n sobre los padres y podr\u00eda llevar a un incremento de los abortos.<\/p>\n<p>Los oradores pidieron un\u00e1nimemente que se mejore el asesoramiento y se preste un mayor apoyo a las personas con discapacidad.<\/p>\n<p>El experto en salud de la bancada socialdem\u00f3crata Karl Lauterbach destac\u00f3 que los an\u00e1lisis de sangre son m\u00e1s seguros y mejores desde el punto de vista m\u00e9dico que las pruebas que se practican hasta ahora y que son financiadas por las aseguradoras.<\/p>\n<p>Por ello no se puede justificar desde la perspectiva \u00e9tica por qu\u00e9 se debiera privar a las mujeres de estos tests, argument\u00f3 Lauterbach.<\/p>\n<p>La experta de Los Verdes Corinna R\u00fcffer, por su parte, se opuso a que las aseguradoras financien las pruebas sangu\u00edneas.<\/p>\n<p>\u00abEl fin de este test no puede ser curar, porque el s\u00edndrome de Down no es una enfermedad\u00bb, sostuvo y critic\u00f3 que de esta forma se estaba practicando una selecci\u00f3n.<\/p>\n<p>R\u00fcffer se\u00f1al\u00f3 que en la mayor parte de los casos en los que se detecta el s\u00edndrome de Down en pruebas prenatales, los padres deciden abortar. R\u00fcffer fue una de las impulsoras del debate parlamentario.<\/p>\n<p>En Alemania existe desde 2012 la posibilidad de hacer an\u00e1lisis de sangre prenatales para determinar, entre otras cosas, si un ni\u00f1o tiene s\u00edndrome de Down. Durante mucho tiempo, s\u00f3lo hab\u00eda sido posible estimar esto con una amniocentesis.<\/p>\n<p>Hasta ahora, los an\u00e1lisis de sangre, que cuestan alrededor de 130 euros (146 d\u00f3lares), eran pagados en la mayor\u00eda de los casos por la paciente.<\/p>\n<p>En el s\u00edndrome de Down, las personas tienen un cromosoma m\u00e1s en cada c\u00e9lula que otras personas. El cromosoma 21 est\u00e1 presente tres veces, de ah\u00ed el nombre de trisom\u00eda 21. Las consecuencias son anomal\u00edas f\u00edsicas y un desarrollo motor, mental y ling\u00fc\u00edstico m\u00e1s lento. Sin embargo, el grado del s\u00edndrome var\u00eda mucho.<\/p>\n<p>El presidente del Consejo Alem\u00e1n de \u00c9tica, Peter Dabrock, dijo que no ve razones suficientes para que las aseguradoras no tengan que pagar las pruebas de sangre.<\/p>\n<p>\u00abNo puede ser que reembolsemos el examen de l\u00edquido amni\u00f3tico para embarazos de alto riesgo, pero no los an\u00e1lisis de sangre no invasivos\u00bb, dijo a dpa el profesor de teolog\u00eda de la Universidad de Erlangen.<\/p>\n","protected":false},"excerpt":{"rendered":"<p>(dpa) &#8211; Berl\u00edn, 11 abr (dpa) &#8211; Una mayor\u00eda de los diputados alemanes se pronunciaron hoy a favor de que las compa\u00f1\u00edas de seguros de salud paguen los an\u00e1lisis de sangre para la detecci\u00f3n prenatal del s\u00edndrome de Down, pero limitado a los embarazos de riesgo. En un debate de cerca de dos horas, numerosos<\/p>\n","protected":false},"author":1,"featured_media":120577,"comment_status":"closed","ping_status":"closed","sticky":false,"template":"","format":"standard","meta":{"footnotes":""},"categories":[143],"tags":[],"class_list":{"0":"post-120576","1":"post","2":"type-post","3":"status-publish","4":"format-standard","5":"has-post-thumbnail","7":"category-sociedad"},"aioseo_notices":[],"aioseo_head":"\n\t\t<!-- All in One SEO Pro 4.9.6.2 - aioseo.com -->\n\t<meta name=\"description\" content=\"(dpa) - Berl\u00edn, 11 abr (dpa) - Una mayor\u00eda de los diputados alemanes se pronunciaron hoy a favor de que las compa\u00f1\u00edas de seguros de salud paguen los an\u00e1lisis de sangre para la detecci\u00f3n prenatal del s\u00edndrome de Down, pero limitado a los embarazos de riesgo. En un debate de cerca de dos horas, numerosos\" \/>\n\t<meta name=\"robots\" content=\"max-image-preview:large\" \/>\n\t<meta name=\"author\" content=\"Cand\u00e1s 365\"\/>\n\t<meta name=\"google-site-verification\" content=\"UA-32230408-1\" \/>\n\t<meta name=\"msvalidate.01\" content=\"354F3CDFB2DA171B47FBE9ABF1F88D5\" \/>\n\t<meta name=\"keywords\" content=\"sociedad\" \/>\n\t<link rel=\"canonical\" href=\"https:\/\/candas365.es\/noticias\/el-parlamento-aleman-debate-sobre-un-test-sanguineo-para-detectar-el-sindrome-de-down\/\" \/>\n\t<meta name=\"generator\" content=\"All in One SEO Pro (AIOSEO) 4.9.6.2\" \/>\n\t\t<meta property=\"og:locale\" content=\"es_ES\" \/>\n\t\t<meta property=\"og:site_name\" content=\"Cand\u00e1s 365\" \/>\n\t\t<meta property=\"og:type\" content=\"article\" \/>\n\t\t<meta property=\"og:title\" content=\"El Parlamento alem\u00e1n debate sobre un test sangu\u00edneo para detectar el s\u00edndrome de Down | Cand\u00e1s 365\" \/>\n\t\t<meta property=\"og:description\" content=\"(dpa) - Berl\u00edn, 11 abr (dpa) - Una mayor\u00eda de los diputados alemanes se pronunciaron hoy a favor de que las compa\u00f1\u00edas de seguros de salud paguen los an\u00e1lisis de sangre para la detecci\u00f3n prenatal del s\u00edndrome de Down, pero limitado a los embarazos de riesgo. En un debate de cerca de dos horas, numerosos\" \/>\n\t\t<meta property=\"og:url\" content=\"https:\/\/candas365.es\/noticias\/el-parlamento-aleman-debate-sobre-un-test-sanguineo-para-detectar-el-sindrome-de-down\/\" \/>\n\t\t<meta property=\"og:image\" content=\"https:\/\/candas365.es\/noticias\/wp-content\/uploads\/2019\/04\/test-sanguineo-dpa.jpg\" \/>\n\t\t<meta property=\"og:image:secure_url\" content=\"https:\/\/candas365.es\/noticias\/wp-content\/uploads\/2019\/04\/test-sanguineo-dpa.jpg\" \/>\n\t\t<meta property=\"og:image:width\" content=\"1031\" \/>\n\t\t<meta property=\"og:image:height\" content=\"668\" \/>\n\t\t<meta property=\"article:published_time\" content=\"2019-04-11T20:55:10+00:00\" \/>\n\t\t<meta property=\"article:modified_time\" content=\"2019-04-11T20:56:48+00:00\" \/>\n\t\t<meta property=\"article:publisher\" content=\"https:\/\/www.facebook.com\/Nachofdezber\" \/>\n\t\t<meta property=\"article:author\" content=\"https:\/\/www.facebook.com\/carrenoactualidad\" \/>\n\t\t<meta name=\"twitter:card\" content=\"summary_large_image\" \/>\n\t\t<meta name=\"twitter:site\" content=\"@NabercoDigital\" \/>\n\t\t<meta name=\"twitter:title\" content=\"El Parlamento alem\u00e1n debate sobre un test sangu\u00edneo para detectar el s\u00edndrome de Down | Cand\u00e1s 365\" \/>\n\t\t<meta name=\"twitter:description\" content=\"(dpa) - Berl\u00edn, 11 abr (dpa) - Una mayor\u00eda de los diputados alemanes se pronunciaron hoy a favor de que las compa\u00f1\u00edas de seguros de salud paguen los an\u00e1lisis de sangre para la detecci\u00f3n prenatal del s\u00edndrome de Down, pero limitado a los embarazos de riesgo. En un debate de cerca de dos horas, numerosos\" \/>\n\t\t<meta name=\"twitter:creator\" content=\"@nbasturias\" \/>\n\t\t<meta name=\"twitter:image\" content=\"https:\/\/candas365.es\/noticias\/wp-content\/uploads\/2019\/04\/test-sanguineo-dpa.jpg\" \/>\n\t\t<meta name=\"twitter:label1\" content=\"Escrito por\" \/>\n\t\t<meta name=\"twitter:data1\" content=\"Cand\u00e1s 365\" \/>\n\t\t<meta name=\"twitter:label2\" content=\"Tiempo de lectura estimado\" \/>\n\t\t<meta name=\"twitter:data2\" content=\"3 minutos\" \/>\n\t\t<script type=\"application\/ld+json\" class=\"aioseo-schema\">\n\t\t\t{\"@context\":\"https:\\\/\\\/schema.org\",\"@graph\":[{\"@type\":\"BreadcrumbList\",\"@id\":\"https:\\\/\\\/candas365.es\\\/noticias\\\/el-parlamento-aleman-debate-sobre-un-test-sanguineo-para-detectar-el-sindrome-de-down\\\/#breadcrumblist\",\"itemListElement\":[{\"@type\":\"ListItem\",\"@id\":\"https:\\\/\\\/candas365.es\\\/noticias#listItem\",\"position\":1,\"name\":\"Home\",\"item\":\"https:\\\/\\\/candas365.es\\\/noticias\",\"nextItem\":{\"@type\":\"ListItem\",\"@id\":\"https:\\\/\\\/candas365.es\\\/noticias\\\/category\\\/sociedad\\\/#listItem\",\"name\":\"Sociedad\"}},{\"@type\":\"ListItem\",\"@id\":\"https:\\\/\\\/candas365.es\\\/noticias\\\/category\\\/sociedad\\\/#listItem\",\"position\":2,\"name\":\"Sociedad\",\"item\":\"https:\\\/\\\/candas365.es\\\/noticias\\\/category\\\/sociedad\\\/\",\"nextItem\":{\"@type\":\"ListItem\",\"@id\":\"https:\\\/\\\/candas365.es\\\/noticias\\\/el-parlamento-aleman-debate-sobre-un-test-sanguineo-para-detectar-el-sindrome-de-down\\\/#listItem\",\"name\":\"El Parlamento alem\\u00e1n debate sobre un test sangu\\u00edneo para detectar el s\\u00edndrome de Down\"},\"previousItem\":{\"@type\":\"ListItem\",\"@id\":\"https:\\\/\\\/candas365.es\\\/noticias#listItem\",\"name\":\"Home\"}},{\"@type\":\"ListItem\",\"@id\":\"https:\\\/\\\/candas365.es\\\/noticias\\\/el-parlamento-aleman-debate-sobre-un-test-sanguineo-para-detectar-el-sindrome-de-down\\\/#listItem\",\"position\":3,\"name\":\"El Parlamento alem\\u00e1n debate sobre un test sangu\\u00edneo para detectar el s\\u00edndrome de Down\",\"previousItem\":{\"@type\":\"ListItem\",\"@id\":\"https:\\\/\\\/candas365.es\\\/noticias\\\/category\\\/sociedad\\\/#listItem\",\"name\":\"Sociedad\"}}]},{\"@type\":\"NewsArticle\",\"@id\":\"https:\\\/\\\/candas365.es\\\/noticias\\\/el-parlamento-aleman-debate-sobre-un-test-sanguineo-para-detectar-el-sindrome-de-down\\\/#newsarticle\",\"name\":\"El Parlamento alem\\u00e1n debate sobre un test sangu\\u00edneo para detectar el s\\u00edndrome de Down | Cand\\u00e1s 365\",\"headline\":\"El Parlamento alem\\u00e1n debate sobre un test sangu\\u00edneo para detectar el s\\u00edndrome de Down\",\"author\":{\"@id\":\"https:\\\/\\\/candas365.es\\\/noticias\\\/author\\\/admin\\\/#author\"},\"publisher\":{\"@id\":\"https:\\\/\\\/candas365.es\\\/noticias\\\/#organization\"},\"image\":{\"@type\":\"ImageObject\",\"url\":\"https:\\\/\\\/candas365.es\\\/noticias\\\/wp-content\\\/uploads\\\/2019\\\/04\\\/test-sanguineo-dpa.jpg\",\"width\":1031,\"height\":668},\"datePublished\":\"2019-04-11T20:55:10+02:00\",\"dateModified\":\"2019-04-11T20:56:48+02:00\",\"inLanguage\":\"es-ES\",\"mainEntityOfPage\":{\"@id\":\"https:\\\/\\\/candas365.es\\\/noticias\\\/el-parlamento-aleman-debate-sobre-un-test-sanguineo-para-detectar-el-sindrome-de-down\\\/#webpage\"},\"isPartOf\":{\"@id\":\"https:\\\/\\\/candas365.es\\\/noticias\\\/el-parlamento-aleman-debate-sobre-un-test-sanguineo-para-detectar-el-sindrome-de-down\\\/#webpage\"},\"articleSection\":\"Sociedad\",\"dateline\":\"Publicado el abril 11, 2019.\"},{\"@type\":\"Organization\",\"@id\":\"https:\\\/\\\/candas365.es\\\/noticias\\\/#organization\",\"name\":\"Cand\\u00e1s 365\",\"description\":\"Cand\\u00e1s 365 es un diario digital independiente, fundado en 2012, con base en Asturias. Informamos con rigor sobre actualidad, sociedad, cultura y ocio, con una mirada local y global.\",\"url\":\"https:\\\/\\\/candas365.es\\\/noticias\\\/\",\"email\":\"info@candas365.es\",\"telephone\":\"+34652131393\",\"foundingDate\":\"2012-06-10\",\"logo\":{\"@type\":\"ImageObject\",\"url\":\"https:\\\/\\\/candas365.es\\\/noticias\\\/wp-content\\\/uploads\\\/2024\\\/09\\\/Candas-365-Redes.jpg\",\"@id\":\"https:\\\/\\\/candas365.es\\\/noticias\\\/el-parlamento-aleman-debate-sobre-un-test-sanguineo-para-detectar-el-sindrome-de-down\\\/#organizationLogo\",\"width\":1152,\"height\":864,\"caption\":\"Cand\\u00e1s 365 Redes\"},\"image\":{\"@id\":\"https:\\\/\\\/candas365.es\\\/noticias\\\/el-parlamento-aleman-debate-sobre-un-test-sanguineo-para-detectar-el-sindrome-de-down\\\/#organizationLogo\"},\"sameAs\":[\"https:\\\/\\\/www.facebook.com\\\/Nachofdezber\",\"https:\\\/\\\/x.com\\\/NabercoDigital\",\"https:\\\/\\\/www.instagram.com\\\/nachofdezber\\\/\",\"https:\\\/\\\/www.youtube.com\\\/channel\\\/UCZP-2wLEB9Rv6erhFmqVnvg\"],\"address\":{\"@id\":\"https:\\\/\\\/candas365.es\\\/noticias\\\/#postaladdress\",\"@type\":\"PostalAddress\",\"streetAddress\":\"san antonio 4, san antonio 4\",\"postalCode\":\"33430\",\"addressLocality\":\"Cand\\u00e1s\",\"addressRegion\":\"Asturias\",\"addressCountry\":\"ES\"}},{\"@type\":\"Person\",\"@id\":\"https:\\\/\\\/candas365.es\\\/noticias\\\/author\\\/admin\\\/#author\",\"url\":\"https:\\\/\\\/candas365.es\\\/noticias\\\/author\\\/admin\\\/\",\"name\":\"Cand\\u00e1s 365\",\"image\":{\"@type\":\"ImageObject\",\"@id\":\"https:\\\/\\\/candas365.es\\\/noticias\\\/el-parlamento-aleman-debate-sobre-un-test-sanguineo-para-detectar-el-sindrome-de-down\\\/#authorImage\",\"url\":\"https:\\\/\\\/secure.gravatar.com\\\/avatar\\\/496a8e03d0c493ede1718b7934145dbdf8d89be1036b0eec9544e1094c9de390?s=96&d=mm&r=g\",\"width\":96,\"height\":96,\"caption\":\"Cand\\u00e1s 365\"},\"sameAs\":[\"https:\\\/\\\/www.facebook.com\\\/carrenoactualidad\",\"https:\\\/\\\/twitter.com\\\/nbasturias\",\"https:\\\/\\\/www.instagram.com\\\/nachofdezber\\\/\",\"https:\\\/\\\/www.youtube.com\\\/channel\\\/UCZP-2wLEB9Rv6erhFmqVnvg\"]},{\"@type\":\"WebPage\",\"@id\":\"https:\\\/\\\/candas365.es\\\/noticias\\\/el-parlamento-aleman-debate-sobre-un-test-sanguineo-para-detectar-el-sindrome-de-down\\\/#webpage\",\"url\":\"https:\\\/\\\/candas365.es\\\/noticias\\\/el-parlamento-aleman-debate-sobre-un-test-sanguineo-para-detectar-el-sindrome-de-down\\\/\",\"name\":\"El Parlamento alem\\u00e1n debate sobre un test sangu\\u00edneo para detectar el s\\u00edndrome de Down | Cand\\u00e1s 365\",\"description\":\"(dpa) - Berl\\u00edn, 11 abr (dpa) - Una mayor\\u00eda de los diputados alemanes se pronunciaron hoy a favor de que las compa\\u00f1\\u00edas de seguros de salud paguen los an\\u00e1lisis de sangre para la detecci\\u00f3n prenatal del s\\u00edndrome de Down, pero limitado a los embarazos de riesgo. En un debate de cerca de dos horas, numerosos\",\"inLanguage\":\"es-ES\",\"isPartOf\":{\"@id\":\"https:\\\/\\\/candas365.es\\\/noticias\\\/#website\"},\"breadcrumb\":{\"@id\":\"https:\\\/\\\/candas365.es\\\/noticias\\\/el-parlamento-aleman-debate-sobre-un-test-sanguineo-para-detectar-el-sindrome-de-down\\\/#breadcrumblist\"},\"author\":{\"@id\":\"https:\\\/\\\/candas365.es\\\/noticias\\\/author\\\/admin\\\/#author\"},\"creator\":{\"@id\":\"https:\\\/\\\/candas365.es\\\/noticias\\\/author\\\/admin\\\/#author\"},\"image\":{\"@type\":\"ImageObject\",\"url\":\"https:\\\/\\\/candas365.es\\\/noticias\\\/wp-content\\\/uploads\\\/2019\\\/04\\\/test-sanguineo-dpa.jpg\",\"@id\":\"https:\\\/\\\/candas365.es\\\/noticias\\\/el-parlamento-aleman-debate-sobre-un-test-sanguineo-para-detectar-el-sindrome-de-down\\\/#mainImage\",\"width\":1031,\"height\":668},\"primaryImageOfPage\":{\"@id\":\"https:\\\/\\\/candas365.es\\\/noticias\\\/el-parlamento-aleman-debate-sobre-un-test-sanguineo-para-detectar-el-sindrome-de-down\\\/#mainImage\"},\"datePublished\":\"2019-04-11T20:55:10+02:00\",\"dateModified\":\"2019-04-11T20:56:48+02:00\"},{\"@type\":\"WebSite\",\"@id\":\"https:\\\/\\\/candas365.es\\\/noticias\\\/#website\",\"url\":\"https:\\\/\\\/candas365.es\\\/noticias\\\/\",\"name\":\"Cand\\u00e1s 365\",\"alternateName\":\"Cand\\u00e1s 365 Noticias\",\"description\":\"Actualidad desde Carre\\u00f1o para el mundo\",\"inLanguage\":\"es-ES\",\"publisher\":{\"@id\":\"https:\\\/\\\/candas365.es\\\/noticias\\\/#organization\"}}]}\n\t\t<\/script>\n\t\t<!-- All in One SEO Pro -->\r\n\t\t<title>El Parlamento alem\u00e1n debate sobre un test sangu\u00edneo para detectar el s\u00edndrome de Down | Cand\u00e1s 365<\/title>\n\n","aioseo_head_json":{"title":"El Parlamento alem\u00e1n debate sobre un test sangu\u00edneo para detectar el s\u00edndrome de Down | Cand\u00e1s 365","description":"(dpa) - Berl\u00edn, 11 abr (dpa) - Una mayor\u00eda de los diputados alemanes se pronunciaron hoy a favor de que las compa\u00f1\u00edas de seguros de salud paguen los an\u00e1lisis de sangre para la detecci\u00f3n prenatal del s\u00edndrome de Down, pero limitado a los embarazos de riesgo. En un debate de cerca de dos horas, numerosos","canonical_url":"https:\/\/candas365.es\/noticias\/el-parlamento-aleman-debate-sobre-un-test-sanguineo-para-detectar-el-sindrome-de-down\/","robots":"max-image-preview:large","keywords":"sociedad","webmasterTools":{"google-site-verification":"UA-32230408-1","msvalidate.01":"354F3CDFB2DA171B47FBE9ABF1F88D5","miscellaneous":""},"schema":{"@context":"https:\/\/schema.org","@graph":[{"@type":"BreadcrumbList","@id":"https:\/\/candas365.es\/noticias\/el-parlamento-aleman-debate-sobre-un-test-sanguineo-para-detectar-el-sindrome-de-down\/#breadcrumblist","itemListElement":[{"@type":"ListItem","@id":"https:\/\/candas365.es\/noticias#listItem","position":1,"name":"Home","item":"https:\/\/candas365.es\/noticias","nextItem":{"@type":"ListItem","@id":"https:\/\/candas365.es\/noticias\/category\/sociedad\/#listItem","name":"Sociedad"}},{"@type":"ListItem","@id":"https:\/\/candas365.es\/noticias\/category\/sociedad\/#listItem","position":2,"name":"Sociedad","item":"https:\/\/candas365.es\/noticias\/category\/sociedad\/","nextItem":{"@type":"ListItem","@id":"https:\/\/candas365.es\/noticias\/el-parlamento-aleman-debate-sobre-un-test-sanguineo-para-detectar-el-sindrome-de-down\/#listItem","name":"El Parlamento alem\u00e1n debate sobre un test sangu\u00edneo para detectar el s\u00edndrome de Down"},"previousItem":{"@type":"ListItem","@id":"https:\/\/candas365.es\/noticias#listItem","name":"Home"}},{"@type":"ListItem","@id":"https:\/\/candas365.es\/noticias\/el-parlamento-aleman-debate-sobre-un-test-sanguineo-para-detectar-el-sindrome-de-down\/#listItem","position":3,"name":"El Parlamento alem\u00e1n debate sobre un test sangu\u00edneo para detectar el s\u00edndrome de Down","previousItem":{"@type":"ListItem","@id":"https:\/\/candas365.es\/noticias\/category\/sociedad\/#listItem","name":"Sociedad"}}]},{"@type":"NewsArticle","@id":"https:\/\/candas365.es\/noticias\/el-parlamento-aleman-debate-sobre-un-test-sanguineo-para-detectar-el-sindrome-de-down\/#newsarticle","name":"El Parlamento alem\u00e1n debate sobre un test sangu\u00edneo para detectar el s\u00edndrome de Down | Cand\u00e1s 365","headline":"El Parlamento alem\u00e1n debate sobre un test sangu\u00edneo para detectar el s\u00edndrome de Down","author":{"@id":"https:\/\/candas365.es\/noticias\/author\/admin\/#author"},"publisher":{"@id":"https:\/\/candas365.es\/noticias\/#organization"},"image":{"@type":"ImageObject","url":"https:\/\/candas365.es\/noticias\/wp-content\/uploads\/2019\/04\/test-sanguineo-dpa.jpg","width":1031,"height":668},"datePublished":"2019-04-11T20:55:10+02:00","dateModified":"2019-04-11T20:56:48+02:00","inLanguage":"es-ES","mainEntityOfPage":{"@id":"https:\/\/candas365.es\/noticias\/el-parlamento-aleman-debate-sobre-un-test-sanguineo-para-detectar-el-sindrome-de-down\/#webpage"},"isPartOf":{"@id":"https:\/\/candas365.es\/noticias\/el-parlamento-aleman-debate-sobre-un-test-sanguineo-para-detectar-el-sindrome-de-down\/#webpage"},"articleSection":"Sociedad","dateline":"Publicado el abril 11, 2019."},{"@type":"Organization","@id":"https:\/\/candas365.es\/noticias\/#organization","name":"Cand\u00e1s 365","description":"Cand\u00e1s 365 es un diario digital independiente, fundado en 2012, con base en Asturias. Informamos con rigor sobre actualidad, sociedad, cultura y ocio, con una mirada local y global.","url":"https:\/\/candas365.es\/noticias\/","email":"info@candas365.es","telephone":"+34652131393","foundingDate":"2012-06-10","logo":{"@type":"ImageObject","url":"https:\/\/candas365.es\/noticias\/wp-content\/uploads\/2024\/09\/Candas-365-Redes.jpg","@id":"https:\/\/candas365.es\/noticias\/el-parlamento-aleman-debate-sobre-un-test-sanguineo-para-detectar-el-sindrome-de-down\/#organizationLogo","width":1152,"height":864,"caption":"Cand\u00e1s 365 Redes"},"image":{"@id":"https:\/\/candas365.es\/noticias\/el-parlamento-aleman-debate-sobre-un-test-sanguineo-para-detectar-el-sindrome-de-down\/#organizationLogo"},"sameAs":["https:\/\/www.facebook.com\/Nachofdezber","https:\/\/x.com\/NabercoDigital","https:\/\/www.instagram.com\/nachofdezber\/","https:\/\/www.youtube.com\/channel\/UCZP-2wLEB9Rv6erhFmqVnvg"],"address":{"@id":"https:\/\/candas365.es\/noticias\/#postaladdress","@type":"PostalAddress","streetAddress":"san antonio 4, san antonio 4","postalCode":"33430","addressLocality":"Cand\u00e1s","addressRegion":"Asturias","addressCountry":"ES"}},{"@type":"Person","@id":"https:\/\/candas365.es\/noticias\/author\/admin\/#author","url":"https:\/\/candas365.es\/noticias\/author\/admin\/","name":"Cand\u00e1s 365","image":{"@type":"ImageObject","@id":"https:\/\/candas365.es\/noticias\/el-parlamento-aleman-debate-sobre-un-test-sanguineo-para-detectar-el-sindrome-de-down\/#authorImage","url":"https:\/\/secure.gravatar.com\/avatar\/496a8e03d0c493ede1718b7934145dbdf8d89be1036b0eec9544e1094c9de390?s=96&d=mm&r=g","width":96,"height":96,"caption":"Cand\u00e1s 365"},"sameAs":["https:\/\/www.facebook.com\/carrenoactualidad","https:\/\/twitter.com\/nbasturias","https:\/\/www.instagram.com\/nachofdezber\/","https:\/\/www.youtube.com\/channel\/UCZP-2wLEB9Rv6erhFmqVnvg"]},{"@type":"WebPage","@id":"https:\/\/candas365.es\/noticias\/el-parlamento-aleman-debate-sobre-un-test-sanguineo-para-detectar-el-sindrome-de-down\/#webpage","url":"https:\/\/candas365.es\/noticias\/el-parlamento-aleman-debate-sobre-un-test-sanguineo-para-detectar-el-sindrome-de-down\/","name":"El Parlamento alem\u00e1n debate sobre un test sangu\u00edneo para detectar el s\u00edndrome de Down | Cand\u00e1s 365","description":"(dpa) - Berl\u00edn, 11 abr (dpa) - Una mayor\u00eda de los diputados alemanes se pronunciaron hoy a favor de que las compa\u00f1\u00edas de seguros de salud paguen los an\u00e1lisis de sangre para la detecci\u00f3n prenatal del s\u00edndrome de Down, pero limitado a los embarazos de riesgo. En un debate de cerca de dos horas, numerosos","inLanguage":"es-ES","isPartOf":{"@id":"https:\/\/candas365.es\/noticias\/#website"},"breadcrumb":{"@id":"https:\/\/candas365.es\/noticias\/el-parlamento-aleman-debate-sobre-un-test-sanguineo-para-detectar-el-sindrome-de-down\/#breadcrumblist"},"author":{"@id":"https:\/\/candas365.es\/noticias\/author\/admin\/#author"},"creator":{"@id":"https:\/\/candas365.es\/noticias\/author\/admin\/#author"},"image":{"@type":"ImageObject","url":"https:\/\/candas365.es\/noticias\/wp-content\/uploads\/2019\/04\/test-sanguineo-dpa.jpg","@id":"https:\/\/candas365.es\/noticias\/el-parlamento-aleman-debate-sobre-un-test-sanguineo-para-detectar-el-sindrome-de-down\/#mainImage","width":1031,"height":668},"primaryImageOfPage":{"@id":"https:\/\/candas365.es\/noticias\/el-parlamento-aleman-debate-sobre-un-test-sanguineo-para-detectar-el-sindrome-de-down\/#mainImage"},"datePublished":"2019-04-11T20:55:10+02:00","dateModified":"2019-04-11T20:56:48+02:00"},{"@type":"WebSite","@id":"https:\/\/candas365.es\/noticias\/#website","url":"https:\/\/candas365.es\/noticias\/","name":"Cand\u00e1s 365","alternateName":"Cand\u00e1s 365 Noticias","description":"Actualidad desde Carre\u00f1o para el mundo","inLanguage":"es-ES","publisher":{"@id":"https:\/\/candas365.es\/noticias\/#organization"}}]},"og:locale":"es_ES","og:site_name":"Cand\u00e1s 365","og:type":"article","og:title":"El Parlamento alem\u00e1n debate sobre un test sangu\u00edneo para detectar el s\u00edndrome de Down | Cand\u00e1s 365","og:description":"(dpa) - Berl\u00edn, 11 abr (dpa) - Una mayor\u00eda de los diputados alemanes se pronunciaron hoy a favor de que las compa\u00f1\u00edas de seguros de salud paguen los an\u00e1lisis de sangre para la detecci\u00f3n prenatal del s\u00edndrome de Down, pero limitado a los embarazos de riesgo. En un debate de cerca de dos horas, numerosos","og:url":"https:\/\/candas365.es\/noticias\/el-parlamento-aleman-debate-sobre-un-test-sanguineo-para-detectar-el-sindrome-de-down\/","og:image":"https:\/\/candas365.es\/noticias\/wp-content\/uploads\/2019\/04\/test-sanguineo-dpa.jpg","og:image:secure_url":"https:\/\/candas365.es\/noticias\/wp-content\/uploads\/2019\/04\/test-sanguineo-dpa.jpg","og:image:width":1031,"og:image:height":668,"article:published_time":"2019-04-11T20:55:10+00:00","article:modified_time":"2019-04-11T20:56:48+00:00","article:publisher":"https:\/\/www.facebook.com\/Nachofdezber","article:author":"https:\/\/www.facebook.com\/carrenoactualidad","twitter:card":"summary_large_image","twitter:site":"@NabercoDigital","twitter:title":"El Parlamento alem\u00e1n debate sobre un test sangu\u00edneo para detectar el s\u00edndrome de Down | Cand\u00e1s 365","twitter:description":"(dpa) - Berl\u00edn, 11 abr (dpa) - Una mayor\u00eda de los diputados alemanes se pronunciaron hoy a favor de que las compa\u00f1\u00edas de seguros de salud paguen los an\u00e1lisis de sangre para la detecci\u00f3n prenatal del s\u00edndrome de Down, pero limitado a los embarazos de riesgo. En un debate de cerca de dos horas, numerosos","twitter:creator":"@nbasturias","twitter:image":"https:\/\/candas365.es\/noticias\/wp-content\/uploads\/2019\/04\/test-sanguineo-dpa.jpg","twitter:label1":"Escrito por","twitter:data1":"Cand\u00e1s 365","twitter:label2":"Tiempo de lectura estimado","twitter:data2":"3 minutos"},"aioseo_meta_data":{"post_id":"120576","title":null,"description":null,"keywords":null,"keyphrases":null,"primary_term":null,"canonical_url":null,"og_title":null,"og_description":null,"og_object_type":"default","og_image_type":"default","og_image_url":null,"og_image_width":null,"og_image_height":null,"og_image_custom_url":null,"og_image_custom_fields":null,"og_video":null,"og_custom_url":null,"og_article_section":null,"og_article_tags":null,"twitter_use_og":false,"twitter_card":"default","twitter_image_type":"default","twitter_image_url":null,"twitter_image_custom_url":null,"twitter_image_custom_fields":null,"twitter_title":null,"twitter_description":null,"schema":{"blockGraphs":[],"customGraphs":[],"default":{"data":{"Article":[],"Course":[],"Dataset":[],"FAQPage":[],"Movie":[],"Person":[],"Product":[],"ProductReview":[],"Car":[],"Recipe":[],"Service":[],"SoftwareApplication":[],"WebPage":[]},"graphName":"","isEnabled":true},"graphs":[],"defaultGraph":"","defaultPostTypeGraph":""},"schema_type":null,"schema_type_options":null,"pillar_content":false,"robots_default":true,"robots_noindex":false,"robots_noarchive":false,"robots_nosnippet":false,"robots_nofollow":false,"robots_noimageindex":false,"robots_noodp":false,"robots_notranslate":false,"robots_max_snippet":null,"robots_max_videopreview":null,"robots_max_imagepreview":"large","priority":null,"frequency":null,"location":null,"local_seo":null,"seo_analyzer_scan_date":"2025-08-29 17:43:31","breadcrumb_settings":null,"limit_modified_date":false,"reviewed_by":null,"open_ai":null,"ai":null,"created":"2020-12-21 10:58:49","updated":"2025-08-29 17:43:31"},"aioseo_breadcrumb":"<div class=\"aioseo-breadcrumbs\"><span class=\"aioseo-breadcrumb\">\n\t<a href=\"https:\/\/candas365.es\/noticias\" title=\"Home\">Home<\/a>\n<\/span><span class=\"aioseo-breadcrumb-separator\">&ndash;<\/span><span class=\"aioseo-breadcrumb\">\n\t<a href=\"https:\/\/candas365.es\/noticias\/category\/sociedad\/\" title=\"Sociedad\">Sociedad<\/a>\n<\/span><span class=\"aioseo-breadcrumb-separator\">&ndash;<\/span><span class=\"aioseo-breadcrumb\">\n\tEl Parlamento alem\u00e1n debate sobre un test sangu\u00edneo para detectar el s\u00edndrome de Down\n<\/span><\/div>","aioseo_breadcrumb_json":[{"label":"Home","link":"https:\/\/candas365.es\/noticias"},{"label":"Sociedad","link":"https:\/\/candas365.es\/noticias\/category\/sociedad\/"},{"label":"El Parlamento alem\u00e1n debate sobre un test sangu\u00edneo para detectar el s\u00edndrome de Down","link":"https:\/\/candas365.es\/noticias\/el-parlamento-aleman-debate-sobre-un-test-sanguineo-para-detectar-el-sindrome-de-down\/"}],"_links":{"self":[{"href":"https:\/\/candas365.es\/noticias\/wp-json\/wp\/v2\/posts\/120576","targetHints":{"allow":["GET"]}}],"collection":[{"href":"https:\/\/candas365.es\/noticias\/wp-json\/wp\/v2\/posts"}],"about":[{"href":"https:\/\/candas365.es\/noticias\/wp-json\/wp\/v2\/types\/post"}],"author":[{"embeddable":true,"href":"https:\/\/candas365.es\/noticias\/wp-json\/wp\/v2\/users\/1"}],"replies":[{"embeddable":true,"href":"https:\/\/candas365.es\/noticias\/wp-json\/wp\/v2\/comments?post=120576"}],"version-history":[{"count":0,"href":"https:\/\/candas365.es\/noticias\/wp-json\/wp\/v2\/posts\/120576\/revisions"}],"wp:featuredmedia":[{"embeddable":true,"href":"https:\/\/candas365.es\/noticias\/wp-json\/wp\/v2\/media\/120577"}],"wp:attachment":[{"href":"https:\/\/candas365.es\/noticias\/wp-json\/wp\/v2\/media?parent=120576"}],"wp:term":[{"taxonomy":"category","embeddable":true,"href":"https:\/\/candas365.es\/noticias\/wp-json\/wp\/v2\/categories?post=120576"},{"taxonomy":"post_tag","embeddable":true,"href":"https:\/\/candas365.es\/noticias\/wp-json\/wp\/v2\/tags?post=120576"}],"curies":[{"name":"wp","href":"https:\/\/api.w.org\/{rel}","templated":true}]}}