{"id":120524,"date":"2019-04-11T05:39:45","date_gmt":"2019-04-11T05:39:45","guid":{"rendered":"http:\/\/candas365.es\/noticias\/?p=120524"},"modified":"2019-04-11T05:39:45","modified_gmt":"2019-04-11T05:39:45","slug":"magia-talleres-visitas-y-la-magia-de-lo-efimero-en-laboral-ciudad-de-la-cultura","status":"publish","type":"post","link":"https:\/\/candas365.es\/noticias\/magia-talleres-visitas-y-la-magia-de-lo-efimero-en-laboral-ciudad-de-la-cultura\/","title":{"rendered":"Magia, talleres, visitas y \u00abLa magia de lo ef\u00edmero\u00bb en Laboral Ciudad de la Cultura"},"content":{"rendered":"<p><img fetchpriority=\"high\" decoding=\"async\" class=\"alignleft size-medium wp-image-80268\" src=\"https:\/\/candas365.es\/noticias\/wp-content\/uploads\/2017\/09\/Laboral-360x239.jpg\" alt=\"\" width=\"360\" height=\"239\" srcset=\"https:\/\/candas365.es\/noticias\/wp-content\/uploads\/2017\/09\/Laboral-360x239.jpg 360w, https:\/\/candas365.es\/noticias\/wp-content\/uploads\/2017\/09\/Laboral-768x511.jpg 768w, https:\/\/candas365.es\/noticias\/wp-content\/uploads\/2017\/09\/Laboral-655x435.jpg 655w, https:\/\/candas365.es\/noticias\/wp-content\/uploads\/2017\/09\/Laboral-696x463.jpg 696w, https:\/\/candas365.es\/noticias\/wp-content\/uploads\/2017\/09\/Laboral-1068x710.jpg 1068w, https:\/\/candas365.es\/noticias\/wp-content\/uploads\/2017\/09\/Laboral-632x420.jpg 632w, https:\/\/candas365.es\/noticias\/wp-content\/uploads\/2017\/09\/Laboral-84x55.jpg 84w, https:\/\/candas365.es\/noticias\/wp-content\/uploads\/2017\/09\/Laboral.jpg 1280w\" sizes=\"(max-width: 360px) 100vw, 360px\" \/>Humor, magia, talleres, visitas guiadas y la exposici\u00f3n La magia de lo ef\u00edmero. Gil Parrondo. 75 a\u00f1os de direcci\u00f3n art\u00edstica conforman la amplia programaci\u00f3n de Laboral Ciudad de la Cultura para los pr\u00f3ximos d\u00edas.<\/p>\n<p>Goyo Jim\u00e9nez ha agotado las entradas para su espect\u00e1culo Aiguantulivinam\u00e9rica 2 este viernes 12 de abril, a las 21:00 horas, en el Teatro de la Laboral. En la segunda entrega de su saga de mon\u00f3logos m\u00e1s celebrada vuelven las comparaciones entre el fabuloso modo de vida estadounidense y el menos glamuroso \u201cir tirando\u201d de los espa\u00f1oles.<\/p>\n<p>La magia inundar\u00e1 la Laboral el domingo 14 de abril en una nueva edici\u00f3n de Piccola Laboral. Los m\u00e1s peque\u00f1os de la casa ser\u00e1n aprendices de mago a las 16:30 horas y podr\u00e1n fabricar sus propios juegos, hacer magia con peque\u00f1os objetos o sorprendentes trucos que har\u00e1n re\u00edr a su p\u00fablico en diferentes talleres, los dos \u00faltimos con las plazas agotadas, mientras que los adultos se acercan a la magia en el Caf\u00e9 de la Laboral a las 16:45 horas.<\/p>\n<p>La jornada de Piccola Laboral finaliza a las 18:30 horas con una gran gala de magia en el Teatro de la Laboral. El Gran Braulio, un mago torpe y despistado que no es consciente de que sus trucos le salen de pura casualidad, ser\u00e1 el anfitri\u00f3n y maestro de ceremonias de una gala para p\u00fablico familiar. En ella participar\u00e1n la Maga Gisell, reconocida a nivel internacional por sus performances m\u00e1gicas, en las que destacan su originalidad, teatralidad, versatilidad y emoci\u00f3n; Los Taps, con un humor \u00e1cido y a bocajarro que muestran a trav\u00e9s de una gran cantidad de gags c\u00f3micos y un ritmo trepidante; y el mago Dani Polo, que pese a su juventud, ya ha recibido diferentes menciones especiales por parte de las sociedades m\u00e1gicas de Francia, Italia y Latinoam\u00e9rica.<\/p>\n<p><strong>Talleres para todas las edades<\/strong><\/p>\n<p>El s\u00e1bado 13 de abril vuelven los Clubes de Lectura con Ana Lamela a la Laboral: a las 11:30 horas, las familias con menores de 1 a 3 a\u00f1os leer\u00e1n cuentos que van a querer repetir una y otra vez, y a las 12:30 horas, el p\u00fablico infantil de 6 a 10 a\u00f1os conocer\u00e1 los cuentos y libros de Berta Pi\u00f1\u00e1n. Para los talleres de \u201cJabonarte: pintando con pompas\u201d (16:30 horas) e \u201cInventamos una aventura sobre el Quijote\u201d (18:00 h.) ya se han completado las plazas.<\/p>\n<p>El p\u00fablico adulto potenciar\u00e1 su capacidad de escritura en el ciclo de talleres literarios con Fernando Men\u00e9ndez que comenzar\u00e1 el 13 de abril a las 11:30 horas y continuar\u00e1 los d\u00edas 18 de mayo y 1 de junio. Los adultos tambi\u00e9n pueden participar un curso te\u00f3rico-pr\u00e1ctico de construcci\u00f3n colectiva de un domo geod\u00e9sico para su uso como invernadero o aula de actividades el 20 y 21 de abril, en horario de ma\u00f1ana y tarde.<\/p>\n<p><strong>Visitas guiadas y la exposici\u00f3n La magia de lo ef\u00edmero<\/strong><\/p>\n<p>El p\u00fablico puede disfrutar de visitas guiadas a Laboral Ciudad de la Cultura para conocer algunos de los lugares que componen este monumental conjunto del 13 al 21 de abril, todos los d\u00edas a las 12:30 y 17:00 horas, o de subidas al Mirador de la Torre para observar unas fant\u00e1sticas vistas del edificio y de la ciudad de Gij\u00f3n los mismos d\u00edas, a las 11:30, 13:30, 16:30 y 18:00 h.<\/p>\n<p>La exposici\u00f3n La magia de lo ef\u00edmero. Gil Parrondo. 75 a\u00f1os de Direcci\u00f3n Art\u00edstica, con entrada gratuita, contin\u00faa abierta hasta el 21 de abril en la Iglesia de la Laboral. Pionero en la escenograf\u00eda f\u00edlmica moderna espa\u00f1ola y el \u00fanico espa\u00f1ol ganador de dos Premios Oscar, la muestra de Laboral Cinemateca permite recorrer la trayectoria vital y laboral de Gil Parrondo a trav\u00e9s de bocetos originales, dibujos, fotograf\u00edas, cuadernos de viaje, fotogramas de sus pel\u00edculas y de v\u00eddeos y textos explicativos que sintetizan el proceso creativo y los planteamientos est\u00e9ticos de uno de los creadores m\u00e1s prol\u00edficos de la historia del cine.<\/p>\n<p>Las entradas para los espect\u00e1culos, talleres, visitas guiadas o subidas al Mirador de la Torre se pueden adquirir en la Recepci\u00f3n de la Laboral, en el Centro Niemeyer en Avil\u00e9s, en la Oficina de Informaci\u00f3n Tur\u00edstica de Asturias (CITPA) en Oviedo, en la web entradas.liberbank.es, en el tel\u00e9fono 902 106 601 y en la red de cajeros Liberbank. Para Aiguantulivinam\u00e9rica 2 de Goyo Jim\u00e9nez las entradas est\u00e1n agotadas y se han puesto a disposici\u00f3n del p\u00fablico localidades de visual reducida, con un 40% de descuento sobre el precio de la entrada, en la Recepci\u00f3n de la Laboral, en el CITPA en Oviedo y en el Centro Niemeyer en Avil\u00e9s.<\/p>\n","protected":false},"excerpt":{"rendered":"<p>Humor, magia, talleres, visitas guiadas y la exposici\u00f3n La magia de lo ef\u00edmero. Gil Parrondo. 75 a\u00f1os de direcci\u00f3n art\u00edstica conforman la amplia programaci\u00f3n de Laboral Ciudad de la Cultura para los pr\u00f3ximos d\u00edas. Goyo Jim\u00e9nez ha agotado las entradas para su espect\u00e1culo Aiguantulivinam\u00e9rica 2 este viernes 12 de abril, a las 21:00 horas, en<\/p>\n","protected":false},"author":1,"featured_media":80268,"comment_status":"closed","ping_status":"closed","sticky":false,"template":"","format":"standard","meta":{"footnotes":""},"categories":[1],"tags":[],"class_list":{"0":"post-120524","1":"post","2":"type-post","3":"status-publish","4":"format-standard","5":"has-post-thumbnail","7":"category-agenda"},"aioseo_notices":[],"aioseo_head":"\n\t\t<!-- All in One SEO Pro 4.9.6.2 - aioseo.com -->\n\t<meta name=\"description\" content=\"Humor, magia, talleres, visitas guiadas y la exposici\u00f3n La magia de lo ef\u00edmero. Gil Parrondo. 75 a\u00f1os de direcci\u00f3n art\u00edstica conforman la amplia programaci\u00f3n de Laboral Ciudad de la Cultura para los pr\u00f3ximos d\u00edas. Goyo Jim\u00e9nez ha agotado las entradas para su espect\u00e1culo Aiguantulivinam\u00e9rica 2 este viernes 12 de abril, a las 21:00 horas, en\" \/>\n\t<meta name=\"robots\" content=\"max-image-preview:large\" \/>\n\t<meta name=\"author\" content=\"Cand\u00e1s 365\"\/>\n\t<meta name=\"google-site-verification\" content=\"UA-32230408-1\" \/>\n\t<meta name=\"msvalidate.01\" content=\"354F3CDFB2DA171B47FBE9ABF1F88D5\" \/>\n\t<meta name=\"keywords\" content=\"agenda\" \/>\n\t<link rel=\"canonical\" href=\"https:\/\/candas365.es\/noticias\/magia-talleres-visitas-y-la-magia-de-lo-efimero-en-laboral-ciudad-de-la-cultura\/\" \/>\n\t<meta name=\"generator\" content=\"All in One SEO Pro (AIOSEO) 4.9.6.2\" \/>\n\t\t<meta property=\"og:locale\" content=\"es_ES\" \/>\n\t\t<meta property=\"og:site_name\" content=\"Cand\u00e1s 365\" \/>\n\t\t<meta property=\"og:type\" content=\"article\" \/>\n\t\t<meta property=\"og:title\" content=\"Magia, talleres, visitas y \u00abLa magia de lo ef\u00edmero\u00bb en Laboral Ciudad de la Cultura | Cand\u00e1s 365\" \/>\n\t\t<meta property=\"og:description\" content=\"Humor, magia, talleres, visitas guiadas y la exposici\u00f3n La magia de lo ef\u00edmero. Gil Parrondo. 75 a\u00f1os de direcci\u00f3n art\u00edstica conforman la amplia programaci\u00f3n de Laboral Ciudad de la Cultura para los pr\u00f3ximos d\u00edas. Goyo Jim\u00e9nez ha agotado las entradas para su espect\u00e1culo Aiguantulivinam\u00e9rica 2 este viernes 12 de abril, a las 21:00 horas, en\" \/>\n\t\t<meta property=\"og:url\" content=\"https:\/\/candas365.es\/noticias\/magia-talleres-visitas-y-la-magia-de-lo-efimero-en-laboral-ciudad-de-la-cultura\/\" \/>\n\t\t<meta property=\"og:image\" content=\"https:\/\/candas365.es\/noticias\/wp-content\/uploads\/2017\/09\/Laboral.jpg\" \/>\n\t\t<meta property=\"og:image:secure_url\" content=\"https:\/\/candas365.es\/noticias\/wp-content\/uploads\/2017\/09\/Laboral.jpg\" \/>\n\t\t<meta property=\"og:image:width\" content=\"1280\" \/>\n\t\t<meta property=\"og:image:height\" content=\"851\" \/>\n\t\t<meta property=\"article:published_time\" content=\"2019-04-11T05:39:45+00:00\" \/>\n\t\t<meta property=\"article:modified_time\" content=\"2019-04-11T05:39:45+00:00\" \/>\n\t\t<meta property=\"article:publisher\" content=\"https:\/\/www.facebook.com\/Nachofdezber\" \/>\n\t\t<meta property=\"article:author\" content=\"https:\/\/www.facebook.com\/carrenoactualidad\" \/>\n\t\t<meta name=\"twitter:card\" content=\"summary_large_image\" \/>\n\t\t<meta name=\"twitter:site\" content=\"@NabercoDigital\" \/>\n\t\t<meta name=\"twitter:title\" content=\"Magia, talleres, visitas y \u00abLa magia de lo ef\u00edmero\u00bb en Laboral Ciudad de la Cultura | Cand\u00e1s 365\" \/>\n\t\t<meta name=\"twitter:description\" content=\"Humor, magia, talleres, visitas guiadas y la exposici\u00f3n La magia de lo ef\u00edmero. Gil Parrondo. 75 a\u00f1os de direcci\u00f3n art\u00edstica conforman la amplia programaci\u00f3n de Laboral Ciudad de la Cultura para los pr\u00f3ximos d\u00edas. Goyo Jim\u00e9nez ha agotado las entradas para su espect\u00e1culo Aiguantulivinam\u00e9rica 2 este viernes 12 de abril, a las 21:00 horas, en\" \/>\n\t\t<meta name=\"twitter:creator\" content=\"@nbasturias\" \/>\n\t\t<meta name=\"twitter:image\" content=\"https:\/\/candas365.es\/noticias\/wp-content\/uploads\/2017\/09\/Laboral.jpg\" \/>\n\t\t<meta name=\"twitter:label1\" content=\"Escrito por\" \/>\n\t\t<meta name=\"twitter:data1\" content=\"Cand\u00e1s 365\" \/>\n\t\t<meta name=\"twitter:label2\" content=\"Tiempo de lectura estimado\" \/>\n\t\t<meta name=\"twitter:data2\" content=\"4 minutos\" \/>\n\t\t<script type=\"application\/ld+json\" class=\"aioseo-schema\">\n\t\t\t{\"@context\":\"https:\\\/\\\/schema.org\",\"@graph\":[{\"@type\":\"BreadcrumbList\",\"@id\":\"https:\\\/\\\/candas365.es\\\/noticias\\\/magia-talleres-visitas-y-la-magia-de-lo-efimero-en-laboral-ciudad-de-la-cultura\\\/#breadcrumblist\",\"itemListElement\":[{\"@type\":\"ListItem\",\"@id\":\"https:\\\/\\\/candas365.es\\\/noticias#listItem\",\"position\":1,\"name\":\"Home\",\"item\":\"https:\\\/\\\/candas365.es\\\/noticias\",\"nextItem\":{\"@type\":\"ListItem\",\"@id\":\"https:\\\/\\\/candas365.es\\\/noticias\\\/category\\\/agenda\\\/#listItem\",\"name\":\"Agenda\"}},{\"@type\":\"ListItem\",\"@id\":\"https:\\\/\\\/candas365.es\\\/noticias\\\/category\\\/agenda\\\/#listItem\",\"position\":2,\"name\":\"Agenda\",\"item\":\"https:\\\/\\\/candas365.es\\\/noticias\\\/category\\\/agenda\\\/\",\"nextItem\":{\"@type\":\"ListItem\",\"@id\":\"https:\\\/\\\/candas365.es\\\/noticias\\\/magia-talleres-visitas-y-la-magia-de-lo-efimero-en-laboral-ciudad-de-la-cultura\\\/#listItem\",\"name\":\"Magia, talleres, visitas y \\u00abLa magia de lo ef\\u00edmero\\u00bb en Laboral Ciudad de la Cultura\"},\"previousItem\":{\"@type\":\"ListItem\",\"@id\":\"https:\\\/\\\/candas365.es\\\/noticias#listItem\",\"name\":\"Home\"}},{\"@type\":\"ListItem\",\"@id\":\"https:\\\/\\\/candas365.es\\\/noticias\\\/magia-talleres-visitas-y-la-magia-de-lo-efimero-en-laboral-ciudad-de-la-cultura\\\/#listItem\",\"position\":3,\"name\":\"Magia, talleres, visitas y \\u00abLa magia de lo ef\\u00edmero\\u00bb en Laboral Ciudad de la Cultura\",\"previousItem\":{\"@type\":\"ListItem\",\"@id\":\"https:\\\/\\\/candas365.es\\\/noticias\\\/category\\\/agenda\\\/#listItem\",\"name\":\"Agenda\"}}]},{\"@type\":\"NewsArticle\",\"@id\":\"https:\\\/\\\/candas365.es\\\/noticias\\\/magia-talleres-visitas-y-la-magia-de-lo-efimero-en-laboral-ciudad-de-la-cultura\\\/#newsarticle\",\"name\":\"Magia, talleres, visitas y \\u00abLa magia de lo ef\\u00edmero\\u00bb en Laboral Ciudad de la Cultura | Cand\\u00e1s 365\",\"headline\":\"Magia, talleres, visitas y \\u00abLa magia de lo ef\\u00edmero\\u00bb en Laboral Ciudad de la Cultura\",\"author\":{\"@id\":\"https:\\\/\\\/candas365.es\\\/noticias\\\/author\\\/admin\\\/#author\"},\"publisher\":{\"@id\":\"https:\\\/\\\/candas365.es\\\/noticias\\\/#organization\"},\"image\":{\"@type\":\"ImageObject\",\"url\":\"https:\\\/\\\/candas365.es\\\/noticias\\\/wp-content\\\/uploads\\\/2017\\\/09\\\/Laboral.jpg\",\"width\":1280,\"height\":851},\"datePublished\":\"2019-04-11T05:39:45+02:00\",\"dateModified\":\"2019-04-11T05:39:45+02:00\",\"inLanguage\":\"es-ES\",\"mainEntityOfPage\":{\"@id\":\"https:\\\/\\\/candas365.es\\\/noticias\\\/magia-talleres-visitas-y-la-magia-de-lo-efimero-en-laboral-ciudad-de-la-cultura\\\/#webpage\"},\"isPartOf\":{\"@id\":\"https:\\\/\\\/candas365.es\\\/noticias\\\/magia-talleres-visitas-y-la-magia-de-lo-efimero-en-laboral-ciudad-de-la-cultura\\\/#webpage\"},\"articleSection\":\"Agenda\",\"dateline\":\"Publicado el abril 11, 2019.\"},{\"@type\":\"Organization\",\"@id\":\"https:\\\/\\\/candas365.es\\\/noticias\\\/#organization\",\"name\":\"Cand\\u00e1s 365\",\"description\":\"Cand\\u00e1s 365 es un diario digital independiente, fundado en 2012, con base en Asturias. Informamos con rigor sobre actualidad, sociedad, cultura y ocio, con una mirada local y global.\",\"url\":\"https:\\\/\\\/candas365.es\\\/noticias\\\/\",\"email\":\"info@candas365.es\",\"telephone\":\"+34652131393\",\"foundingDate\":\"2012-06-10\",\"logo\":{\"@type\":\"ImageObject\",\"url\":\"https:\\\/\\\/candas365.es\\\/noticias\\\/wp-content\\\/uploads\\\/2024\\\/09\\\/Candas-365-Redes.jpg\",\"@id\":\"https:\\\/\\\/candas365.es\\\/noticias\\\/magia-talleres-visitas-y-la-magia-de-lo-efimero-en-laboral-ciudad-de-la-cultura\\\/#organizationLogo\",\"width\":1152,\"height\":864,\"caption\":\"Cand\\u00e1s 365 Redes\"},\"image\":{\"@id\":\"https:\\\/\\\/candas365.es\\\/noticias\\\/magia-talleres-visitas-y-la-magia-de-lo-efimero-en-laboral-ciudad-de-la-cultura\\\/#organizationLogo\"},\"sameAs\":[\"https:\\\/\\\/www.facebook.com\\\/Nachofdezber\",\"https:\\\/\\\/x.com\\\/NabercoDigital\",\"https:\\\/\\\/www.instagram.com\\\/nachofdezber\\\/\",\"https:\\\/\\\/www.youtube.com\\\/channel\\\/UCZP-2wLEB9Rv6erhFmqVnvg\"],\"address\":{\"@id\":\"https:\\\/\\\/candas365.es\\\/noticias\\\/#postaladdress\",\"@type\":\"PostalAddress\",\"streetAddress\":\"san antonio 4, san antonio 4\",\"postalCode\":\"33430\",\"addressLocality\":\"Cand\\u00e1s\",\"addressRegion\":\"Asturias\",\"addressCountry\":\"ES\"}},{\"@type\":\"Person\",\"@id\":\"https:\\\/\\\/candas365.es\\\/noticias\\\/author\\\/admin\\\/#author\",\"url\":\"https:\\\/\\\/candas365.es\\\/noticias\\\/author\\\/admin\\\/\",\"name\":\"Cand\\u00e1s 365\",\"image\":{\"@type\":\"ImageObject\",\"@id\":\"https:\\\/\\\/candas365.es\\\/noticias\\\/magia-talleres-visitas-y-la-magia-de-lo-efimero-en-laboral-ciudad-de-la-cultura\\\/#authorImage\",\"url\":\"https:\\\/\\\/secure.gravatar.com\\\/avatar\\\/496a8e03d0c493ede1718b7934145dbdf8d89be1036b0eec9544e1094c9de390?s=96&d=mm&r=g\",\"width\":96,\"height\":96,\"caption\":\"Cand\\u00e1s 365\"},\"sameAs\":[\"https:\\\/\\\/www.facebook.com\\\/carrenoactualidad\",\"https:\\\/\\\/twitter.com\\\/nbasturias\",\"https:\\\/\\\/www.instagram.com\\\/nachofdezber\\\/\",\"https:\\\/\\\/www.youtube.com\\\/channel\\\/UCZP-2wLEB9Rv6erhFmqVnvg\"]},{\"@type\":\"WebPage\",\"@id\":\"https:\\\/\\\/candas365.es\\\/noticias\\\/magia-talleres-visitas-y-la-magia-de-lo-efimero-en-laboral-ciudad-de-la-cultura\\\/#webpage\",\"url\":\"https:\\\/\\\/candas365.es\\\/noticias\\\/magia-talleres-visitas-y-la-magia-de-lo-efimero-en-laboral-ciudad-de-la-cultura\\\/\",\"name\":\"Magia, talleres, visitas y \\u00abLa magia de lo ef\\u00edmero\\u00bb en Laboral Ciudad de la Cultura | Cand\\u00e1s 365\",\"description\":\"Humor, magia, talleres, visitas guiadas y la exposici\\u00f3n La magia de lo ef\\u00edmero. Gil Parrondo. 75 a\\u00f1os de direcci\\u00f3n art\\u00edstica conforman la amplia programaci\\u00f3n de Laboral Ciudad de la Cultura para los pr\\u00f3ximos d\\u00edas. Goyo Jim\\u00e9nez ha agotado las entradas para su espect\\u00e1culo Aiguantulivinam\\u00e9rica 2 este viernes 12 de abril, a las 21:00 horas, en\",\"inLanguage\":\"es-ES\",\"isPartOf\":{\"@id\":\"https:\\\/\\\/candas365.es\\\/noticias\\\/#website\"},\"breadcrumb\":{\"@id\":\"https:\\\/\\\/candas365.es\\\/noticias\\\/magia-talleres-visitas-y-la-magia-de-lo-efimero-en-laboral-ciudad-de-la-cultura\\\/#breadcrumblist\"},\"author\":{\"@id\":\"https:\\\/\\\/candas365.es\\\/noticias\\\/author\\\/admin\\\/#author\"},\"creator\":{\"@id\":\"https:\\\/\\\/candas365.es\\\/noticias\\\/author\\\/admin\\\/#author\"},\"image\":{\"@type\":\"ImageObject\",\"url\":\"https:\\\/\\\/candas365.es\\\/noticias\\\/wp-content\\\/uploads\\\/2017\\\/09\\\/Laboral.jpg\",\"@id\":\"https:\\\/\\\/candas365.es\\\/noticias\\\/magia-talleres-visitas-y-la-magia-de-lo-efimero-en-laboral-ciudad-de-la-cultura\\\/#mainImage\",\"width\":1280,\"height\":851},\"primaryImageOfPage\":{\"@id\":\"https:\\\/\\\/candas365.es\\\/noticias\\\/magia-talleres-visitas-y-la-magia-de-lo-efimero-en-laboral-ciudad-de-la-cultura\\\/#mainImage\"},\"datePublished\":\"2019-04-11T05:39:45+02:00\",\"dateModified\":\"2019-04-11T05:39:45+02:00\"},{\"@type\":\"WebSite\",\"@id\":\"https:\\\/\\\/candas365.es\\\/noticias\\\/#website\",\"url\":\"https:\\\/\\\/candas365.es\\\/noticias\\\/\",\"name\":\"Cand\\u00e1s 365\",\"alternateName\":\"Cand\\u00e1s 365 Noticias\",\"description\":\"Actualidad desde Carre\\u00f1o para el mundo\",\"inLanguage\":\"es-ES\",\"publisher\":{\"@id\":\"https:\\\/\\\/candas365.es\\\/noticias\\\/#organization\"}}]}\n\t\t<\/script>\n\t\t<!-- All in One SEO Pro -->\r\n\t\t<title>Magia, talleres, visitas y \u00abLa magia de lo ef\u00edmero\u00bb en Laboral Ciudad de la Cultura | Cand\u00e1s 365<\/title>\n\n","aioseo_head_json":{"title":"Magia, talleres, visitas y \u00abLa magia de lo ef\u00edmero\u00bb en Laboral Ciudad de la Cultura | Cand\u00e1s 365","description":"Humor, magia, talleres, visitas guiadas y la exposici\u00f3n La magia de lo ef\u00edmero. Gil Parrondo. 75 a\u00f1os de direcci\u00f3n art\u00edstica conforman la amplia programaci\u00f3n de Laboral Ciudad de la Cultura para los pr\u00f3ximos d\u00edas. Goyo Jim\u00e9nez ha agotado las entradas para su espect\u00e1culo Aiguantulivinam\u00e9rica 2 este viernes 12 de abril, a las 21:00 horas, en","canonical_url":"https:\/\/candas365.es\/noticias\/magia-talleres-visitas-y-la-magia-de-lo-efimero-en-laboral-ciudad-de-la-cultura\/","robots":"max-image-preview:large","keywords":"agenda","webmasterTools":{"google-site-verification":"UA-32230408-1","msvalidate.01":"354F3CDFB2DA171B47FBE9ABF1F88D5","miscellaneous":""},"schema":{"@context":"https:\/\/schema.org","@graph":[{"@type":"BreadcrumbList","@id":"https:\/\/candas365.es\/noticias\/magia-talleres-visitas-y-la-magia-de-lo-efimero-en-laboral-ciudad-de-la-cultura\/#breadcrumblist","itemListElement":[{"@type":"ListItem","@id":"https:\/\/candas365.es\/noticias#listItem","position":1,"name":"Home","item":"https:\/\/candas365.es\/noticias","nextItem":{"@type":"ListItem","@id":"https:\/\/candas365.es\/noticias\/category\/agenda\/#listItem","name":"Agenda"}},{"@type":"ListItem","@id":"https:\/\/candas365.es\/noticias\/category\/agenda\/#listItem","position":2,"name":"Agenda","item":"https:\/\/candas365.es\/noticias\/category\/agenda\/","nextItem":{"@type":"ListItem","@id":"https:\/\/candas365.es\/noticias\/magia-talleres-visitas-y-la-magia-de-lo-efimero-en-laboral-ciudad-de-la-cultura\/#listItem","name":"Magia, talleres, visitas y \u00abLa magia de lo ef\u00edmero\u00bb en Laboral Ciudad de la Cultura"},"previousItem":{"@type":"ListItem","@id":"https:\/\/candas365.es\/noticias#listItem","name":"Home"}},{"@type":"ListItem","@id":"https:\/\/candas365.es\/noticias\/magia-talleres-visitas-y-la-magia-de-lo-efimero-en-laboral-ciudad-de-la-cultura\/#listItem","position":3,"name":"Magia, talleres, visitas y \u00abLa magia de lo ef\u00edmero\u00bb en Laboral Ciudad de la Cultura","previousItem":{"@type":"ListItem","@id":"https:\/\/candas365.es\/noticias\/category\/agenda\/#listItem","name":"Agenda"}}]},{"@type":"NewsArticle","@id":"https:\/\/candas365.es\/noticias\/magia-talleres-visitas-y-la-magia-de-lo-efimero-en-laboral-ciudad-de-la-cultura\/#newsarticle","name":"Magia, talleres, visitas y \u00abLa magia de lo ef\u00edmero\u00bb en Laboral Ciudad de la Cultura | Cand\u00e1s 365","headline":"Magia, talleres, visitas y \u00abLa magia de lo ef\u00edmero\u00bb en Laboral Ciudad de la Cultura","author":{"@id":"https:\/\/candas365.es\/noticias\/author\/admin\/#author"},"publisher":{"@id":"https:\/\/candas365.es\/noticias\/#organization"},"image":{"@type":"ImageObject","url":"https:\/\/candas365.es\/noticias\/wp-content\/uploads\/2017\/09\/Laboral.jpg","width":1280,"height":851},"datePublished":"2019-04-11T05:39:45+02:00","dateModified":"2019-04-11T05:39:45+02:00","inLanguage":"es-ES","mainEntityOfPage":{"@id":"https:\/\/candas365.es\/noticias\/magia-talleres-visitas-y-la-magia-de-lo-efimero-en-laboral-ciudad-de-la-cultura\/#webpage"},"isPartOf":{"@id":"https:\/\/candas365.es\/noticias\/magia-talleres-visitas-y-la-magia-de-lo-efimero-en-laboral-ciudad-de-la-cultura\/#webpage"},"articleSection":"Agenda","dateline":"Publicado el abril 11, 2019."},{"@type":"Organization","@id":"https:\/\/candas365.es\/noticias\/#organization","name":"Cand\u00e1s 365","description":"Cand\u00e1s 365 es un diario digital independiente, fundado en 2012, con base en Asturias. Informamos con rigor sobre actualidad, sociedad, cultura y ocio, con una mirada local y global.","url":"https:\/\/candas365.es\/noticias\/","email":"info@candas365.es","telephone":"+34652131393","foundingDate":"2012-06-10","logo":{"@type":"ImageObject","url":"https:\/\/candas365.es\/noticias\/wp-content\/uploads\/2024\/09\/Candas-365-Redes.jpg","@id":"https:\/\/candas365.es\/noticias\/magia-talleres-visitas-y-la-magia-de-lo-efimero-en-laboral-ciudad-de-la-cultura\/#organizationLogo","width":1152,"height":864,"caption":"Cand\u00e1s 365 Redes"},"image":{"@id":"https:\/\/candas365.es\/noticias\/magia-talleres-visitas-y-la-magia-de-lo-efimero-en-laboral-ciudad-de-la-cultura\/#organizationLogo"},"sameAs":["https:\/\/www.facebook.com\/Nachofdezber","https:\/\/x.com\/NabercoDigital","https:\/\/www.instagram.com\/nachofdezber\/","https:\/\/www.youtube.com\/channel\/UCZP-2wLEB9Rv6erhFmqVnvg"],"address":{"@id":"https:\/\/candas365.es\/noticias\/#postaladdress","@type":"PostalAddress","streetAddress":"san antonio 4, san antonio 4","postalCode":"33430","addressLocality":"Cand\u00e1s","addressRegion":"Asturias","addressCountry":"ES"}},{"@type":"Person","@id":"https:\/\/candas365.es\/noticias\/author\/admin\/#author","url":"https:\/\/candas365.es\/noticias\/author\/admin\/","name":"Cand\u00e1s 365","image":{"@type":"ImageObject","@id":"https:\/\/candas365.es\/noticias\/magia-talleres-visitas-y-la-magia-de-lo-efimero-en-laboral-ciudad-de-la-cultura\/#authorImage","url":"https:\/\/secure.gravatar.com\/avatar\/496a8e03d0c493ede1718b7934145dbdf8d89be1036b0eec9544e1094c9de390?s=96&d=mm&r=g","width":96,"height":96,"caption":"Cand\u00e1s 365"},"sameAs":["https:\/\/www.facebook.com\/carrenoactualidad","https:\/\/twitter.com\/nbasturias","https:\/\/www.instagram.com\/nachofdezber\/","https:\/\/www.youtube.com\/channel\/UCZP-2wLEB9Rv6erhFmqVnvg"]},{"@type":"WebPage","@id":"https:\/\/candas365.es\/noticias\/magia-talleres-visitas-y-la-magia-de-lo-efimero-en-laboral-ciudad-de-la-cultura\/#webpage","url":"https:\/\/candas365.es\/noticias\/magia-talleres-visitas-y-la-magia-de-lo-efimero-en-laboral-ciudad-de-la-cultura\/","name":"Magia, talleres, visitas y \u00abLa magia de lo ef\u00edmero\u00bb en Laboral Ciudad de la Cultura | Cand\u00e1s 365","description":"Humor, magia, talleres, visitas guiadas y la exposici\u00f3n La magia de lo ef\u00edmero. Gil Parrondo. 75 a\u00f1os de direcci\u00f3n art\u00edstica conforman la amplia programaci\u00f3n de Laboral Ciudad de la Cultura para los pr\u00f3ximos d\u00edas. Goyo Jim\u00e9nez ha agotado las entradas para su espect\u00e1culo Aiguantulivinam\u00e9rica 2 este viernes 12 de abril, a las 21:00 horas, en","inLanguage":"es-ES","isPartOf":{"@id":"https:\/\/candas365.es\/noticias\/#website"},"breadcrumb":{"@id":"https:\/\/candas365.es\/noticias\/magia-talleres-visitas-y-la-magia-de-lo-efimero-en-laboral-ciudad-de-la-cultura\/#breadcrumblist"},"author":{"@id":"https:\/\/candas365.es\/noticias\/author\/admin\/#author"},"creator":{"@id":"https:\/\/candas365.es\/noticias\/author\/admin\/#author"},"image":{"@type":"ImageObject","url":"https:\/\/candas365.es\/noticias\/wp-content\/uploads\/2017\/09\/Laboral.jpg","@id":"https:\/\/candas365.es\/noticias\/magia-talleres-visitas-y-la-magia-de-lo-efimero-en-laboral-ciudad-de-la-cultura\/#mainImage","width":1280,"height":851},"primaryImageOfPage":{"@id":"https:\/\/candas365.es\/noticias\/magia-talleres-visitas-y-la-magia-de-lo-efimero-en-laboral-ciudad-de-la-cultura\/#mainImage"},"datePublished":"2019-04-11T05:39:45+02:00","dateModified":"2019-04-11T05:39:45+02:00"},{"@type":"WebSite","@id":"https:\/\/candas365.es\/noticias\/#website","url":"https:\/\/candas365.es\/noticias\/","name":"Cand\u00e1s 365","alternateName":"Cand\u00e1s 365 Noticias","description":"Actualidad desde Carre\u00f1o para el mundo","inLanguage":"es-ES","publisher":{"@id":"https:\/\/candas365.es\/noticias\/#organization"}}]},"og:locale":"es_ES","og:site_name":"Cand\u00e1s 365","og:type":"article","og:title":"Magia, talleres, visitas y \u00abLa magia de lo ef\u00edmero\u00bb en Laboral Ciudad de la Cultura | Cand\u00e1s 365","og:description":"Humor, magia, talleres, visitas guiadas y la exposici\u00f3n La magia de lo ef\u00edmero. Gil Parrondo. 75 a\u00f1os de direcci\u00f3n art\u00edstica conforman la amplia programaci\u00f3n de Laboral Ciudad de la Cultura para los pr\u00f3ximos d\u00edas. Goyo Jim\u00e9nez ha agotado las entradas para su espect\u00e1culo Aiguantulivinam\u00e9rica 2 este viernes 12 de abril, a las 21:00 horas, en","og:url":"https:\/\/candas365.es\/noticias\/magia-talleres-visitas-y-la-magia-de-lo-efimero-en-laboral-ciudad-de-la-cultura\/","og:image":"https:\/\/candas365.es\/noticias\/wp-content\/uploads\/2017\/09\/Laboral.jpg","og:image:secure_url":"https:\/\/candas365.es\/noticias\/wp-content\/uploads\/2017\/09\/Laboral.jpg","og:image:width":1280,"og:image:height":851,"article:published_time":"2019-04-11T05:39:45+00:00","article:modified_time":"2019-04-11T05:39:45+00:00","article:publisher":"https:\/\/www.facebook.com\/Nachofdezber","article:author":"https:\/\/www.facebook.com\/carrenoactualidad","twitter:card":"summary_large_image","twitter:site":"@NabercoDigital","twitter:title":"Magia, talleres, visitas y \u00abLa magia de lo ef\u00edmero\u00bb en Laboral Ciudad de la Cultura | Cand\u00e1s 365","twitter:description":"Humor, magia, talleres, visitas guiadas y la exposici\u00f3n La magia de lo ef\u00edmero. Gil Parrondo. 75 a\u00f1os de direcci\u00f3n art\u00edstica conforman la amplia programaci\u00f3n de Laboral Ciudad de la Cultura para los pr\u00f3ximos d\u00edas. Goyo Jim\u00e9nez ha agotado las entradas para su espect\u00e1culo Aiguantulivinam\u00e9rica 2 este viernes 12 de abril, a las 21:00 horas, en","twitter:creator":"@nbasturias","twitter:image":"https:\/\/candas365.es\/noticias\/wp-content\/uploads\/2017\/09\/Laboral.jpg","twitter:label1":"Escrito por","twitter:data1":"Cand\u00e1s 365","twitter:label2":"Tiempo de lectura estimado","twitter:data2":"4 minutos"},"aioseo_meta_data":{"post_id":"120524","title":null,"description":null,"keywords":null,"keyphrases":null,"primary_term":null,"canonical_url":null,"og_title":null,"og_description":null,"og_object_type":"default","og_image_type":"default","og_image_url":null,"og_image_width":null,"og_image_height":null,"og_image_custom_url":null,"og_image_custom_fields":null,"og_video":null,"og_custom_url":null,"og_article_section":null,"og_article_tags":null,"twitter_use_og":false,"twitter_card":"default","twitter_image_type":"default","twitter_image_url":null,"twitter_image_custom_url":null,"twitter_image_custom_fields":null,"twitter_title":null,"twitter_description":null,"schema":{"blockGraphs":[],"customGraphs":[],"default":{"data":{"Article":[],"Course":[],"Dataset":[],"FAQPage":[],"Movie":[],"Person":[],"Product":[],"ProductReview":[],"Car":[],"Recipe":[],"Service":[],"SoftwareApplication":[],"WebPage":[]},"graphName":"","isEnabled":true},"graphs":[]},"schema_type":null,"schema_type_options":null,"pillar_content":false,"robots_default":true,"robots_noindex":false,"robots_noarchive":false,"robots_nosnippet":false,"robots_nofollow":false,"robots_noimageindex":false,"robots_noodp":false,"robots_notranslate":false,"robots_max_snippet":null,"robots_max_videopreview":null,"robots_max_imagepreview":"large","priority":null,"frequency":null,"location":null,"local_seo":null,"seo_analyzer_scan_date":"2025-08-29 17:35:18","breadcrumb_settings":null,"limit_modified_date":false,"reviewed_by":null,"open_ai":null,"ai":null,"created":"2020-12-21 10:58:49","updated":"2025-08-29 17:35:18"},"aioseo_breadcrumb":"<div class=\"aioseo-breadcrumbs\"><span class=\"aioseo-breadcrumb\">\n\t<a href=\"https:\/\/candas365.es\/noticias\" title=\"Home\">Home<\/a>\n<\/span><span class=\"aioseo-breadcrumb-separator\">&ndash;<\/span><span class=\"aioseo-breadcrumb\">\n\t<a href=\"https:\/\/candas365.es\/noticias\/category\/agenda\/\" title=\"Agenda\">Agenda<\/a>\n<\/span><span class=\"aioseo-breadcrumb-separator\">&ndash;<\/span><span class=\"aioseo-breadcrumb\">\n\tMagia, talleres, visitas y \u00abLa magia de lo ef\u00edmero\u00bb en Laboral Ciudad de la Cultura\n<\/span><\/div>","aioseo_breadcrumb_json":[{"label":"Home","link":"https:\/\/candas365.es\/noticias"},{"label":"Agenda","link":"https:\/\/candas365.es\/noticias\/category\/agenda\/"},{"label":"Magia, talleres, visitas y \u00abLa magia de lo ef\u00edmero\u00bb en Laboral Ciudad de la Cultura","link":"https:\/\/candas365.es\/noticias\/magia-talleres-visitas-y-la-magia-de-lo-efimero-en-laboral-ciudad-de-la-cultura\/"}],"_links":{"self":[{"href":"https:\/\/candas365.es\/noticias\/wp-json\/wp\/v2\/posts\/120524","targetHints":{"allow":["GET"]}}],"collection":[{"href":"https:\/\/candas365.es\/noticias\/wp-json\/wp\/v2\/posts"}],"about":[{"href":"https:\/\/candas365.es\/noticias\/wp-json\/wp\/v2\/types\/post"}],"author":[{"embeddable":true,"href":"https:\/\/candas365.es\/noticias\/wp-json\/wp\/v2\/users\/1"}],"replies":[{"embeddable":true,"href":"https:\/\/candas365.es\/noticias\/wp-json\/wp\/v2\/comments?post=120524"}],"version-history":[{"count":0,"href":"https:\/\/candas365.es\/noticias\/wp-json\/wp\/v2\/posts\/120524\/revisions"}],"wp:featuredmedia":[{"embeddable":true,"href":"https:\/\/candas365.es\/noticias\/wp-json\/wp\/v2\/media\/80268"}],"wp:attachment":[{"href":"https:\/\/candas365.es\/noticias\/wp-json\/wp\/v2\/media?parent=120524"}],"wp:term":[{"taxonomy":"category","embeddable":true,"href":"https:\/\/candas365.es\/noticias\/wp-json\/wp\/v2\/categories?post=120524"},{"taxonomy":"post_tag","embeddable":true,"href":"https:\/\/candas365.es\/noticias\/wp-json\/wp\/v2\/tags?post=120524"}],"curies":[{"name":"wp","href":"https:\/\/api.w.org\/{rel}","templated":true}]}}