{"id":120522,"date":"2019-04-11T05:37:34","date_gmt":"2019-04-11T05:37:34","guid":{"rendered":"http:\/\/candas365.es\/noticias\/?p=120522"},"modified":"2019-04-11T05:37:34","modified_gmt":"2019-04-11T05:37:34","slug":"talleres-infantiles-y-visitas-esta-semana-santa-en-el-muja","status":"publish","type":"post","link":"https:\/\/candas365.es\/noticias\/talleres-infantiles-y-visitas-esta-semana-santa-en-el-muja\/","title":{"rendered":"Talleres infantiles y visitas esta Semana Santa en el MUJA"},"content":{"rendered":"<p><img fetchpriority=\"high\" decoding=\"async\" class=\"alignleft size-medium wp-image-46132\" src=\"https:\/\/candas365.es\/noticias\/wp-content\/uploads\/2017\/04\/MUJA-360x240.jpg\" alt=\"\" width=\"360\" height=\"240\" srcset=\"https:\/\/candas365.es\/noticias\/wp-content\/uploads\/2017\/04\/MUJA-360x240.jpg 360w, https:\/\/candas365.es\/noticias\/wp-content\/uploads\/2017\/04\/MUJA-650x433.jpg 650w, https:\/\/candas365.es\/noticias\/wp-content\/uploads\/2017\/04\/MUJA-768x512.jpg 768w, https:\/\/candas365.es\/noticias\/wp-content\/uploads\/2017\/04\/MUJA-150x100.jpg 150w, https:\/\/candas365.es\/noticias\/wp-content\/uploads\/2017\/04\/MUJA-450x300.jpg 450w, https:\/\/candas365.es\/noticias\/wp-content\/uploads\/2017\/04\/MUJA-1200x800.jpg 1200w, https:\/\/candas365.es\/noticias\/wp-content\/uploads\/2017\/04\/MUJA-655x436.jpg 655w, https:\/\/candas365.es\/noticias\/wp-content\/uploads\/2017\/04\/MUJA-696x464.jpg 696w, https:\/\/candas365.es\/noticias\/wp-content\/uploads\/2017\/04\/MUJA-1068x712.jpg 1068w, https:\/\/candas365.es\/noticias\/wp-content\/uploads\/2017\/04\/MUJA-630x420.jpg 630w, https:\/\/candas365.es\/noticias\/wp-content\/uploads\/2017\/04\/MUJA-84x55.jpg 84w, https:\/\/candas365.es\/noticias\/wp-content\/uploads\/2017\/04\/MUJA.jpg 1280w\" sizes=\"(max-width: 360px) 100vw, 360px\" \/>El Museo del Jur\u00e1sico de Asturias (MUJA) ofrece esta Semana Santa talleres para el p\u00fablico infantil y visitas para conocer el fascinante mundo de los dinosaurios y de la evoluci\u00f3n de la vida en el planeta.<\/p>\n<p>El p\u00fablico infantil de 4 a 11 a\u00f1os podr\u00e1 hacer su \u201cEscala del tiempo\u201d para descubrir cu\u00e1ntos a\u00f1os tiene la Tierra o qu\u00e9 paso en el planeta antes de que los dinosaurios aparecieran. Aprender\u00e1n c\u00f3mo ha cambiado la vida en la Tierra situando los principales acontecimientos geol\u00f3gicos en una original regla jur\u00e1sica convertida en escala del tiempo, en una actividad que cuenta con la colaboraci\u00f3n de la Fundaci\u00f3n Espa\u00f1ola para la Ciencia y la Tecnolog\u00eda &#8211; Ministerio de Econom\u00eda, Industria y Competitividad. El taller se realizar\u00e1 del 13 al 24 de abril, de mi\u00e9rcoles a domingo, a las 11:30, 12:30, 16:30 y 17:30 h.<\/p>\n<p>Los visitantes podr\u00e1n recorrer la exposici\u00f3n permanente del Museo, una de las muestras m\u00e1s completas y did\u00e1cticas sobre los dinosaurios y el Jur\u00e1sico Asturiano, de forma libre o participando en una de las visitas guiadas que se realizar\u00e1n del 13 al 24 de abril, de mi\u00e9rcoles a domingo, a las 12:30 y 16:30 h. Tambi\u00e9n hay servicio de audiogu\u00edas en varios idiomas y una nueva audiogu\u00eda disponible para el p\u00fablico infantil.<\/p>\n<p>El MUJA cuenta adem\u00e1s con una zona muse\u00edstica al aire libre en la que se pueden observar piezas originales del Jur\u00e1sico y reproducciones de algunos de los reptiles m\u00e1s representativos tanto del Jur\u00e1sico como del Cret\u00e1cico, un proyecto para el que se ha contado con una aportaci\u00f3n econ\u00f3mica de la Fundaci\u00f3n Espa\u00f1ola para la Ciencia y la Tecnolog\u00eda &#8211; Ministerio de Econom\u00eda, Industria y Competitividad. Recientemente se ha presentado una nueva escena de Brachiosaurus en el Jard\u00edn, con la incorporaci\u00f3n de dos reproducciones de cr\u00edas de esta especie de dinosaurio jur\u00e1sico.<\/p>\n<p>El MUJA abrir\u00e1 del 13 al 24 de abril de mi\u00e9rcoles a domingo (el 13 y 14 de abril, de 10:30 a 16:00 y de 14:30 a 19:00 horas; y del 17 al 21 y el 24 de abril, de 10:30 a 19:00 horas).<\/p>\n","protected":false},"excerpt":{"rendered":"<p>El Museo del Jur\u00e1sico de Asturias (MUJA) ofrece esta Semana Santa talleres para el p\u00fablico infantil y visitas para conocer el fascinante mundo de los dinosaurios y de la evoluci\u00f3n de la vida en el planeta. El p\u00fablico infantil de 4 a 11 a\u00f1os podr\u00e1 hacer su \u201cEscala del tiempo\u201d para descubrir cu\u00e1ntos a\u00f1os tiene<\/p>\n","protected":false},"author":1,"featured_media":46132,"comment_status":"closed","ping_status":"closed","sticky":false,"template":"","format":"standard","meta":{"footnotes":""},"categories":[1],"tags":[],"class_list":{"0":"post-120522","1":"post","2":"type-post","3":"status-publish","4":"format-standard","5":"has-post-thumbnail","7":"category-agenda"},"aioseo_notices":[],"aioseo_head":"\n\t\t<!-- All in One SEO Pro 4.9.6.2 - aioseo.com -->\n\t<meta name=\"description\" content=\"El Museo del Jur\u00e1sico de Asturias (MUJA) ofrece esta Semana Santa talleres para el p\u00fablico infantil y visitas para conocer el fascinante mundo de los dinosaurios y de la evoluci\u00f3n de la vida en el planeta. El p\u00fablico infantil de 4 a 11 a\u00f1os podr\u00e1 hacer su \u201cEscala del tiempo\u201d para descubrir cu\u00e1ntos a\u00f1os tiene\" \/>\n\t<meta name=\"robots\" content=\"max-image-preview:large\" \/>\n\t<meta name=\"author\" content=\"Cand\u00e1s 365\"\/>\n\t<meta name=\"google-site-verification\" content=\"UA-32230408-1\" \/>\n\t<meta name=\"msvalidate.01\" content=\"354F3CDFB2DA171B47FBE9ABF1F88D5\" \/>\n\t<meta name=\"keywords\" content=\"agenda\" \/>\n\t<link rel=\"canonical\" href=\"https:\/\/candas365.es\/noticias\/talleres-infantiles-y-visitas-esta-semana-santa-en-el-muja\/\" \/>\n\t<meta name=\"generator\" content=\"All in One SEO Pro (AIOSEO) 4.9.6.2\" \/>\n\t\t<meta property=\"og:locale\" content=\"es_ES\" \/>\n\t\t<meta property=\"og:site_name\" content=\"Cand\u00e1s 365\" \/>\n\t\t<meta property=\"og:type\" content=\"article\" \/>\n\t\t<meta property=\"og:title\" content=\"Talleres infantiles y visitas esta Semana Santa en el MUJA | Cand\u00e1s 365\" \/>\n\t\t<meta property=\"og:description\" content=\"El Museo del Jur\u00e1sico de Asturias (MUJA) ofrece esta Semana Santa talleres para el p\u00fablico infantil y visitas para conocer el fascinante mundo de los dinosaurios y de la evoluci\u00f3n de la vida en el planeta. El p\u00fablico infantil de 4 a 11 a\u00f1os podr\u00e1 hacer su \u201cEscala del tiempo\u201d para descubrir cu\u00e1ntos a\u00f1os tiene\" \/>\n\t\t<meta property=\"og:url\" content=\"https:\/\/candas365.es\/noticias\/talleres-infantiles-y-visitas-esta-semana-santa-en-el-muja\/\" \/>\n\t\t<meta property=\"og:image\" content=\"https:\/\/candas365.es\/noticias\/wp-content\/uploads\/2017\/04\/MUJA.jpg\" \/>\n\t\t<meta property=\"og:image:secure_url\" content=\"https:\/\/candas365.es\/noticias\/wp-content\/uploads\/2017\/04\/MUJA.jpg\" \/>\n\t\t<meta property=\"og:image:width\" content=\"1280\" \/>\n\t\t<meta property=\"og:image:height\" content=\"853\" \/>\n\t\t<meta property=\"article:published_time\" content=\"2019-04-11T05:37:34+00:00\" \/>\n\t\t<meta property=\"article:modified_time\" content=\"2019-04-11T05:37:34+00:00\" \/>\n\t\t<meta property=\"article:publisher\" content=\"https:\/\/www.facebook.com\/Nachofdezber\" \/>\n\t\t<meta property=\"article:author\" content=\"https:\/\/www.facebook.com\/carrenoactualidad\" \/>\n\t\t<meta name=\"twitter:card\" content=\"summary_large_image\" \/>\n\t\t<meta name=\"twitter:site\" content=\"@NabercoDigital\" \/>\n\t\t<meta name=\"twitter:title\" content=\"Talleres infantiles y visitas esta Semana Santa en el MUJA | Cand\u00e1s 365\" \/>\n\t\t<meta name=\"twitter:description\" content=\"El Museo del Jur\u00e1sico de Asturias (MUJA) ofrece esta Semana Santa talleres para el p\u00fablico infantil y visitas para conocer el fascinante mundo de los dinosaurios y de la evoluci\u00f3n de la vida en el planeta. El p\u00fablico infantil de 4 a 11 a\u00f1os podr\u00e1 hacer su \u201cEscala del tiempo\u201d para descubrir cu\u00e1ntos a\u00f1os tiene\" \/>\n\t\t<meta name=\"twitter:creator\" content=\"@nbasturias\" \/>\n\t\t<meta name=\"twitter:image\" content=\"https:\/\/candas365.es\/noticias\/wp-content\/uploads\/2017\/04\/MUJA.jpg\" \/>\n\t\t<meta name=\"twitter:label1\" content=\"Escrito por\" \/>\n\t\t<meta name=\"twitter:data1\" content=\"Cand\u00e1s 365\" \/>\n\t\t<meta name=\"twitter:label2\" content=\"Tiempo de lectura estimado\" \/>\n\t\t<meta name=\"twitter:data2\" content=\"2 minutos\" \/>\n\t\t<script type=\"application\/ld+json\" class=\"aioseo-schema\">\n\t\t\t{\"@context\":\"https:\\\/\\\/schema.org\",\"@graph\":[{\"@type\":\"BreadcrumbList\",\"@id\":\"https:\\\/\\\/candas365.es\\\/noticias\\\/talleres-infantiles-y-visitas-esta-semana-santa-en-el-muja\\\/#breadcrumblist\",\"itemListElement\":[{\"@type\":\"ListItem\",\"@id\":\"https:\\\/\\\/candas365.es\\\/noticias#listItem\",\"position\":1,\"name\":\"Home\",\"item\":\"https:\\\/\\\/candas365.es\\\/noticias\",\"nextItem\":{\"@type\":\"ListItem\",\"@id\":\"https:\\\/\\\/candas365.es\\\/noticias\\\/category\\\/agenda\\\/#listItem\",\"name\":\"Agenda\"}},{\"@type\":\"ListItem\",\"@id\":\"https:\\\/\\\/candas365.es\\\/noticias\\\/category\\\/agenda\\\/#listItem\",\"position\":2,\"name\":\"Agenda\",\"item\":\"https:\\\/\\\/candas365.es\\\/noticias\\\/category\\\/agenda\\\/\",\"nextItem\":{\"@type\":\"ListItem\",\"@id\":\"https:\\\/\\\/candas365.es\\\/noticias\\\/talleres-infantiles-y-visitas-esta-semana-santa-en-el-muja\\\/#listItem\",\"name\":\"Talleres infantiles y visitas esta Semana Santa en el MUJA\"},\"previousItem\":{\"@type\":\"ListItem\",\"@id\":\"https:\\\/\\\/candas365.es\\\/noticias#listItem\",\"name\":\"Home\"}},{\"@type\":\"ListItem\",\"@id\":\"https:\\\/\\\/candas365.es\\\/noticias\\\/talleres-infantiles-y-visitas-esta-semana-santa-en-el-muja\\\/#listItem\",\"position\":3,\"name\":\"Talleres infantiles y visitas esta Semana Santa en el MUJA\",\"previousItem\":{\"@type\":\"ListItem\",\"@id\":\"https:\\\/\\\/candas365.es\\\/noticias\\\/category\\\/agenda\\\/#listItem\",\"name\":\"Agenda\"}}]},{\"@type\":\"NewsArticle\",\"@id\":\"https:\\\/\\\/candas365.es\\\/noticias\\\/talleres-infantiles-y-visitas-esta-semana-santa-en-el-muja\\\/#newsarticle\",\"name\":\"Talleres infantiles y visitas esta Semana Santa en el MUJA | Cand\\u00e1s 365\",\"headline\":\"Talleres infantiles y visitas esta Semana Santa en el MUJA\",\"author\":{\"@id\":\"https:\\\/\\\/candas365.es\\\/noticias\\\/author\\\/admin\\\/#author\"},\"publisher\":{\"@id\":\"https:\\\/\\\/candas365.es\\\/noticias\\\/#organization\"},\"image\":{\"@type\":\"ImageObject\",\"url\":\"https:\\\/\\\/candas365.es\\\/noticias\\\/wp-content\\\/uploads\\\/2017\\\/04\\\/MUJA.jpg\",\"width\":1280,\"height\":853},\"datePublished\":\"2019-04-11T05:37:34+02:00\",\"dateModified\":\"2019-04-11T05:37:34+02:00\",\"inLanguage\":\"es-ES\",\"mainEntityOfPage\":{\"@id\":\"https:\\\/\\\/candas365.es\\\/noticias\\\/talleres-infantiles-y-visitas-esta-semana-santa-en-el-muja\\\/#webpage\"},\"isPartOf\":{\"@id\":\"https:\\\/\\\/candas365.es\\\/noticias\\\/talleres-infantiles-y-visitas-esta-semana-santa-en-el-muja\\\/#webpage\"},\"articleSection\":\"Agenda\",\"dateline\":\"Publicado el abril 11, 2019.\"},{\"@type\":\"Organization\",\"@id\":\"https:\\\/\\\/candas365.es\\\/noticias\\\/#organization\",\"name\":\"Cand\\u00e1s 365\",\"description\":\"Cand\\u00e1s 365 es un diario digital independiente, fundado en 2012, con base en Asturias. Informamos con rigor sobre actualidad, sociedad, cultura y ocio, con una mirada local y global.\",\"url\":\"https:\\\/\\\/candas365.es\\\/noticias\\\/\",\"email\":\"info@candas365.es\",\"telephone\":\"+34652131393\",\"foundingDate\":\"2012-06-10\",\"logo\":{\"@type\":\"ImageObject\",\"url\":\"https:\\\/\\\/candas365.es\\\/noticias\\\/wp-content\\\/uploads\\\/2024\\\/09\\\/Candas-365-Redes.jpg\",\"@id\":\"https:\\\/\\\/candas365.es\\\/noticias\\\/talleres-infantiles-y-visitas-esta-semana-santa-en-el-muja\\\/#organizationLogo\",\"width\":1152,\"height\":864,\"caption\":\"Cand\\u00e1s 365 Redes\"},\"image\":{\"@id\":\"https:\\\/\\\/candas365.es\\\/noticias\\\/talleres-infantiles-y-visitas-esta-semana-santa-en-el-muja\\\/#organizationLogo\"},\"sameAs\":[\"https:\\\/\\\/www.facebook.com\\\/Nachofdezber\",\"https:\\\/\\\/x.com\\\/NabercoDigital\",\"https:\\\/\\\/www.instagram.com\\\/nachofdezber\\\/\",\"https:\\\/\\\/www.youtube.com\\\/channel\\\/UCZP-2wLEB9Rv6erhFmqVnvg\"],\"address\":{\"@id\":\"https:\\\/\\\/candas365.es\\\/noticias\\\/#postaladdress\",\"@type\":\"PostalAddress\",\"streetAddress\":\"san antonio 4, san antonio 4\",\"postalCode\":\"33430\",\"addressLocality\":\"Cand\\u00e1s\",\"addressRegion\":\"Asturias\",\"addressCountry\":\"ES\"}},{\"@type\":\"Person\",\"@id\":\"https:\\\/\\\/candas365.es\\\/noticias\\\/author\\\/admin\\\/#author\",\"url\":\"https:\\\/\\\/candas365.es\\\/noticias\\\/author\\\/admin\\\/\",\"name\":\"Cand\\u00e1s 365\",\"image\":{\"@type\":\"ImageObject\",\"@id\":\"https:\\\/\\\/candas365.es\\\/noticias\\\/talleres-infantiles-y-visitas-esta-semana-santa-en-el-muja\\\/#authorImage\",\"url\":\"https:\\\/\\\/secure.gravatar.com\\\/avatar\\\/496a8e03d0c493ede1718b7934145dbdf8d89be1036b0eec9544e1094c9de390?s=96&d=mm&r=g\",\"width\":96,\"height\":96,\"caption\":\"Cand\\u00e1s 365\"},\"sameAs\":[\"https:\\\/\\\/www.facebook.com\\\/carrenoactualidad\",\"https:\\\/\\\/twitter.com\\\/nbasturias\",\"https:\\\/\\\/www.instagram.com\\\/nachofdezber\\\/\",\"https:\\\/\\\/www.youtube.com\\\/channel\\\/UCZP-2wLEB9Rv6erhFmqVnvg\"]},{\"@type\":\"WebPage\",\"@id\":\"https:\\\/\\\/candas365.es\\\/noticias\\\/talleres-infantiles-y-visitas-esta-semana-santa-en-el-muja\\\/#webpage\",\"url\":\"https:\\\/\\\/candas365.es\\\/noticias\\\/talleres-infantiles-y-visitas-esta-semana-santa-en-el-muja\\\/\",\"name\":\"Talleres infantiles y visitas esta Semana Santa en el MUJA | Cand\\u00e1s 365\",\"description\":\"El Museo del Jur\\u00e1sico de Asturias (MUJA) ofrece esta Semana Santa talleres para el p\\u00fablico infantil y visitas para conocer el fascinante mundo de los dinosaurios y de la evoluci\\u00f3n de la vida en el planeta. El p\\u00fablico infantil de 4 a 11 a\\u00f1os podr\\u00e1 hacer su \\u201cEscala del tiempo\\u201d para descubrir cu\\u00e1ntos a\\u00f1os tiene\",\"inLanguage\":\"es-ES\",\"isPartOf\":{\"@id\":\"https:\\\/\\\/candas365.es\\\/noticias\\\/#website\"},\"breadcrumb\":{\"@id\":\"https:\\\/\\\/candas365.es\\\/noticias\\\/talleres-infantiles-y-visitas-esta-semana-santa-en-el-muja\\\/#breadcrumblist\"},\"author\":{\"@id\":\"https:\\\/\\\/candas365.es\\\/noticias\\\/author\\\/admin\\\/#author\"},\"creator\":{\"@id\":\"https:\\\/\\\/candas365.es\\\/noticias\\\/author\\\/admin\\\/#author\"},\"image\":{\"@type\":\"ImageObject\",\"url\":\"https:\\\/\\\/candas365.es\\\/noticias\\\/wp-content\\\/uploads\\\/2017\\\/04\\\/MUJA.jpg\",\"@id\":\"https:\\\/\\\/candas365.es\\\/noticias\\\/talleres-infantiles-y-visitas-esta-semana-santa-en-el-muja\\\/#mainImage\",\"width\":1280,\"height\":853},\"primaryImageOfPage\":{\"@id\":\"https:\\\/\\\/candas365.es\\\/noticias\\\/talleres-infantiles-y-visitas-esta-semana-santa-en-el-muja\\\/#mainImage\"},\"datePublished\":\"2019-04-11T05:37:34+02:00\",\"dateModified\":\"2019-04-11T05:37:34+02:00\"},{\"@type\":\"WebSite\",\"@id\":\"https:\\\/\\\/candas365.es\\\/noticias\\\/#website\",\"url\":\"https:\\\/\\\/candas365.es\\\/noticias\\\/\",\"name\":\"Cand\\u00e1s 365\",\"alternateName\":\"Cand\\u00e1s 365 Noticias\",\"description\":\"Actualidad desde Carre\\u00f1o para el mundo\",\"inLanguage\":\"es-ES\",\"publisher\":{\"@id\":\"https:\\\/\\\/candas365.es\\\/noticias\\\/#organization\"}}]}\n\t\t<\/script>\n\t\t<!-- All in One SEO Pro -->\r\n\t\t<title>Talleres infantiles y visitas esta Semana Santa en el MUJA | Cand\u00e1s 365<\/title>\n\n","aioseo_head_json":{"title":"Talleres infantiles y visitas esta Semana Santa en el MUJA | Cand\u00e1s 365","description":"El Museo del Jur\u00e1sico de Asturias (MUJA) ofrece esta Semana Santa talleres para el p\u00fablico infantil y visitas para conocer el fascinante mundo de los dinosaurios y de la evoluci\u00f3n de la vida en el planeta. El p\u00fablico infantil de 4 a 11 a\u00f1os podr\u00e1 hacer su \u201cEscala del tiempo\u201d para descubrir cu\u00e1ntos a\u00f1os tiene","canonical_url":"https:\/\/candas365.es\/noticias\/talleres-infantiles-y-visitas-esta-semana-santa-en-el-muja\/","robots":"max-image-preview:large","keywords":"agenda","webmasterTools":{"google-site-verification":"UA-32230408-1","msvalidate.01":"354F3CDFB2DA171B47FBE9ABF1F88D5","miscellaneous":""},"schema":{"@context":"https:\/\/schema.org","@graph":[{"@type":"BreadcrumbList","@id":"https:\/\/candas365.es\/noticias\/talleres-infantiles-y-visitas-esta-semana-santa-en-el-muja\/#breadcrumblist","itemListElement":[{"@type":"ListItem","@id":"https:\/\/candas365.es\/noticias#listItem","position":1,"name":"Home","item":"https:\/\/candas365.es\/noticias","nextItem":{"@type":"ListItem","@id":"https:\/\/candas365.es\/noticias\/category\/agenda\/#listItem","name":"Agenda"}},{"@type":"ListItem","@id":"https:\/\/candas365.es\/noticias\/category\/agenda\/#listItem","position":2,"name":"Agenda","item":"https:\/\/candas365.es\/noticias\/category\/agenda\/","nextItem":{"@type":"ListItem","@id":"https:\/\/candas365.es\/noticias\/talleres-infantiles-y-visitas-esta-semana-santa-en-el-muja\/#listItem","name":"Talleres infantiles y visitas esta Semana Santa en el MUJA"},"previousItem":{"@type":"ListItem","@id":"https:\/\/candas365.es\/noticias#listItem","name":"Home"}},{"@type":"ListItem","@id":"https:\/\/candas365.es\/noticias\/talleres-infantiles-y-visitas-esta-semana-santa-en-el-muja\/#listItem","position":3,"name":"Talleres infantiles y visitas esta Semana Santa en el MUJA","previousItem":{"@type":"ListItem","@id":"https:\/\/candas365.es\/noticias\/category\/agenda\/#listItem","name":"Agenda"}}]},{"@type":"NewsArticle","@id":"https:\/\/candas365.es\/noticias\/talleres-infantiles-y-visitas-esta-semana-santa-en-el-muja\/#newsarticle","name":"Talleres infantiles y visitas esta Semana Santa en el MUJA | Cand\u00e1s 365","headline":"Talleres infantiles y visitas esta Semana Santa en el MUJA","author":{"@id":"https:\/\/candas365.es\/noticias\/author\/admin\/#author"},"publisher":{"@id":"https:\/\/candas365.es\/noticias\/#organization"},"image":{"@type":"ImageObject","url":"https:\/\/candas365.es\/noticias\/wp-content\/uploads\/2017\/04\/MUJA.jpg","width":1280,"height":853},"datePublished":"2019-04-11T05:37:34+02:00","dateModified":"2019-04-11T05:37:34+02:00","inLanguage":"es-ES","mainEntityOfPage":{"@id":"https:\/\/candas365.es\/noticias\/talleres-infantiles-y-visitas-esta-semana-santa-en-el-muja\/#webpage"},"isPartOf":{"@id":"https:\/\/candas365.es\/noticias\/talleres-infantiles-y-visitas-esta-semana-santa-en-el-muja\/#webpage"},"articleSection":"Agenda","dateline":"Publicado el abril 11, 2019."},{"@type":"Organization","@id":"https:\/\/candas365.es\/noticias\/#organization","name":"Cand\u00e1s 365","description":"Cand\u00e1s 365 es un diario digital independiente, fundado en 2012, con base en Asturias. Informamos con rigor sobre actualidad, sociedad, cultura y ocio, con una mirada local y global.","url":"https:\/\/candas365.es\/noticias\/","email":"info@candas365.es","telephone":"+34652131393","foundingDate":"2012-06-10","logo":{"@type":"ImageObject","url":"https:\/\/candas365.es\/noticias\/wp-content\/uploads\/2024\/09\/Candas-365-Redes.jpg","@id":"https:\/\/candas365.es\/noticias\/talleres-infantiles-y-visitas-esta-semana-santa-en-el-muja\/#organizationLogo","width":1152,"height":864,"caption":"Cand\u00e1s 365 Redes"},"image":{"@id":"https:\/\/candas365.es\/noticias\/talleres-infantiles-y-visitas-esta-semana-santa-en-el-muja\/#organizationLogo"},"sameAs":["https:\/\/www.facebook.com\/Nachofdezber","https:\/\/x.com\/NabercoDigital","https:\/\/www.instagram.com\/nachofdezber\/","https:\/\/www.youtube.com\/channel\/UCZP-2wLEB9Rv6erhFmqVnvg"],"address":{"@id":"https:\/\/candas365.es\/noticias\/#postaladdress","@type":"PostalAddress","streetAddress":"san antonio 4, san antonio 4","postalCode":"33430","addressLocality":"Cand\u00e1s","addressRegion":"Asturias","addressCountry":"ES"}},{"@type":"Person","@id":"https:\/\/candas365.es\/noticias\/author\/admin\/#author","url":"https:\/\/candas365.es\/noticias\/author\/admin\/","name":"Cand\u00e1s 365","image":{"@type":"ImageObject","@id":"https:\/\/candas365.es\/noticias\/talleres-infantiles-y-visitas-esta-semana-santa-en-el-muja\/#authorImage","url":"https:\/\/secure.gravatar.com\/avatar\/496a8e03d0c493ede1718b7934145dbdf8d89be1036b0eec9544e1094c9de390?s=96&d=mm&r=g","width":96,"height":96,"caption":"Cand\u00e1s 365"},"sameAs":["https:\/\/www.facebook.com\/carrenoactualidad","https:\/\/twitter.com\/nbasturias","https:\/\/www.instagram.com\/nachofdezber\/","https:\/\/www.youtube.com\/channel\/UCZP-2wLEB9Rv6erhFmqVnvg"]},{"@type":"WebPage","@id":"https:\/\/candas365.es\/noticias\/talleres-infantiles-y-visitas-esta-semana-santa-en-el-muja\/#webpage","url":"https:\/\/candas365.es\/noticias\/talleres-infantiles-y-visitas-esta-semana-santa-en-el-muja\/","name":"Talleres infantiles y visitas esta Semana Santa en el MUJA | Cand\u00e1s 365","description":"El Museo del Jur\u00e1sico de Asturias (MUJA) ofrece esta Semana Santa talleres para el p\u00fablico infantil y visitas para conocer el fascinante mundo de los dinosaurios y de la evoluci\u00f3n de la vida en el planeta. El p\u00fablico infantil de 4 a 11 a\u00f1os podr\u00e1 hacer su \u201cEscala del tiempo\u201d para descubrir cu\u00e1ntos a\u00f1os tiene","inLanguage":"es-ES","isPartOf":{"@id":"https:\/\/candas365.es\/noticias\/#website"},"breadcrumb":{"@id":"https:\/\/candas365.es\/noticias\/talleres-infantiles-y-visitas-esta-semana-santa-en-el-muja\/#breadcrumblist"},"author":{"@id":"https:\/\/candas365.es\/noticias\/author\/admin\/#author"},"creator":{"@id":"https:\/\/candas365.es\/noticias\/author\/admin\/#author"},"image":{"@type":"ImageObject","url":"https:\/\/candas365.es\/noticias\/wp-content\/uploads\/2017\/04\/MUJA.jpg","@id":"https:\/\/candas365.es\/noticias\/talleres-infantiles-y-visitas-esta-semana-santa-en-el-muja\/#mainImage","width":1280,"height":853},"primaryImageOfPage":{"@id":"https:\/\/candas365.es\/noticias\/talleres-infantiles-y-visitas-esta-semana-santa-en-el-muja\/#mainImage"},"datePublished":"2019-04-11T05:37:34+02:00","dateModified":"2019-04-11T05:37:34+02:00"},{"@type":"WebSite","@id":"https:\/\/candas365.es\/noticias\/#website","url":"https:\/\/candas365.es\/noticias\/","name":"Cand\u00e1s 365","alternateName":"Cand\u00e1s 365 Noticias","description":"Actualidad desde Carre\u00f1o para el mundo","inLanguage":"es-ES","publisher":{"@id":"https:\/\/candas365.es\/noticias\/#organization"}}]},"og:locale":"es_ES","og:site_name":"Cand\u00e1s 365","og:type":"article","og:title":"Talleres infantiles y visitas esta Semana Santa en el MUJA | Cand\u00e1s 365","og:description":"El Museo del Jur\u00e1sico de Asturias (MUJA) ofrece esta Semana Santa talleres para el p\u00fablico infantil y visitas para conocer el fascinante mundo de los dinosaurios y de la evoluci\u00f3n de la vida en el planeta. El p\u00fablico infantil de 4 a 11 a\u00f1os podr\u00e1 hacer su \u201cEscala del tiempo\u201d para descubrir cu\u00e1ntos a\u00f1os tiene","og:url":"https:\/\/candas365.es\/noticias\/talleres-infantiles-y-visitas-esta-semana-santa-en-el-muja\/","og:image":"https:\/\/candas365.es\/noticias\/wp-content\/uploads\/2017\/04\/MUJA.jpg","og:image:secure_url":"https:\/\/candas365.es\/noticias\/wp-content\/uploads\/2017\/04\/MUJA.jpg","og:image:width":1280,"og:image:height":853,"article:published_time":"2019-04-11T05:37:34+00:00","article:modified_time":"2019-04-11T05:37:34+00:00","article:publisher":"https:\/\/www.facebook.com\/Nachofdezber","article:author":"https:\/\/www.facebook.com\/carrenoactualidad","twitter:card":"summary_large_image","twitter:site":"@NabercoDigital","twitter:title":"Talleres infantiles y visitas esta Semana Santa en el MUJA | Cand\u00e1s 365","twitter:description":"El Museo del Jur\u00e1sico de Asturias (MUJA) ofrece esta Semana Santa talleres para el p\u00fablico infantil y visitas para conocer el fascinante mundo de los dinosaurios y de la evoluci\u00f3n de la vida en el planeta. El p\u00fablico infantil de 4 a 11 a\u00f1os podr\u00e1 hacer su \u201cEscala del tiempo\u201d para descubrir cu\u00e1ntos a\u00f1os tiene","twitter:creator":"@nbasturias","twitter:image":"https:\/\/candas365.es\/noticias\/wp-content\/uploads\/2017\/04\/MUJA.jpg","twitter:label1":"Escrito por","twitter:data1":"Cand\u00e1s 365","twitter:label2":"Tiempo de lectura estimado","twitter:data2":"2 minutos"},"aioseo_meta_data":{"post_id":"120522","title":null,"description":null,"keywords":null,"keyphrases":null,"primary_term":null,"canonical_url":null,"og_title":null,"og_description":null,"og_object_type":"default","og_image_type":"default","og_image_url":null,"og_image_width":null,"og_image_height":null,"og_image_custom_url":null,"og_image_custom_fields":null,"og_video":null,"og_custom_url":null,"og_article_section":null,"og_article_tags":null,"twitter_use_og":false,"twitter_card":"default","twitter_image_type":"default","twitter_image_url":null,"twitter_image_custom_url":null,"twitter_image_custom_fields":null,"twitter_title":null,"twitter_description":null,"schema":{"blockGraphs":[],"customGraphs":[],"default":{"data":{"Article":[],"Course":[],"Dataset":[],"FAQPage":[],"Movie":[],"Person":[],"Product":[],"ProductReview":[],"Car":[],"Recipe":[],"Service":[],"SoftwareApplication":[],"WebPage":[]},"graphName":"","isEnabled":true},"graphs":[]},"schema_type":null,"schema_type_options":null,"pillar_content":false,"robots_default":true,"robots_noindex":false,"robots_noarchive":false,"robots_nosnippet":false,"robots_nofollow":false,"robots_noimageindex":false,"robots_noodp":false,"robots_notranslate":false,"robots_max_snippet":null,"robots_max_videopreview":null,"robots_max_imagepreview":"large","priority":null,"frequency":null,"location":null,"local_seo":null,"seo_analyzer_scan_date":"2025-08-29 17:35:17","breadcrumb_settings":null,"limit_modified_date":false,"reviewed_by":null,"open_ai":null,"ai":null,"created":"2020-12-21 10:58:49","updated":"2025-08-29 17:35:17"},"aioseo_breadcrumb":"<div class=\"aioseo-breadcrumbs\"><span class=\"aioseo-breadcrumb\">\n\t<a href=\"https:\/\/candas365.es\/noticias\" title=\"Home\">Home<\/a>\n<\/span><span class=\"aioseo-breadcrumb-separator\">&ndash;<\/span><span class=\"aioseo-breadcrumb\">\n\t<a href=\"https:\/\/candas365.es\/noticias\/category\/agenda\/\" title=\"Agenda\">Agenda<\/a>\n<\/span><span class=\"aioseo-breadcrumb-separator\">&ndash;<\/span><span class=\"aioseo-breadcrumb\">\n\tTalleres infantiles y visitas esta Semana Santa en el MUJA\n<\/span><\/div>","aioseo_breadcrumb_json":[{"label":"Home","link":"https:\/\/candas365.es\/noticias"},{"label":"Agenda","link":"https:\/\/candas365.es\/noticias\/category\/agenda\/"},{"label":"Talleres infantiles y visitas esta Semana Santa en el MUJA","link":"https:\/\/candas365.es\/noticias\/talleres-infantiles-y-visitas-esta-semana-santa-en-el-muja\/"}],"_links":{"self":[{"href":"https:\/\/candas365.es\/noticias\/wp-json\/wp\/v2\/posts\/120522","targetHints":{"allow":["GET"]}}],"collection":[{"href":"https:\/\/candas365.es\/noticias\/wp-json\/wp\/v2\/posts"}],"about":[{"href":"https:\/\/candas365.es\/noticias\/wp-json\/wp\/v2\/types\/post"}],"author":[{"embeddable":true,"href":"https:\/\/candas365.es\/noticias\/wp-json\/wp\/v2\/users\/1"}],"replies":[{"embeddable":true,"href":"https:\/\/candas365.es\/noticias\/wp-json\/wp\/v2\/comments?post=120522"}],"version-history":[{"count":0,"href":"https:\/\/candas365.es\/noticias\/wp-json\/wp\/v2\/posts\/120522\/revisions"}],"wp:featuredmedia":[{"embeddable":true,"href":"https:\/\/candas365.es\/noticias\/wp-json\/wp\/v2\/media\/46132"}],"wp:attachment":[{"href":"https:\/\/candas365.es\/noticias\/wp-json\/wp\/v2\/media?parent=120522"}],"wp:term":[{"taxonomy":"category","embeddable":true,"href":"https:\/\/candas365.es\/noticias\/wp-json\/wp\/v2\/categories?post=120522"},{"taxonomy":"post_tag","embeddable":true,"href":"https:\/\/candas365.es\/noticias\/wp-json\/wp\/v2\/tags?post=120522"}],"curies":[{"name":"wp","href":"https:\/\/api.w.org\/{rel}","templated":true}]}}