{"id":120501,"date":"2019-04-11T04:04:13","date_gmt":"2019-04-11T04:04:13","guid":{"rendered":"http:\/\/candas365.es\/noticias\/?p=120501"},"modified":"2019-04-11T04:04:13","modified_gmt":"2019-04-11T04:04:13","slug":"un-nuevo-test-de-synlab-permite-conocer-si-existe-predisposicion-genetica-a-la-celiaquia-e-intolerancia-a-la-lactosa","status":"publish","type":"post","link":"https:\/\/candas365.es\/noticias\/un-nuevo-test-de-synlab-permite-conocer-si-existe-predisposicion-genetica-a-la-celiaquia-e-intolerancia-a-la-lactosa\/","title":{"rendered":"Un nuevo test de Synlab permite conocer si existe predisposici\u00f3n gen\u00e9tica a la celiaqu\u00eda e intolerancia a la lactosa"},"content":{"rendered":"<p><img fetchpriority=\"high\" decoding=\"async\" class=\"alignleft size-medium wp-image-120502\" src=\"https:\/\/candas365.es\/noticias\/wp-content\/uploads\/2019\/04\/1554906472_0904_NPIntolerancia_cel_-360x203.jpg\" alt=\"\" width=\"360\" height=\"203\" srcset=\"https:\/\/candas365.es\/noticias\/wp-content\/uploads\/2019\/04\/1554906472_0904_NPIntolerancia_cel_-360x203.jpg 360w, https:\/\/candas365.es\/noticias\/wp-content\/uploads\/2019\/04\/1554906472_0904_NPIntolerancia_cel_-768x432.jpg 768w, https:\/\/candas365.es\/noticias\/wp-content\/uploads\/2019\/04\/1554906472_0904_NPIntolerancia_cel_-655x368.jpg 655w, https:\/\/candas365.es\/noticias\/wp-content\/uploads\/2019\/04\/1554906472_0904_NPIntolerancia_cel_-696x392.jpg 696w, https:\/\/candas365.es\/noticias\/wp-content\/uploads\/2019\/04\/1554906472_0904_NPIntolerancia_cel_-1068x601.jpg 1068w, https:\/\/candas365.es\/noticias\/wp-content\/uploads\/2019\/04\/1554906472_0904_NPIntolerancia_cel_-747x420.jpg 747w, https:\/\/candas365.es\/noticias\/wp-content\/uploads\/2019\/04\/1554906472_0904_NPIntolerancia_cel_.jpg 1200w\" sizes=\"(max-width: 360px) 100vw, 360px\" \/>Esta prueba est\u00e1 especialmente recomendada en personas con sospecha cl\u00ednica de celiaqu\u00eda y estudio serol\u00f3gico negativo antes de realizar la biopsia, y en aquellas que tienen sintomatolog\u00eda compatible con enfermedad celiaca o con intolerancia a la lactosa.<\/p>\n<p>La enfermedad cel\u00edaca afecta a cerca del 1% de la poblaci\u00f3n europea, y es m\u00e1s frecuente en las mujeres con una proporci\u00f3n del doble que los hombres. Adem\u00e1s, son cada vez m\u00e1s las personas que presentan molestias digestivas originadas tras la ingesti\u00f3n de determinados alimentos. Los alimentos que m\u00e1s frecuentemente se relacionan con estas molestias digestivas son alimentos derivados de cereales y de l\u00e1cteos.<\/p>\n<p><strong>Enfermedad cel\u00edaca<\/strong><\/p>\n<p>La celiaqu\u00eda se debe a la intolerancia al gluten, un conjunto de prote\u00ednas presentes en la mayor\u00eda de los cereales. Se caracteriza por una reacci\u00f3n inflamatoria en la mucosa del intestino delgado, provocada por una respuesta inmunitaria, que dificulta la absorci\u00f3n de macro y micronutrientes. Los s\u00edntomas m\u00e1s frecuentes son la p\u00e9rdida de peso y apetito, fatiga, n\u00e1useas, v\u00f3mitos, diarrea, distensi\u00f3n y dolor abdominal, p\u00e9rdida de masa muscular y retraso del crecimiento entre otros. El tratamiento consiste en el seguimiento de una dieta estricta sin gluten que debe continuar durante toda la vida. Eliminando el gluten de la dieta se produce la normalizaci\u00f3n cl\u00ednica y funcional, repar\u00e1ndose los da\u00f1os causados en las vellosidades intestinales. Sin embargo, esta dieta de exclusi\u00f3n es compleja, ya que el gluten est\u00e1 presente en el 80% de los alimentos s\u00f3lidos manufacturados.<\/p>\n<p><strong>Intolerancia primaria a la lactos<\/strong><\/p>\n<p>En ocasiones, las personas presentan dolor y distensi\u00f3n abdominal, hinchaz\u00f3n, gases y diarrea, tras el consumo de l\u00e1cteos. Estos s\u00edntomas pueden estar originados por la incapacidad de metabolizar la lactosa, el az\u00facar principal de la leche. La lactosa es hidrolizada en el organismo a trav\u00e9s de una enzima denominada <em>lactasa\u00a0<\/em>dando lugar a glucosa y galactosa que se absorben a nivel intestinal. Cuando la lactosa no es hidrolizada, pasa al intestino grueso provocando los s\u00edntomas.<\/p>\n<p>La intolerancia primaria a la lactosa o hipolactasia adquirida es la causa m\u00e1s com\u00fan de intolerancia a la lactosa en el adulto y tiene un origen gen\u00e9tico. Se estima que aproximadamente el 75% de la poblaci\u00f3n pierde la capacidad de digerir lactosa en alg\u00fan momento de su vida. La p\u00e9rdida de la actividad est\u00e1 asociada a la edad, pudi\u00e9ndose observar una reducci\u00f3n de dicha actividad a partir de los 3-5 a\u00f1os, aunque lo m\u00e1s frecuente es que ocurra en la edad adulta.<\/p>\n<p><strong>INTOLERANCE2\u00a0<\/strong><\/p>\n<p>La prueba <strong>INTOLERANCE2\u00a0<\/strong>permite conocer en un solo an\u00e1lisis si existe predisposici\u00f3n gen\u00e9tica a la celiaqu\u00eda y\/o a la intolerancia primaria a la lactosa. Esta predisposici\u00f3n se determina mediante el estudio de los haplotipos de riesgo HLA-DQ2 y HLA- DQ8. El 90% de los pacientes con enfermedad cel\u00edaca son HLA-DQ2 positivos, mientras que el resto poseen variantes al\u00e9licas que codifican HLA-DQ8 sin HLA-DQ2 (6%) o un solo alelo del HLA-DQ2. Por tanto, la ausencia de los haplotipos estudiados hace que el diagn\u00f3stico de celiaqu\u00eda sea muy poco probable.<\/p>\n<p>La\u00a0<strong>intolerancia a la lactosa\u00a0<\/strong>se determina mediante el an\u00e1lisis de la regi\u00f3n promotora del gen LTC situada en el gen MCM6. La prueba\u00a0<strong>INTOLERANCE2\u00a0<\/strong>analiza el polimorfismo -13910 (rs4988235) en el gen MCM6, responsable del 90% de los casos de intolerancia primaria a la lactosa en poblaci\u00f3n cauc\u00e1sica.<\/p>\n","protected":false},"excerpt":{"rendered":"<p>Esta prueba est\u00e1 especialmente recomendada en personas con sospecha cl\u00ednica de celiaqu\u00eda y estudio serol\u00f3gico negativo antes de realizar la biopsia, y en aquellas que tienen sintomatolog\u00eda compatible con enfermedad celiaca o con intolerancia a la lactosa. La enfermedad cel\u00edaca afecta a cerca del 1% de la poblaci\u00f3n europea, y es m\u00e1s frecuente en las<\/p>\n","protected":false},"author":1,"featured_media":120502,"comment_status":"closed","ping_status":"closed","sticky":false,"template":"","format":"standard","meta":{"footnotes":""},"categories":[143],"tags":[],"class_list":{"0":"post-120501","1":"post","2":"type-post","3":"status-publish","4":"format-standard","5":"has-post-thumbnail","7":"category-sociedad"},"aioseo_notices":[],"aioseo_head":"\n\t\t<!-- All in One SEO Pro 4.9.6.2 - aioseo.com -->\n\t<meta name=\"description\" content=\"Esta prueba est\u00e1 especialmente recomendada en personas con sospecha cl\u00ednica de celiaqu\u00eda y estudio serol\u00f3gico negativo antes de realizar la biopsia, y en aquellas que tienen sintomatolog\u00eda compatible con enfermedad celiaca o con intolerancia a la lactosa. La enfermedad cel\u00edaca afecta a cerca del 1% de la poblaci\u00f3n europea, y es m\u00e1s frecuente en las\" \/>\n\t<meta name=\"robots\" content=\"max-image-preview:large\" \/>\n\t<meta name=\"author\" content=\"Cand\u00e1s 365\"\/>\n\t<meta name=\"google-site-verification\" content=\"UA-32230408-1\" \/>\n\t<meta name=\"msvalidate.01\" content=\"354F3CDFB2DA171B47FBE9ABF1F88D5\" \/>\n\t<meta name=\"keywords\" content=\"sociedad\" \/>\n\t<link rel=\"canonical\" href=\"https:\/\/candas365.es\/noticias\/un-nuevo-test-de-synlab-permite-conocer-si-existe-predisposicion-genetica-a-la-celiaquia-e-intolerancia-a-la-lactosa\/\" \/>\n\t<meta name=\"generator\" content=\"All in One SEO Pro (AIOSEO) 4.9.6.2\" \/>\n\t\t<meta property=\"og:locale\" content=\"es_ES\" \/>\n\t\t<meta property=\"og:site_name\" content=\"Cand\u00e1s 365\" \/>\n\t\t<meta property=\"og:type\" content=\"article\" \/>\n\t\t<meta property=\"og:title\" content=\"Un nuevo test de Synlab permite conocer si existe predisposici\u00f3n gen\u00e9tica a la celiaqu\u00eda e intolerancia a la lactosa | Cand\u00e1s 365\" \/>\n\t\t<meta property=\"og:description\" content=\"Esta prueba est\u00e1 especialmente recomendada en personas con sospecha cl\u00ednica de celiaqu\u00eda y estudio serol\u00f3gico negativo antes de realizar la biopsia, y en aquellas que tienen sintomatolog\u00eda compatible con enfermedad celiaca o con intolerancia a la lactosa. La enfermedad cel\u00edaca afecta a cerca del 1% de la poblaci\u00f3n europea, y es m\u00e1s frecuente en las\" \/>\n\t\t<meta property=\"og:url\" content=\"https:\/\/candas365.es\/noticias\/un-nuevo-test-de-synlab-permite-conocer-si-existe-predisposicion-genetica-a-la-celiaquia-e-intolerancia-a-la-lactosa\/\" \/>\n\t\t<meta property=\"og:image\" content=\"https:\/\/candas365.es\/noticias\/wp-content\/uploads\/2019\/04\/1554906472_0904_NPIntolerancia_cel_.jpg\" \/>\n\t\t<meta property=\"og:image:secure_url\" content=\"https:\/\/candas365.es\/noticias\/wp-content\/uploads\/2019\/04\/1554906472_0904_NPIntolerancia_cel_.jpg\" \/>\n\t\t<meta property=\"og:image:width\" content=\"1200\" \/>\n\t\t<meta property=\"og:image:height\" content=\"675\" \/>\n\t\t<meta property=\"article:published_time\" content=\"2019-04-11T04:04:13+00:00\" \/>\n\t\t<meta property=\"article:modified_time\" content=\"2019-04-11T04:04:13+00:00\" \/>\n\t\t<meta property=\"article:publisher\" content=\"https:\/\/www.facebook.com\/Nachofdezber\" \/>\n\t\t<meta property=\"article:author\" content=\"https:\/\/www.facebook.com\/carrenoactualidad\" \/>\n\t\t<meta name=\"twitter:card\" content=\"summary_large_image\" \/>\n\t\t<meta name=\"twitter:site\" content=\"@NabercoDigital\" \/>\n\t\t<meta name=\"twitter:title\" content=\"Un nuevo test de Synlab permite conocer si existe predisposici\u00f3n gen\u00e9tica a la celiaqu\u00eda e intolerancia a la lactosa | Cand\u00e1s 365\" \/>\n\t\t<meta name=\"twitter:description\" content=\"Esta prueba est\u00e1 especialmente recomendada en personas con sospecha cl\u00ednica de celiaqu\u00eda y estudio serol\u00f3gico negativo antes de realizar la biopsia, y en aquellas que tienen sintomatolog\u00eda compatible con enfermedad celiaca o con intolerancia a la lactosa. La enfermedad cel\u00edaca afecta a cerca del 1% de la poblaci\u00f3n europea, y es m\u00e1s frecuente en las\" \/>\n\t\t<meta name=\"twitter:creator\" content=\"@nbasturias\" \/>\n\t\t<meta name=\"twitter:image\" content=\"https:\/\/candas365.es\/noticias\/wp-content\/uploads\/2019\/04\/1554906472_0904_NPIntolerancia_cel_.jpg\" \/>\n\t\t<meta name=\"twitter:label1\" content=\"Escrito por\" \/>\n\t\t<meta name=\"twitter:data1\" content=\"Cand\u00e1s 365\" \/>\n\t\t<meta name=\"twitter:label2\" content=\"Tiempo de lectura estimado\" \/>\n\t\t<meta name=\"twitter:data2\" content=\"3 minutos\" \/>\n\t\t<script type=\"application\/ld+json\" class=\"aioseo-schema\">\n\t\t\t{\"@context\":\"https:\\\/\\\/schema.org\",\"@graph\":[{\"@type\":\"BreadcrumbList\",\"@id\":\"https:\\\/\\\/candas365.es\\\/noticias\\\/un-nuevo-test-de-synlab-permite-conocer-si-existe-predisposicion-genetica-a-la-celiaquia-e-intolerancia-a-la-lactosa\\\/#breadcrumblist\",\"itemListElement\":[{\"@type\":\"ListItem\",\"@id\":\"https:\\\/\\\/candas365.es\\\/noticias#listItem\",\"position\":1,\"name\":\"Home\",\"item\":\"https:\\\/\\\/candas365.es\\\/noticias\",\"nextItem\":{\"@type\":\"ListItem\",\"@id\":\"https:\\\/\\\/candas365.es\\\/noticias\\\/category\\\/sociedad\\\/#listItem\",\"name\":\"Sociedad\"}},{\"@type\":\"ListItem\",\"@id\":\"https:\\\/\\\/candas365.es\\\/noticias\\\/category\\\/sociedad\\\/#listItem\",\"position\":2,\"name\":\"Sociedad\",\"item\":\"https:\\\/\\\/candas365.es\\\/noticias\\\/category\\\/sociedad\\\/\",\"nextItem\":{\"@type\":\"ListItem\",\"@id\":\"https:\\\/\\\/candas365.es\\\/noticias\\\/un-nuevo-test-de-synlab-permite-conocer-si-existe-predisposicion-genetica-a-la-celiaquia-e-intolerancia-a-la-lactosa\\\/#listItem\",\"name\":\"Un nuevo test de Synlab permite conocer si existe predisposici\\u00f3n gen\\u00e9tica a la celiaqu\\u00eda e intolerancia a la lactosa\"},\"previousItem\":{\"@type\":\"ListItem\",\"@id\":\"https:\\\/\\\/candas365.es\\\/noticias#listItem\",\"name\":\"Home\"}},{\"@type\":\"ListItem\",\"@id\":\"https:\\\/\\\/candas365.es\\\/noticias\\\/un-nuevo-test-de-synlab-permite-conocer-si-existe-predisposicion-genetica-a-la-celiaquia-e-intolerancia-a-la-lactosa\\\/#listItem\",\"position\":3,\"name\":\"Un nuevo test de Synlab permite conocer si existe predisposici\\u00f3n gen\\u00e9tica a la celiaqu\\u00eda e intolerancia a la lactosa\",\"previousItem\":{\"@type\":\"ListItem\",\"@id\":\"https:\\\/\\\/candas365.es\\\/noticias\\\/category\\\/sociedad\\\/#listItem\",\"name\":\"Sociedad\"}}]},{\"@type\":\"NewsArticle\",\"@id\":\"https:\\\/\\\/candas365.es\\\/noticias\\\/un-nuevo-test-de-synlab-permite-conocer-si-existe-predisposicion-genetica-a-la-celiaquia-e-intolerancia-a-la-lactosa\\\/#newsarticle\",\"name\":\"Un nuevo test de Synlab permite conocer si existe predisposici\\u00f3n gen\\u00e9tica a la celiaqu\\u00eda e intolerancia a la lactosa | Cand\\u00e1s 365\",\"headline\":\"Un nuevo test de Synlab permite conocer si existe predisposici\\u00f3n gen\\u00e9tica a la celiaqu\\u00eda e intolerancia a la lactosa\",\"author\":{\"@id\":\"https:\\\/\\\/candas365.es\\\/noticias\\\/author\\\/admin\\\/#author\"},\"publisher\":{\"@id\":\"https:\\\/\\\/candas365.es\\\/noticias\\\/#organization\"},\"image\":{\"@type\":\"ImageObject\",\"url\":\"https:\\\/\\\/candas365.es\\\/noticias\\\/wp-content\\\/uploads\\\/2019\\\/04\\\/1554906472_0904_NPIntolerancia_cel_.jpg\",\"width\":1200,\"height\":675},\"datePublished\":\"2019-04-11T04:04:13+02:00\",\"dateModified\":\"2019-04-11T04:04:13+02:00\",\"inLanguage\":\"es-ES\",\"mainEntityOfPage\":{\"@id\":\"https:\\\/\\\/candas365.es\\\/noticias\\\/un-nuevo-test-de-synlab-permite-conocer-si-existe-predisposicion-genetica-a-la-celiaquia-e-intolerancia-a-la-lactosa\\\/#webpage\"},\"isPartOf\":{\"@id\":\"https:\\\/\\\/candas365.es\\\/noticias\\\/un-nuevo-test-de-synlab-permite-conocer-si-existe-predisposicion-genetica-a-la-celiaquia-e-intolerancia-a-la-lactosa\\\/#webpage\"},\"articleSection\":\"Sociedad\",\"dateline\":\"Publicado el abril 11, 2019.\"},{\"@type\":\"Organization\",\"@id\":\"https:\\\/\\\/candas365.es\\\/noticias\\\/#organization\",\"name\":\"Cand\\u00e1s 365\",\"description\":\"Cand\\u00e1s 365 es un diario digital independiente, fundado en 2012, con base en Asturias. Informamos con rigor sobre actualidad, sociedad, cultura y ocio, con una mirada local y global.\",\"url\":\"https:\\\/\\\/candas365.es\\\/noticias\\\/\",\"email\":\"info@candas365.es\",\"telephone\":\"+34652131393\",\"foundingDate\":\"2012-06-10\",\"logo\":{\"@type\":\"ImageObject\",\"url\":\"https:\\\/\\\/candas365.es\\\/noticias\\\/wp-content\\\/uploads\\\/2024\\\/09\\\/Candas-365-Redes.jpg\",\"@id\":\"https:\\\/\\\/candas365.es\\\/noticias\\\/un-nuevo-test-de-synlab-permite-conocer-si-existe-predisposicion-genetica-a-la-celiaquia-e-intolerancia-a-la-lactosa\\\/#organizationLogo\",\"width\":1152,\"height\":864,\"caption\":\"Cand\\u00e1s 365 Redes\"},\"image\":{\"@id\":\"https:\\\/\\\/candas365.es\\\/noticias\\\/un-nuevo-test-de-synlab-permite-conocer-si-existe-predisposicion-genetica-a-la-celiaquia-e-intolerancia-a-la-lactosa\\\/#organizationLogo\"},\"sameAs\":[\"https:\\\/\\\/www.facebook.com\\\/Nachofdezber\",\"https:\\\/\\\/x.com\\\/NabercoDigital\",\"https:\\\/\\\/www.instagram.com\\\/nachofdezber\\\/\",\"https:\\\/\\\/www.youtube.com\\\/channel\\\/UCZP-2wLEB9Rv6erhFmqVnvg\"],\"address\":{\"@id\":\"https:\\\/\\\/candas365.es\\\/noticias\\\/#postaladdress\",\"@type\":\"PostalAddress\",\"streetAddress\":\"san antonio 4, san antonio 4\",\"postalCode\":\"33430\",\"addressLocality\":\"Cand\\u00e1s\",\"addressRegion\":\"Asturias\",\"addressCountry\":\"ES\"}},{\"@type\":\"Person\",\"@id\":\"https:\\\/\\\/candas365.es\\\/noticias\\\/author\\\/admin\\\/#author\",\"url\":\"https:\\\/\\\/candas365.es\\\/noticias\\\/author\\\/admin\\\/\",\"name\":\"Cand\\u00e1s 365\",\"image\":{\"@type\":\"ImageObject\",\"@id\":\"https:\\\/\\\/candas365.es\\\/noticias\\\/un-nuevo-test-de-synlab-permite-conocer-si-existe-predisposicion-genetica-a-la-celiaquia-e-intolerancia-a-la-lactosa\\\/#authorImage\",\"url\":\"https:\\\/\\\/secure.gravatar.com\\\/avatar\\\/496a8e03d0c493ede1718b7934145dbdf8d89be1036b0eec9544e1094c9de390?s=96&d=mm&r=g\",\"width\":96,\"height\":96,\"caption\":\"Cand\\u00e1s 365\"},\"sameAs\":[\"https:\\\/\\\/www.facebook.com\\\/carrenoactualidad\",\"https:\\\/\\\/twitter.com\\\/nbasturias\",\"https:\\\/\\\/www.instagram.com\\\/nachofdezber\\\/\",\"https:\\\/\\\/www.youtube.com\\\/channel\\\/UCZP-2wLEB9Rv6erhFmqVnvg\"]},{\"@type\":\"WebPage\",\"@id\":\"https:\\\/\\\/candas365.es\\\/noticias\\\/un-nuevo-test-de-synlab-permite-conocer-si-existe-predisposicion-genetica-a-la-celiaquia-e-intolerancia-a-la-lactosa\\\/#webpage\",\"url\":\"https:\\\/\\\/candas365.es\\\/noticias\\\/un-nuevo-test-de-synlab-permite-conocer-si-existe-predisposicion-genetica-a-la-celiaquia-e-intolerancia-a-la-lactosa\\\/\",\"name\":\"Un nuevo test de Synlab permite conocer si existe predisposici\\u00f3n gen\\u00e9tica a la celiaqu\\u00eda e intolerancia a la lactosa | Cand\\u00e1s 365\",\"description\":\"Esta prueba est\\u00e1 especialmente recomendada en personas con sospecha cl\\u00ednica de celiaqu\\u00eda y estudio serol\\u00f3gico negativo antes de realizar la biopsia, y en aquellas que tienen sintomatolog\\u00eda compatible con enfermedad celiaca o con intolerancia a la lactosa. La enfermedad cel\\u00edaca afecta a cerca del 1% de la poblaci\\u00f3n europea, y es m\\u00e1s frecuente en las\",\"inLanguage\":\"es-ES\",\"isPartOf\":{\"@id\":\"https:\\\/\\\/candas365.es\\\/noticias\\\/#website\"},\"breadcrumb\":{\"@id\":\"https:\\\/\\\/candas365.es\\\/noticias\\\/un-nuevo-test-de-synlab-permite-conocer-si-existe-predisposicion-genetica-a-la-celiaquia-e-intolerancia-a-la-lactosa\\\/#breadcrumblist\"},\"author\":{\"@id\":\"https:\\\/\\\/candas365.es\\\/noticias\\\/author\\\/admin\\\/#author\"},\"creator\":{\"@id\":\"https:\\\/\\\/candas365.es\\\/noticias\\\/author\\\/admin\\\/#author\"},\"image\":{\"@type\":\"ImageObject\",\"url\":\"https:\\\/\\\/candas365.es\\\/noticias\\\/wp-content\\\/uploads\\\/2019\\\/04\\\/1554906472_0904_NPIntolerancia_cel_.jpg\",\"@id\":\"https:\\\/\\\/candas365.es\\\/noticias\\\/un-nuevo-test-de-synlab-permite-conocer-si-existe-predisposicion-genetica-a-la-celiaquia-e-intolerancia-a-la-lactosa\\\/#mainImage\",\"width\":1200,\"height\":675},\"primaryImageOfPage\":{\"@id\":\"https:\\\/\\\/candas365.es\\\/noticias\\\/un-nuevo-test-de-synlab-permite-conocer-si-existe-predisposicion-genetica-a-la-celiaquia-e-intolerancia-a-la-lactosa\\\/#mainImage\"},\"datePublished\":\"2019-04-11T04:04:13+02:00\",\"dateModified\":\"2019-04-11T04:04:13+02:00\"},{\"@type\":\"WebSite\",\"@id\":\"https:\\\/\\\/candas365.es\\\/noticias\\\/#website\",\"url\":\"https:\\\/\\\/candas365.es\\\/noticias\\\/\",\"name\":\"Cand\\u00e1s 365\",\"alternateName\":\"Cand\\u00e1s 365 Noticias\",\"description\":\"Actualidad desde Carre\\u00f1o para el mundo\",\"inLanguage\":\"es-ES\",\"publisher\":{\"@id\":\"https:\\\/\\\/candas365.es\\\/noticias\\\/#organization\"}}]}\n\t\t<\/script>\n\t\t<!-- All in One SEO Pro -->\r\n\t\t<title>Un nuevo test de Synlab permite conocer si existe predisposici\u00f3n gen\u00e9tica a la celiaqu\u00eda e intolerancia a la lactosa | Cand\u00e1s 365<\/title>\n\n","aioseo_head_json":{"title":"Un nuevo test de Synlab permite conocer si existe predisposici\u00f3n gen\u00e9tica a la celiaqu\u00eda e intolerancia a la lactosa | Cand\u00e1s 365","description":"Esta prueba est\u00e1 especialmente recomendada en personas con sospecha cl\u00ednica de celiaqu\u00eda y estudio serol\u00f3gico negativo antes de realizar la biopsia, y en aquellas que tienen sintomatolog\u00eda compatible con enfermedad celiaca o con intolerancia a la lactosa. La enfermedad cel\u00edaca afecta a cerca del 1% de la poblaci\u00f3n europea, y es m\u00e1s frecuente en las","canonical_url":"https:\/\/candas365.es\/noticias\/un-nuevo-test-de-synlab-permite-conocer-si-existe-predisposicion-genetica-a-la-celiaquia-e-intolerancia-a-la-lactosa\/","robots":"max-image-preview:large","keywords":"sociedad","webmasterTools":{"google-site-verification":"UA-32230408-1","msvalidate.01":"354F3CDFB2DA171B47FBE9ABF1F88D5","miscellaneous":""},"schema":{"@context":"https:\/\/schema.org","@graph":[{"@type":"BreadcrumbList","@id":"https:\/\/candas365.es\/noticias\/un-nuevo-test-de-synlab-permite-conocer-si-existe-predisposicion-genetica-a-la-celiaquia-e-intolerancia-a-la-lactosa\/#breadcrumblist","itemListElement":[{"@type":"ListItem","@id":"https:\/\/candas365.es\/noticias#listItem","position":1,"name":"Home","item":"https:\/\/candas365.es\/noticias","nextItem":{"@type":"ListItem","@id":"https:\/\/candas365.es\/noticias\/category\/sociedad\/#listItem","name":"Sociedad"}},{"@type":"ListItem","@id":"https:\/\/candas365.es\/noticias\/category\/sociedad\/#listItem","position":2,"name":"Sociedad","item":"https:\/\/candas365.es\/noticias\/category\/sociedad\/","nextItem":{"@type":"ListItem","@id":"https:\/\/candas365.es\/noticias\/un-nuevo-test-de-synlab-permite-conocer-si-existe-predisposicion-genetica-a-la-celiaquia-e-intolerancia-a-la-lactosa\/#listItem","name":"Un nuevo test de Synlab permite conocer si existe predisposici\u00f3n gen\u00e9tica a la celiaqu\u00eda e intolerancia a la lactosa"},"previousItem":{"@type":"ListItem","@id":"https:\/\/candas365.es\/noticias#listItem","name":"Home"}},{"@type":"ListItem","@id":"https:\/\/candas365.es\/noticias\/un-nuevo-test-de-synlab-permite-conocer-si-existe-predisposicion-genetica-a-la-celiaquia-e-intolerancia-a-la-lactosa\/#listItem","position":3,"name":"Un nuevo test de Synlab permite conocer si existe predisposici\u00f3n gen\u00e9tica a la celiaqu\u00eda e intolerancia a la lactosa","previousItem":{"@type":"ListItem","@id":"https:\/\/candas365.es\/noticias\/category\/sociedad\/#listItem","name":"Sociedad"}}]},{"@type":"NewsArticle","@id":"https:\/\/candas365.es\/noticias\/un-nuevo-test-de-synlab-permite-conocer-si-existe-predisposicion-genetica-a-la-celiaquia-e-intolerancia-a-la-lactosa\/#newsarticle","name":"Un nuevo test de Synlab permite conocer si existe predisposici\u00f3n gen\u00e9tica a la celiaqu\u00eda e intolerancia a la lactosa | Cand\u00e1s 365","headline":"Un nuevo test de Synlab permite conocer si existe predisposici\u00f3n gen\u00e9tica a la celiaqu\u00eda e intolerancia a la lactosa","author":{"@id":"https:\/\/candas365.es\/noticias\/author\/admin\/#author"},"publisher":{"@id":"https:\/\/candas365.es\/noticias\/#organization"},"image":{"@type":"ImageObject","url":"https:\/\/candas365.es\/noticias\/wp-content\/uploads\/2019\/04\/1554906472_0904_NPIntolerancia_cel_.jpg","width":1200,"height":675},"datePublished":"2019-04-11T04:04:13+02:00","dateModified":"2019-04-11T04:04:13+02:00","inLanguage":"es-ES","mainEntityOfPage":{"@id":"https:\/\/candas365.es\/noticias\/un-nuevo-test-de-synlab-permite-conocer-si-existe-predisposicion-genetica-a-la-celiaquia-e-intolerancia-a-la-lactosa\/#webpage"},"isPartOf":{"@id":"https:\/\/candas365.es\/noticias\/un-nuevo-test-de-synlab-permite-conocer-si-existe-predisposicion-genetica-a-la-celiaquia-e-intolerancia-a-la-lactosa\/#webpage"},"articleSection":"Sociedad","dateline":"Publicado el abril 11, 2019."},{"@type":"Organization","@id":"https:\/\/candas365.es\/noticias\/#organization","name":"Cand\u00e1s 365","description":"Cand\u00e1s 365 es un diario digital independiente, fundado en 2012, con base en Asturias. Informamos con rigor sobre actualidad, sociedad, cultura y ocio, con una mirada local y global.","url":"https:\/\/candas365.es\/noticias\/","email":"info@candas365.es","telephone":"+34652131393","foundingDate":"2012-06-10","logo":{"@type":"ImageObject","url":"https:\/\/candas365.es\/noticias\/wp-content\/uploads\/2024\/09\/Candas-365-Redes.jpg","@id":"https:\/\/candas365.es\/noticias\/un-nuevo-test-de-synlab-permite-conocer-si-existe-predisposicion-genetica-a-la-celiaquia-e-intolerancia-a-la-lactosa\/#organizationLogo","width":1152,"height":864,"caption":"Cand\u00e1s 365 Redes"},"image":{"@id":"https:\/\/candas365.es\/noticias\/un-nuevo-test-de-synlab-permite-conocer-si-existe-predisposicion-genetica-a-la-celiaquia-e-intolerancia-a-la-lactosa\/#organizationLogo"},"sameAs":["https:\/\/www.facebook.com\/Nachofdezber","https:\/\/x.com\/NabercoDigital","https:\/\/www.instagram.com\/nachofdezber\/","https:\/\/www.youtube.com\/channel\/UCZP-2wLEB9Rv6erhFmqVnvg"],"address":{"@id":"https:\/\/candas365.es\/noticias\/#postaladdress","@type":"PostalAddress","streetAddress":"san antonio 4, san antonio 4","postalCode":"33430","addressLocality":"Cand\u00e1s","addressRegion":"Asturias","addressCountry":"ES"}},{"@type":"Person","@id":"https:\/\/candas365.es\/noticias\/author\/admin\/#author","url":"https:\/\/candas365.es\/noticias\/author\/admin\/","name":"Cand\u00e1s 365","image":{"@type":"ImageObject","@id":"https:\/\/candas365.es\/noticias\/un-nuevo-test-de-synlab-permite-conocer-si-existe-predisposicion-genetica-a-la-celiaquia-e-intolerancia-a-la-lactosa\/#authorImage","url":"https:\/\/secure.gravatar.com\/avatar\/496a8e03d0c493ede1718b7934145dbdf8d89be1036b0eec9544e1094c9de390?s=96&d=mm&r=g","width":96,"height":96,"caption":"Cand\u00e1s 365"},"sameAs":["https:\/\/www.facebook.com\/carrenoactualidad","https:\/\/twitter.com\/nbasturias","https:\/\/www.instagram.com\/nachofdezber\/","https:\/\/www.youtube.com\/channel\/UCZP-2wLEB9Rv6erhFmqVnvg"]},{"@type":"WebPage","@id":"https:\/\/candas365.es\/noticias\/un-nuevo-test-de-synlab-permite-conocer-si-existe-predisposicion-genetica-a-la-celiaquia-e-intolerancia-a-la-lactosa\/#webpage","url":"https:\/\/candas365.es\/noticias\/un-nuevo-test-de-synlab-permite-conocer-si-existe-predisposicion-genetica-a-la-celiaquia-e-intolerancia-a-la-lactosa\/","name":"Un nuevo test de Synlab permite conocer si existe predisposici\u00f3n gen\u00e9tica a la celiaqu\u00eda e intolerancia a la lactosa | Cand\u00e1s 365","description":"Esta prueba est\u00e1 especialmente recomendada en personas con sospecha cl\u00ednica de celiaqu\u00eda y estudio serol\u00f3gico negativo antes de realizar la biopsia, y en aquellas que tienen sintomatolog\u00eda compatible con enfermedad celiaca o con intolerancia a la lactosa. La enfermedad cel\u00edaca afecta a cerca del 1% de la poblaci\u00f3n europea, y es m\u00e1s frecuente en las","inLanguage":"es-ES","isPartOf":{"@id":"https:\/\/candas365.es\/noticias\/#website"},"breadcrumb":{"@id":"https:\/\/candas365.es\/noticias\/un-nuevo-test-de-synlab-permite-conocer-si-existe-predisposicion-genetica-a-la-celiaquia-e-intolerancia-a-la-lactosa\/#breadcrumblist"},"author":{"@id":"https:\/\/candas365.es\/noticias\/author\/admin\/#author"},"creator":{"@id":"https:\/\/candas365.es\/noticias\/author\/admin\/#author"},"image":{"@type":"ImageObject","url":"https:\/\/candas365.es\/noticias\/wp-content\/uploads\/2019\/04\/1554906472_0904_NPIntolerancia_cel_.jpg","@id":"https:\/\/candas365.es\/noticias\/un-nuevo-test-de-synlab-permite-conocer-si-existe-predisposicion-genetica-a-la-celiaquia-e-intolerancia-a-la-lactosa\/#mainImage","width":1200,"height":675},"primaryImageOfPage":{"@id":"https:\/\/candas365.es\/noticias\/un-nuevo-test-de-synlab-permite-conocer-si-existe-predisposicion-genetica-a-la-celiaquia-e-intolerancia-a-la-lactosa\/#mainImage"},"datePublished":"2019-04-11T04:04:13+02:00","dateModified":"2019-04-11T04:04:13+02:00"},{"@type":"WebSite","@id":"https:\/\/candas365.es\/noticias\/#website","url":"https:\/\/candas365.es\/noticias\/","name":"Cand\u00e1s 365","alternateName":"Cand\u00e1s 365 Noticias","description":"Actualidad desde Carre\u00f1o para el mundo","inLanguage":"es-ES","publisher":{"@id":"https:\/\/candas365.es\/noticias\/#organization"}}]},"og:locale":"es_ES","og:site_name":"Cand\u00e1s 365","og:type":"article","og:title":"Un nuevo test de Synlab permite conocer si existe predisposici\u00f3n gen\u00e9tica a la celiaqu\u00eda e intolerancia a la lactosa | Cand\u00e1s 365","og:description":"Esta prueba est\u00e1 especialmente recomendada en personas con sospecha cl\u00ednica de celiaqu\u00eda y estudio serol\u00f3gico negativo antes de realizar la biopsia, y en aquellas que tienen sintomatolog\u00eda compatible con enfermedad celiaca o con intolerancia a la lactosa. La enfermedad cel\u00edaca afecta a cerca del 1% de la poblaci\u00f3n europea, y es m\u00e1s frecuente en las","og:url":"https:\/\/candas365.es\/noticias\/un-nuevo-test-de-synlab-permite-conocer-si-existe-predisposicion-genetica-a-la-celiaquia-e-intolerancia-a-la-lactosa\/","og:image":"https:\/\/candas365.es\/noticias\/wp-content\/uploads\/2019\/04\/1554906472_0904_NPIntolerancia_cel_.jpg","og:image:secure_url":"https:\/\/candas365.es\/noticias\/wp-content\/uploads\/2019\/04\/1554906472_0904_NPIntolerancia_cel_.jpg","og:image:width":1200,"og:image:height":675,"article:published_time":"2019-04-11T04:04:13+00:00","article:modified_time":"2019-04-11T04:04:13+00:00","article:publisher":"https:\/\/www.facebook.com\/Nachofdezber","article:author":"https:\/\/www.facebook.com\/carrenoactualidad","twitter:card":"summary_large_image","twitter:site":"@NabercoDigital","twitter:title":"Un nuevo test de Synlab permite conocer si existe predisposici\u00f3n gen\u00e9tica a la celiaqu\u00eda e intolerancia a la lactosa | Cand\u00e1s 365","twitter:description":"Esta prueba est\u00e1 especialmente recomendada en personas con sospecha cl\u00ednica de celiaqu\u00eda y estudio serol\u00f3gico negativo antes de realizar la biopsia, y en aquellas que tienen sintomatolog\u00eda compatible con enfermedad celiaca o con intolerancia a la lactosa. La enfermedad cel\u00edaca afecta a cerca del 1% de la poblaci\u00f3n europea, y es m\u00e1s frecuente en las","twitter:creator":"@nbasturias","twitter:image":"https:\/\/candas365.es\/noticias\/wp-content\/uploads\/2019\/04\/1554906472_0904_NPIntolerancia_cel_.jpg","twitter:label1":"Escrito por","twitter:data1":"Cand\u00e1s 365","twitter:label2":"Tiempo de lectura estimado","twitter:data2":"3 minutos"},"aioseo_meta_data":{"post_id":"120501","title":null,"description":null,"keywords":null,"keyphrases":null,"primary_term":null,"canonical_url":null,"og_title":null,"og_description":null,"og_object_type":"default","og_image_type":"default","og_image_url":null,"og_image_width":null,"og_image_height":null,"og_image_custom_url":null,"og_image_custom_fields":null,"og_video":null,"og_custom_url":null,"og_article_section":null,"og_article_tags":null,"twitter_use_og":false,"twitter_card":"default","twitter_image_type":"default","twitter_image_url":null,"twitter_image_custom_url":null,"twitter_image_custom_fields":null,"twitter_title":null,"twitter_description":null,"schema":{"blockGraphs":[],"customGraphs":[],"default":{"data":{"Article":[],"Course":[],"Dataset":[],"FAQPage":[],"Movie":[],"Person":[],"Product":[],"ProductReview":[],"Car":[],"Recipe":[],"Service":[],"SoftwareApplication":[],"WebPage":[]},"graphName":"","isEnabled":true},"graphs":[],"defaultGraph":"","defaultPostTypeGraph":""},"schema_type":null,"schema_type_options":null,"pillar_content":false,"robots_default":true,"robots_noindex":false,"robots_noarchive":false,"robots_nosnippet":false,"robots_nofollow":false,"robots_noimageindex":false,"robots_noodp":false,"robots_notranslate":false,"robots_max_snippet":null,"robots_max_videopreview":null,"robots_max_imagepreview":"large","priority":null,"frequency":null,"location":null,"local_seo":null,"seo_analyzer_scan_date":"2025-08-29 17:31:29","breadcrumb_settings":null,"limit_modified_date":false,"reviewed_by":null,"open_ai":null,"ai":null,"created":"2020-12-21 10:58:56","updated":"2025-08-29 17:31:29"},"aioseo_breadcrumb":"<div class=\"aioseo-breadcrumbs\"><span class=\"aioseo-breadcrumb\">\n\t<a href=\"https:\/\/candas365.es\/noticias\" title=\"Home\">Home<\/a>\n<\/span><span class=\"aioseo-breadcrumb-separator\">&ndash;<\/span><span class=\"aioseo-breadcrumb\">\n\t<a href=\"https:\/\/candas365.es\/noticias\/category\/sociedad\/\" title=\"Sociedad\">Sociedad<\/a>\n<\/span><span class=\"aioseo-breadcrumb-separator\">&ndash;<\/span><span class=\"aioseo-breadcrumb\">\n\tUn nuevo test de Synlab permite conocer si existe predisposici\u00f3n gen\u00e9tica a la celiaqu\u00eda e intolerancia a la lactosa\n<\/span><\/div>","aioseo_breadcrumb_json":[{"label":"Home","link":"https:\/\/candas365.es\/noticias"},{"label":"Sociedad","link":"https:\/\/candas365.es\/noticias\/category\/sociedad\/"},{"label":"Un nuevo test de Synlab permite conocer si existe predisposici\u00f3n gen\u00e9tica a la celiaqu\u00eda e intolerancia a la lactosa","link":"https:\/\/candas365.es\/noticias\/un-nuevo-test-de-synlab-permite-conocer-si-existe-predisposicion-genetica-a-la-celiaquia-e-intolerancia-a-la-lactosa\/"}],"_links":{"self":[{"href":"https:\/\/candas365.es\/noticias\/wp-json\/wp\/v2\/posts\/120501","targetHints":{"allow":["GET"]}}],"collection":[{"href":"https:\/\/candas365.es\/noticias\/wp-json\/wp\/v2\/posts"}],"about":[{"href":"https:\/\/candas365.es\/noticias\/wp-json\/wp\/v2\/types\/post"}],"author":[{"embeddable":true,"href":"https:\/\/candas365.es\/noticias\/wp-json\/wp\/v2\/users\/1"}],"replies":[{"embeddable":true,"href":"https:\/\/candas365.es\/noticias\/wp-json\/wp\/v2\/comments?post=120501"}],"version-history":[{"count":0,"href":"https:\/\/candas365.es\/noticias\/wp-json\/wp\/v2\/posts\/120501\/revisions"}],"wp:featuredmedia":[{"embeddable":true,"href":"https:\/\/candas365.es\/noticias\/wp-json\/wp\/v2\/media\/120502"}],"wp:attachment":[{"href":"https:\/\/candas365.es\/noticias\/wp-json\/wp\/v2\/media?parent=120501"}],"wp:term":[{"taxonomy":"category","embeddable":true,"href":"https:\/\/candas365.es\/noticias\/wp-json\/wp\/v2\/categories?post=120501"},{"taxonomy":"post_tag","embeddable":true,"href":"https:\/\/candas365.es\/noticias\/wp-json\/wp\/v2\/tags?post=120501"}],"curies":[{"name":"wp","href":"https:\/\/api.w.org\/{rel}","templated":true}]}}