{"id":120411,"date":"2019-04-10T07:38:57","date_gmt":"2019-04-10T07:38:57","guid":{"rendered":"http:\/\/candas365.es\/noticias\/?p=120411"},"modified":"2019-04-10T07:38:57","modified_gmt":"2019-04-10T07:38:57","slug":"10-anos-de-les-ayalgues-de-carreno","status":"publish","type":"post","link":"https:\/\/candas365.es\/noticias\/10-anos-de-les-ayalgues-de-carreno\/","title":{"rendered":"10 a\u00f1os de \u201cLes Ayalgues de Carre\u00f1o\u201d"},"content":{"rendered":"<p><img fetchpriority=\"high\" decoding=\"async\" class=\"alignleft size-medium wp-image-120412\" src=\"https:\/\/candas365.es\/noticias\/wp-content\/uploads\/2019\/04\/10-a\u00f1os-Ayalgues-360x203.jpg\" alt=\"\" width=\"360\" height=\"203\" srcset=\"https:\/\/candas365.es\/noticias\/wp-content\/uploads\/2019\/04\/10-a\u00f1os-Ayalgues-360x203.jpg 360w, https:\/\/candas365.es\/noticias\/wp-content\/uploads\/2019\/04\/10-a\u00f1os-Ayalgues-768x432.jpg 768w, https:\/\/candas365.es\/noticias\/wp-content\/uploads\/2019\/04\/10-a\u00f1os-Ayalgues-655x369.jpg 655w, https:\/\/candas365.es\/noticias\/wp-content\/uploads\/2019\/04\/10-a\u00f1os-Ayalgues-696x392.jpg 696w, https:\/\/candas365.es\/noticias\/wp-content\/uploads\/2019\/04\/10-a\u00f1os-Ayalgues-1068x601.jpg 1068w, https:\/\/candas365.es\/noticias\/wp-content\/uploads\/2019\/04\/10-a\u00f1os-Ayalgues-746x420.jpg 746w, https:\/\/candas365.es\/noticias\/wp-content\/uploads\/2019\/04\/10-a\u00f1os-Ayalgues.jpg 1137w\" sizes=\"(max-width: 360px) 100vw, 360px\" \/>La ASOCIACI\u00d3N CULTURAL FEMENINA \u201cLES AYALGUES DE CARRE\u00d1O\u201d se encuentra de celebraci\u00f3n, ya que el jueves 11 de abril cumplen su d\u00e9cimo aniversario. Para esta celebraci\u00f3n han programado &#8211; en un establecimiento de Perlora- una comida de confraternizaci\u00f3n en la que no faltar\u00e1n varios mon\u00f3logos, recitales de poes\u00eda, interpretaci\u00f3n de canciones, entre otras actuaciones, la directiva de la entidad lo tiene todo ultimado para festejar esta fecha tan se\u00f1alada. La cita ser\u00e1 a las 14:30 h, en el Hotel Piedra.<\/p>\n<p>Lo que comenz\u00f3 como un mero pasatiempo en el a\u00f1o 2009 con un simple \u201cTaller de Iniciaci\u00f3n al Teatro\u201d dirigido por la directora de escena profesional Gemma de Luis. Actividad que demandaron al consistorio tras haber participado, algunas de las fundadoras, en un taller de iniciaci\u00f3n en el programa regional \u201c Tiempo Propio\u201d se ha convertido en un grupo consolidado de teatro amateur. Ello ha sido posible gracias al empe\u00f1o y a la dedicaci\u00f3n de las integrantes de \u201cLES AYALGUES DE CARRE\u00d1O\u201d. El grupo est\u00e1 compuesto por diecisiete mujeres de edades comprendidas entre los sesenta y los ochenta y ocho a\u00f1os, vecinas del concejo de Carre\u00f1o (Cand\u00e1s y Albandi) y una integrante de Gij\u00f3n.<\/p>\n<p>\u201cLes Ayalgues\u201d ha perdurado en el tiempo gracias a la constancia de sus mujeres y con la colaboraci\u00f3n del \u00e1rea de Igualdad del Ayuntamiento, que les cede un aula en La Casa de Encuentro de las Mujeres de Carre\u00f1o, donde semanalmente acuden a ensayar, y les financia la formaci\u00f3n teatral anual que les imparte la directora. El colectivo teatral ya ha deleitado, con diferentes obras, al p\u00fablico asturiano y siempre cosechando un gran \u00e9xito en todas las actividades realizadas.<\/p>\n<p>A lo largo de esta d\u00e9cada han realizado m\u00e1s de 10 espect\u00e1culos teatrales; Tras interpretar escenas sueltas como \u201cCosas que pasan\u201d en 2011, \u201cMujeres a contra corriente\u201d en 2012 o \u201cMujeres al tim\u00f3n\u201d en 2013. \u201cLes Ayalgues\u201d se animaron con una obra completa, \u201cEl Calendariu\u201d, escrita por J.R. Oliva, reconocido dramaturgo asturiano al que el consistorio carre\u00f1ense le solicit\u00f3 colaboraci\u00f3n. Oliva, director del GT \u201cCarbay\u00edn\u201d de Siero, accedi\u00f3 a escribir la primera obra in\u00e9dita especialmente pensada para ellas, \u201cEl Calendariu\u201d. Se estren\u00f3 el 20 de agosto de 2014 en el Teatro Prendes de Cand\u00e1s que dirige Alain J. Fern\u00e1ndez. Abrieron con esta obra el prestigioso sal\u00f3n Costumbrista de Teatro Asturiano obteniendo desde entonces una gran acogida por parte del p\u00fablico. Posteriormente J.R. Oliva, ha seguido realizando obras como \u201cLes Olimpiques\u201d y \u201cEl Secreto de las Mara\u00f1ueles\u201d para el grupo teatral de Les Ayalgues.<\/p>\n<p>Tambi\u00e9n han participado en multitud de eventos y actos de car\u00e1cter solidario, como el proyecto intergeneracional con j\u00f3venes \u201cTe doy mis alas\u201d y la Fundaci\u00f3n Cruz de los \u00c1ngeles, organizaci\u00f3n que trabaja con menores en exclusi\u00f3n social. Actuaron entre otras organizaciones solidarias para la AECC, Pueblo Saharaui, Proyecto Hombre, etc. Entre otras activadas realizaron unos peque\u00f1os cameos en programas de radio, televisi\u00f3n, fotograf\u00eda, cortos, etc. Asimismo, este grupo teatral se alz\u00f3 con uno de los premios \u201cAurora S\u00e1nchez\u201d 2014 a la mejor direcci\u00f3n y texto teatral en el Sal\u00f3n de teatro costumbrista que cada verano acoge el Teatro Prendes de Cand\u00e1s. Con la representaci\u00f3n que hicieron de \u201cEl Calendariu\u201d, Gemma de Luis, obtuvo el premio a la mejor direcci\u00f3n por su trabajo con \u201cLes Ayalgues\u201d y J.R. Oliva el premio al mejor texto costumbrista. Fueron tambi\u00e9n nominadas al premio de mejor maquillaje y vestuario y al de mejor escenograf\u00eda en la misma edici\u00f3n. Y adem\u00e1s participan en la Ronda de Teatro rural de Carre\u00f1o con mon\u00f3logos.<\/p>\n<p>En el a\u00f1o 2015, entorno los actos programados para el 8 de Marzo el Gobierno del Principado cont\u00f3 con la colaboraci\u00f3n de \u201cLes Ayalgues\u201d. Este colectivo de Carre\u00f1o particip\u00f3 en el Teatro f\u00f3rum auton\u00f3mico representado obra por diversas localidades asturianas (Teverga, Aller, Illas, Soto del Barco, Cangas de On\u00eds, Villay\u00f3n, Amieva, etc)<\/p>\n<p>En la actualidad \u201cLes Ayalgues\u201d de Carre\u00f1o est\u00e1n preparando un nuevo espect\u00e1culo teatral que constituye todo un reto esc\u00e9nico al tratarse de una obra de Federico Garcia Lorca. Que estrenar\u00e1n en el mes de Octubre de este a\u00f1o, coincidiendo con la actividad que programar\u00e1 el \u00e1rea de igualdad del Ayuntamiento de Carre\u00f1o para el D\u00eda Internacional de la Mujer Rural. Con el objetivo de dar un paso m\u00e1s en el teatro interpretativo y utilizar el teatro para sacar lo mejor de cada una. La idea es mostrar este nuevo trabajo teatral en el mayor n\u00famero de espacios esc\u00e9nicos posibles e ir encaminadas a por otra d\u00e9cada m\u00e1s.<\/p>\n<p>La Junta Directiva de ASOCIACI\u00d3N CULTURAL FEMENINA \u201cLES AYALGUES DE CARRE\u00d1O\u201d est\u00e1 compuesta por la Presidenta; Cheres Quintin, Vicepresidenta; Amelia Fern\u00e1ndez, Secretaria; Emilia Garc\u00eda, Tesorera; Maribel Rodr\u00edguez y como Vocales; Aid\u00e9 Garc\u00eda, Mercedes Escudero, Caridad Garc\u00eda y M\u00aa Fe Su\u00e1rez.<\/p>\n","protected":false},"excerpt":{"rendered":"<p>La ASOCIACI\u00d3N CULTURAL FEMENINA \u201cLES AYALGUES DE CARRE\u00d1O\u201d se encuentra de celebraci\u00f3n, ya que el jueves 11 de abril cumplen su d\u00e9cimo aniversario. Para esta celebraci\u00f3n han programado &#8211; en un establecimiento de Perlora- una comida de confraternizaci\u00f3n en la que no faltar\u00e1n varios mon\u00f3logos, recitales de poes\u00eda, interpretaci\u00f3n de canciones, entre otras actuaciones, la<\/p>\n","protected":false},"author":1,"featured_media":120412,"comment_status":"closed","ping_status":"closed","sticky":false,"template":"","format":"standard","meta":{"footnotes":""},"categories":[2],"tags":[],"class_list":{"0":"post-120411","1":"post","2":"type-post","3":"status-publish","4":"format-standard","5":"has-post-thumbnail","7":"category-noticias-carreno"},"aioseo_notices":[],"aioseo_head":"\n\t\t<!-- All in One SEO Pro 4.9.6.2 - aioseo.com -->\n\t<meta name=\"description\" content=\"La ASOCIACI\u00d3N CULTURAL FEMENINA \u201cLES AYALGUES DE CARRE\u00d1O\u201d se encuentra de celebraci\u00f3n, ya que el jueves 11 de abril cumplen su d\u00e9cimo aniversario. Para esta celebraci\u00f3n han programado - en un establecimiento de Perlora- una comida de confraternizaci\u00f3n en la que no faltar\u00e1n varios mon\u00f3logos, recitales de poes\u00eda, interpretaci\u00f3n de canciones, entre otras actuaciones, la\" \/>\n\t<meta name=\"robots\" content=\"max-image-preview:large\" \/>\n\t<meta name=\"author\" content=\"Cand\u00e1s 365\"\/>\n\t<meta name=\"google-site-verification\" content=\"UA-32230408-1\" \/>\n\t<meta name=\"msvalidate.01\" content=\"354F3CDFB2DA171B47FBE9ABF1F88D5\" \/>\n\t<meta name=\"keywords\" content=\"noticias carre\u00f1o\" \/>\n\t<link rel=\"canonical\" href=\"https:\/\/candas365.es\/noticias\/10-anos-de-les-ayalgues-de-carreno\/\" \/>\n\t<meta name=\"generator\" content=\"All in One SEO Pro (AIOSEO) 4.9.6.2\" \/>\n\t\t<meta property=\"og:locale\" content=\"es_ES\" \/>\n\t\t<meta property=\"og:site_name\" content=\"Cand\u00e1s 365\" \/>\n\t\t<meta property=\"og:type\" content=\"article\" \/>\n\t\t<meta property=\"og:title\" content=\"10 a\u00f1os de \u201cLes Ayalgues de Carre\u00f1o\u201d | Cand\u00e1s 365\" \/>\n\t\t<meta property=\"og:description\" content=\"La ASOCIACI\u00d3N CULTURAL FEMENINA \u201cLES AYALGUES DE CARRE\u00d1O\u201d se encuentra de celebraci\u00f3n, ya que el jueves 11 de abril cumplen su d\u00e9cimo aniversario. Para esta celebraci\u00f3n han programado - en un establecimiento de Perlora- una comida de confraternizaci\u00f3n en la que no faltar\u00e1n varios mon\u00f3logos, recitales de poes\u00eda, interpretaci\u00f3n de canciones, entre otras actuaciones, la\" \/>\n\t\t<meta property=\"og:url\" content=\"https:\/\/candas365.es\/noticias\/10-anos-de-les-ayalgues-de-carreno\/\" \/>\n\t\t<meta property=\"og:image\" content=\"https:\/\/candas365.es\/noticias\/wp-content\/uploads\/2019\/04\/10-a\u00f1os-Ayalgues.jpg\" \/>\n\t\t<meta property=\"og:image:secure_url\" content=\"https:\/\/candas365.es\/noticias\/wp-content\/uploads\/2019\/04\/10-a\u00f1os-Ayalgues.jpg\" \/>\n\t\t<meta property=\"og:image:width\" content=\"1137\" \/>\n\t\t<meta property=\"og:image:height\" content=\"640\" \/>\n\t\t<meta property=\"article:published_time\" content=\"2019-04-10T07:38:57+00:00\" \/>\n\t\t<meta property=\"article:modified_time\" content=\"2019-04-10T07:38:57+00:00\" \/>\n\t\t<meta property=\"article:publisher\" content=\"https:\/\/www.facebook.com\/Nachofdezber\" \/>\n\t\t<meta property=\"article:author\" content=\"https:\/\/www.facebook.com\/carrenoactualidad\" \/>\n\t\t<meta name=\"twitter:card\" content=\"summary_large_image\" \/>\n\t\t<meta name=\"twitter:site\" content=\"@NabercoDigital\" \/>\n\t\t<meta name=\"twitter:title\" content=\"10 a\u00f1os de \u201cLes Ayalgues de Carre\u00f1o\u201d | Cand\u00e1s 365\" \/>\n\t\t<meta name=\"twitter:description\" content=\"La ASOCIACI\u00d3N CULTURAL FEMENINA \u201cLES AYALGUES DE CARRE\u00d1O\u201d se encuentra de celebraci\u00f3n, ya que el jueves 11 de abril cumplen su d\u00e9cimo aniversario. Para esta celebraci\u00f3n han programado - en un establecimiento de Perlora- una comida de confraternizaci\u00f3n en la que no faltar\u00e1n varios mon\u00f3logos, recitales de poes\u00eda, interpretaci\u00f3n de canciones, entre otras actuaciones, la\" \/>\n\t\t<meta name=\"twitter:creator\" content=\"@nbasturias\" \/>\n\t\t<meta name=\"twitter:image\" content=\"https:\/\/candas365.es\/noticias\/wp-content\/uploads\/2019\/04\/10-a\u00f1os-Ayalgues.jpg\" \/>\n\t\t<meta name=\"twitter:label1\" content=\"Escrito por\" \/>\n\t\t<meta name=\"twitter:data1\" content=\"Cand\u00e1s 365\" \/>\n\t\t<meta name=\"twitter:label2\" content=\"Tiempo de lectura estimado\" \/>\n\t\t<meta name=\"twitter:data2\" content=\"4 minutos\" \/>\n\t\t<script type=\"application\/ld+json\" class=\"aioseo-schema\">\n\t\t\t{\"@context\":\"https:\\\/\\\/schema.org\",\"@graph\":[{\"@type\":\"BreadcrumbList\",\"@id\":\"https:\\\/\\\/candas365.es\\\/noticias\\\/10-anos-de-les-ayalgues-de-carreno\\\/#breadcrumblist\",\"itemListElement\":[{\"@type\":\"ListItem\",\"@id\":\"https:\\\/\\\/candas365.es\\\/noticias#listItem\",\"position\":1,\"name\":\"Home\",\"item\":\"https:\\\/\\\/candas365.es\\\/noticias\",\"nextItem\":{\"@type\":\"ListItem\",\"@id\":\"https:\\\/\\\/candas365.es\\\/noticias\\\/category\\\/noticias-carreno\\\/#listItem\",\"name\":\"Noticias Carre\\u00f1o\"}},{\"@type\":\"ListItem\",\"@id\":\"https:\\\/\\\/candas365.es\\\/noticias\\\/category\\\/noticias-carreno\\\/#listItem\",\"position\":2,\"name\":\"Noticias Carre\\u00f1o\",\"item\":\"https:\\\/\\\/candas365.es\\\/noticias\\\/category\\\/noticias-carreno\\\/\",\"nextItem\":{\"@type\":\"ListItem\",\"@id\":\"https:\\\/\\\/candas365.es\\\/noticias\\\/10-anos-de-les-ayalgues-de-carreno\\\/#listItem\",\"name\":\"10 a\\u00f1os de \\u201cLes Ayalgues de Carre\\u00f1o\\u201d\"},\"previousItem\":{\"@type\":\"ListItem\",\"@id\":\"https:\\\/\\\/candas365.es\\\/noticias#listItem\",\"name\":\"Home\"}},{\"@type\":\"ListItem\",\"@id\":\"https:\\\/\\\/candas365.es\\\/noticias\\\/10-anos-de-les-ayalgues-de-carreno\\\/#listItem\",\"position\":3,\"name\":\"10 a\\u00f1os de \\u201cLes Ayalgues de Carre\\u00f1o\\u201d\",\"previousItem\":{\"@type\":\"ListItem\",\"@id\":\"https:\\\/\\\/candas365.es\\\/noticias\\\/category\\\/noticias-carreno\\\/#listItem\",\"name\":\"Noticias Carre\\u00f1o\"}}]},{\"@type\":\"NewsArticle\",\"@id\":\"https:\\\/\\\/candas365.es\\\/noticias\\\/10-anos-de-les-ayalgues-de-carreno\\\/#newsarticle\",\"name\":\"10 a\\u00f1os de \\u201cLes Ayalgues de Carre\\u00f1o\\u201d | Cand\\u00e1s 365\",\"headline\":\"10 a\\u00f1os de \\u201cLes Ayalgues de Carre\\u00f1o\\u201d\",\"author\":{\"@id\":\"https:\\\/\\\/candas365.es\\\/noticias\\\/author\\\/admin\\\/#author\"},\"publisher\":{\"@id\":\"https:\\\/\\\/candas365.es\\\/noticias\\\/#organization\"},\"image\":{\"@type\":\"ImageObject\",\"url\":\"https:\\\/\\\/candas365.es\\\/noticias\\\/wp-content\\\/uploads\\\/2019\\\/04\\\/10-a\\u00f1os-Ayalgues.jpg\",\"width\":1137,\"height\":640},\"datePublished\":\"2019-04-10T07:38:57+02:00\",\"dateModified\":\"2019-04-10T07:38:57+02:00\",\"inLanguage\":\"es-ES\",\"mainEntityOfPage\":{\"@id\":\"https:\\\/\\\/candas365.es\\\/noticias\\\/10-anos-de-les-ayalgues-de-carreno\\\/#webpage\"},\"isPartOf\":{\"@id\":\"https:\\\/\\\/candas365.es\\\/noticias\\\/10-anos-de-les-ayalgues-de-carreno\\\/#webpage\"},\"articleSection\":\"Noticias Carre\\u00f1o\",\"dateline\":\"Publicado el abril 10, 2019.\"},{\"@type\":\"Organization\",\"@id\":\"https:\\\/\\\/candas365.es\\\/noticias\\\/#organization\",\"name\":\"Cand\\u00e1s 365\",\"description\":\"Cand\\u00e1s 365 es un diario digital independiente, fundado en 2012, con base en Asturias. Informamos con rigor sobre actualidad, sociedad, cultura y ocio, con una mirada local y global.\",\"url\":\"https:\\\/\\\/candas365.es\\\/noticias\\\/\",\"email\":\"info@candas365.es\",\"telephone\":\"+34652131393\",\"foundingDate\":\"2012-06-10\",\"logo\":{\"@type\":\"ImageObject\",\"url\":\"https:\\\/\\\/candas365.es\\\/noticias\\\/wp-content\\\/uploads\\\/2024\\\/09\\\/Candas-365-Redes.jpg\",\"@id\":\"https:\\\/\\\/candas365.es\\\/noticias\\\/10-anos-de-les-ayalgues-de-carreno\\\/#organizationLogo\",\"width\":1152,\"height\":864,\"caption\":\"Cand\\u00e1s 365 Redes\"},\"image\":{\"@id\":\"https:\\\/\\\/candas365.es\\\/noticias\\\/10-anos-de-les-ayalgues-de-carreno\\\/#organizationLogo\"},\"sameAs\":[\"https:\\\/\\\/www.facebook.com\\\/Nachofdezber\",\"https:\\\/\\\/x.com\\\/NabercoDigital\",\"https:\\\/\\\/www.instagram.com\\\/nachofdezber\\\/\",\"https:\\\/\\\/www.youtube.com\\\/channel\\\/UCZP-2wLEB9Rv6erhFmqVnvg\"],\"address\":{\"@id\":\"https:\\\/\\\/candas365.es\\\/noticias\\\/#postaladdress\",\"@type\":\"PostalAddress\",\"streetAddress\":\"san antonio 4, san antonio 4\",\"postalCode\":\"33430\",\"addressLocality\":\"Cand\\u00e1s\",\"addressRegion\":\"Asturias\",\"addressCountry\":\"ES\"}},{\"@type\":\"Person\",\"@id\":\"https:\\\/\\\/candas365.es\\\/noticias\\\/author\\\/admin\\\/#author\",\"url\":\"https:\\\/\\\/candas365.es\\\/noticias\\\/author\\\/admin\\\/\",\"name\":\"Cand\\u00e1s 365\",\"image\":{\"@type\":\"ImageObject\",\"@id\":\"https:\\\/\\\/candas365.es\\\/noticias\\\/10-anos-de-les-ayalgues-de-carreno\\\/#authorImage\",\"url\":\"https:\\\/\\\/secure.gravatar.com\\\/avatar\\\/496a8e03d0c493ede1718b7934145dbdf8d89be1036b0eec9544e1094c9de390?s=96&d=mm&r=g\",\"width\":96,\"height\":96,\"caption\":\"Cand\\u00e1s 365\"},\"sameAs\":[\"https:\\\/\\\/www.facebook.com\\\/carrenoactualidad\",\"https:\\\/\\\/twitter.com\\\/nbasturias\",\"https:\\\/\\\/www.instagram.com\\\/nachofdezber\\\/\",\"https:\\\/\\\/www.youtube.com\\\/channel\\\/UCZP-2wLEB9Rv6erhFmqVnvg\"]},{\"@type\":\"WebPage\",\"@id\":\"https:\\\/\\\/candas365.es\\\/noticias\\\/10-anos-de-les-ayalgues-de-carreno\\\/#webpage\",\"url\":\"https:\\\/\\\/candas365.es\\\/noticias\\\/10-anos-de-les-ayalgues-de-carreno\\\/\",\"name\":\"10 a\\u00f1os de \\u201cLes Ayalgues de Carre\\u00f1o\\u201d | Cand\\u00e1s 365\",\"description\":\"La ASOCIACI\\u00d3N CULTURAL FEMENINA \\u201cLES AYALGUES DE CARRE\\u00d1O\\u201d se encuentra de celebraci\\u00f3n, ya que el jueves 11 de abril cumplen su d\\u00e9cimo aniversario. Para esta celebraci\\u00f3n han programado - en un establecimiento de Perlora- una comida de confraternizaci\\u00f3n en la que no faltar\\u00e1n varios mon\\u00f3logos, recitales de poes\\u00eda, interpretaci\\u00f3n de canciones, entre otras actuaciones, la\",\"inLanguage\":\"es-ES\",\"isPartOf\":{\"@id\":\"https:\\\/\\\/candas365.es\\\/noticias\\\/#website\"},\"breadcrumb\":{\"@id\":\"https:\\\/\\\/candas365.es\\\/noticias\\\/10-anos-de-les-ayalgues-de-carreno\\\/#breadcrumblist\"},\"author\":{\"@id\":\"https:\\\/\\\/candas365.es\\\/noticias\\\/author\\\/admin\\\/#author\"},\"creator\":{\"@id\":\"https:\\\/\\\/candas365.es\\\/noticias\\\/author\\\/admin\\\/#author\"},\"image\":{\"@type\":\"ImageObject\",\"url\":\"https:\\\/\\\/candas365.es\\\/noticias\\\/wp-content\\\/uploads\\\/2019\\\/04\\\/10-a\\u00f1os-Ayalgues.jpg\",\"@id\":\"https:\\\/\\\/candas365.es\\\/noticias\\\/10-anos-de-les-ayalgues-de-carreno\\\/#mainImage\",\"width\":1137,\"height\":640},\"primaryImageOfPage\":{\"@id\":\"https:\\\/\\\/candas365.es\\\/noticias\\\/10-anos-de-les-ayalgues-de-carreno\\\/#mainImage\"},\"datePublished\":\"2019-04-10T07:38:57+02:00\",\"dateModified\":\"2019-04-10T07:38:57+02:00\"},{\"@type\":\"WebSite\",\"@id\":\"https:\\\/\\\/candas365.es\\\/noticias\\\/#website\",\"url\":\"https:\\\/\\\/candas365.es\\\/noticias\\\/\",\"name\":\"Cand\\u00e1s 365\",\"alternateName\":\"Cand\\u00e1s 365 Noticias\",\"description\":\"Actualidad desde Carre\\u00f1o para el mundo\",\"inLanguage\":\"es-ES\",\"publisher\":{\"@id\":\"https:\\\/\\\/candas365.es\\\/noticias\\\/#organization\"}}]}\n\t\t<\/script>\n\t\t<!-- All in One SEO Pro -->\r\n\t\t<title>10 a\u00f1os de \u201cLes Ayalgues de Carre\u00f1o\u201d | Cand\u00e1s 365<\/title>\n\n","aioseo_head_json":{"title":"10 a\u00f1os de \u201cLes Ayalgues de Carre\u00f1o\u201d | Cand\u00e1s 365","description":"La ASOCIACI\u00d3N CULTURAL FEMENINA \u201cLES AYALGUES DE CARRE\u00d1O\u201d se encuentra de celebraci\u00f3n, ya que el jueves 11 de abril cumplen su d\u00e9cimo aniversario. Para esta celebraci\u00f3n han programado - en un establecimiento de Perlora- una comida de confraternizaci\u00f3n en la que no faltar\u00e1n varios mon\u00f3logos, recitales de poes\u00eda, interpretaci\u00f3n de canciones, entre otras actuaciones, la","canonical_url":"https:\/\/candas365.es\/noticias\/10-anos-de-les-ayalgues-de-carreno\/","robots":"max-image-preview:large","keywords":"noticias carre\u00f1o","webmasterTools":{"google-site-verification":"UA-32230408-1","msvalidate.01":"354F3CDFB2DA171B47FBE9ABF1F88D5","miscellaneous":""},"schema":{"@context":"https:\/\/schema.org","@graph":[{"@type":"BreadcrumbList","@id":"https:\/\/candas365.es\/noticias\/10-anos-de-les-ayalgues-de-carreno\/#breadcrumblist","itemListElement":[{"@type":"ListItem","@id":"https:\/\/candas365.es\/noticias#listItem","position":1,"name":"Home","item":"https:\/\/candas365.es\/noticias","nextItem":{"@type":"ListItem","@id":"https:\/\/candas365.es\/noticias\/category\/noticias-carreno\/#listItem","name":"Noticias Carre\u00f1o"}},{"@type":"ListItem","@id":"https:\/\/candas365.es\/noticias\/category\/noticias-carreno\/#listItem","position":2,"name":"Noticias Carre\u00f1o","item":"https:\/\/candas365.es\/noticias\/category\/noticias-carreno\/","nextItem":{"@type":"ListItem","@id":"https:\/\/candas365.es\/noticias\/10-anos-de-les-ayalgues-de-carreno\/#listItem","name":"10 a\u00f1os de \u201cLes Ayalgues de Carre\u00f1o\u201d"},"previousItem":{"@type":"ListItem","@id":"https:\/\/candas365.es\/noticias#listItem","name":"Home"}},{"@type":"ListItem","@id":"https:\/\/candas365.es\/noticias\/10-anos-de-les-ayalgues-de-carreno\/#listItem","position":3,"name":"10 a\u00f1os de \u201cLes Ayalgues de Carre\u00f1o\u201d","previousItem":{"@type":"ListItem","@id":"https:\/\/candas365.es\/noticias\/category\/noticias-carreno\/#listItem","name":"Noticias Carre\u00f1o"}}]},{"@type":"NewsArticle","@id":"https:\/\/candas365.es\/noticias\/10-anos-de-les-ayalgues-de-carreno\/#newsarticle","name":"10 a\u00f1os de \u201cLes Ayalgues de Carre\u00f1o\u201d | Cand\u00e1s 365","headline":"10 a\u00f1os de \u201cLes Ayalgues de Carre\u00f1o\u201d","author":{"@id":"https:\/\/candas365.es\/noticias\/author\/admin\/#author"},"publisher":{"@id":"https:\/\/candas365.es\/noticias\/#organization"},"image":{"@type":"ImageObject","url":"https:\/\/candas365.es\/noticias\/wp-content\/uploads\/2019\/04\/10-a\u00f1os-Ayalgues.jpg","width":1137,"height":640},"datePublished":"2019-04-10T07:38:57+02:00","dateModified":"2019-04-10T07:38:57+02:00","inLanguage":"es-ES","mainEntityOfPage":{"@id":"https:\/\/candas365.es\/noticias\/10-anos-de-les-ayalgues-de-carreno\/#webpage"},"isPartOf":{"@id":"https:\/\/candas365.es\/noticias\/10-anos-de-les-ayalgues-de-carreno\/#webpage"},"articleSection":"Noticias Carre\u00f1o","dateline":"Publicado el abril 10, 2019."},{"@type":"Organization","@id":"https:\/\/candas365.es\/noticias\/#organization","name":"Cand\u00e1s 365","description":"Cand\u00e1s 365 es un diario digital independiente, fundado en 2012, con base en Asturias. Informamos con rigor sobre actualidad, sociedad, cultura y ocio, con una mirada local y global.","url":"https:\/\/candas365.es\/noticias\/","email":"info@candas365.es","telephone":"+34652131393","foundingDate":"2012-06-10","logo":{"@type":"ImageObject","url":"https:\/\/candas365.es\/noticias\/wp-content\/uploads\/2024\/09\/Candas-365-Redes.jpg","@id":"https:\/\/candas365.es\/noticias\/10-anos-de-les-ayalgues-de-carreno\/#organizationLogo","width":1152,"height":864,"caption":"Cand\u00e1s 365 Redes"},"image":{"@id":"https:\/\/candas365.es\/noticias\/10-anos-de-les-ayalgues-de-carreno\/#organizationLogo"},"sameAs":["https:\/\/www.facebook.com\/Nachofdezber","https:\/\/x.com\/NabercoDigital","https:\/\/www.instagram.com\/nachofdezber\/","https:\/\/www.youtube.com\/channel\/UCZP-2wLEB9Rv6erhFmqVnvg"],"address":{"@id":"https:\/\/candas365.es\/noticias\/#postaladdress","@type":"PostalAddress","streetAddress":"san antonio 4, san antonio 4","postalCode":"33430","addressLocality":"Cand\u00e1s","addressRegion":"Asturias","addressCountry":"ES"}},{"@type":"Person","@id":"https:\/\/candas365.es\/noticias\/author\/admin\/#author","url":"https:\/\/candas365.es\/noticias\/author\/admin\/","name":"Cand\u00e1s 365","image":{"@type":"ImageObject","@id":"https:\/\/candas365.es\/noticias\/10-anos-de-les-ayalgues-de-carreno\/#authorImage","url":"https:\/\/secure.gravatar.com\/avatar\/496a8e03d0c493ede1718b7934145dbdf8d89be1036b0eec9544e1094c9de390?s=96&d=mm&r=g","width":96,"height":96,"caption":"Cand\u00e1s 365"},"sameAs":["https:\/\/www.facebook.com\/carrenoactualidad","https:\/\/twitter.com\/nbasturias","https:\/\/www.instagram.com\/nachofdezber\/","https:\/\/www.youtube.com\/channel\/UCZP-2wLEB9Rv6erhFmqVnvg"]},{"@type":"WebPage","@id":"https:\/\/candas365.es\/noticias\/10-anos-de-les-ayalgues-de-carreno\/#webpage","url":"https:\/\/candas365.es\/noticias\/10-anos-de-les-ayalgues-de-carreno\/","name":"10 a\u00f1os de \u201cLes Ayalgues de Carre\u00f1o\u201d | Cand\u00e1s 365","description":"La ASOCIACI\u00d3N CULTURAL FEMENINA \u201cLES AYALGUES DE CARRE\u00d1O\u201d se encuentra de celebraci\u00f3n, ya que el jueves 11 de abril cumplen su d\u00e9cimo aniversario. Para esta celebraci\u00f3n han programado - en un establecimiento de Perlora- una comida de confraternizaci\u00f3n en la que no faltar\u00e1n varios mon\u00f3logos, recitales de poes\u00eda, interpretaci\u00f3n de canciones, entre otras actuaciones, la","inLanguage":"es-ES","isPartOf":{"@id":"https:\/\/candas365.es\/noticias\/#website"},"breadcrumb":{"@id":"https:\/\/candas365.es\/noticias\/10-anos-de-les-ayalgues-de-carreno\/#breadcrumblist"},"author":{"@id":"https:\/\/candas365.es\/noticias\/author\/admin\/#author"},"creator":{"@id":"https:\/\/candas365.es\/noticias\/author\/admin\/#author"},"image":{"@type":"ImageObject","url":"https:\/\/candas365.es\/noticias\/wp-content\/uploads\/2019\/04\/10-a\u00f1os-Ayalgues.jpg","@id":"https:\/\/candas365.es\/noticias\/10-anos-de-les-ayalgues-de-carreno\/#mainImage","width":1137,"height":640},"primaryImageOfPage":{"@id":"https:\/\/candas365.es\/noticias\/10-anos-de-les-ayalgues-de-carreno\/#mainImage"},"datePublished":"2019-04-10T07:38:57+02:00","dateModified":"2019-04-10T07:38:57+02:00"},{"@type":"WebSite","@id":"https:\/\/candas365.es\/noticias\/#website","url":"https:\/\/candas365.es\/noticias\/","name":"Cand\u00e1s 365","alternateName":"Cand\u00e1s 365 Noticias","description":"Actualidad desde Carre\u00f1o para el mundo","inLanguage":"es-ES","publisher":{"@id":"https:\/\/candas365.es\/noticias\/#organization"}}]},"og:locale":"es_ES","og:site_name":"Cand\u00e1s 365","og:type":"article","og:title":"10 a\u00f1os de \u201cLes Ayalgues de Carre\u00f1o\u201d | Cand\u00e1s 365","og:description":"La ASOCIACI\u00d3N CULTURAL FEMENINA \u201cLES AYALGUES DE CARRE\u00d1O\u201d se encuentra de celebraci\u00f3n, ya que el jueves 11 de abril cumplen su d\u00e9cimo aniversario. Para esta celebraci\u00f3n han programado - en un establecimiento de Perlora- una comida de confraternizaci\u00f3n en la que no faltar\u00e1n varios mon\u00f3logos, recitales de poes\u00eda, interpretaci\u00f3n de canciones, entre otras actuaciones, la","og:url":"https:\/\/candas365.es\/noticias\/10-anos-de-les-ayalgues-de-carreno\/","og:image":"https:\/\/candas365.es\/noticias\/wp-content\/uploads\/2019\/04\/10-a\u00f1os-Ayalgues.jpg","og:image:secure_url":"https:\/\/candas365.es\/noticias\/wp-content\/uploads\/2019\/04\/10-a\u00f1os-Ayalgues.jpg","og:image:width":1137,"og:image:height":640,"article:published_time":"2019-04-10T07:38:57+00:00","article:modified_time":"2019-04-10T07:38:57+00:00","article:publisher":"https:\/\/www.facebook.com\/Nachofdezber","article:author":"https:\/\/www.facebook.com\/carrenoactualidad","twitter:card":"summary_large_image","twitter:site":"@NabercoDigital","twitter:title":"10 a\u00f1os de \u201cLes Ayalgues de Carre\u00f1o\u201d | Cand\u00e1s 365","twitter:description":"La ASOCIACI\u00d3N CULTURAL FEMENINA \u201cLES AYALGUES DE CARRE\u00d1O\u201d se encuentra de celebraci\u00f3n, ya que el jueves 11 de abril cumplen su d\u00e9cimo aniversario. Para esta celebraci\u00f3n han programado - en un establecimiento de Perlora- una comida de confraternizaci\u00f3n en la que no faltar\u00e1n varios mon\u00f3logos, recitales de poes\u00eda, interpretaci\u00f3n de canciones, entre otras actuaciones, la","twitter:creator":"@nbasturias","twitter:image":"https:\/\/candas365.es\/noticias\/wp-content\/uploads\/2019\/04\/10-a\u00f1os-Ayalgues.jpg","twitter:label1":"Escrito por","twitter:data1":"Cand\u00e1s 365","twitter:label2":"Tiempo de lectura estimado","twitter:data2":"4 minutos"},"aioseo_meta_data":{"post_id":"120411","title":null,"description":null,"keywords":null,"keyphrases":null,"primary_term":null,"canonical_url":null,"og_title":null,"og_description":null,"og_object_type":"default","og_image_type":"default","og_image_url":null,"og_image_width":null,"og_image_height":null,"og_image_custom_url":null,"og_image_custom_fields":null,"og_video":null,"og_custom_url":null,"og_article_section":null,"og_article_tags":null,"twitter_use_og":false,"twitter_card":"default","twitter_image_type":"default","twitter_image_url":null,"twitter_image_custom_url":null,"twitter_image_custom_fields":null,"twitter_title":null,"twitter_description":null,"schema":{"blockGraphs":[],"customGraphs":[],"default":{"data":{"Article":[],"Course":[],"Dataset":[],"FAQPage":[],"Movie":[],"Person":[],"Product":[],"ProductReview":[],"Car":[],"Recipe":[],"Service":[],"SoftwareApplication":[],"WebPage":[]},"graphName":"","isEnabled":true},"graphs":[],"defaultGraph":"","defaultPostTypeGraph":""},"schema_type":null,"schema_type_options":null,"pillar_content":false,"robots_default":true,"robots_noindex":false,"robots_noarchive":false,"robots_nosnippet":false,"robots_nofollow":false,"robots_noimageindex":false,"robots_noodp":false,"robots_notranslate":false,"robots_max_snippet":null,"robots_max_videopreview":null,"robots_max_imagepreview":"large","priority":null,"frequency":null,"location":null,"local_seo":null,"seo_analyzer_scan_date":"2025-08-29 17:17:14","breadcrumb_settings":null,"limit_modified_date":false,"reviewed_by":null,"open_ai":null,"ai":null,"created":"2020-12-21 10:58:56","updated":"2025-08-29 17:17:14"},"aioseo_breadcrumb":"<div class=\"aioseo-breadcrumbs\"><span class=\"aioseo-breadcrumb\">\n\t<a href=\"https:\/\/candas365.es\/noticias\" title=\"Home\">Home<\/a>\n<\/span><span class=\"aioseo-breadcrumb-separator\">&ndash;<\/span><span class=\"aioseo-breadcrumb\">\n\t<a href=\"https:\/\/candas365.es\/noticias\/category\/noticias-carreno\/\" title=\"Noticias Carre\u00f1o\">Noticias Carre\u00f1o<\/a>\n<\/span><span class=\"aioseo-breadcrumb-separator\">&ndash;<\/span><span class=\"aioseo-breadcrumb\">\n\t10 a\u00f1os de \u201cLes Ayalgues de Carre\u00f1o\u201d\n<\/span><\/div>","aioseo_breadcrumb_json":[{"label":"Home","link":"https:\/\/candas365.es\/noticias"},{"label":"Noticias Carre\u00f1o","link":"https:\/\/candas365.es\/noticias\/category\/noticias-carreno\/"},{"label":"10 a\u00f1os de \u201cLes Ayalgues de Carre\u00f1o\u201d","link":"https:\/\/candas365.es\/noticias\/10-anos-de-les-ayalgues-de-carreno\/"}],"_links":{"self":[{"href":"https:\/\/candas365.es\/noticias\/wp-json\/wp\/v2\/posts\/120411","targetHints":{"allow":["GET"]}}],"collection":[{"href":"https:\/\/candas365.es\/noticias\/wp-json\/wp\/v2\/posts"}],"about":[{"href":"https:\/\/candas365.es\/noticias\/wp-json\/wp\/v2\/types\/post"}],"author":[{"embeddable":true,"href":"https:\/\/candas365.es\/noticias\/wp-json\/wp\/v2\/users\/1"}],"replies":[{"embeddable":true,"href":"https:\/\/candas365.es\/noticias\/wp-json\/wp\/v2\/comments?post=120411"}],"version-history":[{"count":0,"href":"https:\/\/candas365.es\/noticias\/wp-json\/wp\/v2\/posts\/120411\/revisions"}],"wp:featuredmedia":[{"embeddable":true,"href":"https:\/\/candas365.es\/noticias\/wp-json\/wp\/v2\/media\/120412"}],"wp:attachment":[{"href":"https:\/\/candas365.es\/noticias\/wp-json\/wp\/v2\/media?parent=120411"}],"wp:term":[{"taxonomy":"category","embeddable":true,"href":"https:\/\/candas365.es\/noticias\/wp-json\/wp\/v2\/categories?post=120411"},{"taxonomy":"post_tag","embeddable":true,"href":"https:\/\/candas365.es\/noticias\/wp-json\/wp\/v2\/tags?post=120411"}],"curies":[{"name":"wp","href":"https:\/\/api.w.org\/{rel}","templated":true}]}}