{"id":120405,"date":"2019-04-10T06:26:08","date_gmt":"2019-04-10T06:26:08","guid":{"rendered":"http:\/\/candas365.es\/noticias\/?p=120405"},"modified":"2019-04-10T06:26:08","modified_gmt":"2019-04-10T06:26:08","slug":"los-umbrales-minimos-de-fuerza-muscular-en-ninos-se-asocian-con-riesgo-cardiovascular","status":"publish","type":"post","link":"https:\/\/candas365.es\/noticias\/los-umbrales-minimos-de-fuerza-muscular-en-ninos-se-asocian-con-riesgo-cardiovascular\/","title":{"rendered":"Los umbrales m\u00ednimos de fuerza muscular en ni\u00f1os se asocian con riesgo cardiovascular"},"content":{"rendered":"<p><img fetchpriority=\"high\" decoding=\"async\" class=\"alignleft size-medium wp-image-120406\" src=\"https:\/\/candas365.es\/noticias\/wp-content\/uploads\/2019\/04\/Los-umbrales-minimos-de-fuerza-muscular-en-ninos-se-asocian-con-riesgo-cardiovascular_image_380-360x228.jpg\" alt=\"\" width=\"360\" height=\"228\" srcset=\"https:\/\/candas365.es\/noticias\/wp-content\/uploads\/2019\/04\/Los-umbrales-minimos-de-fuerza-muscular-en-ninos-se-asocian-con-riesgo-cardiovascular_image_380-360x228.jpg 360w, https:\/\/candas365.es\/noticias\/wp-content\/uploads\/2019\/04\/Los-umbrales-minimos-de-fuerza-muscular-en-ninos-se-asocian-con-riesgo-cardiovascular_image_380.jpg 600w\" sizes=\"(max-width: 360px) 100vw, 360px\" \/>Un art\u00edculo firmado por investigadores de la Universidad Aut\u00f3noma de Madrid (UAM), la Universidad de C\u00e1diz y el CSIC ha sido destacado por la revista especializada Pediatric Exercise Science como uno de los m\u00e1s relevantes publicado en el \u00e1rea de ejercicio pedi\u00e1trico en 2018, en concreto como el art\u00edculo m\u00e1s relevante sobre la tem\u00e1tica de \u201centrenamiento de fuerza en ni\u00f1os\u201d.<\/p>\n<p>El trabajo es un estudio longitudinal donde m\u00e1s de 500 ni\u00f1os y adolescentes fueron evaluados durante un periodo de dos a\u00f1os, lo que permiti\u00f3 identificar umbrales m\u00ednimos de fuerza muscular que se encuentran asociados con un incremento del riesgo cardiovascular en edad pedi\u00e1trica.<\/p>\n<p>\u201cDos test sencillos se utilizaron para valorar su fuerza muscular: el salto de longitud con dos piernas y la fuerza de la mano. Los datos revelaron una asociaci\u00f3n entre la fuerza y el riesgo cardiovascular prematuro, mostrando que existen unos umbrales m\u00ednimos de fuerza a partir de los cu\u00e1les el riesgo cardiovascular se incrementa de forma ostensible\u201d, explica Oscar Veiga, coautor el art\u00edculo e investigador del departamento de Educaci\u00f3n F\u00edsica, Deporte y Motricidad Humana de la UAM.<\/p>\n<h3>Dinapenia pedi\u00e1trica<\/h3>\n<p>El comentario de la revista sobre el art\u00edculo, a cargo del profesor Avery Faigenbaum del New Jersey College, destaca la importancia de la identificaci\u00f3n y detecci\u00f3n temprana de la dinapenia pedi\u00e1trica. Este fen\u00f3meno hace referencia a una condici\u00f3n adquirida caracterizada por bajos niveles de fuerza y potencia, con sus consecuentes limitaciones funcionales, que no est\u00e1 producida por un d\u00e9ficit neurol\u00f3gico o una enfermedad muscular.<\/p>\n<p>Faigenbaum destaca la importancia de que en este estudio los investigadores espa\u00f1oles hayan identificado umbrales de fuerza muscular que se asocian con un riesgo cardiovascular incrementado durante la infancia, y que muestren que la asociaci\u00f3n entre fuerza muscular y riesgo cardiovascular es independiente de la condici\u00f3n f\u00edsica cardiovascular, que es la que tradicionalmente se ha vinculado a una mejor salud cardiovascular.<\/p>\n<p>El profesor tambi\u00e9n se\u00f1ala que los resultados obtenidos ponen de manifiesto la conveniencia de identificar de forma temprana a los ni\u00f1os d\u00e9biles y la necesidad de intervenir para promover en ellos el desarrollo de niveles de fuerza sanos. \u201cLos pediatras deber\u00edan utilizar los test de fuerza, que son f\u00e1cilmente administrables, para el cribado de la debilidad infantil junto con otras valoraciones de salud en edad pedi\u00e1trica. Asimismo, la debilidad muscular en ni\u00f1os deber\u00eda ser considerado un biomarcador de salud y ser tratado de la misma manera que otros factores de riesgo cl\u00e1sicos, como la obesidad o la dislipidemia\u201d, concluye.<\/p>\n<p>SINC<\/p>\n","protected":false},"excerpt":{"rendered":"<p>Un art\u00edculo firmado por investigadores de la Universidad Aut\u00f3noma de Madrid (UAM), la Universidad de C\u00e1diz y el CSIC ha sido destacado por la revista especializada Pediatric Exercise Science como uno de los m\u00e1s relevantes publicado en el \u00e1rea de ejercicio pedi\u00e1trico en 2018, en concreto como el art\u00edculo m\u00e1s relevante sobre la tem\u00e1tica de<\/p>\n","protected":false},"author":1,"featured_media":120406,"comment_status":"closed","ping_status":"closed","sticky":false,"template":"","format":"standard","meta":{"footnotes":""},"categories":[143],"tags":[],"class_list":{"0":"post-120405","1":"post","2":"type-post","3":"status-publish","4":"format-standard","5":"has-post-thumbnail","7":"category-sociedad"},"aioseo_notices":[],"aioseo_head":"\n\t\t<!-- All in One SEO Pro 4.9.6.2 - aioseo.com -->\n\t<meta name=\"description\" content=\"Un art\u00edculo firmado por investigadores de la Universidad Aut\u00f3noma de Madrid (UAM), la Universidad de C\u00e1diz y el CSIC ha sido destacado por la revista especializada Pediatric Exercise Science como uno de los m\u00e1s relevantes publicado en el \u00e1rea de ejercicio pedi\u00e1trico en 2018, en concreto como el art\u00edculo m\u00e1s relevante sobre la tem\u00e1tica de\" \/>\n\t<meta name=\"robots\" content=\"max-image-preview:large\" \/>\n\t<meta name=\"author\" content=\"Cand\u00e1s 365\"\/>\n\t<meta name=\"google-site-verification\" content=\"UA-32230408-1\" \/>\n\t<meta name=\"msvalidate.01\" content=\"354F3CDFB2DA171B47FBE9ABF1F88D5\" \/>\n\t<meta name=\"keywords\" content=\"sociedad\" \/>\n\t<link rel=\"canonical\" href=\"https:\/\/candas365.es\/noticias\/los-umbrales-minimos-de-fuerza-muscular-en-ninos-se-asocian-con-riesgo-cardiovascular\/\" \/>\n\t<meta name=\"generator\" content=\"All in One SEO Pro (AIOSEO) 4.9.6.2\" \/>\n\t\t<meta property=\"og:locale\" content=\"es_ES\" \/>\n\t\t<meta property=\"og:site_name\" content=\"Cand\u00e1s 365\" \/>\n\t\t<meta property=\"og:type\" content=\"article\" \/>\n\t\t<meta property=\"og:title\" content=\"Los umbrales m\u00ednimos de fuerza muscular en ni\u00f1os se asocian con riesgo cardiovascular | Cand\u00e1s 365\" \/>\n\t\t<meta property=\"og:description\" content=\"Un art\u00edculo firmado por investigadores de la Universidad Aut\u00f3noma de Madrid (UAM), la Universidad de C\u00e1diz y el CSIC ha sido destacado por la revista especializada Pediatric Exercise Science como uno de los m\u00e1s relevantes publicado en el \u00e1rea de ejercicio pedi\u00e1trico en 2018, en concreto como el art\u00edculo m\u00e1s relevante sobre la tem\u00e1tica de\" \/>\n\t\t<meta property=\"og:url\" content=\"https:\/\/candas365.es\/noticias\/los-umbrales-minimos-de-fuerza-muscular-en-ninos-se-asocian-con-riesgo-cardiovascular\/\" \/>\n\t\t<meta property=\"og:image\" content=\"https:\/\/candas365.es\/noticias\/wp-content\/uploads\/2019\/04\/Los-umbrales-minimos-de-fuerza-muscular-en-ninos-se-asocian-con-riesgo-cardiovascular_image_380.jpg\" \/>\n\t\t<meta property=\"og:image:secure_url\" content=\"https:\/\/candas365.es\/noticias\/wp-content\/uploads\/2019\/04\/Los-umbrales-minimos-de-fuerza-muscular-en-ninos-se-asocian-con-riesgo-cardiovascular_image_380.jpg\" \/>\n\t\t<meta property=\"og:image:width\" content=\"600\" \/>\n\t\t<meta property=\"og:image:height\" content=\"380\" \/>\n\t\t<meta property=\"article:published_time\" content=\"2019-04-10T06:26:08+00:00\" \/>\n\t\t<meta property=\"article:modified_time\" content=\"2019-04-10T06:26:08+00:00\" \/>\n\t\t<meta property=\"article:publisher\" content=\"https:\/\/www.facebook.com\/Nachofdezber\" \/>\n\t\t<meta property=\"article:author\" content=\"https:\/\/www.facebook.com\/carrenoactualidad\" \/>\n\t\t<meta name=\"twitter:card\" content=\"summary_large_image\" \/>\n\t\t<meta name=\"twitter:site\" content=\"@NabercoDigital\" \/>\n\t\t<meta name=\"twitter:title\" content=\"Los umbrales m\u00ednimos de fuerza muscular en ni\u00f1os se asocian con riesgo cardiovascular | Cand\u00e1s 365\" \/>\n\t\t<meta name=\"twitter:description\" content=\"Un art\u00edculo firmado por investigadores de la Universidad Aut\u00f3noma de Madrid (UAM), la Universidad de C\u00e1diz y el CSIC ha sido destacado por la revista especializada Pediatric Exercise Science como uno de los m\u00e1s relevantes publicado en el \u00e1rea de ejercicio pedi\u00e1trico en 2018, en concreto como el art\u00edculo m\u00e1s relevante sobre la tem\u00e1tica de\" \/>\n\t\t<meta name=\"twitter:creator\" content=\"@nbasturias\" \/>\n\t\t<meta name=\"twitter:image\" content=\"https:\/\/candas365.es\/noticias\/wp-content\/uploads\/2019\/04\/Los-umbrales-minimos-de-fuerza-muscular-en-ninos-se-asocian-con-riesgo-cardiovascular_image_380.jpg\" \/>\n\t\t<meta name=\"twitter:label1\" content=\"Escrito por\" \/>\n\t\t<meta name=\"twitter:data1\" content=\"Cand\u00e1s 365\" \/>\n\t\t<meta name=\"twitter:label2\" content=\"Tiempo de lectura estimado\" \/>\n\t\t<meta name=\"twitter:data2\" content=\"2 minutos\" \/>\n\t\t<script type=\"application\/ld+json\" class=\"aioseo-schema\">\n\t\t\t{\"@context\":\"https:\\\/\\\/schema.org\",\"@graph\":[{\"@type\":\"BreadcrumbList\",\"@id\":\"https:\\\/\\\/candas365.es\\\/noticias\\\/los-umbrales-minimos-de-fuerza-muscular-en-ninos-se-asocian-con-riesgo-cardiovascular\\\/#breadcrumblist\",\"itemListElement\":[{\"@type\":\"ListItem\",\"@id\":\"https:\\\/\\\/candas365.es\\\/noticias#listItem\",\"position\":1,\"name\":\"Home\",\"item\":\"https:\\\/\\\/candas365.es\\\/noticias\",\"nextItem\":{\"@type\":\"ListItem\",\"@id\":\"https:\\\/\\\/candas365.es\\\/noticias\\\/category\\\/sociedad\\\/#listItem\",\"name\":\"Sociedad\"}},{\"@type\":\"ListItem\",\"@id\":\"https:\\\/\\\/candas365.es\\\/noticias\\\/category\\\/sociedad\\\/#listItem\",\"position\":2,\"name\":\"Sociedad\",\"item\":\"https:\\\/\\\/candas365.es\\\/noticias\\\/category\\\/sociedad\\\/\",\"nextItem\":{\"@type\":\"ListItem\",\"@id\":\"https:\\\/\\\/candas365.es\\\/noticias\\\/los-umbrales-minimos-de-fuerza-muscular-en-ninos-se-asocian-con-riesgo-cardiovascular\\\/#listItem\",\"name\":\"Los umbrales m\\u00ednimos de fuerza muscular en ni\\u00f1os se asocian con riesgo cardiovascular\"},\"previousItem\":{\"@type\":\"ListItem\",\"@id\":\"https:\\\/\\\/candas365.es\\\/noticias#listItem\",\"name\":\"Home\"}},{\"@type\":\"ListItem\",\"@id\":\"https:\\\/\\\/candas365.es\\\/noticias\\\/los-umbrales-minimos-de-fuerza-muscular-en-ninos-se-asocian-con-riesgo-cardiovascular\\\/#listItem\",\"position\":3,\"name\":\"Los umbrales m\\u00ednimos de fuerza muscular en ni\\u00f1os se asocian con riesgo cardiovascular\",\"previousItem\":{\"@type\":\"ListItem\",\"@id\":\"https:\\\/\\\/candas365.es\\\/noticias\\\/category\\\/sociedad\\\/#listItem\",\"name\":\"Sociedad\"}}]},{\"@type\":\"NewsArticle\",\"@id\":\"https:\\\/\\\/candas365.es\\\/noticias\\\/los-umbrales-minimos-de-fuerza-muscular-en-ninos-se-asocian-con-riesgo-cardiovascular\\\/#newsarticle\",\"name\":\"Los umbrales m\\u00ednimos de fuerza muscular en ni\\u00f1os se asocian con riesgo cardiovascular | Cand\\u00e1s 365\",\"headline\":\"Los umbrales m\\u00ednimos de fuerza muscular en ni\\u00f1os se asocian con riesgo cardiovascular\",\"author\":{\"@id\":\"https:\\\/\\\/candas365.es\\\/noticias\\\/author\\\/admin\\\/#author\"},\"publisher\":{\"@id\":\"https:\\\/\\\/candas365.es\\\/noticias\\\/#organization\"},\"image\":{\"@type\":\"ImageObject\",\"url\":\"https:\\\/\\\/candas365.es\\\/noticias\\\/wp-content\\\/uploads\\\/2019\\\/04\\\/Los-umbrales-minimos-de-fuerza-muscular-en-ninos-se-asocian-con-riesgo-cardiovascular_image_380.jpg\",\"width\":600,\"height\":380},\"datePublished\":\"2019-04-10T06:26:08+02:00\",\"dateModified\":\"2019-04-10T06:26:08+02:00\",\"inLanguage\":\"es-ES\",\"mainEntityOfPage\":{\"@id\":\"https:\\\/\\\/candas365.es\\\/noticias\\\/los-umbrales-minimos-de-fuerza-muscular-en-ninos-se-asocian-con-riesgo-cardiovascular\\\/#webpage\"},\"isPartOf\":{\"@id\":\"https:\\\/\\\/candas365.es\\\/noticias\\\/los-umbrales-minimos-de-fuerza-muscular-en-ninos-se-asocian-con-riesgo-cardiovascular\\\/#webpage\"},\"articleSection\":\"Sociedad\",\"dateline\":\"Publicado el abril 10, 2019.\"},{\"@type\":\"Organization\",\"@id\":\"https:\\\/\\\/candas365.es\\\/noticias\\\/#organization\",\"name\":\"Cand\\u00e1s 365\",\"description\":\"Cand\\u00e1s 365 es un diario digital independiente, fundado en 2012, con base en Asturias. Informamos con rigor sobre actualidad, sociedad, cultura y ocio, con una mirada local y global.\",\"url\":\"https:\\\/\\\/candas365.es\\\/noticias\\\/\",\"email\":\"info@candas365.es\",\"telephone\":\"+34652131393\",\"foundingDate\":\"2012-06-10\",\"logo\":{\"@type\":\"ImageObject\",\"url\":\"https:\\\/\\\/candas365.es\\\/noticias\\\/wp-content\\\/uploads\\\/2024\\\/09\\\/Candas-365-Redes.jpg\",\"@id\":\"https:\\\/\\\/candas365.es\\\/noticias\\\/los-umbrales-minimos-de-fuerza-muscular-en-ninos-se-asocian-con-riesgo-cardiovascular\\\/#organizationLogo\",\"width\":1152,\"height\":864,\"caption\":\"Cand\\u00e1s 365 Redes\"},\"image\":{\"@id\":\"https:\\\/\\\/candas365.es\\\/noticias\\\/los-umbrales-minimos-de-fuerza-muscular-en-ninos-se-asocian-con-riesgo-cardiovascular\\\/#organizationLogo\"},\"sameAs\":[\"https:\\\/\\\/www.facebook.com\\\/Nachofdezber\",\"https:\\\/\\\/x.com\\\/NabercoDigital\",\"https:\\\/\\\/www.instagram.com\\\/nachofdezber\\\/\",\"https:\\\/\\\/www.youtube.com\\\/channel\\\/UCZP-2wLEB9Rv6erhFmqVnvg\"],\"address\":{\"@id\":\"https:\\\/\\\/candas365.es\\\/noticias\\\/#postaladdress\",\"@type\":\"PostalAddress\",\"streetAddress\":\"san antonio 4, san antonio 4\",\"postalCode\":\"33430\",\"addressLocality\":\"Cand\\u00e1s\",\"addressRegion\":\"Asturias\",\"addressCountry\":\"ES\"}},{\"@type\":\"Person\",\"@id\":\"https:\\\/\\\/candas365.es\\\/noticias\\\/author\\\/admin\\\/#author\",\"url\":\"https:\\\/\\\/candas365.es\\\/noticias\\\/author\\\/admin\\\/\",\"name\":\"Cand\\u00e1s 365\",\"image\":{\"@type\":\"ImageObject\",\"@id\":\"https:\\\/\\\/candas365.es\\\/noticias\\\/los-umbrales-minimos-de-fuerza-muscular-en-ninos-se-asocian-con-riesgo-cardiovascular\\\/#authorImage\",\"url\":\"https:\\\/\\\/secure.gravatar.com\\\/avatar\\\/496a8e03d0c493ede1718b7934145dbdf8d89be1036b0eec9544e1094c9de390?s=96&d=mm&r=g\",\"width\":96,\"height\":96,\"caption\":\"Cand\\u00e1s 365\"},\"sameAs\":[\"https:\\\/\\\/www.facebook.com\\\/carrenoactualidad\",\"https:\\\/\\\/twitter.com\\\/nbasturias\",\"https:\\\/\\\/www.instagram.com\\\/nachofdezber\\\/\",\"https:\\\/\\\/www.youtube.com\\\/channel\\\/UCZP-2wLEB9Rv6erhFmqVnvg\"]},{\"@type\":\"WebPage\",\"@id\":\"https:\\\/\\\/candas365.es\\\/noticias\\\/los-umbrales-minimos-de-fuerza-muscular-en-ninos-se-asocian-con-riesgo-cardiovascular\\\/#webpage\",\"url\":\"https:\\\/\\\/candas365.es\\\/noticias\\\/los-umbrales-minimos-de-fuerza-muscular-en-ninos-se-asocian-con-riesgo-cardiovascular\\\/\",\"name\":\"Los umbrales m\\u00ednimos de fuerza muscular en ni\\u00f1os se asocian con riesgo cardiovascular | Cand\\u00e1s 365\",\"description\":\"Un art\\u00edculo firmado por investigadores de la Universidad Aut\\u00f3noma de Madrid (UAM), la Universidad de C\\u00e1diz y el CSIC ha sido destacado por la revista especializada Pediatric Exercise Science como uno de los m\\u00e1s relevantes publicado en el \\u00e1rea de ejercicio pedi\\u00e1trico en 2018, en concreto como el art\\u00edculo m\\u00e1s relevante sobre la tem\\u00e1tica de\",\"inLanguage\":\"es-ES\",\"isPartOf\":{\"@id\":\"https:\\\/\\\/candas365.es\\\/noticias\\\/#website\"},\"breadcrumb\":{\"@id\":\"https:\\\/\\\/candas365.es\\\/noticias\\\/los-umbrales-minimos-de-fuerza-muscular-en-ninos-se-asocian-con-riesgo-cardiovascular\\\/#breadcrumblist\"},\"author\":{\"@id\":\"https:\\\/\\\/candas365.es\\\/noticias\\\/author\\\/admin\\\/#author\"},\"creator\":{\"@id\":\"https:\\\/\\\/candas365.es\\\/noticias\\\/author\\\/admin\\\/#author\"},\"image\":{\"@type\":\"ImageObject\",\"url\":\"https:\\\/\\\/candas365.es\\\/noticias\\\/wp-content\\\/uploads\\\/2019\\\/04\\\/Los-umbrales-minimos-de-fuerza-muscular-en-ninos-se-asocian-con-riesgo-cardiovascular_image_380.jpg\",\"@id\":\"https:\\\/\\\/candas365.es\\\/noticias\\\/los-umbrales-minimos-de-fuerza-muscular-en-ninos-se-asocian-con-riesgo-cardiovascular\\\/#mainImage\",\"width\":600,\"height\":380},\"primaryImageOfPage\":{\"@id\":\"https:\\\/\\\/candas365.es\\\/noticias\\\/los-umbrales-minimos-de-fuerza-muscular-en-ninos-se-asocian-con-riesgo-cardiovascular\\\/#mainImage\"},\"datePublished\":\"2019-04-10T06:26:08+02:00\",\"dateModified\":\"2019-04-10T06:26:08+02:00\"},{\"@type\":\"WebSite\",\"@id\":\"https:\\\/\\\/candas365.es\\\/noticias\\\/#website\",\"url\":\"https:\\\/\\\/candas365.es\\\/noticias\\\/\",\"name\":\"Cand\\u00e1s 365\",\"alternateName\":\"Cand\\u00e1s 365 Noticias\",\"description\":\"Actualidad desde Carre\\u00f1o para el mundo\",\"inLanguage\":\"es-ES\",\"publisher\":{\"@id\":\"https:\\\/\\\/candas365.es\\\/noticias\\\/#organization\"}}]}\n\t\t<\/script>\n\t\t<!-- All in One SEO Pro -->\r\n\t\t<title>Los umbrales m\u00ednimos de fuerza muscular en ni\u00f1os se asocian con riesgo cardiovascular | Cand\u00e1s 365<\/title>\n\n","aioseo_head_json":{"title":"Los umbrales m\u00ednimos de fuerza muscular en ni\u00f1os se asocian con riesgo cardiovascular | Cand\u00e1s 365","description":"Un art\u00edculo firmado por investigadores de la Universidad Aut\u00f3noma de Madrid (UAM), la Universidad de C\u00e1diz y el CSIC ha sido destacado por la revista especializada Pediatric Exercise Science como uno de los m\u00e1s relevantes publicado en el \u00e1rea de ejercicio pedi\u00e1trico en 2018, en concreto como el art\u00edculo m\u00e1s relevante sobre la tem\u00e1tica de","canonical_url":"https:\/\/candas365.es\/noticias\/los-umbrales-minimos-de-fuerza-muscular-en-ninos-se-asocian-con-riesgo-cardiovascular\/","robots":"max-image-preview:large","keywords":"sociedad","webmasterTools":{"google-site-verification":"UA-32230408-1","msvalidate.01":"354F3CDFB2DA171B47FBE9ABF1F88D5","miscellaneous":""},"schema":{"@context":"https:\/\/schema.org","@graph":[{"@type":"BreadcrumbList","@id":"https:\/\/candas365.es\/noticias\/los-umbrales-minimos-de-fuerza-muscular-en-ninos-se-asocian-con-riesgo-cardiovascular\/#breadcrumblist","itemListElement":[{"@type":"ListItem","@id":"https:\/\/candas365.es\/noticias#listItem","position":1,"name":"Home","item":"https:\/\/candas365.es\/noticias","nextItem":{"@type":"ListItem","@id":"https:\/\/candas365.es\/noticias\/category\/sociedad\/#listItem","name":"Sociedad"}},{"@type":"ListItem","@id":"https:\/\/candas365.es\/noticias\/category\/sociedad\/#listItem","position":2,"name":"Sociedad","item":"https:\/\/candas365.es\/noticias\/category\/sociedad\/","nextItem":{"@type":"ListItem","@id":"https:\/\/candas365.es\/noticias\/los-umbrales-minimos-de-fuerza-muscular-en-ninos-se-asocian-con-riesgo-cardiovascular\/#listItem","name":"Los umbrales m\u00ednimos de fuerza muscular en ni\u00f1os se asocian con riesgo cardiovascular"},"previousItem":{"@type":"ListItem","@id":"https:\/\/candas365.es\/noticias#listItem","name":"Home"}},{"@type":"ListItem","@id":"https:\/\/candas365.es\/noticias\/los-umbrales-minimos-de-fuerza-muscular-en-ninos-se-asocian-con-riesgo-cardiovascular\/#listItem","position":3,"name":"Los umbrales m\u00ednimos de fuerza muscular en ni\u00f1os se asocian con riesgo cardiovascular","previousItem":{"@type":"ListItem","@id":"https:\/\/candas365.es\/noticias\/category\/sociedad\/#listItem","name":"Sociedad"}}]},{"@type":"NewsArticle","@id":"https:\/\/candas365.es\/noticias\/los-umbrales-minimos-de-fuerza-muscular-en-ninos-se-asocian-con-riesgo-cardiovascular\/#newsarticle","name":"Los umbrales m\u00ednimos de fuerza muscular en ni\u00f1os se asocian con riesgo cardiovascular | Cand\u00e1s 365","headline":"Los umbrales m\u00ednimos de fuerza muscular en ni\u00f1os se asocian con riesgo cardiovascular","author":{"@id":"https:\/\/candas365.es\/noticias\/author\/admin\/#author"},"publisher":{"@id":"https:\/\/candas365.es\/noticias\/#organization"},"image":{"@type":"ImageObject","url":"https:\/\/candas365.es\/noticias\/wp-content\/uploads\/2019\/04\/Los-umbrales-minimos-de-fuerza-muscular-en-ninos-se-asocian-con-riesgo-cardiovascular_image_380.jpg","width":600,"height":380},"datePublished":"2019-04-10T06:26:08+02:00","dateModified":"2019-04-10T06:26:08+02:00","inLanguage":"es-ES","mainEntityOfPage":{"@id":"https:\/\/candas365.es\/noticias\/los-umbrales-minimos-de-fuerza-muscular-en-ninos-se-asocian-con-riesgo-cardiovascular\/#webpage"},"isPartOf":{"@id":"https:\/\/candas365.es\/noticias\/los-umbrales-minimos-de-fuerza-muscular-en-ninos-se-asocian-con-riesgo-cardiovascular\/#webpage"},"articleSection":"Sociedad","dateline":"Publicado el abril 10, 2019."},{"@type":"Organization","@id":"https:\/\/candas365.es\/noticias\/#organization","name":"Cand\u00e1s 365","description":"Cand\u00e1s 365 es un diario digital independiente, fundado en 2012, con base en Asturias. Informamos con rigor sobre actualidad, sociedad, cultura y ocio, con una mirada local y global.","url":"https:\/\/candas365.es\/noticias\/","email":"info@candas365.es","telephone":"+34652131393","foundingDate":"2012-06-10","logo":{"@type":"ImageObject","url":"https:\/\/candas365.es\/noticias\/wp-content\/uploads\/2024\/09\/Candas-365-Redes.jpg","@id":"https:\/\/candas365.es\/noticias\/los-umbrales-minimos-de-fuerza-muscular-en-ninos-se-asocian-con-riesgo-cardiovascular\/#organizationLogo","width":1152,"height":864,"caption":"Cand\u00e1s 365 Redes"},"image":{"@id":"https:\/\/candas365.es\/noticias\/los-umbrales-minimos-de-fuerza-muscular-en-ninos-se-asocian-con-riesgo-cardiovascular\/#organizationLogo"},"sameAs":["https:\/\/www.facebook.com\/Nachofdezber","https:\/\/x.com\/NabercoDigital","https:\/\/www.instagram.com\/nachofdezber\/","https:\/\/www.youtube.com\/channel\/UCZP-2wLEB9Rv6erhFmqVnvg"],"address":{"@id":"https:\/\/candas365.es\/noticias\/#postaladdress","@type":"PostalAddress","streetAddress":"san antonio 4, san antonio 4","postalCode":"33430","addressLocality":"Cand\u00e1s","addressRegion":"Asturias","addressCountry":"ES"}},{"@type":"Person","@id":"https:\/\/candas365.es\/noticias\/author\/admin\/#author","url":"https:\/\/candas365.es\/noticias\/author\/admin\/","name":"Cand\u00e1s 365","image":{"@type":"ImageObject","@id":"https:\/\/candas365.es\/noticias\/los-umbrales-minimos-de-fuerza-muscular-en-ninos-se-asocian-con-riesgo-cardiovascular\/#authorImage","url":"https:\/\/secure.gravatar.com\/avatar\/496a8e03d0c493ede1718b7934145dbdf8d89be1036b0eec9544e1094c9de390?s=96&d=mm&r=g","width":96,"height":96,"caption":"Cand\u00e1s 365"},"sameAs":["https:\/\/www.facebook.com\/carrenoactualidad","https:\/\/twitter.com\/nbasturias","https:\/\/www.instagram.com\/nachofdezber\/","https:\/\/www.youtube.com\/channel\/UCZP-2wLEB9Rv6erhFmqVnvg"]},{"@type":"WebPage","@id":"https:\/\/candas365.es\/noticias\/los-umbrales-minimos-de-fuerza-muscular-en-ninos-se-asocian-con-riesgo-cardiovascular\/#webpage","url":"https:\/\/candas365.es\/noticias\/los-umbrales-minimos-de-fuerza-muscular-en-ninos-se-asocian-con-riesgo-cardiovascular\/","name":"Los umbrales m\u00ednimos de fuerza muscular en ni\u00f1os se asocian con riesgo cardiovascular | Cand\u00e1s 365","description":"Un art\u00edculo firmado por investigadores de la Universidad Aut\u00f3noma de Madrid (UAM), la Universidad de C\u00e1diz y el CSIC ha sido destacado por la revista especializada Pediatric Exercise Science como uno de los m\u00e1s relevantes publicado en el \u00e1rea de ejercicio pedi\u00e1trico en 2018, en concreto como el art\u00edculo m\u00e1s relevante sobre la tem\u00e1tica de","inLanguage":"es-ES","isPartOf":{"@id":"https:\/\/candas365.es\/noticias\/#website"},"breadcrumb":{"@id":"https:\/\/candas365.es\/noticias\/los-umbrales-minimos-de-fuerza-muscular-en-ninos-se-asocian-con-riesgo-cardiovascular\/#breadcrumblist"},"author":{"@id":"https:\/\/candas365.es\/noticias\/author\/admin\/#author"},"creator":{"@id":"https:\/\/candas365.es\/noticias\/author\/admin\/#author"},"image":{"@type":"ImageObject","url":"https:\/\/candas365.es\/noticias\/wp-content\/uploads\/2019\/04\/Los-umbrales-minimos-de-fuerza-muscular-en-ninos-se-asocian-con-riesgo-cardiovascular_image_380.jpg","@id":"https:\/\/candas365.es\/noticias\/los-umbrales-minimos-de-fuerza-muscular-en-ninos-se-asocian-con-riesgo-cardiovascular\/#mainImage","width":600,"height":380},"primaryImageOfPage":{"@id":"https:\/\/candas365.es\/noticias\/los-umbrales-minimos-de-fuerza-muscular-en-ninos-se-asocian-con-riesgo-cardiovascular\/#mainImage"},"datePublished":"2019-04-10T06:26:08+02:00","dateModified":"2019-04-10T06:26:08+02:00"},{"@type":"WebSite","@id":"https:\/\/candas365.es\/noticias\/#website","url":"https:\/\/candas365.es\/noticias\/","name":"Cand\u00e1s 365","alternateName":"Cand\u00e1s 365 Noticias","description":"Actualidad desde Carre\u00f1o para el mundo","inLanguage":"es-ES","publisher":{"@id":"https:\/\/candas365.es\/noticias\/#organization"}}]},"og:locale":"es_ES","og:site_name":"Cand\u00e1s 365","og:type":"article","og:title":"Los umbrales m\u00ednimos de fuerza muscular en ni\u00f1os se asocian con riesgo cardiovascular | Cand\u00e1s 365","og:description":"Un art\u00edculo firmado por investigadores de la Universidad Aut\u00f3noma de Madrid (UAM), la Universidad de C\u00e1diz y el CSIC ha sido destacado por la revista especializada Pediatric Exercise Science como uno de los m\u00e1s relevantes publicado en el \u00e1rea de ejercicio pedi\u00e1trico en 2018, en concreto como el art\u00edculo m\u00e1s relevante sobre la tem\u00e1tica de","og:url":"https:\/\/candas365.es\/noticias\/los-umbrales-minimos-de-fuerza-muscular-en-ninos-se-asocian-con-riesgo-cardiovascular\/","og:image":"https:\/\/candas365.es\/noticias\/wp-content\/uploads\/2019\/04\/Los-umbrales-minimos-de-fuerza-muscular-en-ninos-se-asocian-con-riesgo-cardiovascular_image_380.jpg","og:image:secure_url":"https:\/\/candas365.es\/noticias\/wp-content\/uploads\/2019\/04\/Los-umbrales-minimos-de-fuerza-muscular-en-ninos-se-asocian-con-riesgo-cardiovascular_image_380.jpg","og:image:width":600,"og:image:height":380,"article:published_time":"2019-04-10T06:26:08+00:00","article:modified_time":"2019-04-10T06:26:08+00:00","article:publisher":"https:\/\/www.facebook.com\/Nachofdezber","article:author":"https:\/\/www.facebook.com\/carrenoactualidad","twitter:card":"summary_large_image","twitter:site":"@NabercoDigital","twitter:title":"Los umbrales m\u00ednimos de fuerza muscular en ni\u00f1os se asocian con riesgo cardiovascular | Cand\u00e1s 365","twitter:description":"Un art\u00edculo firmado por investigadores de la Universidad Aut\u00f3noma de Madrid (UAM), la Universidad de C\u00e1diz y el CSIC ha sido destacado por la revista especializada Pediatric Exercise Science como uno de los m\u00e1s relevantes publicado en el \u00e1rea de ejercicio pedi\u00e1trico en 2018, en concreto como el art\u00edculo m\u00e1s relevante sobre la tem\u00e1tica de","twitter:creator":"@nbasturias","twitter:image":"https:\/\/candas365.es\/noticias\/wp-content\/uploads\/2019\/04\/Los-umbrales-minimos-de-fuerza-muscular-en-ninos-se-asocian-con-riesgo-cardiovascular_image_380.jpg","twitter:label1":"Escrito por","twitter:data1":"Cand\u00e1s 365","twitter:label2":"Tiempo de lectura estimado","twitter:data2":"2 minutos"},"aioseo_meta_data":{"post_id":"120405","title":null,"description":null,"keywords":null,"keyphrases":null,"primary_term":null,"canonical_url":null,"og_title":null,"og_description":null,"og_object_type":"default","og_image_type":"default","og_image_url":null,"og_image_width":null,"og_image_height":null,"og_image_custom_url":null,"og_image_custom_fields":null,"og_video":null,"og_custom_url":null,"og_article_section":null,"og_article_tags":null,"twitter_use_og":false,"twitter_card":"default","twitter_image_type":"default","twitter_image_url":null,"twitter_image_custom_url":null,"twitter_image_custom_fields":null,"twitter_title":null,"twitter_description":null,"schema":{"blockGraphs":[],"customGraphs":[],"default":{"data":{"Article":[],"Course":[],"Dataset":[],"FAQPage":[],"Movie":[],"Person":[],"Product":[],"ProductReview":[],"Car":[],"Recipe":[],"Service":[],"SoftwareApplication":[],"WebPage":[]},"graphName":"","isEnabled":true},"graphs":[],"defaultGraph":"","defaultPostTypeGraph":""},"schema_type":null,"schema_type_options":null,"pillar_content":false,"robots_default":true,"robots_noindex":false,"robots_noarchive":false,"robots_nosnippet":false,"robots_nofollow":false,"robots_noimageindex":false,"robots_noodp":false,"robots_notranslate":false,"robots_max_snippet":null,"robots_max_videopreview":null,"robots_max_imagepreview":"large","priority":null,"frequency":null,"location":null,"local_seo":null,"seo_analyzer_scan_date":"2025-08-29 17:17:11","breadcrumb_settings":null,"limit_modified_date":false,"reviewed_by":null,"open_ai":null,"ai":null,"created":"2020-12-21 10:58:56","updated":"2025-08-29 17:17:11"},"aioseo_breadcrumb":"<div class=\"aioseo-breadcrumbs\"><span class=\"aioseo-breadcrumb\">\n\t<a href=\"https:\/\/candas365.es\/noticias\" title=\"Home\">Home<\/a>\n<\/span><span class=\"aioseo-breadcrumb-separator\">&ndash;<\/span><span class=\"aioseo-breadcrumb\">\n\t<a href=\"https:\/\/candas365.es\/noticias\/category\/sociedad\/\" title=\"Sociedad\">Sociedad<\/a>\n<\/span><span class=\"aioseo-breadcrumb-separator\">&ndash;<\/span><span class=\"aioseo-breadcrumb\">\n\tLos umbrales m\u00ednimos de fuerza muscular en ni\u00f1os se asocian con riesgo cardiovascular\n<\/span><\/div>","aioseo_breadcrumb_json":[{"label":"Home","link":"https:\/\/candas365.es\/noticias"},{"label":"Sociedad","link":"https:\/\/candas365.es\/noticias\/category\/sociedad\/"},{"label":"Los umbrales m\u00ednimos de fuerza muscular en ni\u00f1os se asocian con riesgo cardiovascular","link":"https:\/\/candas365.es\/noticias\/los-umbrales-minimos-de-fuerza-muscular-en-ninos-se-asocian-con-riesgo-cardiovascular\/"}],"_links":{"self":[{"href":"https:\/\/candas365.es\/noticias\/wp-json\/wp\/v2\/posts\/120405","targetHints":{"allow":["GET"]}}],"collection":[{"href":"https:\/\/candas365.es\/noticias\/wp-json\/wp\/v2\/posts"}],"about":[{"href":"https:\/\/candas365.es\/noticias\/wp-json\/wp\/v2\/types\/post"}],"author":[{"embeddable":true,"href":"https:\/\/candas365.es\/noticias\/wp-json\/wp\/v2\/users\/1"}],"replies":[{"embeddable":true,"href":"https:\/\/candas365.es\/noticias\/wp-json\/wp\/v2\/comments?post=120405"}],"version-history":[{"count":0,"href":"https:\/\/candas365.es\/noticias\/wp-json\/wp\/v2\/posts\/120405\/revisions"}],"wp:featuredmedia":[{"embeddable":true,"href":"https:\/\/candas365.es\/noticias\/wp-json\/wp\/v2\/media\/120406"}],"wp:attachment":[{"href":"https:\/\/candas365.es\/noticias\/wp-json\/wp\/v2\/media?parent=120405"}],"wp:term":[{"taxonomy":"category","embeddable":true,"href":"https:\/\/candas365.es\/noticias\/wp-json\/wp\/v2\/categories?post=120405"},{"taxonomy":"post_tag","embeddable":true,"href":"https:\/\/candas365.es\/noticias\/wp-json\/wp\/v2\/tags?post=120405"}],"curies":[{"name":"wp","href":"https:\/\/api.w.org\/{rel}","templated":true}]}}