{"id":120398,"date":"2019-04-10T06:21:18","date_gmt":"2019-04-10T06:21:18","guid":{"rendered":"http:\/\/candas365.es\/noticias\/?p=120398"},"modified":"2019-04-10T06:21:18","modified_gmt":"2019-04-10T06:21:18","slug":"que-paso-con-el-clima-hace-un-millon-de-anos","status":"publish","type":"post","link":"https:\/\/candas365.es\/noticias\/que-paso-con-el-clima-hace-un-millon-de-anos\/","title":{"rendered":"\u00bfQu\u00e9 pas\u00f3 con el clima hace un mill\u00f3n de a\u00f1os?"},"content":{"rendered":"<p><img fetchpriority=\"high\" decoding=\"async\" class=\"alignleft size-medium wp-image-120399\" src=\"https:\/\/candas365.es\/noticias\/wp-content\/uploads\/2019\/04\/El-clima-cambio-radicalmente-hace-un-millon-de-anos-por-la-circulacion-oceanica_image_380-360x270.jpg\" alt=\"\" width=\"360\" height=\"270\" srcset=\"https:\/\/candas365.es\/noticias\/wp-content\/uploads\/2019\/04\/El-clima-cambio-radicalmente-hace-un-millon-de-anos-por-la-circulacion-oceanica_image_380-360x270.jpg 360w, https:\/\/candas365.es\/noticias\/wp-content\/uploads\/2019\/04\/El-clima-cambio-radicalmente-hace-un-millon-de-anos-por-la-circulacion-oceanica_image_380-80x60.jpg 80w, https:\/\/candas365.es\/noticias\/wp-content\/uploads\/2019\/04\/El-clima-cambio-radicalmente-hace-un-millon-de-anos-por-la-circulacion-oceanica_image_380-265x198.jpg 265w, https:\/\/candas365.es\/noticias\/wp-content\/uploads\/2019\/04\/El-clima-cambio-radicalmente-hace-un-millon-de-anos-por-la-circulacion-oceanica_image_380.jpg 507w\" sizes=\"(max-width: 360px) 100vw, 360px\" \/>Hace un mill\u00f3n de a\u00f1os, el clima de la Tierra se alter\u00f3 de forma abrupta por causas que todav\u00eda se desconocen. Las grandes masas de hielo continental se acumularon en las regiones polares, los ciclos glaciares se volvieron m\u00e1s largos y fr\u00edos \u2013los m\u00e1s intensos en la historia del Cuaternario\u2013, y como consecuencia, el sistema clim\u00e1tico global se alter\u00f3 a escala planetaria.<\/p>\n<p>La aut\u00e9ntica naturaleza de los mecanismos que transformaron de manera radical el clima del planeta en el periodo citado ha sido motivo de debate en la comunidad cient\u00edfica internacional desde hace d\u00e9cadas. Seg\u00fan un estudio estudio publicado en la revista Nature Geoscience , una reducci\u00f3n abrupta en la intensidad de la circulaci\u00f3n oce\u00e1nica profunda o termohalina hace 950.000 a\u00f1os \u2013un fen\u00f3meno ya documentado por los ocean\u00f3grafos Leopoldo Pena y Steven Goldstein (Science, 2014)\u2013 potenci\u00f3 la captura y el almacenamiento en el oc\u00e9ano profundo del di\u00f3xido de carbono atmosf\u00e9rico (CO2) a escala planetaria.<\/p>\n<p>Como efecto de esta ralentizaci\u00f3n en la circulaci\u00f3n oce\u00e1nica global, \u00abuna parte de ese CO2 qued\u00f3 atrapada en el oc\u00e9ano profundo y ello pudo contribuir a un cambio clim\u00e1tico dr\u00e1stico en el sistema planetario\u00bb, detallan los investigadores Leopoldo Pena y Maria Jaume-Segu\u00ed, miembros del departamento de Din\u00e1mica de la Tierra y del Oc\u00e9ano de la Universidad de Barcelona y coautores del trabajo.<\/p>\n<p>Los autores del nuevo trabajo han estimado que durante las fases m\u00e1s extremas de esta transici\u00f3n clim\u00e1tica, el Atl\u00e1ntico profundo lleg\u00f3 a almacenar unos 50.000 millones de toneladas de carbono adicionales, en comparaci\u00f3n con los ciclos glaciares menos intensos que existieron con anterioridad al mill\u00f3n de a\u00f1os.<\/p>\n<p>Con estas grandes cantidades de carbono confinadas en las profundidades del oc\u00e9ano, el nivel de di\u00f3xido de carbono disminuy\u00f3 en la atm\u00f3sfera, las temperaturas globales se volvieron m\u00e1s fr\u00edas y las capas de hielo se extendieron por el planeta durante este particular periodo del Cuaternario.<\/p>\n<p>\u00abEl oc\u00e9ano profundo ha actuado y act\u00faa como un reservorio o almac\u00e9n de CO2. Cuando este gas se acumula durante centenares o miles de a\u00f1os en el fondo del oc\u00e9ano, se produce un descenso del CO2 en la atm\u00f3sfera que tiene consecuencias clim\u00e1ticas globales. Ahora bien, es importante destacar que el mecanismo opuesto tambi\u00e9n es posible\u00bb, alerta Leopoldo Pena.<\/p>\n<p>En las profundidades oce\u00e1nicas, los sedimentos marinos preservan el registro clim\u00e1tico de este per\u00edodo excepcional que signific\u00f3 un punto de inflexi\u00f3n en el clima de la Tierra. En el marco de la investigaci\u00f3n, los expertos han analizado la composici\u00f3n isot\u00f3pica de los restos fosilizados de los foramin\u00edferos planct\u00f3nicos y bent\u00f3nicos, organismos unicelulares capaces de generar una concha mineral de carbonato c\u00e1lcico. El estudio de estos protozoos, que abundan en el registro f\u00f3sil de los sedimentos oce\u00e1nicos, es decisivo para conocer las caracter\u00edsticas del clima y de los ecosistemas marinos del pasado.<\/p>\n<h4>Cambio clim\u00e1tico: del pasado al futuro del planeta<\/h4>\n<p>Comprender la naturaleza de los cambios clim\u00e1ticos del pasado es clave para mejorar las previsiones sobre la evoluci\u00f3n del clima en un futuro. En la actualidad, algunos de los grandes desaf\u00edos en paleoclimatolog\u00eda y paleoceanograf\u00eda radican en conocer con exactitud los mecanismos de captura y de emisi\u00f3n de CO2 en los ecosistemas oce\u00e1nicos, identificar y determinar la dimensi\u00f3n de estos reservorios y descubrir su capacidad de respuesta frente a los cambios en la circulaci\u00f3n oce\u00e1nica.<\/p>\n<p>El nuevo estudio describe algunos de los mecanismos clim\u00e1ticos que contribuyeron a la transici\u00f3n del Pleistoceno medio y aporta nuevas perspectivas para elaborar predicciones clim\u00e1ticas futuras con mayor exactitud y fiabilidad. Seg\u00fan los expertos, todav\u00eda ser\u00e1 preciso desvelar muchas inc\u00f3gnitas sobre los cambios en la circulaci\u00f3n oce\u00e1nica profunda que marcaron este periodo.<\/p>\n<p>\u00abEl sistema clim\u00e1tico de la Tierra, tal como lo conocemos, no est\u00e1 estancado. Nuestro estudio pone de manifiesto que existen mecanismos que controlan el clima de nuestro planeta que no entendemos por completo\u00bb, explica Leopoldo Pena.<\/p>\n<p>\u00abHace un mill\u00f3n de a\u00f1os \u2013prosigue\u2013, m\u00faltiples componentes del sistema clim\u00e1tico de la Tierra actuaron en conjunci\u00f3n para impulsar el clima global hacia un estado de glaciaciones extremas y duraderas. Hoy d\u00eda, el aumento de las concentraciones atmosf\u00e9ricas de di\u00f3xido de carbono por la acci\u00f3n humana tambi\u00e9n podr\u00eda conducir el sistema clim\u00e1tico hacia un estado totalmente diferente\u00bb.<\/p>\n<p>En la actualidad, existen evidencias de que la circulaci\u00f3n oce\u00e1nica en el Atl\u00e1ntico se ha ralentizado un 15 % desde mediados del siglo XX. Independientemente de las causas que provocan este fen\u00f3meno, \u00abes importante no trazar paralelismos simplistas: se podr\u00eda caer en la tentaci\u00f3n de decir que si se ralentiza la circulaci\u00f3n, disminuir\u00e1 el CO2 atmosf\u00e9rico, pero eso ser\u00eda un error grav\u00edsimo\u00bb, advierte Leopoldo Pena.<\/p>\n<p>\u00abEn este caso \u2013contin\u00faa\u2013, las aguas superficiales ricas en CO2 no ser\u00edan transportadas al oc\u00e9ano profundo, mientras que en regiones como la Ant\u00e1rtida, las aguas profundas ricas en CO2 seguir\u00edan llegando a la superficie, y en consecuencia el CO2 atmosf\u00e9rico seguir\u00eda aumentando\u00bb.<\/p>\n<p>SINC<\/p>\n","protected":false},"excerpt":{"rendered":"<p>Hace un mill\u00f3n de a\u00f1os, el clima de la Tierra se alter\u00f3 de forma abrupta por causas que todav\u00eda se desconocen. Las grandes masas de hielo continental se acumularon en las regiones polares, los ciclos glaciares se volvieron m\u00e1s largos y fr\u00edos \u2013los m\u00e1s intensos en la historia del Cuaternario\u2013, y como consecuencia, el sistema<\/p>\n","protected":false},"author":1,"featured_media":120399,"comment_status":"closed","ping_status":"closed","sticky":false,"template":"","format":"standard","meta":{"footnotes":""},"categories":[143],"tags":[],"class_list":{"0":"post-120398","1":"post","2":"type-post","3":"status-publish","4":"format-standard","5":"has-post-thumbnail","7":"category-sociedad"},"aioseo_notices":[],"aioseo_head":"\n\t\t<!-- All in One SEO Pro 4.9.6.2 - aioseo.com -->\n\t<meta name=\"description\" content=\"Hace un mill\u00f3n de a\u00f1os, el clima de la Tierra se alter\u00f3 de forma abrupta por causas que todav\u00eda se desconocen. Las grandes masas de hielo continental se acumularon en las regiones polares, los ciclos glaciares se volvieron m\u00e1s largos y fr\u00edos \u2013los m\u00e1s intensos en la historia del Cuaternario\u2013, y como consecuencia, el sistema\" \/>\n\t<meta name=\"robots\" content=\"max-image-preview:large\" \/>\n\t<meta name=\"author\" content=\"Cand\u00e1s 365\"\/>\n\t<meta name=\"google-site-verification\" content=\"UA-32230408-1\" \/>\n\t<meta name=\"msvalidate.01\" content=\"354F3CDFB2DA171B47FBE9ABF1F88D5\" \/>\n\t<meta name=\"keywords\" content=\"sociedad\" \/>\n\t<link rel=\"canonical\" href=\"https:\/\/candas365.es\/noticias\/que-paso-con-el-clima-hace-un-millon-de-anos\/\" \/>\n\t<meta name=\"generator\" content=\"All in One SEO Pro (AIOSEO) 4.9.6.2\" \/>\n\t\t<meta property=\"og:locale\" content=\"es_ES\" \/>\n\t\t<meta property=\"og:site_name\" content=\"Cand\u00e1s 365\" \/>\n\t\t<meta property=\"og:type\" content=\"article\" \/>\n\t\t<meta property=\"og:title\" content=\"\u00bfQu\u00e9 pas\u00f3 con el clima hace un mill\u00f3n de a\u00f1os? | Cand\u00e1s 365\" \/>\n\t\t<meta property=\"og:description\" content=\"Hace un mill\u00f3n de a\u00f1os, el clima de la Tierra se alter\u00f3 de forma abrupta por causas que todav\u00eda se desconocen. Las grandes masas de hielo continental se acumularon en las regiones polares, los ciclos glaciares se volvieron m\u00e1s largos y fr\u00edos \u2013los m\u00e1s intensos en la historia del Cuaternario\u2013, y como consecuencia, el sistema\" \/>\n\t\t<meta property=\"og:url\" content=\"https:\/\/candas365.es\/noticias\/que-paso-con-el-clima-hace-un-millon-de-anos\/\" \/>\n\t\t<meta property=\"og:image\" content=\"https:\/\/candas365.es\/noticias\/wp-content\/uploads\/2019\/04\/El-clima-cambio-radicalmente-hace-un-millon-de-anos-por-la-circulacion-oceanica_image_380.jpg\" \/>\n\t\t<meta property=\"og:image:secure_url\" content=\"https:\/\/candas365.es\/noticias\/wp-content\/uploads\/2019\/04\/El-clima-cambio-radicalmente-hace-un-millon-de-anos-por-la-circulacion-oceanica_image_380.jpg\" \/>\n\t\t<meta property=\"og:image:width\" content=\"507\" \/>\n\t\t<meta property=\"og:image:height\" content=\"380\" \/>\n\t\t<meta property=\"article:published_time\" content=\"2019-04-10T06:21:18+00:00\" \/>\n\t\t<meta property=\"article:modified_time\" content=\"2019-04-10T06:21:18+00:00\" \/>\n\t\t<meta property=\"article:publisher\" content=\"https:\/\/www.facebook.com\/Nachofdezber\" \/>\n\t\t<meta property=\"article:author\" content=\"https:\/\/www.facebook.com\/carrenoactualidad\" \/>\n\t\t<meta name=\"twitter:card\" content=\"summary_large_image\" \/>\n\t\t<meta name=\"twitter:site\" content=\"@NabercoDigital\" \/>\n\t\t<meta name=\"twitter:title\" content=\"\u00bfQu\u00e9 pas\u00f3 con el clima hace un mill\u00f3n de a\u00f1os? | Cand\u00e1s 365\" \/>\n\t\t<meta name=\"twitter:description\" content=\"Hace un mill\u00f3n de a\u00f1os, el clima de la Tierra se alter\u00f3 de forma abrupta por causas que todav\u00eda se desconocen. Las grandes masas de hielo continental se acumularon en las regiones polares, los ciclos glaciares se volvieron m\u00e1s largos y fr\u00edos \u2013los m\u00e1s intensos en la historia del Cuaternario\u2013, y como consecuencia, el sistema\" \/>\n\t\t<meta name=\"twitter:creator\" content=\"@nbasturias\" \/>\n\t\t<meta name=\"twitter:image\" content=\"https:\/\/candas365.es\/noticias\/wp-content\/uploads\/2019\/04\/El-clima-cambio-radicalmente-hace-un-millon-de-anos-por-la-circulacion-oceanica_image_380.jpg\" \/>\n\t\t<meta name=\"twitter:label1\" content=\"Escrito por\" \/>\n\t\t<meta name=\"twitter:data1\" content=\"Cand\u00e1s 365\" \/>\n\t\t<meta name=\"twitter:label2\" content=\"Tiempo de lectura estimado\" \/>\n\t\t<meta name=\"twitter:data2\" content=\"4 minutos\" \/>\n\t\t<script type=\"application\/ld+json\" class=\"aioseo-schema\">\n\t\t\t{\"@context\":\"https:\\\/\\\/schema.org\",\"@graph\":[{\"@type\":\"BreadcrumbList\",\"@id\":\"https:\\\/\\\/candas365.es\\\/noticias\\\/que-paso-con-el-clima-hace-un-millon-de-anos\\\/#breadcrumblist\",\"itemListElement\":[{\"@type\":\"ListItem\",\"@id\":\"https:\\\/\\\/candas365.es\\\/noticias#listItem\",\"position\":1,\"name\":\"Home\",\"item\":\"https:\\\/\\\/candas365.es\\\/noticias\",\"nextItem\":{\"@type\":\"ListItem\",\"@id\":\"https:\\\/\\\/candas365.es\\\/noticias\\\/category\\\/sociedad\\\/#listItem\",\"name\":\"Sociedad\"}},{\"@type\":\"ListItem\",\"@id\":\"https:\\\/\\\/candas365.es\\\/noticias\\\/category\\\/sociedad\\\/#listItem\",\"position\":2,\"name\":\"Sociedad\",\"item\":\"https:\\\/\\\/candas365.es\\\/noticias\\\/category\\\/sociedad\\\/\",\"nextItem\":{\"@type\":\"ListItem\",\"@id\":\"https:\\\/\\\/candas365.es\\\/noticias\\\/que-paso-con-el-clima-hace-un-millon-de-anos\\\/#listItem\",\"name\":\"\\u00bfQu\\u00e9 pas\\u00f3 con el clima hace un mill\\u00f3n de a\\u00f1os?\"},\"previousItem\":{\"@type\":\"ListItem\",\"@id\":\"https:\\\/\\\/candas365.es\\\/noticias#listItem\",\"name\":\"Home\"}},{\"@type\":\"ListItem\",\"@id\":\"https:\\\/\\\/candas365.es\\\/noticias\\\/que-paso-con-el-clima-hace-un-millon-de-anos\\\/#listItem\",\"position\":3,\"name\":\"\\u00bfQu\\u00e9 pas\\u00f3 con el clima hace un mill\\u00f3n de a\\u00f1os?\",\"previousItem\":{\"@type\":\"ListItem\",\"@id\":\"https:\\\/\\\/candas365.es\\\/noticias\\\/category\\\/sociedad\\\/#listItem\",\"name\":\"Sociedad\"}}]},{\"@type\":\"NewsArticle\",\"@id\":\"https:\\\/\\\/candas365.es\\\/noticias\\\/que-paso-con-el-clima-hace-un-millon-de-anos\\\/#newsarticle\",\"name\":\"\\u00bfQu\\u00e9 pas\\u00f3 con el clima hace un mill\\u00f3n de a\\u00f1os? | Cand\\u00e1s 365\",\"headline\":\"\\u00bfQu\\u00e9 pas\\u00f3 con el clima hace un mill\\u00f3n de a\\u00f1os?\",\"author\":{\"@id\":\"https:\\\/\\\/candas365.es\\\/noticias\\\/author\\\/admin\\\/#author\"},\"publisher\":{\"@id\":\"https:\\\/\\\/candas365.es\\\/noticias\\\/#organization\"},\"image\":{\"@type\":\"ImageObject\",\"url\":\"https:\\\/\\\/candas365.es\\\/noticias\\\/wp-content\\\/uploads\\\/2019\\\/04\\\/El-clima-cambio-radicalmente-hace-un-millon-de-anos-por-la-circulacion-oceanica_image_380.jpg\",\"width\":507,\"height\":380},\"datePublished\":\"2019-04-10T06:21:18+02:00\",\"dateModified\":\"2019-04-10T06:21:18+02:00\",\"inLanguage\":\"es-ES\",\"mainEntityOfPage\":{\"@id\":\"https:\\\/\\\/candas365.es\\\/noticias\\\/que-paso-con-el-clima-hace-un-millon-de-anos\\\/#webpage\"},\"isPartOf\":{\"@id\":\"https:\\\/\\\/candas365.es\\\/noticias\\\/que-paso-con-el-clima-hace-un-millon-de-anos\\\/#webpage\"},\"articleSection\":\"Sociedad\",\"dateline\":\"Publicado el abril 10, 2019.\"},{\"@type\":\"Organization\",\"@id\":\"https:\\\/\\\/candas365.es\\\/noticias\\\/#organization\",\"name\":\"Cand\\u00e1s 365\",\"description\":\"Cand\\u00e1s 365 es un diario digital independiente, fundado en 2012, con base en Asturias. Informamos con rigor sobre actualidad, sociedad, cultura y ocio, con una mirada local y global.\",\"url\":\"https:\\\/\\\/candas365.es\\\/noticias\\\/\",\"email\":\"info@candas365.es\",\"telephone\":\"+34652131393\",\"foundingDate\":\"2012-06-10\",\"logo\":{\"@type\":\"ImageObject\",\"url\":\"https:\\\/\\\/candas365.es\\\/noticias\\\/wp-content\\\/uploads\\\/2024\\\/09\\\/Candas-365-Redes.jpg\",\"@id\":\"https:\\\/\\\/candas365.es\\\/noticias\\\/que-paso-con-el-clima-hace-un-millon-de-anos\\\/#organizationLogo\",\"width\":1152,\"height\":864,\"caption\":\"Cand\\u00e1s 365 Redes\"},\"image\":{\"@id\":\"https:\\\/\\\/candas365.es\\\/noticias\\\/que-paso-con-el-clima-hace-un-millon-de-anos\\\/#organizationLogo\"},\"sameAs\":[\"https:\\\/\\\/www.facebook.com\\\/Nachofdezber\",\"https:\\\/\\\/x.com\\\/NabercoDigital\",\"https:\\\/\\\/www.instagram.com\\\/nachofdezber\\\/\",\"https:\\\/\\\/www.youtube.com\\\/channel\\\/UCZP-2wLEB9Rv6erhFmqVnvg\"],\"address\":{\"@id\":\"https:\\\/\\\/candas365.es\\\/noticias\\\/#postaladdress\",\"@type\":\"PostalAddress\",\"streetAddress\":\"san antonio 4, san antonio 4\",\"postalCode\":\"33430\",\"addressLocality\":\"Cand\\u00e1s\",\"addressRegion\":\"Asturias\",\"addressCountry\":\"ES\"}},{\"@type\":\"Person\",\"@id\":\"https:\\\/\\\/candas365.es\\\/noticias\\\/author\\\/admin\\\/#author\",\"url\":\"https:\\\/\\\/candas365.es\\\/noticias\\\/author\\\/admin\\\/\",\"name\":\"Cand\\u00e1s 365\",\"image\":{\"@type\":\"ImageObject\",\"@id\":\"https:\\\/\\\/candas365.es\\\/noticias\\\/que-paso-con-el-clima-hace-un-millon-de-anos\\\/#authorImage\",\"url\":\"https:\\\/\\\/secure.gravatar.com\\\/avatar\\\/496a8e03d0c493ede1718b7934145dbdf8d89be1036b0eec9544e1094c9de390?s=96&d=mm&r=g\",\"width\":96,\"height\":96,\"caption\":\"Cand\\u00e1s 365\"},\"sameAs\":[\"https:\\\/\\\/www.facebook.com\\\/carrenoactualidad\",\"https:\\\/\\\/twitter.com\\\/nbasturias\",\"https:\\\/\\\/www.instagram.com\\\/nachofdezber\\\/\",\"https:\\\/\\\/www.youtube.com\\\/channel\\\/UCZP-2wLEB9Rv6erhFmqVnvg\"]},{\"@type\":\"WebPage\",\"@id\":\"https:\\\/\\\/candas365.es\\\/noticias\\\/que-paso-con-el-clima-hace-un-millon-de-anos\\\/#webpage\",\"url\":\"https:\\\/\\\/candas365.es\\\/noticias\\\/que-paso-con-el-clima-hace-un-millon-de-anos\\\/\",\"name\":\"\\u00bfQu\\u00e9 pas\\u00f3 con el clima hace un mill\\u00f3n de a\\u00f1os? | Cand\\u00e1s 365\",\"description\":\"Hace un mill\\u00f3n de a\\u00f1os, el clima de la Tierra se alter\\u00f3 de forma abrupta por causas que todav\\u00eda se desconocen. Las grandes masas de hielo continental se acumularon en las regiones polares, los ciclos glaciares se volvieron m\\u00e1s largos y fr\\u00edos \\u2013los m\\u00e1s intensos en la historia del Cuaternario\\u2013, y como consecuencia, el sistema\",\"inLanguage\":\"es-ES\",\"isPartOf\":{\"@id\":\"https:\\\/\\\/candas365.es\\\/noticias\\\/#website\"},\"breadcrumb\":{\"@id\":\"https:\\\/\\\/candas365.es\\\/noticias\\\/que-paso-con-el-clima-hace-un-millon-de-anos\\\/#breadcrumblist\"},\"author\":{\"@id\":\"https:\\\/\\\/candas365.es\\\/noticias\\\/author\\\/admin\\\/#author\"},\"creator\":{\"@id\":\"https:\\\/\\\/candas365.es\\\/noticias\\\/author\\\/admin\\\/#author\"},\"image\":{\"@type\":\"ImageObject\",\"url\":\"https:\\\/\\\/candas365.es\\\/noticias\\\/wp-content\\\/uploads\\\/2019\\\/04\\\/El-clima-cambio-radicalmente-hace-un-millon-de-anos-por-la-circulacion-oceanica_image_380.jpg\",\"@id\":\"https:\\\/\\\/candas365.es\\\/noticias\\\/que-paso-con-el-clima-hace-un-millon-de-anos\\\/#mainImage\",\"width\":507,\"height\":380},\"primaryImageOfPage\":{\"@id\":\"https:\\\/\\\/candas365.es\\\/noticias\\\/que-paso-con-el-clima-hace-un-millon-de-anos\\\/#mainImage\"},\"datePublished\":\"2019-04-10T06:21:18+02:00\",\"dateModified\":\"2019-04-10T06:21:18+02:00\"},{\"@type\":\"WebSite\",\"@id\":\"https:\\\/\\\/candas365.es\\\/noticias\\\/#website\",\"url\":\"https:\\\/\\\/candas365.es\\\/noticias\\\/\",\"name\":\"Cand\\u00e1s 365\",\"alternateName\":\"Cand\\u00e1s 365 Noticias\",\"description\":\"Actualidad desde Carre\\u00f1o para el mundo\",\"inLanguage\":\"es-ES\",\"publisher\":{\"@id\":\"https:\\\/\\\/candas365.es\\\/noticias\\\/#organization\"}}]}\n\t\t<\/script>\n\t\t<!-- All in One SEO Pro -->\r\n\t\t<title>\u00bfQu\u00e9 pas\u00f3 con el clima hace un mill\u00f3n de a\u00f1os? | Cand\u00e1s 365<\/title>\n\n","aioseo_head_json":{"title":"\u00bfQu\u00e9 pas\u00f3 con el clima hace un mill\u00f3n de a\u00f1os? | Cand\u00e1s 365","description":"Hace un mill\u00f3n de a\u00f1os, el clima de la Tierra se alter\u00f3 de forma abrupta por causas que todav\u00eda se desconocen. Las grandes masas de hielo continental se acumularon en las regiones polares, los ciclos glaciares se volvieron m\u00e1s largos y fr\u00edos \u2013los m\u00e1s intensos en la historia del Cuaternario\u2013, y como consecuencia, el sistema","canonical_url":"https:\/\/candas365.es\/noticias\/que-paso-con-el-clima-hace-un-millon-de-anos\/","robots":"max-image-preview:large","keywords":"sociedad","webmasterTools":{"google-site-verification":"UA-32230408-1","msvalidate.01":"354F3CDFB2DA171B47FBE9ABF1F88D5","miscellaneous":""},"schema":{"@context":"https:\/\/schema.org","@graph":[{"@type":"BreadcrumbList","@id":"https:\/\/candas365.es\/noticias\/que-paso-con-el-clima-hace-un-millon-de-anos\/#breadcrumblist","itemListElement":[{"@type":"ListItem","@id":"https:\/\/candas365.es\/noticias#listItem","position":1,"name":"Home","item":"https:\/\/candas365.es\/noticias","nextItem":{"@type":"ListItem","@id":"https:\/\/candas365.es\/noticias\/category\/sociedad\/#listItem","name":"Sociedad"}},{"@type":"ListItem","@id":"https:\/\/candas365.es\/noticias\/category\/sociedad\/#listItem","position":2,"name":"Sociedad","item":"https:\/\/candas365.es\/noticias\/category\/sociedad\/","nextItem":{"@type":"ListItem","@id":"https:\/\/candas365.es\/noticias\/que-paso-con-el-clima-hace-un-millon-de-anos\/#listItem","name":"\u00bfQu\u00e9 pas\u00f3 con el clima hace un mill\u00f3n de a\u00f1os?"},"previousItem":{"@type":"ListItem","@id":"https:\/\/candas365.es\/noticias#listItem","name":"Home"}},{"@type":"ListItem","@id":"https:\/\/candas365.es\/noticias\/que-paso-con-el-clima-hace-un-millon-de-anos\/#listItem","position":3,"name":"\u00bfQu\u00e9 pas\u00f3 con el clima hace un mill\u00f3n de a\u00f1os?","previousItem":{"@type":"ListItem","@id":"https:\/\/candas365.es\/noticias\/category\/sociedad\/#listItem","name":"Sociedad"}}]},{"@type":"NewsArticle","@id":"https:\/\/candas365.es\/noticias\/que-paso-con-el-clima-hace-un-millon-de-anos\/#newsarticle","name":"\u00bfQu\u00e9 pas\u00f3 con el clima hace un mill\u00f3n de a\u00f1os? | Cand\u00e1s 365","headline":"\u00bfQu\u00e9 pas\u00f3 con el clima hace un mill\u00f3n de a\u00f1os?","author":{"@id":"https:\/\/candas365.es\/noticias\/author\/admin\/#author"},"publisher":{"@id":"https:\/\/candas365.es\/noticias\/#organization"},"image":{"@type":"ImageObject","url":"https:\/\/candas365.es\/noticias\/wp-content\/uploads\/2019\/04\/El-clima-cambio-radicalmente-hace-un-millon-de-anos-por-la-circulacion-oceanica_image_380.jpg","width":507,"height":380},"datePublished":"2019-04-10T06:21:18+02:00","dateModified":"2019-04-10T06:21:18+02:00","inLanguage":"es-ES","mainEntityOfPage":{"@id":"https:\/\/candas365.es\/noticias\/que-paso-con-el-clima-hace-un-millon-de-anos\/#webpage"},"isPartOf":{"@id":"https:\/\/candas365.es\/noticias\/que-paso-con-el-clima-hace-un-millon-de-anos\/#webpage"},"articleSection":"Sociedad","dateline":"Publicado el abril 10, 2019."},{"@type":"Organization","@id":"https:\/\/candas365.es\/noticias\/#organization","name":"Cand\u00e1s 365","description":"Cand\u00e1s 365 es un diario digital independiente, fundado en 2012, con base en Asturias. Informamos con rigor sobre actualidad, sociedad, cultura y ocio, con una mirada local y global.","url":"https:\/\/candas365.es\/noticias\/","email":"info@candas365.es","telephone":"+34652131393","foundingDate":"2012-06-10","logo":{"@type":"ImageObject","url":"https:\/\/candas365.es\/noticias\/wp-content\/uploads\/2024\/09\/Candas-365-Redes.jpg","@id":"https:\/\/candas365.es\/noticias\/que-paso-con-el-clima-hace-un-millon-de-anos\/#organizationLogo","width":1152,"height":864,"caption":"Cand\u00e1s 365 Redes"},"image":{"@id":"https:\/\/candas365.es\/noticias\/que-paso-con-el-clima-hace-un-millon-de-anos\/#organizationLogo"},"sameAs":["https:\/\/www.facebook.com\/Nachofdezber","https:\/\/x.com\/NabercoDigital","https:\/\/www.instagram.com\/nachofdezber\/","https:\/\/www.youtube.com\/channel\/UCZP-2wLEB9Rv6erhFmqVnvg"],"address":{"@id":"https:\/\/candas365.es\/noticias\/#postaladdress","@type":"PostalAddress","streetAddress":"san antonio 4, san antonio 4","postalCode":"33430","addressLocality":"Cand\u00e1s","addressRegion":"Asturias","addressCountry":"ES"}},{"@type":"Person","@id":"https:\/\/candas365.es\/noticias\/author\/admin\/#author","url":"https:\/\/candas365.es\/noticias\/author\/admin\/","name":"Cand\u00e1s 365","image":{"@type":"ImageObject","@id":"https:\/\/candas365.es\/noticias\/que-paso-con-el-clima-hace-un-millon-de-anos\/#authorImage","url":"https:\/\/secure.gravatar.com\/avatar\/496a8e03d0c493ede1718b7934145dbdf8d89be1036b0eec9544e1094c9de390?s=96&d=mm&r=g","width":96,"height":96,"caption":"Cand\u00e1s 365"},"sameAs":["https:\/\/www.facebook.com\/carrenoactualidad","https:\/\/twitter.com\/nbasturias","https:\/\/www.instagram.com\/nachofdezber\/","https:\/\/www.youtube.com\/channel\/UCZP-2wLEB9Rv6erhFmqVnvg"]},{"@type":"WebPage","@id":"https:\/\/candas365.es\/noticias\/que-paso-con-el-clima-hace-un-millon-de-anos\/#webpage","url":"https:\/\/candas365.es\/noticias\/que-paso-con-el-clima-hace-un-millon-de-anos\/","name":"\u00bfQu\u00e9 pas\u00f3 con el clima hace un mill\u00f3n de a\u00f1os? | Cand\u00e1s 365","description":"Hace un mill\u00f3n de a\u00f1os, el clima de la Tierra se alter\u00f3 de forma abrupta por causas que todav\u00eda se desconocen. Las grandes masas de hielo continental se acumularon en las regiones polares, los ciclos glaciares se volvieron m\u00e1s largos y fr\u00edos \u2013los m\u00e1s intensos en la historia del Cuaternario\u2013, y como consecuencia, el sistema","inLanguage":"es-ES","isPartOf":{"@id":"https:\/\/candas365.es\/noticias\/#website"},"breadcrumb":{"@id":"https:\/\/candas365.es\/noticias\/que-paso-con-el-clima-hace-un-millon-de-anos\/#breadcrumblist"},"author":{"@id":"https:\/\/candas365.es\/noticias\/author\/admin\/#author"},"creator":{"@id":"https:\/\/candas365.es\/noticias\/author\/admin\/#author"},"image":{"@type":"ImageObject","url":"https:\/\/candas365.es\/noticias\/wp-content\/uploads\/2019\/04\/El-clima-cambio-radicalmente-hace-un-millon-de-anos-por-la-circulacion-oceanica_image_380.jpg","@id":"https:\/\/candas365.es\/noticias\/que-paso-con-el-clima-hace-un-millon-de-anos\/#mainImage","width":507,"height":380},"primaryImageOfPage":{"@id":"https:\/\/candas365.es\/noticias\/que-paso-con-el-clima-hace-un-millon-de-anos\/#mainImage"},"datePublished":"2019-04-10T06:21:18+02:00","dateModified":"2019-04-10T06:21:18+02:00"},{"@type":"WebSite","@id":"https:\/\/candas365.es\/noticias\/#website","url":"https:\/\/candas365.es\/noticias\/","name":"Cand\u00e1s 365","alternateName":"Cand\u00e1s 365 Noticias","description":"Actualidad desde Carre\u00f1o para el mundo","inLanguage":"es-ES","publisher":{"@id":"https:\/\/candas365.es\/noticias\/#organization"}}]},"og:locale":"es_ES","og:site_name":"Cand\u00e1s 365","og:type":"article","og:title":"\u00bfQu\u00e9 pas\u00f3 con el clima hace un mill\u00f3n de a\u00f1os? | Cand\u00e1s 365","og:description":"Hace un mill\u00f3n de a\u00f1os, el clima de la Tierra se alter\u00f3 de forma abrupta por causas que todav\u00eda se desconocen. Las grandes masas de hielo continental se acumularon en las regiones polares, los ciclos glaciares se volvieron m\u00e1s largos y fr\u00edos \u2013los m\u00e1s intensos en la historia del Cuaternario\u2013, y como consecuencia, el sistema","og:url":"https:\/\/candas365.es\/noticias\/que-paso-con-el-clima-hace-un-millon-de-anos\/","og:image":"https:\/\/candas365.es\/noticias\/wp-content\/uploads\/2019\/04\/El-clima-cambio-radicalmente-hace-un-millon-de-anos-por-la-circulacion-oceanica_image_380.jpg","og:image:secure_url":"https:\/\/candas365.es\/noticias\/wp-content\/uploads\/2019\/04\/El-clima-cambio-radicalmente-hace-un-millon-de-anos-por-la-circulacion-oceanica_image_380.jpg","og:image:width":507,"og:image:height":380,"article:published_time":"2019-04-10T06:21:18+00:00","article:modified_time":"2019-04-10T06:21:18+00:00","article:publisher":"https:\/\/www.facebook.com\/Nachofdezber","article:author":"https:\/\/www.facebook.com\/carrenoactualidad","twitter:card":"summary_large_image","twitter:site":"@NabercoDigital","twitter:title":"\u00bfQu\u00e9 pas\u00f3 con el clima hace un mill\u00f3n de a\u00f1os? | Cand\u00e1s 365","twitter:description":"Hace un mill\u00f3n de a\u00f1os, el clima de la Tierra se alter\u00f3 de forma abrupta por causas que todav\u00eda se desconocen. Las grandes masas de hielo continental se acumularon en las regiones polares, los ciclos glaciares se volvieron m\u00e1s largos y fr\u00edos \u2013los m\u00e1s intensos en la historia del Cuaternario\u2013, y como consecuencia, el sistema","twitter:creator":"@nbasturias","twitter:image":"https:\/\/candas365.es\/noticias\/wp-content\/uploads\/2019\/04\/El-clima-cambio-radicalmente-hace-un-millon-de-anos-por-la-circulacion-oceanica_image_380.jpg","twitter:label1":"Escrito por","twitter:data1":"Cand\u00e1s 365","twitter:label2":"Tiempo de lectura estimado","twitter:data2":"4 minutos"},"aioseo_meta_data":{"post_id":"120398","title":null,"description":null,"keywords":null,"keyphrases":null,"primary_term":null,"canonical_url":null,"og_title":null,"og_description":null,"og_object_type":"default","og_image_type":"default","og_image_url":null,"og_image_width":null,"og_image_height":null,"og_image_custom_url":null,"og_image_custom_fields":null,"og_video":null,"og_custom_url":null,"og_article_section":null,"og_article_tags":null,"twitter_use_og":false,"twitter_card":"default","twitter_image_type":"default","twitter_image_url":null,"twitter_image_custom_url":null,"twitter_image_custom_fields":null,"twitter_title":null,"twitter_description":null,"schema":{"blockGraphs":[],"customGraphs":[],"default":{"data":{"Article":[],"Course":[],"Dataset":[],"FAQPage":[],"Movie":[],"Person":[],"Product":[],"ProductReview":[],"Car":[],"Recipe":[],"Service":[],"SoftwareApplication":[],"WebPage":[]},"graphName":"","isEnabled":true},"graphs":[],"defaultGraph":"","defaultPostTypeGraph":""},"schema_type":null,"schema_type_options":null,"pillar_content":false,"robots_default":true,"robots_noindex":false,"robots_noarchive":false,"robots_nosnippet":false,"robots_nofollow":false,"robots_noimageindex":false,"robots_noodp":false,"robots_notranslate":false,"robots_max_snippet":null,"robots_max_videopreview":null,"robots_max_imagepreview":"large","priority":null,"frequency":null,"location":null,"local_seo":null,"seo_analyzer_scan_date":"2025-08-29 17:15:36","breadcrumb_settings":null,"limit_modified_date":false,"reviewed_by":null,"open_ai":null,"ai":null,"created":"2020-12-21 10:58:56","updated":"2025-08-29 17:15:36"},"aioseo_breadcrumb":"<div class=\"aioseo-breadcrumbs\"><span class=\"aioseo-breadcrumb\">\n\t<a href=\"https:\/\/candas365.es\/noticias\" title=\"Home\">Home<\/a>\n<\/span><span class=\"aioseo-breadcrumb-separator\">&ndash;<\/span><span class=\"aioseo-breadcrumb\">\n\t<a href=\"https:\/\/candas365.es\/noticias\/category\/sociedad\/\" title=\"Sociedad\">Sociedad<\/a>\n<\/span><span class=\"aioseo-breadcrumb-separator\">&ndash;<\/span><span class=\"aioseo-breadcrumb\">\n\t\u00bfQu\u00e9 pas\u00f3 con el clima hace un mill\u00f3n de a\u00f1os?\n<\/span><\/div>","aioseo_breadcrumb_json":[{"label":"Home","link":"https:\/\/candas365.es\/noticias"},{"label":"Sociedad","link":"https:\/\/candas365.es\/noticias\/category\/sociedad\/"},{"label":"\u00bfQu\u00e9 pas\u00f3 con el clima hace un mill\u00f3n de a\u00f1os?","link":"https:\/\/candas365.es\/noticias\/que-paso-con-el-clima-hace-un-millon-de-anos\/"}],"_links":{"self":[{"href":"https:\/\/candas365.es\/noticias\/wp-json\/wp\/v2\/posts\/120398","targetHints":{"allow":["GET"]}}],"collection":[{"href":"https:\/\/candas365.es\/noticias\/wp-json\/wp\/v2\/posts"}],"about":[{"href":"https:\/\/candas365.es\/noticias\/wp-json\/wp\/v2\/types\/post"}],"author":[{"embeddable":true,"href":"https:\/\/candas365.es\/noticias\/wp-json\/wp\/v2\/users\/1"}],"replies":[{"embeddable":true,"href":"https:\/\/candas365.es\/noticias\/wp-json\/wp\/v2\/comments?post=120398"}],"version-history":[{"count":0,"href":"https:\/\/candas365.es\/noticias\/wp-json\/wp\/v2\/posts\/120398\/revisions"}],"wp:featuredmedia":[{"embeddable":true,"href":"https:\/\/candas365.es\/noticias\/wp-json\/wp\/v2\/media\/120399"}],"wp:attachment":[{"href":"https:\/\/candas365.es\/noticias\/wp-json\/wp\/v2\/media?parent=120398"}],"wp:term":[{"taxonomy":"category","embeddable":true,"href":"https:\/\/candas365.es\/noticias\/wp-json\/wp\/v2\/categories?post=120398"},{"taxonomy":"post_tag","embeddable":true,"href":"https:\/\/candas365.es\/noticias\/wp-json\/wp\/v2\/tags?post=120398"}],"curies":[{"name":"wp","href":"https:\/\/api.w.org\/{rel}","templated":true}]}}