{"id":120199,"date":"2019-04-07T03:15:05","date_gmt":"2019-04-07T03:15:05","guid":{"rendered":"http:\/\/candas365.es\/noticias\/?p=120199"},"modified":"2019-04-07T03:15:05","modified_gmt":"2019-04-07T03:15:05","slug":"brumadinho-sigue-conmocionado-por-la-ruptura-de-la-presa","status":"publish","type":"post","link":"https:\/\/candas365.es\/noticias\/brumadinho-sigue-conmocionado-por-la-ruptura-de-la-presa\/","title":{"rendered":"Brumadinho sigue conmocionado por la ruptura de la presa"},"content":{"rendered":"<figure id=\"attachment_120200\" aria-describedby=\"caption-attachment-120200\" style=\"width: 360px\" class=\"wp-caption alignleft\"><img fetchpriority=\"high\" decoding=\"async\" class=\"size-medium wp-image-120200\" src=\"https:\/\/candas365.es\/noticias\/wp-content\/uploads\/2019\/04\/Brumadinho-360x225.jpg\" alt=\"\" width=\"360\" height=\"225\" srcset=\"https:\/\/candas365.es\/noticias\/wp-content\/uploads\/2019\/04\/Brumadinho-360x225.jpg 360w, https:\/\/candas365.es\/noticias\/wp-content\/uploads\/2019\/04\/Brumadinho-768x479.jpg 768w, https:\/\/candas365.es\/noticias\/wp-content\/uploads\/2019\/04\/Brumadinho-655x409.jpg 655w, https:\/\/candas365.es\/noticias\/wp-content\/uploads\/2019\/04\/Brumadinho-696x434.jpg 696w, https:\/\/candas365.es\/noticias\/wp-content\/uploads\/2019\/04\/Brumadinho-673x420.jpg 673w, https:\/\/candas365.es\/noticias\/wp-content\/uploads\/2019\/04\/Brumadinho.jpg 1014w\" sizes=\"(max-width: 360px) 100vw, 360px\" \/><figcaption id=\"caption-attachment-120200\" class=\"wp-caption-text\">Foto: Rodney Costa\/dpa<\/figcaption><\/figure>\n<p>Brumadinho (dpa) &#8211; Tierra agrietada de color marr\u00f3n-rojizo cubre ahora lo que antes era un valle de verdes prados y cultivos de hortalizas. El agua que discurre por el peque\u00f1o arroyo de C\u00f3rrego do Feij\u00e3o es roja.<\/p>\n<p>En medio de este paisaje destruido puede verse un colch\u00f3n colgando del tronco de un \u00e1rbol, un coche encallado en el suelo y escombros de casas destruidas por todas partes.<\/p>\n<p>La inconmesurable devastaci\u00f3n provocada por la ruptura de la presa de la mina de hierro C\u00f3rrego do Feijao en las inmediaciones de Brumadinho, en el sureste de Brasil, se puede ver en la poblaci\u00f3n lindante de Parque das Cachoeiras.<\/p>\n<p>All\u00ed mismo, el 25 de enero, un alud de lodo con desechos t\u00f3xicos de metales pesados arras\u00f3 todo a su paso. El desprendimiento fue provocado por la ruptura del dep\u00f3sito de retenci\u00f3n en la mina operada por la empresa Vale, a pocos kil\u00f3metros de distancia. Al menos murieron 21 personas y 93 contin\u00faan desaparecidas.<\/p>\n<p>\u00abTodav\u00eda no puedo creerlo\u00bb, confiesa Sueli de Oliveira Costa mientras sale del coche junto a una amiga para observar la destrucci\u00f3n de la zona.<\/p>\n<p>Su marido era conserje en una de las casas de C\u00f3rrego do Feijao y el 25 de enero estaba, como de costumbre, trabajando all\u00ed. No hay rastro de \u00e9l desde que se produjo el alud de lodo. Eran las 12:30 cuando la presa revent\u00f3.<\/p>\n<p>\u00abHablamos por tel\u00e9fono a las 11:40. Iba a ir en coche a hacerle una visita al trabajo\u00bb, dice Oliveira Costa, de 48 a\u00f1os. \u00abPero me entretuve un poco con una amiga y de repente vino un vecino y me dijo que algo hab\u00eda pasado en la mina\u00bb.<\/p>\n<p>Al principio confi\u00f3 en que su marido estuviese en el hospital. \u00abSiempre supo cuidar de s\u00ed mismo. Pero no pude encontrarlo y todav\u00eda no he tenido noticias ni por parte de Vale ni de las autoridades locales\u00bb.<\/p>\n<p>Ahora se ha unido a otros residentes cuyos familiares siguen desparecidos. \u00abQuiero enterrar a mi marido y tener un lugar donde llorar su muerte\u00bb, dice, consciente de que dos meses despu\u00e9s de la tragedia probablemente no quede mucho de sus restos.<\/p>\n<p>La mina Vale es el mayor empleador y contribuyente de esta regi\u00f3n f\u00e9rtil pero visiblemente da\u00f1ada por la miner\u00eda -actividad tambi\u00e9n llevada a cabo por otras compa\u00f1\u00edas-. Una gran parte de los 600 trabajadores de Vale viven en Brumadinho.<\/p>\n<p>\u00abMientras haya una v\u00edctima desaparecida la b\u00fasqueda continuar\u00e1\u00bb, asegura el teniente Ocimar Andrade, jefe de la autoridad local de protecci\u00f3n civil.<\/p>\n<p>Junto al servicio de bomberos, esta autoridad est\u00e1 a cargo de las operaciones de b\u00fasqueda. \u00abActualmente nos centramos en el edificio de Vale en la mina. All\u00ed es donde encontramos la mayor parte de fallecidos\u00bb, explica Andrade.<\/p>\n<p>Muchos empleados de Vale estaban en la cantina a la hora del almuerzo cuando la presa, situada m\u00e1s arriba, estall\u00f3.<\/p>\n<p>El corrimiento de tierra se llev\u00f3 la vida de cinco miembros de la familia de Adriano D\u00edas Barbosa. Sumido en sus pensamientos, observa de pie la reci\u00e9n pintada iglesia Nossa Senhora das Dores en C\u00f3rrego do Feij\u00e3o.<\/p>\n<p>Tras la cat\u00e1strofe, el templo sirvi\u00f3 inicialmente como cuartel general del servicio de bomberos. Los helic\u00f3pteros que transportaban cad\u00e1veres utilizaron como pista de aterrizaje el c\u00e9sped de la iglesia. Desde all\u00ed, los cuerpos eran llevados a Belo Horizonte, capital de Minas Gerais, para su identificaci\u00f3n.<\/p>\n<p>Como gesto de gratitud, la iglesia recibi\u00f3 una capa de pintura. Pero observarla no reconforta a D\u00edas Barbosa. \u00abTen\u00edan que haberlo evitado\u00bb, dice con amargura, y a\u00f1ade que ni a Vale ni a los pol\u00edticos les importaron nunca los trabajadores de la mina.<\/p>\n<p>Ka Ribas es una de las personas que, junto a su movimiento \u00abAgua y monta\u00f1as de Casa Branca\u00bb lleva a\u00f1os luchando contra los efectos negativos de la miner\u00eda en Brumadinho, como la contaminaci\u00f3n de sus aguas. Explica que las monta\u00f1as almacenan una gran cantidad de agua gracias a su estructura geol\u00f3gica y, de hecho, de ellas brotan varios r\u00edos.<\/p>\n<p>\u00abEl pasado mes de noviembre supimos que exist\u00eda riesgo de que se rompiera la presa\u00bb, recuerda este hombre de 48 a\u00f1os. \u00abCuando sucedi\u00f3 dos meses despu\u00e9s, solo pod\u00edamos llorar\u00bb, se lamenta.<\/p>\n<p>Seg\u00fan la autoridad de protecci\u00f3n civil, unas 1.500 personas fueron directamente afectadas por la cat\u00e1strofe. Los propietarios de hoteles y restaurantes sufren tambi\u00e9n el descenso del turismo tras la tragedia.<\/p>\n<p>Las autoridades judiciales de Minas Gerais investigan actualmente a varios trabajadores de Vale y a una filial de la compa\u00f1\u00eda alemana de inspecci\u00f3n t\u00e9cnica, T\u00fcv S\u00fcd, que en 2018 dio fe en dos ocasiones del buen estado de la presa.<\/p>\n<p>El fiscal jefe William Coelho afirm\u00f3 en declaraciones a dpa que las conclusiones preliminares indican que Vale, T\u00fcv S\u00fcd y otras compa\u00f1\u00edas inspectoras ten\u00edan conocimiento, por lo menos desde noviembre de 2018, de la licuefacci\u00f3n del suelo de la presa.<\/p>\n<p>\u00abEste tipo de represa era el m\u00e1s barato pero tambi\u00e9n la variante m\u00e1s peligrosa\u00bb, asegura el funcionario de protecci\u00f3n civil Andrade. A ra\u00edz de esta cat\u00e1strofe, los diques de este tipo deben de quedar fuera de servicio en Minas Gerais en 2021.<\/p>\n<p>Vale pretende pagar a los residentes de Brumadinho algo de dinero en concepto de ayuda de emergencia. Algunos habitantes de C\u00f3rrego do Feij\u00e3o y Parque das Cachoeiras ya recibieron sus correspondientes pagos. La compa\u00f1\u00eda tambi\u00e9n indemnizar\u00e1 por p\u00e9rdidas a empresas y explotaciones agr\u00edcolas, as\u00ed como a los familiares de las v\u00edctimas.<\/p>\n<p>Adem\u00e1s, la empresa provee a diario de agua y comida a los residentes de las zonas afectadas y ha tomado medidas para evitar que las aguas contaminadas del r\u00edo Paraopeba, consideradas ahora en su mayor\u00eda muertas biol\u00f3gicamente, lleguen a otros arroyos.<\/p>\n<p>Pero para muchos el dinero no es ning\u00fan consuelo. \u00abCambiar\u00eda sin dudar los 100.000 reales (25.880 d\u00f3lares) de Vale por tener a mi marido de nuevo a mi lado\u00bb, dice Oliveira Costa.<\/p>\n<p>\u00abTen\u00edamos una casa, dos coches y \u00e9ramos felices. Ahora no queda nada de eso\u00bb. Ante la pregunta de qu\u00e9 es lo que desea ahora, Oliveira responde:\u00bb\u201cQue Vale y todos los involucrados finalmente asuman su responsabilidad en todo esto\u00bb.<\/p>\n<p><i class=\"lang-es\"><span class=\" readonly\" title=\"\">Por Angelika Engler (dpa)<\/span><\/i><\/p>\n","protected":false},"excerpt":{"rendered":"<p>Brumadinho (dpa) &#8211; Tierra agrietada de color marr\u00f3n-rojizo cubre ahora lo que antes era un valle de verdes prados y cultivos de hortalizas. El agua que discurre por el peque\u00f1o arroyo de C\u00f3rrego do Feij\u00e3o es roja. En medio de este paisaje destruido puede verse un colch\u00f3n colgando del tronco de un \u00e1rbol, un coche<\/p>\n","protected":false},"author":1,"featured_media":120200,"comment_status":"closed","ping_status":"closed","sticky":false,"template":"","format":"standard","meta":{"footnotes":""},"categories":[143],"tags":[],"class_list":{"0":"post-120199","1":"post","2":"type-post","3":"status-publish","4":"format-standard","5":"has-post-thumbnail","7":"category-sociedad"},"aioseo_notices":[],"aioseo_head":"\n\t\t<!-- All in One SEO Pro 4.9.6.2 - aioseo.com -->\n\t<meta name=\"description\" content=\"Brumadinho (dpa) - Tierra agrietada de color marr\u00f3n-rojizo cubre ahora lo que antes era un valle de verdes prados y cultivos de hortalizas. El agua que discurre por el peque\u00f1o arroyo de C\u00f3rrego do Feij\u00e3o es roja. En medio de este paisaje destruido puede verse un colch\u00f3n colgando del tronco de un \u00e1rbol, un coche\" \/>\n\t<meta name=\"robots\" content=\"max-image-preview:large\" \/>\n\t<meta name=\"author\" content=\"Cand\u00e1s 365\"\/>\n\t<meta name=\"google-site-verification\" content=\"UA-32230408-1\" \/>\n\t<meta name=\"msvalidate.01\" content=\"354F3CDFB2DA171B47FBE9ABF1F88D5\" \/>\n\t<meta name=\"keywords\" content=\"sociedad\" \/>\n\t<link rel=\"canonical\" href=\"https:\/\/candas365.es\/noticias\/brumadinho-sigue-conmocionado-por-la-ruptura-de-la-presa\/\" \/>\n\t<meta name=\"generator\" content=\"All in One SEO Pro (AIOSEO) 4.9.6.2\" \/>\n\t\t<meta property=\"og:locale\" content=\"es_ES\" \/>\n\t\t<meta property=\"og:site_name\" content=\"Cand\u00e1s 365\" \/>\n\t\t<meta property=\"og:type\" content=\"article\" \/>\n\t\t<meta property=\"og:title\" content=\"Brumadinho sigue conmocionado por la ruptura de la presa | Cand\u00e1s 365\" \/>\n\t\t<meta property=\"og:description\" content=\"Brumadinho (dpa) - Tierra agrietada de color marr\u00f3n-rojizo cubre ahora lo que antes era un valle de verdes prados y cultivos de hortalizas. El agua que discurre por el peque\u00f1o arroyo de C\u00f3rrego do Feij\u00e3o es roja. En medio de este paisaje destruido puede verse un colch\u00f3n colgando del tronco de un \u00e1rbol, un coche\" \/>\n\t\t<meta property=\"og:url\" content=\"https:\/\/candas365.es\/noticias\/brumadinho-sigue-conmocionado-por-la-ruptura-de-la-presa\/\" \/>\n\t\t<meta property=\"og:image\" content=\"https:\/\/candas365.es\/noticias\/wp-content\/uploads\/2019\/04\/Brumadinho.jpg\" \/>\n\t\t<meta property=\"og:image:secure_url\" content=\"https:\/\/candas365.es\/noticias\/wp-content\/uploads\/2019\/04\/Brumadinho.jpg\" \/>\n\t\t<meta property=\"og:image:width\" content=\"1014\" \/>\n\t\t<meta property=\"og:image:height\" content=\"633\" \/>\n\t\t<meta property=\"article:published_time\" content=\"2019-04-07T03:15:05+00:00\" \/>\n\t\t<meta property=\"article:modified_time\" content=\"2019-04-07T03:15:05+00:00\" \/>\n\t\t<meta property=\"article:publisher\" content=\"https:\/\/www.facebook.com\/Nachofdezber\" \/>\n\t\t<meta property=\"article:author\" content=\"https:\/\/www.facebook.com\/carrenoactualidad\" \/>\n\t\t<meta name=\"twitter:card\" content=\"summary_large_image\" \/>\n\t\t<meta name=\"twitter:site\" content=\"@NabercoDigital\" \/>\n\t\t<meta name=\"twitter:title\" content=\"Brumadinho sigue conmocionado por la ruptura de la presa | Cand\u00e1s 365\" \/>\n\t\t<meta name=\"twitter:description\" content=\"Brumadinho (dpa) - Tierra agrietada de color marr\u00f3n-rojizo cubre ahora lo que antes era un valle de verdes prados y cultivos de hortalizas. El agua que discurre por el peque\u00f1o arroyo de C\u00f3rrego do Feij\u00e3o es roja. En medio de este paisaje destruido puede verse un colch\u00f3n colgando del tronco de un \u00e1rbol, un coche\" \/>\n\t\t<meta name=\"twitter:creator\" content=\"@nbasturias\" \/>\n\t\t<meta name=\"twitter:image\" content=\"https:\/\/candas365.es\/noticias\/wp-content\/uploads\/2019\/04\/Brumadinho.jpg\" \/>\n\t\t<meta name=\"twitter:label1\" content=\"Escrito por\" \/>\n\t\t<meta name=\"twitter:data1\" content=\"Cand\u00e1s 365\" \/>\n\t\t<meta name=\"twitter:label2\" content=\"Tiempo de lectura estimado\" \/>\n\t\t<meta name=\"twitter:data2\" content=\"5 minutos\" \/>\n\t\t<script type=\"application\/ld+json\" class=\"aioseo-schema\">\n\t\t\t{\"@context\":\"https:\\\/\\\/schema.org\",\"@graph\":[{\"@type\":\"BreadcrumbList\",\"@id\":\"https:\\\/\\\/candas365.es\\\/noticias\\\/brumadinho-sigue-conmocionado-por-la-ruptura-de-la-presa\\\/#breadcrumblist\",\"itemListElement\":[{\"@type\":\"ListItem\",\"@id\":\"https:\\\/\\\/candas365.es\\\/noticias#listItem\",\"position\":1,\"name\":\"Home\",\"item\":\"https:\\\/\\\/candas365.es\\\/noticias\",\"nextItem\":{\"@type\":\"ListItem\",\"@id\":\"https:\\\/\\\/candas365.es\\\/noticias\\\/category\\\/sociedad\\\/#listItem\",\"name\":\"Sociedad\"}},{\"@type\":\"ListItem\",\"@id\":\"https:\\\/\\\/candas365.es\\\/noticias\\\/category\\\/sociedad\\\/#listItem\",\"position\":2,\"name\":\"Sociedad\",\"item\":\"https:\\\/\\\/candas365.es\\\/noticias\\\/category\\\/sociedad\\\/\",\"nextItem\":{\"@type\":\"ListItem\",\"@id\":\"https:\\\/\\\/candas365.es\\\/noticias\\\/brumadinho-sigue-conmocionado-por-la-ruptura-de-la-presa\\\/#listItem\",\"name\":\"Brumadinho sigue conmocionado por la ruptura de la presa\"},\"previousItem\":{\"@type\":\"ListItem\",\"@id\":\"https:\\\/\\\/candas365.es\\\/noticias#listItem\",\"name\":\"Home\"}},{\"@type\":\"ListItem\",\"@id\":\"https:\\\/\\\/candas365.es\\\/noticias\\\/brumadinho-sigue-conmocionado-por-la-ruptura-de-la-presa\\\/#listItem\",\"position\":3,\"name\":\"Brumadinho sigue conmocionado por la ruptura de la presa\",\"previousItem\":{\"@type\":\"ListItem\",\"@id\":\"https:\\\/\\\/candas365.es\\\/noticias\\\/category\\\/sociedad\\\/#listItem\",\"name\":\"Sociedad\"}}]},{\"@type\":\"NewsArticle\",\"@id\":\"https:\\\/\\\/candas365.es\\\/noticias\\\/brumadinho-sigue-conmocionado-por-la-ruptura-de-la-presa\\\/#newsarticle\",\"name\":\"Brumadinho sigue conmocionado por la ruptura de la presa | Cand\\u00e1s 365\",\"headline\":\"Brumadinho sigue conmocionado por la ruptura de la presa\",\"author\":{\"@id\":\"https:\\\/\\\/candas365.es\\\/noticias\\\/author\\\/admin\\\/#author\"},\"publisher\":{\"@id\":\"https:\\\/\\\/candas365.es\\\/noticias\\\/#organization\"},\"image\":{\"@type\":\"ImageObject\",\"url\":\"https:\\\/\\\/candas365.es\\\/noticias\\\/wp-content\\\/uploads\\\/2019\\\/04\\\/Brumadinho.jpg\",\"width\":1014,\"height\":633,\"caption\":\"Foto: Rodney Costa\\\/dpa\"},\"datePublished\":\"2019-04-07T03:15:05+02:00\",\"dateModified\":\"2019-04-07T03:15:05+02:00\",\"inLanguage\":\"es-ES\",\"mainEntityOfPage\":{\"@id\":\"https:\\\/\\\/candas365.es\\\/noticias\\\/brumadinho-sigue-conmocionado-por-la-ruptura-de-la-presa\\\/#webpage\"},\"isPartOf\":{\"@id\":\"https:\\\/\\\/candas365.es\\\/noticias\\\/brumadinho-sigue-conmocionado-por-la-ruptura-de-la-presa\\\/#webpage\"},\"articleSection\":\"Sociedad\",\"dateline\":\"Publicado el abril 7, 2019.\"},{\"@type\":\"Organization\",\"@id\":\"https:\\\/\\\/candas365.es\\\/noticias\\\/#organization\",\"name\":\"Cand\\u00e1s 365\",\"description\":\"Cand\\u00e1s 365 es un diario digital independiente, fundado en 2012, con base en Asturias. Informamos con rigor sobre actualidad, sociedad, cultura y ocio, con una mirada local y global.\",\"url\":\"https:\\\/\\\/candas365.es\\\/noticias\\\/\",\"email\":\"info@candas365.es\",\"telephone\":\"+34652131393\",\"foundingDate\":\"2012-06-10\",\"logo\":{\"@type\":\"ImageObject\",\"url\":\"https:\\\/\\\/candas365.es\\\/noticias\\\/wp-content\\\/uploads\\\/2024\\\/09\\\/Candas-365-Redes.jpg\",\"@id\":\"https:\\\/\\\/candas365.es\\\/noticias\\\/brumadinho-sigue-conmocionado-por-la-ruptura-de-la-presa\\\/#organizationLogo\",\"width\":1152,\"height\":864,\"caption\":\"Cand\\u00e1s 365 Redes\"},\"image\":{\"@id\":\"https:\\\/\\\/candas365.es\\\/noticias\\\/brumadinho-sigue-conmocionado-por-la-ruptura-de-la-presa\\\/#organizationLogo\"},\"sameAs\":[\"https:\\\/\\\/www.facebook.com\\\/Nachofdezber\",\"https:\\\/\\\/x.com\\\/NabercoDigital\",\"https:\\\/\\\/www.instagram.com\\\/nachofdezber\\\/\",\"https:\\\/\\\/www.youtube.com\\\/channel\\\/UCZP-2wLEB9Rv6erhFmqVnvg\"],\"address\":{\"@id\":\"https:\\\/\\\/candas365.es\\\/noticias\\\/#postaladdress\",\"@type\":\"PostalAddress\",\"streetAddress\":\"san antonio 4, san antonio 4\",\"postalCode\":\"33430\",\"addressLocality\":\"Cand\\u00e1s\",\"addressRegion\":\"Asturias\",\"addressCountry\":\"ES\"}},{\"@type\":\"Person\",\"@id\":\"https:\\\/\\\/candas365.es\\\/noticias\\\/author\\\/admin\\\/#author\",\"url\":\"https:\\\/\\\/candas365.es\\\/noticias\\\/author\\\/admin\\\/\",\"name\":\"Cand\\u00e1s 365\",\"image\":{\"@type\":\"ImageObject\",\"@id\":\"https:\\\/\\\/candas365.es\\\/noticias\\\/brumadinho-sigue-conmocionado-por-la-ruptura-de-la-presa\\\/#authorImage\",\"url\":\"https:\\\/\\\/secure.gravatar.com\\\/avatar\\\/496a8e03d0c493ede1718b7934145dbdf8d89be1036b0eec9544e1094c9de390?s=96&d=mm&r=g\",\"width\":96,\"height\":96,\"caption\":\"Cand\\u00e1s 365\"},\"sameAs\":[\"https:\\\/\\\/www.facebook.com\\\/carrenoactualidad\",\"https:\\\/\\\/twitter.com\\\/nbasturias\",\"https:\\\/\\\/www.instagram.com\\\/nachofdezber\\\/\",\"https:\\\/\\\/www.youtube.com\\\/channel\\\/UCZP-2wLEB9Rv6erhFmqVnvg\"]},{\"@type\":\"WebPage\",\"@id\":\"https:\\\/\\\/candas365.es\\\/noticias\\\/brumadinho-sigue-conmocionado-por-la-ruptura-de-la-presa\\\/#webpage\",\"url\":\"https:\\\/\\\/candas365.es\\\/noticias\\\/brumadinho-sigue-conmocionado-por-la-ruptura-de-la-presa\\\/\",\"name\":\"Brumadinho sigue conmocionado por la ruptura de la presa | Cand\\u00e1s 365\",\"description\":\"Brumadinho (dpa) - Tierra agrietada de color marr\\u00f3n-rojizo cubre ahora lo que antes era un valle de verdes prados y cultivos de hortalizas. El agua que discurre por el peque\\u00f1o arroyo de C\\u00f3rrego do Feij\\u00e3o es roja. En medio de este paisaje destruido puede verse un colch\\u00f3n colgando del tronco de un \\u00e1rbol, un coche\",\"inLanguage\":\"es-ES\",\"isPartOf\":{\"@id\":\"https:\\\/\\\/candas365.es\\\/noticias\\\/#website\"},\"breadcrumb\":{\"@id\":\"https:\\\/\\\/candas365.es\\\/noticias\\\/brumadinho-sigue-conmocionado-por-la-ruptura-de-la-presa\\\/#breadcrumblist\"},\"author\":{\"@id\":\"https:\\\/\\\/candas365.es\\\/noticias\\\/author\\\/admin\\\/#author\"},\"creator\":{\"@id\":\"https:\\\/\\\/candas365.es\\\/noticias\\\/author\\\/admin\\\/#author\"},\"image\":{\"@type\":\"ImageObject\",\"url\":\"https:\\\/\\\/candas365.es\\\/noticias\\\/wp-content\\\/uploads\\\/2019\\\/04\\\/Brumadinho.jpg\",\"@id\":\"https:\\\/\\\/candas365.es\\\/noticias\\\/brumadinho-sigue-conmocionado-por-la-ruptura-de-la-presa\\\/#mainImage\",\"width\":1014,\"height\":633,\"caption\":\"Foto: Rodney Costa\\\/dpa\"},\"primaryImageOfPage\":{\"@id\":\"https:\\\/\\\/candas365.es\\\/noticias\\\/brumadinho-sigue-conmocionado-por-la-ruptura-de-la-presa\\\/#mainImage\"},\"datePublished\":\"2019-04-07T03:15:05+02:00\",\"dateModified\":\"2019-04-07T03:15:05+02:00\"},{\"@type\":\"WebSite\",\"@id\":\"https:\\\/\\\/candas365.es\\\/noticias\\\/#website\",\"url\":\"https:\\\/\\\/candas365.es\\\/noticias\\\/\",\"name\":\"Cand\\u00e1s 365\",\"alternateName\":\"Cand\\u00e1s 365 Noticias\",\"description\":\"Actualidad desde Carre\\u00f1o para el mundo\",\"inLanguage\":\"es-ES\",\"publisher\":{\"@id\":\"https:\\\/\\\/candas365.es\\\/noticias\\\/#organization\"}}]}\n\t\t<\/script>\n\t\t<!-- All in One SEO Pro -->\r\n\t\t<title>Brumadinho sigue conmocionado por la ruptura de la presa | Cand\u00e1s 365<\/title>\n\n","aioseo_head_json":{"title":"Brumadinho sigue conmocionado por la ruptura de la presa | Cand\u00e1s 365","description":"Brumadinho (dpa) - Tierra agrietada de color marr\u00f3n-rojizo cubre ahora lo que antes era un valle de verdes prados y cultivos de hortalizas. El agua que discurre por el peque\u00f1o arroyo de C\u00f3rrego do Feij\u00e3o es roja. En medio de este paisaje destruido puede verse un colch\u00f3n colgando del tronco de un \u00e1rbol, un coche","canonical_url":"https:\/\/candas365.es\/noticias\/brumadinho-sigue-conmocionado-por-la-ruptura-de-la-presa\/","robots":"max-image-preview:large","keywords":"sociedad","webmasterTools":{"google-site-verification":"UA-32230408-1","msvalidate.01":"354F3CDFB2DA171B47FBE9ABF1F88D5","miscellaneous":""},"schema":{"@context":"https:\/\/schema.org","@graph":[{"@type":"BreadcrumbList","@id":"https:\/\/candas365.es\/noticias\/brumadinho-sigue-conmocionado-por-la-ruptura-de-la-presa\/#breadcrumblist","itemListElement":[{"@type":"ListItem","@id":"https:\/\/candas365.es\/noticias#listItem","position":1,"name":"Home","item":"https:\/\/candas365.es\/noticias","nextItem":{"@type":"ListItem","@id":"https:\/\/candas365.es\/noticias\/category\/sociedad\/#listItem","name":"Sociedad"}},{"@type":"ListItem","@id":"https:\/\/candas365.es\/noticias\/category\/sociedad\/#listItem","position":2,"name":"Sociedad","item":"https:\/\/candas365.es\/noticias\/category\/sociedad\/","nextItem":{"@type":"ListItem","@id":"https:\/\/candas365.es\/noticias\/brumadinho-sigue-conmocionado-por-la-ruptura-de-la-presa\/#listItem","name":"Brumadinho sigue conmocionado por la ruptura de la presa"},"previousItem":{"@type":"ListItem","@id":"https:\/\/candas365.es\/noticias#listItem","name":"Home"}},{"@type":"ListItem","@id":"https:\/\/candas365.es\/noticias\/brumadinho-sigue-conmocionado-por-la-ruptura-de-la-presa\/#listItem","position":3,"name":"Brumadinho sigue conmocionado por la ruptura de la presa","previousItem":{"@type":"ListItem","@id":"https:\/\/candas365.es\/noticias\/category\/sociedad\/#listItem","name":"Sociedad"}}]},{"@type":"NewsArticle","@id":"https:\/\/candas365.es\/noticias\/brumadinho-sigue-conmocionado-por-la-ruptura-de-la-presa\/#newsarticle","name":"Brumadinho sigue conmocionado por la ruptura de la presa | Cand\u00e1s 365","headline":"Brumadinho sigue conmocionado por la ruptura de la presa","author":{"@id":"https:\/\/candas365.es\/noticias\/author\/admin\/#author"},"publisher":{"@id":"https:\/\/candas365.es\/noticias\/#organization"},"image":{"@type":"ImageObject","url":"https:\/\/candas365.es\/noticias\/wp-content\/uploads\/2019\/04\/Brumadinho.jpg","width":1014,"height":633,"caption":"Foto: Rodney Costa\/dpa"},"datePublished":"2019-04-07T03:15:05+02:00","dateModified":"2019-04-07T03:15:05+02:00","inLanguage":"es-ES","mainEntityOfPage":{"@id":"https:\/\/candas365.es\/noticias\/brumadinho-sigue-conmocionado-por-la-ruptura-de-la-presa\/#webpage"},"isPartOf":{"@id":"https:\/\/candas365.es\/noticias\/brumadinho-sigue-conmocionado-por-la-ruptura-de-la-presa\/#webpage"},"articleSection":"Sociedad","dateline":"Publicado el abril 7, 2019."},{"@type":"Organization","@id":"https:\/\/candas365.es\/noticias\/#organization","name":"Cand\u00e1s 365","description":"Cand\u00e1s 365 es un diario digital independiente, fundado en 2012, con base en Asturias. Informamos con rigor sobre actualidad, sociedad, cultura y ocio, con una mirada local y global.","url":"https:\/\/candas365.es\/noticias\/","email":"info@candas365.es","telephone":"+34652131393","foundingDate":"2012-06-10","logo":{"@type":"ImageObject","url":"https:\/\/candas365.es\/noticias\/wp-content\/uploads\/2024\/09\/Candas-365-Redes.jpg","@id":"https:\/\/candas365.es\/noticias\/brumadinho-sigue-conmocionado-por-la-ruptura-de-la-presa\/#organizationLogo","width":1152,"height":864,"caption":"Cand\u00e1s 365 Redes"},"image":{"@id":"https:\/\/candas365.es\/noticias\/brumadinho-sigue-conmocionado-por-la-ruptura-de-la-presa\/#organizationLogo"},"sameAs":["https:\/\/www.facebook.com\/Nachofdezber","https:\/\/x.com\/NabercoDigital","https:\/\/www.instagram.com\/nachofdezber\/","https:\/\/www.youtube.com\/channel\/UCZP-2wLEB9Rv6erhFmqVnvg"],"address":{"@id":"https:\/\/candas365.es\/noticias\/#postaladdress","@type":"PostalAddress","streetAddress":"san antonio 4, san antonio 4","postalCode":"33430","addressLocality":"Cand\u00e1s","addressRegion":"Asturias","addressCountry":"ES"}},{"@type":"Person","@id":"https:\/\/candas365.es\/noticias\/author\/admin\/#author","url":"https:\/\/candas365.es\/noticias\/author\/admin\/","name":"Cand\u00e1s 365","image":{"@type":"ImageObject","@id":"https:\/\/candas365.es\/noticias\/brumadinho-sigue-conmocionado-por-la-ruptura-de-la-presa\/#authorImage","url":"https:\/\/secure.gravatar.com\/avatar\/496a8e03d0c493ede1718b7934145dbdf8d89be1036b0eec9544e1094c9de390?s=96&d=mm&r=g","width":96,"height":96,"caption":"Cand\u00e1s 365"},"sameAs":["https:\/\/www.facebook.com\/carrenoactualidad","https:\/\/twitter.com\/nbasturias","https:\/\/www.instagram.com\/nachofdezber\/","https:\/\/www.youtube.com\/channel\/UCZP-2wLEB9Rv6erhFmqVnvg"]},{"@type":"WebPage","@id":"https:\/\/candas365.es\/noticias\/brumadinho-sigue-conmocionado-por-la-ruptura-de-la-presa\/#webpage","url":"https:\/\/candas365.es\/noticias\/brumadinho-sigue-conmocionado-por-la-ruptura-de-la-presa\/","name":"Brumadinho sigue conmocionado por la ruptura de la presa | Cand\u00e1s 365","description":"Brumadinho (dpa) - Tierra agrietada de color marr\u00f3n-rojizo cubre ahora lo que antes era un valle de verdes prados y cultivos de hortalizas. El agua que discurre por el peque\u00f1o arroyo de C\u00f3rrego do Feij\u00e3o es roja. En medio de este paisaje destruido puede verse un colch\u00f3n colgando del tronco de un \u00e1rbol, un coche","inLanguage":"es-ES","isPartOf":{"@id":"https:\/\/candas365.es\/noticias\/#website"},"breadcrumb":{"@id":"https:\/\/candas365.es\/noticias\/brumadinho-sigue-conmocionado-por-la-ruptura-de-la-presa\/#breadcrumblist"},"author":{"@id":"https:\/\/candas365.es\/noticias\/author\/admin\/#author"},"creator":{"@id":"https:\/\/candas365.es\/noticias\/author\/admin\/#author"},"image":{"@type":"ImageObject","url":"https:\/\/candas365.es\/noticias\/wp-content\/uploads\/2019\/04\/Brumadinho.jpg","@id":"https:\/\/candas365.es\/noticias\/brumadinho-sigue-conmocionado-por-la-ruptura-de-la-presa\/#mainImage","width":1014,"height":633,"caption":"Foto: Rodney Costa\/dpa"},"primaryImageOfPage":{"@id":"https:\/\/candas365.es\/noticias\/brumadinho-sigue-conmocionado-por-la-ruptura-de-la-presa\/#mainImage"},"datePublished":"2019-04-07T03:15:05+02:00","dateModified":"2019-04-07T03:15:05+02:00"},{"@type":"WebSite","@id":"https:\/\/candas365.es\/noticias\/#website","url":"https:\/\/candas365.es\/noticias\/","name":"Cand\u00e1s 365","alternateName":"Cand\u00e1s 365 Noticias","description":"Actualidad desde Carre\u00f1o para el mundo","inLanguage":"es-ES","publisher":{"@id":"https:\/\/candas365.es\/noticias\/#organization"}}]},"og:locale":"es_ES","og:site_name":"Cand\u00e1s 365","og:type":"article","og:title":"Brumadinho sigue conmocionado por la ruptura de la presa | Cand\u00e1s 365","og:description":"Brumadinho (dpa) - Tierra agrietada de color marr\u00f3n-rojizo cubre ahora lo que antes era un valle de verdes prados y cultivos de hortalizas. El agua que discurre por el peque\u00f1o arroyo de C\u00f3rrego do Feij\u00e3o es roja. En medio de este paisaje destruido puede verse un colch\u00f3n colgando del tronco de un \u00e1rbol, un coche","og:url":"https:\/\/candas365.es\/noticias\/brumadinho-sigue-conmocionado-por-la-ruptura-de-la-presa\/","og:image":"https:\/\/candas365.es\/noticias\/wp-content\/uploads\/2019\/04\/Brumadinho.jpg","og:image:secure_url":"https:\/\/candas365.es\/noticias\/wp-content\/uploads\/2019\/04\/Brumadinho.jpg","og:image:width":1014,"og:image:height":633,"article:published_time":"2019-04-07T03:15:05+00:00","article:modified_time":"2019-04-07T03:15:05+00:00","article:publisher":"https:\/\/www.facebook.com\/Nachofdezber","article:author":"https:\/\/www.facebook.com\/carrenoactualidad","twitter:card":"summary_large_image","twitter:site":"@NabercoDigital","twitter:title":"Brumadinho sigue conmocionado por la ruptura de la presa | Cand\u00e1s 365","twitter:description":"Brumadinho (dpa) - Tierra agrietada de color marr\u00f3n-rojizo cubre ahora lo que antes era un valle de verdes prados y cultivos de hortalizas. El agua que discurre por el peque\u00f1o arroyo de C\u00f3rrego do Feij\u00e3o es roja. En medio de este paisaje destruido puede verse un colch\u00f3n colgando del tronco de un \u00e1rbol, un coche","twitter:creator":"@nbasturias","twitter:image":"https:\/\/candas365.es\/noticias\/wp-content\/uploads\/2019\/04\/Brumadinho.jpg","twitter:label1":"Escrito por","twitter:data1":"Cand\u00e1s 365","twitter:label2":"Tiempo de lectura estimado","twitter:data2":"5 minutos"},"aioseo_meta_data":{"post_id":"120199","title":null,"description":null,"keywords":null,"keyphrases":null,"primary_term":null,"canonical_url":null,"og_title":null,"og_description":null,"og_object_type":"default","og_image_type":"default","og_image_url":null,"og_image_width":null,"og_image_height":null,"og_image_custom_url":null,"og_image_custom_fields":null,"og_video":null,"og_custom_url":null,"og_article_section":null,"og_article_tags":null,"twitter_use_og":false,"twitter_card":"default","twitter_image_type":"default","twitter_image_url":null,"twitter_image_custom_url":null,"twitter_image_custom_fields":null,"twitter_title":null,"twitter_description":null,"schema":{"blockGraphs":[],"customGraphs":[],"default":{"data":{"Article":[],"Course":[],"Dataset":[],"FAQPage":[],"Movie":[],"Person":[],"Product":[],"ProductReview":[],"Car":[],"Recipe":[],"Service":[],"SoftwareApplication":[],"WebPage":[]},"graphName":"","isEnabled":true},"graphs":[],"defaultGraph":"","defaultPostTypeGraph":""},"schema_type":null,"schema_type_options":null,"pillar_content":false,"robots_default":true,"robots_noindex":false,"robots_noarchive":false,"robots_nosnippet":false,"robots_nofollow":false,"robots_noimageindex":false,"robots_noodp":false,"robots_notranslate":false,"robots_max_snippet":null,"robots_max_videopreview":null,"robots_max_imagepreview":"large","priority":null,"frequency":null,"location":null,"local_seo":null,"seo_analyzer_scan_date":"2025-08-29 16:42:39","breadcrumb_settings":null,"limit_modified_date":false,"reviewed_by":null,"open_ai":null,"ai":null,"created":"2020-12-21 10:59:02","updated":"2025-08-29 16:42:39"},"aioseo_breadcrumb":"<div class=\"aioseo-breadcrumbs\"><span class=\"aioseo-breadcrumb\">\n\t<a href=\"https:\/\/candas365.es\/noticias\" title=\"Home\">Home<\/a>\n<\/span><span class=\"aioseo-breadcrumb-separator\">&ndash;<\/span><span class=\"aioseo-breadcrumb\">\n\t<a href=\"https:\/\/candas365.es\/noticias\/category\/sociedad\/\" title=\"Sociedad\">Sociedad<\/a>\n<\/span><span class=\"aioseo-breadcrumb-separator\">&ndash;<\/span><span class=\"aioseo-breadcrumb\">\n\tBrumadinho sigue conmocionado por la ruptura de la presa\n<\/span><\/div>","aioseo_breadcrumb_json":[{"label":"Home","link":"https:\/\/candas365.es\/noticias"},{"label":"Sociedad","link":"https:\/\/candas365.es\/noticias\/category\/sociedad\/"},{"label":"Brumadinho sigue conmocionado por la ruptura de la presa","link":"https:\/\/candas365.es\/noticias\/brumadinho-sigue-conmocionado-por-la-ruptura-de-la-presa\/"}],"_links":{"self":[{"href":"https:\/\/candas365.es\/noticias\/wp-json\/wp\/v2\/posts\/120199","targetHints":{"allow":["GET"]}}],"collection":[{"href":"https:\/\/candas365.es\/noticias\/wp-json\/wp\/v2\/posts"}],"about":[{"href":"https:\/\/candas365.es\/noticias\/wp-json\/wp\/v2\/types\/post"}],"author":[{"embeddable":true,"href":"https:\/\/candas365.es\/noticias\/wp-json\/wp\/v2\/users\/1"}],"replies":[{"embeddable":true,"href":"https:\/\/candas365.es\/noticias\/wp-json\/wp\/v2\/comments?post=120199"}],"version-history":[{"count":0,"href":"https:\/\/candas365.es\/noticias\/wp-json\/wp\/v2\/posts\/120199\/revisions"}],"wp:featuredmedia":[{"embeddable":true,"href":"https:\/\/candas365.es\/noticias\/wp-json\/wp\/v2\/media\/120200"}],"wp:attachment":[{"href":"https:\/\/candas365.es\/noticias\/wp-json\/wp\/v2\/media?parent=120199"}],"wp:term":[{"taxonomy":"category","embeddable":true,"href":"https:\/\/candas365.es\/noticias\/wp-json\/wp\/v2\/categories?post=120199"},{"taxonomy":"post_tag","embeddable":true,"href":"https:\/\/candas365.es\/noticias\/wp-json\/wp\/v2\/tags?post=120199"}],"curies":[{"name":"wp","href":"https:\/\/api.w.org\/{rel}","templated":true}]}}