{"id":120196,"date":"2019-04-07T03:11:24","date_gmt":"2019-04-07T03:11:24","guid":{"rendered":"http:\/\/candas365.es\/noticias\/?p=120196"},"modified":"2019-04-07T03:11:24","modified_gmt":"2019-04-07T03:11:24","slug":"escuela-de-francfort-100-anos-de-sociologia-en-la-universidad-goethe","status":"publish","type":"post","link":"https:\/\/candas365.es\/noticias\/escuela-de-francfort-100-anos-de-sociologia-en-la-universidad-goethe\/","title":{"rendered":"Escuela de Fr\u00e1ncfort, 100 a\u00f1os de sociolog\u00eda en la Universidad Goethe"},"content":{"rendered":"<figure id=\"attachment_120197\" aria-describedby=\"caption-attachment-120197\" style=\"width: 360px\" class=\"wp-caption alignleft\"><img fetchpriority=\"high\" decoding=\"async\" class=\"size-medium wp-image-120197\" src=\"https:\/\/candas365.es\/noticias\/wp-content\/uploads\/2019\/04\/J-Habermas-360x284.jpg\" alt=\"\" width=\"360\" height=\"284\" srcset=\"https:\/\/candas365.es\/noticias\/wp-content\/uploads\/2019\/04\/J-Habermas-360x284.jpg 360w, https:\/\/candas365.es\/noticias\/wp-content\/uploads\/2019\/04\/J-Habermas-768x607.jpg 768w, https:\/\/candas365.es\/noticias\/wp-content\/uploads\/2019\/04\/J-Habermas-608x480.jpg 608w, https:\/\/candas365.es\/noticias\/wp-content\/uploads\/2019\/04\/J-Habermas-696x550.jpg 696w, https:\/\/candas365.es\/noticias\/wp-content\/uploads\/2019\/04\/J-Habermas-532x420.jpg 532w, https:\/\/candas365.es\/noticias\/wp-content\/uploads\/2019\/04\/J-Habermas.jpg 843w\" sizes=\"(max-width: 360px) 100vw, 360px\" \/><figcaption id=\"caption-attachment-120197\" class=\"wp-caption-text\">El soci\u00f3logo y fil\u00f3sofo J\u00fcrgen Habermas, durante la entrega del Premio de la Paz de los Libreros alemanes en Fr\u00e1ncfort. Foto: Arne Dedert\/dpa<\/figcaption><\/figure>\n<p>Fr\u00e1ncfort (dpa) &#8211; El 19 de marzo de 1919 el diario \u00abFrankfurter Zeitung\u00bb inform\u00f3 de novedades en la Universidad Goethe, fundada apenas cinco a\u00f1os antes.<\/p>\n<p>Bajo el t\u00edtulo \u00abAsuntos de Fr\u00e1ncfort\u00bb, pod\u00eda leerse que el docente de ciencias pol\u00edticas Franz Oppenheimer de Berl\u00edn era nombrado catedr\u00e1tico de sociolog\u00eda y econom\u00eda nacional al inicio del semestre estival.<\/p>\n<p>En la sobria noticia protocolaria no se mencionaba que la c\u00e1tedra de sociolog\u00eda, creada el 1 de abril, era la primera de una universidad alemana. Eso debe agradecerse a la fundaci\u00f3n del comerciante y marchante de Fr\u00e1ncfort Karl Kotzenberg.<\/p>\n<p>\u00c9l quer\u00eda tener a Oppenheimer en la universidad a toda costa. El hijo de un predicador jud\u00edo trabaj\u00f3 mucho tiempo como m\u00e9dico antes de su carrera cient\u00edfica.<\/p>\n<p>Seguramente Kotzenberg nunca so\u00f1\u00f3 que la sociolog\u00eda de Fr\u00e1ncfort iba a marcar agenda durante d\u00e9cadas en Alemania, a pesar del nazismo, y bastante m\u00e1s all\u00e1 de las fronteras alemanas.<\/p>\n<p>La Escuela de Fr\u00e1ncfort y su \u00abteor\u00eda cr\u00edtica\u00bb son famosas en todo el mundo. De ello dan cuenta nombres como Karl Mannheim, Norbert Elias, Theodor W. Adorno, Max Horkheimer y J\u00fcrgen Habermas. Habermas es considerado actualmente el fil\u00f3sofo m\u00e1s importante de Alemania.<\/p>\n<p>Un paso decisivo para la ampliaci\u00f3n de la c\u00e1tedra de sociolog\u00eda en Fr\u00e1ncfort fue la fundaci\u00f3n en 1923 del Instituto de Investigaciones Sociales. \u00c9ste, a su vez, fue financiado desde el patrimonio privado del mecenas y sabio jud\u00edo Felix Weil.<\/p>\n<p>Fr\u00e1ncfort ten\u00eda entonces una posici\u00f3n excepcional. Era una ciudad comercial con una gran burgues\u00eda liberal que donaba generosamente. Una ciudad donde pod\u00edan abrirse camino en la ciencia ideas completamente nuevas. Otras universidades, en cambio, depend\u00edan de patrones m\u00e1s conservadores.<\/p>\n<p>Despu\u00e9s de que los nacionalsocialistas tomaran el poder en 1933, el sucesor de Oppenheimer en la Universidad, Karl Mannheim, debi\u00f3 partir y el Insitituto de Investigaciones Sociales fue cerrado. Sus mentes m\u00e1s l\u00facidas, Adorno y Horkheimer, tuvieron que emigrar a Estados Unidos.<\/p>\n<p>A su regreso fundaron otra vez en 1950 el Instituto y la c\u00e1tedra de sociolog\u00eda, con importante apoyo de Estados Unidos, vencedor de la Segunda Guerra Mundial, que estaba interesado en \u00abreeducar\u00bb a los alemanes. As\u00ed lo dejan en claro Felicia Herrschaft y Klaus Lichtblau en su documental \u00abLa sociolog\u00eda en Fr\u00e1ncfort\u00bb.<\/p>\n<p>Adorno y Horkheimer obtuvieron c\u00e1tedras en la Universidad Goethe y pertenecieron desde entonces al grupo de intelectuales m\u00e1s importantes de la Alemania de posguerra.<\/p>\n<p>Fr\u00e1ncfort se convirti\u00f3 luego junto con Berl\u00edn en 1967\/68 en sede central de la rebeli\u00f3n estudiantil. El Instituto de Investigaciones Sociales fue un escenario importante.<\/p>\n<p>Adorno y Habermas, que lleg\u00f3 a Fr\u00e1ncfort en 1964 como sucesor de Horkheimer, muchas veces eran hostigados por los estudiantes a pesar de que la \u00abteor\u00eda cr\u00edtica\u00bb se basaba en la cr\u00edtica a la ideolog\u00eda de Karl Marx.<\/p>\n<p>En general, sin embargo, la Escuela de Fr\u00e1ncfort siempre estuvo dominada por dos l\u00edneas que coexistieron pac\u00edficamente. Junto a la teor\u00eda cr\u00edtica de la sociedad estaba la rama m\u00e1s bien orientada en la econom\u00eda pol\u00edtica, que defend\u00edan Oppenheimer y Mannheim.<\/p>\n<p>Oppenheimer mismo es considerado precursor de la \u00abeconom\u00eda social de mercado\u00bb. Su fundador despu\u00e9s de la Segunda Guerra Mundial, el entonces ministro de Econom\u00eda y posterior canciller Ludwig Erhard, estudi\u00f3 en los a\u00f1os 1920 con Oppenheimer en Fr\u00e1ncfort.<\/p>\n<p>Hoy en d\u00eda la c\u00e1tedra de sociolog\u00eda de Fr\u00e1ncfort, con m\u00e1s de veinte profesores y unos 60 investigadores, sigue siendo considerada una de las m\u00e1s importantes de Alemania. Cada semestre invernal comienzan sus estudios all\u00ed unos 500 j\u00f3venes, asegura Heike Langholz, del Instituto.<\/p>\n<p>El centenario se celebrar\u00e1 con una serie de conferencias en los pr\u00f3ximos meses. El festejo de los 100 a\u00f1os en s\u00ed tendr\u00e1 lugar el 12 de noviembre con la presencia de J\u00fcrgen Habermas, que en junio cumple 90 a\u00f1os.<\/p>\n<p>En aquel entonces, Oppenheimer tambi\u00e9n asumi\u00f3 su c\u00e1tedra en Fr\u00e1ncfort reci\u00e9n en el semestre invernal por enfermedad. El primer titular permaneci\u00f3 diez a\u00f1os en la universidad, hasta que en 1929 regres\u00f3 a Berl\u00edn a los 64 a\u00f1os. En 1938, emigr\u00f3 a Estados Unidos a trav\u00e9s de Tokio y Shanghai. Muri\u00f3 en 1943 en Los \u00c1ngeles.<\/p>\n<p><i class=\"lang-es\"><span class=\" readonly\" title=\"\">Por Thomas Maier (dpa)<\/span><\/i><\/p>\n","protected":false},"excerpt":{"rendered":"<p>Fr\u00e1ncfort (dpa) &#8211; El 19 de marzo de 1919 el diario \u00abFrankfurter Zeitung\u00bb inform\u00f3 de novedades en la Universidad Goethe, fundada apenas cinco a\u00f1os antes. Bajo el t\u00edtulo \u00abAsuntos de Fr\u00e1ncfort\u00bb, pod\u00eda leerse que el docente de ciencias pol\u00edticas Franz Oppenheimer de Berl\u00edn era nombrado catedr\u00e1tico de sociolog\u00eda y econom\u00eda nacional al inicio del semestre<\/p>\n","protected":false},"author":1,"featured_media":120197,"comment_status":"closed","ping_status":"closed","sticky":false,"template":"","format":"standard","meta":{"footnotes":""},"categories":[143],"tags":[],"class_list":{"0":"post-120196","1":"post","2":"type-post","3":"status-publish","4":"format-standard","5":"has-post-thumbnail","7":"category-sociedad"},"aioseo_notices":[],"aioseo_head":"\n\t\t<!-- All in One SEO Pro 4.9.6.2 - aioseo.com -->\n\t<meta name=\"description\" content=\"Fr\u00e1ncfort (dpa) - El 19 de marzo de 1919 el diario &quot;Frankfurter Zeitung&quot; inform\u00f3 de novedades en la Universidad Goethe, fundada apenas cinco a\u00f1os antes. Bajo el t\u00edtulo &quot;Asuntos de Fr\u00e1ncfort&quot;, pod\u00eda leerse que el docente de ciencias pol\u00edticas Franz Oppenheimer de Berl\u00edn era nombrado catedr\u00e1tico de sociolog\u00eda y econom\u00eda nacional al inicio del semestre\" \/>\n\t<meta name=\"robots\" content=\"max-image-preview:large\" \/>\n\t<meta name=\"author\" content=\"Cand\u00e1s 365\"\/>\n\t<meta name=\"google-site-verification\" content=\"UA-32230408-1\" \/>\n\t<meta name=\"msvalidate.01\" content=\"354F3CDFB2DA171B47FBE9ABF1F88D5\" \/>\n\t<meta name=\"keywords\" content=\"sociedad\" \/>\n\t<link rel=\"canonical\" href=\"https:\/\/candas365.es\/noticias\/escuela-de-francfort-100-anos-de-sociologia-en-la-universidad-goethe\/\" \/>\n\t<meta name=\"generator\" content=\"All in One SEO Pro (AIOSEO) 4.9.6.2\" \/>\n\t\t<meta property=\"og:locale\" content=\"es_ES\" \/>\n\t\t<meta property=\"og:site_name\" content=\"Cand\u00e1s 365\" \/>\n\t\t<meta property=\"og:type\" content=\"article\" \/>\n\t\t<meta property=\"og:title\" content=\"Escuela de Fr\u00e1ncfort, 100 a\u00f1os de sociolog\u00eda en la Universidad Goethe | Cand\u00e1s 365\" \/>\n\t\t<meta property=\"og:description\" content=\"Fr\u00e1ncfort (dpa) - El 19 de marzo de 1919 el diario &quot;Frankfurter Zeitung&quot; inform\u00f3 de novedades en la Universidad Goethe, fundada apenas cinco a\u00f1os antes. Bajo el t\u00edtulo &quot;Asuntos de Fr\u00e1ncfort&quot;, pod\u00eda leerse que el docente de ciencias pol\u00edticas Franz Oppenheimer de Berl\u00edn era nombrado catedr\u00e1tico de sociolog\u00eda y econom\u00eda nacional al inicio del semestre\" \/>\n\t\t<meta property=\"og:url\" content=\"https:\/\/candas365.es\/noticias\/escuela-de-francfort-100-anos-de-sociologia-en-la-universidad-goethe\/\" \/>\n\t\t<meta property=\"og:image\" content=\"https:\/\/candas365.es\/noticias\/wp-content\/uploads\/2019\/04\/J-Habermas.jpg\" \/>\n\t\t<meta property=\"og:image:secure_url\" content=\"https:\/\/candas365.es\/noticias\/wp-content\/uploads\/2019\/04\/J-Habermas.jpg\" \/>\n\t\t<meta property=\"og:image:width\" content=\"843\" \/>\n\t\t<meta property=\"og:image:height\" content=\"666\" \/>\n\t\t<meta property=\"article:published_time\" content=\"2019-04-07T03:11:24+00:00\" \/>\n\t\t<meta property=\"article:modified_time\" content=\"2019-04-07T03:11:24+00:00\" \/>\n\t\t<meta property=\"article:publisher\" content=\"https:\/\/www.facebook.com\/Nachofdezber\" \/>\n\t\t<meta property=\"article:author\" content=\"https:\/\/www.facebook.com\/carrenoactualidad\" \/>\n\t\t<meta name=\"twitter:card\" content=\"summary_large_image\" \/>\n\t\t<meta name=\"twitter:site\" content=\"@NabercoDigital\" \/>\n\t\t<meta name=\"twitter:title\" content=\"Escuela de Fr\u00e1ncfort, 100 a\u00f1os de sociolog\u00eda en la Universidad Goethe | Cand\u00e1s 365\" \/>\n\t\t<meta name=\"twitter:description\" content=\"Fr\u00e1ncfort (dpa) - El 19 de marzo de 1919 el diario &quot;Frankfurter Zeitung&quot; inform\u00f3 de novedades en la Universidad Goethe, fundada apenas cinco a\u00f1os antes. Bajo el t\u00edtulo &quot;Asuntos de Fr\u00e1ncfort&quot;, pod\u00eda leerse que el docente de ciencias pol\u00edticas Franz Oppenheimer de Berl\u00edn era nombrado catedr\u00e1tico de sociolog\u00eda y econom\u00eda nacional al inicio del semestre\" \/>\n\t\t<meta name=\"twitter:creator\" content=\"@nbasturias\" \/>\n\t\t<meta name=\"twitter:image\" content=\"https:\/\/candas365.es\/noticias\/wp-content\/uploads\/2019\/04\/J-Habermas.jpg\" \/>\n\t\t<meta name=\"twitter:label1\" content=\"Escrito por\" \/>\n\t\t<meta name=\"twitter:data1\" content=\"Cand\u00e1s 365\" \/>\n\t\t<meta name=\"twitter:label2\" content=\"Tiempo de lectura estimado\" \/>\n\t\t<meta name=\"twitter:data2\" content=\"4 minutos\" \/>\n\t\t<script type=\"application\/ld+json\" class=\"aioseo-schema\">\n\t\t\t{\"@context\":\"https:\\\/\\\/schema.org\",\"@graph\":[{\"@type\":\"BreadcrumbList\",\"@id\":\"https:\\\/\\\/candas365.es\\\/noticias\\\/escuela-de-francfort-100-anos-de-sociologia-en-la-universidad-goethe\\\/#breadcrumblist\",\"itemListElement\":[{\"@type\":\"ListItem\",\"@id\":\"https:\\\/\\\/candas365.es\\\/noticias#listItem\",\"position\":1,\"name\":\"Home\",\"item\":\"https:\\\/\\\/candas365.es\\\/noticias\",\"nextItem\":{\"@type\":\"ListItem\",\"@id\":\"https:\\\/\\\/candas365.es\\\/noticias\\\/category\\\/sociedad\\\/#listItem\",\"name\":\"Sociedad\"}},{\"@type\":\"ListItem\",\"@id\":\"https:\\\/\\\/candas365.es\\\/noticias\\\/category\\\/sociedad\\\/#listItem\",\"position\":2,\"name\":\"Sociedad\",\"item\":\"https:\\\/\\\/candas365.es\\\/noticias\\\/category\\\/sociedad\\\/\",\"nextItem\":{\"@type\":\"ListItem\",\"@id\":\"https:\\\/\\\/candas365.es\\\/noticias\\\/escuela-de-francfort-100-anos-de-sociologia-en-la-universidad-goethe\\\/#listItem\",\"name\":\"Escuela de Fr\\u00e1ncfort, 100 a\\u00f1os de sociolog\\u00eda en la Universidad Goethe\"},\"previousItem\":{\"@type\":\"ListItem\",\"@id\":\"https:\\\/\\\/candas365.es\\\/noticias#listItem\",\"name\":\"Home\"}},{\"@type\":\"ListItem\",\"@id\":\"https:\\\/\\\/candas365.es\\\/noticias\\\/escuela-de-francfort-100-anos-de-sociologia-en-la-universidad-goethe\\\/#listItem\",\"position\":3,\"name\":\"Escuela de Fr\\u00e1ncfort, 100 a\\u00f1os de sociolog\\u00eda en la Universidad Goethe\",\"previousItem\":{\"@type\":\"ListItem\",\"@id\":\"https:\\\/\\\/candas365.es\\\/noticias\\\/category\\\/sociedad\\\/#listItem\",\"name\":\"Sociedad\"}}]},{\"@type\":\"NewsArticle\",\"@id\":\"https:\\\/\\\/candas365.es\\\/noticias\\\/escuela-de-francfort-100-anos-de-sociologia-en-la-universidad-goethe\\\/#newsarticle\",\"name\":\"Escuela de Fr\\u00e1ncfort, 100 a\\u00f1os de sociolog\\u00eda en la Universidad Goethe | Cand\\u00e1s 365\",\"headline\":\"Escuela de Fr\\u00e1ncfort, 100 a\\u00f1os de sociolog\\u00eda en la Universidad Goethe\",\"author\":{\"@id\":\"https:\\\/\\\/candas365.es\\\/noticias\\\/author\\\/admin\\\/#author\"},\"publisher\":{\"@id\":\"https:\\\/\\\/candas365.es\\\/noticias\\\/#organization\"},\"image\":{\"@type\":\"ImageObject\",\"url\":\"https:\\\/\\\/candas365.es\\\/noticias\\\/wp-content\\\/uploads\\\/2019\\\/04\\\/J-Habermas.jpg\",\"width\":843,\"height\":666,\"caption\":\"El soci\\u00f3logo y fil\\u00f3sofo J\\u00fcrgen Habermas, durante la entrega del Premio de la Paz de los Libreros alemanes en Fr\\u00e1ncfort. Foto: Arne Dedert\\\/dpa\"},\"datePublished\":\"2019-04-07T03:11:24+02:00\",\"dateModified\":\"2019-04-07T03:11:24+02:00\",\"inLanguage\":\"es-ES\",\"mainEntityOfPage\":{\"@id\":\"https:\\\/\\\/candas365.es\\\/noticias\\\/escuela-de-francfort-100-anos-de-sociologia-en-la-universidad-goethe\\\/#webpage\"},\"isPartOf\":{\"@id\":\"https:\\\/\\\/candas365.es\\\/noticias\\\/escuela-de-francfort-100-anos-de-sociologia-en-la-universidad-goethe\\\/#webpage\"},\"articleSection\":\"Sociedad\",\"dateline\":\"Publicado el abril 7, 2019.\"},{\"@type\":\"Organization\",\"@id\":\"https:\\\/\\\/candas365.es\\\/noticias\\\/#organization\",\"name\":\"Cand\\u00e1s 365\",\"description\":\"Cand\\u00e1s 365 es un diario digital independiente, fundado en 2012, con base en Asturias. Informamos con rigor sobre actualidad, sociedad, cultura y ocio, con una mirada local y global.\",\"url\":\"https:\\\/\\\/candas365.es\\\/noticias\\\/\",\"email\":\"info@candas365.es\",\"telephone\":\"+34652131393\",\"foundingDate\":\"2012-06-10\",\"logo\":{\"@type\":\"ImageObject\",\"url\":\"https:\\\/\\\/candas365.es\\\/noticias\\\/wp-content\\\/uploads\\\/2024\\\/09\\\/Candas-365-Redes.jpg\",\"@id\":\"https:\\\/\\\/candas365.es\\\/noticias\\\/escuela-de-francfort-100-anos-de-sociologia-en-la-universidad-goethe\\\/#organizationLogo\",\"width\":1152,\"height\":864,\"caption\":\"Cand\\u00e1s 365 Redes\"},\"image\":{\"@id\":\"https:\\\/\\\/candas365.es\\\/noticias\\\/escuela-de-francfort-100-anos-de-sociologia-en-la-universidad-goethe\\\/#organizationLogo\"},\"sameAs\":[\"https:\\\/\\\/www.facebook.com\\\/Nachofdezber\",\"https:\\\/\\\/x.com\\\/NabercoDigital\",\"https:\\\/\\\/www.instagram.com\\\/nachofdezber\\\/\",\"https:\\\/\\\/www.youtube.com\\\/channel\\\/UCZP-2wLEB9Rv6erhFmqVnvg\"],\"address\":{\"@id\":\"https:\\\/\\\/candas365.es\\\/noticias\\\/#postaladdress\",\"@type\":\"PostalAddress\",\"streetAddress\":\"san antonio 4, san antonio 4\",\"postalCode\":\"33430\",\"addressLocality\":\"Cand\\u00e1s\",\"addressRegion\":\"Asturias\",\"addressCountry\":\"ES\"}},{\"@type\":\"Person\",\"@id\":\"https:\\\/\\\/candas365.es\\\/noticias\\\/author\\\/admin\\\/#author\",\"url\":\"https:\\\/\\\/candas365.es\\\/noticias\\\/author\\\/admin\\\/\",\"name\":\"Cand\\u00e1s 365\",\"image\":{\"@type\":\"ImageObject\",\"@id\":\"https:\\\/\\\/candas365.es\\\/noticias\\\/escuela-de-francfort-100-anos-de-sociologia-en-la-universidad-goethe\\\/#authorImage\",\"url\":\"https:\\\/\\\/secure.gravatar.com\\\/avatar\\\/496a8e03d0c493ede1718b7934145dbdf8d89be1036b0eec9544e1094c9de390?s=96&d=mm&r=g\",\"width\":96,\"height\":96,\"caption\":\"Cand\\u00e1s 365\"},\"sameAs\":[\"https:\\\/\\\/www.facebook.com\\\/carrenoactualidad\",\"https:\\\/\\\/twitter.com\\\/nbasturias\",\"https:\\\/\\\/www.instagram.com\\\/nachofdezber\\\/\",\"https:\\\/\\\/www.youtube.com\\\/channel\\\/UCZP-2wLEB9Rv6erhFmqVnvg\"]},{\"@type\":\"WebPage\",\"@id\":\"https:\\\/\\\/candas365.es\\\/noticias\\\/escuela-de-francfort-100-anos-de-sociologia-en-la-universidad-goethe\\\/#webpage\",\"url\":\"https:\\\/\\\/candas365.es\\\/noticias\\\/escuela-de-francfort-100-anos-de-sociologia-en-la-universidad-goethe\\\/\",\"name\":\"Escuela de Fr\\u00e1ncfort, 100 a\\u00f1os de sociolog\\u00eda en la Universidad Goethe | Cand\\u00e1s 365\",\"description\":\"Fr\\u00e1ncfort (dpa) - El 19 de marzo de 1919 el diario \\\"Frankfurter Zeitung\\\" inform\\u00f3 de novedades en la Universidad Goethe, fundada apenas cinco a\\u00f1os antes. Bajo el t\\u00edtulo \\\"Asuntos de Fr\\u00e1ncfort\\\", pod\\u00eda leerse que el docente de ciencias pol\\u00edticas Franz Oppenheimer de Berl\\u00edn era nombrado catedr\\u00e1tico de sociolog\\u00eda y econom\\u00eda nacional al inicio del semestre\",\"inLanguage\":\"es-ES\",\"isPartOf\":{\"@id\":\"https:\\\/\\\/candas365.es\\\/noticias\\\/#website\"},\"breadcrumb\":{\"@id\":\"https:\\\/\\\/candas365.es\\\/noticias\\\/escuela-de-francfort-100-anos-de-sociologia-en-la-universidad-goethe\\\/#breadcrumblist\"},\"author\":{\"@id\":\"https:\\\/\\\/candas365.es\\\/noticias\\\/author\\\/admin\\\/#author\"},\"creator\":{\"@id\":\"https:\\\/\\\/candas365.es\\\/noticias\\\/author\\\/admin\\\/#author\"},\"image\":{\"@type\":\"ImageObject\",\"url\":\"https:\\\/\\\/candas365.es\\\/noticias\\\/wp-content\\\/uploads\\\/2019\\\/04\\\/J-Habermas.jpg\",\"@id\":\"https:\\\/\\\/candas365.es\\\/noticias\\\/escuela-de-francfort-100-anos-de-sociologia-en-la-universidad-goethe\\\/#mainImage\",\"width\":843,\"height\":666,\"caption\":\"El soci\\u00f3logo y fil\\u00f3sofo J\\u00fcrgen Habermas, durante la entrega del Premio de la Paz de los Libreros alemanes en Fr\\u00e1ncfort. Foto: Arne Dedert\\\/dpa\"},\"primaryImageOfPage\":{\"@id\":\"https:\\\/\\\/candas365.es\\\/noticias\\\/escuela-de-francfort-100-anos-de-sociologia-en-la-universidad-goethe\\\/#mainImage\"},\"datePublished\":\"2019-04-07T03:11:24+02:00\",\"dateModified\":\"2019-04-07T03:11:24+02:00\"},{\"@type\":\"WebSite\",\"@id\":\"https:\\\/\\\/candas365.es\\\/noticias\\\/#website\",\"url\":\"https:\\\/\\\/candas365.es\\\/noticias\\\/\",\"name\":\"Cand\\u00e1s 365\",\"alternateName\":\"Cand\\u00e1s 365 Noticias\",\"description\":\"Actualidad desde Carre\\u00f1o para el mundo\",\"inLanguage\":\"es-ES\",\"publisher\":{\"@id\":\"https:\\\/\\\/candas365.es\\\/noticias\\\/#organization\"}}]}\n\t\t<\/script>\n\t\t<!-- All in One SEO Pro -->\r\n\t\t<title>Escuela de Fr\u00e1ncfort, 100 a\u00f1os de sociolog\u00eda en la Universidad Goethe | Cand\u00e1s 365<\/title>\n\n","aioseo_head_json":{"title":"Escuela de Fr\u00e1ncfort, 100 a\u00f1os de sociolog\u00eda en la Universidad Goethe | Cand\u00e1s 365","description":"Fr\u00e1ncfort (dpa) - El 19 de marzo de 1919 el diario \"Frankfurter Zeitung\" inform\u00f3 de novedades en la Universidad Goethe, fundada apenas cinco a\u00f1os antes. Bajo el t\u00edtulo \"Asuntos de Fr\u00e1ncfort\", pod\u00eda leerse que el docente de ciencias pol\u00edticas Franz Oppenheimer de Berl\u00edn era nombrado catedr\u00e1tico de sociolog\u00eda y econom\u00eda nacional al inicio del semestre","canonical_url":"https:\/\/candas365.es\/noticias\/escuela-de-francfort-100-anos-de-sociologia-en-la-universidad-goethe\/","robots":"max-image-preview:large","keywords":"sociedad","webmasterTools":{"google-site-verification":"UA-32230408-1","msvalidate.01":"354F3CDFB2DA171B47FBE9ABF1F88D5","miscellaneous":""},"schema":{"@context":"https:\/\/schema.org","@graph":[{"@type":"BreadcrumbList","@id":"https:\/\/candas365.es\/noticias\/escuela-de-francfort-100-anos-de-sociologia-en-la-universidad-goethe\/#breadcrumblist","itemListElement":[{"@type":"ListItem","@id":"https:\/\/candas365.es\/noticias#listItem","position":1,"name":"Home","item":"https:\/\/candas365.es\/noticias","nextItem":{"@type":"ListItem","@id":"https:\/\/candas365.es\/noticias\/category\/sociedad\/#listItem","name":"Sociedad"}},{"@type":"ListItem","@id":"https:\/\/candas365.es\/noticias\/category\/sociedad\/#listItem","position":2,"name":"Sociedad","item":"https:\/\/candas365.es\/noticias\/category\/sociedad\/","nextItem":{"@type":"ListItem","@id":"https:\/\/candas365.es\/noticias\/escuela-de-francfort-100-anos-de-sociologia-en-la-universidad-goethe\/#listItem","name":"Escuela de Fr\u00e1ncfort, 100 a\u00f1os de sociolog\u00eda en la Universidad Goethe"},"previousItem":{"@type":"ListItem","@id":"https:\/\/candas365.es\/noticias#listItem","name":"Home"}},{"@type":"ListItem","@id":"https:\/\/candas365.es\/noticias\/escuela-de-francfort-100-anos-de-sociologia-en-la-universidad-goethe\/#listItem","position":3,"name":"Escuela de Fr\u00e1ncfort, 100 a\u00f1os de sociolog\u00eda en la Universidad Goethe","previousItem":{"@type":"ListItem","@id":"https:\/\/candas365.es\/noticias\/category\/sociedad\/#listItem","name":"Sociedad"}}]},{"@type":"NewsArticle","@id":"https:\/\/candas365.es\/noticias\/escuela-de-francfort-100-anos-de-sociologia-en-la-universidad-goethe\/#newsarticle","name":"Escuela de Fr\u00e1ncfort, 100 a\u00f1os de sociolog\u00eda en la Universidad Goethe | Cand\u00e1s 365","headline":"Escuela de Fr\u00e1ncfort, 100 a\u00f1os de sociolog\u00eda en la Universidad Goethe","author":{"@id":"https:\/\/candas365.es\/noticias\/author\/admin\/#author"},"publisher":{"@id":"https:\/\/candas365.es\/noticias\/#organization"},"image":{"@type":"ImageObject","url":"https:\/\/candas365.es\/noticias\/wp-content\/uploads\/2019\/04\/J-Habermas.jpg","width":843,"height":666,"caption":"El soci\u00f3logo y fil\u00f3sofo J\u00fcrgen Habermas, durante la entrega del Premio de la Paz de los Libreros alemanes en Fr\u00e1ncfort. Foto: Arne Dedert\/dpa"},"datePublished":"2019-04-07T03:11:24+02:00","dateModified":"2019-04-07T03:11:24+02:00","inLanguage":"es-ES","mainEntityOfPage":{"@id":"https:\/\/candas365.es\/noticias\/escuela-de-francfort-100-anos-de-sociologia-en-la-universidad-goethe\/#webpage"},"isPartOf":{"@id":"https:\/\/candas365.es\/noticias\/escuela-de-francfort-100-anos-de-sociologia-en-la-universidad-goethe\/#webpage"},"articleSection":"Sociedad","dateline":"Publicado el abril 7, 2019."},{"@type":"Organization","@id":"https:\/\/candas365.es\/noticias\/#organization","name":"Cand\u00e1s 365","description":"Cand\u00e1s 365 es un diario digital independiente, fundado en 2012, con base en Asturias. Informamos con rigor sobre actualidad, sociedad, cultura y ocio, con una mirada local y global.","url":"https:\/\/candas365.es\/noticias\/","email":"info@candas365.es","telephone":"+34652131393","foundingDate":"2012-06-10","logo":{"@type":"ImageObject","url":"https:\/\/candas365.es\/noticias\/wp-content\/uploads\/2024\/09\/Candas-365-Redes.jpg","@id":"https:\/\/candas365.es\/noticias\/escuela-de-francfort-100-anos-de-sociologia-en-la-universidad-goethe\/#organizationLogo","width":1152,"height":864,"caption":"Cand\u00e1s 365 Redes"},"image":{"@id":"https:\/\/candas365.es\/noticias\/escuela-de-francfort-100-anos-de-sociologia-en-la-universidad-goethe\/#organizationLogo"},"sameAs":["https:\/\/www.facebook.com\/Nachofdezber","https:\/\/x.com\/NabercoDigital","https:\/\/www.instagram.com\/nachofdezber\/","https:\/\/www.youtube.com\/channel\/UCZP-2wLEB9Rv6erhFmqVnvg"],"address":{"@id":"https:\/\/candas365.es\/noticias\/#postaladdress","@type":"PostalAddress","streetAddress":"san antonio 4, san antonio 4","postalCode":"33430","addressLocality":"Cand\u00e1s","addressRegion":"Asturias","addressCountry":"ES"}},{"@type":"Person","@id":"https:\/\/candas365.es\/noticias\/author\/admin\/#author","url":"https:\/\/candas365.es\/noticias\/author\/admin\/","name":"Cand\u00e1s 365","image":{"@type":"ImageObject","@id":"https:\/\/candas365.es\/noticias\/escuela-de-francfort-100-anos-de-sociologia-en-la-universidad-goethe\/#authorImage","url":"https:\/\/secure.gravatar.com\/avatar\/496a8e03d0c493ede1718b7934145dbdf8d89be1036b0eec9544e1094c9de390?s=96&d=mm&r=g","width":96,"height":96,"caption":"Cand\u00e1s 365"},"sameAs":["https:\/\/www.facebook.com\/carrenoactualidad","https:\/\/twitter.com\/nbasturias","https:\/\/www.instagram.com\/nachofdezber\/","https:\/\/www.youtube.com\/channel\/UCZP-2wLEB9Rv6erhFmqVnvg"]},{"@type":"WebPage","@id":"https:\/\/candas365.es\/noticias\/escuela-de-francfort-100-anos-de-sociologia-en-la-universidad-goethe\/#webpage","url":"https:\/\/candas365.es\/noticias\/escuela-de-francfort-100-anos-de-sociologia-en-la-universidad-goethe\/","name":"Escuela de Fr\u00e1ncfort, 100 a\u00f1os de sociolog\u00eda en la Universidad Goethe | Cand\u00e1s 365","description":"Fr\u00e1ncfort (dpa) - El 19 de marzo de 1919 el diario \"Frankfurter Zeitung\" inform\u00f3 de novedades en la Universidad Goethe, fundada apenas cinco a\u00f1os antes. Bajo el t\u00edtulo \"Asuntos de Fr\u00e1ncfort\", pod\u00eda leerse que el docente de ciencias pol\u00edticas Franz Oppenheimer de Berl\u00edn era nombrado catedr\u00e1tico de sociolog\u00eda y econom\u00eda nacional al inicio del semestre","inLanguage":"es-ES","isPartOf":{"@id":"https:\/\/candas365.es\/noticias\/#website"},"breadcrumb":{"@id":"https:\/\/candas365.es\/noticias\/escuela-de-francfort-100-anos-de-sociologia-en-la-universidad-goethe\/#breadcrumblist"},"author":{"@id":"https:\/\/candas365.es\/noticias\/author\/admin\/#author"},"creator":{"@id":"https:\/\/candas365.es\/noticias\/author\/admin\/#author"},"image":{"@type":"ImageObject","url":"https:\/\/candas365.es\/noticias\/wp-content\/uploads\/2019\/04\/J-Habermas.jpg","@id":"https:\/\/candas365.es\/noticias\/escuela-de-francfort-100-anos-de-sociologia-en-la-universidad-goethe\/#mainImage","width":843,"height":666,"caption":"El soci\u00f3logo y fil\u00f3sofo J\u00fcrgen Habermas, durante la entrega del Premio de la Paz de los Libreros alemanes en Fr\u00e1ncfort. Foto: Arne Dedert\/dpa"},"primaryImageOfPage":{"@id":"https:\/\/candas365.es\/noticias\/escuela-de-francfort-100-anos-de-sociologia-en-la-universidad-goethe\/#mainImage"},"datePublished":"2019-04-07T03:11:24+02:00","dateModified":"2019-04-07T03:11:24+02:00"},{"@type":"WebSite","@id":"https:\/\/candas365.es\/noticias\/#website","url":"https:\/\/candas365.es\/noticias\/","name":"Cand\u00e1s 365","alternateName":"Cand\u00e1s 365 Noticias","description":"Actualidad desde Carre\u00f1o para el mundo","inLanguage":"es-ES","publisher":{"@id":"https:\/\/candas365.es\/noticias\/#organization"}}]},"og:locale":"es_ES","og:site_name":"Cand\u00e1s 365","og:type":"article","og:title":"Escuela de Fr\u00e1ncfort, 100 a\u00f1os de sociolog\u00eda en la Universidad Goethe | Cand\u00e1s 365","og:description":"Fr\u00e1ncfort (dpa) - El 19 de marzo de 1919 el diario &quot;Frankfurter Zeitung&quot; inform\u00f3 de novedades en la Universidad Goethe, fundada apenas cinco a\u00f1os antes. Bajo el t\u00edtulo &quot;Asuntos de Fr\u00e1ncfort&quot;, pod\u00eda leerse que el docente de ciencias pol\u00edticas Franz Oppenheimer de Berl\u00edn era nombrado catedr\u00e1tico de sociolog\u00eda y econom\u00eda nacional al inicio del semestre","og:url":"https:\/\/candas365.es\/noticias\/escuela-de-francfort-100-anos-de-sociologia-en-la-universidad-goethe\/","og:image":"https:\/\/candas365.es\/noticias\/wp-content\/uploads\/2019\/04\/J-Habermas.jpg","og:image:secure_url":"https:\/\/candas365.es\/noticias\/wp-content\/uploads\/2019\/04\/J-Habermas.jpg","og:image:width":843,"og:image:height":666,"article:published_time":"2019-04-07T03:11:24+00:00","article:modified_time":"2019-04-07T03:11:24+00:00","article:publisher":"https:\/\/www.facebook.com\/Nachofdezber","article:author":"https:\/\/www.facebook.com\/carrenoactualidad","twitter:card":"summary_large_image","twitter:site":"@NabercoDigital","twitter:title":"Escuela de Fr\u00e1ncfort, 100 a\u00f1os de sociolog\u00eda en la Universidad Goethe | Cand\u00e1s 365","twitter:description":"Fr\u00e1ncfort (dpa) - El 19 de marzo de 1919 el diario &quot;Frankfurter Zeitung&quot; inform\u00f3 de novedades en la Universidad Goethe, fundada apenas cinco a\u00f1os antes. Bajo el t\u00edtulo &quot;Asuntos de Fr\u00e1ncfort&quot;, pod\u00eda leerse que el docente de ciencias pol\u00edticas Franz Oppenheimer de Berl\u00edn era nombrado catedr\u00e1tico de sociolog\u00eda y econom\u00eda nacional al inicio del semestre","twitter:creator":"@nbasturias","twitter:image":"https:\/\/candas365.es\/noticias\/wp-content\/uploads\/2019\/04\/J-Habermas.jpg","twitter:label1":"Escrito por","twitter:data1":"Cand\u00e1s 365","twitter:label2":"Tiempo de lectura estimado","twitter:data2":"4 minutos"},"aioseo_meta_data":{"post_id":"120196","title":null,"description":null,"keywords":null,"keyphrases":null,"primary_term":null,"canonical_url":null,"og_title":null,"og_description":null,"og_object_type":"default","og_image_type":"default","og_image_url":null,"og_image_width":null,"og_image_height":null,"og_image_custom_url":null,"og_image_custom_fields":null,"og_video":null,"og_custom_url":null,"og_article_section":null,"og_article_tags":null,"twitter_use_og":false,"twitter_card":"default","twitter_image_type":"default","twitter_image_url":null,"twitter_image_custom_url":null,"twitter_image_custom_fields":null,"twitter_title":null,"twitter_description":null,"schema":{"blockGraphs":[],"customGraphs":[],"default":{"data":{"Article":[],"Course":[],"Dataset":[],"FAQPage":[],"Movie":[],"Person":[],"Product":[],"ProductReview":[],"Car":[],"Recipe":[],"Service":[],"SoftwareApplication":[],"WebPage":[]},"graphName":"","isEnabled":true},"graphs":[],"defaultGraph":"","defaultPostTypeGraph":""},"schema_type":null,"schema_type_options":null,"pillar_content":false,"robots_default":true,"robots_noindex":false,"robots_noarchive":false,"robots_nosnippet":false,"robots_nofollow":false,"robots_noimageindex":false,"robots_noodp":false,"robots_notranslate":false,"robots_max_snippet":null,"robots_max_videopreview":null,"robots_max_imagepreview":"large","priority":null,"frequency":null,"location":null,"local_seo":null,"seo_analyzer_scan_date":"2025-08-29 16:42:38","breadcrumb_settings":null,"limit_modified_date":false,"reviewed_by":null,"open_ai":null,"ai":null,"created":"2020-12-21 10:59:02","updated":"2025-08-29 16:42:38"},"aioseo_breadcrumb":"<div class=\"aioseo-breadcrumbs\"><span class=\"aioseo-breadcrumb\">\n\t<a href=\"https:\/\/candas365.es\/noticias\" title=\"Home\">Home<\/a>\n<\/span><span class=\"aioseo-breadcrumb-separator\">&ndash;<\/span><span class=\"aioseo-breadcrumb\">\n\t<a href=\"https:\/\/candas365.es\/noticias\/category\/sociedad\/\" title=\"Sociedad\">Sociedad<\/a>\n<\/span><span class=\"aioseo-breadcrumb-separator\">&ndash;<\/span><span class=\"aioseo-breadcrumb\">\n\tEscuela de Fr\u00e1ncfort, 100 a\u00f1os de sociolog\u00eda en la Universidad Goethe\n<\/span><\/div>","aioseo_breadcrumb_json":[{"label":"Home","link":"https:\/\/candas365.es\/noticias"},{"label":"Sociedad","link":"https:\/\/candas365.es\/noticias\/category\/sociedad\/"},{"label":"Escuela de Fr\u00e1ncfort, 100 a\u00f1os de sociolog\u00eda en la Universidad Goethe","link":"https:\/\/candas365.es\/noticias\/escuela-de-francfort-100-anos-de-sociologia-en-la-universidad-goethe\/"}],"_links":{"self":[{"href":"https:\/\/candas365.es\/noticias\/wp-json\/wp\/v2\/posts\/120196","targetHints":{"allow":["GET"]}}],"collection":[{"href":"https:\/\/candas365.es\/noticias\/wp-json\/wp\/v2\/posts"}],"about":[{"href":"https:\/\/candas365.es\/noticias\/wp-json\/wp\/v2\/types\/post"}],"author":[{"embeddable":true,"href":"https:\/\/candas365.es\/noticias\/wp-json\/wp\/v2\/users\/1"}],"replies":[{"embeddable":true,"href":"https:\/\/candas365.es\/noticias\/wp-json\/wp\/v2\/comments?post=120196"}],"version-history":[{"count":0,"href":"https:\/\/candas365.es\/noticias\/wp-json\/wp\/v2\/posts\/120196\/revisions"}],"wp:featuredmedia":[{"embeddable":true,"href":"https:\/\/candas365.es\/noticias\/wp-json\/wp\/v2\/media\/120197"}],"wp:attachment":[{"href":"https:\/\/candas365.es\/noticias\/wp-json\/wp\/v2\/media?parent=120196"}],"wp:term":[{"taxonomy":"category","embeddable":true,"href":"https:\/\/candas365.es\/noticias\/wp-json\/wp\/v2\/categories?post=120196"},{"taxonomy":"post_tag","embeddable":true,"href":"https:\/\/candas365.es\/noticias\/wp-json\/wp\/v2\/tags?post=120196"}],"curies":[{"name":"wp","href":"https:\/\/api.w.org\/{rel}","templated":true}]}}