{"id":120134,"date":"2019-04-06T03:56:02","date_gmt":"2019-04-06T03:56:02","guid":{"rendered":"http:\/\/candas365.es\/noticias\/?p=120134"},"modified":"2019-04-06T03:56:02","modified_gmt":"2019-04-06T03:56:02","slug":"celos-los-hermanos-mayores-necesitan-elogios","status":"publish","type":"post","link":"https:\/\/candas365.es\/noticias\/celos-los-hermanos-mayores-necesitan-elogios\/","title":{"rendered":"\u00bfCelos? Los hermanos mayores necesitan elogios"},"content":{"rendered":"<figure id=\"attachment_120135\" aria-describedby=\"caption-attachment-120135\" style=\"width: 360px\" class=\"wp-caption alignleft\"><img fetchpriority=\"high\" decoding=\"async\" class=\"wp-image-120135 size-medium\" src=\"https:\/\/candas365.es\/noticias\/wp-content\/uploads\/2019\/04\/celos-hermanos-360x240.jpg\" alt=\"\" width=\"360\" height=\"240\" srcset=\"https:\/\/candas365.es\/noticias\/wp-content\/uploads\/2019\/04\/celos-hermanos-360x240.jpg 360w, https:\/\/candas365.es\/noticias\/wp-content\/uploads\/2019\/04\/celos-hermanos-768x511.jpg 768w, https:\/\/candas365.es\/noticias\/wp-content\/uploads\/2019\/04\/celos-hermanos-655x436.jpg 655w, https:\/\/candas365.es\/noticias\/wp-content\/uploads\/2019\/04\/celos-hermanos-696x463.jpg 696w, https:\/\/candas365.es\/noticias\/wp-content\/uploads\/2019\/04\/celos-hermanos-631x420.jpg 631w, https:\/\/candas365.es\/noticias\/wp-content\/uploads\/2019\/04\/celos-hermanos.jpg 1007w\" sizes=\"(max-width: 360px) 100vw, 360px\" \/><figcaption id=\"caption-attachment-120135\" class=\"wp-caption-text\">Foto: Christin Klose\/dpa-tmn<\/figcaption><\/figure>\n<p>(dpa) &#8211; \u00ab\u00a1Tendr\u00e1s un hermanito!\u00bb Es posible que esta frase en los ni\u00f1os no s\u00f3lo genere entusiasmo: tambi\u00e9n puede causar celos. Pero se pueden evitar. \u00abSi los padres se alegran por el segundo hijo y transmiten esa alegr\u00eda, entonces tambi\u00e9n se alegrar\u00e1 el primer hijo\u00bb, dice la educadora Heidemarie Arnhold, que recomienda involucrar al primer hijo desde el principio en el proceso, siempre de acuerdo a su edad.<\/p>\n<p>\u00abCuando ya se vea la panza de la mam\u00e1, el hijo mayor puede acariciarla\u00bb, recomienda. \u00abCuando a\u00fan no est\u00e1, se puede decir: Pronto tendr\u00e9 una panza enorme, dentro habr\u00e1 un ni\u00f1o que ahora a\u00fan es muy peque\u00f1o\u00bb.<\/p>\n<p>Los padres pueden convertir todo en ritual. Por la noche, pueden decir: \u00abAhora vamos a cantarle al beb\u00e9\u00bb, propone Judith Peltner, jefa del servicio asistencial del Centro para Padres e Hijos del Policl\u00ednico de N\u00faremberg, en Alemania. El beb\u00e9 que est\u00e1 por nacer lo escucha en el vientre de la madre. Y cuando nace, la hermana o el hermano mayor le puede cantar cuando est\u00e9 intranquilo.<\/p>\n<p>Al mismo tiempo, los padres deber\u00edan contrarrestar falsas expectativas. Muchas veces, los hijos mayores se imagen que enseguida van a poder jugar con el beb\u00e9. \u00abSe les puede explicar que un beb\u00e9 necesita mucha ayuda, que no puede jugar con el auto o la mu\u00f1eca\u00bb, dice Peltner.<\/p>\n<p>Las personas que vengan a conocer al reci\u00e9n nacido, deber\u00edan prestar atenci\u00f3n tambi\u00e9n al hermano mayor, recomienda la psic\u00f3loga In\u00e9s Brock.<\/p>\n<p>La diferencia de edad m\u00e1s dif\u00edcil son los tres a\u00f1os, constata Judith Peltner. \u00abEntonces el hijo mayor est\u00e1 en la edad rebelde\u00bb. Aprendi\u00f3 a contar con toda la atenci\u00f3n de los padres. \u00abJusto est\u00e1 determinando sus l\u00edmites y entonces aparece un rival\u00bb, agrega.<\/p>\n<p>En esos casos es necesaria sobre todo la ayuda de los pap\u00e1s, subraya Brock. \u00abEllos pueden prestarle m\u00e1s atenci\u00f3n al mayor cuando las madres est\u00e1n ocupadas con el peque\u00f1o\u00bb.<\/p>\n<p>S\u00f3lo se genera una competencia, seg\u00fan Heidemarie Arnhold, si los padres la incentivan. Lo que no se puede hacer es decir: \u00abTu siempre gritaste mucho y \u00e9l no grita para nada\u00bb. Es preferible que los padres eviten las comparaciones. En cambio, s\u00ed es bueno revisar con el mayor sus fotos de cuando era beb\u00e9.<\/p>\n<p>Cuando un ni\u00f1o quiere ayudar, hay que permit\u00edrselo. Muchas cl\u00ednicas o maternidades ofrecen cursos para hermanos. All\u00ed, los ni\u00f1os de entre tres y seis a\u00f1os aprenden con un mu\u00f1eco a cambiar los pa\u00f1ales, a alzar al beb\u00e9 o a darle el biber\u00f3n. \u00abSer\u00eda exagerado decir que as\u00ed podemos evitar los celos\u00bb, comenta Peltner. \u00abLo que queremos es fortalecer el orgullo del hermano\u00bb, explica.<\/p>\n<p>Los padres no deber\u00edan preocuparse si el mayor se acerca al peque\u00f1o, recomienda Peltner. Es natural que los hermanos mayores a veces sean torpes. \u00abLes tocan la cabeza y les tiran de la mano, pero los beb\u00e9s muchas veces ni se inmutan. Hay una conexi\u00f3n entre los hermanos\u00bb.<\/p>\n<p>As\u00ed lo confirma Heidemarie Arnhold: \u00abEl contacto entre hermanos es muy positivo. Los ni\u00f1os reaccionan ante ni\u00f1os. Eso lo vemos ya desde que son beb\u00e9s\u00bb.<\/p>\n<p>Cuando nace el peque\u00f1o, el mayor muchas veces tambi\u00e9n quiere volver a ser beb\u00e9. Es una reacci\u00f3n normal, se\u00f1ala In\u00e9s Brock. \u00abPara los ni\u00f1os de tres, cuatro, cinco a\u00f1os es fascinante observar c\u00f3mo el beb\u00e9 grita y hace caca y todos se alegran por ello\u00bb.<\/p>\n<p>As\u00ed que el mayor tambi\u00e9n quiere probar y pide el biber\u00f3n o el pecho de la mam\u00e1 o incluso vuelve a mojar la cama. \u00abIntentan imitar el comportamiento del beb\u00e9 para ver si mam\u00e1 reacciona igual\u00bb, dice.<\/p>\n<p>Pero no hay que preocuparse, se\u00f1ala Brock. Lo mejor es elogiar al mayor por todas las cosas que ya sabe hacer.<\/p>\n<p>Cuando el mayor le hace da\u00f1o al peque\u00f1o con intenci\u00f3n, por ejemplo pellizc\u00e1ndolo o ara\u00f1\u00e1ndolo, los padres deben mantener la calma, recomienda Peltner. Lo mejor es dejarle en claro: \u00abA t\u00ed tampoco te gusta que te duela\u00bb.<\/p>\n<p>Para Brock, los celos son comprensibles: \u00abSi pensamos que de repente debemos compartir a las personas que m\u00e1s queremos con otro ser l\u00f3gicamente se desencadenen sentimientos fuertes\u00bb. Cuanta m\u00e1s calma mantengan los padres, m\u00e1s f\u00e1cil ser\u00e1. \u00abS\u00f3lo hay que preocuparse y buscar asesoramiento si esta fase se prolonga demasiado\u00bb, agrega<\/p>\n<p>Por Christina Bachmann (dpa)<\/p>\n","protected":false},"excerpt":{"rendered":"<p>(dpa) &#8211; \u00ab\u00a1Tendr\u00e1s un hermanito!\u00bb Es posible que esta frase en los ni\u00f1os no s\u00f3lo genere entusiasmo: tambi\u00e9n puede causar celos. Pero se pueden evitar. \u00abSi los padres se alegran por el segundo hijo y transmiten esa alegr\u00eda, entonces tambi\u00e9n se alegrar\u00e1 el primer hijo\u00bb, dice la educadora Heidemarie Arnhold, que recomienda involucrar al primer<\/p>\n","protected":false},"author":1,"featured_media":120135,"comment_status":"closed","ping_status":"closed","sticky":false,"template":"","format":"standard","meta":{"footnotes":""},"categories":[143],"tags":[],"class_list":{"0":"post-120134","1":"post","2":"type-post","3":"status-publish","4":"format-standard","5":"has-post-thumbnail","7":"category-sociedad"},"aioseo_notices":[],"aioseo_head":"\n\t\t<!-- All in One SEO Pro 4.9.6.2 - aioseo.com -->\n\t<meta name=\"description\" content=\"(dpa) - &quot;\u00a1Tendr\u00e1s un hermanito!&quot; Es posible que esta frase en los ni\u00f1os no s\u00f3lo genere entusiasmo: tambi\u00e9n puede causar celos. Pero se pueden evitar. &quot;Si los padres se alegran por el segundo hijo y transmiten esa alegr\u00eda, entonces tambi\u00e9n se alegrar\u00e1 el primer hijo&quot;, dice la educadora Heidemarie Arnhold, que recomienda involucrar al primer\" \/>\n\t<meta name=\"robots\" content=\"max-image-preview:large\" \/>\n\t<meta name=\"author\" content=\"Cand\u00e1s 365\"\/>\n\t<meta name=\"google-site-verification\" content=\"UA-32230408-1\" \/>\n\t<meta name=\"msvalidate.01\" content=\"354F3CDFB2DA171B47FBE9ABF1F88D5\" \/>\n\t<meta name=\"keywords\" content=\"sociedad\" \/>\n\t<link rel=\"canonical\" href=\"https:\/\/candas365.es\/noticias\/celos-los-hermanos-mayores-necesitan-elogios\/\" \/>\n\t<meta name=\"generator\" content=\"All in One SEO Pro (AIOSEO) 4.9.6.2\" \/>\n\t\t<meta property=\"og:locale\" content=\"es_ES\" \/>\n\t\t<meta property=\"og:site_name\" content=\"Cand\u00e1s 365\" \/>\n\t\t<meta property=\"og:type\" content=\"article\" \/>\n\t\t<meta property=\"og:title\" content=\"\u00bfCelos? Los hermanos mayores necesitan elogios | Cand\u00e1s 365\" \/>\n\t\t<meta property=\"og:description\" content=\"(dpa) - &quot;\u00a1Tendr\u00e1s un hermanito!&quot; Es posible que esta frase en los ni\u00f1os no s\u00f3lo genere entusiasmo: tambi\u00e9n puede causar celos. Pero se pueden evitar. &quot;Si los padres se alegran por el segundo hijo y transmiten esa alegr\u00eda, entonces tambi\u00e9n se alegrar\u00e1 el primer hijo&quot;, dice la educadora Heidemarie Arnhold, que recomienda involucrar al primer\" \/>\n\t\t<meta property=\"og:url\" content=\"https:\/\/candas365.es\/noticias\/celos-los-hermanos-mayores-necesitan-elogios\/\" \/>\n\t\t<meta property=\"og:image\" content=\"https:\/\/candas365.es\/noticias\/wp-content\/uploads\/2019\/04\/celos-hermanos.jpg\" \/>\n\t\t<meta property=\"og:image:secure_url\" content=\"https:\/\/candas365.es\/noticias\/wp-content\/uploads\/2019\/04\/celos-hermanos.jpg\" \/>\n\t\t<meta property=\"og:image:width\" content=\"1007\" \/>\n\t\t<meta property=\"og:image:height\" content=\"670\" \/>\n\t\t<meta property=\"article:published_time\" content=\"2019-04-06T03:56:02+00:00\" \/>\n\t\t<meta property=\"article:modified_time\" content=\"2019-04-06T03:56:02+00:00\" \/>\n\t\t<meta property=\"article:publisher\" content=\"https:\/\/www.facebook.com\/Nachofdezber\" \/>\n\t\t<meta property=\"article:author\" content=\"https:\/\/www.facebook.com\/carrenoactualidad\" \/>\n\t\t<meta name=\"twitter:card\" content=\"summary_large_image\" \/>\n\t\t<meta name=\"twitter:site\" content=\"@NabercoDigital\" \/>\n\t\t<meta name=\"twitter:title\" content=\"\u00bfCelos? Los hermanos mayores necesitan elogios | Cand\u00e1s 365\" \/>\n\t\t<meta name=\"twitter:description\" content=\"(dpa) - &quot;\u00a1Tendr\u00e1s un hermanito!&quot; Es posible que esta frase en los ni\u00f1os no s\u00f3lo genere entusiasmo: tambi\u00e9n puede causar celos. Pero se pueden evitar. &quot;Si los padres se alegran por el segundo hijo y transmiten esa alegr\u00eda, entonces tambi\u00e9n se alegrar\u00e1 el primer hijo&quot;, dice la educadora Heidemarie Arnhold, que recomienda involucrar al primer\" \/>\n\t\t<meta name=\"twitter:creator\" content=\"@nbasturias\" \/>\n\t\t<meta name=\"twitter:image\" content=\"https:\/\/candas365.es\/noticias\/wp-content\/uploads\/2019\/04\/celos-hermanos.jpg\" \/>\n\t\t<meta name=\"twitter:label1\" content=\"Escrito por\" \/>\n\t\t<meta name=\"twitter:data1\" content=\"Cand\u00e1s 365\" \/>\n\t\t<meta name=\"twitter:label2\" content=\"Tiempo de lectura estimado\" \/>\n\t\t<meta name=\"twitter:data2\" content=\"4 minutos\" \/>\n\t\t<script type=\"application\/ld+json\" class=\"aioseo-schema\">\n\t\t\t{\"@context\":\"https:\\\/\\\/schema.org\",\"@graph\":[{\"@type\":\"BreadcrumbList\",\"@id\":\"https:\\\/\\\/candas365.es\\\/noticias\\\/celos-los-hermanos-mayores-necesitan-elogios\\\/#breadcrumblist\",\"itemListElement\":[{\"@type\":\"ListItem\",\"@id\":\"https:\\\/\\\/candas365.es\\\/noticias#listItem\",\"position\":1,\"name\":\"Home\",\"item\":\"https:\\\/\\\/candas365.es\\\/noticias\",\"nextItem\":{\"@type\":\"ListItem\",\"@id\":\"https:\\\/\\\/candas365.es\\\/noticias\\\/category\\\/sociedad\\\/#listItem\",\"name\":\"Sociedad\"}},{\"@type\":\"ListItem\",\"@id\":\"https:\\\/\\\/candas365.es\\\/noticias\\\/category\\\/sociedad\\\/#listItem\",\"position\":2,\"name\":\"Sociedad\",\"item\":\"https:\\\/\\\/candas365.es\\\/noticias\\\/category\\\/sociedad\\\/\",\"nextItem\":{\"@type\":\"ListItem\",\"@id\":\"https:\\\/\\\/candas365.es\\\/noticias\\\/celos-los-hermanos-mayores-necesitan-elogios\\\/#listItem\",\"name\":\"\\u00bfCelos? Los hermanos mayores necesitan elogios\"},\"previousItem\":{\"@type\":\"ListItem\",\"@id\":\"https:\\\/\\\/candas365.es\\\/noticias#listItem\",\"name\":\"Home\"}},{\"@type\":\"ListItem\",\"@id\":\"https:\\\/\\\/candas365.es\\\/noticias\\\/celos-los-hermanos-mayores-necesitan-elogios\\\/#listItem\",\"position\":3,\"name\":\"\\u00bfCelos? Los hermanos mayores necesitan elogios\",\"previousItem\":{\"@type\":\"ListItem\",\"@id\":\"https:\\\/\\\/candas365.es\\\/noticias\\\/category\\\/sociedad\\\/#listItem\",\"name\":\"Sociedad\"}}]},{\"@type\":\"NewsArticle\",\"@id\":\"https:\\\/\\\/candas365.es\\\/noticias\\\/celos-los-hermanos-mayores-necesitan-elogios\\\/#newsarticle\",\"name\":\"\\u00bfCelos? Los hermanos mayores necesitan elogios | Cand\\u00e1s 365\",\"headline\":\"\\u00bfCelos? Los hermanos mayores necesitan elogios\",\"author\":{\"@id\":\"https:\\\/\\\/candas365.es\\\/noticias\\\/author\\\/admin\\\/#author\"},\"publisher\":{\"@id\":\"https:\\\/\\\/candas365.es\\\/noticias\\\/#organization\"},\"image\":{\"@type\":\"ImageObject\",\"url\":\"https:\\\/\\\/candas365.es\\\/noticias\\\/wp-content\\\/uploads\\\/2019\\\/04\\\/celos-hermanos.jpg\",\"width\":1007,\"height\":670},\"datePublished\":\"2019-04-06T03:56:02+02:00\",\"dateModified\":\"2019-04-06T03:56:02+02:00\",\"inLanguage\":\"es-ES\",\"mainEntityOfPage\":{\"@id\":\"https:\\\/\\\/candas365.es\\\/noticias\\\/celos-los-hermanos-mayores-necesitan-elogios\\\/#webpage\"},\"isPartOf\":{\"@id\":\"https:\\\/\\\/candas365.es\\\/noticias\\\/celos-los-hermanos-mayores-necesitan-elogios\\\/#webpage\"},\"articleSection\":\"Sociedad\",\"dateline\":\"Publicado el abril 6, 2019.\"},{\"@type\":\"Organization\",\"@id\":\"https:\\\/\\\/candas365.es\\\/noticias\\\/#organization\",\"name\":\"Cand\\u00e1s 365\",\"description\":\"Cand\\u00e1s 365 es un diario digital independiente, fundado en 2012, con base en Asturias. Informamos con rigor sobre actualidad, sociedad, cultura y ocio, con una mirada local y global.\",\"url\":\"https:\\\/\\\/candas365.es\\\/noticias\\\/\",\"email\":\"info@candas365.es\",\"telephone\":\"+34652131393\",\"foundingDate\":\"2012-06-10\",\"logo\":{\"@type\":\"ImageObject\",\"url\":\"https:\\\/\\\/candas365.es\\\/noticias\\\/wp-content\\\/uploads\\\/2024\\\/09\\\/Candas-365-Redes.jpg\",\"@id\":\"https:\\\/\\\/candas365.es\\\/noticias\\\/celos-los-hermanos-mayores-necesitan-elogios\\\/#organizationLogo\",\"width\":1152,\"height\":864,\"caption\":\"Cand\\u00e1s 365 Redes\"},\"image\":{\"@id\":\"https:\\\/\\\/candas365.es\\\/noticias\\\/celos-los-hermanos-mayores-necesitan-elogios\\\/#organizationLogo\"},\"sameAs\":[\"https:\\\/\\\/www.facebook.com\\\/Nachofdezber\",\"https:\\\/\\\/x.com\\\/NabercoDigital\",\"https:\\\/\\\/www.instagram.com\\\/nachofdezber\\\/\",\"https:\\\/\\\/www.youtube.com\\\/channel\\\/UCZP-2wLEB9Rv6erhFmqVnvg\"],\"address\":{\"@id\":\"https:\\\/\\\/candas365.es\\\/noticias\\\/#postaladdress\",\"@type\":\"PostalAddress\",\"streetAddress\":\"san antonio 4, san antonio 4\",\"postalCode\":\"33430\",\"addressLocality\":\"Cand\\u00e1s\",\"addressRegion\":\"Asturias\",\"addressCountry\":\"ES\"}},{\"@type\":\"Person\",\"@id\":\"https:\\\/\\\/candas365.es\\\/noticias\\\/author\\\/admin\\\/#author\",\"url\":\"https:\\\/\\\/candas365.es\\\/noticias\\\/author\\\/admin\\\/\",\"name\":\"Cand\\u00e1s 365\",\"image\":{\"@type\":\"ImageObject\",\"@id\":\"https:\\\/\\\/candas365.es\\\/noticias\\\/celos-los-hermanos-mayores-necesitan-elogios\\\/#authorImage\",\"url\":\"https:\\\/\\\/secure.gravatar.com\\\/avatar\\\/496a8e03d0c493ede1718b7934145dbdf8d89be1036b0eec9544e1094c9de390?s=96&d=mm&r=g\",\"width\":96,\"height\":96,\"caption\":\"Cand\\u00e1s 365\"},\"sameAs\":[\"https:\\\/\\\/www.facebook.com\\\/carrenoactualidad\",\"https:\\\/\\\/twitter.com\\\/nbasturias\",\"https:\\\/\\\/www.instagram.com\\\/nachofdezber\\\/\",\"https:\\\/\\\/www.youtube.com\\\/channel\\\/UCZP-2wLEB9Rv6erhFmqVnvg\"]},{\"@type\":\"WebPage\",\"@id\":\"https:\\\/\\\/candas365.es\\\/noticias\\\/celos-los-hermanos-mayores-necesitan-elogios\\\/#webpage\",\"url\":\"https:\\\/\\\/candas365.es\\\/noticias\\\/celos-los-hermanos-mayores-necesitan-elogios\\\/\",\"name\":\"\\u00bfCelos? Los hermanos mayores necesitan elogios | Cand\\u00e1s 365\",\"description\":\"(dpa) - \\\"\\u00a1Tendr\\u00e1s un hermanito!\\\" Es posible que esta frase en los ni\\u00f1os no s\\u00f3lo genere entusiasmo: tambi\\u00e9n puede causar celos. Pero se pueden evitar. \\\"Si los padres se alegran por el segundo hijo y transmiten esa alegr\\u00eda, entonces tambi\\u00e9n se alegrar\\u00e1 el primer hijo\\\", dice la educadora Heidemarie Arnhold, que recomienda involucrar al primer\",\"inLanguage\":\"es-ES\",\"isPartOf\":{\"@id\":\"https:\\\/\\\/candas365.es\\\/noticias\\\/#website\"},\"breadcrumb\":{\"@id\":\"https:\\\/\\\/candas365.es\\\/noticias\\\/celos-los-hermanos-mayores-necesitan-elogios\\\/#breadcrumblist\"},\"author\":{\"@id\":\"https:\\\/\\\/candas365.es\\\/noticias\\\/author\\\/admin\\\/#author\"},\"creator\":{\"@id\":\"https:\\\/\\\/candas365.es\\\/noticias\\\/author\\\/admin\\\/#author\"},\"image\":{\"@type\":\"ImageObject\",\"url\":\"https:\\\/\\\/candas365.es\\\/noticias\\\/wp-content\\\/uploads\\\/2019\\\/04\\\/celos-hermanos.jpg\",\"@id\":\"https:\\\/\\\/candas365.es\\\/noticias\\\/celos-los-hermanos-mayores-necesitan-elogios\\\/#mainImage\",\"width\":1007,\"height\":670},\"primaryImageOfPage\":{\"@id\":\"https:\\\/\\\/candas365.es\\\/noticias\\\/celos-los-hermanos-mayores-necesitan-elogios\\\/#mainImage\"},\"datePublished\":\"2019-04-06T03:56:02+02:00\",\"dateModified\":\"2019-04-06T03:56:02+02:00\"},{\"@type\":\"WebSite\",\"@id\":\"https:\\\/\\\/candas365.es\\\/noticias\\\/#website\",\"url\":\"https:\\\/\\\/candas365.es\\\/noticias\\\/\",\"name\":\"Cand\\u00e1s 365\",\"alternateName\":\"Cand\\u00e1s 365 Noticias\",\"description\":\"Actualidad desde Carre\\u00f1o para el mundo\",\"inLanguage\":\"es-ES\",\"publisher\":{\"@id\":\"https:\\\/\\\/candas365.es\\\/noticias\\\/#organization\"}}]}\n\t\t<\/script>\n\t\t<!-- All in One SEO Pro -->\r\n\t\t<title>\u00bfCelos? Los hermanos mayores necesitan elogios | Cand\u00e1s 365<\/title>\n\n","aioseo_head_json":{"title":"\u00bfCelos? Los hermanos mayores necesitan elogios | Cand\u00e1s 365","description":"(dpa) - \"\u00a1Tendr\u00e1s un hermanito!\" Es posible que esta frase en los ni\u00f1os no s\u00f3lo genere entusiasmo: tambi\u00e9n puede causar celos. Pero se pueden evitar. \"Si los padres se alegran por el segundo hijo y transmiten esa alegr\u00eda, entonces tambi\u00e9n se alegrar\u00e1 el primer hijo\", dice la educadora Heidemarie Arnhold, que recomienda involucrar al primer","canonical_url":"https:\/\/candas365.es\/noticias\/celos-los-hermanos-mayores-necesitan-elogios\/","robots":"max-image-preview:large","keywords":"sociedad","webmasterTools":{"google-site-verification":"UA-32230408-1","msvalidate.01":"354F3CDFB2DA171B47FBE9ABF1F88D5","miscellaneous":""},"schema":{"@context":"https:\/\/schema.org","@graph":[{"@type":"BreadcrumbList","@id":"https:\/\/candas365.es\/noticias\/celos-los-hermanos-mayores-necesitan-elogios\/#breadcrumblist","itemListElement":[{"@type":"ListItem","@id":"https:\/\/candas365.es\/noticias#listItem","position":1,"name":"Home","item":"https:\/\/candas365.es\/noticias","nextItem":{"@type":"ListItem","@id":"https:\/\/candas365.es\/noticias\/category\/sociedad\/#listItem","name":"Sociedad"}},{"@type":"ListItem","@id":"https:\/\/candas365.es\/noticias\/category\/sociedad\/#listItem","position":2,"name":"Sociedad","item":"https:\/\/candas365.es\/noticias\/category\/sociedad\/","nextItem":{"@type":"ListItem","@id":"https:\/\/candas365.es\/noticias\/celos-los-hermanos-mayores-necesitan-elogios\/#listItem","name":"\u00bfCelos? Los hermanos mayores necesitan elogios"},"previousItem":{"@type":"ListItem","@id":"https:\/\/candas365.es\/noticias#listItem","name":"Home"}},{"@type":"ListItem","@id":"https:\/\/candas365.es\/noticias\/celos-los-hermanos-mayores-necesitan-elogios\/#listItem","position":3,"name":"\u00bfCelos? Los hermanos mayores necesitan elogios","previousItem":{"@type":"ListItem","@id":"https:\/\/candas365.es\/noticias\/category\/sociedad\/#listItem","name":"Sociedad"}}]},{"@type":"NewsArticle","@id":"https:\/\/candas365.es\/noticias\/celos-los-hermanos-mayores-necesitan-elogios\/#newsarticle","name":"\u00bfCelos? Los hermanos mayores necesitan elogios | Cand\u00e1s 365","headline":"\u00bfCelos? Los hermanos mayores necesitan elogios","author":{"@id":"https:\/\/candas365.es\/noticias\/author\/admin\/#author"},"publisher":{"@id":"https:\/\/candas365.es\/noticias\/#organization"},"image":{"@type":"ImageObject","url":"https:\/\/candas365.es\/noticias\/wp-content\/uploads\/2019\/04\/celos-hermanos.jpg","width":1007,"height":670},"datePublished":"2019-04-06T03:56:02+02:00","dateModified":"2019-04-06T03:56:02+02:00","inLanguage":"es-ES","mainEntityOfPage":{"@id":"https:\/\/candas365.es\/noticias\/celos-los-hermanos-mayores-necesitan-elogios\/#webpage"},"isPartOf":{"@id":"https:\/\/candas365.es\/noticias\/celos-los-hermanos-mayores-necesitan-elogios\/#webpage"},"articleSection":"Sociedad","dateline":"Publicado el abril 6, 2019."},{"@type":"Organization","@id":"https:\/\/candas365.es\/noticias\/#organization","name":"Cand\u00e1s 365","description":"Cand\u00e1s 365 es un diario digital independiente, fundado en 2012, con base en Asturias. Informamos con rigor sobre actualidad, sociedad, cultura y ocio, con una mirada local y global.","url":"https:\/\/candas365.es\/noticias\/","email":"info@candas365.es","telephone":"+34652131393","foundingDate":"2012-06-10","logo":{"@type":"ImageObject","url":"https:\/\/candas365.es\/noticias\/wp-content\/uploads\/2024\/09\/Candas-365-Redes.jpg","@id":"https:\/\/candas365.es\/noticias\/celos-los-hermanos-mayores-necesitan-elogios\/#organizationLogo","width":1152,"height":864,"caption":"Cand\u00e1s 365 Redes"},"image":{"@id":"https:\/\/candas365.es\/noticias\/celos-los-hermanos-mayores-necesitan-elogios\/#organizationLogo"},"sameAs":["https:\/\/www.facebook.com\/Nachofdezber","https:\/\/x.com\/NabercoDigital","https:\/\/www.instagram.com\/nachofdezber\/","https:\/\/www.youtube.com\/channel\/UCZP-2wLEB9Rv6erhFmqVnvg"],"address":{"@id":"https:\/\/candas365.es\/noticias\/#postaladdress","@type":"PostalAddress","streetAddress":"san antonio 4, san antonio 4","postalCode":"33430","addressLocality":"Cand\u00e1s","addressRegion":"Asturias","addressCountry":"ES"}},{"@type":"Person","@id":"https:\/\/candas365.es\/noticias\/author\/admin\/#author","url":"https:\/\/candas365.es\/noticias\/author\/admin\/","name":"Cand\u00e1s 365","image":{"@type":"ImageObject","@id":"https:\/\/candas365.es\/noticias\/celos-los-hermanos-mayores-necesitan-elogios\/#authorImage","url":"https:\/\/secure.gravatar.com\/avatar\/496a8e03d0c493ede1718b7934145dbdf8d89be1036b0eec9544e1094c9de390?s=96&d=mm&r=g","width":96,"height":96,"caption":"Cand\u00e1s 365"},"sameAs":["https:\/\/www.facebook.com\/carrenoactualidad","https:\/\/twitter.com\/nbasturias","https:\/\/www.instagram.com\/nachofdezber\/","https:\/\/www.youtube.com\/channel\/UCZP-2wLEB9Rv6erhFmqVnvg"]},{"@type":"WebPage","@id":"https:\/\/candas365.es\/noticias\/celos-los-hermanos-mayores-necesitan-elogios\/#webpage","url":"https:\/\/candas365.es\/noticias\/celos-los-hermanos-mayores-necesitan-elogios\/","name":"\u00bfCelos? Los hermanos mayores necesitan elogios | Cand\u00e1s 365","description":"(dpa) - \"\u00a1Tendr\u00e1s un hermanito!\" Es posible que esta frase en los ni\u00f1os no s\u00f3lo genere entusiasmo: tambi\u00e9n puede causar celos. Pero se pueden evitar. \"Si los padres se alegran por el segundo hijo y transmiten esa alegr\u00eda, entonces tambi\u00e9n se alegrar\u00e1 el primer hijo\", dice la educadora Heidemarie Arnhold, que recomienda involucrar al primer","inLanguage":"es-ES","isPartOf":{"@id":"https:\/\/candas365.es\/noticias\/#website"},"breadcrumb":{"@id":"https:\/\/candas365.es\/noticias\/celos-los-hermanos-mayores-necesitan-elogios\/#breadcrumblist"},"author":{"@id":"https:\/\/candas365.es\/noticias\/author\/admin\/#author"},"creator":{"@id":"https:\/\/candas365.es\/noticias\/author\/admin\/#author"},"image":{"@type":"ImageObject","url":"https:\/\/candas365.es\/noticias\/wp-content\/uploads\/2019\/04\/celos-hermanos.jpg","@id":"https:\/\/candas365.es\/noticias\/celos-los-hermanos-mayores-necesitan-elogios\/#mainImage","width":1007,"height":670},"primaryImageOfPage":{"@id":"https:\/\/candas365.es\/noticias\/celos-los-hermanos-mayores-necesitan-elogios\/#mainImage"},"datePublished":"2019-04-06T03:56:02+02:00","dateModified":"2019-04-06T03:56:02+02:00"},{"@type":"WebSite","@id":"https:\/\/candas365.es\/noticias\/#website","url":"https:\/\/candas365.es\/noticias\/","name":"Cand\u00e1s 365","alternateName":"Cand\u00e1s 365 Noticias","description":"Actualidad desde Carre\u00f1o para el mundo","inLanguage":"es-ES","publisher":{"@id":"https:\/\/candas365.es\/noticias\/#organization"}}]},"og:locale":"es_ES","og:site_name":"Cand\u00e1s 365","og:type":"article","og:title":"\u00bfCelos? Los hermanos mayores necesitan elogios | Cand\u00e1s 365","og:description":"(dpa) - &quot;\u00a1Tendr\u00e1s un hermanito!&quot; Es posible que esta frase en los ni\u00f1os no s\u00f3lo genere entusiasmo: tambi\u00e9n puede causar celos. Pero se pueden evitar. &quot;Si los padres se alegran por el segundo hijo y transmiten esa alegr\u00eda, entonces tambi\u00e9n se alegrar\u00e1 el primer hijo&quot;, dice la educadora Heidemarie Arnhold, que recomienda involucrar al primer","og:url":"https:\/\/candas365.es\/noticias\/celos-los-hermanos-mayores-necesitan-elogios\/","og:image":"https:\/\/candas365.es\/noticias\/wp-content\/uploads\/2019\/04\/celos-hermanos.jpg","og:image:secure_url":"https:\/\/candas365.es\/noticias\/wp-content\/uploads\/2019\/04\/celos-hermanos.jpg","og:image:width":1007,"og:image:height":670,"article:published_time":"2019-04-06T03:56:02+00:00","article:modified_time":"2019-04-06T03:56:02+00:00","article:publisher":"https:\/\/www.facebook.com\/Nachofdezber","article:author":"https:\/\/www.facebook.com\/carrenoactualidad","twitter:card":"summary_large_image","twitter:site":"@NabercoDigital","twitter:title":"\u00bfCelos? Los hermanos mayores necesitan elogios | Cand\u00e1s 365","twitter:description":"(dpa) - &quot;\u00a1Tendr\u00e1s un hermanito!&quot; Es posible que esta frase en los ni\u00f1os no s\u00f3lo genere entusiasmo: tambi\u00e9n puede causar celos. Pero se pueden evitar. &quot;Si los padres se alegran por el segundo hijo y transmiten esa alegr\u00eda, entonces tambi\u00e9n se alegrar\u00e1 el primer hijo&quot;, dice la educadora Heidemarie Arnhold, que recomienda involucrar al primer","twitter:creator":"@nbasturias","twitter:image":"https:\/\/candas365.es\/noticias\/wp-content\/uploads\/2019\/04\/celos-hermanos.jpg","twitter:label1":"Escrito por","twitter:data1":"Cand\u00e1s 365","twitter:label2":"Tiempo de lectura estimado","twitter:data2":"4 minutos"},"aioseo_meta_data":{"post_id":"120134","title":null,"description":null,"keywords":null,"keyphrases":null,"primary_term":null,"canonical_url":null,"og_title":null,"og_description":null,"og_object_type":"default","og_image_type":"default","og_image_url":null,"og_image_width":null,"og_image_height":null,"og_image_custom_url":null,"og_image_custom_fields":null,"og_video":null,"og_custom_url":null,"og_article_section":null,"og_article_tags":null,"twitter_use_og":false,"twitter_card":"default","twitter_image_type":"default","twitter_image_url":null,"twitter_image_custom_url":null,"twitter_image_custom_fields":null,"twitter_title":null,"twitter_description":null,"schema":{"blockGraphs":[],"customGraphs":[],"default":{"data":{"Article":[],"Course":[],"Dataset":[],"FAQPage":[],"Movie":[],"Person":[],"Product":[],"ProductReview":[],"Car":[],"Recipe":[],"Service":[],"SoftwareApplication":[],"WebPage":[]},"graphName":"","isEnabled":true},"graphs":[],"defaultGraph":"","defaultPostTypeGraph":""},"schema_type":null,"schema_type_options":null,"pillar_content":false,"robots_default":true,"robots_noindex":false,"robots_noarchive":false,"robots_nosnippet":false,"robots_nofollow":false,"robots_noimageindex":false,"robots_noodp":false,"robots_notranslate":false,"robots_max_snippet":null,"robots_max_videopreview":null,"robots_max_imagepreview":"large","priority":null,"frequency":null,"location":null,"local_seo":null,"seo_analyzer_scan_date":"2025-08-29 16:33:30","breadcrumb_settings":null,"limit_modified_date":false,"reviewed_by":null,"open_ai":null,"ai":null,"created":"2020-12-21 10:59:11","updated":"2025-08-29 16:33:30"},"aioseo_breadcrumb":"<div class=\"aioseo-breadcrumbs\"><span class=\"aioseo-breadcrumb\">\n\t<a href=\"https:\/\/candas365.es\/noticias\" title=\"Home\">Home<\/a>\n<\/span><span class=\"aioseo-breadcrumb-separator\">&ndash;<\/span><span class=\"aioseo-breadcrumb\">\n\t<a href=\"https:\/\/candas365.es\/noticias\/category\/sociedad\/\" title=\"Sociedad\">Sociedad<\/a>\n<\/span><span class=\"aioseo-breadcrumb-separator\">&ndash;<\/span><span class=\"aioseo-breadcrumb\">\n\t\u00bfCelos? Los hermanos mayores necesitan elogios\n<\/span><\/div>","aioseo_breadcrumb_json":[{"label":"Home","link":"https:\/\/candas365.es\/noticias"},{"label":"Sociedad","link":"https:\/\/candas365.es\/noticias\/category\/sociedad\/"},{"label":"\u00bfCelos? Los hermanos mayores necesitan elogios","link":"https:\/\/candas365.es\/noticias\/celos-los-hermanos-mayores-necesitan-elogios\/"}],"_links":{"self":[{"href":"https:\/\/candas365.es\/noticias\/wp-json\/wp\/v2\/posts\/120134","targetHints":{"allow":["GET"]}}],"collection":[{"href":"https:\/\/candas365.es\/noticias\/wp-json\/wp\/v2\/posts"}],"about":[{"href":"https:\/\/candas365.es\/noticias\/wp-json\/wp\/v2\/types\/post"}],"author":[{"embeddable":true,"href":"https:\/\/candas365.es\/noticias\/wp-json\/wp\/v2\/users\/1"}],"replies":[{"embeddable":true,"href":"https:\/\/candas365.es\/noticias\/wp-json\/wp\/v2\/comments?post=120134"}],"version-history":[{"count":0,"href":"https:\/\/candas365.es\/noticias\/wp-json\/wp\/v2\/posts\/120134\/revisions"}],"wp:featuredmedia":[{"embeddable":true,"href":"https:\/\/candas365.es\/noticias\/wp-json\/wp\/v2\/media\/120135"}],"wp:attachment":[{"href":"https:\/\/candas365.es\/noticias\/wp-json\/wp\/v2\/media?parent=120134"}],"wp:term":[{"taxonomy":"category","embeddable":true,"href":"https:\/\/candas365.es\/noticias\/wp-json\/wp\/v2\/categories?post=120134"},{"taxonomy":"post_tag","embeddable":true,"href":"https:\/\/candas365.es\/noticias\/wp-json\/wp\/v2\/tags?post=120134"}],"curies":[{"name":"wp","href":"https:\/\/api.w.org\/{rel}","templated":true}]}}