{"id":120057,"date":"2019-04-05T07:56:50","date_gmt":"2019-04-05T07:56:50","guid":{"rendered":"http:\/\/candas365.es\/noticias\/?p=120057"},"modified":"2019-04-05T07:56:50","modified_gmt":"2019-04-05T07:56:50","slug":"la-62-vuelta-ciclista-asturias-pasara-por-carreno","status":"publish","type":"post","link":"https:\/\/candas365.es\/noticias\/la-62-vuelta-ciclista-asturias-pasara-por-carreno\/","title":{"rendered":"La 62 Vuelta Ciclista Asturias pasar\u00e1 por Carre\u00f1o"},"content":{"rendered":"<p><img fetchpriority=\"high\" decoding=\"async\" class=\"alignleft size-medium wp-image-120058\" src=\"https:\/\/candas365.es\/noticias\/wp-content\/uploads\/2019\/04\/MG_9627-360x240.jpg\" alt=\"\" width=\"360\" height=\"240\" srcset=\"https:\/\/candas365.es\/noticias\/wp-content\/uploads\/2019\/04\/MG_9627-360x240.jpg 360w, https:\/\/candas365.es\/noticias\/wp-content\/uploads\/2019\/04\/MG_9627-768x512.jpg 768w, https:\/\/candas365.es\/noticias\/wp-content\/uploads\/2019\/04\/MG_9627-655x436.jpg 655w, https:\/\/candas365.es\/noticias\/wp-content\/uploads\/2019\/04\/MG_9627-696x464.jpg 696w, https:\/\/candas365.es\/noticias\/wp-content\/uploads\/2019\/04\/MG_9627-1068x712.jpg 1068w, https:\/\/candas365.es\/noticias\/wp-content\/uploads\/2019\/04\/MG_9627-630x420.jpg 630w, https:\/\/candas365.es\/noticias\/wp-content\/uploads\/2019\/04\/MG_9627.jpg 1280w\" sizes=\"(max-width: 360px) 100vw, 360px\" \/>Carre\u00f1o ser\u00e1 paso obligado en la primera etapa de la <strong>62 Vuelta Ciclista Asturias \u201cJulio \u00c1lvarez Mendo\u201d<\/strong> que arranca en Lugones el pr\u00f3ximo d\u00eda 3 de mayo.<\/p>\n<p>En esta edici\u00f3n la parroquia de Tam\u00f3n dar\u00e1 a bienvenida al concejo a los ciclistas participantes, quienes recorrer\u00e1n Carre\u00f1o hasta la salida hacia Gij\u00f3n por El Empalme. A su paso por Cand\u00e1s, las calles La Matiella, Avenida del Ferrocarril, Avenida Constituci\u00f3n, Carlos Albo, Pedro Herrero, Astilleros y Paseo Mar\u00edtimo, ser\u00e1n las que acojan el recorrido y la primera meta volante de la etapa.<\/p>\n<p>\u201cUna vez m\u00e1s Carre\u00f1o, cuna de reconocidos ciclistas, ser\u00e1 el escenario de parte del recorrido de una etapa de la Vuelta Ciclista Asturias. Sin duda es una buena noticia para un concejo en el que el apoyo al deporte base es se\u00f1a de identidad\u201d, se\u00f1al\u00f3 Amelia Fern\u00e1ndez, Alcaldesa de Carre\u00f1o.<\/p>\n<p><strong>El Club Ciclista Aramo es el encargado de organizar la Vuelta a Asturias 2019<\/strong>, en la que participar\u00e1n 16 equipos de 6 pa\u00edses diferentes.<\/p>\n","protected":false},"excerpt":{"rendered":"<p>Carre\u00f1o ser\u00e1 paso obligado en la primera etapa de la 62 Vuelta Ciclista Asturias \u201cJulio \u00c1lvarez Mendo\u201d que arranca en Lugones el pr\u00f3ximo d\u00eda 3 de mayo. En esta edici\u00f3n la parroquia de Tam\u00f3n dar\u00e1 a bienvenida al concejo a los ciclistas participantes, quienes recorrer\u00e1n Carre\u00f1o hasta la salida hacia Gij\u00f3n por El Empalme. A<\/p>\n","protected":false},"author":1,"featured_media":120058,"comment_status":"closed","ping_status":"closed","sticky":false,"template":"","format":"standard","meta":{"footnotes":""},"categories":[319,2],"tags":[],"class_list":{"0":"post-120057","1":"post","2":"type-post","3":"status-publish","4":"format-standard","5":"has-post-thumbnail","7":"category-deporte","8":"category-noticias-carreno"},"aioseo_notices":[],"aioseo_head":"\n\t\t<!-- All in One SEO Pro 4.9.6.2 - aioseo.com -->\n\t<meta name=\"description\" content=\"Carre\u00f1o ser\u00e1 paso obligado en la primera etapa de la 62 Vuelta Ciclista Asturias \u201cJulio \u00c1lvarez Mendo\u201d que arranca en Lugones el pr\u00f3ximo d\u00eda 3 de mayo. En esta edici\u00f3n la parroquia de Tam\u00f3n dar\u00e1 a bienvenida al concejo a los ciclistas participantes, quienes recorrer\u00e1n Carre\u00f1o hasta la salida hacia Gij\u00f3n por El Empalme. A\" \/>\n\t<meta name=\"robots\" content=\"max-image-preview:large\" \/>\n\t<meta name=\"author\" content=\"Cand\u00e1s 365\"\/>\n\t<meta name=\"google-site-verification\" content=\"UA-32230408-1\" \/>\n\t<meta name=\"msvalidate.01\" content=\"354F3CDFB2DA171B47FBE9ABF1F88D5\" \/>\n\t<meta name=\"keywords\" content=\"deporte,noticias carre\u00f1o\" \/>\n\t<link rel=\"canonical\" href=\"https:\/\/candas365.es\/noticias\/la-62-vuelta-ciclista-asturias-pasara-por-carreno\/\" \/>\n\t<meta name=\"generator\" content=\"All in One SEO Pro (AIOSEO) 4.9.6.2\" \/>\n\t\t<meta property=\"og:locale\" content=\"es_ES\" \/>\n\t\t<meta property=\"og:site_name\" content=\"Cand\u00e1s 365\" \/>\n\t\t<meta property=\"og:type\" content=\"article\" \/>\n\t\t<meta property=\"og:title\" content=\"La 62 Vuelta Ciclista Asturias pasar\u00e1 por Carre\u00f1o | Cand\u00e1s 365\" \/>\n\t\t<meta property=\"og:description\" content=\"Carre\u00f1o ser\u00e1 paso obligado en la primera etapa de la 62 Vuelta Ciclista Asturias \u201cJulio \u00c1lvarez Mendo\u201d que arranca en Lugones el pr\u00f3ximo d\u00eda 3 de mayo. En esta edici\u00f3n la parroquia de Tam\u00f3n dar\u00e1 a bienvenida al concejo a los ciclistas participantes, quienes recorrer\u00e1n Carre\u00f1o hasta la salida hacia Gij\u00f3n por El Empalme. A\" \/>\n\t\t<meta property=\"og:url\" content=\"https:\/\/candas365.es\/noticias\/la-62-vuelta-ciclista-asturias-pasara-por-carreno\/\" \/>\n\t\t<meta property=\"og:image\" content=\"https:\/\/candas365.es\/noticias\/wp-content\/uploads\/2019\/04\/MG_9627.jpg\" \/>\n\t\t<meta property=\"og:image:secure_url\" content=\"https:\/\/candas365.es\/noticias\/wp-content\/uploads\/2019\/04\/MG_9627.jpg\" \/>\n\t\t<meta property=\"og:image:width\" content=\"1280\" \/>\n\t\t<meta property=\"og:image:height\" content=\"853\" \/>\n\t\t<meta property=\"article:published_time\" content=\"2019-04-05T07:56:50+00:00\" \/>\n\t\t<meta property=\"article:modified_time\" content=\"2019-04-05T07:56:50+00:00\" \/>\n\t\t<meta property=\"article:publisher\" content=\"https:\/\/www.facebook.com\/Nachofdezber\" \/>\n\t\t<meta property=\"article:author\" content=\"https:\/\/www.facebook.com\/carrenoactualidad\" \/>\n\t\t<meta name=\"twitter:card\" content=\"summary_large_image\" \/>\n\t\t<meta name=\"twitter:site\" content=\"@NabercoDigital\" \/>\n\t\t<meta name=\"twitter:title\" content=\"La 62 Vuelta Ciclista Asturias pasar\u00e1 por Carre\u00f1o | Cand\u00e1s 365\" \/>\n\t\t<meta name=\"twitter:description\" content=\"Carre\u00f1o ser\u00e1 paso obligado en la primera etapa de la 62 Vuelta Ciclista Asturias \u201cJulio \u00c1lvarez Mendo\u201d que arranca en Lugones el pr\u00f3ximo d\u00eda 3 de mayo. En esta edici\u00f3n la parroquia de Tam\u00f3n dar\u00e1 a bienvenida al concejo a los ciclistas participantes, quienes recorrer\u00e1n Carre\u00f1o hasta la salida hacia Gij\u00f3n por El Empalme. A\" \/>\n\t\t<meta name=\"twitter:creator\" content=\"@nbasturias\" \/>\n\t\t<meta name=\"twitter:image\" content=\"https:\/\/candas365.es\/noticias\/wp-content\/uploads\/2019\/04\/MG_9627.jpg\" \/>\n\t\t<meta name=\"twitter:label1\" content=\"Escrito por\" \/>\n\t\t<meta name=\"twitter:data1\" content=\"Cand\u00e1s 365\" \/>\n\t\t<meta name=\"twitter:label2\" content=\"Tiempo de lectura estimado\" \/>\n\t\t<meta name=\"twitter:data2\" content=\"1 minuto\" \/>\n\t\t<script type=\"application\/ld+json\" class=\"aioseo-schema\">\n\t\t\t{\"@context\":\"https:\\\/\\\/schema.org\",\"@graph\":[{\"@type\":\"BreadcrumbList\",\"@id\":\"https:\\\/\\\/candas365.es\\\/noticias\\\/la-62-vuelta-ciclista-asturias-pasara-por-carreno\\\/#breadcrumblist\",\"itemListElement\":[{\"@type\":\"ListItem\",\"@id\":\"https:\\\/\\\/candas365.es\\\/noticias#listItem\",\"position\":1,\"name\":\"Home\",\"item\":\"https:\\\/\\\/candas365.es\\\/noticias\",\"nextItem\":{\"@type\":\"ListItem\",\"@id\":\"https:\\\/\\\/candas365.es\\\/noticias\\\/category\\\/noticias-carreno\\\/#listItem\",\"name\":\"Noticias Carre\\u00f1o\"}},{\"@type\":\"ListItem\",\"@id\":\"https:\\\/\\\/candas365.es\\\/noticias\\\/category\\\/noticias-carreno\\\/#listItem\",\"position\":2,\"name\":\"Noticias Carre\\u00f1o\",\"item\":\"https:\\\/\\\/candas365.es\\\/noticias\\\/category\\\/noticias-carreno\\\/\",\"nextItem\":{\"@type\":\"ListItem\",\"@id\":\"https:\\\/\\\/candas365.es\\\/noticias\\\/la-62-vuelta-ciclista-asturias-pasara-por-carreno\\\/#listItem\",\"name\":\"La 62 Vuelta Ciclista Asturias pasar\\u00e1 por Carre\\u00f1o\"},\"previousItem\":{\"@type\":\"ListItem\",\"@id\":\"https:\\\/\\\/candas365.es\\\/noticias#listItem\",\"name\":\"Home\"}},{\"@type\":\"ListItem\",\"@id\":\"https:\\\/\\\/candas365.es\\\/noticias\\\/la-62-vuelta-ciclista-asturias-pasara-por-carreno\\\/#listItem\",\"position\":3,\"name\":\"La 62 Vuelta Ciclista Asturias pasar\\u00e1 por Carre\\u00f1o\",\"previousItem\":{\"@type\":\"ListItem\",\"@id\":\"https:\\\/\\\/candas365.es\\\/noticias\\\/category\\\/noticias-carreno\\\/#listItem\",\"name\":\"Noticias Carre\\u00f1o\"}}]},{\"@type\":\"NewsArticle\",\"@id\":\"https:\\\/\\\/candas365.es\\\/noticias\\\/la-62-vuelta-ciclista-asturias-pasara-por-carreno\\\/#newsarticle\",\"name\":\"La 62 Vuelta Ciclista Asturias pasar\\u00e1 por Carre\\u00f1o | Cand\\u00e1s 365\",\"headline\":\"La 62 Vuelta Ciclista Asturias pasar\\u00e1 por Carre\\u00f1o\",\"author\":{\"@id\":\"https:\\\/\\\/candas365.es\\\/noticias\\\/author\\\/admin\\\/#author\"},\"publisher\":{\"@id\":\"https:\\\/\\\/candas365.es\\\/noticias\\\/#organization\"},\"image\":{\"@type\":\"ImageObject\",\"url\":\"https:\\\/\\\/candas365.es\\\/noticias\\\/wp-content\\\/uploads\\\/2019\\\/04\\\/MG_9627.jpg\",\"width\":1280,\"height\":853},\"datePublished\":\"2019-04-05T07:56:50+02:00\",\"dateModified\":\"2019-04-05T07:56:50+02:00\",\"inLanguage\":\"es-ES\",\"mainEntityOfPage\":{\"@id\":\"https:\\\/\\\/candas365.es\\\/noticias\\\/la-62-vuelta-ciclista-asturias-pasara-por-carreno\\\/#webpage\"},\"isPartOf\":{\"@id\":\"https:\\\/\\\/candas365.es\\\/noticias\\\/la-62-vuelta-ciclista-asturias-pasara-por-carreno\\\/#webpage\"},\"articleSection\":\"Deporte, Noticias Carre\\u00f1o\",\"dateline\":\"Publicado el abril 5, 2019.\"},{\"@type\":\"Organization\",\"@id\":\"https:\\\/\\\/candas365.es\\\/noticias\\\/#organization\",\"name\":\"Cand\\u00e1s 365\",\"description\":\"Cand\\u00e1s 365 es un diario digital independiente, fundado en 2012, con base en Asturias. Informamos con rigor sobre actualidad, sociedad, cultura y ocio, con una mirada local y global.\",\"url\":\"https:\\\/\\\/candas365.es\\\/noticias\\\/\",\"email\":\"info@candas365.es\",\"telephone\":\"+34652131393\",\"foundingDate\":\"2012-06-10\",\"logo\":{\"@type\":\"ImageObject\",\"url\":\"https:\\\/\\\/candas365.es\\\/noticias\\\/wp-content\\\/uploads\\\/2024\\\/09\\\/Candas-365-Redes.jpg\",\"@id\":\"https:\\\/\\\/candas365.es\\\/noticias\\\/la-62-vuelta-ciclista-asturias-pasara-por-carreno\\\/#organizationLogo\",\"width\":1152,\"height\":864,\"caption\":\"Cand\\u00e1s 365 Redes\"},\"image\":{\"@id\":\"https:\\\/\\\/candas365.es\\\/noticias\\\/la-62-vuelta-ciclista-asturias-pasara-por-carreno\\\/#organizationLogo\"},\"sameAs\":[\"https:\\\/\\\/www.facebook.com\\\/Nachofdezber\",\"https:\\\/\\\/x.com\\\/NabercoDigital\",\"https:\\\/\\\/www.instagram.com\\\/nachofdezber\\\/\",\"https:\\\/\\\/www.youtube.com\\\/channel\\\/UCZP-2wLEB9Rv6erhFmqVnvg\"],\"address\":{\"@id\":\"https:\\\/\\\/candas365.es\\\/noticias\\\/#postaladdress\",\"@type\":\"PostalAddress\",\"streetAddress\":\"san antonio 4, san antonio 4\",\"postalCode\":\"33430\",\"addressLocality\":\"Cand\\u00e1s\",\"addressRegion\":\"Asturias\",\"addressCountry\":\"ES\"}},{\"@type\":\"Person\",\"@id\":\"https:\\\/\\\/candas365.es\\\/noticias\\\/author\\\/admin\\\/#author\",\"url\":\"https:\\\/\\\/candas365.es\\\/noticias\\\/author\\\/admin\\\/\",\"name\":\"Cand\\u00e1s 365\",\"image\":{\"@type\":\"ImageObject\",\"@id\":\"https:\\\/\\\/candas365.es\\\/noticias\\\/la-62-vuelta-ciclista-asturias-pasara-por-carreno\\\/#authorImage\",\"url\":\"https:\\\/\\\/secure.gravatar.com\\\/avatar\\\/496a8e03d0c493ede1718b7934145dbdf8d89be1036b0eec9544e1094c9de390?s=96&d=mm&r=g\",\"width\":96,\"height\":96,\"caption\":\"Cand\\u00e1s 365\"},\"sameAs\":[\"https:\\\/\\\/www.facebook.com\\\/carrenoactualidad\",\"https:\\\/\\\/twitter.com\\\/nbasturias\",\"https:\\\/\\\/www.instagram.com\\\/nachofdezber\\\/\",\"https:\\\/\\\/www.youtube.com\\\/channel\\\/UCZP-2wLEB9Rv6erhFmqVnvg\"]},{\"@type\":\"WebPage\",\"@id\":\"https:\\\/\\\/candas365.es\\\/noticias\\\/la-62-vuelta-ciclista-asturias-pasara-por-carreno\\\/#webpage\",\"url\":\"https:\\\/\\\/candas365.es\\\/noticias\\\/la-62-vuelta-ciclista-asturias-pasara-por-carreno\\\/\",\"name\":\"La 62 Vuelta Ciclista Asturias pasar\\u00e1 por Carre\\u00f1o | Cand\\u00e1s 365\",\"description\":\"Carre\\u00f1o ser\\u00e1 paso obligado en la primera etapa de la 62 Vuelta Ciclista Asturias \\u201cJulio \\u00c1lvarez Mendo\\u201d que arranca en Lugones el pr\\u00f3ximo d\\u00eda 3 de mayo. En esta edici\\u00f3n la parroquia de Tam\\u00f3n dar\\u00e1 a bienvenida al concejo a los ciclistas participantes, quienes recorrer\\u00e1n Carre\\u00f1o hasta la salida hacia Gij\\u00f3n por El Empalme. A\",\"inLanguage\":\"es-ES\",\"isPartOf\":{\"@id\":\"https:\\\/\\\/candas365.es\\\/noticias\\\/#website\"},\"breadcrumb\":{\"@id\":\"https:\\\/\\\/candas365.es\\\/noticias\\\/la-62-vuelta-ciclista-asturias-pasara-por-carreno\\\/#breadcrumblist\"},\"author\":{\"@id\":\"https:\\\/\\\/candas365.es\\\/noticias\\\/author\\\/admin\\\/#author\"},\"creator\":{\"@id\":\"https:\\\/\\\/candas365.es\\\/noticias\\\/author\\\/admin\\\/#author\"},\"image\":{\"@type\":\"ImageObject\",\"url\":\"https:\\\/\\\/candas365.es\\\/noticias\\\/wp-content\\\/uploads\\\/2019\\\/04\\\/MG_9627.jpg\",\"@id\":\"https:\\\/\\\/candas365.es\\\/noticias\\\/la-62-vuelta-ciclista-asturias-pasara-por-carreno\\\/#mainImage\",\"width\":1280,\"height\":853},\"primaryImageOfPage\":{\"@id\":\"https:\\\/\\\/candas365.es\\\/noticias\\\/la-62-vuelta-ciclista-asturias-pasara-por-carreno\\\/#mainImage\"},\"datePublished\":\"2019-04-05T07:56:50+02:00\",\"dateModified\":\"2019-04-05T07:56:50+02:00\"},{\"@type\":\"WebSite\",\"@id\":\"https:\\\/\\\/candas365.es\\\/noticias\\\/#website\",\"url\":\"https:\\\/\\\/candas365.es\\\/noticias\\\/\",\"name\":\"Cand\\u00e1s 365\",\"alternateName\":\"Cand\\u00e1s 365 Noticias\",\"description\":\"Actualidad desde Carre\\u00f1o para el mundo\",\"inLanguage\":\"es-ES\",\"publisher\":{\"@id\":\"https:\\\/\\\/candas365.es\\\/noticias\\\/#organization\"}}]}\n\t\t<\/script>\n\t\t<!-- All in One SEO Pro -->\r\n\t\t<title>La 62 Vuelta Ciclista Asturias pasar\u00e1 por Carre\u00f1o | Cand\u00e1s 365<\/title>\n\n","aioseo_head_json":{"title":"La 62 Vuelta Ciclista Asturias pasar\u00e1 por Carre\u00f1o | Cand\u00e1s 365","description":"Carre\u00f1o ser\u00e1 paso obligado en la primera etapa de la 62 Vuelta Ciclista Asturias \u201cJulio \u00c1lvarez Mendo\u201d que arranca en Lugones el pr\u00f3ximo d\u00eda 3 de mayo. En esta edici\u00f3n la parroquia de Tam\u00f3n dar\u00e1 a bienvenida al concejo a los ciclistas participantes, quienes recorrer\u00e1n Carre\u00f1o hasta la salida hacia Gij\u00f3n por El Empalme. A","canonical_url":"https:\/\/candas365.es\/noticias\/la-62-vuelta-ciclista-asturias-pasara-por-carreno\/","robots":"max-image-preview:large","keywords":"deporte,noticias carre\u00f1o","webmasterTools":{"google-site-verification":"UA-32230408-1","msvalidate.01":"354F3CDFB2DA171B47FBE9ABF1F88D5","miscellaneous":""},"schema":{"@context":"https:\/\/schema.org","@graph":[{"@type":"BreadcrumbList","@id":"https:\/\/candas365.es\/noticias\/la-62-vuelta-ciclista-asturias-pasara-por-carreno\/#breadcrumblist","itemListElement":[{"@type":"ListItem","@id":"https:\/\/candas365.es\/noticias#listItem","position":1,"name":"Home","item":"https:\/\/candas365.es\/noticias","nextItem":{"@type":"ListItem","@id":"https:\/\/candas365.es\/noticias\/category\/noticias-carreno\/#listItem","name":"Noticias Carre\u00f1o"}},{"@type":"ListItem","@id":"https:\/\/candas365.es\/noticias\/category\/noticias-carreno\/#listItem","position":2,"name":"Noticias Carre\u00f1o","item":"https:\/\/candas365.es\/noticias\/category\/noticias-carreno\/","nextItem":{"@type":"ListItem","@id":"https:\/\/candas365.es\/noticias\/la-62-vuelta-ciclista-asturias-pasara-por-carreno\/#listItem","name":"La 62 Vuelta Ciclista Asturias pasar\u00e1 por Carre\u00f1o"},"previousItem":{"@type":"ListItem","@id":"https:\/\/candas365.es\/noticias#listItem","name":"Home"}},{"@type":"ListItem","@id":"https:\/\/candas365.es\/noticias\/la-62-vuelta-ciclista-asturias-pasara-por-carreno\/#listItem","position":3,"name":"La 62 Vuelta Ciclista Asturias pasar\u00e1 por Carre\u00f1o","previousItem":{"@type":"ListItem","@id":"https:\/\/candas365.es\/noticias\/category\/noticias-carreno\/#listItem","name":"Noticias Carre\u00f1o"}}]},{"@type":"NewsArticle","@id":"https:\/\/candas365.es\/noticias\/la-62-vuelta-ciclista-asturias-pasara-por-carreno\/#newsarticle","name":"La 62 Vuelta Ciclista Asturias pasar\u00e1 por Carre\u00f1o | Cand\u00e1s 365","headline":"La 62 Vuelta Ciclista Asturias pasar\u00e1 por Carre\u00f1o","author":{"@id":"https:\/\/candas365.es\/noticias\/author\/admin\/#author"},"publisher":{"@id":"https:\/\/candas365.es\/noticias\/#organization"},"image":{"@type":"ImageObject","url":"https:\/\/candas365.es\/noticias\/wp-content\/uploads\/2019\/04\/MG_9627.jpg","width":1280,"height":853},"datePublished":"2019-04-05T07:56:50+02:00","dateModified":"2019-04-05T07:56:50+02:00","inLanguage":"es-ES","mainEntityOfPage":{"@id":"https:\/\/candas365.es\/noticias\/la-62-vuelta-ciclista-asturias-pasara-por-carreno\/#webpage"},"isPartOf":{"@id":"https:\/\/candas365.es\/noticias\/la-62-vuelta-ciclista-asturias-pasara-por-carreno\/#webpage"},"articleSection":"Deporte, Noticias Carre\u00f1o","dateline":"Publicado el abril 5, 2019."},{"@type":"Organization","@id":"https:\/\/candas365.es\/noticias\/#organization","name":"Cand\u00e1s 365","description":"Cand\u00e1s 365 es un diario digital independiente, fundado en 2012, con base en Asturias. Informamos con rigor sobre actualidad, sociedad, cultura y ocio, con una mirada local y global.","url":"https:\/\/candas365.es\/noticias\/","email":"info@candas365.es","telephone":"+34652131393","foundingDate":"2012-06-10","logo":{"@type":"ImageObject","url":"https:\/\/candas365.es\/noticias\/wp-content\/uploads\/2024\/09\/Candas-365-Redes.jpg","@id":"https:\/\/candas365.es\/noticias\/la-62-vuelta-ciclista-asturias-pasara-por-carreno\/#organizationLogo","width":1152,"height":864,"caption":"Cand\u00e1s 365 Redes"},"image":{"@id":"https:\/\/candas365.es\/noticias\/la-62-vuelta-ciclista-asturias-pasara-por-carreno\/#organizationLogo"},"sameAs":["https:\/\/www.facebook.com\/Nachofdezber","https:\/\/x.com\/NabercoDigital","https:\/\/www.instagram.com\/nachofdezber\/","https:\/\/www.youtube.com\/channel\/UCZP-2wLEB9Rv6erhFmqVnvg"],"address":{"@id":"https:\/\/candas365.es\/noticias\/#postaladdress","@type":"PostalAddress","streetAddress":"san antonio 4, san antonio 4","postalCode":"33430","addressLocality":"Cand\u00e1s","addressRegion":"Asturias","addressCountry":"ES"}},{"@type":"Person","@id":"https:\/\/candas365.es\/noticias\/author\/admin\/#author","url":"https:\/\/candas365.es\/noticias\/author\/admin\/","name":"Cand\u00e1s 365","image":{"@type":"ImageObject","@id":"https:\/\/candas365.es\/noticias\/la-62-vuelta-ciclista-asturias-pasara-por-carreno\/#authorImage","url":"https:\/\/secure.gravatar.com\/avatar\/496a8e03d0c493ede1718b7934145dbdf8d89be1036b0eec9544e1094c9de390?s=96&d=mm&r=g","width":96,"height":96,"caption":"Cand\u00e1s 365"},"sameAs":["https:\/\/www.facebook.com\/carrenoactualidad","https:\/\/twitter.com\/nbasturias","https:\/\/www.instagram.com\/nachofdezber\/","https:\/\/www.youtube.com\/channel\/UCZP-2wLEB9Rv6erhFmqVnvg"]},{"@type":"WebPage","@id":"https:\/\/candas365.es\/noticias\/la-62-vuelta-ciclista-asturias-pasara-por-carreno\/#webpage","url":"https:\/\/candas365.es\/noticias\/la-62-vuelta-ciclista-asturias-pasara-por-carreno\/","name":"La 62 Vuelta Ciclista Asturias pasar\u00e1 por Carre\u00f1o | Cand\u00e1s 365","description":"Carre\u00f1o ser\u00e1 paso obligado en la primera etapa de la 62 Vuelta Ciclista Asturias \u201cJulio \u00c1lvarez Mendo\u201d que arranca en Lugones el pr\u00f3ximo d\u00eda 3 de mayo. En esta edici\u00f3n la parroquia de Tam\u00f3n dar\u00e1 a bienvenida al concejo a los ciclistas participantes, quienes recorrer\u00e1n Carre\u00f1o hasta la salida hacia Gij\u00f3n por El Empalme. A","inLanguage":"es-ES","isPartOf":{"@id":"https:\/\/candas365.es\/noticias\/#website"},"breadcrumb":{"@id":"https:\/\/candas365.es\/noticias\/la-62-vuelta-ciclista-asturias-pasara-por-carreno\/#breadcrumblist"},"author":{"@id":"https:\/\/candas365.es\/noticias\/author\/admin\/#author"},"creator":{"@id":"https:\/\/candas365.es\/noticias\/author\/admin\/#author"},"image":{"@type":"ImageObject","url":"https:\/\/candas365.es\/noticias\/wp-content\/uploads\/2019\/04\/MG_9627.jpg","@id":"https:\/\/candas365.es\/noticias\/la-62-vuelta-ciclista-asturias-pasara-por-carreno\/#mainImage","width":1280,"height":853},"primaryImageOfPage":{"@id":"https:\/\/candas365.es\/noticias\/la-62-vuelta-ciclista-asturias-pasara-por-carreno\/#mainImage"},"datePublished":"2019-04-05T07:56:50+02:00","dateModified":"2019-04-05T07:56:50+02:00"},{"@type":"WebSite","@id":"https:\/\/candas365.es\/noticias\/#website","url":"https:\/\/candas365.es\/noticias\/","name":"Cand\u00e1s 365","alternateName":"Cand\u00e1s 365 Noticias","description":"Actualidad desde Carre\u00f1o para el mundo","inLanguage":"es-ES","publisher":{"@id":"https:\/\/candas365.es\/noticias\/#organization"}}]},"og:locale":"es_ES","og:site_name":"Cand\u00e1s 365","og:type":"article","og:title":"La 62 Vuelta Ciclista Asturias pasar\u00e1 por Carre\u00f1o | Cand\u00e1s 365","og:description":"Carre\u00f1o ser\u00e1 paso obligado en la primera etapa de la 62 Vuelta Ciclista Asturias \u201cJulio \u00c1lvarez Mendo\u201d que arranca en Lugones el pr\u00f3ximo d\u00eda 3 de mayo. En esta edici\u00f3n la parroquia de Tam\u00f3n dar\u00e1 a bienvenida al concejo a los ciclistas participantes, quienes recorrer\u00e1n Carre\u00f1o hasta la salida hacia Gij\u00f3n por El Empalme. A","og:url":"https:\/\/candas365.es\/noticias\/la-62-vuelta-ciclista-asturias-pasara-por-carreno\/","og:image":"https:\/\/candas365.es\/noticias\/wp-content\/uploads\/2019\/04\/MG_9627.jpg","og:image:secure_url":"https:\/\/candas365.es\/noticias\/wp-content\/uploads\/2019\/04\/MG_9627.jpg","og:image:width":1280,"og:image:height":853,"article:published_time":"2019-04-05T07:56:50+00:00","article:modified_time":"2019-04-05T07:56:50+00:00","article:publisher":"https:\/\/www.facebook.com\/Nachofdezber","article:author":"https:\/\/www.facebook.com\/carrenoactualidad","twitter:card":"summary_large_image","twitter:site":"@NabercoDigital","twitter:title":"La 62 Vuelta Ciclista Asturias pasar\u00e1 por Carre\u00f1o | Cand\u00e1s 365","twitter:description":"Carre\u00f1o ser\u00e1 paso obligado en la primera etapa de la 62 Vuelta Ciclista Asturias \u201cJulio \u00c1lvarez Mendo\u201d que arranca en Lugones el pr\u00f3ximo d\u00eda 3 de mayo. En esta edici\u00f3n la parroquia de Tam\u00f3n dar\u00e1 a bienvenida al concejo a los ciclistas participantes, quienes recorrer\u00e1n Carre\u00f1o hasta la salida hacia Gij\u00f3n por El Empalme. A","twitter:creator":"@nbasturias","twitter:image":"https:\/\/candas365.es\/noticias\/wp-content\/uploads\/2019\/04\/MG_9627.jpg","twitter:label1":"Escrito por","twitter:data1":"Cand\u00e1s 365","twitter:label2":"Tiempo de lectura estimado","twitter:data2":"1 minuto"},"aioseo_meta_data":{"post_id":"120057","title":null,"description":null,"keywords":null,"keyphrases":null,"primary_term":null,"canonical_url":null,"og_title":null,"og_description":null,"og_object_type":"default","og_image_type":"default","og_image_url":null,"og_image_width":null,"og_image_height":null,"og_image_custom_url":null,"og_image_custom_fields":null,"og_video":null,"og_custom_url":null,"og_article_section":null,"og_article_tags":null,"twitter_use_og":false,"twitter_card":"default","twitter_image_type":"default","twitter_image_url":null,"twitter_image_custom_url":null,"twitter_image_custom_fields":null,"twitter_title":null,"twitter_description":null,"schema":{"blockGraphs":[],"customGraphs":[],"default":{"data":{"Article":[],"Course":[],"Dataset":[],"FAQPage":[],"Movie":[],"Person":[],"Product":[],"ProductReview":[],"Car":[],"Recipe":[],"Service":[],"SoftwareApplication":[],"WebPage":[]},"graphName":"","isEnabled":true},"graphs":[],"defaultGraph":"","defaultPostTypeGraph":""},"schema_type":null,"schema_type_options":null,"pillar_content":false,"robots_default":true,"robots_noindex":false,"robots_noarchive":false,"robots_nosnippet":false,"robots_nofollow":false,"robots_noimageindex":false,"robots_noodp":false,"robots_notranslate":false,"robots_max_snippet":null,"robots_max_videopreview":null,"robots_max_imagepreview":"large","priority":null,"frequency":null,"location":null,"local_seo":null,"seo_analyzer_scan_date":"2025-08-29 16:21:58","breadcrumb_settings":null,"limit_modified_date":false,"reviewed_by":null,"open_ai":null,"ai":null,"created":"2020-12-21 10:59:11","updated":"2025-08-29 16:21:59"},"aioseo_breadcrumb":"<div class=\"aioseo-breadcrumbs\"><span class=\"aioseo-breadcrumb\">\n\t<a href=\"https:\/\/candas365.es\/noticias\" title=\"Home\">Home<\/a>\n<\/span><span class=\"aioseo-breadcrumb-separator\">&ndash;<\/span><span class=\"aioseo-breadcrumb\">\n\t<a href=\"https:\/\/candas365.es\/noticias\/category\/noticias-carreno\/\" title=\"Noticias Carre\u00f1o\">Noticias Carre\u00f1o<\/a>\n<\/span><span class=\"aioseo-breadcrumb-separator\">&ndash;<\/span><span class=\"aioseo-breadcrumb\">\n\tLa 62 Vuelta Ciclista Asturias pasar\u00e1 por Carre\u00f1o\n<\/span><\/div>","aioseo_breadcrumb_json":[{"label":"Home","link":"https:\/\/candas365.es\/noticias"},{"label":"Noticias Carre\u00f1o","link":"https:\/\/candas365.es\/noticias\/category\/noticias-carreno\/"},{"label":"La 62 Vuelta Ciclista Asturias pasar\u00e1 por Carre\u00f1o","link":"https:\/\/candas365.es\/noticias\/la-62-vuelta-ciclista-asturias-pasara-por-carreno\/"}],"_links":{"self":[{"href":"https:\/\/candas365.es\/noticias\/wp-json\/wp\/v2\/posts\/120057","targetHints":{"allow":["GET"]}}],"collection":[{"href":"https:\/\/candas365.es\/noticias\/wp-json\/wp\/v2\/posts"}],"about":[{"href":"https:\/\/candas365.es\/noticias\/wp-json\/wp\/v2\/types\/post"}],"author":[{"embeddable":true,"href":"https:\/\/candas365.es\/noticias\/wp-json\/wp\/v2\/users\/1"}],"replies":[{"embeddable":true,"href":"https:\/\/candas365.es\/noticias\/wp-json\/wp\/v2\/comments?post=120057"}],"version-history":[{"count":0,"href":"https:\/\/candas365.es\/noticias\/wp-json\/wp\/v2\/posts\/120057\/revisions"}],"wp:featuredmedia":[{"embeddable":true,"href":"https:\/\/candas365.es\/noticias\/wp-json\/wp\/v2\/media\/120058"}],"wp:attachment":[{"href":"https:\/\/candas365.es\/noticias\/wp-json\/wp\/v2\/media?parent=120057"}],"wp:term":[{"taxonomy":"category","embeddable":true,"href":"https:\/\/candas365.es\/noticias\/wp-json\/wp\/v2\/categories?post=120057"},{"taxonomy":"post_tag","embeddable":true,"href":"https:\/\/candas365.es\/noticias\/wp-json\/wp\/v2\/tags?post=120057"}],"curies":[{"name":"wp","href":"https:\/\/api.w.org\/{rel}","templated":true}]}}