{"id":120050,"date":"2019-04-05T06:17:31","date_gmt":"2019-04-05T06:17:31","guid":{"rendered":"http:\/\/candas365.es\/noticias\/?p=120050"},"modified":"2019-04-05T06:17:31","modified_gmt":"2019-04-05T06:17:31","slug":"los-profesores-alemanes-tienen-el-deber-de-prestar-primeros-auxilios","status":"publish","type":"post","link":"https:\/\/candas365.es\/noticias\/los-profesores-alemanes-tienen-el-deber-de-prestar-primeros-auxilios\/","title":{"rendered":"Los profesores alemanes tienen el deber de prestar primeros auxilios"},"content":{"rendered":"<figure id=\"attachment_120051\" aria-describedby=\"caption-attachment-120051\" style=\"width: 360px\" class=\"wp-caption alignleft\"><img fetchpriority=\"high\" decoding=\"async\" class=\"size-medium wp-image-120051\" src=\"https:\/\/candas365.es\/noticias\/wp-content\/uploads\/2019\/04\/primeros-auxilios-360x263.jpg\" alt=\"\" width=\"360\" height=\"263\" srcset=\"https:\/\/candas365.es\/noticias\/wp-content\/uploads\/2019\/04\/primeros-auxilios-360x263.jpg 360w, https:\/\/candas365.es\/noticias\/wp-content\/uploads\/2019\/04\/primeros-auxilios-768x562.jpg 768w, https:\/\/candas365.es\/noticias\/wp-content\/uploads\/2019\/04\/primeros-auxilios-655x480.jpg 655w, https:\/\/candas365.es\/noticias\/wp-content\/uploads\/2019\/04\/primeros-auxilios-696x509.jpg 696w, https:\/\/candas365.es\/noticias\/wp-content\/uploads\/2019\/04\/primeros-auxilios-574x420.jpg 574w, https:\/\/candas365.es\/noticias\/wp-content\/uploads\/2019\/04\/primeros-auxilios.jpg 921w\" sizes=\"(max-width: 360px) 100vw, 360px\" \/><figcaption id=\"caption-attachment-120051\" class=\"wp-caption-text\">Foto: Wolfgang Kumm\/dpa<\/figcaption><\/figure>\n<p>Karlsruhe (Alemania), 4 abr (dpa) &#8211; El Tribunal Supremo de Alemania (BGH) recalc\u00f3 hoy la obligaci\u00f3n de los profesores alemanes de deporte a prestar primeros auxilios y afirm\u00f3 que tienen el deber oficial de tomar las medidas necesarias para socorrer a tiempo a los alumnos.<\/p>\n<p>El BGH con sede en Karlsruhe anul\u00f3 una sentencia del Tribunal Regional Superior (OLG) de Fr\u00e1ncfort y descart\u00f3 la reapertura del caso.<\/p>\n<p>El BGH dict\u00f3 sentencia sobre un caso en Wiesbaden, en el que un alumno se desplom\u00f3 de repente durante los ejercicios de calentamiento en la clase de deporte en enero de 2013.<\/p>\n<p>El alumno, que entonces ten\u00eda 18 a\u00f1os, sufri\u00f3 una lesi\u00f3n cerebral irreversible por falta de ox\u00edgeno, a consecuencia de la cual hoy tiene una incapacidad grave del 100 por ciento y tiene que ser atendido de forma permanente.<\/p>\n<p>El joven, que entretanto tiene 24 a\u00f1os, demand\u00f3 al estado federado de Hesse por tomar medidas de primeros auxilios insuficientes y reclam\u00f3 una indemnizaci\u00f3n m\u00ednima de 500.000 euros (561.000 d\u00f3lares), de los que m\u00e1s de 100.000 euros ser\u00edan para el reembolso de da\u00f1os materiales.<\/p>\n<p>Tambi\u00e9n solicit\u00f3 una ayuda mensual de 3.000 euros, as\u00ed como que se determine que el estado de Hesse deber\u00e1 correr con futuros gastos.<\/p>\n<p>Para el afectado el fallo del BGH es en parte un \u00e9xito, ya que se admite que los docentes incumplieron en ese caso con su deber oficial. Queda por establecer si la falta de primeros auxilios fue la causa de la discapacidad del demandante.<\/p>\n","protected":false},"excerpt":{"rendered":"<p>Karlsruhe (Alemania), 4 abr (dpa) &#8211; El Tribunal Supremo de Alemania (BGH) recalc\u00f3 hoy la obligaci\u00f3n de los profesores alemanes de deporte a prestar primeros auxilios y afirm\u00f3 que tienen el deber oficial de tomar las medidas necesarias para socorrer a tiempo a los alumnos. El BGH con sede en Karlsruhe anul\u00f3 una sentencia del<\/p>\n","protected":false},"author":1,"featured_media":120051,"comment_status":"closed","ping_status":"closed","sticky":false,"template":"","format":"standard","meta":{"footnotes":""},"categories":[143],"tags":[],"class_list":{"0":"post-120050","1":"post","2":"type-post","3":"status-publish","4":"format-standard","5":"has-post-thumbnail","7":"category-sociedad"},"aioseo_notices":[],"aioseo_head":"\n\t\t<!-- All in One SEO Pro 4.9.6.2 - aioseo.com -->\n\t<meta name=\"description\" content=\"Karlsruhe (Alemania), 4 abr (dpa) - El Tribunal Supremo de Alemania (BGH) recalc\u00f3 hoy la obligaci\u00f3n de los profesores alemanes de deporte a prestar primeros auxilios y afirm\u00f3 que tienen el deber oficial de tomar las medidas necesarias para socorrer a tiempo a los alumnos. El BGH con sede en Karlsruhe anul\u00f3 una sentencia del\" \/>\n\t<meta name=\"robots\" content=\"max-image-preview:large\" \/>\n\t<meta name=\"author\" content=\"Cand\u00e1s 365\"\/>\n\t<meta name=\"google-site-verification\" content=\"UA-32230408-1\" \/>\n\t<meta name=\"msvalidate.01\" content=\"354F3CDFB2DA171B47FBE9ABF1F88D5\" \/>\n\t<meta name=\"keywords\" content=\"sociedad\" \/>\n\t<link rel=\"canonical\" href=\"https:\/\/candas365.es\/noticias\/los-profesores-alemanes-tienen-el-deber-de-prestar-primeros-auxilios\/\" \/>\n\t<meta name=\"generator\" content=\"All in One SEO Pro (AIOSEO) 4.9.6.2\" \/>\n\t\t<meta property=\"og:locale\" content=\"es_ES\" \/>\n\t\t<meta property=\"og:site_name\" content=\"Cand\u00e1s 365\" \/>\n\t\t<meta property=\"og:type\" content=\"article\" \/>\n\t\t<meta property=\"og:title\" content=\"Los profesores alemanes tienen el deber de prestar primeros auxilios | Cand\u00e1s 365\" \/>\n\t\t<meta property=\"og:description\" content=\"Karlsruhe (Alemania), 4 abr (dpa) - El Tribunal Supremo de Alemania (BGH) recalc\u00f3 hoy la obligaci\u00f3n de los profesores alemanes de deporte a prestar primeros auxilios y afirm\u00f3 que tienen el deber oficial de tomar las medidas necesarias para socorrer a tiempo a los alumnos. El BGH con sede en Karlsruhe anul\u00f3 una sentencia del\" \/>\n\t\t<meta property=\"og:url\" content=\"https:\/\/candas365.es\/noticias\/los-profesores-alemanes-tienen-el-deber-de-prestar-primeros-auxilios\/\" \/>\n\t\t<meta property=\"og:image\" content=\"https:\/\/candas365.es\/noticias\/wp-content\/uploads\/2019\/04\/primeros-auxilios.jpg\" \/>\n\t\t<meta property=\"og:image:secure_url\" content=\"https:\/\/candas365.es\/noticias\/wp-content\/uploads\/2019\/04\/primeros-auxilios.jpg\" \/>\n\t\t<meta property=\"og:image:width\" content=\"921\" \/>\n\t\t<meta property=\"og:image:height\" content=\"674\" \/>\n\t\t<meta property=\"article:published_time\" content=\"2019-04-05T06:17:31+00:00\" \/>\n\t\t<meta property=\"article:modified_time\" content=\"2019-04-05T06:17:31+00:00\" \/>\n\t\t<meta property=\"article:publisher\" content=\"https:\/\/www.facebook.com\/Nachofdezber\" \/>\n\t\t<meta property=\"article:author\" content=\"https:\/\/www.facebook.com\/carrenoactualidad\" \/>\n\t\t<meta name=\"twitter:card\" content=\"summary_large_image\" \/>\n\t\t<meta name=\"twitter:site\" content=\"@NabercoDigital\" \/>\n\t\t<meta name=\"twitter:title\" content=\"Los profesores alemanes tienen el deber de prestar primeros auxilios | Cand\u00e1s 365\" \/>\n\t\t<meta name=\"twitter:description\" content=\"Karlsruhe (Alemania), 4 abr (dpa) - El Tribunal Supremo de Alemania (BGH) recalc\u00f3 hoy la obligaci\u00f3n de los profesores alemanes de deporte a prestar primeros auxilios y afirm\u00f3 que tienen el deber oficial de tomar las medidas necesarias para socorrer a tiempo a los alumnos. El BGH con sede en Karlsruhe anul\u00f3 una sentencia del\" \/>\n\t\t<meta name=\"twitter:creator\" content=\"@nbasturias\" \/>\n\t\t<meta name=\"twitter:image\" content=\"https:\/\/candas365.es\/noticias\/wp-content\/uploads\/2019\/04\/primeros-auxilios.jpg\" \/>\n\t\t<meta name=\"twitter:label1\" content=\"Escrito por\" \/>\n\t\t<meta name=\"twitter:data1\" content=\"Cand\u00e1s 365\" \/>\n\t\t<meta name=\"twitter:label2\" content=\"Tiempo de lectura estimado\" \/>\n\t\t<meta name=\"twitter:data2\" content=\"1 minuto\" \/>\n\t\t<script type=\"application\/ld+json\" class=\"aioseo-schema\">\n\t\t\t{\"@context\":\"https:\\\/\\\/schema.org\",\"@graph\":[{\"@type\":\"BreadcrumbList\",\"@id\":\"https:\\\/\\\/candas365.es\\\/noticias\\\/los-profesores-alemanes-tienen-el-deber-de-prestar-primeros-auxilios\\\/#breadcrumblist\",\"itemListElement\":[{\"@type\":\"ListItem\",\"@id\":\"https:\\\/\\\/candas365.es\\\/noticias#listItem\",\"position\":1,\"name\":\"Home\",\"item\":\"https:\\\/\\\/candas365.es\\\/noticias\",\"nextItem\":{\"@type\":\"ListItem\",\"@id\":\"https:\\\/\\\/candas365.es\\\/noticias\\\/category\\\/sociedad\\\/#listItem\",\"name\":\"Sociedad\"}},{\"@type\":\"ListItem\",\"@id\":\"https:\\\/\\\/candas365.es\\\/noticias\\\/category\\\/sociedad\\\/#listItem\",\"position\":2,\"name\":\"Sociedad\",\"item\":\"https:\\\/\\\/candas365.es\\\/noticias\\\/category\\\/sociedad\\\/\",\"nextItem\":{\"@type\":\"ListItem\",\"@id\":\"https:\\\/\\\/candas365.es\\\/noticias\\\/los-profesores-alemanes-tienen-el-deber-de-prestar-primeros-auxilios\\\/#listItem\",\"name\":\"Los profesores alemanes tienen el deber de prestar primeros auxilios\"},\"previousItem\":{\"@type\":\"ListItem\",\"@id\":\"https:\\\/\\\/candas365.es\\\/noticias#listItem\",\"name\":\"Home\"}},{\"@type\":\"ListItem\",\"@id\":\"https:\\\/\\\/candas365.es\\\/noticias\\\/los-profesores-alemanes-tienen-el-deber-de-prestar-primeros-auxilios\\\/#listItem\",\"position\":3,\"name\":\"Los profesores alemanes tienen el deber de prestar primeros auxilios\",\"previousItem\":{\"@type\":\"ListItem\",\"@id\":\"https:\\\/\\\/candas365.es\\\/noticias\\\/category\\\/sociedad\\\/#listItem\",\"name\":\"Sociedad\"}}]},{\"@type\":\"NewsArticle\",\"@id\":\"https:\\\/\\\/candas365.es\\\/noticias\\\/los-profesores-alemanes-tienen-el-deber-de-prestar-primeros-auxilios\\\/#newsarticle\",\"name\":\"Los profesores alemanes tienen el deber de prestar primeros auxilios | Cand\\u00e1s 365\",\"headline\":\"Los profesores alemanes tienen el deber de prestar primeros auxilios\",\"author\":{\"@id\":\"https:\\\/\\\/candas365.es\\\/noticias\\\/author\\\/admin\\\/#author\"},\"publisher\":{\"@id\":\"https:\\\/\\\/candas365.es\\\/noticias\\\/#organization\"},\"image\":{\"@type\":\"ImageObject\",\"url\":\"https:\\\/\\\/candas365.es\\\/noticias\\\/wp-content\\\/uploads\\\/2019\\\/04\\\/primeros-auxilios.jpg\",\"width\":921,\"height\":674,\"caption\":\"Foto: Wolfgang Kumm\\\/dpa\"},\"datePublished\":\"2019-04-05T06:17:31+02:00\",\"dateModified\":\"2019-04-05T06:17:31+02:00\",\"inLanguage\":\"es-ES\",\"mainEntityOfPage\":{\"@id\":\"https:\\\/\\\/candas365.es\\\/noticias\\\/los-profesores-alemanes-tienen-el-deber-de-prestar-primeros-auxilios\\\/#webpage\"},\"isPartOf\":{\"@id\":\"https:\\\/\\\/candas365.es\\\/noticias\\\/los-profesores-alemanes-tienen-el-deber-de-prestar-primeros-auxilios\\\/#webpage\"},\"articleSection\":\"Sociedad\",\"dateline\":\"Publicado el abril 5, 2019.\"},{\"@type\":\"Organization\",\"@id\":\"https:\\\/\\\/candas365.es\\\/noticias\\\/#organization\",\"name\":\"Cand\\u00e1s 365\",\"description\":\"Cand\\u00e1s 365 es un diario digital independiente, fundado en 2012, con base en Asturias. Informamos con rigor sobre actualidad, sociedad, cultura y ocio, con una mirada local y global.\",\"url\":\"https:\\\/\\\/candas365.es\\\/noticias\\\/\",\"email\":\"info@candas365.es\",\"telephone\":\"+34652131393\",\"foundingDate\":\"2012-06-10\",\"logo\":{\"@type\":\"ImageObject\",\"url\":\"https:\\\/\\\/candas365.es\\\/noticias\\\/wp-content\\\/uploads\\\/2024\\\/09\\\/Candas-365-Redes.jpg\",\"@id\":\"https:\\\/\\\/candas365.es\\\/noticias\\\/los-profesores-alemanes-tienen-el-deber-de-prestar-primeros-auxilios\\\/#organizationLogo\",\"width\":1152,\"height\":864,\"caption\":\"Cand\\u00e1s 365 Redes\"},\"image\":{\"@id\":\"https:\\\/\\\/candas365.es\\\/noticias\\\/los-profesores-alemanes-tienen-el-deber-de-prestar-primeros-auxilios\\\/#organizationLogo\"},\"sameAs\":[\"https:\\\/\\\/www.facebook.com\\\/Nachofdezber\",\"https:\\\/\\\/x.com\\\/NabercoDigital\",\"https:\\\/\\\/www.instagram.com\\\/nachofdezber\\\/\",\"https:\\\/\\\/www.youtube.com\\\/channel\\\/UCZP-2wLEB9Rv6erhFmqVnvg\"],\"address\":{\"@id\":\"https:\\\/\\\/candas365.es\\\/noticias\\\/#postaladdress\",\"@type\":\"PostalAddress\",\"streetAddress\":\"san antonio 4, san antonio 4\",\"postalCode\":\"33430\",\"addressLocality\":\"Cand\\u00e1s\",\"addressRegion\":\"Asturias\",\"addressCountry\":\"ES\"}},{\"@type\":\"Person\",\"@id\":\"https:\\\/\\\/candas365.es\\\/noticias\\\/author\\\/admin\\\/#author\",\"url\":\"https:\\\/\\\/candas365.es\\\/noticias\\\/author\\\/admin\\\/\",\"name\":\"Cand\\u00e1s 365\",\"image\":{\"@type\":\"ImageObject\",\"@id\":\"https:\\\/\\\/candas365.es\\\/noticias\\\/los-profesores-alemanes-tienen-el-deber-de-prestar-primeros-auxilios\\\/#authorImage\",\"url\":\"https:\\\/\\\/secure.gravatar.com\\\/avatar\\\/496a8e03d0c493ede1718b7934145dbdf8d89be1036b0eec9544e1094c9de390?s=96&d=mm&r=g\",\"width\":96,\"height\":96,\"caption\":\"Cand\\u00e1s 365\"},\"sameAs\":[\"https:\\\/\\\/www.facebook.com\\\/carrenoactualidad\",\"https:\\\/\\\/twitter.com\\\/nbasturias\",\"https:\\\/\\\/www.instagram.com\\\/nachofdezber\\\/\",\"https:\\\/\\\/www.youtube.com\\\/channel\\\/UCZP-2wLEB9Rv6erhFmqVnvg\"]},{\"@type\":\"WebPage\",\"@id\":\"https:\\\/\\\/candas365.es\\\/noticias\\\/los-profesores-alemanes-tienen-el-deber-de-prestar-primeros-auxilios\\\/#webpage\",\"url\":\"https:\\\/\\\/candas365.es\\\/noticias\\\/los-profesores-alemanes-tienen-el-deber-de-prestar-primeros-auxilios\\\/\",\"name\":\"Los profesores alemanes tienen el deber de prestar primeros auxilios | Cand\\u00e1s 365\",\"description\":\"Karlsruhe (Alemania), 4 abr (dpa) - El Tribunal Supremo de Alemania (BGH) recalc\\u00f3 hoy la obligaci\\u00f3n de los profesores alemanes de deporte a prestar primeros auxilios y afirm\\u00f3 que tienen el deber oficial de tomar las medidas necesarias para socorrer a tiempo a los alumnos. El BGH con sede en Karlsruhe anul\\u00f3 una sentencia del\",\"inLanguage\":\"es-ES\",\"isPartOf\":{\"@id\":\"https:\\\/\\\/candas365.es\\\/noticias\\\/#website\"},\"breadcrumb\":{\"@id\":\"https:\\\/\\\/candas365.es\\\/noticias\\\/los-profesores-alemanes-tienen-el-deber-de-prestar-primeros-auxilios\\\/#breadcrumblist\"},\"author\":{\"@id\":\"https:\\\/\\\/candas365.es\\\/noticias\\\/author\\\/admin\\\/#author\"},\"creator\":{\"@id\":\"https:\\\/\\\/candas365.es\\\/noticias\\\/author\\\/admin\\\/#author\"},\"image\":{\"@type\":\"ImageObject\",\"url\":\"https:\\\/\\\/candas365.es\\\/noticias\\\/wp-content\\\/uploads\\\/2019\\\/04\\\/primeros-auxilios.jpg\",\"@id\":\"https:\\\/\\\/candas365.es\\\/noticias\\\/los-profesores-alemanes-tienen-el-deber-de-prestar-primeros-auxilios\\\/#mainImage\",\"width\":921,\"height\":674,\"caption\":\"Foto: Wolfgang Kumm\\\/dpa\"},\"primaryImageOfPage\":{\"@id\":\"https:\\\/\\\/candas365.es\\\/noticias\\\/los-profesores-alemanes-tienen-el-deber-de-prestar-primeros-auxilios\\\/#mainImage\"},\"datePublished\":\"2019-04-05T06:17:31+02:00\",\"dateModified\":\"2019-04-05T06:17:31+02:00\"},{\"@type\":\"WebSite\",\"@id\":\"https:\\\/\\\/candas365.es\\\/noticias\\\/#website\",\"url\":\"https:\\\/\\\/candas365.es\\\/noticias\\\/\",\"name\":\"Cand\\u00e1s 365\",\"alternateName\":\"Cand\\u00e1s 365 Noticias\",\"description\":\"Actualidad desde Carre\\u00f1o para el mundo\",\"inLanguage\":\"es-ES\",\"publisher\":{\"@id\":\"https:\\\/\\\/candas365.es\\\/noticias\\\/#organization\"}}]}\n\t\t<\/script>\n\t\t<!-- All in One SEO Pro -->\r\n\t\t<title>Los profesores alemanes tienen el deber de prestar primeros auxilios | Cand\u00e1s 365<\/title>\n\n","aioseo_head_json":{"title":"Los profesores alemanes tienen el deber de prestar primeros auxilios | Cand\u00e1s 365","description":"Karlsruhe (Alemania), 4 abr (dpa) - El Tribunal Supremo de Alemania (BGH) recalc\u00f3 hoy la obligaci\u00f3n de los profesores alemanes de deporte a prestar primeros auxilios y afirm\u00f3 que tienen el deber oficial de tomar las medidas necesarias para socorrer a tiempo a los alumnos. El BGH con sede en Karlsruhe anul\u00f3 una sentencia del","canonical_url":"https:\/\/candas365.es\/noticias\/los-profesores-alemanes-tienen-el-deber-de-prestar-primeros-auxilios\/","robots":"max-image-preview:large","keywords":"sociedad","webmasterTools":{"google-site-verification":"UA-32230408-1","msvalidate.01":"354F3CDFB2DA171B47FBE9ABF1F88D5","miscellaneous":""},"schema":{"@context":"https:\/\/schema.org","@graph":[{"@type":"BreadcrumbList","@id":"https:\/\/candas365.es\/noticias\/los-profesores-alemanes-tienen-el-deber-de-prestar-primeros-auxilios\/#breadcrumblist","itemListElement":[{"@type":"ListItem","@id":"https:\/\/candas365.es\/noticias#listItem","position":1,"name":"Home","item":"https:\/\/candas365.es\/noticias","nextItem":{"@type":"ListItem","@id":"https:\/\/candas365.es\/noticias\/category\/sociedad\/#listItem","name":"Sociedad"}},{"@type":"ListItem","@id":"https:\/\/candas365.es\/noticias\/category\/sociedad\/#listItem","position":2,"name":"Sociedad","item":"https:\/\/candas365.es\/noticias\/category\/sociedad\/","nextItem":{"@type":"ListItem","@id":"https:\/\/candas365.es\/noticias\/los-profesores-alemanes-tienen-el-deber-de-prestar-primeros-auxilios\/#listItem","name":"Los profesores alemanes tienen el deber de prestar primeros auxilios"},"previousItem":{"@type":"ListItem","@id":"https:\/\/candas365.es\/noticias#listItem","name":"Home"}},{"@type":"ListItem","@id":"https:\/\/candas365.es\/noticias\/los-profesores-alemanes-tienen-el-deber-de-prestar-primeros-auxilios\/#listItem","position":3,"name":"Los profesores alemanes tienen el deber de prestar primeros auxilios","previousItem":{"@type":"ListItem","@id":"https:\/\/candas365.es\/noticias\/category\/sociedad\/#listItem","name":"Sociedad"}}]},{"@type":"NewsArticle","@id":"https:\/\/candas365.es\/noticias\/los-profesores-alemanes-tienen-el-deber-de-prestar-primeros-auxilios\/#newsarticle","name":"Los profesores alemanes tienen el deber de prestar primeros auxilios | Cand\u00e1s 365","headline":"Los profesores alemanes tienen el deber de prestar primeros auxilios","author":{"@id":"https:\/\/candas365.es\/noticias\/author\/admin\/#author"},"publisher":{"@id":"https:\/\/candas365.es\/noticias\/#organization"},"image":{"@type":"ImageObject","url":"https:\/\/candas365.es\/noticias\/wp-content\/uploads\/2019\/04\/primeros-auxilios.jpg","width":921,"height":674,"caption":"Foto: Wolfgang Kumm\/dpa"},"datePublished":"2019-04-05T06:17:31+02:00","dateModified":"2019-04-05T06:17:31+02:00","inLanguage":"es-ES","mainEntityOfPage":{"@id":"https:\/\/candas365.es\/noticias\/los-profesores-alemanes-tienen-el-deber-de-prestar-primeros-auxilios\/#webpage"},"isPartOf":{"@id":"https:\/\/candas365.es\/noticias\/los-profesores-alemanes-tienen-el-deber-de-prestar-primeros-auxilios\/#webpage"},"articleSection":"Sociedad","dateline":"Publicado el abril 5, 2019."},{"@type":"Organization","@id":"https:\/\/candas365.es\/noticias\/#organization","name":"Cand\u00e1s 365","description":"Cand\u00e1s 365 es un diario digital independiente, fundado en 2012, con base en Asturias. Informamos con rigor sobre actualidad, sociedad, cultura y ocio, con una mirada local y global.","url":"https:\/\/candas365.es\/noticias\/","email":"info@candas365.es","telephone":"+34652131393","foundingDate":"2012-06-10","logo":{"@type":"ImageObject","url":"https:\/\/candas365.es\/noticias\/wp-content\/uploads\/2024\/09\/Candas-365-Redes.jpg","@id":"https:\/\/candas365.es\/noticias\/los-profesores-alemanes-tienen-el-deber-de-prestar-primeros-auxilios\/#organizationLogo","width":1152,"height":864,"caption":"Cand\u00e1s 365 Redes"},"image":{"@id":"https:\/\/candas365.es\/noticias\/los-profesores-alemanes-tienen-el-deber-de-prestar-primeros-auxilios\/#organizationLogo"},"sameAs":["https:\/\/www.facebook.com\/Nachofdezber","https:\/\/x.com\/NabercoDigital","https:\/\/www.instagram.com\/nachofdezber\/","https:\/\/www.youtube.com\/channel\/UCZP-2wLEB9Rv6erhFmqVnvg"],"address":{"@id":"https:\/\/candas365.es\/noticias\/#postaladdress","@type":"PostalAddress","streetAddress":"san antonio 4, san antonio 4","postalCode":"33430","addressLocality":"Cand\u00e1s","addressRegion":"Asturias","addressCountry":"ES"}},{"@type":"Person","@id":"https:\/\/candas365.es\/noticias\/author\/admin\/#author","url":"https:\/\/candas365.es\/noticias\/author\/admin\/","name":"Cand\u00e1s 365","image":{"@type":"ImageObject","@id":"https:\/\/candas365.es\/noticias\/los-profesores-alemanes-tienen-el-deber-de-prestar-primeros-auxilios\/#authorImage","url":"https:\/\/secure.gravatar.com\/avatar\/496a8e03d0c493ede1718b7934145dbdf8d89be1036b0eec9544e1094c9de390?s=96&d=mm&r=g","width":96,"height":96,"caption":"Cand\u00e1s 365"},"sameAs":["https:\/\/www.facebook.com\/carrenoactualidad","https:\/\/twitter.com\/nbasturias","https:\/\/www.instagram.com\/nachofdezber\/","https:\/\/www.youtube.com\/channel\/UCZP-2wLEB9Rv6erhFmqVnvg"]},{"@type":"WebPage","@id":"https:\/\/candas365.es\/noticias\/los-profesores-alemanes-tienen-el-deber-de-prestar-primeros-auxilios\/#webpage","url":"https:\/\/candas365.es\/noticias\/los-profesores-alemanes-tienen-el-deber-de-prestar-primeros-auxilios\/","name":"Los profesores alemanes tienen el deber de prestar primeros auxilios | Cand\u00e1s 365","description":"Karlsruhe (Alemania), 4 abr (dpa) - El Tribunal Supremo de Alemania (BGH) recalc\u00f3 hoy la obligaci\u00f3n de los profesores alemanes de deporte a prestar primeros auxilios y afirm\u00f3 que tienen el deber oficial de tomar las medidas necesarias para socorrer a tiempo a los alumnos. El BGH con sede en Karlsruhe anul\u00f3 una sentencia del","inLanguage":"es-ES","isPartOf":{"@id":"https:\/\/candas365.es\/noticias\/#website"},"breadcrumb":{"@id":"https:\/\/candas365.es\/noticias\/los-profesores-alemanes-tienen-el-deber-de-prestar-primeros-auxilios\/#breadcrumblist"},"author":{"@id":"https:\/\/candas365.es\/noticias\/author\/admin\/#author"},"creator":{"@id":"https:\/\/candas365.es\/noticias\/author\/admin\/#author"},"image":{"@type":"ImageObject","url":"https:\/\/candas365.es\/noticias\/wp-content\/uploads\/2019\/04\/primeros-auxilios.jpg","@id":"https:\/\/candas365.es\/noticias\/los-profesores-alemanes-tienen-el-deber-de-prestar-primeros-auxilios\/#mainImage","width":921,"height":674,"caption":"Foto: Wolfgang Kumm\/dpa"},"primaryImageOfPage":{"@id":"https:\/\/candas365.es\/noticias\/los-profesores-alemanes-tienen-el-deber-de-prestar-primeros-auxilios\/#mainImage"},"datePublished":"2019-04-05T06:17:31+02:00","dateModified":"2019-04-05T06:17:31+02:00"},{"@type":"WebSite","@id":"https:\/\/candas365.es\/noticias\/#website","url":"https:\/\/candas365.es\/noticias\/","name":"Cand\u00e1s 365","alternateName":"Cand\u00e1s 365 Noticias","description":"Actualidad desde Carre\u00f1o para el mundo","inLanguage":"es-ES","publisher":{"@id":"https:\/\/candas365.es\/noticias\/#organization"}}]},"og:locale":"es_ES","og:site_name":"Cand\u00e1s 365","og:type":"article","og:title":"Los profesores alemanes tienen el deber de prestar primeros auxilios | Cand\u00e1s 365","og:description":"Karlsruhe (Alemania), 4 abr (dpa) - El Tribunal Supremo de Alemania (BGH) recalc\u00f3 hoy la obligaci\u00f3n de los profesores alemanes de deporte a prestar primeros auxilios y afirm\u00f3 que tienen el deber oficial de tomar las medidas necesarias para socorrer a tiempo a los alumnos. El BGH con sede en Karlsruhe anul\u00f3 una sentencia del","og:url":"https:\/\/candas365.es\/noticias\/los-profesores-alemanes-tienen-el-deber-de-prestar-primeros-auxilios\/","og:image":"https:\/\/candas365.es\/noticias\/wp-content\/uploads\/2019\/04\/primeros-auxilios.jpg","og:image:secure_url":"https:\/\/candas365.es\/noticias\/wp-content\/uploads\/2019\/04\/primeros-auxilios.jpg","og:image:width":921,"og:image:height":674,"article:published_time":"2019-04-05T06:17:31+00:00","article:modified_time":"2019-04-05T06:17:31+00:00","article:publisher":"https:\/\/www.facebook.com\/Nachofdezber","article:author":"https:\/\/www.facebook.com\/carrenoactualidad","twitter:card":"summary_large_image","twitter:site":"@NabercoDigital","twitter:title":"Los profesores alemanes tienen el deber de prestar primeros auxilios | Cand\u00e1s 365","twitter:description":"Karlsruhe (Alemania), 4 abr (dpa) - El Tribunal Supremo de Alemania (BGH) recalc\u00f3 hoy la obligaci\u00f3n de los profesores alemanes de deporte a prestar primeros auxilios y afirm\u00f3 que tienen el deber oficial de tomar las medidas necesarias para socorrer a tiempo a los alumnos. El BGH con sede en Karlsruhe anul\u00f3 una sentencia del","twitter:creator":"@nbasturias","twitter:image":"https:\/\/candas365.es\/noticias\/wp-content\/uploads\/2019\/04\/primeros-auxilios.jpg","twitter:label1":"Escrito por","twitter:data1":"Cand\u00e1s 365","twitter:label2":"Tiempo de lectura estimado","twitter:data2":"1 minuto"},"aioseo_meta_data":{"post_id":"120050","title":null,"description":null,"keywords":null,"keyphrases":null,"primary_term":null,"canonical_url":null,"og_title":null,"og_description":null,"og_object_type":"default","og_image_type":"default","og_image_url":null,"og_image_width":null,"og_image_height":null,"og_image_custom_url":null,"og_image_custom_fields":null,"og_video":null,"og_custom_url":null,"og_article_section":null,"og_article_tags":null,"twitter_use_og":false,"twitter_card":"default","twitter_image_type":"default","twitter_image_url":null,"twitter_image_custom_url":null,"twitter_image_custom_fields":null,"twitter_title":null,"twitter_description":null,"schema":{"blockGraphs":[],"customGraphs":[],"default":{"data":{"Article":[],"Course":[],"Dataset":[],"FAQPage":[],"Movie":[],"Person":[],"Product":[],"ProductReview":[],"Car":[],"Recipe":[],"Service":[],"SoftwareApplication":[],"WebPage":[]},"graphName":"","isEnabled":true},"graphs":[],"defaultGraph":"","defaultPostTypeGraph":""},"schema_type":null,"schema_type_options":null,"pillar_content":false,"robots_default":true,"robots_noindex":false,"robots_noarchive":false,"robots_nosnippet":false,"robots_nofollow":false,"robots_noimageindex":false,"robots_noodp":false,"robots_notranslate":false,"robots_max_snippet":null,"robots_max_videopreview":null,"robots_max_imagepreview":"large","priority":null,"frequency":null,"location":null,"local_seo":null,"seo_analyzer_scan_date":"2025-08-29 16:21:53","breadcrumb_settings":null,"limit_modified_date":false,"reviewed_by":null,"open_ai":null,"ai":null,"created":"2020-12-21 10:59:11","updated":"2025-08-29 16:21:53"},"aioseo_breadcrumb":"<div class=\"aioseo-breadcrumbs\"><span class=\"aioseo-breadcrumb\">\n\t<a href=\"https:\/\/candas365.es\/noticias\" title=\"Home\">Home<\/a>\n<\/span><span class=\"aioseo-breadcrumb-separator\">&ndash;<\/span><span class=\"aioseo-breadcrumb\">\n\t<a href=\"https:\/\/candas365.es\/noticias\/category\/sociedad\/\" title=\"Sociedad\">Sociedad<\/a>\n<\/span><span class=\"aioseo-breadcrumb-separator\">&ndash;<\/span><span class=\"aioseo-breadcrumb\">\n\tLos profesores alemanes tienen el deber de prestar primeros auxilios\n<\/span><\/div>","aioseo_breadcrumb_json":[{"label":"Home","link":"https:\/\/candas365.es\/noticias"},{"label":"Sociedad","link":"https:\/\/candas365.es\/noticias\/category\/sociedad\/"},{"label":"Los profesores alemanes tienen el deber de prestar primeros auxilios","link":"https:\/\/candas365.es\/noticias\/los-profesores-alemanes-tienen-el-deber-de-prestar-primeros-auxilios\/"}],"_links":{"self":[{"href":"https:\/\/candas365.es\/noticias\/wp-json\/wp\/v2\/posts\/120050","targetHints":{"allow":["GET"]}}],"collection":[{"href":"https:\/\/candas365.es\/noticias\/wp-json\/wp\/v2\/posts"}],"about":[{"href":"https:\/\/candas365.es\/noticias\/wp-json\/wp\/v2\/types\/post"}],"author":[{"embeddable":true,"href":"https:\/\/candas365.es\/noticias\/wp-json\/wp\/v2\/users\/1"}],"replies":[{"embeddable":true,"href":"https:\/\/candas365.es\/noticias\/wp-json\/wp\/v2\/comments?post=120050"}],"version-history":[{"count":0,"href":"https:\/\/candas365.es\/noticias\/wp-json\/wp\/v2\/posts\/120050\/revisions"}],"wp:featuredmedia":[{"embeddable":true,"href":"https:\/\/candas365.es\/noticias\/wp-json\/wp\/v2\/media\/120051"}],"wp:attachment":[{"href":"https:\/\/candas365.es\/noticias\/wp-json\/wp\/v2\/media?parent=120050"}],"wp:term":[{"taxonomy":"category","embeddable":true,"href":"https:\/\/candas365.es\/noticias\/wp-json\/wp\/v2\/categories?post=120050"},{"taxonomy":"post_tag","embeddable":true,"href":"https:\/\/candas365.es\/noticias\/wp-json\/wp\/v2\/tags?post=120050"}],"curies":[{"name":"wp","href":"https:\/\/api.w.org\/{rel}","templated":true}]}}