{"id":120042,"date":"2019-04-05T06:03:51","date_gmt":"2019-04-05T06:03:51","guid":{"rendered":"http:\/\/candas365.es\/noticias\/?p=120042"},"modified":"2019-04-05T06:03:51","modified_gmt":"2019-04-05T06:03:51","slug":"alertan-en-alemania-de-las-consecuencias-de-bloquear-el-trafico-por-las-bodas","status":"publish","type":"post","link":"https:\/\/candas365.es\/noticias\/alertan-en-alemania-de-las-consecuencias-de-bloquear-el-trafico-por-las-bodas\/","title":{"rendered":"Alertan en Alemania de las consecuencias de bloquear el tr\u00e1fico por las bodas"},"content":{"rendered":"<figure id=\"attachment_120043\" aria-describedby=\"caption-attachment-120043\" style=\"width: 360px\" class=\"wp-caption alignleft\"><img fetchpriority=\"high\" decoding=\"async\" class=\"size-medium wp-image-120043\" src=\"https:\/\/candas365.es\/noticias\/wp-content\/uploads\/2019\/04\/trafico-bodas-360x240.jpg\" alt=\"\" width=\"360\" height=\"240\" srcset=\"https:\/\/candas365.es\/noticias\/wp-content\/uploads\/2019\/04\/trafico-bodas-360x240.jpg 360w, https:\/\/candas365.es\/noticias\/wp-content\/uploads\/2019\/04\/trafico-bodas-768x513.jpg 768w, https:\/\/candas365.es\/noticias\/wp-content\/uploads\/2019\/04\/trafico-bodas-655x437.jpg 655w, https:\/\/candas365.es\/noticias\/wp-content\/uploads\/2019\/04\/trafico-bodas-696x464.jpg 696w, https:\/\/candas365.es\/noticias\/wp-content\/uploads\/2019\/04\/trafico-bodas-629x420.jpg 629w, https:\/\/candas365.es\/noticias\/wp-content\/uploads\/2019\/04\/trafico-bodas.jpg 1004w\" sizes=\"(max-width: 360px) 100vw, 360px\" \/><figcaption id=\"caption-attachment-120043\" class=\"wp-caption-text\">Foto: Polizei D\u00fcsseldorf\/dpa<\/figcaption><\/figure>\n<p>D\u00fcsseldorf (Alemania), 4 abr (dpa) &#8211; La polic\u00eda alemana alert\u00f3 hoy expresamente de las consecuencias que puede traer aparejado bloquear las carreteras para hacer fotos para un casamiento como ha ocurrido varias veces en distintos lugares del pa\u00eds.<\/p>\n<p>\u00abSi se produce un accidente, los responsables se arrepentir\u00e1n toda la vida\u00bb, declar\u00f3 el portavoz de la Polic\u00eda de Renania del Norte-Westfalia Kim Freigang.<\/p>\n<p>El vocero se mostr\u00f3 optimista de que sean llevados ante la Justicia los responsables de los bloqueos de autopistas registrados en los \u00faltimos d\u00edas. El comit\u00e9 de pol\u00edtica interior del Parlamento regional ten\u00eda previsto abordar hoy estos incidentes.<\/p>\n<p>Varios automovilistas bloquearon con caros veh\u00edculos deportivos la autopista A3 en las inmediaciones de D\u00fcsseldorf, aparentemente con la intenci\u00f3n de sacar fotos sobre esa v\u00eda durante los festejos de una boda. \u00abEso es mortalmente peligroso y carece de sentido\u00bb, dijo el portavoz policial.<\/p>\n<p>Si bien los conductores ser\u00edan descendientes de migrantes a juzgar por sus apellidos, no podr\u00e1n alegar que lo hac\u00edan siguiendo sus propias costumbres, aclar\u00f3 el portavoz.<\/p>\n<p>\u00abSe trata de excesos que tienen m\u00e1s que ver con un exceso de hormonas y una actitud cuestionable hacia las normas\u00bb, declar\u00f3 Freigang. Tampoco se mostr\u00f3 sorprendido de que los conductores fuesen exclusivamente hombres.<\/p>\n<p>La polic\u00eda lleva adelante investigaciones por generar peligro en el tr\u00e1fico y coacci\u00f3n. Una patrulla civil detect\u00f3 varios lujosos veh\u00edculos deportivos que iban y ven\u00edan por todos los carriles de la A3 con las balizas encendidas y obstru\u00edan el tr\u00e1fico hasta el punto de detenerlo.<\/p>\n<p>Cuando los presuntos invitados a un casamiento notaron la presencia policial comenzaron a circular nuevamente. Posteriormente se detuvo a determinados conductores, que les hicieron saber a los agentes que \u00abconoc\u00edan a un buen abogado\u00bb, indicaron las fuentes policiales.<\/p>\n<p>Todos negaron haber cometido alguna infracci\u00f3n o bien indicaron que ya se hab\u00edan comunicado telef\u00f3nicamente con sus respectivos letrados.<\/p>\n<p>Asimismo hubo casos similares en el estado federado de Baden-W\u00fcrttemberg, en el suroeste alem\u00e1n. El pasado fin de semana cuatro autom\u00f3viles bloquearon la autopista A81 en las inmediaciones de Stuttgart y generaron un atasco que fue fotografiado por conductores, report\u00f3 la polic\u00eda.<\/p>\n","protected":false},"excerpt":{"rendered":"<p>D\u00fcsseldorf (Alemania), 4 abr (dpa) &#8211; La polic\u00eda alemana alert\u00f3 hoy expresamente de las consecuencias que puede traer aparejado bloquear las carreteras para hacer fotos para un casamiento como ha ocurrido varias veces en distintos lugares del pa\u00eds. \u00abSi se produce un accidente, los responsables se arrepentir\u00e1n toda la vida\u00bb, declar\u00f3 el portavoz de la<\/p>\n","protected":false},"author":1,"featured_media":120043,"comment_status":"closed","ping_status":"closed","sticky":false,"template":"","format":"standard","meta":{"footnotes":""},"categories":[143],"tags":[],"class_list":{"0":"post-120042","1":"post","2":"type-post","3":"status-publish","4":"format-standard","5":"has-post-thumbnail","7":"category-sociedad"},"aioseo_notices":[],"aioseo_head":"\n\t\t<!-- All in One SEO Pro 4.9.6.2 - aioseo.com -->\n\t<meta name=\"description\" content=\"D\u00fcsseldorf (Alemania), 4 abr (dpa) - La polic\u00eda alemana alert\u00f3 hoy expresamente de las consecuencias que puede traer aparejado bloquear las carreteras para hacer fotos para un casamiento como ha ocurrido varias veces en distintos lugares del pa\u00eds. &quot;Si se produce un accidente, los responsables se arrepentir\u00e1n toda la vida&quot;, declar\u00f3 el portavoz de la\" \/>\n\t<meta name=\"robots\" content=\"max-image-preview:large\" \/>\n\t<meta name=\"author\" content=\"Cand\u00e1s 365\"\/>\n\t<meta name=\"google-site-verification\" content=\"UA-32230408-1\" \/>\n\t<meta name=\"msvalidate.01\" content=\"354F3CDFB2DA171B47FBE9ABF1F88D5\" \/>\n\t<meta name=\"keywords\" content=\"sociedad\" \/>\n\t<link rel=\"canonical\" href=\"https:\/\/candas365.es\/noticias\/alertan-en-alemania-de-las-consecuencias-de-bloquear-el-trafico-por-las-bodas\/\" \/>\n\t<meta name=\"generator\" content=\"All in One SEO Pro (AIOSEO) 4.9.6.2\" \/>\n\t\t<meta property=\"og:locale\" content=\"es_ES\" \/>\n\t\t<meta property=\"og:site_name\" content=\"Cand\u00e1s 365\" \/>\n\t\t<meta property=\"og:type\" content=\"article\" \/>\n\t\t<meta property=\"og:title\" content=\"Alertan en Alemania de las consecuencias de bloquear el tr\u00e1fico por las bodas | Cand\u00e1s 365\" \/>\n\t\t<meta property=\"og:description\" content=\"D\u00fcsseldorf (Alemania), 4 abr (dpa) - La polic\u00eda alemana alert\u00f3 hoy expresamente de las consecuencias que puede traer aparejado bloquear las carreteras para hacer fotos para un casamiento como ha ocurrido varias veces en distintos lugares del pa\u00eds. &quot;Si se produce un accidente, los responsables se arrepentir\u00e1n toda la vida&quot;, declar\u00f3 el portavoz de la\" \/>\n\t\t<meta property=\"og:url\" content=\"https:\/\/candas365.es\/noticias\/alertan-en-alemania-de-las-consecuencias-de-bloquear-el-trafico-por-las-bodas\/\" \/>\n\t\t<meta property=\"og:image\" content=\"https:\/\/candas365.es\/noticias\/wp-content\/uploads\/2019\/04\/trafico-bodas.jpg\" \/>\n\t\t<meta property=\"og:image:secure_url\" content=\"https:\/\/candas365.es\/noticias\/wp-content\/uploads\/2019\/04\/trafico-bodas.jpg\" \/>\n\t\t<meta property=\"og:image:width\" content=\"1004\" \/>\n\t\t<meta property=\"og:image:height\" content=\"670\" \/>\n\t\t<meta property=\"article:published_time\" content=\"2019-04-05T06:03:51+00:00\" \/>\n\t\t<meta property=\"article:modified_time\" content=\"2019-04-05T06:03:51+00:00\" \/>\n\t\t<meta property=\"article:publisher\" content=\"https:\/\/www.facebook.com\/Nachofdezber\" \/>\n\t\t<meta property=\"article:author\" content=\"https:\/\/www.facebook.com\/carrenoactualidad\" \/>\n\t\t<meta name=\"twitter:card\" content=\"summary_large_image\" \/>\n\t\t<meta name=\"twitter:site\" content=\"@NabercoDigital\" \/>\n\t\t<meta name=\"twitter:title\" content=\"Alertan en Alemania de las consecuencias de bloquear el tr\u00e1fico por las bodas | Cand\u00e1s 365\" \/>\n\t\t<meta name=\"twitter:description\" content=\"D\u00fcsseldorf (Alemania), 4 abr (dpa) - La polic\u00eda alemana alert\u00f3 hoy expresamente de las consecuencias que puede traer aparejado bloquear las carreteras para hacer fotos para un casamiento como ha ocurrido varias veces en distintos lugares del pa\u00eds. &quot;Si se produce un accidente, los responsables se arrepentir\u00e1n toda la vida&quot;, declar\u00f3 el portavoz de la\" \/>\n\t\t<meta name=\"twitter:creator\" content=\"@nbasturias\" \/>\n\t\t<meta name=\"twitter:image\" content=\"https:\/\/candas365.es\/noticias\/wp-content\/uploads\/2019\/04\/trafico-bodas.jpg\" \/>\n\t\t<meta name=\"twitter:label1\" content=\"Escrito por\" \/>\n\t\t<meta name=\"twitter:data1\" content=\"Cand\u00e1s 365\" \/>\n\t\t<meta name=\"twitter:label2\" content=\"Tiempo de lectura estimado\" \/>\n\t\t<meta name=\"twitter:data2\" content=\"2 minutos\" \/>\n\t\t<script type=\"application\/ld+json\" class=\"aioseo-schema\">\n\t\t\t{\"@context\":\"https:\\\/\\\/schema.org\",\"@graph\":[{\"@type\":\"BreadcrumbList\",\"@id\":\"https:\\\/\\\/candas365.es\\\/noticias\\\/alertan-en-alemania-de-las-consecuencias-de-bloquear-el-trafico-por-las-bodas\\\/#breadcrumblist\",\"itemListElement\":[{\"@type\":\"ListItem\",\"@id\":\"https:\\\/\\\/candas365.es\\\/noticias#listItem\",\"position\":1,\"name\":\"Home\",\"item\":\"https:\\\/\\\/candas365.es\\\/noticias\",\"nextItem\":{\"@type\":\"ListItem\",\"@id\":\"https:\\\/\\\/candas365.es\\\/noticias\\\/category\\\/sociedad\\\/#listItem\",\"name\":\"Sociedad\"}},{\"@type\":\"ListItem\",\"@id\":\"https:\\\/\\\/candas365.es\\\/noticias\\\/category\\\/sociedad\\\/#listItem\",\"position\":2,\"name\":\"Sociedad\",\"item\":\"https:\\\/\\\/candas365.es\\\/noticias\\\/category\\\/sociedad\\\/\",\"nextItem\":{\"@type\":\"ListItem\",\"@id\":\"https:\\\/\\\/candas365.es\\\/noticias\\\/alertan-en-alemania-de-las-consecuencias-de-bloquear-el-trafico-por-las-bodas\\\/#listItem\",\"name\":\"Alertan en Alemania de las consecuencias de bloquear el tr\\u00e1fico por las bodas\"},\"previousItem\":{\"@type\":\"ListItem\",\"@id\":\"https:\\\/\\\/candas365.es\\\/noticias#listItem\",\"name\":\"Home\"}},{\"@type\":\"ListItem\",\"@id\":\"https:\\\/\\\/candas365.es\\\/noticias\\\/alertan-en-alemania-de-las-consecuencias-de-bloquear-el-trafico-por-las-bodas\\\/#listItem\",\"position\":3,\"name\":\"Alertan en Alemania de las consecuencias de bloquear el tr\\u00e1fico por las bodas\",\"previousItem\":{\"@type\":\"ListItem\",\"@id\":\"https:\\\/\\\/candas365.es\\\/noticias\\\/category\\\/sociedad\\\/#listItem\",\"name\":\"Sociedad\"}}]},{\"@type\":\"NewsArticle\",\"@id\":\"https:\\\/\\\/candas365.es\\\/noticias\\\/alertan-en-alemania-de-las-consecuencias-de-bloquear-el-trafico-por-las-bodas\\\/#newsarticle\",\"name\":\"Alertan en Alemania de las consecuencias de bloquear el tr\\u00e1fico por las bodas | Cand\\u00e1s 365\",\"headline\":\"Alertan en Alemania de las consecuencias de bloquear el tr\\u00e1fico por las bodas\",\"author\":{\"@id\":\"https:\\\/\\\/candas365.es\\\/noticias\\\/author\\\/admin\\\/#author\"},\"publisher\":{\"@id\":\"https:\\\/\\\/candas365.es\\\/noticias\\\/#organization\"},\"image\":{\"@type\":\"ImageObject\",\"url\":\"https:\\\/\\\/candas365.es\\\/noticias\\\/wp-content\\\/uploads\\\/2019\\\/04\\\/trafico-bodas.jpg\",\"width\":1004,\"height\":670,\"caption\":\"Foto: Polizei D\\u00fcsseldorf\\\/dpa\"},\"datePublished\":\"2019-04-05T06:03:51+02:00\",\"dateModified\":\"2019-04-05T06:03:51+02:00\",\"inLanguage\":\"es-ES\",\"mainEntityOfPage\":{\"@id\":\"https:\\\/\\\/candas365.es\\\/noticias\\\/alertan-en-alemania-de-las-consecuencias-de-bloquear-el-trafico-por-las-bodas\\\/#webpage\"},\"isPartOf\":{\"@id\":\"https:\\\/\\\/candas365.es\\\/noticias\\\/alertan-en-alemania-de-las-consecuencias-de-bloquear-el-trafico-por-las-bodas\\\/#webpage\"},\"articleSection\":\"Sociedad\",\"dateline\":\"Publicado el abril 5, 2019.\"},{\"@type\":\"Organization\",\"@id\":\"https:\\\/\\\/candas365.es\\\/noticias\\\/#organization\",\"name\":\"Cand\\u00e1s 365\",\"description\":\"Cand\\u00e1s 365 es un diario digital independiente, fundado en 2012, con base en Asturias. Informamos con rigor sobre actualidad, sociedad, cultura y ocio, con una mirada local y global.\",\"url\":\"https:\\\/\\\/candas365.es\\\/noticias\\\/\",\"email\":\"info@candas365.es\",\"telephone\":\"+34652131393\",\"foundingDate\":\"2012-06-10\",\"logo\":{\"@type\":\"ImageObject\",\"url\":\"https:\\\/\\\/candas365.es\\\/noticias\\\/wp-content\\\/uploads\\\/2024\\\/09\\\/Candas-365-Redes.jpg\",\"@id\":\"https:\\\/\\\/candas365.es\\\/noticias\\\/alertan-en-alemania-de-las-consecuencias-de-bloquear-el-trafico-por-las-bodas\\\/#organizationLogo\",\"width\":1152,\"height\":864,\"caption\":\"Cand\\u00e1s 365 Redes\"},\"image\":{\"@id\":\"https:\\\/\\\/candas365.es\\\/noticias\\\/alertan-en-alemania-de-las-consecuencias-de-bloquear-el-trafico-por-las-bodas\\\/#organizationLogo\"},\"sameAs\":[\"https:\\\/\\\/www.facebook.com\\\/Nachofdezber\",\"https:\\\/\\\/x.com\\\/NabercoDigital\",\"https:\\\/\\\/www.instagram.com\\\/nachofdezber\\\/\",\"https:\\\/\\\/www.youtube.com\\\/channel\\\/UCZP-2wLEB9Rv6erhFmqVnvg\"],\"address\":{\"@id\":\"https:\\\/\\\/candas365.es\\\/noticias\\\/#postaladdress\",\"@type\":\"PostalAddress\",\"streetAddress\":\"san antonio 4, san antonio 4\",\"postalCode\":\"33430\",\"addressLocality\":\"Cand\\u00e1s\",\"addressRegion\":\"Asturias\",\"addressCountry\":\"ES\"}},{\"@type\":\"Person\",\"@id\":\"https:\\\/\\\/candas365.es\\\/noticias\\\/author\\\/admin\\\/#author\",\"url\":\"https:\\\/\\\/candas365.es\\\/noticias\\\/author\\\/admin\\\/\",\"name\":\"Cand\\u00e1s 365\",\"image\":{\"@type\":\"ImageObject\",\"@id\":\"https:\\\/\\\/candas365.es\\\/noticias\\\/alertan-en-alemania-de-las-consecuencias-de-bloquear-el-trafico-por-las-bodas\\\/#authorImage\",\"url\":\"https:\\\/\\\/secure.gravatar.com\\\/avatar\\\/496a8e03d0c493ede1718b7934145dbdf8d89be1036b0eec9544e1094c9de390?s=96&d=mm&r=g\",\"width\":96,\"height\":96,\"caption\":\"Cand\\u00e1s 365\"},\"sameAs\":[\"https:\\\/\\\/www.facebook.com\\\/carrenoactualidad\",\"https:\\\/\\\/twitter.com\\\/nbasturias\",\"https:\\\/\\\/www.instagram.com\\\/nachofdezber\\\/\",\"https:\\\/\\\/www.youtube.com\\\/channel\\\/UCZP-2wLEB9Rv6erhFmqVnvg\"]},{\"@type\":\"WebPage\",\"@id\":\"https:\\\/\\\/candas365.es\\\/noticias\\\/alertan-en-alemania-de-las-consecuencias-de-bloquear-el-trafico-por-las-bodas\\\/#webpage\",\"url\":\"https:\\\/\\\/candas365.es\\\/noticias\\\/alertan-en-alemania-de-las-consecuencias-de-bloquear-el-trafico-por-las-bodas\\\/\",\"name\":\"Alertan en Alemania de las consecuencias de bloquear el tr\\u00e1fico por las bodas | Cand\\u00e1s 365\",\"description\":\"D\\u00fcsseldorf (Alemania), 4 abr (dpa) - La polic\\u00eda alemana alert\\u00f3 hoy expresamente de las consecuencias que puede traer aparejado bloquear las carreteras para hacer fotos para un casamiento como ha ocurrido varias veces en distintos lugares del pa\\u00eds. \\\"Si se produce un accidente, los responsables se arrepentir\\u00e1n toda la vida\\\", declar\\u00f3 el portavoz de la\",\"inLanguage\":\"es-ES\",\"isPartOf\":{\"@id\":\"https:\\\/\\\/candas365.es\\\/noticias\\\/#website\"},\"breadcrumb\":{\"@id\":\"https:\\\/\\\/candas365.es\\\/noticias\\\/alertan-en-alemania-de-las-consecuencias-de-bloquear-el-trafico-por-las-bodas\\\/#breadcrumblist\"},\"author\":{\"@id\":\"https:\\\/\\\/candas365.es\\\/noticias\\\/author\\\/admin\\\/#author\"},\"creator\":{\"@id\":\"https:\\\/\\\/candas365.es\\\/noticias\\\/author\\\/admin\\\/#author\"},\"image\":{\"@type\":\"ImageObject\",\"url\":\"https:\\\/\\\/candas365.es\\\/noticias\\\/wp-content\\\/uploads\\\/2019\\\/04\\\/trafico-bodas.jpg\",\"@id\":\"https:\\\/\\\/candas365.es\\\/noticias\\\/alertan-en-alemania-de-las-consecuencias-de-bloquear-el-trafico-por-las-bodas\\\/#mainImage\",\"width\":1004,\"height\":670,\"caption\":\"Foto: Polizei D\\u00fcsseldorf\\\/dpa\"},\"primaryImageOfPage\":{\"@id\":\"https:\\\/\\\/candas365.es\\\/noticias\\\/alertan-en-alemania-de-las-consecuencias-de-bloquear-el-trafico-por-las-bodas\\\/#mainImage\"},\"datePublished\":\"2019-04-05T06:03:51+02:00\",\"dateModified\":\"2019-04-05T06:03:51+02:00\"},{\"@type\":\"WebSite\",\"@id\":\"https:\\\/\\\/candas365.es\\\/noticias\\\/#website\",\"url\":\"https:\\\/\\\/candas365.es\\\/noticias\\\/\",\"name\":\"Cand\\u00e1s 365\",\"alternateName\":\"Cand\\u00e1s 365 Noticias\",\"description\":\"Actualidad desde Carre\\u00f1o para el mundo\",\"inLanguage\":\"es-ES\",\"publisher\":{\"@id\":\"https:\\\/\\\/candas365.es\\\/noticias\\\/#organization\"}}]}\n\t\t<\/script>\n\t\t<!-- All in One SEO Pro -->\r\n\t\t<title>Alertan en Alemania de las consecuencias de bloquear el tr\u00e1fico por las bodas | Cand\u00e1s 365<\/title>\n\n","aioseo_head_json":{"title":"Alertan en Alemania de las consecuencias de bloquear el tr\u00e1fico por las bodas | Cand\u00e1s 365","description":"D\u00fcsseldorf (Alemania), 4 abr (dpa) - La polic\u00eda alemana alert\u00f3 hoy expresamente de las consecuencias que puede traer aparejado bloquear las carreteras para hacer fotos para un casamiento como ha ocurrido varias veces en distintos lugares del pa\u00eds. \"Si se produce un accidente, los responsables se arrepentir\u00e1n toda la vida\", declar\u00f3 el portavoz de la","canonical_url":"https:\/\/candas365.es\/noticias\/alertan-en-alemania-de-las-consecuencias-de-bloquear-el-trafico-por-las-bodas\/","robots":"max-image-preview:large","keywords":"sociedad","webmasterTools":{"google-site-verification":"UA-32230408-1","msvalidate.01":"354F3CDFB2DA171B47FBE9ABF1F88D5","miscellaneous":""},"schema":{"@context":"https:\/\/schema.org","@graph":[{"@type":"BreadcrumbList","@id":"https:\/\/candas365.es\/noticias\/alertan-en-alemania-de-las-consecuencias-de-bloquear-el-trafico-por-las-bodas\/#breadcrumblist","itemListElement":[{"@type":"ListItem","@id":"https:\/\/candas365.es\/noticias#listItem","position":1,"name":"Home","item":"https:\/\/candas365.es\/noticias","nextItem":{"@type":"ListItem","@id":"https:\/\/candas365.es\/noticias\/category\/sociedad\/#listItem","name":"Sociedad"}},{"@type":"ListItem","@id":"https:\/\/candas365.es\/noticias\/category\/sociedad\/#listItem","position":2,"name":"Sociedad","item":"https:\/\/candas365.es\/noticias\/category\/sociedad\/","nextItem":{"@type":"ListItem","@id":"https:\/\/candas365.es\/noticias\/alertan-en-alemania-de-las-consecuencias-de-bloquear-el-trafico-por-las-bodas\/#listItem","name":"Alertan en Alemania de las consecuencias de bloquear el tr\u00e1fico por las bodas"},"previousItem":{"@type":"ListItem","@id":"https:\/\/candas365.es\/noticias#listItem","name":"Home"}},{"@type":"ListItem","@id":"https:\/\/candas365.es\/noticias\/alertan-en-alemania-de-las-consecuencias-de-bloquear-el-trafico-por-las-bodas\/#listItem","position":3,"name":"Alertan en Alemania de las consecuencias de bloquear el tr\u00e1fico por las bodas","previousItem":{"@type":"ListItem","@id":"https:\/\/candas365.es\/noticias\/category\/sociedad\/#listItem","name":"Sociedad"}}]},{"@type":"NewsArticle","@id":"https:\/\/candas365.es\/noticias\/alertan-en-alemania-de-las-consecuencias-de-bloquear-el-trafico-por-las-bodas\/#newsarticle","name":"Alertan en Alemania de las consecuencias de bloquear el tr\u00e1fico por las bodas | Cand\u00e1s 365","headline":"Alertan en Alemania de las consecuencias de bloquear el tr\u00e1fico por las bodas","author":{"@id":"https:\/\/candas365.es\/noticias\/author\/admin\/#author"},"publisher":{"@id":"https:\/\/candas365.es\/noticias\/#organization"},"image":{"@type":"ImageObject","url":"https:\/\/candas365.es\/noticias\/wp-content\/uploads\/2019\/04\/trafico-bodas.jpg","width":1004,"height":670,"caption":"Foto: Polizei D\u00fcsseldorf\/dpa"},"datePublished":"2019-04-05T06:03:51+02:00","dateModified":"2019-04-05T06:03:51+02:00","inLanguage":"es-ES","mainEntityOfPage":{"@id":"https:\/\/candas365.es\/noticias\/alertan-en-alemania-de-las-consecuencias-de-bloquear-el-trafico-por-las-bodas\/#webpage"},"isPartOf":{"@id":"https:\/\/candas365.es\/noticias\/alertan-en-alemania-de-las-consecuencias-de-bloquear-el-trafico-por-las-bodas\/#webpage"},"articleSection":"Sociedad","dateline":"Publicado el abril 5, 2019."},{"@type":"Organization","@id":"https:\/\/candas365.es\/noticias\/#organization","name":"Cand\u00e1s 365","description":"Cand\u00e1s 365 es un diario digital independiente, fundado en 2012, con base en Asturias. Informamos con rigor sobre actualidad, sociedad, cultura y ocio, con una mirada local y global.","url":"https:\/\/candas365.es\/noticias\/","email":"info@candas365.es","telephone":"+34652131393","foundingDate":"2012-06-10","logo":{"@type":"ImageObject","url":"https:\/\/candas365.es\/noticias\/wp-content\/uploads\/2024\/09\/Candas-365-Redes.jpg","@id":"https:\/\/candas365.es\/noticias\/alertan-en-alemania-de-las-consecuencias-de-bloquear-el-trafico-por-las-bodas\/#organizationLogo","width":1152,"height":864,"caption":"Cand\u00e1s 365 Redes"},"image":{"@id":"https:\/\/candas365.es\/noticias\/alertan-en-alemania-de-las-consecuencias-de-bloquear-el-trafico-por-las-bodas\/#organizationLogo"},"sameAs":["https:\/\/www.facebook.com\/Nachofdezber","https:\/\/x.com\/NabercoDigital","https:\/\/www.instagram.com\/nachofdezber\/","https:\/\/www.youtube.com\/channel\/UCZP-2wLEB9Rv6erhFmqVnvg"],"address":{"@id":"https:\/\/candas365.es\/noticias\/#postaladdress","@type":"PostalAddress","streetAddress":"san antonio 4, san antonio 4","postalCode":"33430","addressLocality":"Cand\u00e1s","addressRegion":"Asturias","addressCountry":"ES"}},{"@type":"Person","@id":"https:\/\/candas365.es\/noticias\/author\/admin\/#author","url":"https:\/\/candas365.es\/noticias\/author\/admin\/","name":"Cand\u00e1s 365","image":{"@type":"ImageObject","@id":"https:\/\/candas365.es\/noticias\/alertan-en-alemania-de-las-consecuencias-de-bloquear-el-trafico-por-las-bodas\/#authorImage","url":"https:\/\/secure.gravatar.com\/avatar\/496a8e03d0c493ede1718b7934145dbdf8d89be1036b0eec9544e1094c9de390?s=96&d=mm&r=g","width":96,"height":96,"caption":"Cand\u00e1s 365"},"sameAs":["https:\/\/www.facebook.com\/carrenoactualidad","https:\/\/twitter.com\/nbasturias","https:\/\/www.instagram.com\/nachofdezber\/","https:\/\/www.youtube.com\/channel\/UCZP-2wLEB9Rv6erhFmqVnvg"]},{"@type":"WebPage","@id":"https:\/\/candas365.es\/noticias\/alertan-en-alemania-de-las-consecuencias-de-bloquear-el-trafico-por-las-bodas\/#webpage","url":"https:\/\/candas365.es\/noticias\/alertan-en-alemania-de-las-consecuencias-de-bloquear-el-trafico-por-las-bodas\/","name":"Alertan en Alemania de las consecuencias de bloquear el tr\u00e1fico por las bodas | Cand\u00e1s 365","description":"D\u00fcsseldorf (Alemania), 4 abr (dpa) - La polic\u00eda alemana alert\u00f3 hoy expresamente de las consecuencias que puede traer aparejado bloquear las carreteras para hacer fotos para un casamiento como ha ocurrido varias veces en distintos lugares del pa\u00eds. \"Si se produce un accidente, los responsables se arrepentir\u00e1n toda la vida\", declar\u00f3 el portavoz de la","inLanguage":"es-ES","isPartOf":{"@id":"https:\/\/candas365.es\/noticias\/#website"},"breadcrumb":{"@id":"https:\/\/candas365.es\/noticias\/alertan-en-alemania-de-las-consecuencias-de-bloquear-el-trafico-por-las-bodas\/#breadcrumblist"},"author":{"@id":"https:\/\/candas365.es\/noticias\/author\/admin\/#author"},"creator":{"@id":"https:\/\/candas365.es\/noticias\/author\/admin\/#author"},"image":{"@type":"ImageObject","url":"https:\/\/candas365.es\/noticias\/wp-content\/uploads\/2019\/04\/trafico-bodas.jpg","@id":"https:\/\/candas365.es\/noticias\/alertan-en-alemania-de-las-consecuencias-de-bloquear-el-trafico-por-las-bodas\/#mainImage","width":1004,"height":670,"caption":"Foto: Polizei D\u00fcsseldorf\/dpa"},"primaryImageOfPage":{"@id":"https:\/\/candas365.es\/noticias\/alertan-en-alemania-de-las-consecuencias-de-bloquear-el-trafico-por-las-bodas\/#mainImage"},"datePublished":"2019-04-05T06:03:51+02:00","dateModified":"2019-04-05T06:03:51+02:00"},{"@type":"WebSite","@id":"https:\/\/candas365.es\/noticias\/#website","url":"https:\/\/candas365.es\/noticias\/","name":"Cand\u00e1s 365","alternateName":"Cand\u00e1s 365 Noticias","description":"Actualidad desde Carre\u00f1o para el mundo","inLanguage":"es-ES","publisher":{"@id":"https:\/\/candas365.es\/noticias\/#organization"}}]},"og:locale":"es_ES","og:site_name":"Cand\u00e1s 365","og:type":"article","og:title":"Alertan en Alemania de las consecuencias de bloquear el tr\u00e1fico por las bodas | Cand\u00e1s 365","og:description":"D\u00fcsseldorf (Alemania), 4 abr (dpa) - La polic\u00eda alemana alert\u00f3 hoy expresamente de las consecuencias que puede traer aparejado bloquear las carreteras para hacer fotos para un casamiento como ha ocurrido varias veces en distintos lugares del pa\u00eds. &quot;Si se produce un accidente, los responsables se arrepentir\u00e1n toda la vida&quot;, declar\u00f3 el portavoz de la","og:url":"https:\/\/candas365.es\/noticias\/alertan-en-alemania-de-las-consecuencias-de-bloquear-el-trafico-por-las-bodas\/","og:image":"https:\/\/candas365.es\/noticias\/wp-content\/uploads\/2019\/04\/trafico-bodas.jpg","og:image:secure_url":"https:\/\/candas365.es\/noticias\/wp-content\/uploads\/2019\/04\/trafico-bodas.jpg","og:image:width":1004,"og:image:height":670,"article:published_time":"2019-04-05T06:03:51+00:00","article:modified_time":"2019-04-05T06:03:51+00:00","article:publisher":"https:\/\/www.facebook.com\/Nachofdezber","article:author":"https:\/\/www.facebook.com\/carrenoactualidad","twitter:card":"summary_large_image","twitter:site":"@NabercoDigital","twitter:title":"Alertan en Alemania de las consecuencias de bloquear el tr\u00e1fico por las bodas | Cand\u00e1s 365","twitter:description":"D\u00fcsseldorf (Alemania), 4 abr (dpa) - La polic\u00eda alemana alert\u00f3 hoy expresamente de las consecuencias que puede traer aparejado bloquear las carreteras para hacer fotos para un casamiento como ha ocurrido varias veces en distintos lugares del pa\u00eds. &quot;Si se produce un accidente, los responsables se arrepentir\u00e1n toda la vida&quot;, declar\u00f3 el portavoz de la","twitter:creator":"@nbasturias","twitter:image":"https:\/\/candas365.es\/noticias\/wp-content\/uploads\/2019\/04\/trafico-bodas.jpg","twitter:label1":"Escrito por","twitter:data1":"Cand\u00e1s 365","twitter:label2":"Tiempo de lectura estimado","twitter:data2":"2 minutos"},"aioseo_meta_data":{"post_id":"120042","title":null,"description":null,"keywords":null,"keyphrases":null,"primary_term":null,"canonical_url":null,"og_title":null,"og_description":null,"og_object_type":"default","og_image_type":"default","og_image_url":null,"og_image_width":null,"og_image_height":null,"og_image_custom_url":null,"og_image_custom_fields":null,"og_video":null,"og_custom_url":null,"og_article_section":null,"og_article_tags":null,"twitter_use_og":false,"twitter_card":"default","twitter_image_type":"default","twitter_image_url":null,"twitter_image_custom_url":null,"twitter_image_custom_fields":null,"twitter_title":null,"twitter_description":null,"schema":{"blockGraphs":[],"customGraphs":[],"default":{"data":{"Article":[],"Course":[],"Dataset":[],"FAQPage":[],"Movie":[],"Person":[],"Product":[],"ProductReview":[],"Car":[],"Recipe":[],"Service":[],"SoftwareApplication":[],"WebPage":[]},"graphName":"","isEnabled":true},"graphs":[],"defaultGraph":"","defaultPostTypeGraph":""},"schema_type":null,"schema_type_options":null,"pillar_content":false,"robots_default":true,"robots_noindex":false,"robots_noarchive":false,"robots_nosnippet":false,"robots_nofollow":false,"robots_noimageindex":false,"robots_noodp":false,"robots_notranslate":false,"robots_max_snippet":null,"robots_max_videopreview":null,"robots_max_imagepreview":"large","priority":null,"frequency":null,"location":null,"local_seo":null,"seo_analyzer_scan_date":"2025-08-29 16:18:31","breadcrumb_settings":null,"limit_modified_date":false,"reviewed_by":null,"open_ai":null,"ai":null,"created":"2020-12-21 10:59:11","updated":"2025-08-29 16:18:31"},"aioseo_breadcrumb":"<div class=\"aioseo-breadcrumbs\"><span class=\"aioseo-breadcrumb\">\n\t<a href=\"https:\/\/candas365.es\/noticias\" title=\"Home\">Home<\/a>\n<\/span><span class=\"aioseo-breadcrumb-separator\">&ndash;<\/span><span class=\"aioseo-breadcrumb\">\n\t<a href=\"https:\/\/candas365.es\/noticias\/category\/sociedad\/\" title=\"Sociedad\">Sociedad<\/a>\n<\/span><span class=\"aioseo-breadcrumb-separator\">&ndash;<\/span><span class=\"aioseo-breadcrumb\">\n\tAlertan en Alemania de las consecuencias de bloquear el tr\u00e1fico por las bodas\n<\/span><\/div>","aioseo_breadcrumb_json":[{"label":"Home","link":"https:\/\/candas365.es\/noticias"},{"label":"Sociedad","link":"https:\/\/candas365.es\/noticias\/category\/sociedad\/"},{"label":"Alertan en Alemania de las consecuencias de bloquear el tr\u00e1fico por las bodas","link":"https:\/\/candas365.es\/noticias\/alertan-en-alemania-de-las-consecuencias-de-bloquear-el-trafico-por-las-bodas\/"}],"_links":{"self":[{"href":"https:\/\/candas365.es\/noticias\/wp-json\/wp\/v2\/posts\/120042","targetHints":{"allow":["GET"]}}],"collection":[{"href":"https:\/\/candas365.es\/noticias\/wp-json\/wp\/v2\/posts"}],"about":[{"href":"https:\/\/candas365.es\/noticias\/wp-json\/wp\/v2\/types\/post"}],"author":[{"embeddable":true,"href":"https:\/\/candas365.es\/noticias\/wp-json\/wp\/v2\/users\/1"}],"replies":[{"embeddable":true,"href":"https:\/\/candas365.es\/noticias\/wp-json\/wp\/v2\/comments?post=120042"}],"version-history":[{"count":0,"href":"https:\/\/candas365.es\/noticias\/wp-json\/wp\/v2\/posts\/120042\/revisions"}],"wp:featuredmedia":[{"embeddable":true,"href":"https:\/\/candas365.es\/noticias\/wp-json\/wp\/v2\/media\/120043"}],"wp:attachment":[{"href":"https:\/\/candas365.es\/noticias\/wp-json\/wp\/v2\/media?parent=120042"}],"wp:term":[{"taxonomy":"category","embeddable":true,"href":"https:\/\/candas365.es\/noticias\/wp-json\/wp\/v2\/categories?post=120042"},{"taxonomy":"post_tag","embeddable":true,"href":"https:\/\/candas365.es\/noticias\/wp-json\/wp\/v2\/tags?post=120042"}],"curies":[{"name":"wp","href":"https:\/\/api.w.org\/{rel}","templated":true}]}}