{"id":119878,"date":"2019-04-02T12:53:54","date_gmt":"2019-04-02T12:53:54","guid":{"rendered":"http:\/\/candas365.es\/noticias\/?p=119878"},"modified":"2019-04-02T12:53:54","modified_gmt":"2019-04-02T12:53:54","slug":"alejandra-martinez-es-urgente-que-se-realice-el-dragado-del-puerto-de-candas","status":"publish","type":"post","link":"https:\/\/candas365.es\/noticias\/alejandra-martinez-es-urgente-que-se-realice-el-dragado-del-puerto-de-candas\/","title":{"rendered":"Alejandra Mart\u00ednez: \u201cEs urgente que se realice el dragado del puerto de Cand\u00e1s\u201d"},"content":{"rendered":"<p><img fetchpriority=\"high\" decoding=\"async\" class=\"alignleft size-medium wp-image-119879\" src=\"https:\/\/candas365.es\/noticias\/wp-content\/uploads\/2019\/04\/puerto-cand\u00e1s-1-360x203.jpeg\" alt=\"\" width=\"360\" height=\"203\" srcset=\"https:\/\/candas365.es\/noticias\/wp-content\/uploads\/2019\/04\/puerto-cand\u00e1s-1-360x203.jpeg 360w, https:\/\/candas365.es\/noticias\/wp-content\/uploads\/2019\/04\/puerto-cand\u00e1s-1-768x432.jpeg 768w, https:\/\/candas365.es\/noticias\/wp-content\/uploads\/2019\/04\/puerto-cand\u00e1s-1-655x368.jpeg 655w, https:\/\/candas365.es\/noticias\/wp-content\/uploads\/2019\/04\/puerto-cand\u00e1s-1-696x392.jpeg 696w, https:\/\/candas365.es\/noticias\/wp-content\/uploads\/2019\/04\/puerto-cand\u00e1s-1-1068x601.jpeg 1068w, https:\/\/candas365.es\/noticias\/wp-content\/uploads\/2019\/04\/puerto-cand\u00e1s-1-747x420.jpeg 747w, https:\/\/candas365.es\/noticias\/wp-content\/uploads\/2019\/04\/puerto-cand\u00e1s-1.jpeg 1600w\" sizes=\"(max-width: 360px) 100vw, 360px\" \/>La presidenta de FORO Carre\u00f1o y candidata a la Alcald\u00eda, Alejandra Mart\u00ednez, ha anunciado esta ma\u00f1ana que \u201cFORO Carre\u00f1o urge el dragado del puerto de Cand\u00e1s antes de que llegue el verano para evitar que la limpieza de los fondos afecte a la temporada de ba\u00f1os\u201d y record\u00f3 que en dragados anteriores los ba\u00f1istas ya demostraron su descontento al verse afectados los ba\u00f1os por las labores de dragado.<\/p>\n<p>Alejandra Mart\u00edbnez ha explicado que \u201cparece ser una semana de pocos peces para las embarcaciones pesqueras de Cand\u00e1s y ya no s\u00f3lo por el reparto injusto de la xarda sino que, por si esto fuera poco, para caldear los \u00e1nimos de los pescadores nos comunican que el proyecto para dragar el puerto ha quedado en estudio\u201d. \u201cEl Director General de Infraestructuras, Jos\u00e9 Mar\u00eda Pertierra, anunci\u00f3 que el fondo de la ensenada candasina est\u00e1 contaminada y por ese motivo de momento tampoco parece que ser\u00e1 posible realizar el dragado\u201d, explic\u00f3 la portavoz forista en el concejo, seg\u00fan quien \u201cteniendo en cuenta que las embarcaciones pequeras a d\u00eda de hoy tienen que esperar a que haya marea alta par poder acceder y salir de la bocana, resulta algo totalmente necesaria esta actuaci\u00f3n\u201d. Mart\u00ednez a\u00f1adi\u00f3 que \u201cno es solo un problema para las embarcaciones de pesca, las de recreo, que pagan un amarre en el puerto de Cand\u00e1s, tambi\u00e9n se ven afectadas ya que en marea baja quedan varadas en una marina seca\u201d.<\/p>\n<p>Para la presidenta de FORO Carre\u00f1o y candidata a la Alcald\u00eda del concejo, \u201csi efectivamente en las \u00faltimas prospecciones se han detectado sustancias contaminantes hay que informar a la ciudadan\u00eda y ejecutar cuando antes el saneamiento de esos lodos\u201d. \u201cParece que la Administraci\u00f3n cuando mira hacia Carre\u00f1o resuelve a modo de excusas y no aporta soluciones firmes\u201d, concluy\u00f3 Alejandra Mart\u00ednez.<\/p>\n","protected":false},"excerpt":{"rendered":"<p>La presidenta de FORO Carre\u00f1o y candidata a la Alcald\u00eda, Alejandra Mart\u00ednez, ha anunciado esta ma\u00f1ana que \u201cFORO Carre\u00f1o urge el dragado del puerto de Cand\u00e1s antes de que llegue el verano para evitar que la limpieza de los fondos afecte a la temporada de ba\u00f1os\u201d y record\u00f3 que en dragados anteriores los ba\u00f1istas ya<\/p>\n","protected":false},"author":1,"featured_media":119879,"comment_status":"closed","ping_status":"closed","sticky":false,"template":"","format":"standard","meta":{"footnotes":""},"categories":[2],"tags":[],"class_list":{"0":"post-119878","1":"post","2":"type-post","3":"status-publish","4":"format-standard","5":"has-post-thumbnail","7":"category-noticias-carreno"},"aioseo_notices":[],"aioseo_head":"\n\t\t<!-- All in One SEO Pro 4.9.6.2 - aioseo.com -->\n\t<meta name=\"description\" content=\"La presidenta de FORO Carre\u00f1o y candidata a la Alcald\u00eda, Alejandra Mart\u00ednez, ha anunciado esta ma\u00f1ana que \u201cFORO Carre\u00f1o urge el dragado del puerto de Cand\u00e1s antes de que llegue el verano para evitar que la limpieza de los fondos afecte a la temporada de ba\u00f1os\u201d y record\u00f3 que en dragados anteriores los ba\u00f1istas ya\" \/>\n\t<meta name=\"robots\" content=\"max-image-preview:large\" \/>\n\t<meta name=\"author\" content=\"Cand\u00e1s 365\"\/>\n\t<meta name=\"google-site-verification\" content=\"UA-32230408-1\" \/>\n\t<meta name=\"msvalidate.01\" content=\"354F3CDFB2DA171B47FBE9ABF1F88D5\" \/>\n\t<meta name=\"keywords\" content=\"noticias carre\u00f1o\" \/>\n\t<link rel=\"canonical\" href=\"https:\/\/candas365.es\/noticias\/alejandra-martinez-es-urgente-que-se-realice-el-dragado-del-puerto-de-candas\/\" \/>\n\t<meta name=\"generator\" content=\"All in One SEO Pro (AIOSEO) 4.9.6.2\" \/>\n\t\t<meta property=\"og:locale\" content=\"es_ES\" \/>\n\t\t<meta property=\"og:site_name\" content=\"Cand\u00e1s 365\" \/>\n\t\t<meta property=\"og:type\" content=\"article\" \/>\n\t\t<meta property=\"og:title\" content=\"Alejandra Mart\u00ednez: \u201cEs urgente que se realice el dragado del puerto de Cand\u00e1s\u201d | Cand\u00e1s 365\" \/>\n\t\t<meta property=\"og:description\" content=\"La presidenta de FORO Carre\u00f1o y candidata a la Alcald\u00eda, Alejandra Mart\u00ednez, ha anunciado esta ma\u00f1ana que \u201cFORO Carre\u00f1o urge el dragado del puerto de Cand\u00e1s antes de que llegue el verano para evitar que la limpieza de los fondos afecte a la temporada de ba\u00f1os\u201d y record\u00f3 que en dragados anteriores los ba\u00f1istas ya\" \/>\n\t\t<meta property=\"og:url\" content=\"https:\/\/candas365.es\/noticias\/alejandra-martinez-es-urgente-que-se-realice-el-dragado-del-puerto-de-candas\/\" \/>\n\t\t<meta property=\"og:image\" content=\"https:\/\/candas365.es\/noticias\/wp-content\/uploads\/2019\/04\/puerto-cand\u00e1s-1.jpeg\" \/>\n\t\t<meta property=\"og:image:secure_url\" content=\"https:\/\/candas365.es\/noticias\/wp-content\/uploads\/2019\/04\/puerto-cand\u00e1s-1.jpeg\" \/>\n\t\t<meta property=\"og:image:width\" content=\"1600\" \/>\n\t\t<meta property=\"og:image:height\" content=\"900\" \/>\n\t\t<meta property=\"article:published_time\" content=\"2019-04-02T12:53:54+00:00\" \/>\n\t\t<meta property=\"article:modified_time\" content=\"2019-04-02T12:53:54+00:00\" \/>\n\t\t<meta property=\"article:publisher\" content=\"https:\/\/www.facebook.com\/Nachofdezber\" \/>\n\t\t<meta property=\"article:author\" content=\"https:\/\/www.facebook.com\/carrenoactualidad\" \/>\n\t\t<meta name=\"twitter:card\" content=\"summary_large_image\" \/>\n\t\t<meta name=\"twitter:site\" content=\"@NabercoDigital\" \/>\n\t\t<meta name=\"twitter:title\" content=\"Alejandra Mart\u00ednez: \u201cEs urgente que se realice el dragado del puerto de Cand\u00e1s\u201d | Cand\u00e1s 365\" \/>\n\t\t<meta name=\"twitter:description\" content=\"La presidenta de FORO Carre\u00f1o y candidata a la Alcald\u00eda, Alejandra Mart\u00ednez, ha anunciado esta ma\u00f1ana que \u201cFORO Carre\u00f1o urge el dragado del puerto de Cand\u00e1s antes de que llegue el verano para evitar que la limpieza de los fondos afecte a la temporada de ba\u00f1os\u201d y record\u00f3 que en dragados anteriores los ba\u00f1istas ya\" \/>\n\t\t<meta name=\"twitter:creator\" content=\"@nbasturias\" \/>\n\t\t<meta name=\"twitter:image\" content=\"https:\/\/candas365.es\/noticias\/wp-content\/uploads\/2019\/04\/puerto-cand\u00e1s-1.jpeg\" \/>\n\t\t<meta name=\"twitter:label1\" content=\"Escrito por\" \/>\n\t\t<meta name=\"twitter:data1\" content=\"Cand\u00e1s 365\" \/>\n\t\t<meta name=\"twitter:label2\" content=\"Tiempo de lectura estimado\" \/>\n\t\t<meta name=\"twitter:data2\" content=\"2 minutos\" \/>\n\t\t<script type=\"application\/ld+json\" class=\"aioseo-schema\">\n\t\t\t{\"@context\":\"https:\\\/\\\/schema.org\",\"@graph\":[{\"@type\":\"BreadcrumbList\",\"@id\":\"https:\\\/\\\/candas365.es\\\/noticias\\\/alejandra-martinez-es-urgente-que-se-realice-el-dragado-del-puerto-de-candas\\\/#breadcrumblist\",\"itemListElement\":[{\"@type\":\"ListItem\",\"@id\":\"https:\\\/\\\/candas365.es\\\/noticias#listItem\",\"position\":1,\"name\":\"Home\",\"item\":\"https:\\\/\\\/candas365.es\\\/noticias\",\"nextItem\":{\"@type\":\"ListItem\",\"@id\":\"https:\\\/\\\/candas365.es\\\/noticias\\\/category\\\/noticias-carreno\\\/#listItem\",\"name\":\"Noticias Carre\\u00f1o\"}},{\"@type\":\"ListItem\",\"@id\":\"https:\\\/\\\/candas365.es\\\/noticias\\\/category\\\/noticias-carreno\\\/#listItem\",\"position\":2,\"name\":\"Noticias Carre\\u00f1o\",\"item\":\"https:\\\/\\\/candas365.es\\\/noticias\\\/category\\\/noticias-carreno\\\/\",\"nextItem\":{\"@type\":\"ListItem\",\"@id\":\"https:\\\/\\\/candas365.es\\\/noticias\\\/alejandra-martinez-es-urgente-que-se-realice-el-dragado-del-puerto-de-candas\\\/#listItem\",\"name\":\"Alejandra Mart\\u00ednez: \\u201cEs urgente que se realice el dragado del puerto de Cand\\u00e1s\\u201d\"},\"previousItem\":{\"@type\":\"ListItem\",\"@id\":\"https:\\\/\\\/candas365.es\\\/noticias#listItem\",\"name\":\"Home\"}},{\"@type\":\"ListItem\",\"@id\":\"https:\\\/\\\/candas365.es\\\/noticias\\\/alejandra-martinez-es-urgente-que-se-realice-el-dragado-del-puerto-de-candas\\\/#listItem\",\"position\":3,\"name\":\"Alejandra Mart\\u00ednez: \\u201cEs urgente que se realice el dragado del puerto de Cand\\u00e1s\\u201d\",\"previousItem\":{\"@type\":\"ListItem\",\"@id\":\"https:\\\/\\\/candas365.es\\\/noticias\\\/category\\\/noticias-carreno\\\/#listItem\",\"name\":\"Noticias Carre\\u00f1o\"}}]},{\"@type\":\"NewsArticle\",\"@id\":\"https:\\\/\\\/candas365.es\\\/noticias\\\/alejandra-martinez-es-urgente-que-se-realice-el-dragado-del-puerto-de-candas\\\/#newsarticle\",\"name\":\"Alejandra Mart\\u00ednez: \\u201cEs urgente que se realice el dragado del puerto de Cand\\u00e1s\\u201d | Cand\\u00e1s 365\",\"headline\":\"Alejandra Mart\\u00ednez: \\u201cEs urgente que se realice el dragado del puerto de Cand\\u00e1s\\u201d\",\"author\":{\"@id\":\"https:\\\/\\\/candas365.es\\\/noticias\\\/author\\\/admin\\\/#author\"},\"publisher\":{\"@id\":\"https:\\\/\\\/candas365.es\\\/noticias\\\/#organization\"},\"image\":{\"@type\":\"ImageObject\",\"url\":\"https:\\\/\\\/candas365.es\\\/noticias\\\/wp-content\\\/uploads\\\/2019\\\/04\\\/puerto-cand\\u00e1s-1.jpeg\",\"width\":1600,\"height\":900},\"datePublished\":\"2019-04-02T12:53:54+02:00\",\"dateModified\":\"2019-04-02T12:53:54+02:00\",\"inLanguage\":\"es-ES\",\"mainEntityOfPage\":{\"@id\":\"https:\\\/\\\/candas365.es\\\/noticias\\\/alejandra-martinez-es-urgente-que-se-realice-el-dragado-del-puerto-de-candas\\\/#webpage\"},\"isPartOf\":{\"@id\":\"https:\\\/\\\/candas365.es\\\/noticias\\\/alejandra-martinez-es-urgente-que-se-realice-el-dragado-del-puerto-de-candas\\\/#webpage\"},\"articleSection\":\"Noticias Carre\\u00f1o\",\"dateline\":\"Publicado el abril 2, 2019.\"},{\"@type\":\"Organization\",\"@id\":\"https:\\\/\\\/candas365.es\\\/noticias\\\/#organization\",\"name\":\"Cand\\u00e1s 365\",\"description\":\"Cand\\u00e1s 365 es un diario digital independiente, fundado en 2012, con base en Asturias. Informamos con rigor sobre actualidad, sociedad, cultura y ocio, con una mirada local y global.\",\"url\":\"https:\\\/\\\/candas365.es\\\/noticias\\\/\",\"email\":\"info@candas365.es\",\"telephone\":\"+34652131393\",\"foundingDate\":\"2012-06-10\",\"logo\":{\"@type\":\"ImageObject\",\"url\":\"https:\\\/\\\/candas365.es\\\/noticias\\\/wp-content\\\/uploads\\\/2024\\\/09\\\/Candas-365-Redes.jpg\",\"@id\":\"https:\\\/\\\/candas365.es\\\/noticias\\\/alejandra-martinez-es-urgente-que-se-realice-el-dragado-del-puerto-de-candas\\\/#organizationLogo\",\"width\":1152,\"height\":864,\"caption\":\"Cand\\u00e1s 365 Redes\"},\"image\":{\"@id\":\"https:\\\/\\\/candas365.es\\\/noticias\\\/alejandra-martinez-es-urgente-que-se-realice-el-dragado-del-puerto-de-candas\\\/#organizationLogo\"},\"sameAs\":[\"https:\\\/\\\/www.facebook.com\\\/Nachofdezber\",\"https:\\\/\\\/x.com\\\/NabercoDigital\",\"https:\\\/\\\/www.instagram.com\\\/nachofdezber\\\/\",\"https:\\\/\\\/www.youtube.com\\\/channel\\\/UCZP-2wLEB9Rv6erhFmqVnvg\"],\"address\":{\"@id\":\"https:\\\/\\\/candas365.es\\\/noticias\\\/#postaladdress\",\"@type\":\"PostalAddress\",\"streetAddress\":\"san antonio 4, san antonio 4\",\"postalCode\":\"33430\",\"addressLocality\":\"Cand\\u00e1s\",\"addressRegion\":\"Asturias\",\"addressCountry\":\"ES\"}},{\"@type\":\"Person\",\"@id\":\"https:\\\/\\\/candas365.es\\\/noticias\\\/author\\\/admin\\\/#author\",\"url\":\"https:\\\/\\\/candas365.es\\\/noticias\\\/author\\\/admin\\\/\",\"name\":\"Cand\\u00e1s 365\",\"image\":{\"@type\":\"ImageObject\",\"@id\":\"https:\\\/\\\/candas365.es\\\/noticias\\\/alejandra-martinez-es-urgente-que-se-realice-el-dragado-del-puerto-de-candas\\\/#authorImage\",\"url\":\"https:\\\/\\\/secure.gravatar.com\\\/avatar\\\/496a8e03d0c493ede1718b7934145dbdf8d89be1036b0eec9544e1094c9de390?s=96&d=mm&r=g\",\"width\":96,\"height\":96,\"caption\":\"Cand\\u00e1s 365\"},\"sameAs\":[\"https:\\\/\\\/www.facebook.com\\\/carrenoactualidad\",\"https:\\\/\\\/twitter.com\\\/nbasturias\",\"https:\\\/\\\/www.instagram.com\\\/nachofdezber\\\/\",\"https:\\\/\\\/www.youtube.com\\\/channel\\\/UCZP-2wLEB9Rv6erhFmqVnvg\"]},{\"@type\":\"WebPage\",\"@id\":\"https:\\\/\\\/candas365.es\\\/noticias\\\/alejandra-martinez-es-urgente-que-se-realice-el-dragado-del-puerto-de-candas\\\/#webpage\",\"url\":\"https:\\\/\\\/candas365.es\\\/noticias\\\/alejandra-martinez-es-urgente-que-se-realice-el-dragado-del-puerto-de-candas\\\/\",\"name\":\"Alejandra Mart\\u00ednez: \\u201cEs urgente que se realice el dragado del puerto de Cand\\u00e1s\\u201d | Cand\\u00e1s 365\",\"description\":\"La presidenta de FORO Carre\\u00f1o y candidata a la Alcald\\u00eda, Alejandra Mart\\u00ednez, ha anunciado esta ma\\u00f1ana que \\u201cFORO Carre\\u00f1o urge el dragado del puerto de Cand\\u00e1s antes de que llegue el verano para evitar que la limpieza de los fondos afecte a la temporada de ba\\u00f1os\\u201d y record\\u00f3 que en dragados anteriores los ba\\u00f1istas ya\",\"inLanguage\":\"es-ES\",\"isPartOf\":{\"@id\":\"https:\\\/\\\/candas365.es\\\/noticias\\\/#website\"},\"breadcrumb\":{\"@id\":\"https:\\\/\\\/candas365.es\\\/noticias\\\/alejandra-martinez-es-urgente-que-se-realice-el-dragado-del-puerto-de-candas\\\/#breadcrumblist\"},\"author\":{\"@id\":\"https:\\\/\\\/candas365.es\\\/noticias\\\/author\\\/admin\\\/#author\"},\"creator\":{\"@id\":\"https:\\\/\\\/candas365.es\\\/noticias\\\/author\\\/admin\\\/#author\"},\"image\":{\"@type\":\"ImageObject\",\"url\":\"https:\\\/\\\/candas365.es\\\/noticias\\\/wp-content\\\/uploads\\\/2019\\\/04\\\/puerto-cand\\u00e1s-1.jpeg\",\"@id\":\"https:\\\/\\\/candas365.es\\\/noticias\\\/alejandra-martinez-es-urgente-que-se-realice-el-dragado-del-puerto-de-candas\\\/#mainImage\",\"width\":1600,\"height\":900},\"primaryImageOfPage\":{\"@id\":\"https:\\\/\\\/candas365.es\\\/noticias\\\/alejandra-martinez-es-urgente-que-se-realice-el-dragado-del-puerto-de-candas\\\/#mainImage\"},\"datePublished\":\"2019-04-02T12:53:54+02:00\",\"dateModified\":\"2019-04-02T12:53:54+02:00\"},{\"@type\":\"WebSite\",\"@id\":\"https:\\\/\\\/candas365.es\\\/noticias\\\/#website\",\"url\":\"https:\\\/\\\/candas365.es\\\/noticias\\\/\",\"name\":\"Cand\\u00e1s 365\",\"alternateName\":\"Cand\\u00e1s 365 Noticias\",\"description\":\"Actualidad desde Carre\\u00f1o para el mundo\",\"inLanguage\":\"es-ES\",\"publisher\":{\"@id\":\"https:\\\/\\\/candas365.es\\\/noticias\\\/#organization\"}}]}\n\t\t<\/script>\n\t\t<!-- All in One SEO Pro -->\r\n\t\t<title>Alejandra Mart\u00ednez: \u201cEs urgente que se realice el dragado del puerto de Cand\u00e1s\u201d | Cand\u00e1s 365<\/title>\n\n","aioseo_head_json":{"title":"Alejandra Mart\u00ednez: \u201cEs urgente que se realice el dragado del puerto de Cand\u00e1s\u201d | Cand\u00e1s 365","description":"La presidenta de FORO Carre\u00f1o y candidata a la Alcald\u00eda, Alejandra Mart\u00ednez, ha anunciado esta ma\u00f1ana que \u201cFORO Carre\u00f1o urge el dragado del puerto de Cand\u00e1s antes de que llegue el verano para evitar que la limpieza de los fondos afecte a la temporada de ba\u00f1os\u201d y record\u00f3 que en dragados anteriores los ba\u00f1istas ya","canonical_url":"https:\/\/candas365.es\/noticias\/alejandra-martinez-es-urgente-que-se-realice-el-dragado-del-puerto-de-candas\/","robots":"max-image-preview:large","keywords":"noticias carre\u00f1o","webmasterTools":{"google-site-verification":"UA-32230408-1","msvalidate.01":"354F3CDFB2DA171B47FBE9ABF1F88D5","miscellaneous":""},"schema":{"@context":"https:\/\/schema.org","@graph":[{"@type":"BreadcrumbList","@id":"https:\/\/candas365.es\/noticias\/alejandra-martinez-es-urgente-que-se-realice-el-dragado-del-puerto-de-candas\/#breadcrumblist","itemListElement":[{"@type":"ListItem","@id":"https:\/\/candas365.es\/noticias#listItem","position":1,"name":"Home","item":"https:\/\/candas365.es\/noticias","nextItem":{"@type":"ListItem","@id":"https:\/\/candas365.es\/noticias\/category\/noticias-carreno\/#listItem","name":"Noticias Carre\u00f1o"}},{"@type":"ListItem","@id":"https:\/\/candas365.es\/noticias\/category\/noticias-carreno\/#listItem","position":2,"name":"Noticias Carre\u00f1o","item":"https:\/\/candas365.es\/noticias\/category\/noticias-carreno\/","nextItem":{"@type":"ListItem","@id":"https:\/\/candas365.es\/noticias\/alejandra-martinez-es-urgente-que-se-realice-el-dragado-del-puerto-de-candas\/#listItem","name":"Alejandra Mart\u00ednez: \u201cEs urgente que se realice el dragado del puerto de Cand\u00e1s\u201d"},"previousItem":{"@type":"ListItem","@id":"https:\/\/candas365.es\/noticias#listItem","name":"Home"}},{"@type":"ListItem","@id":"https:\/\/candas365.es\/noticias\/alejandra-martinez-es-urgente-que-se-realice-el-dragado-del-puerto-de-candas\/#listItem","position":3,"name":"Alejandra Mart\u00ednez: \u201cEs urgente que se realice el dragado del puerto de Cand\u00e1s\u201d","previousItem":{"@type":"ListItem","@id":"https:\/\/candas365.es\/noticias\/category\/noticias-carreno\/#listItem","name":"Noticias Carre\u00f1o"}}]},{"@type":"NewsArticle","@id":"https:\/\/candas365.es\/noticias\/alejandra-martinez-es-urgente-que-se-realice-el-dragado-del-puerto-de-candas\/#newsarticle","name":"Alejandra Mart\u00ednez: \u201cEs urgente que se realice el dragado del puerto de Cand\u00e1s\u201d | Cand\u00e1s 365","headline":"Alejandra Mart\u00ednez: \u201cEs urgente que se realice el dragado del puerto de Cand\u00e1s\u201d","author":{"@id":"https:\/\/candas365.es\/noticias\/author\/admin\/#author"},"publisher":{"@id":"https:\/\/candas365.es\/noticias\/#organization"},"image":{"@type":"ImageObject","url":"https:\/\/candas365.es\/noticias\/wp-content\/uploads\/2019\/04\/puerto-cand\u00e1s-1.jpeg","width":1600,"height":900},"datePublished":"2019-04-02T12:53:54+02:00","dateModified":"2019-04-02T12:53:54+02:00","inLanguage":"es-ES","mainEntityOfPage":{"@id":"https:\/\/candas365.es\/noticias\/alejandra-martinez-es-urgente-que-se-realice-el-dragado-del-puerto-de-candas\/#webpage"},"isPartOf":{"@id":"https:\/\/candas365.es\/noticias\/alejandra-martinez-es-urgente-que-se-realice-el-dragado-del-puerto-de-candas\/#webpage"},"articleSection":"Noticias Carre\u00f1o","dateline":"Publicado el abril 2, 2019."},{"@type":"Organization","@id":"https:\/\/candas365.es\/noticias\/#organization","name":"Cand\u00e1s 365","description":"Cand\u00e1s 365 es un diario digital independiente, fundado en 2012, con base en Asturias. Informamos con rigor sobre actualidad, sociedad, cultura y ocio, con una mirada local y global.","url":"https:\/\/candas365.es\/noticias\/","email":"info@candas365.es","telephone":"+34652131393","foundingDate":"2012-06-10","logo":{"@type":"ImageObject","url":"https:\/\/candas365.es\/noticias\/wp-content\/uploads\/2024\/09\/Candas-365-Redes.jpg","@id":"https:\/\/candas365.es\/noticias\/alejandra-martinez-es-urgente-que-se-realice-el-dragado-del-puerto-de-candas\/#organizationLogo","width":1152,"height":864,"caption":"Cand\u00e1s 365 Redes"},"image":{"@id":"https:\/\/candas365.es\/noticias\/alejandra-martinez-es-urgente-que-se-realice-el-dragado-del-puerto-de-candas\/#organizationLogo"},"sameAs":["https:\/\/www.facebook.com\/Nachofdezber","https:\/\/x.com\/NabercoDigital","https:\/\/www.instagram.com\/nachofdezber\/","https:\/\/www.youtube.com\/channel\/UCZP-2wLEB9Rv6erhFmqVnvg"],"address":{"@id":"https:\/\/candas365.es\/noticias\/#postaladdress","@type":"PostalAddress","streetAddress":"san antonio 4, san antonio 4","postalCode":"33430","addressLocality":"Cand\u00e1s","addressRegion":"Asturias","addressCountry":"ES"}},{"@type":"Person","@id":"https:\/\/candas365.es\/noticias\/author\/admin\/#author","url":"https:\/\/candas365.es\/noticias\/author\/admin\/","name":"Cand\u00e1s 365","image":{"@type":"ImageObject","@id":"https:\/\/candas365.es\/noticias\/alejandra-martinez-es-urgente-que-se-realice-el-dragado-del-puerto-de-candas\/#authorImage","url":"https:\/\/secure.gravatar.com\/avatar\/496a8e03d0c493ede1718b7934145dbdf8d89be1036b0eec9544e1094c9de390?s=96&d=mm&r=g","width":96,"height":96,"caption":"Cand\u00e1s 365"},"sameAs":["https:\/\/www.facebook.com\/carrenoactualidad","https:\/\/twitter.com\/nbasturias","https:\/\/www.instagram.com\/nachofdezber\/","https:\/\/www.youtube.com\/channel\/UCZP-2wLEB9Rv6erhFmqVnvg"]},{"@type":"WebPage","@id":"https:\/\/candas365.es\/noticias\/alejandra-martinez-es-urgente-que-se-realice-el-dragado-del-puerto-de-candas\/#webpage","url":"https:\/\/candas365.es\/noticias\/alejandra-martinez-es-urgente-que-se-realice-el-dragado-del-puerto-de-candas\/","name":"Alejandra Mart\u00ednez: \u201cEs urgente que se realice el dragado del puerto de Cand\u00e1s\u201d | Cand\u00e1s 365","description":"La presidenta de FORO Carre\u00f1o y candidata a la Alcald\u00eda, Alejandra Mart\u00ednez, ha anunciado esta ma\u00f1ana que \u201cFORO Carre\u00f1o urge el dragado del puerto de Cand\u00e1s antes de que llegue el verano para evitar que la limpieza de los fondos afecte a la temporada de ba\u00f1os\u201d y record\u00f3 que en dragados anteriores los ba\u00f1istas ya","inLanguage":"es-ES","isPartOf":{"@id":"https:\/\/candas365.es\/noticias\/#website"},"breadcrumb":{"@id":"https:\/\/candas365.es\/noticias\/alejandra-martinez-es-urgente-que-se-realice-el-dragado-del-puerto-de-candas\/#breadcrumblist"},"author":{"@id":"https:\/\/candas365.es\/noticias\/author\/admin\/#author"},"creator":{"@id":"https:\/\/candas365.es\/noticias\/author\/admin\/#author"},"image":{"@type":"ImageObject","url":"https:\/\/candas365.es\/noticias\/wp-content\/uploads\/2019\/04\/puerto-cand\u00e1s-1.jpeg","@id":"https:\/\/candas365.es\/noticias\/alejandra-martinez-es-urgente-que-se-realice-el-dragado-del-puerto-de-candas\/#mainImage","width":1600,"height":900},"primaryImageOfPage":{"@id":"https:\/\/candas365.es\/noticias\/alejandra-martinez-es-urgente-que-se-realice-el-dragado-del-puerto-de-candas\/#mainImage"},"datePublished":"2019-04-02T12:53:54+02:00","dateModified":"2019-04-02T12:53:54+02:00"},{"@type":"WebSite","@id":"https:\/\/candas365.es\/noticias\/#website","url":"https:\/\/candas365.es\/noticias\/","name":"Cand\u00e1s 365","alternateName":"Cand\u00e1s 365 Noticias","description":"Actualidad desde Carre\u00f1o para el mundo","inLanguage":"es-ES","publisher":{"@id":"https:\/\/candas365.es\/noticias\/#organization"}}]},"og:locale":"es_ES","og:site_name":"Cand\u00e1s 365","og:type":"article","og:title":"Alejandra Mart\u00ednez: \u201cEs urgente que se realice el dragado del puerto de Cand\u00e1s\u201d | Cand\u00e1s 365","og:description":"La presidenta de FORO Carre\u00f1o y candidata a la Alcald\u00eda, Alejandra Mart\u00ednez, ha anunciado esta ma\u00f1ana que \u201cFORO Carre\u00f1o urge el dragado del puerto de Cand\u00e1s antes de que llegue el verano para evitar que la limpieza de los fondos afecte a la temporada de ba\u00f1os\u201d y record\u00f3 que en dragados anteriores los ba\u00f1istas ya","og:url":"https:\/\/candas365.es\/noticias\/alejandra-martinez-es-urgente-que-se-realice-el-dragado-del-puerto-de-candas\/","og:image":"https:\/\/candas365.es\/noticias\/wp-content\/uploads\/2019\/04\/puerto-cand\u00e1s-1.jpeg","og:image:secure_url":"https:\/\/candas365.es\/noticias\/wp-content\/uploads\/2019\/04\/puerto-cand\u00e1s-1.jpeg","og:image:width":1600,"og:image:height":900,"article:published_time":"2019-04-02T12:53:54+00:00","article:modified_time":"2019-04-02T12:53:54+00:00","article:publisher":"https:\/\/www.facebook.com\/Nachofdezber","article:author":"https:\/\/www.facebook.com\/carrenoactualidad","twitter:card":"summary_large_image","twitter:site":"@NabercoDigital","twitter:title":"Alejandra Mart\u00ednez: \u201cEs urgente que se realice el dragado del puerto de Cand\u00e1s\u201d | Cand\u00e1s 365","twitter:description":"La presidenta de FORO Carre\u00f1o y candidata a la Alcald\u00eda, Alejandra Mart\u00ednez, ha anunciado esta ma\u00f1ana que \u201cFORO Carre\u00f1o urge el dragado del puerto de Cand\u00e1s antes de que llegue el verano para evitar que la limpieza de los fondos afecte a la temporada de ba\u00f1os\u201d y record\u00f3 que en dragados anteriores los ba\u00f1istas ya","twitter:creator":"@nbasturias","twitter:image":"https:\/\/candas365.es\/noticias\/wp-content\/uploads\/2019\/04\/puerto-cand\u00e1s-1.jpeg","twitter:label1":"Escrito por","twitter:data1":"Cand\u00e1s 365","twitter:label2":"Tiempo de lectura estimado","twitter:data2":"2 minutos"},"aioseo_meta_data":{"post_id":"119878","title":null,"description":null,"keywords":null,"keyphrases":null,"primary_term":null,"canonical_url":null,"og_title":null,"og_description":null,"og_object_type":"default","og_image_type":"default","og_image_url":null,"og_image_width":null,"og_image_height":null,"og_image_custom_url":null,"og_image_custom_fields":null,"og_video":null,"og_custom_url":null,"og_article_section":null,"og_article_tags":null,"twitter_use_og":false,"twitter_card":"default","twitter_image_type":"default","twitter_image_url":null,"twitter_image_custom_url":null,"twitter_image_custom_fields":null,"twitter_title":null,"twitter_description":null,"schema":{"blockGraphs":[],"customGraphs":[],"default":{"data":{"Article":[],"Course":[],"Dataset":[],"FAQPage":[],"Movie":[],"Person":[],"Product":[],"ProductReview":[],"Car":[],"Recipe":[],"Service":[],"SoftwareApplication":[],"WebPage":[]},"graphName":"","isEnabled":true},"graphs":[]},"schema_type":null,"schema_type_options":null,"pillar_content":false,"robots_default":true,"robots_noindex":false,"robots_noarchive":false,"robots_nosnippet":false,"robots_nofollow":false,"robots_noimageindex":false,"robots_noodp":false,"robots_notranslate":false,"robots_max_snippet":null,"robots_max_videopreview":null,"robots_max_imagepreview":"large","priority":null,"frequency":null,"location":null,"local_seo":null,"seo_analyzer_scan_date":"2025-08-29 15:50:26","breadcrumb_settings":null,"limit_modified_date":false,"reviewed_by":null,"open_ai":null,"ai":null,"created":"2020-12-21 10:59:17","updated":"2025-08-29 15:50:26"},"aioseo_breadcrumb":"<div class=\"aioseo-breadcrumbs\"><span class=\"aioseo-breadcrumb\">\n\t<a href=\"https:\/\/candas365.es\/noticias\" title=\"Home\">Home<\/a>\n<\/span><span class=\"aioseo-breadcrumb-separator\">&ndash;<\/span><span class=\"aioseo-breadcrumb\">\n\t<a href=\"https:\/\/candas365.es\/noticias\/category\/noticias-carreno\/\" title=\"Noticias Carre\u00f1o\">Noticias Carre\u00f1o<\/a>\n<\/span><span class=\"aioseo-breadcrumb-separator\">&ndash;<\/span><span class=\"aioseo-breadcrumb\">\n\tAlejandra Mart\u00ednez: \u201cEs urgente que se realice el dragado del puerto de Cand\u00e1s\u201d\n<\/span><\/div>","aioseo_breadcrumb_json":[{"label":"Home","link":"https:\/\/candas365.es\/noticias"},{"label":"Noticias Carre\u00f1o","link":"https:\/\/candas365.es\/noticias\/category\/noticias-carreno\/"},{"label":"Alejandra Mart\u00ednez: \u201cEs urgente que se realice el dragado del puerto de Cand\u00e1s\u201d","link":"https:\/\/candas365.es\/noticias\/alejandra-martinez-es-urgente-que-se-realice-el-dragado-del-puerto-de-candas\/"}],"_links":{"self":[{"href":"https:\/\/candas365.es\/noticias\/wp-json\/wp\/v2\/posts\/119878","targetHints":{"allow":["GET"]}}],"collection":[{"href":"https:\/\/candas365.es\/noticias\/wp-json\/wp\/v2\/posts"}],"about":[{"href":"https:\/\/candas365.es\/noticias\/wp-json\/wp\/v2\/types\/post"}],"author":[{"embeddable":true,"href":"https:\/\/candas365.es\/noticias\/wp-json\/wp\/v2\/users\/1"}],"replies":[{"embeddable":true,"href":"https:\/\/candas365.es\/noticias\/wp-json\/wp\/v2\/comments?post=119878"}],"version-history":[{"count":0,"href":"https:\/\/candas365.es\/noticias\/wp-json\/wp\/v2\/posts\/119878\/revisions"}],"wp:featuredmedia":[{"embeddable":true,"href":"https:\/\/candas365.es\/noticias\/wp-json\/wp\/v2\/media\/119879"}],"wp:attachment":[{"href":"https:\/\/candas365.es\/noticias\/wp-json\/wp\/v2\/media?parent=119878"}],"wp:term":[{"taxonomy":"category","embeddable":true,"href":"https:\/\/candas365.es\/noticias\/wp-json\/wp\/v2\/categories?post=119878"},{"taxonomy":"post_tag","embeddable":true,"href":"https:\/\/candas365.es\/noticias\/wp-json\/wp\/v2\/tags?post=119878"}],"curies":[{"name":"wp","href":"https:\/\/api.w.org\/{rel}","templated":true}]}}