{"id":119873,"date":"2019-04-02T11:25:20","date_gmt":"2019-04-02T11:25:20","guid":{"rendered":"http:\/\/candas365.es\/noticias\/?p=119873"},"modified":"2019-04-02T11:25:20","modified_gmt":"2019-04-02T11:25:20","slug":"el-candas-cf-y-el-ayuntamiento-de-carreno-firman-un-convenio-de-colaboracion","status":"publish","type":"post","link":"https:\/\/candas365.es\/noticias\/el-candas-cf-y-el-ayuntamiento-de-carreno-firman-un-convenio-de-colaboracion\/","title":{"rendered":"El Cand\u00e1s CF y el Ayuntamiento de Carre\u00f1o firman un convenio de colaboraci\u00f3n"},"content":{"rendered":"<p><img fetchpriority=\"high\" decoding=\"async\" class=\"alignleft size-medium wp-image-119874\" src=\"https:\/\/candas365.es\/noticias\/wp-content\/uploads\/2019\/04\/FirmaconvenioCand\u00e1s-360x194.jpg\" alt=\"\" width=\"360\" height=\"194\" srcset=\"https:\/\/candas365.es\/noticias\/wp-content\/uploads\/2019\/04\/FirmaconvenioCand\u00e1s-360x194.jpg 360w, https:\/\/candas365.es\/noticias\/wp-content\/uploads\/2019\/04\/FirmaconvenioCand\u00e1s-768x413.jpg 768w, https:\/\/candas365.es\/noticias\/wp-content\/uploads\/2019\/04\/FirmaconvenioCand\u00e1s-655x352.jpg 655w, https:\/\/candas365.es\/noticias\/wp-content\/uploads\/2019\/04\/FirmaconvenioCand\u00e1s-696x374.jpg 696w, https:\/\/candas365.es\/noticias\/wp-content\/uploads\/2019\/04\/FirmaconvenioCand\u00e1s-781x420.jpg 781w, https:\/\/candas365.es\/noticias\/wp-content\/uploads\/2019\/04\/FirmaconvenioCand\u00e1s.jpg 833w\" sizes=\"(max-width: 360px) 100vw, 360px\" \/>En el Sal\u00f3n de Plenos de la Casa Consistorial se firm\u00f3 el primer Convenio de Colaboraci\u00f3n suscrito por el Presidente del Cand\u00e1s Club de F\u00fatbol, Luis \u00c1ngel \u00c1lvarez P\u00e9rez, y la Alcaldesa de Carre\u00f1o, Amelia Fern\u00e1ndez L\u00f3pez.<\/p>\n<p>\u201cEl objeto del presente convenio \u2013 que se firm\u00f3 electr\u00f3nicamente &#8211; es seguir promoviendo y apoyando las actividades deportivas, as\u00ed como la difusi\u00f3n, promoci\u00f3n de pr\u00e1cticas deportivas mediante la participaci\u00f3n en competiciones deportivas oficiales de la modalidad deportiva de f\u00fatbol\u201d se\u00f1al\u00f3 Amelia Fern\u00e1ndez L\u00f3pez-Alcaldesa de Carre\u00f1o-.<\/p>\n<p>El Cand\u00e1s Club de F\u00fatbol fue fundado en 1948 y actualmente milita en la categor\u00eda de Regional Preferente de Asturias. Sus partidos los juega en el Campo de titularidad municipal de \u201cLa Mata\u201d el cual tiene una capacidad aproximada para 3 000 espectadores.<\/p>\n<p>Desaparecido el antiguo Canijo F\u00fatbol Club Sociedad Deportiva, Cand\u00e1s permaneci\u00f3 sin f\u00fatbol federado durante seis temporadas, desde la campa\u00f1a 1941-42, \u00faltima en la que figur\u00f3 en competiciones oficiales el hist\u00f3rico Canijo, y 1947-48. La inexistencia entonces en la villa de un club federado en el que poder competir, hizo que muchos j\u00f3venes futbolistas locales acabaran enrolados en los conjuntos vecinos, como el Real Avil\u00e9s o el Club Marino de Luanco.<\/p>\n<p>En la primavera de 1948, una selecci\u00f3n de jugadores de Cand\u00e1s disput\u00f3 un amistoso ante el Club Marino de Luanco. Los candasinos lograron un meritorio empate a dos goles ante un club que llevaba ya trece a\u00f1os federado, causando adem\u00e1s buena impresi\u00f3n. El resultado conseguido, la imagen dada, y los seis a\u00f1os de inactividad deportiva en el pueblo fueron suficientes para desatar una euforia futbolera que David P\u00e9rez-Sierra narraba as\u00ed:<\/p>\n<p>\u201cLa buena impresi\u00f3n causada en t\u00e9rminos generales en la villa vecina colm\u00f3 el vaso de la euforia que ped\u00eda un club federado: Luis Prendes hizo aparecer en la pantalla del Teatro Apolo un letrero que dec\u00eda \u00abQueremos campo\u00bb: efecto inmediato, Manuel P\u00e9rez Vega, presidente honorario del club en flor. Se formaliza precipitadamente una directiva (en buen entendimiento con la Comisi\u00f3n de Festejos) y se inscribe en la Federaci\u00f3n Astur-Monta\u00f1esa el Cand\u00e1s C.F., uniforme: camiseta rojiblanca, pantal\u00f3n azul\u201d<\/p>\n<p>Creado el club, se le dota a continuaci\u00f3n de sus s\u00edmbolos, conform\u00e1ndose un escudo dividido en dos cuarteles; el primero con un pino, y con una serpiente y un cuervo en las ramas de su copa, y sobre el tronco cuatro lanzas apoyadas, cuartel propio del escudo de armas de la familia candasina de Gonz\u00e1lez Villar; el segundo cuartel con los colores rojiblancos. Corona el escudo un bal\u00f3n de correa antiguo, y sobre \u00e9l una banda con la leyenda Cand\u00e1s Club de F\u00fatbol.<\/p>\n<p>Siendo tambi\u00e9n de esa \u00e9poca la elecci\u00f3n de la vestimenta titular, que a\u00fan perdura en el tiempo: camiseta a franjas rojiblancas verticales, pantal\u00f3n azul y medias rojas.<\/p>\n<p>Arranca \u201cEl Cand\u00e1s\u201d en la campa\u00f1a 1948-49 jugando en la Segunda categor\u00eda regional. Disput\u00e1ndose su primer partido oficial el 12 de septiembre de 1948, contra el Granda en el antiguo campo de La Cruz. En su primera temporada el Club acaba clasificado en mitad de tabla. Disputando en primavera la Copa Federaci\u00f3n, torneo que se jugaba inmediatamente despu\u00e9s que el de Liga.<\/p>\n<p>En esta ocasi\u00f3n comparte grupo con Hispania -campe\u00f3n, y equipo de Primera categor\u00eda, Cant\u00e1brico, Marino, Abo\u00f1o y Forgi. \u201cEl Cand\u00e1s\u201d se clasifica segundo, ganando los dos partidos disputados ante el Marino de Luanco, y mostrando un rodaje ya como conjunto que se confirmar\u00eda con la espectacular campa\u00f1a firmada en la liga 1949-50.<\/p>\n<p>La m\u00e1xima categor\u00eda alcanzada por el Cand\u00e1s Club de F\u00fatbol ha sido la Tercera Divisi\u00f3n, en la que ha militado en 26 campa\u00f1as, la \u00faltima vez en la temporada 2013\/14. Siendo su mejor clasificaci\u00f3n el tercer puesto, logrado en tres ocasiones: 1966\/67, 1967\/68 y 2008\/09. Esta \u00faltima clasificaci\u00f3n le dio la opci\u00f3n a disputar la promoci\u00f3n de ascenso a Segunda Divisi\u00f3n B por primera y \u00fanica vez en su historia.<\/p>\n<p>En 2010 consigui\u00f3 el t\u00edtulo m\u00e1s importante de su palmar\u00e9s, hasta el momento, al alzarse con la victoria en la final auton\u00f3mica de la Copa Real Federaci\u00f3n Espa\u00f1ola de F\u00fatbol tras vencer al Uni\u00f3n Popular de Langreo<\/p>\n<p>Hasta el a\u00f1o 1962 el Club juega sus partidos en el terreno que usaba el Canijo F\u00fatbol Club, el campo de La Cruz. Traslad\u00e1ndose ese mismo a\u00f1o a las instalaciones del campo municipal de \u201cLa Mata\u201d. Un terreno de juego de hierba natural y con unas dimensiones de 100&#215;66 m. Disponiendo de una tribuna lateral, cubierta, con capacidad para un millar de personas, 640 de ellas sentadas, y con otra grada descubierta ubicada en uno de los fondos. El campo recibe su nombre del presidente del club desde 1963 a 1966: Jos\u00e9 Ram\u00f3n Fern\u00e1ndez Gonz\u00e1lez, Pepe la Mata.<\/p>\n<p>\u201cEs una m\u00e1xima de \u00e9ste Gobierno Municipal el reconocer la labor realizada por los movimientos sociales, culturales, deportivos, etc. en el desarrollo del municipio, trasladando y liderando todas aquellas iniciativas y sugerencias de la ciudadan\u00eda en los temas de su inter\u00e9s. Desde el Consistorio se contribuye con cuantas iniciativas y propuestas de los colectivos en beneficio de la ciudadan\u00eda. Y es por ello que, reconociendo la labor que el Cand\u00e1s Club de F\u00fatbol realiza desde la pr\u00e1ctica del deporte federado, y con el \u00e1nimo de posibilitar la misma de forma satisfactoria para el Club y el municipio, ambas entidades hemos suscrito este Convenio\u201d coment\u00f3 la Alcaldesa.<\/p>\n<p>\u201cEste Convenio extender\u00e1 su vigencia durante el a\u00f1o 2019. Y podr\u00e1 preverse su modificaci\u00f3n y pr\u00f3rroga por per\u00edodos de igual duraci\u00f3n hasta un m\u00e1ximo de 4 a\u00f1os. El Ayuntamiento, fruto del acuerdo alcanzado, har\u00e1 una aportaci\u00f3n econ\u00f3mica a las arcas del Club de 9.100 \u20ac anuales para que la entidad pueda hacer frente a los gastos derivados de su actividad. Adem\u00e1s de la cesi\u00f3n, en precario, de forma gratuita, del uso de las instalaciones deportivas municipales del Campo municipal de F\u00fatbol de \u201cLa Mata\u201d, as\u00ed como de los edificios anexos al mismo utilizados como vestuarios, oficinas,\u2026\u201d reflej\u00f3 la regidora.<\/p>\n<p>\u201cCorresponsabiliz\u00e1ndose por su parte el citado Club de f\u00fatbol con la conservaci\u00f3n, mantenimiento y gastos corrientes del bien cedido. Adem\u00e1s de presentar un proyecto deportivo de car\u00e1cter anual, que incluya un presupuesto, as\u00ed como una memoria final de actividades y balance econ\u00f3mico junto con la justificaci\u00f3n de gastos del a\u00f1o en curso. En el marco del convenio suscrito deber\u00e1 organizar al menos dos actividades y\/o eventos deportivos y colaborar con el Ayuntamiento en los eventos deportivos en lo que se solicite su colaboraci\u00f3n, entre otros compromisos. Se aprob\u00f3 tambi\u00e9n para favorecer la operatividad del club el pago de un anticipo del 50 % de la aportaci\u00f3n econ\u00f3mica municipal\u201d finaliz\u00f3 la Alcaldesa.<\/p>\n","protected":false},"excerpt":{"rendered":"<p>En el Sal\u00f3n de Plenos de la Casa Consistorial se firm\u00f3 el primer Convenio de Colaboraci\u00f3n suscrito por el Presidente del Cand\u00e1s Club de F\u00fatbol, Luis \u00c1ngel \u00c1lvarez P\u00e9rez, y la Alcaldesa de Carre\u00f1o, Amelia Fern\u00e1ndez L\u00f3pez. \u201cEl objeto del presente convenio \u2013 que se firm\u00f3 electr\u00f3nicamente &#8211; es seguir promoviendo y apoyando las actividades<\/p>\n","protected":false},"author":1,"featured_media":119874,"comment_status":"closed","ping_status":"closed","sticky":false,"template":"","format":"standard","meta":{"footnotes":""},"categories":[2],"tags":[],"class_list":{"0":"post-119873","1":"post","2":"type-post","3":"status-publish","4":"format-standard","5":"has-post-thumbnail","7":"category-noticias-carreno"},"aioseo_notices":[],"aioseo_head":"\n\t\t<!-- All in One SEO Pro 4.9.6.2 - aioseo.com -->\n\t<meta name=\"description\" content=\"En el Sal\u00f3n de Plenos de la Casa Consistorial se firm\u00f3 el primer Convenio de Colaboraci\u00f3n suscrito por el Presidente del Cand\u00e1s Club de F\u00fatbol, Luis \u00c1ngel \u00c1lvarez P\u00e9rez, y la Alcaldesa de Carre\u00f1o, Amelia Fern\u00e1ndez L\u00f3pez. \u201cEl objeto del presente convenio \u2013 que se firm\u00f3 electr\u00f3nicamente - es seguir promoviendo y apoyando las actividades\" \/>\n\t<meta name=\"robots\" content=\"max-image-preview:large\" \/>\n\t<meta name=\"author\" content=\"Cand\u00e1s 365\"\/>\n\t<meta name=\"google-site-verification\" content=\"UA-32230408-1\" \/>\n\t<meta name=\"msvalidate.01\" content=\"354F3CDFB2DA171B47FBE9ABF1F88D5\" \/>\n\t<meta name=\"keywords\" content=\"noticias carre\u00f1o\" \/>\n\t<link rel=\"canonical\" href=\"https:\/\/candas365.es\/noticias\/el-candas-cf-y-el-ayuntamiento-de-carreno-firman-un-convenio-de-colaboracion\/\" \/>\n\t<meta name=\"generator\" content=\"All in One SEO Pro (AIOSEO) 4.9.6.2\" \/>\n\t\t<meta property=\"og:locale\" content=\"es_ES\" \/>\n\t\t<meta property=\"og:site_name\" content=\"Cand\u00e1s 365\" \/>\n\t\t<meta property=\"og:type\" content=\"article\" \/>\n\t\t<meta property=\"og:title\" content=\"El Cand\u00e1s CF y el Ayuntamiento de Carre\u00f1o firman un convenio de colaboraci\u00f3n | Cand\u00e1s 365\" \/>\n\t\t<meta property=\"og:description\" content=\"En el Sal\u00f3n de Plenos de la Casa Consistorial se firm\u00f3 el primer Convenio de Colaboraci\u00f3n suscrito por el Presidente del Cand\u00e1s Club de F\u00fatbol, Luis \u00c1ngel \u00c1lvarez P\u00e9rez, y la Alcaldesa de Carre\u00f1o, Amelia Fern\u00e1ndez L\u00f3pez. \u201cEl objeto del presente convenio \u2013 que se firm\u00f3 electr\u00f3nicamente - es seguir promoviendo y apoyando las actividades\" \/>\n\t\t<meta property=\"og:url\" content=\"https:\/\/candas365.es\/noticias\/el-candas-cf-y-el-ayuntamiento-de-carreno-firman-un-convenio-de-colaboracion\/\" \/>\n\t\t<meta property=\"og:image\" content=\"https:\/\/candas365.es\/noticias\/wp-content\/uploads\/2019\/04\/FirmaconvenioCand\u00e1s.jpg\" \/>\n\t\t<meta property=\"og:image:secure_url\" content=\"https:\/\/candas365.es\/noticias\/wp-content\/uploads\/2019\/04\/FirmaconvenioCand\u00e1s.jpg\" \/>\n\t\t<meta property=\"og:image:width\" content=\"833\" \/>\n\t\t<meta property=\"og:image:height\" content=\"448\" \/>\n\t\t<meta property=\"article:published_time\" content=\"2019-04-02T11:25:20+00:00\" \/>\n\t\t<meta property=\"article:modified_time\" content=\"2019-04-02T11:25:20+00:00\" \/>\n\t\t<meta property=\"article:publisher\" content=\"https:\/\/www.facebook.com\/Nachofdezber\" \/>\n\t\t<meta property=\"article:author\" content=\"https:\/\/www.facebook.com\/carrenoactualidad\" \/>\n\t\t<meta name=\"twitter:card\" content=\"summary_large_image\" \/>\n\t\t<meta name=\"twitter:site\" content=\"@NabercoDigital\" \/>\n\t\t<meta name=\"twitter:title\" content=\"El Cand\u00e1s CF y el Ayuntamiento de Carre\u00f1o firman un convenio de colaboraci\u00f3n | Cand\u00e1s 365\" \/>\n\t\t<meta name=\"twitter:description\" content=\"En el Sal\u00f3n de Plenos de la Casa Consistorial se firm\u00f3 el primer Convenio de Colaboraci\u00f3n suscrito por el Presidente del Cand\u00e1s Club de F\u00fatbol, Luis \u00c1ngel \u00c1lvarez P\u00e9rez, y la Alcaldesa de Carre\u00f1o, Amelia Fern\u00e1ndez L\u00f3pez. \u201cEl objeto del presente convenio \u2013 que se firm\u00f3 electr\u00f3nicamente - es seguir promoviendo y apoyando las actividades\" \/>\n\t\t<meta name=\"twitter:creator\" content=\"@nbasturias\" \/>\n\t\t<meta name=\"twitter:image\" content=\"https:\/\/candas365.es\/noticias\/wp-content\/uploads\/2019\/04\/FirmaconvenioCand\u00e1s.jpg\" \/>\n\t\t<meta name=\"twitter:label1\" content=\"Escrito por\" \/>\n\t\t<meta name=\"twitter:data1\" content=\"Cand\u00e1s 365\" \/>\n\t\t<meta name=\"twitter:label2\" content=\"Tiempo de lectura estimado\" \/>\n\t\t<meta name=\"twitter:data2\" content=\"6 minutos\" \/>\n\t\t<script type=\"application\/ld+json\" class=\"aioseo-schema\">\n\t\t\t{\"@context\":\"https:\\\/\\\/schema.org\",\"@graph\":[{\"@type\":\"BreadcrumbList\",\"@id\":\"https:\\\/\\\/candas365.es\\\/noticias\\\/el-candas-cf-y-el-ayuntamiento-de-carreno-firman-un-convenio-de-colaboracion\\\/#breadcrumblist\",\"itemListElement\":[{\"@type\":\"ListItem\",\"@id\":\"https:\\\/\\\/candas365.es\\\/noticias#listItem\",\"position\":1,\"name\":\"Home\",\"item\":\"https:\\\/\\\/candas365.es\\\/noticias\",\"nextItem\":{\"@type\":\"ListItem\",\"@id\":\"https:\\\/\\\/candas365.es\\\/noticias\\\/category\\\/noticias-carreno\\\/#listItem\",\"name\":\"Noticias Carre\\u00f1o\"}},{\"@type\":\"ListItem\",\"@id\":\"https:\\\/\\\/candas365.es\\\/noticias\\\/category\\\/noticias-carreno\\\/#listItem\",\"position\":2,\"name\":\"Noticias Carre\\u00f1o\",\"item\":\"https:\\\/\\\/candas365.es\\\/noticias\\\/category\\\/noticias-carreno\\\/\",\"nextItem\":{\"@type\":\"ListItem\",\"@id\":\"https:\\\/\\\/candas365.es\\\/noticias\\\/el-candas-cf-y-el-ayuntamiento-de-carreno-firman-un-convenio-de-colaboracion\\\/#listItem\",\"name\":\"El Cand\\u00e1s CF y el Ayuntamiento de Carre\\u00f1o firman un convenio de colaboraci\\u00f3n\"},\"previousItem\":{\"@type\":\"ListItem\",\"@id\":\"https:\\\/\\\/candas365.es\\\/noticias#listItem\",\"name\":\"Home\"}},{\"@type\":\"ListItem\",\"@id\":\"https:\\\/\\\/candas365.es\\\/noticias\\\/el-candas-cf-y-el-ayuntamiento-de-carreno-firman-un-convenio-de-colaboracion\\\/#listItem\",\"position\":3,\"name\":\"El Cand\\u00e1s CF y el Ayuntamiento de Carre\\u00f1o firman un convenio de colaboraci\\u00f3n\",\"previousItem\":{\"@type\":\"ListItem\",\"@id\":\"https:\\\/\\\/candas365.es\\\/noticias\\\/category\\\/noticias-carreno\\\/#listItem\",\"name\":\"Noticias Carre\\u00f1o\"}}]},{\"@type\":\"NewsArticle\",\"@id\":\"https:\\\/\\\/candas365.es\\\/noticias\\\/el-candas-cf-y-el-ayuntamiento-de-carreno-firman-un-convenio-de-colaboracion\\\/#newsarticle\",\"name\":\"El Cand\\u00e1s CF y el Ayuntamiento de Carre\\u00f1o firman un convenio de colaboraci\\u00f3n | Cand\\u00e1s 365\",\"headline\":\"El Cand\\u00e1s CF y el Ayuntamiento de Carre\\u00f1o firman un convenio de colaboraci\\u00f3n\",\"author\":{\"@id\":\"https:\\\/\\\/candas365.es\\\/noticias\\\/author\\\/admin\\\/#author\"},\"publisher\":{\"@id\":\"https:\\\/\\\/candas365.es\\\/noticias\\\/#organization\"},\"image\":{\"@type\":\"ImageObject\",\"url\":\"https:\\\/\\\/candas365.es\\\/noticias\\\/wp-content\\\/uploads\\\/2019\\\/04\\\/FirmaconvenioCand\\u00e1s.jpg\",\"width\":833,\"height\":448},\"datePublished\":\"2019-04-02T11:25:20+02:00\",\"dateModified\":\"2019-04-02T11:25:20+02:00\",\"inLanguage\":\"es-ES\",\"mainEntityOfPage\":{\"@id\":\"https:\\\/\\\/candas365.es\\\/noticias\\\/el-candas-cf-y-el-ayuntamiento-de-carreno-firman-un-convenio-de-colaboracion\\\/#webpage\"},\"isPartOf\":{\"@id\":\"https:\\\/\\\/candas365.es\\\/noticias\\\/el-candas-cf-y-el-ayuntamiento-de-carreno-firman-un-convenio-de-colaboracion\\\/#webpage\"},\"articleSection\":\"Noticias Carre\\u00f1o\",\"dateline\":\"Publicado el abril 2, 2019.\"},{\"@type\":\"Organization\",\"@id\":\"https:\\\/\\\/candas365.es\\\/noticias\\\/#organization\",\"name\":\"Cand\\u00e1s 365\",\"description\":\"Cand\\u00e1s 365 es un diario digital independiente, fundado en 2012, con base en Asturias. Informamos con rigor sobre actualidad, sociedad, cultura y ocio, con una mirada local y global.\",\"url\":\"https:\\\/\\\/candas365.es\\\/noticias\\\/\",\"email\":\"info@candas365.es\",\"telephone\":\"+34652131393\",\"foundingDate\":\"2012-06-10\",\"logo\":{\"@type\":\"ImageObject\",\"url\":\"https:\\\/\\\/candas365.es\\\/noticias\\\/wp-content\\\/uploads\\\/2024\\\/09\\\/Candas-365-Redes.jpg\",\"@id\":\"https:\\\/\\\/candas365.es\\\/noticias\\\/el-candas-cf-y-el-ayuntamiento-de-carreno-firman-un-convenio-de-colaboracion\\\/#organizationLogo\",\"width\":1152,\"height\":864,\"caption\":\"Cand\\u00e1s 365 Redes\"},\"image\":{\"@id\":\"https:\\\/\\\/candas365.es\\\/noticias\\\/el-candas-cf-y-el-ayuntamiento-de-carreno-firman-un-convenio-de-colaboracion\\\/#organizationLogo\"},\"sameAs\":[\"https:\\\/\\\/www.facebook.com\\\/Nachofdezber\",\"https:\\\/\\\/x.com\\\/NabercoDigital\",\"https:\\\/\\\/www.instagram.com\\\/nachofdezber\\\/\",\"https:\\\/\\\/www.youtube.com\\\/channel\\\/UCZP-2wLEB9Rv6erhFmqVnvg\"],\"address\":{\"@id\":\"https:\\\/\\\/candas365.es\\\/noticias\\\/#postaladdress\",\"@type\":\"PostalAddress\",\"streetAddress\":\"san antonio 4, san antonio 4\",\"postalCode\":\"33430\",\"addressLocality\":\"Cand\\u00e1s\",\"addressRegion\":\"Asturias\",\"addressCountry\":\"ES\"}},{\"@type\":\"Person\",\"@id\":\"https:\\\/\\\/candas365.es\\\/noticias\\\/author\\\/admin\\\/#author\",\"url\":\"https:\\\/\\\/candas365.es\\\/noticias\\\/author\\\/admin\\\/\",\"name\":\"Cand\\u00e1s 365\",\"image\":{\"@type\":\"ImageObject\",\"@id\":\"https:\\\/\\\/candas365.es\\\/noticias\\\/el-candas-cf-y-el-ayuntamiento-de-carreno-firman-un-convenio-de-colaboracion\\\/#authorImage\",\"url\":\"https:\\\/\\\/secure.gravatar.com\\\/avatar\\\/496a8e03d0c493ede1718b7934145dbdf8d89be1036b0eec9544e1094c9de390?s=96&d=mm&r=g\",\"width\":96,\"height\":96,\"caption\":\"Cand\\u00e1s 365\"},\"sameAs\":[\"https:\\\/\\\/www.facebook.com\\\/carrenoactualidad\",\"https:\\\/\\\/twitter.com\\\/nbasturias\",\"https:\\\/\\\/www.instagram.com\\\/nachofdezber\\\/\",\"https:\\\/\\\/www.youtube.com\\\/channel\\\/UCZP-2wLEB9Rv6erhFmqVnvg\"]},{\"@type\":\"WebPage\",\"@id\":\"https:\\\/\\\/candas365.es\\\/noticias\\\/el-candas-cf-y-el-ayuntamiento-de-carreno-firman-un-convenio-de-colaboracion\\\/#webpage\",\"url\":\"https:\\\/\\\/candas365.es\\\/noticias\\\/el-candas-cf-y-el-ayuntamiento-de-carreno-firman-un-convenio-de-colaboracion\\\/\",\"name\":\"El Cand\\u00e1s CF y el Ayuntamiento de Carre\\u00f1o firman un convenio de colaboraci\\u00f3n | Cand\\u00e1s 365\",\"description\":\"En el Sal\\u00f3n de Plenos de la Casa Consistorial se firm\\u00f3 el primer Convenio de Colaboraci\\u00f3n suscrito por el Presidente del Cand\\u00e1s Club de F\\u00fatbol, Luis \\u00c1ngel \\u00c1lvarez P\\u00e9rez, y la Alcaldesa de Carre\\u00f1o, Amelia Fern\\u00e1ndez L\\u00f3pez. \\u201cEl objeto del presente convenio \\u2013 que se firm\\u00f3 electr\\u00f3nicamente - es seguir promoviendo y apoyando las actividades\",\"inLanguage\":\"es-ES\",\"isPartOf\":{\"@id\":\"https:\\\/\\\/candas365.es\\\/noticias\\\/#website\"},\"breadcrumb\":{\"@id\":\"https:\\\/\\\/candas365.es\\\/noticias\\\/el-candas-cf-y-el-ayuntamiento-de-carreno-firman-un-convenio-de-colaboracion\\\/#breadcrumblist\"},\"author\":{\"@id\":\"https:\\\/\\\/candas365.es\\\/noticias\\\/author\\\/admin\\\/#author\"},\"creator\":{\"@id\":\"https:\\\/\\\/candas365.es\\\/noticias\\\/author\\\/admin\\\/#author\"},\"image\":{\"@type\":\"ImageObject\",\"url\":\"https:\\\/\\\/candas365.es\\\/noticias\\\/wp-content\\\/uploads\\\/2019\\\/04\\\/FirmaconvenioCand\\u00e1s.jpg\",\"@id\":\"https:\\\/\\\/candas365.es\\\/noticias\\\/el-candas-cf-y-el-ayuntamiento-de-carreno-firman-un-convenio-de-colaboracion\\\/#mainImage\",\"width\":833,\"height\":448},\"primaryImageOfPage\":{\"@id\":\"https:\\\/\\\/candas365.es\\\/noticias\\\/el-candas-cf-y-el-ayuntamiento-de-carreno-firman-un-convenio-de-colaboracion\\\/#mainImage\"},\"datePublished\":\"2019-04-02T11:25:20+02:00\",\"dateModified\":\"2019-04-02T11:25:20+02:00\"},{\"@type\":\"WebSite\",\"@id\":\"https:\\\/\\\/candas365.es\\\/noticias\\\/#website\",\"url\":\"https:\\\/\\\/candas365.es\\\/noticias\\\/\",\"name\":\"Cand\\u00e1s 365\",\"alternateName\":\"Cand\\u00e1s 365 Noticias\",\"description\":\"Actualidad desde Carre\\u00f1o para el mundo\",\"inLanguage\":\"es-ES\",\"publisher\":{\"@id\":\"https:\\\/\\\/candas365.es\\\/noticias\\\/#organization\"}}]}\n\t\t<\/script>\n\t\t<!-- All in One SEO Pro -->\r\n\t\t<title>El Cand\u00e1s CF y el Ayuntamiento de Carre\u00f1o firman un convenio de colaboraci\u00f3n | Cand\u00e1s 365<\/title>\n\n","aioseo_head_json":{"title":"El Cand\u00e1s CF y el Ayuntamiento de Carre\u00f1o firman un convenio de colaboraci\u00f3n | Cand\u00e1s 365","description":"En el Sal\u00f3n de Plenos de la Casa Consistorial se firm\u00f3 el primer Convenio de Colaboraci\u00f3n suscrito por el Presidente del Cand\u00e1s Club de F\u00fatbol, Luis \u00c1ngel \u00c1lvarez P\u00e9rez, y la Alcaldesa de Carre\u00f1o, Amelia Fern\u00e1ndez L\u00f3pez. \u201cEl objeto del presente convenio \u2013 que se firm\u00f3 electr\u00f3nicamente - es seguir promoviendo y apoyando las actividades","canonical_url":"https:\/\/candas365.es\/noticias\/el-candas-cf-y-el-ayuntamiento-de-carreno-firman-un-convenio-de-colaboracion\/","robots":"max-image-preview:large","keywords":"noticias carre\u00f1o","webmasterTools":{"google-site-verification":"UA-32230408-1","msvalidate.01":"354F3CDFB2DA171B47FBE9ABF1F88D5","miscellaneous":""},"schema":{"@context":"https:\/\/schema.org","@graph":[{"@type":"BreadcrumbList","@id":"https:\/\/candas365.es\/noticias\/el-candas-cf-y-el-ayuntamiento-de-carreno-firman-un-convenio-de-colaboracion\/#breadcrumblist","itemListElement":[{"@type":"ListItem","@id":"https:\/\/candas365.es\/noticias#listItem","position":1,"name":"Home","item":"https:\/\/candas365.es\/noticias","nextItem":{"@type":"ListItem","@id":"https:\/\/candas365.es\/noticias\/category\/noticias-carreno\/#listItem","name":"Noticias Carre\u00f1o"}},{"@type":"ListItem","@id":"https:\/\/candas365.es\/noticias\/category\/noticias-carreno\/#listItem","position":2,"name":"Noticias Carre\u00f1o","item":"https:\/\/candas365.es\/noticias\/category\/noticias-carreno\/","nextItem":{"@type":"ListItem","@id":"https:\/\/candas365.es\/noticias\/el-candas-cf-y-el-ayuntamiento-de-carreno-firman-un-convenio-de-colaboracion\/#listItem","name":"El Cand\u00e1s CF y el Ayuntamiento de Carre\u00f1o firman un convenio de colaboraci\u00f3n"},"previousItem":{"@type":"ListItem","@id":"https:\/\/candas365.es\/noticias#listItem","name":"Home"}},{"@type":"ListItem","@id":"https:\/\/candas365.es\/noticias\/el-candas-cf-y-el-ayuntamiento-de-carreno-firman-un-convenio-de-colaboracion\/#listItem","position":3,"name":"El Cand\u00e1s CF y el Ayuntamiento de Carre\u00f1o firman un convenio de colaboraci\u00f3n","previousItem":{"@type":"ListItem","@id":"https:\/\/candas365.es\/noticias\/category\/noticias-carreno\/#listItem","name":"Noticias Carre\u00f1o"}}]},{"@type":"NewsArticle","@id":"https:\/\/candas365.es\/noticias\/el-candas-cf-y-el-ayuntamiento-de-carreno-firman-un-convenio-de-colaboracion\/#newsarticle","name":"El Cand\u00e1s CF y el Ayuntamiento de Carre\u00f1o firman un convenio de colaboraci\u00f3n | Cand\u00e1s 365","headline":"El Cand\u00e1s CF y el Ayuntamiento de Carre\u00f1o firman un convenio de colaboraci\u00f3n","author":{"@id":"https:\/\/candas365.es\/noticias\/author\/admin\/#author"},"publisher":{"@id":"https:\/\/candas365.es\/noticias\/#organization"},"image":{"@type":"ImageObject","url":"https:\/\/candas365.es\/noticias\/wp-content\/uploads\/2019\/04\/FirmaconvenioCand\u00e1s.jpg","width":833,"height":448},"datePublished":"2019-04-02T11:25:20+02:00","dateModified":"2019-04-02T11:25:20+02:00","inLanguage":"es-ES","mainEntityOfPage":{"@id":"https:\/\/candas365.es\/noticias\/el-candas-cf-y-el-ayuntamiento-de-carreno-firman-un-convenio-de-colaboracion\/#webpage"},"isPartOf":{"@id":"https:\/\/candas365.es\/noticias\/el-candas-cf-y-el-ayuntamiento-de-carreno-firman-un-convenio-de-colaboracion\/#webpage"},"articleSection":"Noticias Carre\u00f1o","dateline":"Publicado el abril 2, 2019."},{"@type":"Organization","@id":"https:\/\/candas365.es\/noticias\/#organization","name":"Cand\u00e1s 365","description":"Cand\u00e1s 365 es un diario digital independiente, fundado en 2012, con base en Asturias. Informamos con rigor sobre actualidad, sociedad, cultura y ocio, con una mirada local y global.","url":"https:\/\/candas365.es\/noticias\/","email":"info@candas365.es","telephone":"+34652131393","foundingDate":"2012-06-10","logo":{"@type":"ImageObject","url":"https:\/\/candas365.es\/noticias\/wp-content\/uploads\/2024\/09\/Candas-365-Redes.jpg","@id":"https:\/\/candas365.es\/noticias\/el-candas-cf-y-el-ayuntamiento-de-carreno-firman-un-convenio-de-colaboracion\/#organizationLogo","width":1152,"height":864,"caption":"Cand\u00e1s 365 Redes"},"image":{"@id":"https:\/\/candas365.es\/noticias\/el-candas-cf-y-el-ayuntamiento-de-carreno-firman-un-convenio-de-colaboracion\/#organizationLogo"},"sameAs":["https:\/\/www.facebook.com\/Nachofdezber","https:\/\/x.com\/NabercoDigital","https:\/\/www.instagram.com\/nachofdezber\/","https:\/\/www.youtube.com\/channel\/UCZP-2wLEB9Rv6erhFmqVnvg"],"address":{"@id":"https:\/\/candas365.es\/noticias\/#postaladdress","@type":"PostalAddress","streetAddress":"san antonio 4, san antonio 4","postalCode":"33430","addressLocality":"Cand\u00e1s","addressRegion":"Asturias","addressCountry":"ES"}},{"@type":"Person","@id":"https:\/\/candas365.es\/noticias\/author\/admin\/#author","url":"https:\/\/candas365.es\/noticias\/author\/admin\/","name":"Cand\u00e1s 365","image":{"@type":"ImageObject","@id":"https:\/\/candas365.es\/noticias\/el-candas-cf-y-el-ayuntamiento-de-carreno-firman-un-convenio-de-colaboracion\/#authorImage","url":"https:\/\/secure.gravatar.com\/avatar\/496a8e03d0c493ede1718b7934145dbdf8d89be1036b0eec9544e1094c9de390?s=96&d=mm&r=g","width":96,"height":96,"caption":"Cand\u00e1s 365"},"sameAs":["https:\/\/www.facebook.com\/carrenoactualidad","https:\/\/twitter.com\/nbasturias","https:\/\/www.instagram.com\/nachofdezber\/","https:\/\/www.youtube.com\/channel\/UCZP-2wLEB9Rv6erhFmqVnvg"]},{"@type":"WebPage","@id":"https:\/\/candas365.es\/noticias\/el-candas-cf-y-el-ayuntamiento-de-carreno-firman-un-convenio-de-colaboracion\/#webpage","url":"https:\/\/candas365.es\/noticias\/el-candas-cf-y-el-ayuntamiento-de-carreno-firman-un-convenio-de-colaboracion\/","name":"El Cand\u00e1s CF y el Ayuntamiento de Carre\u00f1o firman un convenio de colaboraci\u00f3n | Cand\u00e1s 365","description":"En el Sal\u00f3n de Plenos de la Casa Consistorial se firm\u00f3 el primer Convenio de Colaboraci\u00f3n suscrito por el Presidente del Cand\u00e1s Club de F\u00fatbol, Luis \u00c1ngel \u00c1lvarez P\u00e9rez, y la Alcaldesa de Carre\u00f1o, Amelia Fern\u00e1ndez L\u00f3pez. \u201cEl objeto del presente convenio \u2013 que se firm\u00f3 electr\u00f3nicamente - es seguir promoviendo y apoyando las actividades","inLanguage":"es-ES","isPartOf":{"@id":"https:\/\/candas365.es\/noticias\/#website"},"breadcrumb":{"@id":"https:\/\/candas365.es\/noticias\/el-candas-cf-y-el-ayuntamiento-de-carreno-firman-un-convenio-de-colaboracion\/#breadcrumblist"},"author":{"@id":"https:\/\/candas365.es\/noticias\/author\/admin\/#author"},"creator":{"@id":"https:\/\/candas365.es\/noticias\/author\/admin\/#author"},"image":{"@type":"ImageObject","url":"https:\/\/candas365.es\/noticias\/wp-content\/uploads\/2019\/04\/FirmaconvenioCand\u00e1s.jpg","@id":"https:\/\/candas365.es\/noticias\/el-candas-cf-y-el-ayuntamiento-de-carreno-firman-un-convenio-de-colaboracion\/#mainImage","width":833,"height":448},"primaryImageOfPage":{"@id":"https:\/\/candas365.es\/noticias\/el-candas-cf-y-el-ayuntamiento-de-carreno-firman-un-convenio-de-colaboracion\/#mainImage"},"datePublished":"2019-04-02T11:25:20+02:00","dateModified":"2019-04-02T11:25:20+02:00"},{"@type":"WebSite","@id":"https:\/\/candas365.es\/noticias\/#website","url":"https:\/\/candas365.es\/noticias\/","name":"Cand\u00e1s 365","alternateName":"Cand\u00e1s 365 Noticias","description":"Actualidad desde Carre\u00f1o para el mundo","inLanguage":"es-ES","publisher":{"@id":"https:\/\/candas365.es\/noticias\/#organization"}}]},"og:locale":"es_ES","og:site_name":"Cand\u00e1s 365","og:type":"article","og:title":"El Cand\u00e1s CF y el Ayuntamiento de Carre\u00f1o firman un convenio de colaboraci\u00f3n | Cand\u00e1s 365","og:description":"En el Sal\u00f3n de Plenos de la Casa Consistorial se firm\u00f3 el primer Convenio de Colaboraci\u00f3n suscrito por el Presidente del Cand\u00e1s Club de F\u00fatbol, Luis \u00c1ngel \u00c1lvarez P\u00e9rez, y la Alcaldesa de Carre\u00f1o, Amelia Fern\u00e1ndez L\u00f3pez. \u201cEl objeto del presente convenio \u2013 que se firm\u00f3 electr\u00f3nicamente - es seguir promoviendo y apoyando las actividades","og:url":"https:\/\/candas365.es\/noticias\/el-candas-cf-y-el-ayuntamiento-de-carreno-firman-un-convenio-de-colaboracion\/","og:image":"https:\/\/candas365.es\/noticias\/wp-content\/uploads\/2019\/04\/FirmaconvenioCand\u00e1s.jpg","og:image:secure_url":"https:\/\/candas365.es\/noticias\/wp-content\/uploads\/2019\/04\/FirmaconvenioCand\u00e1s.jpg","og:image:width":833,"og:image:height":448,"article:published_time":"2019-04-02T11:25:20+00:00","article:modified_time":"2019-04-02T11:25:20+00:00","article:publisher":"https:\/\/www.facebook.com\/Nachofdezber","article:author":"https:\/\/www.facebook.com\/carrenoactualidad","twitter:card":"summary_large_image","twitter:site":"@NabercoDigital","twitter:title":"El Cand\u00e1s CF y el Ayuntamiento de Carre\u00f1o firman un convenio de colaboraci\u00f3n | Cand\u00e1s 365","twitter:description":"En el Sal\u00f3n de Plenos de la Casa Consistorial se firm\u00f3 el primer Convenio de Colaboraci\u00f3n suscrito por el Presidente del Cand\u00e1s Club de F\u00fatbol, Luis \u00c1ngel \u00c1lvarez P\u00e9rez, y la Alcaldesa de Carre\u00f1o, Amelia Fern\u00e1ndez L\u00f3pez. \u201cEl objeto del presente convenio \u2013 que se firm\u00f3 electr\u00f3nicamente - es seguir promoviendo y apoyando las actividades","twitter:creator":"@nbasturias","twitter:image":"https:\/\/candas365.es\/noticias\/wp-content\/uploads\/2019\/04\/FirmaconvenioCand\u00e1s.jpg","twitter:label1":"Escrito por","twitter:data1":"Cand\u00e1s 365","twitter:label2":"Tiempo de lectura estimado","twitter:data2":"6 minutos"},"aioseo_meta_data":{"post_id":"119873","title":null,"description":null,"keywords":null,"keyphrases":null,"primary_term":null,"canonical_url":null,"og_title":null,"og_description":null,"og_object_type":"default","og_image_type":"default","og_image_url":null,"og_image_width":null,"og_image_height":null,"og_image_custom_url":null,"og_image_custom_fields":null,"og_video":null,"og_custom_url":null,"og_article_section":null,"og_article_tags":null,"twitter_use_og":false,"twitter_card":"default","twitter_image_type":"default","twitter_image_url":null,"twitter_image_custom_url":null,"twitter_image_custom_fields":null,"twitter_title":null,"twitter_description":null,"schema":{"blockGraphs":[],"customGraphs":[],"default":{"data":{"Article":[],"Course":[],"Dataset":[],"FAQPage":[],"Movie":[],"Person":[],"Product":[],"ProductReview":[],"Car":[],"Recipe":[],"Service":[],"SoftwareApplication":[],"WebPage":[]},"graphName":"","isEnabled":true},"graphs":[]},"schema_type":null,"schema_type_options":null,"pillar_content":false,"robots_default":true,"robots_noindex":false,"robots_noarchive":false,"robots_nosnippet":false,"robots_nofollow":false,"robots_noimageindex":false,"robots_noodp":false,"robots_notranslate":false,"robots_max_snippet":null,"robots_max_videopreview":null,"robots_max_imagepreview":"large","priority":null,"frequency":null,"location":null,"local_seo":null,"seo_analyzer_scan_date":"2025-08-29 15:48:30","breadcrumb_settings":null,"limit_modified_date":false,"reviewed_by":null,"open_ai":null,"ai":null,"created":"2020-12-21 10:59:17","updated":"2025-08-29 15:48:30"},"aioseo_breadcrumb":"<div class=\"aioseo-breadcrumbs\"><span class=\"aioseo-breadcrumb\">\n\t<a href=\"https:\/\/candas365.es\/noticias\" title=\"Home\">Home<\/a>\n<\/span><span class=\"aioseo-breadcrumb-separator\">&ndash;<\/span><span class=\"aioseo-breadcrumb\">\n\t<a href=\"https:\/\/candas365.es\/noticias\/category\/noticias-carreno\/\" title=\"Noticias Carre\u00f1o\">Noticias Carre\u00f1o<\/a>\n<\/span><span class=\"aioseo-breadcrumb-separator\">&ndash;<\/span><span class=\"aioseo-breadcrumb\">\n\tEl Cand\u00e1s CF y el Ayuntamiento de Carre\u00f1o firman un convenio de colaboraci\u00f3n\n<\/span><\/div>","aioseo_breadcrumb_json":[{"label":"Home","link":"https:\/\/candas365.es\/noticias"},{"label":"Noticias Carre\u00f1o","link":"https:\/\/candas365.es\/noticias\/category\/noticias-carreno\/"},{"label":"El Cand\u00e1s CF y el Ayuntamiento de Carre\u00f1o firman un convenio de colaboraci\u00f3n","link":"https:\/\/candas365.es\/noticias\/el-candas-cf-y-el-ayuntamiento-de-carreno-firman-un-convenio-de-colaboracion\/"}],"_links":{"self":[{"href":"https:\/\/candas365.es\/noticias\/wp-json\/wp\/v2\/posts\/119873","targetHints":{"allow":["GET"]}}],"collection":[{"href":"https:\/\/candas365.es\/noticias\/wp-json\/wp\/v2\/posts"}],"about":[{"href":"https:\/\/candas365.es\/noticias\/wp-json\/wp\/v2\/types\/post"}],"author":[{"embeddable":true,"href":"https:\/\/candas365.es\/noticias\/wp-json\/wp\/v2\/users\/1"}],"replies":[{"embeddable":true,"href":"https:\/\/candas365.es\/noticias\/wp-json\/wp\/v2\/comments?post=119873"}],"version-history":[{"count":0,"href":"https:\/\/candas365.es\/noticias\/wp-json\/wp\/v2\/posts\/119873\/revisions"}],"wp:featuredmedia":[{"embeddable":true,"href":"https:\/\/candas365.es\/noticias\/wp-json\/wp\/v2\/media\/119874"}],"wp:attachment":[{"href":"https:\/\/candas365.es\/noticias\/wp-json\/wp\/v2\/media?parent=119873"}],"wp:term":[{"taxonomy":"category","embeddable":true,"href":"https:\/\/candas365.es\/noticias\/wp-json\/wp\/v2\/categories?post=119873"},{"taxonomy":"post_tag","embeddable":true,"href":"https:\/\/candas365.es\/noticias\/wp-json\/wp\/v2\/tags?post=119873"}],"curies":[{"name":"wp","href":"https:\/\/api.w.org\/{rel}","templated":true}]}}