{"id":118344,"date":"2019-03-15T19:06:50","date_gmt":"2019-03-15T19:06:50","guid":{"rendered":"http:\/\/candas365.es\/noticias\/?p=118344"},"modified":"2019-03-15T19:06:50","modified_gmt":"2019-03-15T19:06:50","slug":"nuevas-actividades-de-carreno-concejo-cardioprotegido","status":"publish","type":"post","link":"https:\/\/candas365.es\/noticias\/nuevas-actividades-de-carreno-concejo-cardioprotegido\/","title":{"rendered":"Nuevas actividades de \u201cCarre\u00f1o Concejo Cardioprotegido\u201d"},"content":{"rendered":"<p><img fetchpriority=\"high\" decoding=\"async\" class=\"alignleft size-medium wp-image-118345\" src=\"https:\/\/candas365.es\/noticias\/wp-content\/uploads\/2019\/03\/IMG_7040-360x270.jpg\" alt=\"\" width=\"360\" height=\"270\" srcset=\"https:\/\/candas365.es\/noticias\/wp-content\/uploads\/2019\/03\/IMG_7040-360x270.jpg 360w, https:\/\/candas365.es\/noticias\/wp-content\/uploads\/2019\/03\/IMG_7040-768x576.jpg 768w, https:\/\/candas365.es\/noticias\/wp-content\/uploads\/2019\/03\/IMG_7040-640x480.jpg 640w, https:\/\/candas365.es\/noticias\/wp-content\/uploads\/2019\/03\/IMG_7040-80x60.jpg 80w, https:\/\/candas365.es\/noticias\/wp-content\/uploads\/2019\/03\/IMG_7040-265x198.jpg 265w, https:\/\/candas365.es\/noticias\/wp-content\/uploads\/2019\/03\/IMG_7040-696x522.jpg 696w, https:\/\/candas365.es\/noticias\/wp-content\/uploads\/2019\/03\/IMG_7040-1068x801.jpg 1068w, https:\/\/candas365.es\/noticias\/wp-content\/uploads\/2019\/03\/IMG_7040-560x420.jpg 560w, https:\/\/candas365.es\/noticias\/wp-content\/uploads\/2019\/03\/IMG_7040.jpg 1280w\" sizes=\"(max-width: 360px) 100vw, 360px\" \/>Prosiguen las actividades municipales en el marco del proyecto <strong>\u201cCarre\u00f1o Concejo Cardioprotegido\u201d<\/strong> impulsado en el marco de la Estrategia para la Promoci\u00f3n de la Salud y Prevenci\u00f3n del Sistema Nacional de Salud, con el objetivo de promover una sociedad en la que las personas, las familias y las comunidades puedan alcanzar su m\u00e1ximo potencial de desarrollo, salud, bienestar y autonom\u00eda, y en la que trabajar por la salud se asuma como tarea de todos y todas, desarrollando progresivamente intervenciones identificadas como buenas pr\u00e1cticas.<\/p>\n<p>Esta tarde en el CIR Monte Areo, de 18:00 a 19:30 h. el m\u00e9dico que coordina la Mesa de Intersectorial de Carre\u00f1o imparte un taller con los siguientes contenidos:<\/p>\n<p>1. Conocimientos b\u00e1sicos de la fisiolog\u00eda card\u00edaca<br \/>\n2. Enfermedades m\u00e1s frecuentes del coraz\u00f3n que provocan parada card\u00edaca<br \/>\n3. Formas de prevenci\u00f3n<br \/>\n4. Soporte Vital B\u00e1sico<br \/>\n5. Atragantamiento<br \/>\n6. Accidentes: Hemorragias, quemaduras, traumatismos, etc.<br \/>\n7. Reanimaci\u00f3n Cardiopulmonar (RCP)<\/p>\n<p>Previamente se present\u00f3 un videoclip sobre el proyecto socioeducativo de la Escuela rural de Guimar\u00e1n \u2013 El Valle. Desde este centro escolar con la colaboraci\u00f3n del Servicio m\u00e9dico de la Mancomunidad Cabo Pe\u00f1as y de M\u00f3nica \u00c1lvarez Jal\u00f3n, una enfermera de Amb\u00e1s experta en emergencias y madre de dos alumnos, la citada escuela rural planificaron y grabaron un videoclip con el resto de los centros socio educativos de Carre\u00f1o, en el que realizan las maniobras de resucitaci\u00f3n en un supuesto simulacro de parada card\u00edaca.<\/p>\n<p>Trabajaron c\u00f3mo actuar ante una ca\u00edda de una persona, c\u00f3mo reaccionar ante ella y c\u00f3mo realizar la reanimaci\u00f3n cardiopulmonar (RCP), una t\u00e9cnica \u00fatil para salvar vidas en muchas emergencias, entre ellas, un ataque card\u00edaco o cuasi ahogamiento, cuando se detienen la respiraci\u00f3n o los latidos del coraz\u00f3n de una persona.<\/p>\n<p>De la escuela rural carre\u00f1ense parti\u00f3 esta iniciativa que se present\u00f3 y aprob\u00f3 en la Mesa Intersectorial de Salud. Es la forma de extrapolar y adaptar al municipio la idea que tuvo la Unidad de Cuidados Intensivos del Hospital de Galdakao que relacion\u00f3 el himno del Athletic Club de Bilbao con el masaje card\u00edaco, una maniobra esencial para la reanimaci\u00f3n de una v\u00edctima de infarto porque \u00absiempre habr\u00e1 una canci\u00f3n que te ayude a seguir el ritmo de la vida\u00bb. En el caso de Carre\u00f1o la grabaci\u00f3n que est\u00e1n ultimando se est\u00e1 ambientando con la canci\u00f3n Sobrevivir\u00e9 (\u201cI will survive\u201d) de Gloria Gaynor.<\/p>\n<p>El primer videoclip, coordinado por las maestras rurales, Mirta Mor\u00e1n Mart\u00ednez y Lorena Piquero P\u00e9rez, muestra la RCP con el alumnado de infantil y primaria de su escuela. El hilo conductor que tienen previsto es c\u00f3mo el \u00abcartero\u00bb (papel interpretado por Adri\u00e1n Zapico Mu\u00f1iz, natural de El Valle el padre de un alumno de dicha escuela ) que reparte cartas en la zona rural se desmaya y es la comunidad educativa ayuda a reanimarlo al ritmo de la m\u00fasica.<\/p>\n","protected":false},"excerpt":{"rendered":"<p>Prosiguen las actividades municipales en el marco del proyecto \u201cCarre\u00f1o Concejo Cardioprotegido\u201d impulsado en el marco de la Estrategia para la Promoci\u00f3n de la Salud y Prevenci\u00f3n del Sistema Nacional de Salud, con el objetivo de promover una sociedad en la que las personas, las familias y las comunidades puedan alcanzar su m\u00e1ximo potencial de<\/p>\n","protected":false},"author":1,"featured_media":118345,"comment_status":"closed","ping_status":"closed","sticky":false,"template":"","format":"standard","meta":{"footnotes":""},"categories":[2],"tags":[],"class_list":{"0":"post-118344","1":"post","2":"type-post","3":"status-publish","4":"format-standard","5":"has-post-thumbnail","7":"category-noticias-carreno"},"aioseo_notices":[],"aioseo_head":"\n\t\t<!-- All in One SEO Pro 4.9.6.2 - aioseo.com -->\n\t<meta name=\"description\" content=\"Prosiguen las actividades municipales en el marco del proyecto \u201cCarre\u00f1o Concejo Cardioprotegido\u201d impulsado en el marco de la Estrategia para la Promoci\u00f3n de la Salud y Prevenci\u00f3n del Sistema Nacional de Salud, con el objetivo de promover una sociedad en la que las personas, las familias y las comunidades puedan alcanzar su m\u00e1ximo potencial de\" \/>\n\t<meta name=\"robots\" content=\"max-image-preview:large\" \/>\n\t<meta name=\"author\" content=\"Cand\u00e1s 365\"\/>\n\t<meta name=\"google-site-verification\" content=\"UA-32230408-1\" \/>\n\t<meta name=\"msvalidate.01\" content=\"354F3CDFB2DA171B47FBE9ABF1F88D5\" \/>\n\t<meta name=\"keywords\" content=\"noticias carre\u00f1o\" \/>\n\t<link rel=\"canonical\" href=\"https:\/\/candas365.es\/noticias\/nuevas-actividades-de-carreno-concejo-cardioprotegido\/\" \/>\n\t<meta name=\"generator\" content=\"All in One SEO Pro (AIOSEO) 4.9.6.2\" \/>\n\t\t<meta property=\"og:locale\" content=\"es_ES\" \/>\n\t\t<meta property=\"og:site_name\" content=\"Cand\u00e1s 365\" \/>\n\t\t<meta property=\"og:type\" content=\"article\" \/>\n\t\t<meta property=\"og:title\" content=\"Nuevas actividades de \u201cCarre\u00f1o Concejo Cardioprotegido\u201d | Cand\u00e1s 365\" \/>\n\t\t<meta property=\"og:description\" content=\"Prosiguen las actividades municipales en el marco del proyecto \u201cCarre\u00f1o Concejo Cardioprotegido\u201d impulsado en el marco de la Estrategia para la Promoci\u00f3n de la Salud y Prevenci\u00f3n del Sistema Nacional de Salud, con el objetivo de promover una sociedad en la que las personas, las familias y las comunidades puedan alcanzar su m\u00e1ximo potencial de\" \/>\n\t\t<meta property=\"og:url\" content=\"https:\/\/candas365.es\/noticias\/nuevas-actividades-de-carreno-concejo-cardioprotegido\/\" \/>\n\t\t<meta property=\"og:image\" content=\"https:\/\/candas365.es\/noticias\/wp-content\/uploads\/2019\/03\/IMG_7040.jpg\" \/>\n\t\t<meta property=\"og:image:secure_url\" content=\"https:\/\/candas365.es\/noticias\/wp-content\/uploads\/2019\/03\/IMG_7040.jpg\" \/>\n\t\t<meta property=\"og:image:width\" content=\"1280\" \/>\n\t\t<meta property=\"og:image:height\" content=\"960\" \/>\n\t\t<meta property=\"article:published_time\" content=\"2019-03-15T19:06:50+00:00\" \/>\n\t\t<meta property=\"article:modified_time\" content=\"2019-03-15T19:06:50+00:00\" \/>\n\t\t<meta property=\"article:publisher\" content=\"https:\/\/www.facebook.com\/Nachofdezber\" \/>\n\t\t<meta property=\"article:author\" content=\"https:\/\/www.facebook.com\/carrenoactualidad\" \/>\n\t\t<meta name=\"twitter:card\" content=\"summary_large_image\" \/>\n\t\t<meta name=\"twitter:site\" content=\"@NabercoDigital\" \/>\n\t\t<meta name=\"twitter:title\" content=\"Nuevas actividades de \u201cCarre\u00f1o Concejo Cardioprotegido\u201d | Cand\u00e1s 365\" \/>\n\t\t<meta name=\"twitter:description\" content=\"Prosiguen las actividades municipales en el marco del proyecto \u201cCarre\u00f1o Concejo Cardioprotegido\u201d impulsado en el marco de la Estrategia para la Promoci\u00f3n de la Salud y Prevenci\u00f3n del Sistema Nacional de Salud, con el objetivo de promover una sociedad en la que las personas, las familias y las comunidades puedan alcanzar su m\u00e1ximo potencial de\" \/>\n\t\t<meta name=\"twitter:creator\" content=\"@nbasturias\" \/>\n\t\t<meta name=\"twitter:image\" content=\"https:\/\/candas365.es\/noticias\/wp-content\/uploads\/2019\/03\/IMG_7040.jpg\" \/>\n\t\t<meta name=\"twitter:label1\" content=\"Escrito por\" \/>\n\t\t<meta name=\"twitter:data1\" content=\"Cand\u00e1s 365\" \/>\n\t\t<meta name=\"twitter:label2\" content=\"Tiempo de lectura estimado\" \/>\n\t\t<meta name=\"twitter:data2\" content=\"3 minutos\" \/>\n\t\t<script type=\"application\/ld+json\" class=\"aioseo-schema\">\n\t\t\t{\"@context\":\"https:\\\/\\\/schema.org\",\"@graph\":[{\"@type\":\"BreadcrumbList\",\"@id\":\"https:\\\/\\\/candas365.es\\\/noticias\\\/nuevas-actividades-de-carreno-concejo-cardioprotegido\\\/#breadcrumblist\",\"itemListElement\":[{\"@type\":\"ListItem\",\"@id\":\"https:\\\/\\\/candas365.es\\\/noticias#listItem\",\"position\":1,\"name\":\"Home\",\"item\":\"https:\\\/\\\/candas365.es\\\/noticias\",\"nextItem\":{\"@type\":\"ListItem\",\"@id\":\"https:\\\/\\\/candas365.es\\\/noticias\\\/category\\\/noticias-carreno\\\/#listItem\",\"name\":\"Noticias Carre\\u00f1o\"}},{\"@type\":\"ListItem\",\"@id\":\"https:\\\/\\\/candas365.es\\\/noticias\\\/category\\\/noticias-carreno\\\/#listItem\",\"position\":2,\"name\":\"Noticias Carre\\u00f1o\",\"item\":\"https:\\\/\\\/candas365.es\\\/noticias\\\/category\\\/noticias-carreno\\\/\",\"nextItem\":{\"@type\":\"ListItem\",\"@id\":\"https:\\\/\\\/candas365.es\\\/noticias\\\/nuevas-actividades-de-carreno-concejo-cardioprotegido\\\/#listItem\",\"name\":\"Nuevas actividades de \\u201cCarre\\u00f1o Concejo Cardioprotegido\\u201d\"},\"previousItem\":{\"@type\":\"ListItem\",\"@id\":\"https:\\\/\\\/candas365.es\\\/noticias#listItem\",\"name\":\"Home\"}},{\"@type\":\"ListItem\",\"@id\":\"https:\\\/\\\/candas365.es\\\/noticias\\\/nuevas-actividades-de-carreno-concejo-cardioprotegido\\\/#listItem\",\"position\":3,\"name\":\"Nuevas actividades de \\u201cCarre\\u00f1o Concejo Cardioprotegido\\u201d\",\"previousItem\":{\"@type\":\"ListItem\",\"@id\":\"https:\\\/\\\/candas365.es\\\/noticias\\\/category\\\/noticias-carreno\\\/#listItem\",\"name\":\"Noticias Carre\\u00f1o\"}}]},{\"@type\":\"NewsArticle\",\"@id\":\"https:\\\/\\\/candas365.es\\\/noticias\\\/nuevas-actividades-de-carreno-concejo-cardioprotegido\\\/#newsarticle\",\"name\":\"Nuevas actividades de \\u201cCarre\\u00f1o Concejo Cardioprotegido\\u201d | Cand\\u00e1s 365\",\"headline\":\"Nuevas actividades de \\u201cCarre\\u00f1o Concejo Cardioprotegido\\u201d\",\"author\":{\"@id\":\"https:\\\/\\\/candas365.es\\\/noticias\\\/author\\\/admin\\\/#author\"},\"publisher\":{\"@id\":\"https:\\\/\\\/candas365.es\\\/noticias\\\/#organization\"},\"image\":{\"@type\":\"ImageObject\",\"url\":\"https:\\\/\\\/candas365.es\\\/noticias\\\/wp-content\\\/uploads\\\/2019\\\/03\\\/IMG_7040.jpg\",\"width\":1280,\"height\":960},\"datePublished\":\"2019-03-15T19:06:50+01:00\",\"dateModified\":\"2019-03-15T19:06:50+01:00\",\"inLanguage\":\"es-ES\",\"mainEntityOfPage\":{\"@id\":\"https:\\\/\\\/candas365.es\\\/noticias\\\/nuevas-actividades-de-carreno-concejo-cardioprotegido\\\/#webpage\"},\"isPartOf\":{\"@id\":\"https:\\\/\\\/candas365.es\\\/noticias\\\/nuevas-actividades-de-carreno-concejo-cardioprotegido\\\/#webpage\"},\"articleSection\":\"Noticias Carre\\u00f1o\",\"dateline\":\"Publicado el marzo 15, 2019.\"},{\"@type\":\"Organization\",\"@id\":\"https:\\\/\\\/candas365.es\\\/noticias\\\/#organization\",\"name\":\"Cand\\u00e1s 365\",\"description\":\"Cand\\u00e1s 365 es un diario digital independiente, fundado en 2012, con base en Asturias. Informamos con rigor sobre actualidad, sociedad, cultura y ocio, con una mirada local y global.\",\"url\":\"https:\\\/\\\/candas365.es\\\/noticias\\\/\",\"email\":\"info@candas365.es\",\"telephone\":\"+34652131393\",\"foundingDate\":\"2012-06-10\",\"logo\":{\"@type\":\"ImageObject\",\"url\":\"https:\\\/\\\/candas365.es\\\/noticias\\\/wp-content\\\/uploads\\\/2024\\\/09\\\/Candas-365-Redes.jpg\",\"@id\":\"https:\\\/\\\/candas365.es\\\/noticias\\\/nuevas-actividades-de-carreno-concejo-cardioprotegido\\\/#organizationLogo\",\"width\":1152,\"height\":864,\"caption\":\"Cand\\u00e1s 365 Redes\"},\"image\":{\"@id\":\"https:\\\/\\\/candas365.es\\\/noticias\\\/nuevas-actividades-de-carreno-concejo-cardioprotegido\\\/#organizationLogo\"},\"sameAs\":[\"https:\\\/\\\/www.facebook.com\\\/Nachofdezber\",\"https:\\\/\\\/x.com\\\/NabercoDigital\",\"https:\\\/\\\/www.instagram.com\\\/nachofdezber\\\/\",\"https:\\\/\\\/www.youtube.com\\\/channel\\\/UCZP-2wLEB9Rv6erhFmqVnvg\"],\"address\":{\"@id\":\"https:\\\/\\\/candas365.es\\\/noticias\\\/#postaladdress\",\"@type\":\"PostalAddress\",\"streetAddress\":\"san antonio 4, san antonio 4\",\"postalCode\":\"33430\",\"addressLocality\":\"Cand\\u00e1s\",\"addressRegion\":\"Asturias\",\"addressCountry\":\"ES\"}},{\"@type\":\"Person\",\"@id\":\"https:\\\/\\\/candas365.es\\\/noticias\\\/author\\\/admin\\\/#author\",\"url\":\"https:\\\/\\\/candas365.es\\\/noticias\\\/author\\\/admin\\\/\",\"name\":\"Cand\\u00e1s 365\",\"image\":{\"@type\":\"ImageObject\",\"@id\":\"https:\\\/\\\/candas365.es\\\/noticias\\\/nuevas-actividades-de-carreno-concejo-cardioprotegido\\\/#authorImage\",\"url\":\"https:\\\/\\\/secure.gravatar.com\\\/avatar\\\/496a8e03d0c493ede1718b7934145dbdf8d89be1036b0eec9544e1094c9de390?s=96&d=mm&r=g\",\"width\":96,\"height\":96,\"caption\":\"Cand\\u00e1s 365\"},\"sameAs\":[\"https:\\\/\\\/www.facebook.com\\\/carrenoactualidad\",\"https:\\\/\\\/twitter.com\\\/nbasturias\",\"https:\\\/\\\/www.instagram.com\\\/nachofdezber\\\/\",\"https:\\\/\\\/www.youtube.com\\\/channel\\\/UCZP-2wLEB9Rv6erhFmqVnvg\"]},{\"@type\":\"WebPage\",\"@id\":\"https:\\\/\\\/candas365.es\\\/noticias\\\/nuevas-actividades-de-carreno-concejo-cardioprotegido\\\/#webpage\",\"url\":\"https:\\\/\\\/candas365.es\\\/noticias\\\/nuevas-actividades-de-carreno-concejo-cardioprotegido\\\/\",\"name\":\"Nuevas actividades de \\u201cCarre\\u00f1o Concejo Cardioprotegido\\u201d | Cand\\u00e1s 365\",\"description\":\"Prosiguen las actividades municipales en el marco del proyecto \\u201cCarre\\u00f1o Concejo Cardioprotegido\\u201d impulsado en el marco de la Estrategia para la Promoci\\u00f3n de la Salud y Prevenci\\u00f3n del Sistema Nacional de Salud, con el objetivo de promover una sociedad en la que las personas, las familias y las comunidades puedan alcanzar su m\\u00e1ximo potencial de\",\"inLanguage\":\"es-ES\",\"isPartOf\":{\"@id\":\"https:\\\/\\\/candas365.es\\\/noticias\\\/#website\"},\"breadcrumb\":{\"@id\":\"https:\\\/\\\/candas365.es\\\/noticias\\\/nuevas-actividades-de-carreno-concejo-cardioprotegido\\\/#breadcrumblist\"},\"author\":{\"@id\":\"https:\\\/\\\/candas365.es\\\/noticias\\\/author\\\/admin\\\/#author\"},\"creator\":{\"@id\":\"https:\\\/\\\/candas365.es\\\/noticias\\\/author\\\/admin\\\/#author\"},\"image\":{\"@type\":\"ImageObject\",\"url\":\"https:\\\/\\\/candas365.es\\\/noticias\\\/wp-content\\\/uploads\\\/2019\\\/03\\\/IMG_7040.jpg\",\"@id\":\"https:\\\/\\\/candas365.es\\\/noticias\\\/nuevas-actividades-de-carreno-concejo-cardioprotegido\\\/#mainImage\",\"width\":1280,\"height\":960},\"primaryImageOfPage\":{\"@id\":\"https:\\\/\\\/candas365.es\\\/noticias\\\/nuevas-actividades-de-carreno-concejo-cardioprotegido\\\/#mainImage\"},\"datePublished\":\"2019-03-15T19:06:50+01:00\",\"dateModified\":\"2019-03-15T19:06:50+01:00\"},{\"@type\":\"WebSite\",\"@id\":\"https:\\\/\\\/candas365.es\\\/noticias\\\/#website\",\"url\":\"https:\\\/\\\/candas365.es\\\/noticias\\\/\",\"name\":\"Cand\\u00e1s 365\",\"alternateName\":\"Cand\\u00e1s 365 Noticias\",\"description\":\"Actualidad desde Carre\\u00f1o para el mundo\",\"inLanguage\":\"es-ES\",\"publisher\":{\"@id\":\"https:\\\/\\\/candas365.es\\\/noticias\\\/#organization\"}}]}\n\t\t<\/script>\n\t\t<!-- All in One SEO Pro -->\r\n\t\t<title>Nuevas actividades de \u201cCarre\u00f1o Concejo Cardioprotegido\u201d | Cand\u00e1s 365<\/title>\n\n","aioseo_head_json":{"title":"Nuevas actividades de \u201cCarre\u00f1o Concejo Cardioprotegido\u201d | Cand\u00e1s 365","description":"Prosiguen las actividades municipales en el marco del proyecto \u201cCarre\u00f1o Concejo Cardioprotegido\u201d impulsado en el marco de la Estrategia para la Promoci\u00f3n de la Salud y Prevenci\u00f3n del Sistema Nacional de Salud, con el objetivo de promover una sociedad en la que las personas, las familias y las comunidades puedan alcanzar su m\u00e1ximo potencial de","canonical_url":"https:\/\/candas365.es\/noticias\/nuevas-actividades-de-carreno-concejo-cardioprotegido\/","robots":"max-image-preview:large","keywords":"noticias carre\u00f1o","webmasterTools":{"google-site-verification":"UA-32230408-1","msvalidate.01":"354F3CDFB2DA171B47FBE9ABF1F88D5","miscellaneous":""},"schema":{"@context":"https:\/\/schema.org","@graph":[{"@type":"BreadcrumbList","@id":"https:\/\/candas365.es\/noticias\/nuevas-actividades-de-carreno-concejo-cardioprotegido\/#breadcrumblist","itemListElement":[{"@type":"ListItem","@id":"https:\/\/candas365.es\/noticias#listItem","position":1,"name":"Home","item":"https:\/\/candas365.es\/noticias","nextItem":{"@type":"ListItem","@id":"https:\/\/candas365.es\/noticias\/category\/noticias-carreno\/#listItem","name":"Noticias Carre\u00f1o"}},{"@type":"ListItem","@id":"https:\/\/candas365.es\/noticias\/category\/noticias-carreno\/#listItem","position":2,"name":"Noticias Carre\u00f1o","item":"https:\/\/candas365.es\/noticias\/category\/noticias-carreno\/","nextItem":{"@type":"ListItem","@id":"https:\/\/candas365.es\/noticias\/nuevas-actividades-de-carreno-concejo-cardioprotegido\/#listItem","name":"Nuevas actividades de \u201cCarre\u00f1o Concejo Cardioprotegido\u201d"},"previousItem":{"@type":"ListItem","@id":"https:\/\/candas365.es\/noticias#listItem","name":"Home"}},{"@type":"ListItem","@id":"https:\/\/candas365.es\/noticias\/nuevas-actividades-de-carreno-concejo-cardioprotegido\/#listItem","position":3,"name":"Nuevas actividades de \u201cCarre\u00f1o Concejo Cardioprotegido\u201d","previousItem":{"@type":"ListItem","@id":"https:\/\/candas365.es\/noticias\/category\/noticias-carreno\/#listItem","name":"Noticias Carre\u00f1o"}}]},{"@type":"NewsArticle","@id":"https:\/\/candas365.es\/noticias\/nuevas-actividades-de-carreno-concejo-cardioprotegido\/#newsarticle","name":"Nuevas actividades de \u201cCarre\u00f1o Concejo Cardioprotegido\u201d | Cand\u00e1s 365","headline":"Nuevas actividades de \u201cCarre\u00f1o Concejo Cardioprotegido\u201d","author":{"@id":"https:\/\/candas365.es\/noticias\/author\/admin\/#author"},"publisher":{"@id":"https:\/\/candas365.es\/noticias\/#organization"},"image":{"@type":"ImageObject","url":"https:\/\/candas365.es\/noticias\/wp-content\/uploads\/2019\/03\/IMG_7040.jpg","width":1280,"height":960},"datePublished":"2019-03-15T19:06:50+01:00","dateModified":"2019-03-15T19:06:50+01:00","inLanguage":"es-ES","mainEntityOfPage":{"@id":"https:\/\/candas365.es\/noticias\/nuevas-actividades-de-carreno-concejo-cardioprotegido\/#webpage"},"isPartOf":{"@id":"https:\/\/candas365.es\/noticias\/nuevas-actividades-de-carreno-concejo-cardioprotegido\/#webpage"},"articleSection":"Noticias Carre\u00f1o","dateline":"Publicado el marzo 15, 2019."},{"@type":"Organization","@id":"https:\/\/candas365.es\/noticias\/#organization","name":"Cand\u00e1s 365","description":"Cand\u00e1s 365 es un diario digital independiente, fundado en 2012, con base en Asturias. Informamos con rigor sobre actualidad, sociedad, cultura y ocio, con una mirada local y global.","url":"https:\/\/candas365.es\/noticias\/","email":"info@candas365.es","telephone":"+34652131393","foundingDate":"2012-06-10","logo":{"@type":"ImageObject","url":"https:\/\/candas365.es\/noticias\/wp-content\/uploads\/2024\/09\/Candas-365-Redes.jpg","@id":"https:\/\/candas365.es\/noticias\/nuevas-actividades-de-carreno-concejo-cardioprotegido\/#organizationLogo","width":1152,"height":864,"caption":"Cand\u00e1s 365 Redes"},"image":{"@id":"https:\/\/candas365.es\/noticias\/nuevas-actividades-de-carreno-concejo-cardioprotegido\/#organizationLogo"},"sameAs":["https:\/\/www.facebook.com\/Nachofdezber","https:\/\/x.com\/NabercoDigital","https:\/\/www.instagram.com\/nachofdezber\/","https:\/\/www.youtube.com\/channel\/UCZP-2wLEB9Rv6erhFmqVnvg"],"address":{"@id":"https:\/\/candas365.es\/noticias\/#postaladdress","@type":"PostalAddress","streetAddress":"san antonio 4, san antonio 4","postalCode":"33430","addressLocality":"Cand\u00e1s","addressRegion":"Asturias","addressCountry":"ES"}},{"@type":"Person","@id":"https:\/\/candas365.es\/noticias\/author\/admin\/#author","url":"https:\/\/candas365.es\/noticias\/author\/admin\/","name":"Cand\u00e1s 365","image":{"@type":"ImageObject","@id":"https:\/\/candas365.es\/noticias\/nuevas-actividades-de-carreno-concejo-cardioprotegido\/#authorImage","url":"https:\/\/secure.gravatar.com\/avatar\/496a8e03d0c493ede1718b7934145dbdf8d89be1036b0eec9544e1094c9de390?s=96&d=mm&r=g","width":96,"height":96,"caption":"Cand\u00e1s 365"},"sameAs":["https:\/\/www.facebook.com\/carrenoactualidad","https:\/\/twitter.com\/nbasturias","https:\/\/www.instagram.com\/nachofdezber\/","https:\/\/www.youtube.com\/channel\/UCZP-2wLEB9Rv6erhFmqVnvg"]},{"@type":"WebPage","@id":"https:\/\/candas365.es\/noticias\/nuevas-actividades-de-carreno-concejo-cardioprotegido\/#webpage","url":"https:\/\/candas365.es\/noticias\/nuevas-actividades-de-carreno-concejo-cardioprotegido\/","name":"Nuevas actividades de \u201cCarre\u00f1o Concejo Cardioprotegido\u201d | Cand\u00e1s 365","description":"Prosiguen las actividades municipales en el marco del proyecto \u201cCarre\u00f1o Concejo Cardioprotegido\u201d impulsado en el marco de la Estrategia para la Promoci\u00f3n de la Salud y Prevenci\u00f3n del Sistema Nacional de Salud, con el objetivo de promover una sociedad en la que las personas, las familias y las comunidades puedan alcanzar su m\u00e1ximo potencial de","inLanguage":"es-ES","isPartOf":{"@id":"https:\/\/candas365.es\/noticias\/#website"},"breadcrumb":{"@id":"https:\/\/candas365.es\/noticias\/nuevas-actividades-de-carreno-concejo-cardioprotegido\/#breadcrumblist"},"author":{"@id":"https:\/\/candas365.es\/noticias\/author\/admin\/#author"},"creator":{"@id":"https:\/\/candas365.es\/noticias\/author\/admin\/#author"},"image":{"@type":"ImageObject","url":"https:\/\/candas365.es\/noticias\/wp-content\/uploads\/2019\/03\/IMG_7040.jpg","@id":"https:\/\/candas365.es\/noticias\/nuevas-actividades-de-carreno-concejo-cardioprotegido\/#mainImage","width":1280,"height":960},"primaryImageOfPage":{"@id":"https:\/\/candas365.es\/noticias\/nuevas-actividades-de-carreno-concejo-cardioprotegido\/#mainImage"},"datePublished":"2019-03-15T19:06:50+01:00","dateModified":"2019-03-15T19:06:50+01:00"},{"@type":"WebSite","@id":"https:\/\/candas365.es\/noticias\/#website","url":"https:\/\/candas365.es\/noticias\/","name":"Cand\u00e1s 365","alternateName":"Cand\u00e1s 365 Noticias","description":"Actualidad desde Carre\u00f1o para el mundo","inLanguage":"es-ES","publisher":{"@id":"https:\/\/candas365.es\/noticias\/#organization"}}]},"og:locale":"es_ES","og:site_name":"Cand\u00e1s 365","og:type":"article","og:title":"Nuevas actividades de \u201cCarre\u00f1o Concejo Cardioprotegido\u201d | Cand\u00e1s 365","og:description":"Prosiguen las actividades municipales en el marco del proyecto \u201cCarre\u00f1o Concejo Cardioprotegido\u201d impulsado en el marco de la Estrategia para la Promoci\u00f3n de la Salud y Prevenci\u00f3n del Sistema Nacional de Salud, con el objetivo de promover una sociedad en la que las personas, las familias y las comunidades puedan alcanzar su m\u00e1ximo potencial de","og:url":"https:\/\/candas365.es\/noticias\/nuevas-actividades-de-carreno-concejo-cardioprotegido\/","og:image":"https:\/\/candas365.es\/noticias\/wp-content\/uploads\/2019\/03\/IMG_7040.jpg","og:image:secure_url":"https:\/\/candas365.es\/noticias\/wp-content\/uploads\/2019\/03\/IMG_7040.jpg","og:image:width":1280,"og:image:height":960,"article:published_time":"2019-03-15T19:06:50+00:00","article:modified_time":"2019-03-15T19:06:50+00:00","article:publisher":"https:\/\/www.facebook.com\/Nachofdezber","article:author":"https:\/\/www.facebook.com\/carrenoactualidad","twitter:card":"summary_large_image","twitter:site":"@NabercoDigital","twitter:title":"Nuevas actividades de \u201cCarre\u00f1o Concejo Cardioprotegido\u201d | Cand\u00e1s 365","twitter:description":"Prosiguen las actividades municipales en el marco del proyecto \u201cCarre\u00f1o Concejo Cardioprotegido\u201d impulsado en el marco de la Estrategia para la Promoci\u00f3n de la Salud y Prevenci\u00f3n del Sistema Nacional de Salud, con el objetivo de promover una sociedad en la que las personas, las familias y las comunidades puedan alcanzar su m\u00e1ximo potencial de","twitter:creator":"@nbasturias","twitter:image":"https:\/\/candas365.es\/noticias\/wp-content\/uploads\/2019\/03\/IMG_7040.jpg","twitter:label1":"Escrito por","twitter:data1":"Cand\u00e1s 365","twitter:label2":"Tiempo de lectura estimado","twitter:data2":"3 minutos"},"aioseo_meta_data":{"post_id":"118344","title":null,"description":null,"keywords":null,"keyphrases":null,"primary_term":null,"canonical_url":null,"og_title":null,"og_description":null,"og_object_type":"default","og_image_type":"default","og_image_url":null,"og_image_width":null,"og_image_height":null,"og_image_custom_url":null,"og_image_custom_fields":null,"og_video":null,"og_custom_url":null,"og_article_section":null,"og_article_tags":null,"twitter_use_og":false,"twitter_card":"default","twitter_image_type":"default","twitter_image_url":null,"twitter_image_custom_url":null,"twitter_image_custom_fields":null,"twitter_title":null,"twitter_description":null,"schema":{"blockGraphs":[],"customGraphs":[],"default":{"data":{"Article":[],"Course":[],"Dataset":[],"FAQPage":[],"Movie":[],"Person":[],"Product":[],"ProductReview":[],"Car":[],"Recipe":[],"Service":[],"SoftwareApplication":[],"WebPage":[]},"graphName":"","isEnabled":true},"graphs":[]},"schema_type":null,"schema_type_options":null,"pillar_content":false,"robots_default":true,"robots_noindex":false,"robots_noarchive":false,"robots_nosnippet":false,"robots_nofollow":false,"robots_noimageindex":false,"robots_noodp":false,"robots_notranslate":false,"robots_max_snippet":null,"robots_max_videopreview":null,"robots_max_imagepreview":"large","priority":null,"frequency":null,"location":null,"local_seo":null,"seo_analyzer_scan_date":"2025-08-29 11:48:36","breadcrumb_settings":null,"limit_modified_date":false,"reviewed_by":null,"open_ai":null,"ai":null,"created":"2020-12-21 11:02:59","updated":"2025-08-29 11:48:36"},"aioseo_breadcrumb":"<div class=\"aioseo-breadcrumbs\"><span class=\"aioseo-breadcrumb\">\n\t<a href=\"https:\/\/candas365.es\/noticias\" title=\"Home\">Home<\/a>\n<\/span><span class=\"aioseo-breadcrumb-separator\">&ndash;<\/span><span class=\"aioseo-breadcrumb\">\n\t<a href=\"https:\/\/candas365.es\/noticias\/category\/noticias-carreno\/\" title=\"Noticias Carre\u00f1o\">Noticias Carre\u00f1o<\/a>\n<\/span><span class=\"aioseo-breadcrumb-separator\">&ndash;<\/span><span class=\"aioseo-breadcrumb\">\n\tNuevas actividades de \u201cCarre\u00f1o Concejo Cardioprotegido\u201d\n<\/span><\/div>","aioseo_breadcrumb_json":[{"label":"Home","link":"https:\/\/candas365.es\/noticias"},{"label":"Noticias Carre\u00f1o","link":"https:\/\/candas365.es\/noticias\/category\/noticias-carreno\/"},{"label":"Nuevas actividades de \u201cCarre\u00f1o Concejo Cardioprotegido\u201d","link":"https:\/\/candas365.es\/noticias\/nuevas-actividades-de-carreno-concejo-cardioprotegido\/"}],"_links":{"self":[{"href":"https:\/\/candas365.es\/noticias\/wp-json\/wp\/v2\/posts\/118344","targetHints":{"allow":["GET"]}}],"collection":[{"href":"https:\/\/candas365.es\/noticias\/wp-json\/wp\/v2\/posts"}],"about":[{"href":"https:\/\/candas365.es\/noticias\/wp-json\/wp\/v2\/types\/post"}],"author":[{"embeddable":true,"href":"https:\/\/candas365.es\/noticias\/wp-json\/wp\/v2\/users\/1"}],"replies":[{"embeddable":true,"href":"https:\/\/candas365.es\/noticias\/wp-json\/wp\/v2\/comments?post=118344"}],"version-history":[{"count":0,"href":"https:\/\/candas365.es\/noticias\/wp-json\/wp\/v2\/posts\/118344\/revisions"}],"wp:featuredmedia":[{"embeddable":true,"href":"https:\/\/candas365.es\/noticias\/wp-json\/wp\/v2\/media\/118345"}],"wp:attachment":[{"href":"https:\/\/candas365.es\/noticias\/wp-json\/wp\/v2\/media?parent=118344"}],"wp:term":[{"taxonomy":"category","embeddable":true,"href":"https:\/\/candas365.es\/noticias\/wp-json\/wp\/v2\/categories?post=118344"},{"taxonomy":"post_tag","embeddable":true,"href":"https:\/\/candas365.es\/noticias\/wp-json\/wp\/v2\/tags?post=118344"}],"curies":[{"name":"wp","href":"https:\/\/api.w.org\/{rel}","templated":true}]}}