{"id":118199,"date":"2019-03-13T17:29:30","date_gmt":"2019-03-13T17:29:30","guid":{"rendered":"http:\/\/candas365.es\/noticias\/?p=118199"},"modified":"2019-03-13T17:29:30","modified_gmt":"2019-03-13T17:29:30","slug":"nina-pastori-en-el-centro-niemeyer-el-9-de-junio","status":"publish","type":"post","link":"https:\/\/candas365.es\/noticias\/nina-pastori-en-el-centro-niemeyer-el-9-de-junio\/","title":{"rendered":"Ni\u00f1a Pastori, en el Centro Niemeyer el 9 de junio"},"content":{"rendered":"<p><img fetchpriority=\"high\" decoding=\"async\" class=\"alignleft size-medium wp-image-118200\" src=\"https:\/\/candas365.es\/noticias\/wp-content\/uploads\/2019\/03\/PASTORI-foto-gira-2019-333x300.jpg\" alt=\"\" width=\"333\" height=\"300\" srcset=\"https:\/\/candas365.es\/noticias\/wp-content\/uploads\/2019\/03\/PASTORI-foto-gira-2019-333x300.jpg 333w, https:\/\/candas365.es\/noticias\/wp-content\/uploads\/2019\/03\/PASTORI-foto-gira-2019-768x691.jpg 768w, https:\/\/candas365.es\/noticias\/wp-content\/uploads\/2019\/03\/PASTORI-foto-gira-2019-533x480.jpg 533w, https:\/\/candas365.es\/noticias\/wp-content\/uploads\/2019\/03\/PASTORI-foto-gira-2019-696x627.jpg 696w, https:\/\/candas365.es\/noticias\/wp-content\/uploads\/2019\/03\/PASTORI-foto-gira-2019-1068x961.jpg 1068w, https:\/\/candas365.es\/noticias\/wp-content\/uploads\/2019\/03\/PASTORI-foto-gira-2019-467x420.jpg 467w, https:\/\/candas365.es\/noticias\/wp-content\/uploads\/2019\/03\/PASTORI-foto-gira-2019.jpg 1263w\" sizes=\"(max-width: 333px) 100vw, 333px\" \/>El domingo 9 de junio a las 21:00 la cantante y compositora gaditana Ni\u00f1a Pastori ofrecer\u00e1 un concierto de la gira de su \u00faltimo \u00e1lbum \u201cRealmente volando\u201d en el Auditorio del Centro Niemeyer. Las entradas para esta cita con la m\u00fasica de ra\u00edz estar\u00e1n disponibles desde ma\u00f1ana, jueves 14 de marzo a partir de las 11:00.<\/p>\n<p>Mar\u00eda Garc\u00eda, nombre real de Ni\u00f1a Pastori, tiene el flamenco en la sangre desde su nacimiento, y ya siendo una ni\u00f1a asist\u00eda a conciertos de Camar\u00f3n, Rancapino, Aurora Vargas o Juana la del Revuelo, cantautores que le otorgaron una gran base y aprecio al flamenco puro aunque sin impedir que la gaditana le aportase un sonido propio y moderno a su cante.<\/p>\n<p>Desde su debut discogr\u00e1fico en 1996 con \u201cEntre dos puertos\u201d, disco apadrinado por Alejandro Sanz, han pasado m\u00e1s de veinte a\u00f1os de brillante trayectoria musical hasta llegar a su \u00faltimo \u00e1lbum. En \u201cRealmente volando\u201d, un DVD registrado durante su concierto en el Teatro Real de Madrid el verano pasado, cont\u00f3 con la colaboraci\u00f3n de grandes artistas de renombre del panorama musical actual, como Rosal\u00eda, Mal\u00fa, Pastora Soler o Manuel Carrasco entre los muchos nombres destacados.<\/p>\n<p>Junto a su marido Chaboli al frente de su equipo creativo, ha expandido el cante flamenco m\u00e1s all\u00e1 del Atl\u00e1ntico, colaborando con figuras cardinales de la m\u00fasica hispanoamericana como Rub\u00e9n Blades, Juan Luis Guerra o Pancho C\u00e9spedes, lo que le ha valido el Grammy Latino en cuatro ocasiones, y ser la \u00fanica artista flamenca nominada a un Grammy.<\/p>\n<p>Las entradas se pueden adquirir desde ma\u00f1ana, jueves 14 de marzo, a las 11:00 a un precio de 42 \u20ac (37 \u20ac para socios del Club Cultura que adquieran sus entradas hasta el 26 de mayo, descuento limitado a 50 localidades y con un m\u00e1ximo dos entradas por tarjeta) en las recepciones del Centro Niemeyer, CITPA Oviedo y Laboral Ciudad de la Cultura en Gij\u00f3n, el tel\u00e9fono 902 106 601 y Liberbank \u2013 entradas (www.liberbank.es).<\/p>\n","protected":false},"excerpt":{"rendered":"<p>El domingo 9 de junio a las 21:00 la cantante y compositora gaditana Ni\u00f1a Pastori ofrecer\u00e1 un concierto de la gira de su \u00faltimo \u00e1lbum \u201cRealmente volando\u201d en el Auditorio del Centro Niemeyer. Las entradas para esta cita con la m\u00fasica de ra\u00edz estar\u00e1n disponibles desde ma\u00f1ana, jueves 14 de marzo a partir de las<\/p>\n","protected":false},"author":1,"featured_media":118200,"comment_status":"closed","ping_status":"closed","sticky":false,"template":"","format":"standard","meta":{"footnotes":""},"categories":[1],"tags":[],"class_list":{"0":"post-118199","1":"post","2":"type-post","3":"status-publish","4":"format-standard","5":"has-post-thumbnail","7":"category-agenda"},"aioseo_notices":[],"aioseo_head":"\n\t\t<!-- All in One SEO Pro 4.9.6.2 - aioseo.com -->\n\t<meta name=\"description\" content=\"El domingo 9 de junio a las 21:00 la cantante y compositora gaditana Ni\u00f1a Pastori ofrecer\u00e1 un concierto de la gira de su \u00faltimo \u00e1lbum \u201cRealmente volando\u201d en el Auditorio del Centro Niemeyer. Las entradas para esta cita con la m\u00fasica de ra\u00edz estar\u00e1n disponibles desde ma\u00f1ana, jueves 14 de marzo a partir de las\" \/>\n\t<meta name=\"robots\" content=\"max-image-preview:large\" \/>\n\t<meta name=\"author\" content=\"Cand\u00e1s 365\"\/>\n\t<meta name=\"google-site-verification\" content=\"UA-32230408-1\" \/>\n\t<meta name=\"msvalidate.01\" content=\"354F3CDFB2DA171B47FBE9ABF1F88D5\" \/>\n\t<meta name=\"keywords\" content=\"agenda\" \/>\n\t<link rel=\"canonical\" href=\"https:\/\/candas365.es\/noticias\/nina-pastori-en-el-centro-niemeyer-el-9-de-junio\/\" \/>\n\t<meta name=\"generator\" content=\"All in One SEO Pro (AIOSEO) 4.9.6.2\" \/>\n\t\t<meta property=\"og:locale\" content=\"es_ES\" \/>\n\t\t<meta property=\"og:site_name\" content=\"Cand\u00e1s 365\" \/>\n\t\t<meta property=\"og:type\" content=\"article\" \/>\n\t\t<meta property=\"og:title\" content=\"Ni\u00f1a Pastori, en el Centro Niemeyer el 9 de junio | Cand\u00e1s 365\" \/>\n\t\t<meta property=\"og:description\" content=\"El domingo 9 de junio a las 21:00 la cantante y compositora gaditana Ni\u00f1a Pastori ofrecer\u00e1 un concierto de la gira de su \u00faltimo \u00e1lbum \u201cRealmente volando\u201d en el Auditorio del Centro Niemeyer. Las entradas para esta cita con la m\u00fasica de ra\u00edz estar\u00e1n disponibles desde ma\u00f1ana, jueves 14 de marzo a partir de las\" \/>\n\t\t<meta property=\"og:url\" content=\"https:\/\/candas365.es\/noticias\/nina-pastori-en-el-centro-niemeyer-el-9-de-junio\/\" \/>\n\t\t<meta property=\"og:image\" content=\"https:\/\/candas365.es\/noticias\/wp-content\/uploads\/2019\/03\/PASTORI-foto-gira-2019.jpg\" \/>\n\t\t<meta property=\"og:image:secure_url\" content=\"https:\/\/candas365.es\/noticias\/wp-content\/uploads\/2019\/03\/PASTORI-foto-gira-2019.jpg\" \/>\n\t\t<meta property=\"og:image:width\" content=\"1263\" \/>\n\t\t<meta property=\"og:image:height\" content=\"1137\" \/>\n\t\t<meta property=\"article:published_time\" content=\"2019-03-13T17:29:30+00:00\" \/>\n\t\t<meta property=\"article:modified_time\" content=\"2019-03-13T17:29:30+00:00\" \/>\n\t\t<meta property=\"article:publisher\" content=\"https:\/\/www.facebook.com\/Nachofdezber\" \/>\n\t\t<meta property=\"article:author\" content=\"https:\/\/www.facebook.com\/carrenoactualidad\" \/>\n\t\t<meta name=\"twitter:card\" content=\"summary_large_image\" \/>\n\t\t<meta name=\"twitter:site\" content=\"@NabercoDigital\" \/>\n\t\t<meta name=\"twitter:title\" content=\"Ni\u00f1a Pastori, en el Centro Niemeyer el 9 de junio | Cand\u00e1s 365\" \/>\n\t\t<meta name=\"twitter:description\" content=\"El domingo 9 de junio a las 21:00 la cantante y compositora gaditana Ni\u00f1a Pastori ofrecer\u00e1 un concierto de la gira de su \u00faltimo \u00e1lbum \u201cRealmente volando\u201d en el Auditorio del Centro Niemeyer. Las entradas para esta cita con la m\u00fasica de ra\u00edz estar\u00e1n disponibles desde ma\u00f1ana, jueves 14 de marzo a partir de las\" \/>\n\t\t<meta name=\"twitter:creator\" content=\"@nbasturias\" \/>\n\t\t<meta name=\"twitter:image\" content=\"https:\/\/candas365.es\/noticias\/wp-content\/uploads\/2019\/03\/PASTORI-foto-gira-2019.jpg\" \/>\n\t\t<meta name=\"twitter:label1\" content=\"Escrito por\" \/>\n\t\t<meta name=\"twitter:data1\" content=\"Cand\u00e1s 365\" \/>\n\t\t<meta name=\"twitter:label2\" content=\"Tiempo de lectura estimado\" \/>\n\t\t<meta name=\"twitter:data2\" content=\"2 minutos\" \/>\n\t\t<script type=\"application\/ld+json\" class=\"aioseo-schema\">\n\t\t\t{\"@context\":\"https:\\\/\\\/schema.org\",\"@graph\":[{\"@type\":\"BreadcrumbList\",\"@id\":\"https:\\\/\\\/candas365.es\\\/noticias\\\/nina-pastori-en-el-centro-niemeyer-el-9-de-junio\\\/#breadcrumblist\",\"itemListElement\":[{\"@type\":\"ListItem\",\"@id\":\"https:\\\/\\\/candas365.es\\\/noticias#listItem\",\"position\":1,\"name\":\"Home\",\"item\":\"https:\\\/\\\/candas365.es\\\/noticias\",\"nextItem\":{\"@type\":\"ListItem\",\"@id\":\"https:\\\/\\\/candas365.es\\\/noticias\\\/category\\\/agenda\\\/#listItem\",\"name\":\"Agenda\"}},{\"@type\":\"ListItem\",\"@id\":\"https:\\\/\\\/candas365.es\\\/noticias\\\/category\\\/agenda\\\/#listItem\",\"position\":2,\"name\":\"Agenda\",\"item\":\"https:\\\/\\\/candas365.es\\\/noticias\\\/category\\\/agenda\\\/\",\"nextItem\":{\"@type\":\"ListItem\",\"@id\":\"https:\\\/\\\/candas365.es\\\/noticias\\\/nina-pastori-en-el-centro-niemeyer-el-9-de-junio\\\/#listItem\",\"name\":\"Ni\\u00f1a Pastori, en el Centro Niemeyer el 9 de junio\"},\"previousItem\":{\"@type\":\"ListItem\",\"@id\":\"https:\\\/\\\/candas365.es\\\/noticias#listItem\",\"name\":\"Home\"}},{\"@type\":\"ListItem\",\"@id\":\"https:\\\/\\\/candas365.es\\\/noticias\\\/nina-pastori-en-el-centro-niemeyer-el-9-de-junio\\\/#listItem\",\"position\":3,\"name\":\"Ni\\u00f1a Pastori, en el Centro Niemeyer el 9 de junio\",\"previousItem\":{\"@type\":\"ListItem\",\"@id\":\"https:\\\/\\\/candas365.es\\\/noticias\\\/category\\\/agenda\\\/#listItem\",\"name\":\"Agenda\"}}]},{\"@type\":\"NewsArticle\",\"@id\":\"https:\\\/\\\/candas365.es\\\/noticias\\\/nina-pastori-en-el-centro-niemeyer-el-9-de-junio\\\/#newsarticle\",\"name\":\"Ni\\u00f1a Pastori, en el Centro Niemeyer el 9 de junio | Cand\\u00e1s 365\",\"headline\":\"Ni\\u00f1a Pastori, en el Centro Niemeyer el 9 de junio\",\"author\":{\"@id\":\"https:\\\/\\\/candas365.es\\\/noticias\\\/author\\\/admin\\\/#author\"},\"publisher\":{\"@id\":\"https:\\\/\\\/candas365.es\\\/noticias\\\/#organization\"},\"image\":{\"@type\":\"ImageObject\",\"url\":\"https:\\\/\\\/candas365.es\\\/noticias\\\/wp-content\\\/uploads\\\/2019\\\/03\\\/PASTORI-foto-gira-2019.jpg\",\"width\":1263,\"height\":1137},\"datePublished\":\"2019-03-13T17:29:30+01:00\",\"dateModified\":\"2019-03-13T17:29:30+01:00\",\"inLanguage\":\"es-ES\",\"mainEntityOfPage\":{\"@id\":\"https:\\\/\\\/candas365.es\\\/noticias\\\/nina-pastori-en-el-centro-niemeyer-el-9-de-junio\\\/#webpage\"},\"isPartOf\":{\"@id\":\"https:\\\/\\\/candas365.es\\\/noticias\\\/nina-pastori-en-el-centro-niemeyer-el-9-de-junio\\\/#webpage\"},\"articleSection\":\"Agenda\",\"dateline\":\"Publicado el marzo 13, 2019.\"},{\"@type\":\"Organization\",\"@id\":\"https:\\\/\\\/candas365.es\\\/noticias\\\/#organization\",\"name\":\"Cand\\u00e1s 365\",\"description\":\"Cand\\u00e1s 365 es un diario digital independiente, fundado en 2012, con base en Asturias. Informamos con rigor sobre actualidad, sociedad, cultura y ocio, con una mirada local y global.\",\"url\":\"https:\\\/\\\/candas365.es\\\/noticias\\\/\",\"email\":\"info@candas365.es\",\"telephone\":\"+34652131393\",\"foundingDate\":\"2012-06-10\",\"logo\":{\"@type\":\"ImageObject\",\"url\":\"https:\\\/\\\/candas365.es\\\/noticias\\\/wp-content\\\/uploads\\\/2024\\\/09\\\/Candas-365-Redes.jpg\",\"@id\":\"https:\\\/\\\/candas365.es\\\/noticias\\\/nina-pastori-en-el-centro-niemeyer-el-9-de-junio\\\/#organizationLogo\",\"width\":1152,\"height\":864,\"caption\":\"Cand\\u00e1s 365 Redes\"},\"image\":{\"@id\":\"https:\\\/\\\/candas365.es\\\/noticias\\\/nina-pastori-en-el-centro-niemeyer-el-9-de-junio\\\/#organizationLogo\"},\"sameAs\":[\"https:\\\/\\\/www.facebook.com\\\/Nachofdezber\",\"https:\\\/\\\/x.com\\\/NabercoDigital\",\"https:\\\/\\\/www.instagram.com\\\/nachofdezber\\\/\",\"https:\\\/\\\/www.youtube.com\\\/channel\\\/UCZP-2wLEB9Rv6erhFmqVnvg\"],\"address\":{\"@id\":\"https:\\\/\\\/candas365.es\\\/noticias\\\/#postaladdress\",\"@type\":\"PostalAddress\",\"streetAddress\":\"san antonio 4, san antonio 4\",\"postalCode\":\"33430\",\"addressLocality\":\"Cand\\u00e1s\",\"addressRegion\":\"Asturias\",\"addressCountry\":\"ES\"}},{\"@type\":\"Person\",\"@id\":\"https:\\\/\\\/candas365.es\\\/noticias\\\/author\\\/admin\\\/#author\",\"url\":\"https:\\\/\\\/candas365.es\\\/noticias\\\/author\\\/admin\\\/\",\"name\":\"Cand\\u00e1s 365\",\"image\":{\"@type\":\"ImageObject\",\"@id\":\"https:\\\/\\\/candas365.es\\\/noticias\\\/nina-pastori-en-el-centro-niemeyer-el-9-de-junio\\\/#authorImage\",\"url\":\"https:\\\/\\\/secure.gravatar.com\\\/avatar\\\/496a8e03d0c493ede1718b7934145dbdf8d89be1036b0eec9544e1094c9de390?s=96&d=mm&r=g\",\"width\":96,\"height\":96,\"caption\":\"Cand\\u00e1s 365\"},\"sameAs\":[\"https:\\\/\\\/www.facebook.com\\\/carrenoactualidad\",\"https:\\\/\\\/twitter.com\\\/nbasturias\",\"https:\\\/\\\/www.instagram.com\\\/nachofdezber\\\/\",\"https:\\\/\\\/www.youtube.com\\\/channel\\\/UCZP-2wLEB9Rv6erhFmqVnvg\"]},{\"@type\":\"WebPage\",\"@id\":\"https:\\\/\\\/candas365.es\\\/noticias\\\/nina-pastori-en-el-centro-niemeyer-el-9-de-junio\\\/#webpage\",\"url\":\"https:\\\/\\\/candas365.es\\\/noticias\\\/nina-pastori-en-el-centro-niemeyer-el-9-de-junio\\\/\",\"name\":\"Ni\\u00f1a Pastori, en el Centro Niemeyer el 9 de junio | Cand\\u00e1s 365\",\"description\":\"El domingo 9 de junio a las 21:00 la cantante y compositora gaditana Ni\\u00f1a Pastori ofrecer\\u00e1 un concierto de la gira de su \\u00faltimo \\u00e1lbum \\u201cRealmente volando\\u201d en el Auditorio del Centro Niemeyer. Las entradas para esta cita con la m\\u00fasica de ra\\u00edz estar\\u00e1n disponibles desde ma\\u00f1ana, jueves 14 de marzo a partir de las\",\"inLanguage\":\"es-ES\",\"isPartOf\":{\"@id\":\"https:\\\/\\\/candas365.es\\\/noticias\\\/#website\"},\"breadcrumb\":{\"@id\":\"https:\\\/\\\/candas365.es\\\/noticias\\\/nina-pastori-en-el-centro-niemeyer-el-9-de-junio\\\/#breadcrumblist\"},\"author\":{\"@id\":\"https:\\\/\\\/candas365.es\\\/noticias\\\/author\\\/admin\\\/#author\"},\"creator\":{\"@id\":\"https:\\\/\\\/candas365.es\\\/noticias\\\/author\\\/admin\\\/#author\"},\"image\":{\"@type\":\"ImageObject\",\"url\":\"https:\\\/\\\/candas365.es\\\/noticias\\\/wp-content\\\/uploads\\\/2019\\\/03\\\/PASTORI-foto-gira-2019.jpg\",\"@id\":\"https:\\\/\\\/candas365.es\\\/noticias\\\/nina-pastori-en-el-centro-niemeyer-el-9-de-junio\\\/#mainImage\",\"width\":1263,\"height\":1137},\"primaryImageOfPage\":{\"@id\":\"https:\\\/\\\/candas365.es\\\/noticias\\\/nina-pastori-en-el-centro-niemeyer-el-9-de-junio\\\/#mainImage\"},\"datePublished\":\"2019-03-13T17:29:30+01:00\",\"dateModified\":\"2019-03-13T17:29:30+01:00\"},{\"@type\":\"WebSite\",\"@id\":\"https:\\\/\\\/candas365.es\\\/noticias\\\/#website\",\"url\":\"https:\\\/\\\/candas365.es\\\/noticias\\\/\",\"name\":\"Cand\\u00e1s 365\",\"alternateName\":\"Cand\\u00e1s 365 Noticias\",\"description\":\"Actualidad desde Carre\\u00f1o para el mundo\",\"inLanguage\":\"es-ES\",\"publisher\":{\"@id\":\"https:\\\/\\\/candas365.es\\\/noticias\\\/#organization\"}}]}\n\t\t<\/script>\n\t\t<!-- All in One SEO Pro -->\r\n\t\t<title>Ni\u00f1a Pastori, en el Centro Niemeyer el 9 de junio | Cand\u00e1s 365<\/title>\n\n","aioseo_head_json":{"title":"Ni\u00f1a Pastori, en el Centro Niemeyer el 9 de junio | Cand\u00e1s 365","description":"El domingo 9 de junio a las 21:00 la cantante y compositora gaditana Ni\u00f1a Pastori ofrecer\u00e1 un concierto de la gira de su \u00faltimo \u00e1lbum \u201cRealmente volando\u201d en el Auditorio del Centro Niemeyer. Las entradas para esta cita con la m\u00fasica de ra\u00edz estar\u00e1n disponibles desde ma\u00f1ana, jueves 14 de marzo a partir de las","canonical_url":"https:\/\/candas365.es\/noticias\/nina-pastori-en-el-centro-niemeyer-el-9-de-junio\/","robots":"max-image-preview:large","keywords":"agenda","webmasterTools":{"google-site-verification":"UA-32230408-1","msvalidate.01":"354F3CDFB2DA171B47FBE9ABF1F88D5","miscellaneous":""},"schema":{"@context":"https:\/\/schema.org","@graph":[{"@type":"BreadcrumbList","@id":"https:\/\/candas365.es\/noticias\/nina-pastori-en-el-centro-niemeyer-el-9-de-junio\/#breadcrumblist","itemListElement":[{"@type":"ListItem","@id":"https:\/\/candas365.es\/noticias#listItem","position":1,"name":"Home","item":"https:\/\/candas365.es\/noticias","nextItem":{"@type":"ListItem","@id":"https:\/\/candas365.es\/noticias\/category\/agenda\/#listItem","name":"Agenda"}},{"@type":"ListItem","@id":"https:\/\/candas365.es\/noticias\/category\/agenda\/#listItem","position":2,"name":"Agenda","item":"https:\/\/candas365.es\/noticias\/category\/agenda\/","nextItem":{"@type":"ListItem","@id":"https:\/\/candas365.es\/noticias\/nina-pastori-en-el-centro-niemeyer-el-9-de-junio\/#listItem","name":"Ni\u00f1a Pastori, en el Centro Niemeyer el 9 de junio"},"previousItem":{"@type":"ListItem","@id":"https:\/\/candas365.es\/noticias#listItem","name":"Home"}},{"@type":"ListItem","@id":"https:\/\/candas365.es\/noticias\/nina-pastori-en-el-centro-niemeyer-el-9-de-junio\/#listItem","position":3,"name":"Ni\u00f1a Pastori, en el Centro Niemeyer el 9 de junio","previousItem":{"@type":"ListItem","@id":"https:\/\/candas365.es\/noticias\/category\/agenda\/#listItem","name":"Agenda"}}]},{"@type":"NewsArticle","@id":"https:\/\/candas365.es\/noticias\/nina-pastori-en-el-centro-niemeyer-el-9-de-junio\/#newsarticle","name":"Ni\u00f1a Pastori, en el Centro Niemeyer el 9 de junio | Cand\u00e1s 365","headline":"Ni\u00f1a Pastori, en el Centro Niemeyer el 9 de junio","author":{"@id":"https:\/\/candas365.es\/noticias\/author\/admin\/#author"},"publisher":{"@id":"https:\/\/candas365.es\/noticias\/#organization"},"image":{"@type":"ImageObject","url":"https:\/\/candas365.es\/noticias\/wp-content\/uploads\/2019\/03\/PASTORI-foto-gira-2019.jpg","width":1263,"height":1137},"datePublished":"2019-03-13T17:29:30+01:00","dateModified":"2019-03-13T17:29:30+01:00","inLanguage":"es-ES","mainEntityOfPage":{"@id":"https:\/\/candas365.es\/noticias\/nina-pastori-en-el-centro-niemeyer-el-9-de-junio\/#webpage"},"isPartOf":{"@id":"https:\/\/candas365.es\/noticias\/nina-pastori-en-el-centro-niemeyer-el-9-de-junio\/#webpage"},"articleSection":"Agenda","dateline":"Publicado el marzo 13, 2019."},{"@type":"Organization","@id":"https:\/\/candas365.es\/noticias\/#organization","name":"Cand\u00e1s 365","description":"Cand\u00e1s 365 es un diario digital independiente, fundado en 2012, con base en Asturias. Informamos con rigor sobre actualidad, sociedad, cultura y ocio, con una mirada local y global.","url":"https:\/\/candas365.es\/noticias\/","email":"info@candas365.es","telephone":"+34652131393","foundingDate":"2012-06-10","logo":{"@type":"ImageObject","url":"https:\/\/candas365.es\/noticias\/wp-content\/uploads\/2024\/09\/Candas-365-Redes.jpg","@id":"https:\/\/candas365.es\/noticias\/nina-pastori-en-el-centro-niemeyer-el-9-de-junio\/#organizationLogo","width":1152,"height":864,"caption":"Cand\u00e1s 365 Redes"},"image":{"@id":"https:\/\/candas365.es\/noticias\/nina-pastori-en-el-centro-niemeyer-el-9-de-junio\/#organizationLogo"},"sameAs":["https:\/\/www.facebook.com\/Nachofdezber","https:\/\/x.com\/NabercoDigital","https:\/\/www.instagram.com\/nachofdezber\/","https:\/\/www.youtube.com\/channel\/UCZP-2wLEB9Rv6erhFmqVnvg"],"address":{"@id":"https:\/\/candas365.es\/noticias\/#postaladdress","@type":"PostalAddress","streetAddress":"san antonio 4, san antonio 4","postalCode":"33430","addressLocality":"Cand\u00e1s","addressRegion":"Asturias","addressCountry":"ES"}},{"@type":"Person","@id":"https:\/\/candas365.es\/noticias\/author\/admin\/#author","url":"https:\/\/candas365.es\/noticias\/author\/admin\/","name":"Cand\u00e1s 365","image":{"@type":"ImageObject","@id":"https:\/\/candas365.es\/noticias\/nina-pastori-en-el-centro-niemeyer-el-9-de-junio\/#authorImage","url":"https:\/\/secure.gravatar.com\/avatar\/496a8e03d0c493ede1718b7934145dbdf8d89be1036b0eec9544e1094c9de390?s=96&d=mm&r=g","width":96,"height":96,"caption":"Cand\u00e1s 365"},"sameAs":["https:\/\/www.facebook.com\/carrenoactualidad","https:\/\/twitter.com\/nbasturias","https:\/\/www.instagram.com\/nachofdezber\/","https:\/\/www.youtube.com\/channel\/UCZP-2wLEB9Rv6erhFmqVnvg"]},{"@type":"WebPage","@id":"https:\/\/candas365.es\/noticias\/nina-pastori-en-el-centro-niemeyer-el-9-de-junio\/#webpage","url":"https:\/\/candas365.es\/noticias\/nina-pastori-en-el-centro-niemeyer-el-9-de-junio\/","name":"Ni\u00f1a Pastori, en el Centro Niemeyer el 9 de junio | Cand\u00e1s 365","description":"El domingo 9 de junio a las 21:00 la cantante y compositora gaditana Ni\u00f1a Pastori ofrecer\u00e1 un concierto de la gira de su \u00faltimo \u00e1lbum \u201cRealmente volando\u201d en el Auditorio del Centro Niemeyer. Las entradas para esta cita con la m\u00fasica de ra\u00edz estar\u00e1n disponibles desde ma\u00f1ana, jueves 14 de marzo a partir de las","inLanguage":"es-ES","isPartOf":{"@id":"https:\/\/candas365.es\/noticias\/#website"},"breadcrumb":{"@id":"https:\/\/candas365.es\/noticias\/nina-pastori-en-el-centro-niemeyer-el-9-de-junio\/#breadcrumblist"},"author":{"@id":"https:\/\/candas365.es\/noticias\/author\/admin\/#author"},"creator":{"@id":"https:\/\/candas365.es\/noticias\/author\/admin\/#author"},"image":{"@type":"ImageObject","url":"https:\/\/candas365.es\/noticias\/wp-content\/uploads\/2019\/03\/PASTORI-foto-gira-2019.jpg","@id":"https:\/\/candas365.es\/noticias\/nina-pastori-en-el-centro-niemeyer-el-9-de-junio\/#mainImage","width":1263,"height":1137},"primaryImageOfPage":{"@id":"https:\/\/candas365.es\/noticias\/nina-pastori-en-el-centro-niemeyer-el-9-de-junio\/#mainImage"},"datePublished":"2019-03-13T17:29:30+01:00","dateModified":"2019-03-13T17:29:30+01:00"},{"@type":"WebSite","@id":"https:\/\/candas365.es\/noticias\/#website","url":"https:\/\/candas365.es\/noticias\/","name":"Cand\u00e1s 365","alternateName":"Cand\u00e1s 365 Noticias","description":"Actualidad desde Carre\u00f1o para el mundo","inLanguage":"es-ES","publisher":{"@id":"https:\/\/candas365.es\/noticias\/#organization"}}]},"og:locale":"es_ES","og:site_name":"Cand\u00e1s 365","og:type":"article","og:title":"Ni\u00f1a Pastori, en el Centro Niemeyer el 9 de junio | Cand\u00e1s 365","og:description":"El domingo 9 de junio a las 21:00 la cantante y compositora gaditana Ni\u00f1a Pastori ofrecer\u00e1 un concierto de la gira de su \u00faltimo \u00e1lbum \u201cRealmente volando\u201d en el Auditorio del Centro Niemeyer. Las entradas para esta cita con la m\u00fasica de ra\u00edz estar\u00e1n disponibles desde ma\u00f1ana, jueves 14 de marzo a partir de las","og:url":"https:\/\/candas365.es\/noticias\/nina-pastori-en-el-centro-niemeyer-el-9-de-junio\/","og:image":"https:\/\/candas365.es\/noticias\/wp-content\/uploads\/2019\/03\/PASTORI-foto-gira-2019.jpg","og:image:secure_url":"https:\/\/candas365.es\/noticias\/wp-content\/uploads\/2019\/03\/PASTORI-foto-gira-2019.jpg","og:image:width":1263,"og:image:height":1137,"article:published_time":"2019-03-13T17:29:30+00:00","article:modified_time":"2019-03-13T17:29:30+00:00","article:publisher":"https:\/\/www.facebook.com\/Nachofdezber","article:author":"https:\/\/www.facebook.com\/carrenoactualidad","twitter:card":"summary_large_image","twitter:site":"@NabercoDigital","twitter:title":"Ni\u00f1a Pastori, en el Centro Niemeyer el 9 de junio | Cand\u00e1s 365","twitter:description":"El domingo 9 de junio a las 21:00 la cantante y compositora gaditana Ni\u00f1a Pastori ofrecer\u00e1 un concierto de la gira de su \u00faltimo \u00e1lbum \u201cRealmente volando\u201d en el Auditorio del Centro Niemeyer. Las entradas para esta cita con la m\u00fasica de ra\u00edz estar\u00e1n disponibles desde ma\u00f1ana, jueves 14 de marzo a partir de las","twitter:creator":"@nbasturias","twitter:image":"https:\/\/candas365.es\/noticias\/wp-content\/uploads\/2019\/03\/PASTORI-foto-gira-2019.jpg","twitter:label1":"Escrito por","twitter:data1":"Cand\u00e1s 365","twitter:label2":"Tiempo de lectura estimado","twitter:data2":"2 minutos"},"aioseo_meta_data":{"post_id":"118199","title":null,"description":null,"keywords":null,"keyphrases":null,"primary_term":null,"canonical_url":null,"og_title":null,"og_description":null,"og_object_type":"default","og_image_type":"default","og_image_url":null,"og_image_width":null,"og_image_height":null,"og_image_custom_url":null,"og_image_custom_fields":null,"og_video":null,"og_custom_url":null,"og_article_section":null,"og_article_tags":null,"twitter_use_og":false,"twitter_card":"default","twitter_image_type":"default","twitter_image_url":null,"twitter_image_custom_url":null,"twitter_image_custom_fields":null,"twitter_title":null,"twitter_description":null,"schema":{"blockGraphs":[],"customGraphs":[],"default":{"data":{"Article":[],"Course":[],"Dataset":[],"FAQPage":[],"Movie":[],"Person":[],"Product":[],"ProductReview":[],"Car":[],"Recipe":[],"Service":[],"SoftwareApplication":[],"WebPage":[]},"graphName":"","isEnabled":true},"graphs":[]},"schema_type":null,"schema_type_options":null,"pillar_content":false,"robots_default":true,"robots_noindex":false,"robots_noarchive":false,"robots_nosnippet":false,"robots_nofollow":false,"robots_noimageindex":false,"robots_noodp":false,"robots_notranslate":false,"robots_max_snippet":null,"robots_max_videopreview":null,"robots_max_imagepreview":"large","priority":null,"frequency":null,"location":null,"local_seo":null,"seo_analyzer_scan_date":"2025-08-29 11:25:15","breadcrumb_settings":null,"limit_modified_date":false,"reviewed_by":null,"open_ai":null,"ai":null,"created":"2020-12-21 11:02:59","updated":"2025-08-29 11:25:15"},"aioseo_breadcrumb":"<div class=\"aioseo-breadcrumbs\"><span class=\"aioseo-breadcrumb\">\n\t<a href=\"https:\/\/candas365.es\/noticias\" title=\"Home\">Home<\/a>\n<\/span><span class=\"aioseo-breadcrumb-separator\">&ndash;<\/span><span class=\"aioseo-breadcrumb\">\n\t<a href=\"https:\/\/candas365.es\/noticias\/category\/agenda\/\" title=\"Agenda\">Agenda<\/a>\n<\/span><span class=\"aioseo-breadcrumb-separator\">&ndash;<\/span><span class=\"aioseo-breadcrumb\">\n\tNi\u00f1a Pastori, en el Centro Niemeyer el 9 de junio\n<\/span><\/div>","aioseo_breadcrumb_json":[{"label":"Home","link":"https:\/\/candas365.es\/noticias"},{"label":"Agenda","link":"https:\/\/candas365.es\/noticias\/category\/agenda\/"},{"label":"Ni\u00f1a Pastori, en el Centro Niemeyer el 9 de junio","link":"https:\/\/candas365.es\/noticias\/nina-pastori-en-el-centro-niemeyer-el-9-de-junio\/"}],"_links":{"self":[{"href":"https:\/\/candas365.es\/noticias\/wp-json\/wp\/v2\/posts\/118199","targetHints":{"allow":["GET"]}}],"collection":[{"href":"https:\/\/candas365.es\/noticias\/wp-json\/wp\/v2\/posts"}],"about":[{"href":"https:\/\/candas365.es\/noticias\/wp-json\/wp\/v2\/types\/post"}],"author":[{"embeddable":true,"href":"https:\/\/candas365.es\/noticias\/wp-json\/wp\/v2\/users\/1"}],"replies":[{"embeddable":true,"href":"https:\/\/candas365.es\/noticias\/wp-json\/wp\/v2\/comments?post=118199"}],"version-history":[{"count":0,"href":"https:\/\/candas365.es\/noticias\/wp-json\/wp\/v2\/posts\/118199\/revisions"}],"wp:featuredmedia":[{"embeddable":true,"href":"https:\/\/candas365.es\/noticias\/wp-json\/wp\/v2\/media\/118200"}],"wp:attachment":[{"href":"https:\/\/candas365.es\/noticias\/wp-json\/wp\/v2\/media?parent=118199"}],"wp:term":[{"taxonomy":"category","embeddable":true,"href":"https:\/\/candas365.es\/noticias\/wp-json\/wp\/v2\/categories?post=118199"},{"taxonomy":"post_tag","embeddable":true,"href":"https:\/\/candas365.es\/noticias\/wp-json\/wp\/v2\/tags?post=118199"}],"curies":[{"name":"wp","href":"https:\/\/api.w.org\/{rel}","templated":true}]}}