{"id":117479,"date":"2019-03-03T17:46:02","date_gmt":"2019-03-03T17:46:02","guid":{"rendered":"http:\/\/candas365.es\/noticias\/?p=117479"},"modified":"2019-03-03T17:46:02","modified_gmt":"2019-03-03T17:46:02","slug":"hoy-domingo-un-pais-magico-en-la-2","status":"publish","type":"post","link":"https:\/\/candas365.es\/noticias\/hoy-domingo-un-pais-magico-en-la-2\/","title":{"rendered":"Hoy domingo \u201cUn pa\u00eds m\u00e1gico\u201d, en La 2"},"content":{"rendered":"<p><img fetchpriority=\"high\" decoding=\"async\" class=\"alignleft size-medium wp-image-117480\" src=\"https:\/\/candas365.es\/noticias\/wp-content\/uploads\/2019\/03\/ndp-tele0303201903-360x203.jpg\" alt=\"\" width=\"360\" height=\"203\" srcset=\"https:\/\/candas365.es\/noticias\/wp-content\/uploads\/2019\/03\/ndp-tele0303201903-360x203.jpg 360w, https:\/\/candas365.es\/noticias\/wp-content\/uploads\/2019\/03\/ndp-tele0303201903-768x432.jpg 768w, https:\/\/candas365.es\/noticias\/wp-content\/uploads\/2019\/03\/ndp-tele0303201903-655x368.jpg 655w, https:\/\/candas365.es\/noticias\/wp-content\/uploads\/2019\/03\/ndp-tele0303201903-696x392.jpg 696w, https:\/\/candas365.es\/noticias\/wp-content\/uploads\/2019\/03\/ndp-tele0303201903-1068x601.jpg 1068w, https:\/\/candas365.es\/noticias\/wp-content\/uploads\/2019\/03\/ndp-tele0303201903-747x420.jpg 747w, https:\/\/candas365.es\/noticias\/wp-content\/uploads\/2019\/03\/ndp-tele0303201903.jpg 1600w\" sizes=\"(max-width: 360px) 100vw, 360px\" \/>El comunicador e ilusionista Miguel de Lucas hace un nuevo recorrido por Espa\u00f1a en &#8216;Un pa\u00eds m\u00e1gico&#8217;. La tercera temporada visitar\u00e1 13 ciudades espa\u00f1olas y sus entornos para conocer su cultura, arte, tradiciones, curiosidades, historias y a quienes las protagonizaron. Toledo, Burgos, Girona, Palencia, Sevilla, Logro\u00f1o, Bilbao, C\u00e1diz, San Sebasti\u00e1n, Zaragoza, Zamora, Pamplona y Madrid ser\u00e1n escenarios de esta nueva edici\u00f3n que refuerza su imagen y contenidos, con un car\u00e1cter m\u00e1s hist\u00f3rico y cultural.<\/p>\n<p>&#8216;Un pa\u00eds m\u00e1gico&#8217; descubrir\u00e1 cu\u00e1l es el verdadero origen de la universidad en Espa\u00f1a, qu\u00e9 catedral espa\u00f1ola tiene la campana m\u00e1s grande de la cristiandad, cu\u00e1les fueron las principales andanzas del Cid Campeador, o cu\u00e1l es para algunos historiadores la ciudad m\u00e1s antigua de Occidente. Recorrer\u00e1 tambi\u00e9n la muralla medieval m\u00e1s larga de Europa, visitar\u00e1 palacios de la realeza espa\u00f1ola, se sumergir\u00e1 en tradiciones como la vendimia o en los deportes m\u00e1s ancestrales, sin olvidar los principales y m\u00e1s modernos museos de Espa\u00f1a y de Europa. Todo esto de la mano de los que mejor conocen el patrimonio: los ciudadanos, estudiosos y expertos en la materia, que aman a su tierra y quieren mostrar las maravillas de su ciudad, su provincia y su comunidad.<\/p>\n<p><strong>Burgos, protagonista del estreno<\/strong><\/p>\n<p>La tercera temporada de &#8216;Un pa\u00eds m\u00e1gico&#8217; comienza con la visita de Miguel de Lucas a Burgos. En la capital burgalesa recordar\u00e1 la historia del Cid Campeador, c\u00f3mo era el hombre detr\u00e1s del h\u00e9roe y qu\u00e9 huellas han dejado \u00e9l y su familia en sus calles. Tambi\u00e9n conocer\u00e1 los secretos que guarda la primera catedral g\u00f3tica de Espa\u00f1a. \u00bfCu\u00e1les son los ingredientes de la aut\u00e9ntica morcilla de Burgos? O \u00bfc\u00f3mo es posible que los primeros habitantes de Europa vivieran en la sierra burgalesa de Atapuerca? Visitar\u00e1 el Monasterio de Santa Mar\u00eda de las Huelgas, cuya sala capitular alberga las vidrieras m\u00e1s antiguas de la pen\u00ednsula ib\u00e9rica. Disfrutar\u00e1 a vista de p\u00e1jaro de las impresionantes lagunas glaciares de Neila, y descubrir\u00e1 cu\u00e1l es la localidad m\u00e1s peque\u00f1a de Espa\u00f1a con categor\u00eda de ciudad.<\/p>\n","protected":false},"excerpt":{"rendered":"<p>El comunicador e ilusionista Miguel de Lucas hace un nuevo recorrido por Espa\u00f1a en &#8216;Un pa\u00eds m\u00e1gico&#8217;. La tercera temporada visitar\u00e1 13 ciudades espa\u00f1olas y sus entornos para conocer su cultura, arte, tradiciones, curiosidades, historias y a quienes las protagonizaron. Toledo, Burgos, Girona, Palencia, Sevilla, Logro\u00f1o, Bilbao, C\u00e1diz, San Sebasti\u00e1n, Zaragoza, Zamora, Pamplona y Madrid<\/p>\n","protected":false},"author":1,"featured_media":117480,"comment_status":"closed","ping_status":"closed","sticky":false,"template":"","format":"standard","meta":{"footnotes":""},"categories":[1],"tags":[],"class_list":{"0":"post-117479","1":"post","2":"type-post","3":"status-publish","4":"format-standard","5":"has-post-thumbnail","7":"category-agenda"},"aioseo_notices":[],"aioseo_head":"\n\t\t<!-- All in One SEO Pro 4.9.6.2 - aioseo.com -->\n\t<meta name=\"description\" content=\"El comunicador e ilusionista Miguel de Lucas hace un nuevo recorrido por Espa\u00f1a en &#039;Un pa\u00eds m\u00e1gico&#039;. La tercera temporada visitar\u00e1 13 ciudades espa\u00f1olas y sus entornos para conocer su cultura, arte, tradiciones, curiosidades, historias y a quienes las protagonizaron. Toledo, Burgos, Girona, Palencia, Sevilla, Logro\u00f1o, Bilbao, C\u00e1diz, San Sebasti\u00e1n, Zaragoza, Zamora, Pamplona y Madrid\" \/>\n\t<meta name=\"robots\" content=\"max-image-preview:large\" \/>\n\t<meta name=\"author\" content=\"Cand\u00e1s 365\"\/>\n\t<meta name=\"google-site-verification\" content=\"UA-32230408-1\" \/>\n\t<meta name=\"msvalidate.01\" content=\"354F3CDFB2DA171B47FBE9ABF1F88D5\" \/>\n\t<meta name=\"keywords\" content=\"agenda\" \/>\n\t<link rel=\"canonical\" href=\"https:\/\/candas365.es\/noticias\/hoy-domingo-un-pais-magico-en-la-2\/\" \/>\n\t<meta name=\"generator\" content=\"All in One SEO Pro (AIOSEO) 4.9.6.2\" \/>\n\t\t<meta property=\"og:locale\" content=\"es_ES\" \/>\n\t\t<meta property=\"og:site_name\" content=\"Cand\u00e1s 365\" \/>\n\t\t<meta property=\"og:type\" content=\"article\" \/>\n\t\t<meta property=\"og:title\" content=\"Hoy domingo \u201cUn pa\u00eds m\u00e1gico\u201d, en La 2 | Cand\u00e1s 365\" \/>\n\t\t<meta property=\"og:description\" content=\"El comunicador e ilusionista Miguel de Lucas hace un nuevo recorrido por Espa\u00f1a en &#039;Un pa\u00eds m\u00e1gico&#039;. La tercera temporada visitar\u00e1 13 ciudades espa\u00f1olas y sus entornos para conocer su cultura, arte, tradiciones, curiosidades, historias y a quienes las protagonizaron. Toledo, Burgos, Girona, Palencia, Sevilla, Logro\u00f1o, Bilbao, C\u00e1diz, San Sebasti\u00e1n, Zaragoza, Zamora, Pamplona y Madrid\" \/>\n\t\t<meta property=\"og:url\" content=\"https:\/\/candas365.es\/noticias\/hoy-domingo-un-pais-magico-en-la-2\/\" \/>\n\t\t<meta property=\"og:image\" content=\"https:\/\/candas365.es\/noticias\/wp-content\/uploads\/2019\/03\/ndp-tele0303201903.jpg\" \/>\n\t\t<meta property=\"og:image:secure_url\" content=\"https:\/\/candas365.es\/noticias\/wp-content\/uploads\/2019\/03\/ndp-tele0303201903.jpg\" \/>\n\t\t<meta property=\"og:image:width\" content=\"1600\" \/>\n\t\t<meta property=\"og:image:height\" content=\"900\" \/>\n\t\t<meta property=\"article:published_time\" content=\"2019-03-03T17:46:02+00:00\" \/>\n\t\t<meta property=\"article:modified_time\" content=\"2019-03-03T17:46:02+00:00\" \/>\n\t\t<meta property=\"article:publisher\" content=\"https:\/\/www.facebook.com\/Nachofdezber\" \/>\n\t\t<meta property=\"article:author\" content=\"https:\/\/www.facebook.com\/carrenoactualidad\" \/>\n\t\t<meta name=\"twitter:card\" content=\"summary_large_image\" \/>\n\t\t<meta name=\"twitter:site\" content=\"@NabercoDigital\" \/>\n\t\t<meta name=\"twitter:title\" content=\"Hoy domingo \u201cUn pa\u00eds m\u00e1gico\u201d, en La 2 | Cand\u00e1s 365\" \/>\n\t\t<meta name=\"twitter:description\" content=\"El comunicador e ilusionista Miguel de Lucas hace un nuevo recorrido por Espa\u00f1a en &#039;Un pa\u00eds m\u00e1gico&#039;. La tercera temporada visitar\u00e1 13 ciudades espa\u00f1olas y sus entornos para conocer su cultura, arte, tradiciones, curiosidades, historias y a quienes las protagonizaron. Toledo, Burgos, Girona, Palencia, Sevilla, Logro\u00f1o, Bilbao, C\u00e1diz, San Sebasti\u00e1n, Zaragoza, Zamora, Pamplona y Madrid\" \/>\n\t\t<meta name=\"twitter:creator\" content=\"@nbasturias\" \/>\n\t\t<meta name=\"twitter:image\" content=\"https:\/\/candas365.es\/noticias\/wp-content\/uploads\/2019\/03\/ndp-tele0303201903.jpg\" \/>\n\t\t<meta name=\"twitter:label1\" content=\"Escrito por\" \/>\n\t\t<meta name=\"twitter:data1\" content=\"Cand\u00e1s 365\" \/>\n\t\t<meta name=\"twitter:label2\" content=\"Tiempo de lectura estimado\" \/>\n\t\t<meta name=\"twitter:data2\" content=\"2 minutos\" \/>\n\t\t<script type=\"application\/ld+json\" class=\"aioseo-schema\">\n\t\t\t{\"@context\":\"https:\\\/\\\/schema.org\",\"@graph\":[{\"@type\":\"BreadcrumbList\",\"@id\":\"https:\\\/\\\/candas365.es\\\/noticias\\\/hoy-domingo-un-pais-magico-en-la-2\\\/#breadcrumblist\",\"itemListElement\":[{\"@type\":\"ListItem\",\"@id\":\"https:\\\/\\\/candas365.es\\\/noticias#listItem\",\"position\":1,\"name\":\"Home\",\"item\":\"https:\\\/\\\/candas365.es\\\/noticias\",\"nextItem\":{\"@type\":\"ListItem\",\"@id\":\"https:\\\/\\\/candas365.es\\\/noticias\\\/category\\\/agenda\\\/#listItem\",\"name\":\"Agenda\"}},{\"@type\":\"ListItem\",\"@id\":\"https:\\\/\\\/candas365.es\\\/noticias\\\/category\\\/agenda\\\/#listItem\",\"position\":2,\"name\":\"Agenda\",\"item\":\"https:\\\/\\\/candas365.es\\\/noticias\\\/category\\\/agenda\\\/\",\"nextItem\":{\"@type\":\"ListItem\",\"@id\":\"https:\\\/\\\/candas365.es\\\/noticias\\\/hoy-domingo-un-pais-magico-en-la-2\\\/#listItem\",\"name\":\"Hoy domingo \\u201cUn pa\\u00eds m\\u00e1gico\\u201d, en La 2\"},\"previousItem\":{\"@type\":\"ListItem\",\"@id\":\"https:\\\/\\\/candas365.es\\\/noticias#listItem\",\"name\":\"Home\"}},{\"@type\":\"ListItem\",\"@id\":\"https:\\\/\\\/candas365.es\\\/noticias\\\/hoy-domingo-un-pais-magico-en-la-2\\\/#listItem\",\"position\":3,\"name\":\"Hoy domingo \\u201cUn pa\\u00eds m\\u00e1gico\\u201d, en La 2\",\"previousItem\":{\"@type\":\"ListItem\",\"@id\":\"https:\\\/\\\/candas365.es\\\/noticias\\\/category\\\/agenda\\\/#listItem\",\"name\":\"Agenda\"}}]},{\"@type\":\"NewsArticle\",\"@id\":\"https:\\\/\\\/candas365.es\\\/noticias\\\/hoy-domingo-un-pais-magico-en-la-2\\\/#newsarticle\",\"name\":\"Hoy domingo \\u201cUn pa\\u00eds m\\u00e1gico\\u201d, en La 2 | Cand\\u00e1s 365\",\"headline\":\"Hoy domingo \\u201cUn pa\\u00eds m\\u00e1gico\\u201d, en La 2\",\"author\":{\"@id\":\"https:\\\/\\\/candas365.es\\\/noticias\\\/author\\\/admin\\\/#author\"},\"publisher\":{\"@id\":\"https:\\\/\\\/candas365.es\\\/noticias\\\/#organization\"},\"image\":{\"@type\":\"ImageObject\",\"url\":\"https:\\\/\\\/candas365.es\\\/noticias\\\/wp-content\\\/uploads\\\/2019\\\/03\\\/ndp-tele0303201903.jpg\",\"width\":1600,\"height\":900},\"datePublished\":\"2019-03-03T17:46:02+01:00\",\"dateModified\":\"2019-03-03T17:46:02+01:00\",\"inLanguage\":\"es-ES\",\"mainEntityOfPage\":{\"@id\":\"https:\\\/\\\/candas365.es\\\/noticias\\\/hoy-domingo-un-pais-magico-en-la-2\\\/#webpage\"},\"isPartOf\":{\"@id\":\"https:\\\/\\\/candas365.es\\\/noticias\\\/hoy-domingo-un-pais-magico-en-la-2\\\/#webpage\"},\"articleSection\":\"Agenda\",\"dateline\":\"Publicado el marzo 3, 2019.\"},{\"@type\":\"Organization\",\"@id\":\"https:\\\/\\\/candas365.es\\\/noticias\\\/#organization\",\"name\":\"Cand\\u00e1s 365\",\"description\":\"Cand\\u00e1s 365 es un diario digital independiente, fundado en 2012, con base en Asturias. Informamos con rigor sobre actualidad, sociedad, cultura y ocio, con una mirada local y global.\",\"url\":\"https:\\\/\\\/candas365.es\\\/noticias\\\/\",\"email\":\"info@candas365.es\",\"telephone\":\"+34652131393\",\"foundingDate\":\"2012-06-10\",\"logo\":{\"@type\":\"ImageObject\",\"url\":\"https:\\\/\\\/candas365.es\\\/noticias\\\/wp-content\\\/uploads\\\/2024\\\/09\\\/Candas-365-Redes.jpg\",\"@id\":\"https:\\\/\\\/candas365.es\\\/noticias\\\/hoy-domingo-un-pais-magico-en-la-2\\\/#organizationLogo\",\"width\":1152,\"height\":864,\"caption\":\"Cand\\u00e1s 365 Redes\"},\"image\":{\"@id\":\"https:\\\/\\\/candas365.es\\\/noticias\\\/hoy-domingo-un-pais-magico-en-la-2\\\/#organizationLogo\"},\"sameAs\":[\"https:\\\/\\\/www.facebook.com\\\/Nachofdezber\",\"https:\\\/\\\/x.com\\\/NabercoDigital\",\"https:\\\/\\\/www.instagram.com\\\/nachofdezber\\\/\",\"https:\\\/\\\/www.youtube.com\\\/channel\\\/UCZP-2wLEB9Rv6erhFmqVnvg\"],\"address\":{\"@id\":\"https:\\\/\\\/candas365.es\\\/noticias\\\/#postaladdress\",\"@type\":\"PostalAddress\",\"streetAddress\":\"san antonio 4, san antonio 4\",\"postalCode\":\"33430\",\"addressLocality\":\"Cand\\u00e1s\",\"addressRegion\":\"Asturias\",\"addressCountry\":\"ES\"}},{\"@type\":\"Person\",\"@id\":\"https:\\\/\\\/candas365.es\\\/noticias\\\/author\\\/admin\\\/#author\",\"url\":\"https:\\\/\\\/candas365.es\\\/noticias\\\/author\\\/admin\\\/\",\"name\":\"Cand\\u00e1s 365\",\"image\":{\"@type\":\"ImageObject\",\"@id\":\"https:\\\/\\\/candas365.es\\\/noticias\\\/hoy-domingo-un-pais-magico-en-la-2\\\/#authorImage\",\"url\":\"https:\\\/\\\/secure.gravatar.com\\\/avatar\\\/496a8e03d0c493ede1718b7934145dbdf8d89be1036b0eec9544e1094c9de390?s=96&d=mm&r=g\",\"width\":96,\"height\":96,\"caption\":\"Cand\\u00e1s 365\"},\"sameAs\":[\"https:\\\/\\\/www.facebook.com\\\/carrenoactualidad\",\"https:\\\/\\\/twitter.com\\\/nbasturias\",\"https:\\\/\\\/www.instagram.com\\\/nachofdezber\\\/\",\"https:\\\/\\\/www.youtube.com\\\/channel\\\/UCZP-2wLEB9Rv6erhFmqVnvg\"]},{\"@type\":\"WebPage\",\"@id\":\"https:\\\/\\\/candas365.es\\\/noticias\\\/hoy-domingo-un-pais-magico-en-la-2\\\/#webpage\",\"url\":\"https:\\\/\\\/candas365.es\\\/noticias\\\/hoy-domingo-un-pais-magico-en-la-2\\\/\",\"name\":\"Hoy domingo \\u201cUn pa\\u00eds m\\u00e1gico\\u201d, en La 2 | Cand\\u00e1s 365\",\"description\":\"El comunicador e ilusionista Miguel de Lucas hace un nuevo recorrido por Espa\\u00f1a en 'Un pa\\u00eds m\\u00e1gico'. La tercera temporada visitar\\u00e1 13 ciudades espa\\u00f1olas y sus entornos para conocer su cultura, arte, tradiciones, curiosidades, historias y a quienes las protagonizaron. Toledo, Burgos, Girona, Palencia, Sevilla, Logro\\u00f1o, Bilbao, C\\u00e1diz, San Sebasti\\u00e1n, Zaragoza, Zamora, Pamplona y Madrid\",\"inLanguage\":\"es-ES\",\"isPartOf\":{\"@id\":\"https:\\\/\\\/candas365.es\\\/noticias\\\/#website\"},\"breadcrumb\":{\"@id\":\"https:\\\/\\\/candas365.es\\\/noticias\\\/hoy-domingo-un-pais-magico-en-la-2\\\/#breadcrumblist\"},\"author\":{\"@id\":\"https:\\\/\\\/candas365.es\\\/noticias\\\/author\\\/admin\\\/#author\"},\"creator\":{\"@id\":\"https:\\\/\\\/candas365.es\\\/noticias\\\/author\\\/admin\\\/#author\"},\"image\":{\"@type\":\"ImageObject\",\"url\":\"https:\\\/\\\/candas365.es\\\/noticias\\\/wp-content\\\/uploads\\\/2019\\\/03\\\/ndp-tele0303201903.jpg\",\"@id\":\"https:\\\/\\\/candas365.es\\\/noticias\\\/hoy-domingo-un-pais-magico-en-la-2\\\/#mainImage\",\"width\":1600,\"height\":900},\"primaryImageOfPage\":{\"@id\":\"https:\\\/\\\/candas365.es\\\/noticias\\\/hoy-domingo-un-pais-magico-en-la-2\\\/#mainImage\"},\"datePublished\":\"2019-03-03T17:46:02+01:00\",\"dateModified\":\"2019-03-03T17:46:02+01:00\"},{\"@type\":\"WebSite\",\"@id\":\"https:\\\/\\\/candas365.es\\\/noticias\\\/#website\",\"url\":\"https:\\\/\\\/candas365.es\\\/noticias\\\/\",\"name\":\"Cand\\u00e1s 365\",\"alternateName\":\"Cand\\u00e1s 365 Noticias\",\"description\":\"Actualidad desde Carre\\u00f1o para el mundo\",\"inLanguage\":\"es-ES\",\"publisher\":{\"@id\":\"https:\\\/\\\/candas365.es\\\/noticias\\\/#organization\"}}]}\n\t\t<\/script>\n\t\t<!-- All in One SEO Pro -->\r\n\t\t<title>Hoy domingo \u201cUn pa\u00eds m\u00e1gico\u201d, en La 2 | Cand\u00e1s 365<\/title>\n\n","aioseo_head_json":{"title":"Hoy domingo \u201cUn pa\u00eds m\u00e1gico\u201d, en La 2 | Cand\u00e1s 365","description":"El comunicador e ilusionista Miguel de Lucas hace un nuevo recorrido por Espa\u00f1a en 'Un pa\u00eds m\u00e1gico'. La tercera temporada visitar\u00e1 13 ciudades espa\u00f1olas y sus entornos para conocer su cultura, arte, tradiciones, curiosidades, historias y a quienes las protagonizaron. Toledo, Burgos, Girona, Palencia, Sevilla, Logro\u00f1o, Bilbao, C\u00e1diz, San Sebasti\u00e1n, Zaragoza, Zamora, Pamplona y Madrid","canonical_url":"https:\/\/candas365.es\/noticias\/hoy-domingo-un-pais-magico-en-la-2\/","robots":"max-image-preview:large","keywords":"agenda","webmasterTools":{"google-site-verification":"UA-32230408-1","msvalidate.01":"354F3CDFB2DA171B47FBE9ABF1F88D5","miscellaneous":""},"schema":{"@context":"https:\/\/schema.org","@graph":[{"@type":"BreadcrumbList","@id":"https:\/\/candas365.es\/noticias\/hoy-domingo-un-pais-magico-en-la-2\/#breadcrumblist","itemListElement":[{"@type":"ListItem","@id":"https:\/\/candas365.es\/noticias#listItem","position":1,"name":"Home","item":"https:\/\/candas365.es\/noticias","nextItem":{"@type":"ListItem","@id":"https:\/\/candas365.es\/noticias\/category\/agenda\/#listItem","name":"Agenda"}},{"@type":"ListItem","@id":"https:\/\/candas365.es\/noticias\/category\/agenda\/#listItem","position":2,"name":"Agenda","item":"https:\/\/candas365.es\/noticias\/category\/agenda\/","nextItem":{"@type":"ListItem","@id":"https:\/\/candas365.es\/noticias\/hoy-domingo-un-pais-magico-en-la-2\/#listItem","name":"Hoy domingo \u201cUn pa\u00eds m\u00e1gico\u201d, en La 2"},"previousItem":{"@type":"ListItem","@id":"https:\/\/candas365.es\/noticias#listItem","name":"Home"}},{"@type":"ListItem","@id":"https:\/\/candas365.es\/noticias\/hoy-domingo-un-pais-magico-en-la-2\/#listItem","position":3,"name":"Hoy domingo \u201cUn pa\u00eds m\u00e1gico\u201d, en La 2","previousItem":{"@type":"ListItem","@id":"https:\/\/candas365.es\/noticias\/category\/agenda\/#listItem","name":"Agenda"}}]},{"@type":"NewsArticle","@id":"https:\/\/candas365.es\/noticias\/hoy-domingo-un-pais-magico-en-la-2\/#newsarticle","name":"Hoy domingo \u201cUn pa\u00eds m\u00e1gico\u201d, en La 2 | Cand\u00e1s 365","headline":"Hoy domingo \u201cUn pa\u00eds m\u00e1gico\u201d, en La 2","author":{"@id":"https:\/\/candas365.es\/noticias\/author\/admin\/#author"},"publisher":{"@id":"https:\/\/candas365.es\/noticias\/#organization"},"image":{"@type":"ImageObject","url":"https:\/\/candas365.es\/noticias\/wp-content\/uploads\/2019\/03\/ndp-tele0303201903.jpg","width":1600,"height":900},"datePublished":"2019-03-03T17:46:02+01:00","dateModified":"2019-03-03T17:46:02+01:00","inLanguage":"es-ES","mainEntityOfPage":{"@id":"https:\/\/candas365.es\/noticias\/hoy-domingo-un-pais-magico-en-la-2\/#webpage"},"isPartOf":{"@id":"https:\/\/candas365.es\/noticias\/hoy-domingo-un-pais-magico-en-la-2\/#webpage"},"articleSection":"Agenda","dateline":"Publicado el marzo 3, 2019."},{"@type":"Organization","@id":"https:\/\/candas365.es\/noticias\/#organization","name":"Cand\u00e1s 365","description":"Cand\u00e1s 365 es un diario digital independiente, fundado en 2012, con base en Asturias. Informamos con rigor sobre actualidad, sociedad, cultura y ocio, con una mirada local y global.","url":"https:\/\/candas365.es\/noticias\/","email":"info@candas365.es","telephone":"+34652131393","foundingDate":"2012-06-10","logo":{"@type":"ImageObject","url":"https:\/\/candas365.es\/noticias\/wp-content\/uploads\/2024\/09\/Candas-365-Redes.jpg","@id":"https:\/\/candas365.es\/noticias\/hoy-domingo-un-pais-magico-en-la-2\/#organizationLogo","width":1152,"height":864,"caption":"Cand\u00e1s 365 Redes"},"image":{"@id":"https:\/\/candas365.es\/noticias\/hoy-domingo-un-pais-magico-en-la-2\/#organizationLogo"},"sameAs":["https:\/\/www.facebook.com\/Nachofdezber","https:\/\/x.com\/NabercoDigital","https:\/\/www.instagram.com\/nachofdezber\/","https:\/\/www.youtube.com\/channel\/UCZP-2wLEB9Rv6erhFmqVnvg"],"address":{"@id":"https:\/\/candas365.es\/noticias\/#postaladdress","@type":"PostalAddress","streetAddress":"san antonio 4, san antonio 4","postalCode":"33430","addressLocality":"Cand\u00e1s","addressRegion":"Asturias","addressCountry":"ES"}},{"@type":"Person","@id":"https:\/\/candas365.es\/noticias\/author\/admin\/#author","url":"https:\/\/candas365.es\/noticias\/author\/admin\/","name":"Cand\u00e1s 365","image":{"@type":"ImageObject","@id":"https:\/\/candas365.es\/noticias\/hoy-domingo-un-pais-magico-en-la-2\/#authorImage","url":"https:\/\/secure.gravatar.com\/avatar\/496a8e03d0c493ede1718b7934145dbdf8d89be1036b0eec9544e1094c9de390?s=96&d=mm&r=g","width":96,"height":96,"caption":"Cand\u00e1s 365"},"sameAs":["https:\/\/www.facebook.com\/carrenoactualidad","https:\/\/twitter.com\/nbasturias","https:\/\/www.instagram.com\/nachofdezber\/","https:\/\/www.youtube.com\/channel\/UCZP-2wLEB9Rv6erhFmqVnvg"]},{"@type":"WebPage","@id":"https:\/\/candas365.es\/noticias\/hoy-domingo-un-pais-magico-en-la-2\/#webpage","url":"https:\/\/candas365.es\/noticias\/hoy-domingo-un-pais-magico-en-la-2\/","name":"Hoy domingo \u201cUn pa\u00eds m\u00e1gico\u201d, en La 2 | Cand\u00e1s 365","description":"El comunicador e ilusionista Miguel de Lucas hace un nuevo recorrido por Espa\u00f1a en 'Un pa\u00eds m\u00e1gico'. La tercera temporada visitar\u00e1 13 ciudades espa\u00f1olas y sus entornos para conocer su cultura, arte, tradiciones, curiosidades, historias y a quienes las protagonizaron. Toledo, Burgos, Girona, Palencia, Sevilla, Logro\u00f1o, Bilbao, C\u00e1diz, San Sebasti\u00e1n, Zaragoza, Zamora, Pamplona y Madrid","inLanguage":"es-ES","isPartOf":{"@id":"https:\/\/candas365.es\/noticias\/#website"},"breadcrumb":{"@id":"https:\/\/candas365.es\/noticias\/hoy-domingo-un-pais-magico-en-la-2\/#breadcrumblist"},"author":{"@id":"https:\/\/candas365.es\/noticias\/author\/admin\/#author"},"creator":{"@id":"https:\/\/candas365.es\/noticias\/author\/admin\/#author"},"image":{"@type":"ImageObject","url":"https:\/\/candas365.es\/noticias\/wp-content\/uploads\/2019\/03\/ndp-tele0303201903.jpg","@id":"https:\/\/candas365.es\/noticias\/hoy-domingo-un-pais-magico-en-la-2\/#mainImage","width":1600,"height":900},"primaryImageOfPage":{"@id":"https:\/\/candas365.es\/noticias\/hoy-domingo-un-pais-magico-en-la-2\/#mainImage"},"datePublished":"2019-03-03T17:46:02+01:00","dateModified":"2019-03-03T17:46:02+01:00"},{"@type":"WebSite","@id":"https:\/\/candas365.es\/noticias\/#website","url":"https:\/\/candas365.es\/noticias\/","name":"Cand\u00e1s 365","alternateName":"Cand\u00e1s 365 Noticias","description":"Actualidad desde Carre\u00f1o para el mundo","inLanguage":"es-ES","publisher":{"@id":"https:\/\/candas365.es\/noticias\/#organization"}}]},"og:locale":"es_ES","og:site_name":"Cand\u00e1s 365","og:type":"article","og:title":"Hoy domingo \u201cUn pa\u00eds m\u00e1gico\u201d, en La 2 | Cand\u00e1s 365","og:description":"El comunicador e ilusionista Miguel de Lucas hace un nuevo recorrido por Espa\u00f1a en 'Un pa\u00eds m\u00e1gico'. La tercera temporada visitar\u00e1 13 ciudades espa\u00f1olas y sus entornos para conocer su cultura, arte, tradiciones, curiosidades, historias y a quienes las protagonizaron. Toledo, Burgos, Girona, Palencia, Sevilla, Logro\u00f1o, Bilbao, C\u00e1diz, San Sebasti\u00e1n, Zaragoza, Zamora, Pamplona y Madrid","og:url":"https:\/\/candas365.es\/noticias\/hoy-domingo-un-pais-magico-en-la-2\/","og:image":"https:\/\/candas365.es\/noticias\/wp-content\/uploads\/2019\/03\/ndp-tele0303201903.jpg","og:image:secure_url":"https:\/\/candas365.es\/noticias\/wp-content\/uploads\/2019\/03\/ndp-tele0303201903.jpg","og:image:width":1600,"og:image:height":900,"article:published_time":"2019-03-03T17:46:02+00:00","article:modified_time":"2019-03-03T17:46:02+00:00","article:publisher":"https:\/\/www.facebook.com\/Nachofdezber","article:author":"https:\/\/www.facebook.com\/carrenoactualidad","twitter:card":"summary_large_image","twitter:site":"@NabercoDigital","twitter:title":"Hoy domingo \u201cUn pa\u00eds m\u00e1gico\u201d, en La 2 | Cand\u00e1s 365","twitter:description":"El comunicador e ilusionista Miguel de Lucas hace un nuevo recorrido por Espa\u00f1a en 'Un pa\u00eds m\u00e1gico'. La tercera temporada visitar\u00e1 13 ciudades espa\u00f1olas y sus entornos para conocer su cultura, arte, tradiciones, curiosidades, historias y a quienes las protagonizaron. Toledo, Burgos, Girona, Palencia, Sevilla, Logro\u00f1o, Bilbao, C\u00e1diz, San Sebasti\u00e1n, Zaragoza, Zamora, Pamplona y Madrid","twitter:creator":"@nbasturias","twitter:image":"https:\/\/candas365.es\/noticias\/wp-content\/uploads\/2019\/03\/ndp-tele0303201903.jpg","twitter:label1":"Escrito por","twitter:data1":"Cand\u00e1s 365","twitter:label2":"Tiempo de lectura estimado","twitter:data2":"2 minutos"},"aioseo_meta_data":{"post_id":"117479","title":null,"description":null,"keywords":null,"keyphrases":null,"primary_term":null,"canonical_url":null,"og_title":null,"og_description":null,"og_object_type":"default","og_image_type":"default","og_image_url":null,"og_image_width":null,"og_image_height":null,"og_image_custom_url":null,"og_image_custom_fields":null,"og_video":null,"og_custom_url":null,"og_article_section":null,"og_article_tags":null,"twitter_use_og":false,"twitter_card":"default","twitter_image_type":"default","twitter_image_url":null,"twitter_image_custom_url":null,"twitter_image_custom_fields":null,"twitter_title":null,"twitter_description":null,"schema":{"blockGraphs":[],"customGraphs":[],"default":{"data":{"Article":[],"Course":[],"Dataset":[],"FAQPage":[],"Movie":[],"Person":[],"Product":[],"ProductReview":[],"Car":[],"Recipe":[],"Service":[],"SoftwareApplication":[],"WebPage":[]},"graphName":"","isEnabled":true},"graphs":[]},"schema_type":null,"schema_type_options":null,"pillar_content":false,"robots_default":true,"robots_noindex":false,"robots_noarchive":false,"robots_nosnippet":false,"robots_nofollow":false,"robots_noimageindex":false,"robots_noodp":false,"robots_notranslate":false,"robots_max_snippet":null,"robots_max_videopreview":null,"robots_max_imagepreview":"large","priority":null,"frequency":null,"location":null,"local_seo":null,"seo_analyzer_scan_date":"2025-08-29 09:35:20","breadcrumb_settings":null,"limit_modified_date":false,"reviewed_by":null,"open_ai":null,"ai":null,"created":"2020-12-21 11:06:57","updated":"2025-08-29 09:35:20"},"aioseo_breadcrumb":"<div class=\"aioseo-breadcrumbs\"><span class=\"aioseo-breadcrumb\">\n\t<a href=\"https:\/\/candas365.es\/noticias\" title=\"Home\">Home<\/a>\n<\/span><span class=\"aioseo-breadcrumb-separator\">&ndash;<\/span><span class=\"aioseo-breadcrumb\">\n\t<a href=\"https:\/\/candas365.es\/noticias\/category\/agenda\/\" title=\"Agenda\">Agenda<\/a>\n<\/span><span class=\"aioseo-breadcrumb-separator\">&ndash;<\/span><span class=\"aioseo-breadcrumb\">\n\tHoy domingo \u201cUn pa\u00eds m\u00e1gico\u201d, en La 2\n<\/span><\/div>","aioseo_breadcrumb_json":[{"label":"Home","link":"https:\/\/candas365.es\/noticias"},{"label":"Agenda","link":"https:\/\/candas365.es\/noticias\/category\/agenda\/"},{"label":"Hoy domingo \u201cUn pa\u00eds m\u00e1gico\u201d, en La 2","link":"https:\/\/candas365.es\/noticias\/hoy-domingo-un-pais-magico-en-la-2\/"}],"_links":{"self":[{"href":"https:\/\/candas365.es\/noticias\/wp-json\/wp\/v2\/posts\/117479","targetHints":{"allow":["GET"]}}],"collection":[{"href":"https:\/\/candas365.es\/noticias\/wp-json\/wp\/v2\/posts"}],"about":[{"href":"https:\/\/candas365.es\/noticias\/wp-json\/wp\/v2\/types\/post"}],"author":[{"embeddable":true,"href":"https:\/\/candas365.es\/noticias\/wp-json\/wp\/v2\/users\/1"}],"replies":[{"embeddable":true,"href":"https:\/\/candas365.es\/noticias\/wp-json\/wp\/v2\/comments?post=117479"}],"version-history":[{"count":0,"href":"https:\/\/candas365.es\/noticias\/wp-json\/wp\/v2\/posts\/117479\/revisions"}],"wp:featuredmedia":[{"embeddable":true,"href":"https:\/\/candas365.es\/noticias\/wp-json\/wp\/v2\/media\/117480"}],"wp:attachment":[{"href":"https:\/\/candas365.es\/noticias\/wp-json\/wp\/v2\/media?parent=117479"}],"wp:term":[{"taxonomy":"category","embeddable":true,"href":"https:\/\/candas365.es\/noticias\/wp-json\/wp\/v2\/categories?post=117479"},{"taxonomy":"post_tag","embeddable":true,"href":"https:\/\/candas365.es\/noticias\/wp-json\/wp\/v2\/tags?post=117479"}],"curies":[{"name":"wp","href":"https:\/\/api.w.org\/{rel}","templated":true}]}}