{"id":117096,"date":"2019-02-25T12:56:45","date_gmt":"2019-02-25T12:56:45","guid":{"rendered":"http:\/\/candas365.es\/noticias\/?p=117096"},"modified":"2019-02-25T12:56:45","modified_gmt":"2019-02-25T12:56:45","slug":"las-horas-mas-sombrias-en-candas","status":"publish","type":"post","link":"https:\/\/candas365.es\/noticias\/las-horas-mas-sombrias-en-candas\/","title":{"rendered":"\u201cLas horas m\u00e1s sombr\u00edas\u201d en Cand\u00e1s"},"content":{"rendered":"<p><img fetchpriority=\"high\" decoding=\"async\" class=\"alignleft size-medium wp-image-116960\" src=\"https:\/\/candas365.es\/noticias\/wp-content\/uploads\/2019\/02\/soraya-3-300x300.jpg\" alt=\"\" width=\"300\" height=\"300\" \/>Cada vez son m\u00e1s las personas qu\u00e9 se hacen la misma pregunta, \u00bf<strong>Qu\u00e9 son Las horas m\u00e1s sombr\u00edas<\/strong>?, desde hace unos d\u00edas el fen\u00f3meno literario del momento ya est\u00e1 causando furor en las redes sociales, ya tiene presencia en los hogares, y obviamente tambi\u00e9n est\u00e1 a la venta en <span style=\"color: #ff6600;\"><a style=\"color: #ff6600;\" href=\"https:\/\/sorayaandreinaperez.com\/mis-libros\/\" target=\"_blank\" rel=\"noopener noreferrer\"><strong>su web oficial<\/strong><\/a><\/span>.<\/p>\n<p>Poemas y sensaciones, letras llenas de sentimientos, huellas del pasado y recuerdos del presente que ya forman parte de la vida de muchas personas en todos los rincones del planeta\u2026<\/p>\n<p><strong>Cand\u00e1s ha sido elegido para la elaboraci\u00f3n de un video<\/strong> y de una <strong>campa\u00f1a promocional del libro<\/strong>.<\/p>\n<p>Pr\u00f3ximamente \u201cLas horas m\u00e1s sombr\u00edas\u201d realizar\u00e1 un tour por Cand\u00e1s para la edici\u00f3n de un video que podr\u00e1s disfrutar en su web oficial.<\/p>\n<p>En declaraciones a nuestro medio, <strong>Soraya Andreina P\u00e9rez<\/strong> ha dicho \u201cCand\u00e1s es un lugar con rincones, parques, miradores y zonas verdes que formar\u00e1n parte de la versi\u00f3n multimedia del libro\u201d, \u201cun rinc\u00f3n perfecto para fusionar im\u00e1genes y letras\u201d.<\/p>\n<p><em>Os seguiremos informando.<\/em><\/p>\n","protected":false},"excerpt":{"rendered":"<p>Cada vez son m\u00e1s las personas qu\u00e9 se hacen la misma pregunta, \u00bfQu\u00e9 son Las horas m\u00e1s sombr\u00edas?, desde hace unos d\u00edas el fen\u00f3meno literario del momento ya est\u00e1 causando furor en las redes sociales, ya tiene presencia en los hogares, y obviamente tambi\u00e9n est\u00e1 a la venta en su web oficial. Poemas y sensaciones,<\/p>\n","protected":false},"author":1,"featured_media":97639,"comment_status":"closed","ping_status":"closed","sticky":false,"template":"","format":"standard","meta":{"footnotes":""},"categories":[2],"tags":[],"class_list":{"0":"post-117096","1":"post","2":"type-post","3":"status-publish","4":"format-standard","5":"has-post-thumbnail","7":"category-noticias-carreno"},"aioseo_notices":[],"aioseo_head":"\n\t\t<!-- All in One SEO Pro 4.9.6.2 - aioseo.com -->\n\t<meta name=\"description\" content=\"Cada vez son m\u00e1s las personas qu\u00e9 se hacen la misma pregunta, \u00bfQu\u00e9 son Las horas m\u00e1s sombr\u00edas?, desde hace unos d\u00edas el fen\u00f3meno literario del momento ya est\u00e1 causando furor en las redes sociales, ya tiene presencia en los hogares, y obviamente tambi\u00e9n est\u00e1 a la venta en su web oficial. Poemas y sensaciones,\" \/>\n\t<meta name=\"robots\" content=\"max-image-preview:large\" \/>\n\t<meta name=\"author\" content=\"Cand\u00e1s 365\"\/>\n\t<meta name=\"google-site-verification\" content=\"UA-32230408-1\" \/>\n\t<meta name=\"msvalidate.01\" content=\"354F3CDFB2DA171B47FBE9ABF1F88D5\" \/>\n\t<meta name=\"keywords\" content=\"noticias carre\u00f1o\" \/>\n\t<link rel=\"canonical\" href=\"https:\/\/candas365.es\/noticias\/las-horas-mas-sombrias-en-candas\/\" \/>\n\t<meta name=\"generator\" content=\"All in One SEO Pro (AIOSEO) 4.9.6.2\" \/>\n\t\t<meta property=\"og:locale\" content=\"es_ES\" \/>\n\t\t<meta property=\"og:site_name\" content=\"Cand\u00e1s 365\" \/>\n\t\t<meta property=\"og:type\" content=\"article\" \/>\n\t\t<meta property=\"og:title\" content=\"\u201cLas horas m\u00e1s sombr\u00edas\u201d en Cand\u00e1s | Cand\u00e1s 365\" \/>\n\t\t<meta property=\"og:description\" content=\"Cada vez son m\u00e1s las personas qu\u00e9 se hacen la misma pregunta, \u00bfQu\u00e9 son Las horas m\u00e1s sombr\u00edas?, desde hace unos d\u00edas el fen\u00f3meno literario del momento ya est\u00e1 causando furor en las redes sociales, ya tiene presencia en los hogares, y obviamente tambi\u00e9n est\u00e1 a la venta en su web oficial. Poemas y sensaciones,\" \/>\n\t\t<meta property=\"og:url\" content=\"https:\/\/candas365.es\/noticias\/las-horas-mas-sombrias-en-candas\/\" \/>\n\t\t<meta property=\"og:image\" content=\"https:\/\/candas365.es\/noticias\/wp-content\/uploads\/2018\/06\/candas365-sanantonio2018.jpg\" \/>\n\t\t<meta property=\"og:image:secure_url\" content=\"https:\/\/candas365.es\/noticias\/wp-content\/uploads\/2018\/06\/candas365-sanantonio2018.jpg\" \/>\n\t\t<meta property=\"og:image:width\" content=\"908\" \/>\n\t\t<meta property=\"og:image:height\" content=\"648\" \/>\n\t\t<meta property=\"article:published_time\" content=\"2019-02-25T12:56:45+00:00\" \/>\n\t\t<meta property=\"article:modified_time\" content=\"2019-02-25T12:56:45+00:00\" \/>\n\t\t<meta property=\"article:publisher\" content=\"https:\/\/www.facebook.com\/Nachofdezber\" \/>\n\t\t<meta property=\"article:author\" content=\"https:\/\/www.facebook.com\/carrenoactualidad\" \/>\n\t\t<meta name=\"twitter:card\" content=\"summary_large_image\" \/>\n\t\t<meta name=\"twitter:site\" content=\"@NabercoDigital\" \/>\n\t\t<meta name=\"twitter:title\" content=\"\u201cLas horas m\u00e1s sombr\u00edas\u201d en Cand\u00e1s | Cand\u00e1s 365\" \/>\n\t\t<meta name=\"twitter:description\" content=\"Cada vez son m\u00e1s las personas qu\u00e9 se hacen la misma pregunta, \u00bfQu\u00e9 son Las horas m\u00e1s sombr\u00edas?, desde hace unos d\u00edas el fen\u00f3meno literario del momento ya est\u00e1 causando furor en las redes sociales, ya tiene presencia en los hogares, y obviamente tambi\u00e9n est\u00e1 a la venta en su web oficial. Poemas y sensaciones,\" \/>\n\t\t<meta name=\"twitter:creator\" content=\"@nbasturias\" \/>\n\t\t<meta name=\"twitter:image\" content=\"https:\/\/candas365.es\/noticias\/wp-content\/uploads\/2018\/06\/candas365-sanantonio2018.jpg\" \/>\n\t\t<meta name=\"twitter:label1\" content=\"Escrito por\" \/>\n\t\t<meta name=\"twitter:data1\" content=\"Cand\u00e1s 365\" \/>\n\t\t<meta name=\"twitter:label2\" content=\"Tiempo de lectura estimado\" \/>\n\t\t<meta name=\"twitter:data2\" content=\"1 minuto\" \/>\n\t\t<script type=\"application\/ld+json\" class=\"aioseo-schema\">\n\t\t\t{\"@context\":\"https:\\\/\\\/schema.org\",\"@graph\":[{\"@type\":\"BreadcrumbList\",\"@id\":\"https:\\\/\\\/candas365.es\\\/noticias\\\/las-horas-mas-sombrias-en-candas\\\/#breadcrumblist\",\"itemListElement\":[{\"@type\":\"ListItem\",\"@id\":\"https:\\\/\\\/candas365.es\\\/noticias#listItem\",\"position\":1,\"name\":\"Home\",\"item\":\"https:\\\/\\\/candas365.es\\\/noticias\",\"nextItem\":{\"@type\":\"ListItem\",\"@id\":\"https:\\\/\\\/candas365.es\\\/noticias\\\/category\\\/noticias-carreno\\\/#listItem\",\"name\":\"Noticias Carre\\u00f1o\"}},{\"@type\":\"ListItem\",\"@id\":\"https:\\\/\\\/candas365.es\\\/noticias\\\/category\\\/noticias-carreno\\\/#listItem\",\"position\":2,\"name\":\"Noticias Carre\\u00f1o\",\"item\":\"https:\\\/\\\/candas365.es\\\/noticias\\\/category\\\/noticias-carreno\\\/\",\"nextItem\":{\"@type\":\"ListItem\",\"@id\":\"https:\\\/\\\/candas365.es\\\/noticias\\\/las-horas-mas-sombrias-en-candas\\\/#listItem\",\"name\":\"\\u201cLas horas m\\u00e1s sombr\\u00edas\\u201d en Cand\\u00e1s\"},\"previousItem\":{\"@type\":\"ListItem\",\"@id\":\"https:\\\/\\\/candas365.es\\\/noticias#listItem\",\"name\":\"Home\"}},{\"@type\":\"ListItem\",\"@id\":\"https:\\\/\\\/candas365.es\\\/noticias\\\/las-horas-mas-sombrias-en-candas\\\/#listItem\",\"position\":3,\"name\":\"\\u201cLas horas m\\u00e1s sombr\\u00edas\\u201d en Cand\\u00e1s\",\"previousItem\":{\"@type\":\"ListItem\",\"@id\":\"https:\\\/\\\/candas365.es\\\/noticias\\\/category\\\/noticias-carreno\\\/#listItem\",\"name\":\"Noticias Carre\\u00f1o\"}}]},{\"@type\":\"NewsArticle\",\"@id\":\"https:\\\/\\\/candas365.es\\\/noticias\\\/las-horas-mas-sombrias-en-candas\\\/#newsarticle\",\"name\":\"\\u201cLas horas m\\u00e1s sombr\\u00edas\\u201d en Cand\\u00e1s | Cand\\u00e1s 365\",\"headline\":\"\\u201cLas horas m\\u00e1s sombr\\u00edas\\u201d en Cand\\u00e1s\",\"author\":{\"@id\":\"https:\\\/\\\/candas365.es\\\/noticias\\\/author\\\/admin\\\/#author\"},\"publisher\":{\"@id\":\"https:\\\/\\\/candas365.es\\\/noticias\\\/#organization\"},\"image\":{\"@type\":\"ImageObject\",\"url\":\"https:\\\/\\\/candas365.es\\\/noticias\\\/wp-content\\\/uploads\\\/2018\\\/06\\\/candas365-sanantonio2018.jpg\",\"width\":908,\"height\":648,\"caption\":\"Cand\\u00e1s\"},\"datePublished\":\"2019-02-25T12:56:45+01:00\",\"dateModified\":\"2019-02-25T12:56:45+01:00\",\"inLanguage\":\"es-ES\",\"mainEntityOfPage\":{\"@id\":\"https:\\\/\\\/candas365.es\\\/noticias\\\/las-horas-mas-sombrias-en-candas\\\/#webpage\"},\"isPartOf\":{\"@id\":\"https:\\\/\\\/candas365.es\\\/noticias\\\/las-horas-mas-sombrias-en-candas\\\/#webpage\"},\"articleSection\":\"Noticias Carre\\u00f1o\",\"dateline\":\"Publicado el febrero 25, 2019.\"},{\"@type\":\"Organization\",\"@id\":\"https:\\\/\\\/candas365.es\\\/noticias\\\/#organization\",\"name\":\"Cand\\u00e1s 365\",\"description\":\"Cand\\u00e1s 365 es un diario digital independiente, fundado en 2012, con base en Asturias. Informamos con rigor sobre actualidad, sociedad, cultura y ocio, con una mirada local y global.\",\"url\":\"https:\\\/\\\/candas365.es\\\/noticias\\\/\",\"email\":\"info@candas365.es\",\"telephone\":\"+34652131393\",\"foundingDate\":\"2012-06-10\",\"logo\":{\"@type\":\"ImageObject\",\"url\":\"https:\\\/\\\/candas365.es\\\/noticias\\\/wp-content\\\/uploads\\\/2024\\\/09\\\/Candas-365-Redes.jpg\",\"@id\":\"https:\\\/\\\/candas365.es\\\/noticias\\\/las-horas-mas-sombrias-en-candas\\\/#organizationLogo\",\"width\":1152,\"height\":864,\"caption\":\"Cand\\u00e1s 365 Redes\"},\"image\":{\"@id\":\"https:\\\/\\\/candas365.es\\\/noticias\\\/las-horas-mas-sombrias-en-candas\\\/#organizationLogo\"},\"sameAs\":[\"https:\\\/\\\/www.facebook.com\\\/Nachofdezber\",\"https:\\\/\\\/x.com\\\/NabercoDigital\",\"https:\\\/\\\/www.instagram.com\\\/nachofdezber\\\/\",\"https:\\\/\\\/www.youtube.com\\\/channel\\\/UCZP-2wLEB9Rv6erhFmqVnvg\"],\"address\":{\"@id\":\"https:\\\/\\\/candas365.es\\\/noticias\\\/#postaladdress\",\"@type\":\"PostalAddress\",\"streetAddress\":\"san antonio 4, san antonio 4\",\"postalCode\":\"33430\",\"addressLocality\":\"Cand\\u00e1s\",\"addressRegion\":\"Asturias\",\"addressCountry\":\"ES\"}},{\"@type\":\"Person\",\"@id\":\"https:\\\/\\\/candas365.es\\\/noticias\\\/author\\\/admin\\\/#author\",\"url\":\"https:\\\/\\\/candas365.es\\\/noticias\\\/author\\\/admin\\\/\",\"name\":\"Cand\\u00e1s 365\",\"image\":{\"@type\":\"ImageObject\",\"@id\":\"https:\\\/\\\/candas365.es\\\/noticias\\\/las-horas-mas-sombrias-en-candas\\\/#authorImage\",\"url\":\"https:\\\/\\\/secure.gravatar.com\\\/avatar\\\/496a8e03d0c493ede1718b7934145dbdf8d89be1036b0eec9544e1094c9de390?s=96&d=mm&r=g\",\"width\":96,\"height\":96,\"caption\":\"Cand\\u00e1s 365\"},\"sameAs\":[\"https:\\\/\\\/www.facebook.com\\\/carrenoactualidad\",\"https:\\\/\\\/twitter.com\\\/nbasturias\",\"https:\\\/\\\/www.instagram.com\\\/nachofdezber\\\/\",\"https:\\\/\\\/www.youtube.com\\\/channel\\\/UCZP-2wLEB9Rv6erhFmqVnvg\"]},{\"@type\":\"WebPage\",\"@id\":\"https:\\\/\\\/candas365.es\\\/noticias\\\/las-horas-mas-sombrias-en-candas\\\/#webpage\",\"url\":\"https:\\\/\\\/candas365.es\\\/noticias\\\/las-horas-mas-sombrias-en-candas\\\/\",\"name\":\"\\u201cLas horas m\\u00e1s sombr\\u00edas\\u201d en Cand\\u00e1s | Cand\\u00e1s 365\",\"description\":\"Cada vez son m\\u00e1s las personas qu\\u00e9 se hacen la misma pregunta, \\u00bfQu\\u00e9 son Las horas m\\u00e1s sombr\\u00edas?, desde hace unos d\\u00edas el fen\\u00f3meno literario del momento ya est\\u00e1 causando furor en las redes sociales, ya tiene presencia en los hogares, y obviamente tambi\\u00e9n est\\u00e1 a la venta en su web oficial. Poemas y sensaciones,\",\"inLanguage\":\"es-ES\",\"isPartOf\":{\"@id\":\"https:\\\/\\\/candas365.es\\\/noticias\\\/#website\"},\"breadcrumb\":{\"@id\":\"https:\\\/\\\/candas365.es\\\/noticias\\\/las-horas-mas-sombrias-en-candas\\\/#breadcrumblist\"},\"author\":{\"@id\":\"https:\\\/\\\/candas365.es\\\/noticias\\\/author\\\/admin\\\/#author\"},\"creator\":{\"@id\":\"https:\\\/\\\/candas365.es\\\/noticias\\\/author\\\/admin\\\/#author\"},\"image\":{\"@type\":\"ImageObject\",\"url\":\"https:\\\/\\\/candas365.es\\\/noticias\\\/wp-content\\\/uploads\\\/2018\\\/06\\\/candas365-sanantonio2018.jpg\",\"@id\":\"https:\\\/\\\/candas365.es\\\/noticias\\\/las-horas-mas-sombrias-en-candas\\\/#mainImage\",\"width\":908,\"height\":648,\"caption\":\"Cand\\u00e1s\"},\"primaryImageOfPage\":{\"@id\":\"https:\\\/\\\/candas365.es\\\/noticias\\\/las-horas-mas-sombrias-en-candas\\\/#mainImage\"},\"datePublished\":\"2019-02-25T12:56:45+01:00\",\"dateModified\":\"2019-02-25T12:56:45+01:00\"},{\"@type\":\"WebSite\",\"@id\":\"https:\\\/\\\/candas365.es\\\/noticias\\\/#website\",\"url\":\"https:\\\/\\\/candas365.es\\\/noticias\\\/\",\"name\":\"Cand\\u00e1s 365\",\"alternateName\":\"Cand\\u00e1s 365 Noticias\",\"description\":\"Actualidad desde Carre\\u00f1o para el mundo\",\"inLanguage\":\"es-ES\",\"publisher\":{\"@id\":\"https:\\\/\\\/candas365.es\\\/noticias\\\/#organization\"}}]}\n\t\t<\/script>\n\t\t<!-- All in One SEO Pro -->\r\n\t\t<title>\u201cLas horas m\u00e1s sombr\u00edas\u201d en Cand\u00e1s | Cand\u00e1s 365<\/title>\n\n","aioseo_head_json":{"title":"\u201cLas horas m\u00e1s sombr\u00edas\u201d en Cand\u00e1s | Cand\u00e1s 365","description":"Cada vez son m\u00e1s las personas qu\u00e9 se hacen la misma pregunta, \u00bfQu\u00e9 son Las horas m\u00e1s sombr\u00edas?, desde hace unos d\u00edas el fen\u00f3meno literario del momento ya est\u00e1 causando furor en las redes sociales, ya tiene presencia en los hogares, y obviamente tambi\u00e9n est\u00e1 a la venta en su web oficial. Poemas y sensaciones,","canonical_url":"https:\/\/candas365.es\/noticias\/las-horas-mas-sombrias-en-candas\/","robots":"max-image-preview:large","keywords":"noticias carre\u00f1o","webmasterTools":{"google-site-verification":"UA-32230408-1","msvalidate.01":"354F3CDFB2DA171B47FBE9ABF1F88D5","miscellaneous":""},"schema":{"@context":"https:\/\/schema.org","@graph":[{"@type":"BreadcrumbList","@id":"https:\/\/candas365.es\/noticias\/las-horas-mas-sombrias-en-candas\/#breadcrumblist","itemListElement":[{"@type":"ListItem","@id":"https:\/\/candas365.es\/noticias#listItem","position":1,"name":"Home","item":"https:\/\/candas365.es\/noticias","nextItem":{"@type":"ListItem","@id":"https:\/\/candas365.es\/noticias\/category\/noticias-carreno\/#listItem","name":"Noticias Carre\u00f1o"}},{"@type":"ListItem","@id":"https:\/\/candas365.es\/noticias\/category\/noticias-carreno\/#listItem","position":2,"name":"Noticias Carre\u00f1o","item":"https:\/\/candas365.es\/noticias\/category\/noticias-carreno\/","nextItem":{"@type":"ListItem","@id":"https:\/\/candas365.es\/noticias\/las-horas-mas-sombrias-en-candas\/#listItem","name":"\u201cLas horas m\u00e1s sombr\u00edas\u201d en Cand\u00e1s"},"previousItem":{"@type":"ListItem","@id":"https:\/\/candas365.es\/noticias#listItem","name":"Home"}},{"@type":"ListItem","@id":"https:\/\/candas365.es\/noticias\/las-horas-mas-sombrias-en-candas\/#listItem","position":3,"name":"\u201cLas horas m\u00e1s sombr\u00edas\u201d en Cand\u00e1s","previousItem":{"@type":"ListItem","@id":"https:\/\/candas365.es\/noticias\/category\/noticias-carreno\/#listItem","name":"Noticias Carre\u00f1o"}}]},{"@type":"NewsArticle","@id":"https:\/\/candas365.es\/noticias\/las-horas-mas-sombrias-en-candas\/#newsarticle","name":"\u201cLas horas m\u00e1s sombr\u00edas\u201d en Cand\u00e1s | Cand\u00e1s 365","headline":"\u201cLas horas m\u00e1s sombr\u00edas\u201d en Cand\u00e1s","author":{"@id":"https:\/\/candas365.es\/noticias\/author\/admin\/#author"},"publisher":{"@id":"https:\/\/candas365.es\/noticias\/#organization"},"image":{"@type":"ImageObject","url":"https:\/\/candas365.es\/noticias\/wp-content\/uploads\/2018\/06\/candas365-sanantonio2018.jpg","width":908,"height":648,"caption":"Cand\u00e1s"},"datePublished":"2019-02-25T12:56:45+01:00","dateModified":"2019-02-25T12:56:45+01:00","inLanguage":"es-ES","mainEntityOfPage":{"@id":"https:\/\/candas365.es\/noticias\/las-horas-mas-sombrias-en-candas\/#webpage"},"isPartOf":{"@id":"https:\/\/candas365.es\/noticias\/las-horas-mas-sombrias-en-candas\/#webpage"},"articleSection":"Noticias Carre\u00f1o","dateline":"Publicado el febrero 25, 2019."},{"@type":"Organization","@id":"https:\/\/candas365.es\/noticias\/#organization","name":"Cand\u00e1s 365","description":"Cand\u00e1s 365 es un diario digital independiente, fundado en 2012, con base en Asturias. Informamos con rigor sobre actualidad, sociedad, cultura y ocio, con una mirada local y global.","url":"https:\/\/candas365.es\/noticias\/","email":"info@candas365.es","telephone":"+34652131393","foundingDate":"2012-06-10","logo":{"@type":"ImageObject","url":"https:\/\/candas365.es\/noticias\/wp-content\/uploads\/2024\/09\/Candas-365-Redes.jpg","@id":"https:\/\/candas365.es\/noticias\/las-horas-mas-sombrias-en-candas\/#organizationLogo","width":1152,"height":864,"caption":"Cand\u00e1s 365 Redes"},"image":{"@id":"https:\/\/candas365.es\/noticias\/las-horas-mas-sombrias-en-candas\/#organizationLogo"},"sameAs":["https:\/\/www.facebook.com\/Nachofdezber","https:\/\/x.com\/NabercoDigital","https:\/\/www.instagram.com\/nachofdezber\/","https:\/\/www.youtube.com\/channel\/UCZP-2wLEB9Rv6erhFmqVnvg"],"address":{"@id":"https:\/\/candas365.es\/noticias\/#postaladdress","@type":"PostalAddress","streetAddress":"san antonio 4, san antonio 4","postalCode":"33430","addressLocality":"Cand\u00e1s","addressRegion":"Asturias","addressCountry":"ES"}},{"@type":"Person","@id":"https:\/\/candas365.es\/noticias\/author\/admin\/#author","url":"https:\/\/candas365.es\/noticias\/author\/admin\/","name":"Cand\u00e1s 365","image":{"@type":"ImageObject","@id":"https:\/\/candas365.es\/noticias\/las-horas-mas-sombrias-en-candas\/#authorImage","url":"https:\/\/secure.gravatar.com\/avatar\/496a8e03d0c493ede1718b7934145dbdf8d89be1036b0eec9544e1094c9de390?s=96&d=mm&r=g","width":96,"height":96,"caption":"Cand\u00e1s 365"},"sameAs":["https:\/\/www.facebook.com\/carrenoactualidad","https:\/\/twitter.com\/nbasturias","https:\/\/www.instagram.com\/nachofdezber\/","https:\/\/www.youtube.com\/channel\/UCZP-2wLEB9Rv6erhFmqVnvg"]},{"@type":"WebPage","@id":"https:\/\/candas365.es\/noticias\/las-horas-mas-sombrias-en-candas\/#webpage","url":"https:\/\/candas365.es\/noticias\/las-horas-mas-sombrias-en-candas\/","name":"\u201cLas horas m\u00e1s sombr\u00edas\u201d en Cand\u00e1s | Cand\u00e1s 365","description":"Cada vez son m\u00e1s las personas qu\u00e9 se hacen la misma pregunta, \u00bfQu\u00e9 son Las horas m\u00e1s sombr\u00edas?, desde hace unos d\u00edas el fen\u00f3meno literario del momento ya est\u00e1 causando furor en las redes sociales, ya tiene presencia en los hogares, y obviamente tambi\u00e9n est\u00e1 a la venta en su web oficial. Poemas y sensaciones,","inLanguage":"es-ES","isPartOf":{"@id":"https:\/\/candas365.es\/noticias\/#website"},"breadcrumb":{"@id":"https:\/\/candas365.es\/noticias\/las-horas-mas-sombrias-en-candas\/#breadcrumblist"},"author":{"@id":"https:\/\/candas365.es\/noticias\/author\/admin\/#author"},"creator":{"@id":"https:\/\/candas365.es\/noticias\/author\/admin\/#author"},"image":{"@type":"ImageObject","url":"https:\/\/candas365.es\/noticias\/wp-content\/uploads\/2018\/06\/candas365-sanantonio2018.jpg","@id":"https:\/\/candas365.es\/noticias\/las-horas-mas-sombrias-en-candas\/#mainImage","width":908,"height":648,"caption":"Cand\u00e1s"},"primaryImageOfPage":{"@id":"https:\/\/candas365.es\/noticias\/las-horas-mas-sombrias-en-candas\/#mainImage"},"datePublished":"2019-02-25T12:56:45+01:00","dateModified":"2019-02-25T12:56:45+01:00"},{"@type":"WebSite","@id":"https:\/\/candas365.es\/noticias\/#website","url":"https:\/\/candas365.es\/noticias\/","name":"Cand\u00e1s 365","alternateName":"Cand\u00e1s 365 Noticias","description":"Actualidad desde Carre\u00f1o para el mundo","inLanguage":"es-ES","publisher":{"@id":"https:\/\/candas365.es\/noticias\/#organization"}}]},"og:locale":"es_ES","og:site_name":"Cand\u00e1s 365","og:type":"article","og:title":"\u201cLas horas m\u00e1s sombr\u00edas\u201d en Cand\u00e1s | Cand\u00e1s 365","og:description":"Cada vez son m\u00e1s las personas qu\u00e9 se hacen la misma pregunta, \u00bfQu\u00e9 son Las horas m\u00e1s sombr\u00edas?, desde hace unos d\u00edas el fen\u00f3meno literario del momento ya est\u00e1 causando furor en las redes sociales, ya tiene presencia en los hogares, y obviamente tambi\u00e9n est\u00e1 a la venta en su web oficial. Poemas y sensaciones,","og:url":"https:\/\/candas365.es\/noticias\/las-horas-mas-sombrias-en-candas\/","og:image":"https:\/\/candas365.es\/noticias\/wp-content\/uploads\/2018\/06\/candas365-sanantonio2018.jpg","og:image:secure_url":"https:\/\/candas365.es\/noticias\/wp-content\/uploads\/2018\/06\/candas365-sanantonio2018.jpg","og:image:width":908,"og:image:height":648,"article:published_time":"2019-02-25T12:56:45+00:00","article:modified_time":"2019-02-25T12:56:45+00:00","article:publisher":"https:\/\/www.facebook.com\/Nachofdezber","article:author":"https:\/\/www.facebook.com\/carrenoactualidad","twitter:card":"summary_large_image","twitter:site":"@NabercoDigital","twitter:title":"\u201cLas horas m\u00e1s sombr\u00edas\u201d en Cand\u00e1s | Cand\u00e1s 365","twitter:description":"Cada vez son m\u00e1s las personas qu\u00e9 se hacen la misma pregunta, \u00bfQu\u00e9 son Las horas m\u00e1s sombr\u00edas?, desde hace unos d\u00edas el fen\u00f3meno literario del momento ya est\u00e1 causando furor en las redes sociales, ya tiene presencia en los hogares, y obviamente tambi\u00e9n est\u00e1 a la venta en su web oficial. Poemas y sensaciones,","twitter:creator":"@nbasturias","twitter:image":"https:\/\/candas365.es\/noticias\/wp-content\/uploads\/2018\/06\/candas365-sanantonio2018.jpg","twitter:label1":"Escrito por","twitter:data1":"Cand\u00e1s 365","twitter:label2":"Tiempo de lectura estimado","twitter:data2":"1 minuto"},"aioseo_meta_data":{"post_id":"117096","title":null,"description":null,"keywords":null,"keyphrases":null,"primary_term":null,"canonical_url":null,"og_title":null,"og_description":null,"og_object_type":"default","og_image_type":"default","og_image_url":null,"og_image_width":null,"og_image_height":null,"og_image_custom_url":null,"og_image_custom_fields":null,"og_video":null,"og_custom_url":null,"og_article_section":null,"og_article_tags":null,"twitter_use_og":false,"twitter_card":"default","twitter_image_type":"default","twitter_image_url":null,"twitter_image_custom_url":null,"twitter_image_custom_fields":null,"twitter_title":null,"twitter_description":null,"schema":{"blockGraphs":[],"customGraphs":[],"default":{"data":{"Article":[],"Course":[],"Dataset":[],"FAQPage":[],"Movie":[],"Person":[],"Product":[],"ProductReview":[],"Car":[],"Recipe":[],"Service":[],"SoftwareApplication":[],"WebPage":[]},"graphName":"","isEnabled":true},"graphs":[],"defaultGraph":"","defaultPostTypeGraph":""},"schema_type":null,"schema_type_options":null,"pillar_content":false,"robots_default":true,"robots_noindex":false,"robots_noarchive":false,"robots_nosnippet":false,"robots_nofollow":false,"robots_noimageindex":false,"robots_noodp":false,"robots_notranslate":false,"robots_max_snippet":null,"robots_max_videopreview":null,"robots_max_imagepreview":"large","priority":null,"frequency":null,"location":null,"local_seo":null,"seo_analyzer_scan_date":"2025-08-29 08:30:35","breadcrumb_settings":null,"limit_modified_date":false,"reviewed_by":null,"open_ai":null,"ai":null,"created":"2020-12-21 11:09:56","updated":"2025-08-29 08:30:35"},"aioseo_breadcrumb":"<div class=\"aioseo-breadcrumbs\"><span class=\"aioseo-breadcrumb\">\n\t<a href=\"https:\/\/candas365.es\/noticias\" title=\"Home\">Home<\/a>\n<\/span><span class=\"aioseo-breadcrumb-separator\">&ndash;<\/span><span class=\"aioseo-breadcrumb\">\n\t<a href=\"https:\/\/candas365.es\/noticias\/category\/noticias-carreno\/\" title=\"Noticias Carre\u00f1o\">Noticias Carre\u00f1o<\/a>\n<\/span><span class=\"aioseo-breadcrumb-separator\">&ndash;<\/span><span class=\"aioseo-breadcrumb\">\n\t\u201cLas horas m\u00e1s sombr\u00edas\u201d en Cand\u00e1s\n<\/span><\/div>","aioseo_breadcrumb_json":[{"label":"Home","link":"https:\/\/candas365.es\/noticias"},{"label":"Noticias Carre\u00f1o","link":"https:\/\/candas365.es\/noticias\/category\/noticias-carreno\/"},{"label":"\u201cLas horas m\u00e1s sombr\u00edas\u201d en Cand\u00e1s","link":"https:\/\/candas365.es\/noticias\/las-horas-mas-sombrias-en-candas\/"}],"_links":{"self":[{"href":"https:\/\/candas365.es\/noticias\/wp-json\/wp\/v2\/posts\/117096","targetHints":{"allow":["GET"]}}],"collection":[{"href":"https:\/\/candas365.es\/noticias\/wp-json\/wp\/v2\/posts"}],"about":[{"href":"https:\/\/candas365.es\/noticias\/wp-json\/wp\/v2\/types\/post"}],"author":[{"embeddable":true,"href":"https:\/\/candas365.es\/noticias\/wp-json\/wp\/v2\/users\/1"}],"replies":[{"embeddable":true,"href":"https:\/\/candas365.es\/noticias\/wp-json\/wp\/v2\/comments?post=117096"}],"version-history":[{"count":0,"href":"https:\/\/candas365.es\/noticias\/wp-json\/wp\/v2\/posts\/117096\/revisions"}],"wp:featuredmedia":[{"embeddable":true,"href":"https:\/\/candas365.es\/noticias\/wp-json\/wp\/v2\/media\/97639"}],"wp:attachment":[{"href":"https:\/\/candas365.es\/noticias\/wp-json\/wp\/v2\/media?parent=117096"}],"wp:term":[{"taxonomy":"category","embeddable":true,"href":"https:\/\/candas365.es\/noticias\/wp-json\/wp\/v2\/categories?post=117096"},{"taxonomy":"post_tag","embeddable":true,"href":"https:\/\/candas365.es\/noticias\/wp-json\/wp\/v2\/tags?post=117096"}],"curies":[{"name":"wp","href":"https:\/\/api.w.org\/{rel}","templated":true}]}}