{"id":116782,"date":"2019-02-21T14:40:06","date_gmt":"2019-02-21T14:40:06","guid":{"rendered":"http:\/\/candas365.es\/noticias\/?p=116782"},"modified":"2019-02-21T14:40:06","modified_gmt":"2019-02-21T14:40:06","slug":"el-precio-y-suena-la-cupula-en-el-niemeyer","status":"publish","type":"post","link":"https:\/\/candas365.es\/noticias\/el-precio-y-suena-la-cupula-en-el-niemeyer\/","title":{"rendered":"\u201cEl precio\u201d y \u00abSuena la C\u00fapula\u00bb en el Niemeyer"},"content":{"rendered":"<p><img fetchpriority=\"high\" decoding=\"async\" class=\"alignleft size-medium wp-image-403\" src=\"https:\/\/candas365.es\/noticias\/wp-content\/uploads\/2014\/09\/niemeyer-360x239.jpg\" alt=\"\" width=\"360\" height=\"239\" srcset=\"https:\/\/candas365.es\/noticias\/wp-content\/uploads\/2014\/09\/niemeyer-360x239.jpg 360w, https:\/\/candas365.es\/noticias\/wp-content\/uploads\/2014\/09\/niemeyer-650x431.jpg 650w, https:\/\/candas365.es\/noticias\/wp-content\/uploads\/2014\/09\/niemeyer-768x510.jpg 768w, https:\/\/candas365.es\/noticias\/wp-content\/uploads\/2014\/09\/niemeyer-150x100.jpg 150w, https:\/\/candas365.es\/noticias\/wp-content\/uploads\/2014\/09\/niemeyer-450x299.jpg 450w, https:\/\/candas365.es\/noticias\/wp-content\/uploads\/2014\/09\/niemeyer-655x435.jpg 655w, https:\/\/candas365.es\/noticias\/wp-content\/uploads\/2014\/09\/niemeyer-696x462.jpg 696w, https:\/\/candas365.es\/noticias\/wp-content\/uploads\/2014\/09\/niemeyer-633x420.jpg 633w, https:\/\/candas365.es\/noticias\/wp-content\/uploads\/2014\/09\/niemeyer-84x55.jpg 84w, https:\/\/candas365.es\/noticias\/wp-content\/uploads\/2014\/09\/niemeyer.jpg 800w\" sizes=\"(max-width: 360px) 100vw, 360px\" \/>El s\u00e1bado 23 febrero a las 20:30 el cl\u00e1sico de Arthur Miller \u201cEl precio\u201d se sube al escenario del Auditorio del Centro Niemeyer bajo la direcci\u00f3n de Silvia Munt. Trist\u00e1n Ulloa, Gonzalo de Castro, Eduardo Blanco y Elisabet Gelabert encarnan al cuarteto protagonista de este cl\u00e1sico de la literatura estadounidense.<\/p>\n<p>Dos hermanos se reencuentran en el desv\u00e1n de la casa familiar despu\u00e9s de 16 a\u00f1os sin hablarse. Dentro de poco la casa debe ser demolida. V\u00edctor, un humilde polic\u00eda a punto de retirarse, y su esposa Esther, convocan al hermano mayor, Walter, cirujano de \u00e9xito, a un encuentro con el tasador para decidir el precio de los viejos muebles familiares. Todo va bien hasta que los recuerdos hacen despertar los fantasmas encerrados en este viejo \u00e1tico.<\/p>\n<p>Munt subraya con su puesta en escena la obsesi\u00f3n de Arthur Miller, una obsesi\u00f3n que convierte en don para poder radiografiar lo m\u00e1s \u00edntimo del ser humano. Como un experto cirujano, va trepanando con delicadeza lo m\u00e1s rec\u00f3ndito de nuestro comportamiento, ense\u00f1ando lo m\u00e1s profundo y revelador de forma inexorable. Y como en un n\u00edtido espejo, nos vemos reflejados de una manera u otra, intentando digerir lo que vemos.<\/p>\n<p>Silvia Munt explica en la obra el sentido esencial que tienen las crisis econ\u00f3micas, unos cambios que hacen tambalear los fundamentos de nuestro sistema, de nuestras familias y de nuestro comportamiento, dejando consecuencias devastadoras. Las cuestiones m\u00e1s esenciales surgen ante la adversidad, poniendo a prueba nuestra sociedad y a cada uno de nosotros.<\/p>\n<p>Arthur Miller (1915 -2005) es autor de obras emblem\u00e1ticas como \u201cDeath of a Salesman &#8211; La muerte de un viajante\u201d &#8211; o \u201cThe Crucible &#8211; Las brujas de Salem\u201d \u2013 y\u00a0ganador de dos premios Pulitzer. Miller es el segundo autor teatral en lengua inglesa que m\u00e1s veces se ha representado despu\u00e9s de Shakespeare. El dramaturgo estadounidense destac\u00f3 por su compromiso con la sociedad y su esp\u00edritu cr\u00edtico Por muchos americanos fue considerado como \u201cun peligro comunista\u201d por sus posicionamientos cercanos al marxismo, su oposici\u00f3n a la cacer\u00eda de brujas de McCarthy y las denuncias a la intervenci\u00f3n americana en Corea y Vietnam. Recibi\u00f3 la Medalla de Oro de las Letras (1959), el Premio Angloamericano de Teatro (1966), el Lawrence Olivier Theatre Award (1995) y Premio Pr\u00edncipe de Asturias (2002). El 2015 se celebr\u00f3 en todo el mundo el centenario de su nacimiento.<\/p>\n<p>Silvia Munt es actriz, directora de cine y teatro y guionista. Inici\u00f3 su carrera art\u00edstica en el mundo de la danza. Titulada en Ballet Cl\u00e1sico por The Royal Ballet de Londres (1974), form\u00f3 parte del Ballet Contempor\u00e1neo de Barcelona, entre otros. Despu\u00e9s de una extensa carrera como actriz, en la cual ha participado en m\u00e1s de cincuenta pel\u00edculas y en la que ha conseguido, entre otros, el premio Goya por su papel en \u201cAlas de mariposa\u201d, en 2001 pas\u00f3 a dedicarse principalmente a la direcci\u00f3n, tanto de pel\u00edculas como de documentales y teatro.<\/p>\n<p>Las entradas para espect\u00e1culo tienen un precio de 24 \u20ac y se pueden conseguir en las recepciones del Centro Niemeyer, CITPA de Oviedo y Laboral Ciudad de la Cultura en Gij\u00f3n, el tel\u00e9fono 902 106 601 y Liberbank \u2013 entradas (www.liberbank.es).<\/p>\n<p><strong>Suena la C\u00fapula con Jordi Sabat\u00e9s<\/strong><\/p>\n<p>Si el s\u00e1bado la programaci\u00f3n se centra en el Auditorio con \u201cEl precio\u201d, el domingo lo har\u00e1 en la C\u00fapula con la exposici\u00f3n \u201cJoan Brossa &amp; Alain Arias-Misson. De la poes\u00eda a la palabra; de la palabra a la calle\u201d y el concierto de Jordi Sabat\u00e9s del ciclo \u201cSuena la C\u00fapula\u201d relativo a Brossa y Nela Arias-Misson.<\/p>\n<p>El repertorio musical relativo a esta exposici\u00f3n se divide en los bloques tem\u00e1ticos a los que pertenecen las diferentes composiciones, sin detallar un orden de ejecuci\u00f3n inamovible de las mismas. Esta singularidad, en palabras de Sabat\u00e9s, \u201cest\u00e1 m\u00e1s acorde con la personalidad de los protagonistas de la exposici\u00f3n y s\u00f3lo he tenido en cuenta escoger m\u00fasicas que estoy seguro hubieran sido \u201cDe su agrado\u201d y con las que se hubieran identificado\u201d. Tomando como base los dos \u00faltimos discos del m\u00fasico catal\u00e1n, este a\u00f1ade \u2013en el caso de Brossa- la faceta m\u00e1gica (en temas como \u201cBallarines mec\u00e1niques\u201d, \u201cStonehenge\u201d, etc.) y nigrom\u00e1ntica (presente en su disco \u201cNosferatu, hacia el Vampiro\u201d) tan patentes en su obra, as\u00ed como una referencia al vitalismo del ragtime (obras de Scott Joplin). En el caso de Nela Arias-Misson, la ilustraci\u00f3n musical quedar\u00e1 establecida sobre dos l\u00edneas maestras fundamentales: por una parte, su relaci\u00f3n con la m\u00fasica cubana y, por la otra, su conocimiento del \u201cfree jazz\u201d.<\/p>\n<p>Aparecer\u00e1n as\u00ed temas del disco \u201cA prop\u00f3sito de Bola de Nieve\u201d y temas como el famoso \u201cLonely Woman\u201d de Ornette Coleman, tema icono del movimiento free.<\/p>\n<p>Jordi Sabat\u00e9s (Barcelona, 1948) es uno de los m\u00fasicos m\u00e1s polifac\u00e9ticos e iconoclastas que ha dado la escena musical espa\u00f1ola, con una carrera de m\u00e1s de cincuenta a\u00f1os a sus espaldas. Sabat\u00e9s ha combinado a lo largo de su trayectoria propuestas musicales de todos los tipos de g\u00e9neros y estilos, del jazz y rock, pasando por la canci\u00f3n, el lied, canciones sobre textos de los trovadores provenzales, m\u00fasica de c\u00e1mara, m\u00fasica sinf\u00f3nica, m\u00fasica para teatro y cine, cuentos infantiles orquestados, flamenco, cinema en concierto \u2013M\u00e9lies, Chom\u00f3n, Murnau, Keaton-, conferencias did\u00e1cticas\u2026 Todo ello con un grado de calidad y excelencia que lo han hecho valedor de un cr\u00e9dito internacional.<\/p>\n","protected":false},"excerpt":{"rendered":"<p>El s\u00e1bado 23 febrero a las 20:30 el cl\u00e1sico de Arthur Miller \u201cEl precio\u201d se sube al escenario del Auditorio del Centro Niemeyer bajo la direcci\u00f3n de Silvia Munt. Trist\u00e1n Ulloa, Gonzalo de Castro, Eduardo Blanco y Elisabet Gelabert encarnan al cuarteto protagonista de este cl\u00e1sico de la literatura estadounidense. Dos hermanos se reencuentran en<\/p>\n","protected":false},"author":1,"featured_media":403,"comment_status":"closed","ping_status":"closed","sticky":false,"template":"","format":"standard","meta":{"footnotes":""},"categories":[1],"tags":[],"class_list":{"0":"post-116782","1":"post","2":"type-post","3":"status-publish","4":"format-standard","5":"has-post-thumbnail","7":"category-agenda"},"aioseo_notices":[],"aioseo_head":"\n\t\t<!-- All in One SEO Pro 4.9.6.2 - aioseo.com -->\n\t<meta name=\"description\" content=\"El s\u00e1bado 23 febrero a las 20:30 el cl\u00e1sico de Arthur Miller \u201cEl precio\u201d se sube al escenario del Auditorio del Centro Niemeyer bajo la direcci\u00f3n de Silvia Munt. Trist\u00e1n Ulloa, Gonzalo de Castro, Eduardo Blanco y Elisabet Gelabert encarnan al cuarteto protagonista de este cl\u00e1sico de la literatura estadounidense. Dos hermanos se reencuentran en\" \/>\n\t<meta name=\"robots\" content=\"max-image-preview:large\" \/>\n\t<meta name=\"author\" content=\"Cand\u00e1s 365\"\/>\n\t<meta name=\"google-site-verification\" content=\"UA-32230408-1\" \/>\n\t<meta name=\"msvalidate.01\" content=\"354F3CDFB2DA171B47FBE9ABF1F88D5\" \/>\n\t<meta name=\"keywords\" content=\"agenda\" \/>\n\t<link rel=\"canonical\" href=\"https:\/\/candas365.es\/noticias\/el-precio-y-suena-la-cupula-en-el-niemeyer\/\" \/>\n\t<meta name=\"generator\" content=\"All in One SEO Pro (AIOSEO) 4.9.6.2\" \/>\n\t\t<meta property=\"og:locale\" content=\"es_ES\" \/>\n\t\t<meta property=\"og:site_name\" content=\"Cand\u00e1s 365\" \/>\n\t\t<meta property=\"og:type\" content=\"article\" \/>\n\t\t<meta property=\"og:title\" content=\"\u201cEl precio\u201d y \u00abSuena la C\u00fapula\u00bb en el Niemeyer | Cand\u00e1s 365\" \/>\n\t\t<meta property=\"og:description\" content=\"El s\u00e1bado 23 febrero a las 20:30 el cl\u00e1sico de Arthur Miller \u201cEl precio\u201d se sube al escenario del Auditorio del Centro Niemeyer bajo la direcci\u00f3n de Silvia Munt. Trist\u00e1n Ulloa, Gonzalo de Castro, Eduardo Blanco y Elisabet Gelabert encarnan al cuarteto protagonista de este cl\u00e1sico de la literatura estadounidense. Dos hermanos se reencuentran en\" \/>\n\t\t<meta property=\"og:url\" content=\"https:\/\/candas365.es\/noticias\/el-precio-y-suena-la-cupula-en-el-niemeyer\/\" \/>\n\t\t<meta property=\"og:image\" content=\"https:\/\/candas365.es\/noticias\/wp-content\/uploads\/2014\/09\/niemeyer.jpg\" \/>\n\t\t<meta property=\"og:image:secure_url\" content=\"https:\/\/candas365.es\/noticias\/wp-content\/uploads\/2014\/09\/niemeyer.jpg\" \/>\n\t\t<meta property=\"og:image:width\" content=\"800\" \/>\n\t\t<meta property=\"og:image:height\" content=\"531\" \/>\n\t\t<meta property=\"article:published_time\" content=\"2019-02-21T14:40:06+00:00\" \/>\n\t\t<meta property=\"article:modified_time\" content=\"2019-02-21T14:40:06+00:00\" \/>\n\t\t<meta property=\"article:publisher\" content=\"https:\/\/www.facebook.com\/Nachofdezber\" \/>\n\t\t<meta property=\"article:author\" content=\"https:\/\/www.facebook.com\/carrenoactualidad\" \/>\n\t\t<meta name=\"twitter:card\" content=\"summary_large_image\" \/>\n\t\t<meta name=\"twitter:site\" content=\"@NabercoDigital\" \/>\n\t\t<meta name=\"twitter:title\" content=\"\u201cEl precio\u201d y \u00abSuena la C\u00fapula\u00bb en el Niemeyer | Cand\u00e1s 365\" \/>\n\t\t<meta name=\"twitter:description\" content=\"El s\u00e1bado 23 febrero a las 20:30 el cl\u00e1sico de Arthur Miller \u201cEl precio\u201d se sube al escenario del Auditorio del Centro Niemeyer bajo la direcci\u00f3n de Silvia Munt. Trist\u00e1n Ulloa, Gonzalo de Castro, Eduardo Blanco y Elisabet Gelabert encarnan al cuarteto protagonista de este cl\u00e1sico de la literatura estadounidense. Dos hermanos se reencuentran en\" \/>\n\t\t<meta name=\"twitter:creator\" content=\"@nbasturias\" \/>\n\t\t<meta name=\"twitter:image\" content=\"https:\/\/candas365.es\/noticias\/wp-content\/uploads\/2014\/09\/niemeyer.jpg\" \/>\n\t\t<meta name=\"twitter:label1\" content=\"Escrito por\" \/>\n\t\t<meta name=\"twitter:data1\" content=\"Cand\u00e1s 365\" \/>\n\t\t<meta name=\"twitter:label2\" content=\"Tiempo de lectura estimado\" \/>\n\t\t<meta name=\"twitter:data2\" content=\"5 minutos\" \/>\n\t\t<script type=\"application\/ld+json\" class=\"aioseo-schema\">\n\t\t\t{\"@context\":\"https:\\\/\\\/schema.org\",\"@graph\":[{\"@type\":\"BreadcrumbList\",\"@id\":\"https:\\\/\\\/candas365.es\\\/noticias\\\/el-precio-y-suena-la-cupula-en-el-niemeyer\\\/#breadcrumblist\",\"itemListElement\":[{\"@type\":\"ListItem\",\"@id\":\"https:\\\/\\\/candas365.es\\\/noticias#listItem\",\"position\":1,\"name\":\"Home\",\"item\":\"https:\\\/\\\/candas365.es\\\/noticias\",\"nextItem\":{\"@type\":\"ListItem\",\"@id\":\"https:\\\/\\\/candas365.es\\\/noticias\\\/category\\\/agenda\\\/#listItem\",\"name\":\"Agenda\"}},{\"@type\":\"ListItem\",\"@id\":\"https:\\\/\\\/candas365.es\\\/noticias\\\/category\\\/agenda\\\/#listItem\",\"position\":2,\"name\":\"Agenda\",\"item\":\"https:\\\/\\\/candas365.es\\\/noticias\\\/category\\\/agenda\\\/\",\"nextItem\":{\"@type\":\"ListItem\",\"@id\":\"https:\\\/\\\/candas365.es\\\/noticias\\\/el-precio-y-suena-la-cupula-en-el-niemeyer\\\/#listItem\",\"name\":\"\\u201cEl precio\\u201d y \\u00abSuena la C\\u00fapula\\u00bb en el Niemeyer\"},\"previousItem\":{\"@type\":\"ListItem\",\"@id\":\"https:\\\/\\\/candas365.es\\\/noticias#listItem\",\"name\":\"Home\"}},{\"@type\":\"ListItem\",\"@id\":\"https:\\\/\\\/candas365.es\\\/noticias\\\/el-precio-y-suena-la-cupula-en-el-niemeyer\\\/#listItem\",\"position\":3,\"name\":\"\\u201cEl precio\\u201d y \\u00abSuena la C\\u00fapula\\u00bb en el Niemeyer\",\"previousItem\":{\"@type\":\"ListItem\",\"@id\":\"https:\\\/\\\/candas365.es\\\/noticias\\\/category\\\/agenda\\\/#listItem\",\"name\":\"Agenda\"}}]},{\"@type\":\"NewsArticle\",\"@id\":\"https:\\\/\\\/candas365.es\\\/noticias\\\/el-precio-y-suena-la-cupula-en-el-niemeyer\\\/#newsarticle\",\"name\":\"\\u201cEl precio\\u201d y \\u00abSuena la C\\u00fapula\\u00bb en el Niemeyer | Cand\\u00e1s 365\",\"headline\":\"\\u201cEl precio\\u201d y \\u00abSuena la C\\u00fapula\\u00bb en el Niemeyer\",\"author\":{\"@id\":\"https:\\\/\\\/candas365.es\\\/noticias\\\/author\\\/admin\\\/#author\"},\"publisher\":{\"@id\":\"https:\\\/\\\/candas365.es\\\/noticias\\\/#organization\"},\"image\":{\"@type\":\"ImageObject\",\"url\":\"https:\\\/\\\/candas365.es\\\/noticias\\\/wp-content\\\/uploads\\\/2014\\\/09\\\/niemeyer.jpg\",\"width\":800,\"height\":531},\"datePublished\":\"2019-02-21T14:40:06+01:00\",\"dateModified\":\"2019-02-21T14:40:06+01:00\",\"inLanguage\":\"es-ES\",\"mainEntityOfPage\":{\"@id\":\"https:\\\/\\\/candas365.es\\\/noticias\\\/el-precio-y-suena-la-cupula-en-el-niemeyer\\\/#webpage\"},\"isPartOf\":{\"@id\":\"https:\\\/\\\/candas365.es\\\/noticias\\\/el-precio-y-suena-la-cupula-en-el-niemeyer\\\/#webpage\"},\"articleSection\":\"Agenda\",\"dateline\":\"Publicado el febrero 21, 2019.\"},{\"@type\":\"Organization\",\"@id\":\"https:\\\/\\\/candas365.es\\\/noticias\\\/#organization\",\"name\":\"Cand\\u00e1s 365\",\"description\":\"Cand\\u00e1s 365 es un diario digital independiente, fundado en 2012, con base en Asturias. Informamos con rigor sobre actualidad, sociedad, cultura y ocio, con una mirada local y global.\",\"url\":\"https:\\\/\\\/candas365.es\\\/noticias\\\/\",\"email\":\"info@candas365.es\",\"telephone\":\"+34652131393\",\"foundingDate\":\"2012-06-10\",\"logo\":{\"@type\":\"ImageObject\",\"url\":\"https:\\\/\\\/candas365.es\\\/noticias\\\/wp-content\\\/uploads\\\/2024\\\/09\\\/Candas-365-Redes.jpg\",\"@id\":\"https:\\\/\\\/candas365.es\\\/noticias\\\/el-precio-y-suena-la-cupula-en-el-niemeyer\\\/#organizationLogo\",\"width\":1152,\"height\":864,\"caption\":\"Cand\\u00e1s 365 Redes\"},\"image\":{\"@id\":\"https:\\\/\\\/candas365.es\\\/noticias\\\/el-precio-y-suena-la-cupula-en-el-niemeyer\\\/#organizationLogo\"},\"sameAs\":[\"https:\\\/\\\/www.facebook.com\\\/Nachofdezber\",\"https:\\\/\\\/x.com\\\/NabercoDigital\",\"https:\\\/\\\/www.instagram.com\\\/nachofdezber\\\/\",\"https:\\\/\\\/www.youtube.com\\\/channel\\\/UCZP-2wLEB9Rv6erhFmqVnvg\"],\"address\":{\"@id\":\"https:\\\/\\\/candas365.es\\\/noticias\\\/#postaladdress\",\"@type\":\"PostalAddress\",\"streetAddress\":\"san antonio 4, san antonio 4\",\"postalCode\":\"33430\",\"addressLocality\":\"Cand\\u00e1s\",\"addressRegion\":\"Asturias\",\"addressCountry\":\"ES\"}},{\"@type\":\"Person\",\"@id\":\"https:\\\/\\\/candas365.es\\\/noticias\\\/author\\\/admin\\\/#author\",\"url\":\"https:\\\/\\\/candas365.es\\\/noticias\\\/author\\\/admin\\\/\",\"name\":\"Cand\\u00e1s 365\",\"image\":{\"@type\":\"ImageObject\",\"@id\":\"https:\\\/\\\/candas365.es\\\/noticias\\\/el-precio-y-suena-la-cupula-en-el-niemeyer\\\/#authorImage\",\"url\":\"https:\\\/\\\/secure.gravatar.com\\\/avatar\\\/496a8e03d0c493ede1718b7934145dbdf8d89be1036b0eec9544e1094c9de390?s=96&d=mm&r=g\",\"width\":96,\"height\":96,\"caption\":\"Cand\\u00e1s 365\"},\"sameAs\":[\"https:\\\/\\\/www.facebook.com\\\/carrenoactualidad\",\"https:\\\/\\\/twitter.com\\\/nbasturias\",\"https:\\\/\\\/www.instagram.com\\\/nachofdezber\\\/\",\"https:\\\/\\\/www.youtube.com\\\/channel\\\/UCZP-2wLEB9Rv6erhFmqVnvg\"]},{\"@type\":\"WebPage\",\"@id\":\"https:\\\/\\\/candas365.es\\\/noticias\\\/el-precio-y-suena-la-cupula-en-el-niemeyer\\\/#webpage\",\"url\":\"https:\\\/\\\/candas365.es\\\/noticias\\\/el-precio-y-suena-la-cupula-en-el-niemeyer\\\/\",\"name\":\"\\u201cEl precio\\u201d y \\u00abSuena la C\\u00fapula\\u00bb en el Niemeyer | Cand\\u00e1s 365\",\"description\":\"El s\\u00e1bado 23 febrero a las 20:30 el cl\\u00e1sico de Arthur Miller \\u201cEl precio\\u201d se sube al escenario del Auditorio del Centro Niemeyer bajo la direcci\\u00f3n de Silvia Munt. Trist\\u00e1n Ulloa, Gonzalo de Castro, Eduardo Blanco y Elisabet Gelabert encarnan al cuarteto protagonista de este cl\\u00e1sico de la literatura estadounidense. Dos hermanos se reencuentran en\",\"inLanguage\":\"es-ES\",\"isPartOf\":{\"@id\":\"https:\\\/\\\/candas365.es\\\/noticias\\\/#website\"},\"breadcrumb\":{\"@id\":\"https:\\\/\\\/candas365.es\\\/noticias\\\/el-precio-y-suena-la-cupula-en-el-niemeyer\\\/#breadcrumblist\"},\"author\":{\"@id\":\"https:\\\/\\\/candas365.es\\\/noticias\\\/author\\\/admin\\\/#author\"},\"creator\":{\"@id\":\"https:\\\/\\\/candas365.es\\\/noticias\\\/author\\\/admin\\\/#author\"},\"image\":{\"@type\":\"ImageObject\",\"url\":\"https:\\\/\\\/candas365.es\\\/noticias\\\/wp-content\\\/uploads\\\/2014\\\/09\\\/niemeyer.jpg\",\"@id\":\"https:\\\/\\\/candas365.es\\\/noticias\\\/el-precio-y-suena-la-cupula-en-el-niemeyer\\\/#mainImage\",\"width\":800,\"height\":531},\"primaryImageOfPage\":{\"@id\":\"https:\\\/\\\/candas365.es\\\/noticias\\\/el-precio-y-suena-la-cupula-en-el-niemeyer\\\/#mainImage\"},\"datePublished\":\"2019-02-21T14:40:06+01:00\",\"dateModified\":\"2019-02-21T14:40:06+01:00\"},{\"@type\":\"WebSite\",\"@id\":\"https:\\\/\\\/candas365.es\\\/noticias\\\/#website\",\"url\":\"https:\\\/\\\/candas365.es\\\/noticias\\\/\",\"name\":\"Cand\\u00e1s 365\",\"alternateName\":\"Cand\\u00e1s 365 Noticias\",\"description\":\"Actualidad desde Carre\\u00f1o para el mundo\",\"inLanguage\":\"es-ES\",\"publisher\":{\"@id\":\"https:\\\/\\\/candas365.es\\\/noticias\\\/#organization\"}}]}\n\t\t<\/script>\n\t\t<!-- All in One SEO Pro -->\r\n\t\t<title>\u201cEl precio\u201d y \u00abSuena la C\u00fapula\u00bb en el Niemeyer | Cand\u00e1s 365<\/title>\n\n","aioseo_head_json":{"title":"\u201cEl precio\u201d y \u00abSuena la C\u00fapula\u00bb en el Niemeyer | Cand\u00e1s 365","description":"El s\u00e1bado 23 febrero a las 20:30 el cl\u00e1sico de Arthur Miller \u201cEl precio\u201d se sube al escenario del Auditorio del Centro Niemeyer bajo la direcci\u00f3n de Silvia Munt. Trist\u00e1n Ulloa, Gonzalo de Castro, Eduardo Blanco y Elisabet Gelabert encarnan al cuarteto protagonista de este cl\u00e1sico de la literatura estadounidense. Dos hermanos se reencuentran en","canonical_url":"https:\/\/candas365.es\/noticias\/el-precio-y-suena-la-cupula-en-el-niemeyer\/","robots":"max-image-preview:large","keywords":"agenda","webmasterTools":{"google-site-verification":"UA-32230408-1","msvalidate.01":"354F3CDFB2DA171B47FBE9ABF1F88D5","miscellaneous":""},"schema":{"@context":"https:\/\/schema.org","@graph":[{"@type":"BreadcrumbList","@id":"https:\/\/candas365.es\/noticias\/el-precio-y-suena-la-cupula-en-el-niemeyer\/#breadcrumblist","itemListElement":[{"@type":"ListItem","@id":"https:\/\/candas365.es\/noticias#listItem","position":1,"name":"Home","item":"https:\/\/candas365.es\/noticias","nextItem":{"@type":"ListItem","@id":"https:\/\/candas365.es\/noticias\/category\/agenda\/#listItem","name":"Agenda"}},{"@type":"ListItem","@id":"https:\/\/candas365.es\/noticias\/category\/agenda\/#listItem","position":2,"name":"Agenda","item":"https:\/\/candas365.es\/noticias\/category\/agenda\/","nextItem":{"@type":"ListItem","@id":"https:\/\/candas365.es\/noticias\/el-precio-y-suena-la-cupula-en-el-niemeyer\/#listItem","name":"\u201cEl precio\u201d y \u00abSuena la C\u00fapula\u00bb en el Niemeyer"},"previousItem":{"@type":"ListItem","@id":"https:\/\/candas365.es\/noticias#listItem","name":"Home"}},{"@type":"ListItem","@id":"https:\/\/candas365.es\/noticias\/el-precio-y-suena-la-cupula-en-el-niemeyer\/#listItem","position":3,"name":"\u201cEl precio\u201d y \u00abSuena la C\u00fapula\u00bb en el Niemeyer","previousItem":{"@type":"ListItem","@id":"https:\/\/candas365.es\/noticias\/category\/agenda\/#listItem","name":"Agenda"}}]},{"@type":"NewsArticle","@id":"https:\/\/candas365.es\/noticias\/el-precio-y-suena-la-cupula-en-el-niemeyer\/#newsarticle","name":"\u201cEl precio\u201d y \u00abSuena la C\u00fapula\u00bb en el Niemeyer | Cand\u00e1s 365","headline":"\u201cEl precio\u201d y \u00abSuena la C\u00fapula\u00bb en el Niemeyer","author":{"@id":"https:\/\/candas365.es\/noticias\/author\/admin\/#author"},"publisher":{"@id":"https:\/\/candas365.es\/noticias\/#organization"},"image":{"@type":"ImageObject","url":"https:\/\/candas365.es\/noticias\/wp-content\/uploads\/2014\/09\/niemeyer.jpg","width":800,"height":531},"datePublished":"2019-02-21T14:40:06+01:00","dateModified":"2019-02-21T14:40:06+01:00","inLanguage":"es-ES","mainEntityOfPage":{"@id":"https:\/\/candas365.es\/noticias\/el-precio-y-suena-la-cupula-en-el-niemeyer\/#webpage"},"isPartOf":{"@id":"https:\/\/candas365.es\/noticias\/el-precio-y-suena-la-cupula-en-el-niemeyer\/#webpage"},"articleSection":"Agenda","dateline":"Publicado el febrero 21, 2019."},{"@type":"Organization","@id":"https:\/\/candas365.es\/noticias\/#organization","name":"Cand\u00e1s 365","description":"Cand\u00e1s 365 es un diario digital independiente, fundado en 2012, con base en Asturias. Informamos con rigor sobre actualidad, sociedad, cultura y ocio, con una mirada local y global.","url":"https:\/\/candas365.es\/noticias\/","email":"info@candas365.es","telephone":"+34652131393","foundingDate":"2012-06-10","logo":{"@type":"ImageObject","url":"https:\/\/candas365.es\/noticias\/wp-content\/uploads\/2024\/09\/Candas-365-Redes.jpg","@id":"https:\/\/candas365.es\/noticias\/el-precio-y-suena-la-cupula-en-el-niemeyer\/#organizationLogo","width":1152,"height":864,"caption":"Cand\u00e1s 365 Redes"},"image":{"@id":"https:\/\/candas365.es\/noticias\/el-precio-y-suena-la-cupula-en-el-niemeyer\/#organizationLogo"},"sameAs":["https:\/\/www.facebook.com\/Nachofdezber","https:\/\/x.com\/NabercoDigital","https:\/\/www.instagram.com\/nachofdezber\/","https:\/\/www.youtube.com\/channel\/UCZP-2wLEB9Rv6erhFmqVnvg"],"address":{"@id":"https:\/\/candas365.es\/noticias\/#postaladdress","@type":"PostalAddress","streetAddress":"san antonio 4, san antonio 4","postalCode":"33430","addressLocality":"Cand\u00e1s","addressRegion":"Asturias","addressCountry":"ES"}},{"@type":"Person","@id":"https:\/\/candas365.es\/noticias\/author\/admin\/#author","url":"https:\/\/candas365.es\/noticias\/author\/admin\/","name":"Cand\u00e1s 365","image":{"@type":"ImageObject","@id":"https:\/\/candas365.es\/noticias\/el-precio-y-suena-la-cupula-en-el-niemeyer\/#authorImage","url":"https:\/\/secure.gravatar.com\/avatar\/496a8e03d0c493ede1718b7934145dbdf8d89be1036b0eec9544e1094c9de390?s=96&d=mm&r=g","width":96,"height":96,"caption":"Cand\u00e1s 365"},"sameAs":["https:\/\/www.facebook.com\/carrenoactualidad","https:\/\/twitter.com\/nbasturias","https:\/\/www.instagram.com\/nachofdezber\/","https:\/\/www.youtube.com\/channel\/UCZP-2wLEB9Rv6erhFmqVnvg"]},{"@type":"WebPage","@id":"https:\/\/candas365.es\/noticias\/el-precio-y-suena-la-cupula-en-el-niemeyer\/#webpage","url":"https:\/\/candas365.es\/noticias\/el-precio-y-suena-la-cupula-en-el-niemeyer\/","name":"\u201cEl precio\u201d y \u00abSuena la C\u00fapula\u00bb en el Niemeyer | Cand\u00e1s 365","description":"El s\u00e1bado 23 febrero a las 20:30 el cl\u00e1sico de Arthur Miller \u201cEl precio\u201d se sube al escenario del Auditorio del Centro Niemeyer bajo la direcci\u00f3n de Silvia Munt. Trist\u00e1n Ulloa, Gonzalo de Castro, Eduardo Blanco y Elisabet Gelabert encarnan al cuarteto protagonista de este cl\u00e1sico de la literatura estadounidense. Dos hermanos se reencuentran en","inLanguage":"es-ES","isPartOf":{"@id":"https:\/\/candas365.es\/noticias\/#website"},"breadcrumb":{"@id":"https:\/\/candas365.es\/noticias\/el-precio-y-suena-la-cupula-en-el-niemeyer\/#breadcrumblist"},"author":{"@id":"https:\/\/candas365.es\/noticias\/author\/admin\/#author"},"creator":{"@id":"https:\/\/candas365.es\/noticias\/author\/admin\/#author"},"image":{"@type":"ImageObject","url":"https:\/\/candas365.es\/noticias\/wp-content\/uploads\/2014\/09\/niemeyer.jpg","@id":"https:\/\/candas365.es\/noticias\/el-precio-y-suena-la-cupula-en-el-niemeyer\/#mainImage","width":800,"height":531},"primaryImageOfPage":{"@id":"https:\/\/candas365.es\/noticias\/el-precio-y-suena-la-cupula-en-el-niemeyer\/#mainImage"},"datePublished":"2019-02-21T14:40:06+01:00","dateModified":"2019-02-21T14:40:06+01:00"},{"@type":"WebSite","@id":"https:\/\/candas365.es\/noticias\/#website","url":"https:\/\/candas365.es\/noticias\/","name":"Cand\u00e1s 365","alternateName":"Cand\u00e1s 365 Noticias","description":"Actualidad desde Carre\u00f1o para el mundo","inLanguage":"es-ES","publisher":{"@id":"https:\/\/candas365.es\/noticias\/#organization"}}]},"og:locale":"es_ES","og:site_name":"Cand\u00e1s 365","og:type":"article","og:title":"\u201cEl precio\u201d y \u00abSuena la C\u00fapula\u00bb en el Niemeyer | Cand\u00e1s 365","og:description":"El s\u00e1bado 23 febrero a las 20:30 el cl\u00e1sico de Arthur Miller \u201cEl precio\u201d se sube al escenario del Auditorio del Centro Niemeyer bajo la direcci\u00f3n de Silvia Munt. Trist\u00e1n Ulloa, Gonzalo de Castro, Eduardo Blanco y Elisabet Gelabert encarnan al cuarteto protagonista de este cl\u00e1sico de la literatura estadounidense. Dos hermanos se reencuentran en","og:url":"https:\/\/candas365.es\/noticias\/el-precio-y-suena-la-cupula-en-el-niemeyer\/","og:image":"https:\/\/candas365.es\/noticias\/wp-content\/uploads\/2014\/09\/niemeyer.jpg","og:image:secure_url":"https:\/\/candas365.es\/noticias\/wp-content\/uploads\/2014\/09\/niemeyer.jpg","og:image:width":800,"og:image:height":531,"article:published_time":"2019-02-21T14:40:06+00:00","article:modified_time":"2019-02-21T14:40:06+00:00","article:publisher":"https:\/\/www.facebook.com\/Nachofdezber","article:author":"https:\/\/www.facebook.com\/carrenoactualidad","twitter:card":"summary_large_image","twitter:site":"@NabercoDigital","twitter:title":"\u201cEl precio\u201d y \u00abSuena la C\u00fapula\u00bb en el Niemeyer | Cand\u00e1s 365","twitter:description":"El s\u00e1bado 23 febrero a las 20:30 el cl\u00e1sico de Arthur Miller \u201cEl precio\u201d se sube al escenario del Auditorio del Centro Niemeyer bajo la direcci\u00f3n de Silvia Munt. Trist\u00e1n Ulloa, Gonzalo de Castro, Eduardo Blanco y Elisabet Gelabert encarnan al cuarteto protagonista de este cl\u00e1sico de la literatura estadounidense. Dos hermanos se reencuentran en","twitter:creator":"@nbasturias","twitter:image":"https:\/\/candas365.es\/noticias\/wp-content\/uploads\/2014\/09\/niemeyer.jpg","twitter:label1":"Escrito por","twitter:data1":"Cand\u00e1s 365","twitter:label2":"Tiempo de lectura estimado","twitter:data2":"5 minutos"},"aioseo_meta_data":{"post_id":"116782","title":null,"description":null,"keywords":null,"keyphrases":null,"primary_term":null,"canonical_url":null,"og_title":null,"og_description":null,"og_object_type":"default","og_image_type":"default","og_image_url":null,"og_image_width":null,"og_image_height":null,"og_image_custom_url":null,"og_image_custom_fields":null,"og_video":null,"og_custom_url":null,"og_article_section":null,"og_article_tags":null,"twitter_use_og":false,"twitter_card":"default","twitter_image_type":"default","twitter_image_url":null,"twitter_image_custom_url":null,"twitter_image_custom_fields":null,"twitter_title":null,"twitter_description":null,"schema":{"blockGraphs":[],"customGraphs":[],"default":{"data":{"Article":[],"Course":[],"Dataset":[],"FAQPage":[],"Movie":[],"Person":[],"Product":[],"ProductReview":[],"Car":[],"Recipe":[],"Service":[],"SoftwareApplication":[],"WebPage":[]},"graphName":"","isEnabled":true},"graphs":[],"defaultGraph":"","defaultPostTypeGraph":""},"schema_type":null,"schema_type_options":null,"pillar_content":false,"robots_default":true,"robots_noindex":false,"robots_noarchive":false,"robots_nosnippet":false,"robots_nofollow":false,"robots_noimageindex":false,"robots_noodp":false,"robots_notranslate":false,"robots_max_snippet":null,"robots_max_videopreview":null,"robots_max_imagepreview":"large","priority":null,"frequency":null,"location":null,"local_seo":null,"seo_analyzer_scan_date":"2025-08-29 07:42:17","breadcrumb_settings":null,"limit_modified_date":false,"reviewed_by":null,"open_ai":null,"ai":null,"created":"2020-12-21 11:10:04","updated":"2025-08-29 07:42:17"},"aioseo_breadcrumb":"<div class=\"aioseo-breadcrumbs\"><span class=\"aioseo-breadcrumb\">\n\t<a href=\"https:\/\/candas365.es\/noticias\" title=\"Home\">Home<\/a>\n<\/span><span class=\"aioseo-breadcrumb-separator\">&ndash;<\/span><span class=\"aioseo-breadcrumb\">\n\t<a href=\"https:\/\/candas365.es\/noticias\/category\/agenda\/\" title=\"Agenda\">Agenda<\/a>\n<\/span><span class=\"aioseo-breadcrumb-separator\">&ndash;<\/span><span class=\"aioseo-breadcrumb\">\n\t\u201cEl precio\u201d y \u00abSuena la C\u00fapula\u00bb en el Niemeyer\n<\/span><\/div>","aioseo_breadcrumb_json":[{"label":"Home","link":"https:\/\/candas365.es\/noticias"},{"label":"Agenda","link":"https:\/\/candas365.es\/noticias\/category\/agenda\/"},{"label":"\u201cEl precio\u201d y \u00abSuena la C\u00fapula\u00bb en el Niemeyer","link":"https:\/\/candas365.es\/noticias\/el-precio-y-suena-la-cupula-en-el-niemeyer\/"}],"_links":{"self":[{"href":"https:\/\/candas365.es\/noticias\/wp-json\/wp\/v2\/posts\/116782","targetHints":{"allow":["GET"]}}],"collection":[{"href":"https:\/\/candas365.es\/noticias\/wp-json\/wp\/v2\/posts"}],"about":[{"href":"https:\/\/candas365.es\/noticias\/wp-json\/wp\/v2\/types\/post"}],"author":[{"embeddable":true,"href":"https:\/\/candas365.es\/noticias\/wp-json\/wp\/v2\/users\/1"}],"replies":[{"embeddable":true,"href":"https:\/\/candas365.es\/noticias\/wp-json\/wp\/v2\/comments?post=116782"}],"version-history":[{"count":0,"href":"https:\/\/candas365.es\/noticias\/wp-json\/wp\/v2\/posts\/116782\/revisions"}],"wp:featuredmedia":[{"embeddable":true,"href":"https:\/\/candas365.es\/noticias\/wp-json\/wp\/v2\/media\/403"}],"wp:attachment":[{"href":"https:\/\/candas365.es\/noticias\/wp-json\/wp\/v2\/media?parent=116782"}],"wp:term":[{"taxonomy":"category","embeddable":true,"href":"https:\/\/candas365.es\/noticias\/wp-json\/wp\/v2\/categories?post=116782"},{"taxonomy":"post_tag","embeddable":true,"href":"https:\/\/candas365.es\/noticias\/wp-json\/wp\/v2\/tags?post=116782"}],"curies":[{"name":"wp","href":"https:\/\/api.w.org\/{rel}","templated":true}]}}