{"id":115523,"date":"2019-02-03T22:42:16","date_gmt":"2019-02-03T22:42:16","guid":{"rendered":"http:\/\/candas365.es\/noticias\/?p=115523"},"modified":"2019-02-03T22:42:16","modified_gmt":"2019-02-03T22:42:16","slug":"ariel-rot-y-miki-en-lo-siguiente","status":"publish","type":"post","link":"https:\/\/candas365.es\/noticias\/ariel-rot-y-miki-en-lo-siguiente\/","title":{"rendered":"Ariel Rot y Miki en \u00abLo Siguiente\u00bb"},"content":{"rendered":"<p><img fetchpriority=\"high\" decoding=\"async\" class=\"alignleft size-medium wp-image-115524\" src=\"https:\/\/candas365.es\/noticias\/wp-content\/uploads\/2019\/02\/ndp-tele3021906-360x240.jpg\" alt=\"\" width=\"360\" height=\"240\" srcset=\"https:\/\/candas365.es\/noticias\/wp-content\/uploads\/2019\/02\/ndp-tele3021906-360x240.jpg 360w, https:\/\/candas365.es\/noticias\/wp-content\/uploads\/2019\/02\/ndp-tele3021906-768x512.jpg 768w, https:\/\/candas365.es\/noticias\/wp-content\/uploads\/2019\/02\/ndp-tele3021906-655x436.jpg 655w, https:\/\/candas365.es\/noticias\/wp-content\/uploads\/2019\/02\/ndp-tele3021906-696x464.jpg 696w, https:\/\/candas365.es\/noticias\/wp-content\/uploads\/2019\/02\/ndp-tele3021906-1068x712.jpg 1068w, https:\/\/candas365.es\/noticias\/wp-content\/uploads\/2019\/02\/ndp-tele3021906-630x420.jpg 630w, https:\/\/candas365.es\/noticias\/wp-content\/uploads\/2019\/02\/ndp-tele3021906.jpg 1600w\" sizes=\"(max-width: 360px) 100vw, 360px\" \/>Raquel S\u00e1nchez Silva recibe el lunes en el plat\u00f3 de \u2018Lo Siguiente\u2019 al cantante y compositor Ariel Rot y el martes al representante espa\u00f1ol en Eurovisi\u00f3n, Miki. El mi\u00e9rcoles y el jueves no habr\u00e1 programa al emitirse las semifinales de la Copa del Rey.<\/p>\n<p>El lunes \u2018Lo Siguiente\u2019 recibir\u00e1 al m\u00fasico argentino Ariel Rot, que estrena al d\u00eda siguiente estrena en La 2 \u2018Un pa\u00eds para escucharlo\u2019. En esta serie documental, Rot recorrer\u00e1 la geograf\u00eda espa\u00f1ola para buscar la m\u00fasica y los sonidos caracter\u00edsticos de cada lugar.<\/p>\n<p>Raquel S\u00e1nchez Silva hablar\u00e1 el martes con Miki, representante de Espa\u00f1a en Eurovisi\u00f3n 2019. El pr\u00f3ximo mes de mayo acudir\u00e1 a Israel con la canci\u00f3n \u2018La venda\u2019, y avanzar\u00e1 c\u00f3mo se prepara de cara a esta importante cita.<\/p>\n<p>\u2018Lo siguiente\u2019, el programa de entrevistas y humor del access de La 1, producido por RTVE en colaboraci\u00f3n con Secuoya Contenidos, es un divertido formato que busca sorprender al espectador y al invitado de cada d\u00eda con ins\u00f3litas secciones y que saldr\u00e1 del estudio para tomar el pulso a la calle. Una decena de colaboradores pasan durante la semana por el plat\u00f3 del espacio.<\/p>\n","protected":false},"excerpt":{"rendered":"<p>Raquel S\u00e1nchez Silva recibe el lunes en el plat\u00f3 de \u2018Lo Siguiente\u2019 al cantante y compositor Ariel Rot y el martes al representante espa\u00f1ol en Eurovisi\u00f3n, Miki. El mi\u00e9rcoles y el jueves no habr\u00e1 programa al emitirse las semifinales de la Copa del Rey. El lunes \u2018Lo Siguiente\u2019 recibir\u00e1 al m\u00fasico argentino Ariel Rot, que<\/p>\n","protected":false},"author":1,"featured_media":115524,"comment_status":"closed","ping_status":"closed","sticky":false,"template":"","format":"standard","meta":{"footnotes":""},"categories":[1],"tags":[],"class_list":{"0":"post-115523","1":"post","2":"type-post","3":"status-publish","4":"format-standard","5":"has-post-thumbnail","7":"category-agenda"},"aioseo_notices":[],"aioseo_head":"\n\t\t<!-- All in One SEO Pro 4.9.6.2 - aioseo.com -->\n\t<meta name=\"description\" content=\"Raquel S\u00e1nchez Silva recibe el lunes en el plat\u00f3 de \u2018Lo Siguiente\u2019 al cantante y compositor Ariel Rot y el martes al representante espa\u00f1ol en Eurovisi\u00f3n, Miki. El mi\u00e9rcoles y el jueves no habr\u00e1 programa al emitirse las semifinales de la Copa del Rey. El lunes \u2018Lo Siguiente\u2019 recibir\u00e1 al m\u00fasico argentino Ariel Rot, que\" \/>\n\t<meta name=\"robots\" content=\"max-image-preview:large\" \/>\n\t<meta name=\"author\" content=\"Cand\u00e1s 365\"\/>\n\t<meta name=\"google-site-verification\" content=\"UA-32230408-1\" \/>\n\t<meta name=\"msvalidate.01\" content=\"354F3CDFB2DA171B47FBE9ABF1F88D5\" \/>\n\t<meta name=\"keywords\" content=\"agenda\" \/>\n\t<link rel=\"canonical\" href=\"https:\/\/candas365.es\/noticias\/ariel-rot-y-miki-en-lo-siguiente\/\" \/>\n\t<meta name=\"generator\" content=\"All in One SEO Pro (AIOSEO) 4.9.6.2\" \/>\n\t\t<meta property=\"og:locale\" content=\"es_ES\" \/>\n\t\t<meta property=\"og:site_name\" content=\"Cand\u00e1s 365\" \/>\n\t\t<meta property=\"og:type\" content=\"article\" \/>\n\t\t<meta property=\"og:title\" content=\"Ariel Rot y Miki en \u00abLo Siguiente\u00bb | Cand\u00e1s 365\" \/>\n\t\t<meta property=\"og:description\" content=\"Raquel S\u00e1nchez Silva recibe el lunes en el plat\u00f3 de \u2018Lo Siguiente\u2019 al cantante y compositor Ariel Rot y el martes al representante espa\u00f1ol en Eurovisi\u00f3n, Miki. El mi\u00e9rcoles y el jueves no habr\u00e1 programa al emitirse las semifinales de la Copa del Rey. El lunes \u2018Lo Siguiente\u2019 recibir\u00e1 al m\u00fasico argentino Ariel Rot, que\" \/>\n\t\t<meta property=\"og:url\" content=\"https:\/\/candas365.es\/noticias\/ariel-rot-y-miki-en-lo-siguiente\/\" \/>\n\t\t<meta property=\"og:image\" content=\"https:\/\/candas365.es\/noticias\/wp-content\/uploads\/2019\/02\/ndp-tele3021906.jpg\" \/>\n\t\t<meta property=\"og:image:secure_url\" content=\"https:\/\/candas365.es\/noticias\/wp-content\/uploads\/2019\/02\/ndp-tele3021906.jpg\" \/>\n\t\t<meta property=\"og:image:width\" content=\"1600\" \/>\n\t\t<meta property=\"og:image:height\" content=\"1066\" \/>\n\t\t<meta property=\"article:published_time\" content=\"2019-02-03T22:42:16+00:00\" \/>\n\t\t<meta property=\"article:modified_time\" content=\"2019-02-03T22:42:16+00:00\" \/>\n\t\t<meta property=\"article:publisher\" content=\"https:\/\/www.facebook.com\/Nachofdezber\" \/>\n\t\t<meta property=\"article:author\" content=\"https:\/\/www.facebook.com\/carrenoactualidad\" \/>\n\t\t<meta name=\"twitter:card\" content=\"summary_large_image\" \/>\n\t\t<meta name=\"twitter:site\" content=\"@NabercoDigital\" \/>\n\t\t<meta name=\"twitter:title\" content=\"Ariel Rot y Miki en \u00abLo Siguiente\u00bb | Cand\u00e1s 365\" \/>\n\t\t<meta name=\"twitter:description\" content=\"Raquel S\u00e1nchez Silva recibe el lunes en el plat\u00f3 de \u2018Lo Siguiente\u2019 al cantante y compositor Ariel Rot y el martes al representante espa\u00f1ol en Eurovisi\u00f3n, Miki. El mi\u00e9rcoles y el jueves no habr\u00e1 programa al emitirse las semifinales de la Copa del Rey. El lunes \u2018Lo Siguiente\u2019 recibir\u00e1 al m\u00fasico argentino Ariel Rot, que\" \/>\n\t\t<meta name=\"twitter:creator\" content=\"@nbasturias\" \/>\n\t\t<meta name=\"twitter:image\" content=\"https:\/\/candas365.es\/noticias\/wp-content\/uploads\/2019\/02\/ndp-tele3021906.jpg\" \/>\n\t\t<meta name=\"twitter:label1\" content=\"Escrito por\" \/>\n\t\t<meta name=\"twitter:data1\" content=\"Cand\u00e1s 365\" \/>\n\t\t<meta name=\"twitter:label2\" content=\"Tiempo de lectura estimado\" \/>\n\t\t<meta name=\"twitter:data2\" content=\"1 minuto\" \/>\n\t\t<script type=\"application\/ld+json\" class=\"aioseo-schema\">\n\t\t\t{\"@context\":\"https:\\\/\\\/schema.org\",\"@graph\":[{\"@type\":\"BreadcrumbList\",\"@id\":\"https:\\\/\\\/candas365.es\\\/noticias\\\/ariel-rot-y-miki-en-lo-siguiente\\\/#breadcrumblist\",\"itemListElement\":[{\"@type\":\"ListItem\",\"@id\":\"https:\\\/\\\/candas365.es\\\/noticias#listItem\",\"position\":1,\"name\":\"Home\",\"item\":\"https:\\\/\\\/candas365.es\\\/noticias\",\"nextItem\":{\"@type\":\"ListItem\",\"@id\":\"https:\\\/\\\/candas365.es\\\/noticias\\\/category\\\/agenda\\\/#listItem\",\"name\":\"Agenda\"}},{\"@type\":\"ListItem\",\"@id\":\"https:\\\/\\\/candas365.es\\\/noticias\\\/category\\\/agenda\\\/#listItem\",\"position\":2,\"name\":\"Agenda\",\"item\":\"https:\\\/\\\/candas365.es\\\/noticias\\\/category\\\/agenda\\\/\",\"nextItem\":{\"@type\":\"ListItem\",\"@id\":\"https:\\\/\\\/candas365.es\\\/noticias\\\/ariel-rot-y-miki-en-lo-siguiente\\\/#listItem\",\"name\":\"Ariel Rot y Miki en \\u00abLo Siguiente\\u00bb\"},\"previousItem\":{\"@type\":\"ListItem\",\"@id\":\"https:\\\/\\\/candas365.es\\\/noticias#listItem\",\"name\":\"Home\"}},{\"@type\":\"ListItem\",\"@id\":\"https:\\\/\\\/candas365.es\\\/noticias\\\/ariel-rot-y-miki-en-lo-siguiente\\\/#listItem\",\"position\":3,\"name\":\"Ariel Rot y Miki en \\u00abLo Siguiente\\u00bb\",\"previousItem\":{\"@type\":\"ListItem\",\"@id\":\"https:\\\/\\\/candas365.es\\\/noticias\\\/category\\\/agenda\\\/#listItem\",\"name\":\"Agenda\"}}]},{\"@type\":\"NewsArticle\",\"@id\":\"https:\\\/\\\/candas365.es\\\/noticias\\\/ariel-rot-y-miki-en-lo-siguiente\\\/#newsarticle\",\"name\":\"Ariel Rot y Miki en \\u00abLo Siguiente\\u00bb | Cand\\u00e1s 365\",\"headline\":\"Ariel Rot y Miki en \\u00abLo Siguiente\\u00bb\",\"author\":{\"@id\":\"https:\\\/\\\/candas365.es\\\/noticias\\\/author\\\/admin\\\/#author\"},\"publisher\":{\"@id\":\"https:\\\/\\\/candas365.es\\\/noticias\\\/#organization\"},\"image\":{\"@type\":\"ImageObject\",\"url\":\"https:\\\/\\\/candas365.es\\\/noticias\\\/wp-content\\\/uploads\\\/2019\\\/02\\\/ndp-tele3021906.jpg\",\"width\":1600,\"height\":1066},\"datePublished\":\"2019-02-03T22:42:16+01:00\",\"dateModified\":\"2019-02-03T22:42:16+01:00\",\"inLanguage\":\"es-ES\",\"mainEntityOfPage\":{\"@id\":\"https:\\\/\\\/candas365.es\\\/noticias\\\/ariel-rot-y-miki-en-lo-siguiente\\\/#webpage\"},\"isPartOf\":{\"@id\":\"https:\\\/\\\/candas365.es\\\/noticias\\\/ariel-rot-y-miki-en-lo-siguiente\\\/#webpage\"},\"articleSection\":\"Agenda\",\"dateline\":\"Publicado el febrero 3, 2019.\"},{\"@type\":\"Organization\",\"@id\":\"https:\\\/\\\/candas365.es\\\/noticias\\\/#organization\",\"name\":\"Cand\\u00e1s 365\",\"description\":\"Cand\\u00e1s 365 es un diario digital independiente, fundado en 2012, con base en Asturias. Informamos con rigor sobre actualidad, sociedad, cultura y ocio, con una mirada local y global.\",\"url\":\"https:\\\/\\\/candas365.es\\\/noticias\\\/\",\"email\":\"info@candas365.es\",\"telephone\":\"+34652131393\",\"foundingDate\":\"2012-06-10\",\"logo\":{\"@type\":\"ImageObject\",\"url\":\"https:\\\/\\\/candas365.es\\\/noticias\\\/wp-content\\\/uploads\\\/2024\\\/09\\\/Candas-365-Redes.jpg\",\"@id\":\"https:\\\/\\\/candas365.es\\\/noticias\\\/ariel-rot-y-miki-en-lo-siguiente\\\/#organizationLogo\",\"width\":1152,\"height\":864,\"caption\":\"Cand\\u00e1s 365 Redes\"},\"image\":{\"@id\":\"https:\\\/\\\/candas365.es\\\/noticias\\\/ariel-rot-y-miki-en-lo-siguiente\\\/#organizationLogo\"},\"sameAs\":[\"https:\\\/\\\/www.facebook.com\\\/Nachofdezber\",\"https:\\\/\\\/x.com\\\/NabercoDigital\",\"https:\\\/\\\/www.instagram.com\\\/nachofdezber\\\/\",\"https:\\\/\\\/www.youtube.com\\\/channel\\\/UCZP-2wLEB9Rv6erhFmqVnvg\"],\"address\":{\"@id\":\"https:\\\/\\\/candas365.es\\\/noticias\\\/#postaladdress\",\"@type\":\"PostalAddress\",\"streetAddress\":\"san antonio 4, san antonio 4\",\"postalCode\":\"33430\",\"addressLocality\":\"Cand\\u00e1s\",\"addressRegion\":\"Asturias\",\"addressCountry\":\"ES\"}},{\"@type\":\"Person\",\"@id\":\"https:\\\/\\\/candas365.es\\\/noticias\\\/author\\\/admin\\\/#author\",\"url\":\"https:\\\/\\\/candas365.es\\\/noticias\\\/author\\\/admin\\\/\",\"name\":\"Cand\\u00e1s 365\",\"image\":{\"@type\":\"ImageObject\",\"@id\":\"https:\\\/\\\/candas365.es\\\/noticias\\\/ariel-rot-y-miki-en-lo-siguiente\\\/#authorImage\",\"url\":\"https:\\\/\\\/secure.gravatar.com\\\/avatar\\\/496a8e03d0c493ede1718b7934145dbdf8d89be1036b0eec9544e1094c9de390?s=96&d=mm&r=g\",\"width\":96,\"height\":96,\"caption\":\"Cand\\u00e1s 365\"},\"sameAs\":[\"https:\\\/\\\/www.facebook.com\\\/carrenoactualidad\",\"https:\\\/\\\/twitter.com\\\/nbasturias\",\"https:\\\/\\\/www.instagram.com\\\/nachofdezber\\\/\",\"https:\\\/\\\/www.youtube.com\\\/channel\\\/UCZP-2wLEB9Rv6erhFmqVnvg\"]},{\"@type\":\"WebPage\",\"@id\":\"https:\\\/\\\/candas365.es\\\/noticias\\\/ariel-rot-y-miki-en-lo-siguiente\\\/#webpage\",\"url\":\"https:\\\/\\\/candas365.es\\\/noticias\\\/ariel-rot-y-miki-en-lo-siguiente\\\/\",\"name\":\"Ariel Rot y Miki en \\u00abLo Siguiente\\u00bb | Cand\\u00e1s 365\",\"description\":\"Raquel S\\u00e1nchez Silva recibe el lunes en el plat\\u00f3 de \\u2018Lo Siguiente\\u2019 al cantante y compositor Ariel Rot y el martes al representante espa\\u00f1ol en Eurovisi\\u00f3n, Miki. El mi\\u00e9rcoles y el jueves no habr\\u00e1 programa al emitirse las semifinales de la Copa del Rey. El lunes \\u2018Lo Siguiente\\u2019 recibir\\u00e1 al m\\u00fasico argentino Ariel Rot, que\",\"inLanguage\":\"es-ES\",\"isPartOf\":{\"@id\":\"https:\\\/\\\/candas365.es\\\/noticias\\\/#website\"},\"breadcrumb\":{\"@id\":\"https:\\\/\\\/candas365.es\\\/noticias\\\/ariel-rot-y-miki-en-lo-siguiente\\\/#breadcrumblist\"},\"author\":{\"@id\":\"https:\\\/\\\/candas365.es\\\/noticias\\\/author\\\/admin\\\/#author\"},\"creator\":{\"@id\":\"https:\\\/\\\/candas365.es\\\/noticias\\\/author\\\/admin\\\/#author\"},\"image\":{\"@type\":\"ImageObject\",\"url\":\"https:\\\/\\\/candas365.es\\\/noticias\\\/wp-content\\\/uploads\\\/2019\\\/02\\\/ndp-tele3021906.jpg\",\"@id\":\"https:\\\/\\\/candas365.es\\\/noticias\\\/ariel-rot-y-miki-en-lo-siguiente\\\/#mainImage\",\"width\":1600,\"height\":1066},\"primaryImageOfPage\":{\"@id\":\"https:\\\/\\\/candas365.es\\\/noticias\\\/ariel-rot-y-miki-en-lo-siguiente\\\/#mainImage\"},\"datePublished\":\"2019-02-03T22:42:16+01:00\",\"dateModified\":\"2019-02-03T22:42:16+01:00\"},{\"@type\":\"WebSite\",\"@id\":\"https:\\\/\\\/candas365.es\\\/noticias\\\/#website\",\"url\":\"https:\\\/\\\/candas365.es\\\/noticias\\\/\",\"name\":\"Cand\\u00e1s 365\",\"alternateName\":\"Cand\\u00e1s 365 Noticias\",\"description\":\"Actualidad desde Carre\\u00f1o para el mundo\",\"inLanguage\":\"es-ES\",\"publisher\":{\"@id\":\"https:\\\/\\\/candas365.es\\\/noticias\\\/#organization\"}}]}\n\t\t<\/script>\n\t\t<!-- All in One SEO Pro -->\r\n\t\t<title>Ariel Rot y Miki en \u00abLo Siguiente\u00bb | Cand\u00e1s 365<\/title>\n\n","aioseo_head_json":{"title":"Ariel Rot y Miki en \u00abLo Siguiente\u00bb | Cand\u00e1s 365","description":"Raquel S\u00e1nchez Silva recibe el lunes en el plat\u00f3 de \u2018Lo Siguiente\u2019 al cantante y compositor Ariel Rot y el martes al representante espa\u00f1ol en Eurovisi\u00f3n, Miki. El mi\u00e9rcoles y el jueves no habr\u00e1 programa al emitirse las semifinales de la Copa del Rey. El lunes \u2018Lo Siguiente\u2019 recibir\u00e1 al m\u00fasico argentino Ariel Rot, que","canonical_url":"https:\/\/candas365.es\/noticias\/ariel-rot-y-miki-en-lo-siguiente\/","robots":"max-image-preview:large","keywords":"agenda","webmasterTools":{"google-site-verification":"UA-32230408-1","msvalidate.01":"354F3CDFB2DA171B47FBE9ABF1F88D5","miscellaneous":""},"schema":{"@context":"https:\/\/schema.org","@graph":[{"@type":"BreadcrumbList","@id":"https:\/\/candas365.es\/noticias\/ariel-rot-y-miki-en-lo-siguiente\/#breadcrumblist","itemListElement":[{"@type":"ListItem","@id":"https:\/\/candas365.es\/noticias#listItem","position":1,"name":"Home","item":"https:\/\/candas365.es\/noticias","nextItem":{"@type":"ListItem","@id":"https:\/\/candas365.es\/noticias\/category\/agenda\/#listItem","name":"Agenda"}},{"@type":"ListItem","@id":"https:\/\/candas365.es\/noticias\/category\/agenda\/#listItem","position":2,"name":"Agenda","item":"https:\/\/candas365.es\/noticias\/category\/agenda\/","nextItem":{"@type":"ListItem","@id":"https:\/\/candas365.es\/noticias\/ariel-rot-y-miki-en-lo-siguiente\/#listItem","name":"Ariel Rot y Miki en \u00abLo Siguiente\u00bb"},"previousItem":{"@type":"ListItem","@id":"https:\/\/candas365.es\/noticias#listItem","name":"Home"}},{"@type":"ListItem","@id":"https:\/\/candas365.es\/noticias\/ariel-rot-y-miki-en-lo-siguiente\/#listItem","position":3,"name":"Ariel Rot y Miki en \u00abLo Siguiente\u00bb","previousItem":{"@type":"ListItem","@id":"https:\/\/candas365.es\/noticias\/category\/agenda\/#listItem","name":"Agenda"}}]},{"@type":"NewsArticle","@id":"https:\/\/candas365.es\/noticias\/ariel-rot-y-miki-en-lo-siguiente\/#newsarticle","name":"Ariel Rot y Miki en \u00abLo Siguiente\u00bb | Cand\u00e1s 365","headline":"Ariel Rot y Miki en \u00abLo Siguiente\u00bb","author":{"@id":"https:\/\/candas365.es\/noticias\/author\/admin\/#author"},"publisher":{"@id":"https:\/\/candas365.es\/noticias\/#organization"},"image":{"@type":"ImageObject","url":"https:\/\/candas365.es\/noticias\/wp-content\/uploads\/2019\/02\/ndp-tele3021906.jpg","width":1600,"height":1066},"datePublished":"2019-02-03T22:42:16+01:00","dateModified":"2019-02-03T22:42:16+01:00","inLanguage":"es-ES","mainEntityOfPage":{"@id":"https:\/\/candas365.es\/noticias\/ariel-rot-y-miki-en-lo-siguiente\/#webpage"},"isPartOf":{"@id":"https:\/\/candas365.es\/noticias\/ariel-rot-y-miki-en-lo-siguiente\/#webpage"},"articleSection":"Agenda","dateline":"Publicado el febrero 3, 2019."},{"@type":"Organization","@id":"https:\/\/candas365.es\/noticias\/#organization","name":"Cand\u00e1s 365","description":"Cand\u00e1s 365 es un diario digital independiente, fundado en 2012, con base en Asturias. Informamos con rigor sobre actualidad, sociedad, cultura y ocio, con una mirada local y global.","url":"https:\/\/candas365.es\/noticias\/","email":"info@candas365.es","telephone":"+34652131393","foundingDate":"2012-06-10","logo":{"@type":"ImageObject","url":"https:\/\/candas365.es\/noticias\/wp-content\/uploads\/2024\/09\/Candas-365-Redes.jpg","@id":"https:\/\/candas365.es\/noticias\/ariel-rot-y-miki-en-lo-siguiente\/#organizationLogo","width":1152,"height":864,"caption":"Cand\u00e1s 365 Redes"},"image":{"@id":"https:\/\/candas365.es\/noticias\/ariel-rot-y-miki-en-lo-siguiente\/#organizationLogo"},"sameAs":["https:\/\/www.facebook.com\/Nachofdezber","https:\/\/x.com\/NabercoDigital","https:\/\/www.instagram.com\/nachofdezber\/","https:\/\/www.youtube.com\/channel\/UCZP-2wLEB9Rv6erhFmqVnvg"],"address":{"@id":"https:\/\/candas365.es\/noticias\/#postaladdress","@type":"PostalAddress","streetAddress":"san antonio 4, san antonio 4","postalCode":"33430","addressLocality":"Cand\u00e1s","addressRegion":"Asturias","addressCountry":"ES"}},{"@type":"Person","@id":"https:\/\/candas365.es\/noticias\/author\/admin\/#author","url":"https:\/\/candas365.es\/noticias\/author\/admin\/","name":"Cand\u00e1s 365","image":{"@type":"ImageObject","@id":"https:\/\/candas365.es\/noticias\/ariel-rot-y-miki-en-lo-siguiente\/#authorImage","url":"https:\/\/secure.gravatar.com\/avatar\/496a8e03d0c493ede1718b7934145dbdf8d89be1036b0eec9544e1094c9de390?s=96&d=mm&r=g","width":96,"height":96,"caption":"Cand\u00e1s 365"},"sameAs":["https:\/\/www.facebook.com\/carrenoactualidad","https:\/\/twitter.com\/nbasturias","https:\/\/www.instagram.com\/nachofdezber\/","https:\/\/www.youtube.com\/channel\/UCZP-2wLEB9Rv6erhFmqVnvg"]},{"@type":"WebPage","@id":"https:\/\/candas365.es\/noticias\/ariel-rot-y-miki-en-lo-siguiente\/#webpage","url":"https:\/\/candas365.es\/noticias\/ariel-rot-y-miki-en-lo-siguiente\/","name":"Ariel Rot y Miki en \u00abLo Siguiente\u00bb | Cand\u00e1s 365","description":"Raquel S\u00e1nchez Silva recibe el lunes en el plat\u00f3 de \u2018Lo Siguiente\u2019 al cantante y compositor Ariel Rot y el martes al representante espa\u00f1ol en Eurovisi\u00f3n, Miki. El mi\u00e9rcoles y el jueves no habr\u00e1 programa al emitirse las semifinales de la Copa del Rey. El lunes \u2018Lo Siguiente\u2019 recibir\u00e1 al m\u00fasico argentino Ariel Rot, que","inLanguage":"es-ES","isPartOf":{"@id":"https:\/\/candas365.es\/noticias\/#website"},"breadcrumb":{"@id":"https:\/\/candas365.es\/noticias\/ariel-rot-y-miki-en-lo-siguiente\/#breadcrumblist"},"author":{"@id":"https:\/\/candas365.es\/noticias\/author\/admin\/#author"},"creator":{"@id":"https:\/\/candas365.es\/noticias\/author\/admin\/#author"},"image":{"@type":"ImageObject","url":"https:\/\/candas365.es\/noticias\/wp-content\/uploads\/2019\/02\/ndp-tele3021906.jpg","@id":"https:\/\/candas365.es\/noticias\/ariel-rot-y-miki-en-lo-siguiente\/#mainImage","width":1600,"height":1066},"primaryImageOfPage":{"@id":"https:\/\/candas365.es\/noticias\/ariel-rot-y-miki-en-lo-siguiente\/#mainImage"},"datePublished":"2019-02-03T22:42:16+01:00","dateModified":"2019-02-03T22:42:16+01:00"},{"@type":"WebSite","@id":"https:\/\/candas365.es\/noticias\/#website","url":"https:\/\/candas365.es\/noticias\/","name":"Cand\u00e1s 365","alternateName":"Cand\u00e1s 365 Noticias","description":"Actualidad desde Carre\u00f1o para el mundo","inLanguage":"es-ES","publisher":{"@id":"https:\/\/candas365.es\/noticias\/#organization"}}]},"og:locale":"es_ES","og:site_name":"Cand\u00e1s 365","og:type":"article","og:title":"Ariel Rot y Miki en \u00abLo Siguiente\u00bb | Cand\u00e1s 365","og:description":"Raquel S\u00e1nchez Silva recibe el lunes en el plat\u00f3 de \u2018Lo Siguiente\u2019 al cantante y compositor Ariel Rot y el martes al representante espa\u00f1ol en Eurovisi\u00f3n, Miki. El mi\u00e9rcoles y el jueves no habr\u00e1 programa al emitirse las semifinales de la Copa del Rey. El lunes \u2018Lo Siguiente\u2019 recibir\u00e1 al m\u00fasico argentino Ariel Rot, que","og:url":"https:\/\/candas365.es\/noticias\/ariel-rot-y-miki-en-lo-siguiente\/","og:image":"https:\/\/candas365.es\/noticias\/wp-content\/uploads\/2019\/02\/ndp-tele3021906.jpg","og:image:secure_url":"https:\/\/candas365.es\/noticias\/wp-content\/uploads\/2019\/02\/ndp-tele3021906.jpg","og:image:width":1600,"og:image:height":1066,"article:published_time":"2019-02-03T22:42:16+00:00","article:modified_time":"2019-02-03T22:42:16+00:00","article:publisher":"https:\/\/www.facebook.com\/Nachofdezber","article:author":"https:\/\/www.facebook.com\/carrenoactualidad","twitter:card":"summary_large_image","twitter:site":"@NabercoDigital","twitter:title":"Ariel Rot y Miki en \u00abLo Siguiente\u00bb | Cand\u00e1s 365","twitter:description":"Raquel S\u00e1nchez Silva recibe el lunes en el plat\u00f3 de \u2018Lo Siguiente\u2019 al cantante y compositor Ariel Rot y el martes al representante espa\u00f1ol en Eurovisi\u00f3n, Miki. El mi\u00e9rcoles y el jueves no habr\u00e1 programa al emitirse las semifinales de la Copa del Rey. El lunes \u2018Lo Siguiente\u2019 recibir\u00e1 al m\u00fasico argentino Ariel Rot, que","twitter:creator":"@nbasturias","twitter:image":"https:\/\/candas365.es\/noticias\/wp-content\/uploads\/2019\/02\/ndp-tele3021906.jpg","twitter:label1":"Escrito por","twitter:data1":"Cand\u00e1s 365","twitter:label2":"Tiempo de lectura estimado","twitter:data2":"1 minuto"},"aioseo_meta_data":{"post_id":"115523","title":null,"description":null,"keywords":null,"keyphrases":null,"primary_term":null,"canonical_url":null,"og_title":null,"og_description":null,"og_object_type":"default","og_image_type":"default","og_image_url":null,"og_image_width":null,"og_image_height":null,"og_image_custom_url":null,"og_image_custom_fields":null,"og_video":null,"og_custom_url":null,"og_article_section":null,"og_article_tags":null,"twitter_use_og":false,"twitter_card":"default","twitter_image_type":"default","twitter_image_url":null,"twitter_image_custom_url":null,"twitter_image_custom_fields":null,"twitter_title":null,"twitter_description":null,"schema":{"blockGraphs":[],"customGraphs":[],"default":{"data":{"Article":[],"Course":[],"Dataset":[],"FAQPage":[],"Movie":[],"Person":[],"Product":[],"ProductReview":[],"Car":[],"Recipe":[],"Service":[],"SoftwareApplication":[],"WebPage":[]},"graphName":"","isEnabled":true},"graphs":[],"defaultGraph":"","defaultPostTypeGraph":""},"schema_type":null,"schema_type_options":null,"pillar_content":false,"robots_default":true,"robots_noindex":false,"robots_noarchive":false,"robots_nosnippet":false,"robots_nofollow":false,"robots_noimageindex":false,"robots_noodp":false,"robots_notranslate":false,"robots_max_snippet":null,"robots_max_videopreview":null,"robots_max_imagepreview":"large","priority":null,"frequency":null,"location":null,"local_seo":null,"seo_analyzer_scan_date":"2025-08-29 04:18:36","breadcrumb_settings":null,"limit_modified_date":false,"reviewed_by":null,"open_ai":null,"ai":null,"created":"2020-12-21 11:16:57","updated":"2025-08-29 04:18:36"},"aioseo_breadcrumb":"<div class=\"aioseo-breadcrumbs\"><span class=\"aioseo-breadcrumb\">\n\t<a href=\"https:\/\/candas365.es\/noticias\" title=\"Home\">Home<\/a>\n<\/span><span class=\"aioseo-breadcrumb-separator\">&ndash;<\/span><span class=\"aioseo-breadcrumb\">\n\t<a href=\"https:\/\/candas365.es\/noticias\/category\/agenda\/\" title=\"Agenda\">Agenda<\/a>\n<\/span><span class=\"aioseo-breadcrumb-separator\">&ndash;<\/span><span class=\"aioseo-breadcrumb\">\n\tAriel Rot y Miki en \u00abLo Siguiente\u00bb\n<\/span><\/div>","aioseo_breadcrumb_json":[{"label":"Home","link":"https:\/\/candas365.es\/noticias"},{"label":"Agenda","link":"https:\/\/candas365.es\/noticias\/category\/agenda\/"},{"label":"Ariel Rot y Miki en \u00abLo Siguiente\u00bb","link":"https:\/\/candas365.es\/noticias\/ariel-rot-y-miki-en-lo-siguiente\/"}],"_links":{"self":[{"href":"https:\/\/candas365.es\/noticias\/wp-json\/wp\/v2\/posts\/115523","targetHints":{"allow":["GET"]}}],"collection":[{"href":"https:\/\/candas365.es\/noticias\/wp-json\/wp\/v2\/posts"}],"about":[{"href":"https:\/\/candas365.es\/noticias\/wp-json\/wp\/v2\/types\/post"}],"author":[{"embeddable":true,"href":"https:\/\/candas365.es\/noticias\/wp-json\/wp\/v2\/users\/1"}],"replies":[{"embeddable":true,"href":"https:\/\/candas365.es\/noticias\/wp-json\/wp\/v2\/comments?post=115523"}],"version-history":[{"count":0,"href":"https:\/\/candas365.es\/noticias\/wp-json\/wp\/v2\/posts\/115523\/revisions"}],"wp:featuredmedia":[{"embeddable":true,"href":"https:\/\/candas365.es\/noticias\/wp-json\/wp\/v2\/media\/115524"}],"wp:attachment":[{"href":"https:\/\/candas365.es\/noticias\/wp-json\/wp\/v2\/media?parent=115523"}],"wp:term":[{"taxonomy":"category","embeddable":true,"href":"https:\/\/candas365.es\/noticias\/wp-json\/wp\/v2\/categories?post=115523"},{"taxonomy":"post_tag","embeddable":true,"href":"https:\/\/candas365.es\/noticias\/wp-json\/wp\/v2\/tags?post=115523"}],"curies":[{"name":"wp","href":"https:\/\/api.w.org\/{rel}","templated":true}]}}