{"id":115520,"date":"2019-02-03T22:40:13","date_gmt":"2019-02-03T22:40:13","guid":{"rendered":"http:\/\/candas365.es\/noticias\/?p=115520"},"modified":"2019-02-03T22:40:13","modified_gmt":"2019-02-03T22:40:13","slug":"saber-y-ganar-cumple-el-17-de-febrero-22-anos","status":"publish","type":"post","link":"https:\/\/candas365.es\/noticias\/saber-y-ganar-cumple-el-17-de-febrero-22-anos\/","title":{"rendered":"\u00abSaber y Ganar\u00bb cumple el 17 de febrero 22 a\u00f1os"},"content":{"rendered":"<p><img fetchpriority=\"high\" decoding=\"async\" class=\"alignleft size-medium wp-image-115521\" src=\"https:\/\/candas365.es\/noticias\/wp-content\/uploads\/2019\/02\/ndp-tele3021905-360x240.jpg\" alt=\"\" width=\"360\" height=\"240\" srcset=\"https:\/\/candas365.es\/noticias\/wp-content\/uploads\/2019\/02\/ndp-tele3021905-360x240.jpg 360w, https:\/\/candas365.es\/noticias\/wp-content\/uploads\/2019\/02\/ndp-tele3021905-768x512.jpg 768w, https:\/\/candas365.es\/noticias\/wp-content\/uploads\/2019\/02\/ndp-tele3021905-655x436.jpg 655w, https:\/\/candas365.es\/noticias\/wp-content\/uploads\/2019\/02\/ndp-tele3021905-696x464.jpg 696w, https:\/\/candas365.es\/noticias\/wp-content\/uploads\/2019\/02\/ndp-tele3021905-1068x712.jpg 1068w, https:\/\/candas365.es\/noticias\/wp-content\/uploads\/2019\/02\/ndp-tele3021905-630x420.jpg 630w, https:\/\/candas365.es\/noticias\/wp-content\/uploads\/2019\/02\/ndp-tele3021905.jpg 1600w\" sizes=\"(max-width: 360px) 100vw, 360px\" \/>&#8216;Saber y Ganar&#8217; cumple el 17 de febrero 22 a\u00f1os. A partir del d\u00eda 4, el concurso de La 2 empieza a celebrarlo con los especiales protagonizados por sus concursantes Magn\u00edficos de 2018: aquellos que ganaron m\u00e1s de 7.000 euros.<\/p>\n<p>12 concursantes se enfrentar\u00e1n en el Duelo de la primera fase a preguntas sobre el centenario de la fundaci\u00f3n de la productora y distribuidora estadounidense United Artists, en las que se recordar\u00e1n a los cl\u00e1sicos del cine.<\/p>\n<p>Tras esta primera fase, los nueve concursantes con mejor puntuaci\u00f3n pasar\u00e1n a la segunda ronda, en la que el Duelo estar\u00e1 dedicado al bicentenario del Museo del Prado y hablar\u00e1 de genios como Vel\u00e1zquez o Goya.<\/p>\n<p>Los tres mejores de la segunda fase pasar\u00e1n a la ronda final, en la que competir\u00e1n por convertirse en \u2018Supermagn\u00edfico\u2019 e incorporarse a las ediciones diarias de \u2018Saber y Ganar\u2019.<\/p>\n<p><strong>Los 12 Magn\u00edficos de 2018<\/strong><\/p>\n<p>Ruth de Andr\u00e9s es la concursante con el mayor bote conseguido, 46.900 euros ganados a lo largo de 91 programas. Fue Magn\u00edfica en 2017, pero no particip\u00f3 en la edici\u00f3n de 2018 porque a\u00fan estaba concursando en el programa diario.<\/p>\n<p>Le sigue Jaume del Pozo, con 41.160 euros conseguidos a lo largo de 43 programas y Beatriz Cuenca, que particip\u00f3 durante 13 programas en los que obtuvo 32.840 euros. Con 51 programas, Javier Oliver gan\u00f3 27.280 euros. Jos\u00e9 Luis Barba, consigui\u00f3 un marcador total de 21.840 euros a lo largo de los 39 programas, y le sigue de cerca Lloren\u00e7 Gasset, con 21.010 euros en 32 programas de participaci\u00f3n.<\/p>\n<p>Fernando Hern\u00e1ndez, se hizo con 13.110 euros en 29 programas; Francisco Jos\u00e9 Mart\u00ednez gan\u00f3 12.880 euros en 25 participaciones; Francisco Navarro obtuvo 10.640 euros en 10 programas; Salvador J\u00f3dar consigui\u00f3 8.370 euros tras concursar en 20 programas; Carlos Jim\u00e9nez gan\u00f3 7.530 euros con otras 20 participaciones; y Lidia Fern\u00e1ndez obtuvo 7.510 euros tras haber concursado en 15 programas.<\/p>\n<p>\u2018Saber y Ganar\u2019 est\u00e1 dirigido por Sergi Schaaff y presentado por Jordi Hurtado junto a Pilar V\u00e1zquez y Juanjo Cardenal. Es el concurso m\u00e1s veterano de la televisi\u00f3n en Espa\u00f1a, con m\u00e1s de 5.000 ediciones.<\/p>\n","protected":false},"excerpt":{"rendered":"<p>&#8216;Saber y Ganar&#8217; cumple el 17 de febrero 22 a\u00f1os. A partir del d\u00eda 4, el concurso de La 2 empieza a celebrarlo con los especiales protagonizados por sus concursantes Magn\u00edficos de 2018: aquellos que ganaron m\u00e1s de 7.000 euros. 12 concursantes se enfrentar\u00e1n en el Duelo de la primera fase a preguntas sobre el<\/p>\n","protected":false},"author":1,"featured_media":115521,"comment_status":"closed","ping_status":"closed","sticky":false,"template":"","format":"standard","meta":{"footnotes":""},"categories":[1],"tags":[],"class_list":{"0":"post-115520","1":"post","2":"type-post","3":"status-publish","4":"format-standard","5":"has-post-thumbnail","7":"category-agenda"},"aioseo_notices":[],"aioseo_head":"\n\t\t<!-- All in One SEO Pro 4.9.6.2 - aioseo.com -->\n\t<meta name=\"description\" content=\"&#039;Saber y Ganar&#039; cumple el 17 de febrero 22 a\u00f1os. A partir del d\u00eda 4, el concurso de La 2 empieza a celebrarlo con los especiales protagonizados por sus concursantes Magn\u00edficos de 2018: aquellos que ganaron m\u00e1s de 7.000 euros. 12 concursantes se enfrentar\u00e1n en el Duelo de la primera fase a preguntas sobre el\" \/>\n\t<meta name=\"robots\" content=\"max-image-preview:large\" \/>\n\t<meta name=\"author\" content=\"Cand\u00e1s 365\"\/>\n\t<meta name=\"google-site-verification\" content=\"UA-32230408-1\" \/>\n\t<meta name=\"msvalidate.01\" content=\"354F3CDFB2DA171B47FBE9ABF1F88D5\" \/>\n\t<meta name=\"keywords\" content=\"agenda\" \/>\n\t<link rel=\"canonical\" href=\"https:\/\/candas365.es\/noticias\/saber-y-ganar-cumple-el-17-de-febrero-22-anos\/\" \/>\n\t<meta name=\"generator\" content=\"All in One SEO Pro (AIOSEO) 4.9.6.2\" \/>\n\t\t<meta property=\"og:locale\" content=\"es_ES\" \/>\n\t\t<meta property=\"og:site_name\" content=\"Cand\u00e1s 365\" \/>\n\t\t<meta property=\"og:type\" content=\"article\" \/>\n\t\t<meta property=\"og:title\" content=\"\u00abSaber y Ganar\u00bb cumple el 17 de febrero 22 a\u00f1os | Cand\u00e1s 365\" \/>\n\t\t<meta property=\"og:description\" content=\"&#039;Saber y Ganar&#039; cumple el 17 de febrero 22 a\u00f1os. A partir del d\u00eda 4, el concurso de La 2 empieza a celebrarlo con los especiales protagonizados por sus concursantes Magn\u00edficos de 2018: aquellos que ganaron m\u00e1s de 7.000 euros. 12 concursantes se enfrentar\u00e1n en el Duelo de la primera fase a preguntas sobre el\" \/>\n\t\t<meta property=\"og:url\" content=\"https:\/\/candas365.es\/noticias\/saber-y-ganar-cumple-el-17-de-febrero-22-anos\/\" \/>\n\t\t<meta property=\"og:image\" content=\"https:\/\/candas365.es\/noticias\/wp-content\/uploads\/2019\/02\/ndp-tele3021905.jpg\" \/>\n\t\t<meta property=\"og:image:secure_url\" content=\"https:\/\/candas365.es\/noticias\/wp-content\/uploads\/2019\/02\/ndp-tele3021905.jpg\" \/>\n\t\t<meta property=\"og:image:width\" content=\"1600\" \/>\n\t\t<meta property=\"og:image:height\" content=\"1066\" \/>\n\t\t<meta property=\"article:published_time\" content=\"2019-02-03T22:40:13+00:00\" \/>\n\t\t<meta property=\"article:modified_time\" content=\"2019-02-03T22:40:13+00:00\" \/>\n\t\t<meta property=\"article:publisher\" content=\"https:\/\/www.facebook.com\/Nachofdezber\" \/>\n\t\t<meta property=\"article:author\" content=\"https:\/\/www.facebook.com\/carrenoactualidad\" \/>\n\t\t<meta name=\"twitter:card\" content=\"summary_large_image\" \/>\n\t\t<meta name=\"twitter:site\" content=\"@NabercoDigital\" \/>\n\t\t<meta name=\"twitter:title\" content=\"\u00abSaber y Ganar\u00bb cumple el 17 de febrero 22 a\u00f1os | Cand\u00e1s 365\" \/>\n\t\t<meta name=\"twitter:description\" content=\"&#039;Saber y Ganar&#039; cumple el 17 de febrero 22 a\u00f1os. A partir del d\u00eda 4, el concurso de La 2 empieza a celebrarlo con los especiales protagonizados por sus concursantes Magn\u00edficos de 2018: aquellos que ganaron m\u00e1s de 7.000 euros. 12 concursantes se enfrentar\u00e1n en el Duelo de la primera fase a preguntas sobre el\" \/>\n\t\t<meta name=\"twitter:creator\" content=\"@nbasturias\" \/>\n\t\t<meta name=\"twitter:image\" content=\"https:\/\/candas365.es\/noticias\/wp-content\/uploads\/2019\/02\/ndp-tele3021905.jpg\" \/>\n\t\t<meta name=\"twitter:label1\" content=\"Escrito por\" \/>\n\t\t<meta name=\"twitter:data1\" content=\"Cand\u00e1s 365\" \/>\n\t\t<meta name=\"twitter:label2\" content=\"Tiempo de lectura estimado\" \/>\n\t\t<meta name=\"twitter:data2\" content=\"2 minutos\" \/>\n\t\t<script type=\"application\/ld+json\" class=\"aioseo-schema\">\n\t\t\t{\"@context\":\"https:\\\/\\\/schema.org\",\"@graph\":[{\"@type\":\"BreadcrumbList\",\"@id\":\"https:\\\/\\\/candas365.es\\\/noticias\\\/saber-y-ganar-cumple-el-17-de-febrero-22-anos\\\/#breadcrumblist\",\"itemListElement\":[{\"@type\":\"ListItem\",\"@id\":\"https:\\\/\\\/candas365.es\\\/noticias#listItem\",\"position\":1,\"name\":\"Home\",\"item\":\"https:\\\/\\\/candas365.es\\\/noticias\",\"nextItem\":{\"@type\":\"ListItem\",\"@id\":\"https:\\\/\\\/candas365.es\\\/noticias\\\/category\\\/agenda\\\/#listItem\",\"name\":\"Agenda\"}},{\"@type\":\"ListItem\",\"@id\":\"https:\\\/\\\/candas365.es\\\/noticias\\\/category\\\/agenda\\\/#listItem\",\"position\":2,\"name\":\"Agenda\",\"item\":\"https:\\\/\\\/candas365.es\\\/noticias\\\/category\\\/agenda\\\/\",\"nextItem\":{\"@type\":\"ListItem\",\"@id\":\"https:\\\/\\\/candas365.es\\\/noticias\\\/saber-y-ganar-cumple-el-17-de-febrero-22-anos\\\/#listItem\",\"name\":\"\\u00abSaber y Ganar\\u00bb cumple el 17 de febrero 22 a\\u00f1os\"},\"previousItem\":{\"@type\":\"ListItem\",\"@id\":\"https:\\\/\\\/candas365.es\\\/noticias#listItem\",\"name\":\"Home\"}},{\"@type\":\"ListItem\",\"@id\":\"https:\\\/\\\/candas365.es\\\/noticias\\\/saber-y-ganar-cumple-el-17-de-febrero-22-anos\\\/#listItem\",\"position\":3,\"name\":\"\\u00abSaber y Ganar\\u00bb cumple el 17 de febrero 22 a\\u00f1os\",\"previousItem\":{\"@type\":\"ListItem\",\"@id\":\"https:\\\/\\\/candas365.es\\\/noticias\\\/category\\\/agenda\\\/#listItem\",\"name\":\"Agenda\"}}]},{\"@type\":\"NewsArticle\",\"@id\":\"https:\\\/\\\/candas365.es\\\/noticias\\\/saber-y-ganar-cumple-el-17-de-febrero-22-anos\\\/#newsarticle\",\"name\":\"\\u00abSaber y Ganar\\u00bb cumple el 17 de febrero 22 a\\u00f1os | Cand\\u00e1s 365\",\"headline\":\"\\u00abSaber y Ganar\\u00bb cumple el 17 de febrero 22 a\\u00f1os\",\"author\":{\"@id\":\"https:\\\/\\\/candas365.es\\\/noticias\\\/author\\\/admin\\\/#author\"},\"publisher\":{\"@id\":\"https:\\\/\\\/candas365.es\\\/noticias\\\/#organization\"},\"image\":{\"@type\":\"ImageObject\",\"url\":\"https:\\\/\\\/candas365.es\\\/noticias\\\/wp-content\\\/uploads\\\/2019\\\/02\\\/ndp-tele3021905.jpg\",\"width\":1600,\"height\":1066},\"datePublished\":\"2019-02-03T22:40:13+01:00\",\"dateModified\":\"2019-02-03T22:40:13+01:00\",\"inLanguage\":\"es-ES\",\"mainEntityOfPage\":{\"@id\":\"https:\\\/\\\/candas365.es\\\/noticias\\\/saber-y-ganar-cumple-el-17-de-febrero-22-anos\\\/#webpage\"},\"isPartOf\":{\"@id\":\"https:\\\/\\\/candas365.es\\\/noticias\\\/saber-y-ganar-cumple-el-17-de-febrero-22-anos\\\/#webpage\"},\"articleSection\":\"Agenda\",\"dateline\":\"Publicado el febrero 3, 2019.\"},{\"@type\":\"Organization\",\"@id\":\"https:\\\/\\\/candas365.es\\\/noticias\\\/#organization\",\"name\":\"Cand\\u00e1s 365\",\"description\":\"Cand\\u00e1s 365 es un diario digital independiente, fundado en 2012, con base en Asturias. Informamos con rigor sobre actualidad, sociedad, cultura y ocio, con una mirada local y global.\",\"url\":\"https:\\\/\\\/candas365.es\\\/noticias\\\/\",\"email\":\"info@candas365.es\",\"telephone\":\"+34652131393\",\"foundingDate\":\"2012-06-10\",\"logo\":{\"@type\":\"ImageObject\",\"url\":\"https:\\\/\\\/candas365.es\\\/noticias\\\/wp-content\\\/uploads\\\/2024\\\/09\\\/Candas-365-Redes.jpg\",\"@id\":\"https:\\\/\\\/candas365.es\\\/noticias\\\/saber-y-ganar-cumple-el-17-de-febrero-22-anos\\\/#organizationLogo\",\"width\":1152,\"height\":864,\"caption\":\"Cand\\u00e1s 365 Redes\"},\"image\":{\"@id\":\"https:\\\/\\\/candas365.es\\\/noticias\\\/saber-y-ganar-cumple-el-17-de-febrero-22-anos\\\/#organizationLogo\"},\"sameAs\":[\"https:\\\/\\\/www.facebook.com\\\/Nachofdezber\",\"https:\\\/\\\/x.com\\\/NabercoDigital\",\"https:\\\/\\\/www.instagram.com\\\/nachofdezber\\\/\",\"https:\\\/\\\/www.youtube.com\\\/channel\\\/UCZP-2wLEB9Rv6erhFmqVnvg\"],\"address\":{\"@id\":\"https:\\\/\\\/candas365.es\\\/noticias\\\/#postaladdress\",\"@type\":\"PostalAddress\",\"streetAddress\":\"san antonio 4, san antonio 4\",\"postalCode\":\"33430\",\"addressLocality\":\"Cand\\u00e1s\",\"addressRegion\":\"Asturias\",\"addressCountry\":\"ES\"}},{\"@type\":\"Person\",\"@id\":\"https:\\\/\\\/candas365.es\\\/noticias\\\/author\\\/admin\\\/#author\",\"url\":\"https:\\\/\\\/candas365.es\\\/noticias\\\/author\\\/admin\\\/\",\"name\":\"Cand\\u00e1s 365\",\"image\":{\"@type\":\"ImageObject\",\"@id\":\"https:\\\/\\\/candas365.es\\\/noticias\\\/saber-y-ganar-cumple-el-17-de-febrero-22-anos\\\/#authorImage\",\"url\":\"https:\\\/\\\/secure.gravatar.com\\\/avatar\\\/496a8e03d0c493ede1718b7934145dbdf8d89be1036b0eec9544e1094c9de390?s=96&d=mm&r=g\",\"width\":96,\"height\":96,\"caption\":\"Cand\\u00e1s 365\"},\"sameAs\":[\"https:\\\/\\\/www.facebook.com\\\/carrenoactualidad\",\"https:\\\/\\\/twitter.com\\\/nbasturias\",\"https:\\\/\\\/www.instagram.com\\\/nachofdezber\\\/\",\"https:\\\/\\\/www.youtube.com\\\/channel\\\/UCZP-2wLEB9Rv6erhFmqVnvg\"]},{\"@type\":\"WebPage\",\"@id\":\"https:\\\/\\\/candas365.es\\\/noticias\\\/saber-y-ganar-cumple-el-17-de-febrero-22-anos\\\/#webpage\",\"url\":\"https:\\\/\\\/candas365.es\\\/noticias\\\/saber-y-ganar-cumple-el-17-de-febrero-22-anos\\\/\",\"name\":\"\\u00abSaber y Ganar\\u00bb cumple el 17 de febrero 22 a\\u00f1os | Cand\\u00e1s 365\",\"description\":\"'Saber y Ganar' cumple el 17 de febrero 22 a\\u00f1os. A partir del d\\u00eda 4, el concurso de La 2 empieza a celebrarlo con los especiales protagonizados por sus concursantes Magn\\u00edficos de 2018: aquellos que ganaron m\\u00e1s de 7.000 euros. 12 concursantes se enfrentar\\u00e1n en el Duelo de la primera fase a preguntas sobre el\",\"inLanguage\":\"es-ES\",\"isPartOf\":{\"@id\":\"https:\\\/\\\/candas365.es\\\/noticias\\\/#website\"},\"breadcrumb\":{\"@id\":\"https:\\\/\\\/candas365.es\\\/noticias\\\/saber-y-ganar-cumple-el-17-de-febrero-22-anos\\\/#breadcrumblist\"},\"author\":{\"@id\":\"https:\\\/\\\/candas365.es\\\/noticias\\\/author\\\/admin\\\/#author\"},\"creator\":{\"@id\":\"https:\\\/\\\/candas365.es\\\/noticias\\\/author\\\/admin\\\/#author\"},\"image\":{\"@type\":\"ImageObject\",\"url\":\"https:\\\/\\\/candas365.es\\\/noticias\\\/wp-content\\\/uploads\\\/2019\\\/02\\\/ndp-tele3021905.jpg\",\"@id\":\"https:\\\/\\\/candas365.es\\\/noticias\\\/saber-y-ganar-cumple-el-17-de-febrero-22-anos\\\/#mainImage\",\"width\":1600,\"height\":1066},\"primaryImageOfPage\":{\"@id\":\"https:\\\/\\\/candas365.es\\\/noticias\\\/saber-y-ganar-cumple-el-17-de-febrero-22-anos\\\/#mainImage\"},\"datePublished\":\"2019-02-03T22:40:13+01:00\",\"dateModified\":\"2019-02-03T22:40:13+01:00\"},{\"@type\":\"WebSite\",\"@id\":\"https:\\\/\\\/candas365.es\\\/noticias\\\/#website\",\"url\":\"https:\\\/\\\/candas365.es\\\/noticias\\\/\",\"name\":\"Cand\\u00e1s 365\",\"alternateName\":\"Cand\\u00e1s 365 Noticias\",\"description\":\"Actualidad desde Carre\\u00f1o para el mundo\",\"inLanguage\":\"es-ES\",\"publisher\":{\"@id\":\"https:\\\/\\\/candas365.es\\\/noticias\\\/#organization\"}}]}\n\t\t<\/script>\n\t\t<!-- All in One SEO Pro -->\r\n\t\t<title>\u00abSaber y Ganar\u00bb cumple el 17 de febrero 22 a\u00f1os | Cand\u00e1s 365<\/title>\n\n","aioseo_head_json":{"title":"\u00abSaber y Ganar\u00bb cumple el 17 de febrero 22 a\u00f1os | Cand\u00e1s 365","description":"'Saber y Ganar' cumple el 17 de febrero 22 a\u00f1os. A partir del d\u00eda 4, el concurso de La 2 empieza a celebrarlo con los especiales protagonizados por sus concursantes Magn\u00edficos de 2018: aquellos que ganaron m\u00e1s de 7.000 euros. 12 concursantes se enfrentar\u00e1n en el Duelo de la primera fase a preguntas sobre el","canonical_url":"https:\/\/candas365.es\/noticias\/saber-y-ganar-cumple-el-17-de-febrero-22-anos\/","robots":"max-image-preview:large","keywords":"agenda","webmasterTools":{"google-site-verification":"UA-32230408-1","msvalidate.01":"354F3CDFB2DA171B47FBE9ABF1F88D5","miscellaneous":""},"schema":{"@context":"https:\/\/schema.org","@graph":[{"@type":"BreadcrumbList","@id":"https:\/\/candas365.es\/noticias\/saber-y-ganar-cumple-el-17-de-febrero-22-anos\/#breadcrumblist","itemListElement":[{"@type":"ListItem","@id":"https:\/\/candas365.es\/noticias#listItem","position":1,"name":"Home","item":"https:\/\/candas365.es\/noticias","nextItem":{"@type":"ListItem","@id":"https:\/\/candas365.es\/noticias\/category\/agenda\/#listItem","name":"Agenda"}},{"@type":"ListItem","@id":"https:\/\/candas365.es\/noticias\/category\/agenda\/#listItem","position":2,"name":"Agenda","item":"https:\/\/candas365.es\/noticias\/category\/agenda\/","nextItem":{"@type":"ListItem","@id":"https:\/\/candas365.es\/noticias\/saber-y-ganar-cumple-el-17-de-febrero-22-anos\/#listItem","name":"\u00abSaber y Ganar\u00bb cumple el 17 de febrero 22 a\u00f1os"},"previousItem":{"@type":"ListItem","@id":"https:\/\/candas365.es\/noticias#listItem","name":"Home"}},{"@type":"ListItem","@id":"https:\/\/candas365.es\/noticias\/saber-y-ganar-cumple-el-17-de-febrero-22-anos\/#listItem","position":3,"name":"\u00abSaber y Ganar\u00bb cumple el 17 de febrero 22 a\u00f1os","previousItem":{"@type":"ListItem","@id":"https:\/\/candas365.es\/noticias\/category\/agenda\/#listItem","name":"Agenda"}}]},{"@type":"NewsArticle","@id":"https:\/\/candas365.es\/noticias\/saber-y-ganar-cumple-el-17-de-febrero-22-anos\/#newsarticle","name":"\u00abSaber y Ganar\u00bb cumple el 17 de febrero 22 a\u00f1os | Cand\u00e1s 365","headline":"\u00abSaber y Ganar\u00bb cumple el 17 de febrero 22 a\u00f1os","author":{"@id":"https:\/\/candas365.es\/noticias\/author\/admin\/#author"},"publisher":{"@id":"https:\/\/candas365.es\/noticias\/#organization"},"image":{"@type":"ImageObject","url":"https:\/\/candas365.es\/noticias\/wp-content\/uploads\/2019\/02\/ndp-tele3021905.jpg","width":1600,"height":1066},"datePublished":"2019-02-03T22:40:13+01:00","dateModified":"2019-02-03T22:40:13+01:00","inLanguage":"es-ES","mainEntityOfPage":{"@id":"https:\/\/candas365.es\/noticias\/saber-y-ganar-cumple-el-17-de-febrero-22-anos\/#webpage"},"isPartOf":{"@id":"https:\/\/candas365.es\/noticias\/saber-y-ganar-cumple-el-17-de-febrero-22-anos\/#webpage"},"articleSection":"Agenda","dateline":"Publicado el febrero 3, 2019."},{"@type":"Organization","@id":"https:\/\/candas365.es\/noticias\/#organization","name":"Cand\u00e1s 365","description":"Cand\u00e1s 365 es un diario digital independiente, fundado en 2012, con base en Asturias. Informamos con rigor sobre actualidad, sociedad, cultura y ocio, con una mirada local y global.","url":"https:\/\/candas365.es\/noticias\/","email":"info@candas365.es","telephone":"+34652131393","foundingDate":"2012-06-10","logo":{"@type":"ImageObject","url":"https:\/\/candas365.es\/noticias\/wp-content\/uploads\/2024\/09\/Candas-365-Redes.jpg","@id":"https:\/\/candas365.es\/noticias\/saber-y-ganar-cumple-el-17-de-febrero-22-anos\/#organizationLogo","width":1152,"height":864,"caption":"Cand\u00e1s 365 Redes"},"image":{"@id":"https:\/\/candas365.es\/noticias\/saber-y-ganar-cumple-el-17-de-febrero-22-anos\/#organizationLogo"},"sameAs":["https:\/\/www.facebook.com\/Nachofdezber","https:\/\/x.com\/NabercoDigital","https:\/\/www.instagram.com\/nachofdezber\/","https:\/\/www.youtube.com\/channel\/UCZP-2wLEB9Rv6erhFmqVnvg"],"address":{"@id":"https:\/\/candas365.es\/noticias\/#postaladdress","@type":"PostalAddress","streetAddress":"san antonio 4, san antonio 4","postalCode":"33430","addressLocality":"Cand\u00e1s","addressRegion":"Asturias","addressCountry":"ES"}},{"@type":"Person","@id":"https:\/\/candas365.es\/noticias\/author\/admin\/#author","url":"https:\/\/candas365.es\/noticias\/author\/admin\/","name":"Cand\u00e1s 365","image":{"@type":"ImageObject","@id":"https:\/\/candas365.es\/noticias\/saber-y-ganar-cumple-el-17-de-febrero-22-anos\/#authorImage","url":"https:\/\/secure.gravatar.com\/avatar\/496a8e03d0c493ede1718b7934145dbdf8d89be1036b0eec9544e1094c9de390?s=96&d=mm&r=g","width":96,"height":96,"caption":"Cand\u00e1s 365"},"sameAs":["https:\/\/www.facebook.com\/carrenoactualidad","https:\/\/twitter.com\/nbasturias","https:\/\/www.instagram.com\/nachofdezber\/","https:\/\/www.youtube.com\/channel\/UCZP-2wLEB9Rv6erhFmqVnvg"]},{"@type":"WebPage","@id":"https:\/\/candas365.es\/noticias\/saber-y-ganar-cumple-el-17-de-febrero-22-anos\/#webpage","url":"https:\/\/candas365.es\/noticias\/saber-y-ganar-cumple-el-17-de-febrero-22-anos\/","name":"\u00abSaber y Ganar\u00bb cumple el 17 de febrero 22 a\u00f1os | Cand\u00e1s 365","description":"'Saber y Ganar' cumple el 17 de febrero 22 a\u00f1os. A partir del d\u00eda 4, el concurso de La 2 empieza a celebrarlo con los especiales protagonizados por sus concursantes Magn\u00edficos de 2018: aquellos que ganaron m\u00e1s de 7.000 euros. 12 concursantes se enfrentar\u00e1n en el Duelo de la primera fase a preguntas sobre el","inLanguage":"es-ES","isPartOf":{"@id":"https:\/\/candas365.es\/noticias\/#website"},"breadcrumb":{"@id":"https:\/\/candas365.es\/noticias\/saber-y-ganar-cumple-el-17-de-febrero-22-anos\/#breadcrumblist"},"author":{"@id":"https:\/\/candas365.es\/noticias\/author\/admin\/#author"},"creator":{"@id":"https:\/\/candas365.es\/noticias\/author\/admin\/#author"},"image":{"@type":"ImageObject","url":"https:\/\/candas365.es\/noticias\/wp-content\/uploads\/2019\/02\/ndp-tele3021905.jpg","@id":"https:\/\/candas365.es\/noticias\/saber-y-ganar-cumple-el-17-de-febrero-22-anos\/#mainImage","width":1600,"height":1066},"primaryImageOfPage":{"@id":"https:\/\/candas365.es\/noticias\/saber-y-ganar-cumple-el-17-de-febrero-22-anos\/#mainImage"},"datePublished":"2019-02-03T22:40:13+01:00","dateModified":"2019-02-03T22:40:13+01:00"},{"@type":"WebSite","@id":"https:\/\/candas365.es\/noticias\/#website","url":"https:\/\/candas365.es\/noticias\/","name":"Cand\u00e1s 365","alternateName":"Cand\u00e1s 365 Noticias","description":"Actualidad desde Carre\u00f1o para el mundo","inLanguage":"es-ES","publisher":{"@id":"https:\/\/candas365.es\/noticias\/#organization"}}]},"og:locale":"es_ES","og:site_name":"Cand\u00e1s 365","og:type":"article","og:title":"\u00abSaber y Ganar\u00bb cumple el 17 de febrero 22 a\u00f1os | Cand\u00e1s 365","og:description":"'Saber y Ganar' cumple el 17 de febrero 22 a\u00f1os. A partir del d\u00eda 4, el concurso de La 2 empieza a celebrarlo con los especiales protagonizados por sus concursantes Magn\u00edficos de 2018: aquellos que ganaron m\u00e1s de 7.000 euros. 12 concursantes se enfrentar\u00e1n en el Duelo de la primera fase a preguntas sobre el","og:url":"https:\/\/candas365.es\/noticias\/saber-y-ganar-cumple-el-17-de-febrero-22-anos\/","og:image":"https:\/\/candas365.es\/noticias\/wp-content\/uploads\/2019\/02\/ndp-tele3021905.jpg","og:image:secure_url":"https:\/\/candas365.es\/noticias\/wp-content\/uploads\/2019\/02\/ndp-tele3021905.jpg","og:image:width":1600,"og:image:height":1066,"article:published_time":"2019-02-03T22:40:13+00:00","article:modified_time":"2019-02-03T22:40:13+00:00","article:publisher":"https:\/\/www.facebook.com\/Nachofdezber","article:author":"https:\/\/www.facebook.com\/carrenoactualidad","twitter:card":"summary_large_image","twitter:site":"@NabercoDigital","twitter:title":"\u00abSaber y Ganar\u00bb cumple el 17 de febrero 22 a\u00f1os | Cand\u00e1s 365","twitter:description":"'Saber y Ganar' cumple el 17 de febrero 22 a\u00f1os. A partir del d\u00eda 4, el concurso de La 2 empieza a celebrarlo con los especiales protagonizados por sus concursantes Magn\u00edficos de 2018: aquellos que ganaron m\u00e1s de 7.000 euros. 12 concursantes se enfrentar\u00e1n en el Duelo de la primera fase a preguntas sobre el","twitter:creator":"@nbasturias","twitter:image":"https:\/\/candas365.es\/noticias\/wp-content\/uploads\/2019\/02\/ndp-tele3021905.jpg","twitter:label1":"Escrito por","twitter:data1":"Cand\u00e1s 365","twitter:label2":"Tiempo de lectura estimado","twitter:data2":"2 minutos"},"aioseo_meta_data":{"post_id":"115520","title":null,"description":null,"keywords":null,"keyphrases":null,"primary_term":null,"canonical_url":null,"og_title":null,"og_description":null,"og_object_type":"default","og_image_type":"default","og_image_url":null,"og_image_width":null,"og_image_height":null,"og_image_custom_url":null,"og_image_custom_fields":null,"og_video":null,"og_custom_url":null,"og_article_section":null,"og_article_tags":null,"twitter_use_og":false,"twitter_card":"default","twitter_image_type":"default","twitter_image_url":null,"twitter_image_custom_url":null,"twitter_image_custom_fields":null,"twitter_title":null,"twitter_description":null,"schema":{"blockGraphs":[],"customGraphs":[],"default":{"data":{"Article":[],"Course":[],"Dataset":[],"FAQPage":[],"Movie":[],"Person":[],"Product":[],"ProductReview":[],"Car":[],"Recipe":[],"Service":[],"SoftwareApplication":[],"WebPage":[]},"graphName":"","isEnabled":true},"graphs":[]},"schema_type":null,"schema_type_options":null,"pillar_content":false,"robots_default":true,"robots_noindex":false,"robots_noarchive":false,"robots_nosnippet":false,"robots_nofollow":false,"robots_noimageindex":false,"robots_noodp":false,"robots_notranslate":false,"robots_max_snippet":null,"robots_max_videopreview":null,"robots_max_imagepreview":"large","priority":null,"frequency":null,"location":null,"local_seo":null,"seo_analyzer_scan_date":"2025-08-29 04:18:35","breadcrumb_settings":null,"limit_modified_date":false,"reviewed_by":null,"open_ai":null,"ai":null,"created":"2020-12-21 11:16:57","updated":"2025-08-29 04:18:35"},"aioseo_breadcrumb":"<div class=\"aioseo-breadcrumbs\"><span class=\"aioseo-breadcrumb\">\n\t<a href=\"https:\/\/candas365.es\/noticias\" title=\"Home\">Home<\/a>\n<\/span><span class=\"aioseo-breadcrumb-separator\">&ndash;<\/span><span class=\"aioseo-breadcrumb\">\n\t<a href=\"https:\/\/candas365.es\/noticias\/category\/agenda\/\" title=\"Agenda\">Agenda<\/a>\n<\/span><span class=\"aioseo-breadcrumb-separator\">&ndash;<\/span><span class=\"aioseo-breadcrumb\">\n\t\u00abSaber y Ganar\u00bb cumple el 17 de febrero 22 a\u00f1os\n<\/span><\/div>","aioseo_breadcrumb_json":[{"label":"Home","link":"https:\/\/candas365.es\/noticias"},{"label":"Agenda","link":"https:\/\/candas365.es\/noticias\/category\/agenda\/"},{"label":"\u00abSaber y Ganar\u00bb cumple el 17 de febrero 22 a\u00f1os","link":"https:\/\/candas365.es\/noticias\/saber-y-ganar-cumple-el-17-de-febrero-22-anos\/"}],"_links":{"self":[{"href":"https:\/\/candas365.es\/noticias\/wp-json\/wp\/v2\/posts\/115520","targetHints":{"allow":["GET"]}}],"collection":[{"href":"https:\/\/candas365.es\/noticias\/wp-json\/wp\/v2\/posts"}],"about":[{"href":"https:\/\/candas365.es\/noticias\/wp-json\/wp\/v2\/types\/post"}],"author":[{"embeddable":true,"href":"https:\/\/candas365.es\/noticias\/wp-json\/wp\/v2\/users\/1"}],"replies":[{"embeddable":true,"href":"https:\/\/candas365.es\/noticias\/wp-json\/wp\/v2\/comments?post=115520"}],"version-history":[{"count":0,"href":"https:\/\/candas365.es\/noticias\/wp-json\/wp\/v2\/posts\/115520\/revisions"}],"wp:featuredmedia":[{"embeddable":true,"href":"https:\/\/candas365.es\/noticias\/wp-json\/wp\/v2\/media\/115521"}],"wp:attachment":[{"href":"https:\/\/candas365.es\/noticias\/wp-json\/wp\/v2\/media?parent=115520"}],"wp:term":[{"taxonomy":"category","embeddable":true,"href":"https:\/\/candas365.es\/noticias\/wp-json\/wp\/v2\/categories?post=115520"},{"taxonomy":"post_tag","embeddable":true,"href":"https:\/\/candas365.es\/noticias\/wp-json\/wp\/v2\/tags?post=115520"}],"curies":[{"name":"wp","href":"https:\/\/api.w.org\/{rel}","templated":true}]}}