{"id":115406,"date":"2019-02-01T20:36:11","date_gmt":"2019-02-01T20:36:11","guid":{"rendered":"http:\/\/candas365.es\/noticias\/?p=115406"},"modified":"2019-02-01T20:36:11","modified_gmt":"2019-02-01T20:36:11","slug":"el-tiempo-viernes-dia-1-de-febrero-de-2019","status":"publish","type":"post","link":"https:\/\/candas365.es\/noticias\/el-tiempo-viernes-dia-1-de-febrero-de-2019\/","title":{"rendered":"El tiempo, viernes d\u00eda 1 de febrero de 2019"},"content":{"rendered":"<p><img fetchpriority=\"high\" decoding=\"async\" class=\"alignleft size-medium wp-image-6669\" src=\"https:\/\/candas365.es\/noticias\/wp-content\/uploads\/2015\/02\/nieve1-256x300.jpg\" alt=\"\" width=\"256\" height=\"300\" srcset=\"https:\/\/candas365.es\/noticias\/wp-content\/uploads\/2015\/02\/nieve1-256x300.jpg 256w, https:\/\/candas365.es\/noticias\/wp-content\/uploads\/2015\/02\/nieve1-410x480.jpg 410w, https:\/\/candas365.es\/noticias\/wp-content\/uploads\/2015\/02\/nieve1-150x176.jpg 150w, https:\/\/candas365.es\/noticias\/wp-content\/uploads\/2015\/02\/nieve1-450x527.jpg 450w, https:\/\/candas365.es\/noticias\/wp-content\/uploads\/2015\/02\/nieve1-696x815.jpg 696w, https:\/\/candas365.es\/noticias\/wp-content\/uploads\/2015\/02\/nieve1-359x420.jpg 359w, https:\/\/candas365.es\/noticias\/wp-content\/uploads\/2015\/02\/nieve1.jpg 700w\" sizes=\"(max-width: 256px) 100vw, 256px\" \/>Nuboso o cubierto con lluvias y chubascos casi generalizados, que podr\u00e1n ser localmente fuertes, persistentes y con ocasionales tormenta en Andaluc\u00eda y \u00e1rea del Estrecho, principalmente durante la primera mitad del d\u00eda; tambi\u00e9n podr\u00e1n ser localmente intensos y con granizo en el entorno de Galicia, Cant\u00e1brico y sur de los Pirineos. En general ir\u00e1n remitiendo durante el d\u00eda pero ser\u00e1n algo m\u00e1s persistentes en las proximidades de \u00e1reas monta\u00f1osas. Baja probabilidad de precipitaciones en el valle del Ebro, entornos de la Comunidad Valenciana, de Murcia y sur de Canarias.<\/p>\n<p>Cota de nieve: 900\/1100 bajando a 500\/700 en el tercio noroeste peninsular; 1000\/1200m en el centro y noreste que ir\u00e1n bajando hasta unos 600\/900m y hasta los 800\/1000m en el sureste.<\/p>\n<p>Temperaturas diurnas en aumento en Canarias, Melilla y este de Gerona. En descenso en el resto, m\u00e1s acusado en el noroeste peninsular. Heladas en monta\u00f1as, m\u00e1s intensas en Pirineos.<\/p>\n<p>Vientos del oeste y suroeste rolando a noroeste fuertes o muy fuertes, especialmente en zonas de monta\u00f1a y litorales. En Canarias del norte y noroeste, flojo en general.<\/p>\n","protected":false},"excerpt":{"rendered":"<p>Nuboso o cubierto con lluvias y chubascos casi generalizados, que podr\u00e1n ser localmente fuertes, persistentes y con ocasionales tormenta en Andaluc\u00eda y \u00e1rea del Estrecho, principalmente durante la primera mitad del d\u00eda; tambi\u00e9n podr\u00e1n ser localmente intensos y con granizo en el entorno de Galicia, Cant\u00e1brico y sur de los Pirineos. En general ir\u00e1n remitiendo<\/p>\n","protected":false},"author":1,"featured_media":6669,"comment_status":"closed","ping_status":"closed","sticky":false,"template":"","format":"standard","meta":{"footnotes":""},"categories":[1],"tags":[],"class_list":{"0":"post-115406","1":"post","2":"type-post","3":"status-publish","4":"format-standard","5":"has-post-thumbnail","7":"category-agenda"},"aioseo_notices":[],"aioseo_head":"\n\t\t<!-- All in One SEO Pro 4.9.6.2 - aioseo.com -->\n\t<meta name=\"description\" content=\"Nuboso o cubierto con lluvias y chubascos casi generalizados, que podr\u00e1n ser localmente fuertes, persistentes y con ocasionales tormenta en Andaluc\u00eda y \u00e1rea del Estrecho, principalmente durante la primera mitad del d\u00eda; tambi\u00e9n podr\u00e1n ser localmente intensos y con granizo en el entorno de Galicia, Cant\u00e1brico y sur de los Pirineos. En general ir\u00e1n remitiendo\" \/>\n\t<meta name=\"robots\" content=\"max-image-preview:large\" \/>\n\t<meta name=\"author\" content=\"Cand\u00e1s 365\"\/>\n\t<meta name=\"google-site-verification\" content=\"UA-32230408-1\" \/>\n\t<meta name=\"msvalidate.01\" content=\"354F3CDFB2DA171B47FBE9ABF1F88D5\" \/>\n\t<meta name=\"keywords\" content=\"agenda\" \/>\n\t<link rel=\"canonical\" href=\"https:\/\/candas365.es\/noticias\/el-tiempo-viernes-dia-1-de-febrero-de-2019\/\" \/>\n\t<meta name=\"generator\" content=\"All in One SEO Pro (AIOSEO) 4.9.6.2\" \/>\n\t\t<meta property=\"og:locale\" content=\"es_ES\" \/>\n\t\t<meta property=\"og:site_name\" content=\"Cand\u00e1s 365\" \/>\n\t\t<meta property=\"og:type\" content=\"article\" \/>\n\t\t<meta property=\"og:title\" content=\"El tiempo, viernes d\u00eda 1 de febrero de 2019 | Cand\u00e1s 365\" \/>\n\t\t<meta property=\"og:description\" content=\"Nuboso o cubierto con lluvias y chubascos casi generalizados, que podr\u00e1n ser localmente fuertes, persistentes y con ocasionales tormenta en Andaluc\u00eda y \u00e1rea del Estrecho, principalmente durante la primera mitad del d\u00eda; tambi\u00e9n podr\u00e1n ser localmente intensos y con granizo en el entorno de Galicia, Cant\u00e1brico y sur de los Pirineos. En general ir\u00e1n remitiendo\" \/>\n\t\t<meta property=\"og:url\" content=\"https:\/\/candas365.es\/noticias\/el-tiempo-viernes-dia-1-de-febrero-de-2019\/\" \/>\n\t\t<meta property=\"og:image\" content=\"https:\/\/candas365.es\/noticias\/wp-content\/uploads\/2015\/02\/nieve1.jpg\" \/>\n\t\t<meta property=\"og:image:secure_url\" content=\"https:\/\/candas365.es\/noticias\/wp-content\/uploads\/2015\/02\/nieve1.jpg\" \/>\n\t\t<meta property=\"og:image:width\" content=\"700\" \/>\n\t\t<meta property=\"og:image:height\" content=\"820\" \/>\n\t\t<meta property=\"article:published_time\" content=\"2019-02-01T20:36:11+00:00\" \/>\n\t\t<meta property=\"article:modified_time\" content=\"2019-02-01T20:36:11+00:00\" \/>\n\t\t<meta property=\"article:publisher\" content=\"https:\/\/www.facebook.com\/Nachofdezber\" \/>\n\t\t<meta property=\"article:author\" content=\"https:\/\/www.facebook.com\/carrenoactualidad\" \/>\n\t\t<meta name=\"twitter:card\" content=\"summary_large_image\" \/>\n\t\t<meta name=\"twitter:site\" content=\"@NabercoDigital\" \/>\n\t\t<meta name=\"twitter:title\" content=\"El tiempo, viernes d\u00eda 1 de febrero de 2019 | Cand\u00e1s 365\" \/>\n\t\t<meta name=\"twitter:description\" content=\"Nuboso o cubierto con lluvias y chubascos casi generalizados, que podr\u00e1n ser localmente fuertes, persistentes y con ocasionales tormenta en Andaluc\u00eda y \u00e1rea del Estrecho, principalmente durante la primera mitad del d\u00eda; tambi\u00e9n podr\u00e1n ser localmente intensos y con granizo en el entorno de Galicia, Cant\u00e1brico y sur de los Pirineos. En general ir\u00e1n remitiendo\" \/>\n\t\t<meta name=\"twitter:creator\" content=\"@nbasturias\" \/>\n\t\t<meta name=\"twitter:image\" content=\"https:\/\/candas365.es\/noticias\/wp-content\/uploads\/2015\/02\/nieve1.jpg\" \/>\n\t\t<meta name=\"twitter:label1\" content=\"Escrito por\" \/>\n\t\t<meta name=\"twitter:data1\" content=\"Cand\u00e1s 365\" \/>\n\t\t<meta name=\"twitter:label2\" content=\"Tiempo de lectura estimado\" \/>\n\t\t<meta name=\"twitter:data2\" content=\"1 minuto\" \/>\n\t\t<script type=\"application\/ld+json\" class=\"aioseo-schema\">\n\t\t\t{\"@context\":\"https:\\\/\\\/schema.org\",\"@graph\":[{\"@type\":\"BreadcrumbList\",\"@id\":\"https:\\\/\\\/candas365.es\\\/noticias\\\/el-tiempo-viernes-dia-1-de-febrero-de-2019\\\/#breadcrumblist\",\"itemListElement\":[{\"@type\":\"ListItem\",\"@id\":\"https:\\\/\\\/candas365.es\\\/noticias#listItem\",\"position\":1,\"name\":\"Home\",\"item\":\"https:\\\/\\\/candas365.es\\\/noticias\",\"nextItem\":{\"@type\":\"ListItem\",\"@id\":\"https:\\\/\\\/candas365.es\\\/noticias\\\/category\\\/agenda\\\/#listItem\",\"name\":\"Agenda\"}},{\"@type\":\"ListItem\",\"@id\":\"https:\\\/\\\/candas365.es\\\/noticias\\\/category\\\/agenda\\\/#listItem\",\"position\":2,\"name\":\"Agenda\",\"item\":\"https:\\\/\\\/candas365.es\\\/noticias\\\/category\\\/agenda\\\/\",\"nextItem\":{\"@type\":\"ListItem\",\"@id\":\"https:\\\/\\\/candas365.es\\\/noticias\\\/el-tiempo-viernes-dia-1-de-febrero-de-2019\\\/#listItem\",\"name\":\"El tiempo, viernes d\\u00eda 1 de febrero de 2019\"},\"previousItem\":{\"@type\":\"ListItem\",\"@id\":\"https:\\\/\\\/candas365.es\\\/noticias#listItem\",\"name\":\"Home\"}},{\"@type\":\"ListItem\",\"@id\":\"https:\\\/\\\/candas365.es\\\/noticias\\\/el-tiempo-viernes-dia-1-de-febrero-de-2019\\\/#listItem\",\"position\":3,\"name\":\"El tiempo, viernes d\\u00eda 1 de febrero de 2019\",\"previousItem\":{\"@type\":\"ListItem\",\"@id\":\"https:\\\/\\\/candas365.es\\\/noticias\\\/category\\\/agenda\\\/#listItem\",\"name\":\"Agenda\"}}]},{\"@type\":\"NewsArticle\",\"@id\":\"https:\\\/\\\/candas365.es\\\/noticias\\\/el-tiempo-viernes-dia-1-de-febrero-de-2019\\\/#newsarticle\",\"name\":\"El tiempo, viernes d\\u00eda 1 de febrero de 2019 | Cand\\u00e1s 365\",\"headline\":\"El tiempo, viernes d\\u00eda 1 de febrero de 2019\",\"author\":{\"@id\":\"https:\\\/\\\/candas365.es\\\/noticias\\\/author\\\/admin\\\/#author\"},\"publisher\":{\"@id\":\"https:\\\/\\\/candas365.es\\\/noticias\\\/#organization\"},\"image\":{\"@type\":\"ImageObject\",\"url\":\"https:\\\/\\\/candas365.es\\\/noticias\\\/wp-content\\\/uploads\\\/2015\\\/02\\\/nieve1.jpg\",\"width\":700,\"height\":820},\"datePublished\":\"2019-02-01T20:36:11+01:00\",\"dateModified\":\"2019-02-01T20:36:11+01:00\",\"inLanguage\":\"es-ES\",\"mainEntityOfPage\":{\"@id\":\"https:\\\/\\\/candas365.es\\\/noticias\\\/el-tiempo-viernes-dia-1-de-febrero-de-2019\\\/#webpage\"},\"isPartOf\":{\"@id\":\"https:\\\/\\\/candas365.es\\\/noticias\\\/el-tiempo-viernes-dia-1-de-febrero-de-2019\\\/#webpage\"},\"articleSection\":\"Agenda\",\"dateline\":\"Publicado el febrero 1, 2019.\"},{\"@type\":\"Organization\",\"@id\":\"https:\\\/\\\/candas365.es\\\/noticias\\\/#organization\",\"name\":\"Cand\\u00e1s 365\",\"description\":\"Cand\\u00e1s 365 es un diario digital independiente, fundado en 2012, con base en Asturias. Informamos con rigor sobre actualidad, sociedad, cultura y ocio, con una mirada local y global.\",\"url\":\"https:\\\/\\\/candas365.es\\\/noticias\\\/\",\"email\":\"info@candas365.es\",\"telephone\":\"+34652131393\",\"foundingDate\":\"2012-06-10\",\"logo\":{\"@type\":\"ImageObject\",\"url\":\"https:\\\/\\\/candas365.es\\\/noticias\\\/wp-content\\\/uploads\\\/2024\\\/09\\\/Candas-365-Redes.jpg\",\"@id\":\"https:\\\/\\\/candas365.es\\\/noticias\\\/el-tiempo-viernes-dia-1-de-febrero-de-2019\\\/#organizationLogo\",\"width\":1152,\"height\":864,\"caption\":\"Cand\\u00e1s 365 Redes\"},\"image\":{\"@id\":\"https:\\\/\\\/candas365.es\\\/noticias\\\/el-tiempo-viernes-dia-1-de-febrero-de-2019\\\/#organizationLogo\"},\"sameAs\":[\"https:\\\/\\\/www.facebook.com\\\/Nachofdezber\",\"https:\\\/\\\/x.com\\\/NabercoDigital\",\"https:\\\/\\\/www.instagram.com\\\/nachofdezber\\\/\",\"https:\\\/\\\/www.youtube.com\\\/channel\\\/UCZP-2wLEB9Rv6erhFmqVnvg\"],\"address\":{\"@id\":\"https:\\\/\\\/candas365.es\\\/noticias\\\/#postaladdress\",\"@type\":\"PostalAddress\",\"streetAddress\":\"san antonio 4, san antonio 4\",\"postalCode\":\"33430\",\"addressLocality\":\"Cand\\u00e1s\",\"addressRegion\":\"Asturias\",\"addressCountry\":\"ES\"}},{\"@type\":\"Person\",\"@id\":\"https:\\\/\\\/candas365.es\\\/noticias\\\/author\\\/admin\\\/#author\",\"url\":\"https:\\\/\\\/candas365.es\\\/noticias\\\/author\\\/admin\\\/\",\"name\":\"Cand\\u00e1s 365\",\"image\":{\"@type\":\"ImageObject\",\"@id\":\"https:\\\/\\\/candas365.es\\\/noticias\\\/el-tiempo-viernes-dia-1-de-febrero-de-2019\\\/#authorImage\",\"url\":\"https:\\\/\\\/secure.gravatar.com\\\/avatar\\\/496a8e03d0c493ede1718b7934145dbdf8d89be1036b0eec9544e1094c9de390?s=96&d=mm&r=g\",\"width\":96,\"height\":96,\"caption\":\"Cand\\u00e1s 365\"},\"sameAs\":[\"https:\\\/\\\/www.facebook.com\\\/carrenoactualidad\",\"https:\\\/\\\/twitter.com\\\/nbasturias\",\"https:\\\/\\\/www.instagram.com\\\/nachofdezber\\\/\",\"https:\\\/\\\/www.youtube.com\\\/channel\\\/UCZP-2wLEB9Rv6erhFmqVnvg\"]},{\"@type\":\"WebPage\",\"@id\":\"https:\\\/\\\/candas365.es\\\/noticias\\\/el-tiempo-viernes-dia-1-de-febrero-de-2019\\\/#webpage\",\"url\":\"https:\\\/\\\/candas365.es\\\/noticias\\\/el-tiempo-viernes-dia-1-de-febrero-de-2019\\\/\",\"name\":\"El tiempo, viernes d\\u00eda 1 de febrero de 2019 | Cand\\u00e1s 365\",\"description\":\"Nuboso o cubierto con lluvias y chubascos casi generalizados, que podr\\u00e1n ser localmente fuertes, persistentes y con ocasionales tormenta en Andaluc\\u00eda y \\u00e1rea del Estrecho, principalmente durante la primera mitad del d\\u00eda; tambi\\u00e9n podr\\u00e1n ser localmente intensos y con granizo en el entorno de Galicia, Cant\\u00e1brico y sur de los Pirineos. En general ir\\u00e1n remitiendo\",\"inLanguage\":\"es-ES\",\"isPartOf\":{\"@id\":\"https:\\\/\\\/candas365.es\\\/noticias\\\/#website\"},\"breadcrumb\":{\"@id\":\"https:\\\/\\\/candas365.es\\\/noticias\\\/el-tiempo-viernes-dia-1-de-febrero-de-2019\\\/#breadcrumblist\"},\"author\":{\"@id\":\"https:\\\/\\\/candas365.es\\\/noticias\\\/author\\\/admin\\\/#author\"},\"creator\":{\"@id\":\"https:\\\/\\\/candas365.es\\\/noticias\\\/author\\\/admin\\\/#author\"},\"image\":{\"@type\":\"ImageObject\",\"url\":\"https:\\\/\\\/candas365.es\\\/noticias\\\/wp-content\\\/uploads\\\/2015\\\/02\\\/nieve1.jpg\",\"@id\":\"https:\\\/\\\/candas365.es\\\/noticias\\\/el-tiempo-viernes-dia-1-de-febrero-de-2019\\\/#mainImage\",\"width\":700,\"height\":820},\"primaryImageOfPage\":{\"@id\":\"https:\\\/\\\/candas365.es\\\/noticias\\\/el-tiempo-viernes-dia-1-de-febrero-de-2019\\\/#mainImage\"},\"datePublished\":\"2019-02-01T20:36:11+01:00\",\"dateModified\":\"2019-02-01T20:36:11+01:00\"},{\"@type\":\"WebSite\",\"@id\":\"https:\\\/\\\/candas365.es\\\/noticias\\\/#website\",\"url\":\"https:\\\/\\\/candas365.es\\\/noticias\\\/\",\"name\":\"Cand\\u00e1s 365\",\"alternateName\":\"Cand\\u00e1s 365 Noticias\",\"description\":\"Actualidad desde Carre\\u00f1o para el mundo\",\"inLanguage\":\"es-ES\",\"publisher\":{\"@id\":\"https:\\\/\\\/candas365.es\\\/noticias\\\/#organization\"}}]}\n\t\t<\/script>\n\t\t<!-- All in One SEO Pro -->\r\n\t\t<title>El tiempo, viernes d\u00eda 1 de febrero de 2019 | Cand\u00e1s 365<\/title>\n\n","aioseo_head_json":{"title":"El tiempo, viernes d\u00eda 1 de febrero de 2019 | Cand\u00e1s 365","description":"Nuboso o cubierto con lluvias y chubascos casi generalizados, que podr\u00e1n ser localmente fuertes, persistentes y con ocasionales tormenta en Andaluc\u00eda y \u00e1rea del Estrecho, principalmente durante la primera mitad del d\u00eda; tambi\u00e9n podr\u00e1n ser localmente intensos y con granizo en el entorno de Galicia, Cant\u00e1brico y sur de los Pirineos. En general ir\u00e1n remitiendo","canonical_url":"https:\/\/candas365.es\/noticias\/el-tiempo-viernes-dia-1-de-febrero-de-2019\/","robots":"max-image-preview:large","keywords":"agenda","webmasterTools":{"google-site-verification":"UA-32230408-1","msvalidate.01":"354F3CDFB2DA171B47FBE9ABF1F88D5","miscellaneous":""},"schema":{"@context":"https:\/\/schema.org","@graph":[{"@type":"BreadcrumbList","@id":"https:\/\/candas365.es\/noticias\/el-tiempo-viernes-dia-1-de-febrero-de-2019\/#breadcrumblist","itemListElement":[{"@type":"ListItem","@id":"https:\/\/candas365.es\/noticias#listItem","position":1,"name":"Home","item":"https:\/\/candas365.es\/noticias","nextItem":{"@type":"ListItem","@id":"https:\/\/candas365.es\/noticias\/category\/agenda\/#listItem","name":"Agenda"}},{"@type":"ListItem","@id":"https:\/\/candas365.es\/noticias\/category\/agenda\/#listItem","position":2,"name":"Agenda","item":"https:\/\/candas365.es\/noticias\/category\/agenda\/","nextItem":{"@type":"ListItem","@id":"https:\/\/candas365.es\/noticias\/el-tiempo-viernes-dia-1-de-febrero-de-2019\/#listItem","name":"El tiempo, viernes d\u00eda 1 de febrero de 2019"},"previousItem":{"@type":"ListItem","@id":"https:\/\/candas365.es\/noticias#listItem","name":"Home"}},{"@type":"ListItem","@id":"https:\/\/candas365.es\/noticias\/el-tiempo-viernes-dia-1-de-febrero-de-2019\/#listItem","position":3,"name":"El tiempo, viernes d\u00eda 1 de febrero de 2019","previousItem":{"@type":"ListItem","@id":"https:\/\/candas365.es\/noticias\/category\/agenda\/#listItem","name":"Agenda"}}]},{"@type":"NewsArticle","@id":"https:\/\/candas365.es\/noticias\/el-tiempo-viernes-dia-1-de-febrero-de-2019\/#newsarticle","name":"El tiempo, viernes d\u00eda 1 de febrero de 2019 | Cand\u00e1s 365","headline":"El tiempo, viernes d\u00eda 1 de febrero de 2019","author":{"@id":"https:\/\/candas365.es\/noticias\/author\/admin\/#author"},"publisher":{"@id":"https:\/\/candas365.es\/noticias\/#organization"},"image":{"@type":"ImageObject","url":"https:\/\/candas365.es\/noticias\/wp-content\/uploads\/2015\/02\/nieve1.jpg","width":700,"height":820},"datePublished":"2019-02-01T20:36:11+01:00","dateModified":"2019-02-01T20:36:11+01:00","inLanguage":"es-ES","mainEntityOfPage":{"@id":"https:\/\/candas365.es\/noticias\/el-tiempo-viernes-dia-1-de-febrero-de-2019\/#webpage"},"isPartOf":{"@id":"https:\/\/candas365.es\/noticias\/el-tiempo-viernes-dia-1-de-febrero-de-2019\/#webpage"},"articleSection":"Agenda","dateline":"Publicado el febrero 1, 2019."},{"@type":"Organization","@id":"https:\/\/candas365.es\/noticias\/#organization","name":"Cand\u00e1s 365","description":"Cand\u00e1s 365 es un diario digital independiente, fundado en 2012, con base en Asturias. Informamos con rigor sobre actualidad, sociedad, cultura y ocio, con una mirada local y global.","url":"https:\/\/candas365.es\/noticias\/","email":"info@candas365.es","telephone":"+34652131393","foundingDate":"2012-06-10","logo":{"@type":"ImageObject","url":"https:\/\/candas365.es\/noticias\/wp-content\/uploads\/2024\/09\/Candas-365-Redes.jpg","@id":"https:\/\/candas365.es\/noticias\/el-tiempo-viernes-dia-1-de-febrero-de-2019\/#organizationLogo","width":1152,"height":864,"caption":"Cand\u00e1s 365 Redes"},"image":{"@id":"https:\/\/candas365.es\/noticias\/el-tiempo-viernes-dia-1-de-febrero-de-2019\/#organizationLogo"},"sameAs":["https:\/\/www.facebook.com\/Nachofdezber","https:\/\/x.com\/NabercoDigital","https:\/\/www.instagram.com\/nachofdezber\/","https:\/\/www.youtube.com\/channel\/UCZP-2wLEB9Rv6erhFmqVnvg"],"address":{"@id":"https:\/\/candas365.es\/noticias\/#postaladdress","@type":"PostalAddress","streetAddress":"san antonio 4, san antonio 4","postalCode":"33430","addressLocality":"Cand\u00e1s","addressRegion":"Asturias","addressCountry":"ES"}},{"@type":"Person","@id":"https:\/\/candas365.es\/noticias\/author\/admin\/#author","url":"https:\/\/candas365.es\/noticias\/author\/admin\/","name":"Cand\u00e1s 365","image":{"@type":"ImageObject","@id":"https:\/\/candas365.es\/noticias\/el-tiempo-viernes-dia-1-de-febrero-de-2019\/#authorImage","url":"https:\/\/secure.gravatar.com\/avatar\/496a8e03d0c493ede1718b7934145dbdf8d89be1036b0eec9544e1094c9de390?s=96&d=mm&r=g","width":96,"height":96,"caption":"Cand\u00e1s 365"},"sameAs":["https:\/\/www.facebook.com\/carrenoactualidad","https:\/\/twitter.com\/nbasturias","https:\/\/www.instagram.com\/nachofdezber\/","https:\/\/www.youtube.com\/channel\/UCZP-2wLEB9Rv6erhFmqVnvg"]},{"@type":"WebPage","@id":"https:\/\/candas365.es\/noticias\/el-tiempo-viernes-dia-1-de-febrero-de-2019\/#webpage","url":"https:\/\/candas365.es\/noticias\/el-tiempo-viernes-dia-1-de-febrero-de-2019\/","name":"El tiempo, viernes d\u00eda 1 de febrero de 2019 | Cand\u00e1s 365","description":"Nuboso o cubierto con lluvias y chubascos casi generalizados, que podr\u00e1n ser localmente fuertes, persistentes y con ocasionales tormenta en Andaluc\u00eda y \u00e1rea del Estrecho, principalmente durante la primera mitad del d\u00eda; tambi\u00e9n podr\u00e1n ser localmente intensos y con granizo en el entorno de Galicia, Cant\u00e1brico y sur de los Pirineos. En general ir\u00e1n remitiendo","inLanguage":"es-ES","isPartOf":{"@id":"https:\/\/candas365.es\/noticias\/#website"},"breadcrumb":{"@id":"https:\/\/candas365.es\/noticias\/el-tiempo-viernes-dia-1-de-febrero-de-2019\/#breadcrumblist"},"author":{"@id":"https:\/\/candas365.es\/noticias\/author\/admin\/#author"},"creator":{"@id":"https:\/\/candas365.es\/noticias\/author\/admin\/#author"},"image":{"@type":"ImageObject","url":"https:\/\/candas365.es\/noticias\/wp-content\/uploads\/2015\/02\/nieve1.jpg","@id":"https:\/\/candas365.es\/noticias\/el-tiempo-viernes-dia-1-de-febrero-de-2019\/#mainImage","width":700,"height":820},"primaryImageOfPage":{"@id":"https:\/\/candas365.es\/noticias\/el-tiempo-viernes-dia-1-de-febrero-de-2019\/#mainImage"},"datePublished":"2019-02-01T20:36:11+01:00","dateModified":"2019-02-01T20:36:11+01:00"},{"@type":"WebSite","@id":"https:\/\/candas365.es\/noticias\/#website","url":"https:\/\/candas365.es\/noticias\/","name":"Cand\u00e1s 365","alternateName":"Cand\u00e1s 365 Noticias","description":"Actualidad desde Carre\u00f1o para el mundo","inLanguage":"es-ES","publisher":{"@id":"https:\/\/candas365.es\/noticias\/#organization"}}]},"og:locale":"es_ES","og:site_name":"Cand\u00e1s 365","og:type":"article","og:title":"El tiempo, viernes d\u00eda 1 de febrero de 2019 | Cand\u00e1s 365","og:description":"Nuboso o cubierto con lluvias y chubascos casi generalizados, que podr\u00e1n ser localmente fuertes, persistentes y con ocasionales tormenta en Andaluc\u00eda y \u00e1rea del Estrecho, principalmente durante la primera mitad del d\u00eda; tambi\u00e9n podr\u00e1n ser localmente intensos y con granizo en el entorno de Galicia, Cant\u00e1brico y sur de los Pirineos. En general ir\u00e1n remitiendo","og:url":"https:\/\/candas365.es\/noticias\/el-tiempo-viernes-dia-1-de-febrero-de-2019\/","og:image":"https:\/\/candas365.es\/noticias\/wp-content\/uploads\/2015\/02\/nieve1.jpg","og:image:secure_url":"https:\/\/candas365.es\/noticias\/wp-content\/uploads\/2015\/02\/nieve1.jpg","og:image:width":700,"og:image:height":820,"article:published_time":"2019-02-01T20:36:11+00:00","article:modified_time":"2019-02-01T20:36:11+00:00","article:publisher":"https:\/\/www.facebook.com\/Nachofdezber","article:author":"https:\/\/www.facebook.com\/carrenoactualidad","twitter:card":"summary_large_image","twitter:site":"@NabercoDigital","twitter:title":"El tiempo, viernes d\u00eda 1 de febrero de 2019 | Cand\u00e1s 365","twitter:description":"Nuboso o cubierto con lluvias y chubascos casi generalizados, que podr\u00e1n ser localmente fuertes, persistentes y con ocasionales tormenta en Andaluc\u00eda y \u00e1rea del Estrecho, principalmente durante la primera mitad del d\u00eda; tambi\u00e9n podr\u00e1n ser localmente intensos y con granizo en el entorno de Galicia, Cant\u00e1brico y sur de los Pirineos. En general ir\u00e1n remitiendo","twitter:creator":"@nbasturias","twitter:image":"https:\/\/candas365.es\/noticias\/wp-content\/uploads\/2015\/02\/nieve1.jpg","twitter:label1":"Escrito por","twitter:data1":"Cand\u00e1s 365","twitter:label2":"Tiempo de lectura estimado","twitter:data2":"1 minuto"},"aioseo_meta_data":{"post_id":"115406","title":null,"description":null,"keywords":null,"keyphrases":null,"primary_term":null,"canonical_url":null,"og_title":null,"og_description":null,"og_object_type":"default","og_image_type":"default","og_image_url":null,"og_image_width":null,"og_image_height":null,"og_image_custom_url":null,"og_image_custom_fields":null,"og_video":null,"og_custom_url":null,"og_article_section":null,"og_article_tags":null,"twitter_use_og":false,"twitter_card":"default","twitter_image_type":"default","twitter_image_url":null,"twitter_image_custom_url":null,"twitter_image_custom_fields":null,"twitter_title":null,"twitter_description":null,"schema":{"blockGraphs":[],"customGraphs":[],"default":{"data":{"Article":[],"Course":[],"Dataset":[],"FAQPage":[],"Movie":[],"Person":[],"Product":[],"ProductReview":[],"Car":[],"Recipe":[],"Service":[],"SoftwareApplication":[],"WebPage":[]},"graphName":"","isEnabled":true},"graphs":[],"defaultGraph":"","defaultPostTypeGraph":""},"schema_type":null,"schema_type_options":null,"pillar_content":false,"robots_default":true,"robots_noindex":false,"robots_noarchive":false,"robots_nosnippet":false,"robots_nofollow":false,"robots_noimageindex":false,"robots_noodp":false,"robots_notranslate":false,"robots_max_snippet":null,"robots_max_videopreview":null,"robots_max_imagepreview":"large","priority":null,"frequency":null,"location":null,"local_seo":null,"seo_analyzer_scan_date":"2025-08-29 03:57:19","breadcrumb_settings":null,"limit_modified_date":false,"reviewed_by":null,"open_ai":null,"ai":null,"created":"2020-12-21 11:17:56","updated":"2025-08-29 03:57:19"},"aioseo_breadcrumb":"<div class=\"aioseo-breadcrumbs\"><span class=\"aioseo-breadcrumb\">\n\t<a href=\"https:\/\/candas365.es\/noticias\" title=\"Home\">Home<\/a>\n<\/span><span class=\"aioseo-breadcrumb-separator\">&ndash;<\/span><span class=\"aioseo-breadcrumb\">\n\t<a href=\"https:\/\/candas365.es\/noticias\/category\/agenda\/\" title=\"Agenda\">Agenda<\/a>\n<\/span><span class=\"aioseo-breadcrumb-separator\">&ndash;<\/span><span class=\"aioseo-breadcrumb\">\n\tEl tiempo, viernes d\u00eda 1 de febrero de 2019\n<\/span><\/div>","aioseo_breadcrumb_json":[{"label":"Home","link":"https:\/\/candas365.es\/noticias"},{"label":"Agenda","link":"https:\/\/candas365.es\/noticias\/category\/agenda\/"},{"label":"El tiempo, viernes d\u00eda 1 de febrero de 2019","link":"https:\/\/candas365.es\/noticias\/el-tiempo-viernes-dia-1-de-febrero-de-2019\/"}],"_links":{"self":[{"href":"https:\/\/candas365.es\/noticias\/wp-json\/wp\/v2\/posts\/115406","targetHints":{"allow":["GET"]}}],"collection":[{"href":"https:\/\/candas365.es\/noticias\/wp-json\/wp\/v2\/posts"}],"about":[{"href":"https:\/\/candas365.es\/noticias\/wp-json\/wp\/v2\/types\/post"}],"author":[{"embeddable":true,"href":"https:\/\/candas365.es\/noticias\/wp-json\/wp\/v2\/users\/1"}],"replies":[{"embeddable":true,"href":"https:\/\/candas365.es\/noticias\/wp-json\/wp\/v2\/comments?post=115406"}],"version-history":[{"count":0,"href":"https:\/\/candas365.es\/noticias\/wp-json\/wp\/v2\/posts\/115406\/revisions"}],"wp:featuredmedia":[{"embeddable":true,"href":"https:\/\/candas365.es\/noticias\/wp-json\/wp\/v2\/media\/6669"}],"wp:attachment":[{"href":"https:\/\/candas365.es\/noticias\/wp-json\/wp\/v2\/media?parent=115406"}],"wp:term":[{"taxonomy":"category","embeddable":true,"href":"https:\/\/candas365.es\/noticias\/wp-json\/wp\/v2\/categories?post=115406"},{"taxonomy":"post_tag","embeddable":true,"href":"https:\/\/candas365.es\/noticias\/wp-json\/wp\/v2\/tags?post=115406"}],"curies":[{"name":"wp","href":"https:\/\/api.w.org\/{rel}","templated":true}]}}