{"id":115340,"date":"2019-01-31T03:43:08","date_gmt":"2019-01-31T03:43:08","guid":{"rendered":"http:\/\/candas365.es\/noticias\/?p=115340"},"modified":"2019-01-31T03:43:08","modified_gmt":"2019-01-31T03:43:08","slug":"la-parroquia-de-pieloro-celebrara-san-blas","status":"publish","type":"post","link":"https:\/\/candas365.es\/noticias\/la-parroquia-de-pieloro-celebrara-san-blas\/","title":{"rendered":"La parroquia de Pieloro celebrar\u00e1 San Blas"},"content":{"rendered":"<p class=\"x_MsoNormal\"><img fetchpriority=\"high\" decoding=\"async\" class=\"alignleft size-medium wp-image-115341\" src=\"https:\/\/candas365.es\/noticias\/wp-content\/uploads\/2019\/01\/DSCN5460-360x195.jpg\" alt=\"\" width=\"360\" height=\"195\" srcset=\"https:\/\/candas365.es\/noticias\/wp-content\/uploads\/2019\/01\/DSCN5460-360x195.jpg 360w, https:\/\/candas365.es\/noticias\/wp-content\/uploads\/2019\/01\/DSCN5460-768x417.jpg 768w, https:\/\/candas365.es\/noticias\/wp-content\/uploads\/2019\/01\/DSCN5460-655x356.jpg 655w, https:\/\/candas365.es\/noticias\/wp-content\/uploads\/2019\/01\/DSCN5460-696x378.jpg 696w, https:\/\/candas365.es\/noticias\/wp-content\/uploads\/2019\/01\/DSCN5460-1068x580.jpg 1068w, https:\/\/candas365.es\/noticias\/wp-content\/uploads\/2019\/01\/DSCN5460-774x420.jpg 774w, https:\/\/candas365.es\/noticias\/wp-content\/uploads\/2019\/01\/DSCN5460.jpg 1280w\" sizes=\"(max-width: 360px) 100vw, 360px\" \/>La parroquia de Pieloro celebrar\u00e1 este domingo, 3 de febrero, la festividad en honor de San Blas.<\/p>\n<p class=\"x_MsoNormal\">Las celebraciones dar\u00e1n comienzo un d\u00eda antes, el s\u00e1bado, en el Centro de Iniciativa Rural de la Parroquia con una representaci\u00f3n teatral que financia el Ayuntamiento de Carre\u00f1o. Continuando el domingo con la celebraci\u00f3n de la Eucarist\u00eda en honor del Santo y presidida por el cura-p\u00e1rroco Jos\u00e9 Manuel Garc\u00eda en la iglesia parroquial de Santa Mar\u00eda. Tras los actos lit\u00fargicos, que tendr\u00e1 lugar a las 13:00 horas, se proceder\u00e1 a la procesi\u00f3n del Santo por los alrededores de la iglesia rom\u00e1nica declarada BIC.<\/p>\n<p class=\"x_MsoNormal\">Un d\u00eda antes, el s\u00e1bado 2, \u00a0el vecindario de la parroquia disfrutar\u00e1 de una tarde de teatro y m\u00fasica con la \u201cXIV Ronda de Teatral\u201d. En esta ocasi\u00f3n el Grupo de Teatro \u201cXana\u201d de Perlora, representar\u00e1 \u201cLos Amores de Ximielga\u201d, mientras que las voces de Luc\u00eda Rodr\u00edguez \u00c1lvarez y Manuel Fern\u00e1ndez Pend\u00e1s ser\u00e1n los encargados de dar el toque musical a la velada.<\/p>\n<p class=\"x_MsoNormal\">El GT \u201cXana\u201d es uno de los grupos de teatro con m\u00e1s solera de Asturias y por supuesto el\u00a0 m\u00e1s antiguo del concejo. Bajo la direcci\u00f3n de Rosana Mu\u00f1oz va a representar la obra de Eladio verde \u201cLos Amores de Ximielga\u201d\u201d. Como no pod\u00eda ser de otra forma es una comedia en la que en una aldea asturiana en las que\u00a0 Ximielga se preocupa por su futuro al ver que se va quedando s\u00f3lo en la casa, por lo que piensa que la mejor opci\u00f3n es buscarse \u201cun amor\u201d, que si encima tiene un poco de dinero ahorrado mejor que mejor.<\/p>\n<p class=\"x_MsoNormal\">\u201cXANA\u201d nace en torno a 1980. Fue la primera compa\u00f1\u00eda, junto con el GT H\u00f3rreo de Barcia, la Compa\u00f1\u00eda Asturiana de Comedias y GT de Tapia de Casariego que participaron en el I Sal\u00f3n de Teatro Costumbrista Asturiano de Cand\u00e1s en el mes de abril de 1991. Han sido premiados en numerosos lugares de Espa\u00f1a, actuando no s\u00f3lo en territorio espa\u00f1ol, si no tambi\u00e9n lejos de nuestras fronteras, como por ejemplo Ginebra, Berna, Basilea.<\/p>\n<p class=\"x_MsoNormal\">En el a\u00f1o 2000 reciben\u00a0 el urogallo de bronce, galard\u00f3n que otorga el Centro Asturiano de Madrid. Mientras que en el 2001 VIII Premio Distinci\u00f3n. Han sido ganadores de varios premios auroras, los \u00faltimos muy recientes, en la edici\u00f3n de 2017, mejor direcci\u00f3n de la mano de Rosana mu\u00f1oz y mejor maquillaje y vestuario. O en a\u00f1os anteriores el de mejor actriz por parte de Covadonga Bra\u00f1a o el de mejor iluminaci\u00f3n y decorado.<\/p>\n<p class=\"x_MsoNormal\">En relaci\u00f3n a la trayectoria de los cantantes de tonada que intervendr\u00e1n. Luc\u00eda Rodr\u00edguez \u00c1lvarez es una adolescente de Cangas de Narcea,\u00a0 que bajo la direcci\u00f3n de Jos\u00e9 Antonio Gonz\u00e1lez \u201cCantu la Vara\u201d es una de las j\u00f3venes promesas de la Canci\u00f3n Asturiana. Ha participado en los cert\u00e1menes y festivales que se celebran por toda Asturias en la categor\u00eda de menores de 18 o 16 a\u00f1os.\u00a0 Cosechando grandes ovaciones y aplausos. As\u00ed Luc\u00eda, por ejemplo, se alz\u00f3 con el primer puesto en la categor\u00eda de menores de 16 a\u00f1os en el XXXVII Concurso de la Canci\u00f3n Asturiana celebrado\u00a0 en Gij\u00f3n. El caso de Manuel Fern\u00e1ndez Pend\u00e1s, de Goz\u00f3n, es similar al de Rodr\u00edguez \u00c1lvarez. Tambi\u00e9n participado en los cert\u00e1menes y festivales que se celebran por toda Asturias pero\u00a0 en la categor\u00eda voz masculina absoluta. Tanto Luc\u00eda como Manuel pertenecen a la Asociaci\u00f3n Cultural Narcea. Y estar\u00e1n acompa\u00f1ados a la gaita por el gaitero Ram\u00f3n Garc\u00eda.<\/p>\n<p class=\"x_MsoNormal\">La funci\u00f3n tendr\u00e1 lugar a las 19:00 horas del s\u00e1bado 2 de febrero en el Centro de Iniciativa Rural, siendo la entrada libre y gratuita, hasta completar aforo.<\/p>\n<p class=\"x_MsoNormal\">Mientras que la siguiente tarde de teatro tendr\u00e1 lugar en la parroquia de Prevera el 16 de marzo en el C.I.R. a las 19:00 horas con la actuaci\u00f3n del Grupo de Teatro \u201cEl H\u00f3rreo\u201d de Barcia-Vald\u00e9s con la representaci\u00f3n de \u201cSuperp\u00edn\u201d y los mon\u00f3logos de Jos\u00e9 Mar\u00eda Montes Presa \u201cChema Fonsagr\u00e1\u201d<\/p>\n","protected":false},"excerpt":{"rendered":"<p>La parroquia de Pieloro celebrar\u00e1 este domingo, 3 de febrero, la festividad en honor de San Blas. Las celebraciones dar\u00e1n comienzo un d\u00eda antes, el s\u00e1bado, en el Centro de Iniciativa Rural de la Parroquia con una representaci\u00f3n teatral que financia el Ayuntamiento de Carre\u00f1o. Continuando el domingo con la celebraci\u00f3n de la Eucarist\u00eda en<\/p>\n","protected":false},"author":1,"featured_media":115341,"comment_status":"closed","ping_status":"closed","sticky":false,"template":"","format":"standard","meta":{"footnotes":""},"categories":[2],"tags":[],"class_list":{"0":"post-115340","1":"post","2":"type-post","3":"status-publish","4":"format-standard","5":"has-post-thumbnail","7":"category-noticias-carreno"},"aioseo_notices":[],"aioseo_head":"\n\t\t<!-- All in One SEO Pro 4.9.6.2 - aioseo.com -->\n\t<meta name=\"description\" content=\"La parroquia de Pieloro celebrar\u00e1 este domingo, 3 de febrero, la festividad en honor de San Blas. Las celebraciones dar\u00e1n comienzo un d\u00eda antes, el s\u00e1bado, en el Centro de Iniciativa Rural de la Parroquia con una representaci\u00f3n teatral que financia el Ayuntamiento de Carre\u00f1o. Continuando el domingo con la celebraci\u00f3n de la Eucarist\u00eda en\" \/>\n\t<meta name=\"robots\" content=\"max-image-preview:large\" \/>\n\t<meta name=\"author\" content=\"Cand\u00e1s 365\"\/>\n\t<meta name=\"google-site-verification\" content=\"UA-32230408-1\" \/>\n\t<meta name=\"msvalidate.01\" content=\"354F3CDFB2DA171B47FBE9ABF1F88D5\" \/>\n\t<meta name=\"keywords\" content=\"noticias carre\u00f1o\" \/>\n\t<link rel=\"canonical\" href=\"https:\/\/candas365.es\/noticias\/la-parroquia-de-pieloro-celebrara-san-blas\/\" \/>\n\t<meta name=\"generator\" content=\"All in One SEO Pro (AIOSEO) 4.9.6.2\" \/>\n\t\t<meta property=\"og:locale\" content=\"es_ES\" \/>\n\t\t<meta property=\"og:site_name\" content=\"Cand\u00e1s 365\" \/>\n\t\t<meta property=\"og:type\" content=\"article\" \/>\n\t\t<meta property=\"og:title\" content=\"La parroquia de Pieloro celebrar\u00e1 San Blas | Cand\u00e1s 365\" \/>\n\t\t<meta property=\"og:description\" content=\"La parroquia de Pieloro celebrar\u00e1 este domingo, 3 de febrero, la festividad en honor de San Blas. Las celebraciones dar\u00e1n comienzo un d\u00eda antes, el s\u00e1bado, en el Centro de Iniciativa Rural de la Parroquia con una representaci\u00f3n teatral que financia el Ayuntamiento de Carre\u00f1o. Continuando el domingo con la celebraci\u00f3n de la Eucarist\u00eda en\" \/>\n\t\t<meta property=\"og:url\" content=\"https:\/\/candas365.es\/noticias\/la-parroquia-de-pieloro-celebrara-san-blas\/\" \/>\n\t\t<meta property=\"og:image\" content=\"https:\/\/candas365.es\/noticias\/wp-content\/uploads\/2019\/01\/DSCN5460.jpg\" \/>\n\t\t<meta property=\"og:image:secure_url\" content=\"https:\/\/candas365.es\/noticias\/wp-content\/uploads\/2019\/01\/DSCN5460.jpg\" \/>\n\t\t<meta property=\"og:image:width\" content=\"1280\" \/>\n\t\t<meta property=\"og:image:height\" content=\"695\" \/>\n\t\t<meta property=\"article:published_time\" content=\"2019-01-31T03:43:08+00:00\" \/>\n\t\t<meta property=\"article:modified_time\" content=\"2019-01-31T03:43:08+00:00\" \/>\n\t\t<meta property=\"article:publisher\" content=\"https:\/\/www.facebook.com\/Nachofdezber\" \/>\n\t\t<meta property=\"article:author\" content=\"https:\/\/www.facebook.com\/carrenoactualidad\" \/>\n\t\t<meta name=\"twitter:card\" content=\"summary_large_image\" \/>\n\t\t<meta name=\"twitter:site\" content=\"@NabercoDigital\" \/>\n\t\t<meta name=\"twitter:title\" content=\"La parroquia de Pieloro celebrar\u00e1 San Blas | Cand\u00e1s 365\" \/>\n\t\t<meta name=\"twitter:description\" content=\"La parroquia de Pieloro celebrar\u00e1 este domingo, 3 de febrero, la festividad en honor de San Blas. Las celebraciones dar\u00e1n comienzo un d\u00eda antes, el s\u00e1bado, en el Centro de Iniciativa Rural de la Parroquia con una representaci\u00f3n teatral que financia el Ayuntamiento de Carre\u00f1o. Continuando el domingo con la celebraci\u00f3n de la Eucarist\u00eda en\" \/>\n\t\t<meta name=\"twitter:creator\" content=\"@nbasturias\" \/>\n\t\t<meta name=\"twitter:image\" content=\"https:\/\/candas365.es\/noticias\/wp-content\/uploads\/2019\/01\/DSCN5460.jpg\" \/>\n\t\t<meta name=\"twitter:label1\" content=\"Escrito por\" \/>\n\t\t<meta name=\"twitter:data1\" content=\"Cand\u00e1s 365\" \/>\n\t\t<meta name=\"twitter:label2\" content=\"Tiempo de lectura estimado\" \/>\n\t\t<meta name=\"twitter:data2\" content=\"4 minutos\" \/>\n\t\t<script type=\"application\/ld+json\" class=\"aioseo-schema\">\n\t\t\t{\"@context\":\"https:\\\/\\\/schema.org\",\"@graph\":[{\"@type\":\"BreadcrumbList\",\"@id\":\"https:\\\/\\\/candas365.es\\\/noticias\\\/la-parroquia-de-pieloro-celebrara-san-blas\\\/#breadcrumblist\",\"itemListElement\":[{\"@type\":\"ListItem\",\"@id\":\"https:\\\/\\\/candas365.es\\\/noticias#listItem\",\"position\":1,\"name\":\"Home\",\"item\":\"https:\\\/\\\/candas365.es\\\/noticias\",\"nextItem\":{\"@type\":\"ListItem\",\"@id\":\"https:\\\/\\\/candas365.es\\\/noticias\\\/category\\\/noticias-carreno\\\/#listItem\",\"name\":\"Noticias Carre\\u00f1o\"}},{\"@type\":\"ListItem\",\"@id\":\"https:\\\/\\\/candas365.es\\\/noticias\\\/category\\\/noticias-carreno\\\/#listItem\",\"position\":2,\"name\":\"Noticias Carre\\u00f1o\",\"item\":\"https:\\\/\\\/candas365.es\\\/noticias\\\/category\\\/noticias-carreno\\\/\",\"nextItem\":{\"@type\":\"ListItem\",\"@id\":\"https:\\\/\\\/candas365.es\\\/noticias\\\/la-parroquia-de-pieloro-celebrara-san-blas\\\/#listItem\",\"name\":\"La parroquia de Pieloro celebrar\\u00e1 San Blas\"},\"previousItem\":{\"@type\":\"ListItem\",\"@id\":\"https:\\\/\\\/candas365.es\\\/noticias#listItem\",\"name\":\"Home\"}},{\"@type\":\"ListItem\",\"@id\":\"https:\\\/\\\/candas365.es\\\/noticias\\\/la-parroquia-de-pieloro-celebrara-san-blas\\\/#listItem\",\"position\":3,\"name\":\"La parroquia de Pieloro celebrar\\u00e1 San Blas\",\"previousItem\":{\"@type\":\"ListItem\",\"@id\":\"https:\\\/\\\/candas365.es\\\/noticias\\\/category\\\/noticias-carreno\\\/#listItem\",\"name\":\"Noticias Carre\\u00f1o\"}}]},{\"@type\":\"NewsArticle\",\"@id\":\"https:\\\/\\\/candas365.es\\\/noticias\\\/la-parroquia-de-pieloro-celebrara-san-blas\\\/#newsarticle\",\"name\":\"La parroquia de Pieloro celebrar\\u00e1 San Blas | Cand\\u00e1s 365\",\"headline\":\"La parroquia de Pieloro celebrar\\u00e1 San Blas\",\"author\":{\"@id\":\"https:\\\/\\\/candas365.es\\\/noticias\\\/author\\\/admin\\\/#author\"},\"publisher\":{\"@id\":\"https:\\\/\\\/candas365.es\\\/noticias\\\/#organization\"},\"image\":{\"@type\":\"ImageObject\",\"url\":\"https:\\\/\\\/candas365.es\\\/noticias\\\/wp-content\\\/uploads\\\/2019\\\/01\\\/DSCN5460.jpg\",\"width\":1280,\"height\":695},\"datePublished\":\"2019-01-31T03:43:08+01:00\",\"dateModified\":\"2019-01-31T03:43:08+01:00\",\"inLanguage\":\"es-ES\",\"mainEntityOfPage\":{\"@id\":\"https:\\\/\\\/candas365.es\\\/noticias\\\/la-parroquia-de-pieloro-celebrara-san-blas\\\/#webpage\"},\"isPartOf\":{\"@id\":\"https:\\\/\\\/candas365.es\\\/noticias\\\/la-parroquia-de-pieloro-celebrara-san-blas\\\/#webpage\"},\"articleSection\":\"Noticias Carre\\u00f1o\",\"dateline\":\"Publicado el enero 31, 2019.\"},{\"@type\":\"Organization\",\"@id\":\"https:\\\/\\\/candas365.es\\\/noticias\\\/#organization\",\"name\":\"Cand\\u00e1s 365\",\"description\":\"Cand\\u00e1s 365 es un diario digital independiente, fundado en 2012, con base en Asturias. Informamos con rigor sobre actualidad, sociedad, cultura y ocio, con una mirada local y global.\",\"url\":\"https:\\\/\\\/candas365.es\\\/noticias\\\/\",\"email\":\"info@candas365.es\",\"telephone\":\"+34652131393\",\"foundingDate\":\"2012-06-10\",\"logo\":{\"@type\":\"ImageObject\",\"url\":\"https:\\\/\\\/candas365.es\\\/noticias\\\/wp-content\\\/uploads\\\/2024\\\/09\\\/Candas-365-Redes.jpg\",\"@id\":\"https:\\\/\\\/candas365.es\\\/noticias\\\/la-parroquia-de-pieloro-celebrara-san-blas\\\/#organizationLogo\",\"width\":1152,\"height\":864,\"caption\":\"Cand\\u00e1s 365 Redes\"},\"image\":{\"@id\":\"https:\\\/\\\/candas365.es\\\/noticias\\\/la-parroquia-de-pieloro-celebrara-san-blas\\\/#organizationLogo\"},\"sameAs\":[\"https:\\\/\\\/www.facebook.com\\\/Nachofdezber\",\"https:\\\/\\\/x.com\\\/NabercoDigital\",\"https:\\\/\\\/www.instagram.com\\\/nachofdezber\\\/\",\"https:\\\/\\\/www.youtube.com\\\/channel\\\/UCZP-2wLEB9Rv6erhFmqVnvg\"],\"address\":{\"@id\":\"https:\\\/\\\/candas365.es\\\/noticias\\\/#postaladdress\",\"@type\":\"PostalAddress\",\"streetAddress\":\"san antonio 4, san antonio 4\",\"postalCode\":\"33430\",\"addressLocality\":\"Cand\\u00e1s\",\"addressRegion\":\"Asturias\",\"addressCountry\":\"ES\"}},{\"@type\":\"Person\",\"@id\":\"https:\\\/\\\/candas365.es\\\/noticias\\\/author\\\/admin\\\/#author\",\"url\":\"https:\\\/\\\/candas365.es\\\/noticias\\\/author\\\/admin\\\/\",\"name\":\"Cand\\u00e1s 365\",\"image\":{\"@type\":\"ImageObject\",\"@id\":\"https:\\\/\\\/candas365.es\\\/noticias\\\/la-parroquia-de-pieloro-celebrara-san-blas\\\/#authorImage\",\"url\":\"https:\\\/\\\/secure.gravatar.com\\\/avatar\\\/496a8e03d0c493ede1718b7934145dbdf8d89be1036b0eec9544e1094c9de390?s=96&d=mm&r=g\",\"width\":96,\"height\":96,\"caption\":\"Cand\\u00e1s 365\"},\"sameAs\":[\"https:\\\/\\\/www.facebook.com\\\/carrenoactualidad\",\"https:\\\/\\\/twitter.com\\\/nbasturias\",\"https:\\\/\\\/www.instagram.com\\\/nachofdezber\\\/\",\"https:\\\/\\\/www.youtube.com\\\/channel\\\/UCZP-2wLEB9Rv6erhFmqVnvg\"]},{\"@type\":\"WebPage\",\"@id\":\"https:\\\/\\\/candas365.es\\\/noticias\\\/la-parroquia-de-pieloro-celebrara-san-blas\\\/#webpage\",\"url\":\"https:\\\/\\\/candas365.es\\\/noticias\\\/la-parroquia-de-pieloro-celebrara-san-blas\\\/\",\"name\":\"La parroquia de Pieloro celebrar\\u00e1 San Blas | Cand\\u00e1s 365\",\"description\":\"La parroquia de Pieloro celebrar\\u00e1 este domingo, 3 de febrero, la festividad en honor de San Blas. Las celebraciones dar\\u00e1n comienzo un d\\u00eda antes, el s\\u00e1bado, en el Centro de Iniciativa Rural de la Parroquia con una representaci\\u00f3n teatral que financia el Ayuntamiento de Carre\\u00f1o. Continuando el domingo con la celebraci\\u00f3n de la Eucarist\\u00eda en\",\"inLanguage\":\"es-ES\",\"isPartOf\":{\"@id\":\"https:\\\/\\\/candas365.es\\\/noticias\\\/#website\"},\"breadcrumb\":{\"@id\":\"https:\\\/\\\/candas365.es\\\/noticias\\\/la-parroquia-de-pieloro-celebrara-san-blas\\\/#breadcrumblist\"},\"author\":{\"@id\":\"https:\\\/\\\/candas365.es\\\/noticias\\\/author\\\/admin\\\/#author\"},\"creator\":{\"@id\":\"https:\\\/\\\/candas365.es\\\/noticias\\\/author\\\/admin\\\/#author\"},\"image\":{\"@type\":\"ImageObject\",\"url\":\"https:\\\/\\\/candas365.es\\\/noticias\\\/wp-content\\\/uploads\\\/2019\\\/01\\\/DSCN5460.jpg\",\"@id\":\"https:\\\/\\\/candas365.es\\\/noticias\\\/la-parroquia-de-pieloro-celebrara-san-blas\\\/#mainImage\",\"width\":1280,\"height\":695},\"primaryImageOfPage\":{\"@id\":\"https:\\\/\\\/candas365.es\\\/noticias\\\/la-parroquia-de-pieloro-celebrara-san-blas\\\/#mainImage\"},\"datePublished\":\"2019-01-31T03:43:08+01:00\",\"dateModified\":\"2019-01-31T03:43:08+01:00\"},{\"@type\":\"WebSite\",\"@id\":\"https:\\\/\\\/candas365.es\\\/noticias\\\/#website\",\"url\":\"https:\\\/\\\/candas365.es\\\/noticias\\\/\",\"name\":\"Cand\\u00e1s 365\",\"alternateName\":\"Cand\\u00e1s 365 Noticias\",\"description\":\"Actualidad desde Carre\\u00f1o para el mundo\",\"inLanguage\":\"es-ES\",\"publisher\":{\"@id\":\"https:\\\/\\\/candas365.es\\\/noticias\\\/#organization\"}}]}\n\t\t<\/script>\n\t\t<!-- All in One SEO Pro -->\r\n\t\t<title>La parroquia de Pieloro celebrar\u00e1 San Blas | Cand\u00e1s 365<\/title>\n\n","aioseo_head_json":{"title":"La parroquia de Pieloro celebrar\u00e1 San Blas | Cand\u00e1s 365","description":"La parroquia de Pieloro celebrar\u00e1 este domingo, 3 de febrero, la festividad en honor de San Blas. Las celebraciones dar\u00e1n comienzo un d\u00eda antes, el s\u00e1bado, en el Centro de Iniciativa Rural de la Parroquia con una representaci\u00f3n teatral que financia el Ayuntamiento de Carre\u00f1o. Continuando el domingo con la celebraci\u00f3n de la Eucarist\u00eda en","canonical_url":"https:\/\/candas365.es\/noticias\/la-parroquia-de-pieloro-celebrara-san-blas\/","robots":"max-image-preview:large","keywords":"noticias carre\u00f1o","webmasterTools":{"google-site-verification":"UA-32230408-1","msvalidate.01":"354F3CDFB2DA171B47FBE9ABF1F88D5","miscellaneous":""},"schema":{"@context":"https:\/\/schema.org","@graph":[{"@type":"BreadcrumbList","@id":"https:\/\/candas365.es\/noticias\/la-parroquia-de-pieloro-celebrara-san-blas\/#breadcrumblist","itemListElement":[{"@type":"ListItem","@id":"https:\/\/candas365.es\/noticias#listItem","position":1,"name":"Home","item":"https:\/\/candas365.es\/noticias","nextItem":{"@type":"ListItem","@id":"https:\/\/candas365.es\/noticias\/category\/noticias-carreno\/#listItem","name":"Noticias Carre\u00f1o"}},{"@type":"ListItem","@id":"https:\/\/candas365.es\/noticias\/category\/noticias-carreno\/#listItem","position":2,"name":"Noticias Carre\u00f1o","item":"https:\/\/candas365.es\/noticias\/category\/noticias-carreno\/","nextItem":{"@type":"ListItem","@id":"https:\/\/candas365.es\/noticias\/la-parroquia-de-pieloro-celebrara-san-blas\/#listItem","name":"La parroquia de Pieloro celebrar\u00e1 San Blas"},"previousItem":{"@type":"ListItem","@id":"https:\/\/candas365.es\/noticias#listItem","name":"Home"}},{"@type":"ListItem","@id":"https:\/\/candas365.es\/noticias\/la-parroquia-de-pieloro-celebrara-san-blas\/#listItem","position":3,"name":"La parroquia de Pieloro celebrar\u00e1 San Blas","previousItem":{"@type":"ListItem","@id":"https:\/\/candas365.es\/noticias\/category\/noticias-carreno\/#listItem","name":"Noticias Carre\u00f1o"}}]},{"@type":"NewsArticle","@id":"https:\/\/candas365.es\/noticias\/la-parroquia-de-pieloro-celebrara-san-blas\/#newsarticle","name":"La parroquia de Pieloro celebrar\u00e1 San Blas | Cand\u00e1s 365","headline":"La parroquia de Pieloro celebrar\u00e1 San Blas","author":{"@id":"https:\/\/candas365.es\/noticias\/author\/admin\/#author"},"publisher":{"@id":"https:\/\/candas365.es\/noticias\/#organization"},"image":{"@type":"ImageObject","url":"https:\/\/candas365.es\/noticias\/wp-content\/uploads\/2019\/01\/DSCN5460.jpg","width":1280,"height":695},"datePublished":"2019-01-31T03:43:08+01:00","dateModified":"2019-01-31T03:43:08+01:00","inLanguage":"es-ES","mainEntityOfPage":{"@id":"https:\/\/candas365.es\/noticias\/la-parroquia-de-pieloro-celebrara-san-blas\/#webpage"},"isPartOf":{"@id":"https:\/\/candas365.es\/noticias\/la-parroquia-de-pieloro-celebrara-san-blas\/#webpage"},"articleSection":"Noticias Carre\u00f1o","dateline":"Publicado el enero 31, 2019."},{"@type":"Organization","@id":"https:\/\/candas365.es\/noticias\/#organization","name":"Cand\u00e1s 365","description":"Cand\u00e1s 365 es un diario digital independiente, fundado en 2012, con base en Asturias. Informamos con rigor sobre actualidad, sociedad, cultura y ocio, con una mirada local y global.","url":"https:\/\/candas365.es\/noticias\/","email":"info@candas365.es","telephone":"+34652131393","foundingDate":"2012-06-10","logo":{"@type":"ImageObject","url":"https:\/\/candas365.es\/noticias\/wp-content\/uploads\/2024\/09\/Candas-365-Redes.jpg","@id":"https:\/\/candas365.es\/noticias\/la-parroquia-de-pieloro-celebrara-san-blas\/#organizationLogo","width":1152,"height":864,"caption":"Cand\u00e1s 365 Redes"},"image":{"@id":"https:\/\/candas365.es\/noticias\/la-parroquia-de-pieloro-celebrara-san-blas\/#organizationLogo"},"sameAs":["https:\/\/www.facebook.com\/Nachofdezber","https:\/\/x.com\/NabercoDigital","https:\/\/www.instagram.com\/nachofdezber\/","https:\/\/www.youtube.com\/channel\/UCZP-2wLEB9Rv6erhFmqVnvg"],"address":{"@id":"https:\/\/candas365.es\/noticias\/#postaladdress","@type":"PostalAddress","streetAddress":"san antonio 4, san antonio 4","postalCode":"33430","addressLocality":"Cand\u00e1s","addressRegion":"Asturias","addressCountry":"ES"}},{"@type":"Person","@id":"https:\/\/candas365.es\/noticias\/author\/admin\/#author","url":"https:\/\/candas365.es\/noticias\/author\/admin\/","name":"Cand\u00e1s 365","image":{"@type":"ImageObject","@id":"https:\/\/candas365.es\/noticias\/la-parroquia-de-pieloro-celebrara-san-blas\/#authorImage","url":"https:\/\/secure.gravatar.com\/avatar\/496a8e03d0c493ede1718b7934145dbdf8d89be1036b0eec9544e1094c9de390?s=96&d=mm&r=g","width":96,"height":96,"caption":"Cand\u00e1s 365"},"sameAs":["https:\/\/www.facebook.com\/carrenoactualidad","https:\/\/twitter.com\/nbasturias","https:\/\/www.instagram.com\/nachofdezber\/","https:\/\/www.youtube.com\/channel\/UCZP-2wLEB9Rv6erhFmqVnvg"]},{"@type":"WebPage","@id":"https:\/\/candas365.es\/noticias\/la-parroquia-de-pieloro-celebrara-san-blas\/#webpage","url":"https:\/\/candas365.es\/noticias\/la-parroquia-de-pieloro-celebrara-san-blas\/","name":"La parroquia de Pieloro celebrar\u00e1 San Blas | Cand\u00e1s 365","description":"La parroquia de Pieloro celebrar\u00e1 este domingo, 3 de febrero, la festividad en honor de San Blas. Las celebraciones dar\u00e1n comienzo un d\u00eda antes, el s\u00e1bado, en el Centro de Iniciativa Rural de la Parroquia con una representaci\u00f3n teatral que financia el Ayuntamiento de Carre\u00f1o. Continuando el domingo con la celebraci\u00f3n de la Eucarist\u00eda en","inLanguage":"es-ES","isPartOf":{"@id":"https:\/\/candas365.es\/noticias\/#website"},"breadcrumb":{"@id":"https:\/\/candas365.es\/noticias\/la-parroquia-de-pieloro-celebrara-san-blas\/#breadcrumblist"},"author":{"@id":"https:\/\/candas365.es\/noticias\/author\/admin\/#author"},"creator":{"@id":"https:\/\/candas365.es\/noticias\/author\/admin\/#author"},"image":{"@type":"ImageObject","url":"https:\/\/candas365.es\/noticias\/wp-content\/uploads\/2019\/01\/DSCN5460.jpg","@id":"https:\/\/candas365.es\/noticias\/la-parroquia-de-pieloro-celebrara-san-blas\/#mainImage","width":1280,"height":695},"primaryImageOfPage":{"@id":"https:\/\/candas365.es\/noticias\/la-parroquia-de-pieloro-celebrara-san-blas\/#mainImage"},"datePublished":"2019-01-31T03:43:08+01:00","dateModified":"2019-01-31T03:43:08+01:00"},{"@type":"WebSite","@id":"https:\/\/candas365.es\/noticias\/#website","url":"https:\/\/candas365.es\/noticias\/","name":"Cand\u00e1s 365","alternateName":"Cand\u00e1s 365 Noticias","description":"Actualidad desde Carre\u00f1o para el mundo","inLanguage":"es-ES","publisher":{"@id":"https:\/\/candas365.es\/noticias\/#organization"}}]},"og:locale":"es_ES","og:site_name":"Cand\u00e1s 365","og:type":"article","og:title":"La parroquia de Pieloro celebrar\u00e1 San Blas | Cand\u00e1s 365","og:description":"La parroquia de Pieloro celebrar\u00e1 este domingo, 3 de febrero, la festividad en honor de San Blas. Las celebraciones dar\u00e1n comienzo un d\u00eda antes, el s\u00e1bado, en el Centro de Iniciativa Rural de la Parroquia con una representaci\u00f3n teatral que financia el Ayuntamiento de Carre\u00f1o. Continuando el domingo con la celebraci\u00f3n de la Eucarist\u00eda en","og:url":"https:\/\/candas365.es\/noticias\/la-parroquia-de-pieloro-celebrara-san-blas\/","og:image":"https:\/\/candas365.es\/noticias\/wp-content\/uploads\/2019\/01\/DSCN5460.jpg","og:image:secure_url":"https:\/\/candas365.es\/noticias\/wp-content\/uploads\/2019\/01\/DSCN5460.jpg","og:image:width":1280,"og:image:height":695,"article:published_time":"2019-01-31T03:43:08+00:00","article:modified_time":"2019-01-31T03:43:08+00:00","article:publisher":"https:\/\/www.facebook.com\/Nachofdezber","article:author":"https:\/\/www.facebook.com\/carrenoactualidad","twitter:card":"summary_large_image","twitter:site":"@NabercoDigital","twitter:title":"La parroquia de Pieloro celebrar\u00e1 San Blas | Cand\u00e1s 365","twitter:description":"La parroquia de Pieloro celebrar\u00e1 este domingo, 3 de febrero, la festividad en honor de San Blas. Las celebraciones dar\u00e1n comienzo un d\u00eda antes, el s\u00e1bado, en el Centro de Iniciativa Rural de la Parroquia con una representaci\u00f3n teatral que financia el Ayuntamiento de Carre\u00f1o. Continuando el domingo con la celebraci\u00f3n de la Eucarist\u00eda en","twitter:creator":"@nbasturias","twitter:image":"https:\/\/candas365.es\/noticias\/wp-content\/uploads\/2019\/01\/DSCN5460.jpg","twitter:label1":"Escrito por","twitter:data1":"Cand\u00e1s 365","twitter:label2":"Tiempo de lectura estimado","twitter:data2":"4 minutos"},"aioseo_meta_data":{"post_id":"115340","title":null,"description":null,"keywords":null,"keyphrases":null,"primary_term":null,"canonical_url":null,"og_title":null,"og_description":null,"og_object_type":"default","og_image_type":"default","og_image_url":null,"og_image_width":null,"og_image_height":null,"og_image_custom_url":null,"og_image_custom_fields":null,"og_video":null,"og_custom_url":null,"og_article_section":null,"og_article_tags":null,"twitter_use_og":false,"twitter_card":"default","twitter_image_type":"default","twitter_image_url":null,"twitter_image_custom_url":null,"twitter_image_custom_fields":null,"twitter_title":null,"twitter_description":null,"schema":{"blockGraphs":[],"customGraphs":[],"default":{"data":{"Article":[],"Course":[],"Dataset":[],"FAQPage":[],"Movie":[],"Person":[],"Product":[],"ProductReview":[],"Car":[],"Recipe":[],"Service":[],"SoftwareApplication":[],"WebPage":[]},"graphName":"","isEnabled":true},"graphs":[],"defaultGraph":"","defaultPostTypeGraph":""},"schema_type":null,"schema_type_options":null,"pillar_content":false,"robots_default":true,"robots_noindex":false,"robots_noarchive":false,"robots_nosnippet":false,"robots_nofollow":false,"robots_noimageindex":false,"robots_noodp":false,"robots_notranslate":false,"robots_max_snippet":null,"robots_max_videopreview":null,"robots_max_imagepreview":"large","priority":null,"frequency":null,"location":null,"local_seo":null,"seo_analyzer_scan_date":"2025-08-29 03:45:38","breadcrumb_settings":null,"limit_modified_date":false,"reviewed_by":null,"open_ai":null,"ai":null,"created":"2020-12-21 11:17:57","updated":"2025-08-29 03:45:38"},"aioseo_breadcrumb":"<div class=\"aioseo-breadcrumbs\"><span class=\"aioseo-breadcrumb\">\n\t<a href=\"https:\/\/candas365.es\/noticias\" title=\"Home\">Home<\/a>\n<\/span><span class=\"aioseo-breadcrumb-separator\">&ndash;<\/span><span class=\"aioseo-breadcrumb\">\n\t<a href=\"https:\/\/candas365.es\/noticias\/category\/noticias-carreno\/\" title=\"Noticias Carre\u00f1o\">Noticias Carre\u00f1o<\/a>\n<\/span><span class=\"aioseo-breadcrumb-separator\">&ndash;<\/span><span class=\"aioseo-breadcrumb\">\n\tLa parroquia de Pieloro celebrar\u00e1 San Blas\n<\/span><\/div>","aioseo_breadcrumb_json":[{"label":"Home","link":"https:\/\/candas365.es\/noticias"},{"label":"Noticias Carre\u00f1o","link":"https:\/\/candas365.es\/noticias\/category\/noticias-carreno\/"},{"label":"La parroquia de Pieloro celebrar\u00e1 San Blas","link":"https:\/\/candas365.es\/noticias\/la-parroquia-de-pieloro-celebrara-san-blas\/"}],"_links":{"self":[{"href":"https:\/\/candas365.es\/noticias\/wp-json\/wp\/v2\/posts\/115340","targetHints":{"allow":["GET"]}}],"collection":[{"href":"https:\/\/candas365.es\/noticias\/wp-json\/wp\/v2\/posts"}],"about":[{"href":"https:\/\/candas365.es\/noticias\/wp-json\/wp\/v2\/types\/post"}],"author":[{"embeddable":true,"href":"https:\/\/candas365.es\/noticias\/wp-json\/wp\/v2\/users\/1"}],"replies":[{"embeddable":true,"href":"https:\/\/candas365.es\/noticias\/wp-json\/wp\/v2\/comments?post=115340"}],"version-history":[{"count":0,"href":"https:\/\/candas365.es\/noticias\/wp-json\/wp\/v2\/posts\/115340\/revisions"}],"wp:featuredmedia":[{"embeddable":true,"href":"https:\/\/candas365.es\/noticias\/wp-json\/wp\/v2\/media\/115341"}],"wp:attachment":[{"href":"https:\/\/candas365.es\/noticias\/wp-json\/wp\/v2\/media?parent=115340"}],"wp:term":[{"taxonomy":"category","embeddable":true,"href":"https:\/\/candas365.es\/noticias\/wp-json\/wp\/v2\/categories?post=115340"},{"taxonomy":"post_tag","embeddable":true,"href":"https:\/\/candas365.es\/noticias\/wp-json\/wp\/v2\/tags?post=115340"}],"curies":[{"name":"wp","href":"https:\/\/api.w.org\/{rel}","templated":true}]}}