{"id":115338,"date":"2019-01-31T03:40:40","date_gmt":"2019-01-31T03:40:40","guid":{"rendered":"http:\/\/candas365.es\/noticias\/?p=115338"},"modified":"2019-01-31T03:40:40","modified_gmt":"2019-01-31T03:40:40","slug":"prehistoria-en-la-cuevona-de-ardines","status":"publish","type":"post","link":"https:\/\/candas365.es\/noticias\/prehistoria-en-la-cuevona-de-ardines\/","title":{"rendered":"Prehistoria en la Cuevona de Ardines"},"content":{"rendered":"<p><img fetchpriority=\"high\" decoding=\"async\" class=\"alignleft size-medium wp-image-92505\" src=\"https:\/\/candas365.es\/noticias\/wp-content\/uploads\/2018\/03\/Centro-Tito-Bustillo-360x254.jpg\" alt=\"\" width=\"360\" height=\"254\" srcset=\"https:\/\/candas365.es\/noticias\/wp-content\/uploads\/2018\/03\/Centro-Tito-Bustillo-360x254.jpg 360w, https:\/\/candas365.es\/noticias\/wp-content\/uploads\/2018\/03\/Centro-Tito-Bustillo-100x70.jpg 100w, https:\/\/candas365.es\/noticias\/wp-content\/uploads\/2018\/03\/Centro-Tito-Bustillo-696x492.jpg 696w, https:\/\/candas365.es\/noticias\/wp-content\/uploads\/2018\/03\/Centro-Tito-Bustillo-1068x754.jpg 1068w, https:\/\/candas365.es\/noticias\/wp-content\/uploads\/2018\/03\/Centro-Tito-Bustillo-595x420.jpg 595w, https:\/\/candas365.es\/noticias\/wp-content\/uploads\/2018\/03\/Centro-Tito-Bustillo-768x542.jpg 768w, https:\/\/candas365.es\/noticias\/wp-content\/uploads\/2018\/03\/Centro-Tito-Bustillo-655x463.jpg 655w, https:\/\/candas365.es\/noticias\/wp-content\/uploads\/2018\/03\/Centro-Tito-Bustillo.jpg 1280w\" sizes=\"(max-width: 360px) 100vw, 360px\" \/>El Centro de Arte Rupestre de Tito Bustillo organiza talleres sobre Prehistoria en un marco incomparable como la Cuevona de Ardines los s\u00e1bados del mes de febrero, a las 11:45 horas.<\/p>\n<p>El 2 y 16 de febrero, tras hacer una visita a la Cuevona, el p\u00fablico conocer\u00e1 las distintas formas que utilizaban nuestros antepasados para hacer fuego. El fuego en la Prehistoria es el elemento que hac\u00eda habitables los asentamientos, permit\u00eda cocinar los alimentos, daba calor para combatir los fr\u00edos d\u00edas paleol\u00edticos y serv\u00eda como elemento cohesionador del grupo alrededor del cual se desarrolla su vida social.<\/p>\n<p>Los d\u00edas 9 y 23 de febrero, despu\u00e9s de hacer un peque\u00f1o recorrido por la gruta, los participantes conocer\u00e1n, tocar\u00e1n y experimentar\u00e1n con algunas de las herramientas de hueso, piedra y madera que utilizaban hace miles de a\u00f1os para descubrir as\u00ed cu\u00e1les eran los \u00fatiles de la Prehistoria.<\/p>\n<p>Los talleres est\u00e1n dirigidos a p\u00fablico familiar con menores a partir de 4 a\u00f1os. Se advierte que para acceder a la Cuevona es preciso subir 300 escalones y es recomendable utilizar ropa de abrigo.<\/p>\n<p>Cada actividad tiene un precio general de 5,79 euros y reducido de 5,29 euros para socios del Club Cultura Asturias, Pasaporte Cultural, Carnet Joven y Fnac y las entradas se pueden adquirir ya en la web www.centrotitobustillo.com.<\/p>\n<p>El Centro Tito Bustillo abre de nuevo sus puertas este viernes 1 de febrero, de mi\u00e9rcoles a domingo, de 10:00 a 18:00 h.<\/p>\n","protected":false},"excerpt":{"rendered":"<p>El Centro de Arte Rupestre de Tito Bustillo organiza talleres sobre Prehistoria en un marco incomparable como la Cuevona de Ardines los s\u00e1bados del mes de febrero, a las 11:45 horas. El 2 y 16 de febrero, tras hacer una visita a la Cuevona, el p\u00fablico conocer\u00e1 las distintas formas que utilizaban nuestros antepasados para<\/p>\n","protected":false},"author":1,"featured_media":92505,"comment_status":"closed","ping_status":"closed","sticky":false,"template":"","format":"standard","meta":{"footnotes":""},"categories":[1],"tags":[],"class_list":{"0":"post-115338","1":"post","2":"type-post","3":"status-publish","4":"format-standard","5":"has-post-thumbnail","7":"category-agenda"},"aioseo_notices":[],"aioseo_head":"\n\t\t<!-- All in One SEO Pro 4.9.6.2 - aioseo.com -->\n\t<meta name=\"description\" content=\"El Centro de Arte Rupestre de Tito Bustillo organiza talleres sobre Prehistoria en un marco incomparable como la Cuevona de Ardines los s\u00e1bados del mes de febrero, a las 11:45 horas. El 2 y 16 de febrero, tras hacer una visita a la Cuevona, el p\u00fablico conocer\u00e1 las distintas formas que utilizaban nuestros antepasados para\" \/>\n\t<meta name=\"robots\" content=\"max-image-preview:large\" \/>\n\t<meta name=\"author\" content=\"Cand\u00e1s 365\"\/>\n\t<meta name=\"google-site-verification\" content=\"UA-32230408-1\" \/>\n\t<meta name=\"msvalidate.01\" content=\"354F3CDFB2DA171B47FBE9ABF1F88D5\" \/>\n\t<meta name=\"keywords\" content=\"agenda\" \/>\n\t<link rel=\"canonical\" href=\"https:\/\/candas365.es\/noticias\/prehistoria-en-la-cuevona-de-ardines\/\" \/>\n\t<meta name=\"generator\" content=\"All in One SEO Pro (AIOSEO) 4.9.6.2\" \/>\n\t\t<meta property=\"og:locale\" content=\"es_ES\" \/>\n\t\t<meta property=\"og:site_name\" content=\"Cand\u00e1s 365\" \/>\n\t\t<meta property=\"og:type\" content=\"article\" \/>\n\t\t<meta property=\"og:title\" content=\"Prehistoria en la Cuevona de Ardines | Cand\u00e1s 365\" \/>\n\t\t<meta property=\"og:description\" content=\"El Centro de Arte Rupestre de Tito Bustillo organiza talleres sobre Prehistoria en un marco incomparable como la Cuevona de Ardines los s\u00e1bados del mes de febrero, a las 11:45 horas. El 2 y 16 de febrero, tras hacer una visita a la Cuevona, el p\u00fablico conocer\u00e1 las distintas formas que utilizaban nuestros antepasados para\" \/>\n\t\t<meta property=\"og:url\" content=\"https:\/\/candas365.es\/noticias\/prehistoria-en-la-cuevona-de-ardines\/\" \/>\n\t\t<meta property=\"og:image\" content=\"https:\/\/candas365.es\/noticias\/wp-content\/uploads\/2018\/03\/Centro-Tito-Bustillo.jpg\" \/>\n\t\t<meta property=\"og:image:secure_url\" content=\"https:\/\/candas365.es\/noticias\/wp-content\/uploads\/2018\/03\/Centro-Tito-Bustillo.jpg\" \/>\n\t\t<meta property=\"og:image:width\" content=\"1280\" \/>\n\t\t<meta property=\"og:image:height\" content=\"904\" \/>\n\t\t<meta property=\"article:published_time\" content=\"2019-01-31T03:40:40+00:00\" \/>\n\t\t<meta property=\"article:modified_time\" content=\"2019-01-31T03:40:40+00:00\" \/>\n\t\t<meta property=\"article:publisher\" content=\"https:\/\/www.facebook.com\/Nachofdezber\" \/>\n\t\t<meta property=\"article:author\" content=\"https:\/\/www.facebook.com\/carrenoactualidad\" \/>\n\t\t<meta name=\"twitter:card\" content=\"summary_large_image\" \/>\n\t\t<meta name=\"twitter:site\" content=\"@NabercoDigital\" \/>\n\t\t<meta name=\"twitter:title\" content=\"Prehistoria en la Cuevona de Ardines | Cand\u00e1s 365\" \/>\n\t\t<meta name=\"twitter:description\" content=\"El Centro de Arte Rupestre de Tito Bustillo organiza talleres sobre Prehistoria en un marco incomparable como la Cuevona de Ardines los s\u00e1bados del mes de febrero, a las 11:45 horas. El 2 y 16 de febrero, tras hacer una visita a la Cuevona, el p\u00fablico conocer\u00e1 las distintas formas que utilizaban nuestros antepasados para\" \/>\n\t\t<meta name=\"twitter:creator\" content=\"@nbasturias\" \/>\n\t\t<meta name=\"twitter:image\" content=\"https:\/\/candas365.es\/noticias\/wp-content\/uploads\/2018\/03\/Centro-Tito-Bustillo.jpg\" \/>\n\t\t<meta name=\"twitter:label1\" content=\"Escrito por\" \/>\n\t\t<meta name=\"twitter:data1\" content=\"Cand\u00e1s 365\" \/>\n\t\t<meta name=\"twitter:label2\" content=\"Tiempo de lectura estimado\" \/>\n\t\t<meta name=\"twitter:data2\" content=\"1 minuto\" \/>\n\t\t<script type=\"application\/ld+json\" class=\"aioseo-schema\">\n\t\t\t{\"@context\":\"https:\\\/\\\/schema.org\",\"@graph\":[{\"@type\":\"BreadcrumbList\",\"@id\":\"https:\\\/\\\/candas365.es\\\/noticias\\\/prehistoria-en-la-cuevona-de-ardines\\\/#breadcrumblist\",\"itemListElement\":[{\"@type\":\"ListItem\",\"@id\":\"https:\\\/\\\/candas365.es\\\/noticias#listItem\",\"position\":1,\"name\":\"Home\",\"item\":\"https:\\\/\\\/candas365.es\\\/noticias\",\"nextItem\":{\"@type\":\"ListItem\",\"@id\":\"https:\\\/\\\/candas365.es\\\/noticias\\\/category\\\/agenda\\\/#listItem\",\"name\":\"Agenda\"}},{\"@type\":\"ListItem\",\"@id\":\"https:\\\/\\\/candas365.es\\\/noticias\\\/category\\\/agenda\\\/#listItem\",\"position\":2,\"name\":\"Agenda\",\"item\":\"https:\\\/\\\/candas365.es\\\/noticias\\\/category\\\/agenda\\\/\",\"nextItem\":{\"@type\":\"ListItem\",\"@id\":\"https:\\\/\\\/candas365.es\\\/noticias\\\/prehistoria-en-la-cuevona-de-ardines\\\/#listItem\",\"name\":\"Prehistoria en la Cuevona de Ardines\"},\"previousItem\":{\"@type\":\"ListItem\",\"@id\":\"https:\\\/\\\/candas365.es\\\/noticias#listItem\",\"name\":\"Home\"}},{\"@type\":\"ListItem\",\"@id\":\"https:\\\/\\\/candas365.es\\\/noticias\\\/prehistoria-en-la-cuevona-de-ardines\\\/#listItem\",\"position\":3,\"name\":\"Prehistoria en la Cuevona de Ardines\",\"previousItem\":{\"@type\":\"ListItem\",\"@id\":\"https:\\\/\\\/candas365.es\\\/noticias\\\/category\\\/agenda\\\/#listItem\",\"name\":\"Agenda\"}}]},{\"@type\":\"NewsArticle\",\"@id\":\"https:\\\/\\\/candas365.es\\\/noticias\\\/prehistoria-en-la-cuevona-de-ardines\\\/#newsarticle\",\"name\":\"Prehistoria en la Cuevona de Ardines | Cand\\u00e1s 365\",\"headline\":\"Prehistoria en la Cuevona de Ardines\",\"author\":{\"@id\":\"https:\\\/\\\/candas365.es\\\/noticias\\\/author\\\/admin\\\/#author\"},\"publisher\":{\"@id\":\"https:\\\/\\\/candas365.es\\\/noticias\\\/#organization\"},\"image\":{\"@type\":\"ImageObject\",\"url\":\"https:\\\/\\\/candas365.es\\\/noticias\\\/wp-content\\\/uploads\\\/2018\\\/03\\\/Centro-Tito-Bustillo.jpg\",\"width\":1280,\"height\":904},\"datePublished\":\"2019-01-31T03:40:40+01:00\",\"dateModified\":\"2019-01-31T03:40:40+01:00\",\"inLanguage\":\"es-ES\",\"mainEntityOfPage\":{\"@id\":\"https:\\\/\\\/candas365.es\\\/noticias\\\/prehistoria-en-la-cuevona-de-ardines\\\/#webpage\"},\"isPartOf\":{\"@id\":\"https:\\\/\\\/candas365.es\\\/noticias\\\/prehistoria-en-la-cuevona-de-ardines\\\/#webpage\"},\"articleSection\":\"Agenda\",\"dateline\":\"Publicado el enero 31, 2019.\"},{\"@type\":\"Organization\",\"@id\":\"https:\\\/\\\/candas365.es\\\/noticias\\\/#organization\",\"name\":\"Cand\\u00e1s 365\",\"description\":\"Cand\\u00e1s 365 es un diario digital independiente, fundado en 2012, con base en Asturias. Informamos con rigor sobre actualidad, sociedad, cultura y ocio, con una mirada local y global.\",\"url\":\"https:\\\/\\\/candas365.es\\\/noticias\\\/\",\"email\":\"info@candas365.es\",\"telephone\":\"+34652131393\",\"foundingDate\":\"2012-06-10\",\"logo\":{\"@type\":\"ImageObject\",\"url\":\"https:\\\/\\\/candas365.es\\\/noticias\\\/wp-content\\\/uploads\\\/2024\\\/09\\\/Candas-365-Redes.jpg\",\"@id\":\"https:\\\/\\\/candas365.es\\\/noticias\\\/prehistoria-en-la-cuevona-de-ardines\\\/#organizationLogo\",\"width\":1152,\"height\":864,\"caption\":\"Cand\\u00e1s 365 Redes\"},\"image\":{\"@id\":\"https:\\\/\\\/candas365.es\\\/noticias\\\/prehistoria-en-la-cuevona-de-ardines\\\/#organizationLogo\"},\"sameAs\":[\"https:\\\/\\\/www.facebook.com\\\/Nachofdezber\",\"https:\\\/\\\/x.com\\\/NabercoDigital\",\"https:\\\/\\\/www.instagram.com\\\/nachofdezber\\\/\",\"https:\\\/\\\/www.youtube.com\\\/channel\\\/UCZP-2wLEB9Rv6erhFmqVnvg\"],\"address\":{\"@id\":\"https:\\\/\\\/candas365.es\\\/noticias\\\/#postaladdress\",\"@type\":\"PostalAddress\",\"streetAddress\":\"san antonio 4, san antonio 4\",\"postalCode\":\"33430\",\"addressLocality\":\"Cand\\u00e1s\",\"addressRegion\":\"Asturias\",\"addressCountry\":\"ES\"}},{\"@type\":\"Person\",\"@id\":\"https:\\\/\\\/candas365.es\\\/noticias\\\/author\\\/admin\\\/#author\",\"url\":\"https:\\\/\\\/candas365.es\\\/noticias\\\/author\\\/admin\\\/\",\"name\":\"Cand\\u00e1s 365\",\"image\":{\"@type\":\"ImageObject\",\"@id\":\"https:\\\/\\\/candas365.es\\\/noticias\\\/prehistoria-en-la-cuevona-de-ardines\\\/#authorImage\",\"url\":\"https:\\\/\\\/secure.gravatar.com\\\/avatar\\\/496a8e03d0c493ede1718b7934145dbdf8d89be1036b0eec9544e1094c9de390?s=96&d=mm&r=g\",\"width\":96,\"height\":96,\"caption\":\"Cand\\u00e1s 365\"},\"sameAs\":[\"https:\\\/\\\/www.facebook.com\\\/carrenoactualidad\",\"https:\\\/\\\/twitter.com\\\/nbasturias\",\"https:\\\/\\\/www.instagram.com\\\/nachofdezber\\\/\",\"https:\\\/\\\/www.youtube.com\\\/channel\\\/UCZP-2wLEB9Rv6erhFmqVnvg\"]},{\"@type\":\"WebPage\",\"@id\":\"https:\\\/\\\/candas365.es\\\/noticias\\\/prehistoria-en-la-cuevona-de-ardines\\\/#webpage\",\"url\":\"https:\\\/\\\/candas365.es\\\/noticias\\\/prehistoria-en-la-cuevona-de-ardines\\\/\",\"name\":\"Prehistoria en la Cuevona de Ardines | Cand\\u00e1s 365\",\"description\":\"El Centro de Arte Rupestre de Tito Bustillo organiza talleres sobre Prehistoria en un marco incomparable como la Cuevona de Ardines los s\\u00e1bados del mes de febrero, a las 11:45 horas. El 2 y 16 de febrero, tras hacer una visita a la Cuevona, el p\\u00fablico conocer\\u00e1 las distintas formas que utilizaban nuestros antepasados para\",\"inLanguage\":\"es-ES\",\"isPartOf\":{\"@id\":\"https:\\\/\\\/candas365.es\\\/noticias\\\/#website\"},\"breadcrumb\":{\"@id\":\"https:\\\/\\\/candas365.es\\\/noticias\\\/prehistoria-en-la-cuevona-de-ardines\\\/#breadcrumblist\"},\"author\":{\"@id\":\"https:\\\/\\\/candas365.es\\\/noticias\\\/author\\\/admin\\\/#author\"},\"creator\":{\"@id\":\"https:\\\/\\\/candas365.es\\\/noticias\\\/author\\\/admin\\\/#author\"},\"image\":{\"@type\":\"ImageObject\",\"url\":\"https:\\\/\\\/candas365.es\\\/noticias\\\/wp-content\\\/uploads\\\/2018\\\/03\\\/Centro-Tito-Bustillo.jpg\",\"@id\":\"https:\\\/\\\/candas365.es\\\/noticias\\\/prehistoria-en-la-cuevona-de-ardines\\\/#mainImage\",\"width\":1280,\"height\":904},\"primaryImageOfPage\":{\"@id\":\"https:\\\/\\\/candas365.es\\\/noticias\\\/prehistoria-en-la-cuevona-de-ardines\\\/#mainImage\"},\"datePublished\":\"2019-01-31T03:40:40+01:00\",\"dateModified\":\"2019-01-31T03:40:40+01:00\"},{\"@type\":\"WebSite\",\"@id\":\"https:\\\/\\\/candas365.es\\\/noticias\\\/#website\",\"url\":\"https:\\\/\\\/candas365.es\\\/noticias\\\/\",\"name\":\"Cand\\u00e1s 365\",\"alternateName\":\"Cand\\u00e1s 365 Noticias\",\"description\":\"Actualidad desde Carre\\u00f1o para el mundo\",\"inLanguage\":\"es-ES\",\"publisher\":{\"@id\":\"https:\\\/\\\/candas365.es\\\/noticias\\\/#organization\"}}]}\n\t\t<\/script>\n\t\t<!-- All in One SEO Pro -->\r\n\t\t<title>Prehistoria en la Cuevona de Ardines | Cand\u00e1s 365<\/title>\n\n","aioseo_head_json":{"title":"Prehistoria en la Cuevona de Ardines | Cand\u00e1s 365","description":"El Centro de Arte Rupestre de Tito Bustillo organiza talleres sobre Prehistoria en un marco incomparable como la Cuevona de Ardines los s\u00e1bados del mes de febrero, a las 11:45 horas. El 2 y 16 de febrero, tras hacer una visita a la Cuevona, el p\u00fablico conocer\u00e1 las distintas formas que utilizaban nuestros antepasados para","canonical_url":"https:\/\/candas365.es\/noticias\/prehistoria-en-la-cuevona-de-ardines\/","robots":"max-image-preview:large","keywords":"agenda","webmasterTools":{"google-site-verification":"UA-32230408-1","msvalidate.01":"354F3CDFB2DA171B47FBE9ABF1F88D5","miscellaneous":""},"schema":{"@context":"https:\/\/schema.org","@graph":[{"@type":"BreadcrumbList","@id":"https:\/\/candas365.es\/noticias\/prehistoria-en-la-cuevona-de-ardines\/#breadcrumblist","itemListElement":[{"@type":"ListItem","@id":"https:\/\/candas365.es\/noticias#listItem","position":1,"name":"Home","item":"https:\/\/candas365.es\/noticias","nextItem":{"@type":"ListItem","@id":"https:\/\/candas365.es\/noticias\/category\/agenda\/#listItem","name":"Agenda"}},{"@type":"ListItem","@id":"https:\/\/candas365.es\/noticias\/category\/agenda\/#listItem","position":2,"name":"Agenda","item":"https:\/\/candas365.es\/noticias\/category\/agenda\/","nextItem":{"@type":"ListItem","@id":"https:\/\/candas365.es\/noticias\/prehistoria-en-la-cuevona-de-ardines\/#listItem","name":"Prehistoria en la Cuevona de Ardines"},"previousItem":{"@type":"ListItem","@id":"https:\/\/candas365.es\/noticias#listItem","name":"Home"}},{"@type":"ListItem","@id":"https:\/\/candas365.es\/noticias\/prehistoria-en-la-cuevona-de-ardines\/#listItem","position":3,"name":"Prehistoria en la Cuevona de Ardines","previousItem":{"@type":"ListItem","@id":"https:\/\/candas365.es\/noticias\/category\/agenda\/#listItem","name":"Agenda"}}]},{"@type":"NewsArticle","@id":"https:\/\/candas365.es\/noticias\/prehistoria-en-la-cuevona-de-ardines\/#newsarticle","name":"Prehistoria en la Cuevona de Ardines | Cand\u00e1s 365","headline":"Prehistoria en la Cuevona de Ardines","author":{"@id":"https:\/\/candas365.es\/noticias\/author\/admin\/#author"},"publisher":{"@id":"https:\/\/candas365.es\/noticias\/#organization"},"image":{"@type":"ImageObject","url":"https:\/\/candas365.es\/noticias\/wp-content\/uploads\/2018\/03\/Centro-Tito-Bustillo.jpg","width":1280,"height":904},"datePublished":"2019-01-31T03:40:40+01:00","dateModified":"2019-01-31T03:40:40+01:00","inLanguage":"es-ES","mainEntityOfPage":{"@id":"https:\/\/candas365.es\/noticias\/prehistoria-en-la-cuevona-de-ardines\/#webpage"},"isPartOf":{"@id":"https:\/\/candas365.es\/noticias\/prehistoria-en-la-cuevona-de-ardines\/#webpage"},"articleSection":"Agenda","dateline":"Publicado el enero 31, 2019."},{"@type":"Organization","@id":"https:\/\/candas365.es\/noticias\/#organization","name":"Cand\u00e1s 365","description":"Cand\u00e1s 365 es un diario digital independiente, fundado en 2012, con base en Asturias. Informamos con rigor sobre actualidad, sociedad, cultura y ocio, con una mirada local y global.","url":"https:\/\/candas365.es\/noticias\/","email":"info@candas365.es","telephone":"+34652131393","foundingDate":"2012-06-10","logo":{"@type":"ImageObject","url":"https:\/\/candas365.es\/noticias\/wp-content\/uploads\/2024\/09\/Candas-365-Redes.jpg","@id":"https:\/\/candas365.es\/noticias\/prehistoria-en-la-cuevona-de-ardines\/#organizationLogo","width":1152,"height":864,"caption":"Cand\u00e1s 365 Redes"},"image":{"@id":"https:\/\/candas365.es\/noticias\/prehistoria-en-la-cuevona-de-ardines\/#organizationLogo"},"sameAs":["https:\/\/www.facebook.com\/Nachofdezber","https:\/\/x.com\/NabercoDigital","https:\/\/www.instagram.com\/nachofdezber\/","https:\/\/www.youtube.com\/channel\/UCZP-2wLEB9Rv6erhFmqVnvg"],"address":{"@id":"https:\/\/candas365.es\/noticias\/#postaladdress","@type":"PostalAddress","streetAddress":"san antonio 4, san antonio 4","postalCode":"33430","addressLocality":"Cand\u00e1s","addressRegion":"Asturias","addressCountry":"ES"}},{"@type":"Person","@id":"https:\/\/candas365.es\/noticias\/author\/admin\/#author","url":"https:\/\/candas365.es\/noticias\/author\/admin\/","name":"Cand\u00e1s 365","image":{"@type":"ImageObject","@id":"https:\/\/candas365.es\/noticias\/prehistoria-en-la-cuevona-de-ardines\/#authorImage","url":"https:\/\/secure.gravatar.com\/avatar\/496a8e03d0c493ede1718b7934145dbdf8d89be1036b0eec9544e1094c9de390?s=96&d=mm&r=g","width":96,"height":96,"caption":"Cand\u00e1s 365"},"sameAs":["https:\/\/www.facebook.com\/carrenoactualidad","https:\/\/twitter.com\/nbasturias","https:\/\/www.instagram.com\/nachofdezber\/","https:\/\/www.youtube.com\/channel\/UCZP-2wLEB9Rv6erhFmqVnvg"]},{"@type":"WebPage","@id":"https:\/\/candas365.es\/noticias\/prehistoria-en-la-cuevona-de-ardines\/#webpage","url":"https:\/\/candas365.es\/noticias\/prehistoria-en-la-cuevona-de-ardines\/","name":"Prehistoria en la Cuevona de Ardines | Cand\u00e1s 365","description":"El Centro de Arte Rupestre de Tito Bustillo organiza talleres sobre Prehistoria en un marco incomparable como la Cuevona de Ardines los s\u00e1bados del mes de febrero, a las 11:45 horas. El 2 y 16 de febrero, tras hacer una visita a la Cuevona, el p\u00fablico conocer\u00e1 las distintas formas que utilizaban nuestros antepasados para","inLanguage":"es-ES","isPartOf":{"@id":"https:\/\/candas365.es\/noticias\/#website"},"breadcrumb":{"@id":"https:\/\/candas365.es\/noticias\/prehistoria-en-la-cuevona-de-ardines\/#breadcrumblist"},"author":{"@id":"https:\/\/candas365.es\/noticias\/author\/admin\/#author"},"creator":{"@id":"https:\/\/candas365.es\/noticias\/author\/admin\/#author"},"image":{"@type":"ImageObject","url":"https:\/\/candas365.es\/noticias\/wp-content\/uploads\/2018\/03\/Centro-Tito-Bustillo.jpg","@id":"https:\/\/candas365.es\/noticias\/prehistoria-en-la-cuevona-de-ardines\/#mainImage","width":1280,"height":904},"primaryImageOfPage":{"@id":"https:\/\/candas365.es\/noticias\/prehistoria-en-la-cuevona-de-ardines\/#mainImage"},"datePublished":"2019-01-31T03:40:40+01:00","dateModified":"2019-01-31T03:40:40+01:00"},{"@type":"WebSite","@id":"https:\/\/candas365.es\/noticias\/#website","url":"https:\/\/candas365.es\/noticias\/","name":"Cand\u00e1s 365","alternateName":"Cand\u00e1s 365 Noticias","description":"Actualidad desde Carre\u00f1o para el mundo","inLanguage":"es-ES","publisher":{"@id":"https:\/\/candas365.es\/noticias\/#organization"}}]},"og:locale":"es_ES","og:site_name":"Cand\u00e1s 365","og:type":"article","og:title":"Prehistoria en la Cuevona de Ardines | Cand\u00e1s 365","og:description":"El Centro de Arte Rupestre de Tito Bustillo organiza talleres sobre Prehistoria en un marco incomparable como la Cuevona de Ardines los s\u00e1bados del mes de febrero, a las 11:45 horas. El 2 y 16 de febrero, tras hacer una visita a la Cuevona, el p\u00fablico conocer\u00e1 las distintas formas que utilizaban nuestros antepasados para","og:url":"https:\/\/candas365.es\/noticias\/prehistoria-en-la-cuevona-de-ardines\/","og:image":"https:\/\/candas365.es\/noticias\/wp-content\/uploads\/2018\/03\/Centro-Tito-Bustillo.jpg","og:image:secure_url":"https:\/\/candas365.es\/noticias\/wp-content\/uploads\/2018\/03\/Centro-Tito-Bustillo.jpg","og:image:width":1280,"og:image:height":904,"article:published_time":"2019-01-31T03:40:40+00:00","article:modified_time":"2019-01-31T03:40:40+00:00","article:publisher":"https:\/\/www.facebook.com\/Nachofdezber","article:author":"https:\/\/www.facebook.com\/carrenoactualidad","twitter:card":"summary_large_image","twitter:site":"@NabercoDigital","twitter:title":"Prehistoria en la Cuevona de Ardines | Cand\u00e1s 365","twitter:description":"El Centro de Arte Rupestre de Tito Bustillo organiza talleres sobre Prehistoria en un marco incomparable como la Cuevona de Ardines los s\u00e1bados del mes de febrero, a las 11:45 horas. El 2 y 16 de febrero, tras hacer una visita a la Cuevona, el p\u00fablico conocer\u00e1 las distintas formas que utilizaban nuestros antepasados para","twitter:creator":"@nbasturias","twitter:image":"https:\/\/candas365.es\/noticias\/wp-content\/uploads\/2018\/03\/Centro-Tito-Bustillo.jpg","twitter:label1":"Escrito por","twitter:data1":"Cand\u00e1s 365","twitter:label2":"Tiempo de lectura estimado","twitter:data2":"1 minuto"},"aioseo_meta_data":{"post_id":"115338","title":null,"description":null,"keywords":null,"keyphrases":null,"primary_term":null,"canonical_url":null,"og_title":null,"og_description":null,"og_object_type":"default","og_image_type":"default","og_image_url":null,"og_image_width":null,"og_image_height":null,"og_image_custom_url":null,"og_image_custom_fields":null,"og_video":null,"og_custom_url":null,"og_article_section":null,"og_article_tags":null,"twitter_use_og":false,"twitter_card":"default","twitter_image_type":"default","twitter_image_url":null,"twitter_image_custom_url":null,"twitter_image_custom_fields":null,"twitter_title":null,"twitter_description":null,"schema":{"blockGraphs":[],"customGraphs":[],"default":{"data":{"Article":[],"Course":[],"Dataset":[],"FAQPage":[],"Movie":[],"Person":[],"Product":[],"ProductReview":[],"Car":[],"Recipe":[],"Service":[],"SoftwareApplication":[],"WebPage":[]},"graphName":"","isEnabled":true},"graphs":[],"defaultGraph":"","defaultPostTypeGraph":""},"schema_type":null,"schema_type_options":null,"pillar_content":false,"robots_default":true,"robots_noindex":false,"robots_noarchive":false,"robots_nosnippet":false,"robots_nofollow":false,"robots_noimageindex":false,"robots_noodp":false,"robots_notranslate":false,"robots_max_snippet":null,"robots_max_videopreview":null,"robots_max_imagepreview":"large","priority":null,"frequency":null,"location":null,"local_seo":null,"seo_analyzer_scan_date":"2025-08-29 03:45:37","breadcrumb_settings":null,"limit_modified_date":false,"reviewed_by":null,"open_ai":null,"ai":null,"created":"2020-12-21 11:17:57","updated":"2025-08-29 03:45:37"},"aioseo_breadcrumb":"<div class=\"aioseo-breadcrumbs\"><span class=\"aioseo-breadcrumb\">\n\t<a href=\"https:\/\/candas365.es\/noticias\" title=\"Home\">Home<\/a>\n<\/span><span class=\"aioseo-breadcrumb-separator\">&ndash;<\/span><span class=\"aioseo-breadcrumb\">\n\t<a href=\"https:\/\/candas365.es\/noticias\/category\/agenda\/\" title=\"Agenda\">Agenda<\/a>\n<\/span><span class=\"aioseo-breadcrumb-separator\">&ndash;<\/span><span class=\"aioseo-breadcrumb\">\n\tPrehistoria en la Cuevona de Ardines\n<\/span><\/div>","aioseo_breadcrumb_json":[{"label":"Home","link":"https:\/\/candas365.es\/noticias"},{"label":"Agenda","link":"https:\/\/candas365.es\/noticias\/category\/agenda\/"},{"label":"Prehistoria en la Cuevona de Ardines","link":"https:\/\/candas365.es\/noticias\/prehistoria-en-la-cuevona-de-ardines\/"}],"_links":{"self":[{"href":"https:\/\/candas365.es\/noticias\/wp-json\/wp\/v2\/posts\/115338","targetHints":{"allow":["GET"]}}],"collection":[{"href":"https:\/\/candas365.es\/noticias\/wp-json\/wp\/v2\/posts"}],"about":[{"href":"https:\/\/candas365.es\/noticias\/wp-json\/wp\/v2\/types\/post"}],"author":[{"embeddable":true,"href":"https:\/\/candas365.es\/noticias\/wp-json\/wp\/v2\/users\/1"}],"replies":[{"embeddable":true,"href":"https:\/\/candas365.es\/noticias\/wp-json\/wp\/v2\/comments?post=115338"}],"version-history":[{"count":0,"href":"https:\/\/candas365.es\/noticias\/wp-json\/wp\/v2\/posts\/115338\/revisions"}],"wp:featuredmedia":[{"embeddable":true,"href":"https:\/\/candas365.es\/noticias\/wp-json\/wp\/v2\/media\/92505"}],"wp:attachment":[{"href":"https:\/\/candas365.es\/noticias\/wp-json\/wp\/v2\/media?parent=115338"}],"wp:term":[{"taxonomy":"category","embeddable":true,"href":"https:\/\/candas365.es\/noticias\/wp-json\/wp\/v2\/categories?post=115338"},{"taxonomy":"post_tag","embeddable":true,"href":"https:\/\/candas365.es\/noticias\/wp-json\/wp\/v2\/tags?post=115338"}],"curies":[{"name":"wp","href":"https:\/\/api.w.org\/{rel}","templated":true}]}}