{"id":115265,"date":"2019-01-29T22:00:19","date_gmt":"2019-01-29T22:00:19","guid":{"rendered":"http:\/\/candas365.es\/noticias\/?p=115265"},"modified":"2019-01-29T22:00:19","modified_gmt":"2019-01-29T22:00:19","slug":"vi-concurso-de-relatos-cortos-sobre-la-semana-santa-en-candas","status":"publish","type":"post","link":"https:\/\/candas365.es\/noticias\/vi-concurso-de-relatos-cortos-sobre-la-semana-santa-en-candas\/","title":{"rendered":"VI Concurso de Relatos Cortos sobre la Semana Santa, en Cand\u00e1s"},"content":{"rendered":"<p><img fetchpriority=\"high\" decoding=\"async\" class=\"alignleft size-medium wp-image-30104\" src=\"https:\/\/candas365.es\/noticias\/wp-content\/uploads\/2016\/06\/puerto-de-cand\u00e1s-360x189.jpg\" alt=\"\" width=\"360\" height=\"189\" srcset=\"https:\/\/candas365.es\/noticias\/wp-content\/uploads\/2016\/06\/puerto-de-cand\u00e1s-360x189.jpg 360w, https:\/\/candas365.es\/noticias\/wp-content\/uploads\/2016\/06\/puerto-de-cand\u00e1s-650x342.jpg 650w, https:\/\/candas365.es\/noticias\/wp-content\/uploads\/2016\/06\/puerto-de-cand\u00e1s-768x404.jpg 768w, https:\/\/candas365.es\/noticias\/wp-content\/uploads\/2016\/06\/puerto-de-cand\u00e1s-150x79.jpg 150w, https:\/\/candas365.es\/noticias\/wp-content\/uploads\/2016\/06\/puerto-de-cand\u00e1s-450x237.jpg 450w, https:\/\/candas365.es\/noticias\/wp-content\/uploads\/2016\/06\/puerto-de-cand\u00e1s-655x344.jpg 655w, https:\/\/candas365.es\/noticias\/wp-content\/uploads\/2016\/06\/puerto-de-cand\u00e1s-696x366.jpg 696w, https:\/\/candas365.es\/noticias\/wp-content\/uploads\/2016\/06\/puerto-de-cand\u00e1s-799x420.jpg 799w, https:\/\/candas365.es\/noticias\/wp-content\/uploads\/2016\/06\/puerto-de-cand\u00e1s.jpg 911w\" sizes=\"(max-width: 360px) 100vw, 360px\" \/>La Casa de la Cultura de Cand\u00e1s\u00a0acogi\u00f3 el 28 de enero, la presentaci\u00f3n de una nueva edici\u00f3n, la VI edici\u00f3n del \u201cConcurso de Relatos Cortos sobre la Semana Santa\u201d organizado por la <strong>Cofrad\u00eda Virgen del Rosario de Cand\u00e1s<\/strong>.<\/p>\n<p>En la presentaci\u00f3n del certamen participaron la concejala de Cultura Cecilia Tasc\u00f3n; adem\u00e1s del p\u00e1rroco local Jos\u00e9 Manuel Garc\u00eda; la escritora candasina Mar\u00eda Teresa \u00c1lvarez ; Moncha Men\u00e9ndez y Berta Garc\u00eda-Barrosa, los y las cuales actuar\u00e1n como vocales del Jurado de Concurso, presidido por Jos\u00e9 Manuel Feito, ex-p\u00e1rroco de Miranda.<\/p>\n<p>A esta VI edici\u00f3n podr\u00e1n presentarse aquellas personas mayores de 18 a\u00f1os y residentes en Espa\u00f1a. El texto deber\u00e1 ser original e in\u00e9dito, escrito en castellano y en prosa. El tema, como bien indica el t\u00edtulo del certamen, es la Semana Santa, pudiendo estar basados los relatos en hechos reales o de ficci\u00f3n, por lo que la historia deber\u00e1 desarrollarse alrededor de la celebraci\u00f3n religiosa, ya sea bas\u00e1ndose en hechos reales o ficticios.<\/p>\n<p>La extensi\u00f3n de los trabajos no sobrepasar\u00e1 los tres folios en DIN A4 a una cara, mecanografiados a doble espacio en el tipo de letra Times New Roman, tama\u00f1o 12. Los originales, por septuplicado, se remitir\u00e1n firmados con seud\u00f3nimo y acompa\u00f1ados de plica o sobre cerrado en cuyo exterior figure dicho seud\u00f3nimo y el t\u00edtulo del relato. Y en el interior nombre y apellidos, edad, fotocopia del DNI, tel\u00e9fono, correo electr\u00f3nico y domicilio de la persona concursante, as\u00ed como curr\u00edculum vitae.<\/p>\n<p>Los ejemplares se enviar\u00e1n por correo ordinario a Cofrad\u00eda Virgen del Rosario, Urbanizaci\u00f3n El LLagar\u00f3n, n\u00famero 28, 33430 Cand\u00e1s-Asturias, especificando en el sobre \u201cVI Concurso de Relatos Cortos sobre la Semana Santa\u201d.<\/p>\n<p style=\"text-align: center;\"><strong><em>El plazo de admisi\u00f3n de ejemplares finalizar\u00e1 el 21 de marzo del 2019.<\/em><\/strong><\/p>\n<p>El premio consistir\u00e1 en una estancia, para la persona ganadora y acompa\u00f1ante durante la Semana Santa del 2019 en Cand\u00e1s. En el caso de que la persona ganadora sea natural del Concejo se le har\u00e1 entrega de la placa conmemorativa<\/p>\n<p>El relato ser\u00e1 le\u00eddo por su autor\/a en la celebraci\u00f3n de la Misa de Pascua que se celebrar\u00e1 el domingo 21 de abril en la Iglesia de San F\u00e9lix de Cand\u00e1s.<\/p>\n<p>El fallo del jurado ser\u00e1 inapelable. Y no se devolver\u00e1n los trabajos presentados. En caso de publicaci\u00f3n del relato premiado el autor o autora renunciar\u00e1 a toda percepci\u00f3n de derechos.<\/p>\n","protected":false},"excerpt":{"rendered":"<p>La Casa de la Cultura de Cand\u00e1s\u00a0acogi\u00f3 el 28 de enero, la presentaci\u00f3n de una nueva edici\u00f3n, la VI edici\u00f3n del \u201cConcurso de Relatos Cortos sobre la Semana Santa\u201d organizado por la Cofrad\u00eda Virgen del Rosario de Cand\u00e1s. En la presentaci\u00f3n del certamen participaron la concejala de Cultura Cecilia Tasc\u00f3n; adem\u00e1s del p\u00e1rroco local Jos\u00e9<\/p>\n","protected":false},"author":1,"featured_media":30104,"comment_status":"closed","ping_status":"closed","sticky":false,"template":"","format":"standard","meta":{"footnotes":""},"categories":[2],"tags":[],"class_list":{"0":"post-115265","1":"post","2":"type-post","3":"status-publish","4":"format-standard","5":"has-post-thumbnail","7":"category-noticias-carreno"},"aioseo_notices":[],"aioseo_head":"\n\t\t<!-- All in One SEO Pro 4.9.6.2 - aioseo.com -->\n\t<meta name=\"description\" content=\"La Casa de la Cultura de Cand\u00e1s acogi\u00f3 el 28 de enero, la presentaci\u00f3n de una nueva edici\u00f3n, la VI edici\u00f3n del \u201cConcurso de Relatos Cortos sobre la Semana Santa\u201d organizado por la Cofrad\u00eda Virgen del Rosario de Cand\u00e1s. En la presentaci\u00f3n del certamen participaron la concejala de Cultura Cecilia Tasc\u00f3n; adem\u00e1s del p\u00e1rroco local Jos\u00e9\" \/>\n\t<meta name=\"robots\" content=\"max-image-preview:large\" \/>\n\t<meta name=\"author\" content=\"Cand\u00e1s 365\"\/>\n\t<meta name=\"google-site-verification\" content=\"UA-32230408-1\" \/>\n\t<meta name=\"msvalidate.01\" content=\"354F3CDFB2DA171B47FBE9ABF1F88D5\" \/>\n\t<meta name=\"keywords\" content=\"noticias carre\u00f1o\" \/>\n\t<link rel=\"canonical\" href=\"https:\/\/candas365.es\/noticias\/vi-concurso-de-relatos-cortos-sobre-la-semana-santa-en-candas\/\" \/>\n\t<meta name=\"generator\" content=\"All in One SEO Pro (AIOSEO) 4.9.6.2\" \/>\n\t\t<meta property=\"og:locale\" content=\"es_ES\" \/>\n\t\t<meta property=\"og:site_name\" content=\"Cand\u00e1s 365\" \/>\n\t\t<meta property=\"og:type\" content=\"article\" \/>\n\t\t<meta property=\"og:title\" content=\"VI Concurso de Relatos Cortos sobre la Semana Santa, en Cand\u00e1s | Cand\u00e1s 365\" \/>\n\t\t<meta property=\"og:description\" content=\"La Casa de la Cultura de Cand\u00e1s acogi\u00f3 el 28 de enero, la presentaci\u00f3n de una nueva edici\u00f3n, la VI edici\u00f3n del \u201cConcurso de Relatos Cortos sobre la Semana Santa\u201d organizado por la Cofrad\u00eda Virgen del Rosario de Cand\u00e1s. En la presentaci\u00f3n del certamen participaron la concejala de Cultura Cecilia Tasc\u00f3n; adem\u00e1s del p\u00e1rroco local Jos\u00e9\" \/>\n\t\t<meta property=\"og:url\" content=\"https:\/\/candas365.es\/noticias\/vi-concurso-de-relatos-cortos-sobre-la-semana-santa-en-candas\/\" \/>\n\t\t<meta property=\"og:image\" content=\"https:\/\/candas365.es\/noticias\/wp-content\/uploads\/2016\/06\/puerto-de-cand\u00e1s.jpg\" \/>\n\t\t<meta property=\"og:image:secure_url\" content=\"https:\/\/candas365.es\/noticias\/wp-content\/uploads\/2016\/06\/puerto-de-cand\u00e1s.jpg\" \/>\n\t\t<meta property=\"og:image:width\" content=\"911\" \/>\n\t\t<meta property=\"og:image:height\" content=\"479\" \/>\n\t\t<meta property=\"article:published_time\" content=\"2019-01-29T22:00:19+00:00\" \/>\n\t\t<meta property=\"article:modified_time\" content=\"2019-01-29T22:00:19+00:00\" \/>\n\t\t<meta property=\"article:publisher\" content=\"https:\/\/www.facebook.com\/Nachofdezber\" \/>\n\t\t<meta property=\"article:author\" content=\"https:\/\/www.facebook.com\/carrenoactualidad\" \/>\n\t\t<meta name=\"twitter:card\" content=\"summary_large_image\" \/>\n\t\t<meta name=\"twitter:site\" content=\"@NabercoDigital\" \/>\n\t\t<meta name=\"twitter:title\" content=\"VI Concurso de Relatos Cortos sobre la Semana Santa, en Cand\u00e1s | Cand\u00e1s 365\" \/>\n\t\t<meta name=\"twitter:description\" content=\"La Casa de la Cultura de Cand\u00e1s acogi\u00f3 el 28 de enero, la presentaci\u00f3n de una nueva edici\u00f3n, la VI edici\u00f3n del \u201cConcurso de Relatos Cortos sobre la Semana Santa\u201d organizado por la Cofrad\u00eda Virgen del Rosario de Cand\u00e1s. En la presentaci\u00f3n del certamen participaron la concejala de Cultura Cecilia Tasc\u00f3n; adem\u00e1s del p\u00e1rroco local Jos\u00e9\" \/>\n\t\t<meta name=\"twitter:creator\" content=\"@nbasturias\" \/>\n\t\t<meta name=\"twitter:image\" content=\"https:\/\/candas365.es\/noticias\/wp-content\/uploads\/2016\/06\/puerto-de-cand\u00e1s.jpg\" \/>\n\t\t<meta name=\"twitter:label1\" content=\"Escrito por\" \/>\n\t\t<meta name=\"twitter:data1\" content=\"Cand\u00e1s 365\" \/>\n\t\t<meta name=\"twitter:label2\" content=\"Tiempo de lectura estimado\" \/>\n\t\t<meta name=\"twitter:data2\" content=\"2 minutos\" \/>\n\t\t<script type=\"application\/ld+json\" class=\"aioseo-schema\">\n\t\t\t{\"@context\":\"https:\\\/\\\/schema.org\",\"@graph\":[{\"@type\":\"BreadcrumbList\",\"@id\":\"https:\\\/\\\/candas365.es\\\/noticias\\\/vi-concurso-de-relatos-cortos-sobre-la-semana-santa-en-candas\\\/#breadcrumblist\",\"itemListElement\":[{\"@type\":\"ListItem\",\"@id\":\"https:\\\/\\\/candas365.es\\\/noticias#listItem\",\"position\":1,\"name\":\"Home\",\"item\":\"https:\\\/\\\/candas365.es\\\/noticias\",\"nextItem\":{\"@type\":\"ListItem\",\"@id\":\"https:\\\/\\\/candas365.es\\\/noticias\\\/category\\\/noticias-carreno\\\/#listItem\",\"name\":\"Noticias Carre\\u00f1o\"}},{\"@type\":\"ListItem\",\"@id\":\"https:\\\/\\\/candas365.es\\\/noticias\\\/category\\\/noticias-carreno\\\/#listItem\",\"position\":2,\"name\":\"Noticias Carre\\u00f1o\",\"item\":\"https:\\\/\\\/candas365.es\\\/noticias\\\/category\\\/noticias-carreno\\\/\",\"nextItem\":{\"@type\":\"ListItem\",\"@id\":\"https:\\\/\\\/candas365.es\\\/noticias\\\/vi-concurso-de-relatos-cortos-sobre-la-semana-santa-en-candas\\\/#listItem\",\"name\":\"VI Concurso de Relatos Cortos sobre la Semana Santa, en Cand\\u00e1s\"},\"previousItem\":{\"@type\":\"ListItem\",\"@id\":\"https:\\\/\\\/candas365.es\\\/noticias#listItem\",\"name\":\"Home\"}},{\"@type\":\"ListItem\",\"@id\":\"https:\\\/\\\/candas365.es\\\/noticias\\\/vi-concurso-de-relatos-cortos-sobre-la-semana-santa-en-candas\\\/#listItem\",\"position\":3,\"name\":\"VI Concurso de Relatos Cortos sobre la Semana Santa, en Cand\\u00e1s\",\"previousItem\":{\"@type\":\"ListItem\",\"@id\":\"https:\\\/\\\/candas365.es\\\/noticias\\\/category\\\/noticias-carreno\\\/#listItem\",\"name\":\"Noticias Carre\\u00f1o\"}}]},{\"@type\":\"NewsArticle\",\"@id\":\"https:\\\/\\\/candas365.es\\\/noticias\\\/vi-concurso-de-relatos-cortos-sobre-la-semana-santa-en-candas\\\/#newsarticle\",\"name\":\"VI Concurso de Relatos Cortos sobre la Semana Santa, en Cand\\u00e1s | Cand\\u00e1s 365\",\"headline\":\"VI Concurso de Relatos Cortos sobre la Semana Santa, en Cand\\u00e1s\",\"author\":{\"@id\":\"https:\\\/\\\/candas365.es\\\/noticias\\\/author\\\/admin\\\/#author\"},\"publisher\":{\"@id\":\"https:\\\/\\\/candas365.es\\\/noticias\\\/#organization\"},\"image\":{\"@type\":\"ImageObject\",\"url\":\"https:\\\/\\\/candas365.es\\\/noticias\\\/wp-content\\\/uploads\\\/2016\\\/06\\\/puerto-de-cand\\u00e1s.jpg\",\"width\":911,\"height\":479},\"datePublished\":\"2019-01-29T22:00:19+01:00\",\"dateModified\":\"2019-01-29T22:00:19+01:00\",\"inLanguage\":\"es-ES\",\"mainEntityOfPage\":{\"@id\":\"https:\\\/\\\/candas365.es\\\/noticias\\\/vi-concurso-de-relatos-cortos-sobre-la-semana-santa-en-candas\\\/#webpage\"},\"isPartOf\":{\"@id\":\"https:\\\/\\\/candas365.es\\\/noticias\\\/vi-concurso-de-relatos-cortos-sobre-la-semana-santa-en-candas\\\/#webpage\"},\"articleSection\":\"Noticias Carre\\u00f1o\",\"dateline\":\"Publicado el enero 29, 2019.\"},{\"@type\":\"Organization\",\"@id\":\"https:\\\/\\\/candas365.es\\\/noticias\\\/#organization\",\"name\":\"Cand\\u00e1s 365\",\"description\":\"Cand\\u00e1s 365 es un diario digital independiente, fundado en 2012, con base en Asturias. Informamos con rigor sobre actualidad, sociedad, cultura y ocio, con una mirada local y global.\",\"url\":\"https:\\\/\\\/candas365.es\\\/noticias\\\/\",\"email\":\"info@candas365.es\",\"telephone\":\"+34652131393\",\"foundingDate\":\"2012-06-10\",\"logo\":{\"@type\":\"ImageObject\",\"url\":\"https:\\\/\\\/candas365.es\\\/noticias\\\/wp-content\\\/uploads\\\/2024\\\/09\\\/Candas-365-Redes.jpg\",\"@id\":\"https:\\\/\\\/candas365.es\\\/noticias\\\/vi-concurso-de-relatos-cortos-sobre-la-semana-santa-en-candas\\\/#organizationLogo\",\"width\":1152,\"height\":864,\"caption\":\"Cand\\u00e1s 365 Redes\"},\"image\":{\"@id\":\"https:\\\/\\\/candas365.es\\\/noticias\\\/vi-concurso-de-relatos-cortos-sobre-la-semana-santa-en-candas\\\/#organizationLogo\"},\"sameAs\":[\"https:\\\/\\\/www.facebook.com\\\/Nachofdezber\",\"https:\\\/\\\/x.com\\\/NabercoDigital\",\"https:\\\/\\\/www.instagram.com\\\/nachofdezber\\\/\",\"https:\\\/\\\/www.youtube.com\\\/channel\\\/UCZP-2wLEB9Rv6erhFmqVnvg\"],\"address\":{\"@id\":\"https:\\\/\\\/candas365.es\\\/noticias\\\/#postaladdress\",\"@type\":\"PostalAddress\",\"streetAddress\":\"san antonio 4, san antonio 4\",\"postalCode\":\"33430\",\"addressLocality\":\"Cand\\u00e1s\",\"addressRegion\":\"Asturias\",\"addressCountry\":\"ES\"}},{\"@type\":\"Person\",\"@id\":\"https:\\\/\\\/candas365.es\\\/noticias\\\/author\\\/admin\\\/#author\",\"url\":\"https:\\\/\\\/candas365.es\\\/noticias\\\/author\\\/admin\\\/\",\"name\":\"Cand\\u00e1s 365\",\"image\":{\"@type\":\"ImageObject\",\"@id\":\"https:\\\/\\\/candas365.es\\\/noticias\\\/vi-concurso-de-relatos-cortos-sobre-la-semana-santa-en-candas\\\/#authorImage\",\"url\":\"https:\\\/\\\/secure.gravatar.com\\\/avatar\\\/496a8e03d0c493ede1718b7934145dbdf8d89be1036b0eec9544e1094c9de390?s=96&d=mm&r=g\",\"width\":96,\"height\":96,\"caption\":\"Cand\\u00e1s 365\"},\"sameAs\":[\"https:\\\/\\\/www.facebook.com\\\/carrenoactualidad\",\"https:\\\/\\\/twitter.com\\\/nbasturias\",\"https:\\\/\\\/www.instagram.com\\\/nachofdezber\\\/\",\"https:\\\/\\\/www.youtube.com\\\/channel\\\/UCZP-2wLEB9Rv6erhFmqVnvg\"]},{\"@type\":\"WebPage\",\"@id\":\"https:\\\/\\\/candas365.es\\\/noticias\\\/vi-concurso-de-relatos-cortos-sobre-la-semana-santa-en-candas\\\/#webpage\",\"url\":\"https:\\\/\\\/candas365.es\\\/noticias\\\/vi-concurso-de-relatos-cortos-sobre-la-semana-santa-en-candas\\\/\",\"name\":\"VI Concurso de Relatos Cortos sobre la Semana Santa, en Cand\\u00e1s | Cand\\u00e1s 365\",\"description\":\"La Casa de la Cultura de Cand\\u00e1s acogi\\u00f3 el 28 de enero, la presentaci\\u00f3n de una nueva edici\\u00f3n, la VI edici\\u00f3n del \\u201cConcurso de Relatos Cortos sobre la Semana Santa\\u201d organizado por la Cofrad\\u00eda Virgen del Rosario de Cand\\u00e1s. En la presentaci\\u00f3n del certamen participaron la concejala de Cultura Cecilia Tasc\\u00f3n; adem\\u00e1s del p\\u00e1rroco local Jos\\u00e9\",\"inLanguage\":\"es-ES\",\"isPartOf\":{\"@id\":\"https:\\\/\\\/candas365.es\\\/noticias\\\/#website\"},\"breadcrumb\":{\"@id\":\"https:\\\/\\\/candas365.es\\\/noticias\\\/vi-concurso-de-relatos-cortos-sobre-la-semana-santa-en-candas\\\/#breadcrumblist\"},\"author\":{\"@id\":\"https:\\\/\\\/candas365.es\\\/noticias\\\/author\\\/admin\\\/#author\"},\"creator\":{\"@id\":\"https:\\\/\\\/candas365.es\\\/noticias\\\/author\\\/admin\\\/#author\"},\"image\":{\"@type\":\"ImageObject\",\"url\":\"https:\\\/\\\/candas365.es\\\/noticias\\\/wp-content\\\/uploads\\\/2016\\\/06\\\/puerto-de-cand\\u00e1s.jpg\",\"@id\":\"https:\\\/\\\/candas365.es\\\/noticias\\\/vi-concurso-de-relatos-cortos-sobre-la-semana-santa-en-candas\\\/#mainImage\",\"width\":911,\"height\":479},\"primaryImageOfPage\":{\"@id\":\"https:\\\/\\\/candas365.es\\\/noticias\\\/vi-concurso-de-relatos-cortos-sobre-la-semana-santa-en-candas\\\/#mainImage\"},\"datePublished\":\"2019-01-29T22:00:19+01:00\",\"dateModified\":\"2019-01-29T22:00:19+01:00\"},{\"@type\":\"WebSite\",\"@id\":\"https:\\\/\\\/candas365.es\\\/noticias\\\/#website\",\"url\":\"https:\\\/\\\/candas365.es\\\/noticias\\\/\",\"name\":\"Cand\\u00e1s 365\",\"alternateName\":\"Cand\\u00e1s 365 Noticias\",\"description\":\"Actualidad desde Carre\\u00f1o para el mundo\",\"inLanguage\":\"es-ES\",\"publisher\":{\"@id\":\"https:\\\/\\\/candas365.es\\\/noticias\\\/#organization\"}}]}\n\t\t<\/script>\n\t\t<!-- All in One SEO Pro -->\r\n\t\t<title>VI Concurso de Relatos Cortos sobre la Semana Santa, en Cand\u00e1s | Cand\u00e1s 365<\/title>\n\n","aioseo_head_json":{"title":"VI Concurso de Relatos Cortos sobre la Semana Santa, en Cand\u00e1s | Cand\u00e1s 365","description":"La Casa de la Cultura de Cand\u00e1s acogi\u00f3 el 28 de enero, la presentaci\u00f3n de una nueva edici\u00f3n, la VI edici\u00f3n del \u201cConcurso de Relatos Cortos sobre la Semana Santa\u201d organizado por la Cofrad\u00eda Virgen del Rosario de Cand\u00e1s. En la presentaci\u00f3n del certamen participaron la concejala de Cultura Cecilia Tasc\u00f3n; adem\u00e1s del p\u00e1rroco local Jos\u00e9","canonical_url":"https:\/\/candas365.es\/noticias\/vi-concurso-de-relatos-cortos-sobre-la-semana-santa-en-candas\/","robots":"max-image-preview:large","keywords":"noticias carre\u00f1o","webmasterTools":{"google-site-verification":"UA-32230408-1","msvalidate.01":"354F3CDFB2DA171B47FBE9ABF1F88D5","miscellaneous":""},"schema":{"@context":"https:\/\/schema.org","@graph":[{"@type":"BreadcrumbList","@id":"https:\/\/candas365.es\/noticias\/vi-concurso-de-relatos-cortos-sobre-la-semana-santa-en-candas\/#breadcrumblist","itemListElement":[{"@type":"ListItem","@id":"https:\/\/candas365.es\/noticias#listItem","position":1,"name":"Home","item":"https:\/\/candas365.es\/noticias","nextItem":{"@type":"ListItem","@id":"https:\/\/candas365.es\/noticias\/category\/noticias-carreno\/#listItem","name":"Noticias Carre\u00f1o"}},{"@type":"ListItem","@id":"https:\/\/candas365.es\/noticias\/category\/noticias-carreno\/#listItem","position":2,"name":"Noticias Carre\u00f1o","item":"https:\/\/candas365.es\/noticias\/category\/noticias-carreno\/","nextItem":{"@type":"ListItem","@id":"https:\/\/candas365.es\/noticias\/vi-concurso-de-relatos-cortos-sobre-la-semana-santa-en-candas\/#listItem","name":"VI Concurso de Relatos Cortos sobre la Semana Santa, en Cand\u00e1s"},"previousItem":{"@type":"ListItem","@id":"https:\/\/candas365.es\/noticias#listItem","name":"Home"}},{"@type":"ListItem","@id":"https:\/\/candas365.es\/noticias\/vi-concurso-de-relatos-cortos-sobre-la-semana-santa-en-candas\/#listItem","position":3,"name":"VI Concurso de Relatos Cortos sobre la Semana Santa, en Cand\u00e1s","previousItem":{"@type":"ListItem","@id":"https:\/\/candas365.es\/noticias\/category\/noticias-carreno\/#listItem","name":"Noticias Carre\u00f1o"}}]},{"@type":"NewsArticle","@id":"https:\/\/candas365.es\/noticias\/vi-concurso-de-relatos-cortos-sobre-la-semana-santa-en-candas\/#newsarticle","name":"VI Concurso de Relatos Cortos sobre la Semana Santa, en Cand\u00e1s | Cand\u00e1s 365","headline":"VI Concurso de Relatos Cortos sobre la Semana Santa, en Cand\u00e1s","author":{"@id":"https:\/\/candas365.es\/noticias\/author\/admin\/#author"},"publisher":{"@id":"https:\/\/candas365.es\/noticias\/#organization"},"image":{"@type":"ImageObject","url":"https:\/\/candas365.es\/noticias\/wp-content\/uploads\/2016\/06\/puerto-de-cand\u00e1s.jpg","width":911,"height":479},"datePublished":"2019-01-29T22:00:19+01:00","dateModified":"2019-01-29T22:00:19+01:00","inLanguage":"es-ES","mainEntityOfPage":{"@id":"https:\/\/candas365.es\/noticias\/vi-concurso-de-relatos-cortos-sobre-la-semana-santa-en-candas\/#webpage"},"isPartOf":{"@id":"https:\/\/candas365.es\/noticias\/vi-concurso-de-relatos-cortos-sobre-la-semana-santa-en-candas\/#webpage"},"articleSection":"Noticias Carre\u00f1o","dateline":"Publicado el enero 29, 2019."},{"@type":"Organization","@id":"https:\/\/candas365.es\/noticias\/#organization","name":"Cand\u00e1s 365","description":"Cand\u00e1s 365 es un diario digital independiente, fundado en 2012, con base en Asturias. Informamos con rigor sobre actualidad, sociedad, cultura y ocio, con una mirada local y global.","url":"https:\/\/candas365.es\/noticias\/","email":"info@candas365.es","telephone":"+34652131393","foundingDate":"2012-06-10","logo":{"@type":"ImageObject","url":"https:\/\/candas365.es\/noticias\/wp-content\/uploads\/2024\/09\/Candas-365-Redes.jpg","@id":"https:\/\/candas365.es\/noticias\/vi-concurso-de-relatos-cortos-sobre-la-semana-santa-en-candas\/#organizationLogo","width":1152,"height":864,"caption":"Cand\u00e1s 365 Redes"},"image":{"@id":"https:\/\/candas365.es\/noticias\/vi-concurso-de-relatos-cortos-sobre-la-semana-santa-en-candas\/#organizationLogo"},"sameAs":["https:\/\/www.facebook.com\/Nachofdezber","https:\/\/x.com\/NabercoDigital","https:\/\/www.instagram.com\/nachofdezber\/","https:\/\/www.youtube.com\/channel\/UCZP-2wLEB9Rv6erhFmqVnvg"],"address":{"@id":"https:\/\/candas365.es\/noticias\/#postaladdress","@type":"PostalAddress","streetAddress":"san antonio 4, san antonio 4","postalCode":"33430","addressLocality":"Cand\u00e1s","addressRegion":"Asturias","addressCountry":"ES"}},{"@type":"Person","@id":"https:\/\/candas365.es\/noticias\/author\/admin\/#author","url":"https:\/\/candas365.es\/noticias\/author\/admin\/","name":"Cand\u00e1s 365","image":{"@type":"ImageObject","@id":"https:\/\/candas365.es\/noticias\/vi-concurso-de-relatos-cortos-sobre-la-semana-santa-en-candas\/#authorImage","url":"https:\/\/secure.gravatar.com\/avatar\/496a8e03d0c493ede1718b7934145dbdf8d89be1036b0eec9544e1094c9de390?s=96&d=mm&r=g","width":96,"height":96,"caption":"Cand\u00e1s 365"},"sameAs":["https:\/\/www.facebook.com\/carrenoactualidad","https:\/\/twitter.com\/nbasturias","https:\/\/www.instagram.com\/nachofdezber\/","https:\/\/www.youtube.com\/channel\/UCZP-2wLEB9Rv6erhFmqVnvg"]},{"@type":"WebPage","@id":"https:\/\/candas365.es\/noticias\/vi-concurso-de-relatos-cortos-sobre-la-semana-santa-en-candas\/#webpage","url":"https:\/\/candas365.es\/noticias\/vi-concurso-de-relatos-cortos-sobre-la-semana-santa-en-candas\/","name":"VI Concurso de Relatos Cortos sobre la Semana Santa, en Cand\u00e1s | Cand\u00e1s 365","description":"La Casa de la Cultura de Cand\u00e1s acogi\u00f3 el 28 de enero, la presentaci\u00f3n de una nueva edici\u00f3n, la VI edici\u00f3n del \u201cConcurso de Relatos Cortos sobre la Semana Santa\u201d organizado por la Cofrad\u00eda Virgen del Rosario de Cand\u00e1s. En la presentaci\u00f3n del certamen participaron la concejala de Cultura Cecilia Tasc\u00f3n; adem\u00e1s del p\u00e1rroco local Jos\u00e9","inLanguage":"es-ES","isPartOf":{"@id":"https:\/\/candas365.es\/noticias\/#website"},"breadcrumb":{"@id":"https:\/\/candas365.es\/noticias\/vi-concurso-de-relatos-cortos-sobre-la-semana-santa-en-candas\/#breadcrumblist"},"author":{"@id":"https:\/\/candas365.es\/noticias\/author\/admin\/#author"},"creator":{"@id":"https:\/\/candas365.es\/noticias\/author\/admin\/#author"},"image":{"@type":"ImageObject","url":"https:\/\/candas365.es\/noticias\/wp-content\/uploads\/2016\/06\/puerto-de-cand\u00e1s.jpg","@id":"https:\/\/candas365.es\/noticias\/vi-concurso-de-relatos-cortos-sobre-la-semana-santa-en-candas\/#mainImage","width":911,"height":479},"primaryImageOfPage":{"@id":"https:\/\/candas365.es\/noticias\/vi-concurso-de-relatos-cortos-sobre-la-semana-santa-en-candas\/#mainImage"},"datePublished":"2019-01-29T22:00:19+01:00","dateModified":"2019-01-29T22:00:19+01:00"},{"@type":"WebSite","@id":"https:\/\/candas365.es\/noticias\/#website","url":"https:\/\/candas365.es\/noticias\/","name":"Cand\u00e1s 365","alternateName":"Cand\u00e1s 365 Noticias","description":"Actualidad desde Carre\u00f1o para el mundo","inLanguage":"es-ES","publisher":{"@id":"https:\/\/candas365.es\/noticias\/#organization"}}]},"og:locale":"es_ES","og:site_name":"Cand\u00e1s 365","og:type":"article","og:title":"VI Concurso de Relatos Cortos sobre la Semana Santa, en Cand\u00e1s | Cand\u00e1s 365","og:description":"La Casa de la Cultura de Cand\u00e1s acogi\u00f3 el 28 de enero, la presentaci\u00f3n de una nueva edici\u00f3n, la VI edici\u00f3n del \u201cConcurso de Relatos Cortos sobre la Semana Santa\u201d organizado por la Cofrad\u00eda Virgen del Rosario de Cand\u00e1s. En la presentaci\u00f3n del certamen participaron la concejala de Cultura Cecilia Tasc\u00f3n; adem\u00e1s del p\u00e1rroco local Jos\u00e9","og:url":"https:\/\/candas365.es\/noticias\/vi-concurso-de-relatos-cortos-sobre-la-semana-santa-en-candas\/","og:image":"https:\/\/candas365.es\/noticias\/wp-content\/uploads\/2016\/06\/puerto-de-cand\u00e1s.jpg","og:image:secure_url":"https:\/\/candas365.es\/noticias\/wp-content\/uploads\/2016\/06\/puerto-de-cand\u00e1s.jpg","og:image:width":911,"og:image:height":479,"article:published_time":"2019-01-29T22:00:19+00:00","article:modified_time":"2019-01-29T22:00:19+00:00","article:publisher":"https:\/\/www.facebook.com\/Nachofdezber","article:author":"https:\/\/www.facebook.com\/carrenoactualidad","twitter:card":"summary_large_image","twitter:site":"@NabercoDigital","twitter:title":"VI Concurso de Relatos Cortos sobre la Semana Santa, en Cand\u00e1s | Cand\u00e1s 365","twitter:description":"La Casa de la Cultura de Cand\u00e1s acogi\u00f3 el 28 de enero, la presentaci\u00f3n de una nueva edici\u00f3n, la VI edici\u00f3n del \u201cConcurso de Relatos Cortos sobre la Semana Santa\u201d organizado por la Cofrad\u00eda Virgen del Rosario de Cand\u00e1s. En la presentaci\u00f3n del certamen participaron la concejala de Cultura Cecilia Tasc\u00f3n; adem\u00e1s del p\u00e1rroco local Jos\u00e9","twitter:creator":"@nbasturias","twitter:image":"https:\/\/candas365.es\/noticias\/wp-content\/uploads\/2016\/06\/puerto-de-cand\u00e1s.jpg","twitter:label1":"Escrito por","twitter:data1":"Cand\u00e1s 365","twitter:label2":"Tiempo de lectura estimado","twitter:data2":"2 minutos"},"aioseo_meta_data":{"post_id":"115265","title":null,"description":null,"keywords":null,"keyphrases":null,"primary_term":null,"canonical_url":null,"og_title":null,"og_description":null,"og_object_type":"default","og_image_type":"default","og_image_url":null,"og_image_width":null,"og_image_height":null,"og_image_custom_url":null,"og_image_custom_fields":null,"og_video":null,"og_custom_url":null,"og_article_section":null,"og_article_tags":null,"twitter_use_og":false,"twitter_card":"default","twitter_image_type":"default","twitter_image_url":null,"twitter_image_custom_url":null,"twitter_image_custom_fields":null,"twitter_title":null,"twitter_description":null,"schema":{"blockGraphs":[],"customGraphs":[],"default":{"data":{"Article":[],"Course":[],"Dataset":[],"FAQPage":[],"Movie":[],"Person":[],"Product":[],"ProductReview":[],"Car":[],"Recipe":[],"Service":[],"SoftwareApplication":[],"WebPage":[]},"graphName":"","isEnabled":true},"graphs":[]},"schema_type":null,"schema_type_options":null,"pillar_content":false,"robots_default":true,"robots_noindex":false,"robots_noarchive":false,"robots_nosnippet":false,"robots_nofollow":false,"robots_noimageindex":false,"robots_noodp":false,"robots_notranslate":false,"robots_max_snippet":null,"robots_max_videopreview":null,"robots_max_imagepreview":"large","priority":null,"frequency":null,"location":null,"local_seo":null,"seo_analyzer_scan_date":"2025-08-29 03:34:18","breadcrumb_settings":null,"limit_modified_date":false,"reviewed_by":null,"open_ai":null,"ai":null,"created":"2020-12-21 11:18:55","updated":"2025-08-29 03:34:18"},"aioseo_breadcrumb":"<div class=\"aioseo-breadcrumbs\"><span class=\"aioseo-breadcrumb\">\n\t<a href=\"https:\/\/candas365.es\/noticias\" title=\"Home\">Home<\/a>\n<\/span><span class=\"aioseo-breadcrumb-separator\">&ndash;<\/span><span class=\"aioseo-breadcrumb\">\n\t<a href=\"https:\/\/candas365.es\/noticias\/category\/noticias-carreno\/\" title=\"Noticias Carre\u00f1o\">Noticias Carre\u00f1o<\/a>\n<\/span><span class=\"aioseo-breadcrumb-separator\">&ndash;<\/span><span class=\"aioseo-breadcrumb\">\n\tVI Concurso de Relatos Cortos sobre la Semana Santa, en Cand\u00e1s\n<\/span><\/div>","aioseo_breadcrumb_json":[{"label":"Home","link":"https:\/\/candas365.es\/noticias"},{"label":"Noticias Carre\u00f1o","link":"https:\/\/candas365.es\/noticias\/category\/noticias-carreno\/"},{"label":"VI Concurso de Relatos Cortos sobre la Semana Santa, en Cand\u00e1s","link":"https:\/\/candas365.es\/noticias\/vi-concurso-de-relatos-cortos-sobre-la-semana-santa-en-candas\/"}],"_links":{"self":[{"href":"https:\/\/candas365.es\/noticias\/wp-json\/wp\/v2\/posts\/115265","targetHints":{"allow":["GET"]}}],"collection":[{"href":"https:\/\/candas365.es\/noticias\/wp-json\/wp\/v2\/posts"}],"about":[{"href":"https:\/\/candas365.es\/noticias\/wp-json\/wp\/v2\/types\/post"}],"author":[{"embeddable":true,"href":"https:\/\/candas365.es\/noticias\/wp-json\/wp\/v2\/users\/1"}],"replies":[{"embeddable":true,"href":"https:\/\/candas365.es\/noticias\/wp-json\/wp\/v2\/comments?post=115265"}],"version-history":[{"count":0,"href":"https:\/\/candas365.es\/noticias\/wp-json\/wp\/v2\/posts\/115265\/revisions"}],"wp:featuredmedia":[{"embeddable":true,"href":"https:\/\/candas365.es\/noticias\/wp-json\/wp\/v2\/media\/30104"}],"wp:attachment":[{"href":"https:\/\/candas365.es\/noticias\/wp-json\/wp\/v2\/media?parent=115265"}],"wp:term":[{"taxonomy":"category","embeddable":true,"href":"https:\/\/candas365.es\/noticias\/wp-json\/wp\/v2\/categories?post=115265"},{"taxonomy":"post_tag","embeddable":true,"href":"https:\/\/candas365.es\/noticias\/wp-json\/wp\/v2\/tags?post=115265"}],"curies":[{"name":"wp","href":"https:\/\/api.w.org\/{rel}","templated":true}]}}