{"id":115259,"date":"2019-01-29T21:35:41","date_gmt":"2019-01-29T21:35:41","guid":{"rendered":"http:\/\/candas365.es\/noticias\/?p=115259"},"modified":"2019-01-29T21:35:41","modified_gmt":"2019-01-29T21:35:41","slug":"fernando-savater-protagoniza-el-proximo-imprescindibles","status":"publish","type":"post","link":"https:\/\/candas365.es\/noticias\/fernando-savater-protagoniza-el-proximo-imprescindibles\/","title":{"rendered":"Fernando Savater protagoniza el pr\u00f3ximo &#8216;Imprescindibles&#8217;"},"content":{"rendered":"<p><img fetchpriority=\"high\" decoding=\"async\" class=\"alignleft size-medium wp-image-115260\" src=\"https:\/\/candas365.es\/noticias\/wp-content\/uploads\/2019\/01\/ndptele29011903-360x203.jpg\" alt=\"\" width=\"360\" height=\"203\" srcset=\"https:\/\/candas365.es\/noticias\/wp-content\/uploads\/2019\/01\/ndptele29011903-360x203.jpg 360w, https:\/\/candas365.es\/noticias\/wp-content\/uploads\/2019\/01\/ndptele29011903-768x432.jpg 768w, https:\/\/candas365.es\/noticias\/wp-content\/uploads\/2019\/01\/ndptele29011903-655x368.jpg 655w, https:\/\/candas365.es\/noticias\/wp-content\/uploads\/2019\/01\/ndptele29011903-696x392.jpg 696w, https:\/\/candas365.es\/noticias\/wp-content\/uploads\/2019\/01\/ndptele29011903-1068x601.jpg 1068w, https:\/\/candas365.es\/noticias\/wp-content\/uploads\/2019\/01\/ndptele29011903-747x420.jpg 747w, https:\/\/candas365.es\/noticias\/wp-content\/uploads\/2019\/01\/ndptele29011903.jpg 1600w\" sizes=\"(max-width: 360px) 100vw, 360px\" \/>Fernando Savater. Ahora que lo pienso&#8217; es la pr\u00f3xima entrega del ciclo &#8216;Somos Documental&#8217;. Una producci\u00f3n propia de RTVE, dirigida por David Herranz y Fernando Sanju\u00e1n, que, a trav\u00e9s del archivo de RTVE y del material fotogr\u00e1fico del propio Savater, reconstruye su trayectoria, visita sus lugares y referencias vitales y bucea en su lucha y reivindicaciones. Se preestrena en Cineteca de Matadero Madrid este jueves 31 de enero, con la asistencia del protagonista del documental, y llega a La 2 el domingo 3 de febrero, en &#8216;Imprescindibles&#8217;.<\/p>\n<p>Fernando Savater, brillante y polifac\u00e9tico, cuenta su trayectoria desde sus \u201cguaridas\u201d en Madrid y San Sebasti\u00e1n. Su sue\u00f1o infantil, nunca cumplido, es viajar al \u00c1frica misteriosa, llena de peligrosos animales y valientes exploradores. El documental es testigo de su gran pasi\u00f3n, las carreras de caballos, y recorre su para\u00edso emocional: la ciudad de San Sebasti\u00e1n, el lugar donde siempre quiere estar.<\/p>\n<p>Agust\u00edn Garc\u00eda Calvo fue su gran maestro. Provocador e inconformista, asust\u00f3 a las autoridades universitarias franquistas con su tesis sobre Cioran, el fil\u00f3sofo pesimista rumano que viv\u00eda exiliado en Par\u00eds y que era un desconocido entonces.<\/p>\n<p>Estuvo vetado en las universidades Complutense y Aut\u00f3noma y, al fin, se incorpor\u00f3 a la Facultad de Filosof\u00eda en Zorroaga, donde dio clases y dirigi\u00f3 la tesis de Dolores Gonz\u00e1lez Catarain,\u201cYoyes\u201d, la dirigente etarra que hab\u00eda dejado la banda y regresado al Pa\u00eds Vasco. Fernando Savater se implic\u00f3 en la lucha por la libertad y los derechos civiles, contra el terrorismo y a favor del Estado de Derecho, a trav\u00e9s de diferentes colectivos y plataformas: es uno de los creadores de &#8216;\u00a1Basta ya!&#8217;, plataforma decisiva en el fin del terrorismo.<\/p>\n<p>Fernando Savater es periodista, escritor, ensayista, divulgador\u2026y, sobre todas las cosas, es un voraz e inteligente lector. Coet\u00e1neo de la generaci\u00f3n de mayo del 68, es heredero de los ideales de la Ilustraci\u00f3n y un ejemplo de lo que significa ser un intelectual: el compromiso c\u00edvico con una sociedad democr\u00e1tica, la insistencia en educar a las personas para ser ciudadanos y la lucha contra la barbarie, el terrorismo y la amenaza de una parte de la sociedad sobre el resto.<\/p>\n<p>Sus ideas, inquietudes y hasta sus cuestiones juveniles est\u00e1n plasmadas en sus ensayos: &#8216;\u00c9tica para Amador&#8217;, &#8216;Politica para Amador&#8217; o &#8216;Las preguntas de la vida&#8217; son algunos de sus libros de referencia.<\/p>\n<p>&#8216;Fernando Savater, Ahora que lo pienso&#8217; se preestrena el jueves 31 de enero a las 20:00 horas en Cineteca. Al acto asistir\u00e1 Fernando Savater y el equipo del documental. Tras la proyecci\u00f3n habr\u00e1 un coloquio moderado por Ana Pel\u00e1ez, directora de &#8216;Imprescindibles&#8217;. El estreno llegar\u00e1 a La 2 el domingo 3 de febrero a las 21:30 horas.<\/p>\n","protected":false},"excerpt":{"rendered":"<p>Fernando Savater. Ahora que lo pienso&#8217; es la pr\u00f3xima entrega del ciclo &#8216;Somos Documental&#8217;. Una producci\u00f3n propia de RTVE, dirigida por David Herranz y Fernando Sanju\u00e1n, que, a trav\u00e9s del archivo de RTVE y del material fotogr\u00e1fico del propio Savater, reconstruye su trayectoria, visita sus lugares y referencias vitales y bucea en su lucha y<\/p>\n","protected":false},"author":1,"featured_media":115260,"comment_status":"closed","ping_status":"closed","sticky":false,"template":"","format":"standard","meta":{"footnotes":""},"categories":[1],"tags":[],"class_list":{"0":"post-115259","1":"post","2":"type-post","3":"status-publish","4":"format-standard","5":"has-post-thumbnail","7":"category-agenda"},"aioseo_notices":[],"aioseo_head":"\n\t\t<!-- All in One SEO Pro 4.9.6.2 - aioseo.com -->\n\t<meta name=\"description\" content=\"Fernando Savater. Ahora que lo pienso&#039; es la pr\u00f3xima entrega del ciclo &#039;Somos Documental&#039;. Una producci\u00f3n propia de RTVE, dirigida por David Herranz y Fernando Sanju\u00e1n, que, a trav\u00e9s del archivo de RTVE y del material fotogr\u00e1fico del propio Savater, reconstruye su trayectoria, visita sus lugares y referencias vitales y bucea en su lucha y\" \/>\n\t<meta name=\"robots\" content=\"max-image-preview:large\" \/>\n\t<meta name=\"author\" content=\"Cand\u00e1s 365\"\/>\n\t<meta name=\"google-site-verification\" content=\"UA-32230408-1\" \/>\n\t<meta name=\"msvalidate.01\" content=\"354F3CDFB2DA171B47FBE9ABF1F88D5\" \/>\n\t<meta name=\"keywords\" content=\"agenda\" \/>\n\t<link rel=\"canonical\" href=\"https:\/\/candas365.es\/noticias\/fernando-savater-protagoniza-el-proximo-imprescindibles\/\" \/>\n\t<meta name=\"generator\" content=\"All in One SEO Pro (AIOSEO) 4.9.6.2\" \/>\n\t\t<meta property=\"og:locale\" content=\"es_ES\" \/>\n\t\t<meta property=\"og:site_name\" content=\"Cand\u00e1s 365\" \/>\n\t\t<meta property=\"og:type\" content=\"article\" \/>\n\t\t<meta property=\"og:title\" content=\"Fernando Savater protagoniza el pr\u00f3ximo \u2018Imprescindibles\u2019 | Cand\u00e1s 365\" \/>\n\t\t<meta property=\"og:description\" content=\"Fernando Savater. Ahora que lo pienso&#039; es la pr\u00f3xima entrega del ciclo &#039;Somos Documental&#039;. Una producci\u00f3n propia de RTVE, dirigida por David Herranz y Fernando Sanju\u00e1n, que, a trav\u00e9s del archivo de RTVE y del material fotogr\u00e1fico del propio Savater, reconstruye su trayectoria, visita sus lugares y referencias vitales y bucea en su lucha y\" \/>\n\t\t<meta property=\"og:url\" content=\"https:\/\/candas365.es\/noticias\/fernando-savater-protagoniza-el-proximo-imprescindibles\/\" \/>\n\t\t<meta property=\"og:image\" content=\"https:\/\/candas365.es\/noticias\/wp-content\/uploads\/2019\/01\/ndptele29011903.jpg\" \/>\n\t\t<meta property=\"og:image:secure_url\" content=\"https:\/\/candas365.es\/noticias\/wp-content\/uploads\/2019\/01\/ndptele29011903.jpg\" \/>\n\t\t<meta property=\"og:image:width\" content=\"1600\" \/>\n\t\t<meta property=\"og:image:height\" content=\"900\" \/>\n\t\t<meta property=\"article:published_time\" content=\"2019-01-29T21:35:41+00:00\" \/>\n\t\t<meta property=\"article:modified_time\" content=\"2019-01-29T21:35:41+00:00\" \/>\n\t\t<meta property=\"article:publisher\" content=\"https:\/\/www.facebook.com\/Nachofdezber\" \/>\n\t\t<meta property=\"article:author\" content=\"https:\/\/www.facebook.com\/carrenoactualidad\" \/>\n\t\t<meta name=\"twitter:card\" content=\"summary_large_image\" \/>\n\t\t<meta name=\"twitter:site\" content=\"@NabercoDigital\" \/>\n\t\t<meta name=\"twitter:title\" content=\"Fernando Savater protagoniza el pr\u00f3ximo \u2018Imprescindibles\u2019 | Cand\u00e1s 365\" \/>\n\t\t<meta name=\"twitter:description\" content=\"Fernando Savater. Ahora que lo pienso&#039; es la pr\u00f3xima entrega del ciclo &#039;Somos Documental&#039;. Una producci\u00f3n propia de RTVE, dirigida por David Herranz y Fernando Sanju\u00e1n, que, a trav\u00e9s del archivo de RTVE y del material fotogr\u00e1fico del propio Savater, reconstruye su trayectoria, visita sus lugares y referencias vitales y bucea en su lucha y\" \/>\n\t\t<meta name=\"twitter:creator\" content=\"@nbasturias\" \/>\n\t\t<meta name=\"twitter:image\" content=\"https:\/\/candas365.es\/noticias\/wp-content\/uploads\/2019\/01\/ndptele29011903.jpg\" \/>\n\t\t<meta name=\"twitter:label1\" content=\"Escrito por\" \/>\n\t\t<meta name=\"twitter:data1\" content=\"Cand\u00e1s 365\" \/>\n\t\t<meta name=\"twitter:label2\" content=\"Tiempo de lectura estimado\" \/>\n\t\t<meta name=\"twitter:data2\" content=\"2 minutos\" \/>\n\t\t<script type=\"application\/ld+json\" class=\"aioseo-schema\">\n\t\t\t{\"@context\":\"https:\\\/\\\/schema.org\",\"@graph\":[{\"@type\":\"BreadcrumbList\",\"@id\":\"https:\\\/\\\/candas365.es\\\/noticias\\\/fernando-savater-protagoniza-el-proximo-imprescindibles\\\/#breadcrumblist\",\"itemListElement\":[{\"@type\":\"ListItem\",\"@id\":\"https:\\\/\\\/candas365.es\\\/noticias#listItem\",\"position\":1,\"name\":\"Home\",\"item\":\"https:\\\/\\\/candas365.es\\\/noticias\",\"nextItem\":{\"@type\":\"ListItem\",\"@id\":\"https:\\\/\\\/candas365.es\\\/noticias\\\/category\\\/agenda\\\/#listItem\",\"name\":\"Agenda\"}},{\"@type\":\"ListItem\",\"@id\":\"https:\\\/\\\/candas365.es\\\/noticias\\\/category\\\/agenda\\\/#listItem\",\"position\":2,\"name\":\"Agenda\",\"item\":\"https:\\\/\\\/candas365.es\\\/noticias\\\/category\\\/agenda\\\/\",\"nextItem\":{\"@type\":\"ListItem\",\"@id\":\"https:\\\/\\\/candas365.es\\\/noticias\\\/fernando-savater-protagoniza-el-proximo-imprescindibles\\\/#listItem\",\"name\":\"Fernando Savater protagoniza el pr\\u00f3ximo &#8216;Imprescindibles&#8217;\"},\"previousItem\":{\"@type\":\"ListItem\",\"@id\":\"https:\\\/\\\/candas365.es\\\/noticias#listItem\",\"name\":\"Home\"}},{\"@type\":\"ListItem\",\"@id\":\"https:\\\/\\\/candas365.es\\\/noticias\\\/fernando-savater-protagoniza-el-proximo-imprescindibles\\\/#listItem\",\"position\":3,\"name\":\"Fernando Savater protagoniza el pr\\u00f3ximo &#8216;Imprescindibles&#8217;\",\"previousItem\":{\"@type\":\"ListItem\",\"@id\":\"https:\\\/\\\/candas365.es\\\/noticias\\\/category\\\/agenda\\\/#listItem\",\"name\":\"Agenda\"}}]},{\"@type\":\"NewsArticle\",\"@id\":\"https:\\\/\\\/candas365.es\\\/noticias\\\/fernando-savater-protagoniza-el-proximo-imprescindibles\\\/#newsarticle\",\"name\":\"Fernando Savater protagoniza el pr\\u00f3ximo \\u2018Imprescindibles\\u2019 | Cand\\u00e1s 365\",\"headline\":\"Fernando Savater protagoniza el pr\\u00f3ximo &#8216;Imprescindibles&#8217;\",\"author\":{\"@id\":\"https:\\\/\\\/candas365.es\\\/noticias\\\/author\\\/admin\\\/#author\"},\"publisher\":{\"@id\":\"https:\\\/\\\/candas365.es\\\/noticias\\\/#organization\"},\"image\":{\"@type\":\"ImageObject\",\"url\":\"https:\\\/\\\/candas365.es\\\/noticias\\\/wp-content\\\/uploads\\\/2019\\\/01\\\/ndptele29011903.jpg\",\"width\":1600,\"height\":900},\"datePublished\":\"2019-01-29T21:35:41+01:00\",\"dateModified\":\"2019-01-29T21:35:41+01:00\",\"inLanguage\":\"es-ES\",\"mainEntityOfPage\":{\"@id\":\"https:\\\/\\\/candas365.es\\\/noticias\\\/fernando-savater-protagoniza-el-proximo-imprescindibles\\\/#webpage\"},\"isPartOf\":{\"@id\":\"https:\\\/\\\/candas365.es\\\/noticias\\\/fernando-savater-protagoniza-el-proximo-imprescindibles\\\/#webpage\"},\"articleSection\":\"Agenda\",\"dateline\":\"Publicado el enero 29, 2019.\"},{\"@type\":\"Organization\",\"@id\":\"https:\\\/\\\/candas365.es\\\/noticias\\\/#organization\",\"name\":\"Cand\\u00e1s 365\",\"description\":\"Cand\\u00e1s 365 es un diario digital independiente, fundado en 2012, con base en Asturias. Informamos con rigor sobre actualidad, sociedad, cultura y ocio, con una mirada local y global.\",\"url\":\"https:\\\/\\\/candas365.es\\\/noticias\\\/\",\"email\":\"info@candas365.es\",\"telephone\":\"+34652131393\",\"foundingDate\":\"2012-06-10\",\"logo\":{\"@type\":\"ImageObject\",\"url\":\"https:\\\/\\\/candas365.es\\\/noticias\\\/wp-content\\\/uploads\\\/2024\\\/09\\\/Candas-365-Redes.jpg\",\"@id\":\"https:\\\/\\\/candas365.es\\\/noticias\\\/fernando-savater-protagoniza-el-proximo-imprescindibles\\\/#organizationLogo\",\"width\":1152,\"height\":864,\"caption\":\"Cand\\u00e1s 365 Redes\"},\"image\":{\"@id\":\"https:\\\/\\\/candas365.es\\\/noticias\\\/fernando-savater-protagoniza-el-proximo-imprescindibles\\\/#organizationLogo\"},\"sameAs\":[\"https:\\\/\\\/www.facebook.com\\\/Nachofdezber\",\"https:\\\/\\\/x.com\\\/NabercoDigital\",\"https:\\\/\\\/www.instagram.com\\\/nachofdezber\\\/\",\"https:\\\/\\\/www.youtube.com\\\/channel\\\/UCZP-2wLEB9Rv6erhFmqVnvg\"],\"address\":{\"@id\":\"https:\\\/\\\/candas365.es\\\/noticias\\\/#postaladdress\",\"@type\":\"PostalAddress\",\"streetAddress\":\"san antonio 4, san antonio 4\",\"postalCode\":\"33430\",\"addressLocality\":\"Cand\\u00e1s\",\"addressRegion\":\"Asturias\",\"addressCountry\":\"ES\"}},{\"@type\":\"Person\",\"@id\":\"https:\\\/\\\/candas365.es\\\/noticias\\\/author\\\/admin\\\/#author\",\"url\":\"https:\\\/\\\/candas365.es\\\/noticias\\\/author\\\/admin\\\/\",\"name\":\"Cand\\u00e1s 365\",\"image\":{\"@type\":\"ImageObject\",\"@id\":\"https:\\\/\\\/candas365.es\\\/noticias\\\/fernando-savater-protagoniza-el-proximo-imprescindibles\\\/#authorImage\",\"url\":\"https:\\\/\\\/secure.gravatar.com\\\/avatar\\\/496a8e03d0c493ede1718b7934145dbdf8d89be1036b0eec9544e1094c9de390?s=96&d=mm&r=g\",\"width\":96,\"height\":96,\"caption\":\"Cand\\u00e1s 365\"},\"sameAs\":[\"https:\\\/\\\/www.facebook.com\\\/carrenoactualidad\",\"https:\\\/\\\/twitter.com\\\/nbasturias\",\"https:\\\/\\\/www.instagram.com\\\/nachofdezber\\\/\",\"https:\\\/\\\/www.youtube.com\\\/channel\\\/UCZP-2wLEB9Rv6erhFmqVnvg\"]},{\"@type\":\"WebPage\",\"@id\":\"https:\\\/\\\/candas365.es\\\/noticias\\\/fernando-savater-protagoniza-el-proximo-imprescindibles\\\/#webpage\",\"url\":\"https:\\\/\\\/candas365.es\\\/noticias\\\/fernando-savater-protagoniza-el-proximo-imprescindibles\\\/\",\"name\":\"Fernando Savater protagoniza el pr\\u00f3ximo \\u2018Imprescindibles\\u2019 | Cand\\u00e1s 365\",\"description\":\"Fernando Savater. Ahora que lo pienso' es la pr\\u00f3xima entrega del ciclo 'Somos Documental'. Una producci\\u00f3n propia de RTVE, dirigida por David Herranz y Fernando Sanju\\u00e1n, que, a trav\\u00e9s del archivo de RTVE y del material fotogr\\u00e1fico del propio Savater, reconstruye su trayectoria, visita sus lugares y referencias vitales y bucea en su lucha y\",\"inLanguage\":\"es-ES\",\"isPartOf\":{\"@id\":\"https:\\\/\\\/candas365.es\\\/noticias\\\/#website\"},\"breadcrumb\":{\"@id\":\"https:\\\/\\\/candas365.es\\\/noticias\\\/fernando-savater-protagoniza-el-proximo-imprescindibles\\\/#breadcrumblist\"},\"author\":{\"@id\":\"https:\\\/\\\/candas365.es\\\/noticias\\\/author\\\/admin\\\/#author\"},\"creator\":{\"@id\":\"https:\\\/\\\/candas365.es\\\/noticias\\\/author\\\/admin\\\/#author\"},\"image\":{\"@type\":\"ImageObject\",\"url\":\"https:\\\/\\\/candas365.es\\\/noticias\\\/wp-content\\\/uploads\\\/2019\\\/01\\\/ndptele29011903.jpg\",\"@id\":\"https:\\\/\\\/candas365.es\\\/noticias\\\/fernando-savater-protagoniza-el-proximo-imprescindibles\\\/#mainImage\",\"width\":1600,\"height\":900},\"primaryImageOfPage\":{\"@id\":\"https:\\\/\\\/candas365.es\\\/noticias\\\/fernando-savater-protagoniza-el-proximo-imprescindibles\\\/#mainImage\"},\"datePublished\":\"2019-01-29T21:35:41+01:00\",\"dateModified\":\"2019-01-29T21:35:41+01:00\"},{\"@type\":\"WebSite\",\"@id\":\"https:\\\/\\\/candas365.es\\\/noticias\\\/#website\",\"url\":\"https:\\\/\\\/candas365.es\\\/noticias\\\/\",\"name\":\"Cand\\u00e1s 365\",\"alternateName\":\"Cand\\u00e1s 365 Noticias\",\"description\":\"Actualidad desde Carre\\u00f1o para el mundo\",\"inLanguage\":\"es-ES\",\"publisher\":{\"@id\":\"https:\\\/\\\/candas365.es\\\/noticias\\\/#organization\"}}]}\n\t\t<\/script>\n\t\t<!-- All in One SEO Pro -->\r\n\t\t<title>Fernando Savater protagoniza el pr\u00f3ximo \u2018Imprescindibles\u2019 | Cand\u00e1s 365<\/title>\n\n","aioseo_head_json":{"title":"Fernando Savater protagoniza el pr\u00f3ximo \u2018Imprescindibles\u2019 | Cand\u00e1s 365","description":"Fernando Savater. Ahora que lo pienso' es la pr\u00f3xima entrega del ciclo 'Somos Documental'. Una producci\u00f3n propia de RTVE, dirigida por David Herranz y Fernando Sanju\u00e1n, que, a trav\u00e9s del archivo de RTVE y del material fotogr\u00e1fico del propio Savater, reconstruye su trayectoria, visita sus lugares y referencias vitales y bucea en su lucha y","canonical_url":"https:\/\/candas365.es\/noticias\/fernando-savater-protagoniza-el-proximo-imprescindibles\/","robots":"max-image-preview:large","keywords":"agenda","webmasterTools":{"google-site-verification":"UA-32230408-1","msvalidate.01":"354F3CDFB2DA171B47FBE9ABF1F88D5","miscellaneous":""},"schema":{"@context":"https:\/\/schema.org","@graph":[{"@type":"BreadcrumbList","@id":"https:\/\/candas365.es\/noticias\/fernando-savater-protagoniza-el-proximo-imprescindibles\/#breadcrumblist","itemListElement":[{"@type":"ListItem","@id":"https:\/\/candas365.es\/noticias#listItem","position":1,"name":"Home","item":"https:\/\/candas365.es\/noticias","nextItem":{"@type":"ListItem","@id":"https:\/\/candas365.es\/noticias\/category\/agenda\/#listItem","name":"Agenda"}},{"@type":"ListItem","@id":"https:\/\/candas365.es\/noticias\/category\/agenda\/#listItem","position":2,"name":"Agenda","item":"https:\/\/candas365.es\/noticias\/category\/agenda\/","nextItem":{"@type":"ListItem","@id":"https:\/\/candas365.es\/noticias\/fernando-savater-protagoniza-el-proximo-imprescindibles\/#listItem","name":"Fernando Savater protagoniza el pr\u00f3ximo &#8216;Imprescindibles&#8217;"},"previousItem":{"@type":"ListItem","@id":"https:\/\/candas365.es\/noticias#listItem","name":"Home"}},{"@type":"ListItem","@id":"https:\/\/candas365.es\/noticias\/fernando-savater-protagoniza-el-proximo-imprescindibles\/#listItem","position":3,"name":"Fernando Savater protagoniza el pr\u00f3ximo &#8216;Imprescindibles&#8217;","previousItem":{"@type":"ListItem","@id":"https:\/\/candas365.es\/noticias\/category\/agenda\/#listItem","name":"Agenda"}}]},{"@type":"NewsArticle","@id":"https:\/\/candas365.es\/noticias\/fernando-savater-protagoniza-el-proximo-imprescindibles\/#newsarticle","name":"Fernando Savater protagoniza el pr\u00f3ximo \u2018Imprescindibles\u2019 | Cand\u00e1s 365","headline":"Fernando Savater protagoniza el pr\u00f3ximo &#8216;Imprescindibles&#8217;","author":{"@id":"https:\/\/candas365.es\/noticias\/author\/admin\/#author"},"publisher":{"@id":"https:\/\/candas365.es\/noticias\/#organization"},"image":{"@type":"ImageObject","url":"https:\/\/candas365.es\/noticias\/wp-content\/uploads\/2019\/01\/ndptele29011903.jpg","width":1600,"height":900},"datePublished":"2019-01-29T21:35:41+01:00","dateModified":"2019-01-29T21:35:41+01:00","inLanguage":"es-ES","mainEntityOfPage":{"@id":"https:\/\/candas365.es\/noticias\/fernando-savater-protagoniza-el-proximo-imprescindibles\/#webpage"},"isPartOf":{"@id":"https:\/\/candas365.es\/noticias\/fernando-savater-protagoniza-el-proximo-imprescindibles\/#webpage"},"articleSection":"Agenda","dateline":"Publicado el enero 29, 2019."},{"@type":"Organization","@id":"https:\/\/candas365.es\/noticias\/#organization","name":"Cand\u00e1s 365","description":"Cand\u00e1s 365 es un diario digital independiente, fundado en 2012, con base en Asturias. Informamos con rigor sobre actualidad, sociedad, cultura y ocio, con una mirada local y global.","url":"https:\/\/candas365.es\/noticias\/","email":"info@candas365.es","telephone":"+34652131393","foundingDate":"2012-06-10","logo":{"@type":"ImageObject","url":"https:\/\/candas365.es\/noticias\/wp-content\/uploads\/2024\/09\/Candas-365-Redes.jpg","@id":"https:\/\/candas365.es\/noticias\/fernando-savater-protagoniza-el-proximo-imprescindibles\/#organizationLogo","width":1152,"height":864,"caption":"Cand\u00e1s 365 Redes"},"image":{"@id":"https:\/\/candas365.es\/noticias\/fernando-savater-protagoniza-el-proximo-imprescindibles\/#organizationLogo"},"sameAs":["https:\/\/www.facebook.com\/Nachofdezber","https:\/\/x.com\/NabercoDigital","https:\/\/www.instagram.com\/nachofdezber\/","https:\/\/www.youtube.com\/channel\/UCZP-2wLEB9Rv6erhFmqVnvg"],"address":{"@id":"https:\/\/candas365.es\/noticias\/#postaladdress","@type":"PostalAddress","streetAddress":"san antonio 4, san antonio 4","postalCode":"33430","addressLocality":"Cand\u00e1s","addressRegion":"Asturias","addressCountry":"ES"}},{"@type":"Person","@id":"https:\/\/candas365.es\/noticias\/author\/admin\/#author","url":"https:\/\/candas365.es\/noticias\/author\/admin\/","name":"Cand\u00e1s 365","image":{"@type":"ImageObject","@id":"https:\/\/candas365.es\/noticias\/fernando-savater-protagoniza-el-proximo-imprescindibles\/#authorImage","url":"https:\/\/secure.gravatar.com\/avatar\/496a8e03d0c493ede1718b7934145dbdf8d89be1036b0eec9544e1094c9de390?s=96&d=mm&r=g","width":96,"height":96,"caption":"Cand\u00e1s 365"},"sameAs":["https:\/\/www.facebook.com\/carrenoactualidad","https:\/\/twitter.com\/nbasturias","https:\/\/www.instagram.com\/nachofdezber\/","https:\/\/www.youtube.com\/channel\/UCZP-2wLEB9Rv6erhFmqVnvg"]},{"@type":"WebPage","@id":"https:\/\/candas365.es\/noticias\/fernando-savater-protagoniza-el-proximo-imprescindibles\/#webpage","url":"https:\/\/candas365.es\/noticias\/fernando-savater-protagoniza-el-proximo-imprescindibles\/","name":"Fernando Savater protagoniza el pr\u00f3ximo \u2018Imprescindibles\u2019 | Cand\u00e1s 365","description":"Fernando Savater. Ahora que lo pienso' es la pr\u00f3xima entrega del ciclo 'Somos Documental'. Una producci\u00f3n propia de RTVE, dirigida por David Herranz y Fernando Sanju\u00e1n, que, a trav\u00e9s del archivo de RTVE y del material fotogr\u00e1fico del propio Savater, reconstruye su trayectoria, visita sus lugares y referencias vitales y bucea en su lucha y","inLanguage":"es-ES","isPartOf":{"@id":"https:\/\/candas365.es\/noticias\/#website"},"breadcrumb":{"@id":"https:\/\/candas365.es\/noticias\/fernando-savater-protagoniza-el-proximo-imprescindibles\/#breadcrumblist"},"author":{"@id":"https:\/\/candas365.es\/noticias\/author\/admin\/#author"},"creator":{"@id":"https:\/\/candas365.es\/noticias\/author\/admin\/#author"},"image":{"@type":"ImageObject","url":"https:\/\/candas365.es\/noticias\/wp-content\/uploads\/2019\/01\/ndptele29011903.jpg","@id":"https:\/\/candas365.es\/noticias\/fernando-savater-protagoniza-el-proximo-imprescindibles\/#mainImage","width":1600,"height":900},"primaryImageOfPage":{"@id":"https:\/\/candas365.es\/noticias\/fernando-savater-protagoniza-el-proximo-imprescindibles\/#mainImage"},"datePublished":"2019-01-29T21:35:41+01:00","dateModified":"2019-01-29T21:35:41+01:00"},{"@type":"WebSite","@id":"https:\/\/candas365.es\/noticias\/#website","url":"https:\/\/candas365.es\/noticias\/","name":"Cand\u00e1s 365","alternateName":"Cand\u00e1s 365 Noticias","description":"Actualidad desde Carre\u00f1o para el mundo","inLanguage":"es-ES","publisher":{"@id":"https:\/\/candas365.es\/noticias\/#organization"}}]},"og:locale":"es_ES","og:site_name":"Cand\u00e1s 365","og:type":"article","og:title":"Fernando Savater protagoniza el pr\u00f3ximo \u2018Imprescindibles\u2019 | Cand\u00e1s 365","og:description":"Fernando Savater. Ahora que lo pienso' es la pr\u00f3xima entrega del ciclo 'Somos Documental'. Una producci\u00f3n propia de RTVE, dirigida por David Herranz y Fernando Sanju\u00e1n, que, a trav\u00e9s del archivo de RTVE y del material fotogr\u00e1fico del propio Savater, reconstruye su trayectoria, visita sus lugares y referencias vitales y bucea en su lucha y","og:url":"https:\/\/candas365.es\/noticias\/fernando-savater-protagoniza-el-proximo-imprescindibles\/","og:image":"https:\/\/candas365.es\/noticias\/wp-content\/uploads\/2019\/01\/ndptele29011903.jpg","og:image:secure_url":"https:\/\/candas365.es\/noticias\/wp-content\/uploads\/2019\/01\/ndptele29011903.jpg","og:image:width":1600,"og:image:height":900,"article:published_time":"2019-01-29T21:35:41+00:00","article:modified_time":"2019-01-29T21:35:41+00:00","article:publisher":"https:\/\/www.facebook.com\/Nachofdezber","article:author":"https:\/\/www.facebook.com\/carrenoactualidad","twitter:card":"summary_large_image","twitter:site":"@NabercoDigital","twitter:title":"Fernando Savater protagoniza el pr\u00f3ximo \u2018Imprescindibles\u2019 | Cand\u00e1s 365","twitter:description":"Fernando Savater. Ahora que lo pienso' es la pr\u00f3xima entrega del ciclo 'Somos Documental'. Una producci\u00f3n propia de RTVE, dirigida por David Herranz y Fernando Sanju\u00e1n, que, a trav\u00e9s del archivo de RTVE y del material fotogr\u00e1fico del propio Savater, reconstruye su trayectoria, visita sus lugares y referencias vitales y bucea en su lucha y","twitter:creator":"@nbasturias","twitter:image":"https:\/\/candas365.es\/noticias\/wp-content\/uploads\/2019\/01\/ndptele29011903.jpg","twitter:label1":"Escrito por","twitter:data1":"Cand\u00e1s 365","twitter:label2":"Tiempo de lectura estimado","twitter:data2":"2 minutos"},"aioseo_meta_data":{"post_id":"115259","title":null,"description":null,"keywords":null,"keyphrases":null,"primary_term":null,"canonical_url":null,"og_title":null,"og_description":null,"og_object_type":"default","og_image_type":"default","og_image_url":null,"og_image_width":null,"og_image_height":null,"og_image_custom_url":null,"og_image_custom_fields":null,"og_video":null,"og_custom_url":null,"og_article_section":null,"og_article_tags":null,"twitter_use_og":false,"twitter_card":"default","twitter_image_type":"default","twitter_image_url":null,"twitter_image_custom_url":null,"twitter_image_custom_fields":null,"twitter_title":null,"twitter_description":null,"schema":{"blockGraphs":[],"customGraphs":[],"default":{"data":{"Article":[],"Course":[],"Dataset":[],"FAQPage":[],"Movie":[],"Person":[],"Product":[],"ProductReview":[],"Car":[],"Recipe":[],"Service":[],"SoftwareApplication":[],"WebPage":[]},"graphName":"","isEnabled":true},"graphs":[]},"schema_type":null,"schema_type_options":null,"pillar_content":false,"robots_default":true,"robots_noindex":false,"robots_noarchive":false,"robots_nosnippet":false,"robots_nofollow":false,"robots_noimageindex":false,"robots_noodp":false,"robots_notranslate":false,"robots_max_snippet":null,"robots_max_videopreview":null,"robots_max_imagepreview":"large","priority":null,"frequency":null,"location":null,"local_seo":null,"seo_analyzer_scan_date":"2025-08-29 03:34:15","breadcrumb_settings":null,"limit_modified_date":false,"reviewed_by":null,"open_ai":null,"ai":null,"created":"2020-12-21 11:18:55","updated":"2025-08-29 03:34:15"},"aioseo_breadcrumb":"<div class=\"aioseo-breadcrumbs\"><span class=\"aioseo-breadcrumb\">\n\t<a href=\"https:\/\/candas365.es\/noticias\" title=\"Home\">Home<\/a>\n<\/span><span class=\"aioseo-breadcrumb-separator\">&ndash;<\/span><span class=\"aioseo-breadcrumb\">\n\t<a href=\"https:\/\/candas365.es\/noticias\/category\/agenda\/\" title=\"Agenda\">Agenda<\/a>\n<\/span><span class=\"aioseo-breadcrumb-separator\">&ndash;<\/span><span class=\"aioseo-breadcrumb\">\n\tFernando Savater protagoniza el pr\u00f3ximo \u2018Imprescindibles\u2019\n<\/span><\/div>","aioseo_breadcrumb_json":[{"label":"Home","link":"https:\/\/candas365.es\/noticias"},{"label":"Agenda","link":"https:\/\/candas365.es\/noticias\/category\/agenda\/"},{"label":"Fernando Savater protagoniza el pr\u00f3ximo &#8216;Imprescindibles&#8217;","link":"https:\/\/candas365.es\/noticias\/fernando-savater-protagoniza-el-proximo-imprescindibles\/"}],"_links":{"self":[{"href":"https:\/\/candas365.es\/noticias\/wp-json\/wp\/v2\/posts\/115259","targetHints":{"allow":["GET"]}}],"collection":[{"href":"https:\/\/candas365.es\/noticias\/wp-json\/wp\/v2\/posts"}],"about":[{"href":"https:\/\/candas365.es\/noticias\/wp-json\/wp\/v2\/types\/post"}],"author":[{"embeddable":true,"href":"https:\/\/candas365.es\/noticias\/wp-json\/wp\/v2\/users\/1"}],"replies":[{"embeddable":true,"href":"https:\/\/candas365.es\/noticias\/wp-json\/wp\/v2\/comments?post=115259"}],"version-history":[{"count":0,"href":"https:\/\/candas365.es\/noticias\/wp-json\/wp\/v2\/posts\/115259\/revisions"}],"wp:featuredmedia":[{"embeddable":true,"href":"https:\/\/candas365.es\/noticias\/wp-json\/wp\/v2\/media\/115260"}],"wp:attachment":[{"href":"https:\/\/candas365.es\/noticias\/wp-json\/wp\/v2\/media?parent=115259"}],"wp:term":[{"taxonomy":"category","embeddable":true,"href":"https:\/\/candas365.es\/noticias\/wp-json\/wp\/v2\/categories?post=115259"},{"taxonomy":"post_tag","embeddable":true,"href":"https:\/\/candas365.es\/noticias\/wp-json\/wp\/v2\/tags?post=115259"}],"curies":[{"name":"wp","href":"https:\/\/api.w.org\/{rel}","templated":true}]}}