{"id":115231,"date":"2019-01-29T15:19:18","date_gmt":"2019-01-29T15:19:18","guid":{"rendered":"http:\/\/candas365.es\/noticias\/?p=115231"},"modified":"2019-01-29T15:19:18","modified_gmt":"2019-01-29T15:19:18","slug":"reunion-del-parlamento-rural-europeo-en-carreno","status":"publish","type":"post","link":"https:\/\/candas365.es\/noticias\/reunion-del-parlamento-rural-europeo-en-carreno\/","title":{"rendered":"Reuni\u00f3n del Parlamento Rural Europeo en Carre\u00f1o"},"content":{"rendered":"<p><img fetchpriority=\"high\" decoding=\"async\" class=\"alignleft size-medium wp-image-115232\" src=\"https:\/\/candas365.es\/noticias\/wp-content\/uploads\/2019\/01\/visita-parlamento-rural-europeo-318x300.jpg\" alt=\"\" width=\"318\" height=\"300\" srcset=\"https:\/\/candas365.es\/noticias\/wp-content\/uploads\/2019\/01\/visita-parlamento-rural-europeo-318x300.jpg 318w, https:\/\/candas365.es\/noticias\/wp-content\/uploads\/2019\/01\/visita-parlamento-rural-europeo-768x724.jpg 768w, https:\/\/candas365.es\/noticias\/wp-content\/uploads\/2019\/01\/visita-parlamento-rural-europeo-509x480.jpg 509w, https:\/\/candas365.es\/noticias\/wp-content\/uploads\/2019\/01\/visita-parlamento-rural-europeo-696x656.jpg 696w, https:\/\/candas365.es\/noticias\/wp-content\/uploads\/2019\/01\/visita-parlamento-rural-europeo-1068x1006.jpg 1068w, https:\/\/candas365.es\/noticias\/wp-content\/uploads\/2019\/01\/visita-parlamento-rural-europeo-446x420.jpg 446w, https:\/\/candas365.es\/noticias\/wp-content\/uploads\/2019\/01\/visita-parlamento-rural-europeo.jpg 1280w\" sizes=\"(max-width: 318px) 100vw, 318px\" \/>La consejera de Desarrollo Rural y Recursos Naturales, Mar\u00eda Jes\u00fas \u00c1lvarez, ha asegurado hoy que Asturias es \u201cun referente en desarrollo rural en Espa\u00f1a y en Europa\u201d y ha recordado que el Programa de Desarrollo Rural del Principado (PDR) incorporar\u00e1 33 millones adicionales a los 70 que gestionan los grupos de acci\u00f3n local para el per\u00edodo 2014-2020.<\/p>\n<p>Seg\u00fan ha destacado, el Principado es la comunidad espa\u00f1ola que m\u00e1s recursos econ\u00f3micos dedica porcentualmente al desarrollo rural y la segunda de la Uni\u00f3n Europea. \u201cPartimos de las ideas de los habitantes de estas zonas para conseguir un entorno vivo, con proyecto propio y competitivo\u201d, ha indicado.<\/p>\n<p>\u00c1lvarez ha realizado estas declaraciones tras reunirse en Oviedo con la responsable de la iniciativa comunitaria de la European Rural Community Alliance, Vanesa Halhead, para preparar la cuarta reuni\u00f3n del Parlamento Rural Europeo, que se celebrar\u00e1 en Carre\u00f1o en noviembre. Asturias ser\u00e1 la primera autonom\u00eda espa\u00f1ola que acoja este foro; un hecho que, a juicio de la consejera, \u201cviene a reconocer el importante compromiso del Principado con el desarrollo rural\u201d.<\/p>\n<p>\u201cEste evento, en el que participar\u00e1n unas 300 personas de diferentes pa\u00edses, nos situar\u00e1 en el mapa europeo, en el que hay muchas regiones impulsando proyectos muy interesantes, y nos permitir\u00e1 dar a conocer nuestro territorio, nuestra actividad econ\u00f3mica y nuestras muy buenas pr\u00e1cticas en esta materia\u201d, ha explicado \u00c1lvarez.<\/p>\n<p>El Parlamento Rural Europeo es una iniciativa de \u00e1mbito internacional promovida por tres redes europeas: European Rural Community Alliance, Partnership for Rural Europe, y European Leader Association for Rural Development, en la que participan socios y delegados nacionales de 40 pa\u00edses y cinco redes europeas, organizaciones y asociaciones de la sociedad civil.<\/p>\n<p>La primera reuni\u00f3n del foro se celebr\u00f3 en 2013 en Bruselas, la segunda, en Sch\u00e4rding (Austria) en 2015 y la tercera, en Venhorst (Holanda) en 2017. La cuarta tendr\u00e1 lugar en Asturias y estar\u00e1 organizada por la Red Asturiana de Desarrollo Rural, en colaboraci\u00f3n con la consejer\u00eda, el Ministerio de Agricultura, Alimentaci\u00f3n y Medio Ambiente y el Ayuntamiento de Carre\u00f1o, entre otros colaboradores.<\/p>\n","protected":false},"excerpt":{"rendered":"<p>La consejera de Desarrollo Rural y Recursos Naturales, Mar\u00eda Jes\u00fas \u00c1lvarez, ha asegurado hoy que Asturias es \u201cun referente en desarrollo rural en Espa\u00f1a y en Europa\u201d y ha recordado que el Programa de Desarrollo Rural del Principado (PDR) incorporar\u00e1 33 millones adicionales a los 70 que gestionan los grupos de acci\u00f3n local para el<\/p>\n","protected":false},"author":1,"featured_media":115232,"comment_status":"closed","ping_status":"closed","sticky":false,"template":"","format":"standard","meta":{"footnotes":""},"categories":[2],"tags":[],"class_list":{"0":"post-115231","1":"post","2":"type-post","3":"status-publish","4":"format-standard","5":"has-post-thumbnail","7":"category-noticias-carreno"},"aioseo_notices":[],"aioseo_head":"\n\t\t<!-- All in One SEO Pro 4.9.6.2 - aioseo.com -->\n\t<meta name=\"description\" content=\"La consejera de Desarrollo Rural y Recursos Naturales, Mar\u00eda Jes\u00fas \u00c1lvarez, ha asegurado hoy que Asturias es \u201cun referente en desarrollo rural en Espa\u00f1a y en Europa\u201d y ha recordado que el Programa de Desarrollo Rural del Principado (PDR) incorporar\u00e1 33 millones adicionales a los 70 que gestionan los grupos de acci\u00f3n local para el\" \/>\n\t<meta name=\"robots\" content=\"max-image-preview:large\" \/>\n\t<meta name=\"author\" content=\"Cand\u00e1s 365\"\/>\n\t<meta name=\"google-site-verification\" content=\"UA-32230408-1\" \/>\n\t<meta name=\"msvalidate.01\" content=\"354F3CDFB2DA171B47FBE9ABF1F88D5\" \/>\n\t<meta name=\"keywords\" content=\"noticias carre\u00f1o\" \/>\n\t<link rel=\"canonical\" href=\"https:\/\/candas365.es\/noticias\/reunion-del-parlamento-rural-europeo-en-carreno\/\" \/>\n\t<meta name=\"generator\" content=\"All in One SEO Pro (AIOSEO) 4.9.6.2\" \/>\n\t\t<meta property=\"og:locale\" content=\"es_ES\" \/>\n\t\t<meta property=\"og:site_name\" content=\"Cand\u00e1s 365\" \/>\n\t\t<meta property=\"og:type\" content=\"article\" \/>\n\t\t<meta property=\"og:title\" content=\"Reuni\u00f3n del Parlamento Rural Europeo en Carre\u00f1o | Cand\u00e1s 365\" \/>\n\t\t<meta property=\"og:description\" content=\"La consejera de Desarrollo Rural y Recursos Naturales, Mar\u00eda Jes\u00fas \u00c1lvarez, ha asegurado hoy que Asturias es \u201cun referente en desarrollo rural en Espa\u00f1a y en Europa\u201d y ha recordado que el Programa de Desarrollo Rural del Principado (PDR) incorporar\u00e1 33 millones adicionales a los 70 que gestionan los grupos de acci\u00f3n local para el\" \/>\n\t\t<meta property=\"og:url\" content=\"https:\/\/candas365.es\/noticias\/reunion-del-parlamento-rural-europeo-en-carreno\/\" \/>\n\t\t<meta property=\"og:image\" content=\"https:\/\/candas365.es\/noticias\/wp-content\/uploads\/2019\/01\/visita-parlamento-rural-europeo.jpg\" \/>\n\t\t<meta property=\"og:image:secure_url\" content=\"https:\/\/candas365.es\/noticias\/wp-content\/uploads\/2019\/01\/visita-parlamento-rural-europeo.jpg\" \/>\n\t\t<meta property=\"og:image:width\" content=\"1280\" \/>\n\t\t<meta property=\"og:image:height\" content=\"1206\" \/>\n\t\t<meta property=\"article:published_time\" content=\"2019-01-29T15:19:18+00:00\" \/>\n\t\t<meta property=\"article:modified_time\" content=\"2019-01-29T15:19:18+00:00\" \/>\n\t\t<meta property=\"article:publisher\" content=\"https:\/\/www.facebook.com\/Nachofdezber\" \/>\n\t\t<meta property=\"article:author\" content=\"https:\/\/www.facebook.com\/carrenoactualidad\" \/>\n\t\t<meta name=\"twitter:card\" content=\"summary_large_image\" \/>\n\t\t<meta name=\"twitter:site\" content=\"@NabercoDigital\" \/>\n\t\t<meta name=\"twitter:title\" content=\"Reuni\u00f3n del Parlamento Rural Europeo en Carre\u00f1o | Cand\u00e1s 365\" \/>\n\t\t<meta name=\"twitter:description\" content=\"La consejera de Desarrollo Rural y Recursos Naturales, Mar\u00eda Jes\u00fas \u00c1lvarez, ha asegurado hoy que Asturias es \u201cun referente en desarrollo rural en Espa\u00f1a y en Europa\u201d y ha recordado que el Programa de Desarrollo Rural del Principado (PDR) incorporar\u00e1 33 millones adicionales a los 70 que gestionan los grupos de acci\u00f3n local para el\" \/>\n\t\t<meta name=\"twitter:creator\" content=\"@nbasturias\" \/>\n\t\t<meta name=\"twitter:image\" content=\"https:\/\/candas365.es\/noticias\/wp-content\/uploads\/2019\/01\/visita-parlamento-rural-europeo.jpg\" \/>\n\t\t<meta name=\"twitter:label1\" content=\"Escrito por\" \/>\n\t\t<meta name=\"twitter:data1\" content=\"Cand\u00e1s 365\" \/>\n\t\t<meta name=\"twitter:label2\" content=\"Tiempo de lectura estimado\" \/>\n\t\t<meta name=\"twitter:data2\" content=\"2 minutos\" \/>\n\t\t<script type=\"application\/ld+json\" class=\"aioseo-schema\">\n\t\t\t{\"@context\":\"https:\\\/\\\/schema.org\",\"@graph\":[{\"@type\":\"BreadcrumbList\",\"@id\":\"https:\\\/\\\/candas365.es\\\/noticias\\\/reunion-del-parlamento-rural-europeo-en-carreno\\\/#breadcrumblist\",\"itemListElement\":[{\"@type\":\"ListItem\",\"@id\":\"https:\\\/\\\/candas365.es\\\/noticias#listItem\",\"position\":1,\"name\":\"Home\",\"item\":\"https:\\\/\\\/candas365.es\\\/noticias\",\"nextItem\":{\"@type\":\"ListItem\",\"@id\":\"https:\\\/\\\/candas365.es\\\/noticias\\\/category\\\/noticias-carreno\\\/#listItem\",\"name\":\"Noticias Carre\\u00f1o\"}},{\"@type\":\"ListItem\",\"@id\":\"https:\\\/\\\/candas365.es\\\/noticias\\\/category\\\/noticias-carreno\\\/#listItem\",\"position\":2,\"name\":\"Noticias Carre\\u00f1o\",\"item\":\"https:\\\/\\\/candas365.es\\\/noticias\\\/category\\\/noticias-carreno\\\/\",\"nextItem\":{\"@type\":\"ListItem\",\"@id\":\"https:\\\/\\\/candas365.es\\\/noticias\\\/reunion-del-parlamento-rural-europeo-en-carreno\\\/#listItem\",\"name\":\"Reuni\\u00f3n del Parlamento Rural Europeo en Carre\\u00f1o\"},\"previousItem\":{\"@type\":\"ListItem\",\"@id\":\"https:\\\/\\\/candas365.es\\\/noticias#listItem\",\"name\":\"Home\"}},{\"@type\":\"ListItem\",\"@id\":\"https:\\\/\\\/candas365.es\\\/noticias\\\/reunion-del-parlamento-rural-europeo-en-carreno\\\/#listItem\",\"position\":3,\"name\":\"Reuni\\u00f3n del Parlamento Rural Europeo en Carre\\u00f1o\",\"previousItem\":{\"@type\":\"ListItem\",\"@id\":\"https:\\\/\\\/candas365.es\\\/noticias\\\/category\\\/noticias-carreno\\\/#listItem\",\"name\":\"Noticias Carre\\u00f1o\"}}]},{\"@type\":\"NewsArticle\",\"@id\":\"https:\\\/\\\/candas365.es\\\/noticias\\\/reunion-del-parlamento-rural-europeo-en-carreno\\\/#newsarticle\",\"name\":\"Reuni\\u00f3n del Parlamento Rural Europeo en Carre\\u00f1o | Cand\\u00e1s 365\",\"headline\":\"Reuni\\u00f3n del Parlamento Rural Europeo en Carre\\u00f1o\",\"author\":{\"@id\":\"https:\\\/\\\/candas365.es\\\/noticias\\\/author\\\/admin\\\/#author\"},\"publisher\":{\"@id\":\"https:\\\/\\\/candas365.es\\\/noticias\\\/#organization\"},\"image\":{\"@type\":\"ImageObject\",\"url\":\"https:\\\/\\\/candas365.es\\\/noticias\\\/wp-content\\\/uploads\\\/2019\\\/01\\\/visita-parlamento-rural-europeo.jpg\",\"width\":1280,\"height\":1206},\"datePublished\":\"2019-01-29T15:19:18+01:00\",\"dateModified\":\"2019-01-29T15:19:18+01:00\",\"inLanguage\":\"es-ES\",\"mainEntityOfPage\":{\"@id\":\"https:\\\/\\\/candas365.es\\\/noticias\\\/reunion-del-parlamento-rural-europeo-en-carreno\\\/#webpage\"},\"isPartOf\":{\"@id\":\"https:\\\/\\\/candas365.es\\\/noticias\\\/reunion-del-parlamento-rural-europeo-en-carreno\\\/#webpage\"},\"articleSection\":\"Noticias Carre\\u00f1o\",\"dateline\":\"Publicado el enero 29, 2019.\"},{\"@type\":\"Organization\",\"@id\":\"https:\\\/\\\/candas365.es\\\/noticias\\\/#organization\",\"name\":\"Cand\\u00e1s 365\",\"description\":\"Cand\\u00e1s 365 es un diario digital independiente, fundado en 2012, con base en Asturias. Informamos con rigor sobre actualidad, sociedad, cultura y ocio, con una mirada local y global.\",\"url\":\"https:\\\/\\\/candas365.es\\\/noticias\\\/\",\"email\":\"info@candas365.es\",\"telephone\":\"+34652131393\",\"foundingDate\":\"2012-06-10\",\"logo\":{\"@type\":\"ImageObject\",\"url\":\"https:\\\/\\\/candas365.es\\\/noticias\\\/wp-content\\\/uploads\\\/2024\\\/09\\\/Candas-365-Redes.jpg\",\"@id\":\"https:\\\/\\\/candas365.es\\\/noticias\\\/reunion-del-parlamento-rural-europeo-en-carreno\\\/#organizationLogo\",\"width\":1152,\"height\":864,\"caption\":\"Cand\\u00e1s 365 Redes\"},\"image\":{\"@id\":\"https:\\\/\\\/candas365.es\\\/noticias\\\/reunion-del-parlamento-rural-europeo-en-carreno\\\/#organizationLogo\"},\"sameAs\":[\"https:\\\/\\\/www.facebook.com\\\/Nachofdezber\",\"https:\\\/\\\/x.com\\\/NabercoDigital\",\"https:\\\/\\\/www.instagram.com\\\/nachofdezber\\\/\",\"https:\\\/\\\/www.youtube.com\\\/channel\\\/UCZP-2wLEB9Rv6erhFmqVnvg\"],\"address\":{\"@id\":\"https:\\\/\\\/candas365.es\\\/noticias\\\/#postaladdress\",\"@type\":\"PostalAddress\",\"streetAddress\":\"san antonio 4, san antonio 4\",\"postalCode\":\"33430\",\"addressLocality\":\"Cand\\u00e1s\",\"addressRegion\":\"Asturias\",\"addressCountry\":\"ES\"}},{\"@type\":\"Person\",\"@id\":\"https:\\\/\\\/candas365.es\\\/noticias\\\/author\\\/admin\\\/#author\",\"url\":\"https:\\\/\\\/candas365.es\\\/noticias\\\/author\\\/admin\\\/\",\"name\":\"Cand\\u00e1s 365\",\"image\":{\"@type\":\"ImageObject\",\"@id\":\"https:\\\/\\\/candas365.es\\\/noticias\\\/reunion-del-parlamento-rural-europeo-en-carreno\\\/#authorImage\",\"url\":\"https:\\\/\\\/secure.gravatar.com\\\/avatar\\\/496a8e03d0c493ede1718b7934145dbdf8d89be1036b0eec9544e1094c9de390?s=96&d=mm&r=g\",\"width\":96,\"height\":96,\"caption\":\"Cand\\u00e1s 365\"},\"sameAs\":[\"https:\\\/\\\/www.facebook.com\\\/carrenoactualidad\",\"https:\\\/\\\/twitter.com\\\/nbasturias\",\"https:\\\/\\\/www.instagram.com\\\/nachofdezber\\\/\",\"https:\\\/\\\/www.youtube.com\\\/channel\\\/UCZP-2wLEB9Rv6erhFmqVnvg\"]},{\"@type\":\"WebPage\",\"@id\":\"https:\\\/\\\/candas365.es\\\/noticias\\\/reunion-del-parlamento-rural-europeo-en-carreno\\\/#webpage\",\"url\":\"https:\\\/\\\/candas365.es\\\/noticias\\\/reunion-del-parlamento-rural-europeo-en-carreno\\\/\",\"name\":\"Reuni\\u00f3n del Parlamento Rural Europeo en Carre\\u00f1o | Cand\\u00e1s 365\",\"description\":\"La consejera de Desarrollo Rural y Recursos Naturales, Mar\\u00eda Jes\\u00fas \\u00c1lvarez, ha asegurado hoy que Asturias es \\u201cun referente en desarrollo rural en Espa\\u00f1a y en Europa\\u201d y ha recordado que el Programa de Desarrollo Rural del Principado (PDR) incorporar\\u00e1 33 millones adicionales a los 70 que gestionan los grupos de acci\\u00f3n local para el\",\"inLanguage\":\"es-ES\",\"isPartOf\":{\"@id\":\"https:\\\/\\\/candas365.es\\\/noticias\\\/#website\"},\"breadcrumb\":{\"@id\":\"https:\\\/\\\/candas365.es\\\/noticias\\\/reunion-del-parlamento-rural-europeo-en-carreno\\\/#breadcrumblist\"},\"author\":{\"@id\":\"https:\\\/\\\/candas365.es\\\/noticias\\\/author\\\/admin\\\/#author\"},\"creator\":{\"@id\":\"https:\\\/\\\/candas365.es\\\/noticias\\\/author\\\/admin\\\/#author\"},\"image\":{\"@type\":\"ImageObject\",\"url\":\"https:\\\/\\\/candas365.es\\\/noticias\\\/wp-content\\\/uploads\\\/2019\\\/01\\\/visita-parlamento-rural-europeo.jpg\",\"@id\":\"https:\\\/\\\/candas365.es\\\/noticias\\\/reunion-del-parlamento-rural-europeo-en-carreno\\\/#mainImage\",\"width\":1280,\"height\":1206},\"primaryImageOfPage\":{\"@id\":\"https:\\\/\\\/candas365.es\\\/noticias\\\/reunion-del-parlamento-rural-europeo-en-carreno\\\/#mainImage\"},\"datePublished\":\"2019-01-29T15:19:18+01:00\",\"dateModified\":\"2019-01-29T15:19:18+01:00\"},{\"@type\":\"WebSite\",\"@id\":\"https:\\\/\\\/candas365.es\\\/noticias\\\/#website\",\"url\":\"https:\\\/\\\/candas365.es\\\/noticias\\\/\",\"name\":\"Cand\\u00e1s 365\",\"alternateName\":\"Cand\\u00e1s 365 Noticias\",\"description\":\"Actualidad desde Carre\\u00f1o para el mundo\",\"inLanguage\":\"es-ES\",\"publisher\":{\"@id\":\"https:\\\/\\\/candas365.es\\\/noticias\\\/#organization\"}}]}\n\t\t<\/script>\n\t\t<!-- All in One SEO Pro -->\r\n\t\t<title>Reuni\u00f3n del Parlamento Rural Europeo en Carre\u00f1o | Cand\u00e1s 365<\/title>\n\n","aioseo_head_json":{"title":"Reuni\u00f3n del Parlamento Rural Europeo en Carre\u00f1o | Cand\u00e1s 365","description":"La consejera de Desarrollo Rural y Recursos Naturales, Mar\u00eda Jes\u00fas \u00c1lvarez, ha asegurado hoy que Asturias es \u201cun referente en desarrollo rural en Espa\u00f1a y en Europa\u201d y ha recordado que el Programa de Desarrollo Rural del Principado (PDR) incorporar\u00e1 33 millones adicionales a los 70 que gestionan los grupos de acci\u00f3n local para el","canonical_url":"https:\/\/candas365.es\/noticias\/reunion-del-parlamento-rural-europeo-en-carreno\/","robots":"max-image-preview:large","keywords":"noticias carre\u00f1o","webmasterTools":{"google-site-verification":"UA-32230408-1","msvalidate.01":"354F3CDFB2DA171B47FBE9ABF1F88D5","miscellaneous":""},"schema":{"@context":"https:\/\/schema.org","@graph":[{"@type":"BreadcrumbList","@id":"https:\/\/candas365.es\/noticias\/reunion-del-parlamento-rural-europeo-en-carreno\/#breadcrumblist","itemListElement":[{"@type":"ListItem","@id":"https:\/\/candas365.es\/noticias#listItem","position":1,"name":"Home","item":"https:\/\/candas365.es\/noticias","nextItem":{"@type":"ListItem","@id":"https:\/\/candas365.es\/noticias\/category\/noticias-carreno\/#listItem","name":"Noticias Carre\u00f1o"}},{"@type":"ListItem","@id":"https:\/\/candas365.es\/noticias\/category\/noticias-carreno\/#listItem","position":2,"name":"Noticias Carre\u00f1o","item":"https:\/\/candas365.es\/noticias\/category\/noticias-carreno\/","nextItem":{"@type":"ListItem","@id":"https:\/\/candas365.es\/noticias\/reunion-del-parlamento-rural-europeo-en-carreno\/#listItem","name":"Reuni\u00f3n del Parlamento Rural Europeo en Carre\u00f1o"},"previousItem":{"@type":"ListItem","@id":"https:\/\/candas365.es\/noticias#listItem","name":"Home"}},{"@type":"ListItem","@id":"https:\/\/candas365.es\/noticias\/reunion-del-parlamento-rural-europeo-en-carreno\/#listItem","position":3,"name":"Reuni\u00f3n del Parlamento Rural Europeo en Carre\u00f1o","previousItem":{"@type":"ListItem","@id":"https:\/\/candas365.es\/noticias\/category\/noticias-carreno\/#listItem","name":"Noticias Carre\u00f1o"}}]},{"@type":"NewsArticle","@id":"https:\/\/candas365.es\/noticias\/reunion-del-parlamento-rural-europeo-en-carreno\/#newsarticle","name":"Reuni\u00f3n del Parlamento Rural Europeo en Carre\u00f1o | Cand\u00e1s 365","headline":"Reuni\u00f3n del Parlamento Rural Europeo en Carre\u00f1o","author":{"@id":"https:\/\/candas365.es\/noticias\/author\/admin\/#author"},"publisher":{"@id":"https:\/\/candas365.es\/noticias\/#organization"},"image":{"@type":"ImageObject","url":"https:\/\/candas365.es\/noticias\/wp-content\/uploads\/2019\/01\/visita-parlamento-rural-europeo.jpg","width":1280,"height":1206},"datePublished":"2019-01-29T15:19:18+01:00","dateModified":"2019-01-29T15:19:18+01:00","inLanguage":"es-ES","mainEntityOfPage":{"@id":"https:\/\/candas365.es\/noticias\/reunion-del-parlamento-rural-europeo-en-carreno\/#webpage"},"isPartOf":{"@id":"https:\/\/candas365.es\/noticias\/reunion-del-parlamento-rural-europeo-en-carreno\/#webpage"},"articleSection":"Noticias Carre\u00f1o","dateline":"Publicado el enero 29, 2019."},{"@type":"Organization","@id":"https:\/\/candas365.es\/noticias\/#organization","name":"Cand\u00e1s 365","description":"Cand\u00e1s 365 es un diario digital independiente, fundado en 2012, con base en Asturias. Informamos con rigor sobre actualidad, sociedad, cultura y ocio, con una mirada local y global.","url":"https:\/\/candas365.es\/noticias\/","email":"info@candas365.es","telephone":"+34652131393","foundingDate":"2012-06-10","logo":{"@type":"ImageObject","url":"https:\/\/candas365.es\/noticias\/wp-content\/uploads\/2024\/09\/Candas-365-Redes.jpg","@id":"https:\/\/candas365.es\/noticias\/reunion-del-parlamento-rural-europeo-en-carreno\/#organizationLogo","width":1152,"height":864,"caption":"Cand\u00e1s 365 Redes"},"image":{"@id":"https:\/\/candas365.es\/noticias\/reunion-del-parlamento-rural-europeo-en-carreno\/#organizationLogo"},"sameAs":["https:\/\/www.facebook.com\/Nachofdezber","https:\/\/x.com\/NabercoDigital","https:\/\/www.instagram.com\/nachofdezber\/","https:\/\/www.youtube.com\/channel\/UCZP-2wLEB9Rv6erhFmqVnvg"],"address":{"@id":"https:\/\/candas365.es\/noticias\/#postaladdress","@type":"PostalAddress","streetAddress":"san antonio 4, san antonio 4","postalCode":"33430","addressLocality":"Cand\u00e1s","addressRegion":"Asturias","addressCountry":"ES"}},{"@type":"Person","@id":"https:\/\/candas365.es\/noticias\/author\/admin\/#author","url":"https:\/\/candas365.es\/noticias\/author\/admin\/","name":"Cand\u00e1s 365","image":{"@type":"ImageObject","@id":"https:\/\/candas365.es\/noticias\/reunion-del-parlamento-rural-europeo-en-carreno\/#authorImage","url":"https:\/\/secure.gravatar.com\/avatar\/496a8e03d0c493ede1718b7934145dbdf8d89be1036b0eec9544e1094c9de390?s=96&d=mm&r=g","width":96,"height":96,"caption":"Cand\u00e1s 365"},"sameAs":["https:\/\/www.facebook.com\/carrenoactualidad","https:\/\/twitter.com\/nbasturias","https:\/\/www.instagram.com\/nachofdezber\/","https:\/\/www.youtube.com\/channel\/UCZP-2wLEB9Rv6erhFmqVnvg"]},{"@type":"WebPage","@id":"https:\/\/candas365.es\/noticias\/reunion-del-parlamento-rural-europeo-en-carreno\/#webpage","url":"https:\/\/candas365.es\/noticias\/reunion-del-parlamento-rural-europeo-en-carreno\/","name":"Reuni\u00f3n del Parlamento Rural Europeo en Carre\u00f1o | Cand\u00e1s 365","description":"La consejera de Desarrollo Rural y Recursos Naturales, Mar\u00eda Jes\u00fas \u00c1lvarez, ha asegurado hoy que Asturias es \u201cun referente en desarrollo rural en Espa\u00f1a y en Europa\u201d y ha recordado que el Programa de Desarrollo Rural del Principado (PDR) incorporar\u00e1 33 millones adicionales a los 70 que gestionan los grupos de acci\u00f3n local para el","inLanguage":"es-ES","isPartOf":{"@id":"https:\/\/candas365.es\/noticias\/#website"},"breadcrumb":{"@id":"https:\/\/candas365.es\/noticias\/reunion-del-parlamento-rural-europeo-en-carreno\/#breadcrumblist"},"author":{"@id":"https:\/\/candas365.es\/noticias\/author\/admin\/#author"},"creator":{"@id":"https:\/\/candas365.es\/noticias\/author\/admin\/#author"},"image":{"@type":"ImageObject","url":"https:\/\/candas365.es\/noticias\/wp-content\/uploads\/2019\/01\/visita-parlamento-rural-europeo.jpg","@id":"https:\/\/candas365.es\/noticias\/reunion-del-parlamento-rural-europeo-en-carreno\/#mainImage","width":1280,"height":1206},"primaryImageOfPage":{"@id":"https:\/\/candas365.es\/noticias\/reunion-del-parlamento-rural-europeo-en-carreno\/#mainImage"},"datePublished":"2019-01-29T15:19:18+01:00","dateModified":"2019-01-29T15:19:18+01:00"},{"@type":"WebSite","@id":"https:\/\/candas365.es\/noticias\/#website","url":"https:\/\/candas365.es\/noticias\/","name":"Cand\u00e1s 365","alternateName":"Cand\u00e1s 365 Noticias","description":"Actualidad desde Carre\u00f1o para el mundo","inLanguage":"es-ES","publisher":{"@id":"https:\/\/candas365.es\/noticias\/#organization"}}]},"og:locale":"es_ES","og:site_name":"Cand\u00e1s 365","og:type":"article","og:title":"Reuni\u00f3n del Parlamento Rural Europeo en Carre\u00f1o | Cand\u00e1s 365","og:description":"La consejera de Desarrollo Rural y Recursos Naturales, Mar\u00eda Jes\u00fas \u00c1lvarez, ha asegurado hoy que Asturias es \u201cun referente en desarrollo rural en Espa\u00f1a y en Europa\u201d y ha recordado que el Programa de Desarrollo Rural del Principado (PDR) incorporar\u00e1 33 millones adicionales a los 70 que gestionan los grupos de acci\u00f3n local para el","og:url":"https:\/\/candas365.es\/noticias\/reunion-del-parlamento-rural-europeo-en-carreno\/","og:image":"https:\/\/candas365.es\/noticias\/wp-content\/uploads\/2019\/01\/visita-parlamento-rural-europeo.jpg","og:image:secure_url":"https:\/\/candas365.es\/noticias\/wp-content\/uploads\/2019\/01\/visita-parlamento-rural-europeo.jpg","og:image:width":1280,"og:image:height":1206,"article:published_time":"2019-01-29T15:19:18+00:00","article:modified_time":"2019-01-29T15:19:18+00:00","article:publisher":"https:\/\/www.facebook.com\/Nachofdezber","article:author":"https:\/\/www.facebook.com\/carrenoactualidad","twitter:card":"summary_large_image","twitter:site":"@NabercoDigital","twitter:title":"Reuni\u00f3n del Parlamento Rural Europeo en Carre\u00f1o | Cand\u00e1s 365","twitter:description":"La consejera de Desarrollo Rural y Recursos Naturales, Mar\u00eda Jes\u00fas \u00c1lvarez, ha asegurado hoy que Asturias es \u201cun referente en desarrollo rural en Espa\u00f1a y en Europa\u201d y ha recordado que el Programa de Desarrollo Rural del Principado (PDR) incorporar\u00e1 33 millones adicionales a los 70 que gestionan los grupos de acci\u00f3n local para el","twitter:creator":"@nbasturias","twitter:image":"https:\/\/candas365.es\/noticias\/wp-content\/uploads\/2019\/01\/visita-parlamento-rural-europeo.jpg","twitter:label1":"Escrito por","twitter:data1":"Cand\u00e1s 365","twitter:label2":"Tiempo de lectura estimado","twitter:data2":"2 minutos"},"aioseo_meta_data":{"post_id":"115231","title":null,"description":null,"keywords":null,"keyphrases":null,"primary_term":null,"canonical_url":null,"og_title":null,"og_description":null,"og_object_type":"default","og_image_type":"default","og_image_url":null,"og_image_width":null,"og_image_height":null,"og_image_custom_url":null,"og_image_custom_fields":null,"og_video":null,"og_custom_url":null,"og_article_section":null,"og_article_tags":null,"twitter_use_og":false,"twitter_card":"default","twitter_image_type":"default","twitter_image_url":null,"twitter_image_custom_url":null,"twitter_image_custom_fields":null,"twitter_title":null,"twitter_description":null,"schema":{"blockGraphs":[],"customGraphs":[],"default":{"data":{"Article":[],"Course":[],"Dataset":[],"FAQPage":[],"Movie":[],"Person":[],"Product":[],"ProductReview":[],"Car":[],"Recipe":[],"Service":[],"SoftwareApplication":[],"WebPage":[]},"graphName":"","isEnabled":true},"graphs":[]},"schema_type":null,"schema_type_options":null,"pillar_content":false,"robots_default":true,"robots_noindex":false,"robots_noarchive":false,"robots_nosnippet":false,"robots_nofollow":false,"robots_noimageindex":false,"robots_noodp":false,"robots_notranslate":false,"robots_max_snippet":null,"robots_max_videopreview":null,"robots_max_imagepreview":"large","priority":null,"frequency":null,"location":null,"local_seo":null,"seo_analyzer_scan_date":"2025-08-29 03:28:29","breadcrumb_settings":null,"limit_modified_date":false,"reviewed_by":null,"open_ai":null,"ai":null,"created":"2020-12-21 11:18:55","updated":"2025-08-29 03:28:29"},"aioseo_breadcrumb":"<div class=\"aioseo-breadcrumbs\"><span class=\"aioseo-breadcrumb\">\n\t<a href=\"https:\/\/candas365.es\/noticias\" title=\"Home\">Home<\/a>\n<\/span><span class=\"aioseo-breadcrumb-separator\">&ndash;<\/span><span class=\"aioseo-breadcrumb\">\n\t<a href=\"https:\/\/candas365.es\/noticias\/category\/noticias-carreno\/\" title=\"Noticias Carre\u00f1o\">Noticias Carre\u00f1o<\/a>\n<\/span><span class=\"aioseo-breadcrumb-separator\">&ndash;<\/span><span class=\"aioseo-breadcrumb\">\n\tReuni\u00f3n del Parlamento Rural Europeo en Carre\u00f1o\n<\/span><\/div>","aioseo_breadcrumb_json":[{"label":"Home","link":"https:\/\/candas365.es\/noticias"},{"label":"Noticias Carre\u00f1o","link":"https:\/\/candas365.es\/noticias\/category\/noticias-carreno\/"},{"label":"Reuni\u00f3n del Parlamento Rural Europeo en Carre\u00f1o","link":"https:\/\/candas365.es\/noticias\/reunion-del-parlamento-rural-europeo-en-carreno\/"}],"_links":{"self":[{"href":"https:\/\/candas365.es\/noticias\/wp-json\/wp\/v2\/posts\/115231","targetHints":{"allow":["GET"]}}],"collection":[{"href":"https:\/\/candas365.es\/noticias\/wp-json\/wp\/v2\/posts"}],"about":[{"href":"https:\/\/candas365.es\/noticias\/wp-json\/wp\/v2\/types\/post"}],"author":[{"embeddable":true,"href":"https:\/\/candas365.es\/noticias\/wp-json\/wp\/v2\/users\/1"}],"replies":[{"embeddable":true,"href":"https:\/\/candas365.es\/noticias\/wp-json\/wp\/v2\/comments?post=115231"}],"version-history":[{"count":0,"href":"https:\/\/candas365.es\/noticias\/wp-json\/wp\/v2\/posts\/115231\/revisions"}],"wp:featuredmedia":[{"embeddable":true,"href":"https:\/\/candas365.es\/noticias\/wp-json\/wp\/v2\/media\/115232"}],"wp:attachment":[{"href":"https:\/\/candas365.es\/noticias\/wp-json\/wp\/v2\/media?parent=115231"}],"wp:term":[{"taxonomy":"category","embeddable":true,"href":"https:\/\/candas365.es\/noticias\/wp-json\/wp\/v2\/categories?post=115231"},{"taxonomy":"post_tag","embeddable":true,"href":"https:\/\/candas365.es\/noticias\/wp-json\/wp\/v2\/tags?post=115231"}],"curies":[{"name":"wp","href":"https:\/\/api.w.org\/{rel}","templated":true}]}}