{"id":115213,"date":"2019-01-29T13:23:56","date_gmt":"2019-01-29T13:23:56","guid":{"rendered":"http:\/\/candas365.es\/noticias\/?p=115213"},"modified":"2019-01-29T13:23:56","modified_gmt":"2019-01-29T13:23:56","slug":"adjudicas-las-tareas-de-desbroce-y-mantenimiento-del-monte-areo","status":"publish","type":"post","link":"https:\/\/candas365.es\/noticias\/adjudicas-las-tareas-de-desbroce-y-mantenimiento-del-monte-areo\/","title":{"rendered":"Adjudicas las tareas de desbroce y mantenimiento del Monte Areo"},"content":{"rendered":"<p><img fetchpriority=\"high\" decoding=\"async\" class=\"alignleft size-medium wp-image-115214\" src=\"https:\/\/candas365.es\/noticias\/wp-content\/uploads\/2019\/01\/MG_2616-360x240.jpg\" alt=\"\" width=\"360\" height=\"240\" srcset=\"https:\/\/candas365.es\/noticias\/wp-content\/uploads\/2019\/01\/MG_2616-360x240.jpg 360w, https:\/\/candas365.es\/noticias\/wp-content\/uploads\/2019\/01\/MG_2616-768x512.jpg 768w, https:\/\/candas365.es\/noticias\/wp-content\/uploads\/2019\/01\/MG_2616-655x436.jpg 655w, https:\/\/candas365.es\/noticias\/wp-content\/uploads\/2019\/01\/MG_2616-696x464.jpg 696w, https:\/\/candas365.es\/noticias\/wp-content\/uploads\/2019\/01\/MG_2616-1068x712.jpg 1068w, https:\/\/candas365.es\/noticias\/wp-content\/uploads\/2019\/01\/MG_2616-630x420.jpg 630w, https:\/\/candas365.es\/noticias\/wp-content\/uploads\/2019\/01\/MG_2616.jpg 1280w\" sizes=\"(max-width: 360px) 100vw, 360px\" \/>A trav\u00e9s de la Concejal\u00eda de Medio Rural, el Ayuntamiento de Carre\u00f1o contrat\u00f3, con medios externos, los trabajos necesarios de desbroce de los Caminos y las Pistas Forestales en el Monte Areo.<\/p>\n<p>El Monte Areo o monte Iroba, l\u00edmite de los concejos de Carre\u00f1o y Gij\u00f3n tiene unos 7 km de longitud y cuya cota m\u00e1xima se sit\u00faa en los 264 metros sobre el nivel del mar. Distribuidos por su superficie, acoge, un amplio conjunto de t\u00famulos y d\u00f3lmenes, de una antig\u00fcedad de cinco mil a tres mil a\u00f1os, los cuales constituyen la necr\u00f3polis tumular neol\u00edtica m\u00e1s grande de Asturias y de Espa\u00f1a, adem\u00e1s de ser tambi\u00e9n la m\u00e1s estudiada. Por ello, fue declarado en 1997 como Bien de Inter\u00e9s Cultural.<\/p>\n<p>En existen m\u00e1s de treinta t\u00famulos funerarios del Neol\u00edtico repartidos por la mitad de la ladera y la cima, en dos zonas, una denominada Cierru \u201clos Llanos\u201d y la otra en \u201cLes G\u00fcelgues\u201d de San Pablo, lo que nos da a entender las grandes connotaciones sagradas en la zona desde hace varios milenios. De estos treinta y cinco t\u00famulos, permanecen a la vista tras los trabajos de excavaci\u00f3n.<\/p>\n<p>\u201cA lo largo de los a\u00f1os el Ayuntamiento de Carre\u00f1o ha contribuido al estudio cient\u00edfico de este interesante vestigio del Patrimonio hist\u00f3rico local. Mediante el apoyo a diversas iniciativas para su puesta en valor, cuyo ejemplo m\u00e1s notable es la apertura del \u00abAula did\u00e1ctica del Neol\u00edtico\u00bb a pie del Monte Areo, en la parroquia carre\u00f1ense de El Valle. Un centro de interpretaci\u00f3n, a trav\u00e9s del cual las personas que lo visiten pueden estudiar y entender la zona tumular, ya que se cuenta con la reproducci\u00f3n de un t\u00famulo excavado y preparado para la observaci\u00f3n\u201d coment\u00f3 Manuel Noceda-Concejal de Medio Rural.<\/p>\n<p>\u201c Pese a la importancia de la necr\u00f3polis megal\u00edtica al ser la m\u00e1s importante del norte de Espa\u00f1a, las labores de conservaci\u00f3n y mantenimiento vienen recayendo \u00fanicamente en el consistorio local y los propietarios de las fincas. La extracci\u00f3n de madera tambi\u00e9n hace mella en los viales. La Oficina de gesti\u00f3n urban\u00edstica de la Mancomunidad, a trav\u00e9s del perito agr\u00f3nomo, fue a encarga de la elaboraci\u00f3n de la pertinente memoria valorada y prescripciones t\u00e9cnicas que han regido la contrataci\u00f3n de los trabajos de desbroce que era ncesario realizar. Esta actuaci\u00f3n consistir\u00e1 en el desbroce de m\u00e1rgenes, taludes de desmonte y terrapl\u00e9n de caminos y pistas forestales de los 20.482 metros que constituyen los caminos de las pistas del Monte Areo en Carre\u00f1o\u201d \u2013 prosigui\u00f3 el edil.<\/p>\n<p>\u201cLa intervenci\u00f3n mediante el desbroce y de m\u00e1rgenes y taludes consistir\u00e1 en el corte de la hierba, arbustos y maleza en general, existente en ambos m\u00e1rgenes de los caminos, as\u00ed como en los taludes, con un m\u00ednimo de 2 pasadas a cada margen, hasta dejar la zona totalmente desbrozada, con una altura del material vegetal cortado inferior a los 5 cm. Esta operaci\u00f3n se realizar\u00e1 por medios mec\u00e1nicos En el margen de los caminos y pistas sin taludes de transici\u00f3n el ancho siega y\/o desbroce ser\u00e1 de 1,80 metros. Mientras que la altura del desbroce a realizar en los taludes ser\u00e1 el que alcance el brazo desbrozador\u201d a\u00f1adi\u00f3 el concejal.<\/p>\n<p>Los viales objeto de esta actuaci\u00f3n municipal y que en su totalidad suman 20.482 metros o 40.964 metros al ser ambos m\u00e1rgenes. Son los que siguen:<\/p>\n<p>\u2022 Montico a Monte Areo 2.982 metros<\/p>\n<p>\u2022 Regato de Los Llorales 1.077 metros<\/p>\n<p>\u2022 Cascayu a Monte Areo 2.203 metros<\/p>\n<p>\u2022 La Fontica a Los Pozos de Arcilla 1.180 metros<\/p>\n<p>\u2022 De Junto al R\u00edo 555 metros<\/p>\n<p>\u2022 Altu Monte Areo-Los Pozos de Arcilla 1.724 metros<\/p>\n<p>\u2022 La Pe\u00f1ona 751 metros<\/p>\n<p>\u2022 La Cuesta de Ramos 1.350 metros<\/p>\n<p>\u2022 La Pista principal del Monte Areo 1.962 metros<\/p>\n<p>\u2022 Ca\u00f1ada del Reguer\u00f3n 3.554 metros<\/p>\n<p>\u2022 El Pic\u00fan 1.794 metros<\/p>\n<p>\u2022 El Reguer\u00f3n 1.350 metros<\/p>\n<p>\u201c Tras el correspondiente proceso selectivo, la empresa resultante adjudicataria encargada de las labores del desbroce de m\u00e1rgenes, taludes de desmonte y terrapl\u00e9n de caminos y pistas forestales en el Monte Areo ser\u00e1 Agroforestal Grado, S.L. Ascendiendo el importe del servicio contratado a 7.078 \u20ac. El plazo de ejecuci\u00f3n ser\u00e1 de un mes y medio a contar desde la firma del acta del replanteo con la empresa adjudicataria\u201d \u2013 detall\u00f3 Noceda..<\/p>\n<p>\u201c A los trabajos de desbroce de los Caminos y las Pistas Forestales en el Monte Areo hay que sumarle, adem\u00e1s, los trabajos hechos desde la Concejal\u00eda de Turismo, a finales del a\u00f1o pasado, que con el objetivo de facilitar el acceso p\u00fablico a todas las \u00e1reas tumulares se llev\u00f3 a cabo el proyecto de refuerzo de la se\u00f1alizaci\u00f3n tur\u00edstica. Este proyecto consisti\u00f3 en la reparaci\u00f3n de las que hab\u00eda y por vandalismo no estaban legibles, as\u00ed como la colocaci\u00f3n de m\u00e1s unidades de se\u00f1ales como refuerzo en las sendas se\u00f1aladas en algunos de sus puntos\u201d \u2013 concluy\u00f3 el concejal carre\u00f1ense.<\/p>\n","protected":false},"excerpt":{"rendered":"<p>A trav\u00e9s de la Concejal\u00eda de Medio Rural, el Ayuntamiento de Carre\u00f1o contrat\u00f3, con medios externos, los trabajos necesarios de desbroce de los Caminos y las Pistas Forestales en el Monte Areo. El Monte Areo o monte Iroba, l\u00edmite de los concejos de Carre\u00f1o y Gij\u00f3n tiene unos 7 km de longitud y cuya cota<\/p>\n","protected":false},"author":1,"featured_media":115214,"comment_status":"closed","ping_status":"closed","sticky":false,"template":"","format":"standard","meta":{"footnotes":""},"categories":[2],"tags":[],"class_list":{"0":"post-115213","1":"post","2":"type-post","3":"status-publish","4":"format-standard","5":"has-post-thumbnail","7":"category-noticias-carreno"},"aioseo_notices":[],"aioseo_head":"\n\t\t<!-- All in One SEO Pro 4.9.6.2 - aioseo.com -->\n\t<meta name=\"description\" content=\"A trav\u00e9s de la Concejal\u00eda de Medio Rural, el Ayuntamiento de Carre\u00f1o contrat\u00f3, con medios externos, los trabajos necesarios de desbroce de los Caminos y las Pistas Forestales en el Monte Areo. El Monte Areo o monte Iroba, l\u00edmite de los concejos de Carre\u00f1o y Gij\u00f3n tiene unos 7 km de longitud y cuya cota\" \/>\n\t<meta name=\"robots\" content=\"max-image-preview:large\" \/>\n\t<meta name=\"author\" content=\"Cand\u00e1s 365\"\/>\n\t<meta name=\"google-site-verification\" content=\"UA-32230408-1\" \/>\n\t<meta name=\"msvalidate.01\" content=\"354F3CDFB2DA171B47FBE9ABF1F88D5\" \/>\n\t<meta name=\"keywords\" content=\"noticias carre\u00f1o\" \/>\n\t<link rel=\"canonical\" href=\"https:\/\/candas365.es\/noticias\/adjudicas-las-tareas-de-desbroce-y-mantenimiento-del-monte-areo\/\" \/>\n\t<meta name=\"generator\" content=\"All in One SEO Pro (AIOSEO) 4.9.6.2\" \/>\n\t\t<meta property=\"og:locale\" content=\"es_ES\" \/>\n\t\t<meta property=\"og:site_name\" content=\"Cand\u00e1s 365\" \/>\n\t\t<meta property=\"og:type\" content=\"article\" \/>\n\t\t<meta property=\"og:title\" content=\"Adjudicas las tareas de desbroce y mantenimiento del Monte Areo | Cand\u00e1s 365\" \/>\n\t\t<meta property=\"og:description\" content=\"A trav\u00e9s de la Concejal\u00eda de Medio Rural, el Ayuntamiento de Carre\u00f1o contrat\u00f3, con medios externos, los trabajos necesarios de desbroce de los Caminos y las Pistas Forestales en el Monte Areo. El Monte Areo o monte Iroba, l\u00edmite de los concejos de Carre\u00f1o y Gij\u00f3n tiene unos 7 km de longitud y cuya cota\" \/>\n\t\t<meta property=\"og:url\" content=\"https:\/\/candas365.es\/noticias\/adjudicas-las-tareas-de-desbroce-y-mantenimiento-del-monte-areo\/\" \/>\n\t\t<meta property=\"og:image\" content=\"https:\/\/candas365.es\/noticias\/wp-content\/uploads\/2019\/01\/MG_2616.jpg\" \/>\n\t\t<meta property=\"og:image:secure_url\" content=\"https:\/\/candas365.es\/noticias\/wp-content\/uploads\/2019\/01\/MG_2616.jpg\" \/>\n\t\t<meta property=\"og:image:width\" content=\"1280\" \/>\n\t\t<meta property=\"og:image:height\" content=\"853\" \/>\n\t\t<meta property=\"article:published_time\" content=\"2019-01-29T13:23:56+00:00\" \/>\n\t\t<meta property=\"article:modified_time\" content=\"2019-01-29T13:23:56+00:00\" \/>\n\t\t<meta property=\"article:publisher\" content=\"https:\/\/www.facebook.com\/Nachofdezber\" \/>\n\t\t<meta property=\"article:author\" content=\"https:\/\/www.facebook.com\/carrenoactualidad\" \/>\n\t\t<meta name=\"twitter:card\" content=\"summary_large_image\" \/>\n\t\t<meta name=\"twitter:site\" content=\"@NabercoDigital\" \/>\n\t\t<meta name=\"twitter:title\" content=\"Adjudicas las tareas de desbroce y mantenimiento del Monte Areo | Cand\u00e1s 365\" \/>\n\t\t<meta name=\"twitter:description\" content=\"A trav\u00e9s de la Concejal\u00eda de Medio Rural, el Ayuntamiento de Carre\u00f1o contrat\u00f3, con medios externos, los trabajos necesarios de desbroce de los Caminos y las Pistas Forestales en el Monte Areo. El Monte Areo o monte Iroba, l\u00edmite de los concejos de Carre\u00f1o y Gij\u00f3n tiene unos 7 km de longitud y cuya cota\" \/>\n\t\t<meta name=\"twitter:creator\" content=\"@nbasturias\" \/>\n\t\t<meta name=\"twitter:image\" content=\"https:\/\/candas365.es\/noticias\/wp-content\/uploads\/2019\/01\/MG_2616.jpg\" \/>\n\t\t<meta name=\"twitter:label1\" content=\"Escrito por\" \/>\n\t\t<meta name=\"twitter:data1\" content=\"Cand\u00e1s 365\" \/>\n\t\t<meta name=\"twitter:label2\" content=\"Tiempo de lectura estimado\" \/>\n\t\t<meta name=\"twitter:data2\" content=\"4 minutos\" \/>\n\t\t<script type=\"application\/ld+json\" class=\"aioseo-schema\">\n\t\t\t{\"@context\":\"https:\\\/\\\/schema.org\",\"@graph\":[{\"@type\":\"BreadcrumbList\",\"@id\":\"https:\\\/\\\/candas365.es\\\/noticias\\\/adjudicas-las-tareas-de-desbroce-y-mantenimiento-del-monte-areo\\\/#breadcrumblist\",\"itemListElement\":[{\"@type\":\"ListItem\",\"@id\":\"https:\\\/\\\/candas365.es\\\/noticias#listItem\",\"position\":1,\"name\":\"Home\",\"item\":\"https:\\\/\\\/candas365.es\\\/noticias\",\"nextItem\":{\"@type\":\"ListItem\",\"@id\":\"https:\\\/\\\/candas365.es\\\/noticias\\\/category\\\/noticias-carreno\\\/#listItem\",\"name\":\"Noticias Carre\\u00f1o\"}},{\"@type\":\"ListItem\",\"@id\":\"https:\\\/\\\/candas365.es\\\/noticias\\\/category\\\/noticias-carreno\\\/#listItem\",\"position\":2,\"name\":\"Noticias Carre\\u00f1o\",\"item\":\"https:\\\/\\\/candas365.es\\\/noticias\\\/category\\\/noticias-carreno\\\/\",\"nextItem\":{\"@type\":\"ListItem\",\"@id\":\"https:\\\/\\\/candas365.es\\\/noticias\\\/adjudicas-las-tareas-de-desbroce-y-mantenimiento-del-monte-areo\\\/#listItem\",\"name\":\"Adjudicas las tareas de desbroce y mantenimiento del Monte Areo\"},\"previousItem\":{\"@type\":\"ListItem\",\"@id\":\"https:\\\/\\\/candas365.es\\\/noticias#listItem\",\"name\":\"Home\"}},{\"@type\":\"ListItem\",\"@id\":\"https:\\\/\\\/candas365.es\\\/noticias\\\/adjudicas-las-tareas-de-desbroce-y-mantenimiento-del-monte-areo\\\/#listItem\",\"position\":3,\"name\":\"Adjudicas las tareas de desbroce y mantenimiento del Monte Areo\",\"previousItem\":{\"@type\":\"ListItem\",\"@id\":\"https:\\\/\\\/candas365.es\\\/noticias\\\/category\\\/noticias-carreno\\\/#listItem\",\"name\":\"Noticias Carre\\u00f1o\"}}]},{\"@type\":\"NewsArticle\",\"@id\":\"https:\\\/\\\/candas365.es\\\/noticias\\\/adjudicas-las-tareas-de-desbroce-y-mantenimiento-del-monte-areo\\\/#newsarticle\",\"name\":\"Adjudicas las tareas de desbroce y mantenimiento del Monte Areo | Cand\\u00e1s 365\",\"headline\":\"Adjudicas las tareas de desbroce y mantenimiento del Monte Areo\",\"author\":{\"@id\":\"https:\\\/\\\/candas365.es\\\/noticias\\\/author\\\/admin\\\/#author\"},\"publisher\":{\"@id\":\"https:\\\/\\\/candas365.es\\\/noticias\\\/#organization\"},\"image\":{\"@type\":\"ImageObject\",\"url\":\"https:\\\/\\\/candas365.es\\\/noticias\\\/wp-content\\\/uploads\\\/2019\\\/01\\\/MG_2616.jpg\",\"width\":1280,\"height\":853},\"datePublished\":\"2019-01-29T13:23:56+01:00\",\"dateModified\":\"2019-01-29T13:23:56+01:00\",\"inLanguage\":\"es-ES\",\"mainEntityOfPage\":{\"@id\":\"https:\\\/\\\/candas365.es\\\/noticias\\\/adjudicas-las-tareas-de-desbroce-y-mantenimiento-del-monte-areo\\\/#webpage\"},\"isPartOf\":{\"@id\":\"https:\\\/\\\/candas365.es\\\/noticias\\\/adjudicas-las-tareas-de-desbroce-y-mantenimiento-del-monte-areo\\\/#webpage\"},\"articleSection\":\"Noticias Carre\\u00f1o\",\"dateline\":\"Publicado el enero 29, 2019.\"},{\"@type\":\"Organization\",\"@id\":\"https:\\\/\\\/candas365.es\\\/noticias\\\/#organization\",\"name\":\"Cand\\u00e1s 365\",\"description\":\"Cand\\u00e1s 365 es un diario digital independiente, fundado en 2012, con base en Asturias. Informamos con rigor sobre actualidad, sociedad, cultura y ocio, con una mirada local y global.\",\"url\":\"https:\\\/\\\/candas365.es\\\/noticias\\\/\",\"email\":\"info@candas365.es\",\"telephone\":\"+34652131393\",\"foundingDate\":\"2012-06-10\",\"logo\":{\"@type\":\"ImageObject\",\"url\":\"https:\\\/\\\/candas365.es\\\/noticias\\\/wp-content\\\/uploads\\\/2024\\\/09\\\/Candas-365-Redes.jpg\",\"@id\":\"https:\\\/\\\/candas365.es\\\/noticias\\\/adjudicas-las-tareas-de-desbroce-y-mantenimiento-del-monte-areo\\\/#organizationLogo\",\"width\":1152,\"height\":864,\"caption\":\"Cand\\u00e1s 365 Redes\"},\"image\":{\"@id\":\"https:\\\/\\\/candas365.es\\\/noticias\\\/adjudicas-las-tareas-de-desbroce-y-mantenimiento-del-monte-areo\\\/#organizationLogo\"},\"sameAs\":[\"https:\\\/\\\/www.facebook.com\\\/Nachofdezber\",\"https:\\\/\\\/x.com\\\/NabercoDigital\",\"https:\\\/\\\/www.instagram.com\\\/nachofdezber\\\/\",\"https:\\\/\\\/www.youtube.com\\\/channel\\\/UCZP-2wLEB9Rv6erhFmqVnvg\"],\"address\":{\"@id\":\"https:\\\/\\\/candas365.es\\\/noticias\\\/#postaladdress\",\"@type\":\"PostalAddress\",\"streetAddress\":\"san antonio 4, san antonio 4\",\"postalCode\":\"33430\",\"addressLocality\":\"Cand\\u00e1s\",\"addressRegion\":\"Asturias\",\"addressCountry\":\"ES\"}},{\"@type\":\"Person\",\"@id\":\"https:\\\/\\\/candas365.es\\\/noticias\\\/author\\\/admin\\\/#author\",\"url\":\"https:\\\/\\\/candas365.es\\\/noticias\\\/author\\\/admin\\\/\",\"name\":\"Cand\\u00e1s 365\",\"image\":{\"@type\":\"ImageObject\",\"@id\":\"https:\\\/\\\/candas365.es\\\/noticias\\\/adjudicas-las-tareas-de-desbroce-y-mantenimiento-del-monte-areo\\\/#authorImage\",\"url\":\"https:\\\/\\\/secure.gravatar.com\\\/avatar\\\/496a8e03d0c493ede1718b7934145dbdf8d89be1036b0eec9544e1094c9de390?s=96&d=mm&r=g\",\"width\":96,\"height\":96,\"caption\":\"Cand\\u00e1s 365\"},\"sameAs\":[\"https:\\\/\\\/www.facebook.com\\\/carrenoactualidad\",\"https:\\\/\\\/twitter.com\\\/nbasturias\",\"https:\\\/\\\/www.instagram.com\\\/nachofdezber\\\/\",\"https:\\\/\\\/www.youtube.com\\\/channel\\\/UCZP-2wLEB9Rv6erhFmqVnvg\"]},{\"@type\":\"WebPage\",\"@id\":\"https:\\\/\\\/candas365.es\\\/noticias\\\/adjudicas-las-tareas-de-desbroce-y-mantenimiento-del-monte-areo\\\/#webpage\",\"url\":\"https:\\\/\\\/candas365.es\\\/noticias\\\/adjudicas-las-tareas-de-desbroce-y-mantenimiento-del-monte-areo\\\/\",\"name\":\"Adjudicas las tareas de desbroce y mantenimiento del Monte Areo | Cand\\u00e1s 365\",\"description\":\"A trav\\u00e9s de la Concejal\\u00eda de Medio Rural, el Ayuntamiento de Carre\\u00f1o contrat\\u00f3, con medios externos, los trabajos necesarios de desbroce de los Caminos y las Pistas Forestales en el Monte Areo. El Monte Areo o monte Iroba, l\\u00edmite de los concejos de Carre\\u00f1o y Gij\\u00f3n tiene unos 7 km de longitud y cuya cota\",\"inLanguage\":\"es-ES\",\"isPartOf\":{\"@id\":\"https:\\\/\\\/candas365.es\\\/noticias\\\/#website\"},\"breadcrumb\":{\"@id\":\"https:\\\/\\\/candas365.es\\\/noticias\\\/adjudicas-las-tareas-de-desbroce-y-mantenimiento-del-monte-areo\\\/#breadcrumblist\"},\"author\":{\"@id\":\"https:\\\/\\\/candas365.es\\\/noticias\\\/author\\\/admin\\\/#author\"},\"creator\":{\"@id\":\"https:\\\/\\\/candas365.es\\\/noticias\\\/author\\\/admin\\\/#author\"},\"image\":{\"@type\":\"ImageObject\",\"url\":\"https:\\\/\\\/candas365.es\\\/noticias\\\/wp-content\\\/uploads\\\/2019\\\/01\\\/MG_2616.jpg\",\"@id\":\"https:\\\/\\\/candas365.es\\\/noticias\\\/adjudicas-las-tareas-de-desbroce-y-mantenimiento-del-monte-areo\\\/#mainImage\",\"width\":1280,\"height\":853},\"primaryImageOfPage\":{\"@id\":\"https:\\\/\\\/candas365.es\\\/noticias\\\/adjudicas-las-tareas-de-desbroce-y-mantenimiento-del-monte-areo\\\/#mainImage\"},\"datePublished\":\"2019-01-29T13:23:56+01:00\",\"dateModified\":\"2019-01-29T13:23:56+01:00\"},{\"@type\":\"WebSite\",\"@id\":\"https:\\\/\\\/candas365.es\\\/noticias\\\/#website\",\"url\":\"https:\\\/\\\/candas365.es\\\/noticias\\\/\",\"name\":\"Cand\\u00e1s 365\",\"alternateName\":\"Cand\\u00e1s 365 Noticias\",\"description\":\"Actualidad desde Carre\\u00f1o para el mundo\",\"inLanguage\":\"es-ES\",\"publisher\":{\"@id\":\"https:\\\/\\\/candas365.es\\\/noticias\\\/#organization\"}}]}\n\t\t<\/script>\n\t\t<!-- All in One SEO Pro -->\r\n\t\t<title>Adjudicas las tareas de desbroce y mantenimiento del Monte Areo | Cand\u00e1s 365<\/title>\n\n","aioseo_head_json":{"title":"Adjudicas las tareas de desbroce y mantenimiento del Monte Areo | Cand\u00e1s 365","description":"A trav\u00e9s de la Concejal\u00eda de Medio Rural, el Ayuntamiento de Carre\u00f1o contrat\u00f3, con medios externos, los trabajos necesarios de desbroce de los Caminos y las Pistas Forestales en el Monte Areo. El Monte Areo o monte Iroba, l\u00edmite de los concejos de Carre\u00f1o y Gij\u00f3n tiene unos 7 km de longitud y cuya cota","canonical_url":"https:\/\/candas365.es\/noticias\/adjudicas-las-tareas-de-desbroce-y-mantenimiento-del-monte-areo\/","robots":"max-image-preview:large","keywords":"noticias carre\u00f1o","webmasterTools":{"google-site-verification":"UA-32230408-1","msvalidate.01":"354F3CDFB2DA171B47FBE9ABF1F88D5","miscellaneous":""},"schema":{"@context":"https:\/\/schema.org","@graph":[{"@type":"BreadcrumbList","@id":"https:\/\/candas365.es\/noticias\/adjudicas-las-tareas-de-desbroce-y-mantenimiento-del-monte-areo\/#breadcrumblist","itemListElement":[{"@type":"ListItem","@id":"https:\/\/candas365.es\/noticias#listItem","position":1,"name":"Home","item":"https:\/\/candas365.es\/noticias","nextItem":{"@type":"ListItem","@id":"https:\/\/candas365.es\/noticias\/category\/noticias-carreno\/#listItem","name":"Noticias Carre\u00f1o"}},{"@type":"ListItem","@id":"https:\/\/candas365.es\/noticias\/category\/noticias-carreno\/#listItem","position":2,"name":"Noticias Carre\u00f1o","item":"https:\/\/candas365.es\/noticias\/category\/noticias-carreno\/","nextItem":{"@type":"ListItem","@id":"https:\/\/candas365.es\/noticias\/adjudicas-las-tareas-de-desbroce-y-mantenimiento-del-monte-areo\/#listItem","name":"Adjudicas las tareas de desbroce y mantenimiento del Monte Areo"},"previousItem":{"@type":"ListItem","@id":"https:\/\/candas365.es\/noticias#listItem","name":"Home"}},{"@type":"ListItem","@id":"https:\/\/candas365.es\/noticias\/adjudicas-las-tareas-de-desbroce-y-mantenimiento-del-monte-areo\/#listItem","position":3,"name":"Adjudicas las tareas de desbroce y mantenimiento del Monte Areo","previousItem":{"@type":"ListItem","@id":"https:\/\/candas365.es\/noticias\/category\/noticias-carreno\/#listItem","name":"Noticias Carre\u00f1o"}}]},{"@type":"NewsArticle","@id":"https:\/\/candas365.es\/noticias\/adjudicas-las-tareas-de-desbroce-y-mantenimiento-del-monte-areo\/#newsarticle","name":"Adjudicas las tareas de desbroce y mantenimiento del Monte Areo | Cand\u00e1s 365","headline":"Adjudicas las tareas de desbroce y mantenimiento del Monte Areo","author":{"@id":"https:\/\/candas365.es\/noticias\/author\/admin\/#author"},"publisher":{"@id":"https:\/\/candas365.es\/noticias\/#organization"},"image":{"@type":"ImageObject","url":"https:\/\/candas365.es\/noticias\/wp-content\/uploads\/2019\/01\/MG_2616.jpg","width":1280,"height":853},"datePublished":"2019-01-29T13:23:56+01:00","dateModified":"2019-01-29T13:23:56+01:00","inLanguage":"es-ES","mainEntityOfPage":{"@id":"https:\/\/candas365.es\/noticias\/adjudicas-las-tareas-de-desbroce-y-mantenimiento-del-monte-areo\/#webpage"},"isPartOf":{"@id":"https:\/\/candas365.es\/noticias\/adjudicas-las-tareas-de-desbroce-y-mantenimiento-del-monte-areo\/#webpage"},"articleSection":"Noticias Carre\u00f1o","dateline":"Publicado el enero 29, 2019."},{"@type":"Organization","@id":"https:\/\/candas365.es\/noticias\/#organization","name":"Cand\u00e1s 365","description":"Cand\u00e1s 365 es un diario digital independiente, fundado en 2012, con base en Asturias. Informamos con rigor sobre actualidad, sociedad, cultura y ocio, con una mirada local y global.","url":"https:\/\/candas365.es\/noticias\/","email":"info@candas365.es","telephone":"+34652131393","foundingDate":"2012-06-10","logo":{"@type":"ImageObject","url":"https:\/\/candas365.es\/noticias\/wp-content\/uploads\/2024\/09\/Candas-365-Redes.jpg","@id":"https:\/\/candas365.es\/noticias\/adjudicas-las-tareas-de-desbroce-y-mantenimiento-del-monte-areo\/#organizationLogo","width":1152,"height":864,"caption":"Cand\u00e1s 365 Redes"},"image":{"@id":"https:\/\/candas365.es\/noticias\/adjudicas-las-tareas-de-desbroce-y-mantenimiento-del-monte-areo\/#organizationLogo"},"sameAs":["https:\/\/www.facebook.com\/Nachofdezber","https:\/\/x.com\/NabercoDigital","https:\/\/www.instagram.com\/nachofdezber\/","https:\/\/www.youtube.com\/channel\/UCZP-2wLEB9Rv6erhFmqVnvg"],"address":{"@id":"https:\/\/candas365.es\/noticias\/#postaladdress","@type":"PostalAddress","streetAddress":"san antonio 4, san antonio 4","postalCode":"33430","addressLocality":"Cand\u00e1s","addressRegion":"Asturias","addressCountry":"ES"}},{"@type":"Person","@id":"https:\/\/candas365.es\/noticias\/author\/admin\/#author","url":"https:\/\/candas365.es\/noticias\/author\/admin\/","name":"Cand\u00e1s 365","image":{"@type":"ImageObject","@id":"https:\/\/candas365.es\/noticias\/adjudicas-las-tareas-de-desbroce-y-mantenimiento-del-monte-areo\/#authorImage","url":"https:\/\/secure.gravatar.com\/avatar\/496a8e03d0c493ede1718b7934145dbdf8d89be1036b0eec9544e1094c9de390?s=96&d=mm&r=g","width":96,"height":96,"caption":"Cand\u00e1s 365"},"sameAs":["https:\/\/www.facebook.com\/carrenoactualidad","https:\/\/twitter.com\/nbasturias","https:\/\/www.instagram.com\/nachofdezber\/","https:\/\/www.youtube.com\/channel\/UCZP-2wLEB9Rv6erhFmqVnvg"]},{"@type":"WebPage","@id":"https:\/\/candas365.es\/noticias\/adjudicas-las-tareas-de-desbroce-y-mantenimiento-del-monte-areo\/#webpage","url":"https:\/\/candas365.es\/noticias\/adjudicas-las-tareas-de-desbroce-y-mantenimiento-del-monte-areo\/","name":"Adjudicas las tareas de desbroce y mantenimiento del Monte Areo | Cand\u00e1s 365","description":"A trav\u00e9s de la Concejal\u00eda de Medio Rural, el Ayuntamiento de Carre\u00f1o contrat\u00f3, con medios externos, los trabajos necesarios de desbroce de los Caminos y las Pistas Forestales en el Monte Areo. El Monte Areo o monte Iroba, l\u00edmite de los concejos de Carre\u00f1o y Gij\u00f3n tiene unos 7 km de longitud y cuya cota","inLanguage":"es-ES","isPartOf":{"@id":"https:\/\/candas365.es\/noticias\/#website"},"breadcrumb":{"@id":"https:\/\/candas365.es\/noticias\/adjudicas-las-tareas-de-desbroce-y-mantenimiento-del-monte-areo\/#breadcrumblist"},"author":{"@id":"https:\/\/candas365.es\/noticias\/author\/admin\/#author"},"creator":{"@id":"https:\/\/candas365.es\/noticias\/author\/admin\/#author"},"image":{"@type":"ImageObject","url":"https:\/\/candas365.es\/noticias\/wp-content\/uploads\/2019\/01\/MG_2616.jpg","@id":"https:\/\/candas365.es\/noticias\/adjudicas-las-tareas-de-desbroce-y-mantenimiento-del-monte-areo\/#mainImage","width":1280,"height":853},"primaryImageOfPage":{"@id":"https:\/\/candas365.es\/noticias\/adjudicas-las-tareas-de-desbroce-y-mantenimiento-del-monte-areo\/#mainImage"},"datePublished":"2019-01-29T13:23:56+01:00","dateModified":"2019-01-29T13:23:56+01:00"},{"@type":"WebSite","@id":"https:\/\/candas365.es\/noticias\/#website","url":"https:\/\/candas365.es\/noticias\/","name":"Cand\u00e1s 365","alternateName":"Cand\u00e1s 365 Noticias","description":"Actualidad desde Carre\u00f1o para el mundo","inLanguage":"es-ES","publisher":{"@id":"https:\/\/candas365.es\/noticias\/#organization"}}]},"og:locale":"es_ES","og:site_name":"Cand\u00e1s 365","og:type":"article","og:title":"Adjudicas las tareas de desbroce y mantenimiento del Monte Areo | Cand\u00e1s 365","og:description":"A trav\u00e9s de la Concejal\u00eda de Medio Rural, el Ayuntamiento de Carre\u00f1o contrat\u00f3, con medios externos, los trabajos necesarios de desbroce de los Caminos y las Pistas Forestales en el Monte Areo. El Monte Areo o monte Iroba, l\u00edmite de los concejos de Carre\u00f1o y Gij\u00f3n tiene unos 7 km de longitud y cuya cota","og:url":"https:\/\/candas365.es\/noticias\/adjudicas-las-tareas-de-desbroce-y-mantenimiento-del-monte-areo\/","og:image":"https:\/\/candas365.es\/noticias\/wp-content\/uploads\/2019\/01\/MG_2616.jpg","og:image:secure_url":"https:\/\/candas365.es\/noticias\/wp-content\/uploads\/2019\/01\/MG_2616.jpg","og:image:width":1280,"og:image:height":853,"article:published_time":"2019-01-29T13:23:56+00:00","article:modified_time":"2019-01-29T13:23:56+00:00","article:publisher":"https:\/\/www.facebook.com\/Nachofdezber","article:author":"https:\/\/www.facebook.com\/carrenoactualidad","twitter:card":"summary_large_image","twitter:site":"@NabercoDigital","twitter:title":"Adjudicas las tareas de desbroce y mantenimiento del Monte Areo | Cand\u00e1s 365","twitter:description":"A trav\u00e9s de la Concejal\u00eda de Medio Rural, el Ayuntamiento de Carre\u00f1o contrat\u00f3, con medios externos, los trabajos necesarios de desbroce de los Caminos y las Pistas Forestales en el Monte Areo. El Monte Areo o monte Iroba, l\u00edmite de los concejos de Carre\u00f1o y Gij\u00f3n tiene unos 7 km de longitud y cuya cota","twitter:creator":"@nbasturias","twitter:image":"https:\/\/candas365.es\/noticias\/wp-content\/uploads\/2019\/01\/MG_2616.jpg","twitter:label1":"Escrito por","twitter:data1":"Cand\u00e1s 365","twitter:label2":"Tiempo de lectura estimado","twitter:data2":"4 minutos"},"aioseo_meta_data":{"post_id":"115213","title":null,"description":null,"keywords":null,"keyphrases":null,"primary_term":null,"canonical_url":null,"og_title":null,"og_description":null,"og_object_type":"default","og_image_type":"default","og_image_url":null,"og_image_width":null,"og_image_height":null,"og_image_custom_url":null,"og_image_custom_fields":null,"og_video":null,"og_custom_url":null,"og_article_section":null,"og_article_tags":null,"twitter_use_og":false,"twitter_card":"default","twitter_image_type":"default","twitter_image_url":null,"twitter_image_custom_url":null,"twitter_image_custom_fields":null,"twitter_title":null,"twitter_description":null,"schema":{"blockGraphs":[],"customGraphs":[],"default":{"data":{"Article":[],"Course":[],"Dataset":[],"FAQPage":[],"Movie":[],"Person":[],"Product":[],"ProductReview":[],"Car":[],"Recipe":[],"Service":[],"SoftwareApplication":[],"WebPage":[]},"graphName":"","isEnabled":true},"graphs":[],"defaultGraph":"","defaultPostTypeGraph":""},"schema_type":null,"schema_type_options":null,"pillar_content":false,"robots_default":true,"robots_noindex":false,"robots_noarchive":false,"robots_nosnippet":false,"robots_nofollow":false,"robots_noimageindex":false,"robots_noodp":false,"robots_notranslate":false,"robots_max_snippet":null,"robots_max_videopreview":null,"robots_max_imagepreview":"large","priority":null,"frequency":null,"location":null,"local_seo":null,"seo_analyzer_scan_date":"2025-08-29 03:27:14","breadcrumb_settings":null,"limit_modified_date":false,"reviewed_by":null,"open_ai":null,"ai":null,"created":"2020-12-21 11:18:55","updated":"2025-08-29 03:27:14"},"aioseo_breadcrumb":"<div class=\"aioseo-breadcrumbs\"><span class=\"aioseo-breadcrumb\">\n\t<a href=\"https:\/\/candas365.es\/noticias\" title=\"Home\">Home<\/a>\n<\/span><span class=\"aioseo-breadcrumb-separator\">&ndash;<\/span><span class=\"aioseo-breadcrumb\">\n\t<a href=\"https:\/\/candas365.es\/noticias\/category\/noticias-carreno\/\" title=\"Noticias Carre\u00f1o\">Noticias Carre\u00f1o<\/a>\n<\/span><span class=\"aioseo-breadcrumb-separator\">&ndash;<\/span><span class=\"aioseo-breadcrumb\">\n\tAdjudicas las tareas de desbroce y mantenimiento del Monte Areo\n<\/span><\/div>","aioseo_breadcrumb_json":[{"label":"Home","link":"https:\/\/candas365.es\/noticias"},{"label":"Noticias Carre\u00f1o","link":"https:\/\/candas365.es\/noticias\/category\/noticias-carreno\/"},{"label":"Adjudicas las tareas de desbroce y mantenimiento del Monte Areo","link":"https:\/\/candas365.es\/noticias\/adjudicas-las-tareas-de-desbroce-y-mantenimiento-del-monte-areo\/"}],"_links":{"self":[{"href":"https:\/\/candas365.es\/noticias\/wp-json\/wp\/v2\/posts\/115213","targetHints":{"allow":["GET"]}}],"collection":[{"href":"https:\/\/candas365.es\/noticias\/wp-json\/wp\/v2\/posts"}],"about":[{"href":"https:\/\/candas365.es\/noticias\/wp-json\/wp\/v2\/types\/post"}],"author":[{"embeddable":true,"href":"https:\/\/candas365.es\/noticias\/wp-json\/wp\/v2\/users\/1"}],"replies":[{"embeddable":true,"href":"https:\/\/candas365.es\/noticias\/wp-json\/wp\/v2\/comments?post=115213"}],"version-history":[{"count":0,"href":"https:\/\/candas365.es\/noticias\/wp-json\/wp\/v2\/posts\/115213\/revisions"}],"wp:featuredmedia":[{"embeddable":true,"href":"https:\/\/candas365.es\/noticias\/wp-json\/wp\/v2\/media\/115214"}],"wp:attachment":[{"href":"https:\/\/candas365.es\/noticias\/wp-json\/wp\/v2\/media?parent=115213"}],"wp:term":[{"taxonomy":"category","embeddable":true,"href":"https:\/\/candas365.es\/noticias\/wp-json\/wp\/v2\/categories?post=115213"},{"taxonomy":"post_tag","embeddable":true,"href":"https:\/\/candas365.es\/noticias\/wp-json\/wp\/v2\/tags?post=115213"}],"curies":[{"name":"wp","href":"https:\/\/api.w.org\/{rel}","templated":true}]}}