{"id":115205,"date":"2019-01-29T12:26:09","date_gmt":"2019-01-29T12:26:09","guid":{"rendered":"http:\/\/candas365.es\/noticias\/?p=115205"},"modified":"2019-01-29T12:26:09","modified_gmt":"2019-01-29T12:26:09","slug":"dia-de-la-mujer-y-la-nina-en-la-ciencia-en-el-muja","status":"publish","type":"post","link":"https:\/\/candas365.es\/noticias\/dia-de-la-mujer-y-la-nina-en-la-ciencia-en-el-muja\/","title":{"rendered":"D\u00eda de la Mujer y la Ni\u00f1a en la Ciencia en el MUJA"},"content":{"rendered":"<p><img fetchpriority=\"high\" decoding=\"async\" class=\"alignleft size-medium wp-image-94560\" src=\"https:\/\/candas365.es\/noticias\/wp-content\/uploads\/2018\/04\/MUJA-360x240.jpg\" alt=\"\" width=\"360\" height=\"240\" srcset=\"https:\/\/candas365.es\/noticias\/wp-content\/uploads\/2018\/04\/MUJA-360x240.jpg 360w, https:\/\/candas365.es\/noticias\/wp-content\/uploads\/2018\/04\/MUJA-768x512.jpg 768w, https:\/\/candas365.es\/noticias\/wp-content\/uploads\/2018\/04\/MUJA-655x436.jpg 655w, https:\/\/candas365.es\/noticias\/wp-content\/uploads\/2018\/04\/MUJA-696x464.jpg 696w, https:\/\/candas365.es\/noticias\/wp-content\/uploads\/2018\/04\/MUJA-1068x712.jpg 1068w, https:\/\/candas365.es\/noticias\/wp-content\/uploads\/2018\/04\/MUJA-630x420.jpg 630w, https:\/\/candas365.es\/noticias\/wp-content\/uploads\/2018\/04\/MUJA.jpg 1280w\" sizes=\"(max-width: 360px) 100vw, 360px\" \/>Teatro de t\u00edteres, un cuento-taller, visitas guiadas y actividades especiales y las muestras temporales \u201cEl pasillo de la ciencia\u201d y \u201cLa figura de Mary Anning\u201d forman parte de la programaci\u00f3n del D\u00eda Internacional de la Mujer y la Ni\u00f1a en la Ciencia en el Museo del Jur\u00e1sico de Asturias (MUJA).<\/p>\n<p>A partir del 1 de febrero y durante todo el mes, el equipamiento exhibe las muestras temporales \u201cEl pasillo de la ciencia\u201d, con varias ilustraciones de algunas de las cient\u00edficas m\u00e1s importantes del panorama internacional creadas por Beatriz Arribas; y \u201cLa figura de Mary Anning\u201d, con dibujos realizados por Vanesa Rovira para conocer la vida y la pasi\u00f3n por los f\u00f3siles de esta paleont\u00f3loga.<\/p>\n<p>El s\u00e1bado 2 de febrero, a las 12:30 horas, Producciones Viesqueswood impartir\u00e1 el taller \u201cUn viaje por la Era de los reptiles gigantes\u201d para p\u00fablico infantil de 4 a 11 a\u00f1os. Mediante juegos, manualidades, t\u00e9cnicas de teatro y marionetas, Ray, \u201cexperto paleont\u00f3logo\u201d, se encargar\u00e1 de mostrarles los secretos de los grandes lagartos, mientras que su compa\u00f1ero Bob les contar\u00e1 an\u00e9cdotas y curiosidades. Producciones Viesqueswood tambi\u00e9n ser\u00e1 la compa\u00f1\u00eda encargada de llevar al p\u00fablico familiar a un particular viaje al Jur\u00e1sico con \u201cMundo dinosaurio\u201d, un espect\u00e1culo de teatro de t\u00edteres en el que el joven Lucio viaja hasta finales del Mesozoico en busca de su dinosaurio favorito, el Tyranosaurus Rex, el 2 de febrero a las 16:30 horas.<\/p>\n<p>Laura Pi\u00f1uela, integrante del equipo cient\u00edfico del MUJA, ser\u00e1 la encargada de mostrar el Museo el 2 y 3 de febrero, a las 12:30 h. Doctora en Geolog\u00eda, ha dedicado toda su vida a su pasi\u00f3n, la investigaci\u00f3n, y principalmente al estudio de dinosaurios, de sus huellas y de los pterosaurios, sus animales favoritos. Pi\u00f1uela ofrecer\u00e1 adem\u00e1s un taller de \u201cPreparaci\u00f3n de f\u00f3siles\u201d el 3 de febrero a las 16:30 horas, dos actividades dirigidas a j\u00f3venes a partir de 12 a\u00f1os y adultos.<\/p>\n<p>Las actividades continuar\u00e1n el 9 y 10 de febrero con dos jornadas dedicadas a Mary Anning: a las 11:30 y 16:15 horas habr\u00e1 una visita guiada para todos los p\u00fablicos con una invitada muy especial que contar\u00e1 la extraordinaria vida de esta paleont\u00f3loga y completar\u00e1 las explicaciones de la gu\u00eda; y a las 13:00 y 17:30 horas tendr\u00e1 lugar el cuento-taller \u201cUna vida entre f\u00f3siles\u201d para conocer m\u00e1s sobre la historia de Anning y las barreras que tuvo que superar.<\/p>\n<p>Las actividades tienen las plazas limitadas y las entradas se pueden adquirir a trav\u00e9s de la web www.museojurasicoasturias.com, donde se pueden consultar todos los detalles del programa del D\u00eda Internacional de la Mujer y la Ni\u00f1a en la Ciencia en el MUJA.<\/p>\n","protected":false},"excerpt":{"rendered":"<p>Teatro de t\u00edteres, un cuento-taller, visitas guiadas y actividades especiales y las muestras temporales \u201cEl pasillo de la ciencia\u201d y \u201cLa figura de Mary Anning\u201d forman parte de la programaci\u00f3n del D\u00eda Internacional de la Mujer y la Ni\u00f1a en la Ciencia en el Museo del Jur\u00e1sico de Asturias (MUJA). A partir del 1 de<\/p>\n","protected":false},"author":1,"featured_media":94560,"comment_status":"closed","ping_status":"closed","sticky":false,"template":"","format":"standard","meta":{"footnotes":""},"categories":[1],"tags":[],"class_list":{"0":"post-115205","1":"post","2":"type-post","3":"status-publish","4":"format-standard","5":"has-post-thumbnail","7":"category-agenda"},"aioseo_notices":[],"aioseo_head":"\n\t\t<!-- All in One SEO Pro 4.9.6.2 - aioseo.com -->\n\t<meta name=\"description\" content=\"Teatro de t\u00edteres, un cuento-taller, visitas guiadas y actividades especiales y las muestras temporales \u201cEl pasillo de la ciencia\u201d y \u201cLa figura de Mary Anning\u201d forman parte de la programaci\u00f3n del D\u00eda Internacional de la Mujer y la Ni\u00f1a en la Ciencia en el Museo del Jur\u00e1sico de Asturias (MUJA). A partir del 1 de\" \/>\n\t<meta name=\"robots\" content=\"max-image-preview:large\" \/>\n\t<meta name=\"author\" content=\"Cand\u00e1s 365\"\/>\n\t<meta name=\"google-site-verification\" content=\"UA-32230408-1\" \/>\n\t<meta name=\"msvalidate.01\" content=\"354F3CDFB2DA171B47FBE9ABF1F88D5\" \/>\n\t<meta name=\"keywords\" content=\"agenda\" \/>\n\t<link rel=\"canonical\" href=\"https:\/\/candas365.es\/noticias\/dia-de-la-mujer-y-la-nina-en-la-ciencia-en-el-muja\/\" \/>\n\t<meta name=\"generator\" content=\"All in One SEO Pro (AIOSEO) 4.9.6.2\" \/>\n\t\t<meta property=\"og:locale\" content=\"es_ES\" \/>\n\t\t<meta property=\"og:site_name\" content=\"Cand\u00e1s 365\" \/>\n\t\t<meta property=\"og:type\" content=\"article\" \/>\n\t\t<meta property=\"og:title\" content=\"D\u00eda de la Mujer y la Ni\u00f1a en la Ciencia en el MUJA | Cand\u00e1s 365\" \/>\n\t\t<meta property=\"og:description\" content=\"Teatro de t\u00edteres, un cuento-taller, visitas guiadas y actividades especiales y las muestras temporales \u201cEl pasillo de la ciencia\u201d y \u201cLa figura de Mary Anning\u201d forman parte de la programaci\u00f3n del D\u00eda Internacional de la Mujer y la Ni\u00f1a en la Ciencia en el Museo del Jur\u00e1sico de Asturias (MUJA). A partir del 1 de\" \/>\n\t\t<meta property=\"og:url\" content=\"https:\/\/candas365.es\/noticias\/dia-de-la-mujer-y-la-nina-en-la-ciencia-en-el-muja\/\" \/>\n\t\t<meta property=\"og:image\" content=\"https:\/\/candas365.es\/noticias\/wp-content\/uploads\/2018\/04\/MUJA.jpg\" \/>\n\t\t<meta property=\"og:image:secure_url\" content=\"https:\/\/candas365.es\/noticias\/wp-content\/uploads\/2018\/04\/MUJA.jpg\" \/>\n\t\t<meta property=\"og:image:width\" content=\"1280\" \/>\n\t\t<meta property=\"og:image:height\" content=\"853\" \/>\n\t\t<meta property=\"article:published_time\" content=\"2019-01-29T12:26:09+00:00\" \/>\n\t\t<meta property=\"article:modified_time\" content=\"2019-01-29T12:26:09+00:00\" \/>\n\t\t<meta property=\"article:publisher\" content=\"https:\/\/www.facebook.com\/Nachofdezber\" \/>\n\t\t<meta property=\"article:author\" content=\"https:\/\/www.facebook.com\/carrenoactualidad\" \/>\n\t\t<meta name=\"twitter:card\" content=\"summary_large_image\" \/>\n\t\t<meta name=\"twitter:site\" content=\"@NabercoDigital\" \/>\n\t\t<meta name=\"twitter:title\" content=\"D\u00eda de la Mujer y la Ni\u00f1a en la Ciencia en el MUJA | Cand\u00e1s 365\" \/>\n\t\t<meta name=\"twitter:description\" content=\"Teatro de t\u00edteres, un cuento-taller, visitas guiadas y actividades especiales y las muestras temporales \u201cEl pasillo de la ciencia\u201d y \u201cLa figura de Mary Anning\u201d forman parte de la programaci\u00f3n del D\u00eda Internacional de la Mujer y la Ni\u00f1a en la Ciencia en el Museo del Jur\u00e1sico de Asturias (MUJA). A partir del 1 de\" \/>\n\t\t<meta name=\"twitter:creator\" content=\"@nbasturias\" \/>\n\t\t<meta name=\"twitter:image\" content=\"https:\/\/candas365.es\/noticias\/wp-content\/uploads\/2018\/04\/MUJA.jpg\" \/>\n\t\t<meta name=\"twitter:label1\" content=\"Escrito por\" \/>\n\t\t<meta name=\"twitter:data1\" content=\"Cand\u00e1s 365\" \/>\n\t\t<meta name=\"twitter:label2\" content=\"Tiempo de lectura estimado\" \/>\n\t\t<meta name=\"twitter:data2\" content=\"2 minutos\" \/>\n\t\t<script type=\"application\/ld+json\" class=\"aioseo-schema\">\n\t\t\t{\"@context\":\"https:\\\/\\\/schema.org\",\"@graph\":[{\"@type\":\"BreadcrumbList\",\"@id\":\"https:\\\/\\\/candas365.es\\\/noticias\\\/dia-de-la-mujer-y-la-nina-en-la-ciencia-en-el-muja\\\/#breadcrumblist\",\"itemListElement\":[{\"@type\":\"ListItem\",\"@id\":\"https:\\\/\\\/candas365.es\\\/noticias#listItem\",\"position\":1,\"name\":\"Home\",\"item\":\"https:\\\/\\\/candas365.es\\\/noticias\",\"nextItem\":{\"@type\":\"ListItem\",\"@id\":\"https:\\\/\\\/candas365.es\\\/noticias\\\/category\\\/agenda\\\/#listItem\",\"name\":\"Agenda\"}},{\"@type\":\"ListItem\",\"@id\":\"https:\\\/\\\/candas365.es\\\/noticias\\\/category\\\/agenda\\\/#listItem\",\"position\":2,\"name\":\"Agenda\",\"item\":\"https:\\\/\\\/candas365.es\\\/noticias\\\/category\\\/agenda\\\/\",\"nextItem\":{\"@type\":\"ListItem\",\"@id\":\"https:\\\/\\\/candas365.es\\\/noticias\\\/dia-de-la-mujer-y-la-nina-en-la-ciencia-en-el-muja\\\/#listItem\",\"name\":\"D\\u00eda de la Mujer y la Ni\\u00f1a en la Ciencia en el MUJA\"},\"previousItem\":{\"@type\":\"ListItem\",\"@id\":\"https:\\\/\\\/candas365.es\\\/noticias#listItem\",\"name\":\"Home\"}},{\"@type\":\"ListItem\",\"@id\":\"https:\\\/\\\/candas365.es\\\/noticias\\\/dia-de-la-mujer-y-la-nina-en-la-ciencia-en-el-muja\\\/#listItem\",\"position\":3,\"name\":\"D\\u00eda de la Mujer y la Ni\\u00f1a en la Ciencia en el MUJA\",\"previousItem\":{\"@type\":\"ListItem\",\"@id\":\"https:\\\/\\\/candas365.es\\\/noticias\\\/category\\\/agenda\\\/#listItem\",\"name\":\"Agenda\"}}]},{\"@type\":\"NewsArticle\",\"@id\":\"https:\\\/\\\/candas365.es\\\/noticias\\\/dia-de-la-mujer-y-la-nina-en-la-ciencia-en-el-muja\\\/#newsarticle\",\"name\":\"D\\u00eda de la Mujer y la Ni\\u00f1a en la Ciencia en el MUJA | Cand\\u00e1s 365\",\"headline\":\"D\\u00eda de la Mujer y la Ni\\u00f1a en la Ciencia en el MUJA\",\"author\":{\"@id\":\"https:\\\/\\\/candas365.es\\\/noticias\\\/author\\\/admin\\\/#author\"},\"publisher\":{\"@id\":\"https:\\\/\\\/candas365.es\\\/noticias\\\/#organization\"},\"image\":{\"@type\":\"ImageObject\",\"url\":\"https:\\\/\\\/candas365.es\\\/noticias\\\/wp-content\\\/uploads\\\/2018\\\/04\\\/MUJA.jpg\",\"width\":1280,\"height\":853},\"datePublished\":\"2019-01-29T12:26:09+01:00\",\"dateModified\":\"2019-01-29T12:26:09+01:00\",\"inLanguage\":\"es-ES\",\"mainEntityOfPage\":{\"@id\":\"https:\\\/\\\/candas365.es\\\/noticias\\\/dia-de-la-mujer-y-la-nina-en-la-ciencia-en-el-muja\\\/#webpage\"},\"isPartOf\":{\"@id\":\"https:\\\/\\\/candas365.es\\\/noticias\\\/dia-de-la-mujer-y-la-nina-en-la-ciencia-en-el-muja\\\/#webpage\"},\"articleSection\":\"Agenda\",\"dateline\":\"Publicado el enero 29, 2019.\"},{\"@type\":\"Organization\",\"@id\":\"https:\\\/\\\/candas365.es\\\/noticias\\\/#organization\",\"name\":\"Cand\\u00e1s 365\",\"description\":\"Cand\\u00e1s 365 es un diario digital independiente, fundado en 2012, con base en Asturias. Informamos con rigor sobre actualidad, sociedad, cultura y ocio, con una mirada local y global.\",\"url\":\"https:\\\/\\\/candas365.es\\\/noticias\\\/\",\"email\":\"info@candas365.es\",\"telephone\":\"+34652131393\",\"foundingDate\":\"2012-06-10\",\"logo\":{\"@type\":\"ImageObject\",\"url\":\"https:\\\/\\\/candas365.es\\\/noticias\\\/wp-content\\\/uploads\\\/2024\\\/09\\\/Candas-365-Redes.jpg\",\"@id\":\"https:\\\/\\\/candas365.es\\\/noticias\\\/dia-de-la-mujer-y-la-nina-en-la-ciencia-en-el-muja\\\/#organizationLogo\",\"width\":1152,\"height\":864,\"caption\":\"Cand\\u00e1s 365 Redes\"},\"image\":{\"@id\":\"https:\\\/\\\/candas365.es\\\/noticias\\\/dia-de-la-mujer-y-la-nina-en-la-ciencia-en-el-muja\\\/#organizationLogo\"},\"sameAs\":[\"https:\\\/\\\/www.facebook.com\\\/Nachofdezber\",\"https:\\\/\\\/x.com\\\/NabercoDigital\",\"https:\\\/\\\/www.instagram.com\\\/nachofdezber\\\/\",\"https:\\\/\\\/www.youtube.com\\\/channel\\\/UCZP-2wLEB9Rv6erhFmqVnvg\"],\"address\":{\"@id\":\"https:\\\/\\\/candas365.es\\\/noticias\\\/#postaladdress\",\"@type\":\"PostalAddress\",\"streetAddress\":\"san antonio 4, san antonio 4\",\"postalCode\":\"33430\",\"addressLocality\":\"Cand\\u00e1s\",\"addressRegion\":\"Asturias\",\"addressCountry\":\"ES\"}},{\"@type\":\"Person\",\"@id\":\"https:\\\/\\\/candas365.es\\\/noticias\\\/author\\\/admin\\\/#author\",\"url\":\"https:\\\/\\\/candas365.es\\\/noticias\\\/author\\\/admin\\\/\",\"name\":\"Cand\\u00e1s 365\",\"image\":{\"@type\":\"ImageObject\",\"@id\":\"https:\\\/\\\/candas365.es\\\/noticias\\\/dia-de-la-mujer-y-la-nina-en-la-ciencia-en-el-muja\\\/#authorImage\",\"url\":\"https:\\\/\\\/secure.gravatar.com\\\/avatar\\\/496a8e03d0c493ede1718b7934145dbdf8d89be1036b0eec9544e1094c9de390?s=96&d=mm&r=g\",\"width\":96,\"height\":96,\"caption\":\"Cand\\u00e1s 365\"},\"sameAs\":[\"https:\\\/\\\/www.facebook.com\\\/carrenoactualidad\",\"https:\\\/\\\/twitter.com\\\/nbasturias\",\"https:\\\/\\\/www.instagram.com\\\/nachofdezber\\\/\",\"https:\\\/\\\/www.youtube.com\\\/channel\\\/UCZP-2wLEB9Rv6erhFmqVnvg\"]},{\"@type\":\"WebPage\",\"@id\":\"https:\\\/\\\/candas365.es\\\/noticias\\\/dia-de-la-mujer-y-la-nina-en-la-ciencia-en-el-muja\\\/#webpage\",\"url\":\"https:\\\/\\\/candas365.es\\\/noticias\\\/dia-de-la-mujer-y-la-nina-en-la-ciencia-en-el-muja\\\/\",\"name\":\"D\\u00eda de la Mujer y la Ni\\u00f1a en la Ciencia en el MUJA | Cand\\u00e1s 365\",\"description\":\"Teatro de t\\u00edteres, un cuento-taller, visitas guiadas y actividades especiales y las muestras temporales \\u201cEl pasillo de la ciencia\\u201d y \\u201cLa figura de Mary Anning\\u201d forman parte de la programaci\\u00f3n del D\\u00eda Internacional de la Mujer y la Ni\\u00f1a en la Ciencia en el Museo del Jur\\u00e1sico de Asturias (MUJA). A partir del 1 de\",\"inLanguage\":\"es-ES\",\"isPartOf\":{\"@id\":\"https:\\\/\\\/candas365.es\\\/noticias\\\/#website\"},\"breadcrumb\":{\"@id\":\"https:\\\/\\\/candas365.es\\\/noticias\\\/dia-de-la-mujer-y-la-nina-en-la-ciencia-en-el-muja\\\/#breadcrumblist\"},\"author\":{\"@id\":\"https:\\\/\\\/candas365.es\\\/noticias\\\/author\\\/admin\\\/#author\"},\"creator\":{\"@id\":\"https:\\\/\\\/candas365.es\\\/noticias\\\/author\\\/admin\\\/#author\"},\"image\":{\"@type\":\"ImageObject\",\"url\":\"https:\\\/\\\/candas365.es\\\/noticias\\\/wp-content\\\/uploads\\\/2018\\\/04\\\/MUJA.jpg\",\"@id\":\"https:\\\/\\\/candas365.es\\\/noticias\\\/dia-de-la-mujer-y-la-nina-en-la-ciencia-en-el-muja\\\/#mainImage\",\"width\":1280,\"height\":853},\"primaryImageOfPage\":{\"@id\":\"https:\\\/\\\/candas365.es\\\/noticias\\\/dia-de-la-mujer-y-la-nina-en-la-ciencia-en-el-muja\\\/#mainImage\"},\"datePublished\":\"2019-01-29T12:26:09+01:00\",\"dateModified\":\"2019-01-29T12:26:09+01:00\"},{\"@type\":\"WebSite\",\"@id\":\"https:\\\/\\\/candas365.es\\\/noticias\\\/#website\",\"url\":\"https:\\\/\\\/candas365.es\\\/noticias\\\/\",\"name\":\"Cand\\u00e1s 365\",\"alternateName\":\"Cand\\u00e1s 365 Noticias\",\"description\":\"Actualidad desde Carre\\u00f1o para el mundo\",\"inLanguage\":\"es-ES\",\"publisher\":{\"@id\":\"https:\\\/\\\/candas365.es\\\/noticias\\\/#organization\"}}]}\n\t\t<\/script>\n\t\t<!-- All in One SEO Pro -->\r\n\t\t<title>D\u00eda de la Mujer y la Ni\u00f1a en la Ciencia en el MUJA | Cand\u00e1s 365<\/title>\n\n","aioseo_head_json":{"title":"D\u00eda de la Mujer y la Ni\u00f1a en la Ciencia en el MUJA | Cand\u00e1s 365","description":"Teatro de t\u00edteres, un cuento-taller, visitas guiadas y actividades especiales y las muestras temporales \u201cEl pasillo de la ciencia\u201d y \u201cLa figura de Mary Anning\u201d forman parte de la programaci\u00f3n del D\u00eda Internacional de la Mujer y la Ni\u00f1a en la Ciencia en el Museo del Jur\u00e1sico de Asturias (MUJA). A partir del 1 de","canonical_url":"https:\/\/candas365.es\/noticias\/dia-de-la-mujer-y-la-nina-en-la-ciencia-en-el-muja\/","robots":"max-image-preview:large","keywords":"agenda","webmasterTools":{"google-site-verification":"UA-32230408-1","msvalidate.01":"354F3CDFB2DA171B47FBE9ABF1F88D5","miscellaneous":""},"schema":{"@context":"https:\/\/schema.org","@graph":[{"@type":"BreadcrumbList","@id":"https:\/\/candas365.es\/noticias\/dia-de-la-mujer-y-la-nina-en-la-ciencia-en-el-muja\/#breadcrumblist","itemListElement":[{"@type":"ListItem","@id":"https:\/\/candas365.es\/noticias#listItem","position":1,"name":"Home","item":"https:\/\/candas365.es\/noticias","nextItem":{"@type":"ListItem","@id":"https:\/\/candas365.es\/noticias\/category\/agenda\/#listItem","name":"Agenda"}},{"@type":"ListItem","@id":"https:\/\/candas365.es\/noticias\/category\/agenda\/#listItem","position":2,"name":"Agenda","item":"https:\/\/candas365.es\/noticias\/category\/agenda\/","nextItem":{"@type":"ListItem","@id":"https:\/\/candas365.es\/noticias\/dia-de-la-mujer-y-la-nina-en-la-ciencia-en-el-muja\/#listItem","name":"D\u00eda de la Mujer y la Ni\u00f1a en la Ciencia en el MUJA"},"previousItem":{"@type":"ListItem","@id":"https:\/\/candas365.es\/noticias#listItem","name":"Home"}},{"@type":"ListItem","@id":"https:\/\/candas365.es\/noticias\/dia-de-la-mujer-y-la-nina-en-la-ciencia-en-el-muja\/#listItem","position":3,"name":"D\u00eda de la Mujer y la Ni\u00f1a en la Ciencia en el MUJA","previousItem":{"@type":"ListItem","@id":"https:\/\/candas365.es\/noticias\/category\/agenda\/#listItem","name":"Agenda"}}]},{"@type":"NewsArticle","@id":"https:\/\/candas365.es\/noticias\/dia-de-la-mujer-y-la-nina-en-la-ciencia-en-el-muja\/#newsarticle","name":"D\u00eda de la Mujer y la Ni\u00f1a en la Ciencia en el MUJA | Cand\u00e1s 365","headline":"D\u00eda de la Mujer y la Ni\u00f1a en la Ciencia en el MUJA","author":{"@id":"https:\/\/candas365.es\/noticias\/author\/admin\/#author"},"publisher":{"@id":"https:\/\/candas365.es\/noticias\/#organization"},"image":{"@type":"ImageObject","url":"https:\/\/candas365.es\/noticias\/wp-content\/uploads\/2018\/04\/MUJA.jpg","width":1280,"height":853},"datePublished":"2019-01-29T12:26:09+01:00","dateModified":"2019-01-29T12:26:09+01:00","inLanguage":"es-ES","mainEntityOfPage":{"@id":"https:\/\/candas365.es\/noticias\/dia-de-la-mujer-y-la-nina-en-la-ciencia-en-el-muja\/#webpage"},"isPartOf":{"@id":"https:\/\/candas365.es\/noticias\/dia-de-la-mujer-y-la-nina-en-la-ciencia-en-el-muja\/#webpage"},"articleSection":"Agenda","dateline":"Publicado el enero 29, 2019."},{"@type":"Organization","@id":"https:\/\/candas365.es\/noticias\/#organization","name":"Cand\u00e1s 365","description":"Cand\u00e1s 365 es un diario digital independiente, fundado en 2012, con base en Asturias. Informamos con rigor sobre actualidad, sociedad, cultura y ocio, con una mirada local y global.","url":"https:\/\/candas365.es\/noticias\/","email":"info@candas365.es","telephone":"+34652131393","foundingDate":"2012-06-10","logo":{"@type":"ImageObject","url":"https:\/\/candas365.es\/noticias\/wp-content\/uploads\/2024\/09\/Candas-365-Redes.jpg","@id":"https:\/\/candas365.es\/noticias\/dia-de-la-mujer-y-la-nina-en-la-ciencia-en-el-muja\/#organizationLogo","width":1152,"height":864,"caption":"Cand\u00e1s 365 Redes"},"image":{"@id":"https:\/\/candas365.es\/noticias\/dia-de-la-mujer-y-la-nina-en-la-ciencia-en-el-muja\/#organizationLogo"},"sameAs":["https:\/\/www.facebook.com\/Nachofdezber","https:\/\/x.com\/NabercoDigital","https:\/\/www.instagram.com\/nachofdezber\/","https:\/\/www.youtube.com\/channel\/UCZP-2wLEB9Rv6erhFmqVnvg"],"address":{"@id":"https:\/\/candas365.es\/noticias\/#postaladdress","@type":"PostalAddress","streetAddress":"san antonio 4, san antonio 4","postalCode":"33430","addressLocality":"Cand\u00e1s","addressRegion":"Asturias","addressCountry":"ES"}},{"@type":"Person","@id":"https:\/\/candas365.es\/noticias\/author\/admin\/#author","url":"https:\/\/candas365.es\/noticias\/author\/admin\/","name":"Cand\u00e1s 365","image":{"@type":"ImageObject","@id":"https:\/\/candas365.es\/noticias\/dia-de-la-mujer-y-la-nina-en-la-ciencia-en-el-muja\/#authorImage","url":"https:\/\/secure.gravatar.com\/avatar\/496a8e03d0c493ede1718b7934145dbdf8d89be1036b0eec9544e1094c9de390?s=96&d=mm&r=g","width":96,"height":96,"caption":"Cand\u00e1s 365"},"sameAs":["https:\/\/www.facebook.com\/carrenoactualidad","https:\/\/twitter.com\/nbasturias","https:\/\/www.instagram.com\/nachofdezber\/","https:\/\/www.youtube.com\/channel\/UCZP-2wLEB9Rv6erhFmqVnvg"]},{"@type":"WebPage","@id":"https:\/\/candas365.es\/noticias\/dia-de-la-mujer-y-la-nina-en-la-ciencia-en-el-muja\/#webpage","url":"https:\/\/candas365.es\/noticias\/dia-de-la-mujer-y-la-nina-en-la-ciencia-en-el-muja\/","name":"D\u00eda de la Mujer y la Ni\u00f1a en la Ciencia en el MUJA | Cand\u00e1s 365","description":"Teatro de t\u00edteres, un cuento-taller, visitas guiadas y actividades especiales y las muestras temporales \u201cEl pasillo de la ciencia\u201d y \u201cLa figura de Mary Anning\u201d forman parte de la programaci\u00f3n del D\u00eda Internacional de la Mujer y la Ni\u00f1a en la Ciencia en el Museo del Jur\u00e1sico de Asturias (MUJA). A partir del 1 de","inLanguage":"es-ES","isPartOf":{"@id":"https:\/\/candas365.es\/noticias\/#website"},"breadcrumb":{"@id":"https:\/\/candas365.es\/noticias\/dia-de-la-mujer-y-la-nina-en-la-ciencia-en-el-muja\/#breadcrumblist"},"author":{"@id":"https:\/\/candas365.es\/noticias\/author\/admin\/#author"},"creator":{"@id":"https:\/\/candas365.es\/noticias\/author\/admin\/#author"},"image":{"@type":"ImageObject","url":"https:\/\/candas365.es\/noticias\/wp-content\/uploads\/2018\/04\/MUJA.jpg","@id":"https:\/\/candas365.es\/noticias\/dia-de-la-mujer-y-la-nina-en-la-ciencia-en-el-muja\/#mainImage","width":1280,"height":853},"primaryImageOfPage":{"@id":"https:\/\/candas365.es\/noticias\/dia-de-la-mujer-y-la-nina-en-la-ciencia-en-el-muja\/#mainImage"},"datePublished":"2019-01-29T12:26:09+01:00","dateModified":"2019-01-29T12:26:09+01:00"},{"@type":"WebSite","@id":"https:\/\/candas365.es\/noticias\/#website","url":"https:\/\/candas365.es\/noticias\/","name":"Cand\u00e1s 365","alternateName":"Cand\u00e1s 365 Noticias","description":"Actualidad desde Carre\u00f1o para el mundo","inLanguage":"es-ES","publisher":{"@id":"https:\/\/candas365.es\/noticias\/#organization"}}]},"og:locale":"es_ES","og:site_name":"Cand\u00e1s 365","og:type":"article","og:title":"D\u00eda de la Mujer y la Ni\u00f1a en la Ciencia en el MUJA | Cand\u00e1s 365","og:description":"Teatro de t\u00edteres, un cuento-taller, visitas guiadas y actividades especiales y las muestras temporales \u201cEl pasillo de la ciencia\u201d y \u201cLa figura de Mary Anning\u201d forman parte de la programaci\u00f3n del D\u00eda Internacional de la Mujer y la Ni\u00f1a en la Ciencia en el Museo del Jur\u00e1sico de Asturias (MUJA). A partir del 1 de","og:url":"https:\/\/candas365.es\/noticias\/dia-de-la-mujer-y-la-nina-en-la-ciencia-en-el-muja\/","og:image":"https:\/\/candas365.es\/noticias\/wp-content\/uploads\/2018\/04\/MUJA.jpg","og:image:secure_url":"https:\/\/candas365.es\/noticias\/wp-content\/uploads\/2018\/04\/MUJA.jpg","og:image:width":1280,"og:image:height":853,"article:published_time":"2019-01-29T12:26:09+00:00","article:modified_time":"2019-01-29T12:26:09+00:00","article:publisher":"https:\/\/www.facebook.com\/Nachofdezber","article:author":"https:\/\/www.facebook.com\/carrenoactualidad","twitter:card":"summary_large_image","twitter:site":"@NabercoDigital","twitter:title":"D\u00eda de la Mujer y la Ni\u00f1a en la Ciencia en el MUJA | Cand\u00e1s 365","twitter:description":"Teatro de t\u00edteres, un cuento-taller, visitas guiadas y actividades especiales y las muestras temporales \u201cEl pasillo de la ciencia\u201d y \u201cLa figura de Mary Anning\u201d forman parte de la programaci\u00f3n del D\u00eda Internacional de la Mujer y la Ni\u00f1a en la Ciencia en el Museo del Jur\u00e1sico de Asturias (MUJA). A partir del 1 de","twitter:creator":"@nbasturias","twitter:image":"https:\/\/candas365.es\/noticias\/wp-content\/uploads\/2018\/04\/MUJA.jpg","twitter:label1":"Escrito por","twitter:data1":"Cand\u00e1s 365","twitter:label2":"Tiempo de lectura estimado","twitter:data2":"2 minutos"},"aioseo_meta_data":{"post_id":"115205","title":null,"description":null,"keywords":null,"keyphrases":null,"primary_term":null,"canonical_url":null,"og_title":null,"og_description":null,"og_object_type":"default","og_image_type":"default","og_image_url":null,"og_image_width":null,"og_image_height":null,"og_image_custom_url":null,"og_image_custom_fields":null,"og_video":null,"og_custom_url":null,"og_article_section":null,"og_article_tags":null,"twitter_use_og":false,"twitter_card":"default","twitter_image_type":"default","twitter_image_url":null,"twitter_image_custom_url":null,"twitter_image_custom_fields":null,"twitter_title":null,"twitter_description":null,"schema":{"blockGraphs":[],"customGraphs":[],"default":{"data":{"Article":[],"Course":[],"Dataset":[],"FAQPage":[],"Movie":[],"Person":[],"Product":[],"ProductReview":[],"Car":[],"Recipe":[],"Service":[],"SoftwareApplication":[],"WebPage":[]},"graphName":"","isEnabled":true},"graphs":[],"defaultGraph":"","defaultPostTypeGraph":""},"schema_type":null,"schema_type_options":null,"pillar_content":false,"robots_default":true,"robots_noindex":false,"robots_noarchive":false,"robots_nosnippet":false,"robots_nofollow":false,"robots_noimageindex":false,"robots_noodp":false,"robots_notranslate":false,"robots_max_snippet":null,"robots_max_videopreview":null,"robots_max_imagepreview":"large","priority":null,"frequency":null,"location":null,"local_seo":null,"seo_analyzer_scan_date":"2025-08-29 03:25:20","breadcrumb_settings":null,"limit_modified_date":false,"reviewed_by":null,"open_ai":null,"ai":null,"created":"2020-12-21 11:18:55","updated":"2025-08-29 03:25:20"},"aioseo_breadcrumb":"<div class=\"aioseo-breadcrumbs\"><span class=\"aioseo-breadcrumb\">\n\t<a href=\"https:\/\/candas365.es\/noticias\" title=\"Home\">Home<\/a>\n<\/span><span class=\"aioseo-breadcrumb-separator\">&ndash;<\/span><span class=\"aioseo-breadcrumb\">\n\t<a href=\"https:\/\/candas365.es\/noticias\/category\/agenda\/\" title=\"Agenda\">Agenda<\/a>\n<\/span><span class=\"aioseo-breadcrumb-separator\">&ndash;<\/span><span class=\"aioseo-breadcrumb\">\n\tD\u00eda de la Mujer y la Ni\u00f1a en la Ciencia en el MUJA\n<\/span><\/div>","aioseo_breadcrumb_json":[{"label":"Home","link":"https:\/\/candas365.es\/noticias"},{"label":"Agenda","link":"https:\/\/candas365.es\/noticias\/category\/agenda\/"},{"label":"D\u00eda de la Mujer y la Ni\u00f1a en la Ciencia en el MUJA","link":"https:\/\/candas365.es\/noticias\/dia-de-la-mujer-y-la-nina-en-la-ciencia-en-el-muja\/"}],"_links":{"self":[{"href":"https:\/\/candas365.es\/noticias\/wp-json\/wp\/v2\/posts\/115205","targetHints":{"allow":["GET"]}}],"collection":[{"href":"https:\/\/candas365.es\/noticias\/wp-json\/wp\/v2\/posts"}],"about":[{"href":"https:\/\/candas365.es\/noticias\/wp-json\/wp\/v2\/types\/post"}],"author":[{"embeddable":true,"href":"https:\/\/candas365.es\/noticias\/wp-json\/wp\/v2\/users\/1"}],"replies":[{"embeddable":true,"href":"https:\/\/candas365.es\/noticias\/wp-json\/wp\/v2\/comments?post=115205"}],"version-history":[{"count":0,"href":"https:\/\/candas365.es\/noticias\/wp-json\/wp\/v2\/posts\/115205\/revisions"}],"wp:featuredmedia":[{"embeddable":true,"href":"https:\/\/candas365.es\/noticias\/wp-json\/wp\/v2\/media\/94560"}],"wp:attachment":[{"href":"https:\/\/candas365.es\/noticias\/wp-json\/wp\/v2\/media?parent=115205"}],"wp:term":[{"taxonomy":"category","embeddable":true,"href":"https:\/\/candas365.es\/noticias\/wp-json\/wp\/v2\/categories?post=115205"},{"taxonomy":"post_tag","embeddable":true,"href":"https:\/\/candas365.es\/noticias\/wp-json\/wp\/v2\/tags?post=115205"}],"curies":[{"name":"wp","href":"https:\/\/api.w.org\/{rel}","templated":true}]}}