{"id":115141,"date":"2019-01-27T23:29:46","date_gmt":"2019-01-27T23:29:46","guid":{"rendered":"http:\/\/candas365.es\/noticias\/?p=115141"},"modified":"2019-01-27T23:29:46","modified_gmt":"2019-01-27T23:29:46","slug":"candas-estara-en-madrid-fusion-2019","status":"publish","type":"post","link":"https:\/\/candas365.es\/noticias\/candas-estara-en-madrid-fusion-2019\/","title":{"rendered":"Cand\u00e1s estar\u00e1 en Madrid Fusi\u00f3n 2019"},"content":{"rendered":"<p><img fetchpriority=\"high\" decoding=\"async\" class=\"alignleft size-medium wp-image-82084\" src=\"https:\/\/candas365.es\/noticias\/wp-content\/uploads\/2017\/10\/Covadonga-turismo-300x300.jpg\" alt=\"\" width=\"300\" height=\"300\" srcset=\"https:\/\/candas365.es\/noticias\/wp-content\/uploads\/2017\/10\/Covadonga-turismo-300x300.jpg 300w, https:\/\/candas365.es\/noticias\/wp-content\/uploads\/2017\/10\/Covadonga-turismo-150x150.jpg 150w, https:\/\/candas365.es\/noticias\/wp-content\/uploads\/2017\/10\/Covadonga-turismo-768x768.jpg 768w, https:\/\/candas365.es\/noticias\/wp-content\/uploads\/2017\/10\/Covadonga-turismo-480x480.jpg 480w, https:\/\/candas365.es\/noticias\/wp-content\/uploads\/2017\/10\/Covadonga-turismo-696x696.jpg 696w, https:\/\/candas365.es\/noticias\/wp-content\/uploads\/2017\/10\/Covadonga-turismo-1068x1068.jpg 1068w, https:\/\/candas365.es\/noticias\/wp-content\/uploads\/2017\/10\/Covadonga-turismo-420x420.jpg 420w, https:\/\/candas365.es\/noticias\/wp-content\/uploads\/2017\/10\/Covadonga-turismo-50x50.jpg 50w, https:\/\/candas365.es\/noticias\/wp-content\/uploads\/2017\/10\/Covadonga-turismo.jpg 1181w\" sizes=\"(max-width: 300px) 100vw, 300px\" \/>El Principado participa por segundo a\u00f1o consecutivo con estand propio en Madrid Fusi\u00f3n, el congreso de cocineros m\u00e1s importante del pa\u00eds. La oferta gastron\u00f3mica de la comunidad y los productos amparados bajo la marca Alimentos del Para\u00edso ser\u00e1n los protagonistas del espacio regional en esta nueva edici\u00f3n, que se inaugura ma\u00f1ana.<\/p>\n<p>En el estand de Asturias se podr\u00e1n degustar buena parte de los productos amparados por el distintivo de calidad, como los quesos de Cabrales, Gamon\u00e9u, Cas\u00edn, Afuega\u00b4l pitu, Ov\u00edn ecol\u00f3gico y Beyos. Tambi\u00e9n el chosco de Tineo, los chorizos asturianos, el vino de Cangas, la sidra con Denominaci\u00f3n de Origen Protegida (DOP), as\u00ed como <strong>las mara\u00f1uelas de Cand\u00e1s y Luanco<\/strong>, la mermelada de kiwi ecol\u00f3gico y la miel de los bosques del Principado, todo ello coordinado por la Consejer\u00eda de Desarrollo Rural y Recursos Naturales.<\/p>\n<p>Ma\u00f1ana, a las 19.15 horas, se celebrar\u00e1 el taller Los Alimentos del Para\u00edso Natural en el men\u00fa de la Reconquista: verdinas y vacuno mayor, en el que Isaac Loya, del Real Balneario de Salinas, cocinar\u00e1 verdinas con pix\u00edn a la armoricana y un solomillo carbonizado de vacuno mayor. Los asistentes podr\u00e1n conocer as\u00ed el proyecto Men\u00fa de la Reconquista, que naci\u00f3 con motivo de Covadonga Centenarios. Se trata de una propuesta que ha puesto en marcha la patronal tur\u00edstica Otea, con el apoyo de la Consejer\u00eda de Empleo, Industria y Turismo, y en la que todos los platos llevan productos de Asturias amparados bajo la marca de calidad Alimentos del Para\u00edso Natural.<\/p>\n<p>Tambi\u00e9n se han creado las Escapadas de la Reconquista, que incluyen pernoctaci\u00f3n en r\u00e9gimen de alojamiento y desayuno y la degustaci\u00f3n de un men\u00fa en cualquiera de los restaurantes participantes.<\/p>\n","protected":false},"excerpt":{"rendered":"<p>El Principado participa por segundo a\u00f1o consecutivo con estand propio en Madrid Fusi\u00f3n, el congreso de cocineros m\u00e1s importante del pa\u00eds. La oferta gastron\u00f3mica de la comunidad y los productos amparados bajo la marca Alimentos del Para\u00edso ser\u00e1n los protagonistas del espacio regional en esta nueva edici\u00f3n, que se inaugura ma\u00f1ana. En el estand de<\/p>\n","protected":false},"author":1,"featured_media":82084,"comment_status":"closed","ping_status":"closed","sticky":false,"template":"","format":"standard","meta":{"footnotes":""},"categories":[2],"tags":[],"class_list":{"0":"post-115141","1":"post","2":"type-post","3":"status-publish","4":"format-standard","5":"has-post-thumbnail","7":"category-noticias-carreno"},"aioseo_notices":[],"aioseo_head":"\n\t\t<!-- All in One SEO Pro 4.9.6.2 - aioseo.com -->\n\t<meta name=\"description\" content=\"El Principado participa por segundo a\u00f1o consecutivo con estand propio en Madrid Fusi\u00f3n, el congreso de cocineros m\u00e1s importante del pa\u00eds. La oferta gastron\u00f3mica de la comunidad y los productos amparados bajo la marca Alimentos del Para\u00edso ser\u00e1n los protagonistas del espacio regional en esta nueva edici\u00f3n, que se inaugura ma\u00f1ana. En el estand de\" \/>\n\t<meta name=\"robots\" content=\"max-image-preview:large\" \/>\n\t<meta name=\"author\" content=\"Cand\u00e1s 365\"\/>\n\t<meta name=\"google-site-verification\" content=\"UA-32230408-1\" \/>\n\t<meta name=\"msvalidate.01\" content=\"354F3CDFB2DA171B47FBE9ABF1F88D5\" \/>\n\t<meta name=\"keywords\" content=\"noticias carre\u00f1o\" \/>\n\t<link rel=\"canonical\" href=\"https:\/\/candas365.es\/noticias\/candas-estara-en-madrid-fusion-2019\/\" \/>\n\t<meta name=\"generator\" content=\"All in One SEO Pro (AIOSEO) 4.9.6.2\" \/>\n\t\t<meta property=\"og:locale\" content=\"es_ES\" \/>\n\t\t<meta property=\"og:site_name\" content=\"Cand\u00e1s 365\" \/>\n\t\t<meta property=\"og:type\" content=\"article\" \/>\n\t\t<meta property=\"og:title\" content=\"Cand\u00e1s estar\u00e1 en Madrid Fusi\u00f3n 2019 | Cand\u00e1s 365\" \/>\n\t\t<meta property=\"og:description\" content=\"El Principado participa por segundo a\u00f1o consecutivo con estand propio en Madrid Fusi\u00f3n, el congreso de cocineros m\u00e1s importante del pa\u00eds. La oferta gastron\u00f3mica de la comunidad y los productos amparados bajo la marca Alimentos del Para\u00edso ser\u00e1n los protagonistas del espacio regional en esta nueva edici\u00f3n, que se inaugura ma\u00f1ana. En el estand de\" \/>\n\t\t<meta property=\"og:url\" content=\"https:\/\/candas365.es\/noticias\/candas-estara-en-madrid-fusion-2019\/\" \/>\n\t\t<meta property=\"og:image\" content=\"https:\/\/candas365.es\/noticias\/wp-content\/uploads\/2017\/10\/Covadonga-turismo.jpg\" \/>\n\t\t<meta property=\"og:image:secure_url\" content=\"https:\/\/candas365.es\/noticias\/wp-content\/uploads\/2017\/10\/Covadonga-turismo.jpg\" \/>\n\t\t<meta property=\"og:image:width\" content=\"1181\" \/>\n\t\t<meta property=\"og:image:height\" content=\"1181\" \/>\n\t\t<meta property=\"article:published_time\" content=\"2019-01-27T23:29:46+00:00\" \/>\n\t\t<meta property=\"article:modified_time\" content=\"2019-01-27T23:29:46+00:00\" \/>\n\t\t<meta property=\"article:publisher\" content=\"https:\/\/www.facebook.com\/Nachofdezber\" \/>\n\t\t<meta property=\"article:author\" content=\"https:\/\/www.facebook.com\/carrenoactualidad\" \/>\n\t\t<meta name=\"twitter:card\" content=\"summary_large_image\" \/>\n\t\t<meta name=\"twitter:site\" content=\"@NabercoDigital\" \/>\n\t\t<meta name=\"twitter:title\" content=\"Cand\u00e1s estar\u00e1 en Madrid Fusi\u00f3n 2019 | Cand\u00e1s 365\" \/>\n\t\t<meta name=\"twitter:description\" content=\"El Principado participa por segundo a\u00f1o consecutivo con estand propio en Madrid Fusi\u00f3n, el congreso de cocineros m\u00e1s importante del pa\u00eds. La oferta gastron\u00f3mica de la comunidad y los productos amparados bajo la marca Alimentos del Para\u00edso ser\u00e1n los protagonistas del espacio regional en esta nueva edici\u00f3n, que se inaugura ma\u00f1ana. En el estand de\" \/>\n\t\t<meta name=\"twitter:creator\" content=\"@nbasturias\" \/>\n\t\t<meta name=\"twitter:image\" content=\"https:\/\/candas365.es\/noticias\/wp-content\/uploads\/2017\/10\/Covadonga-turismo.jpg\" \/>\n\t\t<meta name=\"twitter:label1\" content=\"Escrito por\" \/>\n\t\t<meta name=\"twitter:data1\" content=\"Cand\u00e1s 365\" \/>\n\t\t<meta name=\"twitter:label2\" content=\"Tiempo de lectura estimado\" \/>\n\t\t<meta name=\"twitter:data2\" content=\"2 minutos\" \/>\n\t\t<script type=\"application\/ld+json\" class=\"aioseo-schema\">\n\t\t\t{\"@context\":\"https:\\\/\\\/schema.org\",\"@graph\":[{\"@type\":\"BreadcrumbList\",\"@id\":\"https:\\\/\\\/candas365.es\\\/noticias\\\/candas-estara-en-madrid-fusion-2019\\\/#breadcrumblist\",\"itemListElement\":[{\"@type\":\"ListItem\",\"@id\":\"https:\\\/\\\/candas365.es\\\/noticias#listItem\",\"position\":1,\"name\":\"Home\",\"item\":\"https:\\\/\\\/candas365.es\\\/noticias\",\"nextItem\":{\"@type\":\"ListItem\",\"@id\":\"https:\\\/\\\/candas365.es\\\/noticias\\\/category\\\/noticias-carreno\\\/#listItem\",\"name\":\"Noticias Carre\\u00f1o\"}},{\"@type\":\"ListItem\",\"@id\":\"https:\\\/\\\/candas365.es\\\/noticias\\\/category\\\/noticias-carreno\\\/#listItem\",\"position\":2,\"name\":\"Noticias Carre\\u00f1o\",\"item\":\"https:\\\/\\\/candas365.es\\\/noticias\\\/category\\\/noticias-carreno\\\/\",\"nextItem\":{\"@type\":\"ListItem\",\"@id\":\"https:\\\/\\\/candas365.es\\\/noticias\\\/candas-estara-en-madrid-fusion-2019\\\/#listItem\",\"name\":\"Cand\\u00e1s estar\\u00e1 en Madrid Fusi\\u00f3n 2019\"},\"previousItem\":{\"@type\":\"ListItem\",\"@id\":\"https:\\\/\\\/candas365.es\\\/noticias#listItem\",\"name\":\"Home\"}},{\"@type\":\"ListItem\",\"@id\":\"https:\\\/\\\/candas365.es\\\/noticias\\\/candas-estara-en-madrid-fusion-2019\\\/#listItem\",\"position\":3,\"name\":\"Cand\\u00e1s estar\\u00e1 en Madrid Fusi\\u00f3n 2019\",\"previousItem\":{\"@type\":\"ListItem\",\"@id\":\"https:\\\/\\\/candas365.es\\\/noticias\\\/category\\\/noticias-carreno\\\/#listItem\",\"name\":\"Noticias Carre\\u00f1o\"}}]},{\"@type\":\"NewsArticle\",\"@id\":\"https:\\\/\\\/candas365.es\\\/noticias\\\/candas-estara-en-madrid-fusion-2019\\\/#newsarticle\",\"name\":\"Cand\\u00e1s estar\\u00e1 en Madrid Fusi\\u00f3n 2019 | Cand\\u00e1s 365\",\"headline\":\"Cand\\u00e1s estar\\u00e1 en Madrid Fusi\\u00f3n 2019\",\"author\":{\"@id\":\"https:\\\/\\\/candas365.es\\\/noticias\\\/author\\\/admin\\\/#author\"},\"publisher\":{\"@id\":\"https:\\\/\\\/candas365.es\\\/noticias\\\/#organization\"},\"image\":{\"@type\":\"ImageObject\",\"url\":\"https:\\\/\\\/candas365.es\\\/noticias\\\/wp-content\\\/uploads\\\/2017\\\/10\\\/Covadonga-turismo.jpg\",\"width\":1181,\"height\":1181},\"datePublished\":\"2019-01-27T23:29:46+01:00\",\"dateModified\":\"2019-01-27T23:29:46+01:00\",\"inLanguage\":\"es-ES\",\"mainEntityOfPage\":{\"@id\":\"https:\\\/\\\/candas365.es\\\/noticias\\\/candas-estara-en-madrid-fusion-2019\\\/#webpage\"},\"isPartOf\":{\"@id\":\"https:\\\/\\\/candas365.es\\\/noticias\\\/candas-estara-en-madrid-fusion-2019\\\/#webpage\"},\"articleSection\":\"Noticias Carre\\u00f1o\",\"dateline\":\"Publicado el enero 27, 2019.\"},{\"@type\":\"Organization\",\"@id\":\"https:\\\/\\\/candas365.es\\\/noticias\\\/#organization\",\"name\":\"Cand\\u00e1s 365\",\"description\":\"Cand\\u00e1s 365 es un diario digital independiente, fundado en 2012, con base en Asturias. Informamos con rigor sobre actualidad, sociedad, cultura y ocio, con una mirada local y global.\",\"url\":\"https:\\\/\\\/candas365.es\\\/noticias\\\/\",\"email\":\"info@candas365.es\",\"telephone\":\"+34652131393\",\"foundingDate\":\"2012-06-10\",\"logo\":{\"@type\":\"ImageObject\",\"url\":\"https:\\\/\\\/candas365.es\\\/noticias\\\/wp-content\\\/uploads\\\/2024\\\/09\\\/Candas-365-Redes.jpg\",\"@id\":\"https:\\\/\\\/candas365.es\\\/noticias\\\/candas-estara-en-madrid-fusion-2019\\\/#organizationLogo\",\"width\":1152,\"height\":864,\"caption\":\"Cand\\u00e1s 365 Redes\"},\"image\":{\"@id\":\"https:\\\/\\\/candas365.es\\\/noticias\\\/candas-estara-en-madrid-fusion-2019\\\/#organizationLogo\"},\"sameAs\":[\"https:\\\/\\\/www.facebook.com\\\/Nachofdezber\",\"https:\\\/\\\/x.com\\\/NabercoDigital\",\"https:\\\/\\\/www.instagram.com\\\/nachofdezber\\\/\",\"https:\\\/\\\/www.youtube.com\\\/channel\\\/UCZP-2wLEB9Rv6erhFmqVnvg\"],\"address\":{\"@id\":\"https:\\\/\\\/candas365.es\\\/noticias\\\/#postaladdress\",\"@type\":\"PostalAddress\",\"streetAddress\":\"san antonio 4, san antonio 4\",\"postalCode\":\"33430\",\"addressLocality\":\"Cand\\u00e1s\",\"addressRegion\":\"Asturias\",\"addressCountry\":\"ES\"}},{\"@type\":\"Person\",\"@id\":\"https:\\\/\\\/candas365.es\\\/noticias\\\/author\\\/admin\\\/#author\",\"url\":\"https:\\\/\\\/candas365.es\\\/noticias\\\/author\\\/admin\\\/\",\"name\":\"Cand\\u00e1s 365\",\"image\":{\"@type\":\"ImageObject\",\"@id\":\"https:\\\/\\\/candas365.es\\\/noticias\\\/candas-estara-en-madrid-fusion-2019\\\/#authorImage\",\"url\":\"https:\\\/\\\/secure.gravatar.com\\\/avatar\\\/496a8e03d0c493ede1718b7934145dbdf8d89be1036b0eec9544e1094c9de390?s=96&d=mm&r=g\",\"width\":96,\"height\":96,\"caption\":\"Cand\\u00e1s 365\"},\"sameAs\":[\"https:\\\/\\\/www.facebook.com\\\/carrenoactualidad\",\"https:\\\/\\\/twitter.com\\\/nbasturias\",\"https:\\\/\\\/www.instagram.com\\\/nachofdezber\\\/\",\"https:\\\/\\\/www.youtube.com\\\/channel\\\/UCZP-2wLEB9Rv6erhFmqVnvg\"]},{\"@type\":\"WebPage\",\"@id\":\"https:\\\/\\\/candas365.es\\\/noticias\\\/candas-estara-en-madrid-fusion-2019\\\/#webpage\",\"url\":\"https:\\\/\\\/candas365.es\\\/noticias\\\/candas-estara-en-madrid-fusion-2019\\\/\",\"name\":\"Cand\\u00e1s estar\\u00e1 en Madrid Fusi\\u00f3n 2019 | Cand\\u00e1s 365\",\"description\":\"El Principado participa por segundo a\\u00f1o consecutivo con estand propio en Madrid Fusi\\u00f3n, el congreso de cocineros m\\u00e1s importante del pa\\u00eds. La oferta gastron\\u00f3mica de la comunidad y los productos amparados bajo la marca Alimentos del Para\\u00edso ser\\u00e1n los protagonistas del espacio regional en esta nueva edici\\u00f3n, que se inaugura ma\\u00f1ana. En el estand de\",\"inLanguage\":\"es-ES\",\"isPartOf\":{\"@id\":\"https:\\\/\\\/candas365.es\\\/noticias\\\/#website\"},\"breadcrumb\":{\"@id\":\"https:\\\/\\\/candas365.es\\\/noticias\\\/candas-estara-en-madrid-fusion-2019\\\/#breadcrumblist\"},\"author\":{\"@id\":\"https:\\\/\\\/candas365.es\\\/noticias\\\/author\\\/admin\\\/#author\"},\"creator\":{\"@id\":\"https:\\\/\\\/candas365.es\\\/noticias\\\/author\\\/admin\\\/#author\"},\"image\":{\"@type\":\"ImageObject\",\"url\":\"https:\\\/\\\/candas365.es\\\/noticias\\\/wp-content\\\/uploads\\\/2017\\\/10\\\/Covadonga-turismo.jpg\",\"@id\":\"https:\\\/\\\/candas365.es\\\/noticias\\\/candas-estara-en-madrid-fusion-2019\\\/#mainImage\",\"width\":1181,\"height\":1181},\"primaryImageOfPage\":{\"@id\":\"https:\\\/\\\/candas365.es\\\/noticias\\\/candas-estara-en-madrid-fusion-2019\\\/#mainImage\"},\"datePublished\":\"2019-01-27T23:29:46+01:00\",\"dateModified\":\"2019-01-27T23:29:46+01:00\"},{\"@type\":\"WebSite\",\"@id\":\"https:\\\/\\\/candas365.es\\\/noticias\\\/#website\",\"url\":\"https:\\\/\\\/candas365.es\\\/noticias\\\/\",\"name\":\"Cand\\u00e1s 365\",\"alternateName\":\"Cand\\u00e1s 365 Noticias\",\"description\":\"Actualidad desde Carre\\u00f1o para el mundo\",\"inLanguage\":\"es-ES\",\"publisher\":{\"@id\":\"https:\\\/\\\/candas365.es\\\/noticias\\\/#organization\"}}]}\n\t\t<\/script>\n\t\t<!-- All in One SEO Pro -->\r\n\t\t<title>Cand\u00e1s estar\u00e1 en Madrid Fusi\u00f3n 2019 | Cand\u00e1s 365<\/title>\n\n","aioseo_head_json":{"title":"Cand\u00e1s estar\u00e1 en Madrid Fusi\u00f3n 2019 | Cand\u00e1s 365","description":"El Principado participa por segundo a\u00f1o consecutivo con estand propio en Madrid Fusi\u00f3n, el congreso de cocineros m\u00e1s importante del pa\u00eds. La oferta gastron\u00f3mica de la comunidad y los productos amparados bajo la marca Alimentos del Para\u00edso ser\u00e1n los protagonistas del espacio regional en esta nueva edici\u00f3n, que se inaugura ma\u00f1ana. En el estand de","canonical_url":"https:\/\/candas365.es\/noticias\/candas-estara-en-madrid-fusion-2019\/","robots":"max-image-preview:large","keywords":"noticias carre\u00f1o","webmasterTools":{"google-site-verification":"UA-32230408-1","msvalidate.01":"354F3CDFB2DA171B47FBE9ABF1F88D5","miscellaneous":""},"schema":{"@context":"https:\/\/schema.org","@graph":[{"@type":"BreadcrumbList","@id":"https:\/\/candas365.es\/noticias\/candas-estara-en-madrid-fusion-2019\/#breadcrumblist","itemListElement":[{"@type":"ListItem","@id":"https:\/\/candas365.es\/noticias#listItem","position":1,"name":"Home","item":"https:\/\/candas365.es\/noticias","nextItem":{"@type":"ListItem","@id":"https:\/\/candas365.es\/noticias\/category\/noticias-carreno\/#listItem","name":"Noticias Carre\u00f1o"}},{"@type":"ListItem","@id":"https:\/\/candas365.es\/noticias\/category\/noticias-carreno\/#listItem","position":2,"name":"Noticias Carre\u00f1o","item":"https:\/\/candas365.es\/noticias\/category\/noticias-carreno\/","nextItem":{"@type":"ListItem","@id":"https:\/\/candas365.es\/noticias\/candas-estara-en-madrid-fusion-2019\/#listItem","name":"Cand\u00e1s estar\u00e1 en Madrid Fusi\u00f3n 2019"},"previousItem":{"@type":"ListItem","@id":"https:\/\/candas365.es\/noticias#listItem","name":"Home"}},{"@type":"ListItem","@id":"https:\/\/candas365.es\/noticias\/candas-estara-en-madrid-fusion-2019\/#listItem","position":3,"name":"Cand\u00e1s estar\u00e1 en Madrid Fusi\u00f3n 2019","previousItem":{"@type":"ListItem","@id":"https:\/\/candas365.es\/noticias\/category\/noticias-carreno\/#listItem","name":"Noticias Carre\u00f1o"}}]},{"@type":"NewsArticle","@id":"https:\/\/candas365.es\/noticias\/candas-estara-en-madrid-fusion-2019\/#newsarticle","name":"Cand\u00e1s estar\u00e1 en Madrid Fusi\u00f3n 2019 | Cand\u00e1s 365","headline":"Cand\u00e1s estar\u00e1 en Madrid Fusi\u00f3n 2019","author":{"@id":"https:\/\/candas365.es\/noticias\/author\/admin\/#author"},"publisher":{"@id":"https:\/\/candas365.es\/noticias\/#organization"},"image":{"@type":"ImageObject","url":"https:\/\/candas365.es\/noticias\/wp-content\/uploads\/2017\/10\/Covadonga-turismo.jpg","width":1181,"height":1181},"datePublished":"2019-01-27T23:29:46+01:00","dateModified":"2019-01-27T23:29:46+01:00","inLanguage":"es-ES","mainEntityOfPage":{"@id":"https:\/\/candas365.es\/noticias\/candas-estara-en-madrid-fusion-2019\/#webpage"},"isPartOf":{"@id":"https:\/\/candas365.es\/noticias\/candas-estara-en-madrid-fusion-2019\/#webpage"},"articleSection":"Noticias Carre\u00f1o","dateline":"Publicado el enero 27, 2019."},{"@type":"Organization","@id":"https:\/\/candas365.es\/noticias\/#organization","name":"Cand\u00e1s 365","description":"Cand\u00e1s 365 es un diario digital independiente, fundado en 2012, con base en Asturias. Informamos con rigor sobre actualidad, sociedad, cultura y ocio, con una mirada local y global.","url":"https:\/\/candas365.es\/noticias\/","email":"info@candas365.es","telephone":"+34652131393","foundingDate":"2012-06-10","logo":{"@type":"ImageObject","url":"https:\/\/candas365.es\/noticias\/wp-content\/uploads\/2024\/09\/Candas-365-Redes.jpg","@id":"https:\/\/candas365.es\/noticias\/candas-estara-en-madrid-fusion-2019\/#organizationLogo","width":1152,"height":864,"caption":"Cand\u00e1s 365 Redes"},"image":{"@id":"https:\/\/candas365.es\/noticias\/candas-estara-en-madrid-fusion-2019\/#organizationLogo"},"sameAs":["https:\/\/www.facebook.com\/Nachofdezber","https:\/\/x.com\/NabercoDigital","https:\/\/www.instagram.com\/nachofdezber\/","https:\/\/www.youtube.com\/channel\/UCZP-2wLEB9Rv6erhFmqVnvg"],"address":{"@id":"https:\/\/candas365.es\/noticias\/#postaladdress","@type":"PostalAddress","streetAddress":"san antonio 4, san antonio 4","postalCode":"33430","addressLocality":"Cand\u00e1s","addressRegion":"Asturias","addressCountry":"ES"}},{"@type":"Person","@id":"https:\/\/candas365.es\/noticias\/author\/admin\/#author","url":"https:\/\/candas365.es\/noticias\/author\/admin\/","name":"Cand\u00e1s 365","image":{"@type":"ImageObject","@id":"https:\/\/candas365.es\/noticias\/candas-estara-en-madrid-fusion-2019\/#authorImage","url":"https:\/\/secure.gravatar.com\/avatar\/496a8e03d0c493ede1718b7934145dbdf8d89be1036b0eec9544e1094c9de390?s=96&d=mm&r=g","width":96,"height":96,"caption":"Cand\u00e1s 365"},"sameAs":["https:\/\/www.facebook.com\/carrenoactualidad","https:\/\/twitter.com\/nbasturias","https:\/\/www.instagram.com\/nachofdezber\/","https:\/\/www.youtube.com\/channel\/UCZP-2wLEB9Rv6erhFmqVnvg"]},{"@type":"WebPage","@id":"https:\/\/candas365.es\/noticias\/candas-estara-en-madrid-fusion-2019\/#webpage","url":"https:\/\/candas365.es\/noticias\/candas-estara-en-madrid-fusion-2019\/","name":"Cand\u00e1s estar\u00e1 en Madrid Fusi\u00f3n 2019 | Cand\u00e1s 365","description":"El Principado participa por segundo a\u00f1o consecutivo con estand propio en Madrid Fusi\u00f3n, el congreso de cocineros m\u00e1s importante del pa\u00eds. La oferta gastron\u00f3mica de la comunidad y los productos amparados bajo la marca Alimentos del Para\u00edso ser\u00e1n los protagonistas del espacio regional en esta nueva edici\u00f3n, que se inaugura ma\u00f1ana. En el estand de","inLanguage":"es-ES","isPartOf":{"@id":"https:\/\/candas365.es\/noticias\/#website"},"breadcrumb":{"@id":"https:\/\/candas365.es\/noticias\/candas-estara-en-madrid-fusion-2019\/#breadcrumblist"},"author":{"@id":"https:\/\/candas365.es\/noticias\/author\/admin\/#author"},"creator":{"@id":"https:\/\/candas365.es\/noticias\/author\/admin\/#author"},"image":{"@type":"ImageObject","url":"https:\/\/candas365.es\/noticias\/wp-content\/uploads\/2017\/10\/Covadonga-turismo.jpg","@id":"https:\/\/candas365.es\/noticias\/candas-estara-en-madrid-fusion-2019\/#mainImage","width":1181,"height":1181},"primaryImageOfPage":{"@id":"https:\/\/candas365.es\/noticias\/candas-estara-en-madrid-fusion-2019\/#mainImage"},"datePublished":"2019-01-27T23:29:46+01:00","dateModified":"2019-01-27T23:29:46+01:00"},{"@type":"WebSite","@id":"https:\/\/candas365.es\/noticias\/#website","url":"https:\/\/candas365.es\/noticias\/","name":"Cand\u00e1s 365","alternateName":"Cand\u00e1s 365 Noticias","description":"Actualidad desde Carre\u00f1o para el mundo","inLanguage":"es-ES","publisher":{"@id":"https:\/\/candas365.es\/noticias\/#organization"}}]},"og:locale":"es_ES","og:site_name":"Cand\u00e1s 365","og:type":"article","og:title":"Cand\u00e1s estar\u00e1 en Madrid Fusi\u00f3n 2019 | Cand\u00e1s 365","og:description":"El Principado participa por segundo a\u00f1o consecutivo con estand propio en Madrid Fusi\u00f3n, el congreso de cocineros m\u00e1s importante del pa\u00eds. La oferta gastron\u00f3mica de la comunidad y los productos amparados bajo la marca Alimentos del Para\u00edso ser\u00e1n los protagonistas del espacio regional en esta nueva edici\u00f3n, que se inaugura ma\u00f1ana. En el estand de","og:url":"https:\/\/candas365.es\/noticias\/candas-estara-en-madrid-fusion-2019\/","og:image":"https:\/\/candas365.es\/noticias\/wp-content\/uploads\/2017\/10\/Covadonga-turismo.jpg","og:image:secure_url":"https:\/\/candas365.es\/noticias\/wp-content\/uploads\/2017\/10\/Covadonga-turismo.jpg","og:image:width":1181,"og:image:height":1181,"article:published_time":"2019-01-27T23:29:46+00:00","article:modified_time":"2019-01-27T23:29:46+00:00","article:publisher":"https:\/\/www.facebook.com\/Nachofdezber","article:author":"https:\/\/www.facebook.com\/carrenoactualidad","twitter:card":"summary_large_image","twitter:site":"@NabercoDigital","twitter:title":"Cand\u00e1s estar\u00e1 en Madrid Fusi\u00f3n 2019 | Cand\u00e1s 365","twitter:description":"El Principado participa por segundo a\u00f1o consecutivo con estand propio en Madrid Fusi\u00f3n, el congreso de cocineros m\u00e1s importante del pa\u00eds. La oferta gastron\u00f3mica de la comunidad y los productos amparados bajo la marca Alimentos del Para\u00edso ser\u00e1n los protagonistas del espacio regional en esta nueva edici\u00f3n, que se inaugura ma\u00f1ana. En el estand de","twitter:creator":"@nbasturias","twitter:image":"https:\/\/candas365.es\/noticias\/wp-content\/uploads\/2017\/10\/Covadonga-turismo.jpg","twitter:label1":"Escrito por","twitter:data1":"Cand\u00e1s 365","twitter:label2":"Tiempo de lectura estimado","twitter:data2":"2 minutos"},"aioseo_meta_data":{"post_id":"115141","title":null,"description":null,"keywords":null,"keyphrases":null,"primary_term":null,"canonical_url":null,"og_title":null,"og_description":null,"og_object_type":"default","og_image_type":"default","og_image_url":null,"og_image_width":null,"og_image_height":null,"og_image_custom_url":null,"og_image_custom_fields":null,"og_video":null,"og_custom_url":null,"og_article_section":null,"og_article_tags":null,"twitter_use_og":false,"twitter_card":"default","twitter_image_type":"default","twitter_image_url":null,"twitter_image_custom_url":null,"twitter_image_custom_fields":null,"twitter_title":null,"twitter_description":null,"schema":{"blockGraphs":[],"customGraphs":[],"default":{"data":{"Article":[],"Course":[],"Dataset":[],"FAQPage":[],"Movie":[],"Person":[],"Product":[],"ProductReview":[],"Car":[],"Recipe":[],"Service":[],"SoftwareApplication":[],"WebPage":[]},"graphName":"","isEnabled":true},"graphs":[]},"schema_type":null,"schema_type_options":null,"pillar_content":false,"robots_default":true,"robots_noindex":false,"robots_noarchive":false,"robots_nosnippet":false,"robots_nofollow":false,"robots_noimageindex":false,"robots_noodp":false,"robots_notranslate":false,"robots_max_snippet":null,"robots_max_videopreview":null,"robots_max_imagepreview":"large","priority":null,"frequency":null,"location":null,"local_seo":null,"seo_analyzer_scan_date":"2025-08-29 03:14:19","breadcrumb_settings":null,"limit_modified_date":false,"reviewed_by":null,"open_ai":null,"ai":null,"created":"2020-12-21 11:18:55","updated":"2025-08-29 03:14:19"},"aioseo_breadcrumb":"<div class=\"aioseo-breadcrumbs\"><span class=\"aioseo-breadcrumb\">\n\t<a href=\"https:\/\/candas365.es\/noticias\" title=\"Home\">Home<\/a>\n<\/span><span class=\"aioseo-breadcrumb-separator\">&ndash;<\/span><span class=\"aioseo-breadcrumb\">\n\t<a href=\"https:\/\/candas365.es\/noticias\/category\/noticias-carreno\/\" title=\"Noticias Carre\u00f1o\">Noticias Carre\u00f1o<\/a>\n<\/span><span class=\"aioseo-breadcrumb-separator\">&ndash;<\/span><span class=\"aioseo-breadcrumb\">\n\tCand\u00e1s estar\u00e1 en Madrid Fusi\u00f3n 2019\n<\/span><\/div>","aioseo_breadcrumb_json":[{"label":"Home","link":"https:\/\/candas365.es\/noticias"},{"label":"Noticias Carre\u00f1o","link":"https:\/\/candas365.es\/noticias\/category\/noticias-carreno\/"},{"label":"Cand\u00e1s estar\u00e1 en Madrid Fusi\u00f3n 2019","link":"https:\/\/candas365.es\/noticias\/candas-estara-en-madrid-fusion-2019\/"}],"_links":{"self":[{"href":"https:\/\/candas365.es\/noticias\/wp-json\/wp\/v2\/posts\/115141","targetHints":{"allow":["GET"]}}],"collection":[{"href":"https:\/\/candas365.es\/noticias\/wp-json\/wp\/v2\/posts"}],"about":[{"href":"https:\/\/candas365.es\/noticias\/wp-json\/wp\/v2\/types\/post"}],"author":[{"embeddable":true,"href":"https:\/\/candas365.es\/noticias\/wp-json\/wp\/v2\/users\/1"}],"replies":[{"embeddable":true,"href":"https:\/\/candas365.es\/noticias\/wp-json\/wp\/v2\/comments?post=115141"}],"version-history":[{"count":0,"href":"https:\/\/candas365.es\/noticias\/wp-json\/wp\/v2\/posts\/115141\/revisions"}],"wp:featuredmedia":[{"embeddable":true,"href":"https:\/\/candas365.es\/noticias\/wp-json\/wp\/v2\/media\/82084"}],"wp:attachment":[{"href":"https:\/\/candas365.es\/noticias\/wp-json\/wp\/v2\/media?parent=115141"}],"wp:term":[{"taxonomy":"category","embeddable":true,"href":"https:\/\/candas365.es\/noticias\/wp-json\/wp\/v2\/categories?post=115141"},{"taxonomy":"post_tag","embeddable":true,"href":"https:\/\/candas365.es\/noticias\/wp-json\/wp\/v2\/tags?post=115141"}],"curies":[{"name":"wp","href":"https:\/\/api.w.org\/{rel}","templated":true}]}}