{"id":114953,"date":"2019-01-24T09:20:41","date_gmt":"2019-01-24T09:20:41","guid":{"rendered":"http:\/\/candas365.es\/noticias\/?p=114953"},"modified":"2019-01-24T09:20:41","modified_gmt":"2019-01-24T09:20:41","slug":"el-gobierno-de-carreno-retoma-la-expropiacion-del-teatro-prendes","status":"publish","type":"post","link":"https:\/\/candas365.es\/noticias\/el-gobierno-de-carreno-retoma-la-expropiacion-del-teatro-prendes\/","title":{"rendered":"El gobierno de Carre\u00f1o retoma la expropiaci\u00f3n del Teatro Prendes"},"content":{"rendered":"<p><img fetchpriority=\"high\" decoding=\"async\" class=\"alignleft size-medium wp-image-937\" src=\"https:\/\/candas365.es\/noticias\/wp-content\/uploads\/2014\/09\/cinecandas-360x240.jpg\" alt=\"\" width=\"360\" height=\"240\" srcset=\"https:\/\/candas365.es\/noticias\/wp-content\/uploads\/2014\/09\/cinecandas-360x240.jpg 360w, https:\/\/candas365.es\/noticias\/wp-content\/uploads\/2014\/09\/cinecandas-650x433.jpg 650w, https:\/\/candas365.es\/noticias\/wp-content\/uploads\/2014\/09\/cinecandas-768x512.jpg 768w, https:\/\/candas365.es\/noticias\/wp-content\/uploads\/2014\/09\/cinecandas-150x100.jpg 150w, https:\/\/candas365.es\/noticias\/wp-content\/uploads\/2014\/09\/cinecandas-450x300.jpg 450w, https:\/\/candas365.es\/noticias\/wp-content\/uploads\/2014\/09\/cinecandas-655x436.jpg 655w, https:\/\/candas365.es\/noticias\/wp-content\/uploads\/2014\/09\/cinecandas-696x464.jpg 696w, https:\/\/candas365.es\/noticias\/wp-content\/uploads\/2014\/09\/cinecandas-630x420.jpg 630w, https:\/\/candas365.es\/noticias\/wp-content\/uploads\/2014\/09\/cinecandas-84x55.jpg 84w, https:\/\/candas365.es\/noticias\/wp-content\/uploads\/2014\/09\/cinecandas.jpg 980w\" sizes=\"(max-width: 360px) 100vw, 360px\" \/>El gobierno local ha trasladado la Comisi\u00f3n de Hacienda celebrada en ma\u00f1ana de ayer, mi\u00e9rcoles, la intenci\u00f3n de retomar la tramitaci\u00f3n de la expropiaci\u00f3n del <strong>Teatro Prendes de Cand\u00e1s<\/strong> tras el recurso interpuesto por el PP y consiguiente paralizaci\u00f3n del expediente el a\u00f1o pasado.<\/p>\n<p>La portavoz del ejecutivo socialista, <strong>Paula Cuervo<\/strong>, ha se\u00f1alado que \u201cteniendo en cuenta las valoraciones jur\u00eddicas realizadas por la Secretar\u00eda Municipal en relaci\u00f3n al recurso de reposici\u00f3n planteado por el grupo municipal popular al acuerdo adoptado en el \u00faltimo pleno en el que se abord\u00f3 este asunto, procede retomar nuevamente la tramitaci\u00f3n del expediente de expropiaci\u00f3n incorporando el proyecto municipal en su \u00faltima redacci\u00f3n\u201d.<\/p>\n<p>\u201cEs evidente que la \u00fanica pretensi\u00f3n del Partido Popular es obstaculizar de una u otra manera la adquisici\u00f3n del Teatro Prendes por parte del Ayuntamiento de Carre\u00f1o, una muestra m\u00e1s de su falta de compromiso con la cultura al servicio del inter\u00e9s general del concejo. Desde el Partido Socialista mantenemos el criterio de avanzar en la tramitaci\u00f3n de este expediente respetando los leg\u00edtimos intereses de las partes implicadas\u201d, explic\u00f3 Paula Cuervo.<\/p>\n<p>El informe jur\u00eddico emitido por la Secretar\u00eda Municipal que responde al recurso del Partido Popular, considera que la declaraci\u00f3n de utilidad p\u00fablica o inter\u00e9s social estar\u00eda ligada a la aprobaci\u00f3n de unidades de actuaci\u00f3n a desarrollar por el sistema de expropiaci\u00f3n. Asimismo entiende que no existe incidencia \u2013 como afirmaron los populares &#8211; en la falta de aprobaci\u00f3n del Texto Refundido del Plan General de Ordenaci\u00f3n de Carre\u00f1o, ya que \u00e9ste fue aprobado definitivamente por acuerdo del pleno de la CUOTA en diciembre de 2011.<\/p>\n<p>En relaci\u00f3n con la inexistencia de cr\u00e9dito y autorizaci\u00f3n del gasto, el mismo informe jur\u00eddico se\u00f1ala que la consignaci\u00f3n deber\u00eda ser efectiva en el momento de la resoluci\u00f3n del expediente, con lo cual ser\u00eda suficiente con un compromiso en los t\u00e9rminos que la intervenci\u00f3n municipal defina.<\/p>\n<p>Respecto a la supuesta ausencia de la descripci\u00f3n correcta del bien seg\u00fan lo dispuesto en la normativa expropiatoria y en concreto del estado material del inmueble, desde la Secretar\u00eda Municipal se constata que el expediente que se tramit\u00f3 recoge todos los datos necesarios y que adem\u00e1s del propio proyecto, constaba informe espec\u00edfico sobre el estado material. Y ante las dudas que plantearon los populares sobre la condici\u00f3n laboral de la arquitecta autora del proyecto, deja claro el informe que esta arquitecta es empleada p\u00fablica de un ente que realiza labores t\u00e9cnicas para el Ayuntamiento.<\/p>\n","protected":false},"excerpt":{"rendered":"<p>El gobierno local ha trasladado la Comisi\u00f3n de Hacienda celebrada en ma\u00f1ana de ayer, mi\u00e9rcoles, la intenci\u00f3n de retomar la tramitaci\u00f3n de la expropiaci\u00f3n del Teatro Prendes de Cand\u00e1s tras el recurso interpuesto por el PP y consiguiente paralizaci\u00f3n del expediente el a\u00f1o pasado. La portavoz del ejecutivo socialista, Paula Cuervo, ha se\u00f1alado que \u201cteniendo<\/p>\n","protected":false},"author":1,"featured_media":16323,"comment_status":"closed","ping_status":"closed","sticky":false,"template":"","format":"standard","meta":{"footnotes":""},"categories":[2],"tags":[],"class_list":{"0":"post-114953","1":"post","2":"type-post","3":"status-publish","4":"format-standard","5":"has-post-thumbnail","7":"category-noticias-carreno"},"aioseo_notices":[],"aioseo_head":"\n\t\t<!-- All in One SEO Pro 4.9.6.2 - aioseo.com -->\n\t<meta name=\"description\" content=\"El gobierno local ha trasladado la Comisi\u00f3n de Hacienda celebrada en ma\u00f1ana de ayer, mi\u00e9rcoles, la intenci\u00f3n de retomar la tramitaci\u00f3n de la expropiaci\u00f3n del Teatro Prendes de Cand\u00e1s tras el recurso interpuesto por el PP y consiguiente paralizaci\u00f3n del expediente el a\u00f1o pasado. La portavoz del ejecutivo socialista, Paula Cuervo, ha se\u00f1alado que \u201cteniendo\" \/>\n\t<meta name=\"robots\" content=\"max-image-preview:large\" \/>\n\t<meta name=\"author\" content=\"Cand\u00e1s 365\"\/>\n\t<meta name=\"google-site-verification\" content=\"UA-32230408-1\" \/>\n\t<meta name=\"msvalidate.01\" content=\"354F3CDFB2DA171B47FBE9ABF1F88D5\" \/>\n\t<meta name=\"keywords\" content=\"noticias carre\u00f1o\" \/>\n\t<link rel=\"canonical\" href=\"https:\/\/candas365.es\/noticias\/el-gobierno-de-carreno-retoma-la-expropiacion-del-teatro-prendes\/\" \/>\n\t<meta name=\"generator\" content=\"All in One SEO Pro (AIOSEO) 4.9.6.2\" \/>\n\t\t<meta property=\"og:locale\" content=\"es_ES\" \/>\n\t\t<meta property=\"og:site_name\" content=\"Cand\u00e1s 365\" \/>\n\t\t<meta property=\"og:type\" content=\"article\" \/>\n\t\t<meta property=\"og:title\" content=\"El gobierno de Carre\u00f1o retoma la expropiaci\u00f3n del Teatro Prendes | Cand\u00e1s 365\" \/>\n\t\t<meta property=\"og:description\" content=\"El gobierno local ha trasladado la Comisi\u00f3n de Hacienda celebrada en ma\u00f1ana de ayer, mi\u00e9rcoles, la intenci\u00f3n de retomar la tramitaci\u00f3n de la expropiaci\u00f3n del Teatro Prendes de Cand\u00e1s tras el recurso interpuesto por el PP y consiguiente paralizaci\u00f3n del expediente el a\u00f1o pasado. La portavoz del ejecutivo socialista, Paula Cuervo, ha se\u00f1alado que \u201cteniendo\" \/>\n\t\t<meta property=\"og:url\" content=\"https:\/\/candas365.es\/noticias\/el-gobierno-de-carreno-retoma-la-expropiacion-del-teatro-prendes\/\" \/>\n\t\t<meta property=\"og:image\" content=\"https:\/\/candas365.es\/noticias\/wp-content\/uploads\/2015\/09\/cine-candas.jpg\" \/>\n\t\t<meta property=\"og:image:secure_url\" content=\"https:\/\/candas365.es\/noticias\/wp-content\/uploads\/2015\/09\/cine-candas.jpg\" \/>\n\t\t<meta property=\"og:image:width\" content=\"655\" \/>\n\t\t<meta property=\"og:image:height\" content=\"360\" \/>\n\t\t<meta property=\"article:published_time\" content=\"2019-01-24T09:20:41+00:00\" \/>\n\t\t<meta property=\"article:modified_time\" content=\"2019-01-24T09:20:41+00:00\" \/>\n\t\t<meta property=\"article:publisher\" content=\"https:\/\/www.facebook.com\/Nachofdezber\" \/>\n\t\t<meta property=\"article:author\" content=\"https:\/\/www.facebook.com\/carrenoactualidad\" \/>\n\t\t<meta name=\"twitter:card\" content=\"summary_large_image\" \/>\n\t\t<meta name=\"twitter:site\" content=\"@NabercoDigital\" \/>\n\t\t<meta name=\"twitter:title\" content=\"El gobierno de Carre\u00f1o retoma la expropiaci\u00f3n del Teatro Prendes | Cand\u00e1s 365\" \/>\n\t\t<meta name=\"twitter:description\" content=\"El gobierno local ha trasladado la Comisi\u00f3n de Hacienda celebrada en ma\u00f1ana de ayer, mi\u00e9rcoles, la intenci\u00f3n de retomar la tramitaci\u00f3n de la expropiaci\u00f3n del Teatro Prendes de Cand\u00e1s tras el recurso interpuesto por el PP y consiguiente paralizaci\u00f3n del expediente el a\u00f1o pasado. La portavoz del ejecutivo socialista, Paula Cuervo, ha se\u00f1alado que \u201cteniendo\" \/>\n\t\t<meta name=\"twitter:creator\" content=\"@nbasturias\" \/>\n\t\t<meta name=\"twitter:image\" content=\"https:\/\/candas365.es\/noticias\/wp-content\/uploads\/2015\/09\/cine-candas.jpg\" \/>\n\t\t<meta name=\"twitter:label1\" content=\"Escrito por\" \/>\n\t\t<meta name=\"twitter:data1\" content=\"Cand\u00e1s 365\" \/>\n\t\t<meta name=\"twitter:label2\" content=\"Tiempo de lectura estimado\" \/>\n\t\t<meta name=\"twitter:data2\" content=\"2 minutos\" \/>\n\t\t<script type=\"application\/ld+json\" class=\"aioseo-schema\">\n\t\t\t{\"@context\":\"https:\\\/\\\/schema.org\",\"@graph\":[{\"@type\":\"BreadcrumbList\",\"@id\":\"https:\\\/\\\/candas365.es\\\/noticias\\\/el-gobierno-de-carreno-retoma-la-expropiacion-del-teatro-prendes\\\/#breadcrumblist\",\"itemListElement\":[{\"@type\":\"ListItem\",\"@id\":\"https:\\\/\\\/candas365.es\\\/noticias#listItem\",\"position\":1,\"name\":\"Home\",\"item\":\"https:\\\/\\\/candas365.es\\\/noticias\",\"nextItem\":{\"@type\":\"ListItem\",\"@id\":\"https:\\\/\\\/candas365.es\\\/noticias\\\/category\\\/noticias-carreno\\\/#listItem\",\"name\":\"Noticias Carre\\u00f1o\"}},{\"@type\":\"ListItem\",\"@id\":\"https:\\\/\\\/candas365.es\\\/noticias\\\/category\\\/noticias-carreno\\\/#listItem\",\"position\":2,\"name\":\"Noticias Carre\\u00f1o\",\"item\":\"https:\\\/\\\/candas365.es\\\/noticias\\\/category\\\/noticias-carreno\\\/\",\"nextItem\":{\"@type\":\"ListItem\",\"@id\":\"https:\\\/\\\/candas365.es\\\/noticias\\\/el-gobierno-de-carreno-retoma-la-expropiacion-del-teatro-prendes\\\/#listItem\",\"name\":\"El gobierno de Carre\\u00f1o retoma la expropiaci\\u00f3n del Teatro Prendes\"},\"previousItem\":{\"@type\":\"ListItem\",\"@id\":\"https:\\\/\\\/candas365.es\\\/noticias#listItem\",\"name\":\"Home\"}},{\"@type\":\"ListItem\",\"@id\":\"https:\\\/\\\/candas365.es\\\/noticias\\\/el-gobierno-de-carreno-retoma-la-expropiacion-del-teatro-prendes\\\/#listItem\",\"position\":3,\"name\":\"El gobierno de Carre\\u00f1o retoma la expropiaci\\u00f3n del Teatro Prendes\",\"previousItem\":{\"@type\":\"ListItem\",\"@id\":\"https:\\\/\\\/candas365.es\\\/noticias\\\/category\\\/noticias-carreno\\\/#listItem\",\"name\":\"Noticias Carre\\u00f1o\"}}]},{\"@type\":\"NewsArticle\",\"@id\":\"https:\\\/\\\/candas365.es\\\/noticias\\\/el-gobierno-de-carreno-retoma-la-expropiacion-del-teatro-prendes\\\/#newsarticle\",\"name\":\"El gobierno de Carre\\u00f1o retoma la expropiaci\\u00f3n del Teatro Prendes | Cand\\u00e1s 365\",\"headline\":\"El gobierno de Carre\\u00f1o retoma la expropiaci\\u00f3n del Teatro Prendes\",\"author\":{\"@id\":\"https:\\\/\\\/candas365.es\\\/noticias\\\/author\\\/admin\\\/#author\"},\"publisher\":{\"@id\":\"https:\\\/\\\/candas365.es\\\/noticias\\\/#organization\"},\"image\":{\"@type\":\"ImageObject\",\"url\":\"https:\\\/\\\/candas365.es\\\/noticias\\\/wp-content\\\/uploads\\\/2015\\\/09\\\/cine-candas.jpg\",\"width\":655,\"height\":360},\"datePublished\":\"2019-01-24T09:20:41+01:00\",\"dateModified\":\"2019-01-24T09:20:41+01:00\",\"inLanguage\":\"es-ES\",\"mainEntityOfPage\":{\"@id\":\"https:\\\/\\\/candas365.es\\\/noticias\\\/el-gobierno-de-carreno-retoma-la-expropiacion-del-teatro-prendes\\\/#webpage\"},\"isPartOf\":{\"@id\":\"https:\\\/\\\/candas365.es\\\/noticias\\\/el-gobierno-de-carreno-retoma-la-expropiacion-del-teatro-prendes\\\/#webpage\"},\"articleSection\":\"Noticias Carre\\u00f1o\",\"dateline\":\"Publicado el enero 24, 2019.\"},{\"@type\":\"Organization\",\"@id\":\"https:\\\/\\\/candas365.es\\\/noticias\\\/#organization\",\"name\":\"Cand\\u00e1s 365\",\"description\":\"Cand\\u00e1s 365 es un diario digital independiente, fundado en 2012, con base en Asturias. Informamos con rigor sobre actualidad, sociedad, cultura y ocio, con una mirada local y global.\",\"url\":\"https:\\\/\\\/candas365.es\\\/noticias\\\/\",\"email\":\"info@candas365.es\",\"telephone\":\"+34652131393\",\"foundingDate\":\"2012-06-10\",\"logo\":{\"@type\":\"ImageObject\",\"url\":\"https:\\\/\\\/candas365.es\\\/noticias\\\/wp-content\\\/uploads\\\/2024\\\/09\\\/Candas-365-Redes.jpg\",\"@id\":\"https:\\\/\\\/candas365.es\\\/noticias\\\/el-gobierno-de-carreno-retoma-la-expropiacion-del-teatro-prendes\\\/#organizationLogo\",\"width\":1152,\"height\":864,\"caption\":\"Cand\\u00e1s 365 Redes\"},\"image\":{\"@id\":\"https:\\\/\\\/candas365.es\\\/noticias\\\/el-gobierno-de-carreno-retoma-la-expropiacion-del-teatro-prendes\\\/#organizationLogo\"},\"sameAs\":[\"https:\\\/\\\/www.facebook.com\\\/Nachofdezber\",\"https:\\\/\\\/x.com\\\/NabercoDigital\",\"https:\\\/\\\/www.instagram.com\\\/nachofdezber\\\/\",\"https:\\\/\\\/www.youtube.com\\\/channel\\\/UCZP-2wLEB9Rv6erhFmqVnvg\"],\"address\":{\"@id\":\"https:\\\/\\\/candas365.es\\\/noticias\\\/#postaladdress\",\"@type\":\"PostalAddress\",\"streetAddress\":\"san antonio 4, san antonio 4\",\"postalCode\":\"33430\",\"addressLocality\":\"Cand\\u00e1s\",\"addressRegion\":\"Asturias\",\"addressCountry\":\"ES\"}},{\"@type\":\"Person\",\"@id\":\"https:\\\/\\\/candas365.es\\\/noticias\\\/author\\\/admin\\\/#author\",\"url\":\"https:\\\/\\\/candas365.es\\\/noticias\\\/author\\\/admin\\\/\",\"name\":\"Cand\\u00e1s 365\",\"image\":{\"@type\":\"ImageObject\",\"@id\":\"https:\\\/\\\/candas365.es\\\/noticias\\\/el-gobierno-de-carreno-retoma-la-expropiacion-del-teatro-prendes\\\/#authorImage\",\"url\":\"https:\\\/\\\/secure.gravatar.com\\\/avatar\\\/496a8e03d0c493ede1718b7934145dbdf8d89be1036b0eec9544e1094c9de390?s=96&d=mm&r=g\",\"width\":96,\"height\":96,\"caption\":\"Cand\\u00e1s 365\"},\"sameAs\":[\"https:\\\/\\\/www.facebook.com\\\/carrenoactualidad\",\"https:\\\/\\\/twitter.com\\\/nbasturias\",\"https:\\\/\\\/www.instagram.com\\\/nachofdezber\\\/\",\"https:\\\/\\\/www.youtube.com\\\/channel\\\/UCZP-2wLEB9Rv6erhFmqVnvg\"]},{\"@type\":\"WebPage\",\"@id\":\"https:\\\/\\\/candas365.es\\\/noticias\\\/el-gobierno-de-carreno-retoma-la-expropiacion-del-teatro-prendes\\\/#webpage\",\"url\":\"https:\\\/\\\/candas365.es\\\/noticias\\\/el-gobierno-de-carreno-retoma-la-expropiacion-del-teatro-prendes\\\/\",\"name\":\"El gobierno de Carre\\u00f1o retoma la expropiaci\\u00f3n del Teatro Prendes | Cand\\u00e1s 365\",\"description\":\"El gobierno local ha trasladado la Comisi\\u00f3n de Hacienda celebrada en ma\\u00f1ana de ayer, mi\\u00e9rcoles, la intenci\\u00f3n de retomar la tramitaci\\u00f3n de la expropiaci\\u00f3n del Teatro Prendes de Cand\\u00e1s tras el recurso interpuesto por el PP y consiguiente paralizaci\\u00f3n del expediente el a\\u00f1o pasado. La portavoz del ejecutivo socialista, Paula Cuervo, ha se\\u00f1alado que \\u201cteniendo\",\"inLanguage\":\"es-ES\",\"isPartOf\":{\"@id\":\"https:\\\/\\\/candas365.es\\\/noticias\\\/#website\"},\"breadcrumb\":{\"@id\":\"https:\\\/\\\/candas365.es\\\/noticias\\\/el-gobierno-de-carreno-retoma-la-expropiacion-del-teatro-prendes\\\/#breadcrumblist\"},\"author\":{\"@id\":\"https:\\\/\\\/candas365.es\\\/noticias\\\/author\\\/admin\\\/#author\"},\"creator\":{\"@id\":\"https:\\\/\\\/candas365.es\\\/noticias\\\/author\\\/admin\\\/#author\"},\"image\":{\"@type\":\"ImageObject\",\"url\":\"https:\\\/\\\/candas365.es\\\/noticias\\\/wp-content\\\/uploads\\\/2015\\\/09\\\/cine-candas.jpg\",\"@id\":\"https:\\\/\\\/candas365.es\\\/noticias\\\/el-gobierno-de-carreno-retoma-la-expropiacion-del-teatro-prendes\\\/#mainImage\",\"width\":655,\"height\":360},\"primaryImageOfPage\":{\"@id\":\"https:\\\/\\\/candas365.es\\\/noticias\\\/el-gobierno-de-carreno-retoma-la-expropiacion-del-teatro-prendes\\\/#mainImage\"},\"datePublished\":\"2019-01-24T09:20:41+01:00\",\"dateModified\":\"2019-01-24T09:20:41+01:00\"},{\"@type\":\"WebSite\",\"@id\":\"https:\\\/\\\/candas365.es\\\/noticias\\\/#website\",\"url\":\"https:\\\/\\\/candas365.es\\\/noticias\\\/\",\"name\":\"Cand\\u00e1s 365\",\"alternateName\":\"Cand\\u00e1s 365 Noticias\",\"description\":\"Actualidad desde Carre\\u00f1o para el mundo\",\"inLanguage\":\"es-ES\",\"publisher\":{\"@id\":\"https:\\\/\\\/candas365.es\\\/noticias\\\/#organization\"}}]}\n\t\t<\/script>\n\t\t<!-- All in One SEO Pro -->\r\n\t\t<title>El gobierno de Carre\u00f1o retoma la expropiaci\u00f3n del Teatro Prendes | Cand\u00e1s 365<\/title>\n\n","aioseo_head_json":{"title":"El gobierno de Carre\u00f1o retoma la expropiaci\u00f3n del Teatro Prendes | Cand\u00e1s 365","description":"El gobierno local ha trasladado la Comisi\u00f3n de Hacienda celebrada en ma\u00f1ana de ayer, mi\u00e9rcoles, la intenci\u00f3n de retomar la tramitaci\u00f3n de la expropiaci\u00f3n del Teatro Prendes de Cand\u00e1s tras el recurso interpuesto por el PP y consiguiente paralizaci\u00f3n del expediente el a\u00f1o pasado. La portavoz del ejecutivo socialista, Paula Cuervo, ha se\u00f1alado que \u201cteniendo","canonical_url":"https:\/\/candas365.es\/noticias\/el-gobierno-de-carreno-retoma-la-expropiacion-del-teatro-prendes\/","robots":"max-image-preview:large","keywords":"noticias carre\u00f1o","webmasterTools":{"google-site-verification":"UA-32230408-1","msvalidate.01":"354F3CDFB2DA171B47FBE9ABF1F88D5","miscellaneous":""},"schema":{"@context":"https:\/\/schema.org","@graph":[{"@type":"BreadcrumbList","@id":"https:\/\/candas365.es\/noticias\/el-gobierno-de-carreno-retoma-la-expropiacion-del-teatro-prendes\/#breadcrumblist","itemListElement":[{"@type":"ListItem","@id":"https:\/\/candas365.es\/noticias#listItem","position":1,"name":"Home","item":"https:\/\/candas365.es\/noticias","nextItem":{"@type":"ListItem","@id":"https:\/\/candas365.es\/noticias\/category\/noticias-carreno\/#listItem","name":"Noticias Carre\u00f1o"}},{"@type":"ListItem","@id":"https:\/\/candas365.es\/noticias\/category\/noticias-carreno\/#listItem","position":2,"name":"Noticias Carre\u00f1o","item":"https:\/\/candas365.es\/noticias\/category\/noticias-carreno\/","nextItem":{"@type":"ListItem","@id":"https:\/\/candas365.es\/noticias\/el-gobierno-de-carreno-retoma-la-expropiacion-del-teatro-prendes\/#listItem","name":"El gobierno de Carre\u00f1o retoma la expropiaci\u00f3n del Teatro Prendes"},"previousItem":{"@type":"ListItem","@id":"https:\/\/candas365.es\/noticias#listItem","name":"Home"}},{"@type":"ListItem","@id":"https:\/\/candas365.es\/noticias\/el-gobierno-de-carreno-retoma-la-expropiacion-del-teatro-prendes\/#listItem","position":3,"name":"El gobierno de Carre\u00f1o retoma la expropiaci\u00f3n del Teatro Prendes","previousItem":{"@type":"ListItem","@id":"https:\/\/candas365.es\/noticias\/category\/noticias-carreno\/#listItem","name":"Noticias Carre\u00f1o"}}]},{"@type":"NewsArticle","@id":"https:\/\/candas365.es\/noticias\/el-gobierno-de-carreno-retoma-la-expropiacion-del-teatro-prendes\/#newsarticle","name":"El gobierno de Carre\u00f1o retoma la expropiaci\u00f3n del Teatro Prendes | Cand\u00e1s 365","headline":"El gobierno de Carre\u00f1o retoma la expropiaci\u00f3n del Teatro Prendes","author":{"@id":"https:\/\/candas365.es\/noticias\/author\/admin\/#author"},"publisher":{"@id":"https:\/\/candas365.es\/noticias\/#organization"},"image":{"@type":"ImageObject","url":"https:\/\/candas365.es\/noticias\/wp-content\/uploads\/2015\/09\/cine-candas.jpg","width":655,"height":360},"datePublished":"2019-01-24T09:20:41+01:00","dateModified":"2019-01-24T09:20:41+01:00","inLanguage":"es-ES","mainEntityOfPage":{"@id":"https:\/\/candas365.es\/noticias\/el-gobierno-de-carreno-retoma-la-expropiacion-del-teatro-prendes\/#webpage"},"isPartOf":{"@id":"https:\/\/candas365.es\/noticias\/el-gobierno-de-carreno-retoma-la-expropiacion-del-teatro-prendes\/#webpage"},"articleSection":"Noticias Carre\u00f1o","dateline":"Publicado el enero 24, 2019."},{"@type":"Organization","@id":"https:\/\/candas365.es\/noticias\/#organization","name":"Cand\u00e1s 365","description":"Cand\u00e1s 365 es un diario digital independiente, fundado en 2012, con base en Asturias. Informamos con rigor sobre actualidad, sociedad, cultura y ocio, con una mirada local y global.","url":"https:\/\/candas365.es\/noticias\/","email":"info@candas365.es","telephone":"+34652131393","foundingDate":"2012-06-10","logo":{"@type":"ImageObject","url":"https:\/\/candas365.es\/noticias\/wp-content\/uploads\/2024\/09\/Candas-365-Redes.jpg","@id":"https:\/\/candas365.es\/noticias\/el-gobierno-de-carreno-retoma-la-expropiacion-del-teatro-prendes\/#organizationLogo","width":1152,"height":864,"caption":"Cand\u00e1s 365 Redes"},"image":{"@id":"https:\/\/candas365.es\/noticias\/el-gobierno-de-carreno-retoma-la-expropiacion-del-teatro-prendes\/#organizationLogo"},"sameAs":["https:\/\/www.facebook.com\/Nachofdezber","https:\/\/x.com\/NabercoDigital","https:\/\/www.instagram.com\/nachofdezber\/","https:\/\/www.youtube.com\/channel\/UCZP-2wLEB9Rv6erhFmqVnvg"],"address":{"@id":"https:\/\/candas365.es\/noticias\/#postaladdress","@type":"PostalAddress","streetAddress":"san antonio 4, san antonio 4","postalCode":"33430","addressLocality":"Cand\u00e1s","addressRegion":"Asturias","addressCountry":"ES"}},{"@type":"Person","@id":"https:\/\/candas365.es\/noticias\/author\/admin\/#author","url":"https:\/\/candas365.es\/noticias\/author\/admin\/","name":"Cand\u00e1s 365","image":{"@type":"ImageObject","@id":"https:\/\/candas365.es\/noticias\/el-gobierno-de-carreno-retoma-la-expropiacion-del-teatro-prendes\/#authorImage","url":"https:\/\/secure.gravatar.com\/avatar\/496a8e03d0c493ede1718b7934145dbdf8d89be1036b0eec9544e1094c9de390?s=96&d=mm&r=g","width":96,"height":96,"caption":"Cand\u00e1s 365"},"sameAs":["https:\/\/www.facebook.com\/carrenoactualidad","https:\/\/twitter.com\/nbasturias","https:\/\/www.instagram.com\/nachofdezber\/","https:\/\/www.youtube.com\/channel\/UCZP-2wLEB9Rv6erhFmqVnvg"]},{"@type":"WebPage","@id":"https:\/\/candas365.es\/noticias\/el-gobierno-de-carreno-retoma-la-expropiacion-del-teatro-prendes\/#webpage","url":"https:\/\/candas365.es\/noticias\/el-gobierno-de-carreno-retoma-la-expropiacion-del-teatro-prendes\/","name":"El gobierno de Carre\u00f1o retoma la expropiaci\u00f3n del Teatro Prendes | Cand\u00e1s 365","description":"El gobierno local ha trasladado la Comisi\u00f3n de Hacienda celebrada en ma\u00f1ana de ayer, mi\u00e9rcoles, la intenci\u00f3n de retomar la tramitaci\u00f3n de la expropiaci\u00f3n del Teatro Prendes de Cand\u00e1s tras el recurso interpuesto por el PP y consiguiente paralizaci\u00f3n del expediente el a\u00f1o pasado. La portavoz del ejecutivo socialista, Paula Cuervo, ha se\u00f1alado que \u201cteniendo","inLanguage":"es-ES","isPartOf":{"@id":"https:\/\/candas365.es\/noticias\/#website"},"breadcrumb":{"@id":"https:\/\/candas365.es\/noticias\/el-gobierno-de-carreno-retoma-la-expropiacion-del-teatro-prendes\/#breadcrumblist"},"author":{"@id":"https:\/\/candas365.es\/noticias\/author\/admin\/#author"},"creator":{"@id":"https:\/\/candas365.es\/noticias\/author\/admin\/#author"},"image":{"@type":"ImageObject","url":"https:\/\/candas365.es\/noticias\/wp-content\/uploads\/2015\/09\/cine-candas.jpg","@id":"https:\/\/candas365.es\/noticias\/el-gobierno-de-carreno-retoma-la-expropiacion-del-teatro-prendes\/#mainImage","width":655,"height":360},"primaryImageOfPage":{"@id":"https:\/\/candas365.es\/noticias\/el-gobierno-de-carreno-retoma-la-expropiacion-del-teatro-prendes\/#mainImage"},"datePublished":"2019-01-24T09:20:41+01:00","dateModified":"2019-01-24T09:20:41+01:00"},{"@type":"WebSite","@id":"https:\/\/candas365.es\/noticias\/#website","url":"https:\/\/candas365.es\/noticias\/","name":"Cand\u00e1s 365","alternateName":"Cand\u00e1s 365 Noticias","description":"Actualidad desde Carre\u00f1o para el mundo","inLanguage":"es-ES","publisher":{"@id":"https:\/\/candas365.es\/noticias\/#organization"}}]},"og:locale":"es_ES","og:site_name":"Cand\u00e1s 365","og:type":"article","og:title":"El gobierno de Carre\u00f1o retoma la expropiaci\u00f3n del Teatro Prendes | Cand\u00e1s 365","og:description":"El gobierno local ha trasladado la Comisi\u00f3n de Hacienda celebrada en ma\u00f1ana de ayer, mi\u00e9rcoles, la intenci\u00f3n de retomar la tramitaci\u00f3n de la expropiaci\u00f3n del Teatro Prendes de Cand\u00e1s tras el recurso interpuesto por el PP y consiguiente paralizaci\u00f3n del expediente el a\u00f1o pasado. La portavoz del ejecutivo socialista, Paula Cuervo, ha se\u00f1alado que \u201cteniendo","og:url":"https:\/\/candas365.es\/noticias\/el-gobierno-de-carreno-retoma-la-expropiacion-del-teatro-prendes\/","og:image":"https:\/\/candas365.es\/noticias\/wp-content\/uploads\/2015\/09\/cine-candas.jpg","og:image:secure_url":"https:\/\/candas365.es\/noticias\/wp-content\/uploads\/2015\/09\/cine-candas.jpg","og:image:width":655,"og:image:height":360,"article:published_time":"2019-01-24T09:20:41+00:00","article:modified_time":"2019-01-24T09:20:41+00:00","article:publisher":"https:\/\/www.facebook.com\/Nachofdezber","article:author":"https:\/\/www.facebook.com\/carrenoactualidad","twitter:card":"summary_large_image","twitter:site":"@NabercoDigital","twitter:title":"El gobierno de Carre\u00f1o retoma la expropiaci\u00f3n del Teatro Prendes | Cand\u00e1s 365","twitter:description":"El gobierno local ha trasladado la Comisi\u00f3n de Hacienda celebrada en ma\u00f1ana de ayer, mi\u00e9rcoles, la intenci\u00f3n de retomar la tramitaci\u00f3n de la expropiaci\u00f3n del Teatro Prendes de Cand\u00e1s tras el recurso interpuesto por el PP y consiguiente paralizaci\u00f3n del expediente el a\u00f1o pasado. La portavoz del ejecutivo socialista, Paula Cuervo, ha se\u00f1alado que \u201cteniendo","twitter:creator":"@nbasturias","twitter:image":"https:\/\/candas365.es\/noticias\/wp-content\/uploads\/2015\/09\/cine-candas.jpg","twitter:label1":"Escrito por","twitter:data1":"Cand\u00e1s 365","twitter:label2":"Tiempo de lectura estimado","twitter:data2":"2 minutos"},"aioseo_meta_data":{"post_id":"114953","title":null,"description":null,"keywords":null,"keyphrases":null,"primary_term":null,"canonical_url":null,"og_title":null,"og_description":null,"og_object_type":"default","og_image_type":"default","og_image_url":null,"og_image_width":null,"og_image_height":null,"og_image_custom_url":null,"og_image_custom_fields":null,"og_video":null,"og_custom_url":null,"og_article_section":null,"og_article_tags":null,"twitter_use_og":false,"twitter_card":"default","twitter_image_type":"default","twitter_image_url":null,"twitter_image_custom_url":null,"twitter_image_custom_fields":null,"twitter_title":null,"twitter_description":null,"schema":{"blockGraphs":[],"customGraphs":[],"default":{"data":{"Article":[],"Course":[],"Dataset":[],"FAQPage":[],"Movie":[],"Person":[],"Product":[],"ProductReview":[],"Car":[],"Recipe":[],"Service":[],"SoftwareApplication":[],"WebPage":[]},"graphName":"","isEnabled":true},"graphs":[]},"schema_type":null,"schema_type_options":null,"pillar_content":false,"robots_default":true,"robots_noindex":false,"robots_noarchive":false,"robots_nosnippet":false,"robots_nofollow":false,"robots_noimageindex":false,"robots_noodp":false,"robots_notranslate":false,"robots_max_snippet":null,"robots_max_videopreview":null,"robots_max_imagepreview":"large","priority":null,"frequency":null,"location":null,"local_seo":null,"seo_analyzer_scan_date":"2025-08-29 02:43:19","breadcrumb_settings":null,"limit_modified_date":false,"reviewed_by":null,"open_ai":null,"ai":null,"created":"2020-12-21 11:19:58","updated":"2025-08-29 02:43:19"},"aioseo_breadcrumb":"<div class=\"aioseo-breadcrumbs\"><span class=\"aioseo-breadcrumb\">\n\t<a href=\"https:\/\/candas365.es\/noticias\" title=\"Home\">Home<\/a>\n<\/span><span class=\"aioseo-breadcrumb-separator\">&ndash;<\/span><span class=\"aioseo-breadcrumb\">\n\t<a href=\"https:\/\/candas365.es\/noticias\/category\/noticias-carreno\/\" title=\"Noticias Carre\u00f1o\">Noticias Carre\u00f1o<\/a>\n<\/span><span class=\"aioseo-breadcrumb-separator\">&ndash;<\/span><span class=\"aioseo-breadcrumb\">\n\tEl gobierno de Carre\u00f1o retoma la expropiaci\u00f3n del Teatro Prendes\n<\/span><\/div>","aioseo_breadcrumb_json":[{"label":"Home","link":"https:\/\/candas365.es\/noticias"},{"label":"Noticias Carre\u00f1o","link":"https:\/\/candas365.es\/noticias\/category\/noticias-carreno\/"},{"label":"El gobierno de Carre\u00f1o retoma la expropiaci\u00f3n del Teatro Prendes","link":"https:\/\/candas365.es\/noticias\/el-gobierno-de-carreno-retoma-la-expropiacion-del-teatro-prendes\/"}],"_links":{"self":[{"href":"https:\/\/candas365.es\/noticias\/wp-json\/wp\/v2\/posts\/114953","targetHints":{"allow":["GET"]}}],"collection":[{"href":"https:\/\/candas365.es\/noticias\/wp-json\/wp\/v2\/posts"}],"about":[{"href":"https:\/\/candas365.es\/noticias\/wp-json\/wp\/v2\/types\/post"}],"author":[{"embeddable":true,"href":"https:\/\/candas365.es\/noticias\/wp-json\/wp\/v2\/users\/1"}],"replies":[{"embeddable":true,"href":"https:\/\/candas365.es\/noticias\/wp-json\/wp\/v2\/comments?post=114953"}],"version-history":[{"count":0,"href":"https:\/\/candas365.es\/noticias\/wp-json\/wp\/v2\/posts\/114953\/revisions"}],"wp:featuredmedia":[{"embeddable":true,"href":"https:\/\/candas365.es\/noticias\/wp-json\/wp\/v2\/media\/16323"}],"wp:attachment":[{"href":"https:\/\/candas365.es\/noticias\/wp-json\/wp\/v2\/media?parent=114953"}],"wp:term":[{"taxonomy":"category","embeddable":true,"href":"https:\/\/candas365.es\/noticias\/wp-json\/wp\/v2\/categories?post=114953"},{"taxonomy":"post_tag","embeddable":true,"href":"https:\/\/candas365.es\/noticias\/wp-json\/wp\/v2\/tags?post=114953"}],"curies":[{"name":"wp","href":"https:\/\/api.w.org\/{rel}","templated":true}]}}