{"id":114950,"date":"2019-01-24T06:07:38","date_gmt":"2019-01-24T06:07:38","guid":{"rendered":"http:\/\/candas365.es\/noticias\/?p=114950"},"modified":"2019-01-24T06:07:38","modified_gmt":"2019-01-24T06:07:38","slug":"presentadas-las-etapas-asturianas-de-la-vuelta-2019","status":"publish","type":"post","link":"https:\/\/candas365.es\/noticias\/presentadas-las-etapas-asturianas-de-la-vuelta-2019\/","title":{"rendered":"Presentadas las etapas asturianas de La Vuelta 2019"},"content":{"rendered":"<p><img fetchpriority=\"high\" decoding=\"async\" class=\"alignleft size-medium wp-image-114951\" src=\"https:\/\/candas365.es\/noticias\/wp-content\/uploads\/2019\/01\/Presentacion-Fitur-etapas-vuelta-ciclista-en-Asturias-360x221.jpg\" alt=\"\" width=\"360\" height=\"221\" srcset=\"https:\/\/candas365.es\/noticias\/wp-content\/uploads\/2019\/01\/Presentacion-Fitur-etapas-vuelta-ciclista-en-Asturias-360x221.jpg 360w, https:\/\/candas365.es\/noticias\/wp-content\/uploads\/2019\/01\/Presentacion-Fitur-etapas-vuelta-ciclista-en-Asturias-768x470.jpg 768w, https:\/\/candas365.es\/noticias\/wp-content\/uploads\/2019\/01\/Presentacion-Fitur-etapas-vuelta-ciclista-en-Asturias-655x401.jpg 655w, https:\/\/candas365.es\/noticias\/wp-content\/uploads\/2019\/01\/Presentacion-Fitur-etapas-vuelta-ciclista-en-Asturias-356x220.jpg 356w, https:\/\/candas365.es\/noticias\/wp-content\/uploads\/2019\/01\/Presentacion-Fitur-etapas-vuelta-ciclista-en-Asturias-696x426.jpg 696w, https:\/\/candas365.es\/noticias\/wp-content\/uploads\/2019\/01\/Presentacion-Fitur-etapas-vuelta-ciclista-en-Asturias-1068x654.jpg 1068w, https:\/\/candas365.es\/noticias\/wp-content\/uploads\/2019\/01\/Presentacion-Fitur-etapas-vuelta-ciclista-en-Asturias-686x420.jpg 686w, https:\/\/candas365.es\/noticias\/wp-content\/uploads\/2019\/01\/Presentacion-Fitur-etapas-vuelta-ciclista-en-Asturias.jpg 1280w\" sizes=\"(max-width: 360px) 100vw, 360px\" \/>Asturias acoger\u00e1 tres de las veintiuna etapas de <strong>La Vuelta Ciclista a Espa\u00f1a<\/strong> en su edici\u00f3n de este a\u00f1o. La carrera recorrer\u00e1 el Principado los d\u00edas 7, 8 y 9 de septiembre e incluir\u00e1 nuevos recorridos, con dos finales in\u00e9ditos en los altos del Acebo y La Cubilla.<\/p>\n<p>As\u00ed lo ha avanzado en Fitur el consejero de Empleo, Industria y Turismo, Isaac Pola, en un acto en el que tambi\u00e9n han participado el director general de Comercio y Turismo, Julio Gonz\u00e1lez Zapico; el director de La Vuelta, Javier Guill\u00e9n, y los alcaldes de Cangas del Narcea, Jos\u00e9 V\u00edctor Rodr\u00edguez; Tineo, Jos\u00e9 Ram\u00f3n Feito, y Pravia, David \u00c1lvarez, junto con la alcaldesa de Lena, Gema \u00c1lvarez, como anfitriones de esta edici\u00f3n.<\/p>\n<p>La primera de las etapas, de 189 kil\u00f3metros, se celebrar\u00e1 el 7 de septiembre. Los ciclistas entrar\u00e1n a Asturias por Ribadedeva y llegar\u00e1n hasta Oviedo, tras recorrer gran parte de la costa asturiana y pasar por Ribadesella, Villaviciosa y Gij\u00f3n, entre otros concejos.<\/p>\n<p>Coincidiendo con la celebraci\u00f3n del D\u00eda de Asturias, el recorrido del d\u00eda 8 de septiembre comenzar\u00e1 en Tineo y finalizar\u00e1 en un espacio in\u00e9dito para esta competici\u00f3n: el alto del Acebo (Cangas del Narcea), tras culminar tres puertos de primera categor\u00eda y uno de segunda en un trayecto de 159 kil\u00f3metros.<\/p>\n<p>La Vuelta cerrar\u00e1 su paso por Asturias el 9 de septiembre. En esa jornada saldr\u00e1 de Pravia y la meta se instalar\u00e1 en el alto de la Cubilla (Lena). Este final de etapa se estrena tambi\u00e9n como parte de un recorrido de 155 kil\u00f3metros, que pasar\u00e1 por tres puertos de primera categor\u00eda y dos de tercera.<\/p>\n<p>El consejero ha destacado la importancia que tiene el turismo deportivo dentro del Programa de Turismo Sostenible de Asturias 2020, as\u00ed como la relevancia de La Vuelta como \u201cuna de las mejores apuestas para mostrar el potencial de Asturias como destino tur\u00edstico\u201d. Pola ha aludido, adem\u00e1s, a la \u201csensibilidad mostrada por sus responsables a la hora de abordar el dise\u00f1o de las etapas asturianas\u201d. \u201cSiempre est\u00e1n dispuestos a localizar nuevos escenarios que engrandezcan a\u00fan m\u00e1s la leyenda de las jornadas del Principado en esta prueba\u201d, ha se\u00f1alado.<\/p>\n<p>El estand del Principado tambi\u00e9n ha acogido esta tarde la presentaci\u00f3n de las acciones de la red de cooperaci\u00f3n de las rutas del emperador Carlos V, asociaci\u00f3n de car\u00e1cter internacional en la que participan como miembros el Ayuntamiento de Villaviciosa y el Principado.<\/p>\n","protected":false},"excerpt":{"rendered":"<p>Asturias acoger\u00e1 tres de las veintiuna etapas de La Vuelta Ciclista a Espa\u00f1a en su edici\u00f3n de este a\u00f1o. La carrera recorrer\u00e1 el Principado los d\u00edas 7, 8 y 9 de septiembre e incluir\u00e1 nuevos recorridos, con dos finales in\u00e9ditos en los altos del Acebo y La Cubilla. As\u00ed lo ha avanzado en Fitur el<\/p>\n","protected":false},"author":1,"featured_media":114951,"comment_status":"closed","ping_status":"closed","sticky":false,"template":"","format":"standard","meta":{"footnotes":""},"categories":[319],"tags":[],"class_list":{"0":"post-114950","1":"post","2":"type-post","3":"status-publish","4":"format-standard","5":"has-post-thumbnail","7":"category-deporte"},"aioseo_notices":[],"aioseo_head":"\n\t\t<!-- All in One SEO Pro 4.9.6.2 - aioseo.com -->\n\t<meta name=\"description\" content=\"Asturias acoger\u00e1 tres de las veintiuna etapas de La Vuelta Ciclista a Espa\u00f1a en su edici\u00f3n de este a\u00f1o. La carrera recorrer\u00e1 el Principado los d\u00edas 7, 8 y 9 de septiembre e incluir\u00e1 nuevos recorridos, con dos finales in\u00e9ditos en los altos del Acebo y La Cubilla. As\u00ed lo ha avanzado en Fitur el\" \/>\n\t<meta name=\"robots\" content=\"max-image-preview:large\" \/>\n\t<meta name=\"author\" content=\"Cand\u00e1s 365\"\/>\n\t<meta name=\"google-site-verification\" content=\"UA-32230408-1\" \/>\n\t<meta name=\"msvalidate.01\" content=\"354F3CDFB2DA171B47FBE9ABF1F88D5\" \/>\n\t<meta name=\"keywords\" content=\"deporte\" \/>\n\t<link rel=\"canonical\" href=\"https:\/\/candas365.es\/noticias\/presentadas-las-etapas-asturianas-de-la-vuelta-2019\/\" \/>\n\t<meta name=\"generator\" content=\"All in One SEO Pro (AIOSEO) 4.9.6.2\" \/>\n\t\t<meta property=\"og:locale\" content=\"es_ES\" \/>\n\t\t<meta property=\"og:site_name\" content=\"Cand\u00e1s 365\" \/>\n\t\t<meta property=\"og:type\" content=\"article\" \/>\n\t\t<meta property=\"og:title\" content=\"Presentadas las etapas asturianas de La Vuelta 2019 | Cand\u00e1s 365\" \/>\n\t\t<meta property=\"og:description\" content=\"Asturias acoger\u00e1 tres de las veintiuna etapas de La Vuelta Ciclista a Espa\u00f1a en su edici\u00f3n de este a\u00f1o. La carrera recorrer\u00e1 el Principado los d\u00edas 7, 8 y 9 de septiembre e incluir\u00e1 nuevos recorridos, con dos finales in\u00e9ditos en los altos del Acebo y La Cubilla. As\u00ed lo ha avanzado en Fitur el\" \/>\n\t\t<meta property=\"og:url\" content=\"https:\/\/candas365.es\/noticias\/presentadas-las-etapas-asturianas-de-la-vuelta-2019\/\" \/>\n\t\t<meta property=\"og:image\" content=\"https:\/\/candas365.es\/noticias\/wp-content\/uploads\/2019\/01\/Presentacion-Fitur-etapas-vuelta-ciclista-en-Asturias.jpg\" \/>\n\t\t<meta property=\"og:image:secure_url\" content=\"https:\/\/candas365.es\/noticias\/wp-content\/uploads\/2019\/01\/Presentacion-Fitur-etapas-vuelta-ciclista-en-Asturias.jpg\" \/>\n\t\t<meta property=\"og:image:width\" content=\"1280\" \/>\n\t\t<meta property=\"og:image:height\" content=\"784\" \/>\n\t\t<meta property=\"article:published_time\" content=\"2019-01-24T06:07:38+00:00\" \/>\n\t\t<meta property=\"article:modified_time\" content=\"2019-01-24T06:07:38+00:00\" \/>\n\t\t<meta property=\"article:publisher\" content=\"https:\/\/www.facebook.com\/Nachofdezber\" \/>\n\t\t<meta property=\"article:author\" content=\"https:\/\/www.facebook.com\/carrenoactualidad\" \/>\n\t\t<meta name=\"twitter:card\" content=\"summary_large_image\" \/>\n\t\t<meta name=\"twitter:site\" content=\"@NabercoDigital\" \/>\n\t\t<meta name=\"twitter:title\" content=\"Presentadas las etapas asturianas de La Vuelta 2019 | Cand\u00e1s 365\" \/>\n\t\t<meta name=\"twitter:description\" content=\"Asturias acoger\u00e1 tres de las veintiuna etapas de La Vuelta Ciclista a Espa\u00f1a en su edici\u00f3n de este a\u00f1o. La carrera recorrer\u00e1 el Principado los d\u00edas 7, 8 y 9 de septiembre e incluir\u00e1 nuevos recorridos, con dos finales in\u00e9ditos en los altos del Acebo y La Cubilla. As\u00ed lo ha avanzado en Fitur el\" \/>\n\t\t<meta name=\"twitter:creator\" content=\"@nbasturias\" \/>\n\t\t<meta name=\"twitter:image\" content=\"https:\/\/candas365.es\/noticias\/wp-content\/uploads\/2019\/01\/Presentacion-Fitur-etapas-vuelta-ciclista-en-Asturias.jpg\" \/>\n\t\t<meta name=\"twitter:label1\" content=\"Escrito por\" \/>\n\t\t<meta name=\"twitter:data1\" content=\"Cand\u00e1s 365\" \/>\n\t\t<meta name=\"twitter:label2\" content=\"Tiempo de lectura estimado\" \/>\n\t\t<meta name=\"twitter:data2\" content=\"2 minutos\" \/>\n\t\t<script type=\"application\/ld+json\" class=\"aioseo-schema\">\n\t\t\t{\"@context\":\"https:\\\/\\\/schema.org\",\"@graph\":[{\"@type\":\"BreadcrumbList\",\"@id\":\"https:\\\/\\\/candas365.es\\\/noticias\\\/presentadas-las-etapas-asturianas-de-la-vuelta-2019\\\/#breadcrumblist\",\"itemListElement\":[{\"@type\":\"ListItem\",\"@id\":\"https:\\\/\\\/candas365.es\\\/noticias#listItem\",\"position\":1,\"name\":\"Home\",\"item\":\"https:\\\/\\\/candas365.es\\\/noticias\",\"nextItem\":{\"@type\":\"ListItem\",\"@id\":\"https:\\\/\\\/candas365.es\\\/noticias\\\/category\\\/deporte\\\/#listItem\",\"name\":\"Deporte\"}},{\"@type\":\"ListItem\",\"@id\":\"https:\\\/\\\/candas365.es\\\/noticias\\\/category\\\/deporte\\\/#listItem\",\"position\":2,\"name\":\"Deporte\",\"item\":\"https:\\\/\\\/candas365.es\\\/noticias\\\/category\\\/deporte\\\/\",\"nextItem\":{\"@type\":\"ListItem\",\"@id\":\"https:\\\/\\\/candas365.es\\\/noticias\\\/presentadas-las-etapas-asturianas-de-la-vuelta-2019\\\/#listItem\",\"name\":\"Presentadas las etapas asturianas de La Vuelta 2019\"},\"previousItem\":{\"@type\":\"ListItem\",\"@id\":\"https:\\\/\\\/candas365.es\\\/noticias#listItem\",\"name\":\"Home\"}},{\"@type\":\"ListItem\",\"@id\":\"https:\\\/\\\/candas365.es\\\/noticias\\\/presentadas-las-etapas-asturianas-de-la-vuelta-2019\\\/#listItem\",\"position\":3,\"name\":\"Presentadas las etapas asturianas de La Vuelta 2019\",\"previousItem\":{\"@type\":\"ListItem\",\"@id\":\"https:\\\/\\\/candas365.es\\\/noticias\\\/category\\\/deporte\\\/#listItem\",\"name\":\"Deporte\"}}]},{\"@type\":\"NewsArticle\",\"@id\":\"https:\\\/\\\/candas365.es\\\/noticias\\\/presentadas-las-etapas-asturianas-de-la-vuelta-2019\\\/#newsarticle\",\"name\":\"Presentadas las etapas asturianas de La Vuelta 2019 | Cand\\u00e1s 365\",\"headline\":\"Presentadas las etapas asturianas de La Vuelta 2019\",\"author\":{\"@id\":\"https:\\\/\\\/candas365.es\\\/noticias\\\/author\\\/admin\\\/#author\"},\"publisher\":{\"@id\":\"https:\\\/\\\/candas365.es\\\/noticias\\\/#organization\"},\"image\":{\"@type\":\"ImageObject\",\"url\":\"https:\\\/\\\/candas365.es\\\/noticias\\\/wp-content\\\/uploads\\\/2019\\\/01\\\/Presentacion-Fitur-etapas-vuelta-ciclista-en-Asturias.jpg\",\"width\":1280,\"height\":784},\"datePublished\":\"2019-01-24T06:07:38+01:00\",\"dateModified\":\"2019-01-24T06:07:38+01:00\",\"inLanguage\":\"es-ES\",\"mainEntityOfPage\":{\"@id\":\"https:\\\/\\\/candas365.es\\\/noticias\\\/presentadas-las-etapas-asturianas-de-la-vuelta-2019\\\/#webpage\"},\"isPartOf\":{\"@id\":\"https:\\\/\\\/candas365.es\\\/noticias\\\/presentadas-las-etapas-asturianas-de-la-vuelta-2019\\\/#webpage\"},\"articleSection\":\"Deporte\",\"dateline\":\"Publicado el enero 24, 2019.\"},{\"@type\":\"Organization\",\"@id\":\"https:\\\/\\\/candas365.es\\\/noticias\\\/#organization\",\"name\":\"Cand\\u00e1s 365\",\"description\":\"Cand\\u00e1s 365 es un diario digital independiente, fundado en 2012, con base en Asturias. Informamos con rigor sobre actualidad, sociedad, cultura y ocio, con una mirada local y global.\",\"url\":\"https:\\\/\\\/candas365.es\\\/noticias\\\/\",\"email\":\"info@candas365.es\",\"telephone\":\"+34652131393\",\"foundingDate\":\"2012-06-10\",\"logo\":{\"@type\":\"ImageObject\",\"url\":\"https:\\\/\\\/candas365.es\\\/noticias\\\/wp-content\\\/uploads\\\/2024\\\/09\\\/Candas-365-Redes.jpg\",\"@id\":\"https:\\\/\\\/candas365.es\\\/noticias\\\/presentadas-las-etapas-asturianas-de-la-vuelta-2019\\\/#organizationLogo\",\"width\":1152,\"height\":864,\"caption\":\"Cand\\u00e1s 365 Redes\"},\"image\":{\"@id\":\"https:\\\/\\\/candas365.es\\\/noticias\\\/presentadas-las-etapas-asturianas-de-la-vuelta-2019\\\/#organizationLogo\"},\"sameAs\":[\"https:\\\/\\\/www.facebook.com\\\/Nachofdezber\",\"https:\\\/\\\/x.com\\\/NabercoDigital\",\"https:\\\/\\\/www.instagram.com\\\/nachofdezber\\\/\",\"https:\\\/\\\/www.youtube.com\\\/channel\\\/UCZP-2wLEB9Rv6erhFmqVnvg\"],\"address\":{\"@id\":\"https:\\\/\\\/candas365.es\\\/noticias\\\/#postaladdress\",\"@type\":\"PostalAddress\",\"streetAddress\":\"san antonio 4, san antonio 4\",\"postalCode\":\"33430\",\"addressLocality\":\"Cand\\u00e1s\",\"addressRegion\":\"Asturias\",\"addressCountry\":\"ES\"}},{\"@type\":\"Person\",\"@id\":\"https:\\\/\\\/candas365.es\\\/noticias\\\/author\\\/admin\\\/#author\",\"url\":\"https:\\\/\\\/candas365.es\\\/noticias\\\/author\\\/admin\\\/\",\"name\":\"Cand\\u00e1s 365\",\"image\":{\"@type\":\"ImageObject\",\"@id\":\"https:\\\/\\\/candas365.es\\\/noticias\\\/presentadas-las-etapas-asturianas-de-la-vuelta-2019\\\/#authorImage\",\"url\":\"https:\\\/\\\/secure.gravatar.com\\\/avatar\\\/496a8e03d0c493ede1718b7934145dbdf8d89be1036b0eec9544e1094c9de390?s=96&d=mm&r=g\",\"width\":96,\"height\":96,\"caption\":\"Cand\\u00e1s 365\"},\"sameAs\":[\"https:\\\/\\\/www.facebook.com\\\/carrenoactualidad\",\"https:\\\/\\\/twitter.com\\\/nbasturias\",\"https:\\\/\\\/www.instagram.com\\\/nachofdezber\\\/\",\"https:\\\/\\\/www.youtube.com\\\/channel\\\/UCZP-2wLEB9Rv6erhFmqVnvg\"]},{\"@type\":\"WebPage\",\"@id\":\"https:\\\/\\\/candas365.es\\\/noticias\\\/presentadas-las-etapas-asturianas-de-la-vuelta-2019\\\/#webpage\",\"url\":\"https:\\\/\\\/candas365.es\\\/noticias\\\/presentadas-las-etapas-asturianas-de-la-vuelta-2019\\\/\",\"name\":\"Presentadas las etapas asturianas de La Vuelta 2019 | Cand\\u00e1s 365\",\"description\":\"Asturias acoger\\u00e1 tres de las veintiuna etapas de La Vuelta Ciclista a Espa\\u00f1a en su edici\\u00f3n de este a\\u00f1o. La carrera recorrer\\u00e1 el Principado los d\\u00edas 7, 8 y 9 de septiembre e incluir\\u00e1 nuevos recorridos, con dos finales in\\u00e9ditos en los altos del Acebo y La Cubilla. As\\u00ed lo ha avanzado en Fitur el\",\"inLanguage\":\"es-ES\",\"isPartOf\":{\"@id\":\"https:\\\/\\\/candas365.es\\\/noticias\\\/#website\"},\"breadcrumb\":{\"@id\":\"https:\\\/\\\/candas365.es\\\/noticias\\\/presentadas-las-etapas-asturianas-de-la-vuelta-2019\\\/#breadcrumblist\"},\"author\":{\"@id\":\"https:\\\/\\\/candas365.es\\\/noticias\\\/author\\\/admin\\\/#author\"},\"creator\":{\"@id\":\"https:\\\/\\\/candas365.es\\\/noticias\\\/author\\\/admin\\\/#author\"},\"image\":{\"@type\":\"ImageObject\",\"url\":\"https:\\\/\\\/candas365.es\\\/noticias\\\/wp-content\\\/uploads\\\/2019\\\/01\\\/Presentacion-Fitur-etapas-vuelta-ciclista-en-Asturias.jpg\",\"@id\":\"https:\\\/\\\/candas365.es\\\/noticias\\\/presentadas-las-etapas-asturianas-de-la-vuelta-2019\\\/#mainImage\",\"width\":1280,\"height\":784},\"primaryImageOfPage\":{\"@id\":\"https:\\\/\\\/candas365.es\\\/noticias\\\/presentadas-las-etapas-asturianas-de-la-vuelta-2019\\\/#mainImage\"},\"datePublished\":\"2019-01-24T06:07:38+01:00\",\"dateModified\":\"2019-01-24T06:07:38+01:00\"},{\"@type\":\"WebSite\",\"@id\":\"https:\\\/\\\/candas365.es\\\/noticias\\\/#website\",\"url\":\"https:\\\/\\\/candas365.es\\\/noticias\\\/\",\"name\":\"Cand\\u00e1s 365\",\"alternateName\":\"Cand\\u00e1s 365 Noticias\",\"description\":\"Actualidad desde Carre\\u00f1o para el mundo\",\"inLanguage\":\"es-ES\",\"publisher\":{\"@id\":\"https:\\\/\\\/candas365.es\\\/noticias\\\/#organization\"}}]}\n\t\t<\/script>\n\t\t<!-- All in One SEO Pro -->\r\n\t\t<title>Presentadas las etapas asturianas de La Vuelta 2019 | Cand\u00e1s 365<\/title>\n\n","aioseo_head_json":{"title":"Presentadas las etapas asturianas de La Vuelta 2019 | Cand\u00e1s 365","description":"Asturias acoger\u00e1 tres de las veintiuna etapas de La Vuelta Ciclista a Espa\u00f1a en su edici\u00f3n de este a\u00f1o. La carrera recorrer\u00e1 el Principado los d\u00edas 7, 8 y 9 de septiembre e incluir\u00e1 nuevos recorridos, con dos finales in\u00e9ditos en los altos del Acebo y La Cubilla. As\u00ed lo ha avanzado en Fitur el","canonical_url":"https:\/\/candas365.es\/noticias\/presentadas-las-etapas-asturianas-de-la-vuelta-2019\/","robots":"max-image-preview:large","keywords":"deporte","webmasterTools":{"google-site-verification":"UA-32230408-1","msvalidate.01":"354F3CDFB2DA171B47FBE9ABF1F88D5","miscellaneous":""},"schema":{"@context":"https:\/\/schema.org","@graph":[{"@type":"BreadcrumbList","@id":"https:\/\/candas365.es\/noticias\/presentadas-las-etapas-asturianas-de-la-vuelta-2019\/#breadcrumblist","itemListElement":[{"@type":"ListItem","@id":"https:\/\/candas365.es\/noticias#listItem","position":1,"name":"Home","item":"https:\/\/candas365.es\/noticias","nextItem":{"@type":"ListItem","@id":"https:\/\/candas365.es\/noticias\/category\/deporte\/#listItem","name":"Deporte"}},{"@type":"ListItem","@id":"https:\/\/candas365.es\/noticias\/category\/deporte\/#listItem","position":2,"name":"Deporte","item":"https:\/\/candas365.es\/noticias\/category\/deporte\/","nextItem":{"@type":"ListItem","@id":"https:\/\/candas365.es\/noticias\/presentadas-las-etapas-asturianas-de-la-vuelta-2019\/#listItem","name":"Presentadas las etapas asturianas de La Vuelta 2019"},"previousItem":{"@type":"ListItem","@id":"https:\/\/candas365.es\/noticias#listItem","name":"Home"}},{"@type":"ListItem","@id":"https:\/\/candas365.es\/noticias\/presentadas-las-etapas-asturianas-de-la-vuelta-2019\/#listItem","position":3,"name":"Presentadas las etapas asturianas de La Vuelta 2019","previousItem":{"@type":"ListItem","@id":"https:\/\/candas365.es\/noticias\/category\/deporte\/#listItem","name":"Deporte"}}]},{"@type":"NewsArticle","@id":"https:\/\/candas365.es\/noticias\/presentadas-las-etapas-asturianas-de-la-vuelta-2019\/#newsarticle","name":"Presentadas las etapas asturianas de La Vuelta 2019 | Cand\u00e1s 365","headline":"Presentadas las etapas asturianas de La Vuelta 2019","author":{"@id":"https:\/\/candas365.es\/noticias\/author\/admin\/#author"},"publisher":{"@id":"https:\/\/candas365.es\/noticias\/#organization"},"image":{"@type":"ImageObject","url":"https:\/\/candas365.es\/noticias\/wp-content\/uploads\/2019\/01\/Presentacion-Fitur-etapas-vuelta-ciclista-en-Asturias.jpg","width":1280,"height":784},"datePublished":"2019-01-24T06:07:38+01:00","dateModified":"2019-01-24T06:07:38+01:00","inLanguage":"es-ES","mainEntityOfPage":{"@id":"https:\/\/candas365.es\/noticias\/presentadas-las-etapas-asturianas-de-la-vuelta-2019\/#webpage"},"isPartOf":{"@id":"https:\/\/candas365.es\/noticias\/presentadas-las-etapas-asturianas-de-la-vuelta-2019\/#webpage"},"articleSection":"Deporte","dateline":"Publicado el enero 24, 2019."},{"@type":"Organization","@id":"https:\/\/candas365.es\/noticias\/#organization","name":"Cand\u00e1s 365","description":"Cand\u00e1s 365 es un diario digital independiente, fundado en 2012, con base en Asturias. Informamos con rigor sobre actualidad, sociedad, cultura y ocio, con una mirada local y global.","url":"https:\/\/candas365.es\/noticias\/","email":"info@candas365.es","telephone":"+34652131393","foundingDate":"2012-06-10","logo":{"@type":"ImageObject","url":"https:\/\/candas365.es\/noticias\/wp-content\/uploads\/2024\/09\/Candas-365-Redes.jpg","@id":"https:\/\/candas365.es\/noticias\/presentadas-las-etapas-asturianas-de-la-vuelta-2019\/#organizationLogo","width":1152,"height":864,"caption":"Cand\u00e1s 365 Redes"},"image":{"@id":"https:\/\/candas365.es\/noticias\/presentadas-las-etapas-asturianas-de-la-vuelta-2019\/#organizationLogo"},"sameAs":["https:\/\/www.facebook.com\/Nachofdezber","https:\/\/x.com\/NabercoDigital","https:\/\/www.instagram.com\/nachofdezber\/","https:\/\/www.youtube.com\/channel\/UCZP-2wLEB9Rv6erhFmqVnvg"],"address":{"@id":"https:\/\/candas365.es\/noticias\/#postaladdress","@type":"PostalAddress","streetAddress":"san antonio 4, san antonio 4","postalCode":"33430","addressLocality":"Cand\u00e1s","addressRegion":"Asturias","addressCountry":"ES"}},{"@type":"Person","@id":"https:\/\/candas365.es\/noticias\/author\/admin\/#author","url":"https:\/\/candas365.es\/noticias\/author\/admin\/","name":"Cand\u00e1s 365","image":{"@type":"ImageObject","@id":"https:\/\/candas365.es\/noticias\/presentadas-las-etapas-asturianas-de-la-vuelta-2019\/#authorImage","url":"https:\/\/secure.gravatar.com\/avatar\/496a8e03d0c493ede1718b7934145dbdf8d89be1036b0eec9544e1094c9de390?s=96&d=mm&r=g","width":96,"height":96,"caption":"Cand\u00e1s 365"},"sameAs":["https:\/\/www.facebook.com\/carrenoactualidad","https:\/\/twitter.com\/nbasturias","https:\/\/www.instagram.com\/nachofdezber\/","https:\/\/www.youtube.com\/channel\/UCZP-2wLEB9Rv6erhFmqVnvg"]},{"@type":"WebPage","@id":"https:\/\/candas365.es\/noticias\/presentadas-las-etapas-asturianas-de-la-vuelta-2019\/#webpage","url":"https:\/\/candas365.es\/noticias\/presentadas-las-etapas-asturianas-de-la-vuelta-2019\/","name":"Presentadas las etapas asturianas de La Vuelta 2019 | Cand\u00e1s 365","description":"Asturias acoger\u00e1 tres de las veintiuna etapas de La Vuelta Ciclista a Espa\u00f1a en su edici\u00f3n de este a\u00f1o. La carrera recorrer\u00e1 el Principado los d\u00edas 7, 8 y 9 de septiembre e incluir\u00e1 nuevos recorridos, con dos finales in\u00e9ditos en los altos del Acebo y La Cubilla. As\u00ed lo ha avanzado en Fitur el","inLanguage":"es-ES","isPartOf":{"@id":"https:\/\/candas365.es\/noticias\/#website"},"breadcrumb":{"@id":"https:\/\/candas365.es\/noticias\/presentadas-las-etapas-asturianas-de-la-vuelta-2019\/#breadcrumblist"},"author":{"@id":"https:\/\/candas365.es\/noticias\/author\/admin\/#author"},"creator":{"@id":"https:\/\/candas365.es\/noticias\/author\/admin\/#author"},"image":{"@type":"ImageObject","url":"https:\/\/candas365.es\/noticias\/wp-content\/uploads\/2019\/01\/Presentacion-Fitur-etapas-vuelta-ciclista-en-Asturias.jpg","@id":"https:\/\/candas365.es\/noticias\/presentadas-las-etapas-asturianas-de-la-vuelta-2019\/#mainImage","width":1280,"height":784},"primaryImageOfPage":{"@id":"https:\/\/candas365.es\/noticias\/presentadas-las-etapas-asturianas-de-la-vuelta-2019\/#mainImage"},"datePublished":"2019-01-24T06:07:38+01:00","dateModified":"2019-01-24T06:07:38+01:00"},{"@type":"WebSite","@id":"https:\/\/candas365.es\/noticias\/#website","url":"https:\/\/candas365.es\/noticias\/","name":"Cand\u00e1s 365","alternateName":"Cand\u00e1s 365 Noticias","description":"Actualidad desde Carre\u00f1o para el mundo","inLanguage":"es-ES","publisher":{"@id":"https:\/\/candas365.es\/noticias\/#organization"}}]},"og:locale":"es_ES","og:site_name":"Cand\u00e1s 365","og:type":"article","og:title":"Presentadas las etapas asturianas de La Vuelta 2019 | Cand\u00e1s 365","og:description":"Asturias acoger\u00e1 tres de las veintiuna etapas de La Vuelta Ciclista a Espa\u00f1a en su edici\u00f3n de este a\u00f1o. La carrera recorrer\u00e1 el Principado los d\u00edas 7, 8 y 9 de septiembre e incluir\u00e1 nuevos recorridos, con dos finales in\u00e9ditos en los altos del Acebo y La Cubilla. As\u00ed lo ha avanzado en Fitur el","og:url":"https:\/\/candas365.es\/noticias\/presentadas-las-etapas-asturianas-de-la-vuelta-2019\/","og:image":"https:\/\/candas365.es\/noticias\/wp-content\/uploads\/2019\/01\/Presentacion-Fitur-etapas-vuelta-ciclista-en-Asturias.jpg","og:image:secure_url":"https:\/\/candas365.es\/noticias\/wp-content\/uploads\/2019\/01\/Presentacion-Fitur-etapas-vuelta-ciclista-en-Asturias.jpg","og:image:width":1280,"og:image:height":784,"article:published_time":"2019-01-24T06:07:38+00:00","article:modified_time":"2019-01-24T06:07:38+00:00","article:publisher":"https:\/\/www.facebook.com\/Nachofdezber","article:author":"https:\/\/www.facebook.com\/carrenoactualidad","twitter:card":"summary_large_image","twitter:site":"@NabercoDigital","twitter:title":"Presentadas las etapas asturianas de La Vuelta 2019 | Cand\u00e1s 365","twitter:description":"Asturias acoger\u00e1 tres de las veintiuna etapas de La Vuelta Ciclista a Espa\u00f1a en su edici\u00f3n de este a\u00f1o. La carrera recorrer\u00e1 el Principado los d\u00edas 7, 8 y 9 de septiembre e incluir\u00e1 nuevos recorridos, con dos finales in\u00e9ditos en los altos del Acebo y La Cubilla. As\u00ed lo ha avanzado en Fitur el","twitter:creator":"@nbasturias","twitter:image":"https:\/\/candas365.es\/noticias\/wp-content\/uploads\/2019\/01\/Presentacion-Fitur-etapas-vuelta-ciclista-en-Asturias.jpg","twitter:label1":"Escrito por","twitter:data1":"Cand\u00e1s 365","twitter:label2":"Tiempo de lectura estimado","twitter:data2":"2 minutos"},"aioseo_meta_data":{"post_id":"114950","title":null,"description":null,"keywords":null,"keyphrases":null,"primary_term":null,"canonical_url":null,"og_title":null,"og_description":null,"og_object_type":"default","og_image_type":"default","og_image_url":null,"og_image_width":null,"og_image_height":null,"og_image_custom_url":null,"og_image_custom_fields":null,"og_video":null,"og_custom_url":null,"og_article_section":null,"og_article_tags":null,"twitter_use_og":false,"twitter_card":"default","twitter_image_type":"default","twitter_image_url":null,"twitter_image_custom_url":null,"twitter_image_custom_fields":null,"twitter_title":null,"twitter_description":null,"schema":{"blockGraphs":[],"customGraphs":[],"default":{"data":{"Article":[],"Course":[],"Dataset":[],"FAQPage":[],"Movie":[],"Person":[],"Product":[],"ProductReview":[],"Car":[],"Recipe":[],"Service":[],"SoftwareApplication":[],"WebPage":[]},"graphName":"","isEnabled":true},"graphs":[]},"schema_type":null,"schema_type_options":null,"pillar_content":false,"robots_default":true,"robots_noindex":false,"robots_noarchive":false,"robots_nosnippet":false,"robots_nofollow":false,"robots_noimageindex":false,"robots_noodp":false,"robots_notranslate":false,"robots_max_snippet":null,"robots_max_videopreview":null,"robots_max_imagepreview":"large","priority":null,"frequency":null,"location":null,"local_seo":null,"seo_analyzer_scan_date":"2025-08-29 02:43:17","breadcrumb_settings":null,"limit_modified_date":false,"reviewed_by":null,"open_ai":null,"ai":null,"created":"2020-12-21 11:19:58","updated":"2025-08-29 02:43:17"},"aioseo_breadcrumb":"<div class=\"aioseo-breadcrumbs\"><span class=\"aioseo-breadcrumb\">\n\t<a href=\"https:\/\/candas365.es\/noticias\" title=\"Home\">Home<\/a>\n<\/span><span class=\"aioseo-breadcrumb-separator\">&ndash;<\/span><span class=\"aioseo-breadcrumb\">\n\t<a href=\"https:\/\/candas365.es\/noticias\/category\/deporte\/\" title=\"Deporte\">Deporte<\/a>\n<\/span><span class=\"aioseo-breadcrumb-separator\">&ndash;<\/span><span class=\"aioseo-breadcrumb\">\n\tPresentadas las etapas asturianas de La Vuelta 2019\n<\/span><\/div>","aioseo_breadcrumb_json":[{"label":"Home","link":"https:\/\/candas365.es\/noticias"},{"label":"Deporte","link":"https:\/\/candas365.es\/noticias\/category\/deporte\/"},{"label":"Presentadas las etapas asturianas de La Vuelta 2019","link":"https:\/\/candas365.es\/noticias\/presentadas-las-etapas-asturianas-de-la-vuelta-2019\/"}],"_links":{"self":[{"href":"https:\/\/candas365.es\/noticias\/wp-json\/wp\/v2\/posts\/114950","targetHints":{"allow":["GET"]}}],"collection":[{"href":"https:\/\/candas365.es\/noticias\/wp-json\/wp\/v2\/posts"}],"about":[{"href":"https:\/\/candas365.es\/noticias\/wp-json\/wp\/v2\/types\/post"}],"author":[{"embeddable":true,"href":"https:\/\/candas365.es\/noticias\/wp-json\/wp\/v2\/users\/1"}],"replies":[{"embeddable":true,"href":"https:\/\/candas365.es\/noticias\/wp-json\/wp\/v2\/comments?post=114950"}],"version-history":[{"count":0,"href":"https:\/\/candas365.es\/noticias\/wp-json\/wp\/v2\/posts\/114950\/revisions"}],"wp:featuredmedia":[{"embeddable":true,"href":"https:\/\/candas365.es\/noticias\/wp-json\/wp\/v2\/media\/114951"}],"wp:attachment":[{"href":"https:\/\/candas365.es\/noticias\/wp-json\/wp\/v2\/media?parent=114950"}],"wp:term":[{"taxonomy":"category","embeddable":true,"href":"https:\/\/candas365.es\/noticias\/wp-json\/wp\/v2\/categories?post=114950"},{"taxonomy":"post_tag","embeddable":true,"href":"https:\/\/candas365.es\/noticias\/wp-json\/wp\/v2\/tags?post=114950"}],"curies":[{"name":"wp","href":"https:\/\/api.w.org\/{rel}","templated":true}]}}