{"id":114872,"date":"2019-01-23T11:14:27","date_gmt":"2019-01-23T11:14:27","guid":{"rendered":"http:\/\/candas365.es\/noticias\/?p=114872"},"modified":"2019-01-23T11:14:27","modified_gmt":"2019-01-23T11:14:27","slug":"carreno-recicla-cerca-de-50-000-prendas-de-ropa","status":"publish","type":"post","link":"https:\/\/candas365.es\/noticias\/carreno-recicla-cerca-de-50-000-prendas-de-ropa\/","title":{"rendered":"Carre\u00f1o recicla cerca de 50.000 prendas de ropa"},"content":{"rendered":"<p><img fetchpriority=\"high\" decoding=\"async\" class=\"alignleft size-medium wp-image-114873\" src=\"https:\/\/candas365.es\/noticias\/wp-content\/uploads\/2019\/01\/clothespins-3687611_960_720-360x240.jpg\" alt=\"\" width=\"360\" height=\"240\" srcset=\"https:\/\/candas365.es\/noticias\/wp-content\/uploads\/2019\/01\/clothespins-3687611_960_720-360x240.jpg 360w, https:\/\/candas365.es\/noticias\/wp-content\/uploads\/2019\/01\/clothespins-3687611_960_720-768x511.jpg 768w, https:\/\/candas365.es\/noticias\/wp-content\/uploads\/2019\/01\/clothespins-3687611_960_720-655x436.jpg 655w, https:\/\/candas365.es\/noticias\/wp-content\/uploads\/2019\/01\/clothespins-3687611_960_720-696x463.jpg 696w, https:\/\/candas365.es\/noticias\/wp-content\/uploads\/2019\/01\/clothespins-3687611_960_720-631x420.jpg 631w, https:\/\/candas365.es\/noticias\/wp-content\/uploads\/2019\/01\/clothespins-3687611_960_720.jpg 960w\" sizes=\"(max-width: 360px) 100vw, 360px\" \/>En el 2018 se han recuperado 24.147 kg de textil usado en Carre\u00f1o, un aumento del 2,74 % respecto al a\u00f1o anterior (23.504 kg) a trav\u00e9s de los contendores que la Fundaci\u00f3n Humana tiene ubicados en varios puntos del Concejo. Estas donaciones equivalen a 49.900 prendas que tienen una segunda vida gracias a la reutilizaci\u00f3n y el reciclado.<\/p>\n<p>\u201cCinco son los contenedores verdes que esta Fundaci\u00f3n tiene instalados en Cand\u00e1s en lo que se recoge: 1.444 kilos en La Matiella; 7.971 kilos en Muyeres de la Paxa; 7.628 kilos en el Grupo Primero de Mayo; 2.735 kilos en la zona del Puerto; y 4.367 kilos en el de la calle Carlos Albo. A estos, hay que sumarles los que Caritas Espa\u00f1ola tambi\u00e9n tiene instalados en diferentes emplazamientos, adem\u00e1s del existente en el Punto de Limpio de Cand\u00e1s. Con lo cual estos datos de reciclaje textil en su conjunto son superiores a la cifra anteriormente se\u00f1alada\u201d relat\u00f3 Roberto Bueno-Concejal de Medio Ambiente-.<\/p>\n<p>\u201cRopa, calzado, complementos y textil del hogar son algunos de los ejemplos de art\u00edculos que se recogen para darles una segunda vida. Este servicio de recogida, fruto del acuerdo entre el Ayuntamiento de Carre\u00f1o y la Fundaci\u00f3n Humana, a trav\u00e9s del cual la Fundaci\u00f3n se hace cargo de la recogida de este clase de residuos de forma gratuita y a la vez colabora con los Servicios Sociales Municipales con una donaci\u00f3n econ\u00f3mica (600 \u20ac)\u201d coment\u00f3 el Edil.<\/p>\n<p>\u201cEsta iniciativa se suma a la experiencia piloto de recogida selectiva de residuos org\u00e1nicos de Cand\u00e1s instaurada desde septiembre del a\u00f1o pasado. Para el a\u00f1o 2020 la normativa europea en cuanto a la gesti\u00f3n de los residuos obliga a que al menos el 50 % de los residuos del municipio sean reciclados frente al 16 % actual. Desde siempre la Corporaci\u00f3n de Carre\u00f1o ha tenido un firme compromiso con el reciclaje y la correcta gesti\u00f3n de los recursos para la mejora de nuestro entorno y convertir los residuos en fuente de vida\u201d prosigui\u00f3 Bueno.<\/p>\n<p>\u201cPor lo que cualquier iniciativa que sume, con la que conseguir el porcentaje marcado por la Uni\u00f3n Europea ser\u00e1 bienvenida. Porque para conseguir el objetivo tenemos que actuar ya y hacerlo de forma conjunta. Con el firme prop\u00f3sito de avanzar un paso m\u00e1s en el camino de ser un concejo responsable con el medio ambiente todos los agentes implicados debemos redoblar nuestros esfuerzos para aumentar las cifras de recogida selectiva, no s\u00f3lo para respetar el objetivo impuesto por Bruselas sino para potenciar el beneficio ambiental y, en este caso, el beneficio social de la ropa usada\u201d se\u00f1al\u00f3 el Concejal.<\/p>\n<p>Y es que en Espa\u00f1a s\u00f3lo una de cada 10 prendas que ya no queremos tiene una nueva vida. La ciudadan\u00eda desecha anualmente un mill\u00f3n de toneladas de textil, pero s\u00f3lo el 10% se recoge selectivamente por un gestor autorizado para promover su reutilizaci\u00f3n o reciclado. Estas cifras se hallan muy lejos del objetivo del 2020 e incluso la Comisi\u00f3n Europea ha advertido a Espa\u00f1a y a 13 pa\u00edses m\u00e1s de que corre el riesgo de no cumplir este objetivo. Adem\u00e1s se a\u00f1ade que en el 2025 la recogida selectiva de la fracci\u00f3n textil ser\u00e1 obligatoria en todos los estados miembros de la UE.<\/p>\n<p>\u201cTras la org\u00e1nica, los envases y pl\u00e1sticos, el papel y el cart\u00f3n, y el vidrio, el residuo textil es la quinta fracci\u00f3n que m\u00e1s se genera. La reutilizaci\u00f3n y el reciclado de textil contribuyen al ahorro de recursos, la protecci\u00f3n del medio ambiente y la lucha contra el cambio clim\u00e1tico. Reducen los residuos en los dep\u00f3sitos controlados y en las plantas incineradoras, por consiguiente la emisi\u00f3n de gases de efecto invernadero. La Comisi\u00f3n Europea ha calculado que cada kilo de ropa que se reutiliza y no es incinerado evita la emisi\u00f3n de 3,169 kg de CO2. Las 24,1 toneladas recogidas representan un ahorro de 76,5 toneladas de CO2 a la atm\u00f3sfera\u201d finaliz\u00f3 Roberto Bueno-Concejal de Medio ambiente.<\/p>\n<p>Las prendas depositadas en los contenedores de Humana tienen dos destinos: el 61% se trata en alguna de las plantas de preparaci\u00f3n para la reutilizaci\u00f3n de la Fundaci\u00f3n (en Madrid, Barcelona y Granada) y el resto se vende a empresas de reutilizaci\u00f3n y reciclado. El destino de las prendas tratadas es:<\/p>\n<p>\u00b7 El 61% se prepara para la reutilizaci\u00f3n: el 15% se destina a las tiendas secondhand de Humana en Espa\u00f1a y el 46% se exporta, principalmente a \u00c1frica, para ser vendido a precios de mercado y as\u00ed generar recursos para la cooperaci\u00f3n al desarrollo.<\/p>\n<p>\u00b7 El 29% se encuentra en un estado que no permite su reutilizaci\u00f3n por lo que se vende a empresas de reciclaje textil para que elaboren otros productos como mantas, aislantes o trapos para la industria de automoci\u00f3n.<\/p>\n<p>\u00b7 El 1% son residuos impropios (pl\u00e1stico, cart\u00f3n, otros) que se ponen en manos de los gestores autorizados correspondientes.<\/p>\n<p>\u00b7 El 9% se env\u00eda a un centro de tratamiento de residuos para su disposici\u00f3n final ya que no se puede reutilizar ni reciclar ni valorizar energ\u00e9ticamente.<\/p>\n<p>Todos los recursos que la Fundaci\u00f3n obtiene de la gesti\u00f3n sostenible del residuo textil son reutilizados en programas de Cooperaci\u00f3n al Desarrollo. De esta forma a lo largo de sus m\u00e1s de 30 a\u00f1os de historia ha destinado m\u00e1s de 30 millones de euros en la formaci\u00f3n de profesores de primaria, el impulso de la agricultura sostenible o la lucha contra el VIH\/SIDA, entre otras acciones en Angola, Belice, Brasil, Ecuador, India, Laos, y Mozambique.<\/p>\n","protected":false},"excerpt":{"rendered":"<p>En el 2018 se han recuperado 24.147 kg de textil usado en Carre\u00f1o, un aumento del 2,74 % respecto al a\u00f1o anterior (23.504 kg) a trav\u00e9s de los contendores que la Fundaci\u00f3n Humana tiene ubicados en varios puntos del Concejo. Estas donaciones equivalen a 49.900 prendas que tienen una segunda vida gracias a la reutilizaci\u00f3n<\/p>\n","protected":false},"author":1,"featured_media":114873,"comment_status":"closed","ping_status":"closed","sticky":false,"template":"","format":"standard","meta":{"footnotes":""},"categories":[2],"tags":[],"class_list":{"0":"post-114872","1":"post","2":"type-post","3":"status-publish","4":"format-standard","5":"has-post-thumbnail","7":"category-noticias-carreno"},"aioseo_notices":[],"aioseo_head":"\n\t\t<!-- All in One SEO Pro 4.9.6.2 - aioseo.com -->\n\t<meta name=\"description\" content=\"En el 2018 se han recuperado 24.147 kg de textil usado en Carre\u00f1o, un aumento del 2,74 % respecto al a\u00f1o anterior (23.504 kg) a trav\u00e9s de los contendores que la Fundaci\u00f3n Humana tiene ubicados en varios puntos del Concejo. Estas donaciones equivalen a 49.900 prendas que tienen una segunda vida gracias a la reutilizaci\u00f3n\" \/>\n\t<meta name=\"robots\" content=\"max-image-preview:large\" \/>\n\t<meta name=\"author\" content=\"Cand\u00e1s 365\"\/>\n\t<meta name=\"google-site-verification\" content=\"UA-32230408-1\" \/>\n\t<meta name=\"msvalidate.01\" content=\"354F3CDFB2DA171B47FBE9ABF1F88D5\" \/>\n\t<meta name=\"keywords\" content=\"noticias carre\u00f1o\" \/>\n\t<link rel=\"canonical\" href=\"https:\/\/candas365.es\/noticias\/carreno-recicla-cerca-de-50-000-prendas-de-ropa\/\" \/>\n\t<meta name=\"generator\" content=\"All in One SEO Pro (AIOSEO) 4.9.6.2\" \/>\n\t\t<meta property=\"og:locale\" content=\"es_ES\" \/>\n\t\t<meta property=\"og:site_name\" content=\"Cand\u00e1s 365\" \/>\n\t\t<meta property=\"og:type\" content=\"article\" \/>\n\t\t<meta property=\"og:title\" content=\"Carre\u00f1o recicla cerca de 50.000 prendas de ropa | Cand\u00e1s 365\" \/>\n\t\t<meta property=\"og:description\" content=\"En el 2018 se han recuperado 24.147 kg de textil usado en Carre\u00f1o, un aumento del 2,74 % respecto al a\u00f1o anterior (23.504 kg) a trav\u00e9s de los contendores que la Fundaci\u00f3n Humana tiene ubicados en varios puntos del Concejo. Estas donaciones equivalen a 49.900 prendas que tienen una segunda vida gracias a la reutilizaci\u00f3n\" \/>\n\t\t<meta property=\"og:url\" content=\"https:\/\/candas365.es\/noticias\/carreno-recicla-cerca-de-50-000-prendas-de-ropa\/\" \/>\n\t\t<meta property=\"og:image\" content=\"https:\/\/candas365.es\/noticias\/wp-content\/uploads\/2019\/01\/clothespins-3687611_960_720.jpg\" \/>\n\t\t<meta property=\"og:image:secure_url\" content=\"https:\/\/candas365.es\/noticias\/wp-content\/uploads\/2019\/01\/clothespins-3687611_960_720.jpg\" \/>\n\t\t<meta property=\"og:image:width\" content=\"960\" \/>\n\t\t<meta property=\"og:image:height\" content=\"639\" \/>\n\t\t<meta property=\"article:published_time\" content=\"2019-01-23T11:14:27+00:00\" \/>\n\t\t<meta property=\"article:modified_time\" content=\"2019-01-23T11:14:27+00:00\" \/>\n\t\t<meta property=\"article:publisher\" content=\"https:\/\/www.facebook.com\/Nachofdezber\" \/>\n\t\t<meta property=\"article:author\" content=\"https:\/\/www.facebook.com\/carrenoactualidad\" \/>\n\t\t<meta name=\"twitter:card\" content=\"summary_large_image\" \/>\n\t\t<meta name=\"twitter:site\" content=\"@NabercoDigital\" \/>\n\t\t<meta name=\"twitter:title\" content=\"Carre\u00f1o recicla cerca de 50.000 prendas de ropa | Cand\u00e1s 365\" \/>\n\t\t<meta name=\"twitter:description\" content=\"En el 2018 se han recuperado 24.147 kg de textil usado en Carre\u00f1o, un aumento del 2,74 % respecto al a\u00f1o anterior (23.504 kg) a trav\u00e9s de los contendores que la Fundaci\u00f3n Humana tiene ubicados en varios puntos del Concejo. Estas donaciones equivalen a 49.900 prendas que tienen una segunda vida gracias a la reutilizaci\u00f3n\" \/>\n\t\t<meta name=\"twitter:creator\" content=\"@nbasturias\" \/>\n\t\t<meta name=\"twitter:image\" content=\"https:\/\/candas365.es\/noticias\/wp-content\/uploads\/2019\/01\/clothespins-3687611_960_720.jpg\" \/>\n\t\t<meta name=\"twitter:label1\" content=\"Escrito por\" \/>\n\t\t<meta name=\"twitter:data1\" content=\"Cand\u00e1s 365\" \/>\n\t\t<meta name=\"twitter:label2\" content=\"Tiempo de lectura estimado\" \/>\n\t\t<meta name=\"twitter:data2\" content=\"5 minutos\" \/>\n\t\t<script type=\"application\/ld+json\" class=\"aioseo-schema\">\n\t\t\t{\"@context\":\"https:\\\/\\\/schema.org\",\"@graph\":[{\"@type\":\"BreadcrumbList\",\"@id\":\"https:\\\/\\\/candas365.es\\\/noticias\\\/carreno-recicla-cerca-de-50-000-prendas-de-ropa\\\/#breadcrumblist\",\"itemListElement\":[{\"@type\":\"ListItem\",\"@id\":\"https:\\\/\\\/candas365.es\\\/noticias#listItem\",\"position\":1,\"name\":\"Home\",\"item\":\"https:\\\/\\\/candas365.es\\\/noticias\",\"nextItem\":{\"@type\":\"ListItem\",\"@id\":\"https:\\\/\\\/candas365.es\\\/noticias\\\/category\\\/noticias-carreno\\\/#listItem\",\"name\":\"Noticias Carre\\u00f1o\"}},{\"@type\":\"ListItem\",\"@id\":\"https:\\\/\\\/candas365.es\\\/noticias\\\/category\\\/noticias-carreno\\\/#listItem\",\"position\":2,\"name\":\"Noticias Carre\\u00f1o\",\"item\":\"https:\\\/\\\/candas365.es\\\/noticias\\\/category\\\/noticias-carreno\\\/\",\"nextItem\":{\"@type\":\"ListItem\",\"@id\":\"https:\\\/\\\/candas365.es\\\/noticias\\\/carreno-recicla-cerca-de-50-000-prendas-de-ropa\\\/#listItem\",\"name\":\"Carre\\u00f1o recicla cerca de 50.000 prendas de ropa\"},\"previousItem\":{\"@type\":\"ListItem\",\"@id\":\"https:\\\/\\\/candas365.es\\\/noticias#listItem\",\"name\":\"Home\"}},{\"@type\":\"ListItem\",\"@id\":\"https:\\\/\\\/candas365.es\\\/noticias\\\/carreno-recicla-cerca-de-50-000-prendas-de-ropa\\\/#listItem\",\"position\":3,\"name\":\"Carre\\u00f1o recicla cerca de 50.000 prendas de ropa\",\"previousItem\":{\"@type\":\"ListItem\",\"@id\":\"https:\\\/\\\/candas365.es\\\/noticias\\\/category\\\/noticias-carreno\\\/#listItem\",\"name\":\"Noticias Carre\\u00f1o\"}}]},{\"@type\":\"NewsArticle\",\"@id\":\"https:\\\/\\\/candas365.es\\\/noticias\\\/carreno-recicla-cerca-de-50-000-prendas-de-ropa\\\/#newsarticle\",\"name\":\"Carre\\u00f1o recicla cerca de 50.000 prendas de ropa | Cand\\u00e1s 365\",\"headline\":\"Carre\\u00f1o recicla cerca de 50.000 prendas de ropa\",\"author\":{\"@id\":\"https:\\\/\\\/candas365.es\\\/noticias\\\/author\\\/admin\\\/#author\"},\"publisher\":{\"@id\":\"https:\\\/\\\/candas365.es\\\/noticias\\\/#organization\"},\"image\":{\"@type\":\"ImageObject\",\"url\":\"https:\\\/\\\/candas365.es\\\/noticias\\\/wp-content\\\/uploads\\\/2019\\\/01\\\/clothespins-3687611_960_720.jpg\",\"width\":960,\"height\":639},\"datePublished\":\"2019-01-23T11:14:27+01:00\",\"dateModified\":\"2019-01-23T11:14:27+01:00\",\"inLanguage\":\"es-ES\",\"mainEntityOfPage\":{\"@id\":\"https:\\\/\\\/candas365.es\\\/noticias\\\/carreno-recicla-cerca-de-50-000-prendas-de-ropa\\\/#webpage\"},\"isPartOf\":{\"@id\":\"https:\\\/\\\/candas365.es\\\/noticias\\\/carreno-recicla-cerca-de-50-000-prendas-de-ropa\\\/#webpage\"},\"articleSection\":\"Noticias Carre\\u00f1o\",\"dateline\":\"Publicado el enero 23, 2019.\"},{\"@type\":\"Organization\",\"@id\":\"https:\\\/\\\/candas365.es\\\/noticias\\\/#organization\",\"name\":\"Cand\\u00e1s 365\",\"description\":\"Cand\\u00e1s 365 es un diario digital independiente, fundado en 2012, con base en Asturias. Informamos con rigor sobre actualidad, sociedad, cultura y ocio, con una mirada local y global.\",\"url\":\"https:\\\/\\\/candas365.es\\\/noticias\\\/\",\"email\":\"info@candas365.es\",\"telephone\":\"+34652131393\",\"foundingDate\":\"2012-06-10\",\"logo\":{\"@type\":\"ImageObject\",\"url\":\"https:\\\/\\\/candas365.es\\\/noticias\\\/wp-content\\\/uploads\\\/2024\\\/09\\\/Candas-365-Redes.jpg\",\"@id\":\"https:\\\/\\\/candas365.es\\\/noticias\\\/carreno-recicla-cerca-de-50-000-prendas-de-ropa\\\/#organizationLogo\",\"width\":1152,\"height\":864,\"caption\":\"Cand\\u00e1s 365 Redes\"},\"image\":{\"@id\":\"https:\\\/\\\/candas365.es\\\/noticias\\\/carreno-recicla-cerca-de-50-000-prendas-de-ropa\\\/#organizationLogo\"},\"sameAs\":[\"https:\\\/\\\/www.facebook.com\\\/Nachofdezber\",\"https:\\\/\\\/x.com\\\/NabercoDigital\",\"https:\\\/\\\/www.instagram.com\\\/nachofdezber\\\/\",\"https:\\\/\\\/www.youtube.com\\\/channel\\\/UCZP-2wLEB9Rv6erhFmqVnvg\"],\"address\":{\"@id\":\"https:\\\/\\\/candas365.es\\\/noticias\\\/#postaladdress\",\"@type\":\"PostalAddress\",\"streetAddress\":\"san antonio 4, san antonio 4\",\"postalCode\":\"33430\",\"addressLocality\":\"Cand\\u00e1s\",\"addressRegion\":\"Asturias\",\"addressCountry\":\"ES\"}},{\"@type\":\"Person\",\"@id\":\"https:\\\/\\\/candas365.es\\\/noticias\\\/author\\\/admin\\\/#author\",\"url\":\"https:\\\/\\\/candas365.es\\\/noticias\\\/author\\\/admin\\\/\",\"name\":\"Cand\\u00e1s 365\",\"image\":{\"@type\":\"ImageObject\",\"@id\":\"https:\\\/\\\/candas365.es\\\/noticias\\\/carreno-recicla-cerca-de-50-000-prendas-de-ropa\\\/#authorImage\",\"url\":\"https:\\\/\\\/secure.gravatar.com\\\/avatar\\\/496a8e03d0c493ede1718b7934145dbdf8d89be1036b0eec9544e1094c9de390?s=96&d=mm&r=g\",\"width\":96,\"height\":96,\"caption\":\"Cand\\u00e1s 365\"},\"sameAs\":[\"https:\\\/\\\/www.facebook.com\\\/carrenoactualidad\",\"https:\\\/\\\/twitter.com\\\/nbasturias\",\"https:\\\/\\\/www.instagram.com\\\/nachofdezber\\\/\",\"https:\\\/\\\/www.youtube.com\\\/channel\\\/UCZP-2wLEB9Rv6erhFmqVnvg\"]},{\"@type\":\"WebPage\",\"@id\":\"https:\\\/\\\/candas365.es\\\/noticias\\\/carreno-recicla-cerca-de-50-000-prendas-de-ropa\\\/#webpage\",\"url\":\"https:\\\/\\\/candas365.es\\\/noticias\\\/carreno-recicla-cerca-de-50-000-prendas-de-ropa\\\/\",\"name\":\"Carre\\u00f1o recicla cerca de 50.000 prendas de ropa | Cand\\u00e1s 365\",\"description\":\"En el 2018 se han recuperado 24.147 kg de textil usado en Carre\\u00f1o, un aumento del 2,74 % respecto al a\\u00f1o anterior (23.504 kg) a trav\\u00e9s de los contendores que la Fundaci\\u00f3n Humana tiene ubicados en varios puntos del Concejo. Estas donaciones equivalen a 49.900 prendas que tienen una segunda vida gracias a la reutilizaci\\u00f3n\",\"inLanguage\":\"es-ES\",\"isPartOf\":{\"@id\":\"https:\\\/\\\/candas365.es\\\/noticias\\\/#website\"},\"breadcrumb\":{\"@id\":\"https:\\\/\\\/candas365.es\\\/noticias\\\/carreno-recicla-cerca-de-50-000-prendas-de-ropa\\\/#breadcrumblist\"},\"author\":{\"@id\":\"https:\\\/\\\/candas365.es\\\/noticias\\\/author\\\/admin\\\/#author\"},\"creator\":{\"@id\":\"https:\\\/\\\/candas365.es\\\/noticias\\\/author\\\/admin\\\/#author\"},\"image\":{\"@type\":\"ImageObject\",\"url\":\"https:\\\/\\\/candas365.es\\\/noticias\\\/wp-content\\\/uploads\\\/2019\\\/01\\\/clothespins-3687611_960_720.jpg\",\"@id\":\"https:\\\/\\\/candas365.es\\\/noticias\\\/carreno-recicla-cerca-de-50-000-prendas-de-ropa\\\/#mainImage\",\"width\":960,\"height\":639},\"primaryImageOfPage\":{\"@id\":\"https:\\\/\\\/candas365.es\\\/noticias\\\/carreno-recicla-cerca-de-50-000-prendas-de-ropa\\\/#mainImage\"},\"datePublished\":\"2019-01-23T11:14:27+01:00\",\"dateModified\":\"2019-01-23T11:14:27+01:00\"},{\"@type\":\"WebSite\",\"@id\":\"https:\\\/\\\/candas365.es\\\/noticias\\\/#website\",\"url\":\"https:\\\/\\\/candas365.es\\\/noticias\\\/\",\"name\":\"Cand\\u00e1s 365\",\"alternateName\":\"Cand\\u00e1s 365 Noticias\",\"description\":\"Actualidad desde Carre\\u00f1o para el mundo\",\"inLanguage\":\"es-ES\",\"publisher\":{\"@id\":\"https:\\\/\\\/candas365.es\\\/noticias\\\/#organization\"}}]}\n\t\t<\/script>\n\t\t<!-- All in One SEO Pro -->\r\n\t\t<title>Carre\u00f1o recicla cerca de 50.000 prendas de ropa | Cand\u00e1s 365<\/title>\n\n","aioseo_head_json":{"title":"Carre\u00f1o recicla cerca de 50.000 prendas de ropa | Cand\u00e1s 365","description":"En el 2018 se han recuperado 24.147 kg de textil usado en Carre\u00f1o, un aumento del 2,74 % respecto al a\u00f1o anterior (23.504 kg) a trav\u00e9s de los contendores que la Fundaci\u00f3n Humana tiene ubicados en varios puntos del Concejo. Estas donaciones equivalen a 49.900 prendas que tienen una segunda vida gracias a la reutilizaci\u00f3n","canonical_url":"https:\/\/candas365.es\/noticias\/carreno-recicla-cerca-de-50-000-prendas-de-ropa\/","robots":"max-image-preview:large","keywords":"noticias carre\u00f1o","webmasterTools":{"google-site-verification":"UA-32230408-1","msvalidate.01":"354F3CDFB2DA171B47FBE9ABF1F88D5","miscellaneous":""},"schema":{"@context":"https:\/\/schema.org","@graph":[{"@type":"BreadcrumbList","@id":"https:\/\/candas365.es\/noticias\/carreno-recicla-cerca-de-50-000-prendas-de-ropa\/#breadcrumblist","itemListElement":[{"@type":"ListItem","@id":"https:\/\/candas365.es\/noticias#listItem","position":1,"name":"Home","item":"https:\/\/candas365.es\/noticias","nextItem":{"@type":"ListItem","@id":"https:\/\/candas365.es\/noticias\/category\/noticias-carreno\/#listItem","name":"Noticias Carre\u00f1o"}},{"@type":"ListItem","@id":"https:\/\/candas365.es\/noticias\/category\/noticias-carreno\/#listItem","position":2,"name":"Noticias Carre\u00f1o","item":"https:\/\/candas365.es\/noticias\/category\/noticias-carreno\/","nextItem":{"@type":"ListItem","@id":"https:\/\/candas365.es\/noticias\/carreno-recicla-cerca-de-50-000-prendas-de-ropa\/#listItem","name":"Carre\u00f1o recicla cerca de 50.000 prendas de ropa"},"previousItem":{"@type":"ListItem","@id":"https:\/\/candas365.es\/noticias#listItem","name":"Home"}},{"@type":"ListItem","@id":"https:\/\/candas365.es\/noticias\/carreno-recicla-cerca-de-50-000-prendas-de-ropa\/#listItem","position":3,"name":"Carre\u00f1o recicla cerca de 50.000 prendas de ropa","previousItem":{"@type":"ListItem","@id":"https:\/\/candas365.es\/noticias\/category\/noticias-carreno\/#listItem","name":"Noticias Carre\u00f1o"}}]},{"@type":"NewsArticle","@id":"https:\/\/candas365.es\/noticias\/carreno-recicla-cerca-de-50-000-prendas-de-ropa\/#newsarticle","name":"Carre\u00f1o recicla cerca de 50.000 prendas de ropa | Cand\u00e1s 365","headline":"Carre\u00f1o recicla cerca de 50.000 prendas de ropa","author":{"@id":"https:\/\/candas365.es\/noticias\/author\/admin\/#author"},"publisher":{"@id":"https:\/\/candas365.es\/noticias\/#organization"},"image":{"@type":"ImageObject","url":"https:\/\/candas365.es\/noticias\/wp-content\/uploads\/2019\/01\/clothespins-3687611_960_720.jpg","width":960,"height":639},"datePublished":"2019-01-23T11:14:27+01:00","dateModified":"2019-01-23T11:14:27+01:00","inLanguage":"es-ES","mainEntityOfPage":{"@id":"https:\/\/candas365.es\/noticias\/carreno-recicla-cerca-de-50-000-prendas-de-ropa\/#webpage"},"isPartOf":{"@id":"https:\/\/candas365.es\/noticias\/carreno-recicla-cerca-de-50-000-prendas-de-ropa\/#webpage"},"articleSection":"Noticias Carre\u00f1o","dateline":"Publicado el enero 23, 2019."},{"@type":"Organization","@id":"https:\/\/candas365.es\/noticias\/#organization","name":"Cand\u00e1s 365","description":"Cand\u00e1s 365 es un diario digital independiente, fundado en 2012, con base en Asturias. Informamos con rigor sobre actualidad, sociedad, cultura y ocio, con una mirada local y global.","url":"https:\/\/candas365.es\/noticias\/","email":"info@candas365.es","telephone":"+34652131393","foundingDate":"2012-06-10","logo":{"@type":"ImageObject","url":"https:\/\/candas365.es\/noticias\/wp-content\/uploads\/2024\/09\/Candas-365-Redes.jpg","@id":"https:\/\/candas365.es\/noticias\/carreno-recicla-cerca-de-50-000-prendas-de-ropa\/#organizationLogo","width":1152,"height":864,"caption":"Cand\u00e1s 365 Redes"},"image":{"@id":"https:\/\/candas365.es\/noticias\/carreno-recicla-cerca-de-50-000-prendas-de-ropa\/#organizationLogo"},"sameAs":["https:\/\/www.facebook.com\/Nachofdezber","https:\/\/x.com\/NabercoDigital","https:\/\/www.instagram.com\/nachofdezber\/","https:\/\/www.youtube.com\/channel\/UCZP-2wLEB9Rv6erhFmqVnvg"],"address":{"@id":"https:\/\/candas365.es\/noticias\/#postaladdress","@type":"PostalAddress","streetAddress":"san antonio 4, san antonio 4","postalCode":"33430","addressLocality":"Cand\u00e1s","addressRegion":"Asturias","addressCountry":"ES"}},{"@type":"Person","@id":"https:\/\/candas365.es\/noticias\/author\/admin\/#author","url":"https:\/\/candas365.es\/noticias\/author\/admin\/","name":"Cand\u00e1s 365","image":{"@type":"ImageObject","@id":"https:\/\/candas365.es\/noticias\/carreno-recicla-cerca-de-50-000-prendas-de-ropa\/#authorImage","url":"https:\/\/secure.gravatar.com\/avatar\/496a8e03d0c493ede1718b7934145dbdf8d89be1036b0eec9544e1094c9de390?s=96&d=mm&r=g","width":96,"height":96,"caption":"Cand\u00e1s 365"},"sameAs":["https:\/\/www.facebook.com\/carrenoactualidad","https:\/\/twitter.com\/nbasturias","https:\/\/www.instagram.com\/nachofdezber\/","https:\/\/www.youtube.com\/channel\/UCZP-2wLEB9Rv6erhFmqVnvg"]},{"@type":"WebPage","@id":"https:\/\/candas365.es\/noticias\/carreno-recicla-cerca-de-50-000-prendas-de-ropa\/#webpage","url":"https:\/\/candas365.es\/noticias\/carreno-recicla-cerca-de-50-000-prendas-de-ropa\/","name":"Carre\u00f1o recicla cerca de 50.000 prendas de ropa | Cand\u00e1s 365","description":"En el 2018 se han recuperado 24.147 kg de textil usado en Carre\u00f1o, un aumento del 2,74 % respecto al a\u00f1o anterior (23.504 kg) a trav\u00e9s de los contendores que la Fundaci\u00f3n Humana tiene ubicados en varios puntos del Concejo. Estas donaciones equivalen a 49.900 prendas que tienen una segunda vida gracias a la reutilizaci\u00f3n","inLanguage":"es-ES","isPartOf":{"@id":"https:\/\/candas365.es\/noticias\/#website"},"breadcrumb":{"@id":"https:\/\/candas365.es\/noticias\/carreno-recicla-cerca-de-50-000-prendas-de-ropa\/#breadcrumblist"},"author":{"@id":"https:\/\/candas365.es\/noticias\/author\/admin\/#author"},"creator":{"@id":"https:\/\/candas365.es\/noticias\/author\/admin\/#author"},"image":{"@type":"ImageObject","url":"https:\/\/candas365.es\/noticias\/wp-content\/uploads\/2019\/01\/clothespins-3687611_960_720.jpg","@id":"https:\/\/candas365.es\/noticias\/carreno-recicla-cerca-de-50-000-prendas-de-ropa\/#mainImage","width":960,"height":639},"primaryImageOfPage":{"@id":"https:\/\/candas365.es\/noticias\/carreno-recicla-cerca-de-50-000-prendas-de-ropa\/#mainImage"},"datePublished":"2019-01-23T11:14:27+01:00","dateModified":"2019-01-23T11:14:27+01:00"},{"@type":"WebSite","@id":"https:\/\/candas365.es\/noticias\/#website","url":"https:\/\/candas365.es\/noticias\/","name":"Cand\u00e1s 365","alternateName":"Cand\u00e1s 365 Noticias","description":"Actualidad desde Carre\u00f1o para el mundo","inLanguage":"es-ES","publisher":{"@id":"https:\/\/candas365.es\/noticias\/#organization"}}]},"og:locale":"es_ES","og:site_name":"Cand\u00e1s 365","og:type":"article","og:title":"Carre\u00f1o recicla cerca de 50.000 prendas de ropa | Cand\u00e1s 365","og:description":"En el 2018 se han recuperado 24.147 kg de textil usado en Carre\u00f1o, un aumento del 2,74 % respecto al a\u00f1o anterior (23.504 kg) a trav\u00e9s de los contendores que la Fundaci\u00f3n Humana tiene ubicados en varios puntos del Concejo. Estas donaciones equivalen a 49.900 prendas que tienen una segunda vida gracias a la reutilizaci\u00f3n","og:url":"https:\/\/candas365.es\/noticias\/carreno-recicla-cerca-de-50-000-prendas-de-ropa\/","og:image":"https:\/\/candas365.es\/noticias\/wp-content\/uploads\/2019\/01\/clothespins-3687611_960_720.jpg","og:image:secure_url":"https:\/\/candas365.es\/noticias\/wp-content\/uploads\/2019\/01\/clothespins-3687611_960_720.jpg","og:image:width":960,"og:image:height":639,"article:published_time":"2019-01-23T11:14:27+00:00","article:modified_time":"2019-01-23T11:14:27+00:00","article:publisher":"https:\/\/www.facebook.com\/Nachofdezber","article:author":"https:\/\/www.facebook.com\/carrenoactualidad","twitter:card":"summary_large_image","twitter:site":"@NabercoDigital","twitter:title":"Carre\u00f1o recicla cerca de 50.000 prendas de ropa | Cand\u00e1s 365","twitter:description":"En el 2018 se han recuperado 24.147 kg de textil usado en Carre\u00f1o, un aumento del 2,74 % respecto al a\u00f1o anterior (23.504 kg) a trav\u00e9s de los contendores que la Fundaci\u00f3n Humana tiene ubicados en varios puntos del Concejo. Estas donaciones equivalen a 49.900 prendas que tienen una segunda vida gracias a la reutilizaci\u00f3n","twitter:creator":"@nbasturias","twitter:image":"https:\/\/candas365.es\/noticias\/wp-content\/uploads\/2019\/01\/clothespins-3687611_960_720.jpg","twitter:label1":"Escrito por","twitter:data1":"Cand\u00e1s 365","twitter:label2":"Tiempo de lectura estimado","twitter:data2":"5 minutos"},"aioseo_meta_data":{"post_id":"114872","title":null,"description":null,"keywords":null,"keyphrases":null,"primary_term":null,"canonical_url":null,"og_title":null,"og_description":null,"og_object_type":"default","og_image_type":"default","og_image_url":null,"og_image_width":null,"og_image_height":null,"og_image_custom_url":null,"og_image_custom_fields":null,"og_video":null,"og_custom_url":null,"og_article_section":null,"og_article_tags":null,"twitter_use_og":false,"twitter_card":"default","twitter_image_type":"default","twitter_image_url":null,"twitter_image_custom_url":null,"twitter_image_custom_fields":null,"twitter_title":null,"twitter_description":null,"schema":{"blockGraphs":[],"customGraphs":[],"default":{"data":{"Article":[],"Course":[],"Dataset":[],"FAQPage":[],"Movie":[],"Person":[],"Product":[],"ProductReview":[],"Car":[],"Recipe":[],"Service":[],"SoftwareApplication":[],"WebPage":[]},"graphName":"","isEnabled":true},"graphs":[]},"schema_type":null,"schema_type_options":null,"pillar_content":false,"robots_default":true,"robots_noindex":false,"robots_noarchive":false,"robots_nosnippet":false,"robots_nofollow":false,"robots_noimageindex":false,"robots_noodp":false,"robots_notranslate":false,"robots_max_snippet":null,"robots_max_videopreview":null,"robots_max_imagepreview":"large","priority":null,"frequency":null,"location":null,"local_seo":null,"seo_analyzer_scan_date":"2025-08-29 02:31:29","breadcrumb_settings":null,"limit_modified_date":false,"reviewed_by":null,"open_ai":null,"ai":null,"created":"2020-12-21 11:20:55","updated":"2025-08-29 02:31:29"},"aioseo_breadcrumb":"<div class=\"aioseo-breadcrumbs\"><span class=\"aioseo-breadcrumb\">\n\t<a href=\"https:\/\/candas365.es\/noticias\" title=\"Home\">Home<\/a>\n<\/span><span class=\"aioseo-breadcrumb-separator\">&ndash;<\/span><span class=\"aioseo-breadcrumb\">\n\t<a href=\"https:\/\/candas365.es\/noticias\/category\/noticias-carreno\/\" title=\"Noticias Carre\u00f1o\">Noticias Carre\u00f1o<\/a>\n<\/span><span class=\"aioseo-breadcrumb-separator\">&ndash;<\/span><span class=\"aioseo-breadcrumb\">\n\tCarre\u00f1o recicla cerca de 50.000 prendas de ropa\n<\/span><\/div>","aioseo_breadcrumb_json":[{"label":"Home","link":"https:\/\/candas365.es\/noticias"},{"label":"Noticias Carre\u00f1o","link":"https:\/\/candas365.es\/noticias\/category\/noticias-carreno\/"},{"label":"Carre\u00f1o recicla cerca de 50.000 prendas de ropa","link":"https:\/\/candas365.es\/noticias\/carreno-recicla-cerca-de-50-000-prendas-de-ropa\/"}],"_links":{"self":[{"href":"https:\/\/candas365.es\/noticias\/wp-json\/wp\/v2\/posts\/114872","targetHints":{"allow":["GET"]}}],"collection":[{"href":"https:\/\/candas365.es\/noticias\/wp-json\/wp\/v2\/posts"}],"about":[{"href":"https:\/\/candas365.es\/noticias\/wp-json\/wp\/v2\/types\/post"}],"author":[{"embeddable":true,"href":"https:\/\/candas365.es\/noticias\/wp-json\/wp\/v2\/users\/1"}],"replies":[{"embeddable":true,"href":"https:\/\/candas365.es\/noticias\/wp-json\/wp\/v2\/comments?post=114872"}],"version-history":[{"count":0,"href":"https:\/\/candas365.es\/noticias\/wp-json\/wp\/v2\/posts\/114872\/revisions"}],"wp:featuredmedia":[{"embeddable":true,"href":"https:\/\/candas365.es\/noticias\/wp-json\/wp\/v2\/media\/114873"}],"wp:attachment":[{"href":"https:\/\/candas365.es\/noticias\/wp-json\/wp\/v2\/media?parent=114872"}],"wp:term":[{"taxonomy":"category","embeddable":true,"href":"https:\/\/candas365.es\/noticias\/wp-json\/wp\/v2\/categories?post=114872"},{"taxonomy":"post_tag","embeddable":true,"href":"https:\/\/candas365.es\/noticias\/wp-json\/wp\/v2\/tags?post=114872"}],"curies":[{"name":"wp","href":"https:\/\/api.w.org\/{rel}","templated":true}]}}